{"id":77366,"date":"2016-06-02T06:43:21","date_gmt":"2016-06-02T04:43:21","guid":{"rendered":"http:\/\/eldigitaldeasturias.com\/magazine365\/?p=77366"},"modified":"2016-06-02T06:43:21","modified_gmt":"2016-06-02T04:43:21","slug":"valencia-mejora-su-posicion-como-destino-de-reuniones-a-nivel-europeo-e-internacional-segun-el-ranking-de-icca","status":"publish","type":"post","link":"https:\/\/eldigitaldeasturias.com\/magazine365\/valencia-mejora-su-posicion-como-destino-de-reuniones-a-nivel-europeo-e-internacional-segun-el-ranking-de-icca\/","title":{"rendered":"Valencia mejora su posici\u00f3n como destino de reuniones a nivel europeo e internacional, seg\u00fan el ranking de ICCA"},"content":{"rendered":"<p><img fetchpriority=\"high\" decoding=\"async\" class=\"alignleft size-medium wp-image-77367\" src=\"https:\/\/eldigitaldeasturias.com\/magazine365\/wp-content\/uploads\/2016\/06\/fotonoticia_20160531183441_800-360x270.jpg\" alt=\"fotonoticia_20160531183441_800\" width=\"360\" height=\"270\" srcset=\"https:\/\/eldigitaldeasturias.com\/magazine365\/wp-content\/uploads\/2016\/06\/fotonoticia_20160531183441_800-360x270.jpg 360w, https:\/\/eldigitaldeasturias.com\/magazine365\/wp-content\/uploads\/2016\/06\/fotonoticia_20160531183441_800-650x488.jpg 650w, https:\/\/eldigitaldeasturias.com\/magazine365\/wp-content\/uploads\/2016\/06\/fotonoticia_20160531183441_800-768x576.jpg 768w, https:\/\/eldigitaldeasturias.com\/magazine365\/wp-content\/uploads\/2016\/06\/fotonoticia_20160531183441_800-150x113.jpg 150w, https:\/\/eldigitaldeasturias.com\/magazine365\/wp-content\/uploads\/2016\/06\/fotonoticia_20160531183441_800-450x338.jpg 450w, https:\/\/eldigitaldeasturias.com\/magazine365\/wp-content\/uploads\/2016\/06\/fotonoticia_20160531183441_800-90x67.jpg 90w, https:\/\/eldigitaldeasturias.com\/magazine365\/wp-content\/uploads\/2016\/06\/fotonoticia_20160531183441_800-164x124.jpg 164w, https:\/\/eldigitaldeasturias.com\/magazine365\/wp-content\/uploads\/2016\/06\/fotonoticia_20160531183441_800-100x75.jpg 100w, https:\/\/eldigitaldeasturias.com\/magazine365\/wp-content\/uploads\/2016\/06\/fotonoticia_20160531183441_800.jpg 800w\" sizes=\"(max-width: 360px) 100vw, 360px\" \/>La ciudad de Valencia, con 35 congresos contabilizados en 2015, ha mejorado su posici\u00f3n como destino de reuniones, ya que ha subido cinco puestos respecto al a\u00f1o anterior en el ranking europeo y seis en el internacional. Sin contar las capitales de naci\u00f3n, Valencia ocupa el puesto n\u00famero 14 dentro del viejo continente y el 32 a nivel mundial, seg\u00fan la lista elaborada mediante los datos estad\u00edsticos de la Asociaci\u00f3n Internacional de Congresos y Convenciones (ICCA).<\/p>\n<p>Seg\u00fan ha explicado Turismo Valencia a trav\u00e9s de un comunicado, la ciudad se ha situado en el puesto 39 a nivel europeo y en el 76 en el ranking internacional. El director gerente de la Fundaci\u00f3n Turismo Valencia, Antoni Bernab\u00e9, ha indicado respecto al n\u00famero de delegados, que se contabilizaron cerca de 18.000 asistentes, una cifra que supera la media de los \u00faltimos nueve a\u00f1os y es la m\u00e1s alta de los \u00faltimos cinco ejercicios.<\/p>\n<p>\u00abCon este crecimiento, la ciudad se sit\u00faa al mismo nivel que Lyon, Canc\u00fan o Abu Dhabi y supera a Gotemburgo, Luxemburgo, Manchester o San Petersburgo\u00bb, ha apostillado.<\/p>\n<p>Las principales sedes por n\u00famero de eventos fueron los recintos universitarios, con 12 reuniones; los hoteles, con ocho y el Palacio de Congresos, con seis. Por n\u00famero de delegados, fue el Palacio de Congresos el recinto m\u00e1s numeroso, al acoger a m\u00e1s de 6.600, seguido por Feria Valencia, con 5.500 asistentes.<\/p>\n<p>Las reuniones internacionales m\u00e1s destacadas fueron el European Conference on Optical Communications (ECOC), en Feria Valencia con 5.500 asistentes; EADV Spring Symposium, con 3.000 en el Palacio de Congresos y el Congress of the International Headache Society (IHS) y el Congress of the International Association of Lawyers, ambos con 1.100 delegados, tambi\u00e9n en el Palacio de Congresos.<\/p>\n<p>Bernab\u00e9 ha destacado el trabajo realizado desde Turismo Valencia Convention Bureau para captar reuniones para la ciudad, que el pasado a\u00f1o gener\u00f3 152 candidaturas, 80 a congresos nacionales e internacionales, 50 a convenciones, 13 a presentaciones de producto y nueve a incentivos y estuvo presente en los principales cert\u00e1menes internacionales de reuniones, Meedex, IMEX e IBTM, para captar negocio futuro.<\/p>\n<p>Tambi\u00e9n estuvo en los &#8216;workshops&#8217; de destino organizados por ICCA, que permitieron promocionar Valencia entre las principales sociedades internacionales. Gracias a esta labor se confirmaron para pr\u00f3ximos a\u00f1os 43 candidaturas, que suponen alrededor de 28.000 delegados, han se\u00f1alado en el comunicado.<\/p>\n","protected":false},"excerpt":{"rendered":"<p>La ciudad de Valencia, con 35 congresos contabilizados en 2015, ha mejorado su posici\u00f3n como destino de reuniones, ya que ha subido cinco puestos respecto al a\u00f1o anterior en el ranking europeo y seis en el internacional. Sin contar las capitales de naci\u00f3n, Valencia ocupa el puesto n\u00famero 14 dentro del viejo continente y el<\/p>\n","protected":false},"author":1,"featured_media":77367,"comment_status":"open","ping_status":"closed","sticky":false,"template":"","format":"standard","meta":{"footnotes":""},"categories":[224],"tags":[],"class_list":{"0":"post-77366","1":"post","2":"type-post","3":"status-publish","4":"format-standard","5":"has-post-thumbnail","7":"category-noticias-actualidad"},"aioseo_notices":[],"aioseo_head":"\n\t\t<!-- All in One SEO Pro 4.9.6.1 - aioseo.com -->\n\t<meta name=\"description\" content=\"La ciudad de Valencia, con 35 congresos contabilizados en 2015, ha mejorado su posici\u00f3n como destino de reuniones, ya que ha subido cinco puestos respecto al a\u00f1o anterior en el ranking europeo y seis en el internacional. Sin contar las capitales de naci\u00f3n, Valencia ocupa el puesto n\u00famero 14 dentro del viejo continente y el\" \/>\n\t<meta name=\"robots\" content=\"max-image-preview:large\" \/>\n\t<meta name=\"author\" content=\"admin\"\/>\n\t<meta name=\"google-site-verification\" content=\"UA-38556648-1\" \/>\n\t<meta name=\"keywords\" content=\"noticias y actualidad\" \/>\n\t<link rel=\"canonical\" href=\"https:\/\/eldigitaldeasturias.com\/magazine365\/valencia-mejora-su-posicion-como-destino-de-reuniones-a-nivel-europeo-e-internacional-segun-el-ranking-de-icca\/\" \/>\n\t<meta name=\"generator\" content=\"All in One SEO Pro (AIOSEO) 4.9.6.1\" \/>\n\t\t<meta property=\"og:locale\" content=\"es_ES\" \/>\n\t\t<meta property=\"og:site_name\" content=\"El Digital de Asturias \u2013 Revista de ocio, turismo y estilo de vida\" \/>\n\t\t<meta property=\"og:type\" content=\"article\" \/>\n\t\t<meta property=\"og:title\" content=\"Valencia mejora su posici\u00f3n como destino de reuniones a nivel europeo e internacional, seg\u00fan el ranking de ICCA | El Digital de Asturias\" \/>\n\t\t<meta property=\"og:description\" content=\"La ciudad de Valencia, con 35 congresos contabilizados en 2015, ha mejorado su posici\u00f3n como destino de reuniones, ya que ha subido cinco puestos respecto al a\u00f1o anterior en el ranking europeo y seis en el internacional. Sin contar las capitales de naci\u00f3n, Valencia ocupa el puesto n\u00famero 14 dentro del viejo continente y el\" \/>\n\t\t<meta property=\"og:url\" content=\"https:\/\/eldigitaldeasturias.com\/magazine365\/valencia-mejora-su-posicion-como-destino-de-reuniones-a-nivel-europeo-e-internacional-segun-el-ranking-de-icca\/\" \/>\n\t\t<meta property=\"og:image\" content=\"https:\/\/eldigitaldeasturias.com\/magazine365\/wp-content\/uploads\/2016\/06\/fotonoticia_20160531183441_800.jpg\" \/>\n\t\t<meta property=\"og:image:secure_url\" content=\"https:\/\/eldigitaldeasturias.com\/magazine365\/wp-content\/uploads\/2016\/06\/fotonoticia_20160531183441_800.jpg\" \/>\n\t\t<meta property=\"og:image:width\" content=\"800\" \/>\n\t\t<meta property=\"og:image:height\" content=\"600\" \/>\n\t\t<meta property=\"article:published_time\" content=\"2016-06-02T04:43:21+00:00\" \/>\n\t\t<meta property=\"article:modified_time\" content=\"2016-06-02T04:43:21+00:00\" \/>\n\t\t<meta name=\"twitter:card\" content=\"summary_large_image\" \/>\n\t\t<meta name=\"twitter:title\" content=\"Valencia mejora su posici\u00f3n como destino de reuniones a nivel europeo e internacional, seg\u00fan el ranking de ICCA | El Digital de Asturias\" \/>\n\t\t<meta name=\"twitter:description\" content=\"La ciudad de Valencia, con 35 congresos contabilizados en 2015, ha mejorado su posici\u00f3n como destino de reuniones, ya que ha subido cinco puestos respecto al a\u00f1o anterior en el ranking europeo y seis en el internacional. Sin contar las capitales de naci\u00f3n, Valencia ocupa el puesto n\u00famero 14 dentro del viejo continente y el\" \/>\n\t\t<meta name=\"twitter:image\" content=\"https:\/\/eldigitaldeasturias.com\/magazine365\/wp-content\/uploads\/2016\/06\/fotonoticia_20160531183441_800.jpg\" \/>\n\t\t<script type=\"application\/ld+json\" class=\"aioseo-schema\">\n\t\t\t{\"@context\":\"https:\\\/\\\/schema.org\",\"@graph\":[{\"@type\":\"Article\",\"@id\":\"https:\\\/\\\/eldigitaldeasturias.com\\\/magazine365\\\/valencia-mejora-su-posicion-como-destino-de-reuniones-a-nivel-europeo-e-internacional-segun-el-ranking-de-icca\\\/#article\",\"name\":\"Valencia mejora su posici\\u00f3n como destino de reuniones a nivel europeo e internacional, seg\\u00fan el ranking de ICCA | El Digital de Asturias\",\"headline\":\"Valencia mejora su posici\\u00f3n como destino de reuniones a nivel europeo e internacional, seg\\u00fan el ranking de ICCA\",\"author\":{\"@id\":\"https:\\\/\\\/eldigitaldeasturias.com\\\/magazine365\\\/author\\\/admin\\\/#author\"},\"publisher\":{\"@id\":\"https:\\\/\\\/eldigitaldeasturias.com\\\/magazine365\\\/#organization\"},\"image\":{\"@type\":\"ImageObject\",\"url\":\"https:\\\/\\\/eldigitaldeasturias.com\\\/magazine365\\\/wp-content\\\/uploads\\\/2016\\\/06\\\/fotonoticia_20160531183441_800.jpg\",\"width\":800,\"height\":600},\"datePublished\":\"2016-06-02T06:43:21+02:00\",\"dateModified\":\"2016-06-02T06:43:21+02:00\",\"inLanguage\":\"es-ES\",\"mainEntityOfPage\":{\"@id\":\"https:\\\/\\\/eldigitaldeasturias.com\\\/magazine365\\\/valencia-mejora-su-posicion-como-destino-de-reuniones-a-nivel-europeo-e-internacional-segun-el-ranking-de-icca\\\/#webpage\"},\"isPartOf\":{\"@id\":\"https:\\\/\\\/eldigitaldeasturias.com\\\/magazine365\\\/valencia-mejora-su-posicion-como-destino-de-reuniones-a-nivel-europeo-e-internacional-segun-el-ranking-de-icca\\\/#webpage\"},\"articleSection\":\"Noticias y Actualidad\"},{\"@type\":\"BreadcrumbList\",\"@id\":\"https:\\\/\\\/eldigitaldeasturias.com\\\/magazine365\\\/valencia-mejora-su-posicion-como-destino-de-reuniones-a-nivel-europeo-e-internacional-segun-el-ranking-de-icca\\\/#breadcrumblist\",\"itemListElement\":[{\"@type\":\"ListItem\",\"@id\":\"https:\\\/\\\/eldigitaldeasturias.com\\\/magazine365#listItem\",\"position\":1,\"name\":\"Home\",\"item\":\"https:\\\/\\\/eldigitaldeasturias.com\\\/magazine365\",\"nextItem\":{\"@type\":\"ListItem\",\"@id\":\"https:\\\/\\\/eldigitaldeasturias.com\\\/magazine365\\\/category\\\/noticias-actualidad\\\/#listItem\",\"name\":\"Noticias y Actualidad\"}},{\"@type\":\"ListItem\",\"@id\":\"https:\\\/\\\/eldigitaldeasturias.com\\\/magazine365\\\/category\\\/noticias-actualidad\\\/#listItem\",\"position\":2,\"name\":\"Noticias y Actualidad\",\"item\":\"https:\\\/\\\/eldigitaldeasturias.com\\\/magazine365\\\/category\\\/noticias-actualidad\\\/\",\"nextItem\":{\"@type\":\"ListItem\",\"@id\":\"https:\\\/\\\/eldigitaldeasturias.com\\\/magazine365\\\/valencia-mejora-su-posicion-como-destino-de-reuniones-a-nivel-europeo-e-internacional-segun-el-ranking-de-icca\\\/#listItem\",\"name\":\"Valencia mejora su posici\\u00f3n como destino de reuniones a nivel europeo e internacional, seg\\u00fan el ranking de ICCA\"},\"previousItem\":{\"@type\":\"ListItem\",\"@id\":\"https:\\\/\\\/eldigitaldeasturias.com\\\/magazine365#listItem\",\"name\":\"Home\"}},{\"@type\":\"ListItem\",\"@id\":\"https:\\\/\\\/eldigitaldeasturias.com\\\/magazine365\\\/valencia-mejora-su-posicion-como-destino-de-reuniones-a-nivel-europeo-e-internacional-segun-el-ranking-de-icca\\\/#listItem\",\"position\":3,\"name\":\"Valencia mejora su posici\\u00f3n como destino de reuniones a nivel europeo e internacional, seg\\u00fan el ranking de ICCA\",\"previousItem\":{\"@type\":\"ListItem\",\"@id\":\"https:\\\/\\\/eldigitaldeasturias.com\\\/magazine365\\\/category\\\/noticias-actualidad\\\/#listItem\",\"name\":\"Noticias y Actualidad\"}}]},{\"@type\":\"Organization\",\"@id\":\"https:\\\/\\\/eldigitaldeasturias.com\\\/magazine365\\\/#organization\",\"name\":\"El digital de Asturias\",\"description\":\"Revista de ocio, turismo y estilo de vida\",\"url\":\"https:\\\/\\\/eldigitaldeasturias.com\\\/magazine365\\\/\",\"logo\":{\"@type\":\"ImageObject\",\"url\":\"https:\\\/\\\/www.eldigitaldeasturias.com\\\/noticias\\\/wp-content\\\/uploads\\\/2020\\\/12\\\/EDA.jpg\",\"@id\":\"https:\\\/\\\/eldigitaldeasturias.com\\\/magazine365\\\/valencia-mejora-su-posicion-como-destino-de-reuniones-a-nivel-europeo-e-internacional-segun-el-ranking-de-icca\\\/#organizationLogo\"},\"image\":{\"@id\":\"https:\\\/\\\/eldigitaldeasturias.com\\\/magazine365\\\/valencia-mejora-su-posicion-como-destino-de-reuniones-a-nivel-europeo-e-internacional-segun-el-ranking-de-icca\\\/#organizationLogo\"}},{\"@type\":\"Person\",\"@id\":\"https:\\\/\\\/eldigitaldeasturias.com\\\/magazine365\\\/author\\\/admin\\\/#author\",\"url\":\"https:\\\/\\\/eldigitaldeasturias.com\\\/magazine365\\\/author\\\/admin\\\/\",\"name\":\"admin\",\"image\":{\"@type\":\"ImageObject\",\"@id\":\"https:\\\/\\\/eldigitaldeasturias.com\\\/magazine365\\\/valencia-mejora-su-posicion-como-destino-de-reuniones-a-nivel-europeo-e-internacional-segun-el-ranking-de-icca\\\/#authorImage\",\"url\":\"https:\\\/\\\/eldigitaldeasturias.com\\\/magazine365\\\/wp-content\\\/litespeed\\\/avatar\\\/e571bcf59a0edd6fa6838245a470f2fe.jpg?ver=1776969259\",\"width\":96,\"height\":96,\"caption\":\"admin\"}},{\"@type\":\"WebPage\",\"@id\":\"https:\\\/\\\/eldigitaldeasturias.com\\\/magazine365\\\/valencia-mejora-su-posicion-como-destino-de-reuniones-a-nivel-europeo-e-internacional-segun-el-ranking-de-icca\\\/#webpage\",\"url\":\"https:\\\/\\\/eldigitaldeasturias.com\\\/magazine365\\\/valencia-mejora-su-posicion-como-destino-de-reuniones-a-nivel-europeo-e-internacional-segun-el-ranking-de-icca\\\/\",\"name\":\"Valencia mejora su posici\\u00f3n como destino de reuniones a nivel europeo e internacional, seg\\u00fan el ranking de ICCA | El Digital de Asturias\",\"description\":\"La ciudad de Valencia, con 35 congresos contabilizados en 2015, ha mejorado su posici\\u00f3n como destino de reuniones, ya que ha subido cinco puestos respecto al a\\u00f1o anterior en el ranking europeo y seis en el internacional. Sin contar las capitales de naci\\u00f3n, Valencia ocupa el puesto n\\u00famero 14 dentro del viejo continente y el\",\"inLanguage\":\"es-ES\",\"isPartOf\":{\"@id\":\"https:\\\/\\\/eldigitaldeasturias.com\\\/magazine365\\\/#website\"},\"breadcrumb\":{\"@id\":\"https:\\\/\\\/eldigitaldeasturias.com\\\/magazine365\\\/valencia-mejora-su-posicion-como-destino-de-reuniones-a-nivel-europeo-e-internacional-segun-el-ranking-de-icca\\\/#breadcrumblist\"},\"author\":{\"@id\":\"https:\\\/\\\/eldigitaldeasturias.com\\\/magazine365\\\/author\\\/admin\\\/#author\"},\"creator\":{\"@id\":\"https:\\\/\\\/eldigitaldeasturias.com\\\/magazine365\\\/author\\\/admin\\\/#author\"},\"image\":{\"@type\":\"ImageObject\",\"url\":\"https:\\\/\\\/eldigitaldeasturias.com\\\/magazine365\\\/wp-content\\\/uploads\\\/2016\\\/06\\\/fotonoticia_20160531183441_800.jpg\",\"@id\":\"https:\\\/\\\/eldigitaldeasturias.com\\\/magazine365\\\/valencia-mejora-su-posicion-como-destino-de-reuniones-a-nivel-europeo-e-internacional-segun-el-ranking-de-icca\\\/#mainImage\",\"width\":800,\"height\":600},\"primaryImageOfPage\":{\"@id\":\"https:\\\/\\\/eldigitaldeasturias.com\\\/magazine365\\\/valencia-mejora-su-posicion-como-destino-de-reuniones-a-nivel-europeo-e-internacional-segun-el-ranking-de-icca\\\/#mainImage\"},\"datePublished\":\"2016-06-02T06:43:21+02:00\",\"dateModified\":\"2016-06-02T06:43:21+02:00\"},{\"@type\":\"WebSite\",\"@id\":\"https:\\\/\\\/eldigitaldeasturias.com\\\/magazine365\\\/#website\",\"url\":\"https:\\\/\\\/eldigitaldeasturias.com\\\/magazine365\\\/\",\"name\":\"El Digital de Asturias\",\"description\":\"Revista de ocio, turismo y estilo de vida\",\"inLanguage\":\"es-ES\",\"publisher\":{\"@id\":\"https:\\\/\\\/eldigitaldeasturias.com\\\/magazine365\\\/#organization\"}}]}\n\t\t<\/script>\n\t\t<!-- All in One SEO Pro -->\r\n\t\t<title>Valencia mejora su posici\u00f3n como destino de reuniones a nivel europeo e internacional, seg\u00fan el ranking de ICCA | El Digital de Asturias<\/title>\n\n","aioseo_head_json":{"title":"Valencia mejora su posici\u00f3n como destino de reuniones a nivel europeo e internacional, seg\u00fan el ranking de ICCA | El Digital de Asturias","description":"La ciudad de Valencia, con 35 congresos contabilizados en 2015, ha mejorado su posici\u00f3n como destino de reuniones, ya que ha subido cinco puestos respecto al a\u00f1o anterior en el ranking europeo y seis en el internacional. Sin contar las capitales de naci\u00f3n, Valencia ocupa el puesto n\u00famero 14 dentro del viejo continente y el","canonical_url":"https:\/\/eldigitaldeasturias.com\/magazine365\/valencia-mejora-su-posicion-como-destino-de-reuniones-a-nivel-europeo-e-internacional-segun-el-ranking-de-icca\/","robots":"max-image-preview:large","keywords":"noticias y actualidad","webmasterTools":{"google-site-verification":"UA-38556648-1","miscellaneous":""},"schema":{"@context":"https:\/\/schema.org","@graph":[{"@type":"Article","@id":"https:\/\/eldigitaldeasturias.com\/magazine365\/valencia-mejora-su-posicion-como-destino-de-reuniones-a-nivel-europeo-e-internacional-segun-el-ranking-de-icca\/#article","name":"Valencia mejora su posici\u00f3n como destino de reuniones a nivel europeo e internacional, seg\u00fan el ranking de ICCA | El Digital de Asturias","headline":"Valencia mejora su posici\u00f3n como destino de reuniones a nivel europeo e internacional, seg\u00fan el ranking de ICCA","author":{"@id":"https:\/\/eldigitaldeasturias.com\/magazine365\/author\/admin\/#author"},"publisher":{"@id":"https:\/\/eldigitaldeasturias.com\/magazine365\/#organization"},"image":{"@type":"ImageObject","url":"https:\/\/eldigitaldeasturias.com\/magazine365\/wp-content\/uploads\/2016\/06\/fotonoticia_20160531183441_800.jpg","width":800,"height":600},"datePublished":"2016-06-02T06:43:21+02:00","dateModified":"2016-06-02T06:43:21+02:00","inLanguage":"es-ES","mainEntityOfPage":{"@id":"https:\/\/eldigitaldeasturias.com\/magazine365\/valencia-mejora-su-posicion-como-destino-de-reuniones-a-nivel-europeo-e-internacional-segun-el-ranking-de-icca\/#webpage"},"isPartOf":{"@id":"https:\/\/eldigitaldeasturias.com\/magazine365\/valencia-mejora-su-posicion-como-destino-de-reuniones-a-nivel-europeo-e-internacional-segun-el-ranking-de-icca\/#webpage"},"articleSection":"Noticias y Actualidad"},{"@type":"BreadcrumbList","@id":"https:\/\/eldigitaldeasturias.com\/magazine365\/valencia-mejora-su-posicion-como-destino-de-reuniones-a-nivel-europeo-e-internacional-segun-el-ranking-de-icca\/#breadcrumblist","itemListElement":[{"@type":"ListItem","@id":"https:\/\/eldigitaldeasturias.com\/magazine365#listItem","position":1,"name":"Home","item":"https:\/\/eldigitaldeasturias.com\/magazine365","nextItem":{"@type":"ListItem","@id":"https:\/\/eldigitaldeasturias.com\/magazine365\/category\/noticias-actualidad\/#listItem","name":"Noticias y Actualidad"}},{"@type":"ListItem","@id":"https:\/\/eldigitaldeasturias.com\/magazine365\/category\/noticias-actualidad\/#listItem","position":2,"name":"Noticias y Actualidad","item":"https:\/\/eldigitaldeasturias.com\/magazine365\/category\/noticias-actualidad\/","nextItem":{"@type":"ListItem","@id":"https:\/\/eldigitaldeasturias.com\/magazine365\/valencia-mejora-su-posicion-como-destino-de-reuniones-a-nivel-europeo-e-internacional-segun-el-ranking-de-icca\/#listItem","name":"Valencia mejora su posici\u00f3n como destino de reuniones a nivel europeo e internacional, seg\u00fan el ranking de ICCA"},"previousItem":{"@type":"ListItem","@id":"https:\/\/eldigitaldeasturias.com\/magazine365#listItem","name":"Home"}},{"@type":"ListItem","@id":"https:\/\/eldigitaldeasturias.com\/magazine365\/valencia-mejora-su-posicion-como-destino-de-reuniones-a-nivel-europeo-e-internacional-segun-el-ranking-de-icca\/#listItem","position":3,"name":"Valencia mejora su posici\u00f3n como destino de reuniones a nivel europeo e internacional, seg\u00fan el ranking de ICCA","previousItem":{"@type":"ListItem","@id":"https:\/\/eldigitaldeasturias.com\/magazine365\/category\/noticias-actualidad\/#listItem","name":"Noticias y Actualidad"}}]},{"@type":"Organization","@id":"https:\/\/eldigitaldeasturias.com\/magazine365\/#organization","name":"El digital de Asturias","description":"Revista de ocio, turismo y estilo de vida","url":"https:\/\/eldigitaldeasturias.com\/magazine365\/","logo":{"@type":"ImageObject","url":"https:\/\/www.eldigitaldeasturias.com\/noticias\/wp-content\/uploads\/2020\/12\/EDA.jpg","@id":"https:\/\/eldigitaldeasturias.com\/magazine365\/valencia-mejora-su-posicion-como-destino-de-reuniones-a-nivel-europeo-e-internacional-segun-el-ranking-de-icca\/#organizationLogo"},"image":{"@id":"https:\/\/eldigitaldeasturias.com\/magazine365\/valencia-mejora-su-posicion-como-destino-de-reuniones-a-nivel-europeo-e-internacional-segun-el-ranking-de-icca\/#organizationLogo"}},{"@type":"Person","@id":"https:\/\/eldigitaldeasturias.com\/magazine365\/author\/admin\/#author","url":"https:\/\/eldigitaldeasturias.com\/magazine365\/author\/admin\/","name":"admin","image":{"@type":"ImageObject","@id":"https:\/\/eldigitaldeasturias.com\/magazine365\/valencia-mejora-su-posicion-como-destino-de-reuniones-a-nivel-europeo-e-internacional-segun-el-ranking-de-icca\/#authorImage","url":"https:\/\/eldigitaldeasturias.com\/magazine365\/wp-content\/litespeed\/avatar\/e571bcf59a0edd6fa6838245a470f2fe.jpg?ver=1776969259","width":96,"height":96,"caption":"admin"}},{"@type":"WebPage","@id":"https:\/\/eldigitaldeasturias.com\/magazine365\/valencia-mejora-su-posicion-como-destino-de-reuniones-a-nivel-europeo-e-internacional-segun-el-ranking-de-icca\/#webpage","url":"https:\/\/eldigitaldeasturias.com\/magazine365\/valencia-mejora-su-posicion-como-destino-de-reuniones-a-nivel-europeo-e-internacional-segun-el-ranking-de-icca\/","name":"Valencia mejora su posici\u00f3n como destino de reuniones a nivel europeo e internacional, seg\u00fan el ranking de ICCA | El Digital de Asturias","description":"La ciudad de Valencia, con 35 congresos contabilizados en 2015, ha mejorado su posici\u00f3n como destino de reuniones, ya que ha subido cinco puestos respecto al a\u00f1o anterior en el ranking europeo y seis en el internacional. Sin contar las capitales de naci\u00f3n, Valencia ocupa el puesto n\u00famero 14 dentro del viejo continente y el","inLanguage":"es-ES","isPartOf":{"@id":"https:\/\/eldigitaldeasturias.com\/magazine365\/#website"},"breadcrumb":{"@id":"https:\/\/eldigitaldeasturias.com\/magazine365\/valencia-mejora-su-posicion-como-destino-de-reuniones-a-nivel-europeo-e-internacional-segun-el-ranking-de-icca\/#breadcrumblist"},"author":{"@id":"https:\/\/eldigitaldeasturias.com\/magazine365\/author\/admin\/#author"},"creator":{"@id":"https:\/\/eldigitaldeasturias.com\/magazine365\/author\/admin\/#author"},"image":{"@type":"ImageObject","url":"https:\/\/eldigitaldeasturias.com\/magazine365\/wp-content\/uploads\/2016\/06\/fotonoticia_20160531183441_800.jpg","@id":"https:\/\/eldigitaldeasturias.com\/magazine365\/valencia-mejora-su-posicion-como-destino-de-reuniones-a-nivel-europeo-e-internacional-segun-el-ranking-de-icca\/#mainImage","width":800,"height":600},"primaryImageOfPage":{"@id":"https:\/\/eldigitaldeasturias.com\/magazine365\/valencia-mejora-su-posicion-como-destino-de-reuniones-a-nivel-europeo-e-internacional-segun-el-ranking-de-icca\/#mainImage"},"datePublished":"2016-06-02T06:43:21+02:00","dateModified":"2016-06-02T06:43:21+02:00"},{"@type":"WebSite","@id":"https:\/\/eldigitaldeasturias.com\/magazine365\/#website","url":"https:\/\/eldigitaldeasturias.com\/magazine365\/","name":"El Digital de Asturias","description":"Revista de ocio, turismo y estilo de vida","inLanguage":"es-ES","publisher":{"@id":"https:\/\/eldigitaldeasturias.com\/magazine365\/#organization"}}]},"og:locale":"es_ES","og:site_name":"El Digital de Asturias \u2013 Revista de ocio, turismo y estilo de vida","og:type":"article","og:title":"Valencia mejora su posici\u00f3n como destino de reuniones a nivel europeo e internacional, seg\u00fan el ranking de ICCA | El Digital de Asturias","og:description":"La ciudad de Valencia, con 35 congresos contabilizados en 2015, ha mejorado su posici\u00f3n como destino de reuniones, ya que ha subido cinco puestos respecto al a\u00f1o anterior en el ranking europeo y seis en el internacional. Sin contar las capitales de naci\u00f3n, Valencia ocupa el puesto n\u00famero 14 dentro del viejo continente y el","og:url":"https:\/\/eldigitaldeasturias.com\/magazine365\/valencia-mejora-su-posicion-como-destino-de-reuniones-a-nivel-europeo-e-internacional-segun-el-ranking-de-icca\/","og:image":"https:\/\/eldigitaldeasturias.com\/magazine365\/wp-content\/uploads\/2016\/06\/fotonoticia_20160531183441_800.jpg","og:image:secure_url":"https:\/\/eldigitaldeasturias.com\/magazine365\/wp-content\/uploads\/2016\/06\/fotonoticia_20160531183441_800.jpg","og:image:width":800,"og:image:height":600,"article:published_time":"2016-06-02T04:43:21+00:00","article:modified_time":"2016-06-02T04:43:21+00:00","twitter:card":"summary_large_image","twitter:title":"Valencia mejora su posici\u00f3n como destino de reuniones a nivel europeo e internacional, seg\u00fan el ranking de ICCA | El Digital de Asturias","twitter:description":"La ciudad de Valencia, con 35 congresos contabilizados en 2015, ha mejorado su posici\u00f3n como destino de reuniones, ya que ha subido cinco puestos respecto al a\u00f1o anterior en el ranking europeo y seis en el internacional. Sin contar las capitales de naci\u00f3n, Valencia ocupa el puesto n\u00famero 14 dentro del viejo continente y el","twitter:image":"https:\/\/eldigitaldeasturias.com\/magazine365\/wp-content\/uploads\/2016\/06\/fotonoticia_20160531183441_800.jpg"},"aioseo_meta_data":{"post_id":"77366","title":null,"description":null,"keywords":null,"keyphrases":null,"primary_term":null,"canonical_url":null,"og_title":null,"og_description":null,"og_object_type":"default","og_image_type":"default","og_image_url":null,"og_image_width":null,"og_image_height":null,"og_image_custom_url":null,"og_image_custom_fields":null,"og_video":null,"og_custom_url":null,"og_article_section":null,"og_article_tags":null,"twitter_use_og":false,"twitter_card":"default","twitter_image_type":"default","twitter_image_url":null,"twitter_image_custom_url":null,"twitter_image_custom_fields":null,"twitter_title":null,"twitter_description":null,"schema":{"blockGraphs":[],"customGraphs":[],"default":{"data":{"Article":[],"Course":[],"Dataset":[],"FAQPage":[],"Movie":[],"Person":[],"Product":[],"ProductReview":[],"Car":[],"Recipe":[],"Service":[],"SoftwareApplication":[],"WebPage":[]},"graphName":"","isEnabled":true},"graphs":[]},"schema_type":null,"schema_type_options":null,"pillar_content":false,"robots_default":true,"robots_noindex":false,"robots_noarchive":false,"robots_nosnippet":false,"robots_nofollow":false,"robots_noimageindex":false,"robots_noodp":false,"robots_notranslate":false,"robots_max_snippet":null,"robots_max_videopreview":null,"robots_max_imagepreview":"large","priority":null,"frequency":null,"location":null,"local_seo":null,"seo_analyzer_scan_date":"2025-09-27 14:44:21","breadcrumb_settings":null,"limit_modified_date":false,"open_ai":null,"ai":null,"created":"2021-03-08 18:15:56","updated":"2025-09-27 14:44:21"},"aioseo_breadcrumb":"<div class=\"aioseo-breadcrumbs\"><span class=\"aioseo-breadcrumb\">\n\t<a href=\"https:\/\/eldigitaldeasturias.com\/magazine365\" title=\"Home\">Home<\/a>\n<\/span><span class=\"aioseo-breadcrumb-separator\">\u2013<\/span><span class=\"aioseo-breadcrumb\">\n\t<a href=\"https:\/\/eldigitaldeasturias.com\/magazine365\/category\/noticias-actualidad\/\" title=\"Noticias y Actualidad\">Noticias y Actualidad<\/a>\n<\/span><span class=\"aioseo-breadcrumb-separator\">\u2013<\/span><span class=\"aioseo-breadcrumb\">\n\t<a href=\"https:\/\/eldigitaldeasturias.com\/magazine365\/valencia-mejora-su-posicion-como-destino-de-reuniones-a-nivel-europeo-e-internacional-segun-el-ranking-de-icca\/\" title=\"Valencia mejora su posici\u00f3n como destino de reuniones a nivel europeo e internacional, seg\u00fan el ranking de ICCA\">Valencia mejora su posici\u00f3n como destino de reuniones a nivel europeo e internacional, seg\u00fan el ranking de ICCA<\/a>\n<\/span><\/div>","aioseo_breadcrumb_json":[{"label":"Home","link":"https:\/\/eldigitaldeasturias.com\/magazine365"},{"label":"Noticias y Actualidad","link":"https:\/\/eldigitaldeasturias.com\/magazine365\/category\/noticias-actualidad\/"},{"label":"Valencia mejora su posici\u00f3n como destino de reuniones a nivel europeo e internacional, seg\u00fan el ranking de ICCA","link":"https:\/\/eldigitaldeasturias.com\/magazine365\/valencia-mejora-su-posicion-como-destino-de-reuniones-a-nivel-europeo-e-internacional-segun-el-ranking-de-icca\/"}],"_links":{"self":[{"href":"https:\/\/eldigitaldeasturias.com\/magazine365\/wp-json\/wp\/v2\/posts\/77366","targetHints":{"allow":["GET"]}}],"collection":[{"href":"https:\/\/eldigitaldeasturias.com\/magazine365\/wp-json\/wp\/v2\/posts"}],"about":[{"href":"https:\/\/eldigitaldeasturias.com\/magazine365\/wp-json\/wp\/v2\/types\/post"}],"author":[{"embeddable":true,"href":"https:\/\/eldigitaldeasturias.com\/magazine365\/wp-json\/wp\/v2\/users\/1"}],"replies":[{"embeddable":true,"href":"https:\/\/eldigitaldeasturias.com\/magazine365\/wp-json\/wp\/v2\/comments?post=77366"}],"version-history":[{"count":0,"href":"https:\/\/eldigitaldeasturias.com\/magazine365\/wp-json\/wp\/v2\/posts\/77366\/revisions"}],"wp:featuredmedia":[{"embeddable":true,"href":"https:\/\/eldigitaldeasturias.com\/magazine365\/wp-json\/wp\/v2\/media\/77367"}],"wp:attachment":[{"href":"https:\/\/eldigitaldeasturias.com\/magazine365\/wp-json\/wp\/v2\/media?parent=77366"}],"wp:term":[{"taxonomy":"category","embeddable":true,"href":"https:\/\/eldigitaldeasturias.com\/magazine365\/wp-json\/wp\/v2\/categories?post=77366"},{"taxonomy":"post_tag","embeddable":true,"href":"https:\/\/eldigitaldeasturias.com\/magazine365\/wp-json\/wp\/v2\/tags?post=77366"}],"curies":[{"name":"wp","href":"https:\/\/api.w.org\/{rel}","templated":true}]}}