{"id":77363,"date":"2016-06-02T06:42:21","date_gmt":"2016-06-02T04:42:21","guid":{"rendered":"http:\/\/eldigitaldeasturias.com\/magazine365\/?p=77363"},"modified":"2016-06-02T06:42:21","modified_gmt":"2016-06-02T04:42:21","slug":"jose-luis-ascarza-reelegido-presidente-de-la-confederacion-empresarial-de-turismo-de-extremadura","status":"publish","type":"post","link":"https:\/\/eldigitaldeasturias.com\/magazine365\/jose-luis-ascarza-reelegido-presidente-de-la-confederacion-empresarial-de-turismo-de-extremadura\/","title":{"rendered":"Jos\u00e9 Luis Ascarza, reelegido presidente de la Confederaci\u00f3n Empresarial de Turismo de Extremadura"},"content":{"rendered":"<p><img fetchpriority=\"high\" decoding=\"async\" class=\"alignleft size-medium wp-image-77364\" src=\"https:\/\/eldigitaldeasturias.com\/magazine365\/wp-content\/uploads\/2016\/06\/fotonoticia_20160531182933_800-360x181.jpg\" alt=\"fotonoticia_20160531182933_800\" width=\"360\" height=\"181\" srcset=\"https:\/\/eldigitaldeasturias.com\/magazine365\/wp-content\/uploads\/2016\/06\/fotonoticia_20160531182933_800-360x181.jpg 360w, https:\/\/eldigitaldeasturias.com\/magazine365\/wp-content\/uploads\/2016\/06\/fotonoticia_20160531182933_800-650x327.jpg 650w, https:\/\/eldigitaldeasturias.com\/magazine365\/wp-content\/uploads\/2016\/06\/fotonoticia_20160531182933_800-768x387.jpg 768w, https:\/\/eldigitaldeasturias.com\/magazine365\/wp-content\/uploads\/2016\/06\/fotonoticia_20160531182933_800-150x76.jpg 150w, https:\/\/eldigitaldeasturias.com\/magazine365\/wp-content\/uploads\/2016\/06\/fotonoticia_20160531182933_800-450x227.jpg 450w, https:\/\/eldigitaldeasturias.com\/magazine365\/wp-content\/uploads\/2016\/06\/fotonoticia_20160531182933_800-304x154.jpg 304w, https:\/\/eldigitaldeasturias.com\/magazine365\/wp-content\/uploads\/2016\/06\/fotonoticia_20160531182933_800.jpg 800w\" sizes=\"(max-width: 360px) 100vw, 360px\" \/>Jos\u00e9 Luis Ascarza ha sido reelegido presidente de la Junta directiva de la Confederaci\u00f3n Empresarial de Turismo de Extremadura (Cetex), que se marca impulsar este sector en la regi\u00f3n.<\/p>\n<p>Junto al impulso del turismo en Extremadura, la nueva Junta Directiva de Cetex persigue la puesta al d\u00eda conjunta de sus miembros mediante reuniones peri\u00f3dicas sobre los principales avances y oportunidades concretas, as\u00ed como reuniones sobre temas monogr\u00e1ficos.<\/p>\n<p>Asimismo tiene la intenci\u00f3n de dar a conocer la confederaci\u00f3n tanto al publico general, como a las instituciones y autoridades implicadas en este sector de \u00abvital importancia estrat\u00e9gica\u00bb para la regi\u00f3n, seg\u00fan ha destacado Cetex en nota de prensa.<\/p>\n<p>\u00abLa crisis econ\u00f3mica actual y la reorganizaci\u00f3n del nuevo modelo tur\u00edstico, impulsa a Cetex para trabajar y velar por seguir manteniendo los mas altos est\u00e1ndares de calidad y competitividad en este sector, impulsor del crecimiento de la actividad socio-econ\u00f3mica en Extremadura\u00bb, ha asegurado Certex.<\/p>\n<p>Para ello, la confederaci\u00f3n se propone potenciar el desarrollo de equipos multidisciplinarios de especialistas implicados en el turismo de calidad en la regi\u00f3n y aprovechar las nuevas tecnolog\u00edas de la informaci\u00f3n en la gesti\u00f3n y beneficio de una \u00abmayor competitividad\u00bb.<\/p>\n<p>Tambi\u00e9n impulsar el desarrollo de programas y proyectos de turismo en Extremadura, potenciar la docencia y formaci\u00f3n de los futuros emprendedores e impulsar la \u00abcreaci\u00f3n fehaciente\u00bb de puestos de trabajo en este sector.<\/p>\n<p>Asimismo, Cetex quiere representar y defender los derechos de sus asociados ante las autoridades pol\u00edticas y privadas, representar y dar a conocer su labor \u00abcomo motor de enriquecimiento y fomento de oportunidades\u00bb y ofrecer una \u00abeficiente gesti\u00f3n\u00bb de sus establecimientos tur\u00edsticos aportando asesoramiento respecto a las oportunidades de negocio.<\/p>\n<p>JUNTA DIRECTIVA DE CETEX<\/p>\n<p>La Junta Directiva de Cetex est\u00e1 presidida por Jos\u00e9 Luis Ascarza, de Ascarza Hoteles; mientras que el vicepresidente de Badajoz es \u00c1lvaro Cort\u00e9s Moro, de Hotel Balneario El Raposo; y en C\u00e1ceres por Alejandro Picardo, de Hotel Extremadura.<\/p>\n<p>Asimismo, el tesorero es Venancio Alonso Ramos, del Restaurante El Manantial; y el secretario general es Carlos Bernaldez Garc\u00eda, de la Asociaci\u00f3n de Servicios Tur\u00edsticos de Extremadura (Setex).<\/p>\n<p>Por su parte, los vocales son Jos\u00e9 Luis Iniesta, del Hotel R\u00edo y Catering R\u00edo; Jos\u00e9 Luis Hern\u00e1ndez, de Hotel Tryp Medea y Asociaci\u00f3n de Hoteles de M\u00e9rida (Ashomer); Eugenio Rodr\u00edguez, de Turnat Red de Apartamentos Tur\u00edsticos; y Antonio Mart\u00ednez Rodr\u00edguez, de Gastrobar La Yeguada.<\/p>\n","protected":false},"excerpt":{"rendered":"<p>Jos\u00e9 Luis Ascarza ha sido reelegido presidente de la Junta directiva de la Confederaci\u00f3n Empresarial de Turismo de Extremadura (Cetex), que se marca impulsar este sector en la regi\u00f3n. Junto al impulso del turismo en Extremadura, la nueva Junta Directiva de Cetex persigue la puesta al d\u00eda conjunta de sus miembros mediante reuniones peri\u00f3dicas sobre<\/p>\n","protected":false},"author":1,"featured_media":77364,"comment_status":"open","ping_status":"closed","sticky":false,"template":"","format":"standard","meta":{"footnotes":""},"categories":[224],"tags":[],"class_list":{"0":"post-77363","1":"post","2":"type-post","3":"status-publish","4":"format-standard","5":"has-post-thumbnail","7":"category-noticias-actualidad"},"aioseo_notices":[],"aioseo_head":"\n\t\t<!-- All in One SEO Pro 4.9.6.1 - aioseo.com -->\n\t<meta name=\"description\" content=\"Jos\u00e9 Luis Ascarza ha sido reelegido presidente de la Junta directiva de la Confederaci\u00f3n Empresarial de Turismo de Extremadura (Cetex), que se marca impulsar este sector en la regi\u00f3n. Junto al impulso del turismo en Extremadura, la nueva Junta Directiva de Cetex persigue la puesta al d\u00eda conjunta de sus miembros mediante reuniones peri\u00f3dicas sobre\" \/>\n\t<meta name=\"robots\" content=\"max-image-preview:large\" \/>\n\t<meta name=\"author\" content=\"admin\"\/>\n\t<meta name=\"google-site-verification\" content=\"UA-38556648-1\" \/>\n\t<meta name=\"keywords\" content=\"noticias y actualidad\" \/>\n\t<link rel=\"canonical\" href=\"https:\/\/eldigitaldeasturias.com\/magazine365\/jose-luis-ascarza-reelegido-presidente-de-la-confederacion-empresarial-de-turismo-de-extremadura\/\" \/>\n\t<meta name=\"generator\" content=\"All in One SEO Pro (AIOSEO) 4.9.6.1\" \/>\n\t\t<meta property=\"og:locale\" content=\"es_ES\" \/>\n\t\t<meta property=\"og:site_name\" content=\"El Digital de Asturias \u2013 Revista de ocio, turismo y estilo de vida\" \/>\n\t\t<meta property=\"og:type\" content=\"article\" \/>\n\t\t<meta property=\"og:title\" content=\"Jos\u00e9 Luis Ascarza, reelegido presidente de la Confederaci\u00f3n Empresarial de Turismo de Extremadura | El Digital de Asturias\" \/>\n\t\t<meta property=\"og:description\" content=\"Jos\u00e9 Luis Ascarza ha sido reelegido presidente de la Junta directiva de la Confederaci\u00f3n Empresarial de Turismo de Extremadura (Cetex), que se marca impulsar este sector en la regi\u00f3n. Junto al impulso del turismo en Extremadura, la nueva Junta Directiva de Cetex persigue la puesta al d\u00eda conjunta de sus miembros mediante reuniones peri\u00f3dicas sobre\" \/>\n\t\t<meta property=\"og:url\" content=\"https:\/\/eldigitaldeasturias.com\/magazine365\/jose-luis-ascarza-reelegido-presidente-de-la-confederacion-empresarial-de-turismo-de-extremadura\/\" \/>\n\t\t<meta property=\"og:image\" content=\"https:\/\/eldigitaldeasturias.com\/magazine365\/wp-content\/uploads\/2016\/06\/fotonoticia_20160531182933_800.jpg\" \/>\n\t\t<meta property=\"og:image:secure_url\" content=\"https:\/\/eldigitaldeasturias.com\/magazine365\/wp-content\/uploads\/2016\/06\/fotonoticia_20160531182933_800.jpg\" \/>\n\t\t<meta property=\"og:image:width\" content=\"800\" \/>\n\t\t<meta property=\"og:image:height\" content=\"403\" \/>\n\t\t<meta property=\"article:published_time\" content=\"2016-06-02T04:42:21+00:00\" \/>\n\t\t<meta property=\"article:modified_time\" content=\"2016-06-02T04:42:21+00:00\" \/>\n\t\t<meta name=\"twitter:card\" content=\"summary_large_image\" \/>\n\t\t<meta name=\"twitter:title\" content=\"Jos\u00e9 Luis Ascarza, reelegido presidente de la Confederaci\u00f3n Empresarial de Turismo de Extremadura | El Digital de Asturias\" \/>\n\t\t<meta name=\"twitter:description\" content=\"Jos\u00e9 Luis Ascarza ha sido reelegido presidente de la Junta directiva de la Confederaci\u00f3n Empresarial de Turismo de Extremadura (Cetex), que se marca impulsar este sector en la regi\u00f3n. Junto al impulso del turismo en Extremadura, la nueva Junta Directiva de Cetex persigue la puesta al d\u00eda conjunta de sus miembros mediante reuniones peri\u00f3dicas sobre\" \/>\n\t\t<meta name=\"twitter:image\" content=\"https:\/\/eldigitaldeasturias.com\/magazine365\/wp-content\/uploads\/2016\/06\/fotonoticia_20160531182933_800.jpg\" \/>\n\t\t<script type=\"application\/ld+json\" class=\"aioseo-schema\">\n\t\t\t{\"@context\":\"https:\\\/\\\/schema.org\",\"@graph\":[{\"@type\":\"Article\",\"@id\":\"https:\\\/\\\/eldigitaldeasturias.com\\\/magazine365\\\/jose-luis-ascarza-reelegido-presidente-de-la-confederacion-empresarial-de-turismo-de-extremadura\\\/#article\",\"name\":\"Jos\\u00e9 Luis Ascarza, reelegido presidente de la Confederaci\\u00f3n Empresarial de Turismo de Extremadura | El Digital de Asturias\",\"headline\":\"Jos\\u00e9 Luis Ascarza, reelegido presidente de la Confederaci\\u00f3n Empresarial de Turismo de Extremadura\",\"author\":{\"@id\":\"https:\\\/\\\/eldigitaldeasturias.com\\\/magazine365\\\/author\\\/admin\\\/#author\"},\"publisher\":{\"@id\":\"https:\\\/\\\/eldigitaldeasturias.com\\\/magazine365\\\/#organization\"},\"image\":{\"@type\":\"ImageObject\",\"url\":\"https:\\\/\\\/eldigitaldeasturias.com\\\/magazine365\\\/wp-content\\\/uploads\\\/2016\\\/06\\\/fotonoticia_20160531182933_800.jpg\",\"width\":800,\"height\":403},\"datePublished\":\"2016-06-02T06:42:21+02:00\",\"dateModified\":\"2016-06-02T06:42:21+02:00\",\"inLanguage\":\"es-ES\",\"mainEntityOfPage\":{\"@id\":\"https:\\\/\\\/eldigitaldeasturias.com\\\/magazine365\\\/jose-luis-ascarza-reelegido-presidente-de-la-confederacion-empresarial-de-turismo-de-extremadura\\\/#webpage\"},\"isPartOf\":{\"@id\":\"https:\\\/\\\/eldigitaldeasturias.com\\\/magazine365\\\/jose-luis-ascarza-reelegido-presidente-de-la-confederacion-empresarial-de-turismo-de-extremadura\\\/#webpage\"},\"articleSection\":\"Noticias y Actualidad\"},{\"@type\":\"BreadcrumbList\",\"@id\":\"https:\\\/\\\/eldigitaldeasturias.com\\\/magazine365\\\/jose-luis-ascarza-reelegido-presidente-de-la-confederacion-empresarial-de-turismo-de-extremadura\\\/#breadcrumblist\",\"itemListElement\":[{\"@type\":\"ListItem\",\"@id\":\"https:\\\/\\\/eldigitaldeasturias.com\\\/magazine365#listItem\",\"position\":1,\"name\":\"Home\",\"item\":\"https:\\\/\\\/eldigitaldeasturias.com\\\/magazine365\",\"nextItem\":{\"@type\":\"ListItem\",\"@id\":\"https:\\\/\\\/eldigitaldeasturias.com\\\/magazine365\\\/category\\\/noticias-actualidad\\\/#listItem\",\"name\":\"Noticias y Actualidad\"}},{\"@type\":\"ListItem\",\"@id\":\"https:\\\/\\\/eldigitaldeasturias.com\\\/magazine365\\\/category\\\/noticias-actualidad\\\/#listItem\",\"position\":2,\"name\":\"Noticias y Actualidad\",\"item\":\"https:\\\/\\\/eldigitaldeasturias.com\\\/magazine365\\\/category\\\/noticias-actualidad\\\/\",\"nextItem\":{\"@type\":\"ListItem\",\"@id\":\"https:\\\/\\\/eldigitaldeasturias.com\\\/magazine365\\\/jose-luis-ascarza-reelegido-presidente-de-la-confederacion-empresarial-de-turismo-de-extremadura\\\/#listItem\",\"name\":\"Jos\\u00e9 Luis Ascarza, reelegido presidente de la Confederaci\\u00f3n Empresarial de Turismo de Extremadura\"},\"previousItem\":{\"@type\":\"ListItem\",\"@id\":\"https:\\\/\\\/eldigitaldeasturias.com\\\/magazine365#listItem\",\"name\":\"Home\"}},{\"@type\":\"ListItem\",\"@id\":\"https:\\\/\\\/eldigitaldeasturias.com\\\/magazine365\\\/jose-luis-ascarza-reelegido-presidente-de-la-confederacion-empresarial-de-turismo-de-extremadura\\\/#listItem\",\"position\":3,\"name\":\"Jos\\u00e9 Luis Ascarza, reelegido presidente de la Confederaci\\u00f3n Empresarial de Turismo de Extremadura\",\"previousItem\":{\"@type\":\"ListItem\",\"@id\":\"https:\\\/\\\/eldigitaldeasturias.com\\\/magazine365\\\/category\\\/noticias-actualidad\\\/#listItem\",\"name\":\"Noticias y Actualidad\"}}]},{\"@type\":\"Organization\",\"@id\":\"https:\\\/\\\/eldigitaldeasturias.com\\\/magazine365\\\/#organization\",\"name\":\"El digital de Asturias\",\"description\":\"Revista de ocio, turismo y estilo de vida\",\"url\":\"https:\\\/\\\/eldigitaldeasturias.com\\\/magazine365\\\/\",\"logo\":{\"@type\":\"ImageObject\",\"url\":\"https:\\\/\\\/www.eldigitaldeasturias.com\\\/noticias\\\/wp-content\\\/uploads\\\/2020\\\/12\\\/EDA.jpg\",\"@id\":\"https:\\\/\\\/eldigitaldeasturias.com\\\/magazine365\\\/jose-luis-ascarza-reelegido-presidente-de-la-confederacion-empresarial-de-turismo-de-extremadura\\\/#organizationLogo\"},\"image\":{\"@id\":\"https:\\\/\\\/eldigitaldeasturias.com\\\/magazine365\\\/jose-luis-ascarza-reelegido-presidente-de-la-confederacion-empresarial-de-turismo-de-extremadura\\\/#organizationLogo\"}},{\"@type\":\"Person\",\"@id\":\"https:\\\/\\\/eldigitaldeasturias.com\\\/magazine365\\\/author\\\/admin\\\/#author\",\"url\":\"https:\\\/\\\/eldigitaldeasturias.com\\\/magazine365\\\/author\\\/admin\\\/\",\"name\":\"admin\",\"image\":{\"@type\":\"ImageObject\",\"@id\":\"https:\\\/\\\/eldigitaldeasturias.com\\\/magazine365\\\/jose-luis-ascarza-reelegido-presidente-de-la-confederacion-empresarial-de-turismo-de-extremadura\\\/#authorImage\",\"url\":\"https:\\\/\\\/eldigitaldeasturias.com\\\/magazine365\\\/wp-content\\\/litespeed\\\/avatar\\\/e571bcf59a0edd6fa6838245a470f2fe.jpg?ver=1776969259\",\"width\":96,\"height\":96,\"caption\":\"admin\"}},{\"@type\":\"WebPage\",\"@id\":\"https:\\\/\\\/eldigitaldeasturias.com\\\/magazine365\\\/jose-luis-ascarza-reelegido-presidente-de-la-confederacion-empresarial-de-turismo-de-extremadura\\\/#webpage\",\"url\":\"https:\\\/\\\/eldigitaldeasturias.com\\\/magazine365\\\/jose-luis-ascarza-reelegido-presidente-de-la-confederacion-empresarial-de-turismo-de-extremadura\\\/\",\"name\":\"Jos\\u00e9 Luis Ascarza, reelegido presidente de la Confederaci\\u00f3n Empresarial de Turismo de Extremadura | El Digital de Asturias\",\"description\":\"Jos\\u00e9 Luis Ascarza ha sido reelegido presidente de la Junta directiva de la Confederaci\\u00f3n Empresarial de Turismo de Extremadura (Cetex), que se marca impulsar este sector en la regi\\u00f3n. Junto al impulso del turismo en Extremadura, la nueva Junta Directiva de Cetex persigue la puesta al d\\u00eda conjunta de sus miembros mediante reuniones peri\\u00f3dicas sobre\",\"inLanguage\":\"es-ES\",\"isPartOf\":{\"@id\":\"https:\\\/\\\/eldigitaldeasturias.com\\\/magazine365\\\/#website\"},\"breadcrumb\":{\"@id\":\"https:\\\/\\\/eldigitaldeasturias.com\\\/magazine365\\\/jose-luis-ascarza-reelegido-presidente-de-la-confederacion-empresarial-de-turismo-de-extremadura\\\/#breadcrumblist\"},\"author\":{\"@id\":\"https:\\\/\\\/eldigitaldeasturias.com\\\/magazine365\\\/author\\\/admin\\\/#author\"},\"creator\":{\"@id\":\"https:\\\/\\\/eldigitaldeasturias.com\\\/magazine365\\\/author\\\/admin\\\/#author\"},\"image\":{\"@type\":\"ImageObject\",\"url\":\"https:\\\/\\\/eldigitaldeasturias.com\\\/magazine365\\\/wp-content\\\/uploads\\\/2016\\\/06\\\/fotonoticia_20160531182933_800.jpg\",\"@id\":\"https:\\\/\\\/eldigitaldeasturias.com\\\/magazine365\\\/jose-luis-ascarza-reelegido-presidente-de-la-confederacion-empresarial-de-turismo-de-extremadura\\\/#mainImage\",\"width\":800,\"height\":403},\"primaryImageOfPage\":{\"@id\":\"https:\\\/\\\/eldigitaldeasturias.com\\\/magazine365\\\/jose-luis-ascarza-reelegido-presidente-de-la-confederacion-empresarial-de-turismo-de-extremadura\\\/#mainImage\"},\"datePublished\":\"2016-06-02T06:42:21+02:00\",\"dateModified\":\"2016-06-02T06:42:21+02:00\"},{\"@type\":\"WebSite\",\"@id\":\"https:\\\/\\\/eldigitaldeasturias.com\\\/magazine365\\\/#website\",\"url\":\"https:\\\/\\\/eldigitaldeasturias.com\\\/magazine365\\\/\",\"name\":\"El Digital de Asturias\",\"description\":\"Revista de ocio, turismo y estilo de vida\",\"inLanguage\":\"es-ES\",\"publisher\":{\"@id\":\"https:\\\/\\\/eldigitaldeasturias.com\\\/magazine365\\\/#organization\"}}]}\n\t\t<\/script>\n\t\t<!-- All in One SEO Pro -->\r\n\t\t<title>Jos\u00e9 Luis Ascarza, reelegido presidente de la Confederaci\u00f3n Empresarial de Turismo de Extremadura | El Digital de Asturias<\/title>\n\n","aioseo_head_json":{"title":"Jos\u00e9 Luis Ascarza, reelegido presidente de la Confederaci\u00f3n Empresarial de Turismo de Extremadura | El Digital de Asturias","description":"Jos\u00e9 Luis Ascarza ha sido reelegido presidente de la Junta directiva de la Confederaci\u00f3n Empresarial de Turismo de Extremadura (Cetex), que se marca impulsar este sector en la regi\u00f3n. Junto al impulso del turismo en Extremadura, la nueva Junta Directiva de Cetex persigue la puesta al d\u00eda conjunta de sus miembros mediante reuniones peri\u00f3dicas sobre","canonical_url":"https:\/\/eldigitaldeasturias.com\/magazine365\/jose-luis-ascarza-reelegido-presidente-de-la-confederacion-empresarial-de-turismo-de-extremadura\/","robots":"max-image-preview:large","keywords":"noticias y actualidad","webmasterTools":{"google-site-verification":"UA-38556648-1","miscellaneous":""},"schema":{"@context":"https:\/\/schema.org","@graph":[{"@type":"Article","@id":"https:\/\/eldigitaldeasturias.com\/magazine365\/jose-luis-ascarza-reelegido-presidente-de-la-confederacion-empresarial-de-turismo-de-extremadura\/#article","name":"Jos\u00e9 Luis Ascarza, reelegido presidente de la Confederaci\u00f3n Empresarial de Turismo de Extremadura | El Digital de Asturias","headline":"Jos\u00e9 Luis Ascarza, reelegido presidente de la Confederaci\u00f3n Empresarial de Turismo de Extremadura","author":{"@id":"https:\/\/eldigitaldeasturias.com\/magazine365\/author\/admin\/#author"},"publisher":{"@id":"https:\/\/eldigitaldeasturias.com\/magazine365\/#organization"},"image":{"@type":"ImageObject","url":"https:\/\/eldigitaldeasturias.com\/magazine365\/wp-content\/uploads\/2016\/06\/fotonoticia_20160531182933_800.jpg","width":800,"height":403},"datePublished":"2016-06-02T06:42:21+02:00","dateModified":"2016-06-02T06:42:21+02:00","inLanguage":"es-ES","mainEntityOfPage":{"@id":"https:\/\/eldigitaldeasturias.com\/magazine365\/jose-luis-ascarza-reelegido-presidente-de-la-confederacion-empresarial-de-turismo-de-extremadura\/#webpage"},"isPartOf":{"@id":"https:\/\/eldigitaldeasturias.com\/magazine365\/jose-luis-ascarza-reelegido-presidente-de-la-confederacion-empresarial-de-turismo-de-extremadura\/#webpage"},"articleSection":"Noticias y Actualidad"},{"@type":"BreadcrumbList","@id":"https:\/\/eldigitaldeasturias.com\/magazine365\/jose-luis-ascarza-reelegido-presidente-de-la-confederacion-empresarial-de-turismo-de-extremadura\/#breadcrumblist","itemListElement":[{"@type":"ListItem","@id":"https:\/\/eldigitaldeasturias.com\/magazine365#listItem","position":1,"name":"Home","item":"https:\/\/eldigitaldeasturias.com\/magazine365","nextItem":{"@type":"ListItem","@id":"https:\/\/eldigitaldeasturias.com\/magazine365\/category\/noticias-actualidad\/#listItem","name":"Noticias y Actualidad"}},{"@type":"ListItem","@id":"https:\/\/eldigitaldeasturias.com\/magazine365\/category\/noticias-actualidad\/#listItem","position":2,"name":"Noticias y Actualidad","item":"https:\/\/eldigitaldeasturias.com\/magazine365\/category\/noticias-actualidad\/","nextItem":{"@type":"ListItem","@id":"https:\/\/eldigitaldeasturias.com\/magazine365\/jose-luis-ascarza-reelegido-presidente-de-la-confederacion-empresarial-de-turismo-de-extremadura\/#listItem","name":"Jos\u00e9 Luis Ascarza, reelegido presidente de la Confederaci\u00f3n Empresarial de Turismo de Extremadura"},"previousItem":{"@type":"ListItem","@id":"https:\/\/eldigitaldeasturias.com\/magazine365#listItem","name":"Home"}},{"@type":"ListItem","@id":"https:\/\/eldigitaldeasturias.com\/magazine365\/jose-luis-ascarza-reelegido-presidente-de-la-confederacion-empresarial-de-turismo-de-extremadura\/#listItem","position":3,"name":"Jos\u00e9 Luis Ascarza, reelegido presidente de la Confederaci\u00f3n Empresarial de Turismo de Extremadura","previousItem":{"@type":"ListItem","@id":"https:\/\/eldigitaldeasturias.com\/magazine365\/category\/noticias-actualidad\/#listItem","name":"Noticias y Actualidad"}}]},{"@type":"Organization","@id":"https:\/\/eldigitaldeasturias.com\/magazine365\/#organization","name":"El digital de Asturias","description":"Revista de ocio, turismo y estilo de vida","url":"https:\/\/eldigitaldeasturias.com\/magazine365\/","logo":{"@type":"ImageObject","url":"https:\/\/www.eldigitaldeasturias.com\/noticias\/wp-content\/uploads\/2020\/12\/EDA.jpg","@id":"https:\/\/eldigitaldeasturias.com\/magazine365\/jose-luis-ascarza-reelegido-presidente-de-la-confederacion-empresarial-de-turismo-de-extremadura\/#organizationLogo"},"image":{"@id":"https:\/\/eldigitaldeasturias.com\/magazine365\/jose-luis-ascarza-reelegido-presidente-de-la-confederacion-empresarial-de-turismo-de-extremadura\/#organizationLogo"}},{"@type":"Person","@id":"https:\/\/eldigitaldeasturias.com\/magazine365\/author\/admin\/#author","url":"https:\/\/eldigitaldeasturias.com\/magazine365\/author\/admin\/","name":"admin","image":{"@type":"ImageObject","@id":"https:\/\/eldigitaldeasturias.com\/magazine365\/jose-luis-ascarza-reelegido-presidente-de-la-confederacion-empresarial-de-turismo-de-extremadura\/#authorImage","url":"https:\/\/eldigitaldeasturias.com\/magazine365\/wp-content\/litespeed\/avatar\/e571bcf59a0edd6fa6838245a470f2fe.jpg?ver=1776969259","width":96,"height":96,"caption":"admin"}},{"@type":"WebPage","@id":"https:\/\/eldigitaldeasturias.com\/magazine365\/jose-luis-ascarza-reelegido-presidente-de-la-confederacion-empresarial-de-turismo-de-extremadura\/#webpage","url":"https:\/\/eldigitaldeasturias.com\/magazine365\/jose-luis-ascarza-reelegido-presidente-de-la-confederacion-empresarial-de-turismo-de-extremadura\/","name":"Jos\u00e9 Luis Ascarza, reelegido presidente de la Confederaci\u00f3n Empresarial de Turismo de Extremadura | El Digital de Asturias","description":"Jos\u00e9 Luis Ascarza ha sido reelegido presidente de la Junta directiva de la Confederaci\u00f3n Empresarial de Turismo de Extremadura (Cetex), que se marca impulsar este sector en la regi\u00f3n. Junto al impulso del turismo en Extremadura, la nueva Junta Directiva de Cetex persigue la puesta al d\u00eda conjunta de sus miembros mediante reuniones peri\u00f3dicas sobre","inLanguage":"es-ES","isPartOf":{"@id":"https:\/\/eldigitaldeasturias.com\/magazine365\/#website"},"breadcrumb":{"@id":"https:\/\/eldigitaldeasturias.com\/magazine365\/jose-luis-ascarza-reelegido-presidente-de-la-confederacion-empresarial-de-turismo-de-extremadura\/#breadcrumblist"},"author":{"@id":"https:\/\/eldigitaldeasturias.com\/magazine365\/author\/admin\/#author"},"creator":{"@id":"https:\/\/eldigitaldeasturias.com\/magazine365\/author\/admin\/#author"},"image":{"@type":"ImageObject","url":"https:\/\/eldigitaldeasturias.com\/magazine365\/wp-content\/uploads\/2016\/06\/fotonoticia_20160531182933_800.jpg","@id":"https:\/\/eldigitaldeasturias.com\/magazine365\/jose-luis-ascarza-reelegido-presidente-de-la-confederacion-empresarial-de-turismo-de-extremadura\/#mainImage","width":800,"height":403},"primaryImageOfPage":{"@id":"https:\/\/eldigitaldeasturias.com\/magazine365\/jose-luis-ascarza-reelegido-presidente-de-la-confederacion-empresarial-de-turismo-de-extremadura\/#mainImage"},"datePublished":"2016-06-02T06:42:21+02:00","dateModified":"2016-06-02T06:42:21+02:00"},{"@type":"WebSite","@id":"https:\/\/eldigitaldeasturias.com\/magazine365\/#website","url":"https:\/\/eldigitaldeasturias.com\/magazine365\/","name":"El Digital de Asturias","description":"Revista de ocio, turismo y estilo de vida","inLanguage":"es-ES","publisher":{"@id":"https:\/\/eldigitaldeasturias.com\/magazine365\/#organization"}}]},"og:locale":"es_ES","og:site_name":"El Digital de Asturias \u2013 Revista de ocio, turismo y estilo de vida","og:type":"article","og:title":"Jos\u00e9 Luis Ascarza, reelegido presidente de la Confederaci\u00f3n Empresarial de Turismo de Extremadura | El Digital de Asturias","og:description":"Jos\u00e9 Luis Ascarza ha sido reelegido presidente de la Junta directiva de la Confederaci\u00f3n Empresarial de Turismo de Extremadura (Cetex), que se marca impulsar este sector en la regi\u00f3n. Junto al impulso del turismo en Extremadura, la nueva Junta Directiva de Cetex persigue la puesta al d\u00eda conjunta de sus miembros mediante reuniones peri\u00f3dicas sobre","og:url":"https:\/\/eldigitaldeasturias.com\/magazine365\/jose-luis-ascarza-reelegido-presidente-de-la-confederacion-empresarial-de-turismo-de-extremadura\/","og:image":"https:\/\/eldigitaldeasturias.com\/magazine365\/wp-content\/uploads\/2016\/06\/fotonoticia_20160531182933_800.jpg","og:image:secure_url":"https:\/\/eldigitaldeasturias.com\/magazine365\/wp-content\/uploads\/2016\/06\/fotonoticia_20160531182933_800.jpg","og:image:width":800,"og:image:height":403,"article:published_time":"2016-06-02T04:42:21+00:00","article:modified_time":"2016-06-02T04:42:21+00:00","twitter:card":"summary_large_image","twitter:title":"Jos\u00e9 Luis Ascarza, reelegido presidente de la Confederaci\u00f3n Empresarial de Turismo de Extremadura | El Digital de Asturias","twitter:description":"Jos\u00e9 Luis Ascarza ha sido reelegido presidente de la Junta directiva de la Confederaci\u00f3n Empresarial de Turismo de Extremadura (Cetex), que se marca impulsar este sector en la regi\u00f3n. Junto al impulso del turismo en Extremadura, la nueva Junta Directiva de Cetex persigue la puesta al d\u00eda conjunta de sus miembros mediante reuniones peri\u00f3dicas sobre","twitter:image":"https:\/\/eldigitaldeasturias.com\/magazine365\/wp-content\/uploads\/2016\/06\/fotonoticia_20160531182933_800.jpg"},"aioseo_meta_data":{"post_id":"77363","title":null,"description":null,"keywords":null,"keyphrases":null,"primary_term":null,"canonical_url":null,"og_title":null,"og_description":null,"og_object_type":"default","og_image_type":"default","og_image_url":null,"og_image_width":null,"og_image_height":null,"og_image_custom_url":null,"og_image_custom_fields":null,"og_video":null,"og_custom_url":null,"og_article_section":null,"og_article_tags":null,"twitter_use_og":false,"twitter_card":"default","twitter_image_type":"default","twitter_image_url":null,"twitter_image_custom_url":null,"twitter_image_custom_fields":null,"twitter_title":null,"twitter_description":null,"schema":{"blockGraphs":[],"customGraphs":[],"default":{"data":{"Article":[],"Course":[],"Dataset":[],"FAQPage":[],"Movie":[],"Person":[],"Product":[],"ProductReview":[],"Car":[],"Recipe":[],"Service":[],"SoftwareApplication":[],"WebPage":[]},"graphName":"","isEnabled":true},"graphs":[],"defaultGraph":"","defaultPostTypeGraph":""},"schema_type":null,"schema_type_options":null,"pillar_content":false,"robots_default":true,"robots_noindex":false,"robots_noarchive":false,"robots_nosnippet":false,"robots_nofollow":false,"robots_noimageindex":false,"robots_noodp":false,"robots_notranslate":false,"robots_max_snippet":null,"robots_max_videopreview":null,"robots_max_imagepreview":"large","priority":null,"frequency":null,"location":null,"local_seo":null,"seo_analyzer_scan_date":"2025-09-27 14:44:20","breadcrumb_settings":null,"limit_modified_date":false,"open_ai":null,"ai":null,"created":"2021-03-08 18:15:56","updated":"2025-09-27 14:44:20"},"aioseo_breadcrumb":"<div class=\"aioseo-breadcrumbs\"><span class=\"aioseo-breadcrumb\">\n\t<a href=\"https:\/\/eldigitaldeasturias.com\/magazine365\" title=\"Home\">Home<\/a>\n<\/span><span class=\"aioseo-breadcrumb-separator\">\u2013<\/span><span class=\"aioseo-breadcrumb\">\n\t<a href=\"https:\/\/eldigitaldeasturias.com\/magazine365\/category\/noticias-actualidad\/\" title=\"Noticias y Actualidad\">Noticias y Actualidad<\/a>\n<\/span><span class=\"aioseo-breadcrumb-separator\">\u2013<\/span><span class=\"aioseo-breadcrumb\">\n\t<a href=\"https:\/\/eldigitaldeasturias.com\/magazine365\/jose-luis-ascarza-reelegido-presidente-de-la-confederacion-empresarial-de-turismo-de-extremadura\/\" title=\"Jos\u00e9 Luis Ascarza, reelegido presidente de la Confederaci\u00f3n Empresarial de Turismo de Extremadura\">Jos\u00e9 Luis Ascarza, reelegido presidente de la Confederaci\u00f3n Empresarial de Turismo de Extremadura<\/a>\n<\/span><\/div>","aioseo_breadcrumb_json":[{"label":"Home","link":"https:\/\/eldigitaldeasturias.com\/magazine365"},{"label":"Noticias y Actualidad","link":"https:\/\/eldigitaldeasturias.com\/magazine365\/category\/noticias-actualidad\/"},{"label":"Jos\u00e9 Luis Ascarza, reelegido presidente de la Confederaci\u00f3n Empresarial de Turismo de Extremadura","link":"https:\/\/eldigitaldeasturias.com\/magazine365\/jose-luis-ascarza-reelegido-presidente-de-la-confederacion-empresarial-de-turismo-de-extremadura\/"}],"_links":{"self":[{"href":"https:\/\/eldigitaldeasturias.com\/magazine365\/wp-json\/wp\/v2\/posts\/77363","targetHints":{"allow":["GET"]}}],"collection":[{"href":"https:\/\/eldigitaldeasturias.com\/magazine365\/wp-json\/wp\/v2\/posts"}],"about":[{"href":"https:\/\/eldigitaldeasturias.com\/magazine365\/wp-json\/wp\/v2\/types\/post"}],"author":[{"embeddable":true,"href":"https:\/\/eldigitaldeasturias.com\/magazine365\/wp-json\/wp\/v2\/users\/1"}],"replies":[{"embeddable":true,"href":"https:\/\/eldigitaldeasturias.com\/magazine365\/wp-json\/wp\/v2\/comments?post=77363"}],"version-history":[{"count":0,"href":"https:\/\/eldigitaldeasturias.com\/magazine365\/wp-json\/wp\/v2\/posts\/77363\/revisions"}],"wp:featuredmedia":[{"embeddable":true,"href":"https:\/\/eldigitaldeasturias.com\/magazine365\/wp-json\/wp\/v2\/media\/77364"}],"wp:attachment":[{"href":"https:\/\/eldigitaldeasturias.com\/magazine365\/wp-json\/wp\/v2\/media?parent=77363"}],"wp:term":[{"taxonomy":"category","embeddable":true,"href":"https:\/\/eldigitaldeasturias.com\/magazine365\/wp-json\/wp\/v2\/categories?post=77363"},{"taxonomy":"post_tag","embeddable":true,"href":"https:\/\/eldigitaldeasturias.com\/magazine365\/wp-json\/wp\/v2\/tags?post=77363"}],"curies":[{"name":"wp","href":"https:\/\/api.w.org\/{rel}","templated":true}]}}