{"id":77346,"date":"2016-06-02T06:28:02","date_gmt":"2016-06-02T04:28:02","guid":{"rendered":"http:\/\/eldigitaldeasturias.com\/magazine365\/?p=77346"},"modified":"2016-06-02T06:28:02","modified_gmt":"2016-06-02T04:28:02","slug":"huelga-de-los-trabajadores-de-easyjet-handling-spain-en-el-aeropuerto-de-malaga","status":"publish","type":"post","link":"https:\/\/eldigitaldeasturias.com\/magazine365\/huelga-de-los-trabajadores-de-easyjet-handling-spain-en-el-aeropuerto-de-malaga\/","title":{"rendered":"Huelga de los trabajadores de easyJet Handling Spain en el aeropuerto de M\u00e1laga"},"content":{"rendered":"<p><img fetchpriority=\"high\" decoding=\"async\" class=\"alignleft size-medium wp-image-77347\" src=\"https:\/\/eldigitaldeasturias.com\/magazine365\/wp-content\/uploads\/2016\/06\/fotonoticia_20160531170326_800-360x203.jpg\" alt=\"fotonoticia_20160531170326_800\" width=\"360\" height=\"203\" srcset=\"https:\/\/eldigitaldeasturias.com\/magazine365\/wp-content\/uploads\/2016\/06\/fotonoticia_20160531170326_800-360x203.jpg 360w, https:\/\/eldigitaldeasturias.com\/magazine365\/wp-content\/uploads\/2016\/06\/fotonoticia_20160531170326_800-650x366.jpg 650w, https:\/\/eldigitaldeasturias.com\/magazine365\/wp-content\/uploads\/2016\/06\/fotonoticia_20160531170326_800-768x432.jpg 768w, https:\/\/eldigitaldeasturias.com\/magazine365\/wp-content\/uploads\/2016\/06\/fotonoticia_20160531170326_800-150x84.jpg 150w, https:\/\/eldigitaldeasturias.com\/magazine365\/wp-content\/uploads\/2016\/06\/fotonoticia_20160531170326_800-450x253.jpg 450w, https:\/\/eldigitaldeasturias.com\/magazine365\/wp-content\/uploads\/2016\/06\/fotonoticia_20160531170326_800-499x280.jpg 499w, https:\/\/eldigitaldeasturias.com\/magazine365\/wp-content\/uploads\/2016\/06\/fotonoticia_20160531170326_800-510x289.jpg 510w, https:\/\/eldigitaldeasturias.com\/magazine365\/wp-content\/uploads\/2016\/06\/fotonoticia_20160531170326_800.jpg 800w\" sizes=\"(max-width: 360px) 100vw, 360px\" \/>El Sindicato Federal Aeroportuario de la CGT, en la empresa easyjet Handling Spain, en el aeropuerto de M\u00e1laga finalmente llama a la huelga a los trabajadores del servicio de tierra de dicha compa\u00f1\u00eda, tras no haber alcanzado este martes un acuerdo en el Servicio Extrajudicial de Resoluci\u00f3n de Conflictos Laborales de Andaluc\u00eda (Sercla).<\/p>\n<p>As\u00ed, la huelga indefinida comenzar\u00e1 a las 00.00 horas de este mi\u00e9rcoles, y est\u00e1n convocados a la misma unos 70 trabajadores, seg\u00fan ha informado a Europa Press el secretario general de CGT Andaluc\u00eda, Miguel Montenegro.<\/p>\n<p>A pesar de que la huelga estaba convocada para la madrugada de este martes, el par\u00f3n se aplaz\u00f3 a la espera de la negociaci\u00f3n que en el mismo d\u00eda iba a tener lugar en el Sercla, que ha terminado sin avenencia.<\/p>\n<p>Esta postergaci\u00f3n, seg\u00fan Montenegro, ha mostrado la \u00abbuena voluntad absoluta\u00bb de los trabajadores. \u00abSin embargo, la empresa ha intentado asegurarnos que no va a haber m\u00e1s despidos, pero cuando le hemos dicho que nos lo firme, ha dicho que no piensa firmarlo\u00bb, por lo que, ha agregado, \u00abse ha decidido seguir con el par\u00f3n\u00bb.<\/p>\n<p>Adem\u00e1s de la huelga, el sindicato ha convocado concentraciones todos los lunes de 10.00 horas a 12.00 horas en la puerta giratoria de la terminal tres del aeropuerto malague\u00f1o, donde ya han tenido lugar tres lunes consecutivos.<\/p>\n<p>Estos trabajadores del servicio de tierra de easyJet Handling Spain son los que atienden la carga y descarga de los aviones, \u00ablas que mueven a las aeronaves dentro del aeropuerto para colocarlas en las puertas de embarque, en definitiva, los trabajadores de operaciones de tierra\u00bb, ha apuntado Montenegro.<\/p>\n<p>Por otro lado, ha se\u00f1alado que CGT-A va a \u00abdenunciar p\u00fablicamente y por la v\u00eda contencioso-administrativa los servicios m\u00ednimos que ha implantado el Ministerio de Fomento\u00bb, ya que los consideran \u00ababsolutamente abusivos\u00bb, lo que adem\u00e1s \u00abha servido de bal\u00f3n de ox\u00edgeno a la empresa para hoy no mostrarse m\u00e1s dispuesta a negociar\u00bb.<\/p>\n<p>El motivo de la huelga ha sido los despidos a principios de mayo de tres trabajadores \u00abcon una antig\u00fcedad que oscila entre los 20 y 30 a\u00f1os\u00bb, seg\u00fan Montenegro, y que han sido sustituidos \u00abpor cinco contratos temporales, absolutamente esclavistas y en unas condiciones terribles\u00bb.<\/p>\n<p>Con esto, CGT entiende que se est\u00e1n cambiando \u00abunas condiciones laborales dignas, unos derechos consolidados que vienen de la antigua Iberia\u00bb por \u00abcompa\u00f1eros sin una experiencia b\u00e1sica y sin los m\u00ednimos conocimiento en el manejo de \u00fatiles, herramientas y veh\u00edculos\u00bb, con lo que \u00abse est\u00e1 poniendo en riesgo la propia seguridad del transporte a\u00e9reo\u00bb.<\/p>\n<p>Con respecto a la repercusi\u00f3n de la huelga en el aeropuerto, el comit\u00e9 de huelga no puede \u00abgarantizar que el servicio se preste con total normalidad, aunque el Ministerio de Fomento con la empresa est\u00e1 intentando que no afecte\u00bb. En este sentido, ha dicho, \u00abvamos a ser implacables con todo lo que sea vulneraci\u00f3n de derecho de huelga y vamos a tratar de que no se produzca\u00bb.<\/p>\n<p>\u00abPedimos el cese de esa pol\u00edtica disciplinaria que est\u00e1 llevando a la eliminaci\u00f3n de puestos de trabajo estables y con derechos para cambiarlos por esclavos\u00bb, ha subrayado, \u00abporque la palabra ser\u00eda esclavismo puro y duro, que es a lo que est\u00e1 llevando Easyjet a su plantilla de M\u00e1laga\u00bb.<\/p>\n<p>Asimismo, CGT espera que la huelga tenga un \u00abseguimiento amplio\u00bb por parte de los trabajadores afiliados al otro sindicato del colectivo afectado, que no ha secundado la misma.<\/p>\n<p>APOYO<\/p>\n<p>Por otro lado, este martes el candidato n\u00famero uno de Unidos Podemos por M\u00e1laga al Congreso, Alberto Montero, ha mostrado su apoyo a los trabajadores despedidos por easyJet en su manifestaci\u00f3n delante de la Consejer\u00eda de Empleo reclamando una soluci\u00f3n para los compa\u00f1eros despedidos.<\/p>\n<p>En el acto de protesta, Montero ha se\u00f1alado que \u00abest\u00e1 totalmente injustificado que las grandes empresas que operan en el territorio espa\u00f1ol y disfrutan de enormes beneficios fiscales y econ\u00f3micos, cuando puedan y sin ninguna necesidad econ\u00f3mica real, despedir trabajadores y precaricen a\u00fan m\u00e1s las condiciones laborales de \u00e9stos para poder aumentar su margen de beneficio\u00bb.<\/p>\n<p>\u00abEl caso de los trabajadores despedidos por easyJet es un ejemplo m\u00e1s de los dram\u00e1ticos efectos de las dos \u00faltimas reformas laborales del PSOE y del PP &#8211;ha se\u00f1alado&#8211;. Desde el punto de vista del derecho laboral es un retroceso estar despidiendo a trabajadores con condiciones dignas y sustituirlos por otros que no tienen las mismas condiciones ni est\u00e1n protegidos por los convenios colectivos\u00bb.<\/p>\n<p>Desde Unidos Podemos, as\u00ed, abogan por \u00abun cambio de modelo en el sector tur\u00edstico que ponga en el medio los derechos sociales y laborales\u00bb, as\u00ed como \u00abpor la derogaci\u00f3n inmediata de ambas reformas laborales\u00bb, ya que \u00abfomentan unas relaciones laborales asim\u00e9tricas que dan demasiado poder a los grandes grupos empresariales\u00bb.<\/p>\n","protected":false},"excerpt":{"rendered":"<p>El Sindicato Federal Aeroportuario de la CGT, en la empresa easyjet Handling Spain, en el aeropuerto de M\u00e1laga finalmente llama a la huelga a los trabajadores del servicio de tierra de dicha compa\u00f1\u00eda, tras no haber alcanzado este martes un acuerdo en el Servicio Extrajudicial de Resoluci\u00f3n de Conflictos Laborales de Andaluc\u00eda (Sercla). As\u00ed, la<\/p>\n","protected":false},"author":1,"featured_media":77347,"comment_status":"open","ping_status":"closed","sticky":false,"template":"","format":"standard","meta":{"footnotes":""},"categories":[224],"tags":[],"class_list":{"0":"post-77346","1":"post","2":"type-post","3":"status-publish","4":"format-standard","5":"has-post-thumbnail","7":"category-noticias-actualidad"},"aioseo_notices":[],"aioseo_head":"\n\t\t<!-- All in One SEO Pro 4.9.6.1 - aioseo.com -->\n\t<meta name=\"description\" content=\"El Sindicato Federal Aeroportuario de la CGT, en la empresa easyjet Handling Spain, en el aeropuerto de M\u00e1laga finalmente llama a la huelga a los trabajadores del servicio de tierra de dicha compa\u00f1\u00eda, tras no haber alcanzado este martes un acuerdo en el Servicio Extrajudicial de Resoluci\u00f3n de Conflictos Laborales de Andaluc\u00eda (Sercla). As\u00ed, la\" \/>\n\t<meta name=\"robots\" content=\"max-image-preview:large\" \/>\n\t<meta name=\"author\" content=\"admin\"\/>\n\t<meta name=\"google-site-verification\" content=\"UA-38556648-1\" \/>\n\t<meta name=\"keywords\" content=\"noticias y actualidad\" \/>\n\t<link rel=\"canonical\" href=\"https:\/\/eldigitaldeasturias.com\/magazine365\/huelga-de-los-trabajadores-de-easyjet-handling-spain-en-el-aeropuerto-de-malaga\/\" \/>\n\t<meta name=\"generator\" content=\"All in One SEO Pro (AIOSEO) 4.9.6.1\" \/>\n\t\t<meta property=\"og:locale\" content=\"es_ES\" \/>\n\t\t<meta property=\"og:site_name\" content=\"El Digital de Asturias \u2013 Revista de ocio, turismo y estilo de vida\" \/>\n\t\t<meta property=\"og:type\" content=\"article\" \/>\n\t\t<meta property=\"og:title\" content=\"Huelga de los trabajadores de easyJet Handling Spain en el aeropuerto de M\u00e1laga | El Digital de Asturias\" \/>\n\t\t<meta property=\"og:description\" content=\"El Sindicato Federal Aeroportuario de la CGT, en la empresa easyjet Handling Spain, en el aeropuerto de M\u00e1laga finalmente llama a la huelga a los trabajadores del servicio de tierra de dicha compa\u00f1\u00eda, tras no haber alcanzado este martes un acuerdo en el Servicio Extrajudicial de Resoluci\u00f3n de Conflictos Laborales de Andaluc\u00eda (Sercla). As\u00ed, la\" \/>\n\t\t<meta property=\"og:url\" content=\"https:\/\/eldigitaldeasturias.com\/magazine365\/huelga-de-los-trabajadores-de-easyjet-handling-spain-en-el-aeropuerto-de-malaga\/\" \/>\n\t\t<meta property=\"og:image\" content=\"https:\/\/eldigitaldeasturias.com\/magazine365\/wp-content\/uploads\/2016\/06\/fotonoticia_20160531170326_800.jpg\" \/>\n\t\t<meta property=\"og:image:secure_url\" content=\"https:\/\/eldigitaldeasturias.com\/magazine365\/wp-content\/uploads\/2016\/06\/fotonoticia_20160531170326_800.jpg\" \/>\n\t\t<meta property=\"og:image:width\" content=\"800\" \/>\n\t\t<meta property=\"og:image:height\" content=\"450\" \/>\n\t\t<meta property=\"article:published_time\" content=\"2016-06-02T04:28:02+00:00\" \/>\n\t\t<meta property=\"article:modified_time\" content=\"2016-06-02T04:28:02+00:00\" \/>\n\t\t<meta name=\"twitter:card\" content=\"summary_large_image\" \/>\n\t\t<meta name=\"twitter:title\" content=\"Huelga de los trabajadores de easyJet Handling Spain en el aeropuerto de M\u00e1laga | El Digital de Asturias\" \/>\n\t\t<meta name=\"twitter:description\" content=\"El Sindicato Federal Aeroportuario de la CGT, en la empresa easyjet Handling Spain, en el aeropuerto de M\u00e1laga finalmente llama a la huelga a los trabajadores del servicio de tierra de dicha compa\u00f1\u00eda, tras no haber alcanzado este martes un acuerdo en el Servicio Extrajudicial de Resoluci\u00f3n de Conflictos Laborales de Andaluc\u00eda (Sercla). As\u00ed, la\" \/>\n\t\t<meta name=\"twitter:image\" content=\"https:\/\/eldigitaldeasturias.com\/magazine365\/wp-content\/uploads\/2016\/06\/fotonoticia_20160531170326_800.jpg\" \/>\n\t\t<script type=\"application\/ld+json\" class=\"aioseo-schema\">\n\t\t\t{\"@context\":\"https:\\\/\\\/schema.org\",\"@graph\":[{\"@type\":\"Article\",\"@id\":\"https:\\\/\\\/eldigitaldeasturias.com\\\/magazine365\\\/huelga-de-los-trabajadores-de-easyjet-handling-spain-en-el-aeropuerto-de-malaga\\\/#article\",\"name\":\"Huelga de los trabajadores de easyJet Handling Spain en el aeropuerto de M\\u00e1laga | El Digital de Asturias\",\"headline\":\"Huelga de los trabajadores de easyJet Handling Spain en el aeropuerto de M\\u00e1laga\",\"author\":{\"@id\":\"https:\\\/\\\/eldigitaldeasturias.com\\\/magazine365\\\/author\\\/admin\\\/#author\"},\"publisher\":{\"@id\":\"https:\\\/\\\/eldigitaldeasturias.com\\\/magazine365\\\/#organization\"},\"image\":{\"@type\":\"ImageObject\",\"url\":\"https:\\\/\\\/eldigitaldeasturias.com\\\/magazine365\\\/wp-content\\\/uploads\\\/2016\\\/06\\\/fotonoticia_20160531170326_800.jpg\",\"width\":800,\"height\":450},\"datePublished\":\"2016-06-02T06:28:02+02:00\",\"dateModified\":\"2016-06-02T06:28:02+02:00\",\"inLanguage\":\"es-ES\",\"mainEntityOfPage\":{\"@id\":\"https:\\\/\\\/eldigitaldeasturias.com\\\/magazine365\\\/huelga-de-los-trabajadores-de-easyjet-handling-spain-en-el-aeropuerto-de-malaga\\\/#webpage\"},\"isPartOf\":{\"@id\":\"https:\\\/\\\/eldigitaldeasturias.com\\\/magazine365\\\/huelga-de-los-trabajadores-de-easyjet-handling-spain-en-el-aeropuerto-de-malaga\\\/#webpage\"},\"articleSection\":\"Noticias y Actualidad\"},{\"@type\":\"BreadcrumbList\",\"@id\":\"https:\\\/\\\/eldigitaldeasturias.com\\\/magazine365\\\/huelga-de-los-trabajadores-de-easyjet-handling-spain-en-el-aeropuerto-de-malaga\\\/#breadcrumblist\",\"itemListElement\":[{\"@type\":\"ListItem\",\"@id\":\"https:\\\/\\\/eldigitaldeasturias.com\\\/magazine365#listItem\",\"position\":1,\"name\":\"Home\",\"item\":\"https:\\\/\\\/eldigitaldeasturias.com\\\/magazine365\",\"nextItem\":{\"@type\":\"ListItem\",\"@id\":\"https:\\\/\\\/eldigitaldeasturias.com\\\/magazine365\\\/category\\\/noticias-actualidad\\\/#listItem\",\"name\":\"Noticias y Actualidad\"}},{\"@type\":\"ListItem\",\"@id\":\"https:\\\/\\\/eldigitaldeasturias.com\\\/magazine365\\\/category\\\/noticias-actualidad\\\/#listItem\",\"position\":2,\"name\":\"Noticias y Actualidad\",\"item\":\"https:\\\/\\\/eldigitaldeasturias.com\\\/magazine365\\\/category\\\/noticias-actualidad\\\/\",\"nextItem\":{\"@type\":\"ListItem\",\"@id\":\"https:\\\/\\\/eldigitaldeasturias.com\\\/magazine365\\\/huelga-de-los-trabajadores-de-easyjet-handling-spain-en-el-aeropuerto-de-malaga\\\/#listItem\",\"name\":\"Huelga de los trabajadores de easyJet Handling Spain en el aeropuerto de M\\u00e1laga\"},\"previousItem\":{\"@type\":\"ListItem\",\"@id\":\"https:\\\/\\\/eldigitaldeasturias.com\\\/magazine365#listItem\",\"name\":\"Home\"}},{\"@type\":\"ListItem\",\"@id\":\"https:\\\/\\\/eldigitaldeasturias.com\\\/magazine365\\\/huelga-de-los-trabajadores-de-easyjet-handling-spain-en-el-aeropuerto-de-malaga\\\/#listItem\",\"position\":3,\"name\":\"Huelga de los trabajadores de easyJet Handling Spain en el aeropuerto de M\\u00e1laga\",\"previousItem\":{\"@type\":\"ListItem\",\"@id\":\"https:\\\/\\\/eldigitaldeasturias.com\\\/magazine365\\\/category\\\/noticias-actualidad\\\/#listItem\",\"name\":\"Noticias y Actualidad\"}}]},{\"@type\":\"Organization\",\"@id\":\"https:\\\/\\\/eldigitaldeasturias.com\\\/magazine365\\\/#organization\",\"name\":\"El digital de Asturias\",\"description\":\"Revista de ocio, turismo y estilo de vida\",\"url\":\"https:\\\/\\\/eldigitaldeasturias.com\\\/magazine365\\\/\",\"logo\":{\"@type\":\"ImageObject\",\"url\":\"https:\\\/\\\/www.eldigitaldeasturias.com\\\/noticias\\\/wp-content\\\/uploads\\\/2020\\\/12\\\/EDA.jpg\",\"@id\":\"https:\\\/\\\/eldigitaldeasturias.com\\\/magazine365\\\/huelga-de-los-trabajadores-de-easyjet-handling-spain-en-el-aeropuerto-de-malaga\\\/#organizationLogo\"},\"image\":{\"@id\":\"https:\\\/\\\/eldigitaldeasturias.com\\\/magazine365\\\/huelga-de-los-trabajadores-de-easyjet-handling-spain-en-el-aeropuerto-de-malaga\\\/#organizationLogo\"}},{\"@type\":\"Person\",\"@id\":\"https:\\\/\\\/eldigitaldeasturias.com\\\/magazine365\\\/author\\\/admin\\\/#author\",\"url\":\"https:\\\/\\\/eldigitaldeasturias.com\\\/magazine365\\\/author\\\/admin\\\/\",\"name\":\"admin\",\"image\":{\"@type\":\"ImageObject\",\"@id\":\"https:\\\/\\\/eldigitaldeasturias.com\\\/magazine365\\\/huelga-de-los-trabajadores-de-easyjet-handling-spain-en-el-aeropuerto-de-malaga\\\/#authorImage\",\"url\":\"https:\\\/\\\/eldigitaldeasturias.com\\\/magazine365\\\/wp-content\\\/litespeed\\\/avatar\\\/e571bcf59a0edd6fa6838245a470f2fe.jpg?ver=1776969259\",\"width\":96,\"height\":96,\"caption\":\"admin\"}},{\"@type\":\"WebPage\",\"@id\":\"https:\\\/\\\/eldigitaldeasturias.com\\\/magazine365\\\/huelga-de-los-trabajadores-de-easyjet-handling-spain-en-el-aeropuerto-de-malaga\\\/#webpage\",\"url\":\"https:\\\/\\\/eldigitaldeasturias.com\\\/magazine365\\\/huelga-de-los-trabajadores-de-easyjet-handling-spain-en-el-aeropuerto-de-malaga\\\/\",\"name\":\"Huelga de los trabajadores de easyJet Handling Spain en el aeropuerto de M\\u00e1laga | El Digital de Asturias\",\"description\":\"El Sindicato Federal Aeroportuario de la CGT, en la empresa easyjet Handling Spain, en el aeropuerto de M\\u00e1laga finalmente llama a la huelga a los trabajadores del servicio de tierra de dicha compa\\u00f1\\u00eda, tras no haber alcanzado este martes un acuerdo en el Servicio Extrajudicial de Resoluci\\u00f3n de Conflictos Laborales de Andaluc\\u00eda (Sercla). As\\u00ed, la\",\"inLanguage\":\"es-ES\",\"isPartOf\":{\"@id\":\"https:\\\/\\\/eldigitaldeasturias.com\\\/magazine365\\\/#website\"},\"breadcrumb\":{\"@id\":\"https:\\\/\\\/eldigitaldeasturias.com\\\/magazine365\\\/huelga-de-los-trabajadores-de-easyjet-handling-spain-en-el-aeropuerto-de-malaga\\\/#breadcrumblist\"},\"author\":{\"@id\":\"https:\\\/\\\/eldigitaldeasturias.com\\\/magazine365\\\/author\\\/admin\\\/#author\"},\"creator\":{\"@id\":\"https:\\\/\\\/eldigitaldeasturias.com\\\/magazine365\\\/author\\\/admin\\\/#author\"},\"image\":{\"@type\":\"ImageObject\",\"url\":\"https:\\\/\\\/eldigitaldeasturias.com\\\/magazine365\\\/wp-content\\\/uploads\\\/2016\\\/06\\\/fotonoticia_20160531170326_800.jpg\",\"@id\":\"https:\\\/\\\/eldigitaldeasturias.com\\\/magazine365\\\/huelga-de-los-trabajadores-de-easyjet-handling-spain-en-el-aeropuerto-de-malaga\\\/#mainImage\",\"width\":800,\"height\":450},\"primaryImageOfPage\":{\"@id\":\"https:\\\/\\\/eldigitaldeasturias.com\\\/magazine365\\\/huelga-de-los-trabajadores-de-easyjet-handling-spain-en-el-aeropuerto-de-malaga\\\/#mainImage\"},\"datePublished\":\"2016-06-02T06:28:02+02:00\",\"dateModified\":\"2016-06-02T06:28:02+02:00\"},{\"@type\":\"WebSite\",\"@id\":\"https:\\\/\\\/eldigitaldeasturias.com\\\/magazine365\\\/#website\",\"url\":\"https:\\\/\\\/eldigitaldeasturias.com\\\/magazine365\\\/\",\"name\":\"El Digital de Asturias\",\"description\":\"Revista de ocio, turismo y estilo de vida\",\"inLanguage\":\"es-ES\",\"publisher\":{\"@id\":\"https:\\\/\\\/eldigitaldeasturias.com\\\/magazine365\\\/#organization\"}}]}\n\t\t<\/script>\n\t\t<!-- All in One SEO Pro -->\r\n\t\t<title>Huelga de los trabajadores de easyJet Handling Spain en el aeropuerto de M\u00e1laga | El Digital de Asturias<\/title>\n\n","aioseo_head_json":{"title":"Huelga de los trabajadores de easyJet Handling Spain en el aeropuerto de M\u00e1laga | El Digital de Asturias","description":"El Sindicato Federal Aeroportuario de la CGT, en la empresa easyjet Handling Spain, en el aeropuerto de M\u00e1laga finalmente llama a la huelga a los trabajadores del servicio de tierra de dicha compa\u00f1\u00eda, tras no haber alcanzado este martes un acuerdo en el Servicio Extrajudicial de Resoluci\u00f3n de Conflictos Laborales de Andaluc\u00eda (Sercla). As\u00ed, la","canonical_url":"https:\/\/eldigitaldeasturias.com\/magazine365\/huelga-de-los-trabajadores-de-easyjet-handling-spain-en-el-aeropuerto-de-malaga\/","robots":"max-image-preview:large","keywords":"noticias y actualidad","webmasterTools":{"google-site-verification":"UA-38556648-1","miscellaneous":""},"schema":{"@context":"https:\/\/schema.org","@graph":[{"@type":"Article","@id":"https:\/\/eldigitaldeasturias.com\/magazine365\/huelga-de-los-trabajadores-de-easyjet-handling-spain-en-el-aeropuerto-de-malaga\/#article","name":"Huelga de los trabajadores de easyJet Handling Spain en el aeropuerto de M\u00e1laga | El Digital de Asturias","headline":"Huelga de los trabajadores de easyJet Handling Spain en el aeropuerto de M\u00e1laga","author":{"@id":"https:\/\/eldigitaldeasturias.com\/magazine365\/author\/admin\/#author"},"publisher":{"@id":"https:\/\/eldigitaldeasturias.com\/magazine365\/#organization"},"image":{"@type":"ImageObject","url":"https:\/\/eldigitaldeasturias.com\/magazine365\/wp-content\/uploads\/2016\/06\/fotonoticia_20160531170326_800.jpg","width":800,"height":450},"datePublished":"2016-06-02T06:28:02+02:00","dateModified":"2016-06-02T06:28:02+02:00","inLanguage":"es-ES","mainEntityOfPage":{"@id":"https:\/\/eldigitaldeasturias.com\/magazine365\/huelga-de-los-trabajadores-de-easyjet-handling-spain-en-el-aeropuerto-de-malaga\/#webpage"},"isPartOf":{"@id":"https:\/\/eldigitaldeasturias.com\/magazine365\/huelga-de-los-trabajadores-de-easyjet-handling-spain-en-el-aeropuerto-de-malaga\/#webpage"},"articleSection":"Noticias y Actualidad"},{"@type":"BreadcrumbList","@id":"https:\/\/eldigitaldeasturias.com\/magazine365\/huelga-de-los-trabajadores-de-easyjet-handling-spain-en-el-aeropuerto-de-malaga\/#breadcrumblist","itemListElement":[{"@type":"ListItem","@id":"https:\/\/eldigitaldeasturias.com\/magazine365#listItem","position":1,"name":"Home","item":"https:\/\/eldigitaldeasturias.com\/magazine365","nextItem":{"@type":"ListItem","@id":"https:\/\/eldigitaldeasturias.com\/magazine365\/category\/noticias-actualidad\/#listItem","name":"Noticias y Actualidad"}},{"@type":"ListItem","@id":"https:\/\/eldigitaldeasturias.com\/magazine365\/category\/noticias-actualidad\/#listItem","position":2,"name":"Noticias y Actualidad","item":"https:\/\/eldigitaldeasturias.com\/magazine365\/category\/noticias-actualidad\/","nextItem":{"@type":"ListItem","@id":"https:\/\/eldigitaldeasturias.com\/magazine365\/huelga-de-los-trabajadores-de-easyjet-handling-spain-en-el-aeropuerto-de-malaga\/#listItem","name":"Huelga de los trabajadores de easyJet Handling Spain en el aeropuerto de M\u00e1laga"},"previousItem":{"@type":"ListItem","@id":"https:\/\/eldigitaldeasturias.com\/magazine365#listItem","name":"Home"}},{"@type":"ListItem","@id":"https:\/\/eldigitaldeasturias.com\/magazine365\/huelga-de-los-trabajadores-de-easyjet-handling-spain-en-el-aeropuerto-de-malaga\/#listItem","position":3,"name":"Huelga de los trabajadores de easyJet Handling Spain en el aeropuerto de M\u00e1laga","previousItem":{"@type":"ListItem","@id":"https:\/\/eldigitaldeasturias.com\/magazine365\/category\/noticias-actualidad\/#listItem","name":"Noticias y Actualidad"}}]},{"@type":"Organization","@id":"https:\/\/eldigitaldeasturias.com\/magazine365\/#organization","name":"El digital de Asturias","description":"Revista de ocio, turismo y estilo de vida","url":"https:\/\/eldigitaldeasturias.com\/magazine365\/","logo":{"@type":"ImageObject","url":"https:\/\/www.eldigitaldeasturias.com\/noticias\/wp-content\/uploads\/2020\/12\/EDA.jpg","@id":"https:\/\/eldigitaldeasturias.com\/magazine365\/huelga-de-los-trabajadores-de-easyjet-handling-spain-en-el-aeropuerto-de-malaga\/#organizationLogo"},"image":{"@id":"https:\/\/eldigitaldeasturias.com\/magazine365\/huelga-de-los-trabajadores-de-easyjet-handling-spain-en-el-aeropuerto-de-malaga\/#organizationLogo"}},{"@type":"Person","@id":"https:\/\/eldigitaldeasturias.com\/magazine365\/author\/admin\/#author","url":"https:\/\/eldigitaldeasturias.com\/magazine365\/author\/admin\/","name":"admin","image":{"@type":"ImageObject","@id":"https:\/\/eldigitaldeasturias.com\/magazine365\/huelga-de-los-trabajadores-de-easyjet-handling-spain-en-el-aeropuerto-de-malaga\/#authorImage","url":"https:\/\/eldigitaldeasturias.com\/magazine365\/wp-content\/litespeed\/avatar\/e571bcf59a0edd6fa6838245a470f2fe.jpg?ver=1776969259","width":96,"height":96,"caption":"admin"}},{"@type":"WebPage","@id":"https:\/\/eldigitaldeasturias.com\/magazine365\/huelga-de-los-trabajadores-de-easyjet-handling-spain-en-el-aeropuerto-de-malaga\/#webpage","url":"https:\/\/eldigitaldeasturias.com\/magazine365\/huelga-de-los-trabajadores-de-easyjet-handling-spain-en-el-aeropuerto-de-malaga\/","name":"Huelga de los trabajadores de easyJet Handling Spain en el aeropuerto de M\u00e1laga | El Digital de Asturias","description":"El Sindicato Federal Aeroportuario de la CGT, en la empresa easyjet Handling Spain, en el aeropuerto de M\u00e1laga finalmente llama a la huelga a los trabajadores del servicio de tierra de dicha compa\u00f1\u00eda, tras no haber alcanzado este martes un acuerdo en el Servicio Extrajudicial de Resoluci\u00f3n de Conflictos Laborales de Andaluc\u00eda (Sercla). As\u00ed, la","inLanguage":"es-ES","isPartOf":{"@id":"https:\/\/eldigitaldeasturias.com\/magazine365\/#website"},"breadcrumb":{"@id":"https:\/\/eldigitaldeasturias.com\/magazine365\/huelga-de-los-trabajadores-de-easyjet-handling-spain-en-el-aeropuerto-de-malaga\/#breadcrumblist"},"author":{"@id":"https:\/\/eldigitaldeasturias.com\/magazine365\/author\/admin\/#author"},"creator":{"@id":"https:\/\/eldigitaldeasturias.com\/magazine365\/author\/admin\/#author"},"image":{"@type":"ImageObject","url":"https:\/\/eldigitaldeasturias.com\/magazine365\/wp-content\/uploads\/2016\/06\/fotonoticia_20160531170326_800.jpg","@id":"https:\/\/eldigitaldeasturias.com\/magazine365\/huelga-de-los-trabajadores-de-easyjet-handling-spain-en-el-aeropuerto-de-malaga\/#mainImage","width":800,"height":450},"primaryImageOfPage":{"@id":"https:\/\/eldigitaldeasturias.com\/magazine365\/huelga-de-los-trabajadores-de-easyjet-handling-spain-en-el-aeropuerto-de-malaga\/#mainImage"},"datePublished":"2016-06-02T06:28:02+02:00","dateModified":"2016-06-02T06:28:02+02:00"},{"@type":"WebSite","@id":"https:\/\/eldigitaldeasturias.com\/magazine365\/#website","url":"https:\/\/eldigitaldeasturias.com\/magazine365\/","name":"El Digital de Asturias","description":"Revista de ocio, turismo y estilo de vida","inLanguage":"es-ES","publisher":{"@id":"https:\/\/eldigitaldeasturias.com\/magazine365\/#organization"}}]},"og:locale":"es_ES","og:site_name":"El Digital de Asturias \u2013 Revista de ocio, turismo y estilo de vida","og:type":"article","og:title":"Huelga de los trabajadores de easyJet Handling Spain en el aeropuerto de M\u00e1laga | El Digital de Asturias","og:description":"El Sindicato Federal Aeroportuario de la CGT, en la empresa easyjet Handling Spain, en el aeropuerto de M\u00e1laga finalmente llama a la huelga a los trabajadores del servicio de tierra de dicha compa\u00f1\u00eda, tras no haber alcanzado este martes un acuerdo en el Servicio Extrajudicial de Resoluci\u00f3n de Conflictos Laborales de Andaluc\u00eda (Sercla). As\u00ed, la","og:url":"https:\/\/eldigitaldeasturias.com\/magazine365\/huelga-de-los-trabajadores-de-easyjet-handling-spain-en-el-aeropuerto-de-malaga\/","og:image":"https:\/\/eldigitaldeasturias.com\/magazine365\/wp-content\/uploads\/2016\/06\/fotonoticia_20160531170326_800.jpg","og:image:secure_url":"https:\/\/eldigitaldeasturias.com\/magazine365\/wp-content\/uploads\/2016\/06\/fotonoticia_20160531170326_800.jpg","og:image:width":800,"og:image:height":450,"article:published_time":"2016-06-02T04:28:02+00:00","article:modified_time":"2016-06-02T04:28:02+00:00","twitter:card":"summary_large_image","twitter:title":"Huelga de los trabajadores de easyJet Handling Spain en el aeropuerto de M\u00e1laga | El Digital de Asturias","twitter:description":"El Sindicato Federal Aeroportuario de la CGT, en la empresa easyjet Handling Spain, en el aeropuerto de M\u00e1laga finalmente llama a la huelga a los trabajadores del servicio de tierra de dicha compa\u00f1\u00eda, tras no haber alcanzado este martes un acuerdo en el Servicio Extrajudicial de Resoluci\u00f3n de Conflictos Laborales de Andaluc\u00eda (Sercla). As\u00ed, la","twitter:image":"https:\/\/eldigitaldeasturias.com\/magazine365\/wp-content\/uploads\/2016\/06\/fotonoticia_20160531170326_800.jpg"},"aioseo_meta_data":{"post_id":"77346","title":null,"description":null,"keywords":null,"keyphrases":null,"primary_term":null,"canonical_url":null,"og_title":null,"og_description":null,"og_object_type":"default","og_image_type":"default","og_image_url":null,"og_image_width":null,"og_image_height":null,"og_image_custom_url":null,"og_image_custom_fields":null,"og_video":null,"og_custom_url":null,"og_article_section":null,"og_article_tags":null,"twitter_use_og":false,"twitter_card":"default","twitter_image_type":"default","twitter_image_url":null,"twitter_image_custom_url":null,"twitter_image_custom_fields":null,"twitter_title":null,"twitter_description":null,"schema":{"blockGraphs":[],"customGraphs":[],"default":{"data":{"Article":[],"Course":[],"Dataset":[],"FAQPage":[],"Movie":[],"Person":[],"Product":[],"ProductReview":[],"Car":[],"Recipe":[],"Service":[],"SoftwareApplication":[],"WebPage":[]},"graphName":"","isEnabled":true},"graphs":[]},"schema_type":null,"schema_type_options":null,"pillar_content":false,"robots_default":true,"robots_noindex":false,"robots_noarchive":false,"robots_nosnippet":false,"robots_nofollow":false,"robots_noimageindex":false,"robots_noodp":false,"robots_notranslate":false,"robots_max_snippet":null,"robots_max_videopreview":null,"robots_max_imagepreview":"large","priority":null,"frequency":null,"location":null,"local_seo":null,"seo_analyzer_scan_date":"2025-09-27 14:41:27","breadcrumb_settings":null,"limit_modified_date":false,"open_ai":null,"ai":null,"created":"2021-03-08 18:15:56","updated":"2025-09-27 14:41:27"},"aioseo_breadcrumb":"<div class=\"aioseo-breadcrumbs\"><span class=\"aioseo-breadcrumb\">\n\t<a href=\"https:\/\/eldigitaldeasturias.com\/magazine365\" title=\"Home\">Home<\/a>\n<\/span><span class=\"aioseo-breadcrumb-separator\">\u2013<\/span><span class=\"aioseo-breadcrumb\">\n\t<a href=\"https:\/\/eldigitaldeasturias.com\/magazine365\/category\/noticias-actualidad\/\" title=\"Noticias y Actualidad\">Noticias y Actualidad<\/a>\n<\/span><span class=\"aioseo-breadcrumb-separator\">\u2013<\/span><span class=\"aioseo-breadcrumb\">\n\t<a href=\"https:\/\/eldigitaldeasturias.com\/magazine365\/huelga-de-los-trabajadores-de-easyjet-handling-spain-en-el-aeropuerto-de-malaga\/\" title=\"Huelga de los trabajadores de easyJet Handling Spain en el aeropuerto de M\u00e1laga\">Huelga de los trabajadores de easyJet Handling Spain en el aeropuerto de M\u00e1laga<\/a>\n<\/span><\/div>","aioseo_breadcrumb_json":[{"label":"Home","link":"https:\/\/eldigitaldeasturias.com\/magazine365"},{"label":"Noticias y Actualidad","link":"https:\/\/eldigitaldeasturias.com\/magazine365\/category\/noticias-actualidad\/"},{"label":"Huelga de los trabajadores de easyJet Handling Spain en el aeropuerto de M\u00e1laga","link":"https:\/\/eldigitaldeasturias.com\/magazine365\/huelga-de-los-trabajadores-de-easyjet-handling-spain-en-el-aeropuerto-de-malaga\/"}],"_links":{"self":[{"href":"https:\/\/eldigitaldeasturias.com\/magazine365\/wp-json\/wp\/v2\/posts\/77346","targetHints":{"allow":["GET"]}}],"collection":[{"href":"https:\/\/eldigitaldeasturias.com\/magazine365\/wp-json\/wp\/v2\/posts"}],"about":[{"href":"https:\/\/eldigitaldeasturias.com\/magazine365\/wp-json\/wp\/v2\/types\/post"}],"author":[{"embeddable":true,"href":"https:\/\/eldigitaldeasturias.com\/magazine365\/wp-json\/wp\/v2\/users\/1"}],"replies":[{"embeddable":true,"href":"https:\/\/eldigitaldeasturias.com\/magazine365\/wp-json\/wp\/v2\/comments?post=77346"}],"version-history":[{"count":0,"href":"https:\/\/eldigitaldeasturias.com\/magazine365\/wp-json\/wp\/v2\/posts\/77346\/revisions"}],"wp:featuredmedia":[{"embeddable":true,"href":"https:\/\/eldigitaldeasturias.com\/magazine365\/wp-json\/wp\/v2\/media\/77347"}],"wp:attachment":[{"href":"https:\/\/eldigitaldeasturias.com\/magazine365\/wp-json\/wp\/v2\/media?parent=77346"}],"wp:term":[{"taxonomy":"category","embeddable":true,"href":"https:\/\/eldigitaldeasturias.com\/magazine365\/wp-json\/wp\/v2\/categories?post=77346"},{"taxonomy":"post_tag","embeddable":true,"href":"https:\/\/eldigitaldeasturias.com\/magazine365\/wp-json\/wp\/v2\/tags?post=77346"}],"curies":[{"name":"wp","href":"https:\/\/api.w.org\/{rel}","templated":true}]}}