{"id":77344,"date":"2016-06-02T06:25:36","date_gmt":"2016-06-02T04:25:36","guid":{"rendered":"http:\/\/eldigitaldeasturias.com\/magazine365\/?p=77344"},"modified":"2016-06-02T06:25:36","modified_gmt":"2016-06-02T04:25:36","slug":"pastor-destaca-el-papel-de-las-inversiones-millonarias-de-fomento-en-el-puerto-de-la-luz","status":"publish","type":"post","link":"https:\/\/eldigitaldeasturias.com\/magazine365\/pastor-destaca-el-papel-de-las-inversiones-millonarias-de-fomento-en-el-puerto-de-la-luz\/","title":{"rendered":"Pastor destaca el papel de las \u00abinversiones millonarias\u00bb de Fomento en el Puerto de La Luz"},"content":{"rendered":"<p><img fetchpriority=\"high\" decoding=\"async\" class=\"alignleft size-medium wp-image-77342\" src=\"https:\/\/eldigitaldeasturias.com\/magazine365\/wp-content\/uploads\/2016\/06\/fotonoticia_20160531155406_800-360x270.jpg\" alt=\"fotonoticia_20160531155406_800\" width=\"360\" height=\"270\" srcset=\"https:\/\/eldigitaldeasturias.com\/magazine365\/wp-content\/uploads\/2016\/06\/fotonoticia_20160531155406_800-360x270.jpg 360w, https:\/\/eldigitaldeasturias.com\/magazine365\/wp-content\/uploads\/2016\/06\/fotonoticia_20160531155406_800-650x488.jpg 650w, https:\/\/eldigitaldeasturias.com\/magazine365\/wp-content\/uploads\/2016\/06\/fotonoticia_20160531155406_800-768x576.jpg 768w, https:\/\/eldigitaldeasturias.com\/magazine365\/wp-content\/uploads\/2016\/06\/fotonoticia_20160531155406_800-150x113.jpg 150w, https:\/\/eldigitaldeasturias.com\/magazine365\/wp-content\/uploads\/2016\/06\/fotonoticia_20160531155406_800-450x338.jpg 450w, https:\/\/eldigitaldeasturias.com\/magazine365\/wp-content\/uploads\/2016\/06\/fotonoticia_20160531155406_800-90x67.jpg 90w, https:\/\/eldigitaldeasturias.com\/magazine365\/wp-content\/uploads\/2016\/06\/fotonoticia_20160531155406_800-164x124.jpg 164w, https:\/\/eldigitaldeasturias.com\/magazine365\/wp-content\/uploads\/2016\/06\/fotonoticia_20160531155406_800-100x75.jpg 100w, https:\/\/eldigitaldeasturias.com\/magazine365\/wp-content\/uploads\/2016\/06\/fotonoticia_20160531155406_800.jpg 800w\" sizes=\"(max-width: 360px) 100vw, 360px\" \/>La ministra de Fomento, Ana Pastor, ha destacado el papel que est\u00e1n jugando las \u00abinversiones millonarias\u00bb del Estado en el Puerto de La Luz y de Las Palmas y su repercusi\u00f3n en el empleo y para la actividad econ\u00f3mica de Las Palmas de Gran Canaria.<\/p>\n<p>As\u00ed lo puso este martes de manifiesto durante una visita a las principales obras, tanto p\u00fablicas como privadas, que se est\u00e1n desarrollando en el recinto portuario.<\/p>\n<p>La primera de las paradas del recorrido fue la segunda nave del Programa Mundial de Alimentos (PMA) en Gran Canaria. \u00abHemos cedido otra nave de 5.000 m2, por lo que tenemos m\u00e1s de 6.000 m2 ya a disposici\u00f3n del PMA\u00bb, dijo.<\/p>\n<p>Por su parte, coment\u00f3 que se va a licitar una obra, que tiene un coste de 700.000 euros para que la nave est\u00e9 \u00abperfectamente adaptada\u00bb, mientras coment\u00f3 que la misma tiene problemas en el techo y de aislamiento, por lo que es fundamental corregirlos porque la nave alberga alimentos.<\/p>\n<p>ACUARIO &#8216;POEMA DEL MAR&#8217;<\/p>\n<p>La segunda de las paradas fue para el futuro Acuario &#8216;Poema del mar&#8217;, donde la ministra destac\u00f3 tambi\u00e9n el proyecto &#8216;Puerto-Ciudad&#8217;, que busca abrir el puerto a la capital.<\/p>\n<p>Posteriormente, Pastor se traslad\u00f3 hasta el Muelle Nelson Mandela y conoci\u00f3 de primera mano las actuaciones que est\u00e1n llevando all\u00ed Naviera Armas y OHL.<\/p>\n<p>\u00abEstamos hablando de inversiones millonarias que est\u00e1n generando ya puestos de trabajo ahora que se est\u00e1n construyendo pero que, sobre todo, van a generar en la capital una ocupaci\u00f3n de mano de obra y de profesionales muy intensa\u00bb, asever\u00f3.<\/p>\n","protected":false},"excerpt":{"rendered":"<p>La ministra de Fomento, Ana Pastor, ha destacado el papel que est\u00e1n jugando las \u00abinversiones millonarias\u00bb del Estado en el Puerto de La Luz y de Las Palmas y su repercusi\u00f3n en el empleo y para la actividad econ\u00f3mica de Las Palmas de Gran Canaria. As\u00ed lo puso este martes de manifiesto durante una visita<\/p>\n","protected":false},"author":1,"featured_media":77342,"comment_status":"open","ping_status":"closed","sticky":false,"template":"","format":"standard","meta":{"footnotes":""},"categories":[224],"tags":[],"class_list":{"0":"post-77344","1":"post","2":"type-post","3":"status-publish","4":"format-standard","5":"has-post-thumbnail","7":"category-noticias-actualidad"},"aioseo_notices":[],"aioseo_head":"\n\t\t<!-- All in One SEO Pro 4.9.6.1 - aioseo.com -->\n\t<meta name=\"description\" content=\"La ministra de Fomento, Ana Pastor, ha destacado el papel que est\u00e1n jugando las &quot;inversiones millonarias&quot; del Estado en el Puerto de La Luz y de Las Palmas y su repercusi\u00f3n en el empleo y para la actividad econ\u00f3mica de Las Palmas de Gran Canaria. As\u00ed lo puso este martes de manifiesto durante una visita\" \/>\n\t<meta name=\"robots\" content=\"max-image-preview:large\" \/>\n\t<meta name=\"author\" content=\"admin\"\/>\n\t<meta name=\"google-site-verification\" content=\"UA-38556648-1\" \/>\n\t<meta name=\"keywords\" content=\"noticias y actualidad\" \/>\n\t<link rel=\"canonical\" href=\"https:\/\/eldigitaldeasturias.com\/magazine365\/pastor-destaca-el-papel-de-las-inversiones-millonarias-de-fomento-en-el-puerto-de-la-luz\/\" \/>\n\t<meta name=\"generator\" content=\"All in One SEO Pro (AIOSEO) 4.9.6.1\" \/>\n\t\t<meta property=\"og:locale\" content=\"es_ES\" \/>\n\t\t<meta property=\"og:site_name\" content=\"El Digital de Asturias \u2013 Revista de ocio, turismo y estilo de vida\" \/>\n\t\t<meta property=\"og:type\" content=\"article\" \/>\n\t\t<meta property=\"og:title\" content=\"Pastor destaca el papel de las \u00abinversiones millonarias\u00bb de Fomento en el Puerto de La Luz | El Digital de Asturias\" \/>\n\t\t<meta property=\"og:description\" content=\"La ministra de Fomento, Ana Pastor, ha destacado el papel que est\u00e1n jugando las &quot;inversiones millonarias&quot; del Estado en el Puerto de La Luz y de Las Palmas y su repercusi\u00f3n en el empleo y para la actividad econ\u00f3mica de Las Palmas de Gran Canaria. As\u00ed lo puso este martes de manifiesto durante una visita\" \/>\n\t\t<meta property=\"og:url\" content=\"https:\/\/eldigitaldeasturias.com\/magazine365\/pastor-destaca-el-papel-de-las-inversiones-millonarias-de-fomento-en-el-puerto-de-la-luz\/\" \/>\n\t\t<meta property=\"og:image\" content=\"https:\/\/eldigitaldeasturias.com\/magazine365\/wp-content\/uploads\/2016\/06\/fotonoticia_20160531155406_800.jpg\" \/>\n\t\t<meta property=\"og:image:secure_url\" content=\"https:\/\/eldigitaldeasturias.com\/magazine365\/wp-content\/uploads\/2016\/06\/fotonoticia_20160531155406_800.jpg\" \/>\n\t\t<meta property=\"og:image:width\" content=\"800\" \/>\n\t\t<meta property=\"og:image:height\" content=\"600\" \/>\n\t\t<meta property=\"article:published_time\" content=\"2016-06-02T04:25:36+00:00\" \/>\n\t\t<meta property=\"article:modified_time\" content=\"2016-06-02T04:25:36+00:00\" \/>\n\t\t<meta name=\"twitter:card\" content=\"summary_large_image\" \/>\n\t\t<meta name=\"twitter:title\" content=\"Pastor destaca el papel de las \u00abinversiones millonarias\u00bb de Fomento en el Puerto de La Luz | El Digital de Asturias\" \/>\n\t\t<meta name=\"twitter:description\" content=\"La ministra de Fomento, Ana Pastor, ha destacado el papel que est\u00e1n jugando las &quot;inversiones millonarias&quot; del Estado en el Puerto de La Luz y de Las Palmas y su repercusi\u00f3n en el empleo y para la actividad econ\u00f3mica de Las Palmas de Gran Canaria. As\u00ed lo puso este martes de manifiesto durante una visita\" \/>\n\t\t<meta name=\"twitter:image\" content=\"https:\/\/eldigitaldeasturias.com\/magazine365\/wp-content\/uploads\/2016\/06\/fotonoticia_20160531155406_800.jpg\" \/>\n\t\t<script type=\"application\/ld+json\" class=\"aioseo-schema\">\n\t\t\t{\"@context\":\"https:\\\/\\\/schema.org\",\"@graph\":[{\"@type\":\"Article\",\"@id\":\"https:\\\/\\\/eldigitaldeasturias.com\\\/magazine365\\\/pastor-destaca-el-papel-de-las-inversiones-millonarias-de-fomento-en-el-puerto-de-la-luz\\\/#article\",\"name\":\"Pastor destaca el papel de las \\u00abinversiones millonarias\\u00bb de Fomento en el Puerto de La Luz | El Digital de Asturias\",\"headline\":\"Pastor destaca el papel de las \\u00abinversiones millonarias\\u00bb de Fomento en el Puerto de La Luz\",\"author\":{\"@id\":\"https:\\\/\\\/eldigitaldeasturias.com\\\/magazine365\\\/author\\\/admin\\\/#author\"},\"publisher\":{\"@id\":\"https:\\\/\\\/eldigitaldeasturias.com\\\/magazine365\\\/#organization\"},\"image\":{\"@type\":\"ImageObject\",\"url\":\"https:\\\/\\\/eldigitaldeasturias.com\\\/magazine365\\\/wp-content\\\/uploads\\\/2016\\\/06\\\/fotonoticia_20160531155406_800.jpg\",\"width\":800,\"height\":600},\"datePublished\":\"2016-06-02T06:25:36+02:00\",\"dateModified\":\"2016-06-02T06:25:36+02:00\",\"inLanguage\":\"es-ES\",\"mainEntityOfPage\":{\"@id\":\"https:\\\/\\\/eldigitaldeasturias.com\\\/magazine365\\\/pastor-destaca-el-papel-de-las-inversiones-millonarias-de-fomento-en-el-puerto-de-la-luz\\\/#webpage\"},\"isPartOf\":{\"@id\":\"https:\\\/\\\/eldigitaldeasturias.com\\\/magazine365\\\/pastor-destaca-el-papel-de-las-inversiones-millonarias-de-fomento-en-el-puerto-de-la-luz\\\/#webpage\"},\"articleSection\":\"Noticias y Actualidad\"},{\"@type\":\"BreadcrumbList\",\"@id\":\"https:\\\/\\\/eldigitaldeasturias.com\\\/magazine365\\\/pastor-destaca-el-papel-de-las-inversiones-millonarias-de-fomento-en-el-puerto-de-la-luz\\\/#breadcrumblist\",\"itemListElement\":[{\"@type\":\"ListItem\",\"@id\":\"https:\\\/\\\/eldigitaldeasturias.com\\\/magazine365#listItem\",\"position\":1,\"name\":\"Home\",\"item\":\"https:\\\/\\\/eldigitaldeasturias.com\\\/magazine365\",\"nextItem\":{\"@type\":\"ListItem\",\"@id\":\"https:\\\/\\\/eldigitaldeasturias.com\\\/magazine365\\\/category\\\/noticias-actualidad\\\/#listItem\",\"name\":\"Noticias y Actualidad\"}},{\"@type\":\"ListItem\",\"@id\":\"https:\\\/\\\/eldigitaldeasturias.com\\\/magazine365\\\/category\\\/noticias-actualidad\\\/#listItem\",\"position\":2,\"name\":\"Noticias y Actualidad\",\"item\":\"https:\\\/\\\/eldigitaldeasturias.com\\\/magazine365\\\/category\\\/noticias-actualidad\\\/\",\"nextItem\":{\"@type\":\"ListItem\",\"@id\":\"https:\\\/\\\/eldigitaldeasturias.com\\\/magazine365\\\/pastor-destaca-el-papel-de-las-inversiones-millonarias-de-fomento-en-el-puerto-de-la-luz\\\/#listItem\",\"name\":\"Pastor destaca el papel de las \\u00abinversiones millonarias\\u00bb de Fomento en el Puerto de La Luz\"},\"previousItem\":{\"@type\":\"ListItem\",\"@id\":\"https:\\\/\\\/eldigitaldeasturias.com\\\/magazine365#listItem\",\"name\":\"Home\"}},{\"@type\":\"ListItem\",\"@id\":\"https:\\\/\\\/eldigitaldeasturias.com\\\/magazine365\\\/pastor-destaca-el-papel-de-las-inversiones-millonarias-de-fomento-en-el-puerto-de-la-luz\\\/#listItem\",\"position\":3,\"name\":\"Pastor destaca el papel de las \\u00abinversiones millonarias\\u00bb de Fomento en el Puerto de La Luz\",\"previousItem\":{\"@type\":\"ListItem\",\"@id\":\"https:\\\/\\\/eldigitaldeasturias.com\\\/magazine365\\\/category\\\/noticias-actualidad\\\/#listItem\",\"name\":\"Noticias y Actualidad\"}}]},{\"@type\":\"Organization\",\"@id\":\"https:\\\/\\\/eldigitaldeasturias.com\\\/magazine365\\\/#organization\",\"name\":\"El digital de Asturias\",\"description\":\"Revista de ocio, turismo y estilo de vida\",\"url\":\"https:\\\/\\\/eldigitaldeasturias.com\\\/magazine365\\\/\",\"logo\":{\"@type\":\"ImageObject\",\"url\":\"https:\\\/\\\/www.eldigitaldeasturias.com\\\/noticias\\\/wp-content\\\/uploads\\\/2020\\\/12\\\/EDA.jpg\",\"@id\":\"https:\\\/\\\/eldigitaldeasturias.com\\\/magazine365\\\/pastor-destaca-el-papel-de-las-inversiones-millonarias-de-fomento-en-el-puerto-de-la-luz\\\/#organizationLogo\"},\"image\":{\"@id\":\"https:\\\/\\\/eldigitaldeasturias.com\\\/magazine365\\\/pastor-destaca-el-papel-de-las-inversiones-millonarias-de-fomento-en-el-puerto-de-la-luz\\\/#organizationLogo\"}},{\"@type\":\"Person\",\"@id\":\"https:\\\/\\\/eldigitaldeasturias.com\\\/magazine365\\\/author\\\/admin\\\/#author\",\"url\":\"https:\\\/\\\/eldigitaldeasturias.com\\\/magazine365\\\/author\\\/admin\\\/\",\"name\":\"admin\",\"image\":{\"@type\":\"ImageObject\",\"@id\":\"https:\\\/\\\/eldigitaldeasturias.com\\\/magazine365\\\/pastor-destaca-el-papel-de-las-inversiones-millonarias-de-fomento-en-el-puerto-de-la-luz\\\/#authorImage\",\"url\":\"https:\\\/\\\/eldigitaldeasturias.com\\\/magazine365\\\/wp-content\\\/litespeed\\\/avatar\\\/e571bcf59a0edd6fa6838245a470f2fe.jpg?ver=1776969259\",\"width\":96,\"height\":96,\"caption\":\"admin\"}},{\"@type\":\"WebPage\",\"@id\":\"https:\\\/\\\/eldigitaldeasturias.com\\\/magazine365\\\/pastor-destaca-el-papel-de-las-inversiones-millonarias-de-fomento-en-el-puerto-de-la-luz\\\/#webpage\",\"url\":\"https:\\\/\\\/eldigitaldeasturias.com\\\/magazine365\\\/pastor-destaca-el-papel-de-las-inversiones-millonarias-de-fomento-en-el-puerto-de-la-luz\\\/\",\"name\":\"Pastor destaca el papel de las \\u00abinversiones millonarias\\u00bb de Fomento en el Puerto de La Luz | El Digital de Asturias\",\"description\":\"La ministra de Fomento, Ana Pastor, ha destacado el papel que est\\u00e1n jugando las \\\"inversiones millonarias\\\" del Estado en el Puerto de La Luz y de Las Palmas y su repercusi\\u00f3n en el empleo y para la actividad econ\\u00f3mica de Las Palmas de Gran Canaria. As\\u00ed lo puso este martes de manifiesto durante una visita\",\"inLanguage\":\"es-ES\",\"isPartOf\":{\"@id\":\"https:\\\/\\\/eldigitaldeasturias.com\\\/magazine365\\\/#website\"},\"breadcrumb\":{\"@id\":\"https:\\\/\\\/eldigitaldeasturias.com\\\/magazine365\\\/pastor-destaca-el-papel-de-las-inversiones-millonarias-de-fomento-en-el-puerto-de-la-luz\\\/#breadcrumblist\"},\"author\":{\"@id\":\"https:\\\/\\\/eldigitaldeasturias.com\\\/magazine365\\\/author\\\/admin\\\/#author\"},\"creator\":{\"@id\":\"https:\\\/\\\/eldigitaldeasturias.com\\\/magazine365\\\/author\\\/admin\\\/#author\"},\"image\":{\"@type\":\"ImageObject\",\"url\":\"https:\\\/\\\/eldigitaldeasturias.com\\\/magazine365\\\/wp-content\\\/uploads\\\/2016\\\/06\\\/fotonoticia_20160531155406_800.jpg\",\"@id\":\"https:\\\/\\\/eldigitaldeasturias.com\\\/magazine365\\\/pastor-destaca-el-papel-de-las-inversiones-millonarias-de-fomento-en-el-puerto-de-la-luz\\\/#mainImage\",\"width\":800,\"height\":600},\"primaryImageOfPage\":{\"@id\":\"https:\\\/\\\/eldigitaldeasturias.com\\\/magazine365\\\/pastor-destaca-el-papel-de-las-inversiones-millonarias-de-fomento-en-el-puerto-de-la-luz\\\/#mainImage\"},\"datePublished\":\"2016-06-02T06:25:36+02:00\",\"dateModified\":\"2016-06-02T06:25:36+02:00\"},{\"@type\":\"WebSite\",\"@id\":\"https:\\\/\\\/eldigitaldeasturias.com\\\/magazine365\\\/#website\",\"url\":\"https:\\\/\\\/eldigitaldeasturias.com\\\/magazine365\\\/\",\"name\":\"El Digital de Asturias\",\"description\":\"Revista de ocio, turismo y estilo de vida\",\"inLanguage\":\"es-ES\",\"publisher\":{\"@id\":\"https:\\\/\\\/eldigitaldeasturias.com\\\/magazine365\\\/#organization\"}}]}\n\t\t<\/script>\n\t\t<!-- All in One SEO Pro -->\r\n\t\t<title>Pastor destaca el papel de las \u00abinversiones millonarias\u00bb de Fomento en el Puerto de La Luz | El Digital de Asturias<\/title>\n\n","aioseo_head_json":{"title":"Pastor destaca el papel de las \u00abinversiones millonarias\u00bb de Fomento en el Puerto de La Luz | El Digital de Asturias","description":"La ministra de Fomento, Ana Pastor, ha destacado el papel que est\u00e1n jugando las \"inversiones millonarias\" del Estado en el Puerto de La Luz y de Las Palmas y su repercusi\u00f3n en el empleo y para la actividad econ\u00f3mica de Las Palmas de Gran Canaria. As\u00ed lo puso este martes de manifiesto durante una visita","canonical_url":"https:\/\/eldigitaldeasturias.com\/magazine365\/pastor-destaca-el-papel-de-las-inversiones-millonarias-de-fomento-en-el-puerto-de-la-luz\/","robots":"max-image-preview:large","keywords":"noticias y actualidad","webmasterTools":{"google-site-verification":"UA-38556648-1","miscellaneous":""},"schema":{"@context":"https:\/\/schema.org","@graph":[{"@type":"Article","@id":"https:\/\/eldigitaldeasturias.com\/magazine365\/pastor-destaca-el-papel-de-las-inversiones-millonarias-de-fomento-en-el-puerto-de-la-luz\/#article","name":"Pastor destaca el papel de las \u00abinversiones millonarias\u00bb de Fomento en el Puerto de La Luz | El Digital de Asturias","headline":"Pastor destaca el papel de las \u00abinversiones millonarias\u00bb de Fomento en el Puerto de La Luz","author":{"@id":"https:\/\/eldigitaldeasturias.com\/magazine365\/author\/admin\/#author"},"publisher":{"@id":"https:\/\/eldigitaldeasturias.com\/magazine365\/#organization"},"image":{"@type":"ImageObject","url":"https:\/\/eldigitaldeasturias.com\/magazine365\/wp-content\/uploads\/2016\/06\/fotonoticia_20160531155406_800.jpg","width":800,"height":600},"datePublished":"2016-06-02T06:25:36+02:00","dateModified":"2016-06-02T06:25:36+02:00","inLanguage":"es-ES","mainEntityOfPage":{"@id":"https:\/\/eldigitaldeasturias.com\/magazine365\/pastor-destaca-el-papel-de-las-inversiones-millonarias-de-fomento-en-el-puerto-de-la-luz\/#webpage"},"isPartOf":{"@id":"https:\/\/eldigitaldeasturias.com\/magazine365\/pastor-destaca-el-papel-de-las-inversiones-millonarias-de-fomento-en-el-puerto-de-la-luz\/#webpage"},"articleSection":"Noticias y Actualidad"},{"@type":"BreadcrumbList","@id":"https:\/\/eldigitaldeasturias.com\/magazine365\/pastor-destaca-el-papel-de-las-inversiones-millonarias-de-fomento-en-el-puerto-de-la-luz\/#breadcrumblist","itemListElement":[{"@type":"ListItem","@id":"https:\/\/eldigitaldeasturias.com\/magazine365#listItem","position":1,"name":"Home","item":"https:\/\/eldigitaldeasturias.com\/magazine365","nextItem":{"@type":"ListItem","@id":"https:\/\/eldigitaldeasturias.com\/magazine365\/category\/noticias-actualidad\/#listItem","name":"Noticias y Actualidad"}},{"@type":"ListItem","@id":"https:\/\/eldigitaldeasturias.com\/magazine365\/category\/noticias-actualidad\/#listItem","position":2,"name":"Noticias y Actualidad","item":"https:\/\/eldigitaldeasturias.com\/magazine365\/category\/noticias-actualidad\/","nextItem":{"@type":"ListItem","@id":"https:\/\/eldigitaldeasturias.com\/magazine365\/pastor-destaca-el-papel-de-las-inversiones-millonarias-de-fomento-en-el-puerto-de-la-luz\/#listItem","name":"Pastor destaca el papel de las \u00abinversiones millonarias\u00bb de Fomento en el Puerto de La Luz"},"previousItem":{"@type":"ListItem","@id":"https:\/\/eldigitaldeasturias.com\/magazine365#listItem","name":"Home"}},{"@type":"ListItem","@id":"https:\/\/eldigitaldeasturias.com\/magazine365\/pastor-destaca-el-papel-de-las-inversiones-millonarias-de-fomento-en-el-puerto-de-la-luz\/#listItem","position":3,"name":"Pastor destaca el papel de las \u00abinversiones millonarias\u00bb de Fomento en el Puerto de La Luz","previousItem":{"@type":"ListItem","@id":"https:\/\/eldigitaldeasturias.com\/magazine365\/category\/noticias-actualidad\/#listItem","name":"Noticias y Actualidad"}}]},{"@type":"Organization","@id":"https:\/\/eldigitaldeasturias.com\/magazine365\/#organization","name":"El digital de Asturias","description":"Revista de ocio, turismo y estilo de vida","url":"https:\/\/eldigitaldeasturias.com\/magazine365\/","logo":{"@type":"ImageObject","url":"https:\/\/www.eldigitaldeasturias.com\/noticias\/wp-content\/uploads\/2020\/12\/EDA.jpg","@id":"https:\/\/eldigitaldeasturias.com\/magazine365\/pastor-destaca-el-papel-de-las-inversiones-millonarias-de-fomento-en-el-puerto-de-la-luz\/#organizationLogo"},"image":{"@id":"https:\/\/eldigitaldeasturias.com\/magazine365\/pastor-destaca-el-papel-de-las-inversiones-millonarias-de-fomento-en-el-puerto-de-la-luz\/#organizationLogo"}},{"@type":"Person","@id":"https:\/\/eldigitaldeasturias.com\/magazine365\/author\/admin\/#author","url":"https:\/\/eldigitaldeasturias.com\/magazine365\/author\/admin\/","name":"admin","image":{"@type":"ImageObject","@id":"https:\/\/eldigitaldeasturias.com\/magazine365\/pastor-destaca-el-papel-de-las-inversiones-millonarias-de-fomento-en-el-puerto-de-la-luz\/#authorImage","url":"https:\/\/eldigitaldeasturias.com\/magazine365\/wp-content\/litespeed\/avatar\/e571bcf59a0edd6fa6838245a470f2fe.jpg?ver=1776969259","width":96,"height":96,"caption":"admin"}},{"@type":"WebPage","@id":"https:\/\/eldigitaldeasturias.com\/magazine365\/pastor-destaca-el-papel-de-las-inversiones-millonarias-de-fomento-en-el-puerto-de-la-luz\/#webpage","url":"https:\/\/eldigitaldeasturias.com\/magazine365\/pastor-destaca-el-papel-de-las-inversiones-millonarias-de-fomento-en-el-puerto-de-la-luz\/","name":"Pastor destaca el papel de las \u00abinversiones millonarias\u00bb de Fomento en el Puerto de La Luz | El Digital de Asturias","description":"La ministra de Fomento, Ana Pastor, ha destacado el papel que est\u00e1n jugando las \"inversiones millonarias\" del Estado en el Puerto de La Luz y de Las Palmas y su repercusi\u00f3n en el empleo y para la actividad econ\u00f3mica de Las Palmas de Gran Canaria. As\u00ed lo puso este martes de manifiesto durante una visita","inLanguage":"es-ES","isPartOf":{"@id":"https:\/\/eldigitaldeasturias.com\/magazine365\/#website"},"breadcrumb":{"@id":"https:\/\/eldigitaldeasturias.com\/magazine365\/pastor-destaca-el-papel-de-las-inversiones-millonarias-de-fomento-en-el-puerto-de-la-luz\/#breadcrumblist"},"author":{"@id":"https:\/\/eldigitaldeasturias.com\/magazine365\/author\/admin\/#author"},"creator":{"@id":"https:\/\/eldigitaldeasturias.com\/magazine365\/author\/admin\/#author"},"image":{"@type":"ImageObject","url":"https:\/\/eldigitaldeasturias.com\/magazine365\/wp-content\/uploads\/2016\/06\/fotonoticia_20160531155406_800.jpg","@id":"https:\/\/eldigitaldeasturias.com\/magazine365\/pastor-destaca-el-papel-de-las-inversiones-millonarias-de-fomento-en-el-puerto-de-la-luz\/#mainImage","width":800,"height":600},"primaryImageOfPage":{"@id":"https:\/\/eldigitaldeasturias.com\/magazine365\/pastor-destaca-el-papel-de-las-inversiones-millonarias-de-fomento-en-el-puerto-de-la-luz\/#mainImage"},"datePublished":"2016-06-02T06:25:36+02:00","dateModified":"2016-06-02T06:25:36+02:00"},{"@type":"WebSite","@id":"https:\/\/eldigitaldeasturias.com\/magazine365\/#website","url":"https:\/\/eldigitaldeasturias.com\/magazine365\/","name":"El Digital de Asturias","description":"Revista de ocio, turismo y estilo de vida","inLanguage":"es-ES","publisher":{"@id":"https:\/\/eldigitaldeasturias.com\/magazine365\/#organization"}}]},"og:locale":"es_ES","og:site_name":"El Digital de Asturias \u2013 Revista de ocio, turismo y estilo de vida","og:type":"article","og:title":"Pastor destaca el papel de las \u00abinversiones millonarias\u00bb de Fomento en el Puerto de La Luz | El Digital de Asturias","og:description":"La ministra de Fomento, Ana Pastor, ha destacado el papel que est\u00e1n jugando las &quot;inversiones millonarias&quot; del Estado en el Puerto de La Luz y de Las Palmas y su repercusi\u00f3n en el empleo y para la actividad econ\u00f3mica de Las Palmas de Gran Canaria. As\u00ed lo puso este martes de manifiesto durante una visita","og:url":"https:\/\/eldigitaldeasturias.com\/magazine365\/pastor-destaca-el-papel-de-las-inversiones-millonarias-de-fomento-en-el-puerto-de-la-luz\/","og:image":"https:\/\/eldigitaldeasturias.com\/magazine365\/wp-content\/uploads\/2016\/06\/fotonoticia_20160531155406_800.jpg","og:image:secure_url":"https:\/\/eldigitaldeasturias.com\/magazine365\/wp-content\/uploads\/2016\/06\/fotonoticia_20160531155406_800.jpg","og:image:width":800,"og:image:height":600,"article:published_time":"2016-06-02T04:25:36+00:00","article:modified_time":"2016-06-02T04:25:36+00:00","twitter:card":"summary_large_image","twitter:title":"Pastor destaca el papel de las \u00abinversiones millonarias\u00bb de Fomento en el Puerto de La Luz | El Digital de Asturias","twitter:description":"La ministra de Fomento, Ana Pastor, ha destacado el papel que est\u00e1n jugando las &quot;inversiones millonarias&quot; del Estado en el Puerto de La Luz y de Las Palmas y su repercusi\u00f3n en el empleo y para la actividad econ\u00f3mica de Las Palmas de Gran Canaria. As\u00ed lo puso este martes de manifiesto durante una visita","twitter:image":"https:\/\/eldigitaldeasturias.com\/magazine365\/wp-content\/uploads\/2016\/06\/fotonoticia_20160531155406_800.jpg"},"aioseo_meta_data":{"post_id":"77344","title":null,"description":null,"keywords":null,"keyphrases":null,"primary_term":null,"canonical_url":null,"og_title":null,"og_description":null,"og_object_type":"default","og_image_type":"default","og_image_url":null,"og_image_width":null,"og_image_height":null,"og_image_custom_url":null,"og_image_custom_fields":null,"og_video":null,"og_custom_url":null,"og_article_section":null,"og_article_tags":null,"twitter_use_og":false,"twitter_card":"default","twitter_image_type":"default","twitter_image_url":null,"twitter_image_custom_url":null,"twitter_image_custom_fields":null,"twitter_title":null,"twitter_description":null,"schema":{"blockGraphs":[],"customGraphs":[],"default":{"data":{"Article":[],"Course":[],"Dataset":[],"FAQPage":[],"Movie":[],"Person":[],"Product":[],"ProductReview":[],"Car":[],"Recipe":[],"Service":[],"SoftwareApplication":[],"WebPage":[]},"graphName":"","isEnabled":true},"graphs":[]},"schema_type":null,"schema_type_options":null,"pillar_content":false,"robots_default":true,"robots_noindex":false,"robots_noarchive":false,"robots_nosnippet":false,"robots_nofollow":false,"robots_noimageindex":false,"robots_noodp":false,"robots_notranslate":false,"robots_max_snippet":null,"robots_max_videopreview":null,"robots_max_imagepreview":"large","priority":null,"frequency":null,"location":null,"local_seo":null,"seo_analyzer_scan_date":"2025-09-27 14:41:26","breadcrumb_settings":null,"limit_modified_date":false,"open_ai":null,"ai":null,"created":"2021-03-08 18:15:56","updated":"2025-09-27 14:41:26"},"aioseo_breadcrumb":"<div class=\"aioseo-breadcrumbs\"><span class=\"aioseo-breadcrumb\">\n\t<a href=\"https:\/\/eldigitaldeasturias.com\/magazine365\" title=\"Home\">Home<\/a>\n<\/span><span class=\"aioseo-breadcrumb-separator\">\u2013<\/span><span class=\"aioseo-breadcrumb\">\n\t<a href=\"https:\/\/eldigitaldeasturias.com\/magazine365\/category\/noticias-actualidad\/\" title=\"Noticias y Actualidad\">Noticias y Actualidad<\/a>\n<\/span><span class=\"aioseo-breadcrumb-separator\">\u2013<\/span><span class=\"aioseo-breadcrumb\">\n\t<a href=\"https:\/\/eldigitaldeasturias.com\/magazine365\/pastor-destaca-el-papel-de-las-inversiones-millonarias-de-fomento-en-el-puerto-de-la-luz\/\" title=\"Pastor destaca el papel de las \u00abinversiones millonarias\u00bb de Fomento en el Puerto de La Luz\">Pastor destaca el papel de las \u00abinversiones millonarias\u00bb de Fomento en el Puerto de La Luz<\/a>\n<\/span><\/div>","aioseo_breadcrumb_json":[{"label":"Home","link":"https:\/\/eldigitaldeasturias.com\/magazine365"},{"label":"Noticias y Actualidad","link":"https:\/\/eldigitaldeasturias.com\/magazine365\/category\/noticias-actualidad\/"},{"label":"Pastor destaca el papel de las \u00abinversiones millonarias\u00bb de Fomento en el Puerto de La Luz","link":"https:\/\/eldigitaldeasturias.com\/magazine365\/pastor-destaca-el-papel-de-las-inversiones-millonarias-de-fomento-en-el-puerto-de-la-luz\/"}],"_links":{"self":[{"href":"https:\/\/eldigitaldeasturias.com\/magazine365\/wp-json\/wp\/v2\/posts\/77344","targetHints":{"allow":["GET"]}}],"collection":[{"href":"https:\/\/eldigitaldeasturias.com\/magazine365\/wp-json\/wp\/v2\/posts"}],"about":[{"href":"https:\/\/eldigitaldeasturias.com\/magazine365\/wp-json\/wp\/v2\/types\/post"}],"author":[{"embeddable":true,"href":"https:\/\/eldigitaldeasturias.com\/magazine365\/wp-json\/wp\/v2\/users\/1"}],"replies":[{"embeddable":true,"href":"https:\/\/eldigitaldeasturias.com\/magazine365\/wp-json\/wp\/v2\/comments?post=77344"}],"version-history":[{"count":0,"href":"https:\/\/eldigitaldeasturias.com\/magazine365\/wp-json\/wp\/v2\/posts\/77344\/revisions"}],"wp:featuredmedia":[{"embeddable":true,"href":"https:\/\/eldigitaldeasturias.com\/magazine365\/wp-json\/wp\/v2\/media\/77342"}],"wp:attachment":[{"href":"https:\/\/eldigitaldeasturias.com\/magazine365\/wp-json\/wp\/v2\/media?parent=77344"}],"wp:term":[{"taxonomy":"category","embeddable":true,"href":"https:\/\/eldigitaldeasturias.com\/magazine365\/wp-json\/wp\/v2\/categories?post=77344"},{"taxonomy":"post_tag","embeddable":true,"href":"https:\/\/eldigitaldeasturias.com\/magazine365\/wp-json\/wp\/v2\/tags?post=77344"}],"curies":[{"name":"wp","href":"https:\/\/api.w.org\/{rel}","templated":true}]}}