{"id":77341,"date":"2016-06-02T06:24:20","date_gmt":"2016-06-02T04:24:20","guid":{"rendered":"http:\/\/eldigitaldeasturias.com\/magazine365\/?p=77341"},"modified":"2016-06-02T06:24:20","modified_gmt":"2016-06-02T04:24:20","slug":"pastor-cree-que-hay-centrarse-en-la-tarifa-plana-para-volar-entre-islas","status":"publish","type":"post","link":"https:\/\/eldigitaldeasturias.com\/magazine365\/pastor-cree-que-hay-centrarse-en-la-tarifa-plana-para-volar-entre-islas\/","title":{"rendered":"Pastor cree que hay centrarse en la tarifa plana para volar entre islas"},"content":{"rendered":"<p>La ministra de Fomento, Ana Pastor, ha opinado que hay que centrarse en conseguir que la Uni\u00f3n Europea (UE) permita la tarifa plana para volar entre islas &#8211;tanto en Canarias como en Baleares&#8211; aunque no ha descartado que, una vez logrado, se puedan abordar \u00abotras opciones\u00bb, como la planteada por el presidente canario, Fernando Clavijo, de extender al 75% la bonificaci\u00f3n a los residentes en el transporte a\u00e9reo.<\/p>\n<p>\u00abEn estos cuatro a\u00f1os de Gobierno, entre bonificaciones a los viajeros y tambi\u00e9n al transporte a\u00e9reo &#8211;congelaci\u00f3n de tasas o bonificaci\u00f3n a la apertura de rutas nuevas&#8211;, hemos aportado desde el Presupuesto General del Estado 1.200 millones de euros\u00bb, dijo.<\/p>\n<p>En declaraciones a los medios de comunicaci\u00f3n durante un recorrido para conocer las obras que se est\u00e1n ejecutando en el Puerto de Las Palmas, Pastor destac\u00f3 que este dinero ha servido para realizar descuentos a unos 30 millones de viajes.<\/p>\n<p>Por su parte, record\u00f3 que Espa\u00f1a le ha planteado a la Uni\u00f3n Europea que quiere una tarifa plana para los viajes entre islas, tanto en Canarias como en Baleares, a lo que la UE ha respondido solicitando documentaci\u00f3n que el Estado a su vez a pedido a ambas comunidades aut\u00f3nomas.<\/p>\n<p>\u00abY estamos en esa fase &#8211;continu\u00f3 la ministra&#8211;. Tenemos que centrarnos todos en este planteamiento porque si no, Europa dir\u00e1: &#8216;\u00bfpero qu\u00e9 quiere realmente Espa\u00f1a?&#8217;. Hay que centrarse en que nos autoricen la tarifa plana y despu\u00e9s podemos explorar, si fuera necesario, otras opciones. Desde luego, no descarto ninguna\u00bb.<\/p>\n","protected":false},"excerpt":{"rendered":"<p>La ministra de Fomento, Ana Pastor, ha opinado que hay que centrarse en conseguir que la Uni\u00f3n Europea (UE) permita la tarifa plana para volar entre islas &#8211;tanto en Canarias como en Baleares&#8211; aunque no ha descartado que, una vez logrado, se puedan abordar \u00abotras opciones\u00bb, como la planteada por el presidente canario, Fernando Clavijo,<\/p>\n","protected":false},"author":1,"featured_media":77342,"comment_status":"open","ping_status":"closed","sticky":false,"template":"","format":"standard","meta":{"footnotes":""},"categories":[224],"tags":[],"class_list":{"0":"post-77341","1":"post","2":"type-post","3":"status-publish","4":"format-standard","5":"has-post-thumbnail","7":"category-noticias-actualidad"},"aioseo_notices":[],"aioseo_head":"\n\t\t<!-- All in One SEO Pro 4.9.6.1 - aioseo.com -->\n\t<meta name=\"description\" content=\"La ministra de Fomento, Ana Pastor, ha opinado que hay que centrarse en conseguir que la Uni\u00f3n Europea (UE) permita la tarifa plana para volar entre islas --tanto en Canarias como en Baleares-- aunque no ha descartado que, una vez logrado, se puedan abordar &quot;otras opciones&quot;, como la planteada por el presidente canario, Fernando Clavijo,\" \/>\n\t<meta name=\"robots\" content=\"max-image-preview:large\" \/>\n\t<meta name=\"author\" content=\"admin\"\/>\n\t<meta name=\"google-site-verification\" content=\"UA-38556648-1\" \/>\n\t<meta name=\"keywords\" content=\"noticias y actualidad\" \/>\n\t<link rel=\"canonical\" href=\"https:\/\/eldigitaldeasturias.com\/magazine365\/pastor-cree-que-hay-centrarse-en-la-tarifa-plana-para-volar-entre-islas\/\" \/>\n\t<meta name=\"generator\" content=\"All in One SEO Pro (AIOSEO) 4.9.6.1\" \/>\n\t\t<meta property=\"og:locale\" content=\"es_ES\" \/>\n\t\t<meta property=\"og:site_name\" content=\"El Digital de Asturias \u2013 Revista de ocio, turismo y estilo de vida\" \/>\n\t\t<meta property=\"og:type\" content=\"article\" \/>\n\t\t<meta property=\"og:title\" content=\"Pastor cree que hay centrarse en la tarifa plana para volar entre islas | El Digital de Asturias\" \/>\n\t\t<meta property=\"og:description\" content=\"La ministra de Fomento, Ana Pastor, ha opinado que hay que centrarse en conseguir que la Uni\u00f3n Europea (UE) permita la tarifa plana para volar entre islas --tanto en Canarias como en Baleares-- aunque no ha descartado que, una vez logrado, se puedan abordar &quot;otras opciones&quot;, como la planteada por el presidente canario, Fernando Clavijo,\" \/>\n\t\t<meta property=\"og:url\" content=\"https:\/\/eldigitaldeasturias.com\/magazine365\/pastor-cree-que-hay-centrarse-en-la-tarifa-plana-para-volar-entre-islas\/\" \/>\n\t\t<meta property=\"og:image\" content=\"https:\/\/eldigitaldeasturias.com\/magazine365\/wp-content\/uploads\/2016\/06\/fotonoticia_20160531155406_800.jpg\" \/>\n\t\t<meta property=\"og:image:secure_url\" content=\"https:\/\/eldigitaldeasturias.com\/magazine365\/wp-content\/uploads\/2016\/06\/fotonoticia_20160531155406_800.jpg\" \/>\n\t\t<meta property=\"og:image:width\" content=\"800\" \/>\n\t\t<meta property=\"og:image:height\" content=\"600\" \/>\n\t\t<meta property=\"article:published_time\" content=\"2016-06-02T04:24:20+00:00\" \/>\n\t\t<meta property=\"article:modified_time\" content=\"2016-06-02T04:24:20+00:00\" \/>\n\t\t<meta name=\"twitter:card\" content=\"summary_large_image\" \/>\n\t\t<meta name=\"twitter:title\" content=\"Pastor cree que hay centrarse en la tarifa plana para volar entre islas | El Digital de Asturias\" \/>\n\t\t<meta name=\"twitter:description\" content=\"La ministra de Fomento, Ana Pastor, ha opinado que hay que centrarse en conseguir que la Uni\u00f3n Europea (UE) permita la tarifa plana para volar entre islas --tanto en Canarias como en Baleares-- aunque no ha descartado que, una vez logrado, se puedan abordar &quot;otras opciones&quot;, como la planteada por el presidente canario, Fernando Clavijo,\" \/>\n\t\t<meta name=\"twitter:image\" content=\"https:\/\/eldigitaldeasturias.com\/magazine365\/wp-content\/uploads\/2016\/06\/fotonoticia_20160531155406_800.jpg\" \/>\n\t\t<script type=\"application\/ld+json\" class=\"aioseo-schema\">\n\t\t\t{\"@context\":\"https:\\\/\\\/schema.org\",\"@graph\":[{\"@type\":\"Article\",\"@id\":\"https:\\\/\\\/eldigitaldeasturias.com\\\/magazine365\\\/pastor-cree-que-hay-centrarse-en-la-tarifa-plana-para-volar-entre-islas\\\/#article\",\"name\":\"Pastor cree que hay centrarse en la tarifa plana para volar entre islas | El Digital de Asturias\",\"headline\":\"Pastor cree que hay centrarse en la tarifa plana para volar entre islas\",\"author\":{\"@id\":\"https:\\\/\\\/eldigitaldeasturias.com\\\/magazine365\\\/author\\\/admin\\\/#author\"},\"publisher\":{\"@id\":\"https:\\\/\\\/eldigitaldeasturias.com\\\/magazine365\\\/#organization\"},\"image\":{\"@type\":\"ImageObject\",\"url\":\"https:\\\/\\\/eldigitaldeasturias.com\\\/magazine365\\\/wp-content\\\/uploads\\\/2016\\\/06\\\/fotonoticia_20160531155406_800.jpg\",\"width\":800,\"height\":600},\"datePublished\":\"2016-06-02T06:24:20+02:00\",\"dateModified\":\"2016-06-02T06:24:20+02:00\",\"inLanguage\":\"es-ES\",\"mainEntityOfPage\":{\"@id\":\"https:\\\/\\\/eldigitaldeasturias.com\\\/magazine365\\\/pastor-cree-que-hay-centrarse-en-la-tarifa-plana-para-volar-entre-islas\\\/#webpage\"},\"isPartOf\":{\"@id\":\"https:\\\/\\\/eldigitaldeasturias.com\\\/magazine365\\\/pastor-cree-que-hay-centrarse-en-la-tarifa-plana-para-volar-entre-islas\\\/#webpage\"},\"articleSection\":\"Noticias y Actualidad\"},{\"@type\":\"BreadcrumbList\",\"@id\":\"https:\\\/\\\/eldigitaldeasturias.com\\\/magazine365\\\/pastor-cree-que-hay-centrarse-en-la-tarifa-plana-para-volar-entre-islas\\\/#breadcrumblist\",\"itemListElement\":[{\"@type\":\"ListItem\",\"@id\":\"https:\\\/\\\/eldigitaldeasturias.com\\\/magazine365#listItem\",\"position\":1,\"name\":\"Home\",\"item\":\"https:\\\/\\\/eldigitaldeasturias.com\\\/magazine365\",\"nextItem\":{\"@type\":\"ListItem\",\"@id\":\"https:\\\/\\\/eldigitaldeasturias.com\\\/magazine365\\\/category\\\/noticias-actualidad\\\/#listItem\",\"name\":\"Noticias y Actualidad\"}},{\"@type\":\"ListItem\",\"@id\":\"https:\\\/\\\/eldigitaldeasturias.com\\\/magazine365\\\/category\\\/noticias-actualidad\\\/#listItem\",\"position\":2,\"name\":\"Noticias y Actualidad\",\"item\":\"https:\\\/\\\/eldigitaldeasturias.com\\\/magazine365\\\/category\\\/noticias-actualidad\\\/\",\"nextItem\":{\"@type\":\"ListItem\",\"@id\":\"https:\\\/\\\/eldigitaldeasturias.com\\\/magazine365\\\/pastor-cree-que-hay-centrarse-en-la-tarifa-plana-para-volar-entre-islas\\\/#listItem\",\"name\":\"Pastor cree que hay centrarse en la tarifa plana para volar entre islas\"},\"previousItem\":{\"@type\":\"ListItem\",\"@id\":\"https:\\\/\\\/eldigitaldeasturias.com\\\/magazine365#listItem\",\"name\":\"Home\"}},{\"@type\":\"ListItem\",\"@id\":\"https:\\\/\\\/eldigitaldeasturias.com\\\/magazine365\\\/pastor-cree-que-hay-centrarse-en-la-tarifa-plana-para-volar-entre-islas\\\/#listItem\",\"position\":3,\"name\":\"Pastor cree que hay centrarse en la tarifa plana para volar entre islas\",\"previousItem\":{\"@type\":\"ListItem\",\"@id\":\"https:\\\/\\\/eldigitaldeasturias.com\\\/magazine365\\\/category\\\/noticias-actualidad\\\/#listItem\",\"name\":\"Noticias y Actualidad\"}}]},{\"@type\":\"Organization\",\"@id\":\"https:\\\/\\\/eldigitaldeasturias.com\\\/magazine365\\\/#organization\",\"name\":\"El digital de Asturias\",\"description\":\"Revista de ocio, turismo y estilo de vida\",\"url\":\"https:\\\/\\\/eldigitaldeasturias.com\\\/magazine365\\\/\",\"logo\":{\"@type\":\"ImageObject\",\"url\":\"https:\\\/\\\/www.eldigitaldeasturias.com\\\/noticias\\\/wp-content\\\/uploads\\\/2020\\\/12\\\/EDA.jpg\",\"@id\":\"https:\\\/\\\/eldigitaldeasturias.com\\\/magazine365\\\/pastor-cree-que-hay-centrarse-en-la-tarifa-plana-para-volar-entre-islas\\\/#organizationLogo\"},\"image\":{\"@id\":\"https:\\\/\\\/eldigitaldeasturias.com\\\/magazine365\\\/pastor-cree-que-hay-centrarse-en-la-tarifa-plana-para-volar-entre-islas\\\/#organizationLogo\"}},{\"@type\":\"Person\",\"@id\":\"https:\\\/\\\/eldigitaldeasturias.com\\\/magazine365\\\/author\\\/admin\\\/#author\",\"url\":\"https:\\\/\\\/eldigitaldeasturias.com\\\/magazine365\\\/author\\\/admin\\\/\",\"name\":\"admin\",\"image\":{\"@type\":\"ImageObject\",\"@id\":\"https:\\\/\\\/eldigitaldeasturias.com\\\/magazine365\\\/pastor-cree-que-hay-centrarse-en-la-tarifa-plana-para-volar-entre-islas\\\/#authorImage\",\"url\":\"https:\\\/\\\/eldigitaldeasturias.com\\\/magazine365\\\/wp-content\\\/litespeed\\\/avatar\\\/e571bcf59a0edd6fa6838245a470f2fe.jpg?ver=1776969259\",\"width\":96,\"height\":96,\"caption\":\"admin\"}},{\"@type\":\"WebPage\",\"@id\":\"https:\\\/\\\/eldigitaldeasturias.com\\\/magazine365\\\/pastor-cree-que-hay-centrarse-en-la-tarifa-plana-para-volar-entre-islas\\\/#webpage\",\"url\":\"https:\\\/\\\/eldigitaldeasturias.com\\\/magazine365\\\/pastor-cree-que-hay-centrarse-en-la-tarifa-plana-para-volar-entre-islas\\\/\",\"name\":\"Pastor cree que hay centrarse en la tarifa plana para volar entre islas | El Digital de Asturias\",\"description\":\"La ministra de Fomento, Ana Pastor, ha opinado que hay que centrarse en conseguir que la Uni\\u00f3n Europea (UE) permita la tarifa plana para volar entre islas --tanto en Canarias como en Baleares-- aunque no ha descartado que, una vez logrado, se puedan abordar \\\"otras opciones\\\", como la planteada por el presidente canario, Fernando Clavijo,\",\"inLanguage\":\"es-ES\",\"isPartOf\":{\"@id\":\"https:\\\/\\\/eldigitaldeasturias.com\\\/magazine365\\\/#website\"},\"breadcrumb\":{\"@id\":\"https:\\\/\\\/eldigitaldeasturias.com\\\/magazine365\\\/pastor-cree-que-hay-centrarse-en-la-tarifa-plana-para-volar-entre-islas\\\/#breadcrumblist\"},\"author\":{\"@id\":\"https:\\\/\\\/eldigitaldeasturias.com\\\/magazine365\\\/author\\\/admin\\\/#author\"},\"creator\":{\"@id\":\"https:\\\/\\\/eldigitaldeasturias.com\\\/magazine365\\\/author\\\/admin\\\/#author\"},\"image\":{\"@type\":\"ImageObject\",\"url\":\"https:\\\/\\\/eldigitaldeasturias.com\\\/magazine365\\\/wp-content\\\/uploads\\\/2016\\\/06\\\/fotonoticia_20160531155406_800.jpg\",\"@id\":\"https:\\\/\\\/eldigitaldeasturias.com\\\/magazine365\\\/pastor-cree-que-hay-centrarse-en-la-tarifa-plana-para-volar-entre-islas\\\/#mainImage\",\"width\":800,\"height\":600},\"primaryImageOfPage\":{\"@id\":\"https:\\\/\\\/eldigitaldeasturias.com\\\/magazine365\\\/pastor-cree-que-hay-centrarse-en-la-tarifa-plana-para-volar-entre-islas\\\/#mainImage\"},\"datePublished\":\"2016-06-02T06:24:20+02:00\",\"dateModified\":\"2016-06-02T06:24:20+02:00\"},{\"@type\":\"WebSite\",\"@id\":\"https:\\\/\\\/eldigitaldeasturias.com\\\/magazine365\\\/#website\",\"url\":\"https:\\\/\\\/eldigitaldeasturias.com\\\/magazine365\\\/\",\"name\":\"El Digital de Asturias\",\"description\":\"Revista de ocio, turismo y estilo de vida\",\"inLanguage\":\"es-ES\",\"publisher\":{\"@id\":\"https:\\\/\\\/eldigitaldeasturias.com\\\/magazine365\\\/#organization\"}}]}\n\t\t<\/script>\n\t\t<!-- All in One SEO Pro -->\r\n\t\t<title>Pastor cree que hay centrarse en la tarifa plana para volar entre islas | El Digital de Asturias<\/title>\n\n","aioseo_head_json":{"title":"Pastor cree que hay centrarse en la tarifa plana para volar entre islas | El Digital de Asturias","description":"La ministra de Fomento, Ana Pastor, ha opinado que hay que centrarse en conseguir que la Uni\u00f3n Europea (UE) permita la tarifa plana para volar entre islas --tanto en Canarias como en Baleares-- aunque no ha descartado que, una vez logrado, se puedan abordar \"otras opciones\", como la planteada por el presidente canario, Fernando Clavijo,","canonical_url":"https:\/\/eldigitaldeasturias.com\/magazine365\/pastor-cree-que-hay-centrarse-en-la-tarifa-plana-para-volar-entre-islas\/","robots":"max-image-preview:large","keywords":"noticias y actualidad","webmasterTools":{"google-site-verification":"UA-38556648-1","miscellaneous":""},"schema":{"@context":"https:\/\/schema.org","@graph":[{"@type":"Article","@id":"https:\/\/eldigitaldeasturias.com\/magazine365\/pastor-cree-que-hay-centrarse-en-la-tarifa-plana-para-volar-entre-islas\/#article","name":"Pastor cree que hay centrarse en la tarifa plana para volar entre islas | El Digital de Asturias","headline":"Pastor cree que hay centrarse en la tarifa plana para volar entre islas","author":{"@id":"https:\/\/eldigitaldeasturias.com\/magazine365\/author\/admin\/#author"},"publisher":{"@id":"https:\/\/eldigitaldeasturias.com\/magazine365\/#organization"},"image":{"@type":"ImageObject","url":"https:\/\/eldigitaldeasturias.com\/magazine365\/wp-content\/uploads\/2016\/06\/fotonoticia_20160531155406_800.jpg","width":800,"height":600},"datePublished":"2016-06-02T06:24:20+02:00","dateModified":"2016-06-02T06:24:20+02:00","inLanguage":"es-ES","mainEntityOfPage":{"@id":"https:\/\/eldigitaldeasturias.com\/magazine365\/pastor-cree-que-hay-centrarse-en-la-tarifa-plana-para-volar-entre-islas\/#webpage"},"isPartOf":{"@id":"https:\/\/eldigitaldeasturias.com\/magazine365\/pastor-cree-que-hay-centrarse-en-la-tarifa-plana-para-volar-entre-islas\/#webpage"},"articleSection":"Noticias y Actualidad"},{"@type":"BreadcrumbList","@id":"https:\/\/eldigitaldeasturias.com\/magazine365\/pastor-cree-que-hay-centrarse-en-la-tarifa-plana-para-volar-entre-islas\/#breadcrumblist","itemListElement":[{"@type":"ListItem","@id":"https:\/\/eldigitaldeasturias.com\/magazine365#listItem","position":1,"name":"Home","item":"https:\/\/eldigitaldeasturias.com\/magazine365","nextItem":{"@type":"ListItem","@id":"https:\/\/eldigitaldeasturias.com\/magazine365\/category\/noticias-actualidad\/#listItem","name":"Noticias y Actualidad"}},{"@type":"ListItem","@id":"https:\/\/eldigitaldeasturias.com\/magazine365\/category\/noticias-actualidad\/#listItem","position":2,"name":"Noticias y Actualidad","item":"https:\/\/eldigitaldeasturias.com\/magazine365\/category\/noticias-actualidad\/","nextItem":{"@type":"ListItem","@id":"https:\/\/eldigitaldeasturias.com\/magazine365\/pastor-cree-que-hay-centrarse-en-la-tarifa-plana-para-volar-entre-islas\/#listItem","name":"Pastor cree que hay centrarse en la tarifa plana para volar entre islas"},"previousItem":{"@type":"ListItem","@id":"https:\/\/eldigitaldeasturias.com\/magazine365#listItem","name":"Home"}},{"@type":"ListItem","@id":"https:\/\/eldigitaldeasturias.com\/magazine365\/pastor-cree-que-hay-centrarse-en-la-tarifa-plana-para-volar-entre-islas\/#listItem","position":3,"name":"Pastor cree que hay centrarse en la tarifa plana para volar entre islas","previousItem":{"@type":"ListItem","@id":"https:\/\/eldigitaldeasturias.com\/magazine365\/category\/noticias-actualidad\/#listItem","name":"Noticias y Actualidad"}}]},{"@type":"Organization","@id":"https:\/\/eldigitaldeasturias.com\/magazine365\/#organization","name":"El digital de Asturias","description":"Revista de ocio, turismo y estilo de vida","url":"https:\/\/eldigitaldeasturias.com\/magazine365\/","logo":{"@type":"ImageObject","url":"https:\/\/www.eldigitaldeasturias.com\/noticias\/wp-content\/uploads\/2020\/12\/EDA.jpg","@id":"https:\/\/eldigitaldeasturias.com\/magazine365\/pastor-cree-que-hay-centrarse-en-la-tarifa-plana-para-volar-entre-islas\/#organizationLogo"},"image":{"@id":"https:\/\/eldigitaldeasturias.com\/magazine365\/pastor-cree-que-hay-centrarse-en-la-tarifa-plana-para-volar-entre-islas\/#organizationLogo"}},{"@type":"Person","@id":"https:\/\/eldigitaldeasturias.com\/magazine365\/author\/admin\/#author","url":"https:\/\/eldigitaldeasturias.com\/magazine365\/author\/admin\/","name":"admin","image":{"@type":"ImageObject","@id":"https:\/\/eldigitaldeasturias.com\/magazine365\/pastor-cree-que-hay-centrarse-en-la-tarifa-plana-para-volar-entre-islas\/#authorImage","url":"https:\/\/eldigitaldeasturias.com\/magazine365\/wp-content\/litespeed\/avatar\/e571bcf59a0edd6fa6838245a470f2fe.jpg?ver=1776969259","width":96,"height":96,"caption":"admin"}},{"@type":"WebPage","@id":"https:\/\/eldigitaldeasturias.com\/magazine365\/pastor-cree-que-hay-centrarse-en-la-tarifa-plana-para-volar-entre-islas\/#webpage","url":"https:\/\/eldigitaldeasturias.com\/magazine365\/pastor-cree-que-hay-centrarse-en-la-tarifa-plana-para-volar-entre-islas\/","name":"Pastor cree que hay centrarse en la tarifa plana para volar entre islas | El Digital de Asturias","description":"La ministra de Fomento, Ana Pastor, ha opinado que hay que centrarse en conseguir que la Uni\u00f3n Europea (UE) permita la tarifa plana para volar entre islas --tanto en Canarias como en Baleares-- aunque no ha descartado que, una vez logrado, se puedan abordar \"otras opciones\", como la planteada por el presidente canario, Fernando Clavijo,","inLanguage":"es-ES","isPartOf":{"@id":"https:\/\/eldigitaldeasturias.com\/magazine365\/#website"},"breadcrumb":{"@id":"https:\/\/eldigitaldeasturias.com\/magazine365\/pastor-cree-que-hay-centrarse-en-la-tarifa-plana-para-volar-entre-islas\/#breadcrumblist"},"author":{"@id":"https:\/\/eldigitaldeasturias.com\/magazine365\/author\/admin\/#author"},"creator":{"@id":"https:\/\/eldigitaldeasturias.com\/magazine365\/author\/admin\/#author"},"image":{"@type":"ImageObject","url":"https:\/\/eldigitaldeasturias.com\/magazine365\/wp-content\/uploads\/2016\/06\/fotonoticia_20160531155406_800.jpg","@id":"https:\/\/eldigitaldeasturias.com\/magazine365\/pastor-cree-que-hay-centrarse-en-la-tarifa-plana-para-volar-entre-islas\/#mainImage","width":800,"height":600},"primaryImageOfPage":{"@id":"https:\/\/eldigitaldeasturias.com\/magazine365\/pastor-cree-que-hay-centrarse-en-la-tarifa-plana-para-volar-entre-islas\/#mainImage"},"datePublished":"2016-06-02T06:24:20+02:00","dateModified":"2016-06-02T06:24:20+02:00"},{"@type":"WebSite","@id":"https:\/\/eldigitaldeasturias.com\/magazine365\/#website","url":"https:\/\/eldigitaldeasturias.com\/magazine365\/","name":"El Digital de Asturias","description":"Revista de ocio, turismo y estilo de vida","inLanguage":"es-ES","publisher":{"@id":"https:\/\/eldigitaldeasturias.com\/magazine365\/#organization"}}]},"og:locale":"es_ES","og:site_name":"El Digital de Asturias \u2013 Revista de ocio, turismo y estilo de vida","og:type":"article","og:title":"Pastor cree que hay centrarse en la tarifa plana para volar entre islas | El Digital de Asturias","og:description":"La ministra de Fomento, Ana Pastor, ha opinado que hay que centrarse en conseguir que la Uni\u00f3n Europea (UE) permita la tarifa plana para volar entre islas --tanto en Canarias como en Baleares-- aunque no ha descartado que, una vez logrado, se puedan abordar &quot;otras opciones&quot;, como la planteada por el presidente canario, Fernando Clavijo,","og:url":"https:\/\/eldigitaldeasturias.com\/magazine365\/pastor-cree-que-hay-centrarse-en-la-tarifa-plana-para-volar-entre-islas\/","og:image":"https:\/\/eldigitaldeasturias.com\/magazine365\/wp-content\/uploads\/2016\/06\/fotonoticia_20160531155406_800.jpg","og:image:secure_url":"https:\/\/eldigitaldeasturias.com\/magazine365\/wp-content\/uploads\/2016\/06\/fotonoticia_20160531155406_800.jpg","og:image:width":800,"og:image:height":600,"article:published_time":"2016-06-02T04:24:20+00:00","article:modified_time":"2016-06-02T04:24:20+00:00","twitter:card":"summary_large_image","twitter:title":"Pastor cree que hay centrarse en la tarifa plana para volar entre islas | El Digital de Asturias","twitter:description":"La ministra de Fomento, Ana Pastor, ha opinado que hay que centrarse en conseguir que la Uni\u00f3n Europea (UE) permita la tarifa plana para volar entre islas --tanto en Canarias como en Baleares-- aunque no ha descartado que, una vez logrado, se puedan abordar &quot;otras opciones&quot;, como la planteada por el presidente canario, Fernando Clavijo,","twitter:image":"https:\/\/eldigitaldeasturias.com\/magazine365\/wp-content\/uploads\/2016\/06\/fotonoticia_20160531155406_800.jpg"},"aioseo_meta_data":{"post_id":"77341","title":null,"description":null,"keywords":null,"keyphrases":null,"primary_term":null,"canonical_url":null,"og_title":null,"og_description":null,"og_object_type":"default","og_image_type":"default","og_image_url":null,"og_image_width":null,"og_image_height":null,"og_image_custom_url":null,"og_image_custom_fields":null,"og_video":null,"og_custom_url":null,"og_article_section":null,"og_article_tags":null,"twitter_use_og":false,"twitter_card":"default","twitter_image_type":"default","twitter_image_url":null,"twitter_image_custom_url":null,"twitter_image_custom_fields":null,"twitter_title":null,"twitter_description":null,"schema":{"blockGraphs":[],"customGraphs":[],"default":{"data":{"Article":[],"Course":[],"Dataset":[],"FAQPage":[],"Movie":[],"Person":[],"Product":[],"ProductReview":[],"Car":[],"Recipe":[],"Service":[],"SoftwareApplication":[],"WebPage":[]},"graphName":"","isEnabled":true},"graphs":[]},"schema_type":null,"schema_type_options":null,"pillar_content":false,"robots_default":true,"robots_noindex":false,"robots_noarchive":false,"robots_nosnippet":false,"robots_nofollow":false,"robots_noimageindex":false,"robots_noodp":false,"robots_notranslate":false,"robots_max_snippet":null,"robots_max_videopreview":null,"robots_max_imagepreview":"large","priority":null,"frequency":null,"location":null,"local_seo":null,"seo_analyzer_scan_date":"2025-09-27 14:41:24","breadcrumb_settings":null,"limit_modified_date":false,"open_ai":null,"ai":null,"created":"2021-03-08 18:15:56","updated":"2025-09-27 14:41:24"},"aioseo_breadcrumb":"<div class=\"aioseo-breadcrumbs\"><span class=\"aioseo-breadcrumb\">\n\t<a href=\"https:\/\/eldigitaldeasturias.com\/magazine365\" title=\"Home\">Home<\/a>\n<\/span><span class=\"aioseo-breadcrumb-separator\">\u2013<\/span><span class=\"aioseo-breadcrumb\">\n\t<a href=\"https:\/\/eldigitaldeasturias.com\/magazine365\/category\/noticias-actualidad\/\" title=\"Noticias y Actualidad\">Noticias y Actualidad<\/a>\n<\/span><span class=\"aioseo-breadcrumb-separator\">\u2013<\/span><span class=\"aioseo-breadcrumb\">\n\t<a href=\"https:\/\/eldigitaldeasturias.com\/magazine365\/pastor-cree-que-hay-centrarse-en-la-tarifa-plana-para-volar-entre-islas\/\" title=\"Pastor cree que hay centrarse en la tarifa plana para volar entre islas\">Pastor cree que hay centrarse en la tarifa plana para volar entre islas<\/a>\n<\/span><\/div>","aioseo_breadcrumb_json":[{"label":"Home","link":"https:\/\/eldigitaldeasturias.com\/magazine365"},{"label":"Noticias y Actualidad","link":"https:\/\/eldigitaldeasturias.com\/magazine365\/category\/noticias-actualidad\/"},{"label":"Pastor cree que hay centrarse en la tarifa plana para volar entre islas","link":"https:\/\/eldigitaldeasturias.com\/magazine365\/pastor-cree-que-hay-centrarse-en-la-tarifa-plana-para-volar-entre-islas\/"}],"_links":{"self":[{"href":"https:\/\/eldigitaldeasturias.com\/magazine365\/wp-json\/wp\/v2\/posts\/77341","targetHints":{"allow":["GET"]}}],"collection":[{"href":"https:\/\/eldigitaldeasturias.com\/magazine365\/wp-json\/wp\/v2\/posts"}],"about":[{"href":"https:\/\/eldigitaldeasturias.com\/magazine365\/wp-json\/wp\/v2\/types\/post"}],"author":[{"embeddable":true,"href":"https:\/\/eldigitaldeasturias.com\/magazine365\/wp-json\/wp\/v2\/users\/1"}],"replies":[{"embeddable":true,"href":"https:\/\/eldigitaldeasturias.com\/magazine365\/wp-json\/wp\/v2\/comments?post=77341"}],"version-history":[{"count":0,"href":"https:\/\/eldigitaldeasturias.com\/magazine365\/wp-json\/wp\/v2\/posts\/77341\/revisions"}],"wp:featuredmedia":[{"embeddable":true,"href":"https:\/\/eldigitaldeasturias.com\/magazine365\/wp-json\/wp\/v2\/media\/77342"}],"wp:attachment":[{"href":"https:\/\/eldigitaldeasturias.com\/magazine365\/wp-json\/wp\/v2\/media?parent=77341"}],"wp:term":[{"taxonomy":"category","embeddable":true,"href":"https:\/\/eldigitaldeasturias.com\/magazine365\/wp-json\/wp\/v2\/categories?post=77341"},{"taxonomy":"post_tag","embeddable":true,"href":"https:\/\/eldigitaldeasturias.com\/magazine365\/wp-json\/wp\/v2\/tags?post=77341"}],"curies":[{"name":"wp","href":"https:\/\/api.w.org\/{rel}","templated":true}]}}