{"id":77308,"date":"2016-06-02T05:49:34","date_gmt":"2016-06-02T03:49:34","guid":{"rendered":"http:\/\/eldigitaldeasturias.com\/magazine365\/?p=77308"},"modified":"2016-06-02T05:49:34","modified_gmt":"2016-06-02T03:49:34","slug":"allende-critica-la-decision-unilateral-del-ihm-de-dar-nombre-al-volcan-de-el-hierro","status":"publish","type":"post","link":"https:\/\/eldigitaldeasturias.com\/magazine365\/allende-critica-la-decision-unilateral-del-ihm-de-dar-nombre-al-volcan-de-el-hierro\/","title":{"rendered":"Allende critica la decisi\u00f3n \u00abunilateral\u00bb del IHM de dar nombre al volc\u00e1n de El Hierro"},"content":{"rendered":"<p><img fetchpriority=\"high\" decoding=\"async\" class=\"alignleft size-medium wp-image-77309\" src=\"https:\/\/eldigitaldeasturias.com\/magazine365\/wp-content\/uploads\/2016\/06\/fotonoticia_20160531125426_800-360x240.jpg\" alt=\"fotonoticia_20160531125426_800\" width=\"360\" height=\"240\" srcset=\"https:\/\/eldigitaldeasturias.com\/magazine365\/wp-content\/uploads\/2016\/06\/fotonoticia_20160531125426_800-360x240.jpg 360w, https:\/\/eldigitaldeasturias.com\/magazine365\/wp-content\/uploads\/2016\/06\/fotonoticia_20160531125426_800-650x434.jpg 650w, https:\/\/eldigitaldeasturias.com\/magazine365\/wp-content\/uploads\/2016\/06\/fotonoticia_20160531125426_800-768x513.jpg 768w, https:\/\/eldigitaldeasturias.com\/magazine365\/wp-content\/uploads\/2016\/06\/fotonoticia_20160531125426_800-150x100.jpg 150w, https:\/\/eldigitaldeasturias.com\/magazine365\/wp-content\/uploads\/2016\/06\/fotonoticia_20160531125426_800-450x300.jpg 450w, https:\/\/eldigitaldeasturias.com\/magazine365\/wp-content\/uploads\/2016\/06\/fotonoticia_20160531125426_800-101x66.jpg 101w, https:\/\/eldigitaldeasturias.com\/magazine365\/wp-content\/uploads\/2016\/06\/fotonoticia_20160531125426_800.jpg 800w\" sizes=\"(max-width: 360px) 100vw, 360px\" \/>La presidenta del Cabildo de El Hierro, Bel\u00e9n Allende, ha manifestado su disconformidad por la decisi\u00f3n \u00abunilateral\u00bb adoptada por el Instituto Hidrogr\u00e1fico de la Marina (IHM) a la hora de denominar de manera oficial con el nombre de &#8216;Tagoro&#8217; al volc\u00e1n submarino de El Hierro.<\/p>\n<p>La denominaci\u00f3n del volc\u00e1n, nacido a partir de la erupci\u00f3n del 10 de octubre de 2011, ha surgido a propuesta de los investigadores del proyecto &#8216;Vulcano&#8217; que lidera el Instituto Espa\u00f1ol de Oceanograf\u00eda (IEO).<\/p>\n<p>\u00abDe nuevo se pone en evidencia el divorcio existente entre la comunidad cient\u00edfica y la sociedad. El Hierro ha debido participar, a trav\u00e9s de sus instituciones, en la toma en consideraci\u00f3n del nombre de este volc\u00e1n\u00bb, se\u00f1ala la presidenta.<\/p>\n<p>Seg\u00fan Allende, \u00abdurante todo el proceso s\u00edsmico-volc\u00e1nico los herre\u00f1os tuvimos que padecer los efectos negativos de las lagunas cient\u00edficas de los distintos colectivos de investigaci\u00f3n que participaron directa e indirectamente en el proceso, y ahora nos deja al margen en un hecho de relevancia para todos nosotros y para el futuro uso promocional de este volc\u00e1n y su nombre por parte de la isla\u00bb.<\/p>\n<p>La presidenta cree que no se trata de un hecho irrelevante, pues hubiera logrado que los herre\u00f1os \u00abhagan m\u00e1s suyo que nunca este hecho ya hist\u00f3rico que ha ocurrido a tan s\u00f3lo dos millas de La Restinga\u00bb.<\/p>\n<p>\u00abSi nos hubieran preguntado, quiz\u00e1s les hubi\u00e9ramos recordado que el uso de ese top\u00f3nimo en El Hierro y en su historiograf\u00eda reciente se asocia a un Tagoror, como el que nos enorgullecemos en tener en el Parque Cultural de El Julan\u00bb, dijo.<\/p>\n","protected":false},"excerpt":{"rendered":"<p>La presidenta del Cabildo de El Hierro, Bel\u00e9n Allende, ha manifestado su disconformidad por la decisi\u00f3n \u00abunilateral\u00bb adoptada por el Instituto Hidrogr\u00e1fico de la Marina (IHM) a la hora de denominar de manera oficial con el nombre de &#8216;Tagoro&#8217; al volc\u00e1n submarino de El Hierro. La denominaci\u00f3n del volc\u00e1n, nacido a partir de la erupci\u00f3n<\/p>\n","protected":false},"author":1,"featured_media":77309,"comment_status":"open","ping_status":"closed","sticky":false,"template":"","format":"standard","meta":{"footnotes":""},"categories":[224],"tags":[],"class_list":{"0":"post-77308","1":"post","2":"type-post","3":"status-publish","4":"format-standard","5":"has-post-thumbnail","7":"category-noticias-actualidad"},"aioseo_notices":[],"aioseo_head":"\n\t\t<!-- All in One SEO Pro 4.9.6.1 - aioseo.com -->\n\t<meta name=\"description\" content=\"La presidenta del Cabildo de El Hierro, Bel\u00e9n Allende, ha manifestado su disconformidad por la decisi\u00f3n &quot;unilateral&quot; adoptada por el Instituto Hidrogr\u00e1fico de la Marina (IHM) a la hora de denominar de manera oficial con el nombre de &#039;Tagoro&#039; al volc\u00e1n submarino de El Hierro. La denominaci\u00f3n del volc\u00e1n, nacido a partir de la erupci\u00f3n\" \/>\n\t<meta name=\"robots\" content=\"max-image-preview:large\" \/>\n\t<meta name=\"author\" content=\"admin\"\/>\n\t<meta name=\"google-site-verification\" content=\"UA-38556648-1\" \/>\n\t<meta name=\"keywords\" content=\"noticias y actualidad\" \/>\n\t<link rel=\"canonical\" href=\"https:\/\/eldigitaldeasturias.com\/magazine365\/allende-critica-la-decision-unilateral-del-ihm-de-dar-nombre-al-volcan-de-el-hierro\/\" \/>\n\t<meta name=\"generator\" content=\"All in One SEO Pro (AIOSEO) 4.9.6.1\" \/>\n\t\t<meta property=\"og:locale\" content=\"es_ES\" \/>\n\t\t<meta property=\"og:site_name\" content=\"El Digital de Asturias \u2013 Revista de ocio, turismo y estilo de vida\" \/>\n\t\t<meta property=\"og:type\" content=\"article\" \/>\n\t\t<meta property=\"og:title\" content=\"Allende critica la decisi\u00f3n \u00abunilateral\u00bb del IHM de dar nombre al volc\u00e1n de El Hierro | El Digital de Asturias\" \/>\n\t\t<meta property=\"og:description\" content=\"La presidenta del Cabildo de El Hierro, Bel\u00e9n Allende, ha manifestado su disconformidad por la decisi\u00f3n &quot;unilateral&quot; adoptada por el Instituto Hidrogr\u00e1fico de la Marina (IHM) a la hora de denominar de manera oficial con el nombre de &#039;Tagoro&#039; al volc\u00e1n submarino de El Hierro. La denominaci\u00f3n del volc\u00e1n, nacido a partir de la erupci\u00f3n\" \/>\n\t\t<meta property=\"og:url\" content=\"https:\/\/eldigitaldeasturias.com\/magazine365\/allende-critica-la-decision-unilateral-del-ihm-de-dar-nombre-al-volcan-de-el-hierro\/\" \/>\n\t\t<meta property=\"og:image\" content=\"https:\/\/eldigitaldeasturias.com\/magazine365\/wp-content\/uploads\/2016\/06\/fotonoticia_20160531125426_800.jpg\" \/>\n\t\t<meta property=\"og:image:secure_url\" content=\"https:\/\/eldigitaldeasturias.com\/magazine365\/wp-content\/uploads\/2016\/06\/fotonoticia_20160531125426_800.jpg\" \/>\n\t\t<meta property=\"og:image:width\" content=\"800\" \/>\n\t\t<meta property=\"og:image:height\" content=\"534\" \/>\n\t\t<meta property=\"article:published_time\" content=\"2016-06-02T03:49:34+00:00\" \/>\n\t\t<meta property=\"article:modified_time\" content=\"2016-06-02T03:49:34+00:00\" \/>\n\t\t<meta name=\"twitter:card\" content=\"summary_large_image\" \/>\n\t\t<meta name=\"twitter:title\" content=\"Allende critica la decisi\u00f3n \u00abunilateral\u00bb del IHM de dar nombre al volc\u00e1n de El Hierro | El Digital de Asturias\" \/>\n\t\t<meta name=\"twitter:description\" content=\"La presidenta del Cabildo de El Hierro, Bel\u00e9n Allende, ha manifestado su disconformidad por la decisi\u00f3n &quot;unilateral&quot; adoptada por el Instituto Hidrogr\u00e1fico de la Marina (IHM) a la hora de denominar de manera oficial con el nombre de &#039;Tagoro&#039; al volc\u00e1n submarino de El Hierro. La denominaci\u00f3n del volc\u00e1n, nacido a partir de la erupci\u00f3n\" \/>\n\t\t<meta name=\"twitter:image\" content=\"https:\/\/eldigitaldeasturias.com\/magazine365\/wp-content\/uploads\/2016\/06\/fotonoticia_20160531125426_800.jpg\" \/>\n\t\t<script type=\"application\/ld+json\" class=\"aioseo-schema\">\n\t\t\t{\"@context\":\"https:\\\/\\\/schema.org\",\"@graph\":[{\"@type\":\"Article\",\"@id\":\"https:\\\/\\\/eldigitaldeasturias.com\\\/magazine365\\\/allende-critica-la-decision-unilateral-del-ihm-de-dar-nombre-al-volcan-de-el-hierro\\\/#article\",\"name\":\"Allende critica la decisi\\u00f3n \\u00abunilateral\\u00bb del IHM de dar nombre al volc\\u00e1n de El Hierro | El Digital de Asturias\",\"headline\":\"Allende critica la decisi\\u00f3n \\u00abunilateral\\u00bb del IHM de dar nombre al volc\\u00e1n de El Hierro\",\"author\":{\"@id\":\"https:\\\/\\\/eldigitaldeasturias.com\\\/magazine365\\\/author\\\/admin\\\/#author\"},\"publisher\":{\"@id\":\"https:\\\/\\\/eldigitaldeasturias.com\\\/magazine365\\\/#organization\"},\"image\":{\"@type\":\"ImageObject\",\"url\":\"https:\\\/\\\/eldigitaldeasturias.com\\\/magazine365\\\/wp-content\\\/uploads\\\/2016\\\/06\\\/fotonoticia_20160531125426_800.jpg\",\"width\":800,\"height\":534},\"datePublished\":\"2016-06-02T05:49:34+02:00\",\"dateModified\":\"2016-06-02T05:49:34+02:00\",\"inLanguage\":\"es-ES\",\"mainEntityOfPage\":{\"@id\":\"https:\\\/\\\/eldigitaldeasturias.com\\\/magazine365\\\/allende-critica-la-decision-unilateral-del-ihm-de-dar-nombre-al-volcan-de-el-hierro\\\/#webpage\"},\"isPartOf\":{\"@id\":\"https:\\\/\\\/eldigitaldeasturias.com\\\/magazine365\\\/allende-critica-la-decision-unilateral-del-ihm-de-dar-nombre-al-volcan-de-el-hierro\\\/#webpage\"},\"articleSection\":\"Noticias y Actualidad\"},{\"@type\":\"BreadcrumbList\",\"@id\":\"https:\\\/\\\/eldigitaldeasturias.com\\\/magazine365\\\/allende-critica-la-decision-unilateral-del-ihm-de-dar-nombre-al-volcan-de-el-hierro\\\/#breadcrumblist\",\"itemListElement\":[{\"@type\":\"ListItem\",\"@id\":\"https:\\\/\\\/eldigitaldeasturias.com\\\/magazine365#listItem\",\"position\":1,\"name\":\"Home\",\"item\":\"https:\\\/\\\/eldigitaldeasturias.com\\\/magazine365\",\"nextItem\":{\"@type\":\"ListItem\",\"@id\":\"https:\\\/\\\/eldigitaldeasturias.com\\\/magazine365\\\/category\\\/noticias-actualidad\\\/#listItem\",\"name\":\"Noticias y Actualidad\"}},{\"@type\":\"ListItem\",\"@id\":\"https:\\\/\\\/eldigitaldeasturias.com\\\/magazine365\\\/category\\\/noticias-actualidad\\\/#listItem\",\"position\":2,\"name\":\"Noticias y Actualidad\",\"item\":\"https:\\\/\\\/eldigitaldeasturias.com\\\/magazine365\\\/category\\\/noticias-actualidad\\\/\",\"nextItem\":{\"@type\":\"ListItem\",\"@id\":\"https:\\\/\\\/eldigitaldeasturias.com\\\/magazine365\\\/allende-critica-la-decision-unilateral-del-ihm-de-dar-nombre-al-volcan-de-el-hierro\\\/#listItem\",\"name\":\"Allende critica la decisi\\u00f3n \\u00abunilateral\\u00bb del IHM de dar nombre al volc\\u00e1n de El Hierro\"},\"previousItem\":{\"@type\":\"ListItem\",\"@id\":\"https:\\\/\\\/eldigitaldeasturias.com\\\/magazine365#listItem\",\"name\":\"Home\"}},{\"@type\":\"ListItem\",\"@id\":\"https:\\\/\\\/eldigitaldeasturias.com\\\/magazine365\\\/allende-critica-la-decision-unilateral-del-ihm-de-dar-nombre-al-volcan-de-el-hierro\\\/#listItem\",\"position\":3,\"name\":\"Allende critica la decisi\\u00f3n \\u00abunilateral\\u00bb del IHM de dar nombre al volc\\u00e1n de El Hierro\",\"previousItem\":{\"@type\":\"ListItem\",\"@id\":\"https:\\\/\\\/eldigitaldeasturias.com\\\/magazine365\\\/category\\\/noticias-actualidad\\\/#listItem\",\"name\":\"Noticias y Actualidad\"}}]},{\"@type\":\"Organization\",\"@id\":\"https:\\\/\\\/eldigitaldeasturias.com\\\/magazine365\\\/#organization\",\"name\":\"El digital de Asturias\",\"description\":\"Revista de ocio, turismo y estilo de vida\",\"url\":\"https:\\\/\\\/eldigitaldeasturias.com\\\/magazine365\\\/\",\"logo\":{\"@type\":\"ImageObject\",\"url\":\"https:\\\/\\\/www.eldigitaldeasturias.com\\\/noticias\\\/wp-content\\\/uploads\\\/2020\\\/12\\\/EDA.jpg\",\"@id\":\"https:\\\/\\\/eldigitaldeasturias.com\\\/magazine365\\\/allende-critica-la-decision-unilateral-del-ihm-de-dar-nombre-al-volcan-de-el-hierro\\\/#organizationLogo\"},\"image\":{\"@id\":\"https:\\\/\\\/eldigitaldeasturias.com\\\/magazine365\\\/allende-critica-la-decision-unilateral-del-ihm-de-dar-nombre-al-volcan-de-el-hierro\\\/#organizationLogo\"}},{\"@type\":\"Person\",\"@id\":\"https:\\\/\\\/eldigitaldeasturias.com\\\/magazine365\\\/author\\\/admin\\\/#author\",\"url\":\"https:\\\/\\\/eldigitaldeasturias.com\\\/magazine365\\\/author\\\/admin\\\/\",\"name\":\"admin\",\"image\":{\"@type\":\"ImageObject\",\"@id\":\"https:\\\/\\\/eldigitaldeasturias.com\\\/magazine365\\\/allende-critica-la-decision-unilateral-del-ihm-de-dar-nombre-al-volcan-de-el-hierro\\\/#authorImage\",\"url\":\"https:\\\/\\\/eldigitaldeasturias.com\\\/magazine365\\\/wp-content\\\/litespeed\\\/avatar\\\/e571bcf59a0edd6fa6838245a470f2fe.jpg?ver=1776969259\",\"width\":96,\"height\":96,\"caption\":\"admin\"}},{\"@type\":\"WebPage\",\"@id\":\"https:\\\/\\\/eldigitaldeasturias.com\\\/magazine365\\\/allende-critica-la-decision-unilateral-del-ihm-de-dar-nombre-al-volcan-de-el-hierro\\\/#webpage\",\"url\":\"https:\\\/\\\/eldigitaldeasturias.com\\\/magazine365\\\/allende-critica-la-decision-unilateral-del-ihm-de-dar-nombre-al-volcan-de-el-hierro\\\/\",\"name\":\"Allende critica la decisi\\u00f3n \\u00abunilateral\\u00bb del IHM de dar nombre al volc\\u00e1n de El Hierro | El Digital de Asturias\",\"description\":\"La presidenta del Cabildo de El Hierro, Bel\\u00e9n Allende, ha manifestado su disconformidad por la decisi\\u00f3n \\\"unilateral\\\" adoptada por el Instituto Hidrogr\\u00e1fico de la Marina (IHM) a la hora de denominar de manera oficial con el nombre de 'Tagoro' al volc\\u00e1n submarino de El Hierro. La denominaci\\u00f3n del volc\\u00e1n, nacido a partir de la erupci\\u00f3n\",\"inLanguage\":\"es-ES\",\"isPartOf\":{\"@id\":\"https:\\\/\\\/eldigitaldeasturias.com\\\/magazine365\\\/#website\"},\"breadcrumb\":{\"@id\":\"https:\\\/\\\/eldigitaldeasturias.com\\\/magazine365\\\/allende-critica-la-decision-unilateral-del-ihm-de-dar-nombre-al-volcan-de-el-hierro\\\/#breadcrumblist\"},\"author\":{\"@id\":\"https:\\\/\\\/eldigitaldeasturias.com\\\/magazine365\\\/author\\\/admin\\\/#author\"},\"creator\":{\"@id\":\"https:\\\/\\\/eldigitaldeasturias.com\\\/magazine365\\\/author\\\/admin\\\/#author\"},\"image\":{\"@type\":\"ImageObject\",\"url\":\"https:\\\/\\\/eldigitaldeasturias.com\\\/magazine365\\\/wp-content\\\/uploads\\\/2016\\\/06\\\/fotonoticia_20160531125426_800.jpg\",\"@id\":\"https:\\\/\\\/eldigitaldeasturias.com\\\/magazine365\\\/allende-critica-la-decision-unilateral-del-ihm-de-dar-nombre-al-volcan-de-el-hierro\\\/#mainImage\",\"width\":800,\"height\":534},\"primaryImageOfPage\":{\"@id\":\"https:\\\/\\\/eldigitaldeasturias.com\\\/magazine365\\\/allende-critica-la-decision-unilateral-del-ihm-de-dar-nombre-al-volcan-de-el-hierro\\\/#mainImage\"},\"datePublished\":\"2016-06-02T05:49:34+02:00\",\"dateModified\":\"2016-06-02T05:49:34+02:00\"},{\"@type\":\"WebSite\",\"@id\":\"https:\\\/\\\/eldigitaldeasturias.com\\\/magazine365\\\/#website\",\"url\":\"https:\\\/\\\/eldigitaldeasturias.com\\\/magazine365\\\/\",\"name\":\"El Digital de Asturias\",\"description\":\"Revista de ocio, turismo y estilo de vida\",\"inLanguage\":\"es-ES\",\"publisher\":{\"@id\":\"https:\\\/\\\/eldigitaldeasturias.com\\\/magazine365\\\/#organization\"}}]}\n\t\t<\/script>\n\t\t<!-- All in One SEO Pro -->\r\n\t\t<title>Allende critica la decisi\u00f3n \u00abunilateral\u00bb del IHM de dar nombre al volc\u00e1n de El Hierro | El Digital de Asturias<\/title>\n\n","aioseo_head_json":{"title":"Allende critica la decisi\u00f3n \u00abunilateral\u00bb del IHM de dar nombre al volc\u00e1n de El Hierro | El Digital de Asturias","description":"La presidenta del Cabildo de El Hierro, Bel\u00e9n Allende, ha manifestado su disconformidad por la decisi\u00f3n \"unilateral\" adoptada por el Instituto Hidrogr\u00e1fico de la Marina (IHM) a la hora de denominar de manera oficial con el nombre de 'Tagoro' al volc\u00e1n submarino de El Hierro. La denominaci\u00f3n del volc\u00e1n, nacido a partir de la erupci\u00f3n","canonical_url":"https:\/\/eldigitaldeasturias.com\/magazine365\/allende-critica-la-decision-unilateral-del-ihm-de-dar-nombre-al-volcan-de-el-hierro\/","robots":"max-image-preview:large","keywords":"noticias y actualidad","webmasterTools":{"google-site-verification":"UA-38556648-1","miscellaneous":""},"schema":{"@context":"https:\/\/schema.org","@graph":[{"@type":"Article","@id":"https:\/\/eldigitaldeasturias.com\/magazine365\/allende-critica-la-decision-unilateral-del-ihm-de-dar-nombre-al-volcan-de-el-hierro\/#article","name":"Allende critica la decisi\u00f3n \u00abunilateral\u00bb del IHM de dar nombre al volc\u00e1n de El Hierro | El Digital de Asturias","headline":"Allende critica la decisi\u00f3n \u00abunilateral\u00bb del IHM de dar nombre al volc\u00e1n de El Hierro","author":{"@id":"https:\/\/eldigitaldeasturias.com\/magazine365\/author\/admin\/#author"},"publisher":{"@id":"https:\/\/eldigitaldeasturias.com\/magazine365\/#organization"},"image":{"@type":"ImageObject","url":"https:\/\/eldigitaldeasturias.com\/magazine365\/wp-content\/uploads\/2016\/06\/fotonoticia_20160531125426_800.jpg","width":800,"height":534},"datePublished":"2016-06-02T05:49:34+02:00","dateModified":"2016-06-02T05:49:34+02:00","inLanguage":"es-ES","mainEntityOfPage":{"@id":"https:\/\/eldigitaldeasturias.com\/magazine365\/allende-critica-la-decision-unilateral-del-ihm-de-dar-nombre-al-volcan-de-el-hierro\/#webpage"},"isPartOf":{"@id":"https:\/\/eldigitaldeasturias.com\/magazine365\/allende-critica-la-decision-unilateral-del-ihm-de-dar-nombre-al-volcan-de-el-hierro\/#webpage"},"articleSection":"Noticias y Actualidad"},{"@type":"BreadcrumbList","@id":"https:\/\/eldigitaldeasturias.com\/magazine365\/allende-critica-la-decision-unilateral-del-ihm-de-dar-nombre-al-volcan-de-el-hierro\/#breadcrumblist","itemListElement":[{"@type":"ListItem","@id":"https:\/\/eldigitaldeasturias.com\/magazine365#listItem","position":1,"name":"Home","item":"https:\/\/eldigitaldeasturias.com\/magazine365","nextItem":{"@type":"ListItem","@id":"https:\/\/eldigitaldeasturias.com\/magazine365\/category\/noticias-actualidad\/#listItem","name":"Noticias y Actualidad"}},{"@type":"ListItem","@id":"https:\/\/eldigitaldeasturias.com\/magazine365\/category\/noticias-actualidad\/#listItem","position":2,"name":"Noticias y Actualidad","item":"https:\/\/eldigitaldeasturias.com\/magazine365\/category\/noticias-actualidad\/","nextItem":{"@type":"ListItem","@id":"https:\/\/eldigitaldeasturias.com\/magazine365\/allende-critica-la-decision-unilateral-del-ihm-de-dar-nombre-al-volcan-de-el-hierro\/#listItem","name":"Allende critica la decisi\u00f3n \u00abunilateral\u00bb del IHM de dar nombre al volc\u00e1n de El Hierro"},"previousItem":{"@type":"ListItem","@id":"https:\/\/eldigitaldeasturias.com\/magazine365#listItem","name":"Home"}},{"@type":"ListItem","@id":"https:\/\/eldigitaldeasturias.com\/magazine365\/allende-critica-la-decision-unilateral-del-ihm-de-dar-nombre-al-volcan-de-el-hierro\/#listItem","position":3,"name":"Allende critica la decisi\u00f3n \u00abunilateral\u00bb del IHM de dar nombre al volc\u00e1n de El Hierro","previousItem":{"@type":"ListItem","@id":"https:\/\/eldigitaldeasturias.com\/magazine365\/category\/noticias-actualidad\/#listItem","name":"Noticias y Actualidad"}}]},{"@type":"Organization","@id":"https:\/\/eldigitaldeasturias.com\/magazine365\/#organization","name":"El digital de Asturias","description":"Revista de ocio, turismo y estilo de vida","url":"https:\/\/eldigitaldeasturias.com\/magazine365\/","logo":{"@type":"ImageObject","url":"https:\/\/www.eldigitaldeasturias.com\/noticias\/wp-content\/uploads\/2020\/12\/EDA.jpg","@id":"https:\/\/eldigitaldeasturias.com\/magazine365\/allende-critica-la-decision-unilateral-del-ihm-de-dar-nombre-al-volcan-de-el-hierro\/#organizationLogo"},"image":{"@id":"https:\/\/eldigitaldeasturias.com\/magazine365\/allende-critica-la-decision-unilateral-del-ihm-de-dar-nombre-al-volcan-de-el-hierro\/#organizationLogo"}},{"@type":"Person","@id":"https:\/\/eldigitaldeasturias.com\/magazine365\/author\/admin\/#author","url":"https:\/\/eldigitaldeasturias.com\/magazine365\/author\/admin\/","name":"admin","image":{"@type":"ImageObject","@id":"https:\/\/eldigitaldeasturias.com\/magazine365\/allende-critica-la-decision-unilateral-del-ihm-de-dar-nombre-al-volcan-de-el-hierro\/#authorImage","url":"https:\/\/eldigitaldeasturias.com\/magazine365\/wp-content\/litespeed\/avatar\/e571bcf59a0edd6fa6838245a470f2fe.jpg?ver=1776969259","width":96,"height":96,"caption":"admin"}},{"@type":"WebPage","@id":"https:\/\/eldigitaldeasturias.com\/magazine365\/allende-critica-la-decision-unilateral-del-ihm-de-dar-nombre-al-volcan-de-el-hierro\/#webpage","url":"https:\/\/eldigitaldeasturias.com\/magazine365\/allende-critica-la-decision-unilateral-del-ihm-de-dar-nombre-al-volcan-de-el-hierro\/","name":"Allende critica la decisi\u00f3n \u00abunilateral\u00bb del IHM de dar nombre al volc\u00e1n de El Hierro | El Digital de Asturias","description":"La presidenta del Cabildo de El Hierro, Bel\u00e9n Allende, ha manifestado su disconformidad por la decisi\u00f3n \"unilateral\" adoptada por el Instituto Hidrogr\u00e1fico de la Marina (IHM) a la hora de denominar de manera oficial con el nombre de 'Tagoro' al volc\u00e1n submarino de El Hierro. La denominaci\u00f3n del volc\u00e1n, nacido a partir de la erupci\u00f3n","inLanguage":"es-ES","isPartOf":{"@id":"https:\/\/eldigitaldeasturias.com\/magazine365\/#website"},"breadcrumb":{"@id":"https:\/\/eldigitaldeasturias.com\/magazine365\/allende-critica-la-decision-unilateral-del-ihm-de-dar-nombre-al-volcan-de-el-hierro\/#breadcrumblist"},"author":{"@id":"https:\/\/eldigitaldeasturias.com\/magazine365\/author\/admin\/#author"},"creator":{"@id":"https:\/\/eldigitaldeasturias.com\/magazine365\/author\/admin\/#author"},"image":{"@type":"ImageObject","url":"https:\/\/eldigitaldeasturias.com\/magazine365\/wp-content\/uploads\/2016\/06\/fotonoticia_20160531125426_800.jpg","@id":"https:\/\/eldigitaldeasturias.com\/magazine365\/allende-critica-la-decision-unilateral-del-ihm-de-dar-nombre-al-volcan-de-el-hierro\/#mainImage","width":800,"height":534},"primaryImageOfPage":{"@id":"https:\/\/eldigitaldeasturias.com\/magazine365\/allende-critica-la-decision-unilateral-del-ihm-de-dar-nombre-al-volcan-de-el-hierro\/#mainImage"},"datePublished":"2016-06-02T05:49:34+02:00","dateModified":"2016-06-02T05:49:34+02:00"},{"@type":"WebSite","@id":"https:\/\/eldigitaldeasturias.com\/magazine365\/#website","url":"https:\/\/eldigitaldeasturias.com\/magazine365\/","name":"El Digital de Asturias","description":"Revista de ocio, turismo y estilo de vida","inLanguage":"es-ES","publisher":{"@id":"https:\/\/eldigitaldeasturias.com\/magazine365\/#organization"}}]},"og:locale":"es_ES","og:site_name":"El Digital de Asturias \u2013 Revista de ocio, turismo y estilo de vida","og:type":"article","og:title":"Allende critica la decisi\u00f3n \u00abunilateral\u00bb del IHM de dar nombre al volc\u00e1n de El Hierro | El Digital de Asturias","og:description":"La presidenta del Cabildo de El Hierro, Bel\u00e9n Allende, ha manifestado su disconformidad por la decisi\u00f3n &quot;unilateral&quot; adoptada por el Instituto Hidrogr\u00e1fico de la Marina (IHM) a la hora de denominar de manera oficial con el nombre de 'Tagoro' al volc\u00e1n submarino de El Hierro. La denominaci\u00f3n del volc\u00e1n, nacido a partir de la erupci\u00f3n","og:url":"https:\/\/eldigitaldeasturias.com\/magazine365\/allende-critica-la-decision-unilateral-del-ihm-de-dar-nombre-al-volcan-de-el-hierro\/","og:image":"https:\/\/eldigitaldeasturias.com\/magazine365\/wp-content\/uploads\/2016\/06\/fotonoticia_20160531125426_800.jpg","og:image:secure_url":"https:\/\/eldigitaldeasturias.com\/magazine365\/wp-content\/uploads\/2016\/06\/fotonoticia_20160531125426_800.jpg","og:image:width":800,"og:image:height":534,"article:published_time":"2016-06-02T03:49:34+00:00","article:modified_time":"2016-06-02T03:49:34+00:00","twitter:card":"summary_large_image","twitter:title":"Allende critica la decisi\u00f3n \u00abunilateral\u00bb del IHM de dar nombre al volc\u00e1n de El Hierro | El Digital de Asturias","twitter:description":"La presidenta del Cabildo de El Hierro, Bel\u00e9n Allende, ha manifestado su disconformidad por la decisi\u00f3n &quot;unilateral&quot; adoptada por el Instituto Hidrogr\u00e1fico de la Marina (IHM) a la hora de denominar de manera oficial con el nombre de 'Tagoro' al volc\u00e1n submarino de El Hierro. La denominaci\u00f3n del volc\u00e1n, nacido a partir de la erupci\u00f3n","twitter:image":"https:\/\/eldigitaldeasturias.com\/magazine365\/wp-content\/uploads\/2016\/06\/fotonoticia_20160531125426_800.jpg"},"aioseo_meta_data":{"post_id":"77308","title":null,"description":null,"keywords":null,"keyphrases":null,"primary_term":null,"canonical_url":null,"og_title":null,"og_description":null,"og_object_type":"default","og_image_type":"default","og_image_url":null,"og_image_width":null,"og_image_height":null,"og_image_custom_url":null,"og_image_custom_fields":null,"og_video":null,"og_custom_url":null,"og_article_section":null,"og_article_tags":null,"twitter_use_og":false,"twitter_card":"default","twitter_image_type":"default","twitter_image_url":null,"twitter_image_custom_url":null,"twitter_image_custom_fields":null,"twitter_title":null,"twitter_description":null,"schema":{"blockGraphs":[],"customGraphs":[],"default":{"data":{"Article":[],"Course":[],"Dataset":[],"FAQPage":[],"Movie":[],"Person":[],"Product":[],"ProductReview":[],"Car":[],"Recipe":[],"Service":[],"SoftwareApplication":[],"WebPage":[]},"graphName":"","isEnabled":true},"graphs":[],"defaultGraph":"","defaultPostTypeGraph":""},"schema_type":null,"schema_type_options":null,"pillar_content":false,"robots_default":true,"robots_noindex":false,"robots_noarchive":false,"robots_nosnippet":false,"robots_nofollow":false,"robots_noimageindex":false,"robots_noodp":false,"robots_notranslate":false,"robots_max_snippet":null,"robots_max_videopreview":null,"robots_max_imagepreview":"large","priority":null,"frequency":null,"location":null,"local_seo":null,"seo_analyzer_scan_date":"2025-09-27 14:34:57","breadcrumb_settings":null,"limit_modified_date":false,"open_ai":null,"ai":null,"created":"2021-03-08 18:15:56","updated":"2025-09-27 14:34:57"},"aioseo_breadcrumb":"<div class=\"aioseo-breadcrumbs\"><span class=\"aioseo-breadcrumb\">\n\t<a href=\"https:\/\/eldigitaldeasturias.com\/magazine365\" title=\"Home\">Home<\/a>\n<\/span><span class=\"aioseo-breadcrumb-separator\">\u2013<\/span><span class=\"aioseo-breadcrumb\">\n\t<a href=\"https:\/\/eldigitaldeasturias.com\/magazine365\/category\/noticias-actualidad\/\" title=\"Noticias y Actualidad\">Noticias y Actualidad<\/a>\n<\/span><span class=\"aioseo-breadcrumb-separator\">\u2013<\/span><span class=\"aioseo-breadcrumb\">\n\t<a href=\"https:\/\/eldigitaldeasturias.com\/magazine365\/allende-critica-la-decision-unilateral-del-ihm-de-dar-nombre-al-volcan-de-el-hierro\/\" title=\"Allende critica la decisi\u00f3n \u00abunilateral\u00bb del IHM de dar nombre al volc\u00e1n de El Hierro\">Allende critica la decisi\u00f3n \u00abunilateral\u00bb del IHM de dar nombre al volc\u00e1n de El Hierro<\/a>\n<\/span><\/div>","aioseo_breadcrumb_json":[{"label":"Home","link":"https:\/\/eldigitaldeasturias.com\/magazine365"},{"label":"Noticias y Actualidad","link":"https:\/\/eldigitaldeasturias.com\/magazine365\/category\/noticias-actualidad\/"},{"label":"Allende critica la decisi\u00f3n \u00abunilateral\u00bb del IHM de dar nombre al volc\u00e1n de El Hierro","link":"https:\/\/eldigitaldeasturias.com\/magazine365\/allende-critica-la-decision-unilateral-del-ihm-de-dar-nombre-al-volcan-de-el-hierro\/"}],"_links":{"self":[{"href":"https:\/\/eldigitaldeasturias.com\/magazine365\/wp-json\/wp\/v2\/posts\/77308","targetHints":{"allow":["GET"]}}],"collection":[{"href":"https:\/\/eldigitaldeasturias.com\/magazine365\/wp-json\/wp\/v2\/posts"}],"about":[{"href":"https:\/\/eldigitaldeasturias.com\/magazine365\/wp-json\/wp\/v2\/types\/post"}],"author":[{"embeddable":true,"href":"https:\/\/eldigitaldeasturias.com\/magazine365\/wp-json\/wp\/v2\/users\/1"}],"replies":[{"embeddable":true,"href":"https:\/\/eldigitaldeasturias.com\/magazine365\/wp-json\/wp\/v2\/comments?post=77308"}],"version-history":[{"count":0,"href":"https:\/\/eldigitaldeasturias.com\/magazine365\/wp-json\/wp\/v2\/posts\/77308\/revisions"}],"wp:featuredmedia":[{"embeddable":true,"href":"https:\/\/eldigitaldeasturias.com\/magazine365\/wp-json\/wp\/v2\/media\/77309"}],"wp:attachment":[{"href":"https:\/\/eldigitaldeasturias.com\/magazine365\/wp-json\/wp\/v2\/media?parent=77308"}],"wp:term":[{"taxonomy":"category","embeddable":true,"href":"https:\/\/eldigitaldeasturias.com\/magazine365\/wp-json\/wp\/v2\/categories?post=77308"},{"taxonomy":"post_tag","embeddable":true,"href":"https:\/\/eldigitaldeasturias.com\/magazine365\/wp-json\/wp\/v2\/tags?post=77308"}],"curies":[{"name":"wp","href":"https:\/\/api.w.org\/{rel}","templated":true}]}}