{"id":77275,"date":"2016-06-02T05:28:36","date_gmt":"2016-06-02T03:28:36","guid":{"rendered":"http:\/\/eldigitaldeasturias.com\/magazine365\/?p=77275"},"modified":"2016-06-02T05:28:36","modified_gmt":"2016-06-02T03:28:36","slug":"huelva-aborda-en-pleno-el-arreglo-de-las-playas-tras-el-temporal","status":"publish","type":"post","link":"https:\/\/eldigitaldeasturias.com\/magazine365\/huelva-aborda-en-pleno-el-arreglo-de-las-playas-tras-el-temporal\/","title":{"rendered":"Huelva aborda en pleno el arreglo de las playas tras el temporal"},"content":{"rendered":"<p><img fetchpriority=\"high\" decoding=\"async\" class=\"alignleft size-medium wp-image-77276\" src=\"https:\/\/eldigitaldeasturias.com\/magazine365\/wp-content\/uploads\/2016\/06\/fotonoticia_20160531101910_800-360x236.jpg\" alt=\"fotonoticia_20160531101910_800\" width=\"360\" height=\"236\" srcset=\"https:\/\/eldigitaldeasturias.com\/magazine365\/wp-content\/uploads\/2016\/06\/fotonoticia_20160531101910_800-360x236.jpg 360w, https:\/\/eldigitaldeasturias.com\/magazine365\/wp-content\/uploads\/2016\/06\/fotonoticia_20160531101910_800-650x427.jpg 650w, https:\/\/eldigitaldeasturias.com\/magazine365\/wp-content\/uploads\/2016\/06\/fotonoticia_20160531101910_800-768x504.jpg 768w, https:\/\/eldigitaldeasturias.com\/magazine365\/wp-content\/uploads\/2016\/06\/fotonoticia_20160531101910_800-150x98.jpg 150w, https:\/\/eldigitaldeasturias.com\/magazine365\/wp-content\/uploads\/2016\/06\/fotonoticia_20160531101910_800-450x295.jpg 450w, https:\/\/eldigitaldeasturias.com\/magazine365\/wp-content\/uploads\/2016\/06\/fotonoticia_20160531101910_800-121x79.jpg 121w, https:\/\/eldigitaldeasturias.com\/magazine365\/wp-content\/uploads\/2016\/06\/fotonoticia_20160531101910_800-101x66.jpg 101w, https:\/\/eldigitaldeasturias.com\/magazine365\/wp-content\/uploads\/2016\/06\/fotonoticia_20160531101910_800-326x213.jpg 326w, https:\/\/eldigitaldeasturias.com\/magazine365\/wp-content\/uploads\/2016\/06\/fotonoticia_20160531101910_800.jpg 800w\" sizes=\"(max-width: 360px) 100vw, 360px\" \/>La Diputaci\u00f3n de Huelva aborda este martes en el pleno correspondiente al mes de junio una serie de mociones relacionadas con la situaci\u00f3n del litoral tras el temporal, con el puente del Odiel, con el Programa de Fomento de Empleo Agrario (PFEA) y las ayudas de la Pol\u00edtica Agraria Com\u00fan (PAC).<\/p>\n<p>La iniciativa sobre la situaci\u00f3n de las playas la presentan el PSOE, PP y Ciudadanos, pero desde distintos puntos de vista, ya que los socialistas pedir\u00e1n al Gobierno de la naci\u00f3n la urgente aprobaci\u00f3n de un paquete de medidas inversoras de car\u00e1cter extraordinario y de implantaci\u00f3n inmediata para lograr la regeneraci\u00f3n del litoral para esta temporada estival, pactada con los municipios y el sector tur\u00edstico.<\/p>\n<p>Por su parte, el PP reclamar\u00e1 a la Junta de Andaluc\u00eda y a la Diputaci\u00f3n que colaboren con el Gobierno en el restablecimiento de las condiciones de las playas onubenses afectadas por el \u00faltimo temporal que ha azotado el litoral onubense, tras el anuncio de una inversi\u00f3n extraordinaria de 500.000 para paliar los efectos de este temporal, en unas obras que comenzar\u00e1n a ejecutarse en los pr\u00f3ximos d\u00edas en ocho playas de la costa de Huelva.<\/p>\n<p>Ciudadanos tambi\u00e9n pedir\u00e1 informaci\u00f3n al respecto, sobre la situaci\u00f3n actual y futura de la costa de cara al pr\u00f3ximo verano, mientras que otras mociones de la formaci\u00f3n naranja est\u00e1n relacionadas con la coordinaci\u00f3n entre el Consorcio Provincial de Bomberos y el Parque Municipal de Bomberos de Huelva y con el arreglo de la carretera HV-2111, de unos cuatro kil\u00f3metros, que discurre entre el kil\u00f3metro 108 de la N-435 y Encinasola, y es el \u00fanico punto de acceso desde Cumbres de San Bartolom\u00e9 al exterior.<\/p>\n<p>En otra moci\u00f3n, los socialistas pedir\u00e1n el rechazo a la reducci\u00f3n de fondos para Andaluc\u00eda provenientes de la aplicaci\u00f3n de la Pol\u00edtica Agraria Comunitaria (PAC), ya que \u00abAndaluc\u00eda, como ya ocurri\u00f3 en 2014 y 2015, es de nuevo la gran perjudicada, con la p\u00e9rdida de 616 millones de euros en ayudas directas y 286 millones de euros de ayudas destinadas a desarrollo rural\u00bb.<\/p>\n<p>De igual manera, instar\u00e1n al Gobierno central a que realice los cambios normativos necesarios para que los municipios con deudas con la Seguridad Social puedan acceder al Programa de Fomento de Empleo Agrario (PFEA).<\/p>\n<p>Finalmente, el PSOE presenta una iniciativa en defensa de los empleos p\u00fablicos y del servicio de la Empresa P\u00fablica Correos y pide que se ponga fin al constate recorte de empleos que Correos viene aplicando en los \u00faltimos a\u00f1os.<\/p>\n<p>OTRAS MOCIONES<\/p>\n<p>Por su parte, el PP reclamara en este pleno pedir a la Junta de Andaluc\u00eda a proceder de inmediato al restablecimiento de la iluminaci\u00f3n del puente sobre el r\u00edo Odiel y tomar medidas que garanticen la seguridad y la fluidez del tr\u00e1fico, as\u00ed como un Plan Especial de Tr\u00e1fico para disminuir los atascos de manera urgente sobre todo en la \u00e9poca estival. Tambi\u00e9n presentar\u00e1 otra iniciativa sobre la actualizaci\u00f3n del mapa formativo de la Formaci\u00f3n Profesional B\u00e1sica en la provincia.<\/p>\n<p>Por \u00faltimo, IULV-CA presentar\u00e1 tres mociones. A trav\u00e9s de una de ellas, pedir\u00e1 a la Junta de Andaluc\u00eda que realice las obras necesarias para acabar con \u00ablos vertidos de aguas fecales que se est\u00e1n produciendo desde hasta en siete puntos urbanos del municipio de Aljaraque y est\u00e1n llegando al Paraje Natural Marismas del Odiel, que se trata de una Reserva de la Biosfera\u00bb.<\/p>\n<p>Por otro lado, presenta una moci\u00f3n en relaci\u00f3n al desarrollo de planes, programas y proyectos dirigidos a la prevenci\u00f3n de las muertes por suicidio y otra por el d\u00eda internacional de la LGTBifobia.<\/p>\n","protected":false},"excerpt":{"rendered":"<p>La Diputaci\u00f3n de Huelva aborda este martes en el pleno correspondiente al mes de junio una serie de mociones relacionadas con la situaci\u00f3n del litoral tras el temporal, con el puente del Odiel, con el Programa de Fomento de Empleo Agrario (PFEA) y las ayudas de la Pol\u00edtica Agraria Com\u00fan (PAC). La iniciativa sobre la<\/p>\n","protected":false},"author":1,"featured_media":77276,"comment_status":"open","ping_status":"closed","sticky":false,"template":"","format":"standard","meta":{"footnotes":""},"categories":[224],"tags":[],"class_list":{"0":"post-77275","1":"post","2":"type-post","3":"status-publish","4":"format-standard","5":"has-post-thumbnail","7":"category-noticias-actualidad"},"aioseo_notices":[],"aioseo_head":"\n\t\t<!-- All in One SEO Pro 4.9.6.1 - aioseo.com -->\n\t<meta name=\"description\" content=\"La Diputaci\u00f3n de Huelva aborda este martes en el pleno correspondiente al mes de junio una serie de mociones relacionadas con la situaci\u00f3n del litoral tras el temporal, con el puente del Odiel, con el Programa de Fomento de Empleo Agrario (PFEA) y las ayudas de la Pol\u00edtica Agraria Com\u00fan (PAC). La iniciativa sobre la\" \/>\n\t<meta name=\"robots\" content=\"max-image-preview:large\" \/>\n\t<meta name=\"author\" content=\"admin\"\/>\n\t<meta name=\"google-site-verification\" content=\"UA-38556648-1\" \/>\n\t<meta name=\"keywords\" content=\"noticias y actualidad\" \/>\n\t<link rel=\"canonical\" href=\"https:\/\/eldigitaldeasturias.com\/magazine365\/huelva-aborda-en-pleno-el-arreglo-de-las-playas-tras-el-temporal\/\" \/>\n\t<meta name=\"generator\" content=\"All in One SEO Pro (AIOSEO) 4.9.6.1\" \/>\n\t\t<meta property=\"og:locale\" content=\"es_ES\" \/>\n\t\t<meta property=\"og:site_name\" content=\"El Digital de Asturias \u2013 Revista de ocio, turismo y estilo de vida\" \/>\n\t\t<meta property=\"og:type\" content=\"article\" \/>\n\t\t<meta property=\"og:title\" content=\"Huelva aborda en pleno el arreglo de las playas tras el temporal | El Digital de Asturias\" \/>\n\t\t<meta property=\"og:description\" content=\"La Diputaci\u00f3n de Huelva aborda este martes en el pleno correspondiente al mes de junio una serie de mociones relacionadas con la situaci\u00f3n del litoral tras el temporal, con el puente del Odiel, con el Programa de Fomento de Empleo Agrario (PFEA) y las ayudas de la Pol\u00edtica Agraria Com\u00fan (PAC). La iniciativa sobre la\" \/>\n\t\t<meta property=\"og:url\" content=\"https:\/\/eldigitaldeasturias.com\/magazine365\/huelva-aborda-en-pleno-el-arreglo-de-las-playas-tras-el-temporal\/\" \/>\n\t\t<meta property=\"og:image\" content=\"https:\/\/eldigitaldeasturias.com\/magazine365\/wp-content\/uploads\/2016\/06\/fotonoticia_20160531101910_800.jpg\" \/>\n\t\t<meta property=\"og:image:secure_url\" content=\"https:\/\/eldigitaldeasturias.com\/magazine365\/wp-content\/uploads\/2016\/06\/fotonoticia_20160531101910_800.jpg\" \/>\n\t\t<meta property=\"og:image:width\" content=\"800\" \/>\n\t\t<meta property=\"og:image:height\" content=\"525\" \/>\n\t\t<meta property=\"article:published_time\" content=\"2016-06-02T03:28:36+00:00\" \/>\n\t\t<meta property=\"article:modified_time\" content=\"2016-06-02T03:28:36+00:00\" \/>\n\t\t<meta name=\"twitter:card\" content=\"summary_large_image\" \/>\n\t\t<meta name=\"twitter:title\" content=\"Huelva aborda en pleno el arreglo de las playas tras el temporal | El Digital de Asturias\" \/>\n\t\t<meta name=\"twitter:description\" content=\"La Diputaci\u00f3n de Huelva aborda este martes en el pleno correspondiente al mes de junio una serie de mociones relacionadas con la situaci\u00f3n del litoral tras el temporal, con el puente del Odiel, con el Programa de Fomento de Empleo Agrario (PFEA) y las ayudas de la Pol\u00edtica Agraria Com\u00fan (PAC). La iniciativa sobre la\" \/>\n\t\t<meta name=\"twitter:image\" content=\"https:\/\/eldigitaldeasturias.com\/magazine365\/wp-content\/uploads\/2016\/06\/fotonoticia_20160531101910_800.jpg\" \/>\n\t\t<script type=\"application\/ld+json\" class=\"aioseo-schema\">\n\t\t\t{\"@context\":\"https:\\\/\\\/schema.org\",\"@graph\":[{\"@type\":\"Article\",\"@id\":\"https:\\\/\\\/eldigitaldeasturias.com\\\/magazine365\\\/huelva-aborda-en-pleno-el-arreglo-de-las-playas-tras-el-temporal\\\/#article\",\"name\":\"Huelva aborda en pleno el arreglo de las playas tras el temporal | El Digital de Asturias\",\"headline\":\"Huelva aborda en pleno el arreglo de las playas tras el temporal\",\"author\":{\"@id\":\"https:\\\/\\\/eldigitaldeasturias.com\\\/magazine365\\\/author\\\/admin\\\/#author\"},\"publisher\":{\"@id\":\"https:\\\/\\\/eldigitaldeasturias.com\\\/magazine365\\\/#organization\"},\"image\":{\"@type\":\"ImageObject\",\"url\":\"https:\\\/\\\/eldigitaldeasturias.com\\\/magazine365\\\/wp-content\\\/uploads\\\/2016\\\/06\\\/fotonoticia_20160531101910_800.jpg\",\"width\":800,\"height\":525},\"datePublished\":\"2016-06-02T05:28:36+02:00\",\"dateModified\":\"2016-06-02T05:28:36+02:00\",\"inLanguage\":\"es-ES\",\"mainEntityOfPage\":{\"@id\":\"https:\\\/\\\/eldigitaldeasturias.com\\\/magazine365\\\/huelva-aborda-en-pleno-el-arreglo-de-las-playas-tras-el-temporal\\\/#webpage\"},\"isPartOf\":{\"@id\":\"https:\\\/\\\/eldigitaldeasturias.com\\\/magazine365\\\/huelva-aborda-en-pleno-el-arreglo-de-las-playas-tras-el-temporal\\\/#webpage\"},\"articleSection\":\"Noticias y Actualidad\"},{\"@type\":\"BreadcrumbList\",\"@id\":\"https:\\\/\\\/eldigitaldeasturias.com\\\/magazine365\\\/huelva-aborda-en-pleno-el-arreglo-de-las-playas-tras-el-temporal\\\/#breadcrumblist\",\"itemListElement\":[{\"@type\":\"ListItem\",\"@id\":\"https:\\\/\\\/eldigitaldeasturias.com\\\/magazine365#listItem\",\"position\":1,\"name\":\"Home\",\"item\":\"https:\\\/\\\/eldigitaldeasturias.com\\\/magazine365\",\"nextItem\":{\"@type\":\"ListItem\",\"@id\":\"https:\\\/\\\/eldigitaldeasturias.com\\\/magazine365\\\/category\\\/noticias-actualidad\\\/#listItem\",\"name\":\"Noticias y Actualidad\"}},{\"@type\":\"ListItem\",\"@id\":\"https:\\\/\\\/eldigitaldeasturias.com\\\/magazine365\\\/category\\\/noticias-actualidad\\\/#listItem\",\"position\":2,\"name\":\"Noticias y Actualidad\",\"item\":\"https:\\\/\\\/eldigitaldeasturias.com\\\/magazine365\\\/category\\\/noticias-actualidad\\\/\",\"nextItem\":{\"@type\":\"ListItem\",\"@id\":\"https:\\\/\\\/eldigitaldeasturias.com\\\/magazine365\\\/huelva-aborda-en-pleno-el-arreglo-de-las-playas-tras-el-temporal\\\/#listItem\",\"name\":\"Huelva aborda en pleno el arreglo de las playas tras el temporal\"},\"previousItem\":{\"@type\":\"ListItem\",\"@id\":\"https:\\\/\\\/eldigitaldeasturias.com\\\/magazine365#listItem\",\"name\":\"Home\"}},{\"@type\":\"ListItem\",\"@id\":\"https:\\\/\\\/eldigitaldeasturias.com\\\/magazine365\\\/huelva-aborda-en-pleno-el-arreglo-de-las-playas-tras-el-temporal\\\/#listItem\",\"position\":3,\"name\":\"Huelva aborda en pleno el arreglo de las playas tras el temporal\",\"previousItem\":{\"@type\":\"ListItem\",\"@id\":\"https:\\\/\\\/eldigitaldeasturias.com\\\/magazine365\\\/category\\\/noticias-actualidad\\\/#listItem\",\"name\":\"Noticias y Actualidad\"}}]},{\"@type\":\"Organization\",\"@id\":\"https:\\\/\\\/eldigitaldeasturias.com\\\/magazine365\\\/#organization\",\"name\":\"El digital de Asturias\",\"description\":\"Revista de ocio, turismo y estilo de vida\",\"url\":\"https:\\\/\\\/eldigitaldeasturias.com\\\/magazine365\\\/\",\"logo\":{\"@type\":\"ImageObject\",\"url\":\"https:\\\/\\\/www.eldigitaldeasturias.com\\\/noticias\\\/wp-content\\\/uploads\\\/2020\\\/12\\\/EDA.jpg\",\"@id\":\"https:\\\/\\\/eldigitaldeasturias.com\\\/magazine365\\\/huelva-aborda-en-pleno-el-arreglo-de-las-playas-tras-el-temporal\\\/#organizationLogo\"},\"image\":{\"@id\":\"https:\\\/\\\/eldigitaldeasturias.com\\\/magazine365\\\/huelva-aborda-en-pleno-el-arreglo-de-las-playas-tras-el-temporal\\\/#organizationLogo\"}},{\"@type\":\"Person\",\"@id\":\"https:\\\/\\\/eldigitaldeasturias.com\\\/magazine365\\\/author\\\/admin\\\/#author\",\"url\":\"https:\\\/\\\/eldigitaldeasturias.com\\\/magazine365\\\/author\\\/admin\\\/\",\"name\":\"admin\",\"image\":{\"@type\":\"ImageObject\",\"@id\":\"https:\\\/\\\/eldigitaldeasturias.com\\\/magazine365\\\/huelva-aborda-en-pleno-el-arreglo-de-las-playas-tras-el-temporal\\\/#authorImage\",\"url\":\"https:\\\/\\\/eldigitaldeasturias.com\\\/magazine365\\\/wp-content\\\/litespeed\\\/avatar\\\/e571bcf59a0edd6fa6838245a470f2fe.jpg?ver=1776969259\",\"width\":96,\"height\":96,\"caption\":\"admin\"}},{\"@type\":\"WebPage\",\"@id\":\"https:\\\/\\\/eldigitaldeasturias.com\\\/magazine365\\\/huelva-aborda-en-pleno-el-arreglo-de-las-playas-tras-el-temporal\\\/#webpage\",\"url\":\"https:\\\/\\\/eldigitaldeasturias.com\\\/magazine365\\\/huelva-aborda-en-pleno-el-arreglo-de-las-playas-tras-el-temporal\\\/\",\"name\":\"Huelva aborda en pleno el arreglo de las playas tras el temporal | El Digital de Asturias\",\"description\":\"La Diputaci\\u00f3n de Huelva aborda este martes en el pleno correspondiente al mes de junio una serie de mociones relacionadas con la situaci\\u00f3n del litoral tras el temporal, con el puente del Odiel, con el Programa de Fomento de Empleo Agrario (PFEA) y las ayudas de la Pol\\u00edtica Agraria Com\\u00fan (PAC). La iniciativa sobre la\",\"inLanguage\":\"es-ES\",\"isPartOf\":{\"@id\":\"https:\\\/\\\/eldigitaldeasturias.com\\\/magazine365\\\/#website\"},\"breadcrumb\":{\"@id\":\"https:\\\/\\\/eldigitaldeasturias.com\\\/magazine365\\\/huelva-aborda-en-pleno-el-arreglo-de-las-playas-tras-el-temporal\\\/#breadcrumblist\"},\"author\":{\"@id\":\"https:\\\/\\\/eldigitaldeasturias.com\\\/magazine365\\\/author\\\/admin\\\/#author\"},\"creator\":{\"@id\":\"https:\\\/\\\/eldigitaldeasturias.com\\\/magazine365\\\/author\\\/admin\\\/#author\"},\"image\":{\"@type\":\"ImageObject\",\"url\":\"https:\\\/\\\/eldigitaldeasturias.com\\\/magazine365\\\/wp-content\\\/uploads\\\/2016\\\/06\\\/fotonoticia_20160531101910_800.jpg\",\"@id\":\"https:\\\/\\\/eldigitaldeasturias.com\\\/magazine365\\\/huelva-aborda-en-pleno-el-arreglo-de-las-playas-tras-el-temporal\\\/#mainImage\",\"width\":800,\"height\":525},\"primaryImageOfPage\":{\"@id\":\"https:\\\/\\\/eldigitaldeasturias.com\\\/magazine365\\\/huelva-aborda-en-pleno-el-arreglo-de-las-playas-tras-el-temporal\\\/#mainImage\"},\"datePublished\":\"2016-06-02T05:28:36+02:00\",\"dateModified\":\"2016-06-02T05:28:36+02:00\"},{\"@type\":\"WebSite\",\"@id\":\"https:\\\/\\\/eldigitaldeasturias.com\\\/magazine365\\\/#website\",\"url\":\"https:\\\/\\\/eldigitaldeasturias.com\\\/magazine365\\\/\",\"name\":\"El Digital de Asturias\",\"description\":\"Revista de ocio, turismo y estilo de vida\",\"inLanguage\":\"es-ES\",\"publisher\":{\"@id\":\"https:\\\/\\\/eldigitaldeasturias.com\\\/magazine365\\\/#organization\"}}]}\n\t\t<\/script>\n\t\t<!-- All in One SEO Pro -->\r\n\t\t<title>Huelva aborda en pleno el arreglo de las playas tras el temporal | El Digital de Asturias<\/title>\n\n","aioseo_head_json":{"title":"Huelva aborda en pleno el arreglo de las playas tras el temporal | El Digital de Asturias","description":"La Diputaci\u00f3n de Huelva aborda este martes en el pleno correspondiente al mes de junio una serie de mociones relacionadas con la situaci\u00f3n del litoral tras el temporal, con el puente del Odiel, con el Programa de Fomento de Empleo Agrario (PFEA) y las ayudas de la Pol\u00edtica Agraria Com\u00fan (PAC). La iniciativa sobre la","canonical_url":"https:\/\/eldigitaldeasturias.com\/magazine365\/huelva-aborda-en-pleno-el-arreglo-de-las-playas-tras-el-temporal\/","robots":"max-image-preview:large","keywords":"noticias y actualidad","webmasterTools":{"google-site-verification":"UA-38556648-1","miscellaneous":""},"schema":{"@context":"https:\/\/schema.org","@graph":[{"@type":"Article","@id":"https:\/\/eldigitaldeasturias.com\/magazine365\/huelva-aborda-en-pleno-el-arreglo-de-las-playas-tras-el-temporal\/#article","name":"Huelva aborda en pleno el arreglo de las playas tras el temporal | El Digital de Asturias","headline":"Huelva aborda en pleno el arreglo de las playas tras el temporal","author":{"@id":"https:\/\/eldigitaldeasturias.com\/magazine365\/author\/admin\/#author"},"publisher":{"@id":"https:\/\/eldigitaldeasturias.com\/magazine365\/#organization"},"image":{"@type":"ImageObject","url":"https:\/\/eldigitaldeasturias.com\/magazine365\/wp-content\/uploads\/2016\/06\/fotonoticia_20160531101910_800.jpg","width":800,"height":525},"datePublished":"2016-06-02T05:28:36+02:00","dateModified":"2016-06-02T05:28:36+02:00","inLanguage":"es-ES","mainEntityOfPage":{"@id":"https:\/\/eldigitaldeasturias.com\/magazine365\/huelva-aborda-en-pleno-el-arreglo-de-las-playas-tras-el-temporal\/#webpage"},"isPartOf":{"@id":"https:\/\/eldigitaldeasturias.com\/magazine365\/huelva-aborda-en-pleno-el-arreglo-de-las-playas-tras-el-temporal\/#webpage"},"articleSection":"Noticias y Actualidad"},{"@type":"BreadcrumbList","@id":"https:\/\/eldigitaldeasturias.com\/magazine365\/huelva-aborda-en-pleno-el-arreglo-de-las-playas-tras-el-temporal\/#breadcrumblist","itemListElement":[{"@type":"ListItem","@id":"https:\/\/eldigitaldeasturias.com\/magazine365#listItem","position":1,"name":"Home","item":"https:\/\/eldigitaldeasturias.com\/magazine365","nextItem":{"@type":"ListItem","@id":"https:\/\/eldigitaldeasturias.com\/magazine365\/category\/noticias-actualidad\/#listItem","name":"Noticias y Actualidad"}},{"@type":"ListItem","@id":"https:\/\/eldigitaldeasturias.com\/magazine365\/category\/noticias-actualidad\/#listItem","position":2,"name":"Noticias y Actualidad","item":"https:\/\/eldigitaldeasturias.com\/magazine365\/category\/noticias-actualidad\/","nextItem":{"@type":"ListItem","@id":"https:\/\/eldigitaldeasturias.com\/magazine365\/huelva-aborda-en-pleno-el-arreglo-de-las-playas-tras-el-temporal\/#listItem","name":"Huelva aborda en pleno el arreglo de las playas tras el temporal"},"previousItem":{"@type":"ListItem","@id":"https:\/\/eldigitaldeasturias.com\/magazine365#listItem","name":"Home"}},{"@type":"ListItem","@id":"https:\/\/eldigitaldeasturias.com\/magazine365\/huelva-aborda-en-pleno-el-arreglo-de-las-playas-tras-el-temporal\/#listItem","position":3,"name":"Huelva aborda en pleno el arreglo de las playas tras el temporal","previousItem":{"@type":"ListItem","@id":"https:\/\/eldigitaldeasturias.com\/magazine365\/category\/noticias-actualidad\/#listItem","name":"Noticias y Actualidad"}}]},{"@type":"Organization","@id":"https:\/\/eldigitaldeasturias.com\/magazine365\/#organization","name":"El digital de Asturias","description":"Revista de ocio, turismo y estilo de vida","url":"https:\/\/eldigitaldeasturias.com\/magazine365\/","logo":{"@type":"ImageObject","url":"https:\/\/www.eldigitaldeasturias.com\/noticias\/wp-content\/uploads\/2020\/12\/EDA.jpg","@id":"https:\/\/eldigitaldeasturias.com\/magazine365\/huelva-aborda-en-pleno-el-arreglo-de-las-playas-tras-el-temporal\/#organizationLogo"},"image":{"@id":"https:\/\/eldigitaldeasturias.com\/magazine365\/huelva-aborda-en-pleno-el-arreglo-de-las-playas-tras-el-temporal\/#organizationLogo"}},{"@type":"Person","@id":"https:\/\/eldigitaldeasturias.com\/magazine365\/author\/admin\/#author","url":"https:\/\/eldigitaldeasturias.com\/magazine365\/author\/admin\/","name":"admin","image":{"@type":"ImageObject","@id":"https:\/\/eldigitaldeasturias.com\/magazine365\/huelva-aborda-en-pleno-el-arreglo-de-las-playas-tras-el-temporal\/#authorImage","url":"https:\/\/eldigitaldeasturias.com\/magazine365\/wp-content\/litespeed\/avatar\/e571bcf59a0edd6fa6838245a470f2fe.jpg?ver=1776969259","width":96,"height":96,"caption":"admin"}},{"@type":"WebPage","@id":"https:\/\/eldigitaldeasturias.com\/magazine365\/huelva-aborda-en-pleno-el-arreglo-de-las-playas-tras-el-temporal\/#webpage","url":"https:\/\/eldigitaldeasturias.com\/magazine365\/huelva-aborda-en-pleno-el-arreglo-de-las-playas-tras-el-temporal\/","name":"Huelva aborda en pleno el arreglo de las playas tras el temporal | El Digital de Asturias","description":"La Diputaci\u00f3n de Huelva aborda este martes en el pleno correspondiente al mes de junio una serie de mociones relacionadas con la situaci\u00f3n del litoral tras el temporal, con el puente del Odiel, con el Programa de Fomento de Empleo Agrario (PFEA) y las ayudas de la Pol\u00edtica Agraria Com\u00fan (PAC). La iniciativa sobre la","inLanguage":"es-ES","isPartOf":{"@id":"https:\/\/eldigitaldeasturias.com\/magazine365\/#website"},"breadcrumb":{"@id":"https:\/\/eldigitaldeasturias.com\/magazine365\/huelva-aborda-en-pleno-el-arreglo-de-las-playas-tras-el-temporal\/#breadcrumblist"},"author":{"@id":"https:\/\/eldigitaldeasturias.com\/magazine365\/author\/admin\/#author"},"creator":{"@id":"https:\/\/eldigitaldeasturias.com\/magazine365\/author\/admin\/#author"},"image":{"@type":"ImageObject","url":"https:\/\/eldigitaldeasturias.com\/magazine365\/wp-content\/uploads\/2016\/06\/fotonoticia_20160531101910_800.jpg","@id":"https:\/\/eldigitaldeasturias.com\/magazine365\/huelva-aborda-en-pleno-el-arreglo-de-las-playas-tras-el-temporal\/#mainImage","width":800,"height":525},"primaryImageOfPage":{"@id":"https:\/\/eldigitaldeasturias.com\/magazine365\/huelva-aborda-en-pleno-el-arreglo-de-las-playas-tras-el-temporal\/#mainImage"},"datePublished":"2016-06-02T05:28:36+02:00","dateModified":"2016-06-02T05:28:36+02:00"},{"@type":"WebSite","@id":"https:\/\/eldigitaldeasturias.com\/magazine365\/#website","url":"https:\/\/eldigitaldeasturias.com\/magazine365\/","name":"El Digital de Asturias","description":"Revista de ocio, turismo y estilo de vida","inLanguage":"es-ES","publisher":{"@id":"https:\/\/eldigitaldeasturias.com\/magazine365\/#organization"}}]},"og:locale":"es_ES","og:site_name":"El Digital de Asturias \u2013 Revista de ocio, turismo y estilo de vida","og:type":"article","og:title":"Huelva aborda en pleno el arreglo de las playas tras el temporal | El Digital de Asturias","og:description":"La Diputaci\u00f3n de Huelva aborda este martes en el pleno correspondiente al mes de junio una serie de mociones relacionadas con la situaci\u00f3n del litoral tras el temporal, con el puente del Odiel, con el Programa de Fomento de Empleo Agrario (PFEA) y las ayudas de la Pol\u00edtica Agraria Com\u00fan (PAC). La iniciativa sobre la","og:url":"https:\/\/eldigitaldeasturias.com\/magazine365\/huelva-aborda-en-pleno-el-arreglo-de-las-playas-tras-el-temporal\/","og:image":"https:\/\/eldigitaldeasturias.com\/magazine365\/wp-content\/uploads\/2016\/06\/fotonoticia_20160531101910_800.jpg","og:image:secure_url":"https:\/\/eldigitaldeasturias.com\/magazine365\/wp-content\/uploads\/2016\/06\/fotonoticia_20160531101910_800.jpg","og:image:width":800,"og:image:height":525,"article:published_time":"2016-06-02T03:28:36+00:00","article:modified_time":"2016-06-02T03:28:36+00:00","twitter:card":"summary_large_image","twitter:title":"Huelva aborda en pleno el arreglo de las playas tras el temporal | El Digital de Asturias","twitter:description":"La Diputaci\u00f3n de Huelva aborda este martes en el pleno correspondiente al mes de junio una serie de mociones relacionadas con la situaci\u00f3n del litoral tras el temporal, con el puente del Odiel, con el Programa de Fomento de Empleo Agrario (PFEA) y las ayudas de la Pol\u00edtica Agraria Com\u00fan (PAC). La iniciativa sobre la","twitter:image":"https:\/\/eldigitaldeasturias.com\/magazine365\/wp-content\/uploads\/2016\/06\/fotonoticia_20160531101910_800.jpg"},"aioseo_meta_data":{"post_id":"77275","title":null,"description":null,"keywords":null,"keyphrases":null,"primary_term":null,"canonical_url":null,"og_title":null,"og_description":null,"og_object_type":"default","og_image_type":"default","og_image_url":null,"og_image_width":null,"og_image_height":null,"og_image_custom_url":null,"og_image_custom_fields":null,"og_video":null,"og_custom_url":null,"og_article_section":null,"og_article_tags":null,"twitter_use_og":false,"twitter_card":"default","twitter_image_type":"default","twitter_image_url":null,"twitter_image_custom_url":null,"twitter_image_custom_fields":null,"twitter_title":null,"twitter_description":null,"schema":{"blockGraphs":[],"customGraphs":[],"default":{"data":{"Article":[],"Course":[],"Dataset":[],"FAQPage":[],"Movie":[],"Person":[],"Product":[],"ProductReview":[],"Car":[],"Recipe":[],"Service":[],"SoftwareApplication":[],"WebPage":[]},"graphName":"","isEnabled":true},"graphs":[],"defaultGraph":"","defaultPostTypeGraph":""},"schema_type":null,"schema_type_options":null,"pillar_content":false,"robots_default":true,"robots_noindex":false,"robots_noarchive":false,"robots_nosnippet":false,"robots_nofollow":false,"robots_noimageindex":false,"robots_noodp":false,"robots_notranslate":false,"robots_max_snippet":null,"robots_max_videopreview":null,"robots_max_imagepreview":"large","priority":null,"frequency":null,"location":null,"local_seo":null,"seo_analyzer_scan_date":"2025-09-27 14:31:28","breadcrumb_settings":null,"limit_modified_date":false,"open_ai":null,"ai":null,"created":"2021-03-08 18:17:29","updated":"2025-09-27 14:31:28"},"aioseo_breadcrumb":"<div class=\"aioseo-breadcrumbs\"><span class=\"aioseo-breadcrumb\">\n\t<a href=\"https:\/\/eldigitaldeasturias.com\/magazine365\" title=\"Home\">Home<\/a>\n<\/span><span class=\"aioseo-breadcrumb-separator\">\u2013<\/span><span class=\"aioseo-breadcrumb\">\n\t<a href=\"https:\/\/eldigitaldeasturias.com\/magazine365\/category\/noticias-actualidad\/\" title=\"Noticias y Actualidad\">Noticias y Actualidad<\/a>\n<\/span><span class=\"aioseo-breadcrumb-separator\">\u2013<\/span><span class=\"aioseo-breadcrumb\">\n\t<a href=\"https:\/\/eldigitaldeasturias.com\/magazine365\/huelva-aborda-en-pleno-el-arreglo-de-las-playas-tras-el-temporal\/\" title=\"Huelva aborda en pleno el arreglo de las playas tras el temporal\">Huelva aborda en pleno el arreglo de las playas tras el temporal<\/a>\n<\/span><\/div>","aioseo_breadcrumb_json":[{"label":"Home","link":"https:\/\/eldigitaldeasturias.com\/magazine365"},{"label":"Noticias y Actualidad","link":"https:\/\/eldigitaldeasturias.com\/magazine365\/category\/noticias-actualidad\/"},{"label":"Huelva aborda en pleno el arreglo de las playas tras el temporal","link":"https:\/\/eldigitaldeasturias.com\/magazine365\/huelva-aborda-en-pleno-el-arreglo-de-las-playas-tras-el-temporal\/"}],"_links":{"self":[{"href":"https:\/\/eldigitaldeasturias.com\/magazine365\/wp-json\/wp\/v2\/posts\/77275","targetHints":{"allow":["GET"]}}],"collection":[{"href":"https:\/\/eldigitaldeasturias.com\/magazine365\/wp-json\/wp\/v2\/posts"}],"about":[{"href":"https:\/\/eldigitaldeasturias.com\/magazine365\/wp-json\/wp\/v2\/types\/post"}],"author":[{"embeddable":true,"href":"https:\/\/eldigitaldeasturias.com\/magazine365\/wp-json\/wp\/v2\/users\/1"}],"replies":[{"embeddable":true,"href":"https:\/\/eldigitaldeasturias.com\/magazine365\/wp-json\/wp\/v2\/comments?post=77275"}],"version-history":[{"count":0,"href":"https:\/\/eldigitaldeasturias.com\/magazine365\/wp-json\/wp\/v2\/posts\/77275\/revisions"}],"wp:featuredmedia":[{"embeddable":true,"href":"https:\/\/eldigitaldeasturias.com\/magazine365\/wp-json\/wp\/v2\/media\/77276"}],"wp:attachment":[{"href":"https:\/\/eldigitaldeasturias.com\/magazine365\/wp-json\/wp\/v2\/media?parent=77275"}],"wp:term":[{"taxonomy":"category","embeddable":true,"href":"https:\/\/eldigitaldeasturias.com\/magazine365\/wp-json\/wp\/v2\/categories?post=77275"},{"taxonomy":"post_tag","embeddable":true,"href":"https:\/\/eldigitaldeasturias.com\/magazine365\/wp-json\/wp\/v2\/tags?post=77275"}],"curies":[{"name":"wp","href":"https:\/\/api.w.org\/{rel}","templated":true}]}}