{"id":77266,"date":"2016-06-02T05:18:42","date_gmt":"2016-06-02T03:18:42","guid":{"rendered":"http:\/\/eldigitaldeasturias.com\/magazine365\/?p=77266"},"modified":"2016-06-02T05:18:42","modified_gmt":"2016-06-02T03:18:42","slug":"los-palacios-y-centros-de-congresos-de-la-provincia-se-unen-bajo-la-marca-huesca-la-magia","status":"publish","type":"post","link":"https:\/\/eldigitaldeasturias.com\/magazine365\/los-palacios-y-centros-de-congresos-de-la-provincia-se-unen-bajo-la-marca-huesca-la-magia\/","title":{"rendered":"Los palacios y centros de congresos de la provincia se unen bajo la marca &#8216;Huesca La Magia&#8217;"},"content":{"rendered":"<p><img fetchpriority=\"high\" decoding=\"async\" class=\"alignleft size-medium wp-image-77267\" src=\"https:\/\/eldigitaldeasturias.com\/magazine365\/wp-content\/uploads\/2016\/06\/fotonoticia_20160530195157_800-360x270.jpg\" alt=\"fotonoticia_20160530195157_800\" width=\"360\" height=\"270\" srcset=\"https:\/\/eldigitaldeasturias.com\/magazine365\/wp-content\/uploads\/2016\/06\/fotonoticia_20160530195157_800-360x270.jpg 360w, https:\/\/eldigitaldeasturias.com\/magazine365\/wp-content\/uploads\/2016\/06\/fotonoticia_20160530195157_800-650x488.jpg 650w, https:\/\/eldigitaldeasturias.com\/magazine365\/wp-content\/uploads\/2016\/06\/fotonoticia_20160530195157_800-768x576.jpg 768w, https:\/\/eldigitaldeasturias.com\/magazine365\/wp-content\/uploads\/2016\/06\/fotonoticia_20160530195157_800-150x113.jpg 150w, https:\/\/eldigitaldeasturias.com\/magazine365\/wp-content\/uploads\/2016\/06\/fotonoticia_20160530195157_800-450x338.jpg 450w, https:\/\/eldigitaldeasturias.com\/magazine365\/wp-content\/uploads\/2016\/06\/fotonoticia_20160530195157_800-90x67.jpg 90w, https:\/\/eldigitaldeasturias.com\/magazine365\/wp-content\/uploads\/2016\/06\/fotonoticia_20160530195157_800-164x124.jpg 164w, https:\/\/eldigitaldeasturias.com\/magazine365\/wp-content\/uploads\/2016\/06\/fotonoticia_20160530195157_800-100x75.jpg 100w, https:\/\/eldigitaldeasturias.com\/magazine365\/wp-content\/uploads\/2016\/06\/fotonoticia_20160530195157_800.jpg 800w\" sizes=\"(max-width: 360px) 100vw, 360px\" \/>Los palacios y centros de congresos de la provincia se han unido bajo la marca com\u00fan &#8216;Huesca La Magia de los Congresos&#8217;, con el objetivo de atraer turismo vinculado a este tipo de eventos a las cinco localidades que los poseen, Jaca, Huesca, Barbastro, Bolta\u00f1a y Benasque.<\/p>\n<p>El presidente de TuHuesca, Roberto Pac, entidad coordinadora de esta marca, ha se\u00f1alado la importancia de esta nueva colaboraci\u00f3n y el gerente, Fernando Blasco, ha explicado que \u00abeste espacio conjunto congresual de la provincia da cabida a 6.700 personas de vez y si bien cada a\u00f1o registra unas mil actividades anuales, creemos que pueden y deben ser m\u00e1s\u00bb.<\/p>\n<p>En concreto, quieren acoger \u00abm\u00e1s congresos, en los que organizadores y participantes se sientan atra\u00eddos por un elemento clave que comparten estos cinco territorios y que nos diferencia del resto, la naturaleza\u00bb.<\/p>\n<p>Blasco ha comentado que esta nueva marca com\u00fan, de la que tambi\u00e9n se ha presentado la web, \u00abpermitir\u00e1 sumar esfuerzos y realizar una promoci\u00f3n m\u00e1s eficaz, adem\u00e1s de conseguir m\u00e1s visitas que actualmente suman entre los cinco centros, 300.000 al a\u00f1o\u00bb.<\/p>\n<p>Por lo que se refiere al Palacio de Congresos de Jaca, recibe 47.250 personas al a\u00f1o, como ha se\u00f1alado la teniente alcalde del Ayuntamiento jaqu\u00e9s, Olvido Moratinos. El auditorio dispone de 536 plazas y si se suman las seis salas m\u00e1s del palacio, este puede albergar a 890 personas.<\/p>\n<p>Adem\u00e1s, organiza 230 eventos anuales, entre congresos, jornadas, ferias, conferencias y proyecciones y Jaca ofrece el atractivo de ser \u00abcuna de Arag\u00f3n y puerta del Pirineo, con marcado protagonismo en el Camino de Santiago y excelente patrimonio hist\u00f3rico y art\u00edstico\u00bb. En total, posee 15 alojamientos hoteleros con 1.832 plazas y 904 habitaciones.<\/p>\n<p>PALACIO DE CONGRESOS DE HUESCA<\/p>\n<p>La presidenta de la Sociedad del Palacio de Congresos de Huesca, Teresa Sas, ha precisado que este espacio \u00abes una pieza esencial para una ciudad con vocaci\u00f3n de destino de turismo congresual y ferial y con constante actividad cultural y una oferta gastron\u00f3mica de calidad\u00bb.<\/p>\n<p>El Palacio recibe 102.000 visitas al a\u00f1o, su auditorio puede acoger hasta 780 personas y con las nueve salas restantes tiene 4.460 plazas disponibles. Su objetivo es ampliar su oferta de eventos anuales que, actualmente, alcanza los 95 entre congresos, ferias y actos culturales.<\/p>\n<p>Huesca completa su oferta congresual con m\u00e1s sedes, entre otras el Palacio de Villahermosa. La capital oscense tiene 20 hoteles, hostales y pensiones, con 620 habitaciones y 1.220 plazas.<\/p>\n<p>Por su parte, el Centro de Congresos de Barbastro cuenta con 3.720 plazas y 122 eventos anuales, y se complementa con la capacidad de la Feria de Barbastro, recinto que tiene cabida para 30.000 personas y 9 hitos por a\u00f1o entre ferias y eventos gastron\u00f3micos y musicales, ha expuesto la teniente de alcalde del Ayuntamiento barbastrense, Sonia Lasierra.<\/p>\n<p>En total, la capital del Somontano re\u00fane una gran actividad en torno al vino y al turismo activo en Sierra de Guara, en concreto, al barranquismo. En cuanto a capacidad hotelera, la ciudad del Vero dispone de ocho hoteles y hostales que pueden albergar a 518 personas.<\/p>\n<p>PALACIO DE CONGRESOS DE BOLTA\u00d1A<\/p>\n<p>La concejala del Ayuntamiento de Bolta\u00f1a Mar\u00eda Bellosta ha manifestado que el Palacio de Congresos de esta localidad dispone de capacidad para 628 personas y ha estado fundamentalmente dedicado a proyecciones de cine, audiciones y a formaciones.<\/p>\n<p>Entre 12.000 y 14.000 personas pasan por \u00e9l cada a\u00f1o, oferta que se completa con la Casa de la Cultura y con los espacios del Hotel Barcel\u00f3 Monasterio de Bolta\u00f1a. Dispone de 19 alojamientos, incluyendo dos camping y 1.723 plazas en total, que dan servicio a quienes deciden disfrutar de la amplia oferta de rutas tur\u00edsticas del Sobrarbe.<\/p>\n<p>Por su parte, el Palacio de los Condes de la Ribagorza de Benasque ofrece 180 plazas y unas 150 actividades anuales, como jornadas, actividades, exposiciones y cursos. El teniente alcalde y concejal de Turismo del consistorio, F\u00e9lix Jord\u00e1n de Urri\u00e9s, ha dicho que unas 18.000 personas participan anualmente en ellas.<\/p>\n<p>La Casa de la Cultura y el Centro de Ciencias &#8211;que dispone de unas 200 plazas&#8211; son los espacios que lo complementan. En total, posee 120 alojamientos y 4.500 plazas, ubicados en pleno Pirineo, con todas las actividades de deporte y naturaleza que puede ofrecer.<\/p>\n<p>TuHuesca es una sociedad an\u00f3nima cuyo objetivo es innovar en la gesti\u00f3n tur\u00edstica de esta provincia y est\u00e1 integrada por Diputaci\u00f3n Provincial de Huesca, el Ayuntamiento de la capital oscense, la C\u00e1mara de Comercio e Industria, la Confederaci\u00f3n Empresarial Oscense CEOS-CEPYME y la Asociaci\u00f3n provincial de empresarios de hosteler\u00eda y turismo.<\/p>\n","protected":false},"excerpt":{"rendered":"<p>Los palacios y centros de congresos de la provincia se han unido bajo la marca com\u00fan &#8216;Huesca La Magia de los Congresos&#8217;, con el objetivo de atraer turismo vinculado a este tipo de eventos a las cinco localidades que los poseen, Jaca, Huesca, Barbastro, Bolta\u00f1a y Benasque. El presidente de TuHuesca, Roberto Pac, entidad coordinadora<\/p>\n","protected":false},"author":1,"featured_media":77267,"comment_status":"open","ping_status":"closed","sticky":false,"template":"","format":"standard","meta":{"footnotes":""},"categories":[224],"tags":[],"class_list":{"0":"post-77266","1":"post","2":"type-post","3":"status-publish","4":"format-standard","5":"has-post-thumbnail","7":"category-noticias-actualidad"},"aioseo_notices":[],"aioseo_head":"\n\t\t<!-- All in One SEO Pro 4.9.6.1 - aioseo.com -->\n\t<meta name=\"description\" content=\"Los palacios y centros de congresos de la provincia se han unido bajo la marca com\u00fan &#039;Huesca La Magia de los Congresos&#039;, con el objetivo de atraer turismo vinculado a este tipo de eventos a las cinco localidades que los poseen, Jaca, Huesca, Barbastro, Bolta\u00f1a y Benasque. El presidente de TuHuesca, Roberto Pac, entidad coordinadora\" \/>\n\t<meta name=\"robots\" content=\"max-image-preview:large\" \/>\n\t<meta name=\"author\" content=\"admin\"\/>\n\t<meta name=\"google-site-verification\" content=\"UA-38556648-1\" \/>\n\t<meta name=\"keywords\" content=\"noticias y actualidad\" \/>\n\t<link rel=\"canonical\" href=\"https:\/\/eldigitaldeasturias.com\/magazine365\/los-palacios-y-centros-de-congresos-de-la-provincia-se-unen-bajo-la-marca-huesca-la-magia\/\" \/>\n\t<meta name=\"generator\" content=\"All in One SEO Pro (AIOSEO) 4.9.6.1\" \/>\n\t\t<meta property=\"og:locale\" content=\"es_ES\" \/>\n\t\t<meta property=\"og:site_name\" content=\"El Digital de Asturias \u2013 Revista de ocio, turismo y estilo de vida\" \/>\n\t\t<meta property=\"og:type\" content=\"article\" \/>\n\t\t<meta property=\"og:title\" content=\"Los palacios y centros de congresos de la provincia se unen bajo la marca \u2018Huesca La Magia\u2019 | El Digital de Asturias\" \/>\n\t\t<meta property=\"og:description\" content=\"Los palacios y centros de congresos de la provincia se han unido bajo la marca com\u00fan &#039;Huesca La Magia de los Congresos&#039;, con el objetivo de atraer turismo vinculado a este tipo de eventos a las cinco localidades que los poseen, Jaca, Huesca, Barbastro, Bolta\u00f1a y Benasque. El presidente de TuHuesca, Roberto Pac, entidad coordinadora\" \/>\n\t\t<meta property=\"og:url\" content=\"https:\/\/eldigitaldeasturias.com\/magazine365\/los-palacios-y-centros-de-congresos-de-la-provincia-se-unen-bajo-la-marca-huesca-la-magia\/\" \/>\n\t\t<meta property=\"og:image\" content=\"https:\/\/eldigitaldeasturias.com\/magazine365\/wp-content\/uploads\/2016\/06\/fotonoticia_20160530195157_800.jpg\" \/>\n\t\t<meta property=\"og:image:secure_url\" content=\"https:\/\/eldigitaldeasturias.com\/magazine365\/wp-content\/uploads\/2016\/06\/fotonoticia_20160530195157_800.jpg\" \/>\n\t\t<meta property=\"og:image:width\" content=\"800\" \/>\n\t\t<meta property=\"og:image:height\" content=\"600\" \/>\n\t\t<meta property=\"article:published_time\" content=\"2016-06-02T03:18:42+00:00\" \/>\n\t\t<meta property=\"article:modified_time\" content=\"2016-06-02T03:18:42+00:00\" \/>\n\t\t<meta name=\"twitter:card\" content=\"summary_large_image\" \/>\n\t\t<meta name=\"twitter:title\" content=\"Los palacios y centros de congresos de la provincia se unen bajo la marca \u2018Huesca La Magia\u2019 | El Digital de Asturias\" \/>\n\t\t<meta name=\"twitter:description\" content=\"Los palacios y centros de congresos de la provincia se han unido bajo la marca com\u00fan &#039;Huesca La Magia de los Congresos&#039;, con el objetivo de atraer turismo vinculado a este tipo de eventos a las cinco localidades que los poseen, Jaca, Huesca, Barbastro, Bolta\u00f1a y Benasque. El presidente de TuHuesca, Roberto Pac, entidad coordinadora\" \/>\n\t\t<meta name=\"twitter:image\" content=\"https:\/\/eldigitaldeasturias.com\/magazine365\/wp-content\/uploads\/2016\/06\/fotonoticia_20160530195157_800.jpg\" \/>\n\t\t<script type=\"application\/ld+json\" class=\"aioseo-schema\">\n\t\t\t{\"@context\":\"https:\\\/\\\/schema.org\",\"@graph\":[{\"@type\":\"Article\",\"@id\":\"https:\\\/\\\/eldigitaldeasturias.com\\\/magazine365\\\/los-palacios-y-centros-de-congresos-de-la-provincia-se-unen-bajo-la-marca-huesca-la-magia\\\/#article\",\"name\":\"Los palacios y centros de congresos de la provincia se unen bajo la marca \\u2018Huesca La Magia\\u2019 | El Digital de Asturias\",\"headline\":\"Los palacios y centros de congresos de la provincia se unen bajo la marca &#8216;Huesca La Magia&#8217;\",\"author\":{\"@id\":\"https:\\\/\\\/eldigitaldeasturias.com\\\/magazine365\\\/author\\\/admin\\\/#author\"},\"publisher\":{\"@id\":\"https:\\\/\\\/eldigitaldeasturias.com\\\/magazine365\\\/#organization\"},\"image\":{\"@type\":\"ImageObject\",\"url\":\"https:\\\/\\\/eldigitaldeasturias.com\\\/magazine365\\\/wp-content\\\/uploads\\\/2016\\\/06\\\/fotonoticia_20160530195157_800.jpg\",\"width\":800,\"height\":600},\"datePublished\":\"2016-06-02T05:18:42+02:00\",\"dateModified\":\"2016-06-02T05:18:42+02:00\",\"inLanguage\":\"es-ES\",\"mainEntityOfPage\":{\"@id\":\"https:\\\/\\\/eldigitaldeasturias.com\\\/magazine365\\\/los-palacios-y-centros-de-congresos-de-la-provincia-se-unen-bajo-la-marca-huesca-la-magia\\\/#webpage\"},\"isPartOf\":{\"@id\":\"https:\\\/\\\/eldigitaldeasturias.com\\\/magazine365\\\/los-palacios-y-centros-de-congresos-de-la-provincia-se-unen-bajo-la-marca-huesca-la-magia\\\/#webpage\"},\"articleSection\":\"Noticias y Actualidad\"},{\"@type\":\"BreadcrumbList\",\"@id\":\"https:\\\/\\\/eldigitaldeasturias.com\\\/magazine365\\\/los-palacios-y-centros-de-congresos-de-la-provincia-se-unen-bajo-la-marca-huesca-la-magia\\\/#breadcrumblist\",\"itemListElement\":[{\"@type\":\"ListItem\",\"@id\":\"https:\\\/\\\/eldigitaldeasturias.com\\\/magazine365#listItem\",\"position\":1,\"name\":\"Home\",\"item\":\"https:\\\/\\\/eldigitaldeasturias.com\\\/magazine365\",\"nextItem\":{\"@type\":\"ListItem\",\"@id\":\"https:\\\/\\\/eldigitaldeasturias.com\\\/magazine365\\\/category\\\/noticias-actualidad\\\/#listItem\",\"name\":\"Noticias y Actualidad\"}},{\"@type\":\"ListItem\",\"@id\":\"https:\\\/\\\/eldigitaldeasturias.com\\\/magazine365\\\/category\\\/noticias-actualidad\\\/#listItem\",\"position\":2,\"name\":\"Noticias y Actualidad\",\"item\":\"https:\\\/\\\/eldigitaldeasturias.com\\\/magazine365\\\/category\\\/noticias-actualidad\\\/\",\"nextItem\":{\"@type\":\"ListItem\",\"@id\":\"https:\\\/\\\/eldigitaldeasturias.com\\\/magazine365\\\/los-palacios-y-centros-de-congresos-de-la-provincia-se-unen-bajo-la-marca-huesca-la-magia\\\/#listItem\",\"name\":\"Los palacios y centros de congresos de la provincia se unen bajo la marca &#8216;Huesca La Magia&#8217;\"},\"previousItem\":{\"@type\":\"ListItem\",\"@id\":\"https:\\\/\\\/eldigitaldeasturias.com\\\/magazine365#listItem\",\"name\":\"Home\"}},{\"@type\":\"ListItem\",\"@id\":\"https:\\\/\\\/eldigitaldeasturias.com\\\/magazine365\\\/los-palacios-y-centros-de-congresos-de-la-provincia-se-unen-bajo-la-marca-huesca-la-magia\\\/#listItem\",\"position\":3,\"name\":\"Los palacios y centros de congresos de la provincia se unen bajo la marca &#8216;Huesca La Magia&#8217;\",\"previousItem\":{\"@type\":\"ListItem\",\"@id\":\"https:\\\/\\\/eldigitaldeasturias.com\\\/magazine365\\\/category\\\/noticias-actualidad\\\/#listItem\",\"name\":\"Noticias y Actualidad\"}}]},{\"@type\":\"Organization\",\"@id\":\"https:\\\/\\\/eldigitaldeasturias.com\\\/magazine365\\\/#organization\",\"name\":\"El digital de Asturias\",\"description\":\"Revista de ocio, turismo y estilo de vida\",\"url\":\"https:\\\/\\\/eldigitaldeasturias.com\\\/magazine365\\\/\",\"logo\":{\"@type\":\"ImageObject\",\"url\":\"https:\\\/\\\/www.eldigitaldeasturias.com\\\/noticias\\\/wp-content\\\/uploads\\\/2020\\\/12\\\/EDA.jpg\",\"@id\":\"https:\\\/\\\/eldigitaldeasturias.com\\\/magazine365\\\/los-palacios-y-centros-de-congresos-de-la-provincia-se-unen-bajo-la-marca-huesca-la-magia\\\/#organizationLogo\"},\"image\":{\"@id\":\"https:\\\/\\\/eldigitaldeasturias.com\\\/magazine365\\\/los-palacios-y-centros-de-congresos-de-la-provincia-se-unen-bajo-la-marca-huesca-la-magia\\\/#organizationLogo\"}},{\"@type\":\"Person\",\"@id\":\"https:\\\/\\\/eldigitaldeasturias.com\\\/magazine365\\\/author\\\/admin\\\/#author\",\"url\":\"https:\\\/\\\/eldigitaldeasturias.com\\\/magazine365\\\/author\\\/admin\\\/\",\"name\":\"admin\",\"image\":{\"@type\":\"ImageObject\",\"@id\":\"https:\\\/\\\/eldigitaldeasturias.com\\\/magazine365\\\/los-palacios-y-centros-de-congresos-de-la-provincia-se-unen-bajo-la-marca-huesca-la-magia\\\/#authorImage\",\"url\":\"https:\\\/\\\/eldigitaldeasturias.com\\\/magazine365\\\/wp-content\\\/litespeed\\\/avatar\\\/e571bcf59a0edd6fa6838245a470f2fe.jpg?ver=1776969259\",\"width\":96,\"height\":96,\"caption\":\"admin\"}},{\"@type\":\"WebPage\",\"@id\":\"https:\\\/\\\/eldigitaldeasturias.com\\\/magazine365\\\/los-palacios-y-centros-de-congresos-de-la-provincia-se-unen-bajo-la-marca-huesca-la-magia\\\/#webpage\",\"url\":\"https:\\\/\\\/eldigitaldeasturias.com\\\/magazine365\\\/los-palacios-y-centros-de-congresos-de-la-provincia-se-unen-bajo-la-marca-huesca-la-magia\\\/\",\"name\":\"Los palacios y centros de congresos de la provincia se unen bajo la marca \\u2018Huesca La Magia\\u2019 | El Digital de Asturias\",\"description\":\"Los palacios y centros de congresos de la provincia se han unido bajo la marca com\\u00fan 'Huesca La Magia de los Congresos', con el objetivo de atraer turismo vinculado a este tipo de eventos a las cinco localidades que los poseen, Jaca, Huesca, Barbastro, Bolta\\u00f1a y Benasque. El presidente de TuHuesca, Roberto Pac, entidad coordinadora\",\"inLanguage\":\"es-ES\",\"isPartOf\":{\"@id\":\"https:\\\/\\\/eldigitaldeasturias.com\\\/magazine365\\\/#website\"},\"breadcrumb\":{\"@id\":\"https:\\\/\\\/eldigitaldeasturias.com\\\/magazine365\\\/los-palacios-y-centros-de-congresos-de-la-provincia-se-unen-bajo-la-marca-huesca-la-magia\\\/#breadcrumblist\"},\"author\":{\"@id\":\"https:\\\/\\\/eldigitaldeasturias.com\\\/magazine365\\\/author\\\/admin\\\/#author\"},\"creator\":{\"@id\":\"https:\\\/\\\/eldigitaldeasturias.com\\\/magazine365\\\/author\\\/admin\\\/#author\"},\"image\":{\"@type\":\"ImageObject\",\"url\":\"https:\\\/\\\/eldigitaldeasturias.com\\\/magazine365\\\/wp-content\\\/uploads\\\/2016\\\/06\\\/fotonoticia_20160530195157_800.jpg\",\"@id\":\"https:\\\/\\\/eldigitaldeasturias.com\\\/magazine365\\\/los-palacios-y-centros-de-congresos-de-la-provincia-se-unen-bajo-la-marca-huesca-la-magia\\\/#mainImage\",\"width\":800,\"height\":600},\"primaryImageOfPage\":{\"@id\":\"https:\\\/\\\/eldigitaldeasturias.com\\\/magazine365\\\/los-palacios-y-centros-de-congresos-de-la-provincia-se-unen-bajo-la-marca-huesca-la-magia\\\/#mainImage\"},\"datePublished\":\"2016-06-02T05:18:42+02:00\",\"dateModified\":\"2016-06-02T05:18:42+02:00\"},{\"@type\":\"WebSite\",\"@id\":\"https:\\\/\\\/eldigitaldeasturias.com\\\/magazine365\\\/#website\",\"url\":\"https:\\\/\\\/eldigitaldeasturias.com\\\/magazine365\\\/\",\"name\":\"El Digital de Asturias\",\"description\":\"Revista de ocio, turismo y estilo de vida\",\"inLanguage\":\"es-ES\",\"publisher\":{\"@id\":\"https:\\\/\\\/eldigitaldeasturias.com\\\/magazine365\\\/#organization\"}}]}\n\t\t<\/script>\n\t\t<!-- All in One SEO Pro -->\r\n\t\t<title>Los palacios y centros de congresos de la provincia se unen bajo la marca \u2018Huesca La Magia\u2019 | El Digital de Asturias<\/title>\n\n","aioseo_head_json":{"title":"Los palacios y centros de congresos de la provincia se unen bajo la marca \u2018Huesca La Magia\u2019 | El Digital de Asturias","description":"Los palacios y centros de congresos de la provincia se han unido bajo la marca com\u00fan 'Huesca La Magia de los Congresos', con el objetivo de atraer turismo vinculado a este tipo de eventos a las cinco localidades que los poseen, Jaca, Huesca, Barbastro, Bolta\u00f1a y Benasque. El presidente de TuHuesca, Roberto Pac, entidad coordinadora","canonical_url":"https:\/\/eldigitaldeasturias.com\/magazine365\/los-palacios-y-centros-de-congresos-de-la-provincia-se-unen-bajo-la-marca-huesca-la-magia\/","robots":"max-image-preview:large","keywords":"noticias y actualidad","webmasterTools":{"google-site-verification":"UA-38556648-1","miscellaneous":""},"schema":{"@context":"https:\/\/schema.org","@graph":[{"@type":"Article","@id":"https:\/\/eldigitaldeasturias.com\/magazine365\/los-palacios-y-centros-de-congresos-de-la-provincia-se-unen-bajo-la-marca-huesca-la-magia\/#article","name":"Los palacios y centros de congresos de la provincia se unen bajo la marca \u2018Huesca La Magia\u2019 | El Digital de Asturias","headline":"Los palacios y centros de congresos de la provincia se unen bajo la marca &#8216;Huesca La Magia&#8217;","author":{"@id":"https:\/\/eldigitaldeasturias.com\/magazine365\/author\/admin\/#author"},"publisher":{"@id":"https:\/\/eldigitaldeasturias.com\/magazine365\/#organization"},"image":{"@type":"ImageObject","url":"https:\/\/eldigitaldeasturias.com\/magazine365\/wp-content\/uploads\/2016\/06\/fotonoticia_20160530195157_800.jpg","width":800,"height":600},"datePublished":"2016-06-02T05:18:42+02:00","dateModified":"2016-06-02T05:18:42+02:00","inLanguage":"es-ES","mainEntityOfPage":{"@id":"https:\/\/eldigitaldeasturias.com\/magazine365\/los-palacios-y-centros-de-congresos-de-la-provincia-se-unen-bajo-la-marca-huesca-la-magia\/#webpage"},"isPartOf":{"@id":"https:\/\/eldigitaldeasturias.com\/magazine365\/los-palacios-y-centros-de-congresos-de-la-provincia-se-unen-bajo-la-marca-huesca-la-magia\/#webpage"},"articleSection":"Noticias y Actualidad"},{"@type":"BreadcrumbList","@id":"https:\/\/eldigitaldeasturias.com\/magazine365\/los-palacios-y-centros-de-congresos-de-la-provincia-se-unen-bajo-la-marca-huesca-la-magia\/#breadcrumblist","itemListElement":[{"@type":"ListItem","@id":"https:\/\/eldigitaldeasturias.com\/magazine365#listItem","position":1,"name":"Home","item":"https:\/\/eldigitaldeasturias.com\/magazine365","nextItem":{"@type":"ListItem","@id":"https:\/\/eldigitaldeasturias.com\/magazine365\/category\/noticias-actualidad\/#listItem","name":"Noticias y Actualidad"}},{"@type":"ListItem","@id":"https:\/\/eldigitaldeasturias.com\/magazine365\/category\/noticias-actualidad\/#listItem","position":2,"name":"Noticias y Actualidad","item":"https:\/\/eldigitaldeasturias.com\/magazine365\/category\/noticias-actualidad\/","nextItem":{"@type":"ListItem","@id":"https:\/\/eldigitaldeasturias.com\/magazine365\/los-palacios-y-centros-de-congresos-de-la-provincia-se-unen-bajo-la-marca-huesca-la-magia\/#listItem","name":"Los palacios y centros de congresos de la provincia se unen bajo la marca &#8216;Huesca La Magia&#8217;"},"previousItem":{"@type":"ListItem","@id":"https:\/\/eldigitaldeasturias.com\/magazine365#listItem","name":"Home"}},{"@type":"ListItem","@id":"https:\/\/eldigitaldeasturias.com\/magazine365\/los-palacios-y-centros-de-congresos-de-la-provincia-se-unen-bajo-la-marca-huesca-la-magia\/#listItem","position":3,"name":"Los palacios y centros de congresos de la provincia se unen bajo la marca &#8216;Huesca La Magia&#8217;","previousItem":{"@type":"ListItem","@id":"https:\/\/eldigitaldeasturias.com\/magazine365\/category\/noticias-actualidad\/#listItem","name":"Noticias y Actualidad"}}]},{"@type":"Organization","@id":"https:\/\/eldigitaldeasturias.com\/magazine365\/#organization","name":"El digital de Asturias","description":"Revista de ocio, turismo y estilo de vida","url":"https:\/\/eldigitaldeasturias.com\/magazine365\/","logo":{"@type":"ImageObject","url":"https:\/\/www.eldigitaldeasturias.com\/noticias\/wp-content\/uploads\/2020\/12\/EDA.jpg","@id":"https:\/\/eldigitaldeasturias.com\/magazine365\/los-palacios-y-centros-de-congresos-de-la-provincia-se-unen-bajo-la-marca-huesca-la-magia\/#organizationLogo"},"image":{"@id":"https:\/\/eldigitaldeasturias.com\/magazine365\/los-palacios-y-centros-de-congresos-de-la-provincia-se-unen-bajo-la-marca-huesca-la-magia\/#organizationLogo"}},{"@type":"Person","@id":"https:\/\/eldigitaldeasturias.com\/magazine365\/author\/admin\/#author","url":"https:\/\/eldigitaldeasturias.com\/magazine365\/author\/admin\/","name":"admin","image":{"@type":"ImageObject","@id":"https:\/\/eldigitaldeasturias.com\/magazine365\/los-palacios-y-centros-de-congresos-de-la-provincia-se-unen-bajo-la-marca-huesca-la-magia\/#authorImage","url":"https:\/\/eldigitaldeasturias.com\/magazine365\/wp-content\/litespeed\/avatar\/e571bcf59a0edd6fa6838245a470f2fe.jpg?ver=1776969259","width":96,"height":96,"caption":"admin"}},{"@type":"WebPage","@id":"https:\/\/eldigitaldeasturias.com\/magazine365\/los-palacios-y-centros-de-congresos-de-la-provincia-se-unen-bajo-la-marca-huesca-la-magia\/#webpage","url":"https:\/\/eldigitaldeasturias.com\/magazine365\/los-palacios-y-centros-de-congresos-de-la-provincia-se-unen-bajo-la-marca-huesca-la-magia\/","name":"Los palacios y centros de congresos de la provincia se unen bajo la marca \u2018Huesca La Magia\u2019 | El Digital de Asturias","description":"Los palacios y centros de congresos de la provincia se han unido bajo la marca com\u00fan 'Huesca La Magia de los Congresos', con el objetivo de atraer turismo vinculado a este tipo de eventos a las cinco localidades que los poseen, Jaca, Huesca, Barbastro, Bolta\u00f1a y Benasque. El presidente de TuHuesca, Roberto Pac, entidad coordinadora","inLanguage":"es-ES","isPartOf":{"@id":"https:\/\/eldigitaldeasturias.com\/magazine365\/#website"},"breadcrumb":{"@id":"https:\/\/eldigitaldeasturias.com\/magazine365\/los-palacios-y-centros-de-congresos-de-la-provincia-se-unen-bajo-la-marca-huesca-la-magia\/#breadcrumblist"},"author":{"@id":"https:\/\/eldigitaldeasturias.com\/magazine365\/author\/admin\/#author"},"creator":{"@id":"https:\/\/eldigitaldeasturias.com\/magazine365\/author\/admin\/#author"},"image":{"@type":"ImageObject","url":"https:\/\/eldigitaldeasturias.com\/magazine365\/wp-content\/uploads\/2016\/06\/fotonoticia_20160530195157_800.jpg","@id":"https:\/\/eldigitaldeasturias.com\/magazine365\/los-palacios-y-centros-de-congresos-de-la-provincia-se-unen-bajo-la-marca-huesca-la-magia\/#mainImage","width":800,"height":600},"primaryImageOfPage":{"@id":"https:\/\/eldigitaldeasturias.com\/magazine365\/los-palacios-y-centros-de-congresos-de-la-provincia-se-unen-bajo-la-marca-huesca-la-magia\/#mainImage"},"datePublished":"2016-06-02T05:18:42+02:00","dateModified":"2016-06-02T05:18:42+02:00"},{"@type":"WebSite","@id":"https:\/\/eldigitaldeasturias.com\/magazine365\/#website","url":"https:\/\/eldigitaldeasturias.com\/magazine365\/","name":"El Digital de Asturias","description":"Revista de ocio, turismo y estilo de vida","inLanguage":"es-ES","publisher":{"@id":"https:\/\/eldigitaldeasturias.com\/magazine365\/#organization"}}]},"og:locale":"es_ES","og:site_name":"El Digital de Asturias \u2013 Revista de ocio, turismo y estilo de vida","og:type":"article","og:title":"Los palacios y centros de congresos de la provincia se unen bajo la marca \u2018Huesca La Magia\u2019 | El Digital de Asturias","og:description":"Los palacios y centros de congresos de la provincia se han unido bajo la marca com\u00fan 'Huesca La Magia de los Congresos', con el objetivo de atraer turismo vinculado a este tipo de eventos a las cinco localidades que los poseen, Jaca, Huesca, Barbastro, Bolta\u00f1a y Benasque. El presidente de TuHuesca, Roberto Pac, entidad coordinadora","og:url":"https:\/\/eldigitaldeasturias.com\/magazine365\/los-palacios-y-centros-de-congresos-de-la-provincia-se-unen-bajo-la-marca-huesca-la-magia\/","og:image":"https:\/\/eldigitaldeasturias.com\/magazine365\/wp-content\/uploads\/2016\/06\/fotonoticia_20160530195157_800.jpg","og:image:secure_url":"https:\/\/eldigitaldeasturias.com\/magazine365\/wp-content\/uploads\/2016\/06\/fotonoticia_20160530195157_800.jpg","og:image:width":800,"og:image:height":600,"article:published_time":"2016-06-02T03:18:42+00:00","article:modified_time":"2016-06-02T03:18:42+00:00","twitter:card":"summary_large_image","twitter:title":"Los palacios y centros de congresos de la provincia se unen bajo la marca \u2018Huesca La Magia\u2019 | El Digital de Asturias","twitter:description":"Los palacios y centros de congresos de la provincia se han unido bajo la marca com\u00fan 'Huesca La Magia de los Congresos', con el objetivo de atraer turismo vinculado a este tipo de eventos a las cinco localidades que los poseen, Jaca, Huesca, Barbastro, Bolta\u00f1a y Benasque. El presidente de TuHuesca, Roberto Pac, entidad coordinadora","twitter:image":"https:\/\/eldigitaldeasturias.com\/magazine365\/wp-content\/uploads\/2016\/06\/fotonoticia_20160530195157_800.jpg"},"aioseo_meta_data":{"post_id":"77266","title":null,"description":null,"keywords":null,"keyphrases":null,"primary_term":null,"canonical_url":null,"og_title":null,"og_description":null,"og_object_type":"default","og_image_type":"default","og_image_url":null,"og_image_width":null,"og_image_height":null,"og_image_custom_url":null,"og_image_custom_fields":null,"og_video":null,"og_custom_url":null,"og_article_section":null,"og_article_tags":null,"twitter_use_og":false,"twitter_card":"default","twitter_image_type":"default","twitter_image_url":null,"twitter_image_custom_url":null,"twitter_image_custom_fields":null,"twitter_title":null,"twitter_description":null,"schema":{"blockGraphs":[],"customGraphs":[],"default":{"data":{"Article":[],"Course":[],"Dataset":[],"FAQPage":[],"Movie":[],"Person":[],"Product":[],"ProductReview":[],"Car":[],"Recipe":[],"Service":[],"SoftwareApplication":[],"WebPage":[]},"graphName":"","isEnabled":true},"graphs":[],"defaultGraph":"","defaultPostTypeGraph":""},"schema_type":null,"schema_type_options":null,"pillar_content":false,"robots_default":true,"robots_noindex":false,"robots_noarchive":false,"robots_nosnippet":false,"robots_nofollow":false,"robots_noimageindex":false,"robots_noodp":false,"robots_notranslate":false,"robots_max_snippet":null,"robots_max_videopreview":null,"robots_max_imagepreview":"large","priority":null,"frequency":null,"location":null,"local_seo":null,"seo_analyzer_scan_date":"2025-09-27 14:29:18","breadcrumb_settings":null,"limit_modified_date":false,"open_ai":null,"ai":null,"created":"2021-03-08 18:17:29","updated":"2025-09-27 14:29:18"},"aioseo_breadcrumb":"<div class=\"aioseo-breadcrumbs\"><span class=\"aioseo-breadcrumb\">\n\t<a href=\"https:\/\/eldigitaldeasturias.com\/magazine365\" title=\"Home\">Home<\/a>\n<\/span><span class=\"aioseo-breadcrumb-separator\">\u2013<\/span><span class=\"aioseo-breadcrumb\">\n\t<a href=\"https:\/\/eldigitaldeasturias.com\/magazine365\/category\/noticias-actualidad\/\" title=\"Noticias y Actualidad\">Noticias y Actualidad<\/a>\n<\/span><span class=\"aioseo-breadcrumb-separator\">\u2013<\/span><span class=\"aioseo-breadcrumb\">\n\t<a href=\"https:\/\/eldigitaldeasturias.com\/magazine365\/los-palacios-y-centros-de-congresos-de-la-provincia-se-unen-bajo-la-marca-huesca-la-magia\/\" title=\"Los palacios y centros de congresos de la provincia se unen bajo la marca \u2018Huesca La Magia\u2019\">Los palacios y centros de congresos de la provincia se unen bajo la marca \u2018Huesca La Magia\u2019<\/a>\n<\/span><\/div>","aioseo_breadcrumb_json":[{"label":"Home","link":"https:\/\/eldigitaldeasturias.com\/magazine365"},{"label":"Noticias y Actualidad","link":"https:\/\/eldigitaldeasturias.com\/magazine365\/category\/noticias-actualidad\/"},{"label":"Los palacios y centros de congresos de la provincia se unen bajo la marca &#8216;Huesca La Magia&#8217;","link":"https:\/\/eldigitaldeasturias.com\/magazine365\/los-palacios-y-centros-de-congresos-de-la-provincia-se-unen-bajo-la-marca-huesca-la-magia\/"}],"_links":{"self":[{"href":"https:\/\/eldigitaldeasturias.com\/magazine365\/wp-json\/wp\/v2\/posts\/77266","targetHints":{"allow":["GET"]}}],"collection":[{"href":"https:\/\/eldigitaldeasturias.com\/magazine365\/wp-json\/wp\/v2\/posts"}],"about":[{"href":"https:\/\/eldigitaldeasturias.com\/magazine365\/wp-json\/wp\/v2\/types\/post"}],"author":[{"embeddable":true,"href":"https:\/\/eldigitaldeasturias.com\/magazine365\/wp-json\/wp\/v2\/users\/1"}],"replies":[{"embeddable":true,"href":"https:\/\/eldigitaldeasturias.com\/magazine365\/wp-json\/wp\/v2\/comments?post=77266"}],"version-history":[{"count":0,"href":"https:\/\/eldigitaldeasturias.com\/magazine365\/wp-json\/wp\/v2\/posts\/77266\/revisions"}],"wp:featuredmedia":[{"embeddable":true,"href":"https:\/\/eldigitaldeasturias.com\/magazine365\/wp-json\/wp\/v2\/media\/77267"}],"wp:attachment":[{"href":"https:\/\/eldigitaldeasturias.com\/magazine365\/wp-json\/wp\/v2\/media?parent=77266"}],"wp:term":[{"taxonomy":"category","embeddable":true,"href":"https:\/\/eldigitaldeasturias.com\/magazine365\/wp-json\/wp\/v2\/categories?post=77266"},{"taxonomy":"post_tag","embeddable":true,"href":"https:\/\/eldigitaldeasturias.com\/magazine365\/wp-json\/wp\/v2\/tags?post=77266"}],"curies":[{"name":"wp","href":"https:\/\/api.w.org\/{rel}","templated":true}]}}