{"id":77251,"date":"2016-06-02T05:12:10","date_gmt":"2016-06-02T03:12:10","guid":{"rendered":"http:\/\/eldigitaldeasturias.com\/magazine365\/?p=77251"},"modified":"2016-06-02T05:12:10","modified_gmt":"2016-06-02T03:12:10","slug":"feria-de-la-tapa-de-rincon-de-la-victoria","status":"publish","type":"post","link":"https:\/\/eldigitaldeasturias.com\/magazine365\/feria-de-la-tapa-de-rincon-de-la-victoria\/","title":{"rendered":"Feria de la Tapa de Rinc\u00f3n de la Victoria"},"content":{"rendered":"<p><img fetchpriority=\"high\" decoding=\"async\" class=\"alignleft size-medium wp-image-77252\" src=\"https:\/\/eldigitaldeasturias.com\/magazine365\/wp-content\/uploads\/2016\/06\/fotonoticia_20160530192659_800-360x239.jpg\" alt=\"fotonoticia_20160530192659_800\" width=\"360\" height=\"239\" srcset=\"https:\/\/eldigitaldeasturias.com\/magazine365\/wp-content\/uploads\/2016\/06\/fotonoticia_20160530192659_800-360x239.jpg 360w, https:\/\/eldigitaldeasturias.com\/magazine365\/wp-content\/uploads\/2016\/06\/fotonoticia_20160530192659_800-650x432.jpg 650w, https:\/\/eldigitaldeasturias.com\/magazine365\/wp-content\/uploads\/2016\/06\/fotonoticia_20160530192659_800-768x511.jpg 768w, https:\/\/eldigitaldeasturias.com\/magazine365\/wp-content\/uploads\/2016\/06\/fotonoticia_20160530192659_800-150x100.jpg 150w, https:\/\/eldigitaldeasturias.com\/magazine365\/wp-content\/uploads\/2016\/06\/fotonoticia_20160530192659_800-450x299.jpg 450w, https:\/\/eldigitaldeasturias.com\/magazine365\/wp-content\/uploads\/2016\/06\/fotonoticia_20160530192659_800-121x79.jpg 121w, https:\/\/eldigitaldeasturias.com\/magazine365\/wp-content\/uploads\/2016\/06\/fotonoticia_20160530192659_800-101x66.jpg 101w, https:\/\/eldigitaldeasturias.com\/magazine365\/wp-content\/uploads\/2016\/06\/fotonoticia_20160530192659_800.jpg 800w\" sizes=\"(max-width: 360px) 100vw, 360px\" \/>Un total de nueve propuestas culinarias competir\u00e1n por los premios del concurso que se celebrar\u00e1 el pr\u00f3ximo viernes 3 de junio en el marco de la 18 Feria de la Tapa de la localidad malague\u00f1a de Rinc\u00f3n de la Victoria. Esta competici\u00f3n tendr\u00e1 por primera vez el aval de la asociaci\u00f3n malague\u00f1a La Carta Malacitana, tanto en la elaboraci\u00f3n de las bases como en la elecci\u00f3n del jurado.<\/p>\n<p>Las tapas que optan a los premios son &#8216;La gozadera&#8217; &#8211;patata a lo pobre, boca de mar al pil-pil, jam\u00f3n serrano y huevos de codorniz&#8211;, del bar Mar y Fran; tartar de salchich\u00f3n de M\u00e1laga, de El Fog\u00f3n de la Abuela; mini hamburguesa ib\u00e9rica con tomate seco y cebolla caramelizada, de El Rinc\u00f3n de la Pizza; y nidito de gambas, de La Alegr\u00eda de La Cala.<\/p>\n<p>Adem\u00e1s, est\u00e1 delicias de cerdo al Pedro Ximenez con pasas de la Axarqu\u00eda, de La Mar de Bueno; costillas de cerdo en salsa barbacoa, de restaurante Los Morenos; porra con at\u00fan y huevo duro del restaurante Nuevo Varadero; la hamburguesita de rabo de toro, del Restaurante Rinc\u00f3n de Emilio; y pulpo rejoneo de la Taberna El Rejoneo.<\/p>\n<p>El jurado estar\u00e1 integrado el presidente de La Carta Malacitana, Manuel Maeso; el especialista en periodismo gastron\u00f3mico Fernando S\u00e1nchez G\u00f3mez, el periodista gastron\u00f3mico Javier Almellones; el periodista experto en vinos y gastronom\u00eda local Marcos Chac\u00f3n y el director del hotel-escuela Convento Santo Domingo de Archidona, Antonio Carrillo.<\/p>\n<p>La alcaldesa, Encarnaci\u00f3n Anaya, ha destacado la \u00abapuesta por nuestra rica gastronom\u00eda a trav\u00e9s de eventos culinarios como esta Feria de la Tapa, el Boquer\u00f3n Victoriano o la Fiesta de la Cuchara\u00bb. Adem\u00e1s, ha enfatizado \u00aben el privilegio de ir de la mano de La Carta Malacitana y del maridaje de los buenos vinos de las Bodegas Dimobe que podr\u00e1n disfrutar los visitantes\u00bb.<\/p>\n<p>Entre las novedades de este a\u00f1o, el concejal de Turismo, Javier L\u00f3pez, ha indicado los conciertos del grupo flamenco-pop, Sonique el jueves 2 de junio, y de pop-rock Money Makers, el domingo 5; adem\u00e1s de que \u00abllevaremos a cabo un cambio en la visualizaci\u00f3n de las instalaciones y en el espect\u00e1culo de luz y sonido\u00bb.<\/p>\n<p>El presidente de la Asociaci\u00f3n de Comerciantes y Empresarios (Acerv), Jos\u00e9 Antonio Villodres, ha valorado \u00abel esfuerzo de los establecimientos participantes por estar en este importante escaparate del sector de la hosteler\u00eda del municipio\u00bb. El presidente de La Carta Malacitana, Manuel Maeso, ha mostrado su satisfacci\u00f3n \u00abpor apoyar el evento para que Rinc\u00f3n de la Victoria se convierta en referente gastron\u00f3mico de M\u00e1laga y Andaluc\u00eda\u00bb.<\/p>\n<p>Adem\u00e1s, en colaboraci\u00f3n con Bodegas Dimobe, patrocinador de la Feria de la Tapa de Rinc\u00f3n de la Victoria, se distribuir\u00e1 una Gu\u00eda de Maridaje, en la que los visitantes podr\u00e1n conocer cu\u00e1l es el vino que mejor marida con las tapas participantes en el concurso.<\/p>\n<p>Por otro lado, la feria tambi\u00e9n premiar\u00e1 al mejor expositor, tarea para la que se emplear\u00e1 la t\u00e9cnica del &#8216;cliente misterioso&#8217;. Se trata de una modalidad de concurso en la que un grupo de personas, sin comunicar al estand su calidad de jurado, se encargar\u00e1 de valorar aspectos como la decoraci\u00f3n, el trato, la rapidez en el servicio y la presentaci\u00f3n de las tapas, entre otros.<\/p>\n<p>Otra novedad de esta Feria de la Tapa ser\u00e1 la acci\u00f3n &#8216;Pon m\u00fasica a tu tapa&#8217;. A trav\u00e9s de la app &#8216;PlayItApp&#8217;, los visitantes podr\u00e1n elegir las canciones que sonar\u00e1n en la carpa. Todos los que deseen participar en esta iniciativa deber\u00e1n conectarse a la red wifi de la feria y tener descargada la app &#8216;Play It Up&#8217; en su m\u00f3vil. A partir de ese momento, s\u00f3lo tendr\u00e1n que buscar su canci\u00f3n favorita y agregarla a la lista de reproducci\u00f3n, de tal manera que sonar\u00e1 por los altavoces de la carpa a los pocos minutos.<\/p>\n<p>La carpa de la Feria de la Tapa ofrecer\u00e1 este a\u00f1o por primera vez un servicio de wifi gratuito a todos los visitantes proporcionado por la empresa malague\u00f1a Nimbus Tecnology. Los visitantes que acudan a la carpa podr\u00e1n disfrutar de este servicio sin necesidad de proporcionar datos personales ni realizar pago alguno.<\/p>\n<p>LA FERIA<\/p>\n<p>La 18 Feria de la Tapa de Rinc\u00f3n de la Victoria est\u00e1 organizada por la Acerv y el Ayuntamiento, con la colaboraci\u00f3n de diferentes empresas e instituciones p\u00fablicas y privadas. El evento gastron\u00f3mico m\u00e1s veterano de la provincia de M\u00e1laga ofrecer\u00e1 durante cuatro d\u00edas cerca de un centenar de variedades de tapas en una carpa instalada en la propia playa del municipio.<\/p>\n<p>El evento cuenta con el apoyo de la Mancomunidad de Municipios Costa del Sol-Axarqu\u00eda y con la colaboraci\u00f3n de Cervezas Alhambra y Bodegas Dimobe, dos de las empresas m\u00e1s ligadas hist\u00f3ricamente a la Feria de la Tapa, que ser\u00e1n de nuevo proveedores oficiales de cerveza y diferentes variedades de vinos.<\/p>\n<p>Este a\u00f1o, la Feria de la Tapa suma nuevos colaboradores, como las ya mencionadas La Carta Malacitana y Nimbus Tecnology, adem\u00e1s de Happynet Comunicaci\u00f3n, la empresa que gestiona la imagen y comunicaci\u00f3n del evento, as\u00ed como el patrocinio de Caja Rural de Granada, entidad con la que la Acerv mantiene un convenio para ofrecer a sus socios el acceso a productos financieros en condiciones ventajosas.<\/p>\n","protected":false},"excerpt":{"rendered":"<p>Un total de nueve propuestas culinarias competir\u00e1n por los premios del concurso que se celebrar\u00e1 el pr\u00f3ximo viernes 3 de junio en el marco de la 18 Feria de la Tapa de la localidad malague\u00f1a de Rinc\u00f3n de la Victoria. Esta competici\u00f3n tendr\u00e1 por primera vez el aval de la asociaci\u00f3n malague\u00f1a La Carta Malacitana,<\/p>\n","protected":false},"author":1,"featured_media":77252,"comment_status":"open","ping_status":"closed","sticky":false,"template":"","format":"standard","meta":{"footnotes":""},"categories":[224],"tags":[],"class_list":{"0":"post-77251","1":"post","2":"type-post","3":"status-publish","4":"format-standard","5":"has-post-thumbnail","7":"category-noticias-actualidad"},"aioseo_notices":[],"aioseo_head":"\n\t\t<!-- All in One SEO Pro 4.9.6.1 - aioseo.com -->\n\t<meta name=\"description\" content=\"Un total de nueve propuestas culinarias competir\u00e1n por los premios del concurso que se celebrar\u00e1 el pr\u00f3ximo viernes 3 de junio en el marco de la 18 Feria de la Tapa de la localidad malague\u00f1a de Rinc\u00f3n de la Victoria. Esta competici\u00f3n tendr\u00e1 por primera vez el aval de la asociaci\u00f3n malague\u00f1a La Carta Malacitana,\" \/>\n\t<meta name=\"robots\" content=\"max-image-preview:large\" \/>\n\t<meta name=\"author\" content=\"admin\"\/>\n\t<meta name=\"google-site-verification\" content=\"UA-38556648-1\" \/>\n\t<meta name=\"keywords\" content=\"noticias y actualidad\" \/>\n\t<link rel=\"canonical\" href=\"https:\/\/eldigitaldeasturias.com\/magazine365\/feria-de-la-tapa-de-rincon-de-la-victoria\/\" \/>\n\t<meta name=\"generator\" content=\"All in One SEO Pro (AIOSEO) 4.9.6.1\" \/>\n\t\t<meta property=\"og:locale\" content=\"es_ES\" \/>\n\t\t<meta property=\"og:site_name\" content=\"El Digital de Asturias \u2013 Revista de ocio, turismo y estilo de vida\" \/>\n\t\t<meta property=\"og:type\" content=\"article\" \/>\n\t\t<meta property=\"og:title\" content=\"Feria de la Tapa de Rinc\u00f3n de la Victoria | El Digital de Asturias\" \/>\n\t\t<meta property=\"og:description\" content=\"Un total de nueve propuestas culinarias competir\u00e1n por los premios del concurso que se celebrar\u00e1 el pr\u00f3ximo viernes 3 de junio en el marco de la 18 Feria de la Tapa de la localidad malague\u00f1a de Rinc\u00f3n de la Victoria. Esta competici\u00f3n tendr\u00e1 por primera vez el aval de la asociaci\u00f3n malague\u00f1a La Carta Malacitana,\" \/>\n\t\t<meta property=\"og:url\" content=\"https:\/\/eldigitaldeasturias.com\/magazine365\/feria-de-la-tapa-de-rincon-de-la-victoria\/\" \/>\n\t\t<meta property=\"og:image\" content=\"https:\/\/eldigitaldeasturias.com\/magazine365\/wp-content\/uploads\/2016\/06\/fotonoticia_20160530192659_800.jpg\" \/>\n\t\t<meta property=\"og:image:secure_url\" content=\"https:\/\/eldigitaldeasturias.com\/magazine365\/wp-content\/uploads\/2016\/06\/fotonoticia_20160530192659_800.jpg\" \/>\n\t\t<meta property=\"og:image:width\" content=\"800\" \/>\n\t\t<meta property=\"og:image:height\" content=\"532\" \/>\n\t\t<meta property=\"article:published_time\" content=\"2016-06-02T03:12:10+00:00\" \/>\n\t\t<meta property=\"article:modified_time\" content=\"2016-06-02T03:12:10+00:00\" \/>\n\t\t<meta name=\"twitter:card\" content=\"summary_large_image\" \/>\n\t\t<meta name=\"twitter:title\" content=\"Feria de la Tapa de Rinc\u00f3n de la Victoria | El Digital de Asturias\" \/>\n\t\t<meta name=\"twitter:description\" content=\"Un total de nueve propuestas culinarias competir\u00e1n por los premios del concurso que se celebrar\u00e1 el pr\u00f3ximo viernes 3 de junio en el marco de la 18 Feria de la Tapa de la localidad malague\u00f1a de Rinc\u00f3n de la Victoria. Esta competici\u00f3n tendr\u00e1 por primera vez el aval de la asociaci\u00f3n malague\u00f1a La Carta Malacitana,\" \/>\n\t\t<meta name=\"twitter:image\" content=\"https:\/\/eldigitaldeasturias.com\/magazine365\/wp-content\/uploads\/2016\/06\/fotonoticia_20160530192659_800.jpg\" \/>\n\t\t<script type=\"application\/ld+json\" class=\"aioseo-schema\">\n\t\t\t{\"@context\":\"https:\\\/\\\/schema.org\",\"@graph\":[{\"@type\":\"Article\",\"@id\":\"https:\\\/\\\/eldigitaldeasturias.com\\\/magazine365\\\/feria-de-la-tapa-de-rincon-de-la-victoria\\\/#article\",\"name\":\"Feria de la Tapa de Rinc\\u00f3n de la Victoria | El Digital de Asturias\",\"headline\":\"Feria de la Tapa de Rinc\\u00f3n de la Victoria\",\"author\":{\"@id\":\"https:\\\/\\\/eldigitaldeasturias.com\\\/magazine365\\\/author\\\/admin\\\/#author\"},\"publisher\":{\"@id\":\"https:\\\/\\\/eldigitaldeasturias.com\\\/magazine365\\\/#organization\"},\"image\":{\"@type\":\"ImageObject\",\"url\":\"https:\\\/\\\/eldigitaldeasturias.com\\\/magazine365\\\/wp-content\\\/uploads\\\/2016\\\/06\\\/fotonoticia_20160530192659_800.jpg\",\"width\":800,\"height\":532},\"datePublished\":\"2016-06-02T05:12:10+02:00\",\"dateModified\":\"2016-06-02T05:12:10+02:00\",\"inLanguage\":\"es-ES\",\"mainEntityOfPage\":{\"@id\":\"https:\\\/\\\/eldigitaldeasturias.com\\\/magazine365\\\/feria-de-la-tapa-de-rincon-de-la-victoria\\\/#webpage\"},\"isPartOf\":{\"@id\":\"https:\\\/\\\/eldigitaldeasturias.com\\\/magazine365\\\/feria-de-la-tapa-de-rincon-de-la-victoria\\\/#webpage\"},\"articleSection\":\"Noticias y Actualidad\"},{\"@type\":\"BreadcrumbList\",\"@id\":\"https:\\\/\\\/eldigitaldeasturias.com\\\/magazine365\\\/feria-de-la-tapa-de-rincon-de-la-victoria\\\/#breadcrumblist\",\"itemListElement\":[{\"@type\":\"ListItem\",\"@id\":\"https:\\\/\\\/eldigitaldeasturias.com\\\/magazine365#listItem\",\"position\":1,\"name\":\"Home\",\"item\":\"https:\\\/\\\/eldigitaldeasturias.com\\\/magazine365\",\"nextItem\":{\"@type\":\"ListItem\",\"@id\":\"https:\\\/\\\/eldigitaldeasturias.com\\\/magazine365\\\/category\\\/noticias-actualidad\\\/#listItem\",\"name\":\"Noticias y Actualidad\"}},{\"@type\":\"ListItem\",\"@id\":\"https:\\\/\\\/eldigitaldeasturias.com\\\/magazine365\\\/category\\\/noticias-actualidad\\\/#listItem\",\"position\":2,\"name\":\"Noticias y Actualidad\",\"item\":\"https:\\\/\\\/eldigitaldeasturias.com\\\/magazine365\\\/category\\\/noticias-actualidad\\\/\",\"nextItem\":{\"@type\":\"ListItem\",\"@id\":\"https:\\\/\\\/eldigitaldeasturias.com\\\/magazine365\\\/feria-de-la-tapa-de-rincon-de-la-victoria\\\/#listItem\",\"name\":\"Feria de la Tapa de Rinc\\u00f3n de la Victoria\"},\"previousItem\":{\"@type\":\"ListItem\",\"@id\":\"https:\\\/\\\/eldigitaldeasturias.com\\\/magazine365#listItem\",\"name\":\"Home\"}},{\"@type\":\"ListItem\",\"@id\":\"https:\\\/\\\/eldigitaldeasturias.com\\\/magazine365\\\/feria-de-la-tapa-de-rincon-de-la-victoria\\\/#listItem\",\"position\":3,\"name\":\"Feria de la Tapa de Rinc\\u00f3n de la Victoria\",\"previousItem\":{\"@type\":\"ListItem\",\"@id\":\"https:\\\/\\\/eldigitaldeasturias.com\\\/magazine365\\\/category\\\/noticias-actualidad\\\/#listItem\",\"name\":\"Noticias y Actualidad\"}}]},{\"@type\":\"Organization\",\"@id\":\"https:\\\/\\\/eldigitaldeasturias.com\\\/magazine365\\\/#organization\",\"name\":\"El digital de Asturias\",\"description\":\"Revista de ocio, turismo y estilo de vida\",\"url\":\"https:\\\/\\\/eldigitaldeasturias.com\\\/magazine365\\\/\",\"logo\":{\"@type\":\"ImageObject\",\"url\":\"https:\\\/\\\/www.eldigitaldeasturias.com\\\/noticias\\\/wp-content\\\/uploads\\\/2020\\\/12\\\/EDA.jpg\",\"@id\":\"https:\\\/\\\/eldigitaldeasturias.com\\\/magazine365\\\/feria-de-la-tapa-de-rincon-de-la-victoria\\\/#organizationLogo\"},\"image\":{\"@id\":\"https:\\\/\\\/eldigitaldeasturias.com\\\/magazine365\\\/feria-de-la-tapa-de-rincon-de-la-victoria\\\/#organizationLogo\"}},{\"@type\":\"Person\",\"@id\":\"https:\\\/\\\/eldigitaldeasturias.com\\\/magazine365\\\/author\\\/admin\\\/#author\",\"url\":\"https:\\\/\\\/eldigitaldeasturias.com\\\/magazine365\\\/author\\\/admin\\\/\",\"name\":\"admin\",\"image\":{\"@type\":\"ImageObject\",\"@id\":\"https:\\\/\\\/eldigitaldeasturias.com\\\/magazine365\\\/feria-de-la-tapa-de-rincon-de-la-victoria\\\/#authorImage\",\"url\":\"https:\\\/\\\/eldigitaldeasturias.com\\\/magazine365\\\/wp-content\\\/litespeed\\\/avatar\\\/e571bcf59a0edd6fa6838245a470f2fe.jpg?ver=1776969259\",\"width\":96,\"height\":96,\"caption\":\"admin\"}},{\"@type\":\"WebPage\",\"@id\":\"https:\\\/\\\/eldigitaldeasturias.com\\\/magazine365\\\/feria-de-la-tapa-de-rincon-de-la-victoria\\\/#webpage\",\"url\":\"https:\\\/\\\/eldigitaldeasturias.com\\\/magazine365\\\/feria-de-la-tapa-de-rincon-de-la-victoria\\\/\",\"name\":\"Feria de la Tapa de Rinc\\u00f3n de la Victoria | El Digital de Asturias\",\"description\":\"Un total de nueve propuestas culinarias competir\\u00e1n por los premios del concurso que se celebrar\\u00e1 el pr\\u00f3ximo viernes 3 de junio en el marco de la 18 Feria de la Tapa de la localidad malague\\u00f1a de Rinc\\u00f3n de la Victoria. Esta competici\\u00f3n tendr\\u00e1 por primera vez el aval de la asociaci\\u00f3n malague\\u00f1a La Carta Malacitana,\",\"inLanguage\":\"es-ES\",\"isPartOf\":{\"@id\":\"https:\\\/\\\/eldigitaldeasturias.com\\\/magazine365\\\/#website\"},\"breadcrumb\":{\"@id\":\"https:\\\/\\\/eldigitaldeasturias.com\\\/magazine365\\\/feria-de-la-tapa-de-rincon-de-la-victoria\\\/#breadcrumblist\"},\"author\":{\"@id\":\"https:\\\/\\\/eldigitaldeasturias.com\\\/magazine365\\\/author\\\/admin\\\/#author\"},\"creator\":{\"@id\":\"https:\\\/\\\/eldigitaldeasturias.com\\\/magazine365\\\/author\\\/admin\\\/#author\"},\"image\":{\"@type\":\"ImageObject\",\"url\":\"https:\\\/\\\/eldigitaldeasturias.com\\\/magazine365\\\/wp-content\\\/uploads\\\/2016\\\/06\\\/fotonoticia_20160530192659_800.jpg\",\"@id\":\"https:\\\/\\\/eldigitaldeasturias.com\\\/magazine365\\\/feria-de-la-tapa-de-rincon-de-la-victoria\\\/#mainImage\",\"width\":800,\"height\":532},\"primaryImageOfPage\":{\"@id\":\"https:\\\/\\\/eldigitaldeasturias.com\\\/magazine365\\\/feria-de-la-tapa-de-rincon-de-la-victoria\\\/#mainImage\"},\"datePublished\":\"2016-06-02T05:12:10+02:00\",\"dateModified\":\"2016-06-02T05:12:10+02:00\"},{\"@type\":\"WebSite\",\"@id\":\"https:\\\/\\\/eldigitaldeasturias.com\\\/magazine365\\\/#website\",\"url\":\"https:\\\/\\\/eldigitaldeasturias.com\\\/magazine365\\\/\",\"name\":\"El Digital de Asturias\",\"description\":\"Revista de ocio, turismo y estilo de vida\",\"inLanguage\":\"es-ES\",\"publisher\":{\"@id\":\"https:\\\/\\\/eldigitaldeasturias.com\\\/magazine365\\\/#organization\"}}]}\n\t\t<\/script>\n\t\t<!-- All in One SEO Pro -->\r\n\t\t<title>Feria de la Tapa de Rinc\u00f3n de la Victoria | El Digital de Asturias<\/title>\n\n","aioseo_head_json":{"title":"Feria de la Tapa de Rinc\u00f3n de la Victoria | El Digital de Asturias","description":"Un total de nueve propuestas culinarias competir\u00e1n por los premios del concurso que se celebrar\u00e1 el pr\u00f3ximo viernes 3 de junio en el marco de la 18 Feria de la Tapa de la localidad malague\u00f1a de Rinc\u00f3n de la Victoria. Esta competici\u00f3n tendr\u00e1 por primera vez el aval de la asociaci\u00f3n malague\u00f1a La Carta Malacitana,","canonical_url":"https:\/\/eldigitaldeasturias.com\/magazine365\/feria-de-la-tapa-de-rincon-de-la-victoria\/","robots":"max-image-preview:large","keywords":"noticias y actualidad","webmasterTools":{"google-site-verification":"UA-38556648-1","miscellaneous":""},"schema":{"@context":"https:\/\/schema.org","@graph":[{"@type":"Article","@id":"https:\/\/eldigitaldeasturias.com\/magazine365\/feria-de-la-tapa-de-rincon-de-la-victoria\/#article","name":"Feria de la Tapa de Rinc\u00f3n de la Victoria | El Digital de Asturias","headline":"Feria de la Tapa de Rinc\u00f3n de la Victoria","author":{"@id":"https:\/\/eldigitaldeasturias.com\/magazine365\/author\/admin\/#author"},"publisher":{"@id":"https:\/\/eldigitaldeasturias.com\/magazine365\/#organization"},"image":{"@type":"ImageObject","url":"https:\/\/eldigitaldeasturias.com\/magazine365\/wp-content\/uploads\/2016\/06\/fotonoticia_20160530192659_800.jpg","width":800,"height":532},"datePublished":"2016-06-02T05:12:10+02:00","dateModified":"2016-06-02T05:12:10+02:00","inLanguage":"es-ES","mainEntityOfPage":{"@id":"https:\/\/eldigitaldeasturias.com\/magazine365\/feria-de-la-tapa-de-rincon-de-la-victoria\/#webpage"},"isPartOf":{"@id":"https:\/\/eldigitaldeasturias.com\/magazine365\/feria-de-la-tapa-de-rincon-de-la-victoria\/#webpage"},"articleSection":"Noticias y Actualidad"},{"@type":"BreadcrumbList","@id":"https:\/\/eldigitaldeasturias.com\/magazine365\/feria-de-la-tapa-de-rincon-de-la-victoria\/#breadcrumblist","itemListElement":[{"@type":"ListItem","@id":"https:\/\/eldigitaldeasturias.com\/magazine365#listItem","position":1,"name":"Home","item":"https:\/\/eldigitaldeasturias.com\/magazine365","nextItem":{"@type":"ListItem","@id":"https:\/\/eldigitaldeasturias.com\/magazine365\/category\/noticias-actualidad\/#listItem","name":"Noticias y Actualidad"}},{"@type":"ListItem","@id":"https:\/\/eldigitaldeasturias.com\/magazine365\/category\/noticias-actualidad\/#listItem","position":2,"name":"Noticias y Actualidad","item":"https:\/\/eldigitaldeasturias.com\/magazine365\/category\/noticias-actualidad\/","nextItem":{"@type":"ListItem","@id":"https:\/\/eldigitaldeasturias.com\/magazine365\/feria-de-la-tapa-de-rincon-de-la-victoria\/#listItem","name":"Feria de la Tapa de Rinc\u00f3n de la Victoria"},"previousItem":{"@type":"ListItem","@id":"https:\/\/eldigitaldeasturias.com\/magazine365#listItem","name":"Home"}},{"@type":"ListItem","@id":"https:\/\/eldigitaldeasturias.com\/magazine365\/feria-de-la-tapa-de-rincon-de-la-victoria\/#listItem","position":3,"name":"Feria de la Tapa de Rinc\u00f3n de la Victoria","previousItem":{"@type":"ListItem","@id":"https:\/\/eldigitaldeasturias.com\/magazine365\/category\/noticias-actualidad\/#listItem","name":"Noticias y Actualidad"}}]},{"@type":"Organization","@id":"https:\/\/eldigitaldeasturias.com\/magazine365\/#organization","name":"El digital de Asturias","description":"Revista de ocio, turismo y estilo de vida","url":"https:\/\/eldigitaldeasturias.com\/magazine365\/","logo":{"@type":"ImageObject","url":"https:\/\/www.eldigitaldeasturias.com\/noticias\/wp-content\/uploads\/2020\/12\/EDA.jpg","@id":"https:\/\/eldigitaldeasturias.com\/magazine365\/feria-de-la-tapa-de-rincon-de-la-victoria\/#organizationLogo"},"image":{"@id":"https:\/\/eldigitaldeasturias.com\/magazine365\/feria-de-la-tapa-de-rincon-de-la-victoria\/#organizationLogo"}},{"@type":"Person","@id":"https:\/\/eldigitaldeasturias.com\/magazine365\/author\/admin\/#author","url":"https:\/\/eldigitaldeasturias.com\/magazine365\/author\/admin\/","name":"admin","image":{"@type":"ImageObject","@id":"https:\/\/eldigitaldeasturias.com\/magazine365\/feria-de-la-tapa-de-rincon-de-la-victoria\/#authorImage","url":"https:\/\/eldigitaldeasturias.com\/magazine365\/wp-content\/litespeed\/avatar\/e571bcf59a0edd6fa6838245a470f2fe.jpg?ver=1776969259","width":96,"height":96,"caption":"admin"}},{"@type":"WebPage","@id":"https:\/\/eldigitaldeasturias.com\/magazine365\/feria-de-la-tapa-de-rincon-de-la-victoria\/#webpage","url":"https:\/\/eldigitaldeasturias.com\/magazine365\/feria-de-la-tapa-de-rincon-de-la-victoria\/","name":"Feria de la Tapa de Rinc\u00f3n de la Victoria | El Digital de Asturias","description":"Un total de nueve propuestas culinarias competir\u00e1n por los premios del concurso que se celebrar\u00e1 el pr\u00f3ximo viernes 3 de junio en el marco de la 18 Feria de la Tapa de la localidad malague\u00f1a de Rinc\u00f3n de la Victoria. Esta competici\u00f3n tendr\u00e1 por primera vez el aval de la asociaci\u00f3n malague\u00f1a La Carta Malacitana,","inLanguage":"es-ES","isPartOf":{"@id":"https:\/\/eldigitaldeasturias.com\/magazine365\/#website"},"breadcrumb":{"@id":"https:\/\/eldigitaldeasturias.com\/magazine365\/feria-de-la-tapa-de-rincon-de-la-victoria\/#breadcrumblist"},"author":{"@id":"https:\/\/eldigitaldeasturias.com\/magazine365\/author\/admin\/#author"},"creator":{"@id":"https:\/\/eldigitaldeasturias.com\/magazine365\/author\/admin\/#author"},"image":{"@type":"ImageObject","url":"https:\/\/eldigitaldeasturias.com\/magazine365\/wp-content\/uploads\/2016\/06\/fotonoticia_20160530192659_800.jpg","@id":"https:\/\/eldigitaldeasturias.com\/magazine365\/feria-de-la-tapa-de-rincon-de-la-victoria\/#mainImage","width":800,"height":532},"primaryImageOfPage":{"@id":"https:\/\/eldigitaldeasturias.com\/magazine365\/feria-de-la-tapa-de-rincon-de-la-victoria\/#mainImage"},"datePublished":"2016-06-02T05:12:10+02:00","dateModified":"2016-06-02T05:12:10+02:00"},{"@type":"WebSite","@id":"https:\/\/eldigitaldeasturias.com\/magazine365\/#website","url":"https:\/\/eldigitaldeasturias.com\/magazine365\/","name":"El Digital de Asturias","description":"Revista de ocio, turismo y estilo de vida","inLanguage":"es-ES","publisher":{"@id":"https:\/\/eldigitaldeasturias.com\/magazine365\/#organization"}}]},"og:locale":"es_ES","og:site_name":"El Digital de Asturias \u2013 Revista de ocio, turismo y estilo de vida","og:type":"article","og:title":"Feria de la Tapa de Rinc\u00f3n de la Victoria | El Digital de Asturias","og:description":"Un total de nueve propuestas culinarias competir\u00e1n por los premios del concurso que se celebrar\u00e1 el pr\u00f3ximo viernes 3 de junio en el marco de la 18 Feria de la Tapa de la localidad malague\u00f1a de Rinc\u00f3n de la Victoria. Esta competici\u00f3n tendr\u00e1 por primera vez el aval de la asociaci\u00f3n malague\u00f1a La Carta Malacitana,","og:url":"https:\/\/eldigitaldeasturias.com\/magazine365\/feria-de-la-tapa-de-rincon-de-la-victoria\/","og:image":"https:\/\/eldigitaldeasturias.com\/magazine365\/wp-content\/uploads\/2016\/06\/fotonoticia_20160530192659_800.jpg","og:image:secure_url":"https:\/\/eldigitaldeasturias.com\/magazine365\/wp-content\/uploads\/2016\/06\/fotonoticia_20160530192659_800.jpg","og:image:width":800,"og:image:height":532,"article:published_time":"2016-06-02T03:12:10+00:00","article:modified_time":"2016-06-02T03:12:10+00:00","twitter:card":"summary_large_image","twitter:title":"Feria de la Tapa de Rinc\u00f3n de la Victoria | El Digital de Asturias","twitter:description":"Un total de nueve propuestas culinarias competir\u00e1n por los premios del concurso que se celebrar\u00e1 el pr\u00f3ximo viernes 3 de junio en el marco de la 18 Feria de la Tapa de la localidad malague\u00f1a de Rinc\u00f3n de la Victoria. Esta competici\u00f3n tendr\u00e1 por primera vez el aval de la asociaci\u00f3n malague\u00f1a La Carta Malacitana,","twitter:image":"https:\/\/eldigitaldeasturias.com\/magazine365\/wp-content\/uploads\/2016\/06\/fotonoticia_20160530192659_800.jpg"},"aioseo_meta_data":{"post_id":"77251","title":null,"description":null,"keywords":null,"keyphrases":null,"primary_term":null,"canonical_url":null,"og_title":null,"og_description":null,"og_object_type":"default","og_image_type":"default","og_image_url":null,"og_image_width":null,"og_image_height":null,"og_image_custom_url":null,"og_image_custom_fields":null,"og_video":null,"og_custom_url":null,"og_article_section":null,"og_article_tags":null,"twitter_use_og":false,"twitter_card":"default","twitter_image_type":"default","twitter_image_url":null,"twitter_image_custom_url":null,"twitter_image_custom_fields":null,"twitter_title":null,"twitter_description":null,"schema":{"blockGraphs":[],"customGraphs":[],"default":{"data":{"Article":[],"Course":[],"Dataset":[],"FAQPage":[],"Movie":[],"Person":[],"Product":[],"ProductReview":[],"Car":[],"Recipe":[],"Service":[],"SoftwareApplication":[],"WebPage":[]},"graphName":"","isEnabled":true},"graphs":[]},"schema_type":null,"schema_type_options":null,"pillar_content":false,"robots_default":true,"robots_noindex":false,"robots_noarchive":false,"robots_nosnippet":false,"robots_nofollow":false,"robots_noimageindex":false,"robots_noodp":false,"robots_notranslate":false,"robots_max_snippet":null,"robots_max_videopreview":null,"robots_max_imagepreview":"large","priority":null,"frequency":null,"location":null,"local_seo":null,"seo_analyzer_scan_date":"2025-09-27 14:26:57","breadcrumb_settings":null,"limit_modified_date":false,"open_ai":null,"ai":null,"created":"2021-03-08 18:17:29","updated":"2025-09-27 14:26:57"},"aioseo_breadcrumb":"<div class=\"aioseo-breadcrumbs\"><span class=\"aioseo-breadcrumb\">\n\t<a href=\"https:\/\/eldigitaldeasturias.com\/magazine365\" title=\"Home\">Home<\/a>\n<\/span><span class=\"aioseo-breadcrumb-separator\">\u2013<\/span><span class=\"aioseo-breadcrumb\">\n\t<a href=\"https:\/\/eldigitaldeasturias.com\/magazine365\/category\/noticias-actualidad\/\" title=\"Noticias y Actualidad\">Noticias y Actualidad<\/a>\n<\/span><span class=\"aioseo-breadcrumb-separator\">\u2013<\/span><span class=\"aioseo-breadcrumb\">\n\t<a href=\"https:\/\/eldigitaldeasturias.com\/magazine365\/feria-de-la-tapa-de-rincon-de-la-victoria\/\" title=\"Feria de la Tapa de Rinc\u00f3n de la Victoria\">Feria de la Tapa de Rinc\u00f3n de la Victoria<\/a>\n<\/span><\/div>","aioseo_breadcrumb_json":[{"label":"Home","link":"https:\/\/eldigitaldeasturias.com\/magazine365"},{"label":"Noticias y Actualidad","link":"https:\/\/eldigitaldeasturias.com\/magazine365\/category\/noticias-actualidad\/"},{"label":"Feria de la Tapa de Rinc\u00f3n de la Victoria","link":"https:\/\/eldigitaldeasturias.com\/magazine365\/feria-de-la-tapa-de-rincon-de-la-victoria\/"}],"_links":{"self":[{"href":"https:\/\/eldigitaldeasturias.com\/magazine365\/wp-json\/wp\/v2\/posts\/77251","targetHints":{"allow":["GET"]}}],"collection":[{"href":"https:\/\/eldigitaldeasturias.com\/magazine365\/wp-json\/wp\/v2\/posts"}],"about":[{"href":"https:\/\/eldigitaldeasturias.com\/magazine365\/wp-json\/wp\/v2\/types\/post"}],"author":[{"embeddable":true,"href":"https:\/\/eldigitaldeasturias.com\/magazine365\/wp-json\/wp\/v2\/users\/1"}],"replies":[{"embeddable":true,"href":"https:\/\/eldigitaldeasturias.com\/magazine365\/wp-json\/wp\/v2\/comments?post=77251"}],"version-history":[{"count":0,"href":"https:\/\/eldigitaldeasturias.com\/magazine365\/wp-json\/wp\/v2\/posts\/77251\/revisions"}],"wp:featuredmedia":[{"embeddable":true,"href":"https:\/\/eldigitaldeasturias.com\/magazine365\/wp-json\/wp\/v2\/media\/77252"}],"wp:attachment":[{"href":"https:\/\/eldigitaldeasturias.com\/magazine365\/wp-json\/wp\/v2\/media?parent=77251"}],"wp:term":[{"taxonomy":"category","embeddable":true,"href":"https:\/\/eldigitaldeasturias.com\/magazine365\/wp-json\/wp\/v2\/categories?post=77251"},{"taxonomy":"post_tag","embeddable":true,"href":"https:\/\/eldigitaldeasturias.com\/magazine365\/wp-json\/wp\/v2\/tags?post=77251"}],"curies":[{"name":"wp","href":"https:\/\/api.w.org\/{rel}","templated":true}]}}