{"id":77236,"date":"2016-06-02T05:04:41","date_gmt":"2016-06-02T03:04:41","guid":{"rendered":"http:\/\/eldigitaldeasturias.com\/magazine365\/?p=77236"},"modified":"2016-06-02T05:04:41","modified_gmt":"2016-06-02T03:04:41","slug":"crece-un-46-el-trafico-aereo-mundial-de-pasajeros","status":"publish","type":"post","link":"https:\/\/eldigitaldeasturias.com\/magazine365\/crece-un-46-el-trafico-aereo-mundial-de-pasajeros\/","title":{"rendered":"Crece un 4,6% el tr\u00e1fico a\u00e9reo mundial de pasajeros"},"content":{"rendered":"<p><img fetchpriority=\"high\" decoding=\"async\" class=\"alignleft size-medium wp-image-77237\" src=\"https:\/\/eldigitaldeasturias.com\/magazine365\/wp-content\/uploads\/2016\/06\/fotonoticia_20160530182817_800-360x259.jpg\" alt=\"fotonoticia_20160530182817_800\" width=\"360\" height=\"259\" srcset=\"https:\/\/eldigitaldeasturias.com\/magazine365\/wp-content\/uploads\/2016\/06\/fotonoticia_20160530182817_800-360x259.jpg 360w, https:\/\/eldigitaldeasturias.com\/magazine365\/wp-content\/uploads\/2016\/06\/fotonoticia_20160530182817_800-650x468.jpg 650w, https:\/\/eldigitaldeasturias.com\/magazine365\/wp-content\/uploads\/2016\/06\/fotonoticia_20160530182817_800-768x553.jpg 768w, https:\/\/eldigitaldeasturias.com\/magazine365\/wp-content\/uploads\/2016\/06\/fotonoticia_20160530182817_800-150x108.jpg 150w, https:\/\/eldigitaldeasturias.com\/magazine365\/wp-content\/uploads\/2016\/06\/fotonoticia_20160530182817_800-450x324.jpg 450w, https:\/\/eldigitaldeasturias.com\/magazine365\/wp-content\/uploads\/2016\/06\/fotonoticia_20160530182817_800.jpg 800w\" sizes=\"(max-width: 360px) 100vw, 360px\" \/>El tr\u00e1fico a\u00e9reo mundial de pasajeros aument\u00f3 un 4,6% en abril, con una capacidad un 9,6% superior y un nivel de ocupaci\u00f3n del 77,8%, seg\u00fan inform\u00f3 la Asociaci\u00f3n Internacional del Transporte A\u00e9reo (IATA), lo que supone 0,4 puntos porcentuales menos que las estimaciones realizadas por la asociaci\u00f3n antes de los atentados en Bruselas.<\/p>\n<p>La IATA, que engloba al 83% del tr\u00e1fico a\u00e9reo mundial, hab\u00eda previsto el crecimiento de la demanda a\u00e9rea en el transporte de pasajeros para abril en un 5%. Los datos de abril confirma la ralentizaci\u00f3n en el ritmo del incremento del tr\u00e1fico a\u00e9reo mundial desde enero de 2015, que fue del 4,9%, siendo el registro m\u00e1s bajo desde el inicio del a\u00f1o.<\/p>\n<p>La tasa de ocupaci\u00f3n alcanz\u00f3 el 79,1% en abril, 0,3 puntos porcentuales menos, con un incremento medio del 4,9% de la oferta, medida en asiento por kil\u00f3metro ofertado (ASK), seg\u00fan los datos publicados por la IATA, que celebra en Dubl\u00edn su asamblea anual.<\/p>\n<p>El director general y consejero delegado de la IATA, Tony Tyler, augur\u00f3 que el impacto de los ataques en Bruselas ser\u00e1 \u00abde corta duraci\u00f3n\u00bb, si bien incidir\u00e1n otros factores en la evoluci\u00f3n del tr\u00e1fico a\u00e9reo mundial.<\/p>\n<p>\u00abEl est\u00edmulo de los precios del petr\u00f3leo parece estar disminuyendo\u00bb, afirm\u00f3, para a\u00f1adir que la situaci\u00f3n de la econom\u00eda general no es muy boyante, aunque la demanda seguir\u00e1 creciendo.<\/p>\n<p>EN CARGA, A MENOR RITMO.<\/p>\n<p>En lo que respecta al transporte a\u00e9reo de mercanc\u00edas, se elev\u00f3 un 3,2% en abril con respecto al mismo mes de 2015, con un incremento de capacidad del 6,6%. Este incremento de la carga a\u00e9rea, por debajo del crecimiento del tr\u00e1fico de pasajeros, se explica por la debilidad del comercio mundial.<\/p>\n<p>De hecho, en el primer trimestre de 2016 se produjo la primera ca\u00edda anual en los vol\u00famenes de comercio desde la crisis financiera mundial en 2009 y la Organizaci\u00f3n Mundial del Comercio (OMC) prev\u00e9 que se m\u00e1s lento durante el resto de 2016. \u00abLa ca\u00edda en el comercio mundial no es un buen augurio para los mercados de carga a\u00e9rea en los pr\u00f3ximos meses\u00bb, apunt\u00f3 Tyler.<\/p>\n<p>El aumento de la demanda de carga fue generalizado en todas las regiones, a excepci\u00f3n de Am\u00e9rica Latina. El mayor crecimiento se produjo en el Oriente Medio y Europa, con incrementos del 7,7% y del 6,8%, respectivamente, en comparaci\u00f3n con abril de 2015.<\/p>\n<p>POR REGIONES<\/p>\n<p>Por regiones, la evoluci\u00f3n del tr\u00e1fico de pasajeros fue dispar, as\u00ed la demanda internacional subi\u00f3 un 4,8% en abril, siendo el ritmo m\u00e1s lento en dos a\u00f1os, pese al incremento del 5,6% de la oferta. El factor de ocupaci\u00f3n fue del 77,3%, 0,6 puntos porcentuales m\u00e1s.<\/p>\n<p>De su lado, la demanda en los mercados dom\u00e9sticos creci\u00f3 un 4,1%, con un aumento del 3,8% en capacidad, y el factor de ocupaci\u00f3n se situ\u00f3 en el 81,4%, 0,3 puntos porcentuales m\u00e1s. Todos los mercados reportaron aumentos de la demanda, con la excepci\u00f3n de Brasil, que mostr\u00f3 un descenso del 12,1% por la recesi\u00f3n econ\u00f3mica en el pa\u00eds.<\/p>\n<p>En el caso de Europa, el tr\u00e1fico internacional de pasajeros aument\u00f3 un 1,9%, frente al incremento del 6% registrado en marzo, debido al impacto de los atentados en Bruselas y al cierre durante dos semanas de Zaventem. La capacidad aument\u00f3 un 1,8% y el factor de ocupaci\u00f3n fue del 79,8, 0,1 puntos porcentual menos, el m\u00e1s alto de todas las regiones.<\/p>\n<p>Las aerol\u00edneas de Asia-Pac\u00edfico aumentaron un 6,4% su tr\u00e1fico de pasajeros en abril, con una capacidad un 6,8% superior y un nivel de ocupaci\u00f3n del 77,3%, 0,3 puntos porcentuales menos. En rutas internacionales aument\u00f3 un 7,3%, con una oferta un 7% y un factor de ocupaci\u00f3n del 78,4%, 0,2 puntos porcentuales m\u00e1s.<\/p>\n<p>En Latinoam\u00e9rica, por su parte, el tr\u00e1fico de pasajeros aument\u00f3 un 3,1%, con una capacidad media un 2,9% superior y un nivel de ocupaci\u00f3n del 77,7%, 0,1 puntos porcentuales m\u00e1s. En las rutas dom\u00e9sticas destaca la ca\u00edda del 12,1% de la demanda en Brasil, tras un ajuste de la oferta del 10,4%. El factor de ocupaci\u00f3n en el mercado brasile\u00f1o se situ\u00f3 en el 79,6%, 1,5 puntos porcentuales menos.<\/p>\n","protected":false},"excerpt":{"rendered":"<p>El tr\u00e1fico a\u00e9reo mundial de pasajeros aument\u00f3 un 4,6% en abril, con una capacidad un 9,6% superior y un nivel de ocupaci\u00f3n del 77,8%, seg\u00fan inform\u00f3 la Asociaci\u00f3n Internacional del Transporte A\u00e9reo (IATA), lo que supone 0,4 puntos porcentuales menos que las estimaciones realizadas por la asociaci\u00f3n antes de los atentados en Bruselas. La IATA,<\/p>\n","protected":false},"author":1,"featured_media":77237,"comment_status":"open","ping_status":"closed","sticky":false,"template":"","format":"standard","meta":{"footnotes":""},"categories":[224],"tags":[],"class_list":{"0":"post-77236","1":"post","2":"type-post","3":"status-publish","4":"format-standard","5":"has-post-thumbnail","7":"category-noticias-actualidad"},"aioseo_notices":[],"aioseo_head":"\n\t\t<!-- All in One SEO Pro 4.9.6.1 - aioseo.com -->\n\t<meta name=\"description\" content=\"El tr\u00e1fico a\u00e9reo mundial de pasajeros aument\u00f3 un 4,6% en abril, con una capacidad un 9,6% superior y un nivel de ocupaci\u00f3n del 77,8%, seg\u00fan inform\u00f3 la Asociaci\u00f3n Internacional del Transporte A\u00e9reo (IATA), lo que supone 0,4 puntos porcentuales menos que las estimaciones realizadas por la asociaci\u00f3n antes de los atentados en Bruselas. La IATA,\" \/>\n\t<meta name=\"robots\" content=\"max-image-preview:large\" \/>\n\t<meta name=\"author\" content=\"admin\"\/>\n\t<meta name=\"google-site-verification\" content=\"UA-38556648-1\" \/>\n\t<meta name=\"keywords\" content=\"noticias y actualidad\" \/>\n\t<link rel=\"canonical\" href=\"https:\/\/eldigitaldeasturias.com\/magazine365\/crece-un-46-el-trafico-aereo-mundial-de-pasajeros\/\" \/>\n\t<meta name=\"generator\" content=\"All in One SEO Pro (AIOSEO) 4.9.6.1\" \/>\n\t\t<meta property=\"og:locale\" content=\"es_ES\" \/>\n\t\t<meta property=\"og:site_name\" content=\"El Digital de Asturias \u2013 Revista de ocio, turismo y estilo de vida\" \/>\n\t\t<meta property=\"og:type\" content=\"article\" \/>\n\t\t<meta property=\"og:title\" content=\"Crece un 4,6% el tr\u00e1fico a\u00e9reo mundial de pasajeros | El Digital de Asturias\" \/>\n\t\t<meta property=\"og:description\" content=\"El tr\u00e1fico a\u00e9reo mundial de pasajeros aument\u00f3 un 4,6% en abril, con una capacidad un 9,6% superior y un nivel de ocupaci\u00f3n del 77,8%, seg\u00fan inform\u00f3 la Asociaci\u00f3n Internacional del Transporte A\u00e9reo (IATA), lo que supone 0,4 puntos porcentuales menos que las estimaciones realizadas por la asociaci\u00f3n antes de los atentados en Bruselas. La IATA,\" \/>\n\t\t<meta property=\"og:url\" content=\"https:\/\/eldigitaldeasturias.com\/magazine365\/crece-un-46-el-trafico-aereo-mundial-de-pasajeros\/\" \/>\n\t\t<meta property=\"og:image\" content=\"https:\/\/eldigitaldeasturias.com\/magazine365\/wp-content\/uploads\/2016\/06\/fotonoticia_20160530182817_800.jpg\" \/>\n\t\t<meta property=\"og:image:secure_url\" content=\"https:\/\/eldigitaldeasturias.com\/magazine365\/wp-content\/uploads\/2016\/06\/fotonoticia_20160530182817_800.jpg\" \/>\n\t\t<meta property=\"og:image:width\" content=\"800\" \/>\n\t\t<meta property=\"og:image:height\" content=\"576\" \/>\n\t\t<meta property=\"article:published_time\" content=\"2016-06-02T03:04:41+00:00\" \/>\n\t\t<meta property=\"article:modified_time\" content=\"2016-06-02T03:04:41+00:00\" \/>\n\t\t<meta name=\"twitter:card\" content=\"summary_large_image\" \/>\n\t\t<meta name=\"twitter:title\" content=\"Crece un 4,6% el tr\u00e1fico a\u00e9reo mundial de pasajeros | El Digital de Asturias\" \/>\n\t\t<meta name=\"twitter:description\" content=\"El tr\u00e1fico a\u00e9reo mundial de pasajeros aument\u00f3 un 4,6% en abril, con una capacidad un 9,6% superior y un nivel de ocupaci\u00f3n del 77,8%, seg\u00fan inform\u00f3 la Asociaci\u00f3n Internacional del Transporte A\u00e9reo (IATA), lo que supone 0,4 puntos porcentuales menos que las estimaciones realizadas por la asociaci\u00f3n antes de los atentados en Bruselas. La IATA,\" \/>\n\t\t<meta name=\"twitter:image\" content=\"https:\/\/eldigitaldeasturias.com\/magazine365\/wp-content\/uploads\/2016\/06\/fotonoticia_20160530182817_800.jpg\" \/>\n\t\t<script type=\"application\/ld+json\" class=\"aioseo-schema\">\n\t\t\t{\"@context\":\"https:\\\/\\\/schema.org\",\"@graph\":[{\"@type\":\"Article\",\"@id\":\"https:\\\/\\\/eldigitaldeasturias.com\\\/magazine365\\\/crece-un-46-el-trafico-aereo-mundial-de-pasajeros\\\/#article\",\"name\":\"Crece un 4,6% el tr\\u00e1fico a\\u00e9reo mundial de pasajeros | El Digital de Asturias\",\"headline\":\"Crece un 4,6% el tr\\u00e1fico a\\u00e9reo mundial de pasajeros\",\"author\":{\"@id\":\"https:\\\/\\\/eldigitaldeasturias.com\\\/magazine365\\\/author\\\/admin\\\/#author\"},\"publisher\":{\"@id\":\"https:\\\/\\\/eldigitaldeasturias.com\\\/magazine365\\\/#organization\"},\"image\":{\"@type\":\"ImageObject\",\"url\":\"https:\\\/\\\/eldigitaldeasturias.com\\\/magazine365\\\/wp-content\\\/uploads\\\/2016\\\/06\\\/fotonoticia_20160530182817_800.jpg\",\"width\":800,\"height\":576},\"datePublished\":\"2016-06-02T05:04:41+02:00\",\"dateModified\":\"2016-06-02T05:04:41+02:00\",\"inLanguage\":\"es-ES\",\"mainEntityOfPage\":{\"@id\":\"https:\\\/\\\/eldigitaldeasturias.com\\\/magazine365\\\/crece-un-46-el-trafico-aereo-mundial-de-pasajeros\\\/#webpage\"},\"isPartOf\":{\"@id\":\"https:\\\/\\\/eldigitaldeasturias.com\\\/magazine365\\\/crece-un-46-el-trafico-aereo-mundial-de-pasajeros\\\/#webpage\"},\"articleSection\":\"Noticias y Actualidad\"},{\"@type\":\"BreadcrumbList\",\"@id\":\"https:\\\/\\\/eldigitaldeasturias.com\\\/magazine365\\\/crece-un-46-el-trafico-aereo-mundial-de-pasajeros\\\/#breadcrumblist\",\"itemListElement\":[{\"@type\":\"ListItem\",\"@id\":\"https:\\\/\\\/eldigitaldeasturias.com\\\/magazine365#listItem\",\"position\":1,\"name\":\"Home\",\"item\":\"https:\\\/\\\/eldigitaldeasturias.com\\\/magazine365\",\"nextItem\":{\"@type\":\"ListItem\",\"@id\":\"https:\\\/\\\/eldigitaldeasturias.com\\\/magazine365\\\/category\\\/noticias-actualidad\\\/#listItem\",\"name\":\"Noticias y Actualidad\"}},{\"@type\":\"ListItem\",\"@id\":\"https:\\\/\\\/eldigitaldeasturias.com\\\/magazine365\\\/category\\\/noticias-actualidad\\\/#listItem\",\"position\":2,\"name\":\"Noticias y Actualidad\",\"item\":\"https:\\\/\\\/eldigitaldeasturias.com\\\/magazine365\\\/category\\\/noticias-actualidad\\\/\",\"nextItem\":{\"@type\":\"ListItem\",\"@id\":\"https:\\\/\\\/eldigitaldeasturias.com\\\/magazine365\\\/crece-un-46-el-trafico-aereo-mundial-de-pasajeros\\\/#listItem\",\"name\":\"Crece un 4,6% el tr\\u00e1fico a\\u00e9reo mundial de pasajeros\"},\"previousItem\":{\"@type\":\"ListItem\",\"@id\":\"https:\\\/\\\/eldigitaldeasturias.com\\\/magazine365#listItem\",\"name\":\"Home\"}},{\"@type\":\"ListItem\",\"@id\":\"https:\\\/\\\/eldigitaldeasturias.com\\\/magazine365\\\/crece-un-46-el-trafico-aereo-mundial-de-pasajeros\\\/#listItem\",\"position\":3,\"name\":\"Crece un 4,6% el tr\\u00e1fico a\\u00e9reo mundial de pasajeros\",\"previousItem\":{\"@type\":\"ListItem\",\"@id\":\"https:\\\/\\\/eldigitaldeasturias.com\\\/magazine365\\\/category\\\/noticias-actualidad\\\/#listItem\",\"name\":\"Noticias y Actualidad\"}}]},{\"@type\":\"Organization\",\"@id\":\"https:\\\/\\\/eldigitaldeasturias.com\\\/magazine365\\\/#organization\",\"name\":\"El digital de Asturias\",\"description\":\"Revista de ocio, turismo y estilo de vida\",\"url\":\"https:\\\/\\\/eldigitaldeasturias.com\\\/magazine365\\\/\",\"logo\":{\"@type\":\"ImageObject\",\"url\":\"https:\\\/\\\/www.eldigitaldeasturias.com\\\/noticias\\\/wp-content\\\/uploads\\\/2020\\\/12\\\/EDA.jpg\",\"@id\":\"https:\\\/\\\/eldigitaldeasturias.com\\\/magazine365\\\/crece-un-46-el-trafico-aereo-mundial-de-pasajeros\\\/#organizationLogo\"},\"image\":{\"@id\":\"https:\\\/\\\/eldigitaldeasturias.com\\\/magazine365\\\/crece-un-46-el-trafico-aereo-mundial-de-pasajeros\\\/#organizationLogo\"}},{\"@type\":\"Person\",\"@id\":\"https:\\\/\\\/eldigitaldeasturias.com\\\/magazine365\\\/author\\\/admin\\\/#author\",\"url\":\"https:\\\/\\\/eldigitaldeasturias.com\\\/magazine365\\\/author\\\/admin\\\/\",\"name\":\"admin\",\"image\":{\"@type\":\"ImageObject\",\"@id\":\"https:\\\/\\\/eldigitaldeasturias.com\\\/magazine365\\\/crece-un-46-el-trafico-aereo-mundial-de-pasajeros\\\/#authorImage\",\"url\":\"https:\\\/\\\/eldigitaldeasturias.com\\\/magazine365\\\/wp-content\\\/litespeed\\\/avatar\\\/e571bcf59a0edd6fa6838245a470f2fe.jpg?ver=1776969259\",\"width\":96,\"height\":96,\"caption\":\"admin\"}},{\"@type\":\"WebPage\",\"@id\":\"https:\\\/\\\/eldigitaldeasturias.com\\\/magazine365\\\/crece-un-46-el-trafico-aereo-mundial-de-pasajeros\\\/#webpage\",\"url\":\"https:\\\/\\\/eldigitaldeasturias.com\\\/magazine365\\\/crece-un-46-el-trafico-aereo-mundial-de-pasajeros\\\/\",\"name\":\"Crece un 4,6% el tr\\u00e1fico a\\u00e9reo mundial de pasajeros | El Digital de Asturias\",\"description\":\"El tr\\u00e1fico a\\u00e9reo mundial de pasajeros aument\\u00f3 un 4,6% en abril, con una capacidad un 9,6% superior y un nivel de ocupaci\\u00f3n del 77,8%, seg\\u00fan inform\\u00f3 la Asociaci\\u00f3n Internacional del Transporte A\\u00e9reo (IATA), lo que supone 0,4 puntos porcentuales menos que las estimaciones realizadas por la asociaci\\u00f3n antes de los atentados en Bruselas. La IATA,\",\"inLanguage\":\"es-ES\",\"isPartOf\":{\"@id\":\"https:\\\/\\\/eldigitaldeasturias.com\\\/magazine365\\\/#website\"},\"breadcrumb\":{\"@id\":\"https:\\\/\\\/eldigitaldeasturias.com\\\/magazine365\\\/crece-un-46-el-trafico-aereo-mundial-de-pasajeros\\\/#breadcrumblist\"},\"author\":{\"@id\":\"https:\\\/\\\/eldigitaldeasturias.com\\\/magazine365\\\/author\\\/admin\\\/#author\"},\"creator\":{\"@id\":\"https:\\\/\\\/eldigitaldeasturias.com\\\/magazine365\\\/author\\\/admin\\\/#author\"},\"image\":{\"@type\":\"ImageObject\",\"url\":\"https:\\\/\\\/eldigitaldeasturias.com\\\/magazine365\\\/wp-content\\\/uploads\\\/2016\\\/06\\\/fotonoticia_20160530182817_800.jpg\",\"@id\":\"https:\\\/\\\/eldigitaldeasturias.com\\\/magazine365\\\/crece-un-46-el-trafico-aereo-mundial-de-pasajeros\\\/#mainImage\",\"width\":800,\"height\":576},\"primaryImageOfPage\":{\"@id\":\"https:\\\/\\\/eldigitaldeasturias.com\\\/magazine365\\\/crece-un-46-el-trafico-aereo-mundial-de-pasajeros\\\/#mainImage\"},\"datePublished\":\"2016-06-02T05:04:41+02:00\",\"dateModified\":\"2016-06-02T05:04:41+02:00\"},{\"@type\":\"WebSite\",\"@id\":\"https:\\\/\\\/eldigitaldeasturias.com\\\/magazine365\\\/#website\",\"url\":\"https:\\\/\\\/eldigitaldeasturias.com\\\/magazine365\\\/\",\"name\":\"El Digital de Asturias\",\"description\":\"Revista de ocio, turismo y estilo de vida\",\"inLanguage\":\"es-ES\",\"publisher\":{\"@id\":\"https:\\\/\\\/eldigitaldeasturias.com\\\/magazine365\\\/#organization\"}}]}\n\t\t<\/script>\n\t\t<!-- All in One SEO Pro -->\r\n\t\t<title>Crece un 4,6% el tr\u00e1fico a\u00e9reo mundial de pasajeros | El Digital de Asturias<\/title>\n\n","aioseo_head_json":{"title":"Crece un 4,6% el tr\u00e1fico a\u00e9reo mundial de pasajeros | El Digital de Asturias","description":"El tr\u00e1fico a\u00e9reo mundial de pasajeros aument\u00f3 un 4,6% en abril, con una capacidad un 9,6% superior y un nivel de ocupaci\u00f3n del 77,8%, seg\u00fan inform\u00f3 la Asociaci\u00f3n Internacional del Transporte A\u00e9reo (IATA), lo que supone 0,4 puntos porcentuales menos que las estimaciones realizadas por la asociaci\u00f3n antes de los atentados en Bruselas. La IATA,","canonical_url":"https:\/\/eldigitaldeasturias.com\/magazine365\/crece-un-46-el-trafico-aereo-mundial-de-pasajeros\/","robots":"max-image-preview:large","keywords":"noticias y actualidad","webmasterTools":{"google-site-verification":"UA-38556648-1","miscellaneous":""},"schema":{"@context":"https:\/\/schema.org","@graph":[{"@type":"Article","@id":"https:\/\/eldigitaldeasturias.com\/magazine365\/crece-un-46-el-trafico-aereo-mundial-de-pasajeros\/#article","name":"Crece un 4,6% el tr\u00e1fico a\u00e9reo mundial de pasajeros | El Digital de Asturias","headline":"Crece un 4,6% el tr\u00e1fico a\u00e9reo mundial de pasajeros","author":{"@id":"https:\/\/eldigitaldeasturias.com\/magazine365\/author\/admin\/#author"},"publisher":{"@id":"https:\/\/eldigitaldeasturias.com\/magazine365\/#organization"},"image":{"@type":"ImageObject","url":"https:\/\/eldigitaldeasturias.com\/magazine365\/wp-content\/uploads\/2016\/06\/fotonoticia_20160530182817_800.jpg","width":800,"height":576},"datePublished":"2016-06-02T05:04:41+02:00","dateModified":"2016-06-02T05:04:41+02:00","inLanguage":"es-ES","mainEntityOfPage":{"@id":"https:\/\/eldigitaldeasturias.com\/magazine365\/crece-un-46-el-trafico-aereo-mundial-de-pasajeros\/#webpage"},"isPartOf":{"@id":"https:\/\/eldigitaldeasturias.com\/magazine365\/crece-un-46-el-trafico-aereo-mundial-de-pasajeros\/#webpage"},"articleSection":"Noticias y Actualidad"},{"@type":"BreadcrumbList","@id":"https:\/\/eldigitaldeasturias.com\/magazine365\/crece-un-46-el-trafico-aereo-mundial-de-pasajeros\/#breadcrumblist","itemListElement":[{"@type":"ListItem","@id":"https:\/\/eldigitaldeasturias.com\/magazine365#listItem","position":1,"name":"Home","item":"https:\/\/eldigitaldeasturias.com\/magazine365","nextItem":{"@type":"ListItem","@id":"https:\/\/eldigitaldeasturias.com\/magazine365\/category\/noticias-actualidad\/#listItem","name":"Noticias y Actualidad"}},{"@type":"ListItem","@id":"https:\/\/eldigitaldeasturias.com\/magazine365\/category\/noticias-actualidad\/#listItem","position":2,"name":"Noticias y Actualidad","item":"https:\/\/eldigitaldeasturias.com\/magazine365\/category\/noticias-actualidad\/","nextItem":{"@type":"ListItem","@id":"https:\/\/eldigitaldeasturias.com\/magazine365\/crece-un-46-el-trafico-aereo-mundial-de-pasajeros\/#listItem","name":"Crece un 4,6% el tr\u00e1fico a\u00e9reo mundial de pasajeros"},"previousItem":{"@type":"ListItem","@id":"https:\/\/eldigitaldeasturias.com\/magazine365#listItem","name":"Home"}},{"@type":"ListItem","@id":"https:\/\/eldigitaldeasturias.com\/magazine365\/crece-un-46-el-trafico-aereo-mundial-de-pasajeros\/#listItem","position":3,"name":"Crece un 4,6% el tr\u00e1fico a\u00e9reo mundial de pasajeros","previousItem":{"@type":"ListItem","@id":"https:\/\/eldigitaldeasturias.com\/magazine365\/category\/noticias-actualidad\/#listItem","name":"Noticias y Actualidad"}}]},{"@type":"Organization","@id":"https:\/\/eldigitaldeasturias.com\/magazine365\/#organization","name":"El digital de Asturias","description":"Revista de ocio, turismo y estilo de vida","url":"https:\/\/eldigitaldeasturias.com\/magazine365\/","logo":{"@type":"ImageObject","url":"https:\/\/www.eldigitaldeasturias.com\/noticias\/wp-content\/uploads\/2020\/12\/EDA.jpg","@id":"https:\/\/eldigitaldeasturias.com\/magazine365\/crece-un-46-el-trafico-aereo-mundial-de-pasajeros\/#organizationLogo"},"image":{"@id":"https:\/\/eldigitaldeasturias.com\/magazine365\/crece-un-46-el-trafico-aereo-mundial-de-pasajeros\/#organizationLogo"}},{"@type":"Person","@id":"https:\/\/eldigitaldeasturias.com\/magazine365\/author\/admin\/#author","url":"https:\/\/eldigitaldeasturias.com\/magazine365\/author\/admin\/","name":"admin","image":{"@type":"ImageObject","@id":"https:\/\/eldigitaldeasturias.com\/magazine365\/crece-un-46-el-trafico-aereo-mundial-de-pasajeros\/#authorImage","url":"https:\/\/eldigitaldeasturias.com\/magazine365\/wp-content\/litespeed\/avatar\/e571bcf59a0edd6fa6838245a470f2fe.jpg?ver=1776969259","width":96,"height":96,"caption":"admin"}},{"@type":"WebPage","@id":"https:\/\/eldigitaldeasturias.com\/magazine365\/crece-un-46-el-trafico-aereo-mundial-de-pasajeros\/#webpage","url":"https:\/\/eldigitaldeasturias.com\/magazine365\/crece-un-46-el-trafico-aereo-mundial-de-pasajeros\/","name":"Crece un 4,6% el tr\u00e1fico a\u00e9reo mundial de pasajeros | El Digital de Asturias","description":"El tr\u00e1fico a\u00e9reo mundial de pasajeros aument\u00f3 un 4,6% en abril, con una capacidad un 9,6% superior y un nivel de ocupaci\u00f3n del 77,8%, seg\u00fan inform\u00f3 la Asociaci\u00f3n Internacional del Transporte A\u00e9reo (IATA), lo que supone 0,4 puntos porcentuales menos que las estimaciones realizadas por la asociaci\u00f3n antes de los atentados en Bruselas. La IATA,","inLanguage":"es-ES","isPartOf":{"@id":"https:\/\/eldigitaldeasturias.com\/magazine365\/#website"},"breadcrumb":{"@id":"https:\/\/eldigitaldeasturias.com\/magazine365\/crece-un-46-el-trafico-aereo-mundial-de-pasajeros\/#breadcrumblist"},"author":{"@id":"https:\/\/eldigitaldeasturias.com\/magazine365\/author\/admin\/#author"},"creator":{"@id":"https:\/\/eldigitaldeasturias.com\/magazine365\/author\/admin\/#author"},"image":{"@type":"ImageObject","url":"https:\/\/eldigitaldeasturias.com\/magazine365\/wp-content\/uploads\/2016\/06\/fotonoticia_20160530182817_800.jpg","@id":"https:\/\/eldigitaldeasturias.com\/magazine365\/crece-un-46-el-trafico-aereo-mundial-de-pasajeros\/#mainImage","width":800,"height":576},"primaryImageOfPage":{"@id":"https:\/\/eldigitaldeasturias.com\/magazine365\/crece-un-46-el-trafico-aereo-mundial-de-pasajeros\/#mainImage"},"datePublished":"2016-06-02T05:04:41+02:00","dateModified":"2016-06-02T05:04:41+02:00"},{"@type":"WebSite","@id":"https:\/\/eldigitaldeasturias.com\/magazine365\/#website","url":"https:\/\/eldigitaldeasturias.com\/magazine365\/","name":"El Digital de Asturias","description":"Revista de ocio, turismo y estilo de vida","inLanguage":"es-ES","publisher":{"@id":"https:\/\/eldigitaldeasturias.com\/magazine365\/#organization"}}]},"og:locale":"es_ES","og:site_name":"El Digital de Asturias \u2013 Revista de ocio, turismo y estilo de vida","og:type":"article","og:title":"Crece un 4,6% el tr\u00e1fico a\u00e9reo mundial de pasajeros | El Digital de Asturias","og:description":"El tr\u00e1fico a\u00e9reo mundial de pasajeros aument\u00f3 un 4,6% en abril, con una capacidad un 9,6% superior y un nivel de ocupaci\u00f3n del 77,8%, seg\u00fan inform\u00f3 la Asociaci\u00f3n Internacional del Transporte A\u00e9reo (IATA), lo que supone 0,4 puntos porcentuales menos que las estimaciones realizadas por la asociaci\u00f3n antes de los atentados en Bruselas. La IATA,","og:url":"https:\/\/eldigitaldeasturias.com\/magazine365\/crece-un-46-el-trafico-aereo-mundial-de-pasajeros\/","og:image":"https:\/\/eldigitaldeasturias.com\/magazine365\/wp-content\/uploads\/2016\/06\/fotonoticia_20160530182817_800.jpg","og:image:secure_url":"https:\/\/eldigitaldeasturias.com\/magazine365\/wp-content\/uploads\/2016\/06\/fotonoticia_20160530182817_800.jpg","og:image:width":800,"og:image:height":576,"article:published_time":"2016-06-02T03:04:41+00:00","article:modified_time":"2016-06-02T03:04:41+00:00","twitter:card":"summary_large_image","twitter:title":"Crece un 4,6% el tr\u00e1fico a\u00e9reo mundial de pasajeros | El Digital de Asturias","twitter:description":"El tr\u00e1fico a\u00e9reo mundial de pasajeros aument\u00f3 un 4,6% en abril, con una capacidad un 9,6% superior y un nivel de ocupaci\u00f3n del 77,8%, seg\u00fan inform\u00f3 la Asociaci\u00f3n Internacional del Transporte A\u00e9reo (IATA), lo que supone 0,4 puntos porcentuales menos que las estimaciones realizadas por la asociaci\u00f3n antes de los atentados en Bruselas. La IATA,","twitter:image":"https:\/\/eldigitaldeasturias.com\/magazine365\/wp-content\/uploads\/2016\/06\/fotonoticia_20160530182817_800.jpg"},"aioseo_meta_data":{"post_id":"77236","title":null,"description":null,"keywords":null,"keyphrases":null,"primary_term":null,"canonical_url":null,"og_title":null,"og_description":null,"og_object_type":"default","og_image_type":"default","og_image_url":null,"og_image_width":null,"og_image_height":null,"og_image_custom_url":null,"og_image_custom_fields":null,"og_video":null,"og_custom_url":null,"og_article_section":null,"og_article_tags":null,"twitter_use_og":false,"twitter_card":"default","twitter_image_type":"default","twitter_image_url":null,"twitter_image_custom_url":null,"twitter_image_custom_fields":null,"twitter_title":null,"twitter_description":null,"schema":{"blockGraphs":[],"customGraphs":[],"default":{"data":{"Article":[],"Course":[],"Dataset":[],"FAQPage":[],"Movie":[],"Person":[],"Product":[],"ProductReview":[],"Car":[],"Recipe":[],"Service":[],"SoftwareApplication":[],"WebPage":[]},"graphName":"","isEnabled":true},"graphs":[],"defaultGraph":"","defaultPostTypeGraph":""},"schema_type":null,"schema_type_options":null,"pillar_content":false,"robots_default":true,"robots_noindex":false,"robots_noarchive":false,"robots_nosnippet":false,"robots_nofollow":false,"robots_noimageindex":false,"robots_noodp":false,"robots_notranslate":false,"robots_max_snippet":null,"robots_max_videopreview":null,"robots_max_imagepreview":"large","priority":null,"frequency":null,"location":null,"local_seo":null,"seo_analyzer_scan_date":"2025-09-27 14:25:23","breadcrumb_settings":null,"limit_modified_date":false,"open_ai":null,"ai":null,"created":"2021-03-08 18:17:29","updated":"2025-09-27 14:25:23"},"aioseo_breadcrumb":"<div class=\"aioseo-breadcrumbs\"><span class=\"aioseo-breadcrumb\">\n\t<a href=\"https:\/\/eldigitaldeasturias.com\/magazine365\" title=\"Home\">Home<\/a>\n<\/span><span class=\"aioseo-breadcrumb-separator\">\u2013<\/span><span class=\"aioseo-breadcrumb\">\n\t<a href=\"https:\/\/eldigitaldeasturias.com\/magazine365\/category\/noticias-actualidad\/\" title=\"Noticias y Actualidad\">Noticias y Actualidad<\/a>\n<\/span><span class=\"aioseo-breadcrumb-separator\">\u2013<\/span><span class=\"aioseo-breadcrumb\">\n\t<a href=\"https:\/\/eldigitaldeasturias.com\/magazine365\/crece-un-46-el-trafico-aereo-mundial-de-pasajeros\/\" title=\"Crece un 4,6% el tr\u00e1fico a\u00e9reo mundial de pasajeros\">Crece un 4,6% el tr\u00e1fico a\u00e9reo mundial de pasajeros<\/a>\n<\/span><\/div>","aioseo_breadcrumb_json":[{"label":"Home","link":"https:\/\/eldigitaldeasturias.com\/magazine365"},{"label":"Noticias y Actualidad","link":"https:\/\/eldigitaldeasturias.com\/magazine365\/category\/noticias-actualidad\/"},{"label":"Crece un 4,6% el tr\u00e1fico a\u00e9reo mundial de pasajeros","link":"https:\/\/eldigitaldeasturias.com\/magazine365\/crece-un-46-el-trafico-aereo-mundial-de-pasajeros\/"}],"_links":{"self":[{"href":"https:\/\/eldigitaldeasturias.com\/magazine365\/wp-json\/wp\/v2\/posts\/77236","targetHints":{"allow":["GET"]}}],"collection":[{"href":"https:\/\/eldigitaldeasturias.com\/magazine365\/wp-json\/wp\/v2\/posts"}],"about":[{"href":"https:\/\/eldigitaldeasturias.com\/magazine365\/wp-json\/wp\/v2\/types\/post"}],"author":[{"embeddable":true,"href":"https:\/\/eldigitaldeasturias.com\/magazine365\/wp-json\/wp\/v2\/users\/1"}],"replies":[{"embeddable":true,"href":"https:\/\/eldigitaldeasturias.com\/magazine365\/wp-json\/wp\/v2\/comments?post=77236"}],"version-history":[{"count":0,"href":"https:\/\/eldigitaldeasturias.com\/magazine365\/wp-json\/wp\/v2\/posts\/77236\/revisions"}],"wp:featuredmedia":[{"embeddable":true,"href":"https:\/\/eldigitaldeasturias.com\/magazine365\/wp-json\/wp\/v2\/media\/77237"}],"wp:attachment":[{"href":"https:\/\/eldigitaldeasturias.com\/magazine365\/wp-json\/wp\/v2\/media?parent=77236"}],"wp:term":[{"taxonomy":"category","embeddable":true,"href":"https:\/\/eldigitaldeasturias.com\/magazine365\/wp-json\/wp\/v2\/categories?post=77236"},{"taxonomy":"post_tag","embeddable":true,"href":"https:\/\/eldigitaldeasturias.com\/magazine365\/wp-json\/wp\/v2\/tags?post=77236"}],"curies":[{"name":"wp","href":"https:\/\/api.w.org\/{rel}","templated":true}]}}