{"id":77215,"date":"2016-06-02T04:52:33","date_gmt":"2016-06-02T02:52:33","guid":{"rendered":"http:\/\/eldigitaldeasturias.com\/magazine365\/?p=77215"},"modified":"2016-06-02T04:52:33","modified_gmt":"2016-06-02T02:52:33","slug":"los-profesionales-del-sector-turistico-centraran-la-estrategia-de-la-axarquia-en-euroal","status":"publish","type":"post","link":"https:\/\/eldigitaldeasturias.com\/magazine365\/los-profesionales-del-sector-turistico-centraran-la-estrategia-de-la-axarquia-en-euroal\/","title":{"rendered":"Los profesionales del sector tur\u00edstico centrar\u00e1n la estrategia de la Axarqu\u00eda en Euroal"},"content":{"rendered":"<p><img fetchpriority=\"high\" decoding=\"async\" class=\"alignleft size-medium wp-image-77216\" src=\"https:\/\/eldigitaldeasturias.com\/magazine365\/wp-content\/uploads\/2016\/06\/fotonoticia_20160530165541_800-360x240.jpg\" alt=\"fotonoticia_20160530165541_800\" width=\"360\" height=\"240\" srcset=\"https:\/\/eldigitaldeasturias.com\/magazine365\/wp-content\/uploads\/2016\/06\/fotonoticia_20160530165541_800-360x240.jpg 360w, https:\/\/eldigitaldeasturias.com\/magazine365\/wp-content\/uploads\/2016\/06\/fotonoticia_20160530165541_800-650x433.jpg 650w, https:\/\/eldigitaldeasturias.com\/magazine365\/wp-content\/uploads\/2016\/06\/fotonoticia_20160530165541_800-768x512.jpg 768w, https:\/\/eldigitaldeasturias.com\/magazine365\/wp-content\/uploads\/2016\/06\/fotonoticia_20160530165541_800-150x100.jpg 150w, https:\/\/eldigitaldeasturias.com\/magazine365\/wp-content\/uploads\/2016\/06\/fotonoticia_20160530165541_800-450x300.jpg 450w, https:\/\/eldigitaldeasturias.com\/magazine365\/wp-content\/uploads\/2016\/06\/fotonoticia_20160530165541_800-101x66.jpg 101w, https:\/\/eldigitaldeasturias.com\/magazine365\/wp-content\/uploads\/2016\/06\/fotonoticia_20160530165541_800.jpg 800w\" sizes=\"(max-width: 360px) 100vw, 360px\" \/>La Axarqu\u00eda acudir\u00e1 a la Feria de Turismo Internacional Euroal 2016, que tendr\u00e1 lugar en Torremolinos (M\u00e1laga) entre el 2 y el 4 de junio, con una estrategia centrada en los profesionales del sector.<\/p>\n<p>Para ello, la Mancomunidad de Municipios de la Costa del Sol Axarqu\u00eda, la Asociaci\u00f3n para la Promoci\u00f3n Tur\u00edstica (APTA) y el Centro de Desarrollo Rural (Ceder) de la zona contar\u00e1n con un estand con material divulgativo aunque centrar\u00e1n sus esfuerzos en atender citas en el &#8216;workshop&#8217;.<\/p>\n<p>El vocal de Turismo del ente mancomunado, Juan Pe\u00f1as, ha explicado que esta acci\u00f3n espec\u00edfica se debe a que \u00abhay que aprovechar la presencia de agentes nacionales e internacionales para contarles a trav\u00e9s de una acci\u00f3n directa que ofrece la Axarqu\u00eda\u00bb.<\/p>\n<p>As\u00ed, ha precisado, el viernes 3 de junio entregar\u00e1n en las diferentes mesas de trabajo productos aut\u00f3ctonos, como aceite de oliva, pasas o miel.<\/p>\n<p>De la misma forma, a la informaci\u00f3n de cada uno de los pueblos de la comarca, a\u00f1adir\u00e1n el folleto promocional que este a\u00f1o han realizado los tres organismos para dar a conocer todos los recursos tur\u00edsticos que tiene la Axarqu\u00eda.<\/p>\n<p>El presidente de la Mancomunidad de Municipios de la Costa del Sol Axarqu\u00eda, Gregorio Campos, ha anunciado que, adem\u00e1s, un grupo de profesionales espa\u00f1oles y extranjeros se desplazar\u00e1n el s\u00e1bado 4 a Nerja (M\u00e1laga) para conocerla y ver las posibilidades que ofrecen a sus visitantes.<\/p>\n<p>\u00abCada vez suena con mayor fuerza la Axarqu\u00eda como destino tur\u00edstico pero no hay duda que la mejor forma de conocer sus atractivos es descubrirla in situ\u00bb, ha detallado Campos, que ha explicado que la elecci\u00f3n de Nerja se debe a una propuesta de la Consejer\u00eda de Turismo, Comercio y Deportes y del Consistorio &#8211;entes organizadores&#8211;.<\/p>\n<p>CONGRESO EUROPEO DE TURISMO RURAL<\/p>\n<p>Por otra parte, desde este martes hasta el mi\u00e9rcoles, 1 de junio, se celebrar\u00e1 el tercer Congreso Europeo de Turismo Rural en la provincia de Granada. En esta ocasi\u00f3n, ser\u00e1 APTA quien represente a la Axarqu\u00eda.<\/p>\n<p>Seg\u00fan ha explicado la gerente de la asociaci\u00f3n, Elisa P\u00e1ez, la cita reunir\u00e1 a \u00abimportantes profesionales nacionales e internacionales del sector tur\u00edstico\u00bb.<\/p>\n<p>Ella misma participar\u00e1 en la ponencia &#8216;Claves en la colaboraci\u00f3n p\u00fablico-privada&#8217; y, adem\u00e1s de estar en las mesas de trabajo, se presentar\u00e1 una propuesta a la candidatura a los premios escapadadural.com.<\/p>\n<p>En el espacio espec\u00edfico con el que contar\u00e1 la Axarqu\u00eda, se ofrecer\u00e1 material gen\u00e9rico, haciendo especial hincapi\u00e9 en los senderos naturales, e informaci\u00f3n de los establecimientos tur\u00edsticos de la comarca.<\/p>\n","protected":false},"excerpt":{"rendered":"<p>La Axarqu\u00eda acudir\u00e1 a la Feria de Turismo Internacional Euroal 2016, que tendr\u00e1 lugar en Torremolinos (M\u00e1laga) entre el 2 y el 4 de junio, con una estrategia centrada en los profesionales del sector. Para ello, la Mancomunidad de Municipios de la Costa del Sol Axarqu\u00eda, la Asociaci\u00f3n para la Promoci\u00f3n Tur\u00edstica (APTA) y el<\/p>\n","protected":false},"author":1,"featured_media":77216,"comment_status":"open","ping_status":"closed","sticky":false,"template":"","format":"standard","meta":{"footnotes":""},"categories":[224],"tags":[],"class_list":{"0":"post-77215","1":"post","2":"type-post","3":"status-publish","4":"format-standard","5":"has-post-thumbnail","7":"category-noticias-actualidad"},"aioseo_notices":[],"aioseo_head":"\n\t\t<!-- All in One SEO Pro 4.9.6.1 - aioseo.com -->\n\t<meta name=\"description\" content=\"La Axarqu\u00eda acudir\u00e1 a la Feria de Turismo Internacional Euroal 2016, que tendr\u00e1 lugar en Torremolinos (M\u00e1laga) entre el 2 y el 4 de junio, con una estrategia centrada en los profesionales del sector. Para ello, la Mancomunidad de Municipios de la Costa del Sol Axarqu\u00eda, la Asociaci\u00f3n para la Promoci\u00f3n Tur\u00edstica (APTA) y el\" \/>\n\t<meta name=\"robots\" content=\"max-image-preview:large\" \/>\n\t<meta name=\"author\" content=\"admin\"\/>\n\t<meta name=\"google-site-verification\" content=\"UA-38556648-1\" \/>\n\t<meta name=\"keywords\" content=\"noticias y actualidad\" \/>\n\t<link rel=\"canonical\" href=\"https:\/\/eldigitaldeasturias.com\/magazine365\/los-profesionales-del-sector-turistico-centraran-la-estrategia-de-la-axarquia-en-euroal\/\" \/>\n\t<meta name=\"generator\" content=\"All in One SEO Pro (AIOSEO) 4.9.6.1\" \/>\n\t\t<meta property=\"og:locale\" content=\"es_ES\" \/>\n\t\t<meta property=\"og:site_name\" content=\"El Digital de Asturias \u2013 Revista de ocio, turismo y estilo de vida\" \/>\n\t\t<meta property=\"og:type\" content=\"article\" \/>\n\t\t<meta property=\"og:title\" content=\"Los profesionales del sector tur\u00edstico centrar\u00e1n la estrategia de la Axarqu\u00eda en Euroal | El Digital de Asturias\" \/>\n\t\t<meta property=\"og:description\" content=\"La Axarqu\u00eda acudir\u00e1 a la Feria de Turismo Internacional Euroal 2016, que tendr\u00e1 lugar en Torremolinos (M\u00e1laga) entre el 2 y el 4 de junio, con una estrategia centrada en los profesionales del sector. Para ello, la Mancomunidad de Municipios de la Costa del Sol Axarqu\u00eda, la Asociaci\u00f3n para la Promoci\u00f3n Tur\u00edstica (APTA) y el\" \/>\n\t\t<meta property=\"og:url\" content=\"https:\/\/eldigitaldeasturias.com\/magazine365\/los-profesionales-del-sector-turistico-centraran-la-estrategia-de-la-axarquia-en-euroal\/\" \/>\n\t\t<meta property=\"og:image\" content=\"https:\/\/eldigitaldeasturias.com\/magazine365\/wp-content\/uploads\/2016\/06\/fotonoticia_20160530165541_800.jpg\" \/>\n\t\t<meta property=\"og:image:secure_url\" content=\"https:\/\/eldigitaldeasturias.com\/magazine365\/wp-content\/uploads\/2016\/06\/fotonoticia_20160530165541_800.jpg\" \/>\n\t\t<meta property=\"og:image:width\" content=\"800\" \/>\n\t\t<meta property=\"og:image:height\" content=\"533\" \/>\n\t\t<meta property=\"article:published_time\" content=\"2016-06-02T02:52:33+00:00\" \/>\n\t\t<meta property=\"article:modified_time\" content=\"2016-06-02T02:52:33+00:00\" \/>\n\t\t<meta name=\"twitter:card\" content=\"summary_large_image\" \/>\n\t\t<meta name=\"twitter:title\" content=\"Los profesionales del sector tur\u00edstico centrar\u00e1n la estrategia de la Axarqu\u00eda en Euroal | El Digital de Asturias\" \/>\n\t\t<meta name=\"twitter:description\" content=\"La Axarqu\u00eda acudir\u00e1 a la Feria de Turismo Internacional Euroal 2016, que tendr\u00e1 lugar en Torremolinos (M\u00e1laga) entre el 2 y el 4 de junio, con una estrategia centrada en los profesionales del sector. Para ello, la Mancomunidad de Municipios de la Costa del Sol Axarqu\u00eda, la Asociaci\u00f3n para la Promoci\u00f3n Tur\u00edstica (APTA) y el\" \/>\n\t\t<meta name=\"twitter:image\" content=\"https:\/\/eldigitaldeasturias.com\/magazine365\/wp-content\/uploads\/2016\/06\/fotonoticia_20160530165541_800.jpg\" \/>\n\t\t<script type=\"application\/ld+json\" class=\"aioseo-schema\">\n\t\t\t{\"@context\":\"https:\\\/\\\/schema.org\",\"@graph\":[{\"@type\":\"Article\",\"@id\":\"https:\\\/\\\/eldigitaldeasturias.com\\\/magazine365\\\/los-profesionales-del-sector-turistico-centraran-la-estrategia-de-la-axarquia-en-euroal\\\/#article\",\"name\":\"Los profesionales del sector tur\\u00edstico centrar\\u00e1n la estrategia de la Axarqu\\u00eda en Euroal | El Digital de Asturias\",\"headline\":\"Los profesionales del sector tur\\u00edstico centrar\\u00e1n la estrategia de la Axarqu\\u00eda en Euroal\",\"author\":{\"@id\":\"https:\\\/\\\/eldigitaldeasturias.com\\\/magazine365\\\/author\\\/admin\\\/#author\"},\"publisher\":{\"@id\":\"https:\\\/\\\/eldigitaldeasturias.com\\\/magazine365\\\/#organization\"},\"image\":{\"@type\":\"ImageObject\",\"url\":\"https:\\\/\\\/eldigitaldeasturias.com\\\/magazine365\\\/wp-content\\\/uploads\\\/2016\\\/06\\\/fotonoticia_20160530165541_800.jpg\",\"width\":800,\"height\":533},\"datePublished\":\"2016-06-02T04:52:33+02:00\",\"dateModified\":\"2016-06-02T04:52:33+02:00\",\"inLanguage\":\"es-ES\",\"mainEntityOfPage\":{\"@id\":\"https:\\\/\\\/eldigitaldeasturias.com\\\/magazine365\\\/los-profesionales-del-sector-turistico-centraran-la-estrategia-de-la-axarquia-en-euroal\\\/#webpage\"},\"isPartOf\":{\"@id\":\"https:\\\/\\\/eldigitaldeasturias.com\\\/magazine365\\\/los-profesionales-del-sector-turistico-centraran-la-estrategia-de-la-axarquia-en-euroal\\\/#webpage\"},\"articleSection\":\"Noticias y Actualidad\"},{\"@type\":\"BreadcrumbList\",\"@id\":\"https:\\\/\\\/eldigitaldeasturias.com\\\/magazine365\\\/los-profesionales-del-sector-turistico-centraran-la-estrategia-de-la-axarquia-en-euroal\\\/#breadcrumblist\",\"itemListElement\":[{\"@type\":\"ListItem\",\"@id\":\"https:\\\/\\\/eldigitaldeasturias.com\\\/magazine365#listItem\",\"position\":1,\"name\":\"Home\",\"item\":\"https:\\\/\\\/eldigitaldeasturias.com\\\/magazine365\",\"nextItem\":{\"@type\":\"ListItem\",\"@id\":\"https:\\\/\\\/eldigitaldeasturias.com\\\/magazine365\\\/category\\\/noticias-actualidad\\\/#listItem\",\"name\":\"Noticias y Actualidad\"}},{\"@type\":\"ListItem\",\"@id\":\"https:\\\/\\\/eldigitaldeasturias.com\\\/magazine365\\\/category\\\/noticias-actualidad\\\/#listItem\",\"position\":2,\"name\":\"Noticias y Actualidad\",\"item\":\"https:\\\/\\\/eldigitaldeasturias.com\\\/magazine365\\\/category\\\/noticias-actualidad\\\/\",\"nextItem\":{\"@type\":\"ListItem\",\"@id\":\"https:\\\/\\\/eldigitaldeasturias.com\\\/magazine365\\\/los-profesionales-del-sector-turistico-centraran-la-estrategia-de-la-axarquia-en-euroal\\\/#listItem\",\"name\":\"Los profesionales del sector tur\\u00edstico centrar\\u00e1n la estrategia de la Axarqu\\u00eda en Euroal\"},\"previousItem\":{\"@type\":\"ListItem\",\"@id\":\"https:\\\/\\\/eldigitaldeasturias.com\\\/magazine365#listItem\",\"name\":\"Home\"}},{\"@type\":\"ListItem\",\"@id\":\"https:\\\/\\\/eldigitaldeasturias.com\\\/magazine365\\\/los-profesionales-del-sector-turistico-centraran-la-estrategia-de-la-axarquia-en-euroal\\\/#listItem\",\"position\":3,\"name\":\"Los profesionales del sector tur\\u00edstico centrar\\u00e1n la estrategia de la Axarqu\\u00eda en Euroal\",\"previousItem\":{\"@type\":\"ListItem\",\"@id\":\"https:\\\/\\\/eldigitaldeasturias.com\\\/magazine365\\\/category\\\/noticias-actualidad\\\/#listItem\",\"name\":\"Noticias y Actualidad\"}}]},{\"@type\":\"Organization\",\"@id\":\"https:\\\/\\\/eldigitaldeasturias.com\\\/magazine365\\\/#organization\",\"name\":\"El digital de Asturias\",\"description\":\"Revista de ocio, turismo y estilo de vida\",\"url\":\"https:\\\/\\\/eldigitaldeasturias.com\\\/magazine365\\\/\",\"logo\":{\"@type\":\"ImageObject\",\"url\":\"https:\\\/\\\/www.eldigitaldeasturias.com\\\/noticias\\\/wp-content\\\/uploads\\\/2020\\\/12\\\/EDA.jpg\",\"@id\":\"https:\\\/\\\/eldigitaldeasturias.com\\\/magazine365\\\/los-profesionales-del-sector-turistico-centraran-la-estrategia-de-la-axarquia-en-euroal\\\/#organizationLogo\"},\"image\":{\"@id\":\"https:\\\/\\\/eldigitaldeasturias.com\\\/magazine365\\\/los-profesionales-del-sector-turistico-centraran-la-estrategia-de-la-axarquia-en-euroal\\\/#organizationLogo\"}},{\"@type\":\"Person\",\"@id\":\"https:\\\/\\\/eldigitaldeasturias.com\\\/magazine365\\\/author\\\/admin\\\/#author\",\"url\":\"https:\\\/\\\/eldigitaldeasturias.com\\\/magazine365\\\/author\\\/admin\\\/\",\"name\":\"admin\",\"image\":{\"@type\":\"ImageObject\",\"@id\":\"https:\\\/\\\/eldigitaldeasturias.com\\\/magazine365\\\/los-profesionales-del-sector-turistico-centraran-la-estrategia-de-la-axarquia-en-euroal\\\/#authorImage\",\"url\":\"https:\\\/\\\/eldigitaldeasturias.com\\\/magazine365\\\/wp-content\\\/litespeed\\\/avatar\\\/e571bcf59a0edd6fa6838245a470f2fe.jpg?ver=1777574230\",\"width\":96,\"height\":96,\"caption\":\"admin\"}},{\"@type\":\"WebPage\",\"@id\":\"https:\\\/\\\/eldigitaldeasturias.com\\\/magazine365\\\/los-profesionales-del-sector-turistico-centraran-la-estrategia-de-la-axarquia-en-euroal\\\/#webpage\",\"url\":\"https:\\\/\\\/eldigitaldeasturias.com\\\/magazine365\\\/los-profesionales-del-sector-turistico-centraran-la-estrategia-de-la-axarquia-en-euroal\\\/\",\"name\":\"Los profesionales del sector tur\\u00edstico centrar\\u00e1n la estrategia de la Axarqu\\u00eda en Euroal | El Digital de Asturias\",\"description\":\"La Axarqu\\u00eda acudir\\u00e1 a la Feria de Turismo Internacional Euroal 2016, que tendr\\u00e1 lugar en Torremolinos (M\\u00e1laga) entre el 2 y el 4 de junio, con una estrategia centrada en los profesionales del sector. Para ello, la Mancomunidad de Municipios de la Costa del Sol Axarqu\\u00eda, la Asociaci\\u00f3n para la Promoci\\u00f3n Tur\\u00edstica (APTA) y el\",\"inLanguage\":\"es-ES\",\"isPartOf\":{\"@id\":\"https:\\\/\\\/eldigitaldeasturias.com\\\/magazine365\\\/#website\"},\"breadcrumb\":{\"@id\":\"https:\\\/\\\/eldigitaldeasturias.com\\\/magazine365\\\/los-profesionales-del-sector-turistico-centraran-la-estrategia-de-la-axarquia-en-euroal\\\/#breadcrumblist\"},\"author\":{\"@id\":\"https:\\\/\\\/eldigitaldeasturias.com\\\/magazine365\\\/author\\\/admin\\\/#author\"},\"creator\":{\"@id\":\"https:\\\/\\\/eldigitaldeasturias.com\\\/magazine365\\\/author\\\/admin\\\/#author\"},\"image\":{\"@type\":\"ImageObject\",\"url\":\"https:\\\/\\\/eldigitaldeasturias.com\\\/magazine365\\\/wp-content\\\/uploads\\\/2016\\\/06\\\/fotonoticia_20160530165541_800.jpg\",\"@id\":\"https:\\\/\\\/eldigitaldeasturias.com\\\/magazine365\\\/los-profesionales-del-sector-turistico-centraran-la-estrategia-de-la-axarquia-en-euroal\\\/#mainImage\",\"width\":800,\"height\":533},\"primaryImageOfPage\":{\"@id\":\"https:\\\/\\\/eldigitaldeasturias.com\\\/magazine365\\\/los-profesionales-del-sector-turistico-centraran-la-estrategia-de-la-axarquia-en-euroal\\\/#mainImage\"},\"datePublished\":\"2016-06-02T04:52:33+02:00\",\"dateModified\":\"2016-06-02T04:52:33+02:00\"},{\"@type\":\"WebSite\",\"@id\":\"https:\\\/\\\/eldigitaldeasturias.com\\\/magazine365\\\/#website\",\"url\":\"https:\\\/\\\/eldigitaldeasturias.com\\\/magazine365\\\/\",\"name\":\"El Digital de Asturias\",\"description\":\"Revista de ocio, turismo y estilo de vida\",\"inLanguage\":\"es-ES\",\"publisher\":{\"@id\":\"https:\\\/\\\/eldigitaldeasturias.com\\\/magazine365\\\/#organization\"}}]}\n\t\t<\/script>\n\t\t<!-- All in One SEO Pro -->\r\n\t\t<title>Los profesionales del sector tur\u00edstico centrar\u00e1n la estrategia de la Axarqu\u00eda en Euroal | El Digital de Asturias<\/title>\n\n","aioseo_head_json":{"title":"Los profesionales del sector tur\u00edstico centrar\u00e1n la estrategia de la Axarqu\u00eda en Euroal | El Digital de Asturias","description":"La Axarqu\u00eda acudir\u00e1 a la Feria de Turismo Internacional Euroal 2016, que tendr\u00e1 lugar en Torremolinos (M\u00e1laga) entre el 2 y el 4 de junio, con una estrategia centrada en los profesionales del sector. Para ello, la Mancomunidad de Municipios de la Costa del Sol Axarqu\u00eda, la Asociaci\u00f3n para la Promoci\u00f3n Tur\u00edstica (APTA) y el","canonical_url":"https:\/\/eldigitaldeasturias.com\/magazine365\/los-profesionales-del-sector-turistico-centraran-la-estrategia-de-la-axarquia-en-euroal\/","robots":"max-image-preview:large","keywords":"noticias y actualidad","webmasterTools":{"google-site-verification":"UA-38556648-1","miscellaneous":""},"schema":{"@context":"https:\/\/schema.org","@graph":[{"@type":"Article","@id":"https:\/\/eldigitaldeasturias.com\/magazine365\/los-profesionales-del-sector-turistico-centraran-la-estrategia-de-la-axarquia-en-euroal\/#article","name":"Los profesionales del sector tur\u00edstico centrar\u00e1n la estrategia de la Axarqu\u00eda en Euroal | El Digital de Asturias","headline":"Los profesionales del sector tur\u00edstico centrar\u00e1n la estrategia de la Axarqu\u00eda en Euroal","author":{"@id":"https:\/\/eldigitaldeasturias.com\/magazine365\/author\/admin\/#author"},"publisher":{"@id":"https:\/\/eldigitaldeasturias.com\/magazine365\/#organization"},"image":{"@type":"ImageObject","url":"https:\/\/eldigitaldeasturias.com\/magazine365\/wp-content\/uploads\/2016\/06\/fotonoticia_20160530165541_800.jpg","width":800,"height":533},"datePublished":"2016-06-02T04:52:33+02:00","dateModified":"2016-06-02T04:52:33+02:00","inLanguage":"es-ES","mainEntityOfPage":{"@id":"https:\/\/eldigitaldeasturias.com\/magazine365\/los-profesionales-del-sector-turistico-centraran-la-estrategia-de-la-axarquia-en-euroal\/#webpage"},"isPartOf":{"@id":"https:\/\/eldigitaldeasturias.com\/magazine365\/los-profesionales-del-sector-turistico-centraran-la-estrategia-de-la-axarquia-en-euroal\/#webpage"},"articleSection":"Noticias y Actualidad"},{"@type":"BreadcrumbList","@id":"https:\/\/eldigitaldeasturias.com\/magazine365\/los-profesionales-del-sector-turistico-centraran-la-estrategia-de-la-axarquia-en-euroal\/#breadcrumblist","itemListElement":[{"@type":"ListItem","@id":"https:\/\/eldigitaldeasturias.com\/magazine365#listItem","position":1,"name":"Home","item":"https:\/\/eldigitaldeasturias.com\/magazine365","nextItem":{"@type":"ListItem","@id":"https:\/\/eldigitaldeasturias.com\/magazine365\/category\/noticias-actualidad\/#listItem","name":"Noticias y Actualidad"}},{"@type":"ListItem","@id":"https:\/\/eldigitaldeasturias.com\/magazine365\/category\/noticias-actualidad\/#listItem","position":2,"name":"Noticias y Actualidad","item":"https:\/\/eldigitaldeasturias.com\/magazine365\/category\/noticias-actualidad\/","nextItem":{"@type":"ListItem","@id":"https:\/\/eldigitaldeasturias.com\/magazine365\/los-profesionales-del-sector-turistico-centraran-la-estrategia-de-la-axarquia-en-euroal\/#listItem","name":"Los profesionales del sector tur\u00edstico centrar\u00e1n la estrategia de la Axarqu\u00eda en Euroal"},"previousItem":{"@type":"ListItem","@id":"https:\/\/eldigitaldeasturias.com\/magazine365#listItem","name":"Home"}},{"@type":"ListItem","@id":"https:\/\/eldigitaldeasturias.com\/magazine365\/los-profesionales-del-sector-turistico-centraran-la-estrategia-de-la-axarquia-en-euroal\/#listItem","position":3,"name":"Los profesionales del sector tur\u00edstico centrar\u00e1n la estrategia de la Axarqu\u00eda en Euroal","previousItem":{"@type":"ListItem","@id":"https:\/\/eldigitaldeasturias.com\/magazine365\/category\/noticias-actualidad\/#listItem","name":"Noticias y Actualidad"}}]},{"@type":"Organization","@id":"https:\/\/eldigitaldeasturias.com\/magazine365\/#organization","name":"El digital de Asturias","description":"Revista de ocio, turismo y estilo de vida","url":"https:\/\/eldigitaldeasturias.com\/magazine365\/","logo":{"@type":"ImageObject","url":"https:\/\/www.eldigitaldeasturias.com\/noticias\/wp-content\/uploads\/2020\/12\/EDA.jpg","@id":"https:\/\/eldigitaldeasturias.com\/magazine365\/los-profesionales-del-sector-turistico-centraran-la-estrategia-de-la-axarquia-en-euroal\/#organizationLogo"},"image":{"@id":"https:\/\/eldigitaldeasturias.com\/magazine365\/los-profesionales-del-sector-turistico-centraran-la-estrategia-de-la-axarquia-en-euroal\/#organizationLogo"}},{"@type":"Person","@id":"https:\/\/eldigitaldeasturias.com\/magazine365\/author\/admin\/#author","url":"https:\/\/eldigitaldeasturias.com\/magazine365\/author\/admin\/","name":"admin","image":{"@type":"ImageObject","@id":"https:\/\/eldigitaldeasturias.com\/magazine365\/los-profesionales-del-sector-turistico-centraran-la-estrategia-de-la-axarquia-en-euroal\/#authorImage","url":"https:\/\/eldigitaldeasturias.com\/magazine365\/wp-content\/litespeed\/avatar\/e571bcf59a0edd6fa6838245a470f2fe.jpg?ver=1777574230","width":96,"height":96,"caption":"admin"}},{"@type":"WebPage","@id":"https:\/\/eldigitaldeasturias.com\/magazine365\/los-profesionales-del-sector-turistico-centraran-la-estrategia-de-la-axarquia-en-euroal\/#webpage","url":"https:\/\/eldigitaldeasturias.com\/magazine365\/los-profesionales-del-sector-turistico-centraran-la-estrategia-de-la-axarquia-en-euroal\/","name":"Los profesionales del sector tur\u00edstico centrar\u00e1n la estrategia de la Axarqu\u00eda en Euroal | El Digital de Asturias","description":"La Axarqu\u00eda acudir\u00e1 a la Feria de Turismo Internacional Euroal 2016, que tendr\u00e1 lugar en Torremolinos (M\u00e1laga) entre el 2 y el 4 de junio, con una estrategia centrada en los profesionales del sector. Para ello, la Mancomunidad de Municipios de la Costa del Sol Axarqu\u00eda, la Asociaci\u00f3n para la Promoci\u00f3n Tur\u00edstica (APTA) y el","inLanguage":"es-ES","isPartOf":{"@id":"https:\/\/eldigitaldeasturias.com\/magazine365\/#website"},"breadcrumb":{"@id":"https:\/\/eldigitaldeasturias.com\/magazine365\/los-profesionales-del-sector-turistico-centraran-la-estrategia-de-la-axarquia-en-euroal\/#breadcrumblist"},"author":{"@id":"https:\/\/eldigitaldeasturias.com\/magazine365\/author\/admin\/#author"},"creator":{"@id":"https:\/\/eldigitaldeasturias.com\/magazine365\/author\/admin\/#author"},"image":{"@type":"ImageObject","url":"https:\/\/eldigitaldeasturias.com\/magazine365\/wp-content\/uploads\/2016\/06\/fotonoticia_20160530165541_800.jpg","@id":"https:\/\/eldigitaldeasturias.com\/magazine365\/los-profesionales-del-sector-turistico-centraran-la-estrategia-de-la-axarquia-en-euroal\/#mainImage","width":800,"height":533},"primaryImageOfPage":{"@id":"https:\/\/eldigitaldeasturias.com\/magazine365\/los-profesionales-del-sector-turistico-centraran-la-estrategia-de-la-axarquia-en-euroal\/#mainImage"},"datePublished":"2016-06-02T04:52:33+02:00","dateModified":"2016-06-02T04:52:33+02:00"},{"@type":"WebSite","@id":"https:\/\/eldigitaldeasturias.com\/magazine365\/#website","url":"https:\/\/eldigitaldeasturias.com\/magazine365\/","name":"El Digital de Asturias","description":"Revista de ocio, turismo y estilo de vida","inLanguage":"es-ES","publisher":{"@id":"https:\/\/eldigitaldeasturias.com\/magazine365\/#organization"}}]},"og:locale":"es_ES","og:site_name":"El Digital de Asturias \u2013 Revista de ocio, turismo y estilo de vida","og:type":"article","og:title":"Los profesionales del sector tur\u00edstico centrar\u00e1n la estrategia de la Axarqu\u00eda en Euroal | El Digital de Asturias","og:description":"La Axarqu\u00eda acudir\u00e1 a la Feria de Turismo Internacional Euroal 2016, que tendr\u00e1 lugar en Torremolinos (M\u00e1laga) entre el 2 y el 4 de junio, con una estrategia centrada en los profesionales del sector. Para ello, la Mancomunidad de Municipios de la Costa del Sol Axarqu\u00eda, la Asociaci\u00f3n para la Promoci\u00f3n Tur\u00edstica (APTA) y el","og:url":"https:\/\/eldigitaldeasturias.com\/magazine365\/los-profesionales-del-sector-turistico-centraran-la-estrategia-de-la-axarquia-en-euroal\/","og:image":"https:\/\/eldigitaldeasturias.com\/magazine365\/wp-content\/uploads\/2016\/06\/fotonoticia_20160530165541_800.jpg","og:image:secure_url":"https:\/\/eldigitaldeasturias.com\/magazine365\/wp-content\/uploads\/2016\/06\/fotonoticia_20160530165541_800.jpg","og:image:width":800,"og:image:height":533,"article:published_time":"2016-06-02T02:52:33+00:00","article:modified_time":"2016-06-02T02:52:33+00:00","twitter:card":"summary_large_image","twitter:title":"Los profesionales del sector tur\u00edstico centrar\u00e1n la estrategia de la Axarqu\u00eda en Euroal | El Digital de Asturias","twitter:description":"La Axarqu\u00eda acudir\u00e1 a la Feria de Turismo Internacional Euroal 2016, que tendr\u00e1 lugar en Torremolinos (M\u00e1laga) entre el 2 y el 4 de junio, con una estrategia centrada en los profesionales del sector. Para ello, la Mancomunidad de Municipios de la Costa del Sol Axarqu\u00eda, la Asociaci\u00f3n para la Promoci\u00f3n Tur\u00edstica (APTA) y el","twitter:image":"https:\/\/eldigitaldeasturias.com\/magazine365\/wp-content\/uploads\/2016\/06\/fotonoticia_20160530165541_800.jpg"},"aioseo_meta_data":{"post_id":"77215","title":null,"description":null,"keywords":null,"keyphrases":null,"primary_term":null,"canonical_url":null,"og_title":null,"og_description":null,"og_object_type":"default","og_image_type":"default","og_image_url":null,"og_image_width":null,"og_image_height":null,"og_image_custom_url":null,"og_image_custom_fields":null,"og_video":null,"og_custom_url":null,"og_article_section":null,"og_article_tags":null,"twitter_use_og":false,"twitter_card":"default","twitter_image_type":"default","twitter_image_url":null,"twitter_image_custom_url":null,"twitter_image_custom_fields":null,"twitter_title":null,"twitter_description":null,"schema":{"blockGraphs":[],"customGraphs":[],"default":{"data":{"Article":[],"Course":[],"Dataset":[],"FAQPage":[],"Movie":[],"Person":[],"Product":[],"ProductReview":[],"Car":[],"Recipe":[],"Service":[],"SoftwareApplication":[],"WebPage":[]},"graphName":"","isEnabled":true},"graphs":[],"defaultGraph":"","defaultPostTypeGraph":""},"schema_type":null,"schema_type_options":null,"pillar_content":false,"robots_default":true,"robots_noindex":false,"robots_noarchive":false,"robots_nosnippet":false,"robots_nofollow":false,"robots_noimageindex":false,"robots_noodp":false,"robots_notranslate":false,"robots_max_snippet":null,"robots_max_videopreview":null,"robots_max_imagepreview":"large","priority":null,"frequency":null,"location":null,"local_seo":null,"seo_analyzer_scan_date":"2025-09-27 14:23:31","breadcrumb_settings":null,"limit_modified_date":false,"open_ai":null,"ai":null,"created":"2021-03-08 18:18:49","updated":"2025-09-27 14:23:31"},"aioseo_breadcrumb":"<div class=\"aioseo-breadcrumbs\"><span class=\"aioseo-breadcrumb\">\n\t<a href=\"https:\/\/eldigitaldeasturias.com\/magazine365\" title=\"Home\">Home<\/a>\n<\/span><span class=\"aioseo-breadcrumb-separator\">\u2013<\/span><span class=\"aioseo-breadcrumb\">\n\t<a href=\"https:\/\/eldigitaldeasturias.com\/magazine365\/category\/noticias-actualidad\/\" title=\"Noticias y Actualidad\">Noticias y Actualidad<\/a>\n<\/span><span class=\"aioseo-breadcrumb-separator\">\u2013<\/span><span class=\"aioseo-breadcrumb\">\n\t<a href=\"https:\/\/eldigitaldeasturias.com\/magazine365\/los-profesionales-del-sector-turistico-centraran-la-estrategia-de-la-axarquia-en-euroal\/\" title=\"Los profesionales del sector tur\u00edstico centrar\u00e1n la estrategia de la Axarqu\u00eda en Euroal\">Los profesionales del sector tur\u00edstico centrar\u00e1n la estrategia de la Axarqu\u00eda en Euroal<\/a>\n<\/span><\/div>","aioseo_breadcrumb_json":[{"label":"Home","link":"https:\/\/eldigitaldeasturias.com\/magazine365"},{"label":"Noticias y Actualidad","link":"https:\/\/eldigitaldeasturias.com\/magazine365\/category\/noticias-actualidad\/"},{"label":"Los profesionales del sector tur\u00edstico centrar\u00e1n la estrategia de la Axarqu\u00eda en Euroal","link":"https:\/\/eldigitaldeasturias.com\/magazine365\/los-profesionales-del-sector-turistico-centraran-la-estrategia-de-la-axarquia-en-euroal\/"}],"_links":{"self":[{"href":"https:\/\/eldigitaldeasturias.com\/magazine365\/wp-json\/wp\/v2\/posts\/77215","targetHints":{"allow":["GET"]}}],"collection":[{"href":"https:\/\/eldigitaldeasturias.com\/magazine365\/wp-json\/wp\/v2\/posts"}],"about":[{"href":"https:\/\/eldigitaldeasturias.com\/magazine365\/wp-json\/wp\/v2\/types\/post"}],"author":[{"embeddable":true,"href":"https:\/\/eldigitaldeasturias.com\/magazine365\/wp-json\/wp\/v2\/users\/1"}],"replies":[{"embeddable":true,"href":"https:\/\/eldigitaldeasturias.com\/magazine365\/wp-json\/wp\/v2\/comments?post=77215"}],"version-history":[{"count":0,"href":"https:\/\/eldigitaldeasturias.com\/magazine365\/wp-json\/wp\/v2\/posts\/77215\/revisions"}],"wp:featuredmedia":[{"embeddable":true,"href":"https:\/\/eldigitaldeasturias.com\/magazine365\/wp-json\/wp\/v2\/media\/77216"}],"wp:attachment":[{"href":"https:\/\/eldigitaldeasturias.com\/magazine365\/wp-json\/wp\/v2\/media?parent=77215"}],"wp:term":[{"taxonomy":"category","embeddable":true,"href":"https:\/\/eldigitaldeasturias.com\/magazine365\/wp-json\/wp\/v2\/categories?post=77215"},{"taxonomy":"post_tag","embeddable":true,"href":"https:\/\/eldigitaldeasturias.com\/magazine365\/wp-json\/wp\/v2\/tags?post=77215"}],"curies":[{"name":"wp","href":"https:\/\/api.w.org\/{rel}","templated":true}]}}