{"id":77206,"date":"2016-06-01T03:08:05","date_gmt":"2016-06-01T01:08:05","guid":{"rendered":"http:\/\/eldigitaldeasturias.com\/magazine365\/?p=77206"},"modified":"2016-06-01T03:08:05","modified_gmt":"2016-06-01T01:08:05","slug":"empresarios-y-expertos-participan-desde-este-martes-en-el-iii-congreso-europeo-de-turismo-rural","status":"publish","type":"post","link":"https:\/\/eldigitaldeasturias.com\/magazine365\/empresarios-y-expertos-participan-desde-este-martes-en-el-iii-congreso-europeo-de-turismo-rural\/","title":{"rendered":"Empresarios y expertos participan desde este martes en el III Congreso Europeo de Turismo Rural"},"content":{"rendered":"<p><img fetchpriority=\"high\" decoding=\"async\" class=\"alignleft size-medium wp-image-77207\" src=\"https:\/\/eldigitaldeasturias.com\/magazine365\/wp-content\/uploads\/2016\/06\/fotonoticia_20160530165418_800-360x226.jpg\" alt=\"fotonoticia_20160530165418_800\" width=\"360\" height=\"226\" srcset=\"https:\/\/eldigitaldeasturias.com\/magazine365\/wp-content\/uploads\/2016\/06\/fotonoticia_20160530165418_800-360x226.jpg 360w, https:\/\/eldigitaldeasturias.com\/magazine365\/wp-content\/uploads\/2016\/06\/fotonoticia_20160530165418_800-650x408.jpg 650w, https:\/\/eldigitaldeasturias.com\/magazine365\/wp-content\/uploads\/2016\/06\/fotonoticia_20160530165418_800-768x482.jpg 768w, https:\/\/eldigitaldeasturias.com\/magazine365\/wp-content\/uploads\/2016\/06\/fotonoticia_20160530165418_800-150x94.jpg 150w, https:\/\/eldigitaldeasturias.com\/magazine365\/wp-content\/uploads\/2016\/06\/fotonoticia_20160530165418_800-450x282.jpg 450w, https:\/\/eldigitaldeasturias.com\/magazine365\/wp-content\/uploads\/2016\/06\/fotonoticia_20160530165418_800-269x170.jpg 269w, https:\/\/eldigitaldeasturias.com\/magazine365\/wp-content\/uploads\/2016\/06\/fotonoticia_20160530165418_800-365x230.jpg 365w, https:\/\/eldigitaldeasturias.com\/magazine365\/wp-content\/uploads\/2016\/06\/fotonoticia_20160530165418_800-160x100.jpg 160w, https:\/\/eldigitaldeasturias.com\/magazine365\/wp-content\/uploads\/2016\/06\/fotonoticia_20160530165418_800.jpg 800w\" sizes=\"(max-width: 360px) 100vw, 360px\" \/>El municipio de Villamena, en el Valle de Lecr\u00edn de Granada, acoge este martes y mi\u00e9rcoles el III Congreso Europeo de Turismo Rural (Coetur), en el que participar\u00e1n un total de doscientos empresarios y expertos del sector.<\/p>\n<p>Esta tercera edici\u00f3n, organizada por Escapadarural.com, junto con el Patronato de Turismo de Granada, tambi\u00e9n cuenta con el apoyo de la Consejer\u00eda de Turismo y Deporte de Andaluc\u00eda.<\/p>\n<p>La inauguraci\u00f3n del evento contar\u00e1 con la presencia del diputado provincial de Turismo, Jos\u00e9 Enrique Medina Ram\u00edrez, el delegado de Cultura, Turismo y Deporte, Guillermo Quero, y el alcalde de Villamena, Francisco Garc\u00eda Puga.<\/p>\n<p>Dar\u00e1n la bienvenida oficial a los profesionales de un sector que posiciona a Andaluc\u00eda entre las primeras comunidades aut\u00f3nomas, tanto a nivel de viajeros (224.346 en 2015 seg\u00fan datos INE), como de n\u00famero de alojamientos (1.517 en 2015 seg\u00fan datos INE) y cifra de empleados (2.144 EN 2015 seg\u00fan datos INE).<\/p>\n<p>Bajo el lema &#8216;El nuevo turismo rural, \u00bfc\u00f3mo me adapto?&#8217;, Coetur orientar\u00e1 a los empresarios hacia una gesti\u00f3n m\u00e1s estrat\u00e9gica de su negocio, teniendo en cuenta las exigencias del nuevo perfil de cliente. Ana Alonso, directora de comunicaci\u00f3n de Escapadarural.com, ha se\u00f1alado que \u00abel objetivo de este congreso sigue siendo compartir experiencias y generar debate, esta vez centr\u00e1ndonos en los nuevos desaf\u00edos que plantea el sector\u00bb.<\/p>\n<p>La colaboraci\u00f3n p\u00fablico-privada ser\u00e1 uno de los temas protagonistas de este foro, sentando a la mesa al director general de Turismo de Asturias, Julio Gonz\u00e1lez Zapico, junto a otros contertulios como Joantxo Llantada, coordinador de marketing Estrat\u00e9gico de la Comunitat Valenciana.<\/p>\n<p>Por otro lado, Klaus Ehrlich, secretario general de Eurogites, moderar\u00e1 la mesa redonda &#8216;C\u00f3mo atraer clientes internacionales: de la teor\u00eda a la pr\u00e1ctica&#8217;. Asimismo, Luca Bocci, marketing manager de la oficina de turismo de Noruega, expondr\u00e1 casos de \u00e9xito del pa\u00eds escandinavo en la promoci\u00f3n del territorio a trav\u00e9s de la blogosfera.<\/p>\n<p>Adem\u00e1s, los datos recogidos por el Observatorio del Turismo Rural servir\u00e1n para contextualizar cada uno de los tracks del congreso y pondr\u00e1n de relieve cuestiones como la ca\u00edda de precios en el sector durante el \u00faltimo a\u00f1o o la relaci\u00f3n del consumidor milenial con las nuevas tecnolog\u00edas.<\/p>\n<p>La pasada edici\u00f3n de Coetur, celebrada el 30 de septiembre y 1 de octubre de 2015 en la Sierra Norte de Madrid, se cerr\u00f3 con 210 asistentes y 724 personas siguieron este evento v\u00eda streaming por un canal habilitado a trav\u00e9s de Youtube.<\/p>\n<p>Coetur cuenta con su propia p\u00e1gina web: www.coetur.com, donde los interesados podr\u00e1n inscribirse para participar y conocer m\u00e1s detalles de las jornadas.<\/p>\n","protected":false},"excerpt":{"rendered":"<p>El municipio de Villamena, en el Valle de Lecr\u00edn de Granada, acoge este martes y mi\u00e9rcoles el III Congreso Europeo de Turismo Rural (Coetur), en el que participar\u00e1n un total de doscientos empresarios y expertos del sector. Esta tercera edici\u00f3n, organizada por Escapadarural.com, junto con el Patronato de Turismo de Granada, tambi\u00e9n cuenta con el<\/p>\n","protected":false},"author":1,"featured_media":77207,"comment_status":"open","ping_status":"closed","sticky":false,"template":"","format":"standard","meta":{"footnotes":""},"categories":[224],"tags":[],"class_list":{"0":"post-77206","1":"post","2":"type-post","3":"status-publish","4":"format-standard","5":"has-post-thumbnail","7":"category-noticias-actualidad"},"aioseo_notices":[],"aioseo_head":"\n\t\t<!-- All in One SEO Pro 4.9.6.1 - aioseo.com -->\n\t<meta name=\"description\" content=\"El municipio de Villamena, en el Valle de Lecr\u00edn de Granada, acoge este martes y mi\u00e9rcoles el III Congreso Europeo de Turismo Rural (Coetur), en el que participar\u00e1n un total de doscientos empresarios y expertos del sector. Esta tercera edici\u00f3n, organizada por Escapadarural.com, junto con el Patronato de Turismo de Granada, tambi\u00e9n cuenta con el\" \/>\n\t<meta name=\"robots\" content=\"max-image-preview:large\" \/>\n\t<meta name=\"author\" content=\"admin\"\/>\n\t<meta name=\"google-site-verification\" content=\"UA-38556648-1\" \/>\n\t<meta name=\"keywords\" content=\"noticias y actualidad\" \/>\n\t<link rel=\"canonical\" href=\"https:\/\/eldigitaldeasturias.com\/magazine365\/empresarios-y-expertos-participan-desde-este-martes-en-el-iii-congreso-europeo-de-turismo-rural\/\" \/>\n\t<meta name=\"generator\" content=\"All in One SEO Pro (AIOSEO) 4.9.6.1\" \/>\n\t\t<meta property=\"og:locale\" content=\"es_ES\" \/>\n\t\t<meta property=\"og:site_name\" content=\"El Digital de Asturias \u2013 Revista de ocio, turismo y estilo de vida\" \/>\n\t\t<meta property=\"og:type\" content=\"article\" \/>\n\t\t<meta property=\"og:title\" content=\"Empresarios y expertos participan desde este martes en el III Congreso Europeo de Turismo Rural | El Digital de Asturias\" \/>\n\t\t<meta property=\"og:description\" content=\"El municipio de Villamena, en el Valle de Lecr\u00edn de Granada, acoge este martes y mi\u00e9rcoles el III Congreso Europeo de Turismo Rural (Coetur), en el que participar\u00e1n un total de doscientos empresarios y expertos del sector. Esta tercera edici\u00f3n, organizada por Escapadarural.com, junto con el Patronato de Turismo de Granada, tambi\u00e9n cuenta con el\" \/>\n\t\t<meta property=\"og:url\" content=\"https:\/\/eldigitaldeasturias.com\/magazine365\/empresarios-y-expertos-participan-desde-este-martes-en-el-iii-congreso-europeo-de-turismo-rural\/\" \/>\n\t\t<meta property=\"og:image\" content=\"https:\/\/eldigitaldeasturias.com\/magazine365\/wp-content\/uploads\/2016\/06\/fotonoticia_20160530165418_800.jpg\" \/>\n\t\t<meta property=\"og:image:secure_url\" content=\"https:\/\/eldigitaldeasturias.com\/magazine365\/wp-content\/uploads\/2016\/06\/fotonoticia_20160530165418_800.jpg\" \/>\n\t\t<meta property=\"og:image:width\" content=\"800\" \/>\n\t\t<meta property=\"og:image:height\" content=\"502\" \/>\n\t\t<meta property=\"article:published_time\" content=\"2016-06-01T01:08:05+00:00\" \/>\n\t\t<meta property=\"article:modified_time\" content=\"2016-06-01T01:08:05+00:00\" \/>\n\t\t<meta name=\"twitter:card\" content=\"summary_large_image\" \/>\n\t\t<meta name=\"twitter:title\" content=\"Empresarios y expertos participan desde este martes en el III Congreso Europeo de Turismo Rural | El Digital de Asturias\" \/>\n\t\t<meta name=\"twitter:description\" content=\"El municipio de Villamena, en el Valle de Lecr\u00edn de Granada, acoge este martes y mi\u00e9rcoles el III Congreso Europeo de Turismo Rural (Coetur), en el que participar\u00e1n un total de doscientos empresarios y expertos del sector. Esta tercera edici\u00f3n, organizada por Escapadarural.com, junto con el Patronato de Turismo de Granada, tambi\u00e9n cuenta con el\" \/>\n\t\t<meta name=\"twitter:image\" content=\"https:\/\/eldigitaldeasturias.com\/magazine365\/wp-content\/uploads\/2016\/06\/fotonoticia_20160530165418_800.jpg\" \/>\n\t\t<script type=\"application\/ld+json\" class=\"aioseo-schema\">\n\t\t\t{\"@context\":\"https:\\\/\\\/schema.org\",\"@graph\":[{\"@type\":\"Article\",\"@id\":\"https:\\\/\\\/eldigitaldeasturias.com\\\/magazine365\\\/empresarios-y-expertos-participan-desde-este-martes-en-el-iii-congreso-europeo-de-turismo-rural\\\/#article\",\"name\":\"Empresarios y expertos participan desde este martes en el III Congreso Europeo de Turismo Rural | El Digital de Asturias\",\"headline\":\"Empresarios y expertos participan desde este martes en el III Congreso Europeo de Turismo Rural\",\"author\":{\"@id\":\"https:\\\/\\\/eldigitaldeasturias.com\\\/magazine365\\\/author\\\/admin\\\/#author\"},\"publisher\":{\"@id\":\"https:\\\/\\\/eldigitaldeasturias.com\\\/magazine365\\\/#organization\"},\"image\":{\"@type\":\"ImageObject\",\"url\":\"https:\\\/\\\/eldigitaldeasturias.com\\\/magazine365\\\/wp-content\\\/uploads\\\/2016\\\/06\\\/fotonoticia_20160530165418_800.jpg\",\"width\":800,\"height\":502},\"datePublished\":\"2016-06-01T03:08:05+02:00\",\"dateModified\":\"2016-06-01T03:08:05+02:00\",\"inLanguage\":\"es-ES\",\"mainEntityOfPage\":{\"@id\":\"https:\\\/\\\/eldigitaldeasturias.com\\\/magazine365\\\/empresarios-y-expertos-participan-desde-este-martes-en-el-iii-congreso-europeo-de-turismo-rural\\\/#webpage\"},\"isPartOf\":{\"@id\":\"https:\\\/\\\/eldigitaldeasturias.com\\\/magazine365\\\/empresarios-y-expertos-participan-desde-este-martes-en-el-iii-congreso-europeo-de-turismo-rural\\\/#webpage\"},\"articleSection\":\"Noticias y Actualidad\"},{\"@type\":\"BreadcrumbList\",\"@id\":\"https:\\\/\\\/eldigitaldeasturias.com\\\/magazine365\\\/empresarios-y-expertos-participan-desde-este-martes-en-el-iii-congreso-europeo-de-turismo-rural\\\/#breadcrumblist\",\"itemListElement\":[{\"@type\":\"ListItem\",\"@id\":\"https:\\\/\\\/eldigitaldeasturias.com\\\/magazine365#listItem\",\"position\":1,\"name\":\"Home\",\"item\":\"https:\\\/\\\/eldigitaldeasturias.com\\\/magazine365\",\"nextItem\":{\"@type\":\"ListItem\",\"@id\":\"https:\\\/\\\/eldigitaldeasturias.com\\\/magazine365\\\/category\\\/noticias-actualidad\\\/#listItem\",\"name\":\"Noticias y Actualidad\"}},{\"@type\":\"ListItem\",\"@id\":\"https:\\\/\\\/eldigitaldeasturias.com\\\/magazine365\\\/category\\\/noticias-actualidad\\\/#listItem\",\"position\":2,\"name\":\"Noticias y Actualidad\",\"item\":\"https:\\\/\\\/eldigitaldeasturias.com\\\/magazine365\\\/category\\\/noticias-actualidad\\\/\",\"nextItem\":{\"@type\":\"ListItem\",\"@id\":\"https:\\\/\\\/eldigitaldeasturias.com\\\/magazine365\\\/empresarios-y-expertos-participan-desde-este-martes-en-el-iii-congreso-europeo-de-turismo-rural\\\/#listItem\",\"name\":\"Empresarios y expertos participan desde este martes en el III Congreso Europeo de Turismo Rural\"},\"previousItem\":{\"@type\":\"ListItem\",\"@id\":\"https:\\\/\\\/eldigitaldeasturias.com\\\/magazine365#listItem\",\"name\":\"Home\"}},{\"@type\":\"ListItem\",\"@id\":\"https:\\\/\\\/eldigitaldeasturias.com\\\/magazine365\\\/empresarios-y-expertos-participan-desde-este-martes-en-el-iii-congreso-europeo-de-turismo-rural\\\/#listItem\",\"position\":3,\"name\":\"Empresarios y expertos participan desde este martes en el III Congreso Europeo de Turismo Rural\",\"previousItem\":{\"@type\":\"ListItem\",\"@id\":\"https:\\\/\\\/eldigitaldeasturias.com\\\/magazine365\\\/category\\\/noticias-actualidad\\\/#listItem\",\"name\":\"Noticias y Actualidad\"}}]},{\"@type\":\"Organization\",\"@id\":\"https:\\\/\\\/eldigitaldeasturias.com\\\/magazine365\\\/#organization\",\"name\":\"El digital de Asturias\",\"description\":\"Revista de ocio, turismo y estilo de vida\",\"url\":\"https:\\\/\\\/eldigitaldeasturias.com\\\/magazine365\\\/\",\"logo\":{\"@type\":\"ImageObject\",\"url\":\"https:\\\/\\\/www.eldigitaldeasturias.com\\\/noticias\\\/wp-content\\\/uploads\\\/2020\\\/12\\\/EDA.jpg\",\"@id\":\"https:\\\/\\\/eldigitaldeasturias.com\\\/magazine365\\\/empresarios-y-expertos-participan-desde-este-martes-en-el-iii-congreso-europeo-de-turismo-rural\\\/#organizationLogo\"},\"image\":{\"@id\":\"https:\\\/\\\/eldigitaldeasturias.com\\\/magazine365\\\/empresarios-y-expertos-participan-desde-este-martes-en-el-iii-congreso-europeo-de-turismo-rural\\\/#organizationLogo\"}},{\"@type\":\"Person\",\"@id\":\"https:\\\/\\\/eldigitaldeasturias.com\\\/magazine365\\\/author\\\/admin\\\/#author\",\"url\":\"https:\\\/\\\/eldigitaldeasturias.com\\\/magazine365\\\/author\\\/admin\\\/\",\"name\":\"admin\",\"image\":{\"@type\":\"ImageObject\",\"@id\":\"https:\\\/\\\/eldigitaldeasturias.com\\\/magazine365\\\/empresarios-y-expertos-participan-desde-este-martes-en-el-iii-congreso-europeo-de-turismo-rural\\\/#authorImage\",\"url\":\"https:\\\/\\\/eldigitaldeasturias.com\\\/magazine365\\\/wp-content\\\/litespeed\\\/avatar\\\/e571bcf59a0edd6fa6838245a470f2fe.jpg?ver=1777574230\",\"width\":96,\"height\":96,\"caption\":\"admin\"}},{\"@type\":\"WebPage\",\"@id\":\"https:\\\/\\\/eldigitaldeasturias.com\\\/magazine365\\\/empresarios-y-expertos-participan-desde-este-martes-en-el-iii-congreso-europeo-de-turismo-rural\\\/#webpage\",\"url\":\"https:\\\/\\\/eldigitaldeasturias.com\\\/magazine365\\\/empresarios-y-expertos-participan-desde-este-martes-en-el-iii-congreso-europeo-de-turismo-rural\\\/\",\"name\":\"Empresarios y expertos participan desde este martes en el III Congreso Europeo de Turismo Rural | El Digital de Asturias\",\"description\":\"El municipio de Villamena, en el Valle de Lecr\\u00edn de Granada, acoge este martes y mi\\u00e9rcoles el III Congreso Europeo de Turismo Rural (Coetur), en el que participar\\u00e1n un total de doscientos empresarios y expertos del sector. Esta tercera edici\\u00f3n, organizada por Escapadarural.com, junto con el Patronato de Turismo de Granada, tambi\\u00e9n cuenta con el\",\"inLanguage\":\"es-ES\",\"isPartOf\":{\"@id\":\"https:\\\/\\\/eldigitaldeasturias.com\\\/magazine365\\\/#website\"},\"breadcrumb\":{\"@id\":\"https:\\\/\\\/eldigitaldeasturias.com\\\/magazine365\\\/empresarios-y-expertos-participan-desde-este-martes-en-el-iii-congreso-europeo-de-turismo-rural\\\/#breadcrumblist\"},\"author\":{\"@id\":\"https:\\\/\\\/eldigitaldeasturias.com\\\/magazine365\\\/author\\\/admin\\\/#author\"},\"creator\":{\"@id\":\"https:\\\/\\\/eldigitaldeasturias.com\\\/magazine365\\\/author\\\/admin\\\/#author\"},\"image\":{\"@type\":\"ImageObject\",\"url\":\"https:\\\/\\\/eldigitaldeasturias.com\\\/magazine365\\\/wp-content\\\/uploads\\\/2016\\\/06\\\/fotonoticia_20160530165418_800.jpg\",\"@id\":\"https:\\\/\\\/eldigitaldeasturias.com\\\/magazine365\\\/empresarios-y-expertos-participan-desde-este-martes-en-el-iii-congreso-europeo-de-turismo-rural\\\/#mainImage\",\"width\":800,\"height\":502},\"primaryImageOfPage\":{\"@id\":\"https:\\\/\\\/eldigitaldeasturias.com\\\/magazine365\\\/empresarios-y-expertos-participan-desde-este-martes-en-el-iii-congreso-europeo-de-turismo-rural\\\/#mainImage\"},\"datePublished\":\"2016-06-01T03:08:05+02:00\",\"dateModified\":\"2016-06-01T03:08:05+02:00\"},{\"@type\":\"WebSite\",\"@id\":\"https:\\\/\\\/eldigitaldeasturias.com\\\/magazine365\\\/#website\",\"url\":\"https:\\\/\\\/eldigitaldeasturias.com\\\/magazine365\\\/\",\"name\":\"El Digital de Asturias\",\"description\":\"Revista de ocio, turismo y estilo de vida\",\"inLanguage\":\"es-ES\",\"publisher\":{\"@id\":\"https:\\\/\\\/eldigitaldeasturias.com\\\/magazine365\\\/#organization\"}}]}\n\t\t<\/script>\n\t\t<!-- All in One SEO Pro -->\r\n\t\t<title>Empresarios y expertos participan desde este martes en el III Congreso Europeo de Turismo Rural | El Digital de Asturias<\/title>\n\n","aioseo_head_json":{"title":"Empresarios y expertos participan desde este martes en el III Congreso Europeo de Turismo Rural | El Digital de Asturias","description":"El municipio de Villamena, en el Valle de Lecr\u00edn de Granada, acoge este martes y mi\u00e9rcoles el III Congreso Europeo de Turismo Rural (Coetur), en el que participar\u00e1n un total de doscientos empresarios y expertos del sector. Esta tercera edici\u00f3n, organizada por Escapadarural.com, junto con el Patronato de Turismo de Granada, tambi\u00e9n cuenta con el","canonical_url":"https:\/\/eldigitaldeasturias.com\/magazine365\/empresarios-y-expertos-participan-desde-este-martes-en-el-iii-congreso-europeo-de-turismo-rural\/","robots":"max-image-preview:large","keywords":"noticias y actualidad","webmasterTools":{"google-site-verification":"UA-38556648-1","miscellaneous":""},"schema":{"@context":"https:\/\/schema.org","@graph":[{"@type":"Article","@id":"https:\/\/eldigitaldeasturias.com\/magazine365\/empresarios-y-expertos-participan-desde-este-martes-en-el-iii-congreso-europeo-de-turismo-rural\/#article","name":"Empresarios y expertos participan desde este martes en el III Congreso Europeo de Turismo Rural | El Digital de Asturias","headline":"Empresarios y expertos participan desde este martes en el III Congreso Europeo de Turismo Rural","author":{"@id":"https:\/\/eldigitaldeasturias.com\/magazine365\/author\/admin\/#author"},"publisher":{"@id":"https:\/\/eldigitaldeasturias.com\/magazine365\/#organization"},"image":{"@type":"ImageObject","url":"https:\/\/eldigitaldeasturias.com\/magazine365\/wp-content\/uploads\/2016\/06\/fotonoticia_20160530165418_800.jpg","width":800,"height":502},"datePublished":"2016-06-01T03:08:05+02:00","dateModified":"2016-06-01T03:08:05+02:00","inLanguage":"es-ES","mainEntityOfPage":{"@id":"https:\/\/eldigitaldeasturias.com\/magazine365\/empresarios-y-expertos-participan-desde-este-martes-en-el-iii-congreso-europeo-de-turismo-rural\/#webpage"},"isPartOf":{"@id":"https:\/\/eldigitaldeasturias.com\/magazine365\/empresarios-y-expertos-participan-desde-este-martes-en-el-iii-congreso-europeo-de-turismo-rural\/#webpage"},"articleSection":"Noticias y Actualidad"},{"@type":"BreadcrumbList","@id":"https:\/\/eldigitaldeasturias.com\/magazine365\/empresarios-y-expertos-participan-desde-este-martes-en-el-iii-congreso-europeo-de-turismo-rural\/#breadcrumblist","itemListElement":[{"@type":"ListItem","@id":"https:\/\/eldigitaldeasturias.com\/magazine365#listItem","position":1,"name":"Home","item":"https:\/\/eldigitaldeasturias.com\/magazine365","nextItem":{"@type":"ListItem","@id":"https:\/\/eldigitaldeasturias.com\/magazine365\/category\/noticias-actualidad\/#listItem","name":"Noticias y Actualidad"}},{"@type":"ListItem","@id":"https:\/\/eldigitaldeasturias.com\/magazine365\/category\/noticias-actualidad\/#listItem","position":2,"name":"Noticias y Actualidad","item":"https:\/\/eldigitaldeasturias.com\/magazine365\/category\/noticias-actualidad\/","nextItem":{"@type":"ListItem","@id":"https:\/\/eldigitaldeasturias.com\/magazine365\/empresarios-y-expertos-participan-desde-este-martes-en-el-iii-congreso-europeo-de-turismo-rural\/#listItem","name":"Empresarios y expertos participan desde este martes en el III Congreso Europeo de Turismo Rural"},"previousItem":{"@type":"ListItem","@id":"https:\/\/eldigitaldeasturias.com\/magazine365#listItem","name":"Home"}},{"@type":"ListItem","@id":"https:\/\/eldigitaldeasturias.com\/magazine365\/empresarios-y-expertos-participan-desde-este-martes-en-el-iii-congreso-europeo-de-turismo-rural\/#listItem","position":3,"name":"Empresarios y expertos participan desde este martes en el III Congreso Europeo de Turismo Rural","previousItem":{"@type":"ListItem","@id":"https:\/\/eldigitaldeasturias.com\/magazine365\/category\/noticias-actualidad\/#listItem","name":"Noticias y Actualidad"}}]},{"@type":"Organization","@id":"https:\/\/eldigitaldeasturias.com\/magazine365\/#organization","name":"El digital de Asturias","description":"Revista de ocio, turismo y estilo de vida","url":"https:\/\/eldigitaldeasturias.com\/magazine365\/","logo":{"@type":"ImageObject","url":"https:\/\/www.eldigitaldeasturias.com\/noticias\/wp-content\/uploads\/2020\/12\/EDA.jpg","@id":"https:\/\/eldigitaldeasturias.com\/magazine365\/empresarios-y-expertos-participan-desde-este-martes-en-el-iii-congreso-europeo-de-turismo-rural\/#organizationLogo"},"image":{"@id":"https:\/\/eldigitaldeasturias.com\/magazine365\/empresarios-y-expertos-participan-desde-este-martes-en-el-iii-congreso-europeo-de-turismo-rural\/#organizationLogo"}},{"@type":"Person","@id":"https:\/\/eldigitaldeasturias.com\/magazine365\/author\/admin\/#author","url":"https:\/\/eldigitaldeasturias.com\/magazine365\/author\/admin\/","name":"admin","image":{"@type":"ImageObject","@id":"https:\/\/eldigitaldeasturias.com\/magazine365\/empresarios-y-expertos-participan-desde-este-martes-en-el-iii-congreso-europeo-de-turismo-rural\/#authorImage","url":"https:\/\/eldigitaldeasturias.com\/magazine365\/wp-content\/litespeed\/avatar\/e571bcf59a0edd6fa6838245a470f2fe.jpg?ver=1777574230","width":96,"height":96,"caption":"admin"}},{"@type":"WebPage","@id":"https:\/\/eldigitaldeasturias.com\/magazine365\/empresarios-y-expertos-participan-desde-este-martes-en-el-iii-congreso-europeo-de-turismo-rural\/#webpage","url":"https:\/\/eldigitaldeasturias.com\/magazine365\/empresarios-y-expertos-participan-desde-este-martes-en-el-iii-congreso-europeo-de-turismo-rural\/","name":"Empresarios y expertos participan desde este martes en el III Congreso Europeo de Turismo Rural | El Digital de Asturias","description":"El municipio de Villamena, en el Valle de Lecr\u00edn de Granada, acoge este martes y mi\u00e9rcoles el III Congreso Europeo de Turismo Rural (Coetur), en el que participar\u00e1n un total de doscientos empresarios y expertos del sector. Esta tercera edici\u00f3n, organizada por Escapadarural.com, junto con el Patronato de Turismo de Granada, tambi\u00e9n cuenta con el","inLanguage":"es-ES","isPartOf":{"@id":"https:\/\/eldigitaldeasturias.com\/magazine365\/#website"},"breadcrumb":{"@id":"https:\/\/eldigitaldeasturias.com\/magazine365\/empresarios-y-expertos-participan-desde-este-martes-en-el-iii-congreso-europeo-de-turismo-rural\/#breadcrumblist"},"author":{"@id":"https:\/\/eldigitaldeasturias.com\/magazine365\/author\/admin\/#author"},"creator":{"@id":"https:\/\/eldigitaldeasturias.com\/magazine365\/author\/admin\/#author"},"image":{"@type":"ImageObject","url":"https:\/\/eldigitaldeasturias.com\/magazine365\/wp-content\/uploads\/2016\/06\/fotonoticia_20160530165418_800.jpg","@id":"https:\/\/eldigitaldeasturias.com\/magazine365\/empresarios-y-expertos-participan-desde-este-martes-en-el-iii-congreso-europeo-de-turismo-rural\/#mainImage","width":800,"height":502},"primaryImageOfPage":{"@id":"https:\/\/eldigitaldeasturias.com\/magazine365\/empresarios-y-expertos-participan-desde-este-martes-en-el-iii-congreso-europeo-de-turismo-rural\/#mainImage"},"datePublished":"2016-06-01T03:08:05+02:00","dateModified":"2016-06-01T03:08:05+02:00"},{"@type":"WebSite","@id":"https:\/\/eldigitaldeasturias.com\/magazine365\/#website","url":"https:\/\/eldigitaldeasturias.com\/magazine365\/","name":"El Digital de Asturias","description":"Revista de ocio, turismo y estilo de vida","inLanguage":"es-ES","publisher":{"@id":"https:\/\/eldigitaldeasturias.com\/magazine365\/#organization"}}]},"og:locale":"es_ES","og:site_name":"El Digital de Asturias \u2013 Revista de ocio, turismo y estilo de vida","og:type":"article","og:title":"Empresarios y expertos participan desde este martes en el III Congreso Europeo de Turismo Rural | El Digital de Asturias","og:description":"El municipio de Villamena, en el Valle de Lecr\u00edn de Granada, acoge este martes y mi\u00e9rcoles el III Congreso Europeo de Turismo Rural (Coetur), en el que participar\u00e1n un total de doscientos empresarios y expertos del sector. Esta tercera edici\u00f3n, organizada por Escapadarural.com, junto con el Patronato de Turismo de Granada, tambi\u00e9n cuenta con el","og:url":"https:\/\/eldigitaldeasturias.com\/magazine365\/empresarios-y-expertos-participan-desde-este-martes-en-el-iii-congreso-europeo-de-turismo-rural\/","og:image":"https:\/\/eldigitaldeasturias.com\/magazine365\/wp-content\/uploads\/2016\/06\/fotonoticia_20160530165418_800.jpg","og:image:secure_url":"https:\/\/eldigitaldeasturias.com\/magazine365\/wp-content\/uploads\/2016\/06\/fotonoticia_20160530165418_800.jpg","og:image:width":800,"og:image:height":502,"article:published_time":"2016-06-01T01:08:05+00:00","article:modified_time":"2016-06-01T01:08:05+00:00","twitter:card":"summary_large_image","twitter:title":"Empresarios y expertos participan desde este martes en el III Congreso Europeo de Turismo Rural | El Digital de Asturias","twitter:description":"El municipio de Villamena, en el Valle de Lecr\u00edn de Granada, acoge este martes y mi\u00e9rcoles el III Congreso Europeo de Turismo Rural (Coetur), en el que participar\u00e1n un total de doscientos empresarios y expertos del sector. Esta tercera edici\u00f3n, organizada por Escapadarural.com, junto con el Patronato de Turismo de Granada, tambi\u00e9n cuenta con el","twitter:image":"https:\/\/eldigitaldeasturias.com\/magazine365\/wp-content\/uploads\/2016\/06\/fotonoticia_20160530165418_800.jpg"},"aioseo_meta_data":{"post_id":"77206","title":null,"description":null,"keywords":null,"keyphrases":null,"primary_term":null,"canonical_url":null,"og_title":null,"og_description":null,"og_object_type":"default","og_image_type":"default","og_image_url":null,"og_image_width":null,"og_image_height":null,"og_image_custom_url":null,"og_image_custom_fields":null,"og_video":null,"og_custom_url":null,"og_article_section":null,"og_article_tags":null,"twitter_use_og":false,"twitter_card":"default","twitter_image_type":"default","twitter_image_url":null,"twitter_image_custom_url":null,"twitter_image_custom_fields":null,"twitter_title":null,"twitter_description":null,"schema":{"blockGraphs":[],"customGraphs":[],"default":{"data":{"Article":[],"Course":[],"Dataset":[],"FAQPage":[],"Movie":[],"Person":[],"Product":[],"ProductReview":[],"Car":[],"Recipe":[],"Service":[],"SoftwareApplication":[],"WebPage":[]},"graphName":"","isEnabled":true},"graphs":[],"defaultGraph":"","defaultPostTypeGraph":""},"schema_type":null,"schema_type_options":null,"pillar_content":false,"robots_default":true,"robots_noindex":false,"robots_noarchive":false,"robots_nosnippet":false,"robots_nofollow":false,"robots_noimageindex":false,"robots_noodp":false,"robots_notranslate":false,"robots_max_snippet":null,"robots_max_videopreview":null,"robots_max_imagepreview":"large","priority":null,"frequency":null,"location":null,"local_seo":null,"seo_analyzer_scan_date":"2025-09-27 14:22:00","breadcrumb_settings":null,"limit_modified_date":false,"open_ai":null,"ai":null,"created":"2021-03-08 18:18:49","updated":"2025-09-27 14:22:00"},"aioseo_breadcrumb":"<div class=\"aioseo-breadcrumbs\"><span class=\"aioseo-breadcrumb\">\n\t<a href=\"https:\/\/eldigitaldeasturias.com\/magazine365\" title=\"Home\">Home<\/a>\n<\/span><span class=\"aioseo-breadcrumb-separator\">\u2013<\/span><span class=\"aioseo-breadcrumb\">\n\t<a href=\"https:\/\/eldigitaldeasturias.com\/magazine365\/category\/noticias-actualidad\/\" title=\"Noticias y Actualidad\">Noticias y Actualidad<\/a>\n<\/span><span class=\"aioseo-breadcrumb-separator\">\u2013<\/span><span class=\"aioseo-breadcrumb\">\n\t<a href=\"https:\/\/eldigitaldeasturias.com\/magazine365\/empresarios-y-expertos-participan-desde-este-martes-en-el-iii-congreso-europeo-de-turismo-rural\/\" title=\"Empresarios y expertos participan desde este martes en el III Congreso Europeo de Turismo Rural\">Empresarios y expertos participan desde este martes en el III Congreso Europeo de Turismo Rural<\/a>\n<\/span><\/div>","aioseo_breadcrumb_json":[{"label":"Home","link":"https:\/\/eldigitaldeasturias.com\/magazine365"},{"label":"Noticias y Actualidad","link":"https:\/\/eldigitaldeasturias.com\/magazine365\/category\/noticias-actualidad\/"},{"label":"Empresarios y expertos participan desde este martes en el III Congreso Europeo de Turismo Rural","link":"https:\/\/eldigitaldeasturias.com\/magazine365\/empresarios-y-expertos-participan-desde-este-martes-en-el-iii-congreso-europeo-de-turismo-rural\/"}],"_links":{"self":[{"href":"https:\/\/eldigitaldeasturias.com\/magazine365\/wp-json\/wp\/v2\/posts\/77206","targetHints":{"allow":["GET"]}}],"collection":[{"href":"https:\/\/eldigitaldeasturias.com\/magazine365\/wp-json\/wp\/v2\/posts"}],"about":[{"href":"https:\/\/eldigitaldeasturias.com\/magazine365\/wp-json\/wp\/v2\/types\/post"}],"author":[{"embeddable":true,"href":"https:\/\/eldigitaldeasturias.com\/magazine365\/wp-json\/wp\/v2\/users\/1"}],"replies":[{"embeddable":true,"href":"https:\/\/eldigitaldeasturias.com\/magazine365\/wp-json\/wp\/v2\/comments?post=77206"}],"version-history":[{"count":0,"href":"https:\/\/eldigitaldeasturias.com\/magazine365\/wp-json\/wp\/v2\/posts\/77206\/revisions"}],"wp:featuredmedia":[{"embeddable":true,"href":"https:\/\/eldigitaldeasturias.com\/magazine365\/wp-json\/wp\/v2\/media\/77207"}],"wp:attachment":[{"href":"https:\/\/eldigitaldeasturias.com\/magazine365\/wp-json\/wp\/v2\/media?parent=77206"}],"wp:term":[{"taxonomy":"category","embeddable":true,"href":"https:\/\/eldigitaldeasturias.com\/magazine365\/wp-json\/wp\/v2\/categories?post=77206"},{"taxonomy":"post_tag","embeddable":true,"href":"https:\/\/eldigitaldeasturias.com\/magazine365\/wp-json\/wp\/v2\/tags?post=77206"}],"curies":[{"name":"wp","href":"https:\/\/api.w.org\/{rel}","templated":true}]}}