{"id":77172,"date":"2016-05-31T12:53:12","date_gmt":"2016-05-31T10:53:12","guid":{"rendered":"http:\/\/eldigitaldeasturias.com\/magazine365\/?p=77172"},"modified":"2016-05-31T12:53:12","modified_gmt":"2016-05-31T10:53:12","slug":"comienza-el-acondicionamiento-y-limpieza-de-playas-rurales-de-cantabria","status":"publish","type":"post","link":"https:\/\/eldigitaldeasturias.com\/magazine365\/comienza-el-acondicionamiento-y-limpieza-de-playas-rurales-de-cantabria\/","title":{"rendered":"Comienza el acondicionamiento y limpieza de playas rurales de Cantabria"},"content":{"rendered":"<p><img fetchpriority=\"high\" decoding=\"async\" class=\"alignleft size-medium wp-image-77173\" src=\"https:\/\/eldigitaldeasturias.com\/magazine365\/wp-content\/uploads\/2016\/05\/fotonoticia_20160530130852_800-360x270.jpg\" alt=\"fotonoticia_20160530130852_800\" width=\"360\" height=\"270\" srcset=\"https:\/\/eldigitaldeasturias.com\/magazine365\/wp-content\/uploads\/2016\/05\/fotonoticia_20160530130852_800-360x270.jpg 360w, https:\/\/eldigitaldeasturias.com\/magazine365\/wp-content\/uploads\/2016\/05\/fotonoticia_20160530130852_800-650x488.jpg 650w, https:\/\/eldigitaldeasturias.com\/magazine365\/wp-content\/uploads\/2016\/05\/fotonoticia_20160530130852_800-768x576.jpg 768w, https:\/\/eldigitaldeasturias.com\/magazine365\/wp-content\/uploads\/2016\/05\/fotonoticia_20160530130852_800-150x113.jpg 150w, https:\/\/eldigitaldeasturias.com\/magazine365\/wp-content\/uploads\/2016\/05\/fotonoticia_20160530130852_800-450x338.jpg 450w, https:\/\/eldigitaldeasturias.com\/magazine365\/wp-content\/uploads\/2016\/05\/fotonoticia_20160530130852_800-90x67.jpg 90w, https:\/\/eldigitaldeasturias.com\/magazine365\/wp-content\/uploads\/2016\/05\/fotonoticia_20160530130852_800-164x124.jpg 164w, https:\/\/eldigitaldeasturias.com\/magazine365\/wp-content\/uploads\/2016\/05\/fotonoticia_20160530130852_800-100x75.jpg 100w, https:\/\/eldigitaldeasturias.com\/magazine365\/wp-content\/uploads\/2016\/05\/fotonoticia_20160530130852_800.jpg 800w\" sizes=\"(max-width: 360px) 100vw, 360px\" \/>La empresa p\u00fablica MARE, dependiente de la Consejer\u00eda de Universidades e Investigaci\u00f3n, Medio Ambiente y Pol\u00edtica Social, prev\u00e9 iniciar este lunes la segunda parte de los trabajos de acondicionamiento y limpieza de las playas rurales de Cantabria de cara a la temporada estival.<\/p>\n<p>Este servicio se presta, antes de la primavera y el verano, en 26 arenales localizados en 12 municipios de la regi\u00f3n (Val de San Vicente, San Vicente de la Barquera, Vald\u00e1liga, Santillana del Mar, Suances, Miengo, Pi\u00e9lagos, Santa Cruz de Bezana, Ribamont\u00e1n al Mar, Bareyo, Noja y Liendo) y que suman entre ellos, 22 kil\u00f3metros de costa.<\/p>\n<p>El servicio, que se realiza por encomienda del Gobierno de Cantabria, consiste en dos periodos de limpieza, uno en la primavera y otro en el verano. El primero, con una duraci\u00f3n de tres semanas, se realiz\u00f3 del 14 de marzo al 3 de abril. El segundo periodo, coincidente con la temporada alta de uso de los arenales, dar\u00e1 comienzo este lunes 30 de mayo y finalizar\u00e1 el 18 de septiembre.<\/p>\n<p>En ambos periodos se establece una limpieza previa extraordinaria con la retirada de residuos depositados por riadas y fuerte temporal, as\u00ed como una limpieza ordinaria mediante una limpieza, principalmente manual, al objeto de conservar el arenal y ecosistema asociado.<\/p>\n<p>Los 18 trabajadores asignados a estas actuaciones han retirado estos primeros d\u00edas de limpieza extraordinaria de los arenales un total de 335 toneladas de residuos. Un 98% de estos residuos, 330 toneladas, han sido entregados a un gestor autorizado para su reciclaje o valorizaci\u00f3n.<\/p>\n<p>En la campa\u00f1a de limpieza de playas rurales del a\u00f1o 2015 se retiraron de los arenales un total de 1.063 toneladas de residuos. Un 30% de estos residuos retirados en 2015 ya se han recogido en los primeros d\u00edas de la campa\u00f1a de 2016.<\/p>\n<p>Los trabajos realizados consisten en la retirada manual de residuos asimilables a dom\u00e9sticos o los depositados en la l\u00ednea de marea por la acci\u00f3n del mar, as\u00ed como la gesti\u00f3n de los 12 contenedores de gran volumen.<\/p>\n<p>Asimismo, 5 tractores con sistema de recogida, remolque y cribado, realizan una limpieza mec\u00e1nica donde lo permite el protocolo de actuaci\u00f3n establecido por la Direcci\u00f3n General del Medio Natural, con el fin de evitar un impacto negativo sobre estos espacios de alto valor ambiental y paisaj\u00edstico.<\/p>\n","protected":false},"excerpt":{"rendered":"<p>La empresa p\u00fablica MARE, dependiente de la Consejer\u00eda de Universidades e Investigaci\u00f3n, Medio Ambiente y Pol\u00edtica Social, prev\u00e9 iniciar este lunes la segunda parte de los trabajos de acondicionamiento y limpieza de las playas rurales de Cantabria de cara a la temporada estival. Este servicio se presta, antes de la primavera y el verano, en<\/p>\n","protected":false},"author":1,"featured_media":77173,"comment_status":"open","ping_status":"closed","sticky":false,"template":"","format":"standard","meta":{"footnotes":""},"categories":[224],"tags":[],"class_list":{"0":"post-77172","1":"post","2":"type-post","3":"status-publish","4":"format-standard","5":"has-post-thumbnail","7":"category-noticias-actualidad"},"aioseo_notices":[],"aioseo_head":"\n\t\t<!-- All in One SEO Pro 4.9.6.1 - aioseo.com -->\n\t<meta name=\"description\" content=\"La empresa p\u00fablica MARE, dependiente de la Consejer\u00eda de Universidades e Investigaci\u00f3n, Medio Ambiente y Pol\u00edtica Social, prev\u00e9 iniciar este lunes la segunda parte de los trabajos de acondicionamiento y limpieza de las playas rurales de Cantabria de cara a la temporada estival. Este servicio se presta, antes de la primavera y el verano, en\" \/>\n\t<meta name=\"robots\" content=\"max-image-preview:large\" \/>\n\t<meta name=\"author\" content=\"admin\"\/>\n\t<meta name=\"google-site-verification\" content=\"UA-38556648-1\" \/>\n\t<meta name=\"keywords\" content=\"noticias y actualidad\" \/>\n\t<link rel=\"canonical\" href=\"https:\/\/eldigitaldeasturias.com\/magazine365\/comienza-el-acondicionamiento-y-limpieza-de-playas-rurales-de-cantabria\/\" \/>\n\t<meta name=\"generator\" content=\"All in One SEO Pro (AIOSEO) 4.9.6.1\" \/>\n\t\t<meta property=\"og:locale\" content=\"es_ES\" \/>\n\t\t<meta property=\"og:site_name\" content=\"El Digital de Asturias \u2013 Revista de ocio, turismo y estilo de vida\" \/>\n\t\t<meta property=\"og:type\" content=\"article\" \/>\n\t\t<meta property=\"og:title\" content=\"Comienza el acondicionamiento y limpieza de playas rurales de Cantabria | El Digital de Asturias\" \/>\n\t\t<meta property=\"og:description\" content=\"La empresa p\u00fablica MARE, dependiente de la Consejer\u00eda de Universidades e Investigaci\u00f3n, Medio Ambiente y Pol\u00edtica Social, prev\u00e9 iniciar este lunes la segunda parte de los trabajos de acondicionamiento y limpieza de las playas rurales de Cantabria de cara a la temporada estival. Este servicio se presta, antes de la primavera y el verano, en\" \/>\n\t\t<meta property=\"og:url\" content=\"https:\/\/eldigitaldeasturias.com\/magazine365\/comienza-el-acondicionamiento-y-limpieza-de-playas-rurales-de-cantabria\/\" \/>\n\t\t<meta property=\"og:image\" content=\"https:\/\/eldigitaldeasturias.com\/magazine365\/wp-content\/uploads\/2016\/05\/fotonoticia_20160530130852_800.jpg\" \/>\n\t\t<meta property=\"og:image:secure_url\" content=\"https:\/\/eldigitaldeasturias.com\/magazine365\/wp-content\/uploads\/2016\/05\/fotonoticia_20160530130852_800.jpg\" \/>\n\t\t<meta property=\"og:image:width\" content=\"800\" \/>\n\t\t<meta property=\"og:image:height\" content=\"600\" \/>\n\t\t<meta property=\"article:published_time\" content=\"2016-05-31T10:53:12+00:00\" \/>\n\t\t<meta property=\"article:modified_time\" content=\"2016-05-31T10:53:12+00:00\" \/>\n\t\t<meta name=\"twitter:card\" content=\"summary_large_image\" \/>\n\t\t<meta name=\"twitter:title\" content=\"Comienza el acondicionamiento y limpieza de playas rurales de Cantabria | El Digital de Asturias\" \/>\n\t\t<meta name=\"twitter:description\" content=\"La empresa p\u00fablica MARE, dependiente de la Consejer\u00eda de Universidades e Investigaci\u00f3n, Medio Ambiente y Pol\u00edtica Social, prev\u00e9 iniciar este lunes la segunda parte de los trabajos de acondicionamiento y limpieza de las playas rurales de Cantabria de cara a la temporada estival. Este servicio se presta, antes de la primavera y el verano, en\" \/>\n\t\t<meta name=\"twitter:image\" content=\"https:\/\/eldigitaldeasturias.com\/magazine365\/wp-content\/uploads\/2016\/05\/fotonoticia_20160530130852_800.jpg\" \/>\n\t\t<script type=\"application\/ld+json\" class=\"aioseo-schema\">\n\t\t\t{\"@context\":\"https:\\\/\\\/schema.org\",\"@graph\":[{\"@type\":\"Article\",\"@id\":\"https:\\\/\\\/eldigitaldeasturias.com\\\/magazine365\\\/comienza-el-acondicionamiento-y-limpieza-de-playas-rurales-de-cantabria\\\/#article\",\"name\":\"Comienza el acondicionamiento y limpieza de playas rurales de Cantabria | El Digital de Asturias\",\"headline\":\"Comienza el acondicionamiento y limpieza de playas rurales de Cantabria\",\"author\":{\"@id\":\"https:\\\/\\\/eldigitaldeasturias.com\\\/magazine365\\\/author\\\/admin\\\/#author\"},\"publisher\":{\"@id\":\"https:\\\/\\\/eldigitaldeasturias.com\\\/magazine365\\\/#organization\"},\"image\":{\"@type\":\"ImageObject\",\"url\":\"https:\\\/\\\/eldigitaldeasturias.com\\\/magazine365\\\/wp-content\\\/uploads\\\/2016\\\/05\\\/fotonoticia_20160530130852_800.jpg\",\"width\":800,\"height\":600},\"datePublished\":\"2016-05-31T12:53:12+02:00\",\"dateModified\":\"2016-05-31T12:53:12+02:00\",\"inLanguage\":\"es-ES\",\"mainEntityOfPage\":{\"@id\":\"https:\\\/\\\/eldigitaldeasturias.com\\\/magazine365\\\/comienza-el-acondicionamiento-y-limpieza-de-playas-rurales-de-cantabria\\\/#webpage\"},\"isPartOf\":{\"@id\":\"https:\\\/\\\/eldigitaldeasturias.com\\\/magazine365\\\/comienza-el-acondicionamiento-y-limpieza-de-playas-rurales-de-cantabria\\\/#webpage\"},\"articleSection\":\"Noticias y Actualidad\"},{\"@type\":\"BreadcrumbList\",\"@id\":\"https:\\\/\\\/eldigitaldeasturias.com\\\/magazine365\\\/comienza-el-acondicionamiento-y-limpieza-de-playas-rurales-de-cantabria\\\/#breadcrumblist\",\"itemListElement\":[{\"@type\":\"ListItem\",\"@id\":\"https:\\\/\\\/eldigitaldeasturias.com\\\/magazine365#listItem\",\"position\":1,\"name\":\"Home\",\"item\":\"https:\\\/\\\/eldigitaldeasturias.com\\\/magazine365\",\"nextItem\":{\"@type\":\"ListItem\",\"@id\":\"https:\\\/\\\/eldigitaldeasturias.com\\\/magazine365\\\/category\\\/noticias-actualidad\\\/#listItem\",\"name\":\"Noticias y Actualidad\"}},{\"@type\":\"ListItem\",\"@id\":\"https:\\\/\\\/eldigitaldeasturias.com\\\/magazine365\\\/category\\\/noticias-actualidad\\\/#listItem\",\"position\":2,\"name\":\"Noticias y Actualidad\",\"item\":\"https:\\\/\\\/eldigitaldeasturias.com\\\/magazine365\\\/category\\\/noticias-actualidad\\\/\",\"nextItem\":{\"@type\":\"ListItem\",\"@id\":\"https:\\\/\\\/eldigitaldeasturias.com\\\/magazine365\\\/comienza-el-acondicionamiento-y-limpieza-de-playas-rurales-de-cantabria\\\/#listItem\",\"name\":\"Comienza el acondicionamiento y limpieza de playas rurales de Cantabria\"},\"previousItem\":{\"@type\":\"ListItem\",\"@id\":\"https:\\\/\\\/eldigitaldeasturias.com\\\/magazine365#listItem\",\"name\":\"Home\"}},{\"@type\":\"ListItem\",\"@id\":\"https:\\\/\\\/eldigitaldeasturias.com\\\/magazine365\\\/comienza-el-acondicionamiento-y-limpieza-de-playas-rurales-de-cantabria\\\/#listItem\",\"position\":3,\"name\":\"Comienza el acondicionamiento y limpieza de playas rurales de Cantabria\",\"previousItem\":{\"@type\":\"ListItem\",\"@id\":\"https:\\\/\\\/eldigitaldeasturias.com\\\/magazine365\\\/category\\\/noticias-actualidad\\\/#listItem\",\"name\":\"Noticias y Actualidad\"}}]},{\"@type\":\"Organization\",\"@id\":\"https:\\\/\\\/eldigitaldeasturias.com\\\/magazine365\\\/#organization\",\"name\":\"El digital de Asturias\",\"description\":\"Revista de ocio, turismo y estilo de vida\",\"url\":\"https:\\\/\\\/eldigitaldeasturias.com\\\/magazine365\\\/\",\"logo\":{\"@type\":\"ImageObject\",\"url\":\"https:\\\/\\\/www.eldigitaldeasturias.com\\\/noticias\\\/wp-content\\\/uploads\\\/2020\\\/12\\\/EDA.jpg\",\"@id\":\"https:\\\/\\\/eldigitaldeasturias.com\\\/magazine365\\\/comienza-el-acondicionamiento-y-limpieza-de-playas-rurales-de-cantabria\\\/#organizationLogo\"},\"image\":{\"@id\":\"https:\\\/\\\/eldigitaldeasturias.com\\\/magazine365\\\/comienza-el-acondicionamiento-y-limpieza-de-playas-rurales-de-cantabria\\\/#organizationLogo\"}},{\"@type\":\"Person\",\"@id\":\"https:\\\/\\\/eldigitaldeasturias.com\\\/magazine365\\\/author\\\/admin\\\/#author\",\"url\":\"https:\\\/\\\/eldigitaldeasturias.com\\\/magazine365\\\/author\\\/admin\\\/\",\"name\":\"admin\",\"image\":{\"@type\":\"ImageObject\",\"@id\":\"https:\\\/\\\/eldigitaldeasturias.com\\\/magazine365\\\/comienza-el-acondicionamiento-y-limpieza-de-playas-rurales-de-cantabria\\\/#authorImage\",\"url\":\"https:\\\/\\\/eldigitaldeasturias.com\\\/magazine365\\\/wp-content\\\/litespeed\\\/avatar\\\/e571bcf59a0edd6fa6838245a470f2fe.jpg?ver=1776969259\",\"width\":96,\"height\":96,\"caption\":\"admin\"}},{\"@type\":\"WebPage\",\"@id\":\"https:\\\/\\\/eldigitaldeasturias.com\\\/magazine365\\\/comienza-el-acondicionamiento-y-limpieza-de-playas-rurales-de-cantabria\\\/#webpage\",\"url\":\"https:\\\/\\\/eldigitaldeasturias.com\\\/magazine365\\\/comienza-el-acondicionamiento-y-limpieza-de-playas-rurales-de-cantabria\\\/\",\"name\":\"Comienza el acondicionamiento y limpieza de playas rurales de Cantabria | El Digital de Asturias\",\"description\":\"La empresa p\\u00fablica MARE, dependiente de la Consejer\\u00eda de Universidades e Investigaci\\u00f3n, Medio Ambiente y Pol\\u00edtica Social, prev\\u00e9 iniciar este lunes la segunda parte de los trabajos de acondicionamiento y limpieza de las playas rurales de Cantabria de cara a la temporada estival. Este servicio se presta, antes de la primavera y el verano, en\",\"inLanguage\":\"es-ES\",\"isPartOf\":{\"@id\":\"https:\\\/\\\/eldigitaldeasturias.com\\\/magazine365\\\/#website\"},\"breadcrumb\":{\"@id\":\"https:\\\/\\\/eldigitaldeasturias.com\\\/magazine365\\\/comienza-el-acondicionamiento-y-limpieza-de-playas-rurales-de-cantabria\\\/#breadcrumblist\"},\"author\":{\"@id\":\"https:\\\/\\\/eldigitaldeasturias.com\\\/magazine365\\\/author\\\/admin\\\/#author\"},\"creator\":{\"@id\":\"https:\\\/\\\/eldigitaldeasturias.com\\\/magazine365\\\/author\\\/admin\\\/#author\"},\"image\":{\"@type\":\"ImageObject\",\"url\":\"https:\\\/\\\/eldigitaldeasturias.com\\\/magazine365\\\/wp-content\\\/uploads\\\/2016\\\/05\\\/fotonoticia_20160530130852_800.jpg\",\"@id\":\"https:\\\/\\\/eldigitaldeasturias.com\\\/magazine365\\\/comienza-el-acondicionamiento-y-limpieza-de-playas-rurales-de-cantabria\\\/#mainImage\",\"width\":800,\"height\":600},\"primaryImageOfPage\":{\"@id\":\"https:\\\/\\\/eldigitaldeasturias.com\\\/magazine365\\\/comienza-el-acondicionamiento-y-limpieza-de-playas-rurales-de-cantabria\\\/#mainImage\"},\"datePublished\":\"2016-05-31T12:53:12+02:00\",\"dateModified\":\"2016-05-31T12:53:12+02:00\"},{\"@type\":\"WebSite\",\"@id\":\"https:\\\/\\\/eldigitaldeasturias.com\\\/magazine365\\\/#website\",\"url\":\"https:\\\/\\\/eldigitaldeasturias.com\\\/magazine365\\\/\",\"name\":\"El Digital de Asturias\",\"description\":\"Revista de ocio, turismo y estilo de vida\",\"inLanguage\":\"es-ES\",\"publisher\":{\"@id\":\"https:\\\/\\\/eldigitaldeasturias.com\\\/magazine365\\\/#organization\"}}]}\n\t\t<\/script>\n\t\t<!-- All in One SEO Pro -->\r\n\t\t<title>Comienza el acondicionamiento y limpieza de playas rurales de Cantabria | El Digital de Asturias<\/title>\n\n","aioseo_head_json":{"title":"Comienza el acondicionamiento y limpieza de playas rurales de Cantabria | El Digital de Asturias","description":"La empresa p\u00fablica MARE, dependiente de la Consejer\u00eda de Universidades e Investigaci\u00f3n, Medio Ambiente y Pol\u00edtica Social, prev\u00e9 iniciar este lunes la segunda parte de los trabajos de acondicionamiento y limpieza de las playas rurales de Cantabria de cara a la temporada estival. Este servicio se presta, antes de la primavera y el verano, en","canonical_url":"https:\/\/eldigitaldeasturias.com\/magazine365\/comienza-el-acondicionamiento-y-limpieza-de-playas-rurales-de-cantabria\/","robots":"max-image-preview:large","keywords":"noticias y actualidad","webmasterTools":{"google-site-verification":"UA-38556648-1","miscellaneous":""},"schema":{"@context":"https:\/\/schema.org","@graph":[{"@type":"Article","@id":"https:\/\/eldigitaldeasturias.com\/magazine365\/comienza-el-acondicionamiento-y-limpieza-de-playas-rurales-de-cantabria\/#article","name":"Comienza el acondicionamiento y limpieza de playas rurales de Cantabria | El Digital de Asturias","headline":"Comienza el acondicionamiento y limpieza de playas rurales de Cantabria","author":{"@id":"https:\/\/eldigitaldeasturias.com\/magazine365\/author\/admin\/#author"},"publisher":{"@id":"https:\/\/eldigitaldeasturias.com\/magazine365\/#organization"},"image":{"@type":"ImageObject","url":"https:\/\/eldigitaldeasturias.com\/magazine365\/wp-content\/uploads\/2016\/05\/fotonoticia_20160530130852_800.jpg","width":800,"height":600},"datePublished":"2016-05-31T12:53:12+02:00","dateModified":"2016-05-31T12:53:12+02:00","inLanguage":"es-ES","mainEntityOfPage":{"@id":"https:\/\/eldigitaldeasturias.com\/magazine365\/comienza-el-acondicionamiento-y-limpieza-de-playas-rurales-de-cantabria\/#webpage"},"isPartOf":{"@id":"https:\/\/eldigitaldeasturias.com\/magazine365\/comienza-el-acondicionamiento-y-limpieza-de-playas-rurales-de-cantabria\/#webpage"},"articleSection":"Noticias y Actualidad"},{"@type":"BreadcrumbList","@id":"https:\/\/eldigitaldeasturias.com\/magazine365\/comienza-el-acondicionamiento-y-limpieza-de-playas-rurales-de-cantabria\/#breadcrumblist","itemListElement":[{"@type":"ListItem","@id":"https:\/\/eldigitaldeasturias.com\/magazine365#listItem","position":1,"name":"Home","item":"https:\/\/eldigitaldeasturias.com\/magazine365","nextItem":{"@type":"ListItem","@id":"https:\/\/eldigitaldeasturias.com\/magazine365\/category\/noticias-actualidad\/#listItem","name":"Noticias y Actualidad"}},{"@type":"ListItem","@id":"https:\/\/eldigitaldeasturias.com\/magazine365\/category\/noticias-actualidad\/#listItem","position":2,"name":"Noticias y Actualidad","item":"https:\/\/eldigitaldeasturias.com\/magazine365\/category\/noticias-actualidad\/","nextItem":{"@type":"ListItem","@id":"https:\/\/eldigitaldeasturias.com\/magazine365\/comienza-el-acondicionamiento-y-limpieza-de-playas-rurales-de-cantabria\/#listItem","name":"Comienza el acondicionamiento y limpieza de playas rurales de Cantabria"},"previousItem":{"@type":"ListItem","@id":"https:\/\/eldigitaldeasturias.com\/magazine365#listItem","name":"Home"}},{"@type":"ListItem","@id":"https:\/\/eldigitaldeasturias.com\/magazine365\/comienza-el-acondicionamiento-y-limpieza-de-playas-rurales-de-cantabria\/#listItem","position":3,"name":"Comienza el acondicionamiento y limpieza de playas rurales de Cantabria","previousItem":{"@type":"ListItem","@id":"https:\/\/eldigitaldeasturias.com\/magazine365\/category\/noticias-actualidad\/#listItem","name":"Noticias y Actualidad"}}]},{"@type":"Organization","@id":"https:\/\/eldigitaldeasturias.com\/magazine365\/#organization","name":"El digital de Asturias","description":"Revista de ocio, turismo y estilo de vida","url":"https:\/\/eldigitaldeasturias.com\/magazine365\/","logo":{"@type":"ImageObject","url":"https:\/\/www.eldigitaldeasturias.com\/noticias\/wp-content\/uploads\/2020\/12\/EDA.jpg","@id":"https:\/\/eldigitaldeasturias.com\/magazine365\/comienza-el-acondicionamiento-y-limpieza-de-playas-rurales-de-cantabria\/#organizationLogo"},"image":{"@id":"https:\/\/eldigitaldeasturias.com\/magazine365\/comienza-el-acondicionamiento-y-limpieza-de-playas-rurales-de-cantabria\/#organizationLogo"}},{"@type":"Person","@id":"https:\/\/eldigitaldeasturias.com\/magazine365\/author\/admin\/#author","url":"https:\/\/eldigitaldeasturias.com\/magazine365\/author\/admin\/","name":"admin","image":{"@type":"ImageObject","@id":"https:\/\/eldigitaldeasturias.com\/magazine365\/comienza-el-acondicionamiento-y-limpieza-de-playas-rurales-de-cantabria\/#authorImage","url":"https:\/\/eldigitaldeasturias.com\/magazine365\/wp-content\/litespeed\/avatar\/e571bcf59a0edd6fa6838245a470f2fe.jpg?ver=1776969259","width":96,"height":96,"caption":"admin"}},{"@type":"WebPage","@id":"https:\/\/eldigitaldeasturias.com\/magazine365\/comienza-el-acondicionamiento-y-limpieza-de-playas-rurales-de-cantabria\/#webpage","url":"https:\/\/eldigitaldeasturias.com\/magazine365\/comienza-el-acondicionamiento-y-limpieza-de-playas-rurales-de-cantabria\/","name":"Comienza el acondicionamiento y limpieza de playas rurales de Cantabria | El Digital de Asturias","description":"La empresa p\u00fablica MARE, dependiente de la Consejer\u00eda de Universidades e Investigaci\u00f3n, Medio Ambiente y Pol\u00edtica Social, prev\u00e9 iniciar este lunes la segunda parte de los trabajos de acondicionamiento y limpieza de las playas rurales de Cantabria de cara a la temporada estival. Este servicio se presta, antes de la primavera y el verano, en","inLanguage":"es-ES","isPartOf":{"@id":"https:\/\/eldigitaldeasturias.com\/magazine365\/#website"},"breadcrumb":{"@id":"https:\/\/eldigitaldeasturias.com\/magazine365\/comienza-el-acondicionamiento-y-limpieza-de-playas-rurales-de-cantabria\/#breadcrumblist"},"author":{"@id":"https:\/\/eldigitaldeasturias.com\/magazine365\/author\/admin\/#author"},"creator":{"@id":"https:\/\/eldigitaldeasturias.com\/magazine365\/author\/admin\/#author"},"image":{"@type":"ImageObject","url":"https:\/\/eldigitaldeasturias.com\/magazine365\/wp-content\/uploads\/2016\/05\/fotonoticia_20160530130852_800.jpg","@id":"https:\/\/eldigitaldeasturias.com\/magazine365\/comienza-el-acondicionamiento-y-limpieza-de-playas-rurales-de-cantabria\/#mainImage","width":800,"height":600},"primaryImageOfPage":{"@id":"https:\/\/eldigitaldeasturias.com\/magazine365\/comienza-el-acondicionamiento-y-limpieza-de-playas-rurales-de-cantabria\/#mainImage"},"datePublished":"2016-05-31T12:53:12+02:00","dateModified":"2016-05-31T12:53:12+02:00"},{"@type":"WebSite","@id":"https:\/\/eldigitaldeasturias.com\/magazine365\/#website","url":"https:\/\/eldigitaldeasturias.com\/magazine365\/","name":"El Digital de Asturias","description":"Revista de ocio, turismo y estilo de vida","inLanguage":"es-ES","publisher":{"@id":"https:\/\/eldigitaldeasturias.com\/magazine365\/#organization"}}]},"og:locale":"es_ES","og:site_name":"El Digital de Asturias \u2013 Revista de ocio, turismo y estilo de vida","og:type":"article","og:title":"Comienza el acondicionamiento y limpieza de playas rurales de Cantabria | El Digital de Asturias","og:description":"La empresa p\u00fablica MARE, dependiente de la Consejer\u00eda de Universidades e Investigaci\u00f3n, Medio Ambiente y Pol\u00edtica Social, prev\u00e9 iniciar este lunes la segunda parte de los trabajos de acondicionamiento y limpieza de las playas rurales de Cantabria de cara a la temporada estival. Este servicio se presta, antes de la primavera y el verano, en","og:url":"https:\/\/eldigitaldeasturias.com\/magazine365\/comienza-el-acondicionamiento-y-limpieza-de-playas-rurales-de-cantabria\/","og:image":"https:\/\/eldigitaldeasturias.com\/magazine365\/wp-content\/uploads\/2016\/05\/fotonoticia_20160530130852_800.jpg","og:image:secure_url":"https:\/\/eldigitaldeasturias.com\/magazine365\/wp-content\/uploads\/2016\/05\/fotonoticia_20160530130852_800.jpg","og:image:width":800,"og:image:height":600,"article:published_time":"2016-05-31T10:53:12+00:00","article:modified_time":"2016-05-31T10:53:12+00:00","twitter:card":"summary_large_image","twitter:title":"Comienza el acondicionamiento y limpieza de playas rurales de Cantabria | El Digital de Asturias","twitter:description":"La empresa p\u00fablica MARE, dependiente de la Consejer\u00eda de Universidades e Investigaci\u00f3n, Medio Ambiente y Pol\u00edtica Social, prev\u00e9 iniciar este lunes la segunda parte de los trabajos de acondicionamiento y limpieza de las playas rurales de Cantabria de cara a la temporada estival. Este servicio se presta, antes de la primavera y el verano, en","twitter:image":"https:\/\/eldigitaldeasturias.com\/magazine365\/wp-content\/uploads\/2016\/05\/fotonoticia_20160530130852_800.jpg"},"aioseo_meta_data":{"post_id":"77172","title":null,"description":null,"keywords":null,"keyphrases":null,"primary_term":null,"canonical_url":null,"og_title":null,"og_description":null,"og_object_type":"default","og_image_type":"default","og_image_url":null,"og_image_width":null,"og_image_height":null,"og_image_custom_url":null,"og_image_custom_fields":null,"og_video":null,"og_custom_url":null,"og_article_section":null,"og_article_tags":null,"twitter_use_og":false,"twitter_card":"default","twitter_image_type":"default","twitter_image_url":null,"twitter_image_custom_url":null,"twitter_image_custom_fields":null,"twitter_title":null,"twitter_description":null,"schema":{"blockGraphs":[],"customGraphs":[],"default":{"data":{"Article":[],"Course":[],"Dataset":[],"FAQPage":[],"Movie":[],"Person":[],"Product":[],"ProductReview":[],"Car":[],"Recipe":[],"Service":[],"SoftwareApplication":[],"WebPage":[]},"graphName":"","isEnabled":true},"graphs":[]},"schema_type":null,"schema_type_options":null,"pillar_content":false,"robots_default":true,"robots_noindex":false,"robots_noarchive":false,"robots_nosnippet":false,"robots_nofollow":false,"robots_noimageindex":false,"robots_noodp":false,"robots_notranslate":false,"robots_max_snippet":null,"robots_max_videopreview":null,"robots_max_imagepreview":"large","priority":null,"frequency":null,"location":null,"local_seo":null,"seo_analyzer_scan_date":"2025-09-27 14:18:00","breadcrumb_settings":null,"limit_modified_date":false,"open_ai":null,"ai":null,"created":"2021-03-08 18:18:49","updated":"2025-09-27 14:18:00"},"aioseo_breadcrumb":"<div class=\"aioseo-breadcrumbs\"><span class=\"aioseo-breadcrumb\">\n\t<a href=\"https:\/\/eldigitaldeasturias.com\/magazine365\" title=\"Home\">Home<\/a>\n<\/span><span class=\"aioseo-breadcrumb-separator\">\u2013<\/span><span class=\"aioseo-breadcrumb\">\n\t<a href=\"https:\/\/eldigitaldeasturias.com\/magazine365\/category\/noticias-actualidad\/\" title=\"Noticias y Actualidad\">Noticias y Actualidad<\/a>\n<\/span><span class=\"aioseo-breadcrumb-separator\">\u2013<\/span><span class=\"aioseo-breadcrumb\">\n\t<a href=\"https:\/\/eldigitaldeasturias.com\/magazine365\/comienza-el-acondicionamiento-y-limpieza-de-playas-rurales-de-cantabria\/\" title=\"Comienza el acondicionamiento y limpieza de playas rurales de Cantabria\">Comienza el acondicionamiento y limpieza de playas rurales de Cantabria<\/a>\n<\/span><\/div>","aioseo_breadcrumb_json":[{"label":"Home","link":"https:\/\/eldigitaldeasturias.com\/magazine365"},{"label":"Noticias y Actualidad","link":"https:\/\/eldigitaldeasturias.com\/magazine365\/category\/noticias-actualidad\/"},{"label":"Comienza el acondicionamiento y limpieza de playas rurales de Cantabria","link":"https:\/\/eldigitaldeasturias.com\/magazine365\/comienza-el-acondicionamiento-y-limpieza-de-playas-rurales-de-cantabria\/"}],"_links":{"self":[{"href":"https:\/\/eldigitaldeasturias.com\/magazine365\/wp-json\/wp\/v2\/posts\/77172","targetHints":{"allow":["GET"]}}],"collection":[{"href":"https:\/\/eldigitaldeasturias.com\/magazine365\/wp-json\/wp\/v2\/posts"}],"about":[{"href":"https:\/\/eldigitaldeasturias.com\/magazine365\/wp-json\/wp\/v2\/types\/post"}],"author":[{"embeddable":true,"href":"https:\/\/eldigitaldeasturias.com\/magazine365\/wp-json\/wp\/v2\/users\/1"}],"replies":[{"embeddable":true,"href":"https:\/\/eldigitaldeasturias.com\/magazine365\/wp-json\/wp\/v2\/comments?post=77172"}],"version-history":[{"count":0,"href":"https:\/\/eldigitaldeasturias.com\/magazine365\/wp-json\/wp\/v2\/posts\/77172\/revisions"}],"wp:featuredmedia":[{"embeddable":true,"href":"https:\/\/eldigitaldeasturias.com\/magazine365\/wp-json\/wp\/v2\/media\/77173"}],"wp:attachment":[{"href":"https:\/\/eldigitaldeasturias.com\/magazine365\/wp-json\/wp\/v2\/media?parent=77172"}],"wp:term":[{"taxonomy":"category","embeddable":true,"href":"https:\/\/eldigitaldeasturias.com\/magazine365\/wp-json\/wp\/v2\/categories?post=77172"},{"taxonomy":"post_tag","embeddable":true,"href":"https:\/\/eldigitaldeasturias.com\/magazine365\/wp-json\/wp\/v2\/tags?post=77172"}],"curies":[{"name":"wp","href":"https:\/\/api.w.org\/{rel}","templated":true}]}}