{"id":77149,"date":"2016-05-31T11:51:03","date_gmt":"2016-05-31T09:51:03","guid":{"rendered":"http:\/\/eldigitaldeasturias.com\/magazine365\/?p=77149"},"modified":"2016-05-31T11:51:03","modified_gmt":"2016-05-31T09:51:03","slug":"la-asociacion-gastronomia-jaen-desarrollara-en-junio-el-certamen-de-tapas-por-jaen","status":"publish","type":"post","link":"https:\/\/eldigitaldeasturias.com\/magazine365\/la-asociacion-gastronomia-jaen-desarrollara-en-junio-el-certamen-de-tapas-por-jaen\/","title":{"rendered":"La Asociaci\u00f3n Gastronom\u00eda Ja\u00e9n desarrollar\u00e1 en junio el certamen &#8216;De tapas por Ja\u00e9n&#8217;"},"content":{"rendered":"<p><img fetchpriority=\"high\" decoding=\"async\" class=\"alignleft size-medium wp-image-77150\" src=\"https:\/\/eldigitaldeasturias.com\/magazine365\/wp-content\/uploads\/2016\/05\/fotonoticia_20160530115934_800-214x300.jpg\" alt=\"fotonoticia_20160530115934_800\" width=\"214\" height=\"300\" srcset=\"https:\/\/eldigitaldeasturias.com\/magazine365\/wp-content\/uploads\/2016\/05\/fotonoticia_20160530115934_800-214x300.jpg 214w, https:\/\/eldigitaldeasturias.com\/magazine365\/wp-content\/uploads\/2016\/05\/fotonoticia_20160530115934_800-457x640.jpg 457w, https:\/\/eldigitaldeasturias.com\/magazine365\/wp-content\/uploads\/2016\/05\/fotonoticia_20160530115934_800-768x1075.jpg 768w, https:\/\/eldigitaldeasturias.com\/magazine365\/wp-content\/uploads\/2016\/05\/fotonoticia_20160530115934_800-150x210.jpg 150w, https:\/\/eldigitaldeasturias.com\/magazine365\/wp-content\/uploads\/2016\/05\/fotonoticia_20160530115934_800-450x630.jpg 450w, https:\/\/eldigitaldeasturias.com\/magazine365\/wp-content\/uploads\/2016\/05\/fotonoticia_20160530115934_800.jpg 800w\" sizes=\"(max-width: 214px) 100vw, 214px\" \/>Con motivo del D\u00eda Internacional de la Tapa el pr\u00f3ximo 16 de junio, la Asociaci\u00f3n Gastronom\u00eda Ja\u00e9n promueve un certamen gastron\u00f3mico en la provincia con el nombre &#8216;De tapas por Ja\u00e9n&#8217;, que cuenta con el patrocinio del Ayuntamiento, y por el que los establecimientos participantes dispondr\u00e1n de una tapa de \u00abgran calidad\u00bb a precio \u00absimb\u00f3lico\u00bb de 2,50 euros con refresco o cerveza incluida durante los d\u00edas 16, 17, 18 y 19 del pr\u00f3ximo mes de junio.<\/p>\n<p>Seg\u00fan ha informado la citada asociaci\u00f3n en una nota, toda la informaci\u00f3n de la ruta gastron\u00f3mica estar\u00e1 disponible en la web &#8216;www.gastronomiajaen.es&#8217;, as\u00ed como en las redes sociales Facebook y Twitter &#8216;@GastronomiaJaen&#8217;, donde adem\u00e1s los clientes podr\u00e1n votar sus tapas preferidas y formar parte de un sorteo de grandes premios. Tambi\u00e9n podr\u00e1n hacerlo a trav\u00e9s de la &#8216;app&#8217; m\u00f3vil Gastronom\u00eda Ja\u00e9n.<\/p>\n<p>Entre los premios que se ofrecen en el certamen destacan una estancia de fin de semana para dos personas en el Hotel cinco estrellas &#8216;Palacio de \u00dabeda&#8217; en r\u00e9gimen de media pensi\u00f3n (una noche); una estancia para dos personas en el Parador de Santa Catalina incluyendo desayunos buffet y men\u00fa &#8216;Paradores &amp; Mario Sandoval&#8217;; un pack regalo &#8216;Magia en Andaluc\u00eda&#8217;; una televisi\u00f3n con pantalla plana de 19 pulgadas y una &#8216;Tablet 10&#8217;.<\/p>\n<p>Los establecimientos que deseen participar tienen hasta el d\u00eda 3 de junio para realizar su inscripci\u00f3n. De momento participan 28 establecimientos de distintas localidades como Ja\u00e9n, Alcaudete, Baeza, Bail\u00e9n, Cazorla, La Carolina, Linares, Mancha Real, Martos, Mengibar, Pegalajar, \u00dabeda, Villargordo y Torreperogil.<\/p>\n<p>Los establecimientos participan en un certamen gastron\u00f3mico profesional que se celebrar\u00e1 entre el 27 y 29 de junio en la Caser\u00eda de Las Palmeras de Ja\u00e9n, y en el que desconocer\u00e1n los ingredientes a utilizar para elaborar la tapa a presentar al jurado, que adem\u00e1s saldr\u00e1 de cocina con un n\u00famero que s\u00f3lo conocer\u00e1 un miembro de la Asociaci\u00f3n.<\/p>\n<p>En este certamen se seleccionar\u00e1 al &#8216;Mejor cocinero provincial&#8217;, al &#8216;Mejor en creatividad&#8217; y a la &#8216;Mayor innovaci\u00f3n&#8217;.<\/p>\n","protected":false},"excerpt":{"rendered":"<p>Con motivo del D\u00eda Internacional de la Tapa el pr\u00f3ximo 16 de junio, la Asociaci\u00f3n Gastronom\u00eda Ja\u00e9n promueve un certamen gastron\u00f3mico en la provincia con el nombre &#8216;De tapas por Ja\u00e9n&#8217;, que cuenta con el patrocinio del Ayuntamiento, y por el que los establecimientos participantes dispondr\u00e1n de una tapa de \u00abgran calidad\u00bb a precio \u00absimb\u00f3lico\u00bb<\/p>\n","protected":false},"author":1,"featured_media":77150,"comment_status":"open","ping_status":"closed","sticky":false,"template":"","format":"standard","meta":{"footnotes":""},"categories":[224],"tags":[],"class_list":{"0":"post-77149","1":"post","2":"type-post","3":"status-publish","4":"format-standard","5":"has-post-thumbnail","7":"category-noticias-actualidad"},"aioseo_notices":[],"aioseo_head":"\n\t\t<!-- All in One SEO Pro 4.9.6.1 - aioseo.com -->\n\t<meta name=\"description\" content=\"Con motivo del D\u00eda Internacional de la Tapa el pr\u00f3ximo 16 de junio, la Asociaci\u00f3n Gastronom\u00eda Ja\u00e9n promueve un certamen gastron\u00f3mico en la provincia con el nombre &#039;De tapas por Ja\u00e9n&#039;, que cuenta con el patrocinio del Ayuntamiento, y por el que los establecimientos participantes dispondr\u00e1n de una tapa de &quot;gran calidad&quot; a precio &quot;simb\u00f3lico&quot;\" \/>\n\t<meta name=\"robots\" content=\"max-image-preview:large\" \/>\n\t<meta name=\"author\" content=\"admin\"\/>\n\t<meta name=\"google-site-verification\" content=\"UA-38556648-1\" \/>\n\t<meta name=\"keywords\" content=\"noticias y actualidad\" \/>\n\t<link rel=\"canonical\" href=\"https:\/\/eldigitaldeasturias.com\/magazine365\/la-asociacion-gastronomia-jaen-desarrollara-en-junio-el-certamen-de-tapas-por-jaen\/\" \/>\n\t<meta name=\"generator\" content=\"All in One SEO Pro (AIOSEO) 4.9.6.1\" \/>\n\t\t<meta property=\"og:locale\" content=\"es_ES\" \/>\n\t\t<meta property=\"og:site_name\" content=\"El Digital de Asturias \u2013 Revista de ocio, turismo y estilo de vida\" \/>\n\t\t<meta property=\"og:type\" content=\"article\" \/>\n\t\t<meta property=\"og:title\" content=\"La Asociaci\u00f3n Gastronom\u00eda Ja\u00e9n desarrollar\u00e1 en junio el certamen \u2018De tapas por Ja\u00e9n\u2019 | El Digital de Asturias\" \/>\n\t\t<meta property=\"og:description\" content=\"Con motivo del D\u00eda Internacional de la Tapa el pr\u00f3ximo 16 de junio, la Asociaci\u00f3n Gastronom\u00eda Ja\u00e9n promueve un certamen gastron\u00f3mico en la provincia con el nombre &#039;De tapas por Ja\u00e9n&#039;, que cuenta con el patrocinio del Ayuntamiento, y por el que los establecimientos participantes dispondr\u00e1n de una tapa de &quot;gran calidad&quot; a precio &quot;simb\u00f3lico&quot;\" \/>\n\t\t<meta property=\"og:url\" content=\"https:\/\/eldigitaldeasturias.com\/magazine365\/la-asociacion-gastronomia-jaen-desarrollara-en-junio-el-certamen-de-tapas-por-jaen\/\" \/>\n\t\t<meta property=\"og:image\" content=\"https:\/\/eldigitaldeasturias.com\/magazine365\/wp-content\/uploads\/2016\/05\/fotonoticia_20160530115934_800.jpg\" \/>\n\t\t<meta property=\"og:image:secure_url\" content=\"https:\/\/eldigitaldeasturias.com\/magazine365\/wp-content\/uploads\/2016\/05\/fotonoticia_20160530115934_800.jpg\" \/>\n\t\t<meta property=\"og:image:width\" content=\"800\" \/>\n\t\t<meta property=\"og:image:height\" content=\"1120\" \/>\n\t\t<meta property=\"article:published_time\" content=\"2016-05-31T09:51:03+00:00\" \/>\n\t\t<meta property=\"article:modified_time\" content=\"2016-05-31T09:51:03+00:00\" \/>\n\t\t<meta name=\"twitter:card\" content=\"summary_large_image\" \/>\n\t\t<meta name=\"twitter:title\" content=\"La Asociaci\u00f3n Gastronom\u00eda Ja\u00e9n desarrollar\u00e1 en junio el certamen \u2018De tapas por Ja\u00e9n\u2019 | El Digital de Asturias\" \/>\n\t\t<meta name=\"twitter:description\" content=\"Con motivo del D\u00eda Internacional de la Tapa el pr\u00f3ximo 16 de junio, la Asociaci\u00f3n Gastronom\u00eda Ja\u00e9n promueve un certamen gastron\u00f3mico en la provincia con el nombre &#039;De tapas por Ja\u00e9n&#039;, que cuenta con el patrocinio del Ayuntamiento, y por el que los establecimientos participantes dispondr\u00e1n de una tapa de &quot;gran calidad&quot; a precio &quot;simb\u00f3lico&quot;\" \/>\n\t\t<meta name=\"twitter:image\" content=\"https:\/\/eldigitaldeasturias.com\/magazine365\/wp-content\/uploads\/2016\/05\/fotonoticia_20160530115934_800.jpg\" \/>\n\t\t<script type=\"application\/ld+json\" class=\"aioseo-schema\">\n\t\t\t{\"@context\":\"https:\\\/\\\/schema.org\",\"@graph\":[{\"@type\":\"Article\",\"@id\":\"https:\\\/\\\/eldigitaldeasturias.com\\\/magazine365\\\/la-asociacion-gastronomia-jaen-desarrollara-en-junio-el-certamen-de-tapas-por-jaen\\\/#article\",\"name\":\"La Asociaci\\u00f3n Gastronom\\u00eda Ja\\u00e9n desarrollar\\u00e1 en junio el certamen \\u2018De tapas por Ja\\u00e9n\\u2019 | El Digital de Asturias\",\"headline\":\"La Asociaci\\u00f3n Gastronom\\u00eda Ja\\u00e9n desarrollar\\u00e1 en junio el certamen &#8216;De tapas por Ja\\u00e9n&#8217;\",\"author\":{\"@id\":\"https:\\\/\\\/eldigitaldeasturias.com\\\/magazine365\\\/author\\\/admin\\\/#author\"},\"publisher\":{\"@id\":\"https:\\\/\\\/eldigitaldeasturias.com\\\/magazine365\\\/#organization\"},\"image\":{\"@type\":\"ImageObject\",\"url\":\"https:\\\/\\\/eldigitaldeasturias.com\\\/magazine365\\\/wp-content\\\/uploads\\\/2016\\\/05\\\/fotonoticia_20160530115934_800.jpg\",\"width\":800,\"height\":1120},\"datePublished\":\"2016-05-31T11:51:03+02:00\",\"dateModified\":\"2016-05-31T11:51:03+02:00\",\"inLanguage\":\"es-ES\",\"mainEntityOfPage\":{\"@id\":\"https:\\\/\\\/eldigitaldeasturias.com\\\/magazine365\\\/la-asociacion-gastronomia-jaen-desarrollara-en-junio-el-certamen-de-tapas-por-jaen\\\/#webpage\"},\"isPartOf\":{\"@id\":\"https:\\\/\\\/eldigitaldeasturias.com\\\/magazine365\\\/la-asociacion-gastronomia-jaen-desarrollara-en-junio-el-certamen-de-tapas-por-jaen\\\/#webpage\"},\"articleSection\":\"Noticias y Actualidad\"},{\"@type\":\"BreadcrumbList\",\"@id\":\"https:\\\/\\\/eldigitaldeasturias.com\\\/magazine365\\\/la-asociacion-gastronomia-jaen-desarrollara-en-junio-el-certamen-de-tapas-por-jaen\\\/#breadcrumblist\",\"itemListElement\":[{\"@type\":\"ListItem\",\"@id\":\"https:\\\/\\\/eldigitaldeasturias.com\\\/magazine365#listItem\",\"position\":1,\"name\":\"Home\",\"item\":\"https:\\\/\\\/eldigitaldeasturias.com\\\/magazine365\",\"nextItem\":{\"@type\":\"ListItem\",\"@id\":\"https:\\\/\\\/eldigitaldeasturias.com\\\/magazine365\\\/category\\\/noticias-actualidad\\\/#listItem\",\"name\":\"Noticias y Actualidad\"}},{\"@type\":\"ListItem\",\"@id\":\"https:\\\/\\\/eldigitaldeasturias.com\\\/magazine365\\\/category\\\/noticias-actualidad\\\/#listItem\",\"position\":2,\"name\":\"Noticias y Actualidad\",\"item\":\"https:\\\/\\\/eldigitaldeasturias.com\\\/magazine365\\\/category\\\/noticias-actualidad\\\/\",\"nextItem\":{\"@type\":\"ListItem\",\"@id\":\"https:\\\/\\\/eldigitaldeasturias.com\\\/magazine365\\\/la-asociacion-gastronomia-jaen-desarrollara-en-junio-el-certamen-de-tapas-por-jaen\\\/#listItem\",\"name\":\"La Asociaci\\u00f3n Gastronom\\u00eda Ja\\u00e9n desarrollar\\u00e1 en junio el certamen &#8216;De tapas por Ja\\u00e9n&#8217;\"},\"previousItem\":{\"@type\":\"ListItem\",\"@id\":\"https:\\\/\\\/eldigitaldeasturias.com\\\/magazine365#listItem\",\"name\":\"Home\"}},{\"@type\":\"ListItem\",\"@id\":\"https:\\\/\\\/eldigitaldeasturias.com\\\/magazine365\\\/la-asociacion-gastronomia-jaen-desarrollara-en-junio-el-certamen-de-tapas-por-jaen\\\/#listItem\",\"position\":3,\"name\":\"La Asociaci\\u00f3n Gastronom\\u00eda Ja\\u00e9n desarrollar\\u00e1 en junio el certamen &#8216;De tapas por Ja\\u00e9n&#8217;\",\"previousItem\":{\"@type\":\"ListItem\",\"@id\":\"https:\\\/\\\/eldigitaldeasturias.com\\\/magazine365\\\/category\\\/noticias-actualidad\\\/#listItem\",\"name\":\"Noticias y Actualidad\"}}]},{\"@type\":\"Organization\",\"@id\":\"https:\\\/\\\/eldigitaldeasturias.com\\\/magazine365\\\/#organization\",\"name\":\"El digital de Asturias\",\"description\":\"Revista de ocio, turismo y estilo de vida\",\"url\":\"https:\\\/\\\/eldigitaldeasturias.com\\\/magazine365\\\/\",\"logo\":{\"@type\":\"ImageObject\",\"url\":\"https:\\\/\\\/www.eldigitaldeasturias.com\\\/noticias\\\/wp-content\\\/uploads\\\/2020\\\/12\\\/EDA.jpg\",\"@id\":\"https:\\\/\\\/eldigitaldeasturias.com\\\/magazine365\\\/la-asociacion-gastronomia-jaen-desarrollara-en-junio-el-certamen-de-tapas-por-jaen\\\/#organizationLogo\"},\"image\":{\"@id\":\"https:\\\/\\\/eldigitaldeasturias.com\\\/magazine365\\\/la-asociacion-gastronomia-jaen-desarrollara-en-junio-el-certamen-de-tapas-por-jaen\\\/#organizationLogo\"}},{\"@type\":\"Person\",\"@id\":\"https:\\\/\\\/eldigitaldeasturias.com\\\/magazine365\\\/author\\\/admin\\\/#author\",\"url\":\"https:\\\/\\\/eldigitaldeasturias.com\\\/magazine365\\\/author\\\/admin\\\/\",\"name\":\"admin\",\"image\":{\"@type\":\"ImageObject\",\"@id\":\"https:\\\/\\\/eldigitaldeasturias.com\\\/magazine365\\\/la-asociacion-gastronomia-jaen-desarrollara-en-junio-el-certamen-de-tapas-por-jaen\\\/#authorImage\",\"url\":\"https:\\\/\\\/eldigitaldeasturias.com\\\/magazine365\\\/wp-content\\\/litespeed\\\/avatar\\\/e571bcf59a0edd6fa6838245a470f2fe.jpg?ver=1776969259\",\"width\":96,\"height\":96,\"caption\":\"admin\"}},{\"@type\":\"WebPage\",\"@id\":\"https:\\\/\\\/eldigitaldeasturias.com\\\/magazine365\\\/la-asociacion-gastronomia-jaen-desarrollara-en-junio-el-certamen-de-tapas-por-jaen\\\/#webpage\",\"url\":\"https:\\\/\\\/eldigitaldeasturias.com\\\/magazine365\\\/la-asociacion-gastronomia-jaen-desarrollara-en-junio-el-certamen-de-tapas-por-jaen\\\/\",\"name\":\"La Asociaci\\u00f3n Gastronom\\u00eda Ja\\u00e9n desarrollar\\u00e1 en junio el certamen \\u2018De tapas por Ja\\u00e9n\\u2019 | El Digital de Asturias\",\"description\":\"Con motivo del D\\u00eda Internacional de la Tapa el pr\\u00f3ximo 16 de junio, la Asociaci\\u00f3n Gastronom\\u00eda Ja\\u00e9n promueve un certamen gastron\\u00f3mico en la provincia con el nombre 'De tapas por Ja\\u00e9n', que cuenta con el patrocinio del Ayuntamiento, y por el que los establecimientos participantes dispondr\\u00e1n de una tapa de \\\"gran calidad\\\" a precio \\\"simb\\u00f3lico\\\"\",\"inLanguage\":\"es-ES\",\"isPartOf\":{\"@id\":\"https:\\\/\\\/eldigitaldeasturias.com\\\/magazine365\\\/#website\"},\"breadcrumb\":{\"@id\":\"https:\\\/\\\/eldigitaldeasturias.com\\\/magazine365\\\/la-asociacion-gastronomia-jaen-desarrollara-en-junio-el-certamen-de-tapas-por-jaen\\\/#breadcrumblist\"},\"author\":{\"@id\":\"https:\\\/\\\/eldigitaldeasturias.com\\\/magazine365\\\/author\\\/admin\\\/#author\"},\"creator\":{\"@id\":\"https:\\\/\\\/eldigitaldeasturias.com\\\/magazine365\\\/author\\\/admin\\\/#author\"},\"image\":{\"@type\":\"ImageObject\",\"url\":\"https:\\\/\\\/eldigitaldeasturias.com\\\/magazine365\\\/wp-content\\\/uploads\\\/2016\\\/05\\\/fotonoticia_20160530115934_800.jpg\",\"@id\":\"https:\\\/\\\/eldigitaldeasturias.com\\\/magazine365\\\/la-asociacion-gastronomia-jaen-desarrollara-en-junio-el-certamen-de-tapas-por-jaen\\\/#mainImage\",\"width\":800,\"height\":1120},\"primaryImageOfPage\":{\"@id\":\"https:\\\/\\\/eldigitaldeasturias.com\\\/magazine365\\\/la-asociacion-gastronomia-jaen-desarrollara-en-junio-el-certamen-de-tapas-por-jaen\\\/#mainImage\"},\"datePublished\":\"2016-05-31T11:51:03+02:00\",\"dateModified\":\"2016-05-31T11:51:03+02:00\"},{\"@type\":\"WebSite\",\"@id\":\"https:\\\/\\\/eldigitaldeasturias.com\\\/magazine365\\\/#website\",\"url\":\"https:\\\/\\\/eldigitaldeasturias.com\\\/magazine365\\\/\",\"name\":\"El Digital de Asturias\",\"description\":\"Revista de ocio, turismo y estilo de vida\",\"inLanguage\":\"es-ES\",\"publisher\":{\"@id\":\"https:\\\/\\\/eldigitaldeasturias.com\\\/magazine365\\\/#organization\"}}]}\n\t\t<\/script>\n\t\t<!-- All in One SEO Pro -->\r\n\t\t<title>La Asociaci\u00f3n Gastronom\u00eda Ja\u00e9n desarrollar\u00e1 en junio el certamen \u2018De tapas por Ja\u00e9n\u2019 | El Digital de Asturias<\/title>\n\n","aioseo_head_json":{"title":"La Asociaci\u00f3n Gastronom\u00eda Ja\u00e9n desarrollar\u00e1 en junio el certamen \u2018De tapas por Ja\u00e9n\u2019 | El Digital de Asturias","description":"Con motivo del D\u00eda Internacional de la Tapa el pr\u00f3ximo 16 de junio, la Asociaci\u00f3n Gastronom\u00eda Ja\u00e9n promueve un certamen gastron\u00f3mico en la provincia con el nombre 'De tapas por Ja\u00e9n', que cuenta con el patrocinio del Ayuntamiento, y por el que los establecimientos participantes dispondr\u00e1n de una tapa de \"gran calidad\" a precio \"simb\u00f3lico\"","canonical_url":"https:\/\/eldigitaldeasturias.com\/magazine365\/la-asociacion-gastronomia-jaen-desarrollara-en-junio-el-certamen-de-tapas-por-jaen\/","robots":"max-image-preview:large","keywords":"noticias y actualidad","webmasterTools":{"google-site-verification":"UA-38556648-1","miscellaneous":""},"schema":{"@context":"https:\/\/schema.org","@graph":[{"@type":"Article","@id":"https:\/\/eldigitaldeasturias.com\/magazine365\/la-asociacion-gastronomia-jaen-desarrollara-en-junio-el-certamen-de-tapas-por-jaen\/#article","name":"La Asociaci\u00f3n Gastronom\u00eda Ja\u00e9n desarrollar\u00e1 en junio el certamen \u2018De tapas por Ja\u00e9n\u2019 | El Digital de Asturias","headline":"La Asociaci\u00f3n Gastronom\u00eda Ja\u00e9n desarrollar\u00e1 en junio el certamen &#8216;De tapas por Ja\u00e9n&#8217;","author":{"@id":"https:\/\/eldigitaldeasturias.com\/magazine365\/author\/admin\/#author"},"publisher":{"@id":"https:\/\/eldigitaldeasturias.com\/magazine365\/#organization"},"image":{"@type":"ImageObject","url":"https:\/\/eldigitaldeasturias.com\/magazine365\/wp-content\/uploads\/2016\/05\/fotonoticia_20160530115934_800.jpg","width":800,"height":1120},"datePublished":"2016-05-31T11:51:03+02:00","dateModified":"2016-05-31T11:51:03+02:00","inLanguage":"es-ES","mainEntityOfPage":{"@id":"https:\/\/eldigitaldeasturias.com\/magazine365\/la-asociacion-gastronomia-jaen-desarrollara-en-junio-el-certamen-de-tapas-por-jaen\/#webpage"},"isPartOf":{"@id":"https:\/\/eldigitaldeasturias.com\/magazine365\/la-asociacion-gastronomia-jaen-desarrollara-en-junio-el-certamen-de-tapas-por-jaen\/#webpage"},"articleSection":"Noticias y Actualidad"},{"@type":"BreadcrumbList","@id":"https:\/\/eldigitaldeasturias.com\/magazine365\/la-asociacion-gastronomia-jaen-desarrollara-en-junio-el-certamen-de-tapas-por-jaen\/#breadcrumblist","itemListElement":[{"@type":"ListItem","@id":"https:\/\/eldigitaldeasturias.com\/magazine365#listItem","position":1,"name":"Home","item":"https:\/\/eldigitaldeasturias.com\/magazine365","nextItem":{"@type":"ListItem","@id":"https:\/\/eldigitaldeasturias.com\/magazine365\/category\/noticias-actualidad\/#listItem","name":"Noticias y Actualidad"}},{"@type":"ListItem","@id":"https:\/\/eldigitaldeasturias.com\/magazine365\/category\/noticias-actualidad\/#listItem","position":2,"name":"Noticias y Actualidad","item":"https:\/\/eldigitaldeasturias.com\/magazine365\/category\/noticias-actualidad\/","nextItem":{"@type":"ListItem","@id":"https:\/\/eldigitaldeasturias.com\/magazine365\/la-asociacion-gastronomia-jaen-desarrollara-en-junio-el-certamen-de-tapas-por-jaen\/#listItem","name":"La Asociaci\u00f3n Gastronom\u00eda Ja\u00e9n desarrollar\u00e1 en junio el certamen &#8216;De tapas por Ja\u00e9n&#8217;"},"previousItem":{"@type":"ListItem","@id":"https:\/\/eldigitaldeasturias.com\/magazine365#listItem","name":"Home"}},{"@type":"ListItem","@id":"https:\/\/eldigitaldeasturias.com\/magazine365\/la-asociacion-gastronomia-jaen-desarrollara-en-junio-el-certamen-de-tapas-por-jaen\/#listItem","position":3,"name":"La Asociaci\u00f3n Gastronom\u00eda Ja\u00e9n desarrollar\u00e1 en junio el certamen &#8216;De tapas por Ja\u00e9n&#8217;","previousItem":{"@type":"ListItem","@id":"https:\/\/eldigitaldeasturias.com\/magazine365\/category\/noticias-actualidad\/#listItem","name":"Noticias y Actualidad"}}]},{"@type":"Organization","@id":"https:\/\/eldigitaldeasturias.com\/magazine365\/#organization","name":"El digital de Asturias","description":"Revista de ocio, turismo y estilo de vida","url":"https:\/\/eldigitaldeasturias.com\/magazine365\/","logo":{"@type":"ImageObject","url":"https:\/\/www.eldigitaldeasturias.com\/noticias\/wp-content\/uploads\/2020\/12\/EDA.jpg","@id":"https:\/\/eldigitaldeasturias.com\/magazine365\/la-asociacion-gastronomia-jaen-desarrollara-en-junio-el-certamen-de-tapas-por-jaen\/#organizationLogo"},"image":{"@id":"https:\/\/eldigitaldeasturias.com\/magazine365\/la-asociacion-gastronomia-jaen-desarrollara-en-junio-el-certamen-de-tapas-por-jaen\/#organizationLogo"}},{"@type":"Person","@id":"https:\/\/eldigitaldeasturias.com\/magazine365\/author\/admin\/#author","url":"https:\/\/eldigitaldeasturias.com\/magazine365\/author\/admin\/","name":"admin","image":{"@type":"ImageObject","@id":"https:\/\/eldigitaldeasturias.com\/magazine365\/la-asociacion-gastronomia-jaen-desarrollara-en-junio-el-certamen-de-tapas-por-jaen\/#authorImage","url":"https:\/\/eldigitaldeasturias.com\/magazine365\/wp-content\/litespeed\/avatar\/e571bcf59a0edd6fa6838245a470f2fe.jpg?ver=1776969259","width":96,"height":96,"caption":"admin"}},{"@type":"WebPage","@id":"https:\/\/eldigitaldeasturias.com\/magazine365\/la-asociacion-gastronomia-jaen-desarrollara-en-junio-el-certamen-de-tapas-por-jaen\/#webpage","url":"https:\/\/eldigitaldeasturias.com\/magazine365\/la-asociacion-gastronomia-jaen-desarrollara-en-junio-el-certamen-de-tapas-por-jaen\/","name":"La Asociaci\u00f3n Gastronom\u00eda Ja\u00e9n desarrollar\u00e1 en junio el certamen \u2018De tapas por Ja\u00e9n\u2019 | El Digital de Asturias","description":"Con motivo del D\u00eda Internacional de la Tapa el pr\u00f3ximo 16 de junio, la Asociaci\u00f3n Gastronom\u00eda Ja\u00e9n promueve un certamen gastron\u00f3mico en la provincia con el nombre 'De tapas por Ja\u00e9n', que cuenta con el patrocinio del Ayuntamiento, y por el que los establecimientos participantes dispondr\u00e1n de una tapa de \"gran calidad\" a precio \"simb\u00f3lico\"","inLanguage":"es-ES","isPartOf":{"@id":"https:\/\/eldigitaldeasturias.com\/magazine365\/#website"},"breadcrumb":{"@id":"https:\/\/eldigitaldeasturias.com\/magazine365\/la-asociacion-gastronomia-jaen-desarrollara-en-junio-el-certamen-de-tapas-por-jaen\/#breadcrumblist"},"author":{"@id":"https:\/\/eldigitaldeasturias.com\/magazine365\/author\/admin\/#author"},"creator":{"@id":"https:\/\/eldigitaldeasturias.com\/magazine365\/author\/admin\/#author"},"image":{"@type":"ImageObject","url":"https:\/\/eldigitaldeasturias.com\/magazine365\/wp-content\/uploads\/2016\/05\/fotonoticia_20160530115934_800.jpg","@id":"https:\/\/eldigitaldeasturias.com\/magazine365\/la-asociacion-gastronomia-jaen-desarrollara-en-junio-el-certamen-de-tapas-por-jaen\/#mainImage","width":800,"height":1120},"primaryImageOfPage":{"@id":"https:\/\/eldigitaldeasturias.com\/magazine365\/la-asociacion-gastronomia-jaen-desarrollara-en-junio-el-certamen-de-tapas-por-jaen\/#mainImage"},"datePublished":"2016-05-31T11:51:03+02:00","dateModified":"2016-05-31T11:51:03+02:00"},{"@type":"WebSite","@id":"https:\/\/eldigitaldeasturias.com\/magazine365\/#website","url":"https:\/\/eldigitaldeasturias.com\/magazine365\/","name":"El Digital de Asturias","description":"Revista de ocio, turismo y estilo de vida","inLanguage":"es-ES","publisher":{"@id":"https:\/\/eldigitaldeasturias.com\/magazine365\/#organization"}}]},"og:locale":"es_ES","og:site_name":"El Digital de Asturias \u2013 Revista de ocio, turismo y estilo de vida","og:type":"article","og:title":"La Asociaci\u00f3n Gastronom\u00eda Ja\u00e9n desarrollar\u00e1 en junio el certamen \u2018De tapas por Ja\u00e9n\u2019 | El Digital de Asturias","og:description":"Con motivo del D\u00eda Internacional de la Tapa el pr\u00f3ximo 16 de junio, la Asociaci\u00f3n Gastronom\u00eda Ja\u00e9n promueve un certamen gastron\u00f3mico en la provincia con el nombre 'De tapas por Ja\u00e9n', que cuenta con el patrocinio del Ayuntamiento, y por el que los establecimientos participantes dispondr\u00e1n de una tapa de &quot;gran calidad&quot; a precio &quot;simb\u00f3lico&quot;","og:url":"https:\/\/eldigitaldeasturias.com\/magazine365\/la-asociacion-gastronomia-jaen-desarrollara-en-junio-el-certamen-de-tapas-por-jaen\/","og:image":"https:\/\/eldigitaldeasturias.com\/magazine365\/wp-content\/uploads\/2016\/05\/fotonoticia_20160530115934_800.jpg","og:image:secure_url":"https:\/\/eldigitaldeasturias.com\/magazine365\/wp-content\/uploads\/2016\/05\/fotonoticia_20160530115934_800.jpg","og:image:width":800,"og:image:height":1120,"article:published_time":"2016-05-31T09:51:03+00:00","article:modified_time":"2016-05-31T09:51:03+00:00","twitter:card":"summary_large_image","twitter:title":"La Asociaci\u00f3n Gastronom\u00eda Ja\u00e9n desarrollar\u00e1 en junio el certamen \u2018De tapas por Ja\u00e9n\u2019 | El Digital de Asturias","twitter:description":"Con motivo del D\u00eda Internacional de la Tapa el pr\u00f3ximo 16 de junio, la Asociaci\u00f3n Gastronom\u00eda Ja\u00e9n promueve un certamen gastron\u00f3mico en la provincia con el nombre 'De tapas por Ja\u00e9n', que cuenta con el patrocinio del Ayuntamiento, y por el que los establecimientos participantes dispondr\u00e1n de una tapa de &quot;gran calidad&quot; a precio &quot;simb\u00f3lico&quot;","twitter:image":"https:\/\/eldigitaldeasturias.com\/magazine365\/wp-content\/uploads\/2016\/05\/fotonoticia_20160530115934_800.jpg"},"aioseo_meta_data":{"post_id":"77149","title":null,"description":null,"keywords":null,"keyphrases":null,"primary_term":null,"canonical_url":null,"og_title":null,"og_description":null,"og_object_type":"default","og_image_type":"default","og_image_url":null,"og_image_width":null,"og_image_height":null,"og_image_custom_url":null,"og_image_custom_fields":null,"og_video":null,"og_custom_url":null,"og_article_section":null,"og_article_tags":null,"twitter_use_og":false,"twitter_card":"default","twitter_image_type":"default","twitter_image_url":null,"twitter_image_custom_url":null,"twitter_image_custom_fields":null,"twitter_title":null,"twitter_description":null,"schema":{"blockGraphs":[],"customGraphs":[],"default":{"data":{"Article":[],"Course":[],"Dataset":[],"FAQPage":[],"Movie":[],"Person":[],"Product":[],"ProductReview":[],"Car":[],"Recipe":[],"Service":[],"SoftwareApplication":[],"WebPage":[]},"graphName":"","isEnabled":true},"graphs":[],"defaultGraph":"","defaultPostTypeGraph":""},"schema_type":null,"schema_type_options":null,"pillar_content":false,"robots_default":true,"robots_noindex":false,"robots_noarchive":false,"robots_nosnippet":false,"robots_nofollow":false,"robots_noimageindex":false,"robots_noodp":false,"robots_notranslate":false,"robots_max_snippet":null,"robots_max_videopreview":null,"robots_max_imagepreview":"large","priority":null,"frequency":null,"location":null,"local_seo":null,"seo_analyzer_scan_date":"2025-09-27 14:12:22","breadcrumb_settings":null,"limit_modified_date":false,"open_ai":null,"ai":null,"created":"2021-03-08 18:18:49","updated":"2025-09-27 14:12:22"},"aioseo_breadcrumb":"<div class=\"aioseo-breadcrumbs\"><span class=\"aioseo-breadcrumb\">\n\t<a href=\"https:\/\/eldigitaldeasturias.com\/magazine365\" title=\"Home\">Home<\/a>\n<\/span><span class=\"aioseo-breadcrumb-separator\">\u2013<\/span><span class=\"aioseo-breadcrumb\">\n\t<a href=\"https:\/\/eldigitaldeasturias.com\/magazine365\/category\/noticias-actualidad\/\" title=\"Noticias y Actualidad\">Noticias y Actualidad<\/a>\n<\/span><span class=\"aioseo-breadcrumb-separator\">\u2013<\/span><span class=\"aioseo-breadcrumb\">\n\t<a href=\"https:\/\/eldigitaldeasturias.com\/magazine365\/la-asociacion-gastronomia-jaen-desarrollara-en-junio-el-certamen-de-tapas-por-jaen\/\" title=\"La Asociaci\u00f3n Gastronom\u00eda Ja\u00e9n desarrollar\u00e1 en junio el certamen \u2018De tapas por Ja\u00e9n\u2019\">La Asociaci\u00f3n Gastronom\u00eda Ja\u00e9n desarrollar\u00e1 en junio el certamen \u2018De tapas por Ja\u00e9n\u2019<\/a>\n<\/span><\/div>","aioseo_breadcrumb_json":[{"label":"Home","link":"https:\/\/eldigitaldeasturias.com\/magazine365"},{"label":"Noticias y Actualidad","link":"https:\/\/eldigitaldeasturias.com\/magazine365\/category\/noticias-actualidad\/"},{"label":"La Asociaci\u00f3n Gastronom\u00eda Ja\u00e9n desarrollar\u00e1 en junio el certamen &#8216;De tapas por Ja\u00e9n&#8217;","link":"https:\/\/eldigitaldeasturias.com\/magazine365\/la-asociacion-gastronomia-jaen-desarrollara-en-junio-el-certamen-de-tapas-por-jaen\/"}],"_links":{"self":[{"href":"https:\/\/eldigitaldeasturias.com\/magazine365\/wp-json\/wp\/v2\/posts\/77149","targetHints":{"allow":["GET"]}}],"collection":[{"href":"https:\/\/eldigitaldeasturias.com\/magazine365\/wp-json\/wp\/v2\/posts"}],"about":[{"href":"https:\/\/eldigitaldeasturias.com\/magazine365\/wp-json\/wp\/v2\/types\/post"}],"author":[{"embeddable":true,"href":"https:\/\/eldigitaldeasturias.com\/magazine365\/wp-json\/wp\/v2\/users\/1"}],"replies":[{"embeddable":true,"href":"https:\/\/eldigitaldeasturias.com\/magazine365\/wp-json\/wp\/v2\/comments?post=77149"}],"version-history":[{"count":0,"href":"https:\/\/eldigitaldeasturias.com\/magazine365\/wp-json\/wp\/v2\/posts\/77149\/revisions"}],"wp:featuredmedia":[{"embeddable":true,"href":"https:\/\/eldigitaldeasturias.com\/magazine365\/wp-json\/wp\/v2\/media\/77150"}],"wp:attachment":[{"href":"https:\/\/eldigitaldeasturias.com\/magazine365\/wp-json\/wp\/v2\/media?parent=77149"}],"wp:term":[{"taxonomy":"category","embeddable":true,"href":"https:\/\/eldigitaldeasturias.com\/magazine365\/wp-json\/wp\/v2\/categories?post=77149"},{"taxonomy":"post_tag","embeddable":true,"href":"https:\/\/eldigitaldeasturias.com\/magazine365\/wp-json\/wp\/v2\/tags?post=77149"}],"curies":[{"name":"wp","href":"https:\/\/api.w.org\/{rel}","templated":true}]}}