{"id":77137,"date":"2016-05-31T10:02:07","date_gmt":"2016-05-31T08:02:07","guid":{"rendered":"http:\/\/eldigitaldeasturias.com\/magazine365\/?p=77137"},"modified":"2016-05-31T10:02:07","modified_gmt":"2016-05-31T08:02:07","slug":"nace-la-plataforma-de-turismo-de-congresos-y-reuniones-de-castilla-la-mancha","status":"publish","type":"post","link":"https:\/\/eldigitaldeasturias.com\/magazine365\/nace-la-plataforma-de-turismo-de-congresos-y-reuniones-de-castilla-la-mancha\/","title":{"rendered":"Nace la Plataforma de Turismo de Congresos y Reuniones de Castilla-La Mancha"},"content":{"rendered":"<p><img fetchpriority=\"high\" decoding=\"async\" class=\"alignleft size-medium wp-image-77138\" src=\"https:\/\/eldigitaldeasturias.com\/magazine365\/wp-content\/uploads\/2016\/05\/fotonoticia_20160530112933_800-360x270.jpg\" alt=\"fotonoticia_20160530112933_800\" width=\"360\" height=\"270\" srcset=\"https:\/\/eldigitaldeasturias.com\/magazine365\/wp-content\/uploads\/2016\/05\/fotonoticia_20160530112933_800-360x270.jpg 360w, https:\/\/eldigitaldeasturias.com\/magazine365\/wp-content\/uploads\/2016\/05\/fotonoticia_20160530112933_800-650x488.jpg 650w, https:\/\/eldigitaldeasturias.com\/magazine365\/wp-content\/uploads\/2016\/05\/fotonoticia_20160530112933_800-768x576.jpg 768w, https:\/\/eldigitaldeasturias.com\/magazine365\/wp-content\/uploads\/2016\/05\/fotonoticia_20160530112933_800-150x113.jpg 150w, https:\/\/eldigitaldeasturias.com\/magazine365\/wp-content\/uploads\/2016\/05\/fotonoticia_20160530112933_800-450x338.jpg 450w, https:\/\/eldigitaldeasturias.com\/magazine365\/wp-content\/uploads\/2016\/05\/fotonoticia_20160530112933_800-90x67.jpg 90w, https:\/\/eldigitaldeasturias.com\/magazine365\/wp-content\/uploads\/2016\/05\/fotonoticia_20160530112933_800-164x124.jpg 164w, https:\/\/eldigitaldeasturias.com\/magazine365\/wp-content\/uploads\/2016\/05\/fotonoticia_20160530112933_800-100x75.jpg 100w, https:\/\/eldigitaldeasturias.com\/magazine365\/wp-content\/uploads\/2016\/05\/fotonoticia_20160530112933_800.jpg 800w\" sizes=\"(max-width: 360px) 100vw, 360px\" \/>El Gobierno regional ha impulsado la puesta en marcha de la Plataforma de Turismo de Congresos y Reuniones de Castilla-La Mancha, uno de los objetivos para este a\u00f1o 2016 incluidos en el Plan Estrat\u00e9gico de Turismo de la comunidad aut\u00f3noma.<\/p>\n<p>La consejera de Econom\u00eda, Empresas y Empleo, Patricia Franco, ha decidido priorizar el desarrollo de este instrumento para potenciar el turismo de congresos en la regi\u00f3n, \u00abun \u00e1rea de crecimiento econ\u00f3mico con un gran potencial de avance en los pr\u00f3ximos a\u00f1os si realizamos un buen diagn\u00f3stico de nuestros recursos y nos movemos en los canales adecuados, de la mano de las instituciones y entidades vinculados a este segmento tur\u00edstico\u00bb, ha informado la Junta en nota de prensa.<\/p>\n<p>De este modo, la directora general de Turismo, Ana Isabel Fern\u00e1ndez Samper, ha sido la encargada de constituir un grupo de trabajo esta semana, formado por las cinco diputaciones provinciales y distintas instituciones ya vinculadas al turismo de congresos.<\/p>\n<p>En esta primera reuni\u00f3n, celebrada en la Consejer\u00eda de Econom\u00eda, han participado representantes de la Diputaci\u00f3n de Toledo y de Cuenca, del Toledo Convention Bureau, del Quixote Convention Bureau y de la Asociaci\u00f3n Regional de Organizadores de Congresos.<\/p>\n<p>Un encuentro durante el que se han fijado las l\u00edneas principales de trabajo para el desarrollo del segmento de reuniones en la regi\u00f3n, que pasan, como detall\u00f3 Fern\u00e1ndez Samper, por \u00abestructurar la oferta regional de reuniones, incentivos, congresos y eventos en Castilla-La Mancha y crear una plataforma online donde se encuentre representada toda la oferta regional\u00bb.<\/p>\n<p>Fern\u00e1ndez Samper ha querido subrayar el apoyo recibido por parte de las diputaciones a las propuestas, as\u00ed como la voluntad mostrada por todos los participantes de prestar apoyo institucional a candidaturas de congresos de especial relevancia.<\/p>\n<p>Los integrantes de la Plataforma han decidido comenzar sus trabajos con la realizaci\u00f3n de un estudio de diagn\u00f3stico, \u00abque sirva de fotograf\u00eda de la situaci\u00f3n actual del segmento en Castilla-La Mancha tanto desde la \u00f3ptica de la oferta como desde la demanda, as\u00ed como la puesta en marcha de un panel de seguimiento que sirva como herramienta permanente para analizar los resultados de las acciones emprendidas\u00bb.<\/p>\n","protected":false},"excerpt":{"rendered":"<p>El Gobierno regional ha impulsado la puesta en marcha de la Plataforma de Turismo de Congresos y Reuniones de Castilla-La Mancha, uno de los objetivos para este a\u00f1o 2016 incluidos en el Plan Estrat\u00e9gico de Turismo de la comunidad aut\u00f3noma. La consejera de Econom\u00eda, Empresas y Empleo, Patricia Franco, ha decidido priorizar el desarrollo de<\/p>\n","protected":false},"author":1,"featured_media":77138,"comment_status":"open","ping_status":"closed","sticky":false,"template":"","format":"standard","meta":{"footnotes":""},"categories":[224],"tags":[],"class_list":{"0":"post-77137","1":"post","2":"type-post","3":"status-publish","4":"format-standard","5":"has-post-thumbnail","7":"category-noticias-actualidad"},"aioseo_notices":[],"aioseo_head":"\n\t\t<!-- All in One SEO Pro 4.9.6.1 - aioseo.com -->\n\t<meta name=\"description\" content=\"El Gobierno regional ha impulsado la puesta en marcha de la Plataforma de Turismo de Congresos y Reuniones de Castilla-La Mancha, uno de los objetivos para este a\u00f1o 2016 incluidos en el Plan Estrat\u00e9gico de Turismo de la comunidad aut\u00f3noma. La consejera de Econom\u00eda, Empresas y Empleo, Patricia Franco, ha decidido priorizar el desarrollo de\" \/>\n\t<meta name=\"robots\" content=\"max-image-preview:large\" \/>\n\t<meta name=\"author\" content=\"admin\"\/>\n\t<meta name=\"google-site-verification\" content=\"UA-38556648-1\" \/>\n\t<meta name=\"keywords\" content=\"noticias y actualidad\" \/>\n\t<link rel=\"canonical\" href=\"https:\/\/eldigitaldeasturias.com\/magazine365\/nace-la-plataforma-de-turismo-de-congresos-y-reuniones-de-castilla-la-mancha\/\" \/>\n\t<meta name=\"generator\" content=\"All in One SEO Pro (AIOSEO) 4.9.6.1\" \/>\n\t\t<meta property=\"og:locale\" content=\"es_ES\" \/>\n\t\t<meta property=\"og:site_name\" content=\"El Digital de Asturias \u2013 Revista de ocio, turismo y estilo de vida\" \/>\n\t\t<meta property=\"og:type\" content=\"article\" \/>\n\t\t<meta property=\"og:title\" content=\"Nace la Plataforma de Turismo de Congresos y Reuniones de Castilla-La Mancha | El Digital de Asturias\" \/>\n\t\t<meta property=\"og:description\" content=\"El Gobierno regional ha impulsado la puesta en marcha de la Plataforma de Turismo de Congresos y Reuniones de Castilla-La Mancha, uno de los objetivos para este a\u00f1o 2016 incluidos en el Plan Estrat\u00e9gico de Turismo de la comunidad aut\u00f3noma. La consejera de Econom\u00eda, Empresas y Empleo, Patricia Franco, ha decidido priorizar el desarrollo de\" \/>\n\t\t<meta property=\"og:url\" content=\"https:\/\/eldigitaldeasturias.com\/magazine365\/nace-la-plataforma-de-turismo-de-congresos-y-reuniones-de-castilla-la-mancha\/\" \/>\n\t\t<meta property=\"og:image\" content=\"https:\/\/eldigitaldeasturias.com\/magazine365\/wp-content\/uploads\/2016\/05\/fotonoticia_20160530112933_800.jpg\" \/>\n\t\t<meta property=\"og:image:secure_url\" content=\"https:\/\/eldigitaldeasturias.com\/magazine365\/wp-content\/uploads\/2016\/05\/fotonoticia_20160530112933_800.jpg\" \/>\n\t\t<meta property=\"og:image:width\" content=\"800\" \/>\n\t\t<meta property=\"og:image:height\" content=\"600\" \/>\n\t\t<meta property=\"article:published_time\" content=\"2016-05-31T08:02:07+00:00\" \/>\n\t\t<meta property=\"article:modified_time\" content=\"2016-05-31T08:02:07+00:00\" \/>\n\t\t<meta name=\"twitter:card\" content=\"summary_large_image\" \/>\n\t\t<meta name=\"twitter:title\" content=\"Nace la Plataforma de Turismo de Congresos y Reuniones de Castilla-La Mancha | El Digital de Asturias\" \/>\n\t\t<meta name=\"twitter:description\" content=\"El Gobierno regional ha impulsado la puesta en marcha de la Plataforma de Turismo de Congresos y Reuniones de Castilla-La Mancha, uno de los objetivos para este a\u00f1o 2016 incluidos en el Plan Estrat\u00e9gico de Turismo de la comunidad aut\u00f3noma. La consejera de Econom\u00eda, Empresas y Empleo, Patricia Franco, ha decidido priorizar el desarrollo de\" \/>\n\t\t<meta name=\"twitter:image\" content=\"https:\/\/eldigitaldeasturias.com\/magazine365\/wp-content\/uploads\/2016\/05\/fotonoticia_20160530112933_800.jpg\" \/>\n\t\t<script type=\"application\/ld+json\" class=\"aioseo-schema\">\n\t\t\t{\"@context\":\"https:\\\/\\\/schema.org\",\"@graph\":[{\"@type\":\"Article\",\"@id\":\"https:\\\/\\\/eldigitaldeasturias.com\\\/magazine365\\\/nace-la-plataforma-de-turismo-de-congresos-y-reuniones-de-castilla-la-mancha\\\/#article\",\"name\":\"Nace la Plataforma de Turismo de Congresos y Reuniones de Castilla-La Mancha | El Digital de Asturias\",\"headline\":\"Nace la Plataforma de Turismo de Congresos y Reuniones de Castilla-La Mancha\",\"author\":{\"@id\":\"https:\\\/\\\/eldigitaldeasturias.com\\\/magazine365\\\/author\\\/admin\\\/#author\"},\"publisher\":{\"@id\":\"https:\\\/\\\/eldigitaldeasturias.com\\\/magazine365\\\/#organization\"},\"image\":{\"@type\":\"ImageObject\",\"url\":\"https:\\\/\\\/eldigitaldeasturias.com\\\/magazine365\\\/wp-content\\\/uploads\\\/2016\\\/05\\\/fotonoticia_20160530112933_800.jpg\",\"width\":800,\"height\":600},\"datePublished\":\"2016-05-31T10:02:07+02:00\",\"dateModified\":\"2016-05-31T10:02:07+02:00\",\"inLanguage\":\"es-ES\",\"mainEntityOfPage\":{\"@id\":\"https:\\\/\\\/eldigitaldeasturias.com\\\/magazine365\\\/nace-la-plataforma-de-turismo-de-congresos-y-reuniones-de-castilla-la-mancha\\\/#webpage\"},\"isPartOf\":{\"@id\":\"https:\\\/\\\/eldigitaldeasturias.com\\\/magazine365\\\/nace-la-plataforma-de-turismo-de-congresos-y-reuniones-de-castilla-la-mancha\\\/#webpage\"},\"articleSection\":\"Noticias y Actualidad\"},{\"@type\":\"BreadcrumbList\",\"@id\":\"https:\\\/\\\/eldigitaldeasturias.com\\\/magazine365\\\/nace-la-plataforma-de-turismo-de-congresos-y-reuniones-de-castilla-la-mancha\\\/#breadcrumblist\",\"itemListElement\":[{\"@type\":\"ListItem\",\"@id\":\"https:\\\/\\\/eldigitaldeasturias.com\\\/magazine365#listItem\",\"position\":1,\"name\":\"Home\",\"item\":\"https:\\\/\\\/eldigitaldeasturias.com\\\/magazine365\",\"nextItem\":{\"@type\":\"ListItem\",\"@id\":\"https:\\\/\\\/eldigitaldeasturias.com\\\/magazine365\\\/category\\\/noticias-actualidad\\\/#listItem\",\"name\":\"Noticias y Actualidad\"}},{\"@type\":\"ListItem\",\"@id\":\"https:\\\/\\\/eldigitaldeasturias.com\\\/magazine365\\\/category\\\/noticias-actualidad\\\/#listItem\",\"position\":2,\"name\":\"Noticias y Actualidad\",\"item\":\"https:\\\/\\\/eldigitaldeasturias.com\\\/magazine365\\\/category\\\/noticias-actualidad\\\/\",\"nextItem\":{\"@type\":\"ListItem\",\"@id\":\"https:\\\/\\\/eldigitaldeasturias.com\\\/magazine365\\\/nace-la-plataforma-de-turismo-de-congresos-y-reuniones-de-castilla-la-mancha\\\/#listItem\",\"name\":\"Nace la Plataforma de Turismo de Congresos y Reuniones de Castilla-La Mancha\"},\"previousItem\":{\"@type\":\"ListItem\",\"@id\":\"https:\\\/\\\/eldigitaldeasturias.com\\\/magazine365#listItem\",\"name\":\"Home\"}},{\"@type\":\"ListItem\",\"@id\":\"https:\\\/\\\/eldigitaldeasturias.com\\\/magazine365\\\/nace-la-plataforma-de-turismo-de-congresos-y-reuniones-de-castilla-la-mancha\\\/#listItem\",\"position\":3,\"name\":\"Nace la Plataforma de Turismo de Congresos y Reuniones de Castilla-La Mancha\",\"previousItem\":{\"@type\":\"ListItem\",\"@id\":\"https:\\\/\\\/eldigitaldeasturias.com\\\/magazine365\\\/category\\\/noticias-actualidad\\\/#listItem\",\"name\":\"Noticias y Actualidad\"}}]},{\"@type\":\"Organization\",\"@id\":\"https:\\\/\\\/eldigitaldeasturias.com\\\/magazine365\\\/#organization\",\"name\":\"El digital de Asturias\",\"description\":\"Revista de ocio, turismo y estilo de vida\",\"url\":\"https:\\\/\\\/eldigitaldeasturias.com\\\/magazine365\\\/\",\"logo\":{\"@type\":\"ImageObject\",\"url\":\"https:\\\/\\\/www.eldigitaldeasturias.com\\\/noticias\\\/wp-content\\\/uploads\\\/2020\\\/12\\\/EDA.jpg\",\"@id\":\"https:\\\/\\\/eldigitaldeasturias.com\\\/magazine365\\\/nace-la-plataforma-de-turismo-de-congresos-y-reuniones-de-castilla-la-mancha\\\/#organizationLogo\"},\"image\":{\"@id\":\"https:\\\/\\\/eldigitaldeasturias.com\\\/magazine365\\\/nace-la-plataforma-de-turismo-de-congresos-y-reuniones-de-castilla-la-mancha\\\/#organizationLogo\"}},{\"@type\":\"Person\",\"@id\":\"https:\\\/\\\/eldigitaldeasturias.com\\\/magazine365\\\/author\\\/admin\\\/#author\",\"url\":\"https:\\\/\\\/eldigitaldeasturias.com\\\/magazine365\\\/author\\\/admin\\\/\",\"name\":\"admin\",\"image\":{\"@type\":\"ImageObject\",\"@id\":\"https:\\\/\\\/eldigitaldeasturias.com\\\/magazine365\\\/nace-la-plataforma-de-turismo-de-congresos-y-reuniones-de-castilla-la-mancha\\\/#authorImage\",\"url\":\"https:\\\/\\\/eldigitaldeasturias.com\\\/magazine365\\\/wp-content\\\/litespeed\\\/avatar\\\/e571bcf59a0edd6fa6838245a470f2fe.jpg?ver=1776969259\",\"width\":96,\"height\":96,\"caption\":\"admin\"}},{\"@type\":\"WebPage\",\"@id\":\"https:\\\/\\\/eldigitaldeasturias.com\\\/magazine365\\\/nace-la-plataforma-de-turismo-de-congresos-y-reuniones-de-castilla-la-mancha\\\/#webpage\",\"url\":\"https:\\\/\\\/eldigitaldeasturias.com\\\/magazine365\\\/nace-la-plataforma-de-turismo-de-congresos-y-reuniones-de-castilla-la-mancha\\\/\",\"name\":\"Nace la Plataforma de Turismo de Congresos y Reuniones de Castilla-La Mancha | El Digital de Asturias\",\"description\":\"El Gobierno regional ha impulsado la puesta en marcha de la Plataforma de Turismo de Congresos y Reuniones de Castilla-La Mancha, uno de los objetivos para este a\\u00f1o 2016 incluidos en el Plan Estrat\\u00e9gico de Turismo de la comunidad aut\\u00f3noma. La consejera de Econom\\u00eda, Empresas y Empleo, Patricia Franco, ha decidido priorizar el desarrollo de\",\"inLanguage\":\"es-ES\",\"isPartOf\":{\"@id\":\"https:\\\/\\\/eldigitaldeasturias.com\\\/magazine365\\\/#website\"},\"breadcrumb\":{\"@id\":\"https:\\\/\\\/eldigitaldeasturias.com\\\/magazine365\\\/nace-la-plataforma-de-turismo-de-congresos-y-reuniones-de-castilla-la-mancha\\\/#breadcrumblist\"},\"author\":{\"@id\":\"https:\\\/\\\/eldigitaldeasturias.com\\\/magazine365\\\/author\\\/admin\\\/#author\"},\"creator\":{\"@id\":\"https:\\\/\\\/eldigitaldeasturias.com\\\/magazine365\\\/author\\\/admin\\\/#author\"},\"image\":{\"@type\":\"ImageObject\",\"url\":\"https:\\\/\\\/eldigitaldeasturias.com\\\/magazine365\\\/wp-content\\\/uploads\\\/2016\\\/05\\\/fotonoticia_20160530112933_800.jpg\",\"@id\":\"https:\\\/\\\/eldigitaldeasturias.com\\\/magazine365\\\/nace-la-plataforma-de-turismo-de-congresos-y-reuniones-de-castilla-la-mancha\\\/#mainImage\",\"width\":800,\"height\":600},\"primaryImageOfPage\":{\"@id\":\"https:\\\/\\\/eldigitaldeasturias.com\\\/magazine365\\\/nace-la-plataforma-de-turismo-de-congresos-y-reuniones-de-castilla-la-mancha\\\/#mainImage\"},\"datePublished\":\"2016-05-31T10:02:07+02:00\",\"dateModified\":\"2016-05-31T10:02:07+02:00\"},{\"@type\":\"WebSite\",\"@id\":\"https:\\\/\\\/eldigitaldeasturias.com\\\/magazine365\\\/#website\",\"url\":\"https:\\\/\\\/eldigitaldeasturias.com\\\/magazine365\\\/\",\"name\":\"El Digital de Asturias\",\"description\":\"Revista de ocio, turismo y estilo de vida\",\"inLanguage\":\"es-ES\",\"publisher\":{\"@id\":\"https:\\\/\\\/eldigitaldeasturias.com\\\/magazine365\\\/#organization\"}}]}\n\t\t<\/script>\n\t\t<!-- All in One SEO Pro -->\r\n\t\t<title>Nace la Plataforma de Turismo de Congresos y Reuniones de Castilla-La Mancha | El Digital de Asturias<\/title>\n\n","aioseo_head_json":{"title":"Nace la Plataforma de Turismo de Congresos y Reuniones de Castilla-La Mancha | El Digital de Asturias","description":"El Gobierno regional ha impulsado la puesta en marcha de la Plataforma de Turismo de Congresos y Reuniones de Castilla-La Mancha, uno de los objetivos para este a\u00f1o 2016 incluidos en el Plan Estrat\u00e9gico de Turismo de la comunidad aut\u00f3noma. La consejera de Econom\u00eda, Empresas y Empleo, Patricia Franco, ha decidido priorizar el desarrollo de","canonical_url":"https:\/\/eldigitaldeasturias.com\/magazine365\/nace-la-plataforma-de-turismo-de-congresos-y-reuniones-de-castilla-la-mancha\/","robots":"max-image-preview:large","keywords":"noticias y actualidad","webmasterTools":{"google-site-verification":"UA-38556648-1","miscellaneous":""},"schema":{"@context":"https:\/\/schema.org","@graph":[{"@type":"Article","@id":"https:\/\/eldigitaldeasturias.com\/magazine365\/nace-la-plataforma-de-turismo-de-congresos-y-reuniones-de-castilla-la-mancha\/#article","name":"Nace la Plataforma de Turismo de Congresos y Reuniones de Castilla-La Mancha | El Digital de Asturias","headline":"Nace la Plataforma de Turismo de Congresos y Reuniones de Castilla-La Mancha","author":{"@id":"https:\/\/eldigitaldeasturias.com\/magazine365\/author\/admin\/#author"},"publisher":{"@id":"https:\/\/eldigitaldeasturias.com\/magazine365\/#organization"},"image":{"@type":"ImageObject","url":"https:\/\/eldigitaldeasturias.com\/magazine365\/wp-content\/uploads\/2016\/05\/fotonoticia_20160530112933_800.jpg","width":800,"height":600},"datePublished":"2016-05-31T10:02:07+02:00","dateModified":"2016-05-31T10:02:07+02:00","inLanguage":"es-ES","mainEntityOfPage":{"@id":"https:\/\/eldigitaldeasturias.com\/magazine365\/nace-la-plataforma-de-turismo-de-congresos-y-reuniones-de-castilla-la-mancha\/#webpage"},"isPartOf":{"@id":"https:\/\/eldigitaldeasturias.com\/magazine365\/nace-la-plataforma-de-turismo-de-congresos-y-reuniones-de-castilla-la-mancha\/#webpage"},"articleSection":"Noticias y Actualidad"},{"@type":"BreadcrumbList","@id":"https:\/\/eldigitaldeasturias.com\/magazine365\/nace-la-plataforma-de-turismo-de-congresos-y-reuniones-de-castilla-la-mancha\/#breadcrumblist","itemListElement":[{"@type":"ListItem","@id":"https:\/\/eldigitaldeasturias.com\/magazine365#listItem","position":1,"name":"Home","item":"https:\/\/eldigitaldeasturias.com\/magazine365","nextItem":{"@type":"ListItem","@id":"https:\/\/eldigitaldeasturias.com\/magazine365\/category\/noticias-actualidad\/#listItem","name":"Noticias y Actualidad"}},{"@type":"ListItem","@id":"https:\/\/eldigitaldeasturias.com\/magazine365\/category\/noticias-actualidad\/#listItem","position":2,"name":"Noticias y Actualidad","item":"https:\/\/eldigitaldeasturias.com\/magazine365\/category\/noticias-actualidad\/","nextItem":{"@type":"ListItem","@id":"https:\/\/eldigitaldeasturias.com\/magazine365\/nace-la-plataforma-de-turismo-de-congresos-y-reuniones-de-castilla-la-mancha\/#listItem","name":"Nace la Plataforma de Turismo de Congresos y Reuniones de Castilla-La Mancha"},"previousItem":{"@type":"ListItem","@id":"https:\/\/eldigitaldeasturias.com\/magazine365#listItem","name":"Home"}},{"@type":"ListItem","@id":"https:\/\/eldigitaldeasturias.com\/magazine365\/nace-la-plataforma-de-turismo-de-congresos-y-reuniones-de-castilla-la-mancha\/#listItem","position":3,"name":"Nace la Plataforma de Turismo de Congresos y Reuniones de Castilla-La Mancha","previousItem":{"@type":"ListItem","@id":"https:\/\/eldigitaldeasturias.com\/magazine365\/category\/noticias-actualidad\/#listItem","name":"Noticias y Actualidad"}}]},{"@type":"Organization","@id":"https:\/\/eldigitaldeasturias.com\/magazine365\/#organization","name":"El digital de Asturias","description":"Revista de ocio, turismo y estilo de vida","url":"https:\/\/eldigitaldeasturias.com\/magazine365\/","logo":{"@type":"ImageObject","url":"https:\/\/www.eldigitaldeasturias.com\/noticias\/wp-content\/uploads\/2020\/12\/EDA.jpg","@id":"https:\/\/eldigitaldeasturias.com\/magazine365\/nace-la-plataforma-de-turismo-de-congresos-y-reuniones-de-castilla-la-mancha\/#organizationLogo"},"image":{"@id":"https:\/\/eldigitaldeasturias.com\/magazine365\/nace-la-plataforma-de-turismo-de-congresos-y-reuniones-de-castilla-la-mancha\/#organizationLogo"}},{"@type":"Person","@id":"https:\/\/eldigitaldeasturias.com\/magazine365\/author\/admin\/#author","url":"https:\/\/eldigitaldeasturias.com\/magazine365\/author\/admin\/","name":"admin","image":{"@type":"ImageObject","@id":"https:\/\/eldigitaldeasturias.com\/magazine365\/nace-la-plataforma-de-turismo-de-congresos-y-reuniones-de-castilla-la-mancha\/#authorImage","url":"https:\/\/eldigitaldeasturias.com\/magazine365\/wp-content\/litespeed\/avatar\/e571bcf59a0edd6fa6838245a470f2fe.jpg?ver=1776969259","width":96,"height":96,"caption":"admin"}},{"@type":"WebPage","@id":"https:\/\/eldigitaldeasturias.com\/magazine365\/nace-la-plataforma-de-turismo-de-congresos-y-reuniones-de-castilla-la-mancha\/#webpage","url":"https:\/\/eldigitaldeasturias.com\/magazine365\/nace-la-plataforma-de-turismo-de-congresos-y-reuniones-de-castilla-la-mancha\/","name":"Nace la Plataforma de Turismo de Congresos y Reuniones de Castilla-La Mancha | El Digital de Asturias","description":"El Gobierno regional ha impulsado la puesta en marcha de la Plataforma de Turismo de Congresos y Reuniones de Castilla-La Mancha, uno de los objetivos para este a\u00f1o 2016 incluidos en el Plan Estrat\u00e9gico de Turismo de la comunidad aut\u00f3noma. La consejera de Econom\u00eda, Empresas y Empleo, Patricia Franco, ha decidido priorizar el desarrollo de","inLanguage":"es-ES","isPartOf":{"@id":"https:\/\/eldigitaldeasturias.com\/magazine365\/#website"},"breadcrumb":{"@id":"https:\/\/eldigitaldeasturias.com\/magazine365\/nace-la-plataforma-de-turismo-de-congresos-y-reuniones-de-castilla-la-mancha\/#breadcrumblist"},"author":{"@id":"https:\/\/eldigitaldeasturias.com\/magazine365\/author\/admin\/#author"},"creator":{"@id":"https:\/\/eldigitaldeasturias.com\/magazine365\/author\/admin\/#author"},"image":{"@type":"ImageObject","url":"https:\/\/eldigitaldeasturias.com\/magazine365\/wp-content\/uploads\/2016\/05\/fotonoticia_20160530112933_800.jpg","@id":"https:\/\/eldigitaldeasturias.com\/magazine365\/nace-la-plataforma-de-turismo-de-congresos-y-reuniones-de-castilla-la-mancha\/#mainImage","width":800,"height":600},"primaryImageOfPage":{"@id":"https:\/\/eldigitaldeasturias.com\/magazine365\/nace-la-plataforma-de-turismo-de-congresos-y-reuniones-de-castilla-la-mancha\/#mainImage"},"datePublished":"2016-05-31T10:02:07+02:00","dateModified":"2016-05-31T10:02:07+02:00"},{"@type":"WebSite","@id":"https:\/\/eldigitaldeasturias.com\/magazine365\/#website","url":"https:\/\/eldigitaldeasturias.com\/magazine365\/","name":"El Digital de Asturias","description":"Revista de ocio, turismo y estilo de vida","inLanguage":"es-ES","publisher":{"@id":"https:\/\/eldigitaldeasturias.com\/magazine365\/#organization"}}]},"og:locale":"es_ES","og:site_name":"El Digital de Asturias \u2013 Revista de ocio, turismo y estilo de vida","og:type":"article","og:title":"Nace la Plataforma de Turismo de Congresos y Reuniones de Castilla-La Mancha | El Digital de Asturias","og:description":"El Gobierno regional ha impulsado la puesta en marcha de la Plataforma de Turismo de Congresos y Reuniones de Castilla-La Mancha, uno de los objetivos para este a\u00f1o 2016 incluidos en el Plan Estrat\u00e9gico de Turismo de la comunidad aut\u00f3noma. La consejera de Econom\u00eda, Empresas y Empleo, Patricia Franco, ha decidido priorizar el desarrollo de","og:url":"https:\/\/eldigitaldeasturias.com\/magazine365\/nace-la-plataforma-de-turismo-de-congresos-y-reuniones-de-castilla-la-mancha\/","og:image":"https:\/\/eldigitaldeasturias.com\/magazine365\/wp-content\/uploads\/2016\/05\/fotonoticia_20160530112933_800.jpg","og:image:secure_url":"https:\/\/eldigitaldeasturias.com\/magazine365\/wp-content\/uploads\/2016\/05\/fotonoticia_20160530112933_800.jpg","og:image:width":800,"og:image:height":600,"article:published_time":"2016-05-31T08:02:07+00:00","article:modified_time":"2016-05-31T08:02:07+00:00","twitter:card":"summary_large_image","twitter:title":"Nace la Plataforma de Turismo de Congresos y Reuniones de Castilla-La Mancha | El Digital de Asturias","twitter:description":"El Gobierno regional ha impulsado la puesta en marcha de la Plataforma de Turismo de Congresos y Reuniones de Castilla-La Mancha, uno de los objetivos para este a\u00f1o 2016 incluidos en el Plan Estrat\u00e9gico de Turismo de la comunidad aut\u00f3noma. La consejera de Econom\u00eda, Empresas y Empleo, Patricia Franco, ha decidido priorizar el desarrollo de","twitter:image":"https:\/\/eldigitaldeasturias.com\/magazine365\/wp-content\/uploads\/2016\/05\/fotonoticia_20160530112933_800.jpg"},"aioseo_meta_data":{"post_id":"77137","title":null,"description":null,"keywords":null,"keyphrases":null,"primary_term":null,"canonical_url":null,"og_title":null,"og_description":null,"og_object_type":"default","og_image_type":"default","og_image_url":null,"og_image_width":null,"og_image_height":null,"og_image_custom_url":null,"og_image_custom_fields":null,"og_video":null,"og_custom_url":null,"og_article_section":null,"og_article_tags":null,"twitter_use_og":false,"twitter_card":"default","twitter_image_type":"default","twitter_image_url":null,"twitter_image_custom_url":null,"twitter_image_custom_fields":null,"twitter_title":null,"twitter_description":null,"schema":{"blockGraphs":[],"customGraphs":[],"default":{"data":{"Article":[],"Course":[],"Dataset":[],"FAQPage":[],"Movie":[],"Person":[],"Product":[],"ProductReview":[],"Car":[],"Recipe":[],"Service":[],"SoftwareApplication":[],"WebPage":[]},"graphName":"","isEnabled":true},"graphs":[],"defaultGraph":"","defaultPostTypeGraph":""},"schema_type":null,"schema_type_options":null,"pillar_content":false,"robots_default":true,"robots_noindex":false,"robots_noarchive":false,"robots_nosnippet":false,"robots_nofollow":false,"robots_noimageindex":false,"robots_noodp":false,"robots_notranslate":false,"robots_max_snippet":null,"robots_max_videopreview":null,"robots_max_imagepreview":"large","priority":null,"frequency":null,"location":null,"local_seo":null,"seo_analyzer_scan_date":"2025-09-27 14:12:16","breadcrumb_settings":null,"limit_modified_date":false,"open_ai":null,"ai":null,"created":"2021-03-08 18:19:40","updated":"2025-09-27 14:12:16"},"aioseo_breadcrumb":"<div class=\"aioseo-breadcrumbs\"><span class=\"aioseo-breadcrumb\">\n\t<a href=\"https:\/\/eldigitaldeasturias.com\/magazine365\" title=\"Home\">Home<\/a>\n<\/span><span class=\"aioseo-breadcrumb-separator\">\u2013<\/span><span class=\"aioseo-breadcrumb\">\n\t<a href=\"https:\/\/eldigitaldeasturias.com\/magazine365\/category\/noticias-actualidad\/\" title=\"Noticias y Actualidad\">Noticias y Actualidad<\/a>\n<\/span><span class=\"aioseo-breadcrumb-separator\">\u2013<\/span><span class=\"aioseo-breadcrumb\">\n\t<a href=\"https:\/\/eldigitaldeasturias.com\/magazine365\/nace-la-plataforma-de-turismo-de-congresos-y-reuniones-de-castilla-la-mancha\/\" title=\"Nace la Plataforma de Turismo de Congresos y Reuniones de Castilla-La Mancha\">Nace la Plataforma de Turismo de Congresos y Reuniones de Castilla-La Mancha<\/a>\n<\/span><\/div>","aioseo_breadcrumb_json":[{"label":"Home","link":"https:\/\/eldigitaldeasturias.com\/magazine365"},{"label":"Noticias y Actualidad","link":"https:\/\/eldigitaldeasturias.com\/magazine365\/category\/noticias-actualidad\/"},{"label":"Nace la Plataforma de Turismo de Congresos y Reuniones de Castilla-La Mancha","link":"https:\/\/eldigitaldeasturias.com\/magazine365\/nace-la-plataforma-de-turismo-de-congresos-y-reuniones-de-castilla-la-mancha\/"}],"_links":{"self":[{"href":"https:\/\/eldigitaldeasturias.com\/magazine365\/wp-json\/wp\/v2\/posts\/77137","targetHints":{"allow":["GET"]}}],"collection":[{"href":"https:\/\/eldigitaldeasturias.com\/magazine365\/wp-json\/wp\/v2\/posts"}],"about":[{"href":"https:\/\/eldigitaldeasturias.com\/magazine365\/wp-json\/wp\/v2\/types\/post"}],"author":[{"embeddable":true,"href":"https:\/\/eldigitaldeasturias.com\/magazine365\/wp-json\/wp\/v2\/users\/1"}],"replies":[{"embeddable":true,"href":"https:\/\/eldigitaldeasturias.com\/magazine365\/wp-json\/wp\/v2\/comments?post=77137"}],"version-history":[{"count":0,"href":"https:\/\/eldigitaldeasturias.com\/magazine365\/wp-json\/wp\/v2\/posts\/77137\/revisions"}],"wp:featuredmedia":[{"embeddable":true,"href":"https:\/\/eldigitaldeasturias.com\/magazine365\/wp-json\/wp\/v2\/media\/77138"}],"wp:attachment":[{"href":"https:\/\/eldigitaldeasturias.com\/magazine365\/wp-json\/wp\/v2\/media?parent=77137"}],"wp:term":[{"taxonomy":"category","embeddable":true,"href":"https:\/\/eldigitaldeasturias.com\/magazine365\/wp-json\/wp\/v2\/categories?post=77137"},{"taxonomy":"post_tag","embeddable":true,"href":"https:\/\/eldigitaldeasturias.com\/magazine365\/wp-json\/wp\/v2\/tags?post=77137"}],"curies":[{"name":"wp","href":"https:\/\/api.w.org\/{rel}","templated":true}]}}