{"id":77134,"date":"2016-05-31T09:58:26","date_gmt":"2016-05-31T07:58:26","guid":{"rendered":"http:\/\/eldigitaldeasturias.com\/magazine365\/?p=77134"},"modified":"2016-05-31T09:58:26","modified_gmt":"2016-05-31T07:58:26","slug":"adif-saca-a-concurso-el-mantenimiento-de-los-centros-de-control-de-trafico-del-ave-por-25-millones","status":"publish","type":"post","link":"https:\/\/eldigitaldeasturias.com\/magazine365\/adif-saca-a-concurso-el-mantenimiento-de-los-centros-de-control-de-trafico-del-ave-por-25-millones\/","title":{"rendered":"Adif saca a concurso el mantenimiento de los centros de control de tr\u00e1fico del AVE por 25 millones"},"content":{"rendered":"<p><img fetchpriority=\"high\" decoding=\"async\" class=\"alignleft size-medium wp-image-77135\" src=\"https:\/\/eldigitaldeasturias.com\/magazine365\/wp-content\/uploads\/2016\/05\/fotonoticia_20160530111004_800-360x233.jpg\" alt=\"fotonoticia_20160530111004_800\" width=\"360\" height=\"233\" srcset=\"https:\/\/eldigitaldeasturias.com\/magazine365\/wp-content\/uploads\/2016\/05\/fotonoticia_20160530111004_800-360x233.jpg 360w, https:\/\/eldigitaldeasturias.com\/magazine365\/wp-content\/uploads\/2016\/05\/fotonoticia_20160530111004_800-650x420.jpg 650w, https:\/\/eldigitaldeasturias.com\/magazine365\/wp-content\/uploads\/2016\/05\/fotonoticia_20160530111004_800-768x496.jpg 768w, https:\/\/eldigitaldeasturias.com\/magazine365\/wp-content\/uploads\/2016\/05\/fotonoticia_20160530111004_800-150x97.jpg 150w, https:\/\/eldigitaldeasturias.com\/magazine365\/wp-content\/uploads\/2016\/05\/fotonoticia_20160530111004_800-450x291.jpg 450w, https:\/\/eldigitaldeasturias.com\/magazine365\/wp-content\/uploads\/2016\/05\/fotonoticia_20160530111004_800-225x145.jpg 225w, https:\/\/eldigitaldeasturias.com\/magazine365\/wp-content\/uploads\/2016\/05\/fotonoticia_20160530111004_800-121x79.jpg 121w, https:\/\/eldigitaldeasturias.com\/magazine365\/wp-content\/uploads\/2016\/05\/fotonoticia_20160530111004_800-101x66.jpg 101w, https:\/\/eldigitaldeasturias.com\/magazine365\/wp-content\/uploads\/2016\/05\/fotonoticia_20160530111004_800.jpg 800w\" sizes=\"(max-width: 360px) 100vw, 360px\" \/>Adif ha sacado a concurso el contrato de mantenimiento de los centros de regulaci\u00f3n y control de tr\u00e1fico de las l\u00edneas de Alta Velocidad para los pr\u00f3ximos cuatro a\u00f1os y por un importe de 24,8 millones de euros.<\/p>\n<p>El contrato abarca la prestaci\u00f3n de este servicio en los tres centros de Madrid, y en los ubicados en Antequera, Albacete y Zaragoza. Todos ellos conforman un sistema integral de supervisi\u00f3n y control de toda la red AVE.<\/p>\n<p>La compa\u00f1\u00eda p\u00fablica gestora de la red ferroviaria tambi\u00e9n ha licitado el contrato de control de la vegetaci\u00f3n en los m\u00e1rgenes de las v\u00edas y en las instalaciones de toda la red ferroviaria, tanto la convencional como la de Alta Velocidad, unos trabajos estimados en 46,38 millones de euros.<\/p>\n<p>El objetivo de este contrato es fundamentalmente la prevenci\u00f3n de incendios. Para ello, las empresas adjudicatarias deber\u00e1n actuar en los puntos en los que la vegetaci\u00f3n de los m\u00e1rgenes de las l\u00edneas pueda incidir negativamente en la explotaci\u00f3n ferroviaria y suponga un riesgo de incendio.<\/p>\n","protected":false},"excerpt":{"rendered":"<p>Adif ha sacado a concurso el contrato de mantenimiento de los centros de regulaci\u00f3n y control de tr\u00e1fico de las l\u00edneas de Alta Velocidad para los pr\u00f3ximos cuatro a\u00f1os y por un importe de 24,8 millones de euros. El contrato abarca la prestaci\u00f3n de este servicio en los tres centros de Madrid, y en los<\/p>\n","protected":false},"author":1,"featured_media":77135,"comment_status":"open","ping_status":"closed","sticky":false,"template":"","format":"standard","meta":{"footnotes":""},"categories":[224],"tags":[],"class_list":{"0":"post-77134","1":"post","2":"type-post","3":"status-publish","4":"format-standard","5":"has-post-thumbnail","7":"category-noticias-actualidad"},"aioseo_notices":[],"aioseo_head":"\n\t\t<!-- All in One SEO Pro 4.9.6.1 - aioseo.com -->\n\t<meta name=\"description\" content=\"Adif ha sacado a concurso el contrato de mantenimiento de los centros de regulaci\u00f3n y control de tr\u00e1fico de las l\u00edneas de Alta Velocidad para los pr\u00f3ximos cuatro a\u00f1os y por un importe de 24,8 millones de euros. El contrato abarca la prestaci\u00f3n de este servicio en los tres centros de Madrid, y en los\" \/>\n\t<meta name=\"robots\" content=\"max-image-preview:large\" \/>\n\t<meta name=\"author\" content=\"admin\"\/>\n\t<meta name=\"google-site-verification\" content=\"UA-38556648-1\" \/>\n\t<meta name=\"keywords\" content=\"noticias y actualidad\" \/>\n\t<link rel=\"canonical\" href=\"https:\/\/eldigitaldeasturias.com\/magazine365\/adif-saca-a-concurso-el-mantenimiento-de-los-centros-de-control-de-trafico-del-ave-por-25-millones\/\" \/>\n\t<meta name=\"generator\" content=\"All in One SEO Pro (AIOSEO) 4.9.6.1\" \/>\n\t\t<meta property=\"og:locale\" content=\"es_ES\" \/>\n\t\t<meta property=\"og:site_name\" content=\"El Digital de Asturias \u2013 Revista de ocio, turismo y estilo de vida\" \/>\n\t\t<meta property=\"og:type\" content=\"article\" \/>\n\t\t<meta property=\"og:title\" content=\"Adif saca a concurso el mantenimiento de los centros de control de tr\u00e1fico del AVE por 25 millones | El Digital de Asturias\" \/>\n\t\t<meta property=\"og:description\" content=\"Adif ha sacado a concurso el contrato de mantenimiento de los centros de regulaci\u00f3n y control de tr\u00e1fico de las l\u00edneas de Alta Velocidad para los pr\u00f3ximos cuatro a\u00f1os y por un importe de 24,8 millones de euros. El contrato abarca la prestaci\u00f3n de este servicio en los tres centros de Madrid, y en los\" \/>\n\t\t<meta property=\"og:url\" content=\"https:\/\/eldigitaldeasturias.com\/magazine365\/adif-saca-a-concurso-el-mantenimiento-de-los-centros-de-control-de-trafico-del-ave-por-25-millones\/\" \/>\n\t\t<meta property=\"og:image\" content=\"https:\/\/eldigitaldeasturias.com\/magazine365\/wp-content\/uploads\/2016\/05\/fotonoticia_20160530111004_800.jpg\" \/>\n\t\t<meta property=\"og:image:secure_url\" content=\"https:\/\/eldigitaldeasturias.com\/magazine365\/wp-content\/uploads\/2016\/05\/fotonoticia_20160530111004_800.jpg\" \/>\n\t\t<meta property=\"og:image:width\" content=\"800\" \/>\n\t\t<meta property=\"og:image:height\" content=\"517\" \/>\n\t\t<meta property=\"article:published_time\" content=\"2016-05-31T07:58:26+00:00\" \/>\n\t\t<meta property=\"article:modified_time\" content=\"2016-05-31T07:58:26+00:00\" \/>\n\t\t<meta name=\"twitter:card\" content=\"summary_large_image\" \/>\n\t\t<meta name=\"twitter:title\" content=\"Adif saca a concurso el mantenimiento de los centros de control de tr\u00e1fico del AVE por 25 millones | El Digital de Asturias\" \/>\n\t\t<meta name=\"twitter:description\" content=\"Adif ha sacado a concurso el contrato de mantenimiento de los centros de regulaci\u00f3n y control de tr\u00e1fico de las l\u00edneas de Alta Velocidad para los pr\u00f3ximos cuatro a\u00f1os y por un importe de 24,8 millones de euros. El contrato abarca la prestaci\u00f3n de este servicio en los tres centros de Madrid, y en los\" \/>\n\t\t<meta name=\"twitter:image\" content=\"https:\/\/eldigitaldeasturias.com\/magazine365\/wp-content\/uploads\/2016\/05\/fotonoticia_20160530111004_800.jpg\" \/>\n\t\t<script type=\"application\/ld+json\" class=\"aioseo-schema\">\n\t\t\t{\"@context\":\"https:\\\/\\\/schema.org\",\"@graph\":[{\"@type\":\"Article\",\"@id\":\"https:\\\/\\\/eldigitaldeasturias.com\\\/magazine365\\\/adif-saca-a-concurso-el-mantenimiento-de-los-centros-de-control-de-trafico-del-ave-por-25-millones\\\/#article\",\"name\":\"Adif saca a concurso el mantenimiento de los centros de control de tr\\u00e1fico del AVE por 25 millones | El Digital de Asturias\",\"headline\":\"Adif saca a concurso el mantenimiento de los centros de control de tr\\u00e1fico del AVE por 25 millones\",\"author\":{\"@id\":\"https:\\\/\\\/eldigitaldeasturias.com\\\/magazine365\\\/author\\\/admin\\\/#author\"},\"publisher\":{\"@id\":\"https:\\\/\\\/eldigitaldeasturias.com\\\/magazine365\\\/#organization\"},\"image\":{\"@type\":\"ImageObject\",\"url\":\"https:\\\/\\\/eldigitaldeasturias.com\\\/magazine365\\\/wp-content\\\/uploads\\\/2016\\\/05\\\/fotonoticia_20160530111004_800.jpg\",\"width\":800,\"height\":517},\"datePublished\":\"2016-05-31T09:58:26+02:00\",\"dateModified\":\"2016-05-31T09:58:26+02:00\",\"inLanguage\":\"es-ES\",\"mainEntityOfPage\":{\"@id\":\"https:\\\/\\\/eldigitaldeasturias.com\\\/magazine365\\\/adif-saca-a-concurso-el-mantenimiento-de-los-centros-de-control-de-trafico-del-ave-por-25-millones\\\/#webpage\"},\"isPartOf\":{\"@id\":\"https:\\\/\\\/eldigitaldeasturias.com\\\/magazine365\\\/adif-saca-a-concurso-el-mantenimiento-de-los-centros-de-control-de-trafico-del-ave-por-25-millones\\\/#webpage\"},\"articleSection\":\"Noticias y Actualidad\"},{\"@type\":\"BreadcrumbList\",\"@id\":\"https:\\\/\\\/eldigitaldeasturias.com\\\/magazine365\\\/adif-saca-a-concurso-el-mantenimiento-de-los-centros-de-control-de-trafico-del-ave-por-25-millones\\\/#breadcrumblist\",\"itemListElement\":[{\"@type\":\"ListItem\",\"@id\":\"https:\\\/\\\/eldigitaldeasturias.com\\\/magazine365#listItem\",\"position\":1,\"name\":\"Home\",\"item\":\"https:\\\/\\\/eldigitaldeasturias.com\\\/magazine365\",\"nextItem\":{\"@type\":\"ListItem\",\"@id\":\"https:\\\/\\\/eldigitaldeasturias.com\\\/magazine365\\\/category\\\/noticias-actualidad\\\/#listItem\",\"name\":\"Noticias y Actualidad\"}},{\"@type\":\"ListItem\",\"@id\":\"https:\\\/\\\/eldigitaldeasturias.com\\\/magazine365\\\/category\\\/noticias-actualidad\\\/#listItem\",\"position\":2,\"name\":\"Noticias y Actualidad\",\"item\":\"https:\\\/\\\/eldigitaldeasturias.com\\\/magazine365\\\/category\\\/noticias-actualidad\\\/\",\"nextItem\":{\"@type\":\"ListItem\",\"@id\":\"https:\\\/\\\/eldigitaldeasturias.com\\\/magazine365\\\/adif-saca-a-concurso-el-mantenimiento-de-los-centros-de-control-de-trafico-del-ave-por-25-millones\\\/#listItem\",\"name\":\"Adif saca a concurso el mantenimiento de los centros de control de tr\\u00e1fico del AVE por 25 millones\"},\"previousItem\":{\"@type\":\"ListItem\",\"@id\":\"https:\\\/\\\/eldigitaldeasturias.com\\\/magazine365#listItem\",\"name\":\"Home\"}},{\"@type\":\"ListItem\",\"@id\":\"https:\\\/\\\/eldigitaldeasturias.com\\\/magazine365\\\/adif-saca-a-concurso-el-mantenimiento-de-los-centros-de-control-de-trafico-del-ave-por-25-millones\\\/#listItem\",\"position\":3,\"name\":\"Adif saca a concurso el mantenimiento de los centros de control de tr\\u00e1fico del AVE por 25 millones\",\"previousItem\":{\"@type\":\"ListItem\",\"@id\":\"https:\\\/\\\/eldigitaldeasturias.com\\\/magazine365\\\/category\\\/noticias-actualidad\\\/#listItem\",\"name\":\"Noticias y Actualidad\"}}]},{\"@type\":\"Organization\",\"@id\":\"https:\\\/\\\/eldigitaldeasturias.com\\\/magazine365\\\/#organization\",\"name\":\"El digital de Asturias\",\"description\":\"Revista de ocio, turismo y estilo de vida\",\"url\":\"https:\\\/\\\/eldigitaldeasturias.com\\\/magazine365\\\/\",\"logo\":{\"@type\":\"ImageObject\",\"url\":\"https:\\\/\\\/www.eldigitaldeasturias.com\\\/noticias\\\/wp-content\\\/uploads\\\/2020\\\/12\\\/EDA.jpg\",\"@id\":\"https:\\\/\\\/eldigitaldeasturias.com\\\/magazine365\\\/adif-saca-a-concurso-el-mantenimiento-de-los-centros-de-control-de-trafico-del-ave-por-25-millones\\\/#organizationLogo\"},\"image\":{\"@id\":\"https:\\\/\\\/eldigitaldeasturias.com\\\/magazine365\\\/adif-saca-a-concurso-el-mantenimiento-de-los-centros-de-control-de-trafico-del-ave-por-25-millones\\\/#organizationLogo\"}},{\"@type\":\"Person\",\"@id\":\"https:\\\/\\\/eldigitaldeasturias.com\\\/magazine365\\\/author\\\/admin\\\/#author\",\"url\":\"https:\\\/\\\/eldigitaldeasturias.com\\\/magazine365\\\/author\\\/admin\\\/\",\"name\":\"admin\",\"image\":{\"@type\":\"ImageObject\",\"@id\":\"https:\\\/\\\/eldigitaldeasturias.com\\\/magazine365\\\/adif-saca-a-concurso-el-mantenimiento-de-los-centros-de-control-de-trafico-del-ave-por-25-millones\\\/#authorImage\",\"url\":\"https:\\\/\\\/eldigitaldeasturias.com\\\/magazine365\\\/wp-content\\\/litespeed\\\/avatar\\\/e571bcf59a0edd6fa6838245a470f2fe.jpg?ver=1776969259\",\"width\":96,\"height\":96,\"caption\":\"admin\"}},{\"@type\":\"WebPage\",\"@id\":\"https:\\\/\\\/eldigitaldeasturias.com\\\/magazine365\\\/adif-saca-a-concurso-el-mantenimiento-de-los-centros-de-control-de-trafico-del-ave-por-25-millones\\\/#webpage\",\"url\":\"https:\\\/\\\/eldigitaldeasturias.com\\\/magazine365\\\/adif-saca-a-concurso-el-mantenimiento-de-los-centros-de-control-de-trafico-del-ave-por-25-millones\\\/\",\"name\":\"Adif saca a concurso el mantenimiento de los centros de control de tr\\u00e1fico del AVE por 25 millones | El Digital de Asturias\",\"description\":\"Adif ha sacado a concurso el contrato de mantenimiento de los centros de regulaci\\u00f3n y control de tr\\u00e1fico de las l\\u00edneas de Alta Velocidad para los pr\\u00f3ximos cuatro a\\u00f1os y por un importe de 24,8 millones de euros. El contrato abarca la prestaci\\u00f3n de este servicio en los tres centros de Madrid, y en los\",\"inLanguage\":\"es-ES\",\"isPartOf\":{\"@id\":\"https:\\\/\\\/eldigitaldeasturias.com\\\/magazine365\\\/#website\"},\"breadcrumb\":{\"@id\":\"https:\\\/\\\/eldigitaldeasturias.com\\\/magazine365\\\/adif-saca-a-concurso-el-mantenimiento-de-los-centros-de-control-de-trafico-del-ave-por-25-millones\\\/#breadcrumblist\"},\"author\":{\"@id\":\"https:\\\/\\\/eldigitaldeasturias.com\\\/magazine365\\\/author\\\/admin\\\/#author\"},\"creator\":{\"@id\":\"https:\\\/\\\/eldigitaldeasturias.com\\\/magazine365\\\/author\\\/admin\\\/#author\"},\"image\":{\"@type\":\"ImageObject\",\"url\":\"https:\\\/\\\/eldigitaldeasturias.com\\\/magazine365\\\/wp-content\\\/uploads\\\/2016\\\/05\\\/fotonoticia_20160530111004_800.jpg\",\"@id\":\"https:\\\/\\\/eldigitaldeasturias.com\\\/magazine365\\\/adif-saca-a-concurso-el-mantenimiento-de-los-centros-de-control-de-trafico-del-ave-por-25-millones\\\/#mainImage\",\"width\":800,\"height\":517},\"primaryImageOfPage\":{\"@id\":\"https:\\\/\\\/eldigitaldeasturias.com\\\/magazine365\\\/adif-saca-a-concurso-el-mantenimiento-de-los-centros-de-control-de-trafico-del-ave-por-25-millones\\\/#mainImage\"},\"datePublished\":\"2016-05-31T09:58:26+02:00\",\"dateModified\":\"2016-05-31T09:58:26+02:00\"},{\"@type\":\"WebSite\",\"@id\":\"https:\\\/\\\/eldigitaldeasturias.com\\\/magazine365\\\/#website\",\"url\":\"https:\\\/\\\/eldigitaldeasturias.com\\\/magazine365\\\/\",\"name\":\"El Digital de Asturias\",\"description\":\"Revista de ocio, turismo y estilo de vida\",\"inLanguage\":\"es-ES\",\"publisher\":{\"@id\":\"https:\\\/\\\/eldigitaldeasturias.com\\\/magazine365\\\/#organization\"}}]}\n\t\t<\/script>\n\t\t<!-- All in One SEO Pro -->\r\n\t\t<title>Adif saca a concurso el mantenimiento de los centros de control de tr\u00e1fico del AVE por 25 millones | El Digital de Asturias<\/title>\n\n","aioseo_head_json":{"title":"Adif saca a concurso el mantenimiento de los centros de control de tr\u00e1fico del AVE por 25 millones | El Digital de Asturias","description":"Adif ha sacado a concurso el contrato de mantenimiento de los centros de regulaci\u00f3n y control de tr\u00e1fico de las l\u00edneas de Alta Velocidad para los pr\u00f3ximos cuatro a\u00f1os y por un importe de 24,8 millones de euros. El contrato abarca la prestaci\u00f3n de este servicio en los tres centros de Madrid, y en los","canonical_url":"https:\/\/eldigitaldeasturias.com\/magazine365\/adif-saca-a-concurso-el-mantenimiento-de-los-centros-de-control-de-trafico-del-ave-por-25-millones\/","robots":"max-image-preview:large","keywords":"noticias y actualidad","webmasterTools":{"google-site-verification":"UA-38556648-1","miscellaneous":""},"schema":{"@context":"https:\/\/schema.org","@graph":[{"@type":"Article","@id":"https:\/\/eldigitaldeasturias.com\/magazine365\/adif-saca-a-concurso-el-mantenimiento-de-los-centros-de-control-de-trafico-del-ave-por-25-millones\/#article","name":"Adif saca a concurso el mantenimiento de los centros de control de tr\u00e1fico del AVE por 25 millones | El Digital de Asturias","headline":"Adif saca a concurso el mantenimiento de los centros de control de tr\u00e1fico del AVE por 25 millones","author":{"@id":"https:\/\/eldigitaldeasturias.com\/magazine365\/author\/admin\/#author"},"publisher":{"@id":"https:\/\/eldigitaldeasturias.com\/magazine365\/#organization"},"image":{"@type":"ImageObject","url":"https:\/\/eldigitaldeasturias.com\/magazine365\/wp-content\/uploads\/2016\/05\/fotonoticia_20160530111004_800.jpg","width":800,"height":517},"datePublished":"2016-05-31T09:58:26+02:00","dateModified":"2016-05-31T09:58:26+02:00","inLanguage":"es-ES","mainEntityOfPage":{"@id":"https:\/\/eldigitaldeasturias.com\/magazine365\/adif-saca-a-concurso-el-mantenimiento-de-los-centros-de-control-de-trafico-del-ave-por-25-millones\/#webpage"},"isPartOf":{"@id":"https:\/\/eldigitaldeasturias.com\/magazine365\/adif-saca-a-concurso-el-mantenimiento-de-los-centros-de-control-de-trafico-del-ave-por-25-millones\/#webpage"},"articleSection":"Noticias y Actualidad"},{"@type":"BreadcrumbList","@id":"https:\/\/eldigitaldeasturias.com\/magazine365\/adif-saca-a-concurso-el-mantenimiento-de-los-centros-de-control-de-trafico-del-ave-por-25-millones\/#breadcrumblist","itemListElement":[{"@type":"ListItem","@id":"https:\/\/eldigitaldeasturias.com\/magazine365#listItem","position":1,"name":"Home","item":"https:\/\/eldigitaldeasturias.com\/magazine365","nextItem":{"@type":"ListItem","@id":"https:\/\/eldigitaldeasturias.com\/magazine365\/category\/noticias-actualidad\/#listItem","name":"Noticias y Actualidad"}},{"@type":"ListItem","@id":"https:\/\/eldigitaldeasturias.com\/magazine365\/category\/noticias-actualidad\/#listItem","position":2,"name":"Noticias y Actualidad","item":"https:\/\/eldigitaldeasturias.com\/magazine365\/category\/noticias-actualidad\/","nextItem":{"@type":"ListItem","@id":"https:\/\/eldigitaldeasturias.com\/magazine365\/adif-saca-a-concurso-el-mantenimiento-de-los-centros-de-control-de-trafico-del-ave-por-25-millones\/#listItem","name":"Adif saca a concurso el mantenimiento de los centros de control de tr\u00e1fico del AVE por 25 millones"},"previousItem":{"@type":"ListItem","@id":"https:\/\/eldigitaldeasturias.com\/magazine365#listItem","name":"Home"}},{"@type":"ListItem","@id":"https:\/\/eldigitaldeasturias.com\/magazine365\/adif-saca-a-concurso-el-mantenimiento-de-los-centros-de-control-de-trafico-del-ave-por-25-millones\/#listItem","position":3,"name":"Adif saca a concurso el mantenimiento de los centros de control de tr\u00e1fico del AVE por 25 millones","previousItem":{"@type":"ListItem","@id":"https:\/\/eldigitaldeasturias.com\/magazine365\/category\/noticias-actualidad\/#listItem","name":"Noticias y Actualidad"}}]},{"@type":"Organization","@id":"https:\/\/eldigitaldeasturias.com\/magazine365\/#organization","name":"El digital de Asturias","description":"Revista de ocio, turismo y estilo de vida","url":"https:\/\/eldigitaldeasturias.com\/magazine365\/","logo":{"@type":"ImageObject","url":"https:\/\/www.eldigitaldeasturias.com\/noticias\/wp-content\/uploads\/2020\/12\/EDA.jpg","@id":"https:\/\/eldigitaldeasturias.com\/magazine365\/adif-saca-a-concurso-el-mantenimiento-de-los-centros-de-control-de-trafico-del-ave-por-25-millones\/#organizationLogo"},"image":{"@id":"https:\/\/eldigitaldeasturias.com\/magazine365\/adif-saca-a-concurso-el-mantenimiento-de-los-centros-de-control-de-trafico-del-ave-por-25-millones\/#organizationLogo"}},{"@type":"Person","@id":"https:\/\/eldigitaldeasturias.com\/magazine365\/author\/admin\/#author","url":"https:\/\/eldigitaldeasturias.com\/magazine365\/author\/admin\/","name":"admin","image":{"@type":"ImageObject","@id":"https:\/\/eldigitaldeasturias.com\/magazine365\/adif-saca-a-concurso-el-mantenimiento-de-los-centros-de-control-de-trafico-del-ave-por-25-millones\/#authorImage","url":"https:\/\/eldigitaldeasturias.com\/magazine365\/wp-content\/litespeed\/avatar\/e571bcf59a0edd6fa6838245a470f2fe.jpg?ver=1776969259","width":96,"height":96,"caption":"admin"}},{"@type":"WebPage","@id":"https:\/\/eldigitaldeasturias.com\/magazine365\/adif-saca-a-concurso-el-mantenimiento-de-los-centros-de-control-de-trafico-del-ave-por-25-millones\/#webpage","url":"https:\/\/eldigitaldeasturias.com\/magazine365\/adif-saca-a-concurso-el-mantenimiento-de-los-centros-de-control-de-trafico-del-ave-por-25-millones\/","name":"Adif saca a concurso el mantenimiento de los centros de control de tr\u00e1fico del AVE por 25 millones | El Digital de Asturias","description":"Adif ha sacado a concurso el contrato de mantenimiento de los centros de regulaci\u00f3n y control de tr\u00e1fico de las l\u00edneas de Alta Velocidad para los pr\u00f3ximos cuatro a\u00f1os y por un importe de 24,8 millones de euros. El contrato abarca la prestaci\u00f3n de este servicio en los tres centros de Madrid, y en los","inLanguage":"es-ES","isPartOf":{"@id":"https:\/\/eldigitaldeasturias.com\/magazine365\/#website"},"breadcrumb":{"@id":"https:\/\/eldigitaldeasturias.com\/magazine365\/adif-saca-a-concurso-el-mantenimiento-de-los-centros-de-control-de-trafico-del-ave-por-25-millones\/#breadcrumblist"},"author":{"@id":"https:\/\/eldigitaldeasturias.com\/magazine365\/author\/admin\/#author"},"creator":{"@id":"https:\/\/eldigitaldeasturias.com\/magazine365\/author\/admin\/#author"},"image":{"@type":"ImageObject","url":"https:\/\/eldigitaldeasturias.com\/magazine365\/wp-content\/uploads\/2016\/05\/fotonoticia_20160530111004_800.jpg","@id":"https:\/\/eldigitaldeasturias.com\/magazine365\/adif-saca-a-concurso-el-mantenimiento-de-los-centros-de-control-de-trafico-del-ave-por-25-millones\/#mainImage","width":800,"height":517},"primaryImageOfPage":{"@id":"https:\/\/eldigitaldeasturias.com\/magazine365\/adif-saca-a-concurso-el-mantenimiento-de-los-centros-de-control-de-trafico-del-ave-por-25-millones\/#mainImage"},"datePublished":"2016-05-31T09:58:26+02:00","dateModified":"2016-05-31T09:58:26+02:00"},{"@type":"WebSite","@id":"https:\/\/eldigitaldeasturias.com\/magazine365\/#website","url":"https:\/\/eldigitaldeasturias.com\/magazine365\/","name":"El Digital de Asturias","description":"Revista de ocio, turismo y estilo de vida","inLanguage":"es-ES","publisher":{"@id":"https:\/\/eldigitaldeasturias.com\/magazine365\/#organization"}}]},"og:locale":"es_ES","og:site_name":"El Digital de Asturias \u2013 Revista de ocio, turismo y estilo de vida","og:type":"article","og:title":"Adif saca a concurso el mantenimiento de los centros de control de tr\u00e1fico del AVE por 25 millones | El Digital de Asturias","og:description":"Adif ha sacado a concurso el contrato de mantenimiento de los centros de regulaci\u00f3n y control de tr\u00e1fico de las l\u00edneas de Alta Velocidad para los pr\u00f3ximos cuatro a\u00f1os y por un importe de 24,8 millones de euros. El contrato abarca la prestaci\u00f3n de este servicio en los tres centros de Madrid, y en los","og:url":"https:\/\/eldigitaldeasturias.com\/magazine365\/adif-saca-a-concurso-el-mantenimiento-de-los-centros-de-control-de-trafico-del-ave-por-25-millones\/","og:image":"https:\/\/eldigitaldeasturias.com\/magazine365\/wp-content\/uploads\/2016\/05\/fotonoticia_20160530111004_800.jpg","og:image:secure_url":"https:\/\/eldigitaldeasturias.com\/magazine365\/wp-content\/uploads\/2016\/05\/fotonoticia_20160530111004_800.jpg","og:image:width":800,"og:image:height":517,"article:published_time":"2016-05-31T07:58:26+00:00","article:modified_time":"2016-05-31T07:58:26+00:00","twitter:card":"summary_large_image","twitter:title":"Adif saca a concurso el mantenimiento de los centros de control de tr\u00e1fico del AVE por 25 millones | El Digital de Asturias","twitter:description":"Adif ha sacado a concurso el contrato de mantenimiento de los centros de regulaci\u00f3n y control de tr\u00e1fico de las l\u00edneas de Alta Velocidad para los pr\u00f3ximos cuatro a\u00f1os y por un importe de 24,8 millones de euros. El contrato abarca la prestaci\u00f3n de este servicio en los tres centros de Madrid, y en los","twitter:image":"https:\/\/eldigitaldeasturias.com\/magazine365\/wp-content\/uploads\/2016\/05\/fotonoticia_20160530111004_800.jpg"},"aioseo_meta_data":{"post_id":"77134","title":null,"description":null,"keywords":null,"keyphrases":null,"primary_term":null,"canonical_url":null,"og_title":null,"og_description":null,"og_object_type":"default","og_image_type":"default","og_image_url":null,"og_image_width":null,"og_image_height":null,"og_image_custom_url":null,"og_image_custom_fields":null,"og_video":null,"og_custom_url":null,"og_article_section":null,"og_article_tags":null,"twitter_use_og":false,"twitter_card":"default","twitter_image_type":"default","twitter_image_url":null,"twitter_image_custom_url":null,"twitter_image_custom_fields":null,"twitter_title":null,"twitter_description":null,"schema":{"blockGraphs":[],"customGraphs":[],"default":{"data":{"Article":[],"Course":[],"Dataset":[],"FAQPage":[],"Movie":[],"Person":[],"Product":[],"ProductReview":[],"Car":[],"Recipe":[],"Service":[],"SoftwareApplication":[],"WebPage":[]},"graphName":"","isEnabled":true},"graphs":[],"defaultGraph":"","defaultPostTypeGraph":""},"schema_type":null,"schema_type_options":null,"pillar_content":false,"robots_default":true,"robots_noindex":false,"robots_noarchive":false,"robots_nosnippet":false,"robots_nofollow":false,"robots_noimageindex":false,"robots_noodp":false,"robots_notranslate":false,"robots_max_snippet":null,"robots_max_videopreview":null,"robots_max_imagepreview":"large","priority":null,"frequency":null,"location":null,"local_seo":null,"seo_analyzer_scan_date":"2025-09-27 14:11:05","breadcrumb_settings":null,"limit_modified_date":false,"open_ai":null,"ai":null,"created":"2021-03-08 18:19:40","updated":"2025-09-27 14:11:05"},"aioseo_breadcrumb":"<div class=\"aioseo-breadcrumbs\"><span class=\"aioseo-breadcrumb\">\n\t<a href=\"https:\/\/eldigitaldeasturias.com\/magazine365\" title=\"Home\">Home<\/a>\n<\/span><span class=\"aioseo-breadcrumb-separator\">\u2013<\/span><span class=\"aioseo-breadcrumb\">\n\t<a href=\"https:\/\/eldigitaldeasturias.com\/magazine365\/category\/noticias-actualidad\/\" title=\"Noticias y Actualidad\">Noticias y Actualidad<\/a>\n<\/span><span class=\"aioseo-breadcrumb-separator\">\u2013<\/span><span class=\"aioseo-breadcrumb\">\n\t<a href=\"https:\/\/eldigitaldeasturias.com\/magazine365\/adif-saca-a-concurso-el-mantenimiento-de-los-centros-de-control-de-trafico-del-ave-por-25-millones\/\" title=\"Adif saca a concurso el mantenimiento de los centros de control de tr\u00e1fico del AVE por 25 millones\">Adif saca a concurso el mantenimiento de los centros de control de tr\u00e1fico del AVE por 25 millones<\/a>\n<\/span><\/div>","aioseo_breadcrumb_json":[{"label":"Home","link":"https:\/\/eldigitaldeasturias.com\/magazine365"},{"label":"Noticias y Actualidad","link":"https:\/\/eldigitaldeasturias.com\/magazine365\/category\/noticias-actualidad\/"},{"label":"Adif saca a concurso el mantenimiento de los centros de control de tr\u00e1fico del AVE por 25 millones","link":"https:\/\/eldigitaldeasturias.com\/magazine365\/adif-saca-a-concurso-el-mantenimiento-de-los-centros-de-control-de-trafico-del-ave-por-25-millones\/"}],"_links":{"self":[{"href":"https:\/\/eldigitaldeasturias.com\/magazine365\/wp-json\/wp\/v2\/posts\/77134","targetHints":{"allow":["GET"]}}],"collection":[{"href":"https:\/\/eldigitaldeasturias.com\/magazine365\/wp-json\/wp\/v2\/posts"}],"about":[{"href":"https:\/\/eldigitaldeasturias.com\/magazine365\/wp-json\/wp\/v2\/types\/post"}],"author":[{"embeddable":true,"href":"https:\/\/eldigitaldeasturias.com\/magazine365\/wp-json\/wp\/v2\/users\/1"}],"replies":[{"embeddable":true,"href":"https:\/\/eldigitaldeasturias.com\/magazine365\/wp-json\/wp\/v2\/comments?post=77134"}],"version-history":[{"count":0,"href":"https:\/\/eldigitaldeasturias.com\/magazine365\/wp-json\/wp\/v2\/posts\/77134\/revisions"}],"wp:featuredmedia":[{"embeddable":true,"href":"https:\/\/eldigitaldeasturias.com\/magazine365\/wp-json\/wp\/v2\/media\/77135"}],"wp:attachment":[{"href":"https:\/\/eldigitaldeasturias.com\/magazine365\/wp-json\/wp\/v2\/media?parent=77134"}],"wp:term":[{"taxonomy":"category","embeddable":true,"href":"https:\/\/eldigitaldeasturias.com\/magazine365\/wp-json\/wp\/v2\/categories?post=77134"},{"taxonomy":"post_tag","embeddable":true,"href":"https:\/\/eldigitaldeasturias.com\/magazine365\/wp-json\/wp\/v2\/tags?post=77134"}],"curies":[{"name":"wp","href":"https:\/\/api.w.org\/{rel}","templated":true}]}}