{"id":77131,"date":"2016-05-31T09:57:34","date_gmt":"2016-05-31T07:57:34","guid":{"rendered":"http:\/\/eldigitaldeasturias.com\/magazine365\/?p=77131"},"modified":"2016-05-31T09:57:34","modified_gmt":"2016-05-31T07:57:34","slug":"el-metro-registra-congestiones-y-un-19-menos-de-usuarios-entre-las-7-y-las-9-por-la-huelga","status":"publish","type":"post","link":"https:\/\/eldigitaldeasturias.com\/magazine365\/el-metro-registra-congestiones-y-un-19-menos-de-usuarios-entre-las-7-y-las-9-por-la-huelga\/","title":{"rendered":"El Metro registra congestiones y un 19% menos de usuarios entre las 7 y las 9 por la huelga"},"content":{"rendered":"<p><img fetchpriority=\"high\" decoding=\"async\" class=\"alignleft size-medium wp-image-77132\" src=\"https:\/\/eldigitaldeasturias.com\/magazine365\/wp-content\/uploads\/2016\/05\/fotonoticia_20160530110448_800-360x240.jpg\" alt=\"fotonoticia_20160530110448_800\" width=\"360\" height=\"240\" srcset=\"https:\/\/eldigitaldeasturias.com\/magazine365\/wp-content\/uploads\/2016\/05\/fotonoticia_20160530110448_800-360x240.jpg 360w, https:\/\/eldigitaldeasturias.com\/magazine365\/wp-content\/uploads\/2016\/05\/fotonoticia_20160530110448_800-650x433.jpg 650w, https:\/\/eldigitaldeasturias.com\/magazine365\/wp-content\/uploads\/2016\/05\/fotonoticia_20160530110448_800-768x512.jpg 768w, https:\/\/eldigitaldeasturias.com\/magazine365\/wp-content\/uploads\/2016\/05\/fotonoticia_20160530110448_800-150x100.jpg 150w, https:\/\/eldigitaldeasturias.com\/magazine365\/wp-content\/uploads\/2016\/05\/fotonoticia_20160530110448_800-450x300.jpg 450w, https:\/\/eldigitaldeasturias.com\/magazine365\/wp-content\/uploads\/2016\/05\/fotonoticia_20160530110448_800-101x66.jpg 101w, https:\/\/eldigitaldeasturias.com\/magazine365\/wp-content\/uploads\/2016\/05\/fotonoticia_20160530110448_800.jpg 800w\" sizes=\"(max-width: 360px) 100vw, 360px\" \/>El Metro de Barcelona ha registrado un 19% menos de usuarios entre las 7.00 y las 9.00 horas de este lunes por la huelga, que ha provocado congestiones en algunos tramos al convocarse en hora punta, especialmente en el tramo central de la L5.<\/p>\n<p>El paro ha obligado a regular los enlaces en las estaciones de Sants Estaci\u00f3, La Sagrera y Sagrada Fam\u00edlia para evitar que se superara la capacidad de los andenes, ha informado Transports Metropolitans de Barcelona (TMB) en un comunicado en la primera jornada de huelgas de esta semana, en la que habr\u00e1 paros hasta el jueves.<\/p>\n<p>La franja de huelga de la ma\u00f1ana ha finalizado a las 9.00 horas &#8211;tras contar con unos servicios m\u00ednimos del 40%&#8211;, y los trabajadores volver\u00e1n a hacer paros del servicio entre las 16.00 y las 18.00 &#8211;tambi\u00e9n con un 40% del servicio&#8211; y de las 20.30 hasta las 22.30, cuando ser\u00e1n del 20%, mientras que el resto del d\u00eda se prestar\u00e1 el servicio habitual.<\/p>\n<p>Adem\u00e1s, el tramo de la L5 entre Vall d&#8217;Hebron y Horta se ha visto afectado por una incidencia sin relaci\u00f3n con la huelga que ha provocado que la l\u00ednea est\u00e9 funcionando s\u00f3lo entre Cornell\u00e0 Centre y Horta, debido a la presencia de personas en la zona de v\u00edas.<\/p>\n<p>TMB ha avisado que los servicios m\u00ednimos son \u00abinsuficientes\u00bb para absorber la demanda habitual en las franjas de los paros &#8211;ha se\u00f1alado que la mayor\u00eda son en horas de entrada y salida de centros de trabajo y estudio&#8211;, y recomienda buscar medios alternativos para desplazarse.<\/p>\n<p>Ha detallado que habitualmente en un d\u00eda laboral se registran 190.000 entradas de 7.00 a los 9.00 horas &#8211;con este 19% menos este lunes&#8211; y que, de las 16.00 a las 18.00 horas, normalmente se contabilizan unas 165.000.<\/p>\n","protected":false},"excerpt":{"rendered":"<p>El Metro de Barcelona ha registrado un 19% menos de usuarios entre las 7.00 y las 9.00 horas de este lunes por la huelga, que ha provocado congestiones en algunos tramos al convocarse en hora punta, especialmente en el tramo central de la L5. El paro ha obligado a regular los enlaces en las estaciones<\/p>\n","protected":false},"author":1,"featured_media":77132,"comment_status":"open","ping_status":"closed","sticky":false,"template":"","format":"standard","meta":{"footnotes":""},"categories":[224],"tags":[],"class_list":{"0":"post-77131","1":"post","2":"type-post","3":"status-publish","4":"format-standard","5":"has-post-thumbnail","7":"category-noticias-actualidad"},"aioseo_notices":[],"aioseo_head":"\n\t\t<!-- All in One SEO Pro 4.9.6.1 - aioseo.com -->\n\t<meta name=\"description\" content=\"El Metro de Barcelona ha registrado un 19% menos de usuarios entre las 7.00 y las 9.00 horas de este lunes por la huelga, que ha provocado congestiones en algunos tramos al convocarse en hora punta, especialmente en el tramo central de la L5. El paro ha obligado a regular los enlaces en las estaciones\" \/>\n\t<meta name=\"robots\" content=\"max-image-preview:large\" \/>\n\t<meta name=\"author\" content=\"admin\"\/>\n\t<meta name=\"google-site-verification\" content=\"UA-38556648-1\" \/>\n\t<meta name=\"keywords\" content=\"noticias y actualidad\" \/>\n\t<link rel=\"canonical\" href=\"https:\/\/eldigitaldeasturias.com\/magazine365\/el-metro-registra-congestiones-y-un-19-menos-de-usuarios-entre-las-7-y-las-9-por-la-huelga\/\" \/>\n\t<meta name=\"generator\" content=\"All in One SEO Pro (AIOSEO) 4.9.6.1\" \/>\n\t\t<meta property=\"og:locale\" content=\"es_ES\" \/>\n\t\t<meta property=\"og:site_name\" content=\"El Digital de Asturias \u2013 Revista de ocio, turismo y estilo de vida\" \/>\n\t\t<meta property=\"og:type\" content=\"article\" \/>\n\t\t<meta property=\"og:title\" content=\"El Metro registra congestiones y un 19% menos de usuarios entre las 7 y las 9 por la huelga | El Digital de Asturias\" \/>\n\t\t<meta property=\"og:description\" content=\"El Metro de Barcelona ha registrado un 19% menos de usuarios entre las 7.00 y las 9.00 horas de este lunes por la huelga, que ha provocado congestiones en algunos tramos al convocarse en hora punta, especialmente en el tramo central de la L5. El paro ha obligado a regular los enlaces en las estaciones\" \/>\n\t\t<meta property=\"og:url\" content=\"https:\/\/eldigitaldeasturias.com\/magazine365\/el-metro-registra-congestiones-y-un-19-menos-de-usuarios-entre-las-7-y-las-9-por-la-huelga\/\" \/>\n\t\t<meta property=\"og:image\" content=\"https:\/\/eldigitaldeasturias.com\/magazine365\/wp-content\/uploads\/2016\/05\/fotonoticia_20160530110448_800.jpg\" \/>\n\t\t<meta property=\"og:image:secure_url\" content=\"https:\/\/eldigitaldeasturias.com\/magazine365\/wp-content\/uploads\/2016\/05\/fotonoticia_20160530110448_800.jpg\" \/>\n\t\t<meta property=\"og:image:width\" content=\"800\" \/>\n\t\t<meta property=\"og:image:height\" content=\"533\" \/>\n\t\t<meta property=\"article:published_time\" content=\"2016-05-31T07:57:34+00:00\" \/>\n\t\t<meta property=\"article:modified_time\" content=\"2016-05-31T07:57:34+00:00\" \/>\n\t\t<meta name=\"twitter:card\" content=\"summary_large_image\" \/>\n\t\t<meta name=\"twitter:title\" content=\"El Metro registra congestiones y un 19% menos de usuarios entre las 7 y las 9 por la huelga | El Digital de Asturias\" \/>\n\t\t<meta name=\"twitter:description\" content=\"El Metro de Barcelona ha registrado un 19% menos de usuarios entre las 7.00 y las 9.00 horas de este lunes por la huelga, que ha provocado congestiones en algunos tramos al convocarse en hora punta, especialmente en el tramo central de la L5. El paro ha obligado a regular los enlaces en las estaciones\" \/>\n\t\t<meta name=\"twitter:image\" content=\"https:\/\/eldigitaldeasturias.com\/magazine365\/wp-content\/uploads\/2016\/05\/fotonoticia_20160530110448_800.jpg\" \/>\n\t\t<script type=\"application\/ld+json\" class=\"aioseo-schema\">\n\t\t\t{\"@context\":\"https:\\\/\\\/schema.org\",\"@graph\":[{\"@type\":\"Article\",\"@id\":\"https:\\\/\\\/eldigitaldeasturias.com\\\/magazine365\\\/el-metro-registra-congestiones-y-un-19-menos-de-usuarios-entre-las-7-y-las-9-por-la-huelga\\\/#article\",\"name\":\"El Metro registra congestiones y un 19% menos de usuarios entre las 7 y las 9 por la huelga | El Digital de Asturias\",\"headline\":\"El Metro registra congestiones y un 19% menos de usuarios entre las 7 y las 9 por la huelga\",\"author\":{\"@id\":\"https:\\\/\\\/eldigitaldeasturias.com\\\/magazine365\\\/author\\\/admin\\\/#author\"},\"publisher\":{\"@id\":\"https:\\\/\\\/eldigitaldeasturias.com\\\/magazine365\\\/#organization\"},\"image\":{\"@type\":\"ImageObject\",\"url\":\"https:\\\/\\\/eldigitaldeasturias.com\\\/magazine365\\\/wp-content\\\/uploads\\\/2016\\\/05\\\/fotonoticia_20160530110448_800.jpg\",\"width\":800,\"height\":533},\"datePublished\":\"2016-05-31T09:57:34+02:00\",\"dateModified\":\"2016-05-31T09:57:34+02:00\",\"inLanguage\":\"es-ES\",\"mainEntityOfPage\":{\"@id\":\"https:\\\/\\\/eldigitaldeasturias.com\\\/magazine365\\\/el-metro-registra-congestiones-y-un-19-menos-de-usuarios-entre-las-7-y-las-9-por-la-huelga\\\/#webpage\"},\"isPartOf\":{\"@id\":\"https:\\\/\\\/eldigitaldeasturias.com\\\/magazine365\\\/el-metro-registra-congestiones-y-un-19-menos-de-usuarios-entre-las-7-y-las-9-por-la-huelga\\\/#webpage\"},\"articleSection\":\"Noticias y Actualidad\"},{\"@type\":\"BreadcrumbList\",\"@id\":\"https:\\\/\\\/eldigitaldeasturias.com\\\/magazine365\\\/el-metro-registra-congestiones-y-un-19-menos-de-usuarios-entre-las-7-y-las-9-por-la-huelga\\\/#breadcrumblist\",\"itemListElement\":[{\"@type\":\"ListItem\",\"@id\":\"https:\\\/\\\/eldigitaldeasturias.com\\\/magazine365#listItem\",\"position\":1,\"name\":\"Home\",\"item\":\"https:\\\/\\\/eldigitaldeasturias.com\\\/magazine365\",\"nextItem\":{\"@type\":\"ListItem\",\"@id\":\"https:\\\/\\\/eldigitaldeasturias.com\\\/magazine365\\\/category\\\/noticias-actualidad\\\/#listItem\",\"name\":\"Noticias y Actualidad\"}},{\"@type\":\"ListItem\",\"@id\":\"https:\\\/\\\/eldigitaldeasturias.com\\\/magazine365\\\/category\\\/noticias-actualidad\\\/#listItem\",\"position\":2,\"name\":\"Noticias y Actualidad\",\"item\":\"https:\\\/\\\/eldigitaldeasturias.com\\\/magazine365\\\/category\\\/noticias-actualidad\\\/\",\"nextItem\":{\"@type\":\"ListItem\",\"@id\":\"https:\\\/\\\/eldigitaldeasturias.com\\\/magazine365\\\/el-metro-registra-congestiones-y-un-19-menos-de-usuarios-entre-las-7-y-las-9-por-la-huelga\\\/#listItem\",\"name\":\"El Metro registra congestiones y un 19% menos de usuarios entre las 7 y las 9 por la huelga\"},\"previousItem\":{\"@type\":\"ListItem\",\"@id\":\"https:\\\/\\\/eldigitaldeasturias.com\\\/magazine365#listItem\",\"name\":\"Home\"}},{\"@type\":\"ListItem\",\"@id\":\"https:\\\/\\\/eldigitaldeasturias.com\\\/magazine365\\\/el-metro-registra-congestiones-y-un-19-menos-de-usuarios-entre-las-7-y-las-9-por-la-huelga\\\/#listItem\",\"position\":3,\"name\":\"El Metro registra congestiones y un 19% menos de usuarios entre las 7 y las 9 por la huelga\",\"previousItem\":{\"@type\":\"ListItem\",\"@id\":\"https:\\\/\\\/eldigitaldeasturias.com\\\/magazine365\\\/category\\\/noticias-actualidad\\\/#listItem\",\"name\":\"Noticias y Actualidad\"}}]},{\"@type\":\"Organization\",\"@id\":\"https:\\\/\\\/eldigitaldeasturias.com\\\/magazine365\\\/#organization\",\"name\":\"El digital de Asturias\",\"description\":\"Revista de ocio, turismo y estilo de vida\",\"url\":\"https:\\\/\\\/eldigitaldeasturias.com\\\/magazine365\\\/\",\"logo\":{\"@type\":\"ImageObject\",\"url\":\"https:\\\/\\\/www.eldigitaldeasturias.com\\\/noticias\\\/wp-content\\\/uploads\\\/2020\\\/12\\\/EDA.jpg\",\"@id\":\"https:\\\/\\\/eldigitaldeasturias.com\\\/magazine365\\\/el-metro-registra-congestiones-y-un-19-menos-de-usuarios-entre-las-7-y-las-9-por-la-huelga\\\/#organizationLogo\"},\"image\":{\"@id\":\"https:\\\/\\\/eldigitaldeasturias.com\\\/magazine365\\\/el-metro-registra-congestiones-y-un-19-menos-de-usuarios-entre-las-7-y-las-9-por-la-huelga\\\/#organizationLogo\"}},{\"@type\":\"Person\",\"@id\":\"https:\\\/\\\/eldigitaldeasturias.com\\\/magazine365\\\/author\\\/admin\\\/#author\",\"url\":\"https:\\\/\\\/eldigitaldeasturias.com\\\/magazine365\\\/author\\\/admin\\\/\",\"name\":\"admin\",\"image\":{\"@type\":\"ImageObject\",\"@id\":\"https:\\\/\\\/eldigitaldeasturias.com\\\/magazine365\\\/el-metro-registra-congestiones-y-un-19-menos-de-usuarios-entre-las-7-y-las-9-por-la-huelga\\\/#authorImage\",\"url\":\"https:\\\/\\\/eldigitaldeasturias.com\\\/magazine365\\\/wp-content\\\/litespeed\\\/avatar\\\/e571bcf59a0edd6fa6838245a470f2fe.jpg?ver=1776969259\",\"width\":96,\"height\":96,\"caption\":\"admin\"}},{\"@type\":\"WebPage\",\"@id\":\"https:\\\/\\\/eldigitaldeasturias.com\\\/magazine365\\\/el-metro-registra-congestiones-y-un-19-menos-de-usuarios-entre-las-7-y-las-9-por-la-huelga\\\/#webpage\",\"url\":\"https:\\\/\\\/eldigitaldeasturias.com\\\/magazine365\\\/el-metro-registra-congestiones-y-un-19-menos-de-usuarios-entre-las-7-y-las-9-por-la-huelga\\\/\",\"name\":\"El Metro registra congestiones y un 19% menos de usuarios entre las 7 y las 9 por la huelga | El Digital de Asturias\",\"description\":\"El Metro de Barcelona ha registrado un 19% menos de usuarios entre las 7.00 y las 9.00 horas de este lunes por la huelga, que ha provocado congestiones en algunos tramos al convocarse en hora punta, especialmente en el tramo central de la L5. El paro ha obligado a regular los enlaces en las estaciones\",\"inLanguage\":\"es-ES\",\"isPartOf\":{\"@id\":\"https:\\\/\\\/eldigitaldeasturias.com\\\/magazine365\\\/#website\"},\"breadcrumb\":{\"@id\":\"https:\\\/\\\/eldigitaldeasturias.com\\\/magazine365\\\/el-metro-registra-congestiones-y-un-19-menos-de-usuarios-entre-las-7-y-las-9-por-la-huelga\\\/#breadcrumblist\"},\"author\":{\"@id\":\"https:\\\/\\\/eldigitaldeasturias.com\\\/magazine365\\\/author\\\/admin\\\/#author\"},\"creator\":{\"@id\":\"https:\\\/\\\/eldigitaldeasturias.com\\\/magazine365\\\/author\\\/admin\\\/#author\"},\"image\":{\"@type\":\"ImageObject\",\"url\":\"https:\\\/\\\/eldigitaldeasturias.com\\\/magazine365\\\/wp-content\\\/uploads\\\/2016\\\/05\\\/fotonoticia_20160530110448_800.jpg\",\"@id\":\"https:\\\/\\\/eldigitaldeasturias.com\\\/magazine365\\\/el-metro-registra-congestiones-y-un-19-menos-de-usuarios-entre-las-7-y-las-9-por-la-huelga\\\/#mainImage\",\"width\":800,\"height\":533},\"primaryImageOfPage\":{\"@id\":\"https:\\\/\\\/eldigitaldeasturias.com\\\/magazine365\\\/el-metro-registra-congestiones-y-un-19-menos-de-usuarios-entre-las-7-y-las-9-por-la-huelga\\\/#mainImage\"},\"datePublished\":\"2016-05-31T09:57:34+02:00\",\"dateModified\":\"2016-05-31T09:57:34+02:00\"},{\"@type\":\"WebSite\",\"@id\":\"https:\\\/\\\/eldigitaldeasturias.com\\\/magazine365\\\/#website\",\"url\":\"https:\\\/\\\/eldigitaldeasturias.com\\\/magazine365\\\/\",\"name\":\"El Digital de Asturias\",\"description\":\"Revista de ocio, turismo y estilo de vida\",\"inLanguage\":\"es-ES\",\"publisher\":{\"@id\":\"https:\\\/\\\/eldigitaldeasturias.com\\\/magazine365\\\/#organization\"}}]}\n\t\t<\/script>\n\t\t<!-- All in One SEO Pro -->\r\n\t\t<title>El Metro registra congestiones y un 19% menos de usuarios entre las 7 y las 9 por la huelga | El Digital de Asturias<\/title>\n\n","aioseo_head_json":{"title":"El Metro registra congestiones y un 19% menos de usuarios entre las 7 y las 9 por la huelga | El Digital de Asturias","description":"El Metro de Barcelona ha registrado un 19% menos de usuarios entre las 7.00 y las 9.00 horas de este lunes por la huelga, que ha provocado congestiones en algunos tramos al convocarse en hora punta, especialmente en el tramo central de la L5. El paro ha obligado a regular los enlaces en las estaciones","canonical_url":"https:\/\/eldigitaldeasturias.com\/magazine365\/el-metro-registra-congestiones-y-un-19-menos-de-usuarios-entre-las-7-y-las-9-por-la-huelga\/","robots":"max-image-preview:large","keywords":"noticias y actualidad","webmasterTools":{"google-site-verification":"UA-38556648-1","miscellaneous":""},"schema":{"@context":"https:\/\/schema.org","@graph":[{"@type":"Article","@id":"https:\/\/eldigitaldeasturias.com\/magazine365\/el-metro-registra-congestiones-y-un-19-menos-de-usuarios-entre-las-7-y-las-9-por-la-huelga\/#article","name":"El Metro registra congestiones y un 19% menos de usuarios entre las 7 y las 9 por la huelga | El Digital de Asturias","headline":"El Metro registra congestiones y un 19% menos de usuarios entre las 7 y las 9 por la huelga","author":{"@id":"https:\/\/eldigitaldeasturias.com\/magazine365\/author\/admin\/#author"},"publisher":{"@id":"https:\/\/eldigitaldeasturias.com\/magazine365\/#organization"},"image":{"@type":"ImageObject","url":"https:\/\/eldigitaldeasturias.com\/magazine365\/wp-content\/uploads\/2016\/05\/fotonoticia_20160530110448_800.jpg","width":800,"height":533},"datePublished":"2016-05-31T09:57:34+02:00","dateModified":"2016-05-31T09:57:34+02:00","inLanguage":"es-ES","mainEntityOfPage":{"@id":"https:\/\/eldigitaldeasturias.com\/magazine365\/el-metro-registra-congestiones-y-un-19-menos-de-usuarios-entre-las-7-y-las-9-por-la-huelga\/#webpage"},"isPartOf":{"@id":"https:\/\/eldigitaldeasturias.com\/magazine365\/el-metro-registra-congestiones-y-un-19-menos-de-usuarios-entre-las-7-y-las-9-por-la-huelga\/#webpage"},"articleSection":"Noticias y Actualidad"},{"@type":"BreadcrumbList","@id":"https:\/\/eldigitaldeasturias.com\/magazine365\/el-metro-registra-congestiones-y-un-19-menos-de-usuarios-entre-las-7-y-las-9-por-la-huelga\/#breadcrumblist","itemListElement":[{"@type":"ListItem","@id":"https:\/\/eldigitaldeasturias.com\/magazine365#listItem","position":1,"name":"Home","item":"https:\/\/eldigitaldeasturias.com\/magazine365","nextItem":{"@type":"ListItem","@id":"https:\/\/eldigitaldeasturias.com\/magazine365\/category\/noticias-actualidad\/#listItem","name":"Noticias y Actualidad"}},{"@type":"ListItem","@id":"https:\/\/eldigitaldeasturias.com\/magazine365\/category\/noticias-actualidad\/#listItem","position":2,"name":"Noticias y Actualidad","item":"https:\/\/eldigitaldeasturias.com\/magazine365\/category\/noticias-actualidad\/","nextItem":{"@type":"ListItem","@id":"https:\/\/eldigitaldeasturias.com\/magazine365\/el-metro-registra-congestiones-y-un-19-menos-de-usuarios-entre-las-7-y-las-9-por-la-huelga\/#listItem","name":"El Metro registra congestiones y un 19% menos de usuarios entre las 7 y las 9 por la huelga"},"previousItem":{"@type":"ListItem","@id":"https:\/\/eldigitaldeasturias.com\/magazine365#listItem","name":"Home"}},{"@type":"ListItem","@id":"https:\/\/eldigitaldeasturias.com\/magazine365\/el-metro-registra-congestiones-y-un-19-menos-de-usuarios-entre-las-7-y-las-9-por-la-huelga\/#listItem","position":3,"name":"El Metro registra congestiones y un 19% menos de usuarios entre las 7 y las 9 por la huelga","previousItem":{"@type":"ListItem","@id":"https:\/\/eldigitaldeasturias.com\/magazine365\/category\/noticias-actualidad\/#listItem","name":"Noticias y Actualidad"}}]},{"@type":"Organization","@id":"https:\/\/eldigitaldeasturias.com\/magazine365\/#organization","name":"El digital de Asturias","description":"Revista de ocio, turismo y estilo de vida","url":"https:\/\/eldigitaldeasturias.com\/magazine365\/","logo":{"@type":"ImageObject","url":"https:\/\/www.eldigitaldeasturias.com\/noticias\/wp-content\/uploads\/2020\/12\/EDA.jpg","@id":"https:\/\/eldigitaldeasturias.com\/magazine365\/el-metro-registra-congestiones-y-un-19-menos-de-usuarios-entre-las-7-y-las-9-por-la-huelga\/#organizationLogo"},"image":{"@id":"https:\/\/eldigitaldeasturias.com\/magazine365\/el-metro-registra-congestiones-y-un-19-menos-de-usuarios-entre-las-7-y-las-9-por-la-huelga\/#organizationLogo"}},{"@type":"Person","@id":"https:\/\/eldigitaldeasturias.com\/magazine365\/author\/admin\/#author","url":"https:\/\/eldigitaldeasturias.com\/magazine365\/author\/admin\/","name":"admin","image":{"@type":"ImageObject","@id":"https:\/\/eldigitaldeasturias.com\/magazine365\/el-metro-registra-congestiones-y-un-19-menos-de-usuarios-entre-las-7-y-las-9-por-la-huelga\/#authorImage","url":"https:\/\/eldigitaldeasturias.com\/magazine365\/wp-content\/litespeed\/avatar\/e571bcf59a0edd6fa6838245a470f2fe.jpg?ver=1776969259","width":96,"height":96,"caption":"admin"}},{"@type":"WebPage","@id":"https:\/\/eldigitaldeasturias.com\/magazine365\/el-metro-registra-congestiones-y-un-19-menos-de-usuarios-entre-las-7-y-las-9-por-la-huelga\/#webpage","url":"https:\/\/eldigitaldeasturias.com\/magazine365\/el-metro-registra-congestiones-y-un-19-menos-de-usuarios-entre-las-7-y-las-9-por-la-huelga\/","name":"El Metro registra congestiones y un 19% menos de usuarios entre las 7 y las 9 por la huelga | El Digital de Asturias","description":"El Metro de Barcelona ha registrado un 19% menos de usuarios entre las 7.00 y las 9.00 horas de este lunes por la huelga, que ha provocado congestiones en algunos tramos al convocarse en hora punta, especialmente en el tramo central de la L5. El paro ha obligado a regular los enlaces en las estaciones","inLanguage":"es-ES","isPartOf":{"@id":"https:\/\/eldigitaldeasturias.com\/magazine365\/#website"},"breadcrumb":{"@id":"https:\/\/eldigitaldeasturias.com\/magazine365\/el-metro-registra-congestiones-y-un-19-menos-de-usuarios-entre-las-7-y-las-9-por-la-huelga\/#breadcrumblist"},"author":{"@id":"https:\/\/eldigitaldeasturias.com\/magazine365\/author\/admin\/#author"},"creator":{"@id":"https:\/\/eldigitaldeasturias.com\/magazine365\/author\/admin\/#author"},"image":{"@type":"ImageObject","url":"https:\/\/eldigitaldeasturias.com\/magazine365\/wp-content\/uploads\/2016\/05\/fotonoticia_20160530110448_800.jpg","@id":"https:\/\/eldigitaldeasturias.com\/magazine365\/el-metro-registra-congestiones-y-un-19-menos-de-usuarios-entre-las-7-y-las-9-por-la-huelga\/#mainImage","width":800,"height":533},"primaryImageOfPage":{"@id":"https:\/\/eldigitaldeasturias.com\/magazine365\/el-metro-registra-congestiones-y-un-19-menos-de-usuarios-entre-las-7-y-las-9-por-la-huelga\/#mainImage"},"datePublished":"2016-05-31T09:57:34+02:00","dateModified":"2016-05-31T09:57:34+02:00"},{"@type":"WebSite","@id":"https:\/\/eldigitaldeasturias.com\/magazine365\/#website","url":"https:\/\/eldigitaldeasturias.com\/magazine365\/","name":"El Digital de Asturias","description":"Revista de ocio, turismo y estilo de vida","inLanguage":"es-ES","publisher":{"@id":"https:\/\/eldigitaldeasturias.com\/magazine365\/#organization"}}]},"og:locale":"es_ES","og:site_name":"El Digital de Asturias \u2013 Revista de ocio, turismo y estilo de vida","og:type":"article","og:title":"El Metro registra congestiones y un 19% menos de usuarios entre las 7 y las 9 por la huelga | El Digital de Asturias","og:description":"El Metro de Barcelona ha registrado un 19% menos de usuarios entre las 7.00 y las 9.00 horas de este lunes por la huelga, que ha provocado congestiones en algunos tramos al convocarse en hora punta, especialmente en el tramo central de la L5. El paro ha obligado a regular los enlaces en las estaciones","og:url":"https:\/\/eldigitaldeasturias.com\/magazine365\/el-metro-registra-congestiones-y-un-19-menos-de-usuarios-entre-las-7-y-las-9-por-la-huelga\/","og:image":"https:\/\/eldigitaldeasturias.com\/magazine365\/wp-content\/uploads\/2016\/05\/fotonoticia_20160530110448_800.jpg","og:image:secure_url":"https:\/\/eldigitaldeasturias.com\/magazine365\/wp-content\/uploads\/2016\/05\/fotonoticia_20160530110448_800.jpg","og:image:width":800,"og:image:height":533,"article:published_time":"2016-05-31T07:57:34+00:00","article:modified_time":"2016-05-31T07:57:34+00:00","twitter:card":"summary_large_image","twitter:title":"El Metro registra congestiones y un 19% menos de usuarios entre las 7 y las 9 por la huelga | El Digital de Asturias","twitter:description":"El Metro de Barcelona ha registrado un 19% menos de usuarios entre las 7.00 y las 9.00 horas de este lunes por la huelga, que ha provocado congestiones en algunos tramos al convocarse en hora punta, especialmente en el tramo central de la L5. El paro ha obligado a regular los enlaces en las estaciones","twitter:image":"https:\/\/eldigitaldeasturias.com\/magazine365\/wp-content\/uploads\/2016\/05\/fotonoticia_20160530110448_800.jpg"},"aioseo_meta_data":{"post_id":"77131","title":null,"description":null,"keywords":null,"keyphrases":null,"primary_term":null,"canonical_url":null,"og_title":null,"og_description":null,"og_object_type":"default","og_image_type":"default","og_image_url":null,"og_image_width":null,"og_image_height":null,"og_image_custom_url":null,"og_image_custom_fields":null,"og_video":null,"og_custom_url":null,"og_article_section":null,"og_article_tags":null,"twitter_use_og":false,"twitter_card":"default","twitter_image_type":"default","twitter_image_url":null,"twitter_image_custom_url":null,"twitter_image_custom_fields":null,"twitter_title":null,"twitter_description":null,"schema":{"blockGraphs":[],"customGraphs":[],"default":{"data":{"Article":[],"Course":[],"Dataset":[],"FAQPage":[],"Movie":[],"Person":[],"Product":[],"ProductReview":[],"Car":[],"Recipe":[],"Service":[],"SoftwareApplication":[],"WebPage":[]},"graphName":"","isEnabled":true},"graphs":[]},"schema_type":null,"schema_type_options":null,"pillar_content":false,"robots_default":true,"robots_noindex":false,"robots_noarchive":false,"robots_nosnippet":false,"robots_nofollow":false,"robots_noimageindex":false,"robots_noodp":false,"robots_notranslate":false,"robots_max_snippet":null,"robots_max_videopreview":null,"robots_max_imagepreview":"large","priority":null,"frequency":null,"location":null,"local_seo":null,"seo_analyzer_scan_date":"2025-09-27 14:11:04","breadcrumb_settings":null,"limit_modified_date":false,"open_ai":null,"ai":null,"created":"2021-03-08 18:19:40","updated":"2025-09-27 14:11:04"},"aioseo_breadcrumb":"<div class=\"aioseo-breadcrumbs\"><span class=\"aioseo-breadcrumb\">\n\t<a href=\"https:\/\/eldigitaldeasturias.com\/magazine365\" title=\"Home\">Home<\/a>\n<\/span><span class=\"aioseo-breadcrumb-separator\">\u2013<\/span><span class=\"aioseo-breadcrumb\">\n\t<a href=\"https:\/\/eldigitaldeasturias.com\/magazine365\/category\/noticias-actualidad\/\" title=\"Noticias y Actualidad\">Noticias y Actualidad<\/a>\n<\/span><span class=\"aioseo-breadcrumb-separator\">\u2013<\/span><span class=\"aioseo-breadcrumb\">\n\t<a href=\"https:\/\/eldigitaldeasturias.com\/magazine365\/el-metro-registra-congestiones-y-un-19-menos-de-usuarios-entre-las-7-y-las-9-por-la-huelga\/\" title=\"El Metro registra congestiones y un 19% menos de usuarios entre las 7 y las 9 por la huelga\">El Metro registra congestiones y un 19% menos de usuarios entre las 7 y las 9 por la huelga<\/a>\n<\/span><\/div>","aioseo_breadcrumb_json":[{"label":"Home","link":"https:\/\/eldigitaldeasturias.com\/magazine365"},{"label":"Noticias y Actualidad","link":"https:\/\/eldigitaldeasturias.com\/magazine365\/category\/noticias-actualidad\/"},{"label":"El Metro registra congestiones y un 19% menos de usuarios entre las 7 y las 9 por la huelga","link":"https:\/\/eldigitaldeasturias.com\/magazine365\/el-metro-registra-congestiones-y-un-19-menos-de-usuarios-entre-las-7-y-las-9-por-la-huelga\/"}],"_links":{"self":[{"href":"https:\/\/eldigitaldeasturias.com\/magazine365\/wp-json\/wp\/v2\/posts\/77131","targetHints":{"allow":["GET"]}}],"collection":[{"href":"https:\/\/eldigitaldeasturias.com\/magazine365\/wp-json\/wp\/v2\/posts"}],"about":[{"href":"https:\/\/eldigitaldeasturias.com\/magazine365\/wp-json\/wp\/v2\/types\/post"}],"author":[{"embeddable":true,"href":"https:\/\/eldigitaldeasturias.com\/magazine365\/wp-json\/wp\/v2\/users\/1"}],"replies":[{"embeddable":true,"href":"https:\/\/eldigitaldeasturias.com\/magazine365\/wp-json\/wp\/v2\/comments?post=77131"}],"version-history":[{"count":0,"href":"https:\/\/eldigitaldeasturias.com\/magazine365\/wp-json\/wp\/v2\/posts\/77131\/revisions"}],"wp:featuredmedia":[{"embeddable":true,"href":"https:\/\/eldigitaldeasturias.com\/magazine365\/wp-json\/wp\/v2\/media\/77132"}],"wp:attachment":[{"href":"https:\/\/eldigitaldeasturias.com\/magazine365\/wp-json\/wp\/v2\/media?parent=77131"}],"wp:term":[{"taxonomy":"category","embeddable":true,"href":"https:\/\/eldigitaldeasturias.com\/magazine365\/wp-json\/wp\/v2\/categories?post=77131"},{"taxonomy":"post_tag","embeddable":true,"href":"https:\/\/eldigitaldeasturias.com\/magazine365\/wp-json\/wp\/v2\/tags?post=77131"}],"curies":[{"name":"wp","href":"https:\/\/api.w.org\/{rel}","templated":true}]}}