{"id":77122,"date":"2016-05-31T09:50:59","date_gmt":"2016-05-31T07:50:59","guid":{"rendered":"http:\/\/eldigitaldeasturias.com\/magazine365\/?p=77122"},"modified":"2016-05-31T09:50:59","modified_gmt":"2016-05-31T07:50:59","slug":"turismo-de-aragon-crea-un-apartado-de-transparencia-en-su-web","status":"publish","type":"post","link":"https:\/\/eldigitaldeasturias.com\/magazine365\/turismo-de-aragon-crea-un-apartado-de-transparencia-en-su-web\/","title":{"rendered":"Turismo de Arag\u00f3n crea un apartado de transparencia en su web"},"content":{"rendered":"<p><img fetchpriority=\"high\" decoding=\"async\" class=\"alignleft size-medium wp-image-77123\" src=\"https:\/\/eldigitaldeasturias.com\/magazine365\/wp-content\/uploads\/2016\/05\/fotonoticia_20160530105936_800-360x255.jpg\" alt=\"fotonoticia_20160530105936_800\" width=\"360\" height=\"255\" srcset=\"https:\/\/eldigitaldeasturias.com\/magazine365\/wp-content\/uploads\/2016\/05\/fotonoticia_20160530105936_800-360x255.jpg 360w, https:\/\/eldigitaldeasturias.com\/magazine365\/wp-content\/uploads\/2016\/05\/fotonoticia_20160530105936_800-650x461.jpg 650w, https:\/\/eldigitaldeasturias.com\/magazine365\/wp-content\/uploads\/2016\/05\/fotonoticia_20160530105936_800-768x544.jpg 768w, https:\/\/eldigitaldeasturias.com\/magazine365\/wp-content\/uploads\/2016\/05\/fotonoticia_20160530105936_800-150x106.jpg 150w, https:\/\/eldigitaldeasturias.com\/magazine365\/wp-content\/uploads\/2016\/05\/fotonoticia_20160530105936_800-450x319.jpg 450w, https:\/\/eldigitaldeasturias.com\/magazine365\/wp-content\/uploads\/2016\/05\/fotonoticia_20160530105936_800.jpg 800w\" sizes=\"(max-width: 360px) 100vw, 360px\" \/>La web de turismo del Gobierno de Arag\u00f3n cuenta con un nuevo apartado de transparencia y de informaci\u00f3n para conocer el trabajo de la Sociedad de Promoci\u00f3n y Gesti\u00f3n del Turismo Aragon\u00e9s, empresa de capital cien por cien p\u00fablico que est\u00e1 adscrita al Departamento de Vertebraci\u00f3n del Territorio, Movilidad y Vivienda.<\/p>\n<p>El director gerente de Turismo de Arag\u00f3n, Jorge Marqueta, ha se\u00f1alado que es la primera vez que se hace este ejercicio de transparencia, y ha explicado que el objetivo es que se conozca en qu\u00e9 se gasta el dinero p\u00fablico y la apuesta que ser realiza por el turismo.<\/p>\n<p>\u00abSomos una empresa p\u00fablica y consideramos que es b\u00e1sico que la ciudadan\u00eda sepa cu\u00e1l es la labor que desarrollamos y en qu\u00e9 gastamos el dinero p\u00fablico\u00bb, ha apuntado.<\/p>\n<p>La informaci\u00f3n se puede consultar a trav\u00e9s de la web turismodearagon.com en el apartado de transparencia. Adem\u00e1s se detalla el presupuesto, los contratos de 2015 y 2016, los convenios suscritos y el informe de auditor\u00eda.<\/p>\n","protected":false},"excerpt":{"rendered":"<p>La web de turismo del Gobierno de Arag\u00f3n cuenta con un nuevo apartado de transparencia y de informaci\u00f3n para conocer el trabajo de la Sociedad de Promoci\u00f3n y Gesti\u00f3n del Turismo Aragon\u00e9s, empresa de capital cien por cien p\u00fablico que est\u00e1 adscrita al Departamento de Vertebraci\u00f3n del Territorio, Movilidad y Vivienda. El director gerente de<\/p>\n","protected":false},"author":1,"featured_media":77123,"comment_status":"open","ping_status":"closed","sticky":false,"template":"","format":"standard","meta":{"footnotes":""},"categories":[224],"tags":[],"class_list":{"0":"post-77122","1":"post","2":"type-post","3":"status-publish","4":"format-standard","5":"has-post-thumbnail","7":"category-noticias-actualidad"},"aioseo_notices":[],"aioseo_head":"\n\t\t<!-- All in One SEO Pro 4.9.6.1 - aioseo.com -->\n\t<meta name=\"description\" content=\"La web de turismo del Gobierno de Arag\u00f3n cuenta con un nuevo apartado de transparencia y de informaci\u00f3n para conocer el trabajo de la Sociedad de Promoci\u00f3n y Gesti\u00f3n del Turismo Aragon\u00e9s, empresa de capital cien por cien p\u00fablico que est\u00e1 adscrita al Departamento de Vertebraci\u00f3n del Territorio, Movilidad y Vivienda. El director gerente de\" \/>\n\t<meta name=\"robots\" content=\"max-image-preview:large\" \/>\n\t<meta name=\"author\" content=\"admin\"\/>\n\t<meta name=\"google-site-verification\" content=\"UA-38556648-1\" \/>\n\t<meta name=\"keywords\" content=\"noticias y actualidad\" \/>\n\t<link rel=\"canonical\" href=\"https:\/\/eldigitaldeasturias.com\/magazine365\/turismo-de-aragon-crea-un-apartado-de-transparencia-en-su-web\/\" \/>\n\t<meta name=\"generator\" content=\"All in One SEO Pro (AIOSEO) 4.9.6.1\" \/>\n\t\t<meta property=\"og:locale\" content=\"es_ES\" \/>\n\t\t<meta property=\"og:site_name\" content=\"El Digital de Asturias \u2013 Revista de ocio, turismo y estilo de vida\" \/>\n\t\t<meta property=\"og:type\" content=\"article\" \/>\n\t\t<meta property=\"og:title\" content=\"Turismo de Arag\u00f3n crea un apartado de transparencia en su web | El Digital de Asturias\" \/>\n\t\t<meta property=\"og:description\" content=\"La web de turismo del Gobierno de Arag\u00f3n cuenta con un nuevo apartado de transparencia y de informaci\u00f3n para conocer el trabajo de la Sociedad de Promoci\u00f3n y Gesti\u00f3n del Turismo Aragon\u00e9s, empresa de capital cien por cien p\u00fablico que est\u00e1 adscrita al Departamento de Vertebraci\u00f3n del Territorio, Movilidad y Vivienda. El director gerente de\" \/>\n\t\t<meta property=\"og:url\" content=\"https:\/\/eldigitaldeasturias.com\/magazine365\/turismo-de-aragon-crea-un-apartado-de-transparencia-en-su-web\/\" \/>\n\t\t<meta property=\"og:image\" content=\"https:\/\/eldigitaldeasturias.com\/magazine365\/wp-content\/uploads\/2016\/05\/fotonoticia_20160530105936_800.jpg\" \/>\n\t\t<meta property=\"og:image:secure_url\" content=\"https:\/\/eldigitaldeasturias.com\/magazine365\/wp-content\/uploads\/2016\/05\/fotonoticia_20160530105936_800.jpg\" \/>\n\t\t<meta property=\"og:image:width\" content=\"800\" \/>\n\t\t<meta property=\"og:image:height\" content=\"567\" \/>\n\t\t<meta property=\"article:published_time\" content=\"2016-05-31T07:50:59+00:00\" \/>\n\t\t<meta property=\"article:modified_time\" content=\"2016-05-31T07:50:59+00:00\" \/>\n\t\t<meta name=\"twitter:card\" content=\"summary_large_image\" \/>\n\t\t<meta name=\"twitter:title\" content=\"Turismo de Arag\u00f3n crea un apartado de transparencia en su web | El Digital de Asturias\" \/>\n\t\t<meta name=\"twitter:description\" content=\"La web de turismo del Gobierno de Arag\u00f3n cuenta con un nuevo apartado de transparencia y de informaci\u00f3n para conocer el trabajo de la Sociedad de Promoci\u00f3n y Gesti\u00f3n del Turismo Aragon\u00e9s, empresa de capital cien por cien p\u00fablico que est\u00e1 adscrita al Departamento de Vertebraci\u00f3n del Territorio, Movilidad y Vivienda. El director gerente de\" \/>\n\t\t<meta name=\"twitter:image\" content=\"https:\/\/eldigitaldeasturias.com\/magazine365\/wp-content\/uploads\/2016\/05\/fotonoticia_20160530105936_800.jpg\" \/>\n\t\t<script type=\"application\/ld+json\" class=\"aioseo-schema\">\n\t\t\t{\"@context\":\"https:\\\/\\\/schema.org\",\"@graph\":[{\"@type\":\"Article\",\"@id\":\"https:\\\/\\\/eldigitaldeasturias.com\\\/magazine365\\\/turismo-de-aragon-crea-un-apartado-de-transparencia-en-su-web\\\/#article\",\"name\":\"Turismo de Arag\\u00f3n crea un apartado de transparencia en su web | El Digital de Asturias\",\"headline\":\"Turismo de Arag\\u00f3n crea un apartado de transparencia en su web\",\"author\":{\"@id\":\"https:\\\/\\\/eldigitaldeasturias.com\\\/magazine365\\\/author\\\/admin\\\/#author\"},\"publisher\":{\"@id\":\"https:\\\/\\\/eldigitaldeasturias.com\\\/magazine365\\\/#organization\"},\"image\":{\"@type\":\"ImageObject\",\"url\":\"https:\\\/\\\/eldigitaldeasturias.com\\\/magazine365\\\/wp-content\\\/uploads\\\/2016\\\/05\\\/fotonoticia_20160530105936_800.jpg\",\"width\":800,\"height\":567},\"datePublished\":\"2016-05-31T09:50:59+02:00\",\"dateModified\":\"2016-05-31T09:50:59+02:00\",\"inLanguage\":\"es-ES\",\"mainEntityOfPage\":{\"@id\":\"https:\\\/\\\/eldigitaldeasturias.com\\\/magazine365\\\/turismo-de-aragon-crea-un-apartado-de-transparencia-en-su-web\\\/#webpage\"},\"isPartOf\":{\"@id\":\"https:\\\/\\\/eldigitaldeasturias.com\\\/magazine365\\\/turismo-de-aragon-crea-un-apartado-de-transparencia-en-su-web\\\/#webpage\"},\"articleSection\":\"Noticias y Actualidad\"},{\"@type\":\"BreadcrumbList\",\"@id\":\"https:\\\/\\\/eldigitaldeasturias.com\\\/magazine365\\\/turismo-de-aragon-crea-un-apartado-de-transparencia-en-su-web\\\/#breadcrumblist\",\"itemListElement\":[{\"@type\":\"ListItem\",\"@id\":\"https:\\\/\\\/eldigitaldeasturias.com\\\/magazine365#listItem\",\"position\":1,\"name\":\"Home\",\"item\":\"https:\\\/\\\/eldigitaldeasturias.com\\\/magazine365\",\"nextItem\":{\"@type\":\"ListItem\",\"@id\":\"https:\\\/\\\/eldigitaldeasturias.com\\\/magazine365\\\/category\\\/noticias-actualidad\\\/#listItem\",\"name\":\"Noticias y Actualidad\"}},{\"@type\":\"ListItem\",\"@id\":\"https:\\\/\\\/eldigitaldeasturias.com\\\/magazine365\\\/category\\\/noticias-actualidad\\\/#listItem\",\"position\":2,\"name\":\"Noticias y Actualidad\",\"item\":\"https:\\\/\\\/eldigitaldeasturias.com\\\/magazine365\\\/category\\\/noticias-actualidad\\\/\",\"nextItem\":{\"@type\":\"ListItem\",\"@id\":\"https:\\\/\\\/eldigitaldeasturias.com\\\/magazine365\\\/turismo-de-aragon-crea-un-apartado-de-transparencia-en-su-web\\\/#listItem\",\"name\":\"Turismo de Arag\\u00f3n crea un apartado de transparencia en su web\"},\"previousItem\":{\"@type\":\"ListItem\",\"@id\":\"https:\\\/\\\/eldigitaldeasturias.com\\\/magazine365#listItem\",\"name\":\"Home\"}},{\"@type\":\"ListItem\",\"@id\":\"https:\\\/\\\/eldigitaldeasturias.com\\\/magazine365\\\/turismo-de-aragon-crea-un-apartado-de-transparencia-en-su-web\\\/#listItem\",\"position\":3,\"name\":\"Turismo de Arag\\u00f3n crea un apartado de transparencia en su web\",\"previousItem\":{\"@type\":\"ListItem\",\"@id\":\"https:\\\/\\\/eldigitaldeasturias.com\\\/magazine365\\\/category\\\/noticias-actualidad\\\/#listItem\",\"name\":\"Noticias y Actualidad\"}}]},{\"@type\":\"Organization\",\"@id\":\"https:\\\/\\\/eldigitaldeasturias.com\\\/magazine365\\\/#organization\",\"name\":\"El digital de Asturias\",\"description\":\"Revista de ocio, turismo y estilo de vida\",\"url\":\"https:\\\/\\\/eldigitaldeasturias.com\\\/magazine365\\\/\",\"logo\":{\"@type\":\"ImageObject\",\"url\":\"https:\\\/\\\/www.eldigitaldeasturias.com\\\/noticias\\\/wp-content\\\/uploads\\\/2020\\\/12\\\/EDA.jpg\",\"@id\":\"https:\\\/\\\/eldigitaldeasturias.com\\\/magazine365\\\/turismo-de-aragon-crea-un-apartado-de-transparencia-en-su-web\\\/#organizationLogo\"},\"image\":{\"@id\":\"https:\\\/\\\/eldigitaldeasturias.com\\\/magazine365\\\/turismo-de-aragon-crea-un-apartado-de-transparencia-en-su-web\\\/#organizationLogo\"}},{\"@type\":\"Person\",\"@id\":\"https:\\\/\\\/eldigitaldeasturias.com\\\/magazine365\\\/author\\\/admin\\\/#author\",\"url\":\"https:\\\/\\\/eldigitaldeasturias.com\\\/magazine365\\\/author\\\/admin\\\/\",\"name\":\"admin\",\"image\":{\"@type\":\"ImageObject\",\"@id\":\"https:\\\/\\\/eldigitaldeasturias.com\\\/magazine365\\\/turismo-de-aragon-crea-un-apartado-de-transparencia-en-su-web\\\/#authorImage\",\"url\":\"https:\\\/\\\/eldigitaldeasturias.com\\\/magazine365\\\/wp-content\\\/litespeed\\\/avatar\\\/e571bcf59a0edd6fa6838245a470f2fe.jpg?ver=1776969259\",\"width\":96,\"height\":96,\"caption\":\"admin\"}},{\"@type\":\"WebPage\",\"@id\":\"https:\\\/\\\/eldigitaldeasturias.com\\\/magazine365\\\/turismo-de-aragon-crea-un-apartado-de-transparencia-en-su-web\\\/#webpage\",\"url\":\"https:\\\/\\\/eldigitaldeasturias.com\\\/magazine365\\\/turismo-de-aragon-crea-un-apartado-de-transparencia-en-su-web\\\/\",\"name\":\"Turismo de Arag\\u00f3n crea un apartado de transparencia en su web | El Digital de Asturias\",\"description\":\"La web de turismo del Gobierno de Arag\\u00f3n cuenta con un nuevo apartado de transparencia y de informaci\\u00f3n para conocer el trabajo de la Sociedad de Promoci\\u00f3n y Gesti\\u00f3n del Turismo Aragon\\u00e9s, empresa de capital cien por cien p\\u00fablico que est\\u00e1 adscrita al Departamento de Vertebraci\\u00f3n del Territorio, Movilidad y Vivienda. El director gerente de\",\"inLanguage\":\"es-ES\",\"isPartOf\":{\"@id\":\"https:\\\/\\\/eldigitaldeasturias.com\\\/magazine365\\\/#website\"},\"breadcrumb\":{\"@id\":\"https:\\\/\\\/eldigitaldeasturias.com\\\/magazine365\\\/turismo-de-aragon-crea-un-apartado-de-transparencia-en-su-web\\\/#breadcrumblist\"},\"author\":{\"@id\":\"https:\\\/\\\/eldigitaldeasturias.com\\\/magazine365\\\/author\\\/admin\\\/#author\"},\"creator\":{\"@id\":\"https:\\\/\\\/eldigitaldeasturias.com\\\/magazine365\\\/author\\\/admin\\\/#author\"},\"image\":{\"@type\":\"ImageObject\",\"url\":\"https:\\\/\\\/eldigitaldeasturias.com\\\/magazine365\\\/wp-content\\\/uploads\\\/2016\\\/05\\\/fotonoticia_20160530105936_800.jpg\",\"@id\":\"https:\\\/\\\/eldigitaldeasturias.com\\\/magazine365\\\/turismo-de-aragon-crea-un-apartado-de-transparencia-en-su-web\\\/#mainImage\",\"width\":800,\"height\":567},\"primaryImageOfPage\":{\"@id\":\"https:\\\/\\\/eldigitaldeasturias.com\\\/magazine365\\\/turismo-de-aragon-crea-un-apartado-de-transparencia-en-su-web\\\/#mainImage\"},\"datePublished\":\"2016-05-31T09:50:59+02:00\",\"dateModified\":\"2016-05-31T09:50:59+02:00\"},{\"@type\":\"WebSite\",\"@id\":\"https:\\\/\\\/eldigitaldeasturias.com\\\/magazine365\\\/#website\",\"url\":\"https:\\\/\\\/eldigitaldeasturias.com\\\/magazine365\\\/\",\"name\":\"El Digital de Asturias\",\"description\":\"Revista de ocio, turismo y estilo de vida\",\"inLanguage\":\"es-ES\",\"publisher\":{\"@id\":\"https:\\\/\\\/eldigitaldeasturias.com\\\/magazine365\\\/#organization\"}}]}\n\t\t<\/script>\n\t\t<!-- All in One SEO Pro -->\r\n\t\t<title>Turismo de Arag\u00f3n crea un apartado de transparencia en su web | El Digital de Asturias<\/title>\n\n","aioseo_head_json":{"title":"Turismo de Arag\u00f3n crea un apartado de transparencia en su web | El Digital de Asturias","description":"La web de turismo del Gobierno de Arag\u00f3n cuenta con un nuevo apartado de transparencia y de informaci\u00f3n para conocer el trabajo de la Sociedad de Promoci\u00f3n y Gesti\u00f3n del Turismo Aragon\u00e9s, empresa de capital cien por cien p\u00fablico que est\u00e1 adscrita al Departamento de Vertebraci\u00f3n del Territorio, Movilidad y Vivienda. El director gerente de","canonical_url":"https:\/\/eldigitaldeasturias.com\/magazine365\/turismo-de-aragon-crea-un-apartado-de-transparencia-en-su-web\/","robots":"max-image-preview:large","keywords":"noticias y actualidad","webmasterTools":{"google-site-verification":"UA-38556648-1","miscellaneous":""},"schema":{"@context":"https:\/\/schema.org","@graph":[{"@type":"Article","@id":"https:\/\/eldigitaldeasturias.com\/magazine365\/turismo-de-aragon-crea-un-apartado-de-transparencia-en-su-web\/#article","name":"Turismo de Arag\u00f3n crea un apartado de transparencia en su web | El Digital de Asturias","headline":"Turismo de Arag\u00f3n crea un apartado de transparencia en su web","author":{"@id":"https:\/\/eldigitaldeasturias.com\/magazine365\/author\/admin\/#author"},"publisher":{"@id":"https:\/\/eldigitaldeasturias.com\/magazine365\/#organization"},"image":{"@type":"ImageObject","url":"https:\/\/eldigitaldeasturias.com\/magazine365\/wp-content\/uploads\/2016\/05\/fotonoticia_20160530105936_800.jpg","width":800,"height":567},"datePublished":"2016-05-31T09:50:59+02:00","dateModified":"2016-05-31T09:50:59+02:00","inLanguage":"es-ES","mainEntityOfPage":{"@id":"https:\/\/eldigitaldeasturias.com\/magazine365\/turismo-de-aragon-crea-un-apartado-de-transparencia-en-su-web\/#webpage"},"isPartOf":{"@id":"https:\/\/eldigitaldeasturias.com\/magazine365\/turismo-de-aragon-crea-un-apartado-de-transparencia-en-su-web\/#webpage"},"articleSection":"Noticias y Actualidad"},{"@type":"BreadcrumbList","@id":"https:\/\/eldigitaldeasturias.com\/magazine365\/turismo-de-aragon-crea-un-apartado-de-transparencia-en-su-web\/#breadcrumblist","itemListElement":[{"@type":"ListItem","@id":"https:\/\/eldigitaldeasturias.com\/magazine365#listItem","position":1,"name":"Home","item":"https:\/\/eldigitaldeasturias.com\/magazine365","nextItem":{"@type":"ListItem","@id":"https:\/\/eldigitaldeasturias.com\/magazine365\/category\/noticias-actualidad\/#listItem","name":"Noticias y Actualidad"}},{"@type":"ListItem","@id":"https:\/\/eldigitaldeasturias.com\/magazine365\/category\/noticias-actualidad\/#listItem","position":2,"name":"Noticias y Actualidad","item":"https:\/\/eldigitaldeasturias.com\/magazine365\/category\/noticias-actualidad\/","nextItem":{"@type":"ListItem","@id":"https:\/\/eldigitaldeasturias.com\/magazine365\/turismo-de-aragon-crea-un-apartado-de-transparencia-en-su-web\/#listItem","name":"Turismo de Arag\u00f3n crea un apartado de transparencia en su web"},"previousItem":{"@type":"ListItem","@id":"https:\/\/eldigitaldeasturias.com\/magazine365#listItem","name":"Home"}},{"@type":"ListItem","@id":"https:\/\/eldigitaldeasturias.com\/magazine365\/turismo-de-aragon-crea-un-apartado-de-transparencia-en-su-web\/#listItem","position":3,"name":"Turismo de Arag\u00f3n crea un apartado de transparencia en su web","previousItem":{"@type":"ListItem","@id":"https:\/\/eldigitaldeasturias.com\/magazine365\/category\/noticias-actualidad\/#listItem","name":"Noticias y Actualidad"}}]},{"@type":"Organization","@id":"https:\/\/eldigitaldeasturias.com\/magazine365\/#organization","name":"El digital de Asturias","description":"Revista de ocio, turismo y estilo de vida","url":"https:\/\/eldigitaldeasturias.com\/magazine365\/","logo":{"@type":"ImageObject","url":"https:\/\/www.eldigitaldeasturias.com\/noticias\/wp-content\/uploads\/2020\/12\/EDA.jpg","@id":"https:\/\/eldigitaldeasturias.com\/magazine365\/turismo-de-aragon-crea-un-apartado-de-transparencia-en-su-web\/#organizationLogo"},"image":{"@id":"https:\/\/eldigitaldeasturias.com\/magazine365\/turismo-de-aragon-crea-un-apartado-de-transparencia-en-su-web\/#organizationLogo"}},{"@type":"Person","@id":"https:\/\/eldigitaldeasturias.com\/magazine365\/author\/admin\/#author","url":"https:\/\/eldigitaldeasturias.com\/magazine365\/author\/admin\/","name":"admin","image":{"@type":"ImageObject","@id":"https:\/\/eldigitaldeasturias.com\/magazine365\/turismo-de-aragon-crea-un-apartado-de-transparencia-en-su-web\/#authorImage","url":"https:\/\/eldigitaldeasturias.com\/magazine365\/wp-content\/litespeed\/avatar\/e571bcf59a0edd6fa6838245a470f2fe.jpg?ver=1776969259","width":96,"height":96,"caption":"admin"}},{"@type":"WebPage","@id":"https:\/\/eldigitaldeasturias.com\/magazine365\/turismo-de-aragon-crea-un-apartado-de-transparencia-en-su-web\/#webpage","url":"https:\/\/eldigitaldeasturias.com\/magazine365\/turismo-de-aragon-crea-un-apartado-de-transparencia-en-su-web\/","name":"Turismo de Arag\u00f3n crea un apartado de transparencia en su web | El Digital de Asturias","description":"La web de turismo del Gobierno de Arag\u00f3n cuenta con un nuevo apartado de transparencia y de informaci\u00f3n para conocer el trabajo de la Sociedad de Promoci\u00f3n y Gesti\u00f3n del Turismo Aragon\u00e9s, empresa de capital cien por cien p\u00fablico que est\u00e1 adscrita al Departamento de Vertebraci\u00f3n del Territorio, Movilidad y Vivienda. El director gerente de","inLanguage":"es-ES","isPartOf":{"@id":"https:\/\/eldigitaldeasturias.com\/magazine365\/#website"},"breadcrumb":{"@id":"https:\/\/eldigitaldeasturias.com\/magazine365\/turismo-de-aragon-crea-un-apartado-de-transparencia-en-su-web\/#breadcrumblist"},"author":{"@id":"https:\/\/eldigitaldeasturias.com\/magazine365\/author\/admin\/#author"},"creator":{"@id":"https:\/\/eldigitaldeasturias.com\/magazine365\/author\/admin\/#author"},"image":{"@type":"ImageObject","url":"https:\/\/eldigitaldeasturias.com\/magazine365\/wp-content\/uploads\/2016\/05\/fotonoticia_20160530105936_800.jpg","@id":"https:\/\/eldigitaldeasturias.com\/magazine365\/turismo-de-aragon-crea-un-apartado-de-transparencia-en-su-web\/#mainImage","width":800,"height":567},"primaryImageOfPage":{"@id":"https:\/\/eldigitaldeasturias.com\/magazine365\/turismo-de-aragon-crea-un-apartado-de-transparencia-en-su-web\/#mainImage"},"datePublished":"2016-05-31T09:50:59+02:00","dateModified":"2016-05-31T09:50:59+02:00"},{"@type":"WebSite","@id":"https:\/\/eldigitaldeasturias.com\/magazine365\/#website","url":"https:\/\/eldigitaldeasturias.com\/magazine365\/","name":"El Digital de Asturias","description":"Revista de ocio, turismo y estilo de vida","inLanguage":"es-ES","publisher":{"@id":"https:\/\/eldigitaldeasturias.com\/magazine365\/#organization"}}]},"og:locale":"es_ES","og:site_name":"El Digital de Asturias \u2013 Revista de ocio, turismo y estilo de vida","og:type":"article","og:title":"Turismo de Arag\u00f3n crea un apartado de transparencia en su web | El Digital de Asturias","og:description":"La web de turismo del Gobierno de Arag\u00f3n cuenta con un nuevo apartado de transparencia y de informaci\u00f3n para conocer el trabajo de la Sociedad de Promoci\u00f3n y Gesti\u00f3n del Turismo Aragon\u00e9s, empresa de capital cien por cien p\u00fablico que est\u00e1 adscrita al Departamento de Vertebraci\u00f3n del Territorio, Movilidad y Vivienda. El director gerente de","og:url":"https:\/\/eldigitaldeasturias.com\/magazine365\/turismo-de-aragon-crea-un-apartado-de-transparencia-en-su-web\/","og:image":"https:\/\/eldigitaldeasturias.com\/magazine365\/wp-content\/uploads\/2016\/05\/fotonoticia_20160530105936_800.jpg","og:image:secure_url":"https:\/\/eldigitaldeasturias.com\/magazine365\/wp-content\/uploads\/2016\/05\/fotonoticia_20160530105936_800.jpg","og:image:width":800,"og:image:height":567,"article:published_time":"2016-05-31T07:50:59+00:00","article:modified_time":"2016-05-31T07:50:59+00:00","twitter:card":"summary_large_image","twitter:title":"Turismo de Arag\u00f3n crea un apartado de transparencia en su web | El Digital de Asturias","twitter:description":"La web de turismo del Gobierno de Arag\u00f3n cuenta con un nuevo apartado de transparencia y de informaci\u00f3n para conocer el trabajo de la Sociedad de Promoci\u00f3n y Gesti\u00f3n del Turismo Aragon\u00e9s, empresa de capital cien por cien p\u00fablico que est\u00e1 adscrita al Departamento de Vertebraci\u00f3n del Territorio, Movilidad y Vivienda. El director gerente de","twitter:image":"https:\/\/eldigitaldeasturias.com\/magazine365\/wp-content\/uploads\/2016\/05\/fotonoticia_20160530105936_800.jpg"},"aioseo_meta_data":{"post_id":"77122","title":null,"description":null,"keywords":null,"keyphrases":null,"primary_term":null,"canonical_url":null,"og_title":null,"og_description":null,"og_object_type":"default","og_image_type":"default","og_image_url":null,"og_image_width":null,"og_image_height":null,"og_image_custom_url":null,"og_image_custom_fields":null,"og_video":null,"og_custom_url":null,"og_article_section":null,"og_article_tags":null,"twitter_use_og":false,"twitter_card":"default","twitter_image_type":"default","twitter_image_url":null,"twitter_image_custom_url":null,"twitter_image_custom_fields":null,"twitter_title":null,"twitter_description":null,"schema":{"blockGraphs":[],"customGraphs":[],"default":{"data":{"Article":[],"Course":[],"Dataset":[],"FAQPage":[],"Movie":[],"Person":[],"Product":[],"ProductReview":[],"Car":[],"Recipe":[],"Service":[],"SoftwareApplication":[],"WebPage":[]},"graphName":"","isEnabled":true},"graphs":[],"defaultGraph":"","defaultPostTypeGraph":""},"schema_type":null,"schema_type_options":null,"pillar_content":false,"robots_default":true,"robots_noindex":false,"robots_noarchive":false,"robots_nosnippet":false,"robots_nofollow":false,"robots_noimageindex":false,"robots_noodp":false,"robots_notranslate":false,"robots_max_snippet":null,"robots_max_videopreview":null,"robots_max_imagepreview":"large","priority":null,"frequency":null,"location":null,"local_seo":null,"seo_analyzer_scan_date":"2025-09-27 14:10:58","breadcrumb_settings":null,"limit_modified_date":false,"open_ai":null,"ai":null,"created":"2021-03-08 18:19:40","updated":"2025-09-27 14:10:58"},"aioseo_breadcrumb":"<div class=\"aioseo-breadcrumbs\"><span class=\"aioseo-breadcrumb\">\n\t<a href=\"https:\/\/eldigitaldeasturias.com\/magazine365\" title=\"Home\">Home<\/a>\n<\/span><span class=\"aioseo-breadcrumb-separator\">\u2013<\/span><span class=\"aioseo-breadcrumb\">\n\t<a href=\"https:\/\/eldigitaldeasturias.com\/magazine365\/category\/noticias-actualidad\/\" title=\"Noticias y Actualidad\">Noticias y Actualidad<\/a>\n<\/span><span class=\"aioseo-breadcrumb-separator\">\u2013<\/span><span class=\"aioseo-breadcrumb\">\n\t<a href=\"https:\/\/eldigitaldeasturias.com\/magazine365\/turismo-de-aragon-crea-un-apartado-de-transparencia-en-su-web\/\" title=\"Turismo de Arag\u00f3n crea un apartado de transparencia en su web\">Turismo de Arag\u00f3n crea un apartado de transparencia en su web<\/a>\n<\/span><\/div>","aioseo_breadcrumb_json":[{"label":"Home","link":"https:\/\/eldigitaldeasturias.com\/magazine365"},{"label":"Noticias y Actualidad","link":"https:\/\/eldigitaldeasturias.com\/magazine365\/category\/noticias-actualidad\/"},{"label":"Turismo de Arag\u00f3n crea un apartado de transparencia en su web","link":"https:\/\/eldigitaldeasturias.com\/magazine365\/turismo-de-aragon-crea-un-apartado-de-transparencia-en-su-web\/"}],"_links":{"self":[{"href":"https:\/\/eldigitaldeasturias.com\/magazine365\/wp-json\/wp\/v2\/posts\/77122","targetHints":{"allow":["GET"]}}],"collection":[{"href":"https:\/\/eldigitaldeasturias.com\/magazine365\/wp-json\/wp\/v2\/posts"}],"about":[{"href":"https:\/\/eldigitaldeasturias.com\/magazine365\/wp-json\/wp\/v2\/types\/post"}],"author":[{"embeddable":true,"href":"https:\/\/eldigitaldeasturias.com\/magazine365\/wp-json\/wp\/v2\/users\/1"}],"replies":[{"embeddable":true,"href":"https:\/\/eldigitaldeasturias.com\/magazine365\/wp-json\/wp\/v2\/comments?post=77122"}],"version-history":[{"count":0,"href":"https:\/\/eldigitaldeasturias.com\/magazine365\/wp-json\/wp\/v2\/posts\/77122\/revisions"}],"wp:featuredmedia":[{"embeddable":true,"href":"https:\/\/eldigitaldeasturias.com\/magazine365\/wp-json\/wp\/v2\/media\/77123"}],"wp:attachment":[{"href":"https:\/\/eldigitaldeasturias.com\/magazine365\/wp-json\/wp\/v2\/media?parent=77122"}],"wp:term":[{"taxonomy":"category","embeddable":true,"href":"https:\/\/eldigitaldeasturias.com\/magazine365\/wp-json\/wp\/v2\/categories?post=77122"},{"taxonomy":"post_tag","embeddable":true,"href":"https:\/\/eldigitaldeasturias.com\/magazine365\/wp-json\/wp\/v2\/tags?post=77122"}],"curies":[{"name":"wp","href":"https:\/\/api.w.org\/{rel}","templated":true}]}}