{"id":77119,"date":"2016-05-31T09:50:04","date_gmt":"2016-05-31T07:50:04","guid":{"rendered":"http:\/\/eldigitaldeasturias.com\/magazine365\/?p=77119"},"modified":"2016-05-31T09:50:04","modified_gmt":"2016-05-31T07:50:04","slug":"el-ipc-interanual-sube-una-decima-en-mayo","status":"publish","type":"post","link":"https:\/\/eldigitaldeasturias.com\/magazine365\/el-ipc-interanual-sube-una-decima-en-mayo\/","title":{"rendered":"El IPC interanual sube una d\u00e9cima en mayo"},"content":{"rendered":"<p><img fetchpriority=\"high\" decoding=\"async\" class=\"alignleft size-medium wp-image-77120\" src=\"https:\/\/eldigitaldeasturias.com\/magazine365\/wp-content\/uploads\/2016\/05\/fotonoticia_20160530105930_800-360x235.jpg\" alt=\"fotonoticia_20160530105930_800\" width=\"360\" height=\"235\" srcset=\"https:\/\/eldigitaldeasturias.com\/magazine365\/wp-content\/uploads\/2016\/05\/fotonoticia_20160530105930_800-360x235.jpg 360w, https:\/\/eldigitaldeasturias.com\/magazine365\/wp-content\/uploads\/2016\/05\/fotonoticia_20160530105930_800-650x424.jpg 650w, https:\/\/eldigitaldeasturias.com\/magazine365\/wp-content\/uploads\/2016\/05\/fotonoticia_20160530105930_800-768x501.jpg 768w, https:\/\/eldigitaldeasturias.com\/magazine365\/wp-content\/uploads\/2016\/05\/fotonoticia_20160530105930_800-150x98.jpg 150w, https:\/\/eldigitaldeasturias.com\/magazine365\/wp-content\/uploads\/2016\/05\/fotonoticia_20160530105930_800-450x294.jpg 450w, https:\/\/eldigitaldeasturias.com\/magazine365\/wp-content\/uploads\/2016\/05\/fotonoticia_20160530105930_800-121x79.jpg 121w, https:\/\/eldigitaldeasturias.com\/magazine365\/wp-content\/uploads\/2016\/05\/fotonoticia_20160530105930_800-101x66.jpg 101w, https:\/\/eldigitaldeasturias.com\/magazine365\/wp-content\/uploads\/2016\/05\/fotonoticia_20160530105930_800-326x213.jpg 326w, https:\/\/eldigitaldeasturias.com\/magazine365\/wp-content\/uploads\/2016\/05\/fotonoticia_20160530105930_800.jpg 800w\" sizes=\"(max-width: 360px) 100vw, 360px\" \/>El \u00cdndice de Precios de Consumo (IPC) subi\u00f3 un 0,6% en mayo respecto al mes anterior y elev\u00f3 una d\u00e9cima su tasa interanual, hasta el -1%, debido el encarecimiento de la electricidad y a que los precios de los viajes organizados bajaron menos que en mayo de 2015, seg\u00fan el indicador adelantado publicado este lunes por el Instituto Nacional de Estad\u00edstica (INE).<\/p>\n<p>De este modo, el IPC interanual sube ligeramente despu\u00e9s de haber registrado en abril su tasa m\u00e1s negativa desde febrero de 2015 (-1,1%).<\/p>\n<p>Con el dato de mayo, el IPC interanual encadena cinco meses de tasas negativas despu\u00e9s de arrancar el a\u00f1o en el -0,3% y registrar en febrero y marzo una tasa del -0,8%.<\/p>\n<p>El \u00faltimo mes en el que los precios registraron una tasa m\u00e1s habitual para la econom\u00eda espa\u00f1ola fue el de agosto de 2013, cuando el IPC se situ\u00f3 en el 1,5%. A partir de ah\u00ed, en parte por el &#8216;efecto escal\u00f3n&#8217; de la subida del IVA aplicada en 2012, el IPC dio un importante baj\u00f3n.<\/p>\n<p>Por su parte, el \u00cdndice de Precios de Consumo Armonizado (IPCA) increment\u00f3 una d\u00e9cima su tasa interanual en mayo, hasta el -1,1%, y subi\u00f3 un 0,5% respecto al mes de abril.<\/p>\n<p>En t\u00e9rminos mensuales, el IPC repunt\u00f3 un 0,6% en mayo respecto al mes anterior, su mayor alza en este mes desde 2008, cuando los precios se incrementaron un 0,7%.<\/p>\n<p>Los datos adelantados este lunes por el INE son orientativos. Las cifras definitivas de abril se conocer\u00e1n el pr\u00f3ximo 14 de junio.<\/p>\n","protected":false},"excerpt":{"rendered":"<p>El \u00cdndice de Precios de Consumo (IPC) subi\u00f3 un 0,6% en mayo respecto al mes anterior y elev\u00f3 una d\u00e9cima su tasa interanual, hasta el -1%, debido el encarecimiento de la electricidad y a que los precios de los viajes organizados bajaron menos que en mayo de 2015, seg\u00fan el indicador adelantado publicado este lunes<\/p>\n","protected":false},"author":1,"featured_media":77120,"comment_status":"open","ping_status":"closed","sticky":false,"template":"","format":"standard","meta":{"footnotes":""},"categories":[224],"tags":[],"class_list":{"0":"post-77119","1":"post","2":"type-post","3":"status-publish","4":"format-standard","5":"has-post-thumbnail","7":"category-noticias-actualidad"},"aioseo_notices":[],"aioseo_head":"\n\t\t<!-- All in One SEO Pro 4.9.6.1 - aioseo.com -->\n\t<meta name=\"description\" content=\"El \u00cdndice de Precios de Consumo (IPC) subi\u00f3 un 0,6% en mayo respecto al mes anterior y elev\u00f3 una d\u00e9cima su tasa interanual, hasta el -1%, debido el encarecimiento de la electricidad y a que los precios de los viajes organizados bajaron menos que en mayo de 2015, seg\u00fan el indicador adelantado publicado este lunes\" \/>\n\t<meta name=\"robots\" content=\"max-image-preview:large\" \/>\n\t<meta name=\"author\" content=\"admin\"\/>\n\t<meta name=\"google-site-verification\" content=\"UA-38556648-1\" \/>\n\t<meta name=\"keywords\" content=\"noticias y actualidad\" \/>\n\t<link rel=\"canonical\" href=\"https:\/\/eldigitaldeasturias.com\/magazine365\/el-ipc-interanual-sube-una-decima-en-mayo\/\" \/>\n\t<meta name=\"generator\" content=\"All in One SEO Pro (AIOSEO) 4.9.6.1\" \/>\n\t\t<meta property=\"og:locale\" content=\"es_ES\" \/>\n\t\t<meta property=\"og:site_name\" content=\"El Digital de Asturias \u2013 Revista de ocio, turismo y estilo de vida\" \/>\n\t\t<meta property=\"og:type\" content=\"article\" \/>\n\t\t<meta property=\"og:title\" content=\"El IPC interanual sube una d\u00e9cima en mayo | El Digital de Asturias\" \/>\n\t\t<meta property=\"og:description\" content=\"El \u00cdndice de Precios de Consumo (IPC) subi\u00f3 un 0,6% en mayo respecto al mes anterior y elev\u00f3 una d\u00e9cima su tasa interanual, hasta el -1%, debido el encarecimiento de la electricidad y a que los precios de los viajes organizados bajaron menos que en mayo de 2015, seg\u00fan el indicador adelantado publicado este lunes\" \/>\n\t\t<meta property=\"og:url\" content=\"https:\/\/eldigitaldeasturias.com\/magazine365\/el-ipc-interanual-sube-una-decima-en-mayo\/\" \/>\n\t\t<meta property=\"og:image\" content=\"https:\/\/eldigitaldeasturias.com\/magazine365\/wp-content\/uploads\/2016\/05\/fotonoticia_20160530105930_800.jpg\" \/>\n\t\t<meta property=\"og:image:secure_url\" content=\"https:\/\/eldigitaldeasturias.com\/magazine365\/wp-content\/uploads\/2016\/05\/fotonoticia_20160530105930_800.jpg\" \/>\n\t\t<meta property=\"og:image:width\" content=\"800\" \/>\n\t\t<meta property=\"og:image:height\" content=\"522\" \/>\n\t\t<meta property=\"article:published_time\" content=\"2016-05-31T07:50:04+00:00\" \/>\n\t\t<meta property=\"article:modified_time\" content=\"2016-05-31T07:50:04+00:00\" \/>\n\t\t<meta name=\"twitter:card\" content=\"summary_large_image\" \/>\n\t\t<meta name=\"twitter:title\" content=\"El IPC interanual sube una d\u00e9cima en mayo | El Digital de Asturias\" \/>\n\t\t<meta name=\"twitter:description\" content=\"El \u00cdndice de Precios de Consumo (IPC) subi\u00f3 un 0,6% en mayo respecto al mes anterior y elev\u00f3 una d\u00e9cima su tasa interanual, hasta el -1%, debido el encarecimiento de la electricidad y a que los precios de los viajes organizados bajaron menos que en mayo de 2015, seg\u00fan el indicador adelantado publicado este lunes\" \/>\n\t\t<meta name=\"twitter:image\" content=\"https:\/\/eldigitaldeasturias.com\/magazine365\/wp-content\/uploads\/2016\/05\/fotonoticia_20160530105930_800.jpg\" \/>\n\t\t<script type=\"application\/ld+json\" class=\"aioseo-schema\">\n\t\t\t{\"@context\":\"https:\\\/\\\/schema.org\",\"@graph\":[{\"@type\":\"Article\",\"@id\":\"https:\\\/\\\/eldigitaldeasturias.com\\\/magazine365\\\/el-ipc-interanual-sube-una-decima-en-mayo\\\/#article\",\"name\":\"El IPC interanual sube una d\\u00e9cima en mayo | El Digital de Asturias\",\"headline\":\"El IPC interanual sube una d\\u00e9cima en mayo\",\"author\":{\"@id\":\"https:\\\/\\\/eldigitaldeasturias.com\\\/magazine365\\\/author\\\/admin\\\/#author\"},\"publisher\":{\"@id\":\"https:\\\/\\\/eldigitaldeasturias.com\\\/magazine365\\\/#organization\"},\"image\":{\"@type\":\"ImageObject\",\"url\":\"https:\\\/\\\/eldigitaldeasturias.com\\\/magazine365\\\/wp-content\\\/uploads\\\/2016\\\/05\\\/fotonoticia_20160530105930_800.jpg\",\"width\":800,\"height\":522},\"datePublished\":\"2016-05-31T09:50:04+02:00\",\"dateModified\":\"2016-05-31T09:50:04+02:00\",\"inLanguage\":\"es-ES\",\"mainEntityOfPage\":{\"@id\":\"https:\\\/\\\/eldigitaldeasturias.com\\\/magazine365\\\/el-ipc-interanual-sube-una-decima-en-mayo\\\/#webpage\"},\"isPartOf\":{\"@id\":\"https:\\\/\\\/eldigitaldeasturias.com\\\/magazine365\\\/el-ipc-interanual-sube-una-decima-en-mayo\\\/#webpage\"},\"articleSection\":\"Noticias y Actualidad\"},{\"@type\":\"BreadcrumbList\",\"@id\":\"https:\\\/\\\/eldigitaldeasturias.com\\\/magazine365\\\/el-ipc-interanual-sube-una-decima-en-mayo\\\/#breadcrumblist\",\"itemListElement\":[{\"@type\":\"ListItem\",\"@id\":\"https:\\\/\\\/eldigitaldeasturias.com\\\/magazine365#listItem\",\"position\":1,\"name\":\"Home\",\"item\":\"https:\\\/\\\/eldigitaldeasturias.com\\\/magazine365\",\"nextItem\":{\"@type\":\"ListItem\",\"@id\":\"https:\\\/\\\/eldigitaldeasturias.com\\\/magazine365\\\/category\\\/noticias-actualidad\\\/#listItem\",\"name\":\"Noticias y Actualidad\"}},{\"@type\":\"ListItem\",\"@id\":\"https:\\\/\\\/eldigitaldeasturias.com\\\/magazine365\\\/category\\\/noticias-actualidad\\\/#listItem\",\"position\":2,\"name\":\"Noticias y Actualidad\",\"item\":\"https:\\\/\\\/eldigitaldeasturias.com\\\/magazine365\\\/category\\\/noticias-actualidad\\\/\",\"nextItem\":{\"@type\":\"ListItem\",\"@id\":\"https:\\\/\\\/eldigitaldeasturias.com\\\/magazine365\\\/el-ipc-interanual-sube-una-decima-en-mayo\\\/#listItem\",\"name\":\"El IPC interanual sube una d\\u00e9cima en mayo\"},\"previousItem\":{\"@type\":\"ListItem\",\"@id\":\"https:\\\/\\\/eldigitaldeasturias.com\\\/magazine365#listItem\",\"name\":\"Home\"}},{\"@type\":\"ListItem\",\"@id\":\"https:\\\/\\\/eldigitaldeasturias.com\\\/magazine365\\\/el-ipc-interanual-sube-una-decima-en-mayo\\\/#listItem\",\"position\":3,\"name\":\"El IPC interanual sube una d\\u00e9cima en mayo\",\"previousItem\":{\"@type\":\"ListItem\",\"@id\":\"https:\\\/\\\/eldigitaldeasturias.com\\\/magazine365\\\/category\\\/noticias-actualidad\\\/#listItem\",\"name\":\"Noticias y Actualidad\"}}]},{\"@type\":\"Organization\",\"@id\":\"https:\\\/\\\/eldigitaldeasturias.com\\\/magazine365\\\/#organization\",\"name\":\"El digital de Asturias\",\"description\":\"Revista de ocio, turismo y estilo de vida\",\"url\":\"https:\\\/\\\/eldigitaldeasturias.com\\\/magazine365\\\/\",\"logo\":{\"@type\":\"ImageObject\",\"url\":\"https:\\\/\\\/www.eldigitaldeasturias.com\\\/noticias\\\/wp-content\\\/uploads\\\/2020\\\/12\\\/EDA.jpg\",\"@id\":\"https:\\\/\\\/eldigitaldeasturias.com\\\/magazine365\\\/el-ipc-interanual-sube-una-decima-en-mayo\\\/#organizationLogo\"},\"image\":{\"@id\":\"https:\\\/\\\/eldigitaldeasturias.com\\\/magazine365\\\/el-ipc-interanual-sube-una-decima-en-mayo\\\/#organizationLogo\"}},{\"@type\":\"Person\",\"@id\":\"https:\\\/\\\/eldigitaldeasturias.com\\\/magazine365\\\/author\\\/admin\\\/#author\",\"url\":\"https:\\\/\\\/eldigitaldeasturias.com\\\/magazine365\\\/author\\\/admin\\\/\",\"name\":\"admin\",\"image\":{\"@type\":\"ImageObject\",\"@id\":\"https:\\\/\\\/eldigitaldeasturias.com\\\/magazine365\\\/el-ipc-interanual-sube-una-decima-en-mayo\\\/#authorImage\",\"url\":\"https:\\\/\\\/eldigitaldeasturias.com\\\/magazine365\\\/wp-content\\\/litespeed\\\/avatar\\\/e571bcf59a0edd6fa6838245a470f2fe.jpg?ver=1777574230\",\"width\":96,\"height\":96,\"caption\":\"admin\"}},{\"@type\":\"WebPage\",\"@id\":\"https:\\\/\\\/eldigitaldeasturias.com\\\/magazine365\\\/el-ipc-interanual-sube-una-decima-en-mayo\\\/#webpage\",\"url\":\"https:\\\/\\\/eldigitaldeasturias.com\\\/magazine365\\\/el-ipc-interanual-sube-una-decima-en-mayo\\\/\",\"name\":\"El IPC interanual sube una d\\u00e9cima en mayo | El Digital de Asturias\",\"description\":\"El \\u00cdndice de Precios de Consumo (IPC) subi\\u00f3 un 0,6% en mayo respecto al mes anterior y elev\\u00f3 una d\\u00e9cima su tasa interanual, hasta el -1%, debido el encarecimiento de la electricidad y a que los precios de los viajes organizados bajaron menos que en mayo de 2015, seg\\u00fan el indicador adelantado publicado este lunes\",\"inLanguage\":\"es-ES\",\"isPartOf\":{\"@id\":\"https:\\\/\\\/eldigitaldeasturias.com\\\/magazine365\\\/#website\"},\"breadcrumb\":{\"@id\":\"https:\\\/\\\/eldigitaldeasturias.com\\\/magazine365\\\/el-ipc-interanual-sube-una-decima-en-mayo\\\/#breadcrumblist\"},\"author\":{\"@id\":\"https:\\\/\\\/eldigitaldeasturias.com\\\/magazine365\\\/author\\\/admin\\\/#author\"},\"creator\":{\"@id\":\"https:\\\/\\\/eldigitaldeasturias.com\\\/magazine365\\\/author\\\/admin\\\/#author\"},\"image\":{\"@type\":\"ImageObject\",\"url\":\"https:\\\/\\\/eldigitaldeasturias.com\\\/magazine365\\\/wp-content\\\/uploads\\\/2016\\\/05\\\/fotonoticia_20160530105930_800.jpg\",\"@id\":\"https:\\\/\\\/eldigitaldeasturias.com\\\/magazine365\\\/el-ipc-interanual-sube-una-decima-en-mayo\\\/#mainImage\",\"width\":800,\"height\":522},\"primaryImageOfPage\":{\"@id\":\"https:\\\/\\\/eldigitaldeasturias.com\\\/magazine365\\\/el-ipc-interanual-sube-una-decima-en-mayo\\\/#mainImage\"},\"datePublished\":\"2016-05-31T09:50:04+02:00\",\"dateModified\":\"2016-05-31T09:50:04+02:00\"},{\"@type\":\"WebSite\",\"@id\":\"https:\\\/\\\/eldigitaldeasturias.com\\\/magazine365\\\/#website\",\"url\":\"https:\\\/\\\/eldigitaldeasturias.com\\\/magazine365\\\/\",\"name\":\"El Digital de Asturias\",\"description\":\"Revista de ocio, turismo y estilo de vida\",\"inLanguage\":\"es-ES\",\"publisher\":{\"@id\":\"https:\\\/\\\/eldigitaldeasturias.com\\\/magazine365\\\/#organization\"}}]}\n\t\t<\/script>\n\t\t<!-- All in One SEO Pro -->\r\n\t\t<title>El IPC interanual sube una d\u00e9cima en mayo | El Digital de Asturias<\/title>\n\n","aioseo_head_json":{"title":"El IPC interanual sube una d\u00e9cima en mayo | El Digital de Asturias","description":"El \u00cdndice de Precios de Consumo (IPC) subi\u00f3 un 0,6% en mayo respecto al mes anterior y elev\u00f3 una d\u00e9cima su tasa interanual, hasta el -1%, debido el encarecimiento de la electricidad y a que los precios de los viajes organizados bajaron menos que en mayo de 2015, seg\u00fan el indicador adelantado publicado este lunes","canonical_url":"https:\/\/eldigitaldeasturias.com\/magazine365\/el-ipc-interanual-sube-una-decima-en-mayo\/","robots":"max-image-preview:large","keywords":"noticias y actualidad","webmasterTools":{"google-site-verification":"UA-38556648-1","miscellaneous":""},"schema":{"@context":"https:\/\/schema.org","@graph":[{"@type":"Article","@id":"https:\/\/eldigitaldeasturias.com\/magazine365\/el-ipc-interanual-sube-una-decima-en-mayo\/#article","name":"El IPC interanual sube una d\u00e9cima en mayo | El Digital de Asturias","headline":"El IPC interanual sube una d\u00e9cima en mayo","author":{"@id":"https:\/\/eldigitaldeasturias.com\/magazine365\/author\/admin\/#author"},"publisher":{"@id":"https:\/\/eldigitaldeasturias.com\/magazine365\/#organization"},"image":{"@type":"ImageObject","url":"https:\/\/eldigitaldeasturias.com\/magazine365\/wp-content\/uploads\/2016\/05\/fotonoticia_20160530105930_800.jpg","width":800,"height":522},"datePublished":"2016-05-31T09:50:04+02:00","dateModified":"2016-05-31T09:50:04+02:00","inLanguage":"es-ES","mainEntityOfPage":{"@id":"https:\/\/eldigitaldeasturias.com\/magazine365\/el-ipc-interanual-sube-una-decima-en-mayo\/#webpage"},"isPartOf":{"@id":"https:\/\/eldigitaldeasturias.com\/magazine365\/el-ipc-interanual-sube-una-decima-en-mayo\/#webpage"},"articleSection":"Noticias y Actualidad"},{"@type":"BreadcrumbList","@id":"https:\/\/eldigitaldeasturias.com\/magazine365\/el-ipc-interanual-sube-una-decima-en-mayo\/#breadcrumblist","itemListElement":[{"@type":"ListItem","@id":"https:\/\/eldigitaldeasturias.com\/magazine365#listItem","position":1,"name":"Home","item":"https:\/\/eldigitaldeasturias.com\/magazine365","nextItem":{"@type":"ListItem","@id":"https:\/\/eldigitaldeasturias.com\/magazine365\/category\/noticias-actualidad\/#listItem","name":"Noticias y Actualidad"}},{"@type":"ListItem","@id":"https:\/\/eldigitaldeasturias.com\/magazine365\/category\/noticias-actualidad\/#listItem","position":2,"name":"Noticias y Actualidad","item":"https:\/\/eldigitaldeasturias.com\/magazine365\/category\/noticias-actualidad\/","nextItem":{"@type":"ListItem","@id":"https:\/\/eldigitaldeasturias.com\/magazine365\/el-ipc-interanual-sube-una-decima-en-mayo\/#listItem","name":"El IPC interanual sube una d\u00e9cima en mayo"},"previousItem":{"@type":"ListItem","@id":"https:\/\/eldigitaldeasturias.com\/magazine365#listItem","name":"Home"}},{"@type":"ListItem","@id":"https:\/\/eldigitaldeasturias.com\/magazine365\/el-ipc-interanual-sube-una-decima-en-mayo\/#listItem","position":3,"name":"El IPC interanual sube una d\u00e9cima en mayo","previousItem":{"@type":"ListItem","@id":"https:\/\/eldigitaldeasturias.com\/magazine365\/category\/noticias-actualidad\/#listItem","name":"Noticias y Actualidad"}}]},{"@type":"Organization","@id":"https:\/\/eldigitaldeasturias.com\/magazine365\/#organization","name":"El digital de Asturias","description":"Revista de ocio, turismo y estilo de vida","url":"https:\/\/eldigitaldeasturias.com\/magazine365\/","logo":{"@type":"ImageObject","url":"https:\/\/www.eldigitaldeasturias.com\/noticias\/wp-content\/uploads\/2020\/12\/EDA.jpg","@id":"https:\/\/eldigitaldeasturias.com\/magazine365\/el-ipc-interanual-sube-una-decima-en-mayo\/#organizationLogo"},"image":{"@id":"https:\/\/eldigitaldeasturias.com\/magazine365\/el-ipc-interanual-sube-una-decima-en-mayo\/#organizationLogo"}},{"@type":"Person","@id":"https:\/\/eldigitaldeasturias.com\/magazine365\/author\/admin\/#author","url":"https:\/\/eldigitaldeasturias.com\/magazine365\/author\/admin\/","name":"admin","image":{"@type":"ImageObject","@id":"https:\/\/eldigitaldeasturias.com\/magazine365\/el-ipc-interanual-sube-una-decima-en-mayo\/#authorImage","url":"https:\/\/eldigitaldeasturias.com\/magazine365\/wp-content\/litespeed\/avatar\/e571bcf59a0edd6fa6838245a470f2fe.jpg?ver=1777574230","width":96,"height":96,"caption":"admin"}},{"@type":"WebPage","@id":"https:\/\/eldigitaldeasturias.com\/magazine365\/el-ipc-interanual-sube-una-decima-en-mayo\/#webpage","url":"https:\/\/eldigitaldeasturias.com\/magazine365\/el-ipc-interanual-sube-una-decima-en-mayo\/","name":"El IPC interanual sube una d\u00e9cima en mayo | El Digital de Asturias","description":"El \u00cdndice de Precios de Consumo (IPC) subi\u00f3 un 0,6% en mayo respecto al mes anterior y elev\u00f3 una d\u00e9cima su tasa interanual, hasta el -1%, debido el encarecimiento de la electricidad y a que los precios de los viajes organizados bajaron menos que en mayo de 2015, seg\u00fan el indicador adelantado publicado este lunes","inLanguage":"es-ES","isPartOf":{"@id":"https:\/\/eldigitaldeasturias.com\/magazine365\/#website"},"breadcrumb":{"@id":"https:\/\/eldigitaldeasturias.com\/magazine365\/el-ipc-interanual-sube-una-decima-en-mayo\/#breadcrumblist"},"author":{"@id":"https:\/\/eldigitaldeasturias.com\/magazine365\/author\/admin\/#author"},"creator":{"@id":"https:\/\/eldigitaldeasturias.com\/magazine365\/author\/admin\/#author"},"image":{"@type":"ImageObject","url":"https:\/\/eldigitaldeasturias.com\/magazine365\/wp-content\/uploads\/2016\/05\/fotonoticia_20160530105930_800.jpg","@id":"https:\/\/eldigitaldeasturias.com\/magazine365\/el-ipc-interanual-sube-una-decima-en-mayo\/#mainImage","width":800,"height":522},"primaryImageOfPage":{"@id":"https:\/\/eldigitaldeasturias.com\/magazine365\/el-ipc-interanual-sube-una-decima-en-mayo\/#mainImage"},"datePublished":"2016-05-31T09:50:04+02:00","dateModified":"2016-05-31T09:50:04+02:00"},{"@type":"WebSite","@id":"https:\/\/eldigitaldeasturias.com\/magazine365\/#website","url":"https:\/\/eldigitaldeasturias.com\/magazine365\/","name":"El Digital de Asturias","description":"Revista de ocio, turismo y estilo de vida","inLanguage":"es-ES","publisher":{"@id":"https:\/\/eldigitaldeasturias.com\/magazine365\/#organization"}}]},"og:locale":"es_ES","og:site_name":"El Digital de Asturias \u2013 Revista de ocio, turismo y estilo de vida","og:type":"article","og:title":"El IPC interanual sube una d\u00e9cima en mayo | El Digital de Asturias","og:description":"El \u00cdndice de Precios de Consumo (IPC) subi\u00f3 un 0,6% en mayo respecto al mes anterior y elev\u00f3 una d\u00e9cima su tasa interanual, hasta el -1%, debido el encarecimiento de la electricidad y a que los precios de los viajes organizados bajaron menos que en mayo de 2015, seg\u00fan el indicador adelantado publicado este lunes","og:url":"https:\/\/eldigitaldeasturias.com\/magazine365\/el-ipc-interanual-sube-una-decima-en-mayo\/","og:image":"https:\/\/eldigitaldeasturias.com\/magazine365\/wp-content\/uploads\/2016\/05\/fotonoticia_20160530105930_800.jpg","og:image:secure_url":"https:\/\/eldigitaldeasturias.com\/magazine365\/wp-content\/uploads\/2016\/05\/fotonoticia_20160530105930_800.jpg","og:image:width":800,"og:image:height":522,"article:published_time":"2016-05-31T07:50:04+00:00","article:modified_time":"2016-05-31T07:50:04+00:00","twitter:card":"summary_large_image","twitter:title":"El IPC interanual sube una d\u00e9cima en mayo | El Digital de Asturias","twitter:description":"El \u00cdndice de Precios de Consumo (IPC) subi\u00f3 un 0,6% en mayo respecto al mes anterior y elev\u00f3 una d\u00e9cima su tasa interanual, hasta el -1%, debido el encarecimiento de la electricidad y a que los precios de los viajes organizados bajaron menos que en mayo de 2015, seg\u00fan el indicador adelantado publicado este lunes","twitter:image":"https:\/\/eldigitaldeasturias.com\/magazine365\/wp-content\/uploads\/2016\/05\/fotonoticia_20160530105930_800.jpg"},"aioseo_meta_data":{"post_id":"77119","title":null,"description":null,"keywords":null,"keyphrases":null,"primary_term":null,"canonical_url":null,"og_title":null,"og_description":null,"og_object_type":"default","og_image_type":"default","og_image_url":null,"og_image_width":null,"og_image_height":null,"og_image_custom_url":null,"og_image_custom_fields":null,"og_video":null,"og_custom_url":null,"og_article_section":null,"og_article_tags":null,"twitter_use_og":false,"twitter_card":"default","twitter_image_type":"default","twitter_image_url":null,"twitter_image_custom_url":null,"twitter_image_custom_fields":null,"twitter_title":null,"twitter_description":null,"schema":{"blockGraphs":[],"customGraphs":[],"default":{"data":{"Article":[],"Course":[],"Dataset":[],"FAQPage":[],"Movie":[],"Person":[],"Product":[],"ProductReview":[],"Car":[],"Recipe":[],"Service":[],"SoftwareApplication":[],"WebPage":[]},"graphName":"","isEnabled":true},"graphs":[]},"schema_type":null,"schema_type_options":null,"pillar_content":false,"robots_default":true,"robots_noindex":false,"robots_noarchive":false,"robots_nosnippet":false,"robots_nofollow":false,"robots_noimageindex":false,"robots_noodp":false,"robots_notranslate":false,"robots_max_snippet":null,"robots_max_videopreview":null,"robots_max_imagepreview":"large","priority":null,"frequency":null,"location":null,"local_seo":null,"seo_analyzer_scan_date":"2025-09-27 14:09:15","breadcrumb_settings":null,"limit_modified_date":false,"open_ai":null,"ai":null,"created":"2021-03-08 18:19:40","updated":"2025-09-27 14:09:15"},"aioseo_breadcrumb":"<div class=\"aioseo-breadcrumbs\"><span class=\"aioseo-breadcrumb\">\n\t<a href=\"https:\/\/eldigitaldeasturias.com\/magazine365\" title=\"Home\">Home<\/a>\n<\/span><span class=\"aioseo-breadcrumb-separator\">\u2013<\/span><span class=\"aioseo-breadcrumb\">\n\t<a href=\"https:\/\/eldigitaldeasturias.com\/magazine365\/category\/noticias-actualidad\/\" title=\"Noticias y Actualidad\">Noticias y Actualidad<\/a>\n<\/span><span class=\"aioseo-breadcrumb-separator\">\u2013<\/span><span class=\"aioseo-breadcrumb\">\n\t<a href=\"https:\/\/eldigitaldeasturias.com\/magazine365\/el-ipc-interanual-sube-una-decima-en-mayo\/\" title=\"El IPC interanual sube una d\u00e9cima en mayo\">El IPC interanual sube una d\u00e9cima en mayo<\/a>\n<\/span><\/div>","aioseo_breadcrumb_json":[{"label":"Home","link":"https:\/\/eldigitaldeasturias.com\/magazine365"},{"label":"Noticias y Actualidad","link":"https:\/\/eldigitaldeasturias.com\/magazine365\/category\/noticias-actualidad\/"},{"label":"El IPC interanual sube una d\u00e9cima en mayo","link":"https:\/\/eldigitaldeasturias.com\/magazine365\/el-ipc-interanual-sube-una-decima-en-mayo\/"}],"_links":{"self":[{"href":"https:\/\/eldigitaldeasturias.com\/magazine365\/wp-json\/wp\/v2\/posts\/77119","targetHints":{"allow":["GET"]}}],"collection":[{"href":"https:\/\/eldigitaldeasturias.com\/magazine365\/wp-json\/wp\/v2\/posts"}],"about":[{"href":"https:\/\/eldigitaldeasturias.com\/magazine365\/wp-json\/wp\/v2\/types\/post"}],"author":[{"embeddable":true,"href":"https:\/\/eldigitaldeasturias.com\/magazine365\/wp-json\/wp\/v2\/users\/1"}],"replies":[{"embeddable":true,"href":"https:\/\/eldigitaldeasturias.com\/magazine365\/wp-json\/wp\/v2\/comments?post=77119"}],"version-history":[{"count":0,"href":"https:\/\/eldigitaldeasturias.com\/magazine365\/wp-json\/wp\/v2\/posts\/77119\/revisions"}],"wp:featuredmedia":[{"embeddable":true,"href":"https:\/\/eldigitaldeasturias.com\/magazine365\/wp-json\/wp\/v2\/media\/77120"}],"wp:attachment":[{"href":"https:\/\/eldigitaldeasturias.com\/magazine365\/wp-json\/wp\/v2\/media?parent=77119"}],"wp:term":[{"taxonomy":"category","embeddable":true,"href":"https:\/\/eldigitaldeasturias.com\/magazine365\/wp-json\/wp\/v2\/categories?post=77119"},{"taxonomy":"post_tag","embeddable":true,"href":"https:\/\/eldigitaldeasturias.com\/magazine365\/wp-json\/wp\/v2\/tags?post=77119"}],"curies":[{"name":"wp","href":"https:\/\/api.w.org\/{rel}","templated":true}]}}