{"id":77110,"date":"2016-05-31T09:47:09","date_gmt":"2016-05-31T07:47:09","guid":{"rendered":"http:\/\/eldigitaldeasturias.com\/magazine365\/?p=77110"},"modified":"2016-05-31T09:47:09","modified_gmt":"2016-05-31T07:47:09","slug":"costas-movera-desde-hoy-22-000-m3-de-arena-para-completar-los-rellenos-de-los-peligros-y-la-magdalena","status":"publish","type":"post","link":"https:\/\/eldigitaldeasturias.com\/magazine365\/costas-movera-desde-hoy-22-000-m3-de-arena-para-completar-los-rellenos-de-los-peligros-y-la-magdalena\/","title":{"rendered":"Costas mover\u00e1 desde hoy 22.000 m3 de arena para completar los rellenos de Los Peligros y La Magdalena"},"content":{"rendered":"<p><img fetchpriority=\"high\" decoding=\"async\" class=\"alignleft size-medium wp-image-77111\" src=\"https:\/\/eldigitaldeasturias.com\/magazine365\/wp-content\/uploads\/2016\/05\/fotonoticia_20160530103429_800-360x210.jpg\" alt=\"fotonoticia_20160530103429_800\" width=\"360\" height=\"210\" srcset=\"https:\/\/eldigitaldeasturias.com\/magazine365\/wp-content\/uploads\/2016\/05\/fotonoticia_20160530103429_800-360x210.jpg 360w, https:\/\/eldigitaldeasturias.com\/magazine365\/wp-content\/uploads\/2016\/05\/fotonoticia_20160530103429_800-650x379.jpg 650w, https:\/\/eldigitaldeasturias.com\/magazine365\/wp-content\/uploads\/2016\/05\/fotonoticia_20160530103429_800-768x447.jpg 768w, https:\/\/eldigitaldeasturias.com\/magazine365\/wp-content\/uploads\/2016\/05\/fotonoticia_20160530103429_800-150x87.jpg 150w, https:\/\/eldigitaldeasturias.com\/magazine365\/wp-content\/uploads\/2016\/05\/fotonoticia_20160530103429_800-450x262.jpg 450w, https:\/\/eldigitaldeasturias.com\/magazine365\/wp-content\/uploads\/2016\/05\/fotonoticia_20160530103429_800-172x100.jpg 172w, https:\/\/eldigitaldeasturias.com\/magazine365\/wp-content\/uploads\/2016\/05\/fotonoticia_20160530103429_800.jpg 800w\" sizes=\"(max-width: 360px) 100vw, 360px\" \/>La Demarcaci\u00f3n de Costas mover\u00e1 en los pr\u00f3ximos d\u00edas alrededor de 22.000 metros c\u00fabicos de arena para completar los rellenos en las playas de Los Peligros y la Magdalena.<\/p>\n<p>Los trabajos comenzar\u00e1n este lunes, 30 de mayo, con el desplazamiento de la maquinaria necesaria, y el martes se iniciar\u00e1 ya el movimiento de arena, que durar\u00e1 aproximadamente dos semanas.<\/p>\n<p>De esta manera, a mediados de mes los arenales estar\u00e1n listos para el disfrute de santanderinos y visitantes, a tiempo para el inicio de la campa\u00f1a veraniega.<\/p>\n<p>Las labores que se van a acometer ahora permitir\u00e1n completar el movimiento de 9.000 metros c\u00fabicos de arena que se realiz\u00f3 antes de la Semana Santa, una primera intervenci\u00f3n que permiti\u00f3 mejorar el estado de las playas tras los temporales del invierno.<\/p>\n<p>En esta ocasi\u00f3n, se va a mover un volumen de arena mucho mayor, cogiendo material de las zonas en las que se fue acumulando por los temporales, en concreto, de la zona de la rampa de la Fen\u00f3meno, para distribuir la arena por los puntos donde son m\u00e1s necesarios los aportes.<\/p>\n<p>Los trabajos se desarrollar\u00e1n aprovechando las bajamares y se contar\u00e1 para ello con una retroexcavadora de cadenas para la carga de la arena; dos veh\u00edculos extrav\u00edales d\u00famper articulado; y un buld\u00f3cer de cadenas para el extendido.<\/p>\n<p>&nbsp;<\/p>\n","protected":false},"excerpt":{"rendered":"<p>La Demarcaci\u00f3n de Costas mover\u00e1 en los pr\u00f3ximos d\u00edas alrededor de 22.000 metros c\u00fabicos de arena para completar los rellenos en las playas de Los Peligros y la Magdalena. Los trabajos comenzar\u00e1n este lunes, 30 de mayo, con el desplazamiento de la maquinaria necesaria, y el martes se iniciar\u00e1 ya el movimiento de arena, que<\/p>\n","protected":false},"author":1,"featured_media":77111,"comment_status":"open","ping_status":"closed","sticky":false,"template":"","format":"standard","meta":{"footnotes":""},"categories":[224],"tags":[],"class_list":{"0":"post-77110","1":"post","2":"type-post","3":"status-publish","4":"format-standard","5":"has-post-thumbnail","7":"category-noticias-actualidad"},"aioseo_notices":[],"aioseo_head":"\n\t\t<!-- All in One SEO Pro 4.9.6.1 - aioseo.com -->\n\t<meta name=\"description\" content=\"La Demarcaci\u00f3n de Costas mover\u00e1 en los pr\u00f3ximos d\u00edas alrededor de 22.000 metros c\u00fabicos de arena para completar los rellenos en las playas de Los Peligros y la Magdalena. Los trabajos comenzar\u00e1n este lunes, 30 de mayo, con el desplazamiento de la maquinaria necesaria, y el martes se iniciar\u00e1 ya el movimiento de arena, que\" \/>\n\t<meta name=\"robots\" content=\"max-image-preview:large\" \/>\n\t<meta name=\"author\" content=\"admin\"\/>\n\t<meta name=\"google-site-verification\" content=\"UA-38556648-1\" \/>\n\t<meta name=\"keywords\" content=\"noticias y actualidad\" \/>\n\t<link rel=\"canonical\" href=\"https:\/\/eldigitaldeasturias.com\/magazine365\/costas-movera-desde-hoy-22-000-m3-de-arena-para-completar-los-rellenos-de-los-peligros-y-la-magdalena\/\" \/>\n\t<meta name=\"generator\" content=\"All in One SEO Pro (AIOSEO) 4.9.6.1\" \/>\n\t\t<meta property=\"og:locale\" content=\"es_ES\" \/>\n\t\t<meta property=\"og:site_name\" content=\"El Digital de Asturias \u2013 Revista de ocio, turismo y estilo de vida\" \/>\n\t\t<meta property=\"og:type\" content=\"article\" \/>\n\t\t<meta property=\"og:title\" content=\"Costas mover\u00e1 desde hoy 22.000 m3 de arena para completar los rellenos de Los Peligros y La Magdalena | El Digital de Asturias\" \/>\n\t\t<meta property=\"og:description\" content=\"La Demarcaci\u00f3n de Costas mover\u00e1 en los pr\u00f3ximos d\u00edas alrededor de 22.000 metros c\u00fabicos de arena para completar los rellenos en las playas de Los Peligros y la Magdalena. Los trabajos comenzar\u00e1n este lunes, 30 de mayo, con el desplazamiento de la maquinaria necesaria, y el martes se iniciar\u00e1 ya el movimiento de arena, que\" \/>\n\t\t<meta property=\"og:url\" content=\"https:\/\/eldigitaldeasturias.com\/magazine365\/costas-movera-desde-hoy-22-000-m3-de-arena-para-completar-los-rellenos-de-los-peligros-y-la-magdalena\/\" \/>\n\t\t<meta property=\"og:image\" content=\"https:\/\/eldigitaldeasturias.com\/magazine365\/wp-content\/uploads\/2016\/05\/fotonoticia_20160530103429_800.jpg\" \/>\n\t\t<meta property=\"og:image:secure_url\" content=\"https:\/\/eldigitaldeasturias.com\/magazine365\/wp-content\/uploads\/2016\/05\/fotonoticia_20160530103429_800.jpg\" \/>\n\t\t<meta property=\"og:image:width\" content=\"800\" \/>\n\t\t<meta property=\"og:image:height\" content=\"466\" \/>\n\t\t<meta property=\"article:published_time\" content=\"2016-05-31T07:47:09+00:00\" \/>\n\t\t<meta property=\"article:modified_time\" content=\"2016-05-31T07:47:09+00:00\" \/>\n\t\t<meta name=\"twitter:card\" content=\"summary_large_image\" \/>\n\t\t<meta name=\"twitter:title\" content=\"Costas mover\u00e1 desde hoy 22.000 m3 de arena para completar los rellenos de Los Peligros y La Magdalena | El Digital de Asturias\" \/>\n\t\t<meta name=\"twitter:description\" content=\"La Demarcaci\u00f3n de Costas mover\u00e1 en los pr\u00f3ximos d\u00edas alrededor de 22.000 metros c\u00fabicos de arena para completar los rellenos en las playas de Los Peligros y la Magdalena. Los trabajos comenzar\u00e1n este lunes, 30 de mayo, con el desplazamiento de la maquinaria necesaria, y el martes se iniciar\u00e1 ya el movimiento de arena, que\" \/>\n\t\t<meta name=\"twitter:image\" content=\"https:\/\/eldigitaldeasturias.com\/magazine365\/wp-content\/uploads\/2016\/05\/fotonoticia_20160530103429_800.jpg\" \/>\n\t\t<script type=\"application\/ld+json\" class=\"aioseo-schema\">\n\t\t\t{\"@context\":\"https:\\\/\\\/schema.org\",\"@graph\":[{\"@type\":\"Article\",\"@id\":\"https:\\\/\\\/eldigitaldeasturias.com\\\/magazine365\\\/costas-movera-desde-hoy-22-000-m3-de-arena-para-completar-los-rellenos-de-los-peligros-y-la-magdalena\\\/#article\",\"name\":\"Costas mover\\u00e1 desde hoy 22.000 m3 de arena para completar los rellenos de Los Peligros y La Magdalena | El Digital de Asturias\",\"headline\":\"Costas mover\\u00e1 desde hoy 22.000 m3 de arena para completar los rellenos de Los Peligros y La Magdalena\",\"author\":{\"@id\":\"https:\\\/\\\/eldigitaldeasturias.com\\\/magazine365\\\/author\\\/admin\\\/#author\"},\"publisher\":{\"@id\":\"https:\\\/\\\/eldigitaldeasturias.com\\\/magazine365\\\/#organization\"},\"image\":{\"@type\":\"ImageObject\",\"url\":\"https:\\\/\\\/eldigitaldeasturias.com\\\/magazine365\\\/wp-content\\\/uploads\\\/2016\\\/05\\\/fotonoticia_20160530103429_800.jpg\",\"width\":800,\"height\":466},\"datePublished\":\"2016-05-31T09:47:09+02:00\",\"dateModified\":\"2016-05-31T09:47:09+02:00\",\"inLanguage\":\"es-ES\",\"mainEntityOfPage\":{\"@id\":\"https:\\\/\\\/eldigitaldeasturias.com\\\/magazine365\\\/costas-movera-desde-hoy-22-000-m3-de-arena-para-completar-los-rellenos-de-los-peligros-y-la-magdalena\\\/#webpage\"},\"isPartOf\":{\"@id\":\"https:\\\/\\\/eldigitaldeasturias.com\\\/magazine365\\\/costas-movera-desde-hoy-22-000-m3-de-arena-para-completar-los-rellenos-de-los-peligros-y-la-magdalena\\\/#webpage\"},\"articleSection\":\"Noticias y Actualidad\"},{\"@type\":\"BreadcrumbList\",\"@id\":\"https:\\\/\\\/eldigitaldeasturias.com\\\/magazine365\\\/costas-movera-desde-hoy-22-000-m3-de-arena-para-completar-los-rellenos-de-los-peligros-y-la-magdalena\\\/#breadcrumblist\",\"itemListElement\":[{\"@type\":\"ListItem\",\"@id\":\"https:\\\/\\\/eldigitaldeasturias.com\\\/magazine365#listItem\",\"position\":1,\"name\":\"Home\",\"item\":\"https:\\\/\\\/eldigitaldeasturias.com\\\/magazine365\",\"nextItem\":{\"@type\":\"ListItem\",\"@id\":\"https:\\\/\\\/eldigitaldeasturias.com\\\/magazine365\\\/category\\\/noticias-actualidad\\\/#listItem\",\"name\":\"Noticias y Actualidad\"}},{\"@type\":\"ListItem\",\"@id\":\"https:\\\/\\\/eldigitaldeasturias.com\\\/magazine365\\\/category\\\/noticias-actualidad\\\/#listItem\",\"position\":2,\"name\":\"Noticias y Actualidad\",\"item\":\"https:\\\/\\\/eldigitaldeasturias.com\\\/magazine365\\\/category\\\/noticias-actualidad\\\/\",\"nextItem\":{\"@type\":\"ListItem\",\"@id\":\"https:\\\/\\\/eldigitaldeasturias.com\\\/magazine365\\\/costas-movera-desde-hoy-22-000-m3-de-arena-para-completar-los-rellenos-de-los-peligros-y-la-magdalena\\\/#listItem\",\"name\":\"Costas mover\\u00e1 desde hoy 22.000 m3 de arena para completar los rellenos de Los Peligros y La Magdalena\"},\"previousItem\":{\"@type\":\"ListItem\",\"@id\":\"https:\\\/\\\/eldigitaldeasturias.com\\\/magazine365#listItem\",\"name\":\"Home\"}},{\"@type\":\"ListItem\",\"@id\":\"https:\\\/\\\/eldigitaldeasturias.com\\\/magazine365\\\/costas-movera-desde-hoy-22-000-m3-de-arena-para-completar-los-rellenos-de-los-peligros-y-la-magdalena\\\/#listItem\",\"position\":3,\"name\":\"Costas mover\\u00e1 desde hoy 22.000 m3 de arena para completar los rellenos de Los Peligros y La Magdalena\",\"previousItem\":{\"@type\":\"ListItem\",\"@id\":\"https:\\\/\\\/eldigitaldeasturias.com\\\/magazine365\\\/category\\\/noticias-actualidad\\\/#listItem\",\"name\":\"Noticias y Actualidad\"}}]},{\"@type\":\"Organization\",\"@id\":\"https:\\\/\\\/eldigitaldeasturias.com\\\/magazine365\\\/#organization\",\"name\":\"El digital de Asturias\",\"description\":\"Revista de ocio, turismo y estilo de vida\",\"url\":\"https:\\\/\\\/eldigitaldeasturias.com\\\/magazine365\\\/\",\"logo\":{\"@type\":\"ImageObject\",\"url\":\"https:\\\/\\\/www.eldigitaldeasturias.com\\\/noticias\\\/wp-content\\\/uploads\\\/2020\\\/12\\\/EDA.jpg\",\"@id\":\"https:\\\/\\\/eldigitaldeasturias.com\\\/magazine365\\\/costas-movera-desde-hoy-22-000-m3-de-arena-para-completar-los-rellenos-de-los-peligros-y-la-magdalena\\\/#organizationLogo\"},\"image\":{\"@id\":\"https:\\\/\\\/eldigitaldeasturias.com\\\/magazine365\\\/costas-movera-desde-hoy-22-000-m3-de-arena-para-completar-los-rellenos-de-los-peligros-y-la-magdalena\\\/#organizationLogo\"}},{\"@type\":\"Person\",\"@id\":\"https:\\\/\\\/eldigitaldeasturias.com\\\/magazine365\\\/author\\\/admin\\\/#author\",\"url\":\"https:\\\/\\\/eldigitaldeasturias.com\\\/magazine365\\\/author\\\/admin\\\/\",\"name\":\"admin\",\"image\":{\"@type\":\"ImageObject\",\"@id\":\"https:\\\/\\\/eldigitaldeasturias.com\\\/magazine365\\\/costas-movera-desde-hoy-22-000-m3-de-arena-para-completar-los-rellenos-de-los-peligros-y-la-magdalena\\\/#authorImage\",\"url\":\"https:\\\/\\\/eldigitaldeasturias.com\\\/magazine365\\\/wp-content\\\/litespeed\\\/avatar\\\/e571bcf59a0edd6fa6838245a470f2fe.jpg?ver=1777574230\",\"width\":96,\"height\":96,\"caption\":\"admin\"}},{\"@type\":\"WebPage\",\"@id\":\"https:\\\/\\\/eldigitaldeasturias.com\\\/magazine365\\\/costas-movera-desde-hoy-22-000-m3-de-arena-para-completar-los-rellenos-de-los-peligros-y-la-magdalena\\\/#webpage\",\"url\":\"https:\\\/\\\/eldigitaldeasturias.com\\\/magazine365\\\/costas-movera-desde-hoy-22-000-m3-de-arena-para-completar-los-rellenos-de-los-peligros-y-la-magdalena\\\/\",\"name\":\"Costas mover\\u00e1 desde hoy 22.000 m3 de arena para completar los rellenos de Los Peligros y La Magdalena | El Digital de Asturias\",\"description\":\"La Demarcaci\\u00f3n de Costas mover\\u00e1 en los pr\\u00f3ximos d\\u00edas alrededor de 22.000 metros c\\u00fabicos de arena para completar los rellenos en las playas de Los Peligros y la Magdalena. Los trabajos comenzar\\u00e1n este lunes, 30 de mayo, con el desplazamiento de la maquinaria necesaria, y el martes se iniciar\\u00e1 ya el movimiento de arena, que\",\"inLanguage\":\"es-ES\",\"isPartOf\":{\"@id\":\"https:\\\/\\\/eldigitaldeasturias.com\\\/magazine365\\\/#website\"},\"breadcrumb\":{\"@id\":\"https:\\\/\\\/eldigitaldeasturias.com\\\/magazine365\\\/costas-movera-desde-hoy-22-000-m3-de-arena-para-completar-los-rellenos-de-los-peligros-y-la-magdalena\\\/#breadcrumblist\"},\"author\":{\"@id\":\"https:\\\/\\\/eldigitaldeasturias.com\\\/magazine365\\\/author\\\/admin\\\/#author\"},\"creator\":{\"@id\":\"https:\\\/\\\/eldigitaldeasturias.com\\\/magazine365\\\/author\\\/admin\\\/#author\"},\"image\":{\"@type\":\"ImageObject\",\"url\":\"https:\\\/\\\/eldigitaldeasturias.com\\\/magazine365\\\/wp-content\\\/uploads\\\/2016\\\/05\\\/fotonoticia_20160530103429_800.jpg\",\"@id\":\"https:\\\/\\\/eldigitaldeasturias.com\\\/magazine365\\\/costas-movera-desde-hoy-22-000-m3-de-arena-para-completar-los-rellenos-de-los-peligros-y-la-magdalena\\\/#mainImage\",\"width\":800,\"height\":466},\"primaryImageOfPage\":{\"@id\":\"https:\\\/\\\/eldigitaldeasturias.com\\\/magazine365\\\/costas-movera-desde-hoy-22-000-m3-de-arena-para-completar-los-rellenos-de-los-peligros-y-la-magdalena\\\/#mainImage\"},\"datePublished\":\"2016-05-31T09:47:09+02:00\",\"dateModified\":\"2016-05-31T09:47:09+02:00\"},{\"@type\":\"WebSite\",\"@id\":\"https:\\\/\\\/eldigitaldeasturias.com\\\/magazine365\\\/#website\",\"url\":\"https:\\\/\\\/eldigitaldeasturias.com\\\/magazine365\\\/\",\"name\":\"El Digital de Asturias\",\"description\":\"Revista de ocio, turismo y estilo de vida\",\"inLanguage\":\"es-ES\",\"publisher\":{\"@id\":\"https:\\\/\\\/eldigitaldeasturias.com\\\/magazine365\\\/#organization\"}}]}\n\t\t<\/script>\n\t\t<!-- All in One SEO Pro -->\r\n\t\t<title>Costas mover\u00e1 desde hoy 22.000 m3 de arena para completar los rellenos de Los Peligros y La Magdalena | El Digital de Asturias<\/title>\n\n","aioseo_head_json":{"title":"Costas mover\u00e1 desde hoy 22.000 m3 de arena para completar los rellenos de Los Peligros y La Magdalena | El Digital de Asturias","description":"La Demarcaci\u00f3n de Costas mover\u00e1 en los pr\u00f3ximos d\u00edas alrededor de 22.000 metros c\u00fabicos de arena para completar los rellenos en las playas de Los Peligros y la Magdalena. Los trabajos comenzar\u00e1n este lunes, 30 de mayo, con el desplazamiento de la maquinaria necesaria, y el martes se iniciar\u00e1 ya el movimiento de arena, que","canonical_url":"https:\/\/eldigitaldeasturias.com\/magazine365\/costas-movera-desde-hoy-22-000-m3-de-arena-para-completar-los-rellenos-de-los-peligros-y-la-magdalena\/","robots":"max-image-preview:large","keywords":"noticias y actualidad","webmasterTools":{"google-site-verification":"UA-38556648-1","miscellaneous":""},"schema":{"@context":"https:\/\/schema.org","@graph":[{"@type":"Article","@id":"https:\/\/eldigitaldeasturias.com\/magazine365\/costas-movera-desde-hoy-22-000-m3-de-arena-para-completar-los-rellenos-de-los-peligros-y-la-magdalena\/#article","name":"Costas mover\u00e1 desde hoy 22.000 m3 de arena para completar los rellenos de Los Peligros y La Magdalena | El Digital de Asturias","headline":"Costas mover\u00e1 desde hoy 22.000 m3 de arena para completar los rellenos de Los Peligros y La Magdalena","author":{"@id":"https:\/\/eldigitaldeasturias.com\/magazine365\/author\/admin\/#author"},"publisher":{"@id":"https:\/\/eldigitaldeasturias.com\/magazine365\/#organization"},"image":{"@type":"ImageObject","url":"https:\/\/eldigitaldeasturias.com\/magazine365\/wp-content\/uploads\/2016\/05\/fotonoticia_20160530103429_800.jpg","width":800,"height":466},"datePublished":"2016-05-31T09:47:09+02:00","dateModified":"2016-05-31T09:47:09+02:00","inLanguage":"es-ES","mainEntityOfPage":{"@id":"https:\/\/eldigitaldeasturias.com\/magazine365\/costas-movera-desde-hoy-22-000-m3-de-arena-para-completar-los-rellenos-de-los-peligros-y-la-magdalena\/#webpage"},"isPartOf":{"@id":"https:\/\/eldigitaldeasturias.com\/magazine365\/costas-movera-desde-hoy-22-000-m3-de-arena-para-completar-los-rellenos-de-los-peligros-y-la-magdalena\/#webpage"},"articleSection":"Noticias y Actualidad"},{"@type":"BreadcrumbList","@id":"https:\/\/eldigitaldeasturias.com\/magazine365\/costas-movera-desde-hoy-22-000-m3-de-arena-para-completar-los-rellenos-de-los-peligros-y-la-magdalena\/#breadcrumblist","itemListElement":[{"@type":"ListItem","@id":"https:\/\/eldigitaldeasturias.com\/magazine365#listItem","position":1,"name":"Home","item":"https:\/\/eldigitaldeasturias.com\/magazine365","nextItem":{"@type":"ListItem","@id":"https:\/\/eldigitaldeasturias.com\/magazine365\/category\/noticias-actualidad\/#listItem","name":"Noticias y Actualidad"}},{"@type":"ListItem","@id":"https:\/\/eldigitaldeasturias.com\/magazine365\/category\/noticias-actualidad\/#listItem","position":2,"name":"Noticias y Actualidad","item":"https:\/\/eldigitaldeasturias.com\/magazine365\/category\/noticias-actualidad\/","nextItem":{"@type":"ListItem","@id":"https:\/\/eldigitaldeasturias.com\/magazine365\/costas-movera-desde-hoy-22-000-m3-de-arena-para-completar-los-rellenos-de-los-peligros-y-la-magdalena\/#listItem","name":"Costas mover\u00e1 desde hoy 22.000 m3 de arena para completar los rellenos de Los Peligros y La Magdalena"},"previousItem":{"@type":"ListItem","@id":"https:\/\/eldigitaldeasturias.com\/magazine365#listItem","name":"Home"}},{"@type":"ListItem","@id":"https:\/\/eldigitaldeasturias.com\/magazine365\/costas-movera-desde-hoy-22-000-m3-de-arena-para-completar-los-rellenos-de-los-peligros-y-la-magdalena\/#listItem","position":3,"name":"Costas mover\u00e1 desde hoy 22.000 m3 de arena para completar los rellenos de Los Peligros y La Magdalena","previousItem":{"@type":"ListItem","@id":"https:\/\/eldigitaldeasturias.com\/magazine365\/category\/noticias-actualidad\/#listItem","name":"Noticias y Actualidad"}}]},{"@type":"Organization","@id":"https:\/\/eldigitaldeasturias.com\/magazine365\/#organization","name":"El digital de Asturias","description":"Revista de ocio, turismo y estilo de vida","url":"https:\/\/eldigitaldeasturias.com\/magazine365\/","logo":{"@type":"ImageObject","url":"https:\/\/www.eldigitaldeasturias.com\/noticias\/wp-content\/uploads\/2020\/12\/EDA.jpg","@id":"https:\/\/eldigitaldeasturias.com\/magazine365\/costas-movera-desde-hoy-22-000-m3-de-arena-para-completar-los-rellenos-de-los-peligros-y-la-magdalena\/#organizationLogo"},"image":{"@id":"https:\/\/eldigitaldeasturias.com\/magazine365\/costas-movera-desde-hoy-22-000-m3-de-arena-para-completar-los-rellenos-de-los-peligros-y-la-magdalena\/#organizationLogo"}},{"@type":"Person","@id":"https:\/\/eldigitaldeasturias.com\/magazine365\/author\/admin\/#author","url":"https:\/\/eldigitaldeasturias.com\/magazine365\/author\/admin\/","name":"admin","image":{"@type":"ImageObject","@id":"https:\/\/eldigitaldeasturias.com\/magazine365\/costas-movera-desde-hoy-22-000-m3-de-arena-para-completar-los-rellenos-de-los-peligros-y-la-magdalena\/#authorImage","url":"https:\/\/eldigitaldeasturias.com\/magazine365\/wp-content\/litespeed\/avatar\/e571bcf59a0edd6fa6838245a470f2fe.jpg?ver=1777574230","width":96,"height":96,"caption":"admin"}},{"@type":"WebPage","@id":"https:\/\/eldigitaldeasturias.com\/magazine365\/costas-movera-desde-hoy-22-000-m3-de-arena-para-completar-los-rellenos-de-los-peligros-y-la-magdalena\/#webpage","url":"https:\/\/eldigitaldeasturias.com\/magazine365\/costas-movera-desde-hoy-22-000-m3-de-arena-para-completar-los-rellenos-de-los-peligros-y-la-magdalena\/","name":"Costas mover\u00e1 desde hoy 22.000 m3 de arena para completar los rellenos de Los Peligros y La Magdalena | El Digital de Asturias","description":"La Demarcaci\u00f3n de Costas mover\u00e1 en los pr\u00f3ximos d\u00edas alrededor de 22.000 metros c\u00fabicos de arena para completar los rellenos en las playas de Los Peligros y la Magdalena. Los trabajos comenzar\u00e1n este lunes, 30 de mayo, con el desplazamiento de la maquinaria necesaria, y el martes se iniciar\u00e1 ya el movimiento de arena, que","inLanguage":"es-ES","isPartOf":{"@id":"https:\/\/eldigitaldeasturias.com\/magazine365\/#website"},"breadcrumb":{"@id":"https:\/\/eldigitaldeasturias.com\/magazine365\/costas-movera-desde-hoy-22-000-m3-de-arena-para-completar-los-rellenos-de-los-peligros-y-la-magdalena\/#breadcrumblist"},"author":{"@id":"https:\/\/eldigitaldeasturias.com\/magazine365\/author\/admin\/#author"},"creator":{"@id":"https:\/\/eldigitaldeasturias.com\/magazine365\/author\/admin\/#author"},"image":{"@type":"ImageObject","url":"https:\/\/eldigitaldeasturias.com\/magazine365\/wp-content\/uploads\/2016\/05\/fotonoticia_20160530103429_800.jpg","@id":"https:\/\/eldigitaldeasturias.com\/magazine365\/costas-movera-desde-hoy-22-000-m3-de-arena-para-completar-los-rellenos-de-los-peligros-y-la-magdalena\/#mainImage","width":800,"height":466},"primaryImageOfPage":{"@id":"https:\/\/eldigitaldeasturias.com\/magazine365\/costas-movera-desde-hoy-22-000-m3-de-arena-para-completar-los-rellenos-de-los-peligros-y-la-magdalena\/#mainImage"},"datePublished":"2016-05-31T09:47:09+02:00","dateModified":"2016-05-31T09:47:09+02:00"},{"@type":"WebSite","@id":"https:\/\/eldigitaldeasturias.com\/magazine365\/#website","url":"https:\/\/eldigitaldeasturias.com\/magazine365\/","name":"El Digital de Asturias","description":"Revista de ocio, turismo y estilo de vida","inLanguage":"es-ES","publisher":{"@id":"https:\/\/eldigitaldeasturias.com\/magazine365\/#organization"}}]},"og:locale":"es_ES","og:site_name":"El Digital de Asturias \u2013 Revista de ocio, turismo y estilo de vida","og:type":"article","og:title":"Costas mover\u00e1 desde hoy 22.000 m3 de arena para completar los rellenos de Los Peligros y La Magdalena | El Digital de Asturias","og:description":"La Demarcaci\u00f3n de Costas mover\u00e1 en los pr\u00f3ximos d\u00edas alrededor de 22.000 metros c\u00fabicos de arena para completar los rellenos en las playas de Los Peligros y la Magdalena. Los trabajos comenzar\u00e1n este lunes, 30 de mayo, con el desplazamiento de la maquinaria necesaria, y el martes se iniciar\u00e1 ya el movimiento de arena, que","og:url":"https:\/\/eldigitaldeasturias.com\/magazine365\/costas-movera-desde-hoy-22-000-m3-de-arena-para-completar-los-rellenos-de-los-peligros-y-la-magdalena\/","og:image":"https:\/\/eldigitaldeasturias.com\/magazine365\/wp-content\/uploads\/2016\/05\/fotonoticia_20160530103429_800.jpg","og:image:secure_url":"https:\/\/eldigitaldeasturias.com\/magazine365\/wp-content\/uploads\/2016\/05\/fotonoticia_20160530103429_800.jpg","og:image:width":800,"og:image:height":466,"article:published_time":"2016-05-31T07:47:09+00:00","article:modified_time":"2016-05-31T07:47:09+00:00","twitter:card":"summary_large_image","twitter:title":"Costas mover\u00e1 desde hoy 22.000 m3 de arena para completar los rellenos de Los Peligros y La Magdalena | El Digital de Asturias","twitter:description":"La Demarcaci\u00f3n de Costas mover\u00e1 en los pr\u00f3ximos d\u00edas alrededor de 22.000 metros c\u00fabicos de arena para completar los rellenos en las playas de Los Peligros y la Magdalena. Los trabajos comenzar\u00e1n este lunes, 30 de mayo, con el desplazamiento de la maquinaria necesaria, y el martes se iniciar\u00e1 ya el movimiento de arena, que","twitter:image":"https:\/\/eldigitaldeasturias.com\/magazine365\/wp-content\/uploads\/2016\/05\/fotonoticia_20160530103429_800.jpg"},"aioseo_meta_data":{"post_id":"77110","title":null,"description":null,"keywords":null,"keyphrases":null,"primary_term":null,"canonical_url":null,"og_title":null,"og_description":null,"og_object_type":"default","og_image_type":"default","og_image_url":null,"og_image_width":null,"og_image_height":null,"og_image_custom_url":null,"og_image_custom_fields":null,"og_video":null,"og_custom_url":null,"og_article_section":null,"og_article_tags":null,"twitter_use_og":false,"twitter_card":"default","twitter_image_type":"default","twitter_image_url":null,"twitter_image_custom_url":null,"twitter_image_custom_fields":null,"twitter_title":null,"twitter_description":null,"schema":{"blockGraphs":[],"customGraphs":[],"default":{"data":{"Article":[],"Course":[],"Dataset":[],"FAQPage":[],"Movie":[],"Person":[],"Product":[],"ProductReview":[],"Car":[],"Recipe":[],"Service":[],"SoftwareApplication":[],"WebPage":[]},"graphName":"","isEnabled":true},"graphs":[]},"schema_type":null,"schema_type_options":null,"pillar_content":false,"robots_default":true,"robots_noindex":false,"robots_noarchive":false,"robots_nosnippet":false,"robots_nofollow":false,"robots_noimageindex":false,"robots_noodp":false,"robots_notranslate":false,"robots_max_snippet":null,"robots_max_videopreview":null,"robots_max_imagepreview":"large","priority":null,"frequency":null,"location":null,"local_seo":null,"seo_analyzer_scan_date":"2025-09-27 14:09:12","breadcrumb_settings":null,"limit_modified_date":false,"open_ai":null,"ai":null,"created":"2021-03-08 18:19:40","updated":"2025-09-27 14:09:12"},"aioseo_breadcrumb":"<div class=\"aioseo-breadcrumbs\"><span class=\"aioseo-breadcrumb\">\n\t<a href=\"https:\/\/eldigitaldeasturias.com\/magazine365\" title=\"Home\">Home<\/a>\n<\/span><span class=\"aioseo-breadcrumb-separator\">\u2013<\/span><span class=\"aioseo-breadcrumb\">\n\t<a href=\"https:\/\/eldigitaldeasturias.com\/magazine365\/category\/noticias-actualidad\/\" title=\"Noticias y Actualidad\">Noticias y Actualidad<\/a>\n<\/span><span class=\"aioseo-breadcrumb-separator\">\u2013<\/span><span class=\"aioseo-breadcrumb\">\n\t<a href=\"https:\/\/eldigitaldeasturias.com\/magazine365\/costas-movera-desde-hoy-22-000-m3-de-arena-para-completar-los-rellenos-de-los-peligros-y-la-magdalena\/\" title=\"Costas mover\u00e1 desde hoy 22.000 m3 de arena para completar los rellenos de Los Peligros y La Magdalena\">Costas mover\u00e1 desde hoy 22.000 m3 de arena para completar los rellenos de Los Peligros y La Magdalena<\/a>\n<\/span><\/div>","aioseo_breadcrumb_json":[{"label":"Home","link":"https:\/\/eldigitaldeasturias.com\/magazine365"},{"label":"Noticias y Actualidad","link":"https:\/\/eldigitaldeasturias.com\/magazine365\/category\/noticias-actualidad\/"},{"label":"Costas mover\u00e1 desde hoy 22.000 m3 de arena para completar los rellenos de Los Peligros y La Magdalena","link":"https:\/\/eldigitaldeasturias.com\/magazine365\/costas-movera-desde-hoy-22-000-m3-de-arena-para-completar-los-rellenos-de-los-peligros-y-la-magdalena\/"}],"_links":{"self":[{"href":"https:\/\/eldigitaldeasturias.com\/magazine365\/wp-json\/wp\/v2\/posts\/77110","targetHints":{"allow":["GET"]}}],"collection":[{"href":"https:\/\/eldigitaldeasturias.com\/magazine365\/wp-json\/wp\/v2\/posts"}],"about":[{"href":"https:\/\/eldigitaldeasturias.com\/magazine365\/wp-json\/wp\/v2\/types\/post"}],"author":[{"embeddable":true,"href":"https:\/\/eldigitaldeasturias.com\/magazine365\/wp-json\/wp\/v2\/users\/1"}],"replies":[{"embeddable":true,"href":"https:\/\/eldigitaldeasturias.com\/magazine365\/wp-json\/wp\/v2\/comments?post=77110"}],"version-history":[{"count":0,"href":"https:\/\/eldigitaldeasturias.com\/magazine365\/wp-json\/wp\/v2\/posts\/77110\/revisions"}],"wp:featuredmedia":[{"embeddable":true,"href":"https:\/\/eldigitaldeasturias.com\/magazine365\/wp-json\/wp\/v2\/media\/77111"}],"wp:attachment":[{"href":"https:\/\/eldigitaldeasturias.com\/magazine365\/wp-json\/wp\/v2\/media?parent=77110"}],"wp:term":[{"taxonomy":"category","embeddable":true,"href":"https:\/\/eldigitaldeasturias.com\/magazine365\/wp-json\/wp\/v2\/categories?post=77110"},{"taxonomy":"post_tag","embeddable":true,"href":"https:\/\/eldigitaldeasturias.com\/magazine365\/wp-json\/wp\/v2\/tags?post=77110"}],"curies":[{"name":"wp","href":"https:\/\/api.w.org\/{rel}","templated":true}]}}