{"id":77107,"date":"2016-05-31T09:46:15","date_gmt":"2016-05-31T07:46:15","guid":{"rendered":"http:\/\/eldigitaldeasturias.com\/magazine365\/?p=77107"},"modified":"2016-05-31T09:46:15","modified_gmt":"2016-05-31T07:46:15","slug":"la-extrema-turbidez-del-mar-menor-y-su-desaparicion-como-laguna-transparente-a-debate-este-lunes","status":"publish","type":"post","link":"https:\/\/eldigitaldeasturias.com\/magazine365\/la-extrema-turbidez-del-mar-menor-y-su-desaparicion-como-laguna-transparente-a-debate-este-lunes\/","title":{"rendered":"La extrema turbidez del Mar Menor y su desaparici\u00f3n como laguna transparente, a debate este lunes"},"content":{"rendered":"<p><img fetchpriority=\"high\" decoding=\"async\" class=\"alignleft size-medium wp-image-77108\" src=\"https:\/\/eldigitaldeasturias.com\/magazine365\/wp-content\/uploads\/2016\/05\/fotonoticia_20160530103311_800-360x270.jpg\" alt=\"fotonoticia_20160530103311_800\" width=\"360\" height=\"270\" srcset=\"https:\/\/eldigitaldeasturias.com\/magazine365\/wp-content\/uploads\/2016\/05\/fotonoticia_20160530103311_800-360x270.jpg 360w, https:\/\/eldigitaldeasturias.com\/magazine365\/wp-content\/uploads\/2016\/05\/fotonoticia_20160530103311_800-650x488.jpg 650w, https:\/\/eldigitaldeasturias.com\/magazine365\/wp-content\/uploads\/2016\/05\/fotonoticia_20160530103311_800-768x576.jpg 768w, https:\/\/eldigitaldeasturias.com\/magazine365\/wp-content\/uploads\/2016\/05\/fotonoticia_20160530103311_800-150x113.jpg 150w, https:\/\/eldigitaldeasturias.com\/magazine365\/wp-content\/uploads\/2016\/05\/fotonoticia_20160530103311_800-450x338.jpg 450w, https:\/\/eldigitaldeasturias.com\/magazine365\/wp-content\/uploads\/2016\/05\/fotonoticia_20160530103311_800-90x67.jpg 90w, https:\/\/eldigitaldeasturias.com\/magazine365\/wp-content\/uploads\/2016\/05\/fotonoticia_20160530103311_800-164x124.jpg 164w, https:\/\/eldigitaldeasturias.com\/magazine365\/wp-content\/uploads\/2016\/05\/fotonoticia_20160530103311_800-100x75.jpg 100w, https:\/\/eldigitaldeasturias.com\/magazine365\/wp-content\/uploads\/2016\/05\/fotonoticia_20160530103311_800.jpg 800w\" sizes=\"(max-width: 360px) 100vw, 360px\" \/>La extrema turbidez y la degradaci\u00f3n se han adue\u00f1ado del Mar Menor hasta el punto de que \u00e9ste podr\u00eda ser el \u00faltimo a\u00f1o de la mayor laguna salada litoral de Espa\u00f1a, que ya ha perdido la tradicional transparencia de sus aguas.<\/p>\n<p>As\u00ed lo pone de manifiesto, en declaraciones a Europa Press, la portavoz de la Plataforma Pacto por el Mar Menor, Isabel Rubio, con motivo de la celebraci\u00f3n de las II Jornadas que ha organizado este lunes, en la Universidad Polit\u00e9cnica de Cartagena (UPCT), bajo el t\u00edtulo &#8216;2016: \u00bfEl \u00faltimo a\u00f1o del Mar Menor?&#8217;.<\/p>\n<p>Seg\u00fan Rubio, el Mar Menor, catalogado como Parque Natural, humedal Ramsar, Zona Especialmente Protegida de Importancia para el Mediterr\u00e1neo (Convenio de Barcelona), Zona de Especial Protecci\u00f3n para las Aves y Lugar de Importancia para la Conservaci\u00f3n perteneciente a la Red Natura 2000, \u00abha sufrido un grave y progresivo deterioro en las \u00faltimas d\u00e9cadas y la protecci\u00f3n internacional que tiene no se est\u00e1 respetando\u00bb.<\/p>\n<p>\u00abLas distintas administraciones no ha hecho nada por evitar la entrada de vertidos durante los 365 d\u00edas del a\u00f1o procedentes, principalmente, de la rambla de El Albuj\u00f3n\u00bb, lamenta Rubio, quien se\u00f1ala que su progresivo deterioro se debe a \u00e9ste y otros factores, tales como \u00abuna excesiva presi\u00f3n urban\u00edstica, malas pr\u00e1cticas de los ayuntamientos, como, por ejemplo, las llamadas regeneraciones de playas, proliferaci\u00f3n de espigones e infraestructuras que han impedido la din\u00e1mica natural de las corrientes marinas\u00bb.<\/p>\n<p>Estos vertidos son, principalmente, de origen agr\u00edcola, en forma de abonos con gran presencia de fosfatos y \u00abesta acumulaci\u00f3n de nutrientes imposibles de asimilar por el ecosistema ha provocado que el Mar Menor se encuentre en una situaci\u00f3n extrema y pr\u00f3ximo a un punto de no retorno\u00bb.<\/p>\n<p>La portavoz de la plataforma, que aglutina a ciudadanos, asociaciones vecinales, profesionales y ecologistas, la totalidad de los sindicatos mayoritarios y una amplia representaci\u00f3n de los cient\u00edficos de la Regi\u00f3n, ha manifestado que \u00abeste proceso de deterioro se inici\u00f3 en la d\u00e9cada de los setenta con el ensanchamiento del canal del Estacio y se podr\u00eda haber evitado si la Administraci\u00f3n regional hubiera desarrollado el Plan de Gesti\u00f3n de los Espacios Naturales que alberga la laguna y hubiera ejercido un m\u00ednimo control sobre las actividades que se desarrollan en su entorno, y si la Confederaci\u00f3n Hidrogr\u00e1fica del Segura hubiese impedido el continuo vertido de aguas residuales de la desalaci\u00f3n y drenaje del Campo de Cartagena\u00bb.<\/p>\n<p>Adem\u00e1s, recuerda que \u00abla invasi\u00f3n de medusas de a\u00f1os pasados se ha debido a la acumulaci\u00f3n de los nutrientes que vierte la rambla del Albuj\u00f3n y el arrastre de desechos de todo tipo por la lluvia\u00bb.<\/p>\n<p>De hecho, ha advertido que cuando las precipitaciones son intensas se dan situaciones como las vividas por los vecinos de Mar de Cristal e Islas Menores, que a causa de la transformaci\u00f3n de tierras de secano en explotaciones intensivas sin previsi\u00f3n alguna \u00abha provocado riadas que han inundado las localidades y la llegada de grandes cantidades de esti\u00e9rcol a la playa\u00bb.<\/p>\n<p>Este gran n\u00famero de agresiones ha supuesto \u00abuna profunda transformaci\u00f3n de sus ecosistemas y ha roto su delicado equilibrio, haciendo peligrar su rica biodiversidad\u00bb, lamenta.<\/p>\n<p>Los perjuicios, avisa Rubio, \u00abno s\u00f3lo son para el medio ambiente, sino tambi\u00e9n econ\u00f3micos, por el turismo que entra a la laguna, y los negocios que se puedan cerrar si Mar Menor pierde su atractivo\u00bb.<\/p>\n<p>As\u00ed, ha dejado claro que \u00e9ste \u00abes el primer a\u00f1o en el que el Mar Menor adquiere ese color marr\u00f3n, por lo que podr\u00edamos asistir a su muerte como laguna de agua transparente\u00bb.<\/p>\n<p>Desde la Plataforma se reivindica la necesidad urgente de que \u00abcesen los vertidos continuos de la Rambla de El Albuj\u00f3n, as\u00ed como que se apruebe el Plan de gesti\u00f3n integral del Mar Menor para su protecci\u00f3n, que sirva para una correcta coordinaci\u00f3n de las administraciones con competencias sobre este espacio singular y un control eficaz de las actividades que en su entorno se desarrollan\u00bb.<\/p>\n<p>Rubio tambi\u00e9n ha demandado \u00abque los ayuntamientos comprendan que lo que llaman regeneraci\u00f3n de playas constituye una agresi\u00f3n m\u00e1s al Mar Menor, puesto que se est\u00e1n removiendo los fondos y se contribuye a que las aguas est\u00e9n turbias y fangosas\u00bb.<\/p>\n<p>Igualmente, cree necesario un \u00abcontrol sobre las embarcaciones de motor\u00bb, y ha llamado la atenci\u00f3n respecto a que \u00abtenemos mas puertos deportivos por m2 que cualquier otra zona del Mediterr\u00e1neo\u00bb.<\/p>\n","protected":false},"excerpt":{"rendered":"<p>La extrema turbidez y la degradaci\u00f3n se han adue\u00f1ado del Mar Menor hasta el punto de que \u00e9ste podr\u00eda ser el \u00faltimo a\u00f1o de la mayor laguna salada litoral de Espa\u00f1a, que ya ha perdido la tradicional transparencia de sus aguas. As\u00ed lo pone de manifiesto, en declaraciones a Europa Press, la portavoz de la<\/p>\n","protected":false},"author":1,"featured_media":77108,"comment_status":"open","ping_status":"closed","sticky":false,"template":"","format":"standard","meta":{"footnotes":""},"categories":[224],"tags":[],"class_list":{"0":"post-77107","1":"post","2":"type-post","3":"status-publish","4":"format-standard","5":"has-post-thumbnail","7":"category-noticias-actualidad"},"aioseo_notices":[],"aioseo_head":"\n\t\t<!-- All in One SEO Pro 4.9.6.1 - aioseo.com -->\n\t<meta name=\"description\" content=\"La extrema turbidez y la degradaci\u00f3n se han adue\u00f1ado del Mar Menor hasta el punto de que \u00e9ste podr\u00eda ser el \u00faltimo a\u00f1o de la mayor laguna salada litoral de Espa\u00f1a, que ya ha perdido la tradicional transparencia de sus aguas. As\u00ed lo pone de manifiesto, en declaraciones a Europa Press, la portavoz de la\" \/>\n\t<meta name=\"robots\" content=\"max-image-preview:large\" \/>\n\t<meta name=\"author\" content=\"admin\"\/>\n\t<meta name=\"google-site-verification\" content=\"UA-38556648-1\" \/>\n\t<meta name=\"keywords\" content=\"noticias y actualidad\" \/>\n\t<link rel=\"canonical\" href=\"https:\/\/eldigitaldeasturias.com\/magazine365\/la-extrema-turbidez-del-mar-menor-y-su-desaparicion-como-laguna-transparente-a-debate-este-lunes\/\" \/>\n\t<meta name=\"generator\" content=\"All in One SEO Pro (AIOSEO) 4.9.6.1\" \/>\n\t\t<meta property=\"og:locale\" content=\"es_ES\" \/>\n\t\t<meta property=\"og:site_name\" content=\"El Digital de Asturias \u2013 Revista de ocio, turismo y estilo de vida\" \/>\n\t\t<meta property=\"og:type\" content=\"article\" \/>\n\t\t<meta property=\"og:title\" content=\"La extrema turbidez del Mar Menor y su desaparici\u00f3n como laguna transparente, a debate este lunes | El Digital de Asturias\" \/>\n\t\t<meta property=\"og:description\" content=\"La extrema turbidez y la degradaci\u00f3n se han adue\u00f1ado del Mar Menor hasta el punto de que \u00e9ste podr\u00eda ser el \u00faltimo a\u00f1o de la mayor laguna salada litoral de Espa\u00f1a, que ya ha perdido la tradicional transparencia de sus aguas. As\u00ed lo pone de manifiesto, en declaraciones a Europa Press, la portavoz de la\" \/>\n\t\t<meta property=\"og:url\" content=\"https:\/\/eldigitaldeasturias.com\/magazine365\/la-extrema-turbidez-del-mar-menor-y-su-desaparicion-como-laguna-transparente-a-debate-este-lunes\/\" \/>\n\t\t<meta property=\"og:image\" content=\"https:\/\/eldigitaldeasturias.com\/magazine365\/wp-content\/uploads\/2016\/05\/fotonoticia_20160530103311_800.jpg\" \/>\n\t\t<meta property=\"og:image:secure_url\" content=\"https:\/\/eldigitaldeasturias.com\/magazine365\/wp-content\/uploads\/2016\/05\/fotonoticia_20160530103311_800.jpg\" \/>\n\t\t<meta property=\"og:image:width\" content=\"800\" \/>\n\t\t<meta property=\"og:image:height\" content=\"600\" \/>\n\t\t<meta property=\"article:published_time\" content=\"2016-05-31T07:46:15+00:00\" \/>\n\t\t<meta property=\"article:modified_time\" content=\"2016-05-31T07:46:15+00:00\" \/>\n\t\t<meta name=\"twitter:card\" content=\"summary_large_image\" \/>\n\t\t<meta name=\"twitter:title\" content=\"La extrema turbidez del Mar Menor y su desaparici\u00f3n como laguna transparente, a debate este lunes | El Digital de Asturias\" \/>\n\t\t<meta name=\"twitter:description\" content=\"La extrema turbidez y la degradaci\u00f3n se han adue\u00f1ado del Mar Menor hasta el punto de que \u00e9ste podr\u00eda ser el \u00faltimo a\u00f1o de la mayor laguna salada litoral de Espa\u00f1a, que ya ha perdido la tradicional transparencia de sus aguas. As\u00ed lo pone de manifiesto, en declaraciones a Europa Press, la portavoz de la\" \/>\n\t\t<meta name=\"twitter:image\" content=\"https:\/\/eldigitaldeasturias.com\/magazine365\/wp-content\/uploads\/2016\/05\/fotonoticia_20160530103311_800.jpg\" \/>\n\t\t<script type=\"application\/ld+json\" class=\"aioseo-schema\">\n\t\t\t{\"@context\":\"https:\\\/\\\/schema.org\",\"@graph\":[{\"@type\":\"Article\",\"@id\":\"https:\\\/\\\/eldigitaldeasturias.com\\\/magazine365\\\/la-extrema-turbidez-del-mar-menor-y-su-desaparicion-como-laguna-transparente-a-debate-este-lunes\\\/#article\",\"name\":\"La extrema turbidez del Mar Menor y su desaparici\\u00f3n como laguna transparente, a debate este lunes | El Digital de Asturias\",\"headline\":\"La extrema turbidez del Mar Menor y su desaparici\\u00f3n como laguna transparente, a debate este lunes\",\"author\":{\"@id\":\"https:\\\/\\\/eldigitaldeasturias.com\\\/magazine365\\\/author\\\/admin\\\/#author\"},\"publisher\":{\"@id\":\"https:\\\/\\\/eldigitaldeasturias.com\\\/magazine365\\\/#organization\"},\"image\":{\"@type\":\"ImageObject\",\"url\":\"https:\\\/\\\/eldigitaldeasturias.com\\\/magazine365\\\/wp-content\\\/uploads\\\/2016\\\/05\\\/fotonoticia_20160530103311_800.jpg\",\"width\":800,\"height\":600},\"datePublished\":\"2016-05-31T09:46:15+02:00\",\"dateModified\":\"2016-05-31T09:46:15+02:00\",\"inLanguage\":\"es-ES\",\"mainEntityOfPage\":{\"@id\":\"https:\\\/\\\/eldigitaldeasturias.com\\\/magazine365\\\/la-extrema-turbidez-del-mar-menor-y-su-desaparicion-como-laguna-transparente-a-debate-este-lunes\\\/#webpage\"},\"isPartOf\":{\"@id\":\"https:\\\/\\\/eldigitaldeasturias.com\\\/magazine365\\\/la-extrema-turbidez-del-mar-menor-y-su-desaparicion-como-laguna-transparente-a-debate-este-lunes\\\/#webpage\"},\"articleSection\":\"Noticias y Actualidad\"},{\"@type\":\"BreadcrumbList\",\"@id\":\"https:\\\/\\\/eldigitaldeasturias.com\\\/magazine365\\\/la-extrema-turbidez-del-mar-menor-y-su-desaparicion-como-laguna-transparente-a-debate-este-lunes\\\/#breadcrumblist\",\"itemListElement\":[{\"@type\":\"ListItem\",\"@id\":\"https:\\\/\\\/eldigitaldeasturias.com\\\/magazine365#listItem\",\"position\":1,\"name\":\"Home\",\"item\":\"https:\\\/\\\/eldigitaldeasturias.com\\\/magazine365\",\"nextItem\":{\"@type\":\"ListItem\",\"@id\":\"https:\\\/\\\/eldigitaldeasturias.com\\\/magazine365\\\/category\\\/noticias-actualidad\\\/#listItem\",\"name\":\"Noticias y Actualidad\"}},{\"@type\":\"ListItem\",\"@id\":\"https:\\\/\\\/eldigitaldeasturias.com\\\/magazine365\\\/category\\\/noticias-actualidad\\\/#listItem\",\"position\":2,\"name\":\"Noticias y Actualidad\",\"item\":\"https:\\\/\\\/eldigitaldeasturias.com\\\/magazine365\\\/category\\\/noticias-actualidad\\\/\",\"nextItem\":{\"@type\":\"ListItem\",\"@id\":\"https:\\\/\\\/eldigitaldeasturias.com\\\/magazine365\\\/la-extrema-turbidez-del-mar-menor-y-su-desaparicion-como-laguna-transparente-a-debate-este-lunes\\\/#listItem\",\"name\":\"La extrema turbidez del Mar Menor y su desaparici\\u00f3n como laguna transparente, a debate este lunes\"},\"previousItem\":{\"@type\":\"ListItem\",\"@id\":\"https:\\\/\\\/eldigitaldeasturias.com\\\/magazine365#listItem\",\"name\":\"Home\"}},{\"@type\":\"ListItem\",\"@id\":\"https:\\\/\\\/eldigitaldeasturias.com\\\/magazine365\\\/la-extrema-turbidez-del-mar-menor-y-su-desaparicion-como-laguna-transparente-a-debate-este-lunes\\\/#listItem\",\"position\":3,\"name\":\"La extrema turbidez del Mar Menor y su desaparici\\u00f3n como laguna transparente, a debate este lunes\",\"previousItem\":{\"@type\":\"ListItem\",\"@id\":\"https:\\\/\\\/eldigitaldeasturias.com\\\/magazine365\\\/category\\\/noticias-actualidad\\\/#listItem\",\"name\":\"Noticias y Actualidad\"}}]},{\"@type\":\"Organization\",\"@id\":\"https:\\\/\\\/eldigitaldeasturias.com\\\/magazine365\\\/#organization\",\"name\":\"El digital de Asturias\",\"description\":\"Revista de ocio, turismo y estilo de vida\",\"url\":\"https:\\\/\\\/eldigitaldeasturias.com\\\/magazine365\\\/\",\"logo\":{\"@type\":\"ImageObject\",\"url\":\"https:\\\/\\\/www.eldigitaldeasturias.com\\\/noticias\\\/wp-content\\\/uploads\\\/2020\\\/12\\\/EDA.jpg\",\"@id\":\"https:\\\/\\\/eldigitaldeasturias.com\\\/magazine365\\\/la-extrema-turbidez-del-mar-menor-y-su-desaparicion-como-laguna-transparente-a-debate-este-lunes\\\/#organizationLogo\"},\"image\":{\"@id\":\"https:\\\/\\\/eldigitaldeasturias.com\\\/magazine365\\\/la-extrema-turbidez-del-mar-menor-y-su-desaparicion-como-laguna-transparente-a-debate-este-lunes\\\/#organizationLogo\"}},{\"@type\":\"Person\",\"@id\":\"https:\\\/\\\/eldigitaldeasturias.com\\\/magazine365\\\/author\\\/admin\\\/#author\",\"url\":\"https:\\\/\\\/eldigitaldeasturias.com\\\/magazine365\\\/author\\\/admin\\\/\",\"name\":\"admin\",\"image\":{\"@type\":\"ImageObject\",\"@id\":\"https:\\\/\\\/eldigitaldeasturias.com\\\/magazine365\\\/la-extrema-turbidez-del-mar-menor-y-su-desaparicion-como-laguna-transparente-a-debate-este-lunes\\\/#authorImage\",\"url\":\"https:\\\/\\\/eldigitaldeasturias.com\\\/magazine365\\\/wp-content\\\/litespeed\\\/avatar\\\/e571bcf59a0edd6fa6838245a470f2fe.jpg?ver=1776969259\",\"width\":96,\"height\":96,\"caption\":\"admin\"}},{\"@type\":\"WebPage\",\"@id\":\"https:\\\/\\\/eldigitaldeasturias.com\\\/magazine365\\\/la-extrema-turbidez-del-mar-menor-y-su-desaparicion-como-laguna-transparente-a-debate-este-lunes\\\/#webpage\",\"url\":\"https:\\\/\\\/eldigitaldeasturias.com\\\/magazine365\\\/la-extrema-turbidez-del-mar-menor-y-su-desaparicion-como-laguna-transparente-a-debate-este-lunes\\\/\",\"name\":\"La extrema turbidez del Mar Menor y su desaparici\\u00f3n como laguna transparente, a debate este lunes | El Digital de Asturias\",\"description\":\"La extrema turbidez y la degradaci\\u00f3n se han adue\\u00f1ado del Mar Menor hasta el punto de que \\u00e9ste podr\\u00eda ser el \\u00faltimo a\\u00f1o de la mayor laguna salada litoral de Espa\\u00f1a, que ya ha perdido la tradicional transparencia de sus aguas. As\\u00ed lo pone de manifiesto, en declaraciones a Europa Press, la portavoz de la\",\"inLanguage\":\"es-ES\",\"isPartOf\":{\"@id\":\"https:\\\/\\\/eldigitaldeasturias.com\\\/magazine365\\\/#website\"},\"breadcrumb\":{\"@id\":\"https:\\\/\\\/eldigitaldeasturias.com\\\/magazine365\\\/la-extrema-turbidez-del-mar-menor-y-su-desaparicion-como-laguna-transparente-a-debate-este-lunes\\\/#breadcrumblist\"},\"author\":{\"@id\":\"https:\\\/\\\/eldigitaldeasturias.com\\\/magazine365\\\/author\\\/admin\\\/#author\"},\"creator\":{\"@id\":\"https:\\\/\\\/eldigitaldeasturias.com\\\/magazine365\\\/author\\\/admin\\\/#author\"},\"image\":{\"@type\":\"ImageObject\",\"url\":\"https:\\\/\\\/eldigitaldeasturias.com\\\/magazine365\\\/wp-content\\\/uploads\\\/2016\\\/05\\\/fotonoticia_20160530103311_800.jpg\",\"@id\":\"https:\\\/\\\/eldigitaldeasturias.com\\\/magazine365\\\/la-extrema-turbidez-del-mar-menor-y-su-desaparicion-como-laguna-transparente-a-debate-este-lunes\\\/#mainImage\",\"width\":800,\"height\":600},\"primaryImageOfPage\":{\"@id\":\"https:\\\/\\\/eldigitaldeasturias.com\\\/magazine365\\\/la-extrema-turbidez-del-mar-menor-y-su-desaparicion-como-laguna-transparente-a-debate-este-lunes\\\/#mainImage\"},\"datePublished\":\"2016-05-31T09:46:15+02:00\",\"dateModified\":\"2016-05-31T09:46:15+02:00\"},{\"@type\":\"WebSite\",\"@id\":\"https:\\\/\\\/eldigitaldeasturias.com\\\/magazine365\\\/#website\",\"url\":\"https:\\\/\\\/eldigitaldeasturias.com\\\/magazine365\\\/\",\"name\":\"El Digital de Asturias\",\"description\":\"Revista de ocio, turismo y estilo de vida\",\"inLanguage\":\"es-ES\",\"publisher\":{\"@id\":\"https:\\\/\\\/eldigitaldeasturias.com\\\/magazine365\\\/#organization\"}}]}\n\t\t<\/script>\n\t\t<!-- All in One SEO Pro -->\r\n\t\t<title>La extrema turbidez del Mar Menor y su desaparici\u00f3n como laguna transparente, a debate este lunes | El Digital de Asturias<\/title>\n\n","aioseo_head_json":{"title":"La extrema turbidez del Mar Menor y su desaparici\u00f3n como laguna transparente, a debate este lunes | El Digital de Asturias","description":"La extrema turbidez y la degradaci\u00f3n se han adue\u00f1ado del Mar Menor hasta el punto de que \u00e9ste podr\u00eda ser el \u00faltimo a\u00f1o de la mayor laguna salada litoral de Espa\u00f1a, que ya ha perdido la tradicional transparencia de sus aguas. As\u00ed lo pone de manifiesto, en declaraciones a Europa Press, la portavoz de la","canonical_url":"https:\/\/eldigitaldeasturias.com\/magazine365\/la-extrema-turbidez-del-mar-menor-y-su-desaparicion-como-laguna-transparente-a-debate-este-lunes\/","robots":"max-image-preview:large","keywords":"noticias y actualidad","webmasterTools":{"google-site-verification":"UA-38556648-1","miscellaneous":""},"schema":{"@context":"https:\/\/schema.org","@graph":[{"@type":"Article","@id":"https:\/\/eldigitaldeasturias.com\/magazine365\/la-extrema-turbidez-del-mar-menor-y-su-desaparicion-como-laguna-transparente-a-debate-este-lunes\/#article","name":"La extrema turbidez del Mar Menor y su desaparici\u00f3n como laguna transparente, a debate este lunes | El Digital de Asturias","headline":"La extrema turbidez del Mar Menor y su desaparici\u00f3n como laguna transparente, a debate este lunes","author":{"@id":"https:\/\/eldigitaldeasturias.com\/magazine365\/author\/admin\/#author"},"publisher":{"@id":"https:\/\/eldigitaldeasturias.com\/magazine365\/#organization"},"image":{"@type":"ImageObject","url":"https:\/\/eldigitaldeasturias.com\/magazine365\/wp-content\/uploads\/2016\/05\/fotonoticia_20160530103311_800.jpg","width":800,"height":600},"datePublished":"2016-05-31T09:46:15+02:00","dateModified":"2016-05-31T09:46:15+02:00","inLanguage":"es-ES","mainEntityOfPage":{"@id":"https:\/\/eldigitaldeasturias.com\/magazine365\/la-extrema-turbidez-del-mar-menor-y-su-desaparicion-como-laguna-transparente-a-debate-este-lunes\/#webpage"},"isPartOf":{"@id":"https:\/\/eldigitaldeasturias.com\/magazine365\/la-extrema-turbidez-del-mar-menor-y-su-desaparicion-como-laguna-transparente-a-debate-este-lunes\/#webpage"},"articleSection":"Noticias y Actualidad"},{"@type":"BreadcrumbList","@id":"https:\/\/eldigitaldeasturias.com\/magazine365\/la-extrema-turbidez-del-mar-menor-y-su-desaparicion-como-laguna-transparente-a-debate-este-lunes\/#breadcrumblist","itemListElement":[{"@type":"ListItem","@id":"https:\/\/eldigitaldeasturias.com\/magazine365#listItem","position":1,"name":"Home","item":"https:\/\/eldigitaldeasturias.com\/magazine365","nextItem":{"@type":"ListItem","@id":"https:\/\/eldigitaldeasturias.com\/magazine365\/category\/noticias-actualidad\/#listItem","name":"Noticias y Actualidad"}},{"@type":"ListItem","@id":"https:\/\/eldigitaldeasturias.com\/magazine365\/category\/noticias-actualidad\/#listItem","position":2,"name":"Noticias y Actualidad","item":"https:\/\/eldigitaldeasturias.com\/magazine365\/category\/noticias-actualidad\/","nextItem":{"@type":"ListItem","@id":"https:\/\/eldigitaldeasturias.com\/magazine365\/la-extrema-turbidez-del-mar-menor-y-su-desaparicion-como-laguna-transparente-a-debate-este-lunes\/#listItem","name":"La extrema turbidez del Mar Menor y su desaparici\u00f3n como laguna transparente, a debate este lunes"},"previousItem":{"@type":"ListItem","@id":"https:\/\/eldigitaldeasturias.com\/magazine365#listItem","name":"Home"}},{"@type":"ListItem","@id":"https:\/\/eldigitaldeasturias.com\/magazine365\/la-extrema-turbidez-del-mar-menor-y-su-desaparicion-como-laguna-transparente-a-debate-este-lunes\/#listItem","position":3,"name":"La extrema turbidez del Mar Menor y su desaparici\u00f3n como laguna transparente, a debate este lunes","previousItem":{"@type":"ListItem","@id":"https:\/\/eldigitaldeasturias.com\/magazine365\/category\/noticias-actualidad\/#listItem","name":"Noticias y Actualidad"}}]},{"@type":"Organization","@id":"https:\/\/eldigitaldeasturias.com\/magazine365\/#organization","name":"El digital de Asturias","description":"Revista de ocio, turismo y estilo de vida","url":"https:\/\/eldigitaldeasturias.com\/magazine365\/","logo":{"@type":"ImageObject","url":"https:\/\/www.eldigitaldeasturias.com\/noticias\/wp-content\/uploads\/2020\/12\/EDA.jpg","@id":"https:\/\/eldigitaldeasturias.com\/magazine365\/la-extrema-turbidez-del-mar-menor-y-su-desaparicion-como-laguna-transparente-a-debate-este-lunes\/#organizationLogo"},"image":{"@id":"https:\/\/eldigitaldeasturias.com\/magazine365\/la-extrema-turbidez-del-mar-menor-y-su-desaparicion-como-laguna-transparente-a-debate-este-lunes\/#organizationLogo"}},{"@type":"Person","@id":"https:\/\/eldigitaldeasturias.com\/magazine365\/author\/admin\/#author","url":"https:\/\/eldigitaldeasturias.com\/magazine365\/author\/admin\/","name":"admin","image":{"@type":"ImageObject","@id":"https:\/\/eldigitaldeasturias.com\/magazine365\/la-extrema-turbidez-del-mar-menor-y-su-desaparicion-como-laguna-transparente-a-debate-este-lunes\/#authorImage","url":"https:\/\/eldigitaldeasturias.com\/magazine365\/wp-content\/litespeed\/avatar\/e571bcf59a0edd6fa6838245a470f2fe.jpg?ver=1776969259","width":96,"height":96,"caption":"admin"}},{"@type":"WebPage","@id":"https:\/\/eldigitaldeasturias.com\/magazine365\/la-extrema-turbidez-del-mar-menor-y-su-desaparicion-como-laguna-transparente-a-debate-este-lunes\/#webpage","url":"https:\/\/eldigitaldeasturias.com\/magazine365\/la-extrema-turbidez-del-mar-menor-y-su-desaparicion-como-laguna-transparente-a-debate-este-lunes\/","name":"La extrema turbidez del Mar Menor y su desaparici\u00f3n como laguna transparente, a debate este lunes | El Digital de Asturias","description":"La extrema turbidez y la degradaci\u00f3n se han adue\u00f1ado del Mar Menor hasta el punto de que \u00e9ste podr\u00eda ser el \u00faltimo a\u00f1o de la mayor laguna salada litoral de Espa\u00f1a, que ya ha perdido la tradicional transparencia de sus aguas. As\u00ed lo pone de manifiesto, en declaraciones a Europa Press, la portavoz de la","inLanguage":"es-ES","isPartOf":{"@id":"https:\/\/eldigitaldeasturias.com\/magazine365\/#website"},"breadcrumb":{"@id":"https:\/\/eldigitaldeasturias.com\/magazine365\/la-extrema-turbidez-del-mar-menor-y-su-desaparicion-como-laguna-transparente-a-debate-este-lunes\/#breadcrumblist"},"author":{"@id":"https:\/\/eldigitaldeasturias.com\/magazine365\/author\/admin\/#author"},"creator":{"@id":"https:\/\/eldigitaldeasturias.com\/magazine365\/author\/admin\/#author"},"image":{"@type":"ImageObject","url":"https:\/\/eldigitaldeasturias.com\/magazine365\/wp-content\/uploads\/2016\/05\/fotonoticia_20160530103311_800.jpg","@id":"https:\/\/eldigitaldeasturias.com\/magazine365\/la-extrema-turbidez-del-mar-menor-y-su-desaparicion-como-laguna-transparente-a-debate-este-lunes\/#mainImage","width":800,"height":600},"primaryImageOfPage":{"@id":"https:\/\/eldigitaldeasturias.com\/magazine365\/la-extrema-turbidez-del-mar-menor-y-su-desaparicion-como-laguna-transparente-a-debate-este-lunes\/#mainImage"},"datePublished":"2016-05-31T09:46:15+02:00","dateModified":"2016-05-31T09:46:15+02:00"},{"@type":"WebSite","@id":"https:\/\/eldigitaldeasturias.com\/magazine365\/#website","url":"https:\/\/eldigitaldeasturias.com\/magazine365\/","name":"El Digital de Asturias","description":"Revista de ocio, turismo y estilo de vida","inLanguage":"es-ES","publisher":{"@id":"https:\/\/eldigitaldeasturias.com\/magazine365\/#organization"}}]},"og:locale":"es_ES","og:site_name":"El Digital de Asturias \u2013 Revista de ocio, turismo y estilo de vida","og:type":"article","og:title":"La extrema turbidez del Mar Menor y su desaparici\u00f3n como laguna transparente, a debate este lunes | El Digital de Asturias","og:description":"La extrema turbidez y la degradaci\u00f3n se han adue\u00f1ado del Mar Menor hasta el punto de que \u00e9ste podr\u00eda ser el \u00faltimo a\u00f1o de la mayor laguna salada litoral de Espa\u00f1a, que ya ha perdido la tradicional transparencia de sus aguas. As\u00ed lo pone de manifiesto, en declaraciones a Europa Press, la portavoz de la","og:url":"https:\/\/eldigitaldeasturias.com\/magazine365\/la-extrema-turbidez-del-mar-menor-y-su-desaparicion-como-laguna-transparente-a-debate-este-lunes\/","og:image":"https:\/\/eldigitaldeasturias.com\/magazine365\/wp-content\/uploads\/2016\/05\/fotonoticia_20160530103311_800.jpg","og:image:secure_url":"https:\/\/eldigitaldeasturias.com\/magazine365\/wp-content\/uploads\/2016\/05\/fotonoticia_20160530103311_800.jpg","og:image:width":800,"og:image:height":600,"article:published_time":"2016-05-31T07:46:15+00:00","article:modified_time":"2016-05-31T07:46:15+00:00","twitter:card":"summary_large_image","twitter:title":"La extrema turbidez del Mar Menor y su desaparici\u00f3n como laguna transparente, a debate este lunes | El Digital de Asturias","twitter:description":"La extrema turbidez y la degradaci\u00f3n se han adue\u00f1ado del Mar Menor hasta el punto de que \u00e9ste podr\u00eda ser el \u00faltimo a\u00f1o de la mayor laguna salada litoral de Espa\u00f1a, que ya ha perdido la tradicional transparencia de sus aguas. As\u00ed lo pone de manifiesto, en declaraciones a Europa Press, la portavoz de la","twitter:image":"https:\/\/eldigitaldeasturias.com\/magazine365\/wp-content\/uploads\/2016\/05\/fotonoticia_20160530103311_800.jpg"},"aioseo_meta_data":{"post_id":"77107","title":null,"description":null,"keywords":null,"keyphrases":null,"primary_term":null,"canonical_url":null,"og_title":null,"og_description":null,"og_object_type":"default","og_image_type":"default","og_image_url":null,"og_image_width":null,"og_image_height":null,"og_image_custom_url":null,"og_image_custom_fields":null,"og_video":null,"og_custom_url":null,"og_article_section":null,"og_article_tags":null,"twitter_use_og":false,"twitter_card":"default","twitter_image_type":"default","twitter_image_url":null,"twitter_image_custom_url":null,"twitter_image_custom_fields":null,"twitter_title":null,"twitter_description":null,"schema":{"blockGraphs":[],"customGraphs":[],"default":{"data":{"Article":[],"Course":[],"Dataset":[],"FAQPage":[],"Movie":[],"Person":[],"Product":[],"ProductReview":[],"Car":[],"Recipe":[],"Service":[],"SoftwareApplication":[],"WebPage":[]},"graphName":"","isEnabled":true},"graphs":[]},"schema_type":null,"schema_type_options":null,"pillar_content":false,"robots_default":true,"robots_noindex":false,"robots_noarchive":false,"robots_nosnippet":false,"robots_nofollow":false,"robots_noimageindex":false,"robots_noodp":false,"robots_notranslate":false,"robots_max_snippet":null,"robots_max_videopreview":null,"robots_max_imagepreview":"large","priority":null,"frequency":null,"location":null,"local_seo":null,"seo_analyzer_scan_date":"2025-09-27 14:09:10","breadcrumb_settings":null,"limit_modified_date":false,"open_ai":null,"ai":null,"created":"2021-03-08 18:19:40","updated":"2025-09-27 14:09:10"},"aioseo_breadcrumb":"<div class=\"aioseo-breadcrumbs\"><span class=\"aioseo-breadcrumb\">\n\t<a href=\"https:\/\/eldigitaldeasturias.com\/magazine365\" title=\"Home\">Home<\/a>\n<\/span><span class=\"aioseo-breadcrumb-separator\">\u2013<\/span><span class=\"aioseo-breadcrumb\">\n\t<a href=\"https:\/\/eldigitaldeasturias.com\/magazine365\/category\/noticias-actualidad\/\" title=\"Noticias y Actualidad\">Noticias y Actualidad<\/a>\n<\/span><span class=\"aioseo-breadcrumb-separator\">\u2013<\/span><span class=\"aioseo-breadcrumb\">\n\t<a href=\"https:\/\/eldigitaldeasturias.com\/magazine365\/la-extrema-turbidez-del-mar-menor-y-su-desaparicion-como-laguna-transparente-a-debate-este-lunes\/\" title=\"La extrema turbidez del Mar Menor y su desaparici\u00f3n como laguna transparente, a debate este lunes\">La extrema turbidez del Mar Menor y su desaparici\u00f3n como laguna transparente, a debate este lunes<\/a>\n<\/span><\/div>","aioseo_breadcrumb_json":[{"label":"Home","link":"https:\/\/eldigitaldeasturias.com\/magazine365"},{"label":"Noticias y Actualidad","link":"https:\/\/eldigitaldeasturias.com\/magazine365\/category\/noticias-actualidad\/"},{"label":"La extrema turbidez del Mar Menor y su desaparici\u00f3n como laguna transparente, a debate este lunes","link":"https:\/\/eldigitaldeasturias.com\/magazine365\/la-extrema-turbidez-del-mar-menor-y-su-desaparicion-como-laguna-transparente-a-debate-este-lunes\/"}],"_links":{"self":[{"href":"https:\/\/eldigitaldeasturias.com\/magazine365\/wp-json\/wp\/v2\/posts\/77107","targetHints":{"allow":["GET"]}}],"collection":[{"href":"https:\/\/eldigitaldeasturias.com\/magazine365\/wp-json\/wp\/v2\/posts"}],"about":[{"href":"https:\/\/eldigitaldeasturias.com\/magazine365\/wp-json\/wp\/v2\/types\/post"}],"author":[{"embeddable":true,"href":"https:\/\/eldigitaldeasturias.com\/magazine365\/wp-json\/wp\/v2\/users\/1"}],"replies":[{"embeddable":true,"href":"https:\/\/eldigitaldeasturias.com\/magazine365\/wp-json\/wp\/v2\/comments?post=77107"}],"version-history":[{"count":0,"href":"https:\/\/eldigitaldeasturias.com\/magazine365\/wp-json\/wp\/v2\/posts\/77107\/revisions"}],"wp:featuredmedia":[{"embeddable":true,"href":"https:\/\/eldigitaldeasturias.com\/magazine365\/wp-json\/wp\/v2\/media\/77108"}],"wp:attachment":[{"href":"https:\/\/eldigitaldeasturias.com\/magazine365\/wp-json\/wp\/v2\/media?parent=77107"}],"wp:term":[{"taxonomy":"category","embeddable":true,"href":"https:\/\/eldigitaldeasturias.com\/magazine365\/wp-json\/wp\/v2\/categories?post=77107"},{"taxonomy":"post_tag","embeddable":true,"href":"https:\/\/eldigitaldeasturias.com\/magazine365\/wp-json\/wp\/v2\/tags?post=77107"}],"curies":[{"name":"wp","href":"https:\/\/api.w.org\/{rel}","templated":true}]}}