{"id":77089,"date":"2016-05-31T09:40:54","date_gmt":"2016-05-31T07:40:54","guid":{"rendered":"http:\/\/eldigitaldeasturias.com\/magazine365\/?p=77089"},"modified":"2016-05-31T09:40:54","modified_gmt":"2016-05-31T07:40:54","slug":"la-feria-de-cordoba-2016-la-que-mas-afluencia-de-publico-recibe-desde-1994-segun-el-ayuntamiento","status":"publish","type":"post","link":"https:\/\/eldigitaldeasturias.com\/magazine365\/la-feria-de-cordoba-2016-la-que-mas-afluencia-de-publico-recibe-desde-1994-segun-el-ayuntamiento\/","title":{"rendered":"La Feria de C\u00f3rdoba 2016, la que m\u00e1s afluencia de p\u00fablico recibe desde 1994, seg\u00fan el Ayuntamiento"},"content":{"rendered":"<p><img fetchpriority=\"high\" decoding=\"async\" class=\"alignleft size-medium wp-image-77090\" src=\"https:\/\/eldigitaldeasturias.com\/magazine365\/wp-content\/uploads\/2016\/05\/fotonoticia_20160530102106_800-360x270.jpg\" alt=\"fotonoticia_20160530102106_800\" width=\"360\" height=\"270\" srcset=\"https:\/\/eldigitaldeasturias.com\/magazine365\/wp-content\/uploads\/2016\/05\/fotonoticia_20160530102106_800-360x270.jpg 360w, https:\/\/eldigitaldeasturias.com\/magazine365\/wp-content\/uploads\/2016\/05\/fotonoticia_20160530102106_800-650x488.jpg 650w, https:\/\/eldigitaldeasturias.com\/magazine365\/wp-content\/uploads\/2016\/05\/fotonoticia_20160530102106_800-768x576.jpg 768w, https:\/\/eldigitaldeasturias.com\/magazine365\/wp-content\/uploads\/2016\/05\/fotonoticia_20160530102106_800-150x113.jpg 150w, https:\/\/eldigitaldeasturias.com\/magazine365\/wp-content\/uploads\/2016\/05\/fotonoticia_20160530102106_800-450x338.jpg 450w, https:\/\/eldigitaldeasturias.com\/magazine365\/wp-content\/uploads\/2016\/05\/fotonoticia_20160530102106_800-90x67.jpg 90w, https:\/\/eldigitaldeasturias.com\/magazine365\/wp-content\/uploads\/2016\/05\/fotonoticia_20160530102106_800-164x124.jpg 164w, https:\/\/eldigitaldeasturias.com\/magazine365\/wp-content\/uploads\/2016\/05\/fotonoticia_20160530102106_800-100x75.jpg 100w, https:\/\/eldigitaldeasturias.com\/magazine365\/wp-content\/uploads\/2016\/05\/fotonoticia_20160530102106_800.jpg 800w\" sizes=\"(max-width: 360px) 100vw, 360px\" \/>La Feria de Nuestra Se\u00f1ora de la Salud 2016 de C\u00f3rdoba, que ha finalizado este s\u00e1bado, ha contado con m\u00e1s afluencia de p\u00fablico que todas las celebradas desde 1994 en el recinto ferial del Arenal.<\/p>\n<p>As\u00ed lo ha apuntado este domingo el edil de Seguridad y coordinador de la Feria de C\u00f3rdoba, Emilio Aumente, quien, por ello, en declaraciones distribuidas por el Ayuntamiento, ha realizado un primer balance satisfactorio de la Feria.<\/p>\n<p>En esa l\u00ednea, ha trasladado la \u00absensaci\u00f3n general\u00bb que existe en el equipo de gobierno acerca de que se ha vivido una Feria \u00abmagn\u00edfica\u00bb que ha contado con el recinto ferial \u00aba tope\u00bb durante los nueve d\u00edas en que se ha prolongado. As\u00ed, ha apostillado que aunque este pasado s\u00e1bado una tormenta vino a empa\u00f1ar moment\u00e1neamente la fiesta, \u00abpor la tarde adquiri\u00f3 todo su potencial\u00bb de nuevo.<\/p>\n<p>Aumente ha valorado la labor de los \u00abm\u00e1s de 300 trabajadores municipales\u00bb que han estado \u00aba disposici\u00f3n de la ciudadan\u00eda cordobesa y de los visitantes\u00bb, y ha incidido en que \u00abtodo ha funcionado a la perfecci\u00f3n, sin ning\u00fan incidente a rese\u00f1ar\u00bb y siendo \u00abla normalidad la t\u00f3nica general\u00bb.<\/p>\n<p>Ha subrayado que, respecto a la afluencia registrada, \u00abha superado a cualquiera de las celebradas desde 1994, a\u00f1o en que se instal\u00f3 en el recinto del Arenal\u00bb, ha expresado su esperanza que el pr\u00f3ximo a\u00f1o \u00abde nuevo vuelva a superar estas cifras\u00bb, y ha concluido agradeciendo la labor de los servicios municipales de las distintas \u00e1reas por \u00abel buen servicio\u00bb que han ofrecido y \u00absu disponibilidad para el disfrute de la Feria\u00bb.<\/p>\n","protected":false},"excerpt":{"rendered":"<p>La Feria de Nuestra Se\u00f1ora de la Salud 2016 de C\u00f3rdoba, que ha finalizado este s\u00e1bado, ha contado con m\u00e1s afluencia de p\u00fablico que todas las celebradas desde 1994 en el recinto ferial del Arenal. As\u00ed lo ha apuntado este domingo el edil de Seguridad y coordinador de la Feria de C\u00f3rdoba, Emilio Aumente, quien,<\/p>\n","protected":false},"author":1,"featured_media":77090,"comment_status":"open","ping_status":"closed","sticky":false,"template":"","format":"standard","meta":{"footnotes":""},"categories":[224],"tags":[],"class_list":{"0":"post-77089","1":"post","2":"type-post","3":"status-publish","4":"format-standard","5":"has-post-thumbnail","7":"category-noticias-actualidad"},"aioseo_notices":[],"aioseo_head":"\n\t\t<!-- All in One SEO Pro 4.9.6.1 - aioseo.com -->\n\t<meta name=\"description\" content=\"La Feria de Nuestra Se\u00f1ora de la Salud 2016 de C\u00f3rdoba, que ha finalizado este s\u00e1bado, ha contado con m\u00e1s afluencia de p\u00fablico que todas las celebradas desde 1994 en el recinto ferial del Arenal. As\u00ed lo ha apuntado este domingo el edil de Seguridad y coordinador de la Feria de C\u00f3rdoba, Emilio Aumente, quien,\" \/>\n\t<meta name=\"robots\" content=\"max-image-preview:large\" \/>\n\t<meta name=\"author\" content=\"admin\"\/>\n\t<meta name=\"google-site-verification\" content=\"UA-38556648-1\" \/>\n\t<meta name=\"keywords\" content=\"noticias y actualidad\" \/>\n\t<link rel=\"canonical\" href=\"https:\/\/eldigitaldeasturias.com\/magazine365\/la-feria-de-cordoba-2016-la-que-mas-afluencia-de-publico-recibe-desde-1994-segun-el-ayuntamiento\/\" \/>\n\t<meta name=\"generator\" content=\"All in One SEO Pro (AIOSEO) 4.9.6.1\" \/>\n\t\t<meta property=\"og:locale\" content=\"es_ES\" \/>\n\t\t<meta property=\"og:site_name\" content=\"El Digital de Asturias \u2013 Revista de ocio, turismo y estilo de vida\" \/>\n\t\t<meta property=\"og:type\" content=\"article\" \/>\n\t\t<meta property=\"og:title\" content=\"La Feria de C\u00f3rdoba 2016, la que m\u00e1s afluencia de p\u00fablico recibe desde 1994, seg\u00fan el Ayuntamiento | El Digital de Asturias\" \/>\n\t\t<meta property=\"og:description\" content=\"La Feria de Nuestra Se\u00f1ora de la Salud 2016 de C\u00f3rdoba, que ha finalizado este s\u00e1bado, ha contado con m\u00e1s afluencia de p\u00fablico que todas las celebradas desde 1994 en el recinto ferial del Arenal. As\u00ed lo ha apuntado este domingo el edil de Seguridad y coordinador de la Feria de C\u00f3rdoba, Emilio Aumente, quien,\" \/>\n\t\t<meta property=\"og:url\" content=\"https:\/\/eldigitaldeasturias.com\/magazine365\/la-feria-de-cordoba-2016-la-que-mas-afluencia-de-publico-recibe-desde-1994-segun-el-ayuntamiento\/\" \/>\n\t\t<meta property=\"og:image\" content=\"https:\/\/eldigitaldeasturias.com\/magazine365\/wp-content\/uploads\/2016\/05\/fotonoticia_20160530102106_800.jpg\" \/>\n\t\t<meta property=\"og:image:secure_url\" content=\"https:\/\/eldigitaldeasturias.com\/magazine365\/wp-content\/uploads\/2016\/05\/fotonoticia_20160530102106_800.jpg\" \/>\n\t\t<meta property=\"og:image:width\" content=\"800\" \/>\n\t\t<meta property=\"og:image:height\" content=\"600\" \/>\n\t\t<meta property=\"article:published_time\" content=\"2016-05-31T07:40:54+00:00\" \/>\n\t\t<meta property=\"article:modified_time\" content=\"2016-05-31T07:40:54+00:00\" \/>\n\t\t<meta name=\"twitter:card\" content=\"summary_large_image\" \/>\n\t\t<meta name=\"twitter:title\" content=\"La Feria de C\u00f3rdoba 2016, la que m\u00e1s afluencia de p\u00fablico recibe desde 1994, seg\u00fan el Ayuntamiento | El Digital de Asturias\" \/>\n\t\t<meta name=\"twitter:description\" content=\"La Feria de Nuestra Se\u00f1ora de la Salud 2016 de C\u00f3rdoba, que ha finalizado este s\u00e1bado, ha contado con m\u00e1s afluencia de p\u00fablico que todas las celebradas desde 1994 en el recinto ferial del Arenal. As\u00ed lo ha apuntado este domingo el edil de Seguridad y coordinador de la Feria de C\u00f3rdoba, Emilio Aumente, quien,\" \/>\n\t\t<meta name=\"twitter:image\" content=\"https:\/\/eldigitaldeasturias.com\/magazine365\/wp-content\/uploads\/2016\/05\/fotonoticia_20160530102106_800.jpg\" \/>\n\t\t<script type=\"application\/ld+json\" class=\"aioseo-schema\">\n\t\t\t{\"@context\":\"https:\\\/\\\/schema.org\",\"@graph\":[{\"@type\":\"Article\",\"@id\":\"https:\\\/\\\/eldigitaldeasturias.com\\\/magazine365\\\/la-feria-de-cordoba-2016-la-que-mas-afluencia-de-publico-recibe-desde-1994-segun-el-ayuntamiento\\\/#article\",\"name\":\"La Feria de C\\u00f3rdoba 2016, la que m\\u00e1s afluencia de p\\u00fablico recibe desde 1994, seg\\u00fan el Ayuntamiento | El Digital de Asturias\",\"headline\":\"La Feria de C\\u00f3rdoba 2016, la que m\\u00e1s afluencia de p\\u00fablico recibe desde 1994, seg\\u00fan el Ayuntamiento\",\"author\":{\"@id\":\"https:\\\/\\\/eldigitaldeasturias.com\\\/magazine365\\\/author\\\/admin\\\/#author\"},\"publisher\":{\"@id\":\"https:\\\/\\\/eldigitaldeasturias.com\\\/magazine365\\\/#organization\"},\"image\":{\"@type\":\"ImageObject\",\"url\":\"https:\\\/\\\/eldigitaldeasturias.com\\\/magazine365\\\/wp-content\\\/uploads\\\/2016\\\/05\\\/fotonoticia_20160530102106_800.jpg\",\"width\":800,\"height\":600},\"datePublished\":\"2016-05-31T09:40:54+02:00\",\"dateModified\":\"2016-05-31T09:40:54+02:00\",\"inLanguage\":\"es-ES\",\"mainEntityOfPage\":{\"@id\":\"https:\\\/\\\/eldigitaldeasturias.com\\\/magazine365\\\/la-feria-de-cordoba-2016-la-que-mas-afluencia-de-publico-recibe-desde-1994-segun-el-ayuntamiento\\\/#webpage\"},\"isPartOf\":{\"@id\":\"https:\\\/\\\/eldigitaldeasturias.com\\\/magazine365\\\/la-feria-de-cordoba-2016-la-que-mas-afluencia-de-publico-recibe-desde-1994-segun-el-ayuntamiento\\\/#webpage\"},\"articleSection\":\"Noticias y Actualidad\"},{\"@type\":\"BreadcrumbList\",\"@id\":\"https:\\\/\\\/eldigitaldeasturias.com\\\/magazine365\\\/la-feria-de-cordoba-2016-la-que-mas-afluencia-de-publico-recibe-desde-1994-segun-el-ayuntamiento\\\/#breadcrumblist\",\"itemListElement\":[{\"@type\":\"ListItem\",\"@id\":\"https:\\\/\\\/eldigitaldeasturias.com\\\/magazine365#listItem\",\"position\":1,\"name\":\"Home\",\"item\":\"https:\\\/\\\/eldigitaldeasturias.com\\\/magazine365\",\"nextItem\":{\"@type\":\"ListItem\",\"@id\":\"https:\\\/\\\/eldigitaldeasturias.com\\\/magazine365\\\/category\\\/noticias-actualidad\\\/#listItem\",\"name\":\"Noticias y Actualidad\"}},{\"@type\":\"ListItem\",\"@id\":\"https:\\\/\\\/eldigitaldeasturias.com\\\/magazine365\\\/category\\\/noticias-actualidad\\\/#listItem\",\"position\":2,\"name\":\"Noticias y Actualidad\",\"item\":\"https:\\\/\\\/eldigitaldeasturias.com\\\/magazine365\\\/category\\\/noticias-actualidad\\\/\",\"nextItem\":{\"@type\":\"ListItem\",\"@id\":\"https:\\\/\\\/eldigitaldeasturias.com\\\/magazine365\\\/la-feria-de-cordoba-2016-la-que-mas-afluencia-de-publico-recibe-desde-1994-segun-el-ayuntamiento\\\/#listItem\",\"name\":\"La Feria de C\\u00f3rdoba 2016, la que m\\u00e1s afluencia de p\\u00fablico recibe desde 1994, seg\\u00fan el Ayuntamiento\"},\"previousItem\":{\"@type\":\"ListItem\",\"@id\":\"https:\\\/\\\/eldigitaldeasturias.com\\\/magazine365#listItem\",\"name\":\"Home\"}},{\"@type\":\"ListItem\",\"@id\":\"https:\\\/\\\/eldigitaldeasturias.com\\\/magazine365\\\/la-feria-de-cordoba-2016-la-que-mas-afluencia-de-publico-recibe-desde-1994-segun-el-ayuntamiento\\\/#listItem\",\"position\":3,\"name\":\"La Feria de C\\u00f3rdoba 2016, la que m\\u00e1s afluencia de p\\u00fablico recibe desde 1994, seg\\u00fan el Ayuntamiento\",\"previousItem\":{\"@type\":\"ListItem\",\"@id\":\"https:\\\/\\\/eldigitaldeasturias.com\\\/magazine365\\\/category\\\/noticias-actualidad\\\/#listItem\",\"name\":\"Noticias y Actualidad\"}}]},{\"@type\":\"Organization\",\"@id\":\"https:\\\/\\\/eldigitaldeasturias.com\\\/magazine365\\\/#organization\",\"name\":\"El digital de Asturias\",\"description\":\"Revista de ocio, turismo y estilo de vida\",\"url\":\"https:\\\/\\\/eldigitaldeasturias.com\\\/magazine365\\\/\",\"logo\":{\"@type\":\"ImageObject\",\"url\":\"https:\\\/\\\/www.eldigitaldeasturias.com\\\/noticias\\\/wp-content\\\/uploads\\\/2020\\\/12\\\/EDA.jpg\",\"@id\":\"https:\\\/\\\/eldigitaldeasturias.com\\\/magazine365\\\/la-feria-de-cordoba-2016-la-que-mas-afluencia-de-publico-recibe-desde-1994-segun-el-ayuntamiento\\\/#organizationLogo\"},\"image\":{\"@id\":\"https:\\\/\\\/eldigitaldeasturias.com\\\/magazine365\\\/la-feria-de-cordoba-2016-la-que-mas-afluencia-de-publico-recibe-desde-1994-segun-el-ayuntamiento\\\/#organizationLogo\"}},{\"@type\":\"Person\",\"@id\":\"https:\\\/\\\/eldigitaldeasturias.com\\\/magazine365\\\/author\\\/admin\\\/#author\",\"url\":\"https:\\\/\\\/eldigitaldeasturias.com\\\/magazine365\\\/author\\\/admin\\\/\",\"name\":\"admin\",\"image\":{\"@type\":\"ImageObject\",\"@id\":\"https:\\\/\\\/eldigitaldeasturias.com\\\/magazine365\\\/la-feria-de-cordoba-2016-la-que-mas-afluencia-de-publico-recibe-desde-1994-segun-el-ayuntamiento\\\/#authorImage\",\"url\":\"https:\\\/\\\/eldigitaldeasturias.com\\\/magazine365\\\/wp-content\\\/litespeed\\\/avatar\\\/e571bcf59a0edd6fa6838245a470f2fe.jpg?ver=1776969259\",\"width\":96,\"height\":96,\"caption\":\"admin\"}},{\"@type\":\"WebPage\",\"@id\":\"https:\\\/\\\/eldigitaldeasturias.com\\\/magazine365\\\/la-feria-de-cordoba-2016-la-que-mas-afluencia-de-publico-recibe-desde-1994-segun-el-ayuntamiento\\\/#webpage\",\"url\":\"https:\\\/\\\/eldigitaldeasturias.com\\\/magazine365\\\/la-feria-de-cordoba-2016-la-que-mas-afluencia-de-publico-recibe-desde-1994-segun-el-ayuntamiento\\\/\",\"name\":\"La Feria de C\\u00f3rdoba 2016, la que m\\u00e1s afluencia de p\\u00fablico recibe desde 1994, seg\\u00fan el Ayuntamiento | El Digital de Asturias\",\"description\":\"La Feria de Nuestra Se\\u00f1ora de la Salud 2016 de C\\u00f3rdoba, que ha finalizado este s\\u00e1bado, ha contado con m\\u00e1s afluencia de p\\u00fablico que todas las celebradas desde 1994 en el recinto ferial del Arenal. As\\u00ed lo ha apuntado este domingo el edil de Seguridad y coordinador de la Feria de C\\u00f3rdoba, Emilio Aumente, quien,\",\"inLanguage\":\"es-ES\",\"isPartOf\":{\"@id\":\"https:\\\/\\\/eldigitaldeasturias.com\\\/magazine365\\\/#website\"},\"breadcrumb\":{\"@id\":\"https:\\\/\\\/eldigitaldeasturias.com\\\/magazine365\\\/la-feria-de-cordoba-2016-la-que-mas-afluencia-de-publico-recibe-desde-1994-segun-el-ayuntamiento\\\/#breadcrumblist\"},\"author\":{\"@id\":\"https:\\\/\\\/eldigitaldeasturias.com\\\/magazine365\\\/author\\\/admin\\\/#author\"},\"creator\":{\"@id\":\"https:\\\/\\\/eldigitaldeasturias.com\\\/magazine365\\\/author\\\/admin\\\/#author\"},\"image\":{\"@type\":\"ImageObject\",\"url\":\"https:\\\/\\\/eldigitaldeasturias.com\\\/magazine365\\\/wp-content\\\/uploads\\\/2016\\\/05\\\/fotonoticia_20160530102106_800.jpg\",\"@id\":\"https:\\\/\\\/eldigitaldeasturias.com\\\/magazine365\\\/la-feria-de-cordoba-2016-la-que-mas-afluencia-de-publico-recibe-desde-1994-segun-el-ayuntamiento\\\/#mainImage\",\"width\":800,\"height\":600},\"primaryImageOfPage\":{\"@id\":\"https:\\\/\\\/eldigitaldeasturias.com\\\/magazine365\\\/la-feria-de-cordoba-2016-la-que-mas-afluencia-de-publico-recibe-desde-1994-segun-el-ayuntamiento\\\/#mainImage\"},\"datePublished\":\"2016-05-31T09:40:54+02:00\",\"dateModified\":\"2016-05-31T09:40:54+02:00\"},{\"@type\":\"WebSite\",\"@id\":\"https:\\\/\\\/eldigitaldeasturias.com\\\/magazine365\\\/#website\",\"url\":\"https:\\\/\\\/eldigitaldeasturias.com\\\/magazine365\\\/\",\"name\":\"El Digital de Asturias\",\"description\":\"Revista de ocio, turismo y estilo de vida\",\"inLanguage\":\"es-ES\",\"publisher\":{\"@id\":\"https:\\\/\\\/eldigitaldeasturias.com\\\/magazine365\\\/#organization\"}}]}\n\t\t<\/script>\n\t\t<!-- All in One SEO Pro -->\r\n\t\t<title>La Feria de C\u00f3rdoba 2016, la que m\u00e1s afluencia de p\u00fablico recibe desde 1994, seg\u00fan el Ayuntamiento | El Digital de Asturias<\/title>\n\n","aioseo_head_json":{"title":"La Feria de C\u00f3rdoba 2016, la que m\u00e1s afluencia de p\u00fablico recibe desde 1994, seg\u00fan el Ayuntamiento | El Digital de Asturias","description":"La Feria de Nuestra Se\u00f1ora de la Salud 2016 de C\u00f3rdoba, que ha finalizado este s\u00e1bado, ha contado con m\u00e1s afluencia de p\u00fablico que todas las celebradas desde 1994 en el recinto ferial del Arenal. As\u00ed lo ha apuntado este domingo el edil de Seguridad y coordinador de la Feria de C\u00f3rdoba, Emilio Aumente, quien,","canonical_url":"https:\/\/eldigitaldeasturias.com\/magazine365\/la-feria-de-cordoba-2016-la-que-mas-afluencia-de-publico-recibe-desde-1994-segun-el-ayuntamiento\/","robots":"max-image-preview:large","keywords":"noticias y actualidad","webmasterTools":{"google-site-verification":"UA-38556648-1","miscellaneous":""},"schema":{"@context":"https:\/\/schema.org","@graph":[{"@type":"Article","@id":"https:\/\/eldigitaldeasturias.com\/magazine365\/la-feria-de-cordoba-2016-la-que-mas-afluencia-de-publico-recibe-desde-1994-segun-el-ayuntamiento\/#article","name":"La Feria de C\u00f3rdoba 2016, la que m\u00e1s afluencia de p\u00fablico recibe desde 1994, seg\u00fan el Ayuntamiento | El Digital de Asturias","headline":"La Feria de C\u00f3rdoba 2016, la que m\u00e1s afluencia de p\u00fablico recibe desde 1994, seg\u00fan el Ayuntamiento","author":{"@id":"https:\/\/eldigitaldeasturias.com\/magazine365\/author\/admin\/#author"},"publisher":{"@id":"https:\/\/eldigitaldeasturias.com\/magazine365\/#organization"},"image":{"@type":"ImageObject","url":"https:\/\/eldigitaldeasturias.com\/magazine365\/wp-content\/uploads\/2016\/05\/fotonoticia_20160530102106_800.jpg","width":800,"height":600},"datePublished":"2016-05-31T09:40:54+02:00","dateModified":"2016-05-31T09:40:54+02:00","inLanguage":"es-ES","mainEntityOfPage":{"@id":"https:\/\/eldigitaldeasturias.com\/magazine365\/la-feria-de-cordoba-2016-la-que-mas-afluencia-de-publico-recibe-desde-1994-segun-el-ayuntamiento\/#webpage"},"isPartOf":{"@id":"https:\/\/eldigitaldeasturias.com\/magazine365\/la-feria-de-cordoba-2016-la-que-mas-afluencia-de-publico-recibe-desde-1994-segun-el-ayuntamiento\/#webpage"},"articleSection":"Noticias y Actualidad"},{"@type":"BreadcrumbList","@id":"https:\/\/eldigitaldeasturias.com\/magazine365\/la-feria-de-cordoba-2016-la-que-mas-afluencia-de-publico-recibe-desde-1994-segun-el-ayuntamiento\/#breadcrumblist","itemListElement":[{"@type":"ListItem","@id":"https:\/\/eldigitaldeasturias.com\/magazine365#listItem","position":1,"name":"Home","item":"https:\/\/eldigitaldeasturias.com\/magazine365","nextItem":{"@type":"ListItem","@id":"https:\/\/eldigitaldeasturias.com\/magazine365\/category\/noticias-actualidad\/#listItem","name":"Noticias y Actualidad"}},{"@type":"ListItem","@id":"https:\/\/eldigitaldeasturias.com\/magazine365\/category\/noticias-actualidad\/#listItem","position":2,"name":"Noticias y Actualidad","item":"https:\/\/eldigitaldeasturias.com\/magazine365\/category\/noticias-actualidad\/","nextItem":{"@type":"ListItem","@id":"https:\/\/eldigitaldeasturias.com\/magazine365\/la-feria-de-cordoba-2016-la-que-mas-afluencia-de-publico-recibe-desde-1994-segun-el-ayuntamiento\/#listItem","name":"La Feria de C\u00f3rdoba 2016, la que m\u00e1s afluencia de p\u00fablico recibe desde 1994, seg\u00fan el Ayuntamiento"},"previousItem":{"@type":"ListItem","@id":"https:\/\/eldigitaldeasturias.com\/magazine365#listItem","name":"Home"}},{"@type":"ListItem","@id":"https:\/\/eldigitaldeasturias.com\/magazine365\/la-feria-de-cordoba-2016-la-que-mas-afluencia-de-publico-recibe-desde-1994-segun-el-ayuntamiento\/#listItem","position":3,"name":"La Feria de C\u00f3rdoba 2016, la que m\u00e1s afluencia de p\u00fablico recibe desde 1994, seg\u00fan el Ayuntamiento","previousItem":{"@type":"ListItem","@id":"https:\/\/eldigitaldeasturias.com\/magazine365\/category\/noticias-actualidad\/#listItem","name":"Noticias y Actualidad"}}]},{"@type":"Organization","@id":"https:\/\/eldigitaldeasturias.com\/magazine365\/#organization","name":"El digital de Asturias","description":"Revista de ocio, turismo y estilo de vida","url":"https:\/\/eldigitaldeasturias.com\/magazine365\/","logo":{"@type":"ImageObject","url":"https:\/\/www.eldigitaldeasturias.com\/noticias\/wp-content\/uploads\/2020\/12\/EDA.jpg","@id":"https:\/\/eldigitaldeasturias.com\/magazine365\/la-feria-de-cordoba-2016-la-que-mas-afluencia-de-publico-recibe-desde-1994-segun-el-ayuntamiento\/#organizationLogo"},"image":{"@id":"https:\/\/eldigitaldeasturias.com\/magazine365\/la-feria-de-cordoba-2016-la-que-mas-afluencia-de-publico-recibe-desde-1994-segun-el-ayuntamiento\/#organizationLogo"}},{"@type":"Person","@id":"https:\/\/eldigitaldeasturias.com\/magazine365\/author\/admin\/#author","url":"https:\/\/eldigitaldeasturias.com\/magazine365\/author\/admin\/","name":"admin","image":{"@type":"ImageObject","@id":"https:\/\/eldigitaldeasturias.com\/magazine365\/la-feria-de-cordoba-2016-la-que-mas-afluencia-de-publico-recibe-desde-1994-segun-el-ayuntamiento\/#authorImage","url":"https:\/\/eldigitaldeasturias.com\/magazine365\/wp-content\/litespeed\/avatar\/e571bcf59a0edd6fa6838245a470f2fe.jpg?ver=1776969259","width":96,"height":96,"caption":"admin"}},{"@type":"WebPage","@id":"https:\/\/eldigitaldeasturias.com\/magazine365\/la-feria-de-cordoba-2016-la-que-mas-afluencia-de-publico-recibe-desde-1994-segun-el-ayuntamiento\/#webpage","url":"https:\/\/eldigitaldeasturias.com\/magazine365\/la-feria-de-cordoba-2016-la-que-mas-afluencia-de-publico-recibe-desde-1994-segun-el-ayuntamiento\/","name":"La Feria de C\u00f3rdoba 2016, la que m\u00e1s afluencia de p\u00fablico recibe desde 1994, seg\u00fan el Ayuntamiento | El Digital de Asturias","description":"La Feria de Nuestra Se\u00f1ora de la Salud 2016 de C\u00f3rdoba, que ha finalizado este s\u00e1bado, ha contado con m\u00e1s afluencia de p\u00fablico que todas las celebradas desde 1994 en el recinto ferial del Arenal. As\u00ed lo ha apuntado este domingo el edil de Seguridad y coordinador de la Feria de C\u00f3rdoba, Emilio Aumente, quien,","inLanguage":"es-ES","isPartOf":{"@id":"https:\/\/eldigitaldeasturias.com\/magazine365\/#website"},"breadcrumb":{"@id":"https:\/\/eldigitaldeasturias.com\/magazine365\/la-feria-de-cordoba-2016-la-que-mas-afluencia-de-publico-recibe-desde-1994-segun-el-ayuntamiento\/#breadcrumblist"},"author":{"@id":"https:\/\/eldigitaldeasturias.com\/magazine365\/author\/admin\/#author"},"creator":{"@id":"https:\/\/eldigitaldeasturias.com\/magazine365\/author\/admin\/#author"},"image":{"@type":"ImageObject","url":"https:\/\/eldigitaldeasturias.com\/magazine365\/wp-content\/uploads\/2016\/05\/fotonoticia_20160530102106_800.jpg","@id":"https:\/\/eldigitaldeasturias.com\/magazine365\/la-feria-de-cordoba-2016-la-que-mas-afluencia-de-publico-recibe-desde-1994-segun-el-ayuntamiento\/#mainImage","width":800,"height":600},"primaryImageOfPage":{"@id":"https:\/\/eldigitaldeasturias.com\/magazine365\/la-feria-de-cordoba-2016-la-que-mas-afluencia-de-publico-recibe-desde-1994-segun-el-ayuntamiento\/#mainImage"},"datePublished":"2016-05-31T09:40:54+02:00","dateModified":"2016-05-31T09:40:54+02:00"},{"@type":"WebSite","@id":"https:\/\/eldigitaldeasturias.com\/magazine365\/#website","url":"https:\/\/eldigitaldeasturias.com\/magazine365\/","name":"El Digital de Asturias","description":"Revista de ocio, turismo y estilo de vida","inLanguage":"es-ES","publisher":{"@id":"https:\/\/eldigitaldeasturias.com\/magazine365\/#organization"}}]},"og:locale":"es_ES","og:site_name":"El Digital de Asturias \u2013 Revista de ocio, turismo y estilo de vida","og:type":"article","og:title":"La Feria de C\u00f3rdoba 2016, la que m\u00e1s afluencia de p\u00fablico recibe desde 1994, seg\u00fan el Ayuntamiento | El Digital de Asturias","og:description":"La Feria de Nuestra Se\u00f1ora de la Salud 2016 de C\u00f3rdoba, que ha finalizado este s\u00e1bado, ha contado con m\u00e1s afluencia de p\u00fablico que todas las celebradas desde 1994 en el recinto ferial del Arenal. As\u00ed lo ha apuntado este domingo el edil de Seguridad y coordinador de la Feria de C\u00f3rdoba, Emilio Aumente, quien,","og:url":"https:\/\/eldigitaldeasturias.com\/magazine365\/la-feria-de-cordoba-2016-la-que-mas-afluencia-de-publico-recibe-desde-1994-segun-el-ayuntamiento\/","og:image":"https:\/\/eldigitaldeasturias.com\/magazine365\/wp-content\/uploads\/2016\/05\/fotonoticia_20160530102106_800.jpg","og:image:secure_url":"https:\/\/eldigitaldeasturias.com\/magazine365\/wp-content\/uploads\/2016\/05\/fotonoticia_20160530102106_800.jpg","og:image:width":800,"og:image:height":600,"article:published_time":"2016-05-31T07:40:54+00:00","article:modified_time":"2016-05-31T07:40:54+00:00","twitter:card":"summary_large_image","twitter:title":"La Feria de C\u00f3rdoba 2016, la que m\u00e1s afluencia de p\u00fablico recibe desde 1994, seg\u00fan el Ayuntamiento | El Digital de Asturias","twitter:description":"La Feria de Nuestra Se\u00f1ora de la Salud 2016 de C\u00f3rdoba, que ha finalizado este s\u00e1bado, ha contado con m\u00e1s afluencia de p\u00fablico que todas las celebradas desde 1994 en el recinto ferial del Arenal. As\u00ed lo ha apuntado este domingo el edil de Seguridad y coordinador de la Feria de C\u00f3rdoba, Emilio Aumente, quien,","twitter:image":"https:\/\/eldigitaldeasturias.com\/magazine365\/wp-content\/uploads\/2016\/05\/fotonoticia_20160530102106_800.jpg"},"aioseo_meta_data":{"post_id":"77089","title":null,"description":null,"keywords":null,"keyphrases":null,"primary_term":null,"canonical_url":null,"og_title":null,"og_description":null,"og_object_type":"default","og_image_type":"default","og_image_url":null,"og_image_width":null,"og_image_height":null,"og_image_custom_url":null,"og_image_custom_fields":null,"og_video":null,"og_custom_url":null,"og_article_section":null,"og_article_tags":null,"twitter_use_og":false,"twitter_card":"default","twitter_image_type":"default","twitter_image_url":null,"twitter_image_custom_url":null,"twitter_image_custom_fields":null,"twitter_title":null,"twitter_description":null,"schema":{"blockGraphs":[],"customGraphs":[],"default":{"data":{"Article":[],"Course":[],"Dataset":[],"FAQPage":[],"Movie":[],"Person":[],"Product":[],"ProductReview":[],"Car":[],"Recipe":[],"Service":[],"SoftwareApplication":[],"WebPage":[]},"graphName":"","isEnabled":true},"graphs":[]},"schema_type":null,"schema_type_options":null,"pillar_content":false,"robots_default":true,"robots_noindex":false,"robots_noarchive":false,"robots_nosnippet":false,"robots_nofollow":false,"robots_noimageindex":false,"robots_noodp":false,"robots_notranslate":false,"robots_max_snippet":null,"robots_max_videopreview":null,"robots_max_imagepreview":"large","priority":null,"frequency":null,"location":null,"local_seo":null,"seo_analyzer_scan_date":"2025-09-27 14:06:10","breadcrumb_settings":null,"limit_modified_date":false,"open_ai":null,"ai":null,"created":"2021-03-08 18:19:40","updated":"2025-09-27 14:06:10"},"aioseo_breadcrumb":"<div class=\"aioseo-breadcrumbs\"><span class=\"aioseo-breadcrumb\">\n\t<a href=\"https:\/\/eldigitaldeasturias.com\/magazine365\" title=\"Home\">Home<\/a>\n<\/span><span class=\"aioseo-breadcrumb-separator\">\u2013<\/span><span class=\"aioseo-breadcrumb\">\n\t<a href=\"https:\/\/eldigitaldeasturias.com\/magazine365\/category\/noticias-actualidad\/\" title=\"Noticias y Actualidad\">Noticias y Actualidad<\/a>\n<\/span><span class=\"aioseo-breadcrumb-separator\">\u2013<\/span><span class=\"aioseo-breadcrumb\">\n\t<a href=\"https:\/\/eldigitaldeasturias.com\/magazine365\/la-feria-de-cordoba-2016-la-que-mas-afluencia-de-publico-recibe-desde-1994-segun-el-ayuntamiento\/\" title=\"La Feria de C\u00f3rdoba 2016, la que m\u00e1s afluencia de p\u00fablico recibe desde 1994, seg\u00fan el Ayuntamiento\">La Feria de C\u00f3rdoba 2016, la que m\u00e1s afluencia de p\u00fablico recibe desde 1994, seg\u00fan el Ayuntamiento<\/a>\n<\/span><\/div>","aioseo_breadcrumb_json":[{"label":"Home","link":"https:\/\/eldigitaldeasturias.com\/magazine365"},{"label":"Noticias y Actualidad","link":"https:\/\/eldigitaldeasturias.com\/magazine365\/category\/noticias-actualidad\/"},{"label":"La Feria de C\u00f3rdoba 2016, la que m\u00e1s afluencia de p\u00fablico recibe desde 1994, seg\u00fan el Ayuntamiento","link":"https:\/\/eldigitaldeasturias.com\/magazine365\/la-feria-de-cordoba-2016-la-que-mas-afluencia-de-publico-recibe-desde-1994-segun-el-ayuntamiento\/"}],"_links":{"self":[{"href":"https:\/\/eldigitaldeasturias.com\/magazine365\/wp-json\/wp\/v2\/posts\/77089","targetHints":{"allow":["GET"]}}],"collection":[{"href":"https:\/\/eldigitaldeasturias.com\/magazine365\/wp-json\/wp\/v2\/posts"}],"about":[{"href":"https:\/\/eldigitaldeasturias.com\/magazine365\/wp-json\/wp\/v2\/types\/post"}],"author":[{"embeddable":true,"href":"https:\/\/eldigitaldeasturias.com\/magazine365\/wp-json\/wp\/v2\/users\/1"}],"replies":[{"embeddable":true,"href":"https:\/\/eldigitaldeasturias.com\/magazine365\/wp-json\/wp\/v2\/comments?post=77089"}],"version-history":[{"count":0,"href":"https:\/\/eldigitaldeasturias.com\/magazine365\/wp-json\/wp\/v2\/posts\/77089\/revisions"}],"wp:featuredmedia":[{"embeddable":true,"href":"https:\/\/eldigitaldeasturias.com\/magazine365\/wp-json\/wp\/v2\/media\/77090"}],"wp:attachment":[{"href":"https:\/\/eldigitaldeasturias.com\/magazine365\/wp-json\/wp\/v2\/media?parent=77089"}],"wp:term":[{"taxonomy":"category","embeddable":true,"href":"https:\/\/eldigitaldeasturias.com\/magazine365\/wp-json\/wp\/v2\/categories?post=77089"},{"taxonomy":"post_tag","embeddable":true,"href":"https:\/\/eldigitaldeasturias.com\/magazine365\/wp-json\/wp\/v2\/tags?post=77089"}],"curies":[{"name":"wp","href":"https:\/\/api.w.org\/{rel}","templated":true}]}}