{"id":77077,"date":"2016-05-27T03:23:46","date_gmt":"2016-05-27T01:23:46","guid":{"rendered":"http:\/\/eldigitaldeasturias.com\/magazine365\/?p=77077"},"modified":"2016-05-27T03:23:46","modified_gmt":"2016-05-27T01:23:46","slug":"el-gobierno-promocionara-canarias-como-hub-para-adelantarse-a-cabo-verde-con-la-quinta-libertad-aerea","status":"publish","type":"post","link":"https:\/\/eldigitaldeasturias.com\/magazine365\/el-gobierno-promocionara-canarias-como-hub-para-adelantarse-a-cabo-verde-con-la-quinta-libertad-aerea\/","title":{"rendered":"El Gobierno promocionar\u00e1 Canarias como &#8216;hub&#8217; para adelantarse a Cabo Verde con la quinta libertad a\u00e9rea"},"content":{"rendered":"<p><img fetchpriority=\"high\" decoding=\"async\" class=\"alignleft size-medium wp-image-77078\" src=\"https:\/\/eldigitaldeasturias.com\/magazine365\/wp-content\/uploads\/2016\/05\/fotonoticia_20160525113008_800-360x228.jpg\" alt=\"fotonoticia_20160525113008_800\" width=\"360\" height=\"228\" srcset=\"https:\/\/eldigitaldeasturias.com\/magazine365\/wp-content\/uploads\/2016\/05\/fotonoticia_20160525113008_800-360x228.jpg 360w, https:\/\/eldigitaldeasturias.com\/magazine365\/wp-content\/uploads\/2016\/05\/fotonoticia_20160525113008_800-650x411.jpg 650w, https:\/\/eldigitaldeasturias.com\/magazine365\/wp-content\/uploads\/2016\/05\/fotonoticia_20160525113008_800-768x486.jpg 768w, https:\/\/eldigitaldeasturias.com\/magazine365\/wp-content\/uploads\/2016\/05\/fotonoticia_20160525113008_800-150x95.jpg 150w, https:\/\/eldigitaldeasturias.com\/magazine365\/wp-content\/uploads\/2016\/05\/fotonoticia_20160525113008_800-450x285.jpg 450w, https:\/\/eldigitaldeasturias.com\/magazine365\/wp-content\/uploads\/2016\/05\/fotonoticia_20160525113008_800-269x170.jpg 269w, https:\/\/eldigitaldeasturias.com\/magazine365\/wp-content\/uploads\/2016\/05\/fotonoticia_20160525113008_800-365x230.jpg 365w, https:\/\/eldigitaldeasturias.com\/magazine365\/wp-content\/uploads\/2016\/05\/fotonoticia_20160525113008_800-355x226.jpg 355w, https:\/\/eldigitaldeasturias.com\/magazine365\/wp-content\/uploads\/2016\/05\/fotonoticia_20160525113008_800-160x100.jpg 160w, https:\/\/eldigitaldeasturias.com\/magazine365\/wp-content\/uploads\/2016\/05\/fotonoticia_20160525113008_800.jpg 800w\" sizes=\"(max-width: 360px) 100vw, 360px\" \/>La consejera de Obras P\u00fablicas, Ornella Chac\u00f3n, ha dicho este mi\u00e9rcoles que el Ejecutivo crear\u00e1 una l\u00ednea presupuestaria para convertir los dos grandes aeropuertos de las islas en &#8216;hub&#8217;, y adelantarse as\u00ed a Cabo Verde, si bien ha dejado claro que por ahora no hay ninguna propuesta de aerol\u00edneas internacionales.<\/p>\n<p>En una comparecencia parlamentaria solicitada por PSOE y CC-PNC, ha comentado que Canarias ocupa un lugar \u00abclave\u00bb en el mercado a\u00e9reo mundial, y ha defendido que la quinta libertad es una de las \u00abl\u00edneas estrat\u00e9gicas\u00bb del Ejecutivo para hacer de las islas un \u00abreferente\u00bb del Atl\u00e1ntico medio y que juegue el papel de Singapur o Miami en Asia y el Caribe.<\/p>\n<p>En su opini\u00f3n, esto supondr\u00eda un \u00abest\u00edmulo\u00bb a la apertura de nuevas rutas, y a modo de ejemplo, ha dicho que un vuelo de Atlanta a Sud\u00e1frica har\u00eda 14.000 kil\u00f3metros con escala en Canarias, y si esta fuera en Madrid, ser\u00edan 2.000 kil\u00f3metros m\u00e1s.<\/p>\n<p>Chac\u00f3n cree que el Gobierno de Canarias debe dotar una l\u00ednea presupuestaria para convertir los dos grandes aeropuertos de las islas en &#8216;hub&#8217;, y adelantarse as\u00ed a Cabo Verde, si bien ha dejado claro que por ahora no hay ninguna propuesta de aerol\u00edneas internacionales.<\/p>\n<p>A su juicio, la UE no parece la instancia \u00abadecuada\u00bb para impulsar la quinta libertad, y cree que pasa por el Estado, otorgando permisos, y el propio Ejecutivo. Por ahora, ha dicho, solo se da la quinta libertad con una compa\u00f1\u00eda de Cabo Verde para la ruta Praia-Lisboa, con escala en Gran Canaria.<\/p>\n<p>El diputado del Grupo Socialista Gabriel Corujo ha dicho que la quinta libertad a\u00e9rea tendr\u00eda consecuencias en la econom\u00eda de las islas, no solo en la movilidad, y ha remarcado que est\u00e1 incluida en el pacto de gobierno suscrito con CC.<\/p>\n<p>Seg\u00fan Corujo, Canarias debe posicionarse como una \u00abplataforma tricontinental de negocios\u00bb en el Atl\u00e1ntico, y en ese sentido, es fundamental que el archipi\u00e9lago se convierta en &#8216;hub&#8217; para que las empresas canarias puedan participar en operaciones de negocio con grandes multinacionales.<\/p>\n<p>A su juicio, la quinta libertad no implicar\u00e1 \u00abpresi\u00f3n\u00bb sobre el territorio y ve ventajas en la posibilidad de acumulaci\u00f3n de m\u00e1s mercanc\u00edas y bajada de precios del transporte, al tiempo que ha pedido que se \u00abescuche m\u00e1s\u00bb al archipi\u00e9lago en Aena porque sus aeropuertos son de los m\u00e1s rentables de la red.<\/p>\n<p>CC TEME QUE SE EST\u00c9 \u00abTAPANDO\u00bb LA CONCESI\u00d3N<\/p>\n<p>Socorro Beato, del Grupo Nacionalista, ha comentado que Canarias debe \u00abexplorar\u00bb todas las opciones para mejorar la conectividad con Europa, \u00c1frica y Am\u00e9rica, con el fin de impulsar la internacionalizaci\u00f3n de las empresas locales.<\/p>\n<p>Seg\u00fan Beato, la quinta libertad actual tiene car\u00e1cter \u00ablimitado\u00bb y siguen siendo una \u00abtarea por resolver\u00bb, y espera que el Estado no est\u00e9 \u00abtapando\u00bb alguna autorizaci\u00f3n para beneficiar a otros aeropuertos espa\u00f1oles.<\/p>\n<p>Ha dicho que \u00c1frica es un continente \u00abemergente\u00bb, pero tiene un d\u00e9ficit de conectividad porque las escalas est\u00e1n concentradas en Par\u00eds o Dubai, por ejemplo, y si fueran en Canarias, se abaratar\u00eda el coste y mejorar\u00eda la competitividad de las empresas.<\/p>\n<p>El portavoz del Grupo Mixto, Casimiro Curbelo (ASG), no ve \u00abclaro\u00bb que haya autorizaciones \u00abmasivas\u00bb de quinta libertad porque cada isla tiene su modelo de desarrollo econ\u00f3mico, y tres de ellas no tienen la infraestructura a\u00e9rea adecuada.<\/p>\n<p>Ha abogado por una introducci\u00f3n \u00abgradual\u00bb y con \u00abcautela\u00bb porque no es lo mismo la capacidad de absorci\u00f3n que tienen Barajas o M\u00e1laga que los aeropuertos isle\u00f1os. \u00abNo disloquen el modelo\u00bb, ha se\u00f1alado.<\/p>\n<p>Esther Gonz\u00e1lez, de Nueva Canarias (NC), ha dicho que la accesibilidad es clave para favorecer la internacionalizaci\u00f3n de la econom\u00eda y su competitividad, lo mismo que para atraer grandes multinacionales al archipi\u00e9lago.<\/p>\n<p>En su opini\u00f3n, los pa\u00edses del \u00c1frica Occidental tienen un \u00abgran potencial\u00bb para la expansi\u00f3n comercial de Estados Unidos, y ah\u00ed Canarias debe jugar un papel de \u00abpuente\u00bb, pero no ha ocultado que las compa\u00f1\u00edas a\u00fan no ven atractiva la quinta libertad.<\/p>\n<p>MODELO DE AENA ORIENTADO AL CENTRALISMO<\/p>\n<p>Asunci\u00f3n Delgado, de Podemos, no entiende \u00abcu\u00e1l es el problema\u00bb para que se implante la quinta libertad a\u00e9rea cuando hay un gran \u00abentusiasmo\u00bb por la plataforma tricontinental y la \u00abeconom\u00eda de explotaci\u00f3n\u00bb en \u00c1frica.<\/p>\n<p>Ha dicho que el modelo de negocio de Aena est\u00e1 orientado al \u00abcentralismo\u00bb de Madrid, lo que est\u00e1 \u00abhaciendo da\u00f1o\u00bb a los aeropuertos canarios, y aunque ha apoyado la apertura de nuevas rutas, ha indicado que no debe hacerse a costa de los derechos laborales.<\/p>\n<p>Ernesto Aguiar, del Grupo Popular, ha dicho que su partido est\u00e1 \u00aba favor\u00bb de la quinta libertad, pero ha aclarado que debe contar con el inter\u00e9s de las compa\u00f1\u00edas, lo que lo \u00abdificulta\u00bb. \u00abHay que buscar f\u00f3rmulas para que sea una realidad\u00bb, ha comentado.<\/p>\n","protected":false},"excerpt":{"rendered":"<p>La consejera de Obras P\u00fablicas, Ornella Chac\u00f3n, ha dicho este mi\u00e9rcoles que el Ejecutivo crear\u00e1 una l\u00ednea presupuestaria para convertir los dos grandes aeropuertos de las islas en &#8216;hub&#8217;, y adelantarse as\u00ed a Cabo Verde, si bien ha dejado claro que por ahora no hay ninguna propuesta de aerol\u00edneas internacionales. En una comparecencia parlamentaria solicitada<\/p>\n","protected":false},"author":1,"featured_media":77078,"comment_status":"open","ping_status":"closed","sticky":false,"template":"","format":"standard","meta":{"footnotes":""},"categories":[224],"tags":[],"class_list":{"0":"post-77077","1":"post","2":"type-post","3":"status-publish","4":"format-standard","5":"has-post-thumbnail","7":"category-noticias-actualidad"},"aioseo_notices":[],"aioseo_head":"\n\t\t<!-- All in One SEO Pro 4.9.6.1 - aioseo.com -->\n\t<meta name=\"description\" content=\"La consejera de Obras P\u00fablicas, Ornella Chac\u00f3n, ha dicho este mi\u00e9rcoles que el Ejecutivo crear\u00e1 una l\u00ednea presupuestaria para convertir los dos grandes aeropuertos de las islas en &#039;hub&#039;, y adelantarse as\u00ed a Cabo Verde, si bien ha dejado claro que por ahora no hay ninguna propuesta de aerol\u00edneas internacionales. En una comparecencia parlamentaria solicitada\" \/>\n\t<meta name=\"robots\" content=\"max-image-preview:large\" \/>\n\t<meta name=\"author\" content=\"admin\"\/>\n\t<meta name=\"google-site-verification\" content=\"UA-38556648-1\" \/>\n\t<meta name=\"keywords\" content=\"noticias y actualidad\" \/>\n\t<link rel=\"canonical\" href=\"https:\/\/eldigitaldeasturias.com\/magazine365\/el-gobierno-promocionara-canarias-como-hub-para-adelantarse-a-cabo-verde-con-la-quinta-libertad-aerea\/\" \/>\n\t<meta name=\"generator\" content=\"All in One SEO Pro (AIOSEO) 4.9.6.1\" \/>\n\t\t<meta property=\"og:locale\" content=\"es_ES\" \/>\n\t\t<meta property=\"og:site_name\" content=\"El Digital de Asturias \u2013 Revista de ocio, turismo y estilo de vida\" \/>\n\t\t<meta property=\"og:type\" content=\"article\" \/>\n\t\t<meta property=\"og:title\" content=\"El Gobierno promocionar\u00e1 Canarias como \u2018hub\u2019 para adelantarse a Cabo Verde con la quinta libertad a\u00e9rea | El Digital de Asturias\" \/>\n\t\t<meta property=\"og:description\" content=\"La consejera de Obras P\u00fablicas, Ornella Chac\u00f3n, ha dicho este mi\u00e9rcoles que el Ejecutivo crear\u00e1 una l\u00ednea presupuestaria para convertir los dos grandes aeropuertos de las islas en &#039;hub&#039;, y adelantarse as\u00ed a Cabo Verde, si bien ha dejado claro que por ahora no hay ninguna propuesta de aerol\u00edneas internacionales. En una comparecencia parlamentaria solicitada\" \/>\n\t\t<meta property=\"og:url\" content=\"https:\/\/eldigitaldeasturias.com\/magazine365\/el-gobierno-promocionara-canarias-como-hub-para-adelantarse-a-cabo-verde-con-la-quinta-libertad-aerea\/\" \/>\n\t\t<meta property=\"og:image\" content=\"https:\/\/eldigitaldeasturias.com\/magazine365\/wp-content\/uploads\/2016\/05\/fotonoticia_20160525113008_800.jpg\" \/>\n\t\t<meta property=\"og:image:secure_url\" content=\"https:\/\/eldigitaldeasturias.com\/magazine365\/wp-content\/uploads\/2016\/05\/fotonoticia_20160525113008_800.jpg\" \/>\n\t\t<meta property=\"og:image:width\" content=\"800\" \/>\n\t\t<meta property=\"og:image:height\" content=\"506\" \/>\n\t\t<meta property=\"article:published_time\" content=\"2016-05-27T01:23:46+00:00\" \/>\n\t\t<meta property=\"article:modified_time\" content=\"2016-05-27T01:23:46+00:00\" \/>\n\t\t<meta name=\"twitter:card\" content=\"summary_large_image\" \/>\n\t\t<meta name=\"twitter:title\" content=\"El Gobierno promocionar\u00e1 Canarias como \u2018hub\u2019 para adelantarse a Cabo Verde con la quinta libertad a\u00e9rea | El Digital de Asturias\" \/>\n\t\t<meta name=\"twitter:description\" content=\"La consejera de Obras P\u00fablicas, Ornella Chac\u00f3n, ha dicho este mi\u00e9rcoles que el Ejecutivo crear\u00e1 una l\u00ednea presupuestaria para convertir los dos grandes aeropuertos de las islas en &#039;hub&#039;, y adelantarse as\u00ed a Cabo Verde, si bien ha dejado claro que por ahora no hay ninguna propuesta de aerol\u00edneas internacionales. En una comparecencia parlamentaria solicitada\" \/>\n\t\t<meta name=\"twitter:image\" content=\"https:\/\/eldigitaldeasturias.com\/magazine365\/wp-content\/uploads\/2016\/05\/fotonoticia_20160525113008_800.jpg\" \/>\n\t\t<script type=\"application\/ld+json\" class=\"aioseo-schema\">\n\t\t\t{\"@context\":\"https:\\\/\\\/schema.org\",\"@graph\":[{\"@type\":\"Article\",\"@id\":\"https:\\\/\\\/eldigitaldeasturias.com\\\/magazine365\\\/el-gobierno-promocionara-canarias-como-hub-para-adelantarse-a-cabo-verde-con-la-quinta-libertad-aerea\\\/#article\",\"name\":\"El Gobierno promocionar\\u00e1 Canarias como \\u2018hub\\u2019 para adelantarse a Cabo Verde con la quinta libertad a\\u00e9rea | El Digital de Asturias\",\"headline\":\"El Gobierno promocionar\\u00e1 Canarias como &#8216;hub&#8217; para adelantarse a Cabo Verde con la quinta libertad a\\u00e9rea\",\"author\":{\"@id\":\"https:\\\/\\\/eldigitaldeasturias.com\\\/magazine365\\\/author\\\/admin\\\/#author\"},\"publisher\":{\"@id\":\"https:\\\/\\\/eldigitaldeasturias.com\\\/magazine365\\\/#organization\"},\"image\":{\"@type\":\"ImageObject\",\"url\":\"https:\\\/\\\/eldigitaldeasturias.com\\\/magazine365\\\/wp-content\\\/uploads\\\/2016\\\/05\\\/fotonoticia_20160525113008_800.jpg\",\"width\":800,\"height\":506},\"datePublished\":\"2016-05-27T03:23:46+02:00\",\"dateModified\":\"2016-05-27T03:23:46+02:00\",\"inLanguage\":\"es-ES\",\"mainEntityOfPage\":{\"@id\":\"https:\\\/\\\/eldigitaldeasturias.com\\\/magazine365\\\/el-gobierno-promocionara-canarias-como-hub-para-adelantarse-a-cabo-verde-con-la-quinta-libertad-aerea\\\/#webpage\"},\"isPartOf\":{\"@id\":\"https:\\\/\\\/eldigitaldeasturias.com\\\/magazine365\\\/el-gobierno-promocionara-canarias-como-hub-para-adelantarse-a-cabo-verde-con-la-quinta-libertad-aerea\\\/#webpage\"},\"articleSection\":\"Noticias y Actualidad\"},{\"@type\":\"BreadcrumbList\",\"@id\":\"https:\\\/\\\/eldigitaldeasturias.com\\\/magazine365\\\/el-gobierno-promocionara-canarias-como-hub-para-adelantarse-a-cabo-verde-con-la-quinta-libertad-aerea\\\/#breadcrumblist\",\"itemListElement\":[{\"@type\":\"ListItem\",\"@id\":\"https:\\\/\\\/eldigitaldeasturias.com\\\/magazine365#listItem\",\"position\":1,\"name\":\"Home\",\"item\":\"https:\\\/\\\/eldigitaldeasturias.com\\\/magazine365\",\"nextItem\":{\"@type\":\"ListItem\",\"@id\":\"https:\\\/\\\/eldigitaldeasturias.com\\\/magazine365\\\/category\\\/noticias-actualidad\\\/#listItem\",\"name\":\"Noticias y Actualidad\"}},{\"@type\":\"ListItem\",\"@id\":\"https:\\\/\\\/eldigitaldeasturias.com\\\/magazine365\\\/category\\\/noticias-actualidad\\\/#listItem\",\"position\":2,\"name\":\"Noticias y Actualidad\",\"item\":\"https:\\\/\\\/eldigitaldeasturias.com\\\/magazine365\\\/category\\\/noticias-actualidad\\\/\",\"nextItem\":{\"@type\":\"ListItem\",\"@id\":\"https:\\\/\\\/eldigitaldeasturias.com\\\/magazine365\\\/el-gobierno-promocionara-canarias-como-hub-para-adelantarse-a-cabo-verde-con-la-quinta-libertad-aerea\\\/#listItem\",\"name\":\"El Gobierno promocionar\\u00e1 Canarias como &#8216;hub&#8217; para adelantarse a Cabo Verde con la quinta libertad a\\u00e9rea\"},\"previousItem\":{\"@type\":\"ListItem\",\"@id\":\"https:\\\/\\\/eldigitaldeasturias.com\\\/magazine365#listItem\",\"name\":\"Home\"}},{\"@type\":\"ListItem\",\"@id\":\"https:\\\/\\\/eldigitaldeasturias.com\\\/magazine365\\\/el-gobierno-promocionara-canarias-como-hub-para-adelantarse-a-cabo-verde-con-la-quinta-libertad-aerea\\\/#listItem\",\"position\":3,\"name\":\"El Gobierno promocionar\\u00e1 Canarias como &#8216;hub&#8217; para adelantarse a Cabo Verde con la quinta libertad a\\u00e9rea\",\"previousItem\":{\"@type\":\"ListItem\",\"@id\":\"https:\\\/\\\/eldigitaldeasturias.com\\\/magazine365\\\/category\\\/noticias-actualidad\\\/#listItem\",\"name\":\"Noticias y Actualidad\"}}]},{\"@type\":\"Organization\",\"@id\":\"https:\\\/\\\/eldigitaldeasturias.com\\\/magazine365\\\/#organization\",\"name\":\"El digital de Asturias\",\"description\":\"Revista de ocio, turismo y estilo de vida\",\"url\":\"https:\\\/\\\/eldigitaldeasturias.com\\\/magazine365\\\/\",\"logo\":{\"@type\":\"ImageObject\",\"url\":\"https:\\\/\\\/www.eldigitaldeasturias.com\\\/noticias\\\/wp-content\\\/uploads\\\/2020\\\/12\\\/EDA.jpg\",\"@id\":\"https:\\\/\\\/eldigitaldeasturias.com\\\/magazine365\\\/el-gobierno-promocionara-canarias-como-hub-para-adelantarse-a-cabo-verde-con-la-quinta-libertad-aerea\\\/#organizationLogo\"},\"image\":{\"@id\":\"https:\\\/\\\/eldigitaldeasturias.com\\\/magazine365\\\/el-gobierno-promocionara-canarias-como-hub-para-adelantarse-a-cabo-verde-con-la-quinta-libertad-aerea\\\/#organizationLogo\"}},{\"@type\":\"Person\",\"@id\":\"https:\\\/\\\/eldigitaldeasturias.com\\\/magazine365\\\/author\\\/admin\\\/#author\",\"url\":\"https:\\\/\\\/eldigitaldeasturias.com\\\/magazine365\\\/author\\\/admin\\\/\",\"name\":\"admin\",\"image\":{\"@type\":\"ImageObject\",\"@id\":\"https:\\\/\\\/eldigitaldeasturias.com\\\/magazine365\\\/el-gobierno-promocionara-canarias-como-hub-para-adelantarse-a-cabo-verde-con-la-quinta-libertad-aerea\\\/#authorImage\",\"url\":\"https:\\\/\\\/eldigitaldeasturias.com\\\/magazine365\\\/wp-content\\\/litespeed\\\/avatar\\\/e571bcf59a0edd6fa6838245a470f2fe.jpg?ver=1776969259\",\"width\":96,\"height\":96,\"caption\":\"admin\"}},{\"@type\":\"WebPage\",\"@id\":\"https:\\\/\\\/eldigitaldeasturias.com\\\/magazine365\\\/el-gobierno-promocionara-canarias-como-hub-para-adelantarse-a-cabo-verde-con-la-quinta-libertad-aerea\\\/#webpage\",\"url\":\"https:\\\/\\\/eldigitaldeasturias.com\\\/magazine365\\\/el-gobierno-promocionara-canarias-como-hub-para-adelantarse-a-cabo-verde-con-la-quinta-libertad-aerea\\\/\",\"name\":\"El Gobierno promocionar\\u00e1 Canarias como \\u2018hub\\u2019 para adelantarse a Cabo Verde con la quinta libertad a\\u00e9rea | El Digital de Asturias\",\"description\":\"La consejera de Obras P\\u00fablicas, Ornella Chac\\u00f3n, ha dicho este mi\\u00e9rcoles que el Ejecutivo crear\\u00e1 una l\\u00ednea presupuestaria para convertir los dos grandes aeropuertos de las islas en 'hub', y adelantarse as\\u00ed a Cabo Verde, si bien ha dejado claro que por ahora no hay ninguna propuesta de aerol\\u00edneas internacionales. En una comparecencia parlamentaria solicitada\",\"inLanguage\":\"es-ES\",\"isPartOf\":{\"@id\":\"https:\\\/\\\/eldigitaldeasturias.com\\\/magazine365\\\/#website\"},\"breadcrumb\":{\"@id\":\"https:\\\/\\\/eldigitaldeasturias.com\\\/magazine365\\\/el-gobierno-promocionara-canarias-como-hub-para-adelantarse-a-cabo-verde-con-la-quinta-libertad-aerea\\\/#breadcrumblist\"},\"author\":{\"@id\":\"https:\\\/\\\/eldigitaldeasturias.com\\\/magazine365\\\/author\\\/admin\\\/#author\"},\"creator\":{\"@id\":\"https:\\\/\\\/eldigitaldeasturias.com\\\/magazine365\\\/author\\\/admin\\\/#author\"},\"image\":{\"@type\":\"ImageObject\",\"url\":\"https:\\\/\\\/eldigitaldeasturias.com\\\/magazine365\\\/wp-content\\\/uploads\\\/2016\\\/05\\\/fotonoticia_20160525113008_800.jpg\",\"@id\":\"https:\\\/\\\/eldigitaldeasturias.com\\\/magazine365\\\/el-gobierno-promocionara-canarias-como-hub-para-adelantarse-a-cabo-verde-con-la-quinta-libertad-aerea\\\/#mainImage\",\"width\":800,\"height\":506},\"primaryImageOfPage\":{\"@id\":\"https:\\\/\\\/eldigitaldeasturias.com\\\/magazine365\\\/el-gobierno-promocionara-canarias-como-hub-para-adelantarse-a-cabo-verde-con-la-quinta-libertad-aerea\\\/#mainImage\"},\"datePublished\":\"2016-05-27T03:23:46+02:00\",\"dateModified\":\"2016-05-27T03:23:46+02:00\"},{\"@type\":\"WebSite\",\"@id\":\"https:\\\/\\\/eldigitaldeasturias.com\\\/magazine365\\\/#website\",\"url\":\"https:\\\/\\\/eldigitaldeasturias.com\\\/magazine365\\\/\",\"name\":\"El Digital de Asturias\",\"description\":\"Revista de ocio, turismo y estilo de vida\",\"inLanguage\":\"es-ES\",\"publisher\":{\"@id\":\"https:\\\/\\\/eldigitaldeasturias.com\\\/magazine365\\\/#organization\"}}]}\n\t\t<\/script>\n\t\t<!-- All in One SEO Pro -->\r\n\t\t<title>El Gobierno promocionar\u00e1 Canarias como \u2018hub\u2019 para adelantarse a Cabo Verde con la quinta libertad a\u00e9rea | El Digital de Asturias<\/title>\n\n","aioseo_head_json":{"title":"El Gobierno promocionar\u00e1 Canarias como \u2018hub\u2019 para adelantarse a Cabo Verde con la quinta libertad a\u00e9rea | El Digital de Asturias","description":"La consejera de Obras P\u00fablicas, Ornella Chac\u00f3n, ha dicho este mi\u00e9rcoles que el Ejecutivo crear\u00e1 una l\u00ednea presupuestaria para convertir los dos grandes aeropuertos de las islas en 'hub', y adelantarse as\u00ed a Cabo Verde, si bien ha dejado claro que por ahora no hay ninguna propuesta de aerol\u00edneas internacionales. En una comparecencia parlamentaria solicitada","canonical_url":"https:\/\/eldigitaldeasturias.com\/magazine365\/el-gobierno-promocionara-canarias-como-hub-para-adelantarse-a-cabo-verde-con-la-quinta-libertad-aerea\/","robots":"max-image-preview:large","keywords":"noticias y actualidad","webmasterTools":{"google-site-verification":"UA-38556648-1","miscellaneous":""},"schema":{"@context":"https:\/\/schema.org","@graph":[{"@type":"Article","@id":"https:\/\/eldigitaldeasturias.com\/magazine365\/el-gobierno-promocionara-canarias-como-hub-para-adelantarse-a-cabo-verde-con-la-quinta-libertad-aerea\/#article","name":"El Gobierno promocionar\u00e1 Canarias como \u2018hub\u2019 para adelantarse a Cabo Verde con la quinta libertad a\u00e9rea | El Digital de Asturias","headline":"El Gobierno promocionar\u00e1 Canarias como &#8216;hub&#8217; para adelantarse a Cabo Verde con la quinta libertad a\u00e9rea","author":{"@id":"https:\/\/eldigitaldeasturias.com\/magazine365\/author\/admin\/#author"},"publisher":{"@id":"https:\/\/eldigitaldeasturias.com\/magazine365\/#organization"},"image":{"@type":"ImageObject","url":"https:\/\/eldigitaldeasturias.com\/magazine365\/wp-content\/uploads\/2016\/05\/fotonoticia_20160525113008_800.jpg","width":800,"height":506},"datePublished":"2016-05-27T03:23:46+02:00","dateModified":"2016-05-27T03:23:46+02:00","inLanguage":"es-ES","mainEntityOfPage":{"@id":"https:\/\/eldigitaldeasturias.com\/magazine365\/el-gobierno-promocionara-canarias-como-hub-para-adelantarse-a-cabo-verde-con-la-quinta-libertad-aerea\/#webpage"},"isPartOf":{"@id":"https:\/\/eldigitaldeasturias.com\/magazine365\/el-gobierno-promocionara-canarias-como-hub-para-adelantarse-a-cabo-verde-con-la-quinta-libertad-aerea\/#webpage"},"articleSection":"Noticias y Actualidad"},{"@type":"BreadcrumbList","@id":"https:\/\/eldigitaldeasturias.com\/magazine365\/el-gobierno-promocionara-canarias-como-hub-para-adelantarse-a-cabo-verde-con-la-quinta-libertad-aerea\/#breadcrumblist","itemListElement":[{"@type":"ListItem","@id":"https:\/\/eldigitaldeasturias.com\/magazine365#listItem","position":1,"name":"Home","item":"https:\/\/eldigitaldeasturias.com\/magazine365","nextItem":{"@type":"ListItem","@id":"https:\/\/eldigitaldeasturias.com\/magazine365\/category\/noticias-actualidad\/#listItem","name":"Noticias y Actualidad"}},{"@type":"ListItem","@id":"https:\/\/eldigitaldeasturias.com\/magazine365\/category\/noticias-actualidad\/#listItem","position":2,"name":"Noticias y Actualidad","item":"https:\/\/eldigitaldeasturias.com\/magazine365\/category\/noticias-actualidad\/","nextItem":{"@type":"ListItem","@id":"https:\/\/eldigitaldeasturias.com\/magazine365\/el-gobierno-promocionara-canarias-como-hub-para-adelantarse-a-cabo-verde-con-la-quinta-libertad-aerea\/#listItem","name":"El Gobierno promocionar\u00e1 Canarias como &#8216;hub&#8217; para adelantarse a Cabo Verde con la quinta libertad a\u00e9rea"},"previousItem":{"@type":"ListItem","@id":"https:\/\/eldigitaldeasturias.com\/magazine365#listItem","name":"Home"}},{"@type":"ListItem","@id":"https:\/\/eldigitaldeasturias.com\/magazine365\/el-gobierno-promocionara-canarias-como-hub-para-adelantarse-a-cabo-verde-con-la-quinta-libertad-aerea\/#listItem","position":3,"name":"El Gobierno promocionar\u00e1 Canarias como &#8216;hub&#8217; para adelantarse a Cabo Verde con la quinta libertad a\u00e9rea","previousItem":{"@type":"ListItem","@id":"https:\/\/eldigitaldeasturias.com\/magazine365\/category\/noticias-actualidad\/#listItem","name":"Noticias y Actualidad"}}]},{"@type":"Organization","@id":"https:\/\/eldigitaldeasturias.com\/magazine365\/#organization","name":"El digital de Asturias","description":"Revista de ocio, turismo y estilo de vida","url":"https:\/\/eldigitaldeasturias.com\/magazine365\/","logo":{"@type":"ImageObject","url":"https:\/\/www.eldigitaldeasturias.com\/noticias\/wp-content\/uploads\/2020\/12\/EDA.jpg","@id":"https:\/\/eldigitaldeasturias.com\/magazine365\/el-gobierno-promocionara-canarias-como-hub-para-adelantarse-a-cabo-verde-con-la-quinta-libertad-aerea\/#organizationLogo"},"image":{"@id":"https:\/\/eldigitaldeasturias.com\/magazine365\/el-gobierno-promocionara-canarias-como-hub-para-adelantarse-a-cabo-verde-con-la-quinta-libertad-aerea\/#organizationLogo"}},{"@type":"Person","@id":"https:\/\/eldigitaldeasturias.com\/magazine365\/author\/admin\/#author","url":"https:\/\/eldigitaldeasturias.com\/magazine365\/author\/admin\/","name":"admin","image":{"@type":"ImageObject","@id":"https:\/\/eldigitaldeasturias.com\/magazine365\/el-gobierno-promocionara-canarias-como-hub-para-adelantarse-a-cabo-verde-con-la-quinta-libertad-aerea\/#authorImage","url":"https:\/\/eldigitaldeasturias.com\/magazine365\/wp-content\/litespeed\/avatar\/e571bcf59a0edd6fa6838245a470f2fe.jpg?ver=1776969259","width":96,"height":96,"caption":"admin"}},{"@type":"WebPage","@id":"https:\/\/eldigitaldeasturias.com\/magazine365\/el-gobierno-promocionara-canarias-como-hub-para-adelantarse-a-cabo-verde-con-la-quinta-libertad-aerea\/#webpage","url":"https:\/\/eldigitaldeasturias.com\/magazine365\/el-gobierno-promocionara-canarias-como-hub-para-adelantarse-a-cabo-verde-con-la-quinta-libertad-aerea\/","name":"El Gobierno promocionar\u00e1 Canarias como \u2018hub\u2019 para adelantarse a Cabo Verde con la quinta libertad a\u00e9rea | El Digital de Asturias","description":"La consejera de Obras P\u00fablicas, Ornella Chac\u00f3n, ha dicho este mi\u00e9rcoles que el Ejecutivo crear\u00e1 una l\u00ednea presupuestaria para convertir los dos grandes aeropuertos de las islas en 'hub', y adelantarse as\u00ed a Cabo Verde, si bien ha dejado claro que por ahora no hay ninguna propuesta de aerol\u00edneas internacionales. En una comparecencia parlamentaria solicitada","inLanguage":"es-ES","isPartOf":{"@id":"https:\/\/eldigitaldeasturias.com\/magazine365\/#website"},"breadcrumb":{"@id":"https:\/\/eldigitaldeasturias.com\/magazine365\/el-gobierno-promocionara-canarias-como-hub-para-adelantarse-a-cabo-verde-con-la-quinta-libertad-aerea\/#breadcrumblist"},"author":{"@id":"https:\/\/eldigitaldeasturias.com\/magazine365\/author\/admin\/#author"},"creator":{"@id":"https:\/\/eldigitaldeasturias.com\/magazine365\/author\/admin\/#author"},"image":{"@type":"ImageObject","url":"https:\/\/eldigitaldeasturias.com\/magazine365\/wp-content\/uploads\/2016\/05\/fotonoticia_20160525113008_800.jpg","@id":"https:\/\/eldigitaldeasturias.com\/magazine365\/el-gobierno-promocionara-canarias-como-hub-para-adelantarse-a-cabo-verde-con-la-quinta-libertad-aerea\/#mainImage","width":800,"height":506},"primaryImageOfPage":{"@id":"https:\/\/eldigitaldeasturias.com\/magazine365\/el-gobierno-promocionara-canarias-como-hub-para-adelantarse-a-cabo-verde-con-la-quinta-libertad-aerea\/#mainImage"},"datePublished":"2016-05-27T03:23:46+02:00","dateModified":"2016-05-27T03:23:46+02:00"},{"@type":"WebSite","@id":"https:\/\/eldigitaldeasturias.com\/magazine365\/#website","url":"https:\/\/eldigitaldeasturias.com\/magazine365\/","name":"El Digital de Asturias","description":"Revista de ocio, turismo y estilo de vida","inLanguage":"es-ES","publisher":{"@id":"https:\/\/eldigitaldeasturias.com\/magazine365\/#organization"}}]},"og:locale":"es_ES","og:site_name":"El Digital de Asturias \u2013 Revista de ocio, turismo y estilo de vida","og:type":"article","og:title":"El Gobierno promocionar\u00e1 Canarias como \u2018hub\u2019 para adelantarse a Cabo Verde con la quinta libertad a\u00e9rea | El Digital de Asturias","og:description":"La consejera de Obras P\u00fablicas, Ornella Chac\u00f3n, ha dicho este mi\u00e9rcoles que el Ejecutivo crear\u00e1 una l\u00ednea presupuestaria para convertir los dos grandes aeropuertos de las islas en 'hub', y adelantarse as\u00ed a Cabo Verde, si bien ha dejado claro que por ahora no hay ninguna propuesta de aerol\u00edneas internacionales. En una comparecencia parlamentaria solicitada","og:url":"https:\/\/eldigitaldeasturias.com\/magazine365\/el-gobierno-promocionara-canarias-como-hub-para-adelantarse-a-cabo-verde-con-la-quinta-libertad-aerea\/","og:image":"https:\/\/eldigitaldeasturias.com\/magazine365\/wp-content\/uploads\/2016\/05\/fotonoticia_20160525113008_800.jpg","og:image:secure_url":"https:\/\/eldigitaldeasturias.com\/magazine365\/wp-content\/uploads\/2016\/05\/fotonoticia_20160525113008_800.jpg","og:image:width":800,"og:image:height":506,"article:published_time":"2016-05-27T01:23:46+00:00","article:modified_time":"2016-05-27T01:23:46+00:00","twitter:card":"summary_large_image","twitter:title":"El Gobierno promocionar\u00e1 Canarias como \u2018hub\u2019 para adelantarse a Cabo Verde con la quinta libertad a\u00e9rea | El Digital de Asturias","twitter:description":"La consejera de Obras P\u00fablicas, Ornella Chac\u00f3n, ha dicho este mi\u00e9rcoles que el Ejecutivo crear\u00e1 una l\u00ednea presupuestaria para convertir los dos grandes aeropuertos de las islas en 'hub', y adelantarse as\u00ed a Cabo Verde, si bien ha dejado claro que por ahora no hay ninguna propuesta de aerol\u00edneas internacionales. En una comparecencia parlamentaria solicitada","twitter:image":"https:\/\/eldigitaldeasturias.com\/magazine365\/wp-content\/uploads\/2016\/05\/fotonoticia_20160525113008_800.jpg"},"aioseo_meta_data":{"post_id":"77077","title":null,"description":null,"keywords":null,"keyphrases":null,"primary_term":null,"canonical_url":null,"og_title":null,"og_description":null,"og_object_type":"default","og_image_type":"default","og_image_url":null,"og_image_width":null,"og_image_height":null,"og_image_custom_url":null,"og_image_custom_fields":null,"og_video":null,"og_custom_url":null,"og_article_section":null,"og_article_tags":null,"twitter_use_og":false,"twitter_card":"default","twitter_image_type":"default","twitter_image_url":null,"twitter_image_custom_url":null,"twitter_image_custom_fields":null,"twitter_title":null,"twitter_description":null,"schema":{"blockGraphs":[],"customGraphs":[],"default":{"data":{"Article":[],"Course":[],"Dataset":[],"FAQPage":[],"Movie":[],"Person":[],"Product":[],"ProductReview":[],"Car":[],"Recipe":[],"Service":[],"SoftwareApplication":[],"WebPage":[]},"graphName":"","isEnabled":true},"graphs":[]},"schema_type":null,"schema_type_options":null,"pillar_content":false,"robots_default":true,"robots_noindex":false,"robots_noarchive":false,"robots_nosnippet":false,"robots_nofollow":false,"robots_noimageindex":false,"robots_noodp":false,"robots_notranslate":false,"robots_max_snippet":null,"robots_max_videopreview":null,"robots_max_imagepreview":"large","priority":null,"frequency":null,"location":null,"local_seo":null,"seo_analyzer_scan_date":"2025-09-27 14:06:02","breadcrumb_settings":null,"limit_modified_date":false,"open_ai":null,"ai":null,"created":"2021-03-08 18:19:41","updated":"2025-09-27 14:06:02"},"aioseo_breadcrumb":"<div class=\"aioseo-breadcrumbs\"><span class=\"aioseo-breadcrumb\">\n\t<a href=\"https:\/\/eldigitaldeasturias.com\/magazine365\" title=\"Home\">Home<\/a>\n<\/span><span class=\"aioseo-breadcrumb-separator\">\u2013<\/span><span class=\"aioseo-breadcrumb\">\n\t<a href=\"https:\/\/eldigitaldeasturias.com\/magazine365\/category\/noticias-actualidad\/\" title=\"Noticias y Actualidad\">Noticias y Actualidad<\/a>\n<\/span><span class=\"aioseo-breadcrumb-separator\">\u2013<\/span><span class=\"aioseo-breadcrumb\">\n\t<a href=\"https:\/\/eldigitaldeasturias.com\/magazine365\/el-gobierno-promocionara-canarias-como-hub-para-adelantarse-a-cabo-verde-con-la-quinta-libertad-aerea\/\" title=\"El Gobierno promocionar\u00e1 Canarias como \u2018hub\u2019 para adelantarse a Cabo Verde con la quinta libertad a\u00e9rea\">El Gobierno promocionar\u00e1 Canarias como \u2018hub\u2019 para adelantarse a Cabo Verde con la quinta libertad a\u00e9rea<\/a>\n<\/span><\/div>","aioseo_breadcrumb_json":[{"label":"Home","link":"https:\/\/eldigitaldeasturias.com\/magazine365"},{"label":"Noticias y Actualidad","link":"https:\/\/eldigitaldeasturias.com\/magazine365\/category\/noticias-actualidad\/"},{"label":"El Gobierno promocionar\u00e1 Canarias como &#8216;hub&#8217; para adelantarse a Cabo Verde con la quinta libertad a\u00e9rea","link":"https:\/\/eldigitaldeasturias.com\/magazine365\/el-gobierno-promocionara-canarias-como-hub-para-adelantarse-a-cabo-verde-con-la-quinta-libertad-aerea\/"}],"_links":{"self":[{"href":"https:\/\/eldigitaldeasturias.com\/magazine365\/wp-json\/wp\/v2\/posts\/77077","targetHints":{"allow":["GET"]}}],"collection":[{"href":"https:\/\/eldigitaldeasturias.com\/magazine365\/wp-json\/wp\/v2\/posts"}],"about":[{"href":"https:\/\/eldigitaldeasturias.com\/magazine365\/wp-json\/wp\/v2\/types\/post"}],"author":[{"embeddable":true,"href":"https:\/\/eldigitaldeasturias.com\/magazine365\/wp-json\/wp\/v2\/users\/1"}],"replies":[{"embeddable":true,"href":"https:\/\/eldigitaldeasturias.com\/magazine365\/wp-json\/wp\/v2\/comments?post=77077"}],"version-history":[{"count":0,"href":"https:\/\/eldigitaldeasturias.com\/magazine365\/wp-json\/wp\/v2\/posts\/77077\/revisions"}],"wp:featuredmedia":[{"embeddable":true,"href":"https:\/\/eldigitaldeasturias.com\/magazine365\/wp-json\/wp\/v2\/media\/77078"}],"wp:attachment":[{"href":"https:\/\/eldigitaldeasturias.com\/magazine365\/wp-json\/wp\/v2\/media?parent=77077"}],"wp:term":[{"taxonomy":"category","embeddable":true,"href":"https:\/\/eldigitaldeasturias.com\/magazine365\/wp-json\/wp\/v2\/categories?post=77077"},{"taxonomy":"post_tag","embeddable":true,"href":"https:\/\/eldigitaldeasturias.com\/magazine365\/wp-json\/wp\/v2\/tags?post=77077"}],"curies":[{"name":"wp","href":"https:\/\/api.w.org\/{rel}","templated":true}]}}