{"id":77062,"date":"2016-05-27T03:09:32","date_gmt":"2016-05-27T01:09:32","guid":{"rendered":"http:\/\/eldigitaldeasturias.com\/magazine365\/?p=77062"},"modified":"2016-05-27T03:09:32","modified_gmt":"2016-05-27T01:09:32","slug":"vueling-convoca-un-open-day-en-el-principado-de-asturias","status":"publish","type":"post","link":"https:\/\/eldigitaldeasturias.com\/magazine365\/vueling-convoca-un-open-day-en-el-principado-de-asturias\/","title":{"rendered":"Vueling convoca un Open Day en el Principado de Asturias"},"content":{"rendered":"<p><img fetchpriority=\"high\" decoding=\"async\" class=\"alignleft size-medium wp-image-77063\" src=\"https:\/\/eldigitaldeasturias.com\/magazine365\/wp-content\/uploads\/2016\/05\/fotonoticia_20160525091712_800-360x240.jpg\" alt=\"fotonoticia_20160525091712_800\" width=\"360\" height=\"240\" srcset=\"https:\/\/eldigitaldeasturias.com\/magazine365\/wp-content\/uploads\/2016\/05\/fotonoticia_20160525091712_800-360x240.jpg 360w, https:\/\/eldigitaldeasturias.com\/magazine365\/wp-content\/uploads\/2016\/05\/fotonoticia_20160525091712_800-650x434.jpg 650w, https:\/\/eldigitaldeasturias.com\/magazine365\/wp-content\/uploads\/2016\/05\/fotonoticia_20160525091712_800-768x513.jpg 768w, https:\/\/eldigitaldeasturias.com\/magazine365\/wp-content\/uploads\/2016\/05\/fotonoticia_20160525091712_800-150x100.jpg 150w, https:\/\/eldigitaldeasturias.com\/magazine365\/wp-content\/uploads\/2016\/05\/fotonoticia_20160525091712_800-450x300.jpg 450w, https:\/\/eldigitaldeasturias.com\/magazine365\/wp-content\/uploads\/2016\/05\/fotonoticia_20160525091712_800-101x66.jpg 101w, https:\/\/eldigitaldeasturias.com\/magazine365\/wp-content\/uploads\/2016\/05\/fotonoticia_20160525091712_800.jpg 800w\" sizes=\"(max-width: 360px) 100vw, 360px\" \/>La aerol\u00ednea Vueling ha anunciado la apertura de una nueva convocatoria de tripulantes de cabina de pasajeros en Asturias que se celebrar\u00e1 este mi\u00e9rcoles a partir de las 12.00 horas en el hotel AC Forum de Oviedo. El objetivo es hacer frente la operativa del pr\u00f3ximo verano, cuando la aerol\u00ednea operar\u00e1 m\u00e1s de 400 rutas.<\/p>\n<p>Seg\u00fan indica la compa\u00f1\u00eda en una nota de prensa, los &#8216;Open Days&#8217; tambi\u00e9n se realizar\u00e1n en en ciudades como A Coru\u00f1a, Alicante, Barcelona, Bilbao, Madrid, M\u00e1laga, Sevilla, Tenerife o Gran Canaria. En total tiene previsto contratar hasta 400 profesionales que pasar\u00e1n a integrarse en la plantilla actual de la compa\u00f1\u00eda durante los pr\u00f3ximos meses tanto para sus bases nacionales como europeas.<\/p>\n<p>Para participar ser\u00e1 necesario enviar un e-mail a la direcci\u00f3n seleccion.openday@vueling.com, marcando en el asunto Open Day Asturias. Los requisitos son, entre otros, ser mayor de edad; poseer el t\u00edtulo de Bachillerato, FP o equivalente; vocaci\u00f3n de servicio y un alto conocimiento de ingl\u00e9s.<\/p>\n<p>Una vez hecha la aplicaci\u00f3n los solicitantes recibir\u00e1n informaci\u00f3n ampliada de la convocatoria as\u00ed como la documentaci\u00f3n que deber\u00e1n aportar. El proceso de selecci\u00f3n se alargar\u00e1 durante todo el d\u00eda para aquellos candidatos que lleguen a la fase final.<\/p>\n","protected":false},"excerpt":{"rendered":"<p>La aerol\u00ednea Vueling ha anunciado la apertura de una nueva convocatoria de tripulantes de cabina de pasajeros en Asturias que se celebrar\u00e1 este mi\u00e9rcoles a partir de las 12.00 horas en el hotel AC Forum de Oviedo. El objetivo es hacer frente la operativa del pr\u00f3ximo verano, cuando la aerol\u00ednea operar\u00e1 m\u00e1s de 400 rutas.<\/p>\n","protected":false},"author":1,"featured_media":77063,"comment_status":"open","ping_status":"closed","sticky":false,"template":"","format":"standard","meta":{"footnotes":""},"categories":[224],"tags":[],"class_list":{"0":"post-77062","1":"post","2":"type-post","3":"status-publish","4":"format-standard","5":"has-post-thumbnail","7":"category-noticias-actualidad"},"aioseo_notices":[],"aioseo_head":"\n\t\t<!-- All in One SEO Pro 4.9.6.1 - aioseo.com -->\n\t<meta name=\"description\" content=\"La aerol\u00ednea Vueling ha anunciado la apertura de una nueva convocatoria de tripulantes de cabina de pasajeros en Asturias que se celebrar\u00e1 este mi\u00e9rcoles a partir de las 12.00 horas en el hotel AC Forum de Oviedo. El objetivo es hacer frente la operativa del pr\u00f3ximo verano, cuando la aerol\u00ednea operar\u00e1 m\u00e1s de 400 rutas.\" \/>\n\t<meta name=\"robots\" content=\"max-image-preview:large\" \/>\n\t<meta name=\"author\" content=\"admin\"\/>\n\t<meta name=\"google-site-verification\" content=\"UA-38556648-1\" \/>\n\t<meta name=\"keywords\" content=\"noticias y actualidad\" \/>\n\t<link rel=\"canonical\" href=\"https:\/\/eldigitaldeasturias.com\/magazine365\/vueling-convoca-un-open-day-en-el-principado-de-asturias\/\" \/>\n\t<meta name=\"generator\" content=\"All in One SEO Pro (AIOSEO) 4.9.6.1\" \/>\n\t\t<meta property=\"og:locale\" content=\"es_ES\" \/>\n\t\t<meta property=\"og:site_name\" content=\"El Digital de Asturias \u2013 Revista de ocio, turismo y estilo de vida\" \/>\n\t\t<meta property=\"og:type\" content=\"article\" \/>\n\t\t<meta property=\"og:title\" content=\"Vueling convoca un Open Day en el Principado de Asturias | El Digital de Asturias\" \/>\n\t\t<meta property=\"og:description\" content=\"La aerol\u00ednea Vueling ha anunciado la apertura de una nueva convocatoria de tripulantes de cabina de pasajeros en Asturias que se celebrar\u00e1 este mi\u00e9rcoles a partir de las 12.00 horas en el hotel AC Forum de Oviedo. El objetivo es hacer frente la operativa del pr\u00f3ximo verano, cuando la aerol\u00ednea operar\u00e1 m\u00e1s de 400 rutas.\" \/>\n\t\t<meta property=\"og:url\" content=\"https:\/\/eldigitaldeasturias.com\/magazine365\/vueling-convoca-un-open-day-en-el-principado-de-asturias\/\" \/>\n\t\t<meta property=\"og:image\" content=\"https:\/\/eldigitaldeasturias.com\/magazine365\/wp-content\/uploads\/2016\/05\/fotonoticia_20160525091712_800.jpg\" \/>\n\t\t<meta property=\"og:image:secure_url\" content=\"https:\/\/eldigitaldeasturias.com\/magazine365\/wp-content\/uploads\/2016\/05\/fotonoticia_20160525091712_800.jpg\" \/>\n\t\t<meta property=\"og:image:width\" content=\"800\" \/>\n\t\t<meta property=\"og:image:height\" content=\"534\" \/>\n\t\t<meta property=\"article:published_time\" content=\"2016-05-27T01:09:32+00:00\" \/>\n\t\t<meta property=\"article:modified_time\" content=\"2016-05-27T01:09:32+00:00\" \/>\n\t\t<meta name=\"twitter:card\" content=\"summary_large_image\" \/>\n\t\t<meta name=\"twitter:title\" content=\"Vueling convoca un Open Day en el Principado de Asturias | El Digital de Asturias\" \/>\n\t\t<meta name=\"twitter:description\" content=\"La aerol\u00ednea Vueling ha anunciado la apertura de una nueva convocatoria de tripulantes de cabina de pasajeros en Asturias que se celebrar\u00e1 este mi\u00e9rcoles a partir de las 12.00 horas en el hotel AC Forum de Oviedo. El objetivo es hacer frente la operativa del pr\u00f3ximo verano, cuando la aerol\u00ednea operar\u00e1 m\u00e1s de 400 rutas.\" \/>\n\t\t<meta name=\"twitter:image\" content=\"https:\/\/eldigitaldeasturias.com\/magazine365\/wp-content\/uploads\/2016\/05\/fotonoticia_20160525091712_800.jpg\" \/>\n\t\t<script type=\"application\/ld+json\" class=\"aioseo-schema\">\n\t\t\t{\"@context\":\"https:\\\/\\\/schema.org\",\"@graph\":[{\"@type\":\"Article\",\"@id\":\"https:\\\/\\\/eldigitaldeasturias.com\\\/magazine365\\\/vueling-convoca-un-open-day-en-el-principado-de-asturias\\\/#article\",\"name\":\"Vueling convoca un Open Day en el Principado de Asturias | El Digital de Asturias\",\"headline\":\"Vueling convoca un Open Day en el Principado de Asturias\",\"author\":{\"@id\":\"https:\\\/\\\/eldigitaldeasturias.com\\\/magazine365\\\/author\\\/admin\\\/#author\"},\"publisher\":{\"@id\":\"https:\\\/\\\/eldigitaldeasturias.com\\\/magazine365\\\/#organization\"},\"image\":{\"@type\":\"ImageObject\",\"url\":\"https:\\\/\\\/eldigitaldeasturias.com\\\/magazine365\\\/wp-content\\\/uploads\\\/2016\\\/05\\\/fotonoticia_20160525091712_800.jpg\",\"width\":800,\"height\":534},\"datePublished\":\"2016-05-27T03:09:32+02:00\",\"dateModified\":\"2016-05-27T03:09:32+02:00\",\"inLanguage\":\"es-ES\",\"mainEntityOfPage\":{\"@id\":\"https:\\\/\\\/eldigitaldeasturias.com\\\/magazine365\\\/vueling-convoca-un-open-day-en-el-principado-de-asturias\\\/#webpage\"},\"isPartOf\":{\"@id\":\"https:\\\/\\\/eldigitaldeasturias.com\\\/magazine365\\\/vueling-convoca-un-open-day-en-el-principado-de-asturias\\\/#webpage\"},\"articleSection\":\"Noticias y Actualidad\"},{\"@type\":\"BreadcrumbList\",\"@id\":\"https:\\\/\\\/eldigitaldeasturias.com\\\/magazine365\\\/vueling-convoca-un-open-day-en-el-principado-de-asturias\\\/#breadcrumblist\",\"itemListElement\":[{\"@type\":\"ListItem\",\"@id\":\"https:\\\/\\\/eldigitaldeasturias.com\\\/magazine365#listItem\",\"position\":1,\"name\":\"Home\",\"item\":\"https:\\\/\\\/eldigitaldeasturias.com\\\/magazine365\",\"nextItem\":{\"@type\":\"ListItem\",\"@id\":\"https:\\\/\\\/eldigitaldeasturias.com\\\/magazine365\\\/category\\\/noticias-actualidad\\\/#listItem\",\"name\":\"Noticias y Actualidad\"}},{\"@type\":\"ListItem\",\"@id\":\"https:\\\/\\\/eldigitaldeasturias.com\\\/magazine365\\\/category\\\/noticias-actualidad\\\/#listItem\",\"position\":2,\"name\":\"Noticias y Actualidad\",\"item\":\"https:\\\/\\\/eldigitaldeasturias.com\\\/magazine365\\\/category\\\/noticias-actualidad\\\/\",\"nextItem\":{\"@type\":\"ListItem\",\"@id\":\"https:\\\/\\\/eldigitaldeasturias.com\\\/magazine365\\\/vueling-convoca-un-open-day-en-el-principado-de-asturias\\\/#listItem\",\"name\":\"Vueling convoca un Open Day en el Principado de Asturias\"},\"previousItem\":{\"@type\":\"ListItem\",\"@id\":\"https:\\\/\\\/eldigitaldeasturias.com\\\/magazine365#listItem\",\"name\":\"Home\"}},{\"@type\":\"ListItem\",\"@id\":\"https:\\\/\\\/eldigitaldeasturias.com\\\/magazine365\\\/vueling-convoca-un-open-day-en-el-principado-de-asturias\\\/#listItem\",\"position\":3,\"name\":\"Vueling convoca un Open Day en el Principado de Asturias\",\"previousItem\":{\"@type\":\"ListItem\",\"@id\":\"https:\\\/\\\/eldigitaldeasturias.com\\\/magazine365\\\/category\\\/noticias-actualidad\\\/#listItem\",\"name\":\"Noticias y Actualidad\"}}]},{\"@type\":\"Organization\",\"@id\":\"https:\\\/\\\/eldigitaldeasturias.com\\\/magazine365\\\/#organization\",\"name\":\"El digital de Asturias\",\"description\":\"Revista de ocio, turismo y estilo de vida\",\"url\":\"https:\\\/\\\/eldigitaldeasturias.com\\\/magazine365\\\/\",\"logo\":{\"@type\":\"ImageObject\",\"url\":\"https:\\\/\\\/www.eldigitaldeasturias.com\\\/noticias\\\/wp-content\\\/uploads\\\/2020\\\/12\\\/EDA.jpg\",\"@id\":\"https:\\\/\\\/eldigitaldeasturias.com\\\/magazine365\\\/vueling-convoca-un-open-day-en-el-principado-de-asturias\\\/#organizationLogo\"},\"image\":{\"@id\":\"https:\\\/\\\/eldigitaldeasturias.com\\\/magazine365\\\/vueling-convoca-un-open-day-en-el-principado-de-asturias\\\/#organizationLogo\"}},{\"@type\":\"Person\",\"@id\":\"https:\\\/\\\/eldigitaldeasturias.com\\\/magazine365\\\/author\\\/admin\\\/#author\",\"url\":\"https:\\\/\\\/eldigitaldeasturias.com\\\/magazine365\\\/author\\\/admin\\\/\",\"name\":\"admin\",\"image\":{\"@type\":\"ImageObject\",\"@id\":\"https:\\\/\\\/eldigitaldeasturias.com\\\/magazine365\\\/vueling-convoca-un-open-day-en-el-principado-de-asturias\\\/#authorImage\",\"url\":\"https:\\\/\\\/eldigitaldeasturias.com\\\/magazine365\\\/wp-content\\\/litespeed\\\/avatar\\\/e571bcf59a0edd6fa6838245a470f2fe.jpg?ver=1776969259\",\"width\":96,\"height\":96,\"caption\":\"admin\"}},{\"@type\":\"WebPage\",\"@id\":\"https:\\\/\\\/eldigitaldeasturias.com\\\/magazine365\\\/vueling-convoca-un-open-day-en-el-principado-de-asturias\\\/#webpage\",\"url\":\"https:\\\/\\\/eldigitaldeasturias.com\\\/magazine365\\\/vueling-convoca-un-open-day-en-el-principado-de-asturias\\\/\",\"name\":\"Vueling convoca un Open Day en el Principado de Asturias | El Digital de Asturias\",\"description\":\"La aerol\\u00ednea Vueling ha anunciado la apertura de una nueva convocatoria de tripulantes de cabina de pasajeros en Asturias que se celebrar\\u00e1 este mi\\u00e9rcoles a partir de las 12.00 horas en el hotel AC Forum de Oviedo. El objetivo es hacer frente la operativa del pr\\u00f3ximo verano, cuando la aerol\\u00ednea operar\\u00e1 m\\u00e1s de 400 rutas.\",\"inLanguage\":\"es-ES\",\"isPartOf\":{\"@id\":\"https:\\\/\\\/eldigitaldeasturias.com\\\/magazine365\\\/#website\"},\"breadcrumb\":{\"@id\":\"https:\\\/\\\/eldigitaldeasturias.com\\\/magazine365\\\/vueling-convoca-un-open-day-en-el-principado-de-asturias\\\/#breadcrumblist\"},\"author\":{\"@id\":\"https:\\\/\\\/eldigitaldeasturias.com\\\/magazine365\\\/author\\\/admin\\\/#author\"},\"creator\":{\"@id\":\"https:\\\/\\\/eldigitaldeasturias.com\\\/magazine365\\\/author\\\/admin\\\/#author\"},\"image\":{\"@type\":\"ImageObject\",\"url\":\"https:\\\/\\\/eldigitaldeasturias.com\\\/magazine365\\\/wp-content\\\/uploads\\\/2016\\\/05\\\/fotonoticia_20160525091712_800.jpg\",\"@id\":\"https:\\\/\\\/eldigitaldeasturias.com\\\/magazine365\\\/vueling-convoca-un-open-day-en-el-principado-de-asturias\\\/#mainImage\",\"width\":800,\"height\":534},\"primaryImageOfPage\":{\"@id\":\"https:\\\/\\\/eldigitaldeasturias.com\\\/magazine365\\\/vueling-convoca-un-open-day-en-el-principado-de-asturias\\\/#mainImage\"},\"datePublished\":\"2016-05-27T03:09:32+02:00\",\"dateModified\":\"2016-05-27T03:09:32+02:00\"},{\"@type\":\"WebSite\",\"@id\":\"https:\\\/\\\/eldigitaldeasturias.com\\\/magazine365\\\/#website\",\"url\":\"https:\\\/\\\/eldigitaldeasturias.com\\\/magazine365\\\/\",\"name\":\"El Digital de Asturias\",\"description\":\"Revista de ocio, turismo y estilo de vida\",\"inLanguage\":\"es-ES\",\"publisher\":{\"@id\":\"https:\\\/\\\/eldigitaldeasturias.com\\\/magazine365\\\/#organization\"}}]}\n\t\t<\/script>\n\t\t<!-- All in One SEO Pro -->\r\n\t\t<title>Vueling convoca un Open Day en el Principado de Asturias | El Digital de Asturias<\/title>\n\n","aioseo_head_json":{"title":"Vueling convoca un Open Day en el Principado de Asturias | El Digital de Asturias","description":"La aerol\u00ednea Vueling ha anunciado la apertura de una nueva convocatoria de tripulantes de cabina de pasajeros en Asturias que se celebrar\u00e1 este mi\u00e9rcoles a partir de las 12.00 horas en el hotel AC Forum de Oviedo. El objetivo es hacer frente la operativa del pr\u00f3ximo verano, cuando la aerol\u00ednea operar\u00e1 m\u00e1s de 400 rutas.","canonical_url":"https:\/\/eldigitaldeasturias.com\/magazine365\/vueling-convoca-un-open-day-en-el-principado-de-asturias\/","robots":"max-image-preview:large","keywords":"noticias y actualidad","webmasterTools":{"google-site-verification":"UA-38556648-1","miscellaneous":""},"schema":{"@context":"https:\/\/schema.org","@graph":[{"@type":"Article","@id":"https:\/\/eldigitaldeasturias.com\/magazine365\/vueling-convoca-un-open-day-en-el-principado-de-asturias\/#article","name":"Vueling convoca un Open Day en el Principado de Asturias | El Digital de Asturias","headline":"Vueling convoca un Open Day en el Principado de Asturias","author":{"@id":"https:\/\/eldigitaldeasturias.com\/magazine365\/author\/admin\/#author"},"publisher":{"@id":"https:\/\/eldigitaldeasturias.com\/magazine365\/#organization"},"image":{"@type":"ImageObject","url":"https:\/\/eldigitaldeasturias.com\/magazine365\/wp-content\/uploads\/2016\/05\/fotonoticia_20160525091712_800.jpg","width":800,"height":534},"datePublished":"2016-05-27T03:09:32+02:00","dateModified":"2016-05-27T03:09:32+02:00","inLanguage":"es-ES","mainEntityOfPage":{"@id":"https:\/\/eldigitaldeasturias.com\/magazine365\/vueling-convoca-un-open-day-en-el-principado-de-asturias\/#webpage"},"isPartOf":{"@id":"https:\/\/eldigitaldeasturias.com\/magazine365\/vueling-convoca-un-open-day-en-el-principado-de-asturias\/#webpage"},"articleSection":"Noticias y Actualidad"},{"@type":"BreadcrumbList","@id":"https:\/\/eldigitaldeasturias.com\/magazine365\/vueling-convoca-un-open-day-en-el-principado-de-asturias\/#breadcrumblist","itemListElement":[{"@type":"ListItem","@id":"https:\/\/eldigitaldeasturias.com\/magazine365#listItem","position":1,"name":"Home","item":"https:\/\/eldigitaldeasturias.com\/magazine365","nextItem":{"@type":"ListItem","@id":"https:\/\/eldigitaldeasturias.com\/magazine365\/category\/noticias-actualidad\/#listItem","name":"Noticias y Actualidad"}},{"@type":"ListItem","@id":"https:\/\/eldigitaldeasturias.com\/magazine365\/category\/noticias-actualidad\/#listItem","position":2,"name":"Noticias y Actualidad","item":"https:\/\/eldigitaldeasturias.com\/magazine365\/category\/noticias-actualidad\/","nextItem":{"@type":"ListItem","@id":"https:\/\/eldigitaldeasturias.com\/magazine365\/vueling-convoca-un-open-day-en-el-principado-de-asturias\/#listItem","name":"Vueling convoca un Open Day en el Principado de Asturias"},"previousItem":{"@type":"ListItem","@id":"https:\/\/eldigitaldeasturias.com\/magazine365#listItem","name":"Home"}},{"@type":"ListItem","@id":"https:\/\/eldigitaldeasturias.com\/magazine365\/vueling-convoca-un-open-day-en-el-principado-de-asturias\/#listItem","position":3,"name":"Vueling convoca un Open Day en el Principado de Asturias","previousItem":{"@type":"ListItem","@id":"https:\/\/eldigitaldeasturias.com\/magazine365\/category\/noticias-actualidad\/#listItem","name":"Noticias y Actualidad"}}]},{"@type":"Organization","@id":"https:\/\/eldigitaldeasturias.com\/magazine365\/#organization","name":"El digital de Asturias","description":"Revista de ocio, turismo y estilo de vida","url":"https:\/\/eldigitaldeasturias.com\/magazine365\/","logo":{"@type":"ImageObject","url":"https:\/\/www.eldigitaldeasturias.com\/noticias\/wp-content\/uploads\/2020\/12\/EDA.jpg","@id":"https:\/\/eldigitaldeasturias.com\/magazine365\/vueling-convoca-un-open-day-en-el-principado-de-asturias\/#organizationLogo"},"image":{"@id":"https:\/\/eldigitaldeasturias.com\/magazine365\/vueling-convoca-un-open-day-en-el-principado-de-asturias\/#organizationLogo"}},{"@type":"Person","@id":"https:\/\/eldigitaldeasturias.com\/magazine365\/author\/admin\/#author","url":"https:\/\/eldigitaldeasturias.com\/magazine365\/author\/admin\/","name":"admin","image":{"@type":"ImageObject","@id":"https:\/\/eldigitaldeasturias.com\/magazine365\/vueling-convoca-un-open-day-en-el-principado-de-asturias\/#authorImage","url":"https:\/\/eldigitaldeasturias.com\/magazine365\/wp-content\/litespeed\/avatar\/e571bcf59a0edd6fa6838245a470f2fe.jpg?ver=1776969259","width":96,"height":96,"caption":"admin"}},{"@type":"WebPage","@id":"https:\/\/eldigitaldeasturias.com\/magazine365\/vueling-convoca-un-open-day-en-el-principado-de-asturias\/#webpage","url":"https:\/\/eldigitaldeasturias.com\/magazine365\/vueling-convoca-un-open-day-en-el-principado-de-asturias\/","name":"Vueling convoca un Open Day en el Principado de Asturias | El Digital de Asturias","description":"La aerol\u00ednea Vueling ha anunciado la apertura de una nueva convocatoria de tripulantes de cabina de pasajeros en Asturias que se celebrar\u00e1 este mi\u00e9rcoles a partir de las 12.00 horas en el hotel AC Forum de Oviedo. El objetivo es hacer frente la operativa del pr\u00f3ximo verano, cuando la aerol\u00ednea operar\u00e1 m\u00e1s de 400 rutas.","inLanguage":"es-ES","isPartOf":{"@id":"https:\/\/eldigitaldeasturias.com\/magazine365\/#website"},"breadcrumb":{"@id":"https:\/\/eldigitaldeasturias.com\/magazine365\/vueling-convoca-un-open-day-en-el-principado-de-asturias\/#breadcrumblist"},"author":{"@id":"https:\/\/eldigitaldeasturias.com\/magazine365\/author\/admin\/#author"},"creator":{"@id":"https:\/\/eldigitaldeasturias.com\/magazine365\/author\/admin\/#author"},"image":{"@type":"ImageObject","url":"https:\/\/eldigitaldeasturias.com\/magazine365\/wp-content\/uploads\/2016\/05\/fotonoticia_20160525091712_800.jpg","@id":"https:\/\/eldigitaldeasturias.com\/magazine365\/vueling-convoca-un-open-day-en-el-principado-de-asturias\/#mainImage","width":800,"height":534},"primaryImageOfPage":{"@id":"https:\/\/eldigitaldeasturias.com\/magazine365\/vueling-convoca-un-open-day-en-el-principado-de-asturias\/#mainImage"},"datePublished":"2016-05-27T03:09:32+02:00","dateModified":"2016-05-27T03:09:32+02:00"},{"@type":"WebSite","@id":"https:\/\/eldigitaldeasturias.com\/magazine365\/#website","url":"https:\/\/eldigitaldeasturias.com\/magazine365\/","name":"El Digital de Asturias","description":"Revista de ocio, turismo y estilo de vida","inLanguage":"es-ES","publisher":{"@id":"https:\/\/eldigitaldeasturias.com\/magazine365\/#organization"}}]},"og:locale":"es_ES","og:site_name":"El Digital de Asturias \u2013 Revista de ocio, turismo y estilo de vida","og:type":"article","og:title":"Vueling convoca un Open Day en el Principado de Asturias | El Digital de Asturias","og:description":"La aerol\u00ednea Vueling ha anunciado la apertura de una nueva convocatoria de tripulantes de cabina de pasajeros en Asturias que se celebrar\u00e1 este mi\u00e9rcoles a partir de las 12.00 horas en el hotel AC Forum de Oviedo. El objetivo es hacer frente la operativa del pr\u00f3ximo verano, cuando la aerol\u00ednea operar\u00e1 m\u00e1s de 400 rutas.","og:url":"https:\/\/eldigitaldeasturias.com\/magazine365\/vueling-convoca-un-open-day-en-el-principado-de-asturias\/","og:image":"https:\/\/eldigitaldeasturias.com\/magazine365\/wp-content\/uploads\/2016\/05\/fotonoticia_20160525091712_800.jpg","og:image:secure_url":"https:\/\/eldigitaldeasturias.com\/magazine365\/wp-content\/uploads\/2016\/05\/fotonoticia_20160525091712_800.jpg","og:image:width":800,"og:image:height":534,"article:published_time":"2016-05-27T01:09:32+00:00","article:modified_time":"2016-05-27T01:09:32+00:00","twitter:card":"summary_large_image","twitter:title":"Vueling convoca un Open Day en el Principado de Asturias | El Digital de Asturias","twitter:description":"La aerol\u00ednea Vueling ha anunciado la apertura de una nueva convocatoria de tripulantes de cabina de pasajeros en Asturias que se celebrar\u00e1 este mi\u00e9rcoles a partir de las 12.00 horas en el hotel AC Forum de Oviedo. El objetivo es hacer frente la operativa del pr\u00f3ximo verano, cuando la aerol\u00ednea operar\u00e1 m\u00e1s de 400 rutas.","twitter:image":"https:\/\/eldigitaldeasturias.com\/magazine365\/wp-content\/uploads\/2016\/05\/fotonoticia_20160525091712_800.jpg"},"aioseo_meta_data":{"post_id":"77062","title":null,"description":null,"keywords":null,"keyphrases":null,"primary_term":null,"canonical_url":null,"og_title":null,"og_description":null,"og_object_type":"default","og_image_type":"default","og_image_url":null,"og_image_width":null,"og_image_height":null,"og_image_custom_url":null,"og_image_custom_fields":null,"og_video":null,"og_custom_url":null,"og_article_section":null,"og_article_tags":null,"twitter_use_og":false,"twitter_card":"default","twitter_image_type":"default","twitter_image_url":null,"twitter_image_custom_url":null,"twitter_image_custom_fields":null,"twitter_title":null,"twitter_description":null,"schema":{"blockGraphs":[],"customGraphs":[],"default":{"data":{"Article":[],"Course":[],"Dataset":[],"FAQPage":[],"Movie":[],"Person":[],"Product":[],"ProductReview":[],"Car":[],"Recipe":[],"Service":[],"SoftwareApplication":[],"WebPage":[]},"graphName":"","isEnabled":true},"graphs":[],"defaultGraph":"","defaultPostTypeGraph":""},"schema_type":null,"schema_type_options":null,"pillar_content":false,"robots_default":true,"robots_noindex":false,"robots_noarchive":false,"robots_nosnippet":false,"robots_nofollow":false,"robots_noimageindex":false,"robots_noodp":false,"robots_notranslate":false,"robots_max_snippet":null,"robots_max_videopreview":null,"robots_max_imagepreview":"large","priority":null,"frequency":null,"location":null,"local_seo":null,"seo_analyzer_scan_date":"2025-09-27 14:03:36","breadcrumb_settings":null,"limit_modified_date":false,"open_ai":null,"ai":null,"created":"2021-03-08 18:20:59","updated":"2025-09-27 14:03:36"},"aioseo_breadcrumb":"<div class=\"aioseo-breadcrumbs\"><span class=\"aioseo-breadcrumb\">\n\t<a href=\"https:\/\/eldigitaldeasturias.com\/magazine365\" title=\"Home\">Home<\/a>\n<\/span><span class=\"aioseo-breadcrumb-separator\">\u2013<\/span><span class=\"aioseo-breadcrumb\">\n\t<a href=\"https:\/\/eldigitaldeasturias.com\/magazine365\/category\/noticias-actualidad\/\" title=\"Noticias y Actualidad\">Noticias y Actualidad<\/a>\n<\/span><span class=\"aioseo-breadcrumb-separator\">\u2013<\/span><span class=\"aioseo-breadcrumb\">\n\t<a href=\"https:\/\/eldigitaldeasturias.com\/magazine365\/vueling-convoca-un-open-day-en-el-principado-de-asturias\/\" title=\"Vueling convoca un Open Day en el Principado de Asturias\">Vueling convoca un Open Day en el Principado de Asturias<\/a>\n<\/span><\/div>","aioseo_breadcrumb_json":[{"label":"Home","link":"https:\/\/eldigitaldeasturias.com\/magazine365"},{"label":"Noticias y Actualidad","link":"https:\/\/eldigitaldeasturias.com\/magazine365\/category\/noticias-actualidad\/"},{"label":"Vueling convoca un Open Day en el Principado de Asturias","link":"https:\/\/eldigitaldeasturias.com\/magazine365\/vueling-convoca-un-open-day-en-el-principado-de-asturias\/"}],"_links":{"self":[{"href":"https:\/\/eldigitaldeasturias.com\/magazine365\/wp-json\/wp\/v2\/posts\/77062","targetHints":{"allow":["GET"]}}],"collection":[{"href":"https:\/\/eldigitaldeasturias.com\/magazine365\/wp-json\/wp\/v2\/posts"}],"about":[{"href":"https:\/\/eldigitaldeasturias.com\/magazine365\/wp-json\/wp\/v2\/types\/post"}],"author":[{"embeddable":true,"href":"https:\/\/eldigitaldeasturias.com\/magazine365\/wp-json\/wp\/v2\/users\/1"}],"replies":[{"embeddable":true,"href":"https:\/\/eldigitaldeasturias.com\/magazine365\/wp-json\/wp\/v2\/comments?post=77062"}],"version-history":[{"count":0,"href":"https:\/\/eldigitaldeasturias.com\/magazine365\/wp-json\/wp\/v2\/posts\/77062\/revisions"}],"wp:featuredmedia":[{"embeddable":true,"href":"https:\/\/eldigitaldeasturias.com\/magazine365\/wp-json\/wp\/v2\/media\/77063"}],"wp:attachment":[{"href":"https:\/\/eldigitaldeasturias.com\/magazine365\/wp-json\/wp\/v2\/media?parent=77062"}],"wp:term":[{"taxonomy":"category","embeddable":true,"href":"https:\/\/eldigitaldeasturias.com\/magazine365\/wp-json\/wp\/v2\/categories?post=77062"},{"taxonomy":"post_tag","embeddable":true,"href":"https:\/\/eldigitaldeasturias.com\/magazine365\/wp-json\/wp\/v2\/tags?post=77062"}],"curies":[{"name":"wp","href":"https:\/\/api.w.org\/{rel}","templated":true}]}}