{"id":77041,"date":"2016-05-25T07:55:42","date_gmt":"2016-05-25T05:55:42","guid":{"rendered":"http:\/\/eldigitaldeasturias.com\/magazine365\/?p=77041"},"modified":"2016-05-25T07:55:42","modified_gmt":"2016-05-25T05:55:42","slug":"el-aeropuerto-de-santander-acoge-un-simulacro-de-secuestro-aereo","status":"publish","type":"post","link":"https:\/\/eldigitaldeasturias.com\/magazine365\/el-aeropuerto-de-santander-acoge-un-simulacro-de-secuestro-aereo\/","title":{"rendered":"El aeropuerto de Santander acoge un simulacro de secuestro a\u00e9reo"},"content":{"rendered":"<p><img fetchpriority=\"high\" decoding=\"async\" class=\"alignleft size-medium wp-image-77042\" src=\"https:\/\/eldigitaldeasturias.com\/magazine365\/wp-content\/uploads\/2016\/05\/fotonoticia_20160524193440_800-360x203.jpg\" alt=\"fotonoticia_20160524193440_800\" width=\"360\" height=\"203\" srcset=\"https:\/\/eldigitaldeasturias.com\/magazine365\/wp-content\/uploads\/2016\/05\/fotonoticia_20160524193440_800-360x203.jpg 360w, https:\/\/eldigitaldeasturias.com\/magazine365\/wp-content\/uploads\/2016\/05\/fotonoticia_20160524193440_800-650x366.jpg 650w, https:\/\/eldigitaldeasturias.com\/magazine365\/wp-content\/uploads\/2016\/05\/fotonoticia_20160524193440_800-768x432.jpg 768w, https:\/\/eldigitaldeasturias.com\/magazine365\/wp-content\/uploads\/2016\/05\/fotonoticia_20160524193440_800-150x84.jpg 150w, https:\/\/eldigitaldeasturias.com\/magazine365\/wp-content\/uploads\/2016\/05\/fotonoticia_20160524193440_800-450x253.jpg 450w, https:\/\/eldigitaldeasturias.com\/magazine365\/wp-content\/uploads\/2016\/05\/fotonoticia_20160524193440_800-499x280.jpg 499w, https:\/\/eldigitaldeasturias.com\/magazine365\/wp-content\/uploads\/2016\/05\/fotonoticia_20160524193440_800-510x289.jpg 510w, https:\/\/eldigitaldeasturias.com\/magazine365\/wp-content\/uploads\/2016\/05\/fotonoticia_20160524193440_800.jpg 800w\" sizes=\"(max-width: 360px) 100vw, 360px\" \/>El aeropuerto de Santander ha acogido este martes un simulacro de secuestro a\u00e9reo, con el objetivo de mantener entrenado al personal involucrado en un suceso de estas caracter\u00edsticas y corroborar la id\u00f3nea implantaci\u00f3n de la normativa aplicable.<\/p>\n<p>Adem\u00e1s, con el simulacro realizado en el &#8216;Seve Ballesteros&#8217; se espera obtener conclusiones que permitan mejorar el operativo en caso de un secuestro real.<\/p>\n<p>El simulacro ha sido realizado a iniciativa de la Agencia Estatal de Seguridad A\u00e9rea (AESA) del Ministerio de Fomento, y ha contado con la participaci\u00f3n del Ministerio del Interior (Polic\u00eda Nacional y Guardia Civil), del Ej\u00e9rcito del Aire, de Aena, de ENAIRE, y de la Delegaci\u00f3n del Gobierno en Cantabria.<\/p>\n<p>De forma previa al simulacro se realizaron trabajos de dise\u00f1o y planificaci\u00f3n, as\u00ed como unas jornadas t\u00e9cnicas formativas, y el ejercicio se llev\u00f3 a cabo en un momento en que el aeropuerto c\u00e1ntabro estim\u00f3 que no se producir\u00edan interferencias en el normal desarrollo de las operaciones que se realizan.<\/p>\n<p>El simulacro consisti\u00f3 en que una aeronave del Ej\u00e9rcito del Aire que simulaba realizar un vuelo regular despega del aeropuerto de Madrid con destino a Santander.<\/p>\n<p>Poco despu\u00e9s del despegue, el comandante de la aeronave comunica al Centro de Control que se ha producido un secuestro. Una vez que el controlador a\u00e9reo constata el secuestro, se activaron los protocolos de seguridad pertinentes.<\/p>\n<p>As\u00ed, efectivos de la Polic\u00eda Nacional y de la Guardia Civil se incorporaron a los distintos comit\u00e9s de intervenci\u00f3n en secuestros a\u00e9reos que estipula la normativa en vigor, presididos a nivel aeroportuario por el delegado del Gobierno en Cantabria, Samuel Ruiz, y a nivel nacional por el Secretario de Estado de Seguridad.<\/p>\n<p>Posteriormente, se contact\u00f3 con los secuestradores para conocer sus pretensiones e iniciar las acciones adecuadas para liberar a los rehenes y recuperar el control de la aeronave. Tras varias horas de negociaci\u00f3n, se produjo la rendici\u00f3n de los perpetradores.<\/p>\n<p>Con la liberaci\u00f3n de los pasajeros y la tripulaci\u00f3n, se dio por concluido el ejercicio y se desactivaron los dispositivos de seguridad.<\/p>\n<p>Terminado el ejercicio, expertos de todas las entidades involucradas comenzaron el trabajo de evaluaci\u00f3n para obtener las correspondientes ense\u00f1anzas.<\/p>\n","protected":false},"excerpt":{"rendered":"<p>El aeropuerto de Santander ha acogido este martes un simulacro de secuestro a\u00e9reo, con el objetivo de mantener entrenado al personal involucrado en un suceso de estas caracter\u00edsticas y corroborar la id\u00f3nea implantaci\u00f3n de la normativa aplicable. Adem\u00e1s, con el simulacro realizado en el &#8216;Seve Ballesteros&#8217; se espera obtener conclusiones que permitan mejorar el operativo<\/p>\n","protected":false},"author":1,"featured_media":77042,"comment_status":"open","ping_status":"closed","sticky":false,"template":"","format":"standard","meta":{"footnotes":""},"categories":[224],"tags":[],"class_list":{"0":"post-77041","1":"post","2":"type-post","3":"status-publish","4":"format-standard","5":"has-post-thumbnail","7":"category-noticias-actualidad"},"aioseo_notices":[],"aioseo_head":"\n\t\t<!-- All in One SEO Pro 4.9.6.1 - aioseo.com -->\n\t<meta name=\"description\" content=\"El aeropuerto de Santander ha acogido este martes un simulacro de secuestro a\u00e9reo, con el objetivo de mantener entrenado al personal involucrado en un suceso de estas caracter\u00edsticas y corroborar la id\u00f3nea implantaci\u00f3n de la normativa aplicable. Adem\u00e1s, con el simulacro realizado en el &#039;Seve Ballesteros&#039; se espera obtener conclusiones que permitan mejorar el operativo\" \/>\n\t<meta name=\"robots\" content=\"max-image-preview:large\" \/>\n\t<meta name=\"author\" content=\"admin\"\/>\n\t<meta name=\"google-site-verification\" content=\"UA-38556648-1\" \/>\n\t<meta name=\"keywords\" content=\"noticias y actualidad\" \/>\n\t<link rel=\"canonical\" href=\"https:\/\/eldigitaldeasturias.com\/magazine365\/el-aeropuerto-de-santander-acoge-un-simulacro-de-secuestro-aereo\/\" \/>\n\t<meta name=\"generator\" content=\"All in One SEO Pro (AIOSEO) 4.9.6.1\" \/>\n\t\t<meta property=\"og:locale\" content=\"es_ES\" \/>\n\t\t<meta property=\"og:site_name\" content=\"El Digital de Asturias \u2013 Revista de ocio, turismo y estilo de vida\" \/>\n\t\t<meta property=\"og:type\" content=\"article\" \/>\n\t\t<meta property=\"og:title\" content=\"El aeropuerto de Santander acoge un simulacro de secuestro a\u00e9reo | El Digital de Asturias\" \/>\n\t\t<meta property=\"og:description\" content=\"El aeropuerto de Santander ha acogido este martes un simulacro de secuestro a\u00e9reo, con el objetivo de mantener entrenado al personal involucrado en un suceso de estas caracter\u00edsticas y corroborar la id\u00f3nea implantaci\u00f3n de la normativa aplicable. Adem\u00e1s, con el simulacro realizado en el &#039;Seve Ballesteros&#039; se espera obtener conclusiones que permitan mejorar el operativo\" \/>\n\t\t<meta property=\"og:url\" content=\"https:\/\/eldigitaldeasturias.com\/magazine365\/el-aeropuerto-de-santander-acoge-un-simulacro-de-secuestro-aereo\/\" \/>\n\t\t<meta property=\"og:image\" content=\"https:\/\/eldigitaldeasturias.com\/magazine365\/wp-content\/uploads\/2016\/05\/fotonoticia_20160524193440_800.jpg\" \/>\n\t\t<meta property=\"og:image:secure_url\" content=\"https:\/\/eldigitaldeasturias.com\/magazine365\/wp-content\/uploads\/2016\/05\/fotonoticia_20160524193440_800.jpg\" \/>\n\t\t<meta property=\"og:image:width\" content=\"800\" \/>\n\t\t<meta property=\"og:image:height\" content=\"450\" \/>\n\t\t<meta property=\"article:published_time\" content=\"2016-05-25T05:55:42+00:00\" \/>\n\t\t<meta property=\"article:modified_time\" content=\"2016-05-25T05:55:42+00:00\" \/>\n\t\t<meta name=\"twitter:card\" content=\"summary_large_image\" \/>\n\t\t<meta name=\"twitter:title\" content=\"El aeropuerto de Santander acoge un simulacro de secuestro a\u00e9reo | El Digital de Asturias\" \/>\n\t\t<meta name=\"twitter:description\" content=\"El aeropuerto de Santander ha acogido este martes un simulacro de secuestro a\u00e9reo, con el objetivo de mantener entrenado al personal involucrado en un suceso de estas caracter\u00edsticas y corroborar la id\u00f3nea implantaci\u00f3n de la normativa aplicable. Adem\u00e1s, con el simulacro realizado en el &#039;Seve Ballesteros&#039; se espera obtener conclusiones que permitan mejorar el operativo\" \/>\n\t\t<meta name=\"twitter:image\" content=\"https:\/\/eldigitaldeasturias.com\/magazine365\/wp-content\/uploads\/2016\/05\/fotonoticia_20160524193440_800.jpg\" \/>\n\t\t<script type=\"application\/ld+json\" class=\"aioseo-schema\">\n\t\t\t{\"@context\":\"https:\\\/\\\/schema.org\",\"@graph\":[{\"@type\":\"Article\",\"@id\":\"https:\\\/\\\/eldigitaldeasturias.com\\\/magazine365\\\/el-aeropuerto-de-santander-acoge-un-simulacro-de-secuestro-aereo\\\/#article\",\"name\":\"El aeropuerto de Santander acoge un simulacro de secuestro a\\u00e9reo | El Digital de Asturias\",\"headline\":\"El aeropuerto de Santander acoge un simulacro de secuestro a\\u00e9reo\",\"author\":{\"@id\":\"https:\\\/\\\/eldigitaldeasturias.com\\\/magazine365\\\/author\\\/admin\\\/#author\"},\"publisher\":{\"@id\":\"https:\\\/\\\/eldigitaldeasturias.com\\\/magazine365\\\/#organization\"},\"image\":{\"@type\":\"ImageObject\",\"url\":\"https:\\\/\\\/eldigitaldeasturias.com\\\/magazine365\\\/wp-content\\\/uploads\\\/2016\\\/05\\\/fotonoticia_20160524193440_800.jpg\",\"width\":800,\"height\":450},\"datePublished\":\"2016-05-25T07:55:42+02:00\",\"dateModified\":\"2016-05-25T07:55:42+02:00\",\"inLanguage\":\"es-ES\",\"mainEntityOfPage\":{\"@id\":\"https:\\\/\\\/eldigitaldeasturias.com\\\/magazine365\\\/el-aeropuerto-de-santander-acoge-un-simulacro-de-secuestro-aereo\\\/#webpage\"},\"isPartOf\":{\"@id\":\"https:\\\/\\\/eldigitaldeasturias.com\\\/magazine365\\\/el-aeropuerto-de-santander-acoge-un-simulacro-de-secuestro-aereo\\\/#webpage\"},\"articleSection\":\"Noticias y Actualidad\"},{\"@type\":\"BreadcrumbList\",\"@id\":\"https:\\\/\\\/eldigitaldeasturias.com\\\/magazine365\\\/el-aeropuerto-de-santander-acoge-un-simulacro-de-secuestro-aereo\\\/#breadcrumblist\",\"itemListElement\":[{\"@type\":\"ListItem\",\"@id\":\"https:\\\/\\\/eldigitaldeasturias.com\\\/magazine365#listItem\",\"position\":1,\"name\":\"Home\",\"item\":\"https:\\\/\\\/eldigitaldeasturias.com\\\/magazine365\",\"nextItem\":{\"@type\":\"ListItem\",\"@id\":\"https:\\\/\\\/eldigitaldeasturias.com\\\/magazine365\\\/category\\\/noticias-actualidad\\\/#listItem\",\"name\":\"Noticias y Actualidad\"}},{\"@type\":\"ListItem\",\"@id\":\"https:\\\/\\\/eldigitaldeasturias.com\\\/magazine365\\\/category\\\/noticias-actualidad\\\/#listItem\",\"position\":2,\"name\":\"Noticias y Actualidad\",\"item\":\"https:\\\/\\\/eldigitaldeasturias.com\\\/magazine365\\\/category\\\/noticias-actualidad\\\/\",\"nextItem\":{\"@type\":\"ListItem\",\"@id\":\"https:\\\/\\\/eldigitaldeasturias.com\\\/magazine365\\\/el-aeropuerto-de-santander-acoge-un-simulacro-de-secuestro-aereo\\\/#listItem\",\"name\":\"El aeropuerto de Santander acoge un simulacro de secuestro a\\u00e9reo\"},\"previousItem\":{\"@type\":\"ListItem\",\"@id\":\"https:\\\/\\\/eldigitaldeasturias.com\\\/magazine365#listItem\",\"name\":\"Home\"}},{\"@type\":\"ListItem\",\"@id\":\"https:\\\/\\\/eldigitaldeasturias.com\\\/magazine365\\\/el-aeropuerto-de-santander-acoge-un-simulacro-de-secuestro-aereo\\\/#listItem\",\"position\":3,\"name\":\"El aeropuerto de Santander acoge un simulacro de secuestro a\\u00e9reo\",\"previousItem\":{\"@type\":\"ListItem\",\"@id\":\"https:\\\/\\\/eldigitaldeasturias.com\\\/magazine365\\\/category\\\/noticias-actualidad\\\/#listItem\",\"name\":\"Noticias y Actualidad\"}}]},{\"@type\":\"Organization\",\"@id\":\"https:\\\/\\\/eldigitaldeasturias.com\\\/magazine365\\\/#organization\",\"name\":\"El digital de Asturias\",\"description\":\"Revista de ocio, turismo y estilo de vida\",\"url\":\"https:\\\/\\\/eldigitaldeasturias.com\\\/magazine365\\\/\",\"logo\":{\"@type\":\"ImageObject\",\"url\":\"https:\\\/\\\/www.eldigitaldeasturias.com\\\/noticias\\\/wp-content\\\/uploads\\\/2020\\\/12\\\/EDA.jpg\",\"@id\":\"https:\\\/\\\/eldigitaldeasturias.com\\\/magazine365\\\/el-aeropuerto-de-santander-acoge-un-simulacro-de-secuestro-aereo\\\/#organizationLogo\"},\"image\":{\"@id\":\"https:\\\/\\\/eldigitaldeasturias.com\\\/magazine365\\\/el-aeropuerto-de-santander-acoge-un-simulacro-de-secuestro-aereo\\\/#organizationLogo\"}},{\"@type\":\"Person\",\"@id\":\"https:\\\/\\\/eldigitaldeasturias.com\\\/magazine365\\\/author\\\/admin\\\/#author\",\"url\":\"https:\\\/\\\/eldigitaldeasturias.com\\\/magazine365\\\/author\\\/admin\\\/\",\"name\":\"admin\",\"image\":{\"@type\":\"ImageObject\",\"@id\":\"https:\\\/\\\/eldigitaldeasturias.com\\\/magazine365\\\/el-aeropuerto-de-santander-acoge-un-simulacro-de-secuestro-aereo\\\/#authorImage\",\"url\":\"https:\\\/\\\/eldigitaldeasturias.com\\\/magazine365\\\/wp-content\\\/litespeed\\\/avatar\\\/e571bcf59a0edd6fa6838245a470f2fe.jpg?ver=1777574230\",\"width\":96,\"height\":96,\"caption\":\"admin\"}},{\"@type\":\"WebPage\",\"@id\":\"https:\\\/\\\/eldigitaldeasturias.com\\\/magazine365\\\/el-aeropuerto-de-santander-acoge-un-simulacro-de-secuestro-aereo\\\/#webpage\",\"url\":\"https:\\\/\\\/eldigitaldeasturias.com\\\/magazine365\\\/el-aeropuerto-de-santander-acoge-un-simulacro-de-secuestro-aereo\\\/\",\"name\":\"El aeropuerto de Santander acoge un simulacro de secuestro a\\u00e9reo | El Digital de Asturias\",\"description\":\"El aeropuerto de Santander ha acogido este martes un simulacro de secuestro a\\u00e9reo, con el objetivo de mantener entrenado al personal involucrado en un suceso de estas caracter\\u00edsticas y corroborar la id\\u00f3nea implantaci\\u00f3n de la normativa aplicable. Adem\\u00e1s, con el simulacro realizado en el 'Seve Ballesteros' se espera obtener conclusiones que permitan mejorar el operativo\",\"inLanguage\":\"es-ES\",\"isPartOf\":{\"@id\":\"https:\\\/\\\/eldigitaldeasturias.com\\\/magazine365\\\/#website\"},\"breadcrumb\":{\"@id\":\"https:\\\/\\\/eldigitaldeasturias.com\\\/magazine365\\\/el-aeropuerto-de-santander-acoge-un-simulacro-de-secuestro-aereo\\\/#breadcrumblist\"},\"author\":{\"@id\":\"https:\\\/\\\/eldigitaldeasturias.com\\\/magazine365\\\/author\\\/admin\\\/#author\"},\"creator\":{\"@id\":\"https:\\\/\\\/eldigitaldeasturias.com\\\/magazine365\\\/author\\\/admin\\\/#author\"},\"image\":{\"@type\":\"ImageObject\",\"url\":\"https:\\\/\\\/eldigitaldeasturias.com\\\/magazine365\\\/wp-content\\\/uploads\\\/2016\\\/05\\\/fotonoticia_20160524193440_800.jpg\",\"@id\":\"https:\\\/\\\/eldigitaldeasturias.com\\\/magazine365\\\/el-aeropuerto-de-santander-acoge-un-simulacro-de-secuestro-aereo\\\/#mainImage\",\"width\":800,\"height\":450},\"primaryImageOfPage\":{\"@id\":\"https:\\\/\\\/eldigitaldeasturias.com\\\/magazine365\\\/el-aeropuerto-de-santander-acoge-un-simulacro-de-secuestro-aereo\\\/#mainImage\"},\"datePublished\":\"2016-05-25T07:55:42+02:00\",\"dateModified\":\"2016-05-25T07:55:42+02:00\"},{\"@type\":\"WebSite\",\"@id\":\"https:\\\/\\\/eldigitaldeasturias.com\\\/magazine365\\\/#website\",\"url\":\"https:\\\/\\\/eldigitaldeasturias.com\\\/magazine365\\\/\",\"name\":\"El Digital de Asturias\",\"description\":\"Revista de ocio, turismo y estilo de vida\",\"inLanguage\":\"es-ES\",\"publisher\":{\"@id\":\"https:\\\/\\\/eldigitaldeasturias.com\\\/magazine365\\\/#organization\"}}]}\n\t\t<\/script>\n\t\t<!-- All in One SEO Pro -->\r\n\t\t<title>El aeropuerto de Santander acoge un simulacro de secuestro a\u00e9reo | El Digital de Asturias<\/title>\n\n","aioseo_head_json":{"title":"El aeropuerto de Santander acoge un simulacro de secuestro a\u00e9reo | El Digital de Asturias","description":"El aeropuerto de Santander ha acogido este martes un simulacro de secuestro a\u00e9reo, con el objetivo de mantener entrenado al personal involucrado en un suceso de estas caracter\u00edsticas y corroborar la id\u00f3nea implantaci\u00f3n de la normativa aplicable. Adem\u00e1s, con el simulacro realizado en el 'Seve Ballesteros' se espera obtener conclusiones que permitan mejorar el operativo","canonical_url":"https:\/\/eldigitaldeasturias.com\/magazine365\/el-aeropuerto-de-santander-acoge-un-simulacro-de-secuestro-aereo\/","robots":"max-image-preview:large","keywords":"noticias y actualidad","webmasterTools":{"google-site-verification":"UA-38556648-1","miscellaneous":""},"schema":{"@context":"https:\/\/schema.org","@graph":[{"@type":"Article","@id":"https:\/\/eldigitaldeasturias.com\/magazine365\/el-aeropuerto-de-santander-acoge-un-simulacro-de-secuestro-aereo\/#article","name":"El aeropuerto de Santander acoge un simulacro de secuestro a\u00e9reo | El Digital de Asturias","headline":"El aeropuerto de Santander acoge un simulacro de secuestro a\u00e9reo","author":{"@id":"https:\/\/eldigitaldeasturias.com\/magazine365\/author\/admin\/#author"},"publisher":{"@id":"https:\/\/eldigitaldeasturias.com\/magazine365\/#organization"},"image":{"@type":"ImageObject","url":"https:\/\/eldigitaldeasturias.com\/magazine365\/wp-content\/uploads\/2016\/05\/fotonoticia_20160524193440_800.jpg","width":800,"height":450},"datePublished":"2016-05-25T07:55:42+02:00","dateModified":"2016-05-25T07:55:42+02:00","inLanguage":"es-ES","mainEntityOfPage":{"@id":"https:\/\/eldigitaldeasturias.com\/magazine365\/el-aeropuerto-de-santander-acoge-un-simulacro-de-secuestro-aereo\/#webpage"},"isPartOf":{"@id":"https:\/\/eldigitaldeasturias.com\/magazine365\/el-aeropuerto-de-santander-acoge-un-simulacro-de-secuestro-aereo\/#webpage"},"articleSection":"Noticias y Actualidad"},{"@type":"BreadcrumbList","@id":"https:\/\/eldigitaldeasturias.com\/magazine365\/el-aeropuerto-de-santander-acoge-un-simulacro-de-secuestro-aereo\/#breadcrumblist","itemListElement":[{"@type":"ListItem","@id":"https:\/\/eldigitaldeasturias.com\/magazine365#listItem","position":1,"name":"Home","item":"https:\/\/eldigitaldeasturias.com\/magazine365","nextItem":{"@type":"ListItem","@id":"https:\/\/eldigitaldeasturias.com\/magazine365\/category\/noticias-actualidad\/#listItem","name":"Noticias y Actualidad"}},{"@type":"ListItem","@id":"https:\/\/eldigitaldeasturias.com\/magazine365\/category\/noticias-actualidad\/#listItem","position":2,"name":"Noticias y Actualidad","item":"https:\/\/eldigitaldeasturias.com\/magazine365\/category\/noticias-actualidad\/","nextItem":{"@type":"ListItem","@id":"https:\/\/eldigitaldeasturias.com\/magazine365\/el-aeropuerto-de-santander-acoge-un-simulacro-de-secuestro-aereo\/#listItem","name":"El aeropuerto de Santander acoge un simulacro de secuestro a\u00e9reo"},"previousItem":{"@type":"ListItem","@id":"https:\/\/eldigitaldeasturias.com\/magazine365#listItem","name":"Home"}},{"@type":"ListItem","@id":"https:\/\/eldigitaldeasturias.com\/magazine365\/el-aeropuerto-de-santander-acoge-un-simulacro-de-secuestro-aereo\/#listItem","position":3,"name":"El aeropuerto de Santander acoge un simulacro de secuestro a\u00e9reo","previousItem":{"@type":"ListItem","@id":"https:\/\/eldigitaldeasturias.com\/magazine365\/category\/noticias-actualidad\/#listItem","name":"Noticias y Actualidad"}}]},{"@type":"Organization","@id":"https:\/\/eldigitaldeasturias.com\/magazine365\/#organization","name":"El digital de Asturias","description":"Revista de ocio, turismo y estilo de vida","url":"https:\/\/eldigitaldeasturias.com\/magazine365\/","logo":{"@type":"ImageObject","url":"https:\/\/www.eldigitaldeasturias.com\/noticias\/wp-content\/uploads\/2020\/12\/EDA.jpg","@id":"https:\/\/eldigitaldeasturias.com\/magazine365\/el-aeropuerto-de-santander-acoge-un-simulacro-de-secuestro-aereo\/#organizationLogo"},"image":{"@id":"https:\/\/eldigitaldeasturias.com\/magazine365\/el-aeropuerto-de-santander-acoge-un-simulacro-de-secuestro-aereo\/#organizationLogo"}},{"@type":"Person","@id":"https:\/\/eldigitaldeasturias.com\/magazine365\/author\/admin\/#author","url":"https:\/\/eldigitaldeasturias.com\/magazine365\/author\/admin\/","name":"admin","image":{"@type":"ImageObject","@id":"https:\/\/eldigitaldeasturias.com\/magazine365\/el-aeropuerto-de-santander-acoge-un-simulacro-de-secuestro-aereo\/#authorImage","url":"https:\/\/eldigitaldeasturias.com\/magazine365\/wp-content\/litespeed\/avatar\/e571bcf59a0edd6fa6838245a470f2fe.jpg?ver=1777574230","width":96,"height":96,"caption":"admin"}},{"@type":"WebPage","@id":"https:\/\/eldigitaldeasturias.com\/magazine365\/el-aeropuerto-de-santander-acoge-un-simulacro-de-secuestro-aereo\/#webpage","url":"https:\/\/eldigitaldeasturias.com\/magazine365\/el-aeropuerto-de-santander-acoge-un-simulacro-de-secuestro-aereo\/","name":"El aeropuerto de Santander acoge un simulacro de secuestro a\u00e9reo | El Digital de Asturias","description":"El aeropuerto de Santander ha acogido este martes un simulacro de secuestro a\u00e9reo, con el objetivo de mantener entrenado al personal involucrado en un suceso de estas caracter\u00edsticas y corroborar la id\u00f3nea implantaci\u00f3n de la normativa aplicable. Adem\u00e1s, con el simulacro realizado en el 'Seve Ballesteros' se espera obtener conclusiones que permitan mejorar el operativo","inLanguage":"es-ES","isPartOf":{"@id":"https:\/\/eldigitaldeasturias.com\/magazine365\/#website"},"breadcrumb":{"@id":"https:\/\/eldigitaldeasturias.com\/magazine365\/el-aeropuerto-de-santander-acoge-un-simulacro-de-secuestro-aereo\/#breadcrumblist"},"author":{"@id":"https:\/\/eldigitaldeasturias.com\/magazine365\/author\/admin\/#author"},"creator":{"@id":"https:\/\/eldigitaldeasturias.com\/magazine365\/author\/admin\/#author"},"image":{"@type":"ImageObject","url":"https:\/\/eldigitaldeasturias.com\/magazine365\/wp-content\/uploads\/2016\/05\/fotonoticia_20160524193440_800.jpg","@id":"https:\/\/eldigitaldeasturias.com\/magazine365\/el-aeropuerto-de-santander-acoge-un-simulacro-de-secuestro-aereo\/#mainImage","width":800,"height":450},"primaryImageOfPage":{"@id":"https:\/\/eldigitaldeasturias.com\/magazine365\/el-aeropuerto-de-santander-acoge-un-simulacro-de-secuestro-aereo\/#mainImage"},"datePublished":"2016-05-25T07:55:42+02:00","dateModified":"2016-05-25T07:55:42+02:00"},{"@type":"WebSite","@id":"https:\/\/eldigitaldeasturias.com\/magazine365\/#website","url":"https:\/\/eldigitaldeasturias.com\/magazine365\/","name":"El Digital de Asturias","description":"Revista de ocio, turismo y estilo de vida","inLanguage":"es-ES","publisher":{"@id":"https:\/\/eldigitaldeasturias.com\/magazine365\/#organization"}}]},"og:locale":"es_ES","og:site_name":"El Digital de Asturias \u2013 Revista de ocio, turismo y estilo de vida","og:type":"article","og:title":"El aeropuerto de Santander acoge un simulacro de secuestro a\u00e9reo | El Digital de Asturias","og:description":"El aeropuerto de Santander ha acogido este martes un simulacro de secuestro a\u00e9reo, con el objetivo de mantener entrenado al personal involucrado en un suceso de estas caracter\u00edsticas y corroborar la id\u00f3nea implantaci\u00f3n de la normativa aplicable. Adem\u00e1s, con el simulacro realizado en el 'Seve Ballesteros' se espera obtener conclusiones que permitan mejorar el operativo","og:url":"https:\/\/eldigitaldeasturias.com\/magazine365\/el-aeropuerto-de-santander-acoge-un-simulacro-de-secuestro-aereo\/","og:image":"https:\/\/eldigitaldeasturias.com\/magazine365\/wp-content\/uploads\/2016\/05\/fotonoticia_20160524193440_800.jpg","og:image:secure_url":"https:\/\/eldigitaldeasturias.com\/magazine365\/wp-content\/uploads\/2016\/05\/fotonoticia_20160524193440_800.jpg","og:image:width":800,"og:image:height":450,"article:published_time":"2016-05-25T05:55:42+00:00","article:modified_time":"2016-05-25T05:55:42+00:00","twitter:card":"summary_large_image","twitter:title":"El aeropuerto de Santander acoge un simulacro de secuestro a\u00e9reo | El Digital de Asturias","twitter:description":"El aeropuerto de Santander ha acogido este martes un simulacro de secuestro a\u00e9reo, con el objetivo de mantener entrenado al personal involucrado en un suceso de estas caracter\u00edsticas y corroborar la id\u00f3nea implantaci\u00f3n de la normativa aplicable. Adem\u00e1s, con el simulacro realizado en el 'Seve Ballesteros' se espera obtener conclusiones que permitan mejorar el operativo","twitter:image":"https:\/\/eldigitaldeasturias.com\/magazine365\/wp-content\/uploads\/2016\/05\/fotonoticia_20160524193440_800.jpg"},"aioseo_meta_data":{"post_id":"77041","title":null,"description":null,"keywords":null,"keyphrases":null,"primary_term":null,"canonical_url":null,"og_title":null,"og_description":null,"og_object_type":"default","og_image_type":"default","og_image_url":null,"og_image_width":null,"og_image_height":null,"og_image_custom_url":null,"og_image_custom_fields":null,"og_video":null,"og_custom_url":null,"og_article_section":null,"og_article_tags":null,"twitter_use_og":false,"twitter_card":"default","twitter_image_type":"default","twitter_image_url":null,"twitter_image_custom_url":null,"twitter_image_custom_fields":null,"twitter_title":null,"twitter_description":null,"schema":{"blockGraphs":[],"customGraphs":[],"default":{"data":{"Article":[],"Course":[],"Dataset":[],"FAQPage":[],"Movie":[],"Person":[],"Product":[],"ProductReview":[],"Car":[],"Recipe":[],"Service":[],"SoftwareApplication":[],"WebPage":[]},"graphName":"","isEnabled":true},"graphs":[],"defaultGraph":"","defaultPostTypeGraph":""},"schema_type":null,"schema_type_options":null,"pillar_content":false,"robots_default":true,"robots_noindex":false,"robots_noarchive":false,"robots_nosnippet":false,"robots_nofollow":false,"robots_noimageindex":false,"robots_noodp":false,"robots_notranslate":false,"robots_max_snippet":null,"robots_max_videopreview":null,"robots_max_imagepreview":"large","priority":null,"frequency":null,"location":null,"local_seo":null,"seo_analyzer_scan_date":"2025-09-27 13:59:44","breadcrumb_settings":null,"limit_modified_date":false,"open_ai":null,"ai":null,"created":"2021-03-08 18:20:59","updated":"2025-09-27 13:59:44"},"aioseo_breadcrumb":"<div class=\"aioseo-breadcrumbs\"><span class=\"aioseo-breadcrumb\">\n\t<a href=\"https:\/\/eldigitaldeasturias.com\/magazine365\" title=\"Home\">Home<\/a>\n<\/span><span class=\"aioseo-breadcrumb-separator\">\u2013<\/span><span class=\"aioseo-breadcrumb\">\n\t<a href=\"https:\/\/eldigitaldeasturias.com\/magazine365\/category\/noticias-actualidad\/\" title=\"Noticias y Actualidad\">Noticias y Actualidad<\/a>\n<\/span><span class=\"aioseo-breadcrumb-separator\">\u2013<\/span><span class=\"aioseo-breadcrumb\">\n\t<a href=\"https:\/\/eldigitaldeasturias.com\/magazine365\/el-aeropuerto-de-santander-acoge-un-simulacro-de-secuestro-aereo\/\" title=\"El aeropuerto de Santander acoge un simulacro de secuestro a\u00e9reo\">El aeropuerto de Santander acoge un simulacro de secuestro a\u00e9reo<\/a>\n<\/span><\/div>","aioseo_breadcrumb_json":[{"label":"Home","link":"https:\/\/eldigitaldeasturias.com\/magazine365"},{"label":"Noticias y Actualidad","link":"https:\/\/eldigitaldeasturias.com\/magazine365\/category\/noticias-actualidad\/"},{"label":"El aeropuerto de Santander acoge un simulacro de secuestro a\u00e9reo","link":"https:\/\/eldigitaldeasturias.com\/magazine365\/el-aeropuerto-de-santander-acoge-un-simulacro-de-secuestro-aereo\/"}],"_links":{"self":[{"href":"https:\/\/eldigitaldeasturias.com\/magazine365\/wp-json\/wp\/v2\/posts\/77041","targetHints":{"allow":["GET"]}}],"collection":[{"href":"https:\/\/eldigitaldeasturias.com\/magazine365\/wp-json\/wp\/v2\/posts"}],"about":[{"href":"https:\/\/eldigitaldeasturias.com\/magazine365\/wp-json\/wp\/v2\/types\/post"}],"author":[{"embeddable":true,"href":"https:\/\/eldigitaldeasturias.com\/magazine365\/wp-json\/wp\/v2\/users\/1"}],"replies":[{"embeddable":true,"href":"https:\/\/eldigitaldeasturias.com\/magazine365\/wp-json\/wp\/v2\/comments?post=77041"}],"version-history":[{"count":0,"href":"https:\/\/eldigitaldeasturias.com\/magazine365\/wp-json\/wp\/v2\/posts\/77041\/revisions"}],"wp:featuredmedia":[{"embeddable":true,"href":"https:\/\/eldigitaldeasturias.com\/magazine365\/wp-json\/wp\/v2\/media\/77042"}],"wp:attachment":[{"href":"https:\/\/eldigitaldeasturias.com\/magazine365\/wp-json\/wp\/v2\/media?parent=77041"}],"wp:term":[{"taxonomy":"category","embeddable":true,"href":"https:\/\/eldigitaldeasturias.com\/magazine365\/wp-json\/wp\/v2\/categories?post=77041"},{"taxonomy":"post_tag","embeddable":true,"href":"https:\/\/eldigitaldeasturias.com\/magazine365\/wp-json\/wp\/v2\/tags?post=77041"}],"curies":[{"name":"wp","href":"https:\/\/api.w.org\/{rel}","templated":true}]}}