{"id":77038,"date":"2016-05-25T07:54:42","date_gmt":"2016-05-25T05:54:42","guid":{"rendered":"http:\/\/eldigitaldeasturias.com\/magazine365\/?p=77038"},"modified":"2016-05-25T07:54:42","modified_gmt":"2016-05-25T05:54:42","slug":"el-ayuntamiento-de-santa-cruz-de-tenerife-reactivara-las-rutas-gastronomicas","status":"publish","type":"post","link":"https:\/\/eldigitaldeasturias.com\/magazine365\/el-ayuntamiento-de-santa-cruz-de-tenerife-reactivara-las-rutas-gastronomicas\/","title":{"rendered":"El Ayuntamiento de Santa Cruz de Tenerife reactivar\u00e1 las rutas gastron\u00f3micas"},"content":{"rendered":"<p><img fetchpriority=\"high\" decoding=\"async\" class=\"alignleft size-medium wp-image-77039\" src=\"https:\/\/eldigitaldeasturias.com\/magazine365\/wp-content\/uploads\/2016\/05\/fotonoticia_20160524191933_800-360x270.jpg\" alt=\"fotonoticia_20160524191933_800\" width=\"360\" height=\"270\" srcset=\"https:\/\/eldigitaldeasturias.com\/magazine365\/wp-content\/uploads\/2016\/05\/fotonoticia_20160524191933_800-360x270.jpg 360w, https:\/\/eldigitaldeasturias.com\/magazine365\/wp-content\/uploads\/2016\/05\/fotonoticia_20160524191933_800-650x488.jpg 650w, https:\/\/eldigitaldeasturias.com\/magazine365\/wp-content\/uploads\/2016\/05\/fotonoticia_20160524191933_800-768x576.jpg 768w, https:\/\/eldigitaldeasturias.com\/magazine365\/wp-content\/uploads\/2016\/05\/fotonoticia_20160524191933_800-150x113.jpg 150w, https:\/\/eldigitaldeasturias.com\/magazine365\/wp-content\/uploads\/2016\/05\/fotonoticia_20160524191933_800-450x338.jpg 450w, https:\/\/eldigitaldeasturias.com\/magazine365\/wp-content\/uploads\/2016\/05\/fotonoticia_20160524191933_800-90x67.jpg 90w, https:\/\/eldigitaldeasturias.com\/magazine365\/wp-content\/uploads\/2016\/05\/fotonoticia_20160524191933_800-164x124.jpg 164w, https:\/\/eldigitaldeasturias.com\/magazine365\/wp-content\/uploads\/2016\/05\/fotonoticia_20160524191933_800-100x75.jpg 100w, https:\/\/eldigitaldeasturias.com\/magazine365\/wp-content\/uploads\/2016\/05\/fotonoticia_20160524191933_800.jpg 800w\" sizes=\"(max-width: 360px) 100vw, 360px\" \/>El Ayuntamiento de Santa Cruz de Tenerife, a trav\u00e9s de la Sociedad de Desarrollo, reactivar\u00e1 las rutas gastron\u00f3micas por la capital tinerfe\u00f1a, dado que \u00ablos buenos resultados de las iniciativas puestas en marcha en los \u00faltimos meses ponen de manifiesto la necesidad de potenciar este tipo de ofertas con asiduidad\u00bb, seg\u00fan dijo hoy el concejal de Promoci\u00f3n Econ\u00f3mica, Alfonso Cabello.<\/p>\n<p>El edil, que mantuvo una reuni\u00f3n con los representantes de las asociaciones Zona Centro, Distrito 1 San Antonio y Soho Santa Cruz, en el marco del III Sal\u00f3n Gastron\u00f3mico de Canarias 2016, explic\u00f3 que son varias las asociaciones que se est\u00e1n implicando de manera activa en la realizaci\u00f3n de actividades y promociones gastron\u00f3micas por la ciudad, algo que desde el Consistorio \u00abdebemos apoyar de cara a la potenciaci\u00f3n de este sector como recurso tur\u00edstico\u00bb.<\/p>\n<p>Cabello a\u00f1adi\u00f3 que la gastronom\u00eda en Santa Cruz es \u00abun sector que est\u00e1 cogiendo mucha fuerza y el cometido del Ayuntamiento y de la Sociedad de Desarrollo es apoyar y potenciar estas iniciativas gastron\u00f3micas, que tambi\u00e9n funcionan como atractivo para vecinos y visitantes e inciden positivamente en la econom\u00eda de la ciudad\u00bb.<\/p>\n<p>En este sentido, hay que apuntar que 14 establecimientos de restauraci\u00f3n adscritos a la asociaci\u00f3n comercial Zona Centro han activado desde este lunes una promoci\u00f3n gastron\u00f3mica con ofertas de tapa y bebida por 2,50 euros hasta el pr\u00f3ximo 29 de mayo.<\/p>\n<p>La reuni\u00f3n con los promotores de las rutas gastron\u00f3micas ha servido tambi\u00e9n para recoger las propuestas desarrolladas por parte del tejido empresarial con el objetivo de coordinar las actuaciones de cara al establecimiento de una estrategia global municipal.<\/p>\n<p>Adem\u00e1s, en el stand de la Sociedad de Desarrollo se han celebrado a lo largo de la ma\u00f1ana varias presentaciones, entre ellas la del gerente del Mercado Nuestra Se\u00f1ora de \u00c1frica, Miguel \u00c1ngel Luis Ravelo, quien explic\u00f3 el modelo de gesti\u00f3n en el mercado municipal y abord\u00f3 la tem\u00e1tica de los mercados mixtos: mercado tradicional\/degustaci\u00f3n.<\/p>\n<p>Asimismo, a lo largo de la jornada se celebr\u00f3 un encuentro con el Hotel Escuela de Canarias (HECANSA) con el objetivo de recoger las aportaciones realizadas en cuanto a gastronom\u00eda y turismo se refiere, as\u00ed como identificar posibles l\u00edneas de colaboraci\u00f3n en estos \u00e1mbitos de actuaci\u00f3n.<\/p>\n<p>Adem\u00e1s, t\u00e9cnicos municipales realizaron varios asesoramientos empresariales a personas emprendedoras interesadas en poner en marcha un negocio de restauraci\u00f3n en la capital tinerfe\u00f1a.<\/p>\n<p>En el stand de la Sociedad de Desarrollo, adem\u00e1s, se entrega numeroso material promocional de la ciudad, como 2.000 cartas de servicios, 100 gu\u00edas tur\u00edsticas, 20 gu\u00edas Living Santa Cruz, 40 folletos del Bus Tur\u00edstico City Sightseeing y 350 folletos del palmetum, al tiempo que se realizan degustaciones de productos de anaga y caf\u00e9 cortes\u00eda de la empresa grano coffee services.<\/p>\n","protected":false},"excerpt":{"rendered":"<p>El Ayuntamiento de Santa Cruz de Tenerife, a trav\u00e9s de la Sociedad de Desarrollo, reactivar\u00e1 las rutas gastron\u00f3micas por la capital tinerfe\u00f1a, dado que \u00ablos buenos resultados de las iniciativas puestas en marcha en los \u00faltimos meses ponen de manifiesto la necesidad de potenciar este tipo de ofertas con asiduidad\u00bb, seg\u00fan dijo hoy el concejal<\/p>\n","protected":false},"author":1,"featured_media":77039,"comment_status":"open","ping_status":"closed","sticky":false,"template":"","format":"standard","meta":{"footnotes":""},"categories":[224],"tags":[],"class_list":{"0":"post-77038","1":"post","2":"type-post","3":"status-publish","4":"format-standard","5":"has-post-thumbnail","7":"category-noticias-actualidad"},"aioseo_notices":[],"aioseo_head":"\n\t\t<!-- All in One SEO Pro 4.9.6.1 - aioseo.com -->\n\t<meta name=\"description\" content=\"El Ayuntamiento de Santa Cruz de Tenerife, a trav\u00e9s de la Sociedad de Desarrollo, reactivar\u00e1 las rutas gastron\u00f3micas por la capital tinerfe\u00f1a, dado que &quot;los buenos resultados de las iniciativas puestas en marcha en los \u00faltimos meses ponen de manifiesto la necesidad de potenciar este tipo de ofertas con asiduidad&quot;, seg\u00fan dijo hoy el concejal\" \/>\n\t<meta name=\"robots\" content=\"max-image-preview:large\" \/>\n\t<meta name=\"author\" content=\"admin\"\/>\n\t<meta name=\"google-site-verification\" content=\"UA-38556648-1\" \/>\n\t<meta name=\"keywords\" content=\"noticias y actualidad\" \/>\n\t<link rel=\"canonical\" href=\"https:\/\/eldigitaldeasturias.com\/magazine365\/el-ayuntamiento-de-santa-cruz-de-tenerife-reactivara-las-rutas-gastronomicas\/\" \/>\n\t<meta name=\"generator\" content=\"All in One SEO Pro (AIOSEO) 4.9.6.1\" \/>\n\t\t<meta property=\"og:locale\" content=\"es_ES\" \/>\n\t\t<meta property=\"og:site_name\" content=\"El Digital de Asturias \u2013 Revista de ocio, turismo y estilo de vida\" \/>\n\t\t<meta property=\"og:type\" content=\"article\" \/>\n\t\t<meta property=\"og:title\" content=\"El Ayuntamiento de Santa Cruz de Tenerife reactivar\u00e1 las rutas gastron\u00f3micas | El Digital de Asturias\" \/>\n\t\t<meta property=\"og:description\" content=\"El Ayuntamiento de Santa Cruz de Tenerife, a trav\u00e9s de la Sociedad de Desarrollo, reactivar\u00e1 las rutas gastron\u00f3micas por la capital tinerfe\u00f1a, dado que &quot;los buenos resultados de las iniciativas puestas en marcha en los \u00faltimos meses ponen de manifiesto la necesidad de potenciar este tipo de ofertas con asiduidad&quot;, seg\u00fan dijo hoy el concejal\" \/>\n\t\t<meta property=\"og:url\" content=\"https:\/\/eldigitaldeasturias.com\/magazine365\/el-ayuntamiento-de-santa-cruz-de-tenerife-reactivara-las-rutas-gastronomicas\/\" \/>\n\t\t<meta property=\"og:image\" content=\"https:\/\/eldigitaldeasturias.com\/magazine365\/wp-content\/uploads\/2016\/05\/fotonoticia_20160524191933_800.jpg\" \/>\n\t\t<meta property=\"og:image:secure_url\" content=\"https:\/\/eldigitaldeasturias.com\/magazine365\/wp-content\/uploads\/2016\/05\/fotonoticia_20160524191933_800.jpg\" \/>\n\t\t<meta property=\"og:image:width\" content=\"800\" \/>\n\t\t<meta property=\"og:image:height\" content=\"600\" \/>\n\t\t<meta property=\"article:published_time\" content=\"2016-05-25T05:54:42+00:00\" \/>\n\t\t<meta property=\"article:modified_time\" content=\"2016-05-25T05:54:42+00:00\" \/>\n\t\t<meta name=\"twitter:card\" content=\"summary_large_image\" \/>\n\t\t<meta name=\"twitter:title\" content=\"El Ayuntamiento de Santa Cruz de Tenerife reactivar\u00e1 las rutas gastron\u00f3micas | El Digital de Asturias\" \/>\n\t\t<meta name=\"twitter:description\" content=\"El Ayuntamiento de Santa Cruz de Tenerife, a trav\u00e9s de la Sociedad de Desarrollo, reactivar\u00e1 las rutas gastron\u00f3micas por la capital tinerfe\u00f1a, dado que &quot;los buenos resultados de las iniciativas puestas en marcha en los \u00faltimos meses ponen de manifiesto la necesidad de potenciar este tipo de ofertas con asiduidad&quot;, seg\u00fan dijo hoy el concejal\" \/>\n\t\t<meta name=\"twitter:image\" content=\"https:\/\/eldigitaldeasturias.com\/magazine365\/wp-content\/uploads\/2016\/05\/fotonoticia_20160524191933_800.jpg\" \/>\n\t\t<script type=\"application\/ld+json\" class=\"aioseo-schema\">\n\t\t\t{\"@context\":\"https:\\\/\\\/schema.org\",\"@graph\":[{\"@type\":\"Article\",\"@id\":\"https:\\\/\\\/eldigitaldeasturias.com\\\/magazine365\\\/el-ayuntamiento-de-santa-cruz-de-tenerife-reactivara-las-rutas-gastronomicas\\\/#article\",\"name\":\"El Ayuntamiento de Santa Cruz de Tenerife reactivar\\u00e1 las rutas gastron\\u00f3micas | El Digital de Asturias\",\"headline\":\"El Ayuntamiento de Santa Cruz de Tenerife reactivar\\u00e1 las rutas gastron\\u00f3micas\",\"author\":{\"@id\":\"https:\\\/\\\/eldigitaldeasturias.com\\\/magazine365\\\/author\\\/admin\\\/#author\"},\"publisher\":{\"@id\":\"https:\\\/\\\/eldigitaldeasturias.com\\\/magazine365\\\/#organization\"},\"image\":{\"@type\":\"ImageObject\",\"url\":\"https:\\\/\\\/eldigitaldeasturias.com\\\/magazine365\\\/wp-content\\\/uploads\\\/2016\\\/05\\\/fotonoticia_20160524191933_800.jpg\",\"width\":800,\"height\":600},\"datePublished\":\"2016-05-25T07:54:42+02:00\",\"dateModified\":\"2016-05-25T07:54:42+02:00\",\"inLanguage\":\"es-ES\",\"mainEntityOfPage\":{\"@id\":\"https:\\\/\\\/eldigitaldeasturias.com\\\/magazine365\\\/el-ayuntamiento-de-santa-cruz-de-tenerife-reactivara-las-rutas-gastronomicas\\\/#webpage\"},\"isPartOf\":{\"@id\":\"https:\\\/\\\/eldigitaldeasturias.com\\\/magazine365\\\/el-ayuntamiento-de-santa-cruz-de-tenerife-reactivara-las-rutas-gastronomicas\\\/#webpage\"},\"articleSection\":\"Noticias y Actualidad\"},{\"@type\":\"BreadcrumbList\",\"@id\":\"https:\\\/\\\/eldigitaldeasturias.com\\\/magazine365\\\/el-ayuntamiento-de-santa-cruz-de-tenerife-reactivara-las-rutas-gastronomicas\\\/#breadcrumblist\",\"itemListElement\":[{\"@type\":\"ListItem\",\"@id\":\"https:\\\/\\\/eldigitaldeasturias.com\\\/magazine365#listItem\",\"position\":1,\"name\":\"Home\",\"item\":\"https:\\\/\\\/eldigitaldeasturias.com\\\/magazine365\",\"nextItem\":{\"@type\":\"ListItem\",\"@id\":\"https:\\\/\\\/eldigitaldeasturias.com\\\/magazine365\\\/category\\\/noticias-actualidad\\\/#listItem\",\"name\":\"Noticias y Actualidad\"}},{\"@type\":\"ListItem\",\"@id\":\"https:\\\/\\\/eldigitaldeasturias.com\\\/magazine365\\\/category\\\/noticias-actualidad\\\/#listItem\",\"position\":2,\"name\":\"Noticias y Actualidad\",\"item\":\"https:\\\/\\\/eldigitaldeasturias.com\\\/magazine365\\\/category\\\/noticias-actualidad\\\/\",\"nextItem\":{\"@type\":\"ListItem\",\"@id\":\"https:\\\/\\\/eldigitaldeasturias.com\\\/magazine365\\\/el-ayuntamiento-de-santa-cruz-de-tenerife-reactivara-las-rutas-gastronomicas\\\/#listItem\",\"name\":\"El Ayuntamiento de Santa Cruz de Tenerife reactivar\\u00e1 las rutas gastron\\u00f3micas\"},\"previousItem\":{\"@type\":\"ListItem\",\"@id\":\"https:\\\/\\\/eldigitaldeasturias.com\\\/magazine365#listItem\",\"name\":\"Home\"}},{\"@type\":\"ListItem\",\"@id\":\"https:\\\/\\\/eldigitaldeasturias.com\\\/magazine365\\\/el-ayuntamiento-de-santa-cruz-de-tenerife-reactivara-las-rutas-gastronomicas\\\/#listItem\",\"position\":3,\"name\":\"El Ayuntamiento de Santa Cruz de Tenerife reactivar\\u00e1 las rutas gastron\\u00f3micas\",\"previousItem\":{\"@type\":\"ListItem\",\"@id\":\"https:\\\/\\\/eldigitaldeasturias.com\\\/magazine365\\\/category\\\/noticias-actualidad\\\/#listItem\",\"name\":\"Noticias y Actualidad\"}}]},{\"@type\":\"Organization\",\"@id\":\"https:\\\/\\\/eldigitaldeasturias.com\\\/magazine365\\\/#organization\",\"name\":\"El digital de Asturias\",\"description\":\"Revista de ocio, turismo y estilo de vida\",\"url\":\"https:\\\/\\\/eldigitaldeasturias.com\\\/magazine365\\\/\",\"logo\":{\"@type\":\"ImageObject\",\"url\":\"https:\\\/\\\/www.eldigitaldeasturias.com\\\/noticias\\\/wp-content\\\/uploads\\\/2020\\\/12\\\/EDA.jpg\",\"@id\":\"https:\\\/\\\/eldigitaldeasturias.com\\\/magazine365\\\/el-ayuntamiento-de-santa-cruz-de-tenerife-reactivara-las-rutas-gastronomicas\\\/#organizationLogo\"},\"image\":{\"@id\":\"https:\\\/\\\/eldigitaldeasturias.com\\\/magazine365\\\/el-ayuntamiento-de-santa-cruz-de-tenerife-reactivara-las-rutas-gastronomicas\\\/#organizationLogo\"}},{\"@type\":\"Person\",\"@id\":\"https:\\\/\\\/eldigitaldeasturias.com\\\/magazine365\\\/author\\\/admin\\\/#author\",\"url\":\"https:\\\/\\\/eldigitaldeasturias.com\\\/magazine365\\\/author\\\/admin\\\/\",\"name\":\"admin\",\"image\":{\"@type\":\"ImageObject\",\"@id\":\"https:\\\/\\\/eldigitaldeasturias.com\\\/magazine365\\\/el-ayuntamiento-de-santa-cruz-de-tenerife-reactivara-las-rutas-gastronomicas\\\/#authorImage\",\"url\":\"https:\\\/\\\/eldigitaldeasturias.com\\\/magazine365\\\/wp-content\\\/litespeed\\\/avatar\\\/e571bcf59a0edd6fa6838245a470f2fe.jpg?ver=1777574230\",\"width\":96,\"height\":96,\"caption\":\"admin\"}},{\"@type\":\"WebPage\",\"@id\":\"https:\\\/\\\/eldigitaldeasturias.com\\\/magazine365\\\/el-ayuntamiento-de-santa-cruz-de-tenerife-reactivara-las-rutas-gastronomicas\\\/#webpage\",\"url\":\"https:\\\/\\\/eldigitaldeasturias.com\\\/magazine365\\\/el-ayuntamiento-de-santa-cruz-de-tenerife-reactivara-las-rutas-gastronomicas\\\/\",\"name\":\"El Ayuntamiento de Santa Cruz de Tenerife reactivar\\u00e1 las rutas gastron\\u00f3micas | El Digital de Asturias\",\"description\":\"El Ayuntamiento de Santa Cruz de Tenerife, a trav\\u00e9s de la Sociedad de Desarrollo, reactivar\\u00e1 las rutas gastron\\u00f3micas por la capital tinerfe\\u00f1a, dado que \\\"los buenos resultados de las iniciativas puestas en marcha en los \\u00faltimos meses ponen de manifiesto la necesidad de potenciar este tipo de ofertas con asiduidad\\\", seg\\u00fan dijo hoy el concejal\",\"inLanguage\":\"es-ES\",\"isPartOf\":{\"@id\":\"https:\\\/\\\/eldigitaldeasturias.com\\\/magazine365\\\/#website\"},\"breadcrumb\":{\"@id\":\"https:\\\/\\\/eldigitaldeasturias.com\\\/magazine365\\\/el-ayuntamiento-de-santa-cruz-de-tenerife-reactivara-las-rutas-gastronomicas\\\/#breadcrumblist\"},\"author\":{\"@id\":\"https:\\\/\\\/eldigitaldeasturias.com\\\/magazine365\\\/author\\\/admin\\\/#author\"},\"creator\":{\"@id\":\"https:\\\/\\\/eldigitaldeasturias.com\\\/magazine365\\\/author\\\/admin\\\/#author\"},\"image\":{\"@type\":\"ImageObject\",\"url\":\"https:\\\/\\\/eldigitaldeasturias.com\\\/magazine365\\\/wp-content\\\/uploads\\\/2016\\\/05\\\/fotonoticia_20160524191933_800.jpg\",\"@id\":\"https:\\\/\\\/eldigitaldeasturias.com\\\/magazine365\\\/el-ayuntamiento-de-santa-cruz-de-tenerife-reactivara-las-rutas-gastronomicas\\\/#mainImage\",\"width\":800,\"height\":600},\"primaryImageOfPage\":{\"@id\":\"https:\\\/\\\/eldigitaldeasturias.com\\\/magazine365\\\/el-ayuntamiento-de-santa-cruz-de-tenerife-reactivara-las-rutas-gastronomicas\\\/#mainImage\"},\"datePublished\":\"2016-05-25T07:54:42+02:00\",\"dateModified\":\"2016-05-25T07:54:42+02:00\"},{\"@type\":\"WebSite\",\"@id\":\"https:\\\/\\\/eldigitaldeasturias.com\\\/magazine365\\\/#website\",\"url\":\"https:\\\/\\\/eldigitaldeasturias.com\\\/magazine365\\\/\",\"name\":\"El Digital de Asturias\",\"description\":\"Revista de ocio, turismo y estilo de vida\",\"inLanguage\":\"es-ES\",\"publisher\":{\"@id\":\"https:\\\/\\\/eldigitaldeasturias.com\\\/magazine365\\\/#organization\"}}]}\n\t\t<\/script>\n\t\t<!-- All in One SEO Pro -->\r\n\t\t<title>El Ayuntamiento de Santa Cruz de Tenerife reactivar\u00e1 las rutas gastron\u00f3micas | El Digital de Asturias<\/title>\n\n","aioseo_head_json":{"title":"El Ayuntamiento de Santa Cruz de Tenerife reactivar\u00e1 las rutas gastron\u00f3micas | El Digital de Asturias","description":"El Ayuntamiento de Santa Cruz de Tenerife, a trav\u00e9s de la Sociedad de Desarrollo, reactivar\u00e1 las rutas gastron\u00f3micas por la capital tinerfe\u00f1a, dado que \"los buenos resultados de las iniciativas puestas en marcha en los \u00faltimos meses ponen de manifiesto la necesidad de potenciar este tipo de ofertas con asiduidad\", seg\u00fan dijo hoy el concejal","canonical_url":"https:\/\/eldigitaldeasturias.com\/magazine365\/el-ayuntamiento-de-santa-cruz-de-tenerife-reactivara-las-rutas-gastronomicas\/","robots":"max-image-preview:large","keywords":"noticias y actualidad","webmasterTools":{"google-site-verification":"UA-38556648-1","miscellaneous":""},"schema":{"@context":"https:\/\/schema.org","@graph":[{"@type":"Article","@id":"https:\/\/eldigitaldeasturias.com\/magazine365\/el-ayuntamiento-de-santa-cruz-de-tenerife-reactivara-las-rutas-gastronomicas\/#article","name":"El Ayuntamiento de Santa Cruz de Tenerife reactivar\u00e1 las rutas gastron\u00f3micas | El Digital de Asturias","headline":"El Ayuntamiento de Santa Cruz de Tenerife reactivar\u00e1 las rutas gastron\u00f3micas","author":{"@id":"https:\/\/eldigitaldeasturias.com\/magazine365\/author\/admin\/#author"},"publisher":{"@id":"https:\/\/eldigitaldeasturias.com\/magazine365\/#organization"},"image":{"@type":"ImageObject","url":"https:\/\/eldigitaldeasturias.com\/magazine365\/wp-content\/uploads\/2016\/05\/fotonoticia_20160524191933_800.jpg","width":800,"height":600},"datePublished":"2016-05-25T07:54:42+02:00","dateModified":"2016-05-25T07:54:42+02:00","inLanguage":"es-ES","mainEntityOfPage":{"@id":"https:\/\/eldigitaldeasturias.com\/magazine365\/el-ayuntamiento-de-santa-cruz-de-tenerife-reactivara-las-rutas-gastronomicas\/#webpage"},"isPartOf":{"@id":"https:\/\/eldigitaldeasturias.com\/magazine365\/el-ayuntamiento-de-santa-cruz-de-tenerife-reactivara-las-rutas-gastronomicas\/#webpage"},"articleSection":"Noticias y Actualidad"},{"@type":"BreadcrumbList","@id":"https:\/\/eldigitaldeasturias.com\/magazine365\/el-ayuntamiento-de-santa-cruz-de-tenerife-reactivara-las-rutas-gastronomicas\/#breadcrumblist","itemListElement":[{"@type":"ListItem","@id":"https:\/\/eldigitaldeasturias.com\/magazine365#listItem","position":1,"name":"Home","item":"https:\/\/eldigitaldeasturias.com\/magazine365","nextItem":{"@type":"ListItem","@id":"https:\/\/eldigitaldeasturias.com\/magazine365\/category\/noticias-actualidad\/#listItem","name":"Noticias y Actualidad"}},{"@type":"ListItem","@id":"https:\/\/eldigitaldeasturias.com\/magazine365\/category\/noticias-actualidad\/#listItem","position":2,"name":"Noticias y Actualidad","item":"https:\/\/eldigitaldeasturias.com\/magazine365\/category\/noticias-actualidad\/","nextItem":{"@type":"ListItem","@id":"https:\/\/eldigitaldeasturias.com\/magazine365\/el-ayuntamiento-de-santa-cruz-de-tenerife-reactivara-las-rutas-gastronomicas\/#listItem","name":"El Ayuntamiento de Santa Cruz de Tenerife reactivar\u00e1 las rutas gastron\u00f3micas"},"previousItem":{"@type":"ListItem","@id":"https:\/\/eldigitaldeasturias.com\/magazine365#listItem","name":"Home"}},{"@type":"ListItem","@id":"https:\/\/eldigitaldeasturias.com\/magazine365\/el-ayuntamiento-de-santa-cruz-de-tenerife-reactivara-las-rutas-gastronomicas\/#listItem","position":3,"name":"El Ayuntamiento de Santa Cruz de Tenerife reactivar\u00e1 las rutas gastron\u00f3micas","previousItem":{"@type":"ListItem","@id":"https:\/\/eldigitaldeasturias.com\/magazine365\/category\/noticias-actualidad\/#listItem","name":"Noticias y Actualidad"}}]},{"@type":"Organization","@id":"https:\/\/eldigitaldeasturias.com\/magazine365\/#organization","name":"El digital de Asturias","description":"Revista de ocio, turismo y estilo de vida","url":"https:\/\/eldigitaldeasturias.com\/magazine365\/","logo":{"@type":"ImageObject","url":"https:\/\/www.eldigitaldeasturias.com\/noticias\/wp-content\/uploads\/2020\/12\/EDA.jpg","@id":"https:\/\/eldigitaldeasturias.com\/magazine365\/el-ayuntamiento-de-santa-cruz-de-tenerife-reactivara-las-rutas-gastronomicas\/#organizationLogo"},"image":{"@id":"https:\/\/eldigitaldeasturias.com\/magazine365\/el-ayuntamiento-de-santa-cruz-de-tenerife-reactivara-las-rutas-gastronomicas\/#organizationLogo"}},{"@type":"Person","@id":"https:\/\/eldigitaldeasturias.com\/magazine365\/author\/admin\/#author","url":"https:\/\/eldigitaldeasturias.com\/magazine365\/author\/admin\/","name":"admin","image":{"@type":"ImageObject","@id":"https:\/\/eldigitaldeasturias.com\/magazine365\/el-ayuntamiento-de-santa-cruz-de-tenerife-reactivara-las-rutas-gastronomicas\/#authorImage","url":"https:\/\/eldigitaldeasturias.com\/magazine365\/wp-content\/litespeed\/avatar\/e571bcf59a0edd6fa6838245a470f2fe.jpg?ver=1777574230","width":96,"height":96,"caption":"admin"}},{"@type":"WebPage","@id":"https:\/\/eldigitaldeasturias.com\/magazine365\/el-ayuntamiento-de-santa-cruz-de-tenerife-reactivara-las-rutas-gastronomicas\/#webpage","url":"https:\/\/eldigitaldeasturias.com\/magazine365\/el-ayuntamiento-de-santa-cruz-de-tenerife-reactivara-las-rutas-gastronomicas\/","name":"El Ayuntamiento de Santa Cruz de Tenerife reactivar\u00e1 las rutas gastron\u00f3micas | El Digital de Asturias","description":"El Ayuntamiento de Santa Cruz de Tenerife, a trav\u00e9s de la Sociedad de Desarrollo, reactivar\u00e1 las rutas gastron\u00f3micas por la capital tinerfe\u00f1a, dado que \"los buenos resultados de las iniciativas puestas en marcha en los \u00faltimos meses ponen de manifiesto la necesidad de potenciar este tipo de ofertas con asiduidad\", seg\u00fan dijo hoy el concejal","inLanguage":"es-ES","isPartOf":{"@id":"https:\/\/eldigitaldeasturias.com\/magazine365\/#website"},"breadcrumb":{"@id":"https:\/\/eldigitaldeasturias.com\/magazine365\/el-ayuntamiento-de-santa-cruz-de-tenerife-reactivara-las-rutas-gastronomicas\/#breadcrumblist"},"author":{"@id":"https:\/\/eldigitaldeasturias.com\/magazine365\/author\/admin\/#author"},"creator":{"@id":"https:\/\/eldigitaldeasturias.com\/magazine365\/author\/admin\/#author"},"image":{"@type":"ImageObject","url":"https:\/\/eldigitaldeasturias.com\/magazine365\/wp-content\/uploads\/2016\/05\/fotonoticia_20160524191933_800.jpg","@id":"https:\/\/eldigitaldeasturias.com\/magazine365\/el-ayuntamiento-de-santa-cruz-de-tenerife-reactivara-las-rutas-gastronomicas\/#mainImage","width":800,"height":600},"primaryImageOfPage":{"@id":"https:\/\/eldigitaldeasturias.com\/magazine365\/el-ayuntamiento-de-santa-cruz-de-tenerife-reactivara-las-rutas-gastronomicas\/#mainImage"},"datePublished":"2016-05-25T07:54:42+02:00","dateModified":"2016-05-25T07:54:42+02:00"},{"@type":"WebSite","@id":"https:\/\/eldigitaldeasturias.com\/magazine365\/#website","url":"https:\/\/eldigitaldeasturias.com\/magazine365\/","name":"El Digital de Asturias","description":"Revista de ocio, turismo y estilo de vida","inLanguage":"es-ES","publisher":{"@id":"https:\/\/eldigitaldeasturias.com\/magazine365\/#organization"}}]},"og:locale":"es_ES","og:site_name":"El Digital de Asturias \u2013 Revista de ocio, turismo y estilo de vida","og:type":"article","og:title":"El Ayuntamiento de Santa Cruz de Tenerife reactivar\u00e1 las rutas gastron\u00f3micas | El Digital de Asturias","og:description":"El Ayuntamiento de Santa Cruz de Tenerife, a trav\u00e9s de la Sociedad de Desarrollo, reactivar\u00e1 las rutas gastron\u00f3micas por la capital tinerfe\u00f1a, dado que &quot;los buenos resultados de las iniciativas puestas en marcha en los \u00faltimos meses ponen de manifiesto la necesidad de potenciar este tipo de ofertas con asiduidad&quot;, seg\u00fan dijo hoy el concejal","og:url":"https:\/\/eldigitaldeasturias.com\/magazine365\/el-ayuntamiento-de-santa-cruz-de-tenerife-reactivara-las-rutas-gastronomicas\/","og:image":"https:\/\/eldigitaldeasturias.com\/magazine365\/wp-content\/uploads\/2016\/05\/fotonoticia_20160524191933_800.jpg","og:image:secure_url":"https:\/\/eldigitaldeasturias.com\/magazine365\/wp-content\/uploads\/2016\/05\/fotonoticia_20160524191933_800.jpg","og:image:width":800,"og:image:height":600,"article:published_time":"2016-05-25T05:54:42+00:00","article:modified_time":"2016-05-25T05:54:42+00:00","twitter:card":"summary_large_image","twitter:title":"El Ayuntamiento de Santa Cruz de Tenerife reactivar\u00e1 las rutas gastron\u00f3micas | El Digital de Asturias","twitter:description":"El Ayuntamiento de Santa Cruz de Tenerife, a trav\u00e9s de la Sociedad de Desarrollo, reactivar\u00e1 las rutas gastron\u00f3micas por la capital tinerfe\u00f1a, dado que &quot;los buenos resultados de las iniciativas puestas en marcha en los \u00faltimos meses ponen de manifiesto la necesidad de potenciar este tipo de ofertas con asiduidad&quot;, seg\u00fan dijo hoy el concejal","twitter:image":"https:\/\/eldigitaldeasturias.com\/magazine365\/wp-content\/uploads\/2016\/05\/fotonoticia_20160524191933_800.jpg"},"aioseo_meta_data":{"post_id":"77038","title":null,"description":null,"keywords":null,"keyphrases":null,"primary_term":null,"canonical_url":null,"og_title":null,"og_description":null,"og_object_type":"default","og_image_type":"default","og_image_url":null,"og_image_width":null,"og_image_height":null,"og_image_custom_url":null,"og_image_custom_fields":null,"og_video":null,"og_custom_url":null,"og_article_section":null,"og_article_tags":null,"twitter_use_og":false,"twitter_card":"default","twitter_image_type":"default","twitter_image_url":null,"twitter_image_custom_url":null,"twitter_image_custom_fields":null,"twitter_title":null,"twitter_description":null,"schema":{"blockGraphs":[],"customGraphs":[],"default":{"data":{"Article":[],"Course":[],"Dataset":[],"FAQPage":[],"Movie":[],"Person":[],"Product":[],"ProductReview":[],"Car":[],"Recipe":[],"Service":[],"SoftwareApplication":[],"WebPage":[]},"graphName":"","isEnabled":true},"graphs":[],"defaultGraph":"","defaultPostTypeGraph":""},"schema_type":null,"schema_type_options":null,"pillar_content":false,"robots_default":true,"robots_noindex":false,"robots_noarchive":false,"robots_nosnippet":false,"robots_nofollow":false,"robots_noimageindex":false,"robots_noodp":false,"robots_notranslate":false,"robots_max_snippet":null,"robots_max_videopreview":null,"robots_max_imagepreview":"large","priority":null,"frequency":null,"location":null,"local_seo":null,"seo_analyzer_scan_date":"2025-09-27 13:59:43","breadcrumb_settings":null,"limit_modified_date":false,"open_ai":null,"ai":null,"created":"2021-03-08 18:20:59","updated":"2025-09-27 13:59:43"},"aioseo_breadcrumb":"<div class=\"aioseo-breadcrumbs\"><span class=\"aioseo-breadcrumb\">\n\t<a href=\"https:\/\/eldigitaldeasturias.com\/magazine365\" title=\"Home\">Home<\/a>\n<\/span><span class=\"aioseo-breadcrumb-separator\">\u2013<\/span><span class=\"aioseo-breadcrumb\">\n\t<a href=\"https:\/\/eldigitaldeasturias.com\/magazine365\/category\/noticias-actualidad\/\" title=\"Noticias y Actualidad\">Noticias y Actualidad<\/a>\n<\/span><span class=\"aioseo-breadcrumb-separator\">\u2013<\/span><span class=\"aioseo-breadcrumb\">\n\t<a href=\"https:\/\/eldigitaldeasturias.com\/magazine365\/el-ayuntamiento-de-santa-cruz-de-tenerife-reactivara-las-rutas-gastronomicas\/\" title=\"El Ayuntamiento de Santa Cruz de Tenerife reactivar\u00e1 las rutas gastron\u00f3micas\">El Ayuntamiento de Santa Cruz de Tenerife reactivar\u00e1 las rutas gastron\u00f3micas<\/a>\n<\/span><\/div>","aioseo_breadcrumb_json":[{"label":"Home","link":"https:\/\/eldigitaldeasturias.com\/magazine365"},{"label":"Noticias y Actualidad","link":"https:\/\/eldigitaldeasturias.com\/magazine365\/category\/noticias-actualidad\/"},{"label":"El Ayuntamiento de Santa Cruz de Tenerife reactivar\u00e1 las rutas gastron\u00f3micas","link":"https:\/\/eldigitaldeasturias.com\/magazine365\/el-ayuntamiento-de-santa-cruz-de-tenerife-reactivara-las-rutas-gastronomicas\/"}],"_links":{"self":[{"href":"https:\/\/eldigitaldeasturias.com\/magazine365\/wp-json\/wp\/v2\/posts\/77038","targetHints":{"allow":["GET"]}}],"collection":[{"href":"https:\/\/eldigitaldeasturias.com\/magazine365\/wp-json\/wp\/v2\/posts"}],"about":[{"href":"https:\/\/eldigitaldeasturias.com\/magazine365\/wp-json\/wp\/v2\/types\/post"}],"author":[{"embeddable":true,"href":"https:\/\/eldigitaldeasturias.com\/magazine365\/wp-json\/wp\/v2\/users\/1"}],"replies":[{"embeddable":true,"href":"https:\/\/eldigitaldeasturias.com\/magazine365\/wp-json\/wp\/v2\/comments?post=77038"}],"version-history":[{"count":0,"href":"https:\/\/eldigitaldeasturias.com\/magazine365\/wp-json\/wp\/v2\/posts\/77038\/revisions"}],"wp:featuredmedia":[{"embeddable":true,"href":"https:\/\/eldigitaldeasturias.com\/magazine365\/wp-json\/wp\/v2\/media\/77039"}],"wp:attachment":[{"href":"https:\/\/eldigitaldeasturias.com\/magazine365\/wp-json\/wp\/v2\/media?parent=77038"}],"wp:term":[{"taxonomy":"category","embeddable":true,"href":"https:\/\/eldigitaldeasturias.com\/magazine365\/wp-json\/wp\/v2\/categories?post=77038"},{"taxonomy":"post_tag","embeddable":true,"href":"https:\/\/eldigitaldeasturias.com\/magazine365\/wp-json\/wp\/v2\/tags?post=77038"}],"curies":[{"name":"wp","href":"https:\/\/api.w.org\/{rel}","templated":true}]}}