{"id":77022,"date":"2016-05-25T07:19:57","date_gmt":"2016-05-25T05:19:57","guid":{"rendered":"http:\/\/eldigitaldeasturias.com\/magazine365\/?p=77022"},"modified":"2016-05-25T07:19:57","modified_gmt":"2016-05-25T05:19:57","slug":"norwegian-elevara-a-42-aviones-dreamliners-su-flota-de-largo-radio-para-2020","status":"publish","type":"post","link":"https:\/\/eldigitaldeasturias.com\/magazine365\/norwegian-elevara-a-42-aviones-dreamliners-su-flota-de-largo-radio-para-2020\/","title":{"rendered":"Norwegian elevar\u00e1 a 42 aviones &#8216;Dreamliners&#8217; su flota de largo radio para 2020"},"content":{"rendered":"<p><img fetchpriority=\"high\" decoding=\"async\" class=\"alignleft size-medium wp-image-77023\" src=\"https:\/\/eldigitaldeasturias.com\/magazine365\/wp-content\/uploads\/2016\/05\/fotonoticia_20160524184032_800-360x240.jpg\" alt=\"fotonoticia_20160524184032_800\" width=\"360\" height=\"240\" srcset=\"https:\/\/eldigitaldeasturias.com\/magazine365\/wp-content\/uploads\/2016\/05\/fotonoticia_20160524184032_800-360x240.jpg 360w, https:\/\/eldigitaldeasturias.com\/magazine365\/wp-content\/uploads\/2016\/05\/fotonoticia_20160524184032_800-650x434.jpg 650w, https:\/\/eldigitaldeasturias.com\/magazine365\/wp-content\/uploads\/2016\/05\/fotonoticia_20160524184032_800-768x513.jpg 768w, https:\/\/eldigitaldeasturias.com\/magazine365\/wp-content\/uploads\/2016\/05\/fotonoticia_20160524184032_800-150x100.jpg 150w, https:\/\/eldigitaldeasturias.com\/magazine365\/wp-content\/uploads\/2016\/05\/fotonoticia_20160524184032_800-450x300.jpg 450w, https:\/\/eldigitaldeasturias.com\/magazine365\/wp-content\/uploads\/2016\/05\/fotonoticia_20160524184032_800-101x66.jpg 101w, https:\/\/eldigitaldeasturias.com\/magazine365\/wp-content\/uploads\/2016\/05\/fotonoticia_20160524184032_800.jpg 800w\" sizes=\"(max-width: 360px) 100vw, 360px\" \/>Norwegian ha firmado con CIT Aerospace un acuerdo de alquiler para dos nuevos aviones 787-9 &#8216;Dreamliner&#8217; de Boeing, que ser\u00e1n entregados a la compa\u00f1\u00eda en la primavera de 2018, con lo que elevar\u00e1 su flota de largo radio a 42 aviones del modelo del constructor estadounidense para 2020, inform\u00f3 la compa\u00f1\u00eda noruega.<\/p>\n<p>Actualmente, la aerol\u00ednea opera ocho &#8216;Dremaliners&#8217; de la versi\u00f3n 787-8, con capacidad para 291 plazas, y dos aeronaves del 787-9, de 344 plazas. El grupo cuenta con un pedido en firme del 737 MAX8, siendo el cliente de lanzamiento en Europa, del que tambi\u00e9n est\u00e1 ejerciendo ocho de las cien opciones de compra.<\/p>\n<p>El 787-9 complementa la familia del 787 &#8216;Dreamliner&#8217;, con un fuselaje alargado en seis metros respecto a su antecesor (787-8). Volar\u00e1 un mayor volumen de pasajeros y carga a distancias m\u00e1s largas, con un consumo de combustible un 20% menor y un 20% menor en emisiones que aviones de medidas similares, seg\u00fan el fabricante.<\/p>\n<p>Por su parte, el 737 MAX 8 es la pr\u00f3xima generaci\u00f3n de aviones de corto y medio radio del constructor estadounidense que permite vuelos intercontinentales.<\/p>\n<p>En enero de 2012, Norwegian Air Shuttle, conocida con Norwegian, anunci\u00f3 un acuerdo con Airbus y Boeing para la compra de 222 nuevos aviones, en sendos &#8216;macropedidos&#8217; que inclu\u00edan la adquisici\u00f3n de 122 aviones al fabricante estadounidense Boeing &#8211;de ellos 100 unidades del nuevo 737 y 22 del MAX8 737-800 Next Generation&#8211; y 100 aviones del nuevo A320neo del fabricante europeo, as\u00ed como derechos de compra sobre otros 50 aviones del mismo modelo.<\/p>\n","protected":false},"excerpt":{"rendered":"<p>Norwegian ha firmado con CIT Aerospace un acuerdo de alquiler para dos nuevos aviones 787-9 &#8216;Dreamliner&#8217; de Boeing, que ser\u00e1n entregados a la compa\u00f1\u00eda en la primavera de 2018, con lo que elevar\u00e1 su flota de largo radio a 42 aviones del modelo del constructor estadounidense para 2020, inform\u00f3 la compa\u00f1\u00eda noruega. Actualmente, la aerol\u00ednea<\/p>\n","protected":false},"author":1,"featured_media":77023,"comment_status":"open","ping_status":"closed","sticky":false,"template":"","format":"standard","meta":{"footnotes":""},"categories":[224],"tags":[],"class_list":{"0":"post-77022","1":"post","2":"type-post","3":"status-publish","4":"format-standard","5":"has-post-thumbnail","7":"category-noticias-actualidad"},"aioseo_notices":[],"aioseo_head":"\n\t\t<!-- All in One SEO Pro 4.9.6.1 - aioseo.com -->\n\t<meta name=\"description\" content=\"Norwegian ha firmado con CIT Aerospace un acuerdo de alquiler para dos nuevos aviones 787-9 &#039;Dreamliner&#039; de Boeing, que ser\u00e1n entregados a la compa\u00f1\u00eda en la primavera de 2018, con lo que elevar\u00e1 su flota de largo radio a 42 aviones del modelo del constructor estadounidense para 2020, inform\u00f3 la compa\u00f1\u00eda noruega. Actualmente, la aerol\u00ednea\" \/>\n\t<meta name=\"robots\" content=\"max-image-preview:large\" \/>\n\t<meta name=\"author\" content=\"admin\"\/>\n\t<meta name=\"google-site-verification\" content=\"UA-38556648-1\" \/>\n\t<meta name=\"keywords\" content=\"noticias y actualidad\" \/>\n\t<link rel=\"canonical\" href=\"https:\/\/eldigitaldeasturias.com\/magazine365\/norwegian-elevara-a-42-aviones-dreamliners-su-flota-de-largo-radio-para-2020\/\" \/>\n\t<meta name=\"generator\" content=\"All in One SEO Pro (AIOSEO) 4.9.6.1\" \/>\n\t\t<meta property=\"og:locale\" content=\"es_ES\" \/>\n\t\t<meta property=\"og:site_name\" content=\"El Digital de Asturias \u2013 Revista de ocio, turismo y estilo de vida\" \/>\n\t\t<meta property=\"og:type\" content=\"article\" \/>\n\t\t<meta property=\"og:title\" content=\"Norwegian elevar\u00e1 a 42 aviones \u2018Dreamliners\u2019 su flota de largo radio para 2020 | El Digital de Asturias\" \/>\n\t\t<meta property=\"og:description\" content=\"Norwegian ha firmado con CIT Aerospace un acuerdo de alquiler para dos nuevos aviones 787-9 &#039;Dreamliner&#039; de Boeing, que ser\u00e1n entregados a la compa\u00f1\u00eda en la primavera de 2018, con lo que elevar\u00e1 su flota de largo radio a 42 aviones del modelo del constructor estadounidense para 2020, inform\u00f3 la compa\u00f1\u00eda noruega. Actualmente, la aerol\u00ednea\" \/>\n\t\t<meta property=\"og:url\" content=\"https:\/\/eldigitaldeasturias.com\/magazine365\/norwegian-elevara-a-42-aviones-dreamliners-su-flota-de-largo-radio-para-2020\/\" \/>\n\t\t<meta property=\"og:image\" content=\"https:\/\/eldigitaldeasturias.com\/magazine365\/wp-content\/uploads\/2016\/05\/fotonoticia_20160524184032_800.jpg\" \/>\n\t\t<meta property=\"og:image:secure_url\" content=\"https:\/\/eldigitaldeasturias.com\/magazine365\/wp-content\/uploads\/2016\/05\/fotonoticia_20160524184032_800.jpg\" \/>\n\t\t<meta property=\"og:image:width\" content=\"800\" \/>\n\t\t<meta property=\"og:image:height\" content=\"534\" \/>\n\t\t<meta property=\"article:published_time\" content=\"2016-05-25T05:19:57+00:00\" \/>\n\t\t<meta property=\"article:modified_time\" content=\"2016-05-25T05:19:57+00:00\" \/>\n\t\t<meta name=\"twitter:card\" content=\"summary_large_image\" \/>\n\t\t<meta name=\"twitter:title\" content=\"Norwegian elevar\u00e1 a 42 aviones \u2018Dreamliners\u2019 su flota de largo radio para 2020 | El Digital de Asturias\" \/>\n\t\t<meta name=\"twitter:description\" content=\"Norwegian ha firmado con CIT Aerospace un acuerdo de alquiler para dos nuevos aviones 787-9 &#039;Dreamliner&#039; de Boeing, que ser\u00e1n entregados a la compa\u00f1\u00eda en la primavera de 2018, con lo que elevar\u00e1 su flota de largo radio a 42 aviones del modelo del constructor estadounidense para 2020, inform\u00f3 la compa\u00f1\u00eda noruega. Actualmente, la aerol\u00ednea\" \/>\n\t\t<meta name=\"twitter:image\" content=\"https:\/\/eldigitaldeasturias.com\/magazine365\/wp-content\/uploads\/2016\/05\/fotonoticia_20160524184032_800.jpg\" \/>\n\t\t<script type=\"application\/ld+json\" class=\"aioseo-schema\">\n\t\t\t{\"@context\":\"https:\\\/\\\/schema.org\",\"@graph\":[{\"@type\":\"Article\",\"@id\":\"https:\\\/\\\/eldigitaldeasturias.com\\\/magazine365\\\/norwegian-elevara-a-42-aviones-dreamliners-su-flota-de-largo-radio-para-2020\\\/#article\",\"name\":\"Norwegian elevar\\u00e1 a 42 aviones \\u2018Dreamliners\\u2019 su flota de largo radio para 2020 | El Digital de Asturias\",\"headline\":\"Norwegian elevar\\u00e1 a 42 aviones &#8216;Dreamliners&#8217; su flota de largo radio para 2020\",\"author\":{\"@id\":\"https:\\\/\\\/eldigitaldeasturias.com\\\/magazine365\\\/author\\\/admin\\\/#author\"},\"publisher\":{\"@id\":\"https:\\\/\\\/eldigitaldeasturias.com\\\/magazine365\\\/#organization\"},\"image\":{\"@type\":\"ImageObject\",\"url\":\"https:\\\/\\\/eldigitaldeasturias.com\\\/magazine365\\\/wp-content\\\/uploads\\\/2016\\\/05\\\/fotonoticia_20160524184032_800.jpg\",\"width\":800,\"height\":534},\"datePublished\":\"2016-05-25T07:19:57+02:00\",\"dateModified\":\"2016-05-25T07:19:57+02:00\",\"inLanguage\":\"es-ES\",\"mainEntityOfPage\":{\"@id\":\"https:\\\/\\\/eldigitaldeasturias.com\\\/magazine365\\\/norwegian-elevara-a-42-aviones-dreamliners-su-flota-de-largo-radio-para-2020\\\/#webpage\"},\"isPartOf\":{\"@id\":\"https:\\\/\\\/eldigitaldeasturias.com\\\/magazine365\\\/norwegian-elevara-a-42-aviones-dreamliners-su-flota-de-largo-radio-para-2020\\\/#webpage\"},\"articleSection\":\"Noticias y Actualidad\"},{\"@type\":\"BreadcrumbList\",\"@id\":\"https:\\\/\\\/eldigitaldeasturias.com\\\/magazine365\\\/norwegian-elevara-a-42-aviones-dreamliners-su-flota-de-largo-radio-para-2020\\\/#breadcrumblist\",\"itemListElement\":[{\"@type\":\"ListItem\",\"@id\":\"https:\\\/\\\/eldigitaldeasturias.com\\\/magazine365#listItem\",\"position\":1,\"name\":\"Home\",\"item\":\"https:\\\/\\\/eldigitaldeasturias.com\\\/magazine365\",\"nextItem\":{\"@type\":\"ListItem\",\"@id\":\"https:\\\/\\\/eldigitaldeasturias.com\\\/magazine365\\\/category\\\/noticias-actualidad\\\/#listItem\",\"name\":\"Noticias y Actualidad\"}},{\"@type\":\"ListItem\",\"@id\":\"https:\\\/\\\/eldigitaldeasturias.com\\\/magazine365\\\/category\\\/noticias-actualidad\\\/#listItem\",\"position\":2,\"name\":\"Noticias y Actualidad\",\"item\":\"https:\\\/\\\/eldigitaldeasturias.com\\\/magazine365\\\/category\\\/noticias-actualidad\\\/\",\"nextItem\":{\"@type\":\"ListItem\",\"@id\":\"https:\\\/\\\/eldigitaldeasturias.com\\\/magazine365\\\/norwegian-elevara-a-42-aviones-dreamliners-su-flota-de-largo-radio-para-2020\\\/#listItem\",\"name\":\"Norwegian elevar\\u00e1 a 42 aviones &#8216;Dreamliners&#8217; su flota de largo radio para 2020\"},\"previousItem\":{\"@type\":\"ListItem\",\"@id\":\"https:\\\/\\\/eldigitaldeasturias.com\\\/magazine365#listItem\",\"name\":\"Home\"}},{\"@type\":\"ListItem\",\"@id\":\"https:\\\/\\\/eldigitaldeasturias.com\\\/magazine365\\\/norwegian-elevara-a-42-aviones-dreamliners-su-flota-de-largo-radio-para-2020\\\/#listItem\",\"position\":3,\"name\":\"Norwegian elevar\\u00e1 a 42 aviones &#8216;Dreamliners&#8217; su flota de largo radio para 2020\",\"previousItem\":{\"@type\":\"ListItem\",\"@id\":\"https:\\\/\\\/eldigitaldeasturias.com\\\/magazine365\\\/category\\\/noticias-actualidad\\\/#listItem\",\"name\":\"Noticias y Actualidad\"}}]},{\"@type\":\"Organization\",\"@id\":\"https:\\\/\\\/eldigitaldeasturias.com\\\/magazine365\\\/#organization\",\"name\":\"El digital de Asturias\",\"description\":\"Revista de ocio, turismo y estilo de vida\",\"url\":\"https:\\\/\\\/eldigitaldeasturias.com\\\/magazine365\\\/\",\"logo\":{\"@type\":\"ImageObject\",\"url\":\"https:\\\/\\\/www.eldigitaldeasturias.com\\\/noticias\\\/wp-content\\\/uploads\\\/2020\\\/12\\\/EDA.jpg\",\"@id\":\"https:\\\/\\\/eldigitaldeasturias.com\\\/magazine365\\\/norwegian-elevara-a-42-aviones-dreamliners-su-flota-de-largo-radio-para-2020\\\/#organizationLogo\"},\"image\":{\"@id\":\"https:\\\/\\\/eldigitaldeasturias.com\\\/magazine365\\\/norwegian-elevara-a-42-aviones-dreamliners-su-flota-de-largo-radio-para-2020\\\/#organizationLogo\"}},{\"@type\":\"Person\",\"@id\":\"https:\\\/\\\/eldigitaldeasturias.com\\\/magazine365\\\/author\\\/admin\\\/#author\",\"url\":\"https:\\\/\\\/eldigitaldeasturias.com\\\/magazine365\\\/author\\\/admin\\\/\",\"name\":\"admin\",\"image\":{\"@type\":\"ImageObject\",\"@id\":\"https:\\\/\\\/eldigitaldeasturias.com\\\/magazine365\\\/norwegian-elevara-a-42-aviones-dreamliners-su-flota-de-largo-radio-para-2020\\\/#authorImage\",\"url\":\"https:\\\/\\\/eldigitaldeasturias.com\\\/magazine365\\\/wp-content\\\/litespeed\\\/avatar\\\/e571bcf59a0edd6fa6838245a470f2fe.jpg?ver=1777574230\",\"width\":96,\"height\":96,\"caption\":\"admin\"}},{\"@type\":\"WebPage\",\"@id\":\"https:\\\/\\\/eldigitaldeasturias.com\\\/magazine365\\\/norwegian-elevara-a-42-aviones-dreamliners-su-flota-de-largo-radio-para-2020\\\/#webpage\",\"url\":\"https:\\\/\\\/eldigitaldeasturias.com\\\/magazine365\\\/norwegian-elevara-a-42-aviones-dreamliners-su-flota-de-largo-radio-para-2020\\\/\",\"name\":\"Norwegian elevar\\u00e1 a 42 aviones \\u2018Dreamliners\\u2019 su flota de largo radio para 2020 | El Digital de Asturias\",\"description\":\"Norwegian ha firmado con CIT Aerospace un acuerdo de alquiler para dos nuevos aviones 787-9 'Dreamliner' de Boeing, que ser\\u00e1n entregados a la compa\\u00f1\\u00eda en la primavera de 2018, con lo que elevar\\u00e1 su flota de largo radio a 42 aviones del modelo del constructor estadounidense para 2020, inform\\u00f3 la compa\\u00f1\\u00eda noruega. Actualmente, la aerol\\u00ednea\",\"inLanguage\":\"es-ES\",\"isPartOf\":{\"@id\":\"https:\\\/\\\/eldigitaldeasturias.com\\\/magazine365\\\/#website\"},\"breadcrumb\":{\"@id\":\"https:\\\/\\\/eldigitaldeasturias.com\\\/magazine365\\\/norwegian-elevara-a-42-aviones-dreamliners-su-flota-de-largo-radio-para-2020\\\/#breadcrumblist\"},\"author\":{\"@id\":\"https:\\\/\\\/eldigitaldeasturias.com\\\/magazine365\\\/author\\\/admin\\\/#author\"},\"creator\":{\"@id\":\"https:\\\/\\\/eldigitaldeasturias.com\\\/magazine365\\\/author\\\/admin\\\/#author\"},\"image\":{\"@type\":\"ImageObject\",\"url\":\"https:\\\/\\\/eldigitaldeasturias.com\\\/magazine365\\\/wp-content\\\/uploads\\\/2016\\\/05\\\/fotonoticia_20160524184032_800.jpg\",\"@id\":\"https:\\\/\\\/eldigitaldeasturias.com\\\/magazine365\\\/norwegian-elevara-a-42-aviones-dreamliners-su-flota-de-largo-radio-para-2020\\\/#mainImage\",\"width\":800,\"height\":534},\"primaryImageOfPage\":{\"@id\":\"https:\\\/\\\/eldigitaldeasturias.com\\\/magazine365\\\/norwegian-elevara-a-42-aviones-dreamliners-su-flota-de-largo-radio-para-2020\\\/#mainImage\"},\"datePublished\":\"2016-05-25T07:19:57+02:00\",\"dateModified\":\"2016-05-25T07:19:57+02:00\"},{\"@type\":\"WebSite\",\"@id\":\"https:\\\/\\\/eldigitaldeasturias.com\\\/magazine365\\\/#website\",\"url\":\"https:\\\/\\\/eldigitaldeasturias.com\\\/magazine365\\\/\",\"name\":\"El Digital de Asturias\",\"description\":\"Revista de ocio, turismo y estilo de vida\",\"inLanguage\":\"es-ES\",\"publisher\":{\"@id\":\"https:\\\/\\\/eldigitaldeasturias.com\\\/magazine365\\\/#organization\"}}]}\n\t\t<\/script>\n\t\t<!-- All in One SEO Pro -->\r\n\t\t<title>Norwegian elevar\u00e1 a 42 aviones \u2018Dreamliners\u2019 su flota de largo radio para 2020 | El Digital de Asturias<\/title>\n\n","aioseo_head_json":{"title":"Norwegian elevar\u00e1 a 42 aviones \u2018Dreamliners\u2019 su flota de largo radio para 2020 | El Digital de Asturias","description":"Norwegian ha firmado con CIT Aerospace un acuerdo de alquiler para dos nuevos aviones 787-9 'Dreamliner' de Boeing, que ser\u00e1n entregados a la compa\u00f1\u00eda en la primavera de 2018, con lo que elevar\u00e1 su flota de largo radio a 42 aviones del modelo del constructor estadounidense para 2020, inform\u00f3 la compa\u00f1\u00eda noruega. Actualmente, la aerol\u00ednea","canonical_url":"https:\/\/eldigitaldeasturias.com\/magazine365\/norwegian-elevara-a-42-aviones-dreamliners-su-flota-de-largo-radio-para-2020\/","robots":"max-image-preview:large","keywords":"noticias y actualidad","webmasterTools":{"google-site-verification":"UA-38556648-1","miscellaneous":""},"schema":{"@context":"https:\/\/schema.org","@graph":[{"@type":"Article","@id":"https:\/\/eldigitaldeasturias.com\/magazine365\/norwegian-elevara-a-42-aviones-dreamliners-su-flota-de-largo-radio-para-2020\/#article","name":"Norwegian elevar\u00e1 a 42 aviones \u2018Dreamliners\u2019 su flota de largo radio para 2020 | El Digital de Asturias","headline":"Norwegian elevar\u00e1 a 42 aviones &#8216;Dreamliners&#8217; su flota de largo radio para 2020","author":{"@id":"https:\/\/eldigitaldeasturias.com\/magazine365\/author\/admin\/#author"},"publisher":{"@id":"https:\/\/eldigitaldeasturias.com\/magazine365\/#organization"},"image":{"@type":"ImageObject","url":"https:\/\/eldigitaldeasturias.com\/magazine365\/wp-content\/uploads\/2016\/05\/fotonoticia_20160524184032_800.jpg","width":800,"height":534},"datePublished":"2016-05-25T07:19:57+02:00","dateModified":"2016-05-25T07:19:57+02:00","inLanguage":"es-ES","mainEntityOfPage":{"@id":"https:\/\/eldigitaldeasturias.com\/magazine365\/norwegian-elevara-a-42-aviones-dreamliners-su-flota-de-largo-radio-para-2020\/#webpage"},"isPartOf":{"@id":"https:\/\/eldigitaldeasturias.com\/magazine365\/norwegian-elevara-a-42-aviones-dreamliners-su-flota-de-largo-radio-para-2020\/#webpage"},"articleSection":"Noticias y Actualidad"},{"@type":"BreadcrumbList","@id":"https:\/\/eldigitaldeasturias.com\/magazine365\/norwegian-elevara-a-42-aviones-dreamliners-su-flota-de-largo-radio-para-2020\/#breadcrumblist","itemListElement":[{"@type":"ListItem","@id":"https:\/\/eldigitaldeasturias.com\/magazine365#listItem","position":1,"name":"Home","item":"https:\/\/eldigitaldeasturias.com\/magazine365","nextItem":{"@type":"ListItem","@id":"https:\/\/eldigitaldeasturias.com\/magazine365\/category\/noticias-actualidad\/#listItem","name":"Noticias y Actualidad"}},{"@type":"ListItem","@id":"https:\/\/eldigitaldeasturias.com\/magazine365\/category\/noticias-actualidad\/#listItem","position":2,"name":"Noticias y Actualidad","item":"https:\/\/eldigitaldeasturias.com\/magazine365\/category\/noticias-actualidad\/","nextItem":{"@type":"ListItem","@id":"https:\/\/eldigitaldeasturias.com\/magazine365\/norwegian-elevara-a-42-aviones-dreamliners-su-flota-de-largo-radio-para-2020\/#listItem","name":"Norwegian elevar\u00e1 a 42 aviones &#8216;Dreamliners&#8217; su flota de largo radio para 2020"},"previousItem":{"@type":"ListItem","@id":"https:\/\/eldigitaldeasturias.com\/magazine365#listItem","name":"Home"}},{"@type":"ListItem","@id":"https:\/\/eldigitaldeasturias.com\/magazine365\/norwegian-elevara-a-42-aviones-dreamliners-su-flota-de-largo-radio-para-2020\/#listItem","position":3,"name":"Norwegian elevar\u00e1 a 42 aviones &#8216;Dreamliners&#8217; su flota de largo radio para 2020","previousItem":{"@type":"ListItem","@id":"https:\/\/eldigitaldeasturias.com\/magazine365\/category\/noticias-actualidad\/#listItem","name":"Noticias y Actualidad"}}]},{"@type":"Organization","@id":"https:\/\/eldigitaldeasturias.com\/magazine365\/#organization","name":"El digital de Asturias","description":"Revista de ocio, turismo y estilo de vida","url":"https:\/\/eldigitaldeasturias.com\/magazine365\/","logo":{"@type":"ImageObject","url":"https:\/\/www.eldigitaldeasturias.com\/noticias\/wp-content\/uploads\/2020\/12\/EDA.jpg","@id":"https:\/\/eldigitaldeasturias.com\/magazine365\/norwegian-elevara-a-42-aviones-dreamliners-su-flota-de-largo-radio-para-2020\/#organizationLogo"},"image":{"@id":"https:\/\/eldigitaldeasturias.com\/magazine365\/norwegian-elevara-a-42-aviones-dreamliners-su-flota-de-largo-radio-para-2020\/#organizationLogo"}},{"@type":"Person","@id":"https:\/\/eldigitaldeasturias.com\/magazine365\/author\/admin\/#author","url":"https:\/\/eldigitaldeasturias.com\/magazine365\/author\/admin\/","name":"admin","image":{"@type":"ImageObject","@id":"https:\/\/eldigitaldeasturias.com\/magazine365\/norwegian-elevara-a-42-aviones-dreamliners-su-flota-de-largo-radio-para-2020\/#authorImage","url":"https:\/\/eldigitaldeasturias.com\/magazine365\/wp-content\/litespeed\/avatar\/e571bcf59a0edd6fa6838245a470f2fe.jpg?ver=1777574230","width":96,"height":96,"caption":"admin"}},{"@type":"WebPage","@id":"https:\/\/eldigitaldeasturias.com\/magazine365\/norwegian-elevara-a-42-aviones-dreamliners-su-flota-de-largo-radio-para-2020\/#webpage","url":"https:\/\/eldigitaldeasturias.com\/magazine365\/norwegian-elevara-a-42-aviones-dreamliners-su-flota-de-largo-radio-para-2020\/","name":"Norwegian elevar\u00e1 a 42 aviones \u2018Dreamliners\u2019 su flota de largo radio para 2020 | El Digital de Asturias","description":"Norwegian ha firmado con CIT Aerospace un acuerdo de alquiler para dos nuevos aviones 787-9 'Dreamliner' de Boeing, que ser\u00e1n entregados a la compa\u00f1\u00eda en la primavera de 2018, con lo que elevar\u00e1 su flota de largo radio a 42 aviones del modelo del constructor estadounidense para 2020, inform\u00f3 la compa\u00f1\u00eda noruega. Actualmente, la aerol\u00ednea","inLanguage":"es-ES","isPartOf":{"@id":"https:\/\/eldigitaldeasturias.com\/magazine365\/#website"},"breadcrumb":{"@id":"https:\/\/eldigitaldeasturias.com\/magazine365\/norwegian-elevara-a-42-aviones-dreamliners-su-flota-de-largo-radio-para-2020\/#breadcrumblist"},"author":{"@id":"https:\/\/eldigitaldeasturias.com\/magazine365\/author\/admin\/#author"},"creator":{"@id":"https:\/\/eldigitaldeasturias.com\/magazine365\/author\/admin\/#author"},"image":{"@type":"ImageObject","url":"https:\/\/eldigitaldeasturias.com\/magazine365\/wp-content\/uploads\/2016\/05\/fotonoticia_20160524184032_800.jpg","@id":"https:\/\/eldigitaldeasturias.com\/magazine365\/norwegian-elevara-a-42-aviones-dreamliners-su-flota-de-largo-radio-para-2020\/#mainImage","width":800,"height":534},"primaryImageOfPage":{"@id":"https:\/\/eldigitaldeasturias.com\/magazine365\/norwegian-elevara-a-42-aviones-dreamliners-su-flota-de-largo-radio-para-2020\/#mainImage"},"datePublished":"2016-05-25T07:19:57+02:00","dateModified":"2016-05-25T07:19:57+02:00"},{"@type":"WebSite","@id":"https:\/\/eldigitaldeasturias.com\/magazine365\/#website","url":"https:\/\/eldigitaldeasturias.com\/magazine365\/","name":"El Digital de Asturias","description":"Revista de ocio, turismo y estilo de vida","inLanguage":"es-ES","publisher":{"@id":"https:\/\/eldigitaldeasturias.com\/magazine365\/#organization"}}]},"og:locale":"es_ES","og:site_name":"El Digital de Asturias \u2013 Revista de ocio, turismo y estilo de vida","og:type":"article","og:title":"Norwegian elevar\u00e1 a 42 aviones \u2018Dreamliners\u2019 su flota de largo radio para 2020 | El Digital de Asturias","og:description":"Norwegian ha firmado con CIT Aerospace un acuerdo de alquiler para dos nuevos aviones 787-9 'Dreamliner' de Boeing, que ser\u00e1n entregados a la compa\u00f1\u00eda en la primavera de 2018, con lo que elevar\u00e1 su flota de largo radio a 42 aviones del modelo del constructor estadounidense para 2020, inform\u00f3 la compa\u00f1\u00eda noruega. Actualmente, la aerol\u00ednea","og:url":"https:\/\/eldigitaldeasturias.com\/magazine365\/norwegian-elevara-a-42-aviones-dreamliners-su-flota-de-largo-radio-para-2020\/","og:image":"https:\/\/eldigitaldeasturias.com\/magazine365\/wp-content\/uploads\/2016\/05\/fotonoticia_20160524184032_800.jpg","og:image:secure_url":"https:\/\/eldigitaldeasturias.com\/magazine365\/wp-content\/uploads\/2016\/05\/fotonoticia_20160524184032_800.jpg","og:image:width":800,"og:image:height":534,"article:published_time":"2016-05-25T05:19:57+00:00","article:modified_time":"2016-05-25T05:19:57+00:00","twitter:card":"summary_large_image","twitter:title":"Norwegian elevar\u00e1 a 42 aviones \u2018Dreamliners\u2019 su flota de largo radio para 2020 | El Digital de Asturias","twitter:description":"Norwegian ha firmado con CIT Aerospace un acuerdo de alquiler para dos nuevos aviones 787-9 'Dreamliner' de Boeing, que ser\u00e1n entregados a la compa\u00f1\u00eda en la primavera de 2018, con lo que elevar\u00e1 su flota de largo radio a 42 aviones del modelo del constructor estadounidense para 2020, inform\u00f3 la compa\u00f1\u00eda noruega. Actualmente, la aerol\u00ednea","twitter:image":"https:\/\/eldigitaldeasturias.com\/magazine365\/wp-content\/uploads\/2016\/05\/fotonoticia_20160524184032_800.jpg"},"aioseo_meta_data":{"post_id":"77022","title":null,"description":null,"keywords":null,"keyphrases":null,"primary_term":null,"canonical_url":null,"og_title":null,"og_description":null,"og_object_type":"default","og_image_type":"default","og_image_url":null,"og_image_width":null,"og_image_height":null,"og_image_custom_url":null,"og_image_custom_fields":null,"og_video":null,"og_custom_url":null,"og_article_section":null,"og_article_tags":null,"twitter_use_og":false,"twitter_card":"default","twitter_image_type":"default","twitter_image_url":null,"twitter_image_custom_url":null,"twitter_image_custom_fields":null,"twitter_title":null,"twitter_description":null,"schema":{"blockGraphs":[],"customGraphs":[],"default":{"data":{"Article":[],"Course":[],"Dataset":[],"FAQPage":[],"Movie":[],"Person":[],"Product":[],"ProductReview":[],"Car":[],"Recipe":[],"Service":[],"SoftwareApplication":[],"WebPage":[]},"graphName":"","isEnabled":true},"graphs":[],"defaultGraph":"","defaultPostTypeGraph":""},"schema_type":null,"schema_type_options":null,"pillar_content":false,"robots_default":true,"robots_noindex":false,"robots_noarchive":false,"robots_nosnippet":false,"robots_nofollow":false,"robots_noimageindex":false,"robots_noodp":false,"robots_notranslate":false,"robots_max_snippet":null,"robots_max_videopreview":null,"robots_max_imagepreview":"large","priority":null,"frequency":null,"location":null,"local_seo":null,"seo_analyzer_scan_date":"2025-09-27 13:56:40","breadcrumb_settings":null,"limit_modified_date":false,"open_ai":null,"ai":null,"created":"2021-03-08 18:20:59","updated":"2025-09-27 13:56:40"},"aioseo_breadcrumb":"<div class=\"aioseo-breadcrumbs\"><span class=\"aioseo-breadcrumb\">\n\t<a href=\"https:\/\/eldigitaldeasturias.com\/magazine365\" title=\"Home\">Home<\/a>\n<\/span><span class=\"aioseo-breadcrumb-separator\">\u2013<\/span><span class=\"aioseo-breadcrumb\">\n\t<a href=\"https:\/\/eldigitaldeasturias.com\/magazine365\/category\/noticias-actualidad\/\" title=\"Noticias y Actualidad\">Noticias y Actualidad<\/a>\n<\/span><span class=\"aioseo-breadcrumb-separator\">\u2013<\/span><span class=\"aioseo-breadcrumb\">\n\t<a href=\"https:\/\/eldigitaldeasturias.com\/magazine365\/norwegian-elevara-a-42-aviones-dreamliners-su-flota-de-largo-radio-para-2020\/\" title=\"Norwegian elevar\u00e1 a 42 aviones \u2018Dreamliners\u2019 su flota de largo radio para 2020\">Norwegian elevar\u00e1 a 42 aviones \u2018Dreamliners\u2019 su flota de largo radio para 2020<\/a>\n<\/span><\/div>","aioseo_breadcrumb_json":[{"label":"Home","link":"https:\/\/eldigitaldeasturias.com\/magazine365"},{"label":"Noticias y Actualidad","link":"https:\/\/eldigitaldeasturias.com\/magazine365\/category\/noticias-actualidad\/"},{"label":"Norwegian elevar\u00e1 a 42 aviones &#8216;Dreamliners&#8217; su flota de largo radio para 2020","link":"https:\/\/eldigitaldeasturias.com\/magazine365\/norwegian-elevara-a-42-aviones-dreamliners-su-flota-de-largo-radio-para-2020\/"}],"_links":{"self":[{"href":"https:\/\/eldigitaldeasturias.com\/magazine365\/wp-json\/wp\/v2\/posts\/77022","targetHints":{"allow":["GET"]}}],"collection":[{"href":"https:\/\/eldigitaldeasturias.com\/magazine365\/wp-json\/wp\/v2\/posts"}],"about":[{"href":"https:\/\/eldigitaldeasturias.com\/magazine365\/wp-json\/wp\/v2\/types\/post"}],"author":[{"embeddable":true,"href":"https:\/\/eldigitaldeasturias.com\/magazine365\/wp-json\/wp\/v2\/users\/1"}],"replies":[{"embeddable":true,"href":"https:\/\/eldigitaldeasturias.com\/magazine365\/wp-json\/wp\/v2\/comments?post=77022"}],"version-history":[{"count":0,"href":"https:\/\/eldigitaldeasturias.com\/magazine365\/wp-json\/wp\/v2\/posts\/77022\/revisions"}],"wp:featuredmedia":[{"embeddable":true,"href":"https:\/\/eldigitaldeasturias.com\/magazine365\/wp-json\/wp\/v2\/media\/77023"}],"wp:attachment":[{"href":"https:\/\/eldigitaldeasturias.com\/magazine365\/wp-json\/wp\/v2\/media?parent=77022"}],"wp:term":[{"taxonomy":"category","embeddable":true,"href":"https:\/\/eldigitaldeasturias.com\/magazine365\/wp-json\/wp\/v2\/categories?post=77022"},{"taxonomy":"post_tag","embeddable":true,"href":"https:\/\/eldigitaldeasturias.com\/magazine365\/wp-json\/wp\/v2\/tags?post=77022"}],"curies":[{"name":"wp","href":"https:\/\/api.w.org\/{rel}","templated":true}]}}