{"id":77010,"date":"2016-05-25T07:16:34","date_gmt":"2016-05-25T05:16:34","guid":{"rendered":"http:\/\/eldigitaldeasturias.com\/magazine365\/?p=77010"},"modified":"2016-05-25T07:16:34","modified_gmt":"2016-05-25T05:16:34","slug":"la-cueva-pintada-de-galdar-celebra-sus-10-anos-de-apertura","status":"publish","type":"post","link":"https:\/\/eldigitaldeasturias.com\/magazine365\/la-cueva-pintada-de-galdar-celebra-sus-10-anos-de-apertura\/","title":{"rendered":"La Cueva Pintada de G\u00e1ldar celebra sus 10 a\u00f1os de apertura"},"content":{"rendered":"<p><img fetchpriority=\"high\" decoding=\"async\" class=\"alignleft size-medium wp-image-77011\" src=\"https:\/\/eldigitaldeasturias.com\/magazine365\/wp-content\/uploads\/2016\/05\/fotonoticia_20160524170934_800-360x270.jpg\" alt=\"fotonoticia_20160524170934_800\" width=\"360\" height=\"270\" srcset=\"https:\/\/eldigitaldeasturias.com\/magazine365\/wp-content\/uploads\/2016\/05\/fotonoticia_20160524170934_800-360x270.jpg 360w, https:\/\/eldigitaldeasturias.com\/magazine365\/wp-content\/uploads\/2016\/05\/fotonoticia_20160524170934_800-650x488.jpg 650w, https:\/\/eldigitaldeasturias.com\/magazine365\/wp-content\/uploads\/2016\/05\/fotonoticia_20160524170934_800-768x576.jpg 768w, https:\/\/eldigitaldeasturias.com\/magazine365\/wp-content\/uploads\/2016\/05\/fotonoticia_20160524170934_800-150x113.jpg 150w, https:\/\/eldigitaldeasturias.com\/magazine365\/wp-content\/uploads\/2016\/05\/fotonoticia_20160524170934_800-450x338.jpg 450w, https:\/\/eldigitaldeasturias.com\/magazine365\/wp-content\/uploads\/2016\/05\/fotonoticia_20160524170934_800-90x67.jpg 90w, https:\/\/eldigitaldeasturias.com\/magazine365\/wp-content\/uploads\/2016\/05\/fotonoticia_20160524170934_800-164x124.jpg 164w, https:\/\/eldigitaldeasturias.com\/magazine365\/wp-content\/uploads\/2016\/05\/fotonoticia_20160524170934_800-100x75.jpg 100w, https:\/\/eldigitaldeasturias.com\/magazine365\/wp-content\/uploads\/2016\/05\/fotonoticia_20160524170934_800.jpg 800w\" sizes=\"(max-width: 360px) 100vw, 360px\" \/>La Cueva Pintada de G\u00e1ldar (Gran Canaria) celebra sus diez a\u00f1os de apertura con un intercambio de piezas con el Museo de Altamira para lo que ambos centros llevar\u00e1n a cabo una exposici\u00f3n simult\u00e1nea donde el arte prehist\u00f3rico grancanario viajar\u00e1 hasta la Pen\u00ednsula y, por primera vez, el arte paleol\u00edtico se podr\u00e1 ver en Canarias.<\/p>\n<p>Esta es una de las diferentes acciones que se han previsto en un programa para conmemorar los diez a\u00f1os de apertura de la Cueva Pintada que entre junio y diciembre celebrar\u00e1 ponencias, jornadas y muestras.<\/p>\n<p>As\u00ed lo han dado a conocer este martes, en rueda de prensa, el presidente del Cabildo de Gran Canaria, Antonio Morales, junto al consejero insular de Cultura, Carlos Ruiz; el alcalde de G\u00e1ldar, Teodoro Sosa; la directora de la Cueva Pintada, Carmen Rodr\u00edguez; y la subdirectora del Museo Nacional y Centro de Investigaci\u00f3n de Altamira, Pilar Fat\u00e1s.<\/p>\n<p>En este sentido, Morales ha destacado que la Cueva Pintada ha sido \u00abuno de los grandes instrumentos para la investigaci\u00f3n, para la difusi\u00f3n\u00bb del patrimonio. As\u00ed, record\u00f3 que en estos diez a\u00f1os se ha logrado un espacio \u00abmuy importante\u00bb tanto para el municipio de G\u00e1ldar como para la isla, que ha supuesto \u00abun incentivo econ\u00f3mico extraordinario\u00bb.<\/p>\n<p>Adem\u00e1s, indic\u00f3 que en este tiempo han visitado el yacimiento arqueol\u00f3gico prehisp\u00e1nico Cueva Pintada m\u00e1s de 600.000 personas, por lo que calific\u00f3 como un \u00abextraordinario Museo\u00bb que se abri\u00f3 al p\u00fablico tal y como se encuentra en el a\u00f1o 2006 \u00abmarcando un antes y un despu\u00e9s en el modelo de gesti\u00f3n y puesta en valor del rico patrimonio cultural y arqueol\u00f3gico de Canarias\u00bb.<\/p>\n<p>Por su parte, el consejero insular de Cultura resalt\u00f3 que este centro ha posibilitado descubrir \u00abun sinf\u00edn de posibilidades y experiencias alrededor del pasado aborigen en una dimensi\u00f3n cient\u00edfica y pedag\u00f3gica\u00bb que posibilita perpetuar su legado.<\/p>\n<p>La directora de la Cueva Pintada, Carmen Rodr\u00edguez, destac\u00f3 la importancia de la exposici\u00f3n que se llevar\u00e1 a cabo de forma simult\u00e1nea con Altamira, ya que se plantea \u00abun viaje como un di\u00e1logo\u00bb donde los dos espacios, \u00abalejados en el tiempo y por miles de kil\u00f3metros, tienen algo en com\u00fan: la necesidad que tiene el ser humano de expresarse simb\u00f3licamente\u00bb.<\/p>\n<p>\u00abDos lugares que tienen forma distinta de manifestar su forma de vivir en sociedad, su forma de relacionarse con el entorno, su forma de vivir en las entra\u00f1as de la tierra. Son muy distintas pero al final ese largo viaje nos lleva siempre a un destino com\u00fan, que es el arte y la expresi\u00f3n simb\u00f3lica que esas comunidades humanas necesitan\u00bb, apostill\u00f3.<\/p>\n<p>Agreg\u00f3 que desde la Cueva Pintada todav\u00eda deben seleccionar el material que enviar\u00e1n a Altamira aunque se refiri\u00f3 que enviar\u00e1n punzones, esp\u00e1tulas o limpiadores, entre otros.<\/p>\n<p>Por su parte, la subdirectora del Museo Nacional y Centro de Investigaci\u00f3n de Altamira, Pilar Fat\u00e1s, indic\u00f3 que desde Altamira han seleccionado unas 80 piezas que recalar\u00e1n en Gran Canaria y donde se podr\u00e1n encontrar objetos de todo tipo, desde \u00fatiles de la vida cotidiana hasta los de cazar y de decoraci\u00f3n. Adem\u00e1s, a\u00f1adi\u00f3, se podr\u00e1n ver las pinturas rupestres a trav\u00e9s de las im\u00e1genes que se expondr\u00e1n en la Cueva Pintada.<\/p>\n<p>EL CONJUNTO DE LA CUEVA PINTADA<\/p>\n<p>El conjunto muse\u00edstico de la Cueva Pintada, donde trabaja un equipo de investigaci\u00f3n, tiene una superficie total de 9.464 metros cuadrados en el que se acoge el edificio del museo, el poblado prehisp\u00e1nico, la Cueva Pintada y varias aulas did\u00e1cticas. Sin embargo, a\u00fan existen bolsas arqueol\u00f3gicas sin excavar de 2.000 metros de superficie.<\/p>\n<p>As\u00ed, la Cueva Pintada es un poblado prehisp\u00e1nico que fue descubierto en 1873 por un agricultor de G\u00e1ldar llamado Jos\u00e9 Ramos Orihuela, siendo este uno de los &#8216;m\u00e1s singulares&#8217; de Espa\u00f1a por sus caracter\u00edsticas. Posteriormente, en 1970 comenzar\u00edan las primeras obras de protecci\u00f3n para, en 1972 ser declarado Bien de Inter\u00e9s Cultural (BIC) y Monumento Hist\u00f3rico-Art\u00edstico Nacional, abri\u00e9ndose entonces al p\u00fablico.<\/p>\n<p>Sin embargo, en 1980 se comenzar\u00edan a notar los primeros indicios del deterioro de las pinturas, lo que oblig\u00f3 a su cierre al p\u00fablico. Finalmente, la Cueva Pintada tal y como se conoce actualmente abri\u00f3 sus puertas en el a\u00f1o 2006 tras ejecutarse un proyecto que se inici\u00f3 en el a\u00f1o 2002 y en el que se invirtieron casi 5 millones de euros por parte del Cabildo.<\/p>\n<p>Por \u00faltimo, la directora de la Cueva Pintada se\u00f1al\u00f3 que el futuro se plantea ahora como la necesidad de consolidar el posicionamiento que est\u00e1 teniendo en el mundo de la investigaci\u00f3n y muse\u00edstico.<\/p>\n","protected":false},"excerpt":{"rendered":"<p>La Cueva Pintada de G\u00e1ldar (Gran Canaria) celebra sus diez a\u00f1os de apertura con un intercambio de piezas con el Museo de Altamira para lo que ambos centros llevar\u00e1n a cabo una exposici\u00f3n simult\u00e1nea donde el arte prehist\u00f3rico grancanario viajar\u00e1 hasta la Pen\u00ednsula y, por primera vez, el arte paleol\u00edtico se podr\u00e1 ver en Canarias.<\/p>\n","protected":false},"author":1,"featured_media":77011,"comment_status":"open","ping_status":"closed","sticky":false,"template":"","format":"standard","meta":{"footnotes":""},"categories":[224],"tags":[],"class_list":{"0":"post-77010","1":"post","2":"type-post","3":"status-publish","4":"format-standard","5":"has-post-thumbnail","7":"category-noticias-actualidad"},"aioseo_notices":[],"aioseo_head":"\n\t\t<!-- All in One SEO Pro 4.9.6.1 - aioseo.com -->\n\t<meta name=\"description\" content=\"La Cueva Pintada de G\u00e1ldar (Gran Canaria) celebra sus diez a\u00f1os de apertura con un intercambio de piezas con el Museo de Altamira para lo que ambos centros llevar\u00e1n a cabo una exposici\u00f3n simult\u00e1nea donde el arte prehist\u00f3rico grancanario viajar\u00e1 hasta la Pen\u00ednsula y, por primera vez, el arte paleol\u00edtico se podr\u00e1 ver en Canarias.\" \/>\n\t<meta name=\"robots\" content=\"max-image-preview:large\" \/>\n\t<meta name=\"author\" content=\"admin\"\/>\n\t<meta name=\"google-site-verification\" content=\"UA-38556648-1\" \/>\n\t<meta name=\"keywords\" content=\"noticias y actualidad\" \/>\n\t<link rel=\"canonical\" href=\"https:\/\/eldigitaldeasturias.com\/magazine365\/la-cueva-pintada-de-galdar-celebra-sus-10-anos-de-apertura\/\" \/>\n\t<meta name=\"generator\" content=\"All in One SEO Pro (AIOSEO) 4.9.6.1\" \/>\n\t\t<meta property=\"og:locale\" content=\"es_ES\" \/>\n\t\t<meta property=\"og:site_name\" content=\"El Digital de Asturias \u2013 Revista de ocio, turismo y estilo de vida\" \/>\n\t\t<meta property=\"og:type\" content=\"article\" \/>\n\t\t<meta property=\"og:title\" content=\"La Cueva Pintada de G\u00e1ldar celebra sus 10 a\u00f1os de apertura | El Digital de Asturias\" \/>\n\t\t<meta property=\"og:description\" content=\"La Cueva Pintada de G\u00e1ldar (Gran Canaria) celebra sus diez a\u00f1os de apertura con un intercambio de piezas con el Museo de Altamira para lo que ambos centros llevar\u00e1n a cabo una exposici\u00f3n simult\u00e1nea donde el arte prehist\u00f3rico grancanario viajar\u00e1 hasta la Pen\u00ednsula y, por primera vez, el arte paleol\u00edtico se podr\u00e1 ver en Canarias.\" \/>\n\t\t<meta property=\"og:url\" content=\"https:\/\/eldigitaldeasturias.com\/magazine365\/la-cueva-pintada-de-galdar-celebra-sus-10-anos-de-apertura\/\" \/>\n\t\t<meta property=\"og:image\" content=\"https:\/\/eldigitaldeasturias.com\/magazine365\/wp-content\/uploads\/2016\/05\/fotonoticia_20160524170934_800.jpg\" \/>\n\t\t<meta property=\"og:image:secure_url\" content=\"https:\/\/eldigitaldeasturias.com\/magazine365\/wp-content\/uploads\/2016\/05\/fotonoticia_20160524170934_800.jpg\" \/>\n\t\t<meta property=\"og:image:width\" content=\"800\" \/>\n\t\t<meta property=\"og:image:height\" content=\"600\" \/>\n\t\t<meta property=\"article:published_time\" content=\"2016-05-25T05:16:34+00:00\" \/>\n\t\t<meta property=\"article:modified_time\" content=\"2016-05-25T05:16:34+00:00\" \/>\n\t\t<meta name=\"twitter:card\" content=\"summary_large_image\" \/>\n\t\t<meta name=\"twitter:title\" content=\"La Cueva Pintada de G\u00e1ldar celebra sus 10 a\u00f1os de apertura | El Digital de Asturias\" \/>\n\t\t<meta name=\"twitter:description\" content=\"La Cueva Pintada de G\u00e1ldar (Gran Canaria) celebra sus diez a\u00f1os de apertura con un intercambio de piezas con el Museo de Altamira para lo que ambos centros llevar\u00e1n a cabo una exposici\u00f3n simult\u00e1nea donde el arte prehist\u00f3rico grancanario viajar\u00e1 hasta la Pen\u00ednsula y, por primera vez, el arte paleol\u00edtico se podr\u00e1 ver en Canarias.\" \/>\n\t\t<meta name=\"twitter:image\" content=\"https:\/\/eldigitaldeasturias.com\/magazine365\/wp-content\/uploads\/2016\/05\/fotonoticia_20160524170934_800.jpg\" \/>\n\t\t<script type=\"application\/ld+json\" class=\"aioseo-schema\">\n\t\t\t{\"@context\":\"https:\\\/\\\/schema.org\",\"@graph\":[{\"@type\":\"Article\",\"@id\":\"https:\\\/\\\/eldigitaldeasturias.com\\\/magazine365\\\/la-cueva-pintada-de-galdar-celebra-sus-10-anos-de-apertura\\\/#article\",\"name\":\"La Cueva Pintada de G\\u00e1ldar celebra sus 10 a\\u00f1os de apertura | El Digital de Asturias\",\"headline\":\"La Cueva Pintada de G\\u00e1ldar celebra sus 10 a\\u00f1os de apertura\",\"author\":{\"@id\":\"https:\\\/\\\/eldigitaldeasturias.com\\\/magazine365\\\/author\\\/admin\\\/#author\"},\"publisher\":{\"@id\":\"https:\\\/\\\/eldigitaldeasturias.com\\\/magazine365\\\/#organization\"},\"image\":{\"@type\":\"ImageObject\",\"url\":\"https:\\\/\\\/eldigitaldeasturias.com\\\/magazine365\\\/wp-content\\\/uploads\\\/2016\\\/05\\\/fotonoticia_20160524170934_800.jpg\",\"width\":800,\"height\":600},\"datePublished\":\"2016-05-25T07:16:34+02:00\",\"dateModified\":\"2016-05-25T07:16:34+02:00\",\"inLanguage\":\"es-ES\",\"mainEntityOfPage\":{\"@id\":\"https:\\\/\\\/eldigitaldeasturias.com\\\/magazine365\\\/la-cueva-pintada-de-galdar-celebra-sus-10-anos-de-apertura\\\/#webpage\"},\"isPartOf\":{\"@id\":\"https:\\\/\\\/eldigitaldeasturias.com\\\/magazine365\\\/la-cueva-pintada-de-galdar-celebra-sus-10-anos-de-apertura\\\/#webpage\"},\"articleSection\":\"Noticias y Actualidad\"},{\"@type\":\"BreadcrumbList\",\"@id\":\"https:\\\/\\\/eldigitaldeasturias.com\\\/magazine365\\\/la-cueva-pintada-de-galdar-celebra-sus-10-anos-de-apertura\\\/#breadcrumblist\",\"itemListElement\":[{\"@type\":\"ListItem\",\"@id\":\"https:\\\/\\\/eldigitaldeasturias.com\\\/magazine365#listItem\",\"position\":1,\"name\":\"Home\",\"item\":\"https:\\\/\\\/eldigitaldeasturias.com\\\/magazine365\",\"nextItem\":{\"@type\":\"ListItem\",\"@id\":\"https:\\\/\\\/eldigitaldeasturias.com\\\/magazine365\\\/category\\\/noticias-actualidad\\\/#listItem\",\"name\":\"Noticias y Actualidad\"}},{\"@type\":\"ListItem\",\"@id\":\"https:\\\/\\\/eldigitaldeasturias.com\\\/magazine365\\\/category\\\/noticias-actualidad\\\/#listItem\",\"position\":2,\"name\":\"Noticias y Actualidad\",\"item\":\"https:\\\/\\\/eldigitaldeasturias.com\\\/magazine365\\\/category\\\/noticias-actualidad\\\/\",\"nextItem\":{\"@type\":\"ListItem\",\"@id\":\"https:\\\/\\\/eldigitaldeasturias.com\\\/magazine365\\\/la-cueva-pintada-de-galdar-celebra-sus-10-anos-de-apertura\\\/#listItem\",\"name\":\"La Cueva Pintada de G\\u00e1ldar celebra sus 10 a\\u00f1os de apertura\"},\"previousItem\":{\"@type\":\"ListItem\",\"@id\":\"https:\\\/\\\/eldigitaldeasturias.com\\\/magazine365#listItem\",\"name\":\"Home\"}},{\"@type\":\"ListItem\",\"@id\":\"https:\\\/\\\/eldigitaldeasturias.com\\\/magazine365\\\/la-cueva-pintada-de-galdar-celebra-sus-10-anos-de-apertura\\\/#listItem\",\"position\":3,\"name\":\"La Cueva Pintada de G\\u00e1ldar celebra sus 10 a\\u00f1os de apertura\",\"previousItem\":{\"@type\":\"ListItem\",\"@id\":\"https:\\\/\\\/eldigitaldeasturias.com\\\/magazine365\\\/category\\\/noticias-actualidad\\\/#listItem\",\"name\":\"Noticias y Actualidad\"}}]},{\"@type\":\"Organization\",\"@id\":\"https:\\\/\\\/eldigitaldeasturias.com\\\/magazine365\\\/#organization\",\"name\":\"El digital de Asturias\",\"description\":\"Revista de ocio, turismo y estilo de vida\",\"url\":\"https:\\\/\\\/eldigitaldeasturias.com\\\/magazine365\\\/\",\"logo\":{\"@type\":\"ImageObject\",\"url\":\"https:\\\/\\\/www.eldigitaldeasturias.com\\\/noticias\\\/wp-content\\\/uploads\\\/2020\\\/12\\\/EDA.jpg\",\"@id\":\"https:\\\/\\\/eldigitaldeasturias.com\\\/magazine365\\\/la-cueva-pintada-de-galdar-celebra-sus-10-anos-de-apertura\\\/#organizationLogo\"},\"image\":{\"@id\":\"https:\\\/\\\/eldigitaldeasturias.com\\\/magazine365\\\/la-cueva-pintada-de-galdar-celebra-sus-10-anos-de-apertura\\\/#organizationLogo\"}},{\"@type\":\"Person\",\"@id\":\"https:\\\/\\\/eldigitaldeasturias.com\\\/magazine365\\\/author\\\/admin\\\/#author\",\"url\":\"https:\\\/\\\/eldigitaldeasturias.com\\\/magazine365\\\/author\\\/admin\\\/\",\"name\":\"admin\",\"image\":{\"@type\":\"ImageObject\",\"@id\":\"https:\\\/\\\/eldigitaldeasturias.com\\\/magazine365\\\/la-cueva-pintada-de-galdar-celebra-sus-10-anos-de-apertura\\\/#authorImage\",\"url\":\"https:\\\/\\\/eldigitaldeasturias.com\\\/magazine365\\\/wp-content\\\/litespeed\\\/avatar\\\/e571bcf59a0edd6fa6838245a470f2fe.jpg?ver=1777574230\",\"width\":96,\"height\":96,\"caption\":\"admin\"}},{\"@type\":\"WebPage\",\"@id\":\"https:\\\/\\\/eldigitaldeasturias.com\\\/magazine365\\\/la-cueva-pintada-de-galdar-celebra-sus-10-anos-de-apertura\\\/#webpage\",\"url\":\"https:\\\/\\\/eldigitaldeasturias.com\\\/magazine365\\\/la-cueva-pintada-de-galdar-celebra-sus-10-anos-de-apertura\\\/\",\"name\":\"La Cueva Pintada de G\\u00e1ldar celebra sus 10 a\\u00f1os de apertura | El Digital de Asturias\",\"description\":\"La Cueva Pintada de G\\u00e1ldar (Gran Canaria) celebra sus diez a\\u00f1os de apertura con un intercambio de piezas con el Museo de Altamira para lo que ambos centros llevar\\u00e1n a cabo una exposici\\u00f3n simult\\u00e1nea donde el arte prehist\\u00f3rico grancanario viajar\\u00e1 hasta la Pen\\u00ednsula y, por primera vez, el arte paleol\\u00edtico se podr\\u00e1 ver en Canarias.\",\"inLanguage\":\"es-ES\",\"isPartOf\":{\"@id\":\"https:\\\/\\\/eldigitaldeasturias.com\\\/magazine365\\\/#website\"},\"breadcrumb\":{\"@id\":\"https:\\\/\\\/eldigitaldeasturias.com\\\/magazine365\\\/la-cueva-pintada-de-galdar-celebra-sus-10-anos-de-apertura\\\/#breadcrumblist\"},\"author\":{\"@id\":\"https:\\\/\\\/eldigitaldeasturias.com\\\/magazine365\\\/author\\\/admin\\\/#author\"},\"creator\":{\"@id\":\"https:\\\/\\\/eldigitaldeasturias.com\\\/magazine365\\\/author\\\/admin\\\/#author\"},\"image\":{\"@type\":\"ImageObject\",\"url\":\"https:\\\/\\\/eldigitaldeasturias.com\\\/magazine365\\\/wp-content\\\/uploads\\\/2016\\\/05\\\/fotonoticia_20160524170934_800.jpg\",\"@id\":\"https:\\\/\\\/eldigitaldeasturias.com\\\/magazine365\\\/la-cueva-pintada-de-galdar-celebra-sus-10-anos-de-apertura\\\/#mainImage\",\"width\":800,\"height\":600},\"primaryImageOfPage\":{\"@id\":\"https:\\\/\\\/eldigitaldeasturias.com\\\/magazine365\\\/la-cueva-pintada-de-galdar-celebra-sus-10-anos-de-apertura\\\/#mainImage\"},\"datePublished\":\"2016-05-25T07:16:34+02:00\",\"dateModified\":\"2016-05-25T07:16:34+02:00\"},{\"@type\":\"WebSite\",\"@id\":\"https:\\\/\\\/eldigitaldeasturias.com\\\/magazine365\\\/#website\",\"url\":\"https:\\\/\\\/eldigitaldeasturias.com\\\/magazine365\\\/\",\"name\":\"El Digital de Asturias\",\"description\":\"Revista de ocio, turismo y estilo de vida\",\"inLanguage\":\"es-ES\",\"publisher\":{\"@id\":\"https:\\\/\\\/eldigitaldeasturias.com\\\/magazine365\\\/#organization\"}}]}\n\t\t<\/script>\n\t\t<!-- All in One SEO Pro -->\r\n\t\t<title>La Cueva Pintada de G\u00e1ldar celebra sus 10 a\u00f1os de apertura | El Digital de Asturias<\/title>\n\n","aioseo_head_json":{"title":"La Cueva Pintada de G\u00e1ldar celebra sus 10 a\u00f1os de apertura | El Digital de Asturias","description":"La Cueva Pintada de G\u00e1ldar (Gran Canaria) celebra sus diez a\u00f1os de apertura con un intercambio de piezas con el Museo de Altamira para lo que ambos centros llevar\u00e1n a cabo una exposici\u00f3n simult\u00e1nea donde el arte prehist\u00f3rico grancanario viajar\u00e1 hasta la Pen\u00ednsula y, por primera vez, el arte paleol\u00edtico se podr\u00e1 ver en Canarias.","canonical_url":"https:\/\/eldigitaldeasturias.com\/magazine365\/la-cueva-pintada-de-galdar-celebra-sus-10-anos-de-apertura\/","robots":"max-image-preview:large","keywords":"noticias y actualidad","webmasterTools":{"google-site-verification":"UA-38556648-1","miscellaneous":""},"schema":{"@context":"https:\/\/schema.org","@graph":[{"@type":"Article","@id":"https:\/\/eldigitaldeasturias.com\/magazine365\/la-cueva-pintada-de-galdar-celebra-sus-10-anos-de-apertura\/#article","name":"La Cueva Pintada de G\u00e1ldar celebra sus 10 a\u00f1os de apertura | El Digital de Asturias","headline":"La Cueva Pintada de G\u00e1ldar celebra sus 10 a\u00f1os de apertura","author":{"@id":"https:\/\/eldigitaldeasturias.com\/magazine365\/author\/admin\/#author"},"publisher":{"@id":"https:\/\/eldigitaldeasturias.com\/magazine365\/#organization"},"image":{"@type":"ImageObject","url":"https:\/\/eldigitaldeasturias.com\/magazine365\/wp-content\/uploads\/2016\/05\/fotonoticia_20160524170934_800.jpg","width":800,"height":600},"datePublished":"2016-05-25T07:16:34+02:00","dateModified":"2016-05-25T07:16:34+02:00","inLanguage":"es-ES","mainEntityOfPage":{"@id":"https:\/\/eldigitaldeasturias.com\/magazine365\/la-cueva-pintada-de-galdar-celebra-sus-10-anos-de-apertura\/#webpage"},"isPartOf":{"@id":"https:\/\/eldigitaldeasturias.com\/magazine365\/la-cueva-pintada-de-galdar-celebra-sus-10-anos-de-apertura\/#webpage"},"articleSection":"Noticias y Actualidad"},{"@type":"BreadcrumbList","@id":"https:\/\/eldigitaldeasturias.com\/magazine365\/la-cueva-pintada-de-galdar-celebra-sus-10-anos-de-apertura\/#breadcrumblist","itemListElement":[{"@type":"ListItem","@id":"https:\/\/eldigitaldeasturias.com\/magazine365#listItem","position":1,"name":"Home","item":"https:\/\/eldigitaldeasturias.com\/magazine365","nextItem":{"@type":"ListItem","@id":"https:\/\/eldigitaldeasturias.com\/magazine365\/category\/noticias-actualidad\/#listItem","name":"Noticias y Actualidad"}},{"@type":"ListItem","@id":"https:\/\/eldigitaldeasturias.com\/magazine365\/category\/noticias-actualidad\/#listItem","position":2,"name":"Noticias y Actualidad","item":"https:\/\/eldigitaldeasturias.com\/magazine365\/category\/noticias-actualidad\/","nextItem":{"@type":"ListItem","@id":"https:\/\/eldigitaldeasturias.com\/magazine365\/la-cueva-pintada-de-galdar-celebra-sus-10-anos-de-apertura\/#listItem","name":"La Cueva Pintada de G\u00e1ldar celebra sus 10 a\u00f1os de apertura"},"previousItem":{"@type":"ListItem","@id":"https:\/\/eldigitaldeasturias.com\/magazine365#listItem","name":"Home"}},{"@type":"ListItem","@id":"https:\/\/eldigitaldeasturias.com\/magazine365\/la-cueva-pintada-de-galdar-celebra-sus-10-anos-de-apertura\/#listItem","position":3,"name":"La Cueva Pintada de G\u00e1ldar celebra sus 10 a\u00f1os de apertura","previousItem":{"@type":"ListItem","@id":"https:\/\/eldigitaldeasturias.com\/magazine365\/category\/noticias-actualidad\/#listItem","name":"Noticias y Actualidad"}}]},{"@type":"Organization","@id":"https:\/\/eldigitaldeasturias.com\/magazine365\/#organization","name":"El digital de Asturias","description":"Revista de ocio, turismo y estilo de vida","url":"https:\/\/eldigitaldeasturias.com\/magazine365\/","logo":{"@type":"ImageObject","url":"https:\/\/www.eldigitaldeasturias.com\/noticias\/wp-content\/uploads\/2020\/12\/EDA.jpg","@id":"https:\/\/eldigitaldeasturias.com\/magazine365\/la-cueva-pintada-de-galdar-celebra-sus-10-anos-de-apertura\/#organizationLogo"},"image":{"@id":"https:\/\/eldigitaldeasturias.com\/magazine365\/la-cueva-pintada-de-galdar-celebra-sus-10-anos-de-apertura\/#organizationLogo"}},{"@type":"Person","@id":"https:\/\/eldigitaldeasturias.com\/magazine365\/author\/admin\/#author","url":"https:\/\/eldigitaldeasturias.com\/magazine365\/author\/admin\/","name":"admin","image":{"@type":"ImageObject","@id":"https:\/\/eldigitaldeasturias.com\/magazine365\/la-cueva-pintada-de-galdar-celebra-sus-10-anos-de-apertura\/#authorImage","url":"https:\/\/eldigitaldeasturias.com\/magazine365\/wp-content\/litespeed\/avatar\/e571bcf59a0edd6fa6838245a470f2fe.jpg?ver=1777574230","width":96,"height":96,"caption":"admin"}},{"@type":"WebPage","@id":"https:\/\/eldigitaldeasturias.com\/magazine365\/la-cueva-pintada-de-galdar-celebra-sus-10-anos-de-apertura\/#webpage","url":"https:\/\/eldigitaldeasturias.com\/magazine365\/la-cueva-pintada-de-galdar-celebra-sus-10-anos-de-apertura\/","name":"La Cueva Pintada de G\u00e1ldar celebra sus 10 a\u00f1os de apertura | El Digital de Asturias","description":"La Cueva Pintada de G\u00e1ldar (Gran Canaria) celebra sus diez a\u00f1os de apertura con un intercambio de piezas con el Museo de Altamira para lo que ambos centros llevar\u00e1n a cabo una exposici\u00f3n simult\u00e1nea donde el arte prehist\u00f3rico grancanario viajar\u00e1 hasta la Pen\u00ednsula y, por primera vez, el arte paleol\u00edtico se podr\u00e1 ver en Canarias.","inLanguage":"es-ES","isPartOf":{"@id":"https:\/\/eldigitaldeasturias.com\/magazine365\/#website"},"breadcrumb":{"@id":"https:\/\/eldigitaldeasturias.com\/magazine365\/la-cueva-pintada-de-galdar-celebra-sus-10-anos-de-apertura\/#breadcrumblist"},"author":{"@id":"https:\/\/eldigitaldeasturias.com\/magazine365\/author\/admin\/#author"},"creator":{"@id":"https:\/\/eldigitaldeasturias.com\/magazine365\/author\/admin\/#author"},"image":{"@type":"ImageObject","url":"https:\/\/eldigitaldeasturias.com\/magazine365\/wp-content\/uploads\/2016\/05\/fotonoticia_20160524170934_800.jpg","@id":"https:\/\/eldigitaldeasturias.com\/magazine365\/la-cueva-pintada-de-galdar-celebra-sus-10-anos-de-apertura\/#mainImage","width":800,"height":600},"primaryImageOfPage":{"@id":"https:\/\/eldigitaldeasturias.com\/magazine365\/la-cueva-pintada-de-galdar-celebra-sus-10-anos-de-apertura\/#mainImage"},"datePublished":"2016-05-25T07:16:34+02:00","dateModified":"2016-05-25T07:16:34+02:00"},{"@type":"WebSite","@id":"https:\/\/eldigitaldeasturias.com\/magazine365\/#website","url":"https:\/\/eldigitaldeasturias.com\/magazine365\/","name":"El Digital de Asturias","description":"Revista de ocio, turismo y estilo de vida","inLanguage":"es-ES","publisher":{"@id":"https:\/\/eldigitaldeasturias.com\/magazine365\/#organization"}}]},"og:locale":"es_ES","og:site_name":"El Digital de Asturias \u2013 Revista de ocio, turismo y estilo de vida","og:type":"article","og:title":"La Cueva Pintada de G\u00e1ldar celebra sus 10 a\u00f1os de apertura | El Digital de Asturias","og:description":"La Cueva Pintada de G\u00e1ldar (Gran Canaria) celebra sus diez a\u00f1os de apertura con un intercambio de piezas con el Museo de Altamira para lo que ambos centros llevar\u00e1n a cabo una exposici\u00f3n simult\u00e1nea donde el arte prehist\u00f3rico grancanario viajar\u00e1 hasta la Pen\u00ednsula y, por primera vez, el arte paleol\u00edtico se podr\u00e1 ver en Canarias.","og:url":"https:\/\/eldigitaldeasturias.com\/magazine365\/la-cueva-pintada-de-galdar-celebra-sus-10-anos-de-apertura\/","og:image":"https:\/\/eldigitaldeasturias.com\/magazine365\/wp-content\/uploads\/2016\/05\/fotonoticia_20160524170934_800.jpg","og:image:secure_url":"https:\/\/eldigitaldeasturias.com\/magazine365\/wp-content\/uploads\/2016\/05\/fotonoticia_20160524170934_800.jpg","og:image:width":800,"og:image:height":600,"article:published_time":"2016-05-25T05:16:34+00:00","article:modified_time":"2016-05-25T05:16:34+00:00","twitter:card":"summary_large_image","twitter:title":"La Cueva Pintada de G\u00e1ldar celebra sus 10 a\u00f1os de apertura | El Digital de Asturias","twitter:description":"La Cueva Pintada de G\u00e1ldar (Gran Canaria) celebra sus diez a\u00f1os de apertura con un intercambio de piezas con el Museo de Altamira para lo que ambos centros llevar\u00e1n a cabo una exposici\u00f3n simult\u00e1nea donde el arte prehist\u00f3rico grancanario viajar\u00e1 hasta la Pen\u00ednsula y, por primera vez, el arte paleol\u00edtico se podr\u00e1 ver en Canarias.","twitter:image":"https:\/\/eldigitaldeasturias.com\/magazine365\/wp-content\/uploads\/2016\/05\/fotonoticia_20160524170934_800.jpg"},"aioseo_meta_data":{"post_id":"77010","title":null,"description":null,"keywords":null,"keyphrases":null,"primary_term":null,"canonical_url":null,"og_title":null,"og_description":null,"og_object_type":"default","og_image_type":"default","og_image_url":null,"og_image_width":null,"og_image_height":null,"og_image_custom_url":null,"og_image_custom_fields":null,"og_video":null,"og_custom_url":null,"og_article_section":null,"og_article_tags":null,"twitter_use_og":false,"twitter_card":"default","twitter_image_type":"default","twitter_image_url":null,"twitter_image_custom_url":null,"twitter_image_custom_fields":null,"twitter_title":null,"twitter_description":null,"schema":{"blockGraphs":[],"customGraphs":[],"default":{"data":{"Article":[],"Course":[],"Dataset":[],"FAQPage":[],"Movie":[],"Person":[],"Product":[],"ProductReview":[],"Car":[],"Recipe":[],"Service":[],"SoftwareApplication":[],"WebPage":[]},"graphName":"","isEnabled":true},"graphs":[]},"schema_type":null,"schema_type_options":null,"pillar_content":false,"robots_default":true,"robots_noindex":false,"robots_noarchive":false,"robots_nosnippet":false,"robots_nofollow":false,"robots_noimageindex":false,"robots_noodp":false,"robots_notranslate":false,"robots_max_snippet":null,"robots_max_videopreview":null,"robots_max_imagepreview":"large","priority":null,"frequency":null,"location":null,"local_seo":null,"seo_analyzer_scan_date":"2025-09-27 13:54:45","breadcrumb_settings":null,"limit_modified_date":false,"open_ai":null,"ai":null,"created":"2021-03-08 18:20:59","updated":"2025-09-27 13:54:45"},"aioseo_breadcrumb":"<div class=\"aioseo-breadcrumbs\"><span class=\"aioseo-breadcrumb\">\n\t<a href=\"https:\/\/eldigitaldeasturias.com\/magazine365\" title=\"Home\">Home<\/a>\n<\/span><span class=\"aioseo-breadcrumb-separator\">\u2013<\/span><span class=\"aioseo-breadcrumb\">\n\t<a href=\"https:\/\/eldigitaldeasturias.com\/magazine365\/category\/noticias-actualidad\/\" title=\"Noticias y Actualidad\">Noticias y Actualidad<\/a>\n<\/span><span class=\"aioseo-breadcrumb-separator\">\u2013<\/span><span class=\"aioseo-breadcrumb\">\n\t<a href=\"https:\/\/eldigitaldeasturias.com\/magazine365\/la-cueva-pintada-de-galdar-celebra-sus-10-anos-de-apertura\/\" title=\"La Cueva Pintada de G\u00e1ldar celebra sus 10 a\u00f1os de apertura\">La Cueva Pintada de G\u00e1ldar celebra sus 10 a\u00f1os de apertura<\/a>\n<\/span><\/div>","aioseo_breadcrumb_json":[{"label":"Home","link":"https:\/\/eldigitaldeasturias.com\/magazine365"},{"label":"Noticias y Actualidad","link":"https:\/\/eldigitaldeasturias.com\/magazine365\/category\/noticias-actualidad\/"},{"label":"La Cueva Pintada de G\u00e1ldar celebra sus 10 a\u00f1os de apertura","link":"https:\/\/eldigitaldeasturias.com\/magazine365\/la-cueva-pintada-de-galdar-celebra-sus-10-anos-de-apertura\/"}],"_links":{"self":[{"href":"https:\/\/eldigitaldeasturias.com\/magazine365\/wp-json\/wp\/v2\/posts\/77010","targetHints":{"allow":["GET"]}}],"collection":[{"href":"https:\/\/eldigitaldeasturias.com\/magazine365\/wp-json\/wp\/v2\/posts"}],"about":[{"href":"https:\/\/eldigitaldeasturias.com\/magazine365\/wp-json\/wp\/v2\/types\/post"}],"author":[{"embeddable":true,"href":"https:\/\/eldigitaldeasturias.com\/magazine365\/wp-json\/wp\/v2\/users\/1"}],"replies":[{"embeddable":true,"href":"https:\/\/eldigitaldeasturias.com\/magazine365\/wp-json\/wp\/v2\/comments?post=77010"}],"version-history":[{"count":0,"href":"https:\/\/eldigitaldeasturias.com\/magazine365\/wp-json\/wp\/v2\/posts\/77010\/revisions"}],"wp:featuredmedia":[{"embeddable":true,"href":"https:\/\/eldigitaldeasturias.com\/magazine365\/wp-json\/wp\/v2\/media\/77011"}],"wp:attachment":[{"href":"https:\/\/eldigitaldeasturias.com\/magazine365\/wp-json\/wp\/v2\/media?parent=77010"}],"wp:term":[{"taxonomy":"category","embeddable":true,"href":"https:\/\/eldigitaldeasturias.com\/magazine365\/wp-json\/wp\/v2\/categories?post=77010"},{"taxonomy":"post_tag","embeddable":true,"href":"https:\/\/eldigitaldeasturias.com\/magazine365\/wp-json\/wp\/v2\/tags?post=77010"}],"curies":[{"name":"wp","href":"https:\/\/api.w.org\/{rel}","templated":true}]}}