{"id":76999,"date":"2016-05-25T07:12:55","date_gmt":"2016-05-25T05:12:55","guid":{"rendered":"http:\/\/eldigitaldeasturias.com\/magazine365\/?p=76999"},"modified":"2016-05-25T07:12:55","modified_gmt":"2016-05-25T05:12:55","slug":"el-cabildo-de-el-hierro-pide-un-plan-especial-de-conexiones-aereas-y-maritimas","status":"publish","type":"post","link":"https:\/\/eldigitaldeasturias.com\/magazine365\/el-cabildo-de-el-hierro-pide-un-plan-especial-de-conexiones-aereas-y-maritimas\/","title":{"rendered":"El Cabildo de El Hierro pide un plan especial de conexiones a\u00e9reas y mar\u00edtimas"},"content":{"rendered":"<p><img fetchpriority=\"high\" decoding=\"async\" class=\"alignleft size-medium wp-image-77000\" src=\"https:\/\/eldigitaldeasturias.com\/magazine365\/wp-content\/uploads\/2016\/05\/fotonoticia_20160524162934_800-360x270.jpg\" alt=\"fotonoticia_20160524162934_800\" width=\"360\" height=\"270\" srcset=\"https:\/\/eldigitaldeasturias.com\/magazine365\/wp-content\/uploads\/2016\/05\/fotonoticia_20160524162934_800-360x270.jpg 360w, https:\/\/eldigitaldeasturias.com\/magazine365\/wp-content\/uploads\/2016\/05\/fotonoticia_20160524162934_800-650x488.jpg 650w, https:\/\/eldigitaldeasturias.com\/magazine365\/wp-content\/uploads\/2016\/05\/fotonoticia_20160524162934_800-768x576.jpg 768w, https:\/\/eldigitaldeasturias.com\/magazine365\/wp-content\/uploads\/2016\/05\/fotonoticia_20160524162934_800-150x113.jpg 150w, https:\/\/eldigitaldeasturias.com\/magazine365\/wp-content\/uploads\/2016\/05\/fotonoticia_20160524162934_800-450x338.jpg 450w, https:\/\/eldigitaldeasturias.com\/magazine365\/wp-content\/uploads\/2016\/05\/fotonoticia_20160524162934_800-90x67.jpg 90w, https:\/\/eldigitaldeasturias.com\/magazine365\/wp-content\/uploads\/2016\/05\/fotonoticia_20160524162934_800-164x124.jpg 164w, https:\/\/eldigitaldeasturias.com\/magazine365\/wp-content\/uploads\/2016\/05\/fotonoticia_20160524162934_800-100x75.jpg 100w, https:\/\/eldigitaldeasturias.com\/magazine365\/wp-content\/uploads\/2016\/05\/fotonoticia_20160524162934_800.jpg 800w\" sizes=\"(max-width: 360px) 100vw, 360px\" \/>La presidenta del Cabildo de El Hierro, Bel\u00e9n Allende, y el director general de Transportes del Gobierno de Canarias, El\u00edas Castro Feliciano, han mantenido un encuentro de trabajo este martes para analizar varios aspectos relacionados con el transporte en la isla.<\/p>\n<p>Entre los temas abordados se encuentra la necesidad de priorizar la elaboraci\u00f3n de un plan especial de conexiones a\u00e9reas y mar\u00edtimas con El Hierro con motivo de la celebraci\u00f3n en julio de 2017 de la LXIX edici\u00f3n de la Bajada de la Virgen de Los Reyes.<\/p>\n<p>Por otro lado, se ha analizado la necesidad de profundizar en el modelo de transporte mar\u00edtimo que se quiere para El Hierro una vez finalice el actual contrato de Obligaci\u00f3n de Servicio P\u00fablico (OSP), en noviembre de 2017.<\/p>\n<p>En este sentido, Bel\u00e9n Allende aboga por que en el futuro se permita las conexiones con otros puntos del archipi\u00e9lago, ya que el r\u00e9gimen al que est\u00e1 sometido por contrato s\u00f3lo permite la ruta Los Cristianos-Puerto de La Estaca y un \u00fanico operador.<\/p>\n<p>Tanto la Direcci\u00f3n General de Transportes como el propio Cabildo tambi\u00e9n est\u00e1n de acuerdo en la necesidad de contemplar nuevas rutas a\u00e9reas con El Hierro que pueda unirle a puntos de importante flujo tur\u00edstico, como es el caso de las zonas sur de las islas capitalinas, as\u00ed como continuar trabajando en pro de lograr un descuento en el precio del transporte a\u00e9reo.<\/p>\n<p>\u00abSomos conscientes, y as\u00ed lo determinan los datos estad\u00edsticos, que los herre\u00f1os viajan m\u00e1s y a mayor precio que otros canarios\u00bb, se\u00f1al\u00f3 el director general. As\u00ed, cada herre\u00f1o viaja por necesidad 5,3 veces al a\u00f1o entre islas, lo que supone destinar una media de 400 euros anuales para ello, mientras que un tinerfe\u00f1o viaja 1,1 veces al a\u00f1o, lo que supone 80 euros.<\/p>\n<p>COCHE EL\u00c9CTRICO.<\/p>\n<p>A su vez, El\u00edas Castro anunci\u00f3 a Bel\u00e9n Allende que desde el Gobierno de Canarias se ha incluido a la isla en un proyecto del Arco Atl\u00e1ntico junto a Madeira y las Azores y varias universidades europeas para promover el coche el\u00e9ctrico en el transporte p\u00fablico colectivo de pasajeros.<\/p>\n<p>Se trata de una idea bien recibida por parte de la presidenta herre\u00f1a, ya que est\u00e1 en sinton\u00eda con el Plan Director de Movilidad Sostenible del Cabildo y las inversiones en esta materia que se van a promover en la isla gracias al compromiso de los socios de Gorona del Viento, que han decidido desviar parte de los beneficios econ\u00f3micos de la Central hidroe\u00f3lica a mejorar las infraestructuras para el uso del veh\u00edculo el\u00e9ctrico en la isla.<\/p>\n<p>En cuanto al transporte regular de pasajeros, Allende traslad\u00f3 las necesidades financieras del sector en El Hierro, sobre todo en cuanto a la renovaci\u00f3n de la flota, algo que no ha podido acometerse en los \u00faltimos a\u00f1os de recesi\u00f3n econ\u00f3mica, as\u00ed como demandas de mejoras de las instalaciones del aeropuerto de Los Cangrejos con el fin de que sean trasladadas al Comit\u00e9 Coordinador Aeroportuario en Madrid.<\/p>\n<p>El\u00edas Castro mantuvo en la reuni\u00f3n que el pr\u00f3ximo marco legal de Transporte auton\u00f3mico debe recoger las demandas no s\u00f3lo planteadas por los operadores actuales de transporte en las islas, sino, sobre todo, las especificidades que permitan dar m\u00e1s y mejor servicio a los usuarios, sin perder de vista el peso del sector tur\u00edstico en las islas.<\/p>\n<p>As\u00ed, por ejemplo, ambos analizaron aspectos importantes a tener en cuenta a la hora de fomentar el turismo activo..-como es el caso del destino El Hierro.- con el objetivo de facilitar la movilidad de deportistas que suelen viajar a las Islas y trasladarse en su interior con voluminosos equipos, como es el caso de buceadores, parapentistas o ciclistas, entre otros. \u00abHay que legislar a favor del cliente\u00bb, sentenci\u00f3 Castro Feliciano.<\/p>\n<p>Por \u00faltimo, en cuanto al debate suscitado en cuanto a la tarifa \u00fanica para el transporte entre islas, ambos dirigentes entienden que debe ir parejo al mantenimiento de la actual garant\u00eda que supone la bonificaci\u00f3n al transporte de los todos los canarios a trav\u00e9s de las OSP a\u00e9reas, garantizadas a trav\u00e9s del REF.<\/p>\n","protected":false},"excerpt":{"rendered":"<p>La presidenta del Cabildo de El Hierro, Bel\u00e9n Allende, y el director general de Transportes del Gobierno de Canarias, El\u00edas Castro Feliciano, han mantenido un encuentro de trabajo este martes para analizar varios aspectos relacionados con el transporte en la isla. Entre los temas abordados se encuentra la necesidad de priorizar la elaboraci\u00f3n de un<\/p>\n","protected":false},"author":1,"featured_media":77000,"comment_status":"open","ping_status":"closed","sticky":false,"template":"","format":"standard","meta":{"footnotes":""},"categories":[224],"tags":[],"class_list":{"0":"post-76999","1":"post","2":"type-post","3":"status-publish","4":"format-standard","5":"has-post-thumbnail","7":"category-noticias-actualidad"},"aioseo_notices":[],"aioseo_head":"\n\t\t<!-- All in One SEO Pro 4.9.6.1 - aioseo.com -->\n\t<meta name=\"description\" content=\"La presidenta del Cabildo de El Hierro, Bel\u00e9n Allende, y el director general de Transportes del Gobierno de Canarias, El\u00edas Castro Feliciano, han mantenido un encuentro de trabajo este martes para analizar varios aspectos relacionados con el transporte en la isla. Entre los temas abordados se encuentra la necesidad de priorizar la elaboraci\u00f3n de un\" \/>\n\t<meta name=\"robots\" content=\"max-image-preview:large\" \/>\n\t<meta name=\"author\" content=\"admin\"\/>\n\t<meta name=\"google-site-verification\" content=\"UA-38556648-1\" \/>\n\t<meta name=\"keywords\" content=\"noticias y actualidad\" \/>\n\t<link rel=\"canonical\" href=\"https:\/\/eldigitaldeasturias.com\/magazine365\/el-cabildo-de-el-hierro-pide-un-plan-especial-de-conexiones-aereas-y-maritimas\/\" \/>\n\t<meta name=\"generator\" content=\"All in One SEO Pro (AIOSEO) 4.9.6.1\" \/>\n\t\t<meta property=\"og:locale\" content=\"es_ES\" \/>\n\t\t<meta property=\"og:site_name\" content=\"El Digital de Asturias \u2013 Revista de ocio, turismo y estilo de vida\" \/>\n\t\t<meta property=\"og:type\" content=\"article\" \/>\n\t\t<meta property=\"og:title\" content=\"El Cabildo de El Hierro pide un plan especial de conexiones a\u00e9reas y mar\u00edtimas | El Digital de Asturias\" \/>\n\t\t<meta property=\"og:description\" content=\"La presidenta del Cabildo de El Hierro, Bel\u00e9n Allende, y el director general de Transportes del Gobierno de Canarias, El\u00edas Castro Feliciano, han mantenido un encuentro de trabajo este martes para analizar varios aspectos relacionados con el transporte en la isla. Entre los temas abordados se encuentra la necesidad de priorizar la elaboraci\u00f3n de un\" \/>\n\t\t<meta property=\"og:url\" content=\"https:\/\/eldigitaldeasturias.com\/magazine365\/el-cabildo-de-el-hierro-pide-un-plan-especial-de-conexiones-aereas-y-maritimas\/\" \/>\n\t\t<meta property=\"og:image\" content=\"https:\/\/eldigitaldeasturias.com\/magazine365\/wp-content\/uploads\/2016\/05\/fotonoticia_20160524162934_800.jpg\" \/>\n\t\t<meta property=\"og:image:secure_url\" content=\"https:\/\/eldigitaldeasturias.com\/magazine365\/wp-content\/uploads\/2016\/05\/fotonoticia_20160524162934_800.jpg\" \/>\n\t\t<meta property=\"og:image:width\" content=\"800\" \/>\n\t\t<meta property=\"og:image:height\" content=\"600\" \/>\n\t\t<meta property=\"article:published_time\" content=\"2016-05-25T05:12:55+00:00\" \/>\n\t\t<meta property=\"article:modified_time\" content=\"2016-05-25T05:12:55+00:00\" \/>\n\t\t<meta name=\"twitter:card\" content=\"summary_large_image\" \/>\n\t\t<meta name=\"twitter:title\" content=\"El Cabildo de El Hierro pide un plan especial de conexiones a\u00e9reas y mar\u00edtimas | El Digital de Asturias\" \/>\n\t\t<meta name=\"twitter:description\" content=\"La presidenta del Cabildo de El Hierro, Bel\u00e9n Allende, y el director general de Transportes del Gobierno de Canarias, El\u00edas Castro Feliciano, han mantenido un encuentro de trabajo este martes para analizar varios aspectos relacionados con el transporte en la isla. Entre los temas abordados se encuentra la necesidad de priorizar la elaboraci\u00f3n de un\" \/>\n\t\t<meta name=\"twitter:image\" content=\"https:\/\/eldigitaldeasturias.com\/magazine365\/wp-content\/uploads\/2016\/05\/fotonoticia_20160524162934_800.jpg\" \/>\n\t\t<script type=\"application\/ld+json\" class=\"aioseo-schema\">\n\t\t\t{\"@context\":\"https:\\\/\\\/schema.org\",\"@graph\":[{\"@type\":\"Article\",\"@id\":\"https:\\\/\\\/eldigitaldeasturias.com\\\/magazine365\\\/el-cabildo-de-el-hierro-pide-un-plan-especial-de-conexiones-aereas-y-maritimas\\\/#article\",\"name\":\"El Cabildo de El Hierro pide un plan especial de conexiones a\\u00e9reas y mar\\u00edtimas | El Digital de Asturias\",\"headline\":\"El Cabildo de El Hierro pide un plan especial de conexiones a\\u00e9reas y mar\\u00edtimas\",\"author\":{\"@id\":\"https:\\\/\\\/eldigitaldeasturias.com\\\/magazine365\\\/author\\\/admin\\\/#author\"},\"publisher\":{\"@id\":\"https:\\\/\\\/eldigitaldeasturias.com\\\/magazine365\\\/#organization\"},\"image\":{\"@type\":\"ImageObject\",\"url\":\"https:\\\/\\\/eldigitaldeasturias.com\\\/magazine365\\\/wp-content\\\/uploads\\\/2016\\\/05\\\/fotonoticia_20160524162934_800.jpg\",\"width\":800,\"height\":600},\"datePublished\":\"2016-05-25T07:12:55+02:00\",\"dateModified\":\"2016-05-25T07:12:55+02:00\",\"inLanguage\":\"es-ES\",\"mainEntityOfPage\":{\"@id\":\"https:\\\/\\\/eldigitaldeasturias.com\\\/magazine365\\\/el-cabildo-de-el-hierro-pide-un-plan-especial-de-conexiones-aereas-y-maritimas\\\/#webpage\"},\"isPartOf\":{\"@id\":\"https:\\\/\\\/eldigitaldeasturias.com\\\/magazine365\\\/el-cabildo-de-el-hierro-pide-un-plan-especial-de-conexiones-aereas-y-maritimas\\\/#webpage\"},\"articleSection\":\"Noticias y Actualidad\"},{\"@type\":\"BreadcrumbList\",\"@id\":\"https:\\\/\\\/eldigitaldeasturias.com\\\/magazine365\\\/el-cabildo-de-el-hierro-pide-un-plan-especial-de-conexiones-aereas-y-maritimas\\\/#breadcrumblist\",\"itemListElement\":[{\"@type\":\"ListItem\",\"@id\":\"https:\\\/\\\/eldigitaldeasturias.com\\\/magazine365#listItem\",\"position\":1,\"name\":\"Home\",\"item\":\"https:\\\/\\\/eldigitaldeasturias.com\\\/magazine365\",\"nextItem\":{\"@type\":\"ListItem\",\"@id\":\"https:\\\/\\\/eldigitaldeasturias.com\\\/magazine365\\\/category\\\/noticias-actualidad\\\/#listItem\",\"name\":\"Noticias y Actualidad\"}},{\"@type\":\"ListItem\",\"@id\":\"https:\\\/\\\/eldigitaldeasturias.com\\\/magazine365\\\/category\\\/noticias-actualidad\\\/#listItem\",\"position\":2,\"name\":\"Noticias y Actualidad\",\"item\":\"https:\\\/\\\/eldigitaldeasturias.com\\\/magazine365\\\/category\\\/noticias-actualidad\\\/\",\"nextItem\":{\"@type\":\"ListItem\",\"@id\":\"https:\\\/\\\/eldigitaldeasturias.com\\\/magazine365\\\/el-cabildo-de-el-hierro-pide-un-plan-especial-de-conexiones-aereas-y-maritimas\\\/#listItem\",\"name\":\"El Cabildo de El Hierro pide un plan especial de conexiones a\\u00e9reas y mar\\u00edtimas\"},\"previousItem\":{\"@type\":\"ListItem\",\"@id\":\"https:\\\/\\\/eldigitaldeasturias.com\\\/magazine365#listItem\",\"name\":\"Home\"}},{\"@type\":\"ListItem\",\"@id\":\"https:\\\/\\\/eldigitaldeasturias.com\\\/magazine365\\\/el-cabildo-de-el-hierro-pide-un-plan-especial-de-conexiones-aereas-y-maritimas\\\/#listItem\",\"position\":3,\"name\":\"El Cabildo de El Hierro pide un plan especial de conexiones a\\u00e9reas y mar\\u00edtimas\",\"previousItem\":{\"@type\":\"ListItem\",\"@id\":\"https:\\\/\\\/eldigitaldeasturias.com\\\/magazine365\\\/category\\\/noticias-actualidad\\\/#listItem\",\"name\":\"Noticias y Actualidad\"}}]},{\"@type\":\"Organization\",\"@id\":\"https:\\\/\\\/eldigitaldeasturias.com\\\/magazine365\\\/#organization\",\"name\":\"El digital de Asturias\",\"description\":\"Revista de ocio, turismo y estilo de vida\",\"url\":\"https:\\\/\\\/eldigitaldeasturias.com\\\/magazine365\\\/\",\"logo\":{\"@type\":\"ImageObject\",\"url\":\"https:\\\/\\\/www.eldigitaldeasturias.com\\\/noticias\\\/wp-content\\\/uploads\\\/2020\\\/12\\\/EDA.jpg\",\"@id\":\"https:\\\/\\\/eldigitaldeasturias.com\\\/magazine365\\\/el-cabildo-de-el-hierro-pide-un-plan-especial-de-conexiones-aereas-y-maritimas\\\/#organizationLogo\"},\"image\":{\"@id\":\"https:\\\/\\\/eldigitaldeasturias.com\\\/magazine365\\\/el-cabildo-de-el-hierro-pide-un-plan-especial-de-conexiones-aereas-y-maritimas\\\/#organizationLogo\"}},{\"@type\":\"Person\",\"@id\":\"https:\\\/\\\/eldigitaldeasturias.com\\\/magazine365\\\/author\\\/admin\\\/#author\",\"url\":\"https:\\\/\\\/eldigitaldeasturias.com\\\/magazine365\\\/author\\\/admin\\\/\",\"name\":\"admin\",\"image\":{\"@type\":\"ImageObject\",\"@id\":\"https:\\\/\\\/eldigitaldeasturias.com\\\/magazine365\\\/el-cabildo-de-el-hierro-pide-un-plan-especial-de-conexiones-aereas-y-maritimas\\\/#authorImage\",\"url\":\"https:\\\/\\\/eldigitaldeasturias.com\\\/magazine365\\\/wp-content\\\/litespeed\\\/avatar\\\/e571bcf59a0edd6fa6838245a470f2fe.jpg?ver=1777574230\",\"width\":96,\"height\":96,\"caption\":\"admin\"}},{\"@type\":\"WebPage\",\"@id\":\"https:\\\/\\\/eldigitaldeasturias.com\\\/magazine365\\\/el-cabildo-de-el-hierro-pide-un-plan-especial-de-conexiones-aereas-y-maritimas\\\/#webpage\",\"url\":\"https:\\\/\\\/eldigitaldeasturias.com\\\/magazine365\\\/el-cabildo-de-el-hierro-pide-un-plan-especial-de-conexiones-aereas-y-maritimas\\\/\",\"name\":\"El Cabildo de El Hierro pide un plan especial de conexiones a\\u00e9reas y mar\\u00edtimas | El Digital de Asturias\",\"description\":\"La presidenta del Cabildo de El Hierro, Bel\\u00e9n Allende, y el director general de Transportes del Gobierno de Canarias, El\\u00edas Castro Feliciano, han mantenido un encuentro de trabajo este martes para analizar varios aspectos relacionados con el transporte en la isla. Entre los temas abordados se encuentra la necesidad de priorizar la elaboraci\\u00f3n de un\",\"inLanguage\":\"es-ES\",\"isPartOf\":{\"@id\":\"https:\\\/\\\/eldigitaldeasturias.com\\\/magazine365\\\/#website\"},\"breadcrumb\":{\"@id\":\"https:\\\/\\\/eldigitaldeasturias.com\\\/magazine365\\\/el-cabildo-de-el-hierro-pide-un-plan-especial-de-conexiones-aereas-y-maritimas\\\/#breadcrumblist\"},\"author\":{\"@id\":\"https:\\\/\\\/eldigitaldeasturias.com\\\/magazine365\\\/author\\\/admin\\\/#author\"},\"creator\":{\"@id\":\"https:\\\/\\\/eldigitaldeasturias.com\\\/magazine365\\\/author\\\/admin\\\/#author\"},\"image\":{\"@type\":\"ImageObject\",\"url\":\"https:\\\/\\\/eldigitaldeasturias.com\\\/magazine365\\\/wp-content\\\/uploads\\\/2016\\\/05\\\/fotonoticia_20160524162934_800.jpg\",\"@id\":\"https:\\\/\\\/eldigitaldeasturias.com\\\/magazine365\\\/el-cabildo-de-el-hierro-pide-un-plan-especial-de-conexiones-aereas-y-maritimas\\\/#mainImage\",\"width\":800,\"height\":600},\"primaryImageOfPage\":{\"@id\":\"https:\\\/\\\/eldigitaldeasturias.com\\\/magazine365\\\/el-cabildo-de-el-hierro-pide-un-plan-especial-de-conexiones-aereas-y-maritimas\\\/#mainImage\"},\"datePublished\":\"2016-05-25T07:12:55+02:00\",\"dateModified\":\"2016-05-25T07:12:55+02:00\"},{\"@type\":\"WebSite\",\"@id\":\"https:\\\/\\\/eldigitaldeasturias.com\\\/magazine365\\\/#website\",\"url\":\"https:\\\/\\\/eldigitaldeasturias.com\\\/magazine365\\\/\",\"name\":\"El Digital de Asturias\",\"description\":\"Revista de ocio, turismo y estilo de vida\",\"inLanguage\":\"es-ES\",\"publisher\":{\"@id\":\"https:\\\/\\\/eldigitaldeasturias.com\\\/magazine365\\\/#organization\"}}]}\n\t\t<\/script>\n\t\t<!-- All in One SEO Pro -->\r\n\t\t<title>El Cabildo de El Hierro pide un plan especial de conexiones a\u00e9reas y mar\u00edtimas | El Digital de Asturias<\/title>\n\n","aioseo_head_json":{"title":"El Cabildo de El Hierro pide un plan especial de conexiones a\u00e9reas y mar\u00edtimas | El Digital de Asturias","description":"La presidenta del Cabildo de El Hierro, Bel\u00e9n Allende, y el director general de Transportes del Gobierno de Canarias, El\u00edas Castro Feliciano, han mantenido un encuentro de trabajo este martes para analizar varios aspectos relacionados con el transporte en la isla. Entre los temas abordados se encuentra la necesidad de priorizar la elaboraci\u00f3n de un","canonical_url":"https:\/\/eldigitaldeasturias.com\/magazine365\/el-cabildo-de-el-hierro-pide-un-plan-especial-de-conexiones-aereas-y-maritimas\/","robots":"max-image-preview:large","keywords":"noticias y actualidad","webmasterTools":{"google-site-verification":"UA-38556648-1","miscellaneous":""},"schema":{"@context":"https:\/\/schema.org","@graph":[{"@type":"Article","@id":"https:\/\/eldigitaldeasturias.com\/magazine365\/el-cabildo-de-el-hierro-pide-un-plan-especial-de-conexiones-aereas-y-maritimas\/#article","name":"El Cabildo de El Hierro pide un plan especial de conexiones a\u00e9reas y mar\u00edtimas | El Digital de Asturias","headline":"El Cabildo de El Hierro pide un plan especial de conexiones a\u00e9reas y mar\u00edtimas","author":{"@id":"https:\/\/eldigitaldeasturias.com\/magazine365\/author\/admin\/#author"},"publisher":{"@id":"https:\/\/eldigitaldeasturias.com\/magazine365\/#organization"},"image":{"@type":"ImageObject","url":"https:\/\/eldigitaldeasturias.com\/magazine365\/wp-content\/uploads\/2016\/05\/fotonoticia_20160524162934_800.jpg","width":800,"height":600},"datePublished":"2016-05-25T07:12:55+02:00","dateModified":"2016-05-25T07:12:55+02:00","inLanguage":"es-ES","mainEntityOfPage":{"@id":"https:\/\/eldigitaldeasturias.com\/magazine365\/el-cabildo-de-el-hierro-pide-un-plan-especial-de-conexiones-aereas-y-maritimas\/#webpage"},"isPartOf":{"@id":"https:\/\/eldigitaldeasturias.com\/magazine365\/el-cabildo-de-el-hierro-pide-un-plan-especial-de-conexiones-aereas-y-maritimas\/#webpage"},"articleSection":"Noticias y Actualidad"},{"@type":"BreadcrumbList","@id":"https:\/\/eldigitaldeasturias.com\/magazine365\/el-cabildo-de-el-hierro-pide-un-plan-especial-de-conexiones-aereas-y-maritimas\/#breadcrumblist","itemListElement":[{"@type":"ListItem","@id":"https:\/\/eldigitaldeasturias.com\/magazine365#listItem","position":1,"name":"Home","item":"https:\/\/eldigitaldeasturias.com\/magazine365","nextItem":{"@type":"ListItem","@id":"https:\/\/eldigitaldeasturias.com\/magazine365\/category\/noticias-actualidad\/#listItem","name":"Noticias y Actualidad"}},{"@type":"ListItem","@id":"https:\/\/eldigitaldeasturias.com\/magazine365\/category\/noticias-actualidad\/#listItem","position":2,"name":"Noticias y Actualidad","item":"https:\/\/eldigitaldeasturias.com\/magazine365\/category\/noticias-actualidad\/","nextItem":{"@type":"ListItem","@id":"https:\/\/eldigitaldeasturias.com\/magazine365\/el-cabildo-de-el-hierro-pide-un-plan-especial-de-conexiones-aereas-y-maritimas\/#listItem","name":"El Cabildo de El Hierro pide un plan especial de conexiones a\u00e9reas y mar\u00edtimas"},"previousItem":{"@type":"ListItem","@id":"https:\/\/eldigitaldeasturias.com\/magazine365#listItem","name":"Home"}},{"@type":"ListItem","@id":"https:\/\/eldigitaldeasturias.com\/magazine365\/el-cabildo-de-el-hierro-pide-un-plan-especial-de-conexiones-aereas-y-maritimas\/#listItem","position":3,"name":"El Cabildo de El Hierro pide un plan especial de conexiones a\u00e9reas y mar\u00edtimas","previousItem":{"@type":"ListItem","@id":"https:\/\/eldigitaldeasturias.com\/magazine365\/category\/noticias-actualidad\/#listItem","name":"Noticias y Actualidad"}}]},{"@type":"Organization","@id":"https:\/\/eldigitaldeasturias.com\/magazine365\/#organization","name":"El digital de Asturias","description":"Revista de ocio, turismo y estilo de vida","url":"https:\/\/eldigitaldeasturias.com\/magazine365\/","logo":{"@type":"ImageObject","url":"https:\/\/www.eldigitaldeasturias.com\/noticias\/wp-content\/uploads\/2020\/12\/EDA.jpg","@id":"https:\/\/eldigitaldeasturias.com\/magazine365\/el-cabildo-de-el-hierro-pide-un-plan-especial-de-conexiones-aereas-y-maritimas\/#organizationLogo"},"image":{"@id":"https:\/\/eldigitaldeasturias.com\/magazine365\/el-cabildo-de-el-hierro-pide-un-plan-especial-de-conexiones-aereas-y-maritimas\/#organizationLogo"}},{"@type":"Person","@id":"https:\/\/eldigitaldeasturias.com\/magazine365\/author\/admin\/#author","url":"https:\/\/eldigitaldeasturias.com\/magazine365\/author\/admin\/","name":"admin","image":{"@type":"ImageObject","@id":"https:\/\/eldigitaldeasturias.com\/magazine365\/el-cabildo-de-el-hierro-pide-un-plan-especial-de-conexiones-aereas-y-maritimas\/#authorImage","url":"https:\/\/eldigitaldeasturias.com\/magazine365\/wp-content\/litespeed\/avatar\/e571bcf59a0edd6fa6838245a470f2fe.jpg?ver=1777574230","width":96,"height":96,"caption":"admin"}},{"@type":"WebPage","@id":"https:\/\/eldigitaldeasturias.com\/magazine365\/el-cabildo-de-el-hierro-pide-un-plan-especial-de-conexiones-aereas-y-maritimas\/#webpage","url":"https:\/\/eldigitaldeasturias.com\/magazine365\/el-cabildo-de-el-hierro-pide-un-plan-especial-de-conexiones-aereas-y-maritimas\/","name":"El Cabildo de El Hierro pide un plan especial de conexiones a\u00e9reas y mar\u00edtimas | El Digital de Asturias","description":"La presidenta del Cabildo de El Hierro, Bel\u00e9n Allende, y el director general de Transportes del Gobierno de Canarias, El\u00edas Castro Feliciano, han mantenido un encuentro de trabajo este martes para analizar varios aspectos relacionados con el transporte en la isla. Entre los temas abordados se encuentra la necesidad de priorizar la elaboraci\u00f3n de un","inLanguage":"es-ES","isPartOf":{"@id":"https:\/\/eldigitaldeasturias.com\/magazine365\/#website"},"breadcrumb":{"@id":"https:\/\/eldigitaldeasturias.com\/magazine365\/el-cabildo-de-el-hierro-pide-un-plan-especial-de-conexiones-aereas-y-maritimas\/#breadcrumblist"},"author":{"@id":"https:\/\/eldigitaldeasturias.com\/magazine365\/author\/admin\/#author"},"creator":{"@id":"https:\/\/eldigitaldeasturias.com\/magazine365\/author\/admin\/#author"},"image":{"@type":"ImageObject","url":"https:\/\/eldigitaldeasturias.com\/magazine365\/wp-content\/uploads\/2016\/05\/fotonoticia_20160524162934_800.jpg","@id":"https:\/\/eldigitaldeasturias.com\/magazine365\/el-cabildo-de-el-hierro-pide-un-plan-especial-de-conexiones-aereas-y-maritimas\/#mainImage","width":800,"height":600},"primaryImageOfPage":{"@id":"https:\/\/eldigitaldeasturias.com\/magazine365\/el-cabildo-de-el-hierro-pide-un-plan-especial-de-conexiones-aereas-y-maritimas\/#mainImage"},"datePublished":"2016-05-25T07:12:55+02:00","dateModified":"2016-05-25T07:12:55+02:00"},{"@type":"WebSite","@id":"https:\/\/eldigitaldeasturias.com\/magazine365\/#website","url":"https:\/\/eldigitaldeasturias.com\/magazine365\/","name":"El Digital de Asturias","description":"Revista de ocio, turismo y estilo de vida","inLanguage":"es-ES","publisher":{"@id":"https:\/\/eldigitaldeasturias.com\/magazine365\/#organization"}}]},"og:locale":"es_ES","og:site_name":"El Digital de Asturias \u2013 Revista de ocio, turismo y estilo de vida","og:type":"article","og:title":"El Cabildo de El Hierro pide un plan especial de conexiones a\u00e9reas y mar\u00edtimas | El Digital de Asturias","og:description":"La presidenta del Cabildo de El Hierro, Bel\u00e9n Allende, y el director general de Transportes del Gobierno de Canarias, El\u00edas Castro Feliciano, han mantenido un encuentro de trabajo este martes para analizar varios aspectos relacionados con el transporte en la isla. Entre los temas abordados se encuentra la necesidad de priorizar la elaboraci\u00f3n de un","og:url":"https:\/\/eldigitaldeasturias.com\/magazine365\/el-cabildo-de-el-hierro-pide-un-plan-especial-de-conexiones-aereas-y-maritimas\/","og:image":"https:\/\/eldigitaldeasturias.com\/magazine365\/wp-content\/uploads\/2016\/05\/fotonoticia_20160524162934_800.jpg","og:image:secure_url":"https:\/\/eldigitaldeasturias.com\/magazine365\/wp-content\/uploads\/2016\/05\/fotonoticia_20160524162934_800.jpg","og:image:width":800,"og:image:height":600,"article:published_time":"2016-05-25T05:12:55+00:00","article:modified_time":"2016-05-25T05:12:55+00:00","twitter:card":"summary_large_image","twitter:title":"El Cabildo de El Hierro pide un plan especial de conexiones a\u00e9reas y mar\u00edtimas | El Digital de Asturias","twitter:description":"La presidenta del Cabildo de El Hierro, Bel\u00e9n Allende, y el director general de Transportes del Gobierno de Canarias, El\u00edas Castro Feliciano, han mantenido un encuentro de trabajo este martes para analizar varios aspectos relacionados con el transporte en la isla. Entre los temas abordados se encuentra la necesidad de priorizar la elaboraci\u00f3n de un","twitter:image":"https:\/\/eldigitaldeasturias.com\/magazine365\/wp-content\/uploads\/2016\/05\/fotonoticia_20160524162934_800.jpg"},"aioseo_meta_data":{"post_id":"76999","title":null,"description":null,"keywords":null,"keyphrases":null,"primary_term":null,"canonical_url":null,"og_title":null,"og_description":null,"og_object_type":"default","og_image_type":"default","og_image_url":null,"og_image_width":null,"og_image_height":null,"og_image_custom_url":null,"og_image_custom_fields":null,"og_video":null,"og_custom_url":null,"og_article_section":null,"og_article_tags":null,"twitter_use_og":false,"twitter_card":"default","twitter_image_type":"default","twitter_image_url":null,"twitter_image_custom_url":null,"twitter_image_custom_fields":null,"twitter_title":null,"twitter_description":null,"schema":{"blockGraphs":[],"customGraphs":[],"default":{"data":{"Article":[],"Course":[],"Dataset":[],"FAQPage":[],"Movie":[],"Person":[],"Product":[],"ProductReview":[],"Car":[],"Recipe":[],"Service":[],"SoftwareApplication":[],"WebPage":[]},"graphName":"","isEnabled":true},"graphs":[],"defaultGraph":"","defaultPostTypeGraph":""},"schema_type":null,"schema_type_options":null,"pillar_content":false,"robots_default":true,"robots_noindex":false,"robots_noarchive":false,"robots_nosnippet":false,"robots_nofollow":false,"robots_noimageindex":false,"robots_noodp":false,"robots_notranslate":false,"robots_max_snippet":null,"robots_max_videopreview":null,"robots_max_imagepreview":"large","priority":null,"frequency":null,"location":null,"local_seo":null,"seo_analyzer_scan_date":"2025-09-27 13:50:19","breadcrumb_settings":null,"limit_modified_date":false,"open_ai":null,"ai":null,"created":"2021-03-08 18:20:59","updated":"2025-09-27 13:50:19"},"aioseo_breadcrumb":"<div class=\"aioseo-breadcrumbs\"><span class=\"aioseo-breadcrumb\">\n\t<a href=\"https:\/\/eldigitaldeasturias.com\/magazine365\" title=\"Home\">Home<\/a>\n<\/span><span class=\"aioseo-breadcrumb-separator\">\u2013<\/span><span class=\"aioseo-breadcrumb\">\n\t<a href=\"https:\/\/eldigitaldeasturias.com\/magazine365\/category\/noticias-actualidad\/\" title=\"Noticias y Actualidad\">Noticias y Actualidad<\/a>\n<\/span><span class=\"aioseo-breadcrumb-separator\">\u2013<\/span><span class=\"aioseo-breadcrumb\">\n\t<a href=\"https:\/\/eldigitaldeasturias.com\/magazine365\/el-cabildo-de-el-hierro-pide-un-plan-especial-de-conexiones-aereas-y-maritimas\/\" title=\"El Cabildo de El Hierro pide un plan especial de conexiones a\u00e9reas y mar\u00edtimas\">El Cabildo de El Hierro pide un plan especial de conexiones a\u00e9reas y mar\u00edtimas<\/a>\n<\/span><\/div>","aioseo_breadcrumb_json":[{"label":"Home","link":"https:\/\/eldigitaldeasturias.com\/magazine365"},{"label":"Noticias y Actualidad","link":"https:\/\/eldigitaldeasturias.com\/magazine365\/category\/noticias-actualidad\/"},{"label":"El Cabildo de El Hierro pide un plan especial de conexiones a\u00e9reas y mar\u00edtimas","link":"https:\/\/eldigitaldeasturias.com\/magazine365\/el-cabildo-de-el-hierro-pide-un-plan-especial-de-conexiones-aereas-y-maritimas\/"}],"_links":{"self":[{"href":"https:\/\/eldigitaldeasturias.com\/magazine365\/wp-json\/wp\/v2\/posts\/76999","targetHints":{"allow":["GET"]}}],"collection":[{"href":"https:\/\/eldigitaldeasturias.com\/magazine365\/wp-json\/wp\/v2\/posts"}],"about":[{"href":"https:\/\/eldigitaldeasturias.com\/magazine365\/wp-json\/wp\/v2\/types\/post"}],"author":[{"embeddable":true,"href":"https:\/\/eldigitaldeasturias.com\/magazine365\/wp-json\/wp\/v2\/users\/1"}],"replies":[{"embeddable":true,"href":"https:\/\/eldigitaldeasturias.com\/magazine365\/wp-json\/wp\/v2\/comments?post=76999"}],"version-history":[{"count":0,"href":"https:\/\/eldigitaldeasturias.com\/magazine365\/wp-json\/wp\/v2\/posts\/76999\/revisions"}],"wp:featuredmedia":[{"embeddable":true,"href":"https:\/\/eldigitaldeasturias.com\/magazine365\/wp-json\/wp\/v2\/media\/77000"}],"wp:attachment":[{"href":"https:\/\/eldigitaldeasturias.com\/magazine365\/wp-json\/wp\/v2\/media?parent=76999"}],"wp:term":[{"taxonomy":"category","embeddable":true,"href":"https:\/\/eldigitaldeasturias.com\/magazine365\/wp-json\/wp\/v2\/categories?post=76999"},{"taxonomy":"post_tag","embeddable":true,"href":"https:\/\/eldigitaldeasturias.com\/magazine365\/wp-json\/wp\/v2\/tags?post=76999"}],"curies":[{"name":"wp","href":"https:\/\/api.w.org\/{rel}","templated":true}]}}