{"id":76987,"date":"2016-05-25T07:09:11","date_gmt":"2016-05-25T05:09:11","guid":{"rendered":"http:\/\/eldigitaldeasturias.com\/magazine365\/?p=76987"},"modified":"2016-05-25T07:09:11","modified_gmt":"2016-05-25T05:09:11","slug":"quironsalud-participa-en-el-evento-internacional-de-turismo-de-salud","status":"publish","type":"post","link":"https:\/\/eldigitaldeasturias.com\/magazine365\/quironsalud-participa-en-el-evento-internacional-de-turismo-de-salud\/","title":{"rendered":"Quir\u00f3nsalud participa en el evento internacional de Turismo de Salud"},"content":{"rendered":"<p><img fetchpriority=\"high\" decoding=\"async\" class=\"alignleft size-medium wp-image-76988\" src=\"https:\/\/eldigitaldeasturias.com\/magazine365\/wp-content\/uploads\/2016\/05\/fotonoticia_20160524154933_800-360x240.jpg\" alt=\"fotonoticia_20160524154933_800\" width=\"360\" height=\"240\" srcset=\"https:\/\/eldigitaldeasturias.com\/magazine365\/wp-content\/uploads\/2016\/05\/fotonoticia_20160524154933_800-360x240.jpg 360w, https:\/\/eldigitaldeasturias.com\/magazine365\/wp-content\/uploads\/2016\/05\/fotonoticia_20160524154933_800-650x433.jpg 650w, https:\/\/eldigitaldeasturias.com\/magazine365\/wp-content\/uploads\/2016\/05\/fotonoticia_20160524154933_800-768x512.jpg 768w, https:\/\/eldigitaldeasturias.com\/magazine365\/wp-content\/uploads\/2016\/05\/fotonoticia_20160524154933_800-150x100.jpg 150w, https:\/\/eldigitaldeasturias.com\/magazine365\/wp-content\/uploads\/2016\/05\/fotonoticia_20160524154933_800-450x300.jpg 450w, https:\/\/eldigitaldeasturias.com\/magazine365\/wp-content\/uploads\/2016\/05\/fotonoticia_20160524154933_800-101x66.jpg 101w, https:\/\/eldigitaldeasturias.com\/magazine365\/wp-content\/uploads\/2016\/05\/fotonoticia_20160524154933_800.jpg 800w\" sizes=\"(max-width: 360px) 100vw, 360px\" \/>Quir\u00f3nsalud va a participar, este martes y mi\u00e9rcoles, en el evento internacional de Turismo de Salud, organizado por &#8216;International Medical Travel Journal&#8217;, al que acudir\u00e1n personas claves en este \u00e1mbito y senior executives relacionados tanto con el turismo de salud como con el negocio sanitario a nivel mundial.<\/p>\n<p>\u00abQueremos que todos nuestros colaboradores se conviertan en un Quir\u00f3nsalud Partner. Nuestro compromiso con ellos es que tengan acceso directo a toda nuestra red de centros\u00bb, ha comentado el director del departamento de internacional Quir\u00f3nsalud, Jos\u00e9 Mar\u00eda P\u00e9rez de Olacoechea.<\/p>\n<p>Quir\u00f3nsalud ofrece a los pacientes internacionales una cartera de servicios compuesta por todas las especialidades m\u00e9dicas y\/o quir\u00fargicas, si bien es en \u00e1reas como la Cardiolog\u00eda, la Ginecolog\u00eda, las neurociencias, la oncolog\u00eda, la pediatr\u00eda, la traumatolog\u00eda o el tratamiento de la diabetes tipo 2, en las que la demanda desde otros pa\u00edses es mayor.<\/p>\n","protected":false},"excerpt":{"rendered":"<p>Quir\u00f3nsalud va a participar, este martes y mi\u00e9rcoles, en el evento internacional de Turismo de Salud, organizado por &#8216;International Medical Travel Journal&#8217;, al que acudir\u00e1n personas claves en este \u00e1mbito y senior executives relacionados tanto con el turismo de salud como con el negocio sanitario a nivel mundial. \u00abQueremos que todos nuestros colaboradores se conviertan<\/p>\n","protected":false},"author":1,"featured_media":76988,"comment_status":"open","ping_status":"closed","sticky":false,"template":"","format":"standard","meta":{"footnotes":""},"categories":[224],"tags":[],"class_list":{"0":"post-76987","1":"post","2":"type-post","3":"status-publish","4":"format-standard","5":"has-post-thumbnail","7":"category-noticias-actualidad"},"aioseo_notices":[],"aioseo_head":"\n\t\t<!-- All in One SEO Pro 4.9.6.1 - aioseo.com -->\n\t<meta name=\"description\" content=\"Quir\u00f3nsalud va a participar, este martes y mi\u00e9rcoles, en el evento internacional de Turismo de Salud, organizado por &#039;International Medical Travel Journal&#039;, al que acudir\u00e1n personas claves en este \u00e1mbito y senior executives relacionados tanto con el turismo de salud como con el negocio sanitario a nivel mundial. &quot;Queremos que todos nuestros colaboradores se conviertan\" \/>\n\t<meta name=\"robots\" content=\"max-image-preview:large\" \/>\n\t<meta name=\"author\" content=\"admin\"\/>\n\t<meta name=\"google-site-verification\" content=\"UA-38556648-1\" \/>\n\t<meta name=\"keywords\" content=\"noticias y actualidad\" \/>\n\t<link rel=\"canonical\" href=\"https:\/\/eldigitaldeasturias.com\/magazine365\/quironsalud-participa-en-el-evento-internacional-de-turismo-de-salud\/\" \/>\n\t<meta name=\"generator\" content=\"All in One SEO Pro (AIOSEO) 4.9.6.1\" \/>\n\t\t<meta property=\"og:locale\" content=\"es_ES\" \/>\n\t\t<meta property=\"og:site_name\" content=\"El Digital de Asturias \u2013 Revista de ocio, turismo y estilo de vida\" \/>\n\t\t<meta property=\"og:type\" content=\"article\" \/>\n\t\t<meta property=\"og:title\" content=\"Quir\u00f3nsalud participa en el evento internacional de Turismo de Salud | El Digital de Asturias\" \/>\n\t\t<meta property=\"og:description\" content=\"Quir\u00f3nsalud va a participar, este martes y mi\u00e9rcoles, en el evento internacional de Turismo de Salud, organizado por &#039;International Medical Travel Journal&#039;, al que acudir\u00e1n personas claves en este \u00e1mbito y senior executives relacionados tanto con el turismo de salud como con el negocio sanitario a nivel mundial. &quot;Queremos que todos nuestros colaboradores se conviertan\" \/>\n\t\t<meta property=\"og:url\" content=\"https:\/\/eldigitaldeasturias.com\/magazine365\/quironsalud-participa-en-el-evento-internacional-de-turismo-de-salud\/\" \/>\n\t\t<meta property=\"og:image\" content=\"https:\/\/eldigitaldeasturias.com\/magazine365\/wp-content\/uploads\/2016\/05\/fotonoticia_20160524154933_800.jpg\" \/>\n\t\t<meta property=\"og:image:secure_url\" content=\"https:\/\/eldigitaldeasturias.com\/magazine365\/wp-content\/uploads\/2016\/05\/fotonoticia_20160524154933_800.jpg\" \/>\n\t\t<meta property=\"og:image:width\" content=\"800\" \/>\n\t\t<meta property=\"og:image:height\" content=\"533\" \/>\n\t\t<meta property=\"article:published_time\" content=\"2016-05-25T05:09:11+00:00\" \/>\n\t\t<meta property=\"article:modified_time\" content=\"2016-05-25T05:09:11+00:00\" \/>\n\t\t<meta name=\"twitter:card\" content=\"summary_large_image\" \/>\n\t\t<meta name=\"twitter:title\" content=\"Quir\u00f3nsalud participa en el evento internacional de Turismo de Salud | El Digital de Asturias\" \/>\n\t\t<meta name=\"twitter:description\" content=\"Quir\u00f3nsalud va a participar, este martes y mi\u00e9rcoles, en el evento internacional de Turismo de Salud, organizado por &#039;International Medical Travel Journal&#039;, al que acudir\u00e1n personas claves en este \u00e1mbito y senior executives relacionados tanto con el turismo de salud como con el negocio sanitario a nivel mundial. &quot;Queremos que todos nuestros colaboradores se conviertan\" \/>\n\t\t<meta name=\"twitter:image\" content=\"https:\/\/eldigitaldeasturias.com\/magazine365\/wp-content\/uploads\/2016\/05\/fotonoticia_20160524154933_800.jpg\" \/>\n\t\t<script type=\"application\/ld+json\" class=\"aioseo-schema\">\n\t\t\t{\"@context\":\"https:\\\/\\\/schema.org\",\"@graph\":[{\"@type\":\"Article\",\"@id\":\"https:\\\/\\\/eldigitaldeasturias.com\\\/magazine365\\\/quironsalud-participa-en-el-evento-internacional-de-turismo-de-salud\\\/#article\",\"name\":\"Quir\\u00f3nsalud participa en el evento internacional de Turismo de Salud | El Digital de Asturias\",\"headline\":\"Quir\\u00f3nsalud participa en el evento internacional de Turismo de Salud\",\"author\":{\"@id\":\"https:\\\/\\\/eldigitaldeasturias.com\\\/magazine365\\\/author\\\/admin\\\/#author\"},\"publisher\":{\"@id\":\"https:\\\/\\\/eldigitaldeasturias.com\\\/magazine365\\\/#organization\"},\"image\":{\"@type\":\"ImageObject\",\"url\":\"https:\\\/\\\/eldigitaldeasturias.com\\\/magazine365\\\/wp-content\\\/uploads\\\/2016\\\/05\\\/fotonoticia_20160524154933_800.jpg\",\"width\":800,\"height\":533},\"datePublished\":\"2016-05-25T07:09:11+02:00\",\"dateModified\":\"2016-05-25T07:09:11+02:00\",\"inLanguage\":\"es-ES\",\"mainEntityOfPage\":{\"@id\":\"https:\\\/\\\/eldigitaldeasturias.com\\\/magazine365\\\/quironsalud-participa-en-el-evento-internacional-de-turismo-de-salud\\\/#webpage\"},\"isPartOf\":{\"@id\":\"https:\\\/\\\/eldigitaldeasturias.com\\\/magazine365\\\/quironsalud-participa-en-el-evento-internacional-de-turismo-de-salud\\\/#webpage\"},\"articleSection\":\"Noticias y Actualidad\"},{\"@type\":\"BreadcrumbList\",\"@id\":\"https:\\\/\\\/eldigitaldeasturias.com\\\/magazine365\\\/quironsalud-participa-en-el-evento-internacional-de-turismo-de-salud\\\/#breadcrumblist\",\"itemListElement\":[{\"@type\":\"ListItem\",\"@id\":\"https:\\\/\\\/eldigitaldeasturias.com\\\/magazine365#listItem\",\"position\":1,\"name\":\"Home\",\"item\":\"https:\\\/\\\/eldigitaldeasturias.com\\\/magazine365\",\"nextItem\":{\"@type\":\"ListItem\",\"@id\":\"https:\\\/\\\/eldigitaldeasturias.com\\\/magazine365\\\/category\\\/noticias-actualidad\\\/#listItem\",\"name\":\"Noticias y Actualidad\"}},{\"@type\":\"ListItem\",\"@id\":\"https:\\\/\\\/eldigitaldeasturias.com\\\/magazine365\\\/category\\\/noticias-actualidad\\\/#listItem\",\"position\":2,\"name\":\"Noticias y Actualidad\",\"item\":\"https:\\\/\\\/eldigitaldeasturias.com\\\/magazine365\\\/category\\\/noticias-actualidad\\\/\",\"nextItem\":{\"@type\":\"ListItem\",\"@id\":\"https:\\\/\\\/eldigitaldeasturias.com\\\/magazine365\\\/quironsalud-participa-en-el-evento-internacional-de-turismo-de-salud\\\/#listItem\",\"name\":\"Quir\\u00f3nsalud participa en el evento internacional de Turismo de Salud\"},\"previousItem\":{\"@type\":\"ListItem\",\"@id\":\"https:\\\/\\\/eldigitaldeasturias.com\\\/magazine365#listItem\",\"name\":\"Home\"}},{\"@type\":\"ListItem\",\"@id\":\"https:\\\/\\\/eldigitaldeasturias.com\\\/magazine365\\\/quironsalud-participa-en-el-evento-internacional-de-turismo-de-salud\\\/#listItem\",\"position\":3,\"name\":\"Quir\\u00f3nsalud participa en el evento internacional de Turismo de Salud\",\"previousItem\":{\"@type\":\"ListItem\",\"@id\":\"https:\\\/\\\/eldigitaldeasturias.com\\\/magazine365\\\/category\\\/noticias-actualidad\\\/#listItem\",\"name\":\"Noticias y Actualidad\"}}]},{\"@type\":\"Organization\",\"@id\":\"https:\\\/\\\/eldigitaldeasturias.com\\\/magazine365\\\/#organization\",\"name\":\"El digital de Asturias\",\"description\":\"Revista de ocio, turismo y estilo de vida\",\"url\":\"https:\\\/\\\/eldigitaldeasturias.com\\\/magazine365\\\/\",\"logo\":{\"@type\":\"ImageObject\",\"url\":\"https:\\\/\\\/www.eldigitaldeasturias.com\\\/noticias\\\/wp-content\\\/uploads\\\/2020\\\/12\\\/EDA.jpg\",\"@id\":\"https:\\\/\\\/eldigitaldeasturias.com\\\/magazine365\\\/quironsalud-participa-en-el-evento-internacional-de-turismo-de-salud\\\/#organizationLogo\"},\"image\":{\"@id\":\"https:\\\/\\\/eldigitaldeasturias.com\\\/magazine365\\\/quironsalud-participa-en-el-evento-internacional-de-turismo-de-salud\\\/#organizationLogo\"}},{\"@type\":\"Person\",\"@id\":\"https:\\\/\\\/eldigitaldeasturias.com\\\/magazine365\\\/author\\\/admin\\\/#author\",\"url\":\"https:\\\/\\\/eldigitaldeasturias.com\\\/magazine365\\\/author\\\/admin\\\/\",\"name\":\"admin\",\"image\":{\"@type\":\"ImageObject\",\"@id\":\"https:\\\/\\\/eldigitaldeasturias.com\\\/magazine365\\\/quironsalud-participa-en-el-evento-internacional-de-turismo-de-salud\\\/#authorImage\",\"url\":\"https:\\\/\\\/eldigitaldeasturias.com\\\/magazine365\\\/wp-content\\\/litespeed\\\/avatar\\\/e571bcf59a0edd6fa6838245a470f2fe.jpg?ver=1777574230\",\"width\":96,\"height\":96,\"caption\":\"admin\"}},{\"@type\":\"WebPage\",\"@id\":\"https:\\\/\\\/eldigitaldeasturias.com\\\/magazine365\\\/quironsalud-participa-en-el-evento-internacional-de-turismo-de-salud\\\/#webpage\",\"url\":\"https:\\\/\\\/eldigitaldeasturias.com\\\/magazine365\\\/quironsalud-participa-en-el-evento-internacional-de-turismo-de-salud\\\/\",\"name\":\"Quir\\u00f3nsalud participa en el evento internacional de Turismo de Salud | El Digital de Asturias\",\"description\":\"Quir\\u00f3nsalud va a participar, este martes y mi\\u00e9rcoles, en el evento internacional de Turismo de Salud, organizado por 'International Medical Travel Journal', al que acudir\\u00e1n personas claves en este \\u00e1mbito y senior executives relacionados tanto con el turismo de salud como con el negocio sanitario a nivel mundial. \\\"Queremos que todos nuestros colaboradores se conviertan\",\"inLanguage\":\"es-ES\",\"isPartOf\":{\"@id\":\"https:\\\/\\\/eldigitaldeasturias.com\\\/magazine365\\\/#website\"},\"breadcrumb\":{\"@id\":\"https:\\\/\\\/eldigitaldeasturias.com\\\/magazine365\\\/quironsalud-participa-en-el-evento-internacional-de-turismo-de-salud\\\/#breadcrumblist\"},\"author\":{\"@id\":\"https:\\\/\\\/eldigitaldeasturias.com\\\/magazine365\\\/author\\\/admin\\\/#author\"},\"creator\":{\"@id\":\"https:\\\/\\\/eldigitaldeasturias.com\\\/magazine365\\\/author\\\/admin\\\/#author\"},\"image\":{\"@type\":\"ImageObject\",\"url\":\"https:\\\/\\\/eldigitaldeasturias.com\\\/magazine365\\\/wp-content\\\/uploads\\\/2016\\\/05\\\/fotonoticia_20160524154933_800.jpg\",\"@id\":\"https:\\\/\\\/eldigitaldeasturias.com\\\/magazine365\\\/quironsalud-participa-en-el-evento-internacional-de-turismo-de-salud\\\/#mainImage\",\"width\":800,\"height\":533},\"primaryImageOfPage\":{\"@id\":\"https:\\\/\\\/eldigitaldeasturias.com\\\/magazine365\\\/quironsalud-participa-en-el-evento-internacional-de-turismo-de-salud\\\/#mainImage\"},\"datePublished\":\"2016-05-25T07:09:11+02:00\",\"dateModified\":\"2016-05-25T07:09:11+02:00\"},{\"@type\":\"WebSite\",\"@id\":\"https:\\\/\\\/eldigitaldeasturias.com\\\/magazine365\\\/#website\",\"url\":\"https:\\\/\\\/eldigitaldeasturias.com\\\/magazine365\\\/\",\"name\":\"El Digital de Asturias\",\"description\":\"Revista de ocio, turismo y estilo de vida\",\"inLanguage\":\"es-ES\",\"publisher\":{\"@id\":\"https:\\\/\\\/eldigitaldeasturias.com\\\/magazine365\\\/#organization\"}}]}\n\t\t<\/script>\n\t\t<!-- All in One SEO Pro -->\r\n\t\t<title>Quir\u00f3nsalud participa en el evento internacional de Turismo de Salud | El Digital de Asturias<\/title>\n\n","aioseo_head_json":{"title":"Quir\u00f3nsalud participa en el evento internacional de Turismo de Salud | El Digital de Asturias","description":"Quir\u00f3nsalud va a participar, este martes y mi\u00e9rcoles, en el evento internacional de Turismo de Salud, organizado por 'International Medical Travel Journal', al que acudir\u00e1n personas claves en este \u00e1mbito y senior executives relacionados tanto con el turismo de salud como con el negocio sanitario a nivel mundial. \"Queremos que todos nuestros colaboradores se conviertan","canonical_url":"https:\/\/eldigitaldeasturias.com\/magazine365\/quironsalud-participa-en-el-evento-internacional-de-turismo-de-salud\/","robots":"max-image-preview:large","keywords":"noticias y actualidad","webmasterTools":{"google-site-verification":"UA-38556648-1","miscellaneous":""},"schema":{"@context":"https:\/\/schema.org","@graph":[{"@type":"Article","@id":"https:\/\/eldigitaldeasturias.com\/magazine365\/quironsalud-participa-en-el-evento-internacional-de-turismo-de-salud\/#article","name":"Quir\u00f3nsalud participa en el evento internacional de Turismo de Salud | El Digital de Asturias","headline":"Quir\u00f3nsalud participa en el evento internacional de Turismo de Salud","author":{"@id":"https:\/\/eldigitaldeasturias.com\/magazine365\/author\/admin\/#author"},"publisher":{"@id":"https:\/\/eldigitaldeasturias.com\/magazine365\/#organization"},"image":{"@type":"ImageObject","url":"https:\/\/eldigitaldeasturias.com\/magazine365\/wp-content\/uploads\/2016\/05\/fotonoticia_20160524154933_800.jpg","width":800,"height":533},"datePublished":"2016-05-25T07:09:11+02:00","dateModified":"2016-05-25T07:09:11+02:00","inLanguage":"es-ES","mainEntityOfPage":{"@id":"https:\/\/eldigitaldeasturias.com\/magazine365\/quironsalud-participa-en-el-evento-internacional-de-turismo-de-salud\/#webpage"},"isPartOf":{"@id":"https:\/\/eldigitaldeasturias.com\/magazine365\/quironsalud-participa-en-el-evento-internacional-de-turismo-de-salud\/#webpage"},"articleSection":"Noticias y Actualidad"},{"@type":"BreadcrumbList","@id":"https:\/\/eldigitaldeasturias.com\/magazine365\/quironsalud-participa-en-el-evento-internacional-de-turismo-de-salud\/#breadcrumblist","itemListElement":[{"@type":"ListItem","@id":"https:\/\/eldigitaldeasturias.com\/magazine365#listItem","position":1,"name":"Home","item":"https:\/\/eldigitaldeasturias.com\/magazine365","nextItem":{"@type":"ListItem","@id":"https:\/\/eldigitaldeasturias.com\/magazine365\/category\/noticias-actualidad\/#listItem","name":"Noticias y Actualidad"}},{"@type":"ListItem","@id":"https:\/\/eldigitaldeasturias.com\/magazine365\/category\/noticias-actualidad\/#listItem","position":2,"name":"Noticias y Actualidad","item":"https:\/\/eldigitaldeasturias.com\/magazine365\/category\/noticias-actualidad\/","nextItem":{"@type":"ListItem","@id":"https:\/\/eldigitaldeasturias.com\/magazine365\/quironsalud-participa-en-el-evento-internacional-de-turismo-de-salud\/#listItem","name":"Quir\u00f3nsalud participa en el evento internacional de Turismo de Salud"},"previousItem":{"@type":"ListItem","@id":"https:\/\/eldigitaldeasturias.com\/magazine365#listItem","name":"Home"}},{"@type":"ListItem","@id":"https:\/\/eldigitaldeasturias.com\/magazine365\/quironsalud-participa-en-el-evento-internacional-de-turismo-de-salud\/#listItem","position":3,"name":"Quir\u00f3nsalud participa en el evento internacional de Turismo de Salud","previousItem":{"@type":"ListItem","@id":"https:\/\/eldigitaldeasturias.com\/magazine365\/category\/noticias-actualidad\/#listItem","name":"Noticias y Actualidad"}}]},{"@type":"Organization","@id":"https:\/\/eldigitaldeasturias.com\/magazine365\/#organization","name":"El digital de Asturias","description":"Revista de ocio, turismo y estilo de vida","url":"https:\/\/eldigitaldeasturias.com\/magazine365\/","logo":{"@type":"ImageObject","url":"https:\/\/www.eldigitaldeasturias.com\/noticias\/wp-content\/uploads\/2020\/12\/EDA.jpg","@id":"https:\/\/eldigitaldeasturias.com\/magazine365\/quironsalud-participa-en-el-evento-internacional-de-turismo-de-salud\/#organizationLogo"},"image":{"@id":"https:\/\/eldigitaldeasturias.com\/magazine365\/quironsalud-participa-en-el-evento-internacional-de-turismo-de-salud\/#organizationLogo"}},{"@type":"Person","@id":"https:\/\/eldigitaldeasturias.com\/magazine365\/author\/admin\/#author","url":"https:\/\/eldigitaldeasturias.com\/magazine365\/author\/admin\/","name":"admin","image":{"@type":"ImageObject","@id":"https:\/\/eldigitaldeasturias.com\/magazine365\/quironsalud-participa-en-el-evento-internacional-de-turismo-de-salud\/#authorImage","url":"https:\/\/eldigitaldeasturias.com\/magazine365\/wp-content\/litespeed\/avatar\/e571bcf59a0edd6fa6838245a470f2fe.jpg?ver=1777574230","width":96,"height":96,"caption":"admin"}},{"@type":"WebPage","@id":"https:\/\/eldigitaldeasturias.com\/magazine365\/quironsalud-participa-en-el-evento-internacional-de-turismo-de-salud\/#webpage","url":"https:\/\/eldigitaldeasturias.com\/magazine365\/quironsalud-participa-en-el-evento-internacional-de-turismo-de-salud\/","name":"Quir\u00f3nsalud participa en el evento internacional de Turismo de Salud | El Digital de Asturias","description":"Quir\u00f3nsalud va a participar, este martes y mi\u00e9rcoles, en el evento internacional de Turismo de Salud, organizado por 'International Medical Travel Journal', al que acudir\u00e1n personas claves en este \u00e1mbito y senior executives relacionados tanto con el turismo de salud como con el negocio sanitario a nivel mundial. \"Queremos que todos nuestros colaboradores se conviertan","inLanguage":"es-ES","isPartOf":{"@id":"https:\/\/eldigitaldeasturias.com\/magazine365\/#website"},"breadcrumb":{"@id":"https:\/\/eldigitaldeasturias.com\/magazine365\/quironsalud-participa-en-el-evento-internacional-de-turismo-de-salud\/#breadcrumblist"},"author":{"@id":"https:\/\/eldigitaldeasturias.com\/magazine365\/author\/admin\/#author"},"creator":{"@id":"https:\/\/eldigitaldeasturias.com\/magazine365\/author\/admin\/#author"},"image":{"@type":"ImageObject","url":"https:\/\/eldigitaldeasturias.com\/magazine365\/wp-content\/uploads\/2016\/05\/fotonoticia_20160524154933_800.jpg","@id":"https:\/\/eldigitaldeasturias.com\/magazine365\/quironsalud-participa-en-el-evento-internacional-de-turismo-de-salud\/#mainImage","width":800,"height":533},"primaryImageOfPage":{"@id":"https:\/\/eldigitaldeasturias.com\/magazine365\/quironsalud-participa-en-el-evento-internacional-de-turismo-de-salud\/#mainImage"},"datePublished":"2016-05-25T07:09:11+02:00","dateModified":"2016-05-25T07:09:11+02:00"},{"@type":"WebSite","@id":"https:\/\/eldigitaldeasturias.com\/magazine365\/#website","url":"https:\/\/eldigitaldeasturias.com\/magazine365\/","name":"El Digital de Asturias","description":"Revista de ocio, turismo y estilo de vida","inLanguage":"es-ES","publisher":{"@id":"https:\/\/eldigitaldeasturias.com\/magazine365\/#organization"}}]},"og:locale":"es_ES","og:site_name":"El Digital de Asturias \u2013 Revista de ocio, turismo y estilo de vida","og:type":"article","og:title":"Quir\u00f3nsalud participa en el evento internacional de Turismo de Salud | El Digital de Asturias","og:description":"Quir\u00f3nsalud va a participar, este martes y mi\u00e9rcoles, en el evento internacional de Turismo de Salud, organizado por 'International Medical Travel Journal', al que acudir\u00e1n personas claves en este \u00e1mbito y senior executives relacionados tanto con el turismo de salud como con el negocio sanitario a nivel mundial. &quot;Queremos que todos nuestros colaboradores se conviertan","og:url":"https:\/\/eldigitaldeasturias.com\/magazine365\/quironsalud-participa-en-el-evento-internacional-de-turismo-de-salud\/","og:image":"https:\/\/eldigitaldeasturias.com\/magazine365\/wp-content\/uploads\/2016\/05\/fotonoticia_20160524154933_800.jpg","og:image:secure_url":"https:\/\/eldigitaldeasturias.com\/magazine365\/wp-content\/uploads\/2016\/05\/fotonoticia_20160524154933_800.jpg","og:image:width":800,"og:image:height":533,"article:published_time":"2016-05-25T05:09:11+00:00","article:modified_time":"2016-05-25T05:09:11+00:00","twitter:card":"summary_large_image","twitter:title":"Quir\u00f3nsalud participa en el evento internacional de Turismo de Salud | El Digital de Asturias","twitter:description":"Quir\u00f3nsalud va a participar, este martes y mi\u00e9rcoles, en el evento internacional de Turismo de Salud, organizado por 'International Medical Travel Journal', al que acudir\u00e1n personas claves en este \u00e1mbito y senior executives relacionados tanto con el turismo de salud como con el negocio sanitario a nivel mundial. &quot;Queremos que todos nuestros colaboradores se conviertan","twitter:image":"https:\/\/eldigitaldeasturias.com\/magazine365\/wp-content\/uploads\/2016\/05\/fotonoticia_20160524154933_800.jpg"},"aioseo_meta_data":{"post_id":"76987","title":null,"description":null,"keywords":null,"keyphrases":null,"primary_term":null,"canonical_url":null,"og_title":null,"og_description":null,"og_object_type":"default","og_image_type":"default","og_image_url":null,"og_image_width":null,"og_image_height":null,"og_image_custom_url":null,"og_image_custom_fields":null,"og_video":null,"og_custom_url":null,"og_article_section":null,"og_article_tags":null,"twitter_use_og":false,"twitter_card":"default","twitter_image_type":"default","twitter_image_url":null,"twitter_image_custom_url":null,"twitter_image_custom_fields":null,"twitter_title":null,"twitter_description":null,"schema":{"blockGraphs":[],"customGraphs":[],"default":{"data":{"Article":[],"Course":[],"Dataset":[],"FAQPage":[],"Movie":[],"Person":[],"Product":[],"ProductReview":[],"Car":[],"Recipe":[],"Service":[],"SoftwareApplication":[],"WebPage":[]},"graphName":"","isEnabled":true},"graphs":[]},"schema_type":null,"schema_type_options":null,"pillar_content":false,"robots_default":true,"robots_noindex":false,"robots_noarchive":false,"robots_nosnippet":false,"robots_nofollow":false,"robots_noimageindex":false,"robots_noodp":false,"robots_notranslate":false,"robots_max_snippet":null,"robots_max_videopreview":null,"robots_max_imagepreview":"large","priority":null,"frequency":null,"location":null,"local_seo":null,"seo_analyzer_scan_date":"2025-09-27 13:50:13","breadcrumb_settings":null,"limit_modified_date":false,"open_ai":null,"ai":null,"created":"2021-03-08 18:21:48","updated":"2025-09-27 13:50:13"},"aioseo_breadcrumb":"<div class=\"aioseo-breadcrumbs\"><span class=\"aioseo-breadcrumb\">\n\t<a href=\"https:\/\/eldigitaldeasturias.com\/magazine365\" title=\"Home\">Home<\/a>\n<\/span><span class=\"aioseo-breadcrumb-separator\">\u2013<\/span><span class=\"aioseo-breadcrumb\">\n\t<a href=\"https:\/\/eldigitaldeasturias.com\/magazine365\/category\/noticias-actualidad\/\" title=\"Noticias y Actualidad\">Noticias y Actualidad<\/a>\n<\/span><span class=\"aioseo-breadcrumb-separator\">\u2013<\/span><span class=\"aioseo-breadcrumb\">\n\t<a href=\"https:\/\/eldigitaldeasturias.com\/magazine365\/quironsalud-participa-en-el-evento-internacional-de-turismo-de-salud\/\" title=\"Quir\u00f3nsalud participa en el evento internacional de Turismo de Salud\">Quir\u00f3nsalud participa en el evento internacional de Turismo de Salud<\/a>\n<\/span><\/div>","aioseo_breadcrumb_json":[{"label":"Home","link":"https:\/\/eldigitaldeasturias.com\/magazine365"},{"label":"Noticias y Actualidad","link":"https:\/\/eldigitaldeasturias.com\/magazine365\/category\/noticias-actualidad\/"},{"label":"Quir\u00f3nsalud participa en el evento internacional de Turismo de Salud","link":"https:\/\/eldigitaldeasturias.com\/magazine365\/quironsalud-participa-en-el-evento-internacional-de-turismo-de-salud\/"}],"_links":{"self":[{"href":"https:\/\/eldigitaldeasturias.com\/magazine365\/wp-json\/wp\/v2\/posts\/76987","targetHints":{"allow":["GET"]}}],"collection":[{"href":"https:\/\/eldigitaldeasturias.com\/magazine365\/wp-json\/wp\/v2\/posts"}],"about":[{"href":"https:\/\/eldigitaldeasturias.com\/magazine365\/wp-json\/wp\/v2\/types\/post"}],"author":[{"embeddable":true,"href":"https:\/\/eldigitaldeasturias.com\/magazine365\/wp-json\/wp\/v2\/users\/1"}],"replies":[{"embeddable":true,"href":"https:\/\/eldigitaldeasturias.com\/magazine365\/wp-json\/wp\/v2\/comments?post=76987"}],"version-history":[{"count":0,"href":"https:\/\/eldigitaldeasturias.com\/magazine365\/wp-json\/wp\/v2\/posts\/76987\/revisions"}],"wp:featuredmedia":[{"embeddable":true,"href":"https:\/\/eldigitaldeasturias.com\/magazine365\/wp-json\/wp\/v2\/media\/76988"}],"wp:attachment":[{"href":"https:\/\/eldigitaldeasturias.com\/magazine365\/wp-json\/wp\/v2\/media?parent=76987"}],"wp:term":[{"taxonomy":"category","embeddable":true,"href":"https:\/\/eldigitaldeasturias.com\/magazine365\/wp-json\/wp\/v2\/categories?post=76987"},{"taxonomy":"post_tag","embeddable":true,"href":"https:\/\/eldigitaldeasturias.com\/magazine365\/wp-json\/wp\/v2\/tags?post=76987"}],"curies":[{"name":"wp","href":"https:\/\/api.w.org\/{rel}","templated":true}]}}