{"id":76984,"date":"2016-05-25T04:17:52","date_gmt":"2016-05-25T02:17:52","guid":{"rendered":"http:\/\/eldigitaldeasturias.com\/magazine365\/?p=76984"},"modified":"2016-05-25T04:17:52","modified_gmt":"2016-05-25T02:17:52","slug":"cerca-de-130-personas-abordaran-los-retos-de-las-rutas-turisticas-en-unas-jornadas-en-medina","status":"publish","type":"post","link":"https:\/\/eldigitaldeasturias.com\/magazine365\/cerca-de-130-personas-abordaran-los-retos-de-las-rutas-turisticas-en-unas-jornadas-en-medina\/","title":{"rendered":"Cerca de 130 personas abordar\u00e1n los retos de las Rutas Tur\u00edsticas en unas Jornadas en Medina"},"content":{"rendered":"<p><img fetchpriority=\"high\" decoding=\"async\" class=\"alignleft size-medium wp-image-76985\" src=\"https:\/\/eldigitaldeasturias.com\/magazine365\/wp-content\/uploads\/2016\/05\/fotonoticia_20160524152933_800-360x264.jpg\" alt=\"fotonoticia_20160524152933_800\" width=\"360\" height=\"264\" srcset=\"https:\/\/eldigitaldeasturias.com\/magazine365\/wp-content\/uploads\/2016\/05\/fotonoticia_20160524152933_800-360x264.jpg 360w, https:\/\/eldigitaldeasturias.com\/magazine365\/wp-content\/uploads\/2016\/05\/fotonoticia_20160524152933_800-650x476.jpg 650w, https:\/\/eldigitaldeasturias.com\/magazine365\/wp-content\/uploads\/2016\/05\/fotonoticia_20160524152933_800-768x563.jpg 768w, https:\/\/eldigitaldeasturias.com\/magazine365\/wp-content\/uploads\/2016\/05\/fotonoticia_20160524152933_800-150x110.jpg 150w, https:\/\/eldigitaldeasturias.com\/magazine365\/wp-content\/uploads\/2016\/05\/fotonoticia_20160524152933_800-450x330.jpg 450w, https:\/\/eldigitaldeasturias.com\/magazine365\/wp-content\/uploads\/2016\/05\/fotonoticia_20160524152933_800-90x67.jpg 90w, https:\/\/eldigitaldeasturias.com\/magazine365\/wp-content\/uploads\/2016\/05\/fotonoticia_20160524152933_800.jpg 800w\" sizes=\"(max-width: 360px) 100vw, 360px\" \/>Cerca de 130 personas analizar\u00e1n la situaci\u00f3n actual y los retos a los que se enfrentan las Rutas Tur\u00edsticas en el marco de unas Jornadas Internacionales que se celebrar\u00e1n en Medina del Campo (Valladolid) los d\u00edas 26 y 27 de mayo.<\/p>\n<p>Javier S\u00e1nchez, del promotor tur\u00edstico Turinea, ha explicado que las jornadas buscar\u00e1n desglosar el papel de las Rutas como \u00aboportunidad de desarrollo local\u00bb, punto en el que ha reconocido que pese a constituir un \u00abatractivo tur\u00edstico\u00bb, a\u00fan es necesario incidir en la comercializaci\u00f3n del producto y la atracci\u00f3n de visitantes.<\/p>\n<p>Ser\u00e1n 16 los ponentes procedentes de los sectores privado y p\u00fablico quienes, a trav\u00e9s de distintas ponencias y mesas redondas, aborden por tanto temas vinculados a la conservaci\u00f3n del patrimonio y el desarrollo, los retos del desarrollo local desde la perspectiva de las rutas o experiencias internacionales en el campo del marketing tur\u00edstico, entre otros.<\/p>\n<p>Esta cita se enmarca en la II Feria de Enoturismo que, organizada por la Ruta del Vino de Rueda, se celebrar\u00e1 del 26 al 29 de mayo en la plaza de la Hispanidad de Medina. La programaci\u00f3n comenzar\u00e1 el d\u00eda 27 con la gala de entrega del Premio Racimo 2016 &#8216;Villa de Serrada&#8217; en aquella localidad y continuar\u00e1 el 28 con el nombramiento del padrino de Honor, reconocimiento que ha reca\u00eddo en el humorista Leo Harlem.<\/p>\n<p>A continuaci\u00f3n tendr\u00e1n lugar presentaciones gastron\u00f3micas y tapeo, demostraciones, el festival Viejo Rock y una cata dirigida con caldos de Rueda, mientras que el domingo 29 ser\u00e1 el turno de la cata presentaci\u00f3n de los vinos ganadores de los Premios Sarmiento al mejor verdejo y una fiesta de clausura en Madrigal de las Altas Torres.<\/p>\n<p>El vicepresidente de la Ruta, Daniel Calleja, ha explicado que adem\u00e1s se han creado bonos para las catas y las degustaciones desde los dos hasta los cinco euros y se han programado visitas a bodegas o la exposici\u00f3n &#8216;Un viaje por la Ruta del Vino de Rueda&#8217;.<\/p>\n<p>La Ruta del Vino de Rueda, que cuenta ya con un centenar de socios, est\u00e1 en fase de crecimiento y busca incrementar esa cifra en toda la comarca a fin de potenciar el turismo de calidad, lo que \u00absolo se consigue juntos\u00bb.<\/p>\n","protected":false},"excerpt":{"rendered":"<p>Cerca de 130 personas analizar\u00e1n la situaci\u00f3n actual y los retos a los que se enfrentan las Rutas Tur\u00edsticas en el marco de unas Jornadas Internacionales que se celebrar\u00e1n en Medina del Campo (Valladolid) los d\u00edas 26 y 27 de mayo. Javier S\u00e1nchez, del promotor tur\u00edstico Turinea, ha explicado que las jornadas buscar\u00e1n desglosar el<\/p>\n","protected":false},"author":1,"featured_media":76985,"comment_status":"open","ping_status":"closed","sticky":false,"template":"","format":"standard","meta":{"footnotes":""},"categories":[224],"tags":[],"class_list":{"0":"post-76984","1":"post","2":"type-post","3":"status-publish","4":"format-standard","5":"has-post-thumbnail","7":"category-noticias-actualidad"},"aioseo_notices":[],"aioseo_head":"\n\t\t<!-- All in One SEO Pro 4.9.6.1 - aioseo.com -->\n\t<meta name=\"description\" content=\"Cerca de 130 personas analizar\u00e1n la situaci\u00f3n actual y los retos a los que se enfrentan las Rutas Tur\u00edsticas en el marco de unas Jornadas Internacionales que se celebrar\u00e1n en Medina del Campo (Valladolid) los d\u00edas 26 y 27 de mayo. Javier S\u00e1nchez, del promotor tur\u00edstico Turinea, ha explicado que las jornadas buscar\u00e1n desglosar el\" \/>\n\t<meta name=\"robots\" content=\"max-image-preview:large\" \/>\n\t<meta name=\"author\" content=\"admin\"\/>\n\t<meta name=\"google-site-verification\" content=\"UA-38556648-1\" \/>\n\t<meta name=\"keywords\" content=\"noticias y actualidad\" \/>\n\t<link rel=\"canonical\" href=\"https:\/\/eldigitaldeasturias.com\/magazine365\/cerca-de-130-personas-abordaran-los-retos-de-las-rutas-turisticas-en-unas-jornadas-en-medina\/\" \/>\n\t<meta name=\"generator\" content=\"All in One SEO Pro (AIOSEO) 4.9.6.1\" \/>\n\t\t<meta property=\"og:locale\" content=\"es_ES\" \/>\n\t\t<meta property=\"og:site_name\" content=\"El Digital de Asturias \u2013 Revista de ocio, turismo y estilo de vida\" \/>\n\t\t<meta property=\"og:type\" content=\"article\" \/>\n\t\t<meta property=\"og:title\" content=\"Cerca de 130 personas abordar\u00e1n los retos de las Rutas Tur\u00edsticas en unas Jornadas en Medina | El Digital de Asturias\" \/>\n\t\t<meta property=\"og:description\" content=\"Cerca de 130 personas analizar\u00e1n la situaci\u00f3n actual y los retos a los que se enfrentan las Rutas Tur\u00edsticas en el marco de unas Jornadas Internacionales que se celebrar\u00e1n en Medina del Campo (Valladolid) los d\u00edas 26 y 27 de mayo. Javier S\u00e1nchez, del promotor tur\u00edstico Turinea, ha explicado que las jornadas buscar\u00e1n desglosar el\" \/>\n\t\t<meta property=\"og:url\" content=\"https:\/\/eldigitaldeasturias.com\/magazine365\/cerca-de-130-personas-abordaran-los-retos-de-las-rutas-turisticas-en-unas-jornadas-en-medina\/\" \/>\n\t\t<meta property=\"og:image\" content=\"https:\/\/eldigitaldeasturias.com\/magazine365\/wp-content\/uploads\/2016\/05\/fotonoticia_20160524152933_800.jpg\" \/>\n\t\t<meta property=\"og:image:secure_url\" content=\"https:\/\/eldigitaldeasturias.com\/magazine365\/wp-content\/uploads\/2016\/05\/fotonoticia_20160524152933_800.jpg\" \/>\n\t\t<meta property=\"og:image:width\" content=\"800\" \/>\n\t\t<meta property=\"og:image:height\" content=\"586\" \/>\n\t\t<meta property=\"article:published_time\" content=\"2016-05-25T02:17:52+00:00\" \/>\n\t\t<meta property=\"article:modified_time\" content=\"2016-05-25T02:17:52+00:00\" \/>\n\t\t<meta name=\"twitter:card\" content=\"summary_large_image\" \/>\n\t\t<meta name=\"twitter:title\" content=\"Cerca de 130 personas abordar\u00e1n los retos de las Rutas Tur\u00edsticas en unas Jornadas en Medina | El Digital de Asturias\" \/>\n\t\t<meta name=\"twitter:description\" content=\"Cerca de 130 personas analizar\u00e1n la situaci\u00f3n actual y los retos a los que se enfrentan las Rutas Tur\u00edsticas en el marco de unas Jornadas Internacionales que se celebrar\u00e1n en Medina del Campo (Valladolid) los d\u00edas 26 y 27 de mayo. Javier S\u00e1nchez, del promotor tur\u00edstico Turinea, ha explicado que las jornadas buscar\u00e1n desglosar el\" \/>\n\t\t<meta name=\"twitter:image\" content=\"https:\/\/eldigitaldeasturias.com\/magazine365\/wp-content\/uploads\/2016\/05\/fotonoticia_20160524152933_800.jpg\" \/>\n\t\t<script type=\"application\/ld+json\" class=\"aioseo-schema\">\n\t\t\t{\"@context\":\"https:\\\/\\\/schema.org\",\"@graph\":[{\"@type\":\"Article\",\"@id\":\"https:\\\/\\\/eldigitaldeasturias.com\\\/magazine365\\\/cerca-de-130-personas-abordaran-los-retos-de-las-rutas-turisticas-en-unas-jornadas-en-medina\\\/#article\",\"name\":\"Cerca de 130 personas abordar\\u00e1n los retos de las Rutas Tur\\u00edsticas en unas Jornadas en Medina | El Digital de Asturias\",\"headline\":\"Cerca de 130 personas abordar\\u00e1n los retos de las Rutas Tur\\u00edsticas en unas Jornadas en Medina\",\"author\":{\"@id\":\"https:\\\/\\\/eldigitaldeasturias.com\\\/magazine365\\\/author\\\/admin\\\/#author\"},\"publisher\":{\"@id\":\"https:\\\/\\\/eldigitaldeasturias.com\\\/magazine365\\\/#organization\"},\"image\":{\"@type\":\"ImageObject\",\"url\":\"https:\\\/\\\/eldigitaldeasturias.com\\\/magazine365\\\/wp-content\\\/uploads\\\/2016\\\/05\\\/fotonoticia_20160524152933_800.jpg\",\"width\":800,\"height\":586},\"datePublished\":\"2016-05-25T04:17:52+02:00\",\"dateModified\":\"2016-05-25T04:17:52+02:00\",\"inLanguage\":\"es-ES\",\"mainEntityOfPage\":{\"@id\":\"https:\\\/\\\/eldigitaldeasturias.com\\\/magazine365\\\/cerca-de-130-personas-abordaran-los-retos-de-las-rutas-turisticas-en-unas-jornadas-en-medina\\\/#webpage\"},\"isPartOf\":{\"@id\":\"https:\\\/\\\/eldigitaldeasturias.com\\\/magazine365\\\/cerca-de-130-personas-abordaran-los-retos-de-las-rutas-turisticas-en-unas-jornadas-en-medina\\\/#webpage\"},\"articleSection\":\"Noticias y Actualidad\"},{\"@type\":\"BreadcrumbList\",\"@id\":\"https:\\\/\\\/eldigitaldeasturias.com\\\/magazine365\\\/cerca-de-130-personas-abordaran-los-retos-de-las-rutas-turisticas-en-unas-jornadas-en-medina\\\/#breadcrumblist\",\"itemListElement\":[{\"@type\":\"ListItem\",\"@id\":\"https:\\\/\\\/eldigitaldeasturias.com\\\/magazine365#listItem\",\"position\":1,\"name\":\"Home\",\"item\":\"https:\\\/\\\/eldigitaldeasturias.com\\\/magazine365\",\"nextItem\":{\"@type\":\"ListItem\",\"@id\":\"https:\\\/\\\/eldigitaldeasturias.com\\\/magazine365\\\/category\\\/noticias-actualidad\\\/#listItem\",\"name\":\"Noticias y Actualidad\"}},{\"@type\":\"ListItem\",\"@id\":\"https:\\\/\\\/eldigitaldeasturias.com\\\/magazine365\\\/category\\\/noticias-actualidad\\\/#listItem\",\"position\":2,\"name\":\"Noticias y Actualidad\",\"item\":\"https:\\\/\\\/eldigitaldeasturias.com\\\/magazine365\\\/category\\\/noticias-actualidad\\\/\",\"nextItem\":{\"@type\":\"ListItem\",\"@id\":\"https:\\\/\\\/eldigitaldeasturias.com\\\/magazine365\\\/cerca-de-130-personas-abordaran-los-retos-de-las-rutas-turisticas-en-unas-jornadas-en-medina\\\/#listItem\",\"name\":\"Cerca de 130 personas abordar\\u00e1n los retos de las Rutas Tur\\u00edsticas en unas Jornadas en Medina\"},\"previousItem\":{\"@type\":\"ListItem\",\"@id\":\"https:\\\/\\\/eldigitaldeasturias.com\\\/magazine365#listItem\",\"name\":\"Home\"}},{\"@type\":\"ListItem\",\"@id\":\"https:\\\/\\\/eldigitaldeasturias.com\\\/magazine365\\\/cerca-de-130-personas-abordaran-los-retos-de-las-rutas-turisticas-en-unas-jornadas-en-medina\\\/#listItem\",\"position\":3,\"name\":\"Cerca de 130 personas abordar\\u00e1n los retos de las Rutas Tur\\u00edsticas en unas Jornadas en Medina\",\"previousItem\":{\"@type\":\"ListItem\",\"@id\":\"https:\\\/\\\/eldigitaldeasturias.com\\\/magazine365\\\/category\\\/noticias-actualidad\\\/#listItem\",\"name\":\"Noticias y Actualidad\"}}]},{\"@type\":\"Organization\",\"@id\":\"https:\\\/\\\/eldigitaldeasturias.com\\\/magazine365\\\/#organization\",\"name\":\"El digital de Asturias\",\"description\":\"Revista de ocio, turismo y estilo de vida\",\"url\":\"https:\\\/\\\/eldigitaldeasturias.com\\\/magazine365\\\/\",\"logo\":{\"@type\":\"ImageObject\",\"url\":\"https:\\\/\\\/www.eldigitaldeasturias.com\\\/noticias\\\/wp-content\\\/uploads\\\/2020\\\/12\\\/EDA.jpg\",\"@id\":\"https:\\\/\\\/eldigitaldeasturias.com\\\/magazine365\\\/cerca-de-130-personas-abordaran-los-retos-de-las-rutas-turisticas-en-unas-jornadas-en-medina\\\/#organizationLogo\"},\"image\":{\"@id\":\"https:\\\/\\\/eldigitaldeasturias.com\\\/magazine365\\\/cerca-de-130-personas-abordaran-los-retos-de-las-rutas-turisticas-en-unas-jornadas-en-medina\\\/#organizationLogo\"}},{\"@type\":\"Person\",\"@id\":\"https:\\\/\\\/eldigitaldeasturias.com\\\/magazine365\\\/author\\\/admin\\\/#author\",\"url\":\"https:\\\/\\\/eldigitaldeasturias.com\\\/magazine365\\\/author\\\/admin\\\/\",\"name\":\"admin\",\"image\":{\"@type\":\"ImageObject\",\"@id\":\"https:\\\/\\\/eldigitaldeasturias.com\\\/magazine365\\\/cerca-de-130-personas-abordaran-los-retos-de-las-rutas-turisticas-en-unas-jornadas-en-medina\\\/#authorImage\",\"url\":\"https:\\\/\\\/eldigitaldeasturias.com\\\/magazine365\\\/wp-content\\\/litespeed\\\/avatar\\\/e571bcf59a0edd6fa6838245a470f2fe.jpg?ver=1777574230\",\"width\":96,\"height\":96,\"caption\":\"admin\"}},{\"@type\":\"WebPage\",\"@id\":\"https:\\\/\\\/eldigitaldeasturias.com\\\/magazine365\\\/cerca-de-130-personas-abordaran-los-retos-de-las-rutas-turisticas-en-unas-jornadas-en-medina\\\/#webpage\",\"url\":\"https:\\\/\\\/eldigitaldeasturias.com\\\/magazine365\\\/cerca-de-130-personas-abordaran-los-retos-de-las-rutas-turisticas-en-unas-jornadas-en-medina\\\/\",\"name\":\"Cerca de 130 personas abordar\\u00e1n los retos de las Rutas Tur\\u00edsticas en unas Jornadas en Medina | El Digital de Asturias\",\"description\":\"Cerca de 130 personas analizar\\u00e1n la situaci\\u00f3n actual y los retos a los que se enfrentan las Rutas Tur\\u00edsticas en el marco de unas Jornadas Internacionales que se celebrar\\u00e1n en Medina del Campo (Valladolid) los d\\u00edas 26 y 27 de mayo. Javier S\\u00e1nchez, del promotor tur\\u00edstico Turinea, ha explicado que las jornadas buscar\\u00e1n desglosar el\",\"inLanguage\":\"es-ES\",\"isPartOf\":{\"@id\":\"https:\\\/\\\/eldigitaldeasturias.com\\\/magazine365\\\/#website\"},\"breadcrumb\":{\"@id\":\"https:\\\/\\\/eldigitaldeasturias.com\\\/magazine365\\\/cerca-de-130-personas-abordaran-los-retos-de-las-rutas-turisticas-en-unas-jornadas-en-medina\\\/#breadcrumblist\"},\"author\":{\"@id\":\"https:\\\/\\\/eldigitaldeasturias.com\\\/magazine365\\\/author\\\/admin\\\/#author\"},\"creator\":{\"@id\":\"https:\\\/\\\/eldigitaldeasturias.com\\\/magazine365\\\/author\\\/admin\\\/#author\"},\"image\":{\"@type\":\"ImageObject\",\"url\":\"https:\\\/\\\/eldigitaldeasturias.com\\\/magazine365\\\/wp-content\\\/uploads\\\/2016\\\/05\\\/fotonoticia_20160524152933_800.jpg\",\"@id\":\"https:\\\/\\\/eldigitaldeasturias.com\\\/magazine365\\\/cerca-de-130-personas-abordaran-los-retos-de-las-rutas-turisticas-en-unas-jornadas-en-medina\\\/#mainImage\",\"width\":800,\"height\":586},\"primaryImageOfPage\":{\"@id\":\"https:\\\/\\\/eldigitaldeasturias.com\\\/magazine365\\\/cerca-de-130-personas-abordaran-los-retos-de-las-rutas-turisticas-en-unas-jornadas-en-medina\\\/#mainImage\"},\"datePublished\":\"2016-05-25T04:17:52+02:00\",\"dateModified\":\"2016-05-25T04:17:52+02:00\"},{\"@type\":\"WebSite\",\"@id\":\"https:\\\/\\\/eldigitaldeasturias.com\\\/magazine365\\\/#website\",\"url\":\"https:\\\/\\\/eldigitaldeasturias.com\\\/magazine365\\\/\",\"name\":\"El Digital de Asturias\",\"description\":\"Revista de ocio, turismo y estilo de vida\",\"inLanguage\":\"es-ES\",\"publisher\":{\"@id\":\"https:\\\/\\\/eldigitaldeasturias.com\\\/magazine365\\\/#organization\"}}]}\n\t\t<\/script>\n\t\t<!-- All in One SEO Pro -->\r\n\t\t<title>Cerca de 130 personas abordar\u00e1n los retos de las Rutas Tur\u00edsticas en unas Jornadas en Medina | El Digital de Asturias<\/title>\n\n","aioseo_head_json":{"title":"Cerca de 130 personas abordar\u00e1n los retos de las Rutas Tur\u00edsticas en unas Jornadas en Medina | El Digital de Asturias","description":"Cerca de 130 personas analizar\u00e1n la situaci\u00f3n actual y los retos a los que se enfrentan las Rutas Tur\u00edsticas en el marco de unas Jornadas Internacionales que se celebrar\u00e1n en Medina del Campo (Valladolid) los d\u00edas 26 y 27 de mayo. Javier S\u00e1nchez, del promotor tur\u00edstico Turinea, ha explicado que las jornadas buscar\u00e1n desglosar el","canonical_url":"https:\/\/eldigitaldeasturias.com\/magazine365\/cerca-de-130-personas-abordaran-los-retos-de-las-rutas-turisticas-en-unas-jornadas-en-medina\/","robots":"max-image-preview:large","keywords":"noticias y actualidad","webmasterTools":{"google-site-verification":"UA-38556648-1","miscellaneous":""},"schema":{"@context":"https:\/\/schema.org","@graph":[{"@type":"Article","@id":"https:\/\/eldigitaldeasturias.com\/magazine365\/cerca-de-130-personas-abordaran-los-retos-de-las-rutas-turisticas-en-unas-jornadas-en-medina\/#article","name":"Cerca de 130 personas abordar\u00e1n los retos de las Rutas Tur\u00edsticas en unas Jornadas en Medina | El Digital de Asturias","headline":"Cerca de 130 personas abordar\u00e1n los retos de las Rutas Tur\u00edsticas en unas Jornadas en Medina","author":{"@id":"https:\/\/eldigitaldeasturias.com\/magazine365\/author\/admin\/#author"},"publisher":{"@id":"https:\/\/eldigitaldeasturias.com\/magazine365\/#organization"},"image":{"@type":"ImageObject","url":"https:\/\/eldigitaldeasturias.com\/magazine365\/wp-content\/uploads\/2016\/05\/fotonoticia_20160524152933_800.jpg","width":800,"height":586},"datePublished":"2016-05-25T04:17:52+02:00","dateModified":"2016-05-25T04:17:52+02:00","inLanguage":"es-ES","mainEntityOfPage":{"@id":"https:\/\/eldigitaldeasturias.com\/magazine365\/cerca-de-130-personas-abordaran-los-retos-de-las-rutas-turisticas-en-unas-jornadas-en-medina\/#webpage"},"isPartOf":{"@id":"https:\/\/eldigitaldeasturias.com\/magazine365\/cerca-de-130-personas-abordaran-los-retos-de-las-rutas-turisticas-en-unas-jornadas-en-medina\/#webpage"},"articleSection":"Noticias y Actualidad"},{"@type":"BreadcrumbList","@id":"https:\/\/eldigitaldeasturias.com\/magazine365\/cerca-de-130-personas-abordaran-los-retos-de-las-rutas-turisticas-en-unas-jornadas-en-medina\/#breadcrumblist","itemListElement":[{"@type":"ListItem","@id":"https:\/\/eldigitaldeasturias.com\/magazine365#listItem","position":1,"name":"Home","item":"https:\/\/eldigitaldeasturias.com\/magazine365","nextItem":{"@type":"ListItem","@id":"https:\/\/eldigitaldeasturias.com\/magazine365\/category\/noticias-actualidad\/#listItem","name":"Noticias y Actualidad"}},{"@type":"ListItem","@id":"https:\/\/eldigitaldeasturias.com\/magazine365\/category\/noticias-actualidad\/#listItem","position":2,"name":"Noticias y Actualidad","item":"https:\/\/eldigitaldeasturias.com\/magazine365\/category\/noticias-actualidad\/","nextItem":{"@type":"ListItem","@id":"https:\/\/eldigitaldeasturias.com\/magazine365\/cerca-de-130-personas-abordaran-los-retos-de-las-rutas-turisticas-en-unas-jornadas-en-medina\/#listItem","name":"Cerca de 130 personas abordar\u00e1n los retos de las Rutas Tur\u00edsticas en unas Jornadas en Medina"},"previousItem":{"@type":"ListItem","@id":"https:\/\/eldigitaldeasturias.com\/magazine365#listItem","name":"Home"}},{"@type":"ListItem","@id":"https:\/\/eldigitaldeasturias.com\/magazine365\/cerca-de-130-personas-abordaran-los-retos-de-las-rutas-turisticas-en-unas-jornadas-en-medina\/#listItem","position":3,"name":"Cerca de 130 personas abordar\u00e1n los retos de las Rutas Tur\u00edsticas en unas Jornadas en Medina","previousItem":{"@type":"ListItem","@id":"https:\/\/eldigitaldeasturias.com\/magazine365\/category\/noticias-actualidad\/#listItem","name":"Noticias y Actualidad"}}]},{"@type":"Organization","@id":"https:\/\/eldigitaldeasturias.com\/magazine365\/#organization","name":"El digital de Asturias","description":"Revista de ocio, turismo y estilo de vida","url":"https:\/\/eldigitaldeasturias.com\/magazine365\/","logo":{"@type":"ImageObject","url":"https:\/\/www.eldigitaldeasturias.com\/noticias\/wp-content\/uploads\/2020\/12\/EDA.jpg","@id":"https:\/\/eldigitaldeasturias.com\/magazine365\/cerca-de-130-personas-abordaran-los-retos-de-las-rutas-turisticas-en-unas-jornadas-en-medina\/#organizationLogo"},"image":{"@id":"https:\/\/eldigitaldeasturias.com\/magazine365\/cerca-de-130-personas-abordaran-los-retos-de-las-rutas-turisticas-en-unas-jornadas-en-medina\/#organizationLogo"}},{"@type":"Person","@id":"https:\/\/eldigitaldeasturias.com\/magazine365\/author\/admin\/#author","url":"https:\/\/eldigitaldeasturias.com\/magazine365\/author\/admin\/","name":"admin","image":{"@type":"ImageObject","@id":"https:\/\/eldigitaldeasturias.com\/magazine365\/cerca-de-130-personas-abordaran-los-retos-de-las-rutas-turisticas-en-unas-jornadas-en-medina\/#authorImage","url":"https:\/\/eldigitaldeasturias.com\/magazine365\/wp-content\/litespeed\/avatar\/e571bcf59a0edd6fa6838245a470f2fe.jpg?ver=1777574230","width":96,"height":96,"caption":"admin"}},{"@type":"WebPage","@id":"https:\/\/eldigitaldeasturias.com\/magazine365\/cerca-de-130-personas-abordaran-los-retos-de-las-rutas-turisticas-en-unas-jornadas-en-medina\/#webpage","url":"https:\/\/eldigitaldeasturias.com\/magazine365\/cerca-de-130-personas-abordaran-los-retos-de-las-rutas-turisticas-en-unas-jornadas-en-medina\/","name":"Cerca de 130 personas abordar\u00e1n los retos de las Rutas Tur\u00edsticas en unas Jornadas en Medina | El Digital de Asturias","description":"Cerca de 130 personas analizar\u00e1n la situaci\u00f3n actual y los retos a los que se enfrentan las Rutas Tur\u00edsticas en el marco de unas Jornadas Internacionales que se celebrar\u00e1n en Medina del Campo (Valladolid) los d\u00edas 26 y 27 de mayo. Javier S\u00e1nchez, del promotor tur\u00edstico Turinea, ha explicado que las jornadas buscar\u00e1n desglosar el","inLanguage":"es-ES","isPartOf":{"@id":"https:\/\/eldigitaldeasturias.com\/magazine365\/#website"},"breadcrumb":{"@id":"https:\/\/eldigitaldeasturias.com\/magazine365\/cerca-de-130-personas-abordaran-los-retos-de-las-rutas-turisticas-en-unas-jornadas-en-medina\/#breadcrumblist"},"author":{"@id":"https:\/\/eldigitaldeasturias.com\/magazine365\/author\/admin\/#author"},"creator":{"@id":"https:\/\/eldigitaldeasturias.com\/magazine365\/author\/admin\/#author"},"image":{"@type":"ImageObject","url":"https:\/\/eldigitaldeasturias.com\/magazine365\/wp-content\/uploads\/2016\/05\/fotonoticia_20160524152933_800.jpg","@id":"https:\/\/eldigitaldeasturias.com\/magazine365\/cerca-de-130-personas-abordaran-los-retos-de-las-rutas-turisticas-en-unas-jornadas-en-medina\/#mainImage","width":800,"height":586},"primaryImageOfPage":{"@id":"https:\/\/eldigitaldeasturias.com\/magazine365\/cerca-de-130-personas-abordaran-los-retos-de-las-rutas-turisticas-en-unas-jornadas-en-medina\/#mainImage"},"datePublished":"2016-05-25T04:17:52+02:00","dateModified":"2016-05-25T04:17:52+02:00"},{"@type":"WebSite","@id":"https:\/\/eldigitaldeasturias.com\/magazine365\/#website","url":"https:\/\/eldigitaldeasturias.com\/magazine365\/","name":"El Digital de Asturias","description":"Revista de ocio, turismo y estilo de vida","inLanguage":"es-ES","publisher":{"@id":"https:\/\/eldigitaldeasturias.com\/magazine365\/#organization"}}]},"og:locale":"es_ES","og:site_name":"El Digital de Asturias \u2013 Revista de ocio, turismo y estilo de vida","og:type":"article","og:title":"Cerca de 130 personas abordar\u00e1n los retos de las Rutas Tur\u00edsticas en unas Jornadas en Medina | El Digital de Asturias","og:description":"Cerca de 130 personas analizar\u00e1n la situaci\u00f3n actual y los retos a los que se enfrentan las Rutas Tur\u00edsticas en el marco de unas Jornadas Internacionales que se celebrar\u00e1n en Medina del Campo (Valladolid) los d\u00edas 26 y 27 de mayo. Javier S\u00e1nchez, del promotor tur\u00edstico Turinea, ha explicado que las jornadas buscar\u00e1n desglosar el","og:url":"https:\/\/eldigitaldeasturias.com\/magazine365\/cerca-de-130-personas-abordaran-los-retos-de-las-rutas-turisticas-en-unas-jornadas-en-medina\/","og:image":"https:\/\/eldigitaldeasturias.com\/magazine365\/wp-content\/uploads\/2016\/05\/fotonoticia_20160524152933_800.jpg","og:image:secure_url":"https:\/\/eldigitaldeasturias.com\/magazine365\/wp-content\/uploads\/2016\/05\/fotonoticia_20160524152933_800.jpg","og:image:width":800,"og:image:height":586,"article:published_time":"2016-05-25T02:17:52+00:00","article:modified_time":"2016-05-25T02:17:52+00:00","twitter:card":"summary_large_image","twitter:title":"Cerca de 130 personas abordar\u00e1n los retos de las Rutas Tur\u00edsticas en unas Jornadas en Medina | El Digital de Asturias","twitter:description":"Cerca de 130 personas analizar\u00e1n la situaci\u00f3n actual y los retos a los que se enfrentan las Rutas Tur\u00edsticas en el marco de unas Jornadas Internacionales que se celebrar\u00e1n en Medina del Campo (Valladolid) los d\u00edas 26 y 27 de mayo. Javier S\u00e1nchez, del promotor tur\u00edstico Turinea, ha explicado que las jornadas buscar\u00e1n desglosar el","twitter:image":"https:\/\/eldigitaldeasturias.com\/magazine365\/wp-content\/uploads\/2016\/05\/fotonoticia_20160524152933_800.jpg"},"aioseo_meta_data":{"post_id":"76984","title":null,"description":null,"keywords":null,"keyphrases":null,"primary_term":null,"canonical_url":null,"og_title":null,"og_description":null,"og_object_type":"default","og_image_type":"default","og_image_url":null,"og_image_width":null,"og_image_height":null,"og_image_custom_url":null,"og_image_custom_fields":null,"og_video":null,"og_custom_url":null,"og_article_section":null,"og_article_tags":null,"twitter_use_og":false,"twitter_card":"default","twitter_image_type":"default","twitter_image_url":null,"twitter_image_custom_url":null,"twitter_image_custom_fields":null,"twitter_title":null,"twitter_description":null,"schema":{"blockGraphs":[],"customGraphs":[],"default":{"data":{"Article":[],"Course":[],"Dataset":[],"FAQPage":[],"Movie":[],"Person":[],"Product":[],"ProductReview":[],"Car":[],"Recipe":[],"Service":[],"SoftwareApplication":[],"WebPage":[]},"graphName":"","isEnabled":true},"graphs":[]},"schema_type":null,"schema_type_options":null,"pillar_content":false,"robots_default":true,"robots_noindex":false,"robots_noarchive":false,"robots_nosnippet":false,"robots_nofollow":false,"robots_noimageindex":false,"robots_noodp":false,"robots_notranslate":false,"robots_max_snippet":null,"robots_max_videopreview":null,"robots_max_imagepreview":"large","priority":null,"frequency":null,"location":null,"local_seo":null,"seo_analyzer_scan_date":"2025-09-27 13:47:05","breadcrumb_settings":null,"limit_modified_date":false,"open_ai":null,"ai":null,"created":"2021-03-08 18:21:48","updated":"2025-09-27 13:47:05"},"aioseo_breadcrumb":"<div class=\"aioseo-breadcrumbs\"><span class=\"aioseo-breadcrumb\">\n\t<a href=\"https:\/\/eldigitaldeasturias.com\/magazine365\" title=\"Home\">Home<\/a>\n<\/span><span class=\"aioseo-breadcrumb-separator\">\u2013<\/span><span class=\"aioseo-breadcrumb\">\n\t<a href=\"https:\/\/eldigitaldeasturias.com\/magazine365\/category\/noticias-actualidad\/\" title=\"Noticias y Actualidad\">Noticias y Actualidad<\/a>\n<\/span><span class=\"aioseo-breadcrumb-separator\">\u2013<\/span><span class=\"aioseo-breadcrumb\">\n\t<a href=\"https:\/\/eldigitaldeasturias.com\/magazine365\/cerca-de-130-personas-abordaran-los-retos-de-las-rutas-turisticas-en-unas-jornadas-en-medina\/\" title=\"Cerca de 130 personas abordar\u00e1n los retos de las Rutas Tur\u00edsticas en unas Jornadas en Medina\">Cerca de 130 personas abordar\u00e1n los retos de las Rutas Tur\u00edsticas en unas Jornadas en Medina<\/a>\n<\/span><\/div>","aioseo_breadcrumb_json":[{"label":"Home","link":"https:\/\/eldigitaldeasturias.com\/magazine365"},{"label":"Noticias y Actualidad","link":"https:\/\/eldigitaldeasturias.com\/magazine365\/category\/noticias-actualidad\/"},{"label":"Cerca de 130 personas abordar\u00e1n los retos de las Rutas Tur\u00edsticas en unas Jornadas en Medina","link":"https:\/\/eldigitaldeasturias.com\/magazine365\/cerca-de-130-personas-abordaran-los-retos-de-las-rutas-turisticas-en-unas-jornadas-en-medina\/"}],"_links":{"self":[{"href":"https:\/\/eldigitaldeasturias.com\/magazine365\/wp-json\/wp\/v2\/posts\/76984","targetHints":{"allow":["GET"]}}],"collection":[{"href":"https:\/\/eldigitaldeasturias.com\/magazine365\/wp-json\/wp\/v2\/posts"}],"about":[{"href":"https:\/\/eldigitaldeasturias.com\/magazine365\/wp-json\/wp\/v2\/types\/post"}],"author":[{"embeddable":true,"href":"https:\/\/eldigitaldeasturias.com\/magazine365\/wp-json\/wp\/v2\/users\/1"}],"replies":[{"embeddable":true,"href":"https:\/\/eldigitaldeasturias.com\/magazine365\/wp-json\/wp\/v2\/comments?post=76984"}],"version-history":[{"count":0,"href":"https:\/\/eldigitaldeasturias.com\/magazine365\/wp-json\/wp\/v2\/posts\/76984\/revisions"}],"wp:featuredmedia":[{"embeddable":true,"href":"https:\/\/eldigitaldeasturias.com\/magazine365\/wp-json\/wp\/v2\/media\/76985"}],"wp:attachment":[{"href":"https:\/\/eldigitaldeasturias.com\/magazine365\/wp-json\/wp\/v2\/media?parent=76984"}],"wp:term":[{"taxonomy":"category","embeddable":true,"href":"https:\/\/eldigitaldeasturias.com\/magazine365\/wp-json\/wp\/v2\/categories?post=76984"},{"taxonomy":"post_tag","embeddable":true,"href":"https:\/\/eldigitaldeasturias.com\/magazine365\/wp-json\/wp\/v2\/tags?post=76984"}],"curies":[{"name":"wp","href":"https:\/\/api.w.org\/{rel}","templated":true}]}}