{"id":76981,"date":"2016-05-25T04:15:36","date_gmt":"2016-05-25T02:15:36","guid":{"rendered":"http:\/\/eldigitaldeasturias.com\/magazine365\/?p=76981"},"modified":"2016-05-25T04:15:36","modified_gmt":"2016-05-25T02:15:36","slug":"organizan-en-lorca-el-primer-gastro-truck","status":"publish","type":"post","link":"https:\/\/eldigitaldeasturias.com\/magazine365\/organizan-en-lorca-el-primer-gastro-truck\/","title":{"rendered":"Organizan en Lorca el primer Gastro Truck"},"content":{"rendered":"<p><img fetchpriority=\"high\" decoding=\"async\" class=\"alignleft size-medium wp-image-76982\" src=\"https:\/\/eldigitaldeasturias.com\/magazine365\/wp-content\/uploads\/2016\/05\/fotonoticia_20160524145933_800-360x270.jpg\" alt=\"fotonoticia_20160524145933_800\" width=\"360\" height=\"270\" srcset=\"https:\/\/eldigitaldeasturias.com\/magazine365\/wp-content\/uploads\/2016\/05\/fotonoticia_20160524145933_800-360x270.jpg 360w, https:\/\/eldigitaldeasturias.com\/magazine365\/wp-content\/uploads\/2016\/05\/fotonoticia_20160524145933_800-650x488.jpg 650w, https:\/\/eldigitaldeasturias.com\/magazine365\/wp-content\/uploads\/2016\/05\/fotonoticia_20160524145933_800-768x576.jpg 768w, https:\/\/eldigitaldeasturias.com\/magazine365\/wp-content\/uploads\/2016\/05\/fotonoticia_20160524145933_800-150x113.jpg 150w, https:\/\/eldigitaldeasturias.com\/magazine365\/wp-content\/uploads\/2016\/05\/fotonoticia_20160524145933_800-450x338.jpg 450w, https:\/\/eldigitaldeasturias.com\/magazine365\/wp-content\/uploads\/2016\/05\/fotonoticia_20160524145933_800-90x67.jpg 90w, https:\/\/eldigitaldeasturias.com\/magazine365\/wp-content\/uploads\/2016\/05\/fotonoticia_20160524145933_800-164x124.jpg 164w, https:\/\/eldigitaldeasturias.com\/magazine365\/wp-content\/uploads\/2016\/05\/fotonoticia_20160524145933_800-100x75.jpg 100w, https:\/\/eldigitaldeasturias.com\/magazine365\/wp-content\/uploads\/2016\/05\/fotonoticia_20160524145933_800.jpg 800w\" sizes=\"(max-width: 360px) 100vw, 360px\" \/>El concejal de Comercio del Ayuntamiento de Lorca, Juan Miguel Bayonas, ha presentado este martes el primer Gastro Truck Lorca, que se celebrar\u00e1 del 3 al 5 de junio en la Alameda de la Constituci\u00f3n, siguiendo los ejemplos de \u00e9xito que se han realizado en otras localidades del pa\u00eds.<\/p>\n<p>En este evento, fruto de la iniciativa p\u00fablico privada de la mano de Hostelor y la Concejal\u00eda de Festejos, lorquinos y visitantes podr\u00e1n disfrutar sin tener que abonar entrada en este c\u00e9ntrico entorno de ocho veh\u00edculos cl\u00e1sicos, m\u00edticos o ic\u00f3nicos, conocidos como Food Trucks, con lo m\u00e1s selecto de las cocinas regionales, m\u00fasica en vivo y zona infantil, con los que se pretende atraer a visitantes de localidades cercanas y dinamizar la actividad social, econ\u00f3mica y festiva del casco urbano.<\/p>\n<p>&#8216;GastroTruck Lorca&#8217; es una forma distinta de vivir y disfrutar de lo mejor de la gastronom\u00eda, ofreciendo un formato novedoso en la Regi\u00f3n que traslada autobuses, camiones, furgonetas, ambulancias, coches polic\u00eda o taxis cl\u00e1sicos, convertidos de forma simultanea tanto en reclamos tur\u00edsticos como en espacios \u00fatiles para la cocina, aportando un plus que la visita a un restaurante no puede alcanzar.<\/p>\n<p>Seg\u00fan ha avanzado el edil, \u00abcontaremos con veh\u00edculos\/restaurantes de primer nivel de la cocina regional o nacional, muchos de ellos originales del propio municipio, con los que dar vida al aspecto gastron\u00f3mico del evento.<\/p>\n<p>Desde &#8216;GastroTruck Lorca&#8217; se propone al visitante distintos conciertos diarios, ambientaci\u00f3n musical permanente, zonas infantiles y, sobre todo, comida, creando en conjunto que tiene como principal objetivo facilitar la planificaci\u00f3n por parte de posibles asistentes de otros municipios o regiones.<\/p>\n<p>Este formato \u00abes una iniciativa que nace con la vocaci\u00f3n de convertirse en uno de los principales festival de food trucks de la Regi\u00f3n de Murcia y una de las citas imprescindibles para los aficionados a este tipo de eventos, cada vez m\u00e1s seguidos y apreciados tanto por los amantes de la comida como por aquellos que buscan una experiencia distinta con la que ocupar algunos de sus d\u00edas libres solos, con amigos o, especialmente, en familia\u00bb, ha destacado Bayonas.<\/p>\n","protected":false},"excerpt":{"rendered":"<p>El concejal de Comercio del Ayuntamiento de Lorca, Juan Miguel Bayonas, ha presentado este martes el primer Gastro Truck Lorca, que se celebrar\u00e1 del 3 al 5 de junio en la Alameda de la Constituci\u00f3n, siguiendo los ejemplos de \u00e9xito que se han realizado en otras localidades del pa\u00eds. En este evento, fruto de la<\/p>\n","protected":false},"author":1,"featured_media":76982,"comment_status":"open","ping_status":"closed","sticky":false,"template":"","format":"standard","meta":{"footnotes":""},"categories":[224],"tags":[],"class_list":{"0":"post-76981","1":"post","2":"type-post","3":"status-publish","4":"format-standard","5":"has-post-thumbnail","7":"category-noticias-actualidad"},"aioseo_notices":[],"aioseo_head":"\n\t\t<!-- All in One SEO Pro 4.9.6.1 - aioseo.com -->\n\t<meta name=\"description\" content=\"El concejal de Comercio del Ayuntamiento de Lorca, Juan Miguel Bayonas, ha presentado este martes el primer Gastro Truck Lorca, que se celebrar\u00e1 del 3 al 5 de junio en la Alameda de la Constituci\u00f3n, siguiendo los ejemplos de \u00e9xito que se han realizado en otras localidades del pa\u00eds. En este evento, fruto de la\" \/>\n\t<meta name=\"robots\" content=\"max-image-preview:large\" \/>\n\t<meta name=\"author\" content=\"admin\"\/>\n\t<meta name=\"google-site-verification\" content=\"UA-38556648-1\" \/>\n\t<meta name=\"keywords\" content=\"noticias y actualidad\" \/>\n\t<link rel=\"canonical\" href=\"https:\/\/eldigitaldeasturias.com\/magazine365\/organizan-en-lorca-el-primer-gastro-truck\/\" \/>\n\t<meta name=\"generator\" content=\"All in One SEO Pro (AIOSEO) 4.9.6.1\" \/>\n\t\t<meta property=\"og:locale\" content=\"es_ES\" \/>\n\t\t<meta property=\"og:site_name\" content=\"El Digital de Asturias \u2013 Revista de ocio, turismo y estilo de vida\" \/>\n\t\t<meta property=\"og:type\" content=\"article\" \/>\n\t\t<meta property=\"og:title\" content=\"Organizan en Lorca el primer Gastro Truck | El Digital de Asturias\" \/>\n\t\t<meta property=\"og:description\" content=\"El concejal de Comercio del Ayuntamiento de Lorca, Juan Miguel Bayonas, ha presentado este martes el primer Gastro Truck Lorca, que se celebrar\u00e1 del 3 al 5 de junio en la Alameda de la Constituci\u00f3n, siguiendo los ejemplos de \u00e9xito que se han realizado en otras localidades del pa\u00eds. En este evento, fruto de la\" \/>\n\t\t<meta property=\"og:url\" content=\"https:\/\/eldigitaldeasturias.com\/magazine365\/organizan-en-lorca-el-primer-gastro-truck\/\" \/>\n\t\t<meta property=\"og:image\" content=\"https:\/\/eldigitaldeasturias.com\/magazine365\/wp-content\/uploads\/2016\/05\/fotonoticia_20160524145933_800.jpg\" \/>\n\t\t<meta property=\"og:image:secure_url\" content=\"https:\/\/eldigitaldeasturias.com\/magazine365\/wp-content\/uploads\/2016\/05\/fotonoticia_20160524145933_800.jpg\" \/>\n\t\t<meta property=\"og:image:width\" content=\"800\" \/>\n\t\t<meta property=\"og:image:height\" content=\"600\" \/>\n\t\t<meta property=\"article:published_time\" content=\"2016-05-25T02:15:36+00:00\" \/>\n\t\t<meta property=\"article:modified_time\" content=\"2016-05-25T02:15:36+00:00\" \/>\n\t\t<meta name=\"twitter:card\" content=\"summary_large_image\" \/>\n\t\t<meta name=\"twitter:title\" content=\"Organizan en Lorca el primer Gastro Truck | El Digital de Asturias\" \/>\n\t\t<meta name=\"twitter:description\" content=\"El concejal de Comercio del Ayuntamiento de Lorca, Juan Miguel Bayonas, ha presentado este martes el primer Gastro Truck Lorca, que se celebrar\u00e1 del 3 al 5 de junio en la Alameda de la Constituci\u00f3n, siguiendo los ejemplos de \u00e9xito que se han realizado en otras localidades del pa\u00eds. En este evento, fruto de la\" \/>\n\t\t<meta name=\"twitter:image\" content=\"https:\/\/eldigitaldeasturias.com\/magazine365\/wp-content\/uploads\/2016\/05\/fotonoticia_20160524145933_800.jpg\" \/>\n\t\t<script type=\"application\/ld+json\" class=\"aioseo-schema\">\n\t\t\t{\"@context\":\"https:\\\/\\\/schema.org\",\"@graph\":[{\"@type\":\"Article\",\"@id\":\"https:\\\/\\\/eldigitaldeasturias.com\\\/magazine365\\\/organizan-en-lorca-el-primer-gastro-truck\\\/#article\",\"name\":\"Organizan en Lorca el primer Gastro Truck | El Digital de Asturias\",\"headline\":\"Organizan en Lorca el primer Gastro Truck\",\"author\":{\"@id\":\"https:\\\/\\\/eldigitaldeasturias.com\\\/magazine365\\\/author\\\/admin\\\/#author\"},\"publisher\":{\"@id\":\"https:\\\/\\\/eldigitaldeasturias.com\\\/magazine365\\\/#organization\"},\"image\":{\"@type\":\"ImageObject\",\"url\":\"https:\\\/\\\/eldigitaldeasturias.com\\\/magazine365\\\/wp-content\\\/uploads\\\/2016\\\/05\\\/fotonoticia_20160524145933_800.jpg\",\"width\":800,\"height\":600},\"datePublished\":\"2016-05-25T04:15:36+02:00\",\"dateModified\":\"2016-05-25T04:15:36+02:00\",\"inLanguage\":\"es-ES\",\"mainEntityOfPage\":{\"@id\":\"https:\\\/\\\/eldigitaldeasturias.com\\\/magazine365\\\/organizan-en-lorca-el-primer-gastro-truck\\\/#webpage\"},\"isPartOf\":{\"@id\":\"https:\\\/\\\/eldigitaldeasturias.com\\\/magazine365\\\/organizan-en-lorca-el-primer-gastro-truck\\\/#webpage\"},\"articleSection\":\"Noticias y Actualidad\"},{\"@type\":\"BreadcrumbList\",\"@id\":\"https:\\\/\\\/eldigitaldeasturias.com\\\/magazine365\\\/organizan-en-lorca-el-primer-gastro-truck\\\/#breadcrumblist\",\"itemListElement\":[{\"@type\":\"ListItem\",\"@id\":\"https:\\\/\\\/eldigitaldeasturias.com\\\/magazine365#listItem\",\"position\":1,\"name\":\"Home\",\"item\":\"https:\\\/\\\/eldigitaldeasturias.com\\\/magazine365\",\"nextItem\":{\"@type\":\"ListItem\",\"@id\":\"https:\\\/\\\/eldigitaldeasturias.com\\\/magazine365\\\/category\\\/noticias-actualidad\\\/#listItem\",\"name\":\"Noticias y Actualidad\"}},{\"@type\":\"ListItem\",\"@id\":\"https:\\\/\\\/eldigitaldeasturias.com\\\/magazine365\\\/category\\\/noticias-actualidad\\\/#listItem\",\"position\":2,\"name\":\"Noticias y Actualidad\",\"item\":\"https:\\\/\\\/eldigitaldeasturias.com\\\/magazine365\\\/category\\\/noticias-actualidad\\\/\",\"nextItem\":{\"@type\":\"ListItem\",\"@id\":\"https:\\\/\\\/eldigitaldeasturias.com\\\/magazine365\\\/organizan-en-lorca-el-primer-gastro-truck\\\/#listItem\",\"name\":\"Organizan en Lorca el primer Gastro Truck\"},\"previousItem\":{\"@type\":\"ListItem\",\"@id\":\"https:\\\/\\\/eldigitaldeasturias.com\\\/magazine365#listItem\",\"name\":\"Home\"}},{\"@type\":\"ListItem\",\"@id\":\"https:\\\/\\\/eldigitaldeasturias.com\\\/magazine365\\\/organizan-en-lorca-el-primer-gastro-truck\\\/#listItem\",\"position\":3,\"name\":\"Organizan en Lorca el primer Gastro Truck\",\"previousItem\":{\"@type\":\"ListItem\",\"@id\":\"https:\\\/\\\/eldigitaldeasturias.com\\\/magazine365\\\/category\\\/noticias-actualidad\\\/#listItem\",\"name\":\"Noticias y Actualidad\"}}]},{\"@type\":\"Organization\",\"@id\":\"https:\\\/\\\/eldigitaldeasturias.com\\\/magazine365\\\/#organization\",\"name\":\"El digital de Asturias\",\"description\":\"Revista de ocio, turismo y estilo de vida\",\"url\":\"https:\\\/\\\/eldigitaldeasturias.com\\\/magazine365\\\/\",\"logo\":{\"@type\":\"ImageObject\",\"url\":\"https:\\\/\\\/www.eldigitaldeasturias.com\\\/noticias\\\/wp-content\\\/uploads\\\/2020\\\/12\\\/EDA.jpg\",\"@id\":\"https:\\\/\\\/eldigitaldeasturias.com\\\/magazine365\\\/organizan-en-lorca-el-primer-gastro-truck\\\/#organizationLogo\"},\"image\":{\"@id\":\"https:\\\/\\\/eldigitaldeasturias.com\\\/magazine365\\\/organizan-en-lorca-el-primer-gastro-truck\\\/#organizationLogo\"}},{\"@type\":\"Person\",\"@id\":\"https:\\\/\\\/eldigitaldeasturias.com\\\/magazine365\\\/author\\\/admin\\\/#author\",\"url\":\"https:\\\/\\\/eldigitaldeasturias.com\\\/magazine365\\\/author\\\/admin\\\/\",\"name\":\"admin\",\"image\":{\"@type\":\"ImageObject\",\"@id\":\"https:\\\/\\\/eldigitaldeasturias.com\\\/magazine365\\\/organizan-en-lorca-el-primer-gastro-truck\\\/#authorImage\",\"url\":\"https:\\\/\\\/eldigitaldeasturias.com\\\/magazine365\\\/wp-content\\\/litespeed\\\/avatar\\\/e571bcf59a0edd6fa6838245a470f2fe.jpg?ver=1777574230\",\"width\":96,\"height\":96,\"caption\":\"admin\"}},{\"@type\":\"WebPage\",\"@id\":\"https:\\\/\\\/eldigitaldeasturias.com\\\/magazine365\\\/organizan-en-lorca-el-primer-gastro-truck\\\/#webpage\",\"url\":\"https:\\\/\\\/eldigitaldeasturias.com\\\/magazine365\\\/organizan-en-lorca-el-primer-gastro-truck\\\/\",\"name\":\"Organizan en Lorca el primer Gastro Truck | El Digital de Asturias\",\"description\":\"El concejal de Comercio del Ayuntamiento de Lorca, Juan Miguel Bayonas, ha presentado este martes el primer Gastro Truck Lorca, que se celebrar\\u00e1 del 3 al 5 de junio en la Alameda de la Constituci\\u00f3n, siguiendo los ejemplos de \\u00e9xito que se han realizado en otras localidades del pa\\u00eds. En este evento, fruto de la\",\"inLanguage\":\"es-ES\",\"isPartOf\":{\"@id\":\"https:\\\/\\\/eldigitaldeasturias.com\\\/magazine365\\\/#website\"},\"breadcrumb\":{\"@id\":\"https:\\\/\\\/eldigitaldeasturias.com\\\/magazine365\\\/organizan-en-lorca-el-primer-gastro-truck\\\/#breadcrumblist\"},\"author\":{\"@id\":\"https:\\\/\\\/eldigitaldeasturias.com\\\/magazine365\\\/author\\\/admin\\\/#author\"},\"creator\":{\"@id\":\"https:\\\/\\\/eldigitaldeasturias.com\\\/magazine365\\\/author\\\/admin\\\/#author\"},\"image\":{\"@type\":\"ImageObject\",\"url\":\"https:\\\/\\\/eldigitaldeasturias.com\\\/magazine365\\\/wp-content\\\/uploads\\\/2016\\\/05\\\/fotonoticia_20160524145933_800.jpg\",\"@id\":\"https:\\\/\\\/eldigitaldeasturias.com\\\/magazine365\\\/organizan-en-lorca-el-primer-gastro-truck\\\/#mainImage\",\"width\":800,\"height\":600},\"primaryImageOfPage\":{\"@id\":\"https:\\\/\\\/eldigitaldeasturias.com\\\/magazine365\\\/organizan-en-lorca-el-primer-gastro-truck\\\/#mainImage\"},\"datePublished\":\"2016-05-25T04:15:36+02:00\",\"dateModified\":\"2016-05-25T04:15:36+02:00\"},{\"@type\":\"WebSite\",\"@id\":\"https:\\\/\\\/eldigitaldeasturias.com\\\/magazine365\\\/#website\",\"url\":\"https:\\\/\\\/eldigitaldeasturias.com\\\/magazine365\\\/\",\"name\":\"El Digital de Asturias\",\"description\":\"Revista de ocio, turismo y estilo de vida\",\"inLanguage\":\"es-ES\",\"publisher\":{\"@id\":\"https:\\\/\\\/eldigitaldeasturias.com\\\/magazine365\\\/#organization\"}}]}\n\t\t<\/script>\n\t\t<!-- All in One SEO Pro -->\r\n\t\t<title>Organizan en Lorca el primer Gastro Truck | El Digital de Asturias<\/title>\n\n","aioseo_head_json":{"title":"Organizan en Lorca el primer Gastro Truck | El Digital de Asturias","description":"El concejal de Comercio del Ayuntamiento de Lorca, Juan Miguel Bayonas, ha presentado este martes el primer Gastro Truck Lorca, que se celebrar\u00e1 del 3 al 5 de junio en la Alameda de la Constituci\u00f3n, siguiendo los ejemplos de \u00e9xito que se han realizado en otras localidades del pa\u00eds. En este evento, fruto de la","canonical_url":"https:\/\/eldigitaldeasturias.com\/magazine365\/organizan-en-lorca-el-primer-gastro-truck\/","robots":"max-image-preview:large","keywords":"noticias y actualidad","webmasterTools":{"google-site-verification":"UA-38556648-1","miscellaneous":""},"schema":{"@context":"https:\/\/schema.org","@graph":[{"@type":"Article","@id":"https:\/\/eldigitaldeasturias.com\/magazine365\/organizan-en-lorca-el-primer-gastro-truck\/#article","name":"Organizan en Lorca el primer Gastro Truck | El Digital de Asturias","headline":"Organizan en Lorca el primer Gastro Truck","author":{"@id":"https:\/\/eldigitaldeasturias.com\/magazine365\/author\/admin\/#author"},"publisher":{"@id":"https:\/\/eldigitaldeasturias.com\/magazine365\/#organization"},"image":{"@type":"ImageObject","url":"https:\/\/eldigitaldeasturias.com\/magazine365\/wp-content\/uploads\/2016\/05\/fotonoticia_20160524145933_800.jpg","width":800,"height":600},"datePublished":"2016-05-25T04:15:36+02:00","dateModified":"2016-05-25T04:15:36+02:00","inLanguage":"es-ES","mainEntityOfPage":{"@id":"https:\/\/eldigitaldeasturias.com\/magazine365\/organizan-en-lorca-el-primer-gastro-truck\/#webpage"},"isPartOf":{"@id":"https:\/\/eldigitaldeasturias.com\/magazine365\/organizan-en-lorca-el-primer-gastro-truck\/#webpage"},"articleSection":"Noticias y Actualidad"},{"@type":"BreadcrumbList","@id":"https:\/\/eldigitaldeasturias.com\/magazine365\/organizan-en-lorca-el-primer-gastro-truck\/#breadcrumblist","itemListElement":[{"@type":"ListItem","@id":"https:\/\/eldigitaldeasturias.com\/magazine365#listItem","position":1,"name":"Home","item":"https:\/\/eldigitaldeasturias.com\/magazine365","nextItem":{"@type":"ListItem","@id":"https:\/\/eldigitaldeasturias.com\/magazine365\/category\/noticias-actualidad\/#listItem","name":"Noticias y Actualidad"}},{"@type":"ListItem","@id":"https:\/\/eldigitaldeasturias.com\/magazine365\/category\/noticias-actualidad\/#listItem","position":2,"name":"Noticias y Actualidad","item":"https:\/\/eldigitaldeasturias.com\/magazine365\/category\/noticias-actualidad\/","nextItem":{"@type":"ListItem","@id":"https:\/\/eldigitaldeasturias.com\/magazine365\/organizan-en-lorca-el-primer-gastro-truck\/#listItem","name":"Organizan en Lorca el primer Gastro Truck"},"previousItem":{"@type":"ListItem","@id":"https:\/\/eldigitaldeasturias.com\/magazine365#listItem","name":"Home"}},{"@type":"ListItem","@id":"https:\/\/eldigitaldeasturias.com\/magazine365\/organizan-en-lorca-el-primer-gastro-truck\/#listItem","position":3,"name":"Organizan en Lorca el primer Gastro Truck","previousItem":{"@type":"ListItem","@id":"https:\/\/eldigitaldeasturias.com\/magazine365\/category\/noticias-actualidad\/#listItem","name":"Noticias y Actualidad"}}]},{"@type":"Organization","@id":"https:\/\/eldigitaldeasturias.com\/magazine365\/#organization","name":"El digital de Asturias","description":"Revista de ocio, turismo y estilo de vida","url":"https:\/\/eldigitaldeasturias.com\/magazine365\/","logo":{"@type":"ImageObject","url":"https:\/\/www.eldigitaldeasturias.com\/noticias\/wp-content\/uploads\/2020\/12\/EDA.jpg","@id":"https:\/\/eldigitaldeasturias.com\/magazine365\/organizan-en-lorca-el-primer-gastro-truck\/#organizationLogo"},"image":{"@id":"https:\/\/eldigitaldeasturias.com\/magazine365\/organizan-en-lorca-el-primer-gastro-truck\/#organizationLogo"}},{"@type":"Person","@id":"https:\/\/eldigitaldeasturias.com\/magazine365\/author\/admin\/#author","url":"https:\/\/eldigitaldeasturias.com\/magazine365\/author\/admin\/","name":"admin","image":{"@type":"ImageObject","@id":"https:\/\/eldigitaldeasturias.com\/magazine365\/organizan-en-lorca-el-primer-gastro-truck\/#authorImage","url":"https:\/\/eldigitaldeasturias.com\/magazine365\/wp-content\/litespeed\/avatar\/e571bcf59a0edd6fa6838245a470f2fe.jpg?ver=1777574230","width":96,"height":96,"caption":"admin"}},{"@type":"WebPage","@id":"https:\/\/eldigitaldeasturias.com\/magazine365\/organizan-en-lorca-el-primer-gastro-truck\/#webpage","url":"https:\/\/eldigitaldeasturias.com\/magazine365\/organizan-en-lorca-el-primer-gastro-truck\/","name":"Organizan en Lorca el primer Gastro Truck | El Digital de Asturias","description":"El concejal de Comercio del Ayuntamiento de Lorca, Juan Miguel Bayonas, ha presentado este martes el primer Gastro Truck Lorca, que se celebrar\u00e1 del 3 al 5 de junio en la Alameda de la Constituci\u00f3n, siguiendo los ejemplos de \u00e9xito que se han realizado en otras localidades del pa\u00eds. En este evento, fruto de la","inLanguage":"es-ES","isPartOf":{"@id":"https:\/\/eldigitaldeasturias.com\/magazine365\/#website"},"breadcrumb":{"@id":"https:\/\/eldigitaldeasturias.com\/magazine365\/organizan-en-lorca-el-primer-gastro-truck\/#breadcrumblist"},"author":{"@id":"https:\/\/eldigitaldeasturias.com\/magazine365\/author\/admin\/#author"},"creator":{"@id":"https:\/\/eldigitaldeasturias.com\/magazine365\/author\/admin\/#author"},"image":{"@type":"ImageObject","url":"https:\/\/eldigitaldeasturias.com\/magazine365\/wp-content\/uploads\/2016\/05\/fotonoticia_20160524145933_800.jpg","@id":"https:\/\/eldigitaldeasturias.com\/magazine365\/organizan-en-lorca-el-primer-gastro-truck\/#mainImage","width":800,"height":600},"primaryImageOfPage":{"@id":"https:\/\/eldigitaldeasturias.com\/magazine365\/organizan-en-lorca-el-primer-gastro-truck\/#mainImage"},"datePublished":"2016-05-25T04:15:36+02:00","dateModified":"2016-05-25T04:15:36+02:00"},{"@type":"WebSite","@id":"https:\/\/eldigitaldeasturias.com\/magazine365\/#website","url":"https:\/\/eldigitaldeasturias.com\/magazine365\/","name":"El Digital de Asturias","description":"Revista de ocio, turismo y estilo de vida","inLanguage":"es-ES","publisher":{"@id":"https:\/\/eldigitaldeasturias.com\/magazine365\/#organization"}}]},"og:locale":"es_ES","og:site_name":"El Digital de Asturias \u2013 Revista de ocio, turismo y estilo de vida","og:type":"article","og:title":"Organizan en Lorca el primer Gastro Truck | El Digital de Asturias","og:description":"El concejal de Comercio del Ayuntamiento de Lorca, Juan Miguel Bayonas, ha presentado este martes el primer Gastro Truck Lorca, que se celebrar\u00e1 del 3 al 5 de junio en la Alameda de la Constituci\u00f3n, siguiendo los ejemplos de \u00e9xito que se han realizado en otras localidades del pa\u00eds. En este evento, fruto de la","og:url":"https:\/\/eldigitaldeasturias.com\/magazine365\/organizan-en-lorca-el-primer-gastro-truck\/","og:image":"https:\/\/eldigitaldeasturias.com\/magazine365\/wp-content\/uploads\/2016\/05\/fotonoticia_20160524145933_800.jpg","og:image:secure_url":"https:\/\/eldigitaldeasturias.com\/magazine365\/wp-content\/uploads\/2016\/05\/fotonoticia_20160524145933_800.jpg","og:image:width":800,"og:image:height":600,"article:published_time":"2016-05-25T02:15:36+00:00","article:modified_time":"2016-05-25T02:15:36+00:00","twitter:card":"summary_large_image","twitter:title":"Organizan en Lorca el primer Gastro Truck | El Digital de Asturias","twitter:description":"El concejal de Comercio del Ayuntamiento de Lorca, Juan Miguel Bayonas, ha presentado este martes el primer Gastro Truck Lorca, que se celebrar\u00e1 del 3 al 5 de junio en la Alameda de la Constituci\u00f3n, siguiendo los ejemplos de \u00e9xito que se han realizado en otras localidades del pa\u00eds. En este evento, fruto de la","twitter:image":"https:\/\/eldigitaldeasturias.com\/magazine365\/wp-content\/uploads\/2016\/05\/fotonoticia_20160524145933_800.jpg"},"aioseo_meta_data":{"post_id":"76981","title":null,"description":null,"keywords":null,"keyphrases":null,"primary_term":null,"canonical_url":null,"og_title":null,"og_description":null,"og_object_type":"default","og_image_type":"default","og_image_url":null,"og_image_width":null,"og_image_height":null,"og_image_custom_url":null,"og_image_custom_fields":null,"og_video":null,"og_custom_url":null,"og_article_section":null,"og_article_tags":null,"twitter_use_og":false,"twitter_card":"default","twitter_image_type":"default","twitter_image_url":null,"twitter_image_custom_url":null,"twitter_image_custom_fields":null,"twitter_title":null,"twitter_description":null,"schema":{"blockGraphs":[],"customGraphs":[],"default":{"data":{"Article":[],"Course":[],"Dataset":[],"FAQPage":[],"Movie":[],"Person":[],"Product":[],"ProductReview":[],"Car":[],"Recipe":[],"Service":[],"SoftwareApplication":[],"WebPage":[]},"graphName":"","isEnabled":true},"graphs":[],"defaultGraph":"","defaultPostTypeGraph":""},"schema_type":null,"schema_type_options":null,"pillar_content":false,"robots_default":true,"robots_noindex":false,"robots_noarchive":false,"robots_nosnippet":false,"robots_nofollow":false,"robots_noimageindex":false,"robots_noodp":false,"robots_notranslate":false,"robots_max_snippet":null,"robots_max_videopreview":null,"robots_max_imagepreview":"large","priority":null,"frequency":null,"location":null,"local_seo":null,"seo_analyzer_scan_date":"2025-09-27 13:47:04","breadcrumb_settings":null,"limit_modified_date":false,"open_ai":null,"ai":null,"created":"2021-03-08 18:21:48","updated":"2025-09-27 13:47:04"},"aioseo_breadcrumb":"<div class=\"aioseo-breadcrumbs\"><span class=\"aioseo-breadcrumb\">\n\t<a href=\"https:\/\/eldigitaldeasturias.com\/magazine365\" title=\"Home\">Home<\/a>\n<\/span><span class=\"aioseo-breadcrumb-separator\">\u2013<\/span><span class=\"aioseo-breadcrumb\">\n\t<a href=\"https:\/\/eldigitaldeasturias.com\/magazine365\/category\/noticias-actualidad\/\" title=\"Noticias y Actualidad\">Noticias y Actualidad<\/a>\n<\/span><span class=\"aioseo-breadcrumb-separator\">\u2013<\/span><span class=\"aioseo-breadcrumb\">\n\t<a href=\"https:\/\/eldigitaldeasturias.com\/magazine365\/organizan-en-lorca-el-primer-gastro-truck\/\" title=\"Organizan en Lorca el primer Gastro Truck\">Organizan en Lorca el primer Gastro Truck<\/a>\n<\/span><\/div>","aioseo_breadcrumb_json":[{"label":"Home","link":"https:\/\/eldigitaldeasturias.com\/magazine365"},{"label":"Noticias y Actualidad","link":"https:\/\/eldigitaldeasturias.com\/magazine365\/category\/noticias-actualidad\/"},{"label":"Organizan en Lorca el primer Gastro Truck","link":"https:\/\/eldigitaldeasturias.com\/magazine365\/organizan-en-lorca-el-primer-gastro-truck\/"}],"_links":{"self":[{"href":"https:\/\/eldigitaldeasturias.com\/magazine365\/wp-json\/wp\/v2\/posts\/76981","targetHints":{"allow":["GET"]}}],"collection":[{"href":"https:\/\/eldigitaldeasturias.com\/magazine365\/wp-json\/wp\/v2\/posts"}],"about":[{"href":"https:\/\/eldigitaldeasturias.com\/magazine365\/wp-json\/wp\/v2\/types\/post"}],"author":[{"embeddable":true,"href":"https:\/\/eldigitaldeasturias.com\/magazine365\/wp-json\/wp\/v2\/users\/1"}],"replies":[{"embeddable":true,"href":"https:\/\/eldigitaldeasturias.com\/magazine365\/wp-json\/wp\/v2\/comments?post=76981"}],"version-history":[{"count":0,"href":"https:\/\/eldigitaldeasturias.com\/magazine365\/wp-json\/wp\/v2\/posts\/76981\/revisions"}],"wp:featuredmedia":[{"embeddable":true,"href":"https:\/\/eldigitaldeasturias.com\/magazine365\/wp-json\/wp\/v2\/media\/76982"}],"wp:attachment":[{"href":"https:\/\/eldigitaldeasturias.com\/magazine365\/wp-json\/wp\/v2\/media?parent=76981"}],"wp:term":[{"taxonomy":"category","embeddable":true,"href":"https:\/\/eldigitaldeasturias.com\/magazine365\/wp-json\/wp\/v2\/categories?post=76981"},{"taxonomy":"post_tag","embeddable":true,"href":"https:\/\/eldigitaldeasturias.com\/magazine365\/wp-json\/wp\/v2\/tags?post=76981"}],"curies":[{"name":"wp","href":"https:\/\/api.w.org\/{rel}","templated":true}]}}