{"id":76969,"date":"2016-05-25T01:42:59","date_gmt":"2016-05-24T23:42:59","guid":{"rendered":"http:\/\/eldigitaldeasturias.com\/magazine365\/?p=76969"},"modified":"2016-05-25T01:42:59","modified_gmt":"2016-05-24T23:42:59","slug":"el-avion-hondajet-recibe-la-certificacion-de-la-agencia-europea-de-seguridad-aerea","status":"publish","type":"post","link":"https:\/\/eldigitaldeasturias.com\/magazine365\/el-avion-hondajet-recibe-la-certificacion-de-la-agencia-europea-de-seguridad-aerea\/","title":{"rendered":"El avi\u00f3n HondaJet recibe la certificaci\u00f3n de la Agencia Europea de Seguridad A\u00e9rea"},"content":{"rendered":"<p><img fetchpriority=\"high\" decoding=\"async\" class=\"alignleft size-medium wp-image-76970\" src=\"https:\/\/eldigitaldeasturias.com\/magazine365\/wp-content\/uploads\/2016\/05\/fotonoticia_20160524143717_800-360x228.jpg\" alt=\"fotonoticia_20160524143717_800\" width=\"360\" height=\"228\" srcset=\"https:\/\/eldigitaldeasturias.com\/magazine365\/wp-content\/uploads\/2016\/05\/fotonoticia_20160524143717_800-360x228.jpg 360w, https:\/\/eldigitaldeasturias.com\/magazine365\/wp-content\/uploads\/2016\/05\/fotonoticia_20160524143717_800-650x411.jpg 650w, https:\/\/eldigitaldeasturias.com\/magazine365\/wp-content\/uploads\/2016\/05\/fotonoticia_20160524143717_800-768x486.jpg 768w, https:\/\/eldigitaldeasturias.com\/magazine365\/wp-content\/uploads\/2016\/05\/fotonoticia_20160524143717_800-150x95.jpg 150w, https:\/\/eldigitaldeasturias.com\/magazine365\/wp-content\/uploads\/2016\/05\/fotonoticia_20160524143717_800-450x285.jpg 450w, https:\/\/eldigitaldeasturias.com\/magazine365\/wp-content\/uploads\/2016\/05\/fotonoticia_20160524143717_800-269x170.jpg 269w, https:\/\/eldigitaldeasturias.com\/magazine365\/wp-content\/uploads\/2016\/05\/fotonoticia_20160524143717_800-365x230.jpg 365w, https:\/\/eldigitaldeasturias.com\/magazine365\/wp-content\/uploads\/2016\/05\/fotonoticia_20160524143717_800-355x226.jpg 355w, https:\/\/eldigitaldeasturias.com\/magazine365\/wp-content\/uploads\/2016\/05\/fotonoticia_20160524143717_800-160x100.jpg 160w, https:\/\/eldigitaldeasturias.com\/magazine365\/wp-content\/uploads\/2016\/05\/fotonoticia_20160524143717_800.jpg 800w\" sizes=\"(max-width: 360px) 100vw, 360px\" \/>El HondaJet, el primer avi\u00f3n desarrollado por Honda, acaba de recibir la certificaci\u00f3n de tipo de la Agencia Europea de Seguridad A\u00e9rea (EASA), un logro anunciado durante una conferencia de prensa en la exposici\u00f3n aeron\u00e1utica EBACE (European Business Aviation Convention and Exhibition), que se celebra en Ginebra (Suiza).<\/p>\n<p>Esta certificaci\u00f3n se suma a la entregada por la Administraci\u00f3n Federal de Aviaci\u00f3n (FAA, por sus siglas en ingl\u00e9s) de Estados Unidos en diciembre de 2015.<\/p>\n<p>El HondaJet puede volar a una velocidad de crucero m\u00e1xima de 420 nudos (unos 777 km\/) y a una altitud m\u00e1xima de 43.000 pies. Cuenta con certificaci\u00f3n para un solo piloto y tiene cabida para hasta seis pasajeros. Su precio es de 4,85 millones de d\u00f3lares (4,34 millones).<\/p>\n<p>El avi\u00f3n, desarrollado por Honda Aircraft Company, filial de Honda, comenz\u00f3 en abril una gira mundial que llevar\u00e1 a exhibir la aeronave en diferentes eventos p\u00fablicos hasta el 4 de mayo en Jap\u00f3n, donde realizar\u00e1n demostraciones de vuelo.<\/p>\n<p>\u00abEsta certificaci\u00f3n pone de manifiesto que el HondaJet cumple los est\u00e1ndares de seguridad europeos m\u00e1s exigentes\u00bb, ha afirmado el presidente y consejero delegado de Honda Aircraft Company, Michimasa Fujino.<\/p>\n<p>El directivo recibi\u00f3 la citada certificaci\u00f3n de manos del responsable de la secci\u00f3n de turboh\u00e9lices y aeronaves de alto rendimiento de la EASA, Steven Higgins.<\/p>\n<p>Las ventas del HondaJet se iniciaron en Europa con \u00abun inter\u00e9s considerable\u00bb, se\u00f1alan desde Honda. Entre las unidades entregadas, se incluyen clientes de Estados Unidos, Europa y M\u00e9xico.<\/p>\n<p>H onda Aircraft Company ha establecido una s\u00f3lida red de distribuidores para proporcionar a sus clientes el servicio y asistencia necesarios. En Europa, ha designado a tres l\u00edderes en el sector: Marshall Aviation Services (Europa del norte), Rheinland Air Service (Europa central) y TAG Aviation SA (sur de Europa).<\/p>\n","protected":false},"excerpt":{"rendered":"<p>El HondaJet, el primer avi\u00f3n desarrollado por Honda, acaba de recibir la certificaci\u00f3n de tipo de la Agencia Europea de Seguridad A\u00e9rea (EASA), un logro anunciado durante una conferencia de prensa en la exposici\u00f3n aeron\u00e1utica EBACE (European Business Aviation Convention and Exhibition), que se celebra en Ginebra (Suiza). Esta certificaci\u00f3n se suma a la entregada<\/p>\n","protected":false},"author":1,"featured_media":76970,"comment_status":"open","ping_status":"closed","sticky":false,"template":"","format":"standard","meta":{"footnotes":""},"categories":[224],"tags":[],"class_list":{"0":"post-76969","1":"post","2":"type-post","3":"status-publish","4":"format-standard","5":"has-post-thumbnail","7":"category-noticias-actualidad"},"aioseo_notices":[],"aioseo_head":"\n\t\t<!-- All in One SEO Pro 4.9.6.1 - aioseo.com -->\n\t<meta name=\"description\" content=\"El HondaJet, el primer avi\u00f3n desarrollado por Honda, acaba de recibir la certificaci\u00f3n de tipo de la Agencia Europea de Seguridad A\u00e9rea (EASA), un logro anunciado durante una conferencia de prensa en la exposici\u00f3n aeron\u00e1utica EBACE (European Business Aviation Convention and Exhibition), que se celebra en Ginebra (Suiza). Esta certificaci\u00f3n se suma a la entregada\" \/>\n\t<meta name=\"robots\" content=\"max-image-preview:large\" \/>\n\t<meta name=\"author\" content=\"admin\"\/>\n\t<meta name=\"google-site-verification\" content=\"UA-38556648-1\" \/>\n\t<meta name=\"keywords\" content=\"noticias y actualidad\" \/>\n\t<link rel=\"canonical\" href=\"https:\/\/eldigitaldeasturias.com\/magazine365\/el-avion-hondajet-recibe-la-certificacion-de-la-agencia-europea-de-seguridad-aerea\/\" \/>\n\t<meta name=\"generator\" content=\"All in One SEO Pro (AIOSEO) 4.9.6.1\" \/>\n\t\t<meta property=\"og:locale\" content=\"es_ES\" \/>\n\t\t<meta property=\"og:site_name\" content=\"El Digital de Asturias \u2013 Revista de ocio, turismo y estilo de vida\" \/>\n\t\t<meta property=\"og:type\" content=\"article\" \/>\n\t\t<meta property=\"og:title\" content=\"El avi\u00f3n HondaJet recibe la certificaci\u00f3n de la Agencia Europea de Seguridad A\u00e9rea | El Digital de Asturias\" \/>\n\t\t<meta property=\"og:description\" content=\"El HondaJet, el primer avi\u00f3n desarrollado por Honda, acaba de recibir la certificaci\u00f3n de tipo de la Agencia Europea de Seguridad A\u00e9rea (EASA), un logro anunciado durante una conferencia de prensa en la exposici\u00f3n aeron\u00e1utica EBACE (European Business Aviation Convention and Exhibition), que se celebra en Ginebra (Suiza). Esta certificaci\u00f3n se suma a la entregada\" \/>\n\t\t<meta property=\"og:url\" content=\"https:\/\/eldigitaldeasturias.com\/magazine365\/el-avion-hondajet-recibe-la-certificacion-de-la-agencia-europea-de-seguridad-aerea\/\" \/>\n\t\t<meta property=\"og:image\" content=\"https:\/\/eldigitaldeasturias.com\/magazine365\/wp-content\/uploads\/2016\/05\/fotonoticia_20160524143717_800.jpg\" \/>\n\t\t<meta property=\"og:image:secure_url\" content=\"https:\/\/eldigitaldeasturias.com\/magazine365\/wp-content\/uploads\/2016\/05\/fotonoticia_20160524143717_800.jpg\" \/>\n\t\t<meta property=\"og:image:width\" content=\"800\" \/>\n\t\t<meta property=\"og:image:height\" content=\"506\" \/>\n\t\t<meta property=\"article:published_time\" content=\"2016-05-24T23:42:59+00:00\" \/>\n\t\t<meta property=\"article:modified_time\" content=\"2016-05-24T23:42:59+00:00\" \/>\n\t\t<meta name=\"twitter:card\" content=\"summary_large_image\" \/>\n\t\t<meta name=\"twitter:title\" content=\"El avi\u00f3n HondaJet recibe la certificaci\u00f3n de la Agencia Europea de Seguridad A\u00e9rea | El Digital de Asturias\" \/>\n\t\t<meta name=\"twitter:description\" content=\"El HondaJet, el primer avi\u00f3n desarrollado por Honda, acaba de recibir la certificaci\u00f3n de tipo de la Agencia Europea de Seguridad A\u00e9rea (EASA), un logro anunciado durante una conferencia de prensa en la exposici\u00f3n aeron\u00e1utica EBACE (European Business Aviation Convention and Exhibition), que se celebra en Ginebra (Suiza). Esta certificaci\u00f3n se suma a la entregada\" \/>\n\t\t<meta name=\"twitter:image\" content=\"https:\/\/eldigitaldeasturias.com\/magazine365\/wp-content\/uploads\/2016\/05\/fotonoticia_20160524143717_800.jpg\" \/>\n\t\t<script type=\"application\/ld+json\" class=\"aioseo-schema\">\n\t\t\t{\"@context\":\"https:\\\/\\\/schema.org\",\"@graph\":[{\"@type\":\"Article\",\"@id\":\"https:\\\/\\\/eldigitaldeasturias.com\\\/magazine365\\\/el-avion-hondajet-recibe-la-certificacion-de-la-agencia-europea-de-seguridad-aerea\\\/#article\",\"name\":\"El avi\\u00f3n HondaJet recibe la certificaci\\u00f3n de la Agencia Europea de Seguridad A\\u00e9rea | El Digital de Asturias\",\"headline\":\"El avi\\u00f3n HondaJet recibe la certificaci\\u00f3n de la Agencia Europea de Seguridad A\\u00e9rea\",\"author\":{\"@id\":\"https:\\\/\\\/eldigitaldeasturias.com\\\/magazine365\\\/author\\\/admin\\\/#author\"},\"publisher\":{\"@id\":\"https:\\\/\\\/eldigitaldeasturias.com\\\/magazine365\\\/#organization\"},\"image\":{\"@type\":\"ImageObject\",\"url\":\"https:\\\/\\\/eldigitaldeasturias.com\\\/magazine365\\\/wp-content\\\/uploads\\\/2016\\\/05\\\/fotonoticia_20160524143717_800.jpg\",\"width\":800,\"height\":506},\"datePublished\":\"2016-05-25T01:42:59+02:00\",\"dateModified\":\"2016-05-25T01:42:59+02:00\",\"inLanguage\":\"es-ES\",\"mainEntityOfPage\":{\"@id\":\"https:\\\/\\\/eldigitaldeasturias.com\\\/magazine365\\\/el-avion-hondajet-recibe-la-certificacion-de-la-agencia-europea-de-seguridad-aerea\\\/#webpage\"},\"isPartOf\":{\"@id\":\"https:\\\/\\\/eldigitaldeasturias.com\\\/magazine365\\\/el-avion-hondajet-recibe-la-certificacion-de-la-agencia-europea-de-seguridad-aerea\\\/#webpage\"},\"articleSection\":\"Noticias y Actualidad\"},{\"@type\":\"BreadcrumbList\",\"@id\":\"https:\\\/\\\/eldigitaldeasturias.com\\\/magazine365\\\/el-avion-hondajet-recibe-la-certificacion-de-la-agencia-europea-de-seguridad-aerea\\\/#breadcrumblist\",\"itemListElement\":[{\"@type\":\"ListItem\",\"@id\":\"https:\\\/\\\/eldigitaldeasturias.com\\\/magazine365#listItem\",\"position\":1,\"name\":\"Home\",\"item\":\"https:\\\/\\\/eldigitaldeasturias.com\\\/magazine365\",\"nextItem\":{\"@type\":\"ListItem\",\"@id\":\"https:\\\/\\\/eldigitaldeasturias.com\\\/magazine365\\\/category\\\/noticias-actualidad\\\/#listItem\",\"name\":\"Noticias y Actualidad\"}},{\"@type\":\"ListItem\",\"@id\":\"https:\\\/\\\/eldigitaldeasturias.com\\\/magazine365\\\/category\\\/noticias-actualidad\\\/#listItem\",\"position\":2,\"name\":\"Noticias y Actualidad\",\"item\":\"https:\\\/\\\/eldigitaldeasturias.com\\\/magazine365\\\/category\\\/noticias-actualidad\\\/\",\"nextItem\":{\"@type\":\"ListItem\",\"@id\":\"https:\\\/\\\/eldigitaldeasturias.com\\\/magazine365\\\/el-avion-hondajet-recibe-la-certificacion-de-la-agencia-europea-de-seguridad-aerea\\\/#listItem\",\"name\":\"El avi\\u00f3n HondaJet recibe la certificaci\\u00f3n de la Agencia Europea de Seguridad A\\u00e9rea\"},\"previousItem\":{\"@type\":\"ListItem\",\"@id\":\"https:\\\/\\\/eldigitaldeasturias.com\\\/magazine365#listItem\",\"name\":\"Home\"}},{\"@type\":\"ListItem\",\"@id\":\"https:\\\/\\\/eldigitaldeasturias.com\\\/magazine365\\\/el-avion-hondajet-recibe-la-certificacion-de-la-agencia-europea-de-seguridad-aerea\\\/#listItem\",\"position\":3,\"name\":\"El avi\\u00f3n HondaJet recibe la certificaci\\u00f3n de la Agencia Europea de Seguridad A\\u00e9rea\",\"previousItem\":{\"@type\":\"ListItem\",\"@id\":\"https:\\\/\\\/eldigitaldeasturias.com\\\/magazine365\\\/category\\\/noticias-actualidad\\\/#listItem\",\"name\":\"Noticias y Actualidad\"}}]},{\"@type\":\"Organization\",\"@id\":\"https:\\\/\\\/eldigitaldeasturias.com\\\/magazine365\\\/#organization\",\"name\":\"El digital de Asturias\",\"description\":\"Revista de ocio, turismo y estilo de vida\",\"url\":\"https:\\\/\\\/eldigitaldeasturias.com\\\/magazine365\\\/\",\"logo\":{\"@type\":\"ImageObject\",\"url\":\"https:\\\/\\\/www.eldigitaldeasturias.com\\\/noticias\\\/wp-content\\\/uploads\\\/2020\\\/12\\\/EDA.jpg\",\"@id\":\"https:\\\/\\\/eldigitaldeasturias.com\\\/magazine365\\\/el-avion-hondajet-recibe-la-certificacion-de-la-agencia-europea-de-seguridad-aerea\\\/#organizationLogo\"},\"image\":{\"@id\":\"https:\\\/\\\/eldigitaldeasturias.com\\\/magazine365\\\/el-avion-hondajet-recibe-la-certificacion-de-la-agencia-europea-de-seguridad-aerea\\\/#organizationLogo\"}},{\"@type\":\"Person\",\"@id\":\"https:\\\/\\\/eldigitaldeasturias.com\\\/magazine365\\\/author\\\/admin\\\/#author\",\"url\":\"https:\\\/\\\/eldigitaldeasturias.com\\\/magazine365\\\/author\\\/admin\\\/\",\"name\":\"admin\",\"image\":{\"@type\":\"ImageObject\",\"@id\":\"https:\\\/\\\/eldigitaldeasturias.com\\\/magazine365\\\/el-avion-hondajet-recibe-la-certificacion-de-la-agencia-europea-de-seguridad-aerea\\\/#authorImage\",\"url\":\"https:\\\/\\\/eldigitaldeasturias.com\\\/magazine365\\\/wp-content\\\/litespeed\\\/avatar\\\/e571bcf59a0edd6fa6838245a470f2fe.jpg?ver=1777574230\",\"width\":96,\"height\":96,\"caption\":\"admin\"}},{\"@type\":\"WebPage\",\"@id\":\"https:\\\/\\\/eldigitaldeasturias.com\\\/magazine365\\\/el-avion-hondajet-recibe-la-certificacion-de-la-agencia-europea-de-seguridad-aerea\\\/#webpage\",\"url\":\"https:\\\/\\\/eldigitaldeasturias.com\\\/magazine365\\\/el-avion-hondajet-recibe-la-certificacion-de-la-agencia-europea-de-seguridad-aerea\\\/\",\"name\":\"El avi\\u00f3n HondaJet recibe la certificaci\\u00f3n de la Agencia Europea de Seguridad A\\u00e9rea | El Digital de Asturias\",\"description\":\"El HondaJet, el primer avi\\u00f3n desarrollado por Honda, acaba de recibir la certificaci\\u00f3n de tipo de la Agencia Europea de Seguridad A\\u00e9rea (EASA), un logro anunciado durante una conferencia de prensa en la exposici\\u00f3n aeron\\u00e1utica EBACE (European Business Aviation Convention and Exhibition), que se celebra en Ginebra (Suiza). Esta certificaci\\u00f3n se suma a la entregada\",\"inLanguage\":\"es-ES\",\"isPartOf\":{\"@id\":\"https:\\\/\\\/eldigitaldeasturias.com\\\/magazine365\\\/#website\"},\"breadcrumb\":{\"@id\":\"https:\\\/\\\/eldigitaldeasturias.com\\\/magazine365\\\/el-avion-hondajet-recibe-la-certificacion-de-la-agencia-europea-de-seguridad-aerea\\\/#breadcrumblist\"},\"author\":{\"@id\":\"https:\\\/\\\/eldigitaldeasturias.com\\\/magazine365\\\/author\\\/admin\\\/#author\"},\"creator\":{\"@id\":\"https:\\\/\\\/eldigitaldeasturias.com\\\/magazine365\\\/author\\\/admin\\\/#author\"},\"image\":{\"@type\":\"ImageObject\",\"url\":\"https:\\\/\\\/eldigitaldeasturias.com\\\/magazine365\\\/wp-content\\\/uploads\\\/2016\\\/05\\\/fotonoticia_20160524143717_800.jpg\",\"@id\":\"https:\\\/\\\/eldigitaldeasturias.com\\\/magazine365\\\/el-avion-hondajet-recibe-la-certificacion-de-la-agencia-europea-de-seguridad-aerea\\\/#mainImage\",\"width\":800,\"height\":506},\"primaryImageOfPage\":{\"@id\":\"https:\\\/\\\/eldigitaldeasturias.com\\\/magazine365\\\/el-avion-hondajet-recibe-la-certificacion-de-la-agencia-europea-de-seguridad-aerea\\\/#mainImage\"},\"datePublished\":\"2016-05-25T01:42:59+02:00\",\"dateModified\":\"2016-05-25T01:42:59+02:00\"},{\"@type\":\"WebSite\",\"@id\":\"https:\\\/\\\/eldigitaldeasturias.com\\\/magazine365\\\/#website\",\"url\":\"https:\\\/\\\/eldigitaldeasturias.com\\\/magazine365\\\/\",\"name\":\"El Digital de Asturias\",\"description\":\"Revista de ocio, turismo y estilo de vida\",\"inLanguage\":\"es-ES\",\"publisher\":{\"@id\":\"https:\\\/\\\/eldigitaldeasturias.com\\\/magazine365\\\/#organization\"}}]}\n\t\t<\/script>\n\t\t<!-- All in One SEO Pro -->\r\n\t\t<title>El avi\u00f3n HondaJet recibe la certificaci\u00f3n de la Agencia Europea de Seguridad A\u00e9rea | El Digital de Asturias<\/title>\n\n","aioseo_head_json":{"title":"El avi\u00f3n HondaJet recibe la certificaci\u00f3n de la Agencia Europea de Seguridad A\u00e9rea | El Digital de Asturias","description":"El HondaJet, el primer avi\u00f3n desarrollado por Honda, acaba de recibir la certificaci\u00f3n de tipo de la Agencia Europea de Seguridad A\u00e9rea (EASA), un logro anunciado durante una conferencia de prensa en la exposici\u00f3n aeron\u00e1utica EBACE (European Business Aviation Convention and Exhibition), que se celebra en Ginebra (Suiza). Esta certificaci\u00f3n se suma a la entregada","canonical_url":"https:\/\/eldigitaldeasturias.com\/magazine365\/el-avion-hondajet-recibe-la-certificacion-de-la-agencia-europea-de-seguridad-aerea\/","robots":"max-image-preview:large","keywords":"noticias y actualidad","webmasterTools":{"google-site-verification":"UA-38556648-1","miscellaneous":""},"schema":{"@context":"https:\/\/schema.org","@graph":[{"@type":"Article","@id":"https:\/\/eldigitaldeasturias.com\/magazine365\/el-avion-hondajet-recibe-la-certificacion-de-la-agencia-europea-de-seguridad-aerea\/#article","name":"El avi\u00f3n HondaJet recibe la certificaci\u00f3n de la Agencia Europea de Seguridad A\u00e9rea | El Digital de Asturias","headline":"El avi\u00f3n HondaJet recibe la certificaci\u00f3n de la Agencia Europea de Seguridad A\u00e9rea","author":{"@id":"https:\/\/eldigitaldeasturias.com\/magazine365\/author\/admin\/#author"},"publisher":{"@id":"https:\/\/eldigitaldeasturias.com\/magazine365\/#organization"},"image":{"@type":"ImageObject","url":"https:\/\/eldigitaldeasturias.com\/magazine365\/wp-content\/uploads\/2016\/05\/fotonoticia_20160524143717_800.jpg","width":800,"height":506},"datePublished":"2016-05-25T01:42:59+02:00","dateModified":"2016-05-25T01:42:59+02:00","inLanguage":"es-ES","mainEntityOfPage":{"@id":"https:\/\/eldigitaldeasturias.com\/magazine365\/el-avion-hondajet-recibe-la-certificacion-de-la-agencia-europea-de-seguridad-aerea\/#webpage"},"isPartOf":{"@id":"https:\/\/eldigitaldeasturias.com\/magazine365\/el-avion-hondajet-recibe-la-certificacion-de-la-agencia-europea-de-seguridad-aerea\/#webpage"},"articleSection":"Noticias y Actualidad"},{"@type":"BreadcrumbList","@id":"https:\/\/eldigitaldeasturias.com\/magazine365\/el-avion-hondajet-recibe-la-certificacion-de-la-agencia-europea-de-seguridad-aerea\/#breadcrumblist","itemListElement":[{"@type":"ListItem","@id":"https:\/\/eldigitaldeasturias.com\/magazine365#listItem","position":1,"name":"Home","item":"https:\/\/eldigitaldeasturias.com\/magazine365","nextItem":{"@type":"ListItem","@id":"https:\/\/eldigitaldeasturias.com\/magazine365\/category\/noticias-actualidad\/#listItem","name":"Noticias y Actualidad"}},{"@type":"ListItem","@id":"https:\/\/eldigitaldeasturias.com\/magazine365\/category\/noticias-actualidad\/#listItem","position":2,"name":"Noticias y Actualidad","item":"https:\/\/eldigitaldeasturias.com\/magazine365\/category\/noticias-actualidad\/","nextItem":{"@type":"ListItem","@id":"https:\/\/eldigitaldeasturias.com\/magazine365\/el-avion-hondajet-recibe-la-certificacion-de-la-agencia-europea-de-seguridad-aerea\/#listItem","name":"El avi\u00f3n HondaJet recibe la certificaci\u00f3n de la Agencia Europea de Seguridad A\u00e9rea"},"previousItem":{"@type":"ListItem","@id":"https:\/\/eldigitaldeasturias.com\/magazine365#listItem","name":"Home"}},{"@type":"ListItem","@id":"https:\/\/eldigitaldeasturias.com\/magazine365\/el-avion-hondajet-recibe-la-certificacion-de-la-agencia-europea-de-seguridad-aerea\/#listItem","position":3,"name":"El avi\u00f3n HondaJet recibe la certificaci\u00f3n de la Agencia Europea de Seguridad A\u00e9rea","previousItem":{"@type":"ListItem","@id":"https:\/\/eldigitaldeasturias.com\/magazine365\/category\/noticias-actualidad\/#listItem","name":"Noticias y Actualidad"}}]},{"@type":"Organization","@id":"https:\/\/eldigitaldeasturias.com\/magazine365\/#organization","name":"El digital de Asturias","description":"Revista de ocio, turismo y estilo de vida","url":"https:\/\/eldigitaldeasturias.com\/magazine365\/","logo":{"@type":"ImageObject","url":"https:\/\/www.eldigitaldeasturias.com\/noticias\/wp-content\/uploads\/2020\/12\/EDA.jpg","@id":"https:\/\/eldigitaldeasturias.com\/magazine365\/el-avion-hondajet-recibe-la-certificacion-de-la-agencia-europea-de-seguridad-aerea\/#organizationLogo"},"image":{"@id":"https:\/\/eldigitaldeasturias.com\/magazine365\/el-avion-hondajet-recibe-la-certificacion-de-la-agencia-europea-de-seguridad-aerea\/#organizationLogo"}},{"@type":"Person","@id":"https:\/\/eldigitaldeasturias.com\/magazine365\/author\/admin\/#author","url":"https:\/\/eldigitaldeasturias.com\/magazine365\/author\/admin\/","name":"admin","image":{"@type":"ImageObject","@id":"https:\/\/eldigitaldeasturias.com\/magazine365\/el-avion-hondajet-recibe-la-certificacion-de-la-agencia-europea-de-seguridad-aerea\/#authorImage","url":"https:\/\/eldigitaldeasturias.com\/magazine365\/wp-content\/litespeed\/avatar\/e571bcf59a0edd6fa6838245a470f2fe.jpg?ver=1777574230","width":96,"height":96,"caption":"admin"}},{"@type":"WebPage","@id":"https:\/\/eldigitaldeasturias.com\/magazine365\/el-avion-hondajet-recibe-la-certificacion-de-la-agencia-europea-de-seguridad-aerea\/#webpage","url":"https:\/\/eldigitaldeasturias.com\/magazine365\/el-avion-hondajet-recibe-la-certificacion-de-la-agencia-europea-de-seguridad-aerea\/","name":"El avi\u00f3n HondaJet recibe la certificaci\u00f3n de la Agencia Europea de Seguridad A\u00e9rea | El Digital de Asturias","description":"El HondaJet, el primer avi\u00f3n desarrollado por Honda, acaba de recibir la certificaci\u00f3n de tipo de la Agencia Europea de Seguridad A\u00e9rea (EASA), un logro anunciado durante una conferencia de prensa en la exposici\u00f3n aeron\u00e1utica EBACE (European Business Aviation Convention and Exhibition), que se celebra en Ginebra (Suiza). Esta certificaci\u00f3n se suma a la entregada","inLanguage":"es-ES","isPartOf":{"@id":"https:\/\/eldigitaldeasturias.com\/magazine365\/#website"},"breadcrumb":{"@id":"https:\/\/eldigitaldeasturias.com\/magazine365\/el-avion-hondajet-recibe-la-certificacion-de-la-agencia-europea-de-seguridad-aerea\/#breadcrumblist"},"author":{"@id":"https:\/\/eldigitaldeasturias.com\/magazine365\/author\/admin\/#author"},"creator":{"@id":"https:\/\/eldigitaldeasturias.com\/magazine365\/author\/admin\/#author"},"image":{"@type":"ImageObject","url":"https:\/\/eldigitaldeasturias.com\/magazine365\/wp-content\/uploads\/2016\/05\/fotonoticia_20160524143717_800.jpg","@id":"https:\/\/eldigitaldeasturias.com\/magazine365\/el-avion-hondajet-recibe-la-certificacion-de-la-agencia-europea-de-seguridad-aerea\/#mainImage","width":800,"height":506},"primaryImageOfPage":{"@id":"https:\/\/eldigitaldeasturias.com\/magazine365\/el-avion-hondajet-recibe-la-certificacion-de-la-agencia-europea-de-seguridad-aerea\/#mainImage"},"datePublished":"2016-05-25T01:42:59+02:00","dateModified":"2016-05-25T01:42:59+02:00"},{"@type":"WebSite","@id":"https:\/\/eldigitaldeasturias.com\/magazine365\/#website","url":"https:\/\/eldigitaldeasturias.com\/magazine365\/","name":"El Digital de Asturias","description":"Revista de ocio, turismo y estilo de vida","inLanguage":"es-ES","publisher":{"@id":"https:\/\/eldigitaldeasturias.com\/magazine365\/#organization"}}]},"og:locale":"es_ES","og:site_name":"El Digital de Asturias \u2013 Revista de ocio, turismo y estilo de vida","og:type":"article","og:title":"El avi\u00f3n HondaJet recibe la certificaci\u00f3n de la Agencia Europea de Seguridad A\u00e9rea | El Digital de Asturias","og:description":"El HondaJet, el primer avi\u00f3n desarrollado por Honda, acaba de recibir la certificaci\u00f3n de tipo de la Agencia Europea de Seguridad A\u00e9rea (EASA), un logro anunciado durante una conferencia de prensa en la exposici\u00f3n aeron\u00e1utica EBACE (European Business Aviation Convention and Exhibition), que se celebra en Ginebra (Suiza). Esta certificaci\u00f3n se suma a la entregada","og:url":"https:\/\/eldigitaldeasturias.com\/magazine365\/el-avion-hondajet-recibe-la-certificacion-de-la-agencia-europea-de-seguridad-aerea\/","og:image":"https:\/\/eldigitaldeasturias.com\/magazine365\/wp-content\/uploads\/2016\/05\/fotonoticia_20160524143717_800.jpg","og:image:secure_url":"https:\/\/eldigitaldeasturias.com\/magazine365\/wp-content\/uploads\/2016\/05\/fotonoticia_20160524143717_800.jpg","og:image:width":800,"og:image:height":506,"article:published_time":"2016-05-24T23:42:59+00:00","article:modified_time":"2016-05-24T23:42:59+00:00","twitter:card":"summary_large_image","twitter:title":"El avi\u00f3n HondaJet recibe la certificaci\u00f3n de la Agencia Europea de Seguridad A\u00e9rea | El Digital de Asturias","twitter:description":"El HondaJet, el primer avi\u00f3n desarrollado por Honda, acaba de recibir la certificaci\u00f3n de tipo de la Agencia Europea de Seguridad A\u00e9rea (EASA), un logro anunciado durante una conferencia de prensa en la exposici\u00f3n aeron\u00e1utica EBACE (European Business Aviation Convention and Exhibition), que se celebra en Ginebra (Suiza). Esta certificaci\u00f3n se suma a la entregada","twitter:image":"https:\/\/eldigitaldeasturias.com\/magazine365\/wp-content\/uploads\/2016\/05\/fotonoticia_20160524143717_800.jpg"},"aioseo_meta_data":{"post_id":"76969","title":null,"description":null,"keywords":null,"keyphrases":null,"primary_term":null,"canonical_url":null,"og_title":null,"og_description":null,"og_object_type":"default","og_image_type":"default","og_image_url":null,"og_image_width":null,"og_image_height":null,"og_image_custom_url":null,"og_image_custom_fields":null,"og_video":null,"og_custom_url":null,"og_article_section":null,"og_article_tags":null,"twitter_use_og":false,"twitter_card":"default","twitter_image_type":"default","twitter_image_url":null,"twitter_image_custom_url":null,"twitter_image_custom_fields":null,"twitter_title":null,"twitter_description":null,"schema":{"blockGraphs":[],"customGraphs":[],"default":{"data":{"Article":[],"Course":[],"Dataset":[],"FAQPage":[],"Movie":[],"Person":[],"Product":[],"ProductReview":[],"Car":[],"Recipe":[],"Service":[],"SoftwareApplication":[],"WebPage":[]},"graphName":"","isEnabled":true},"graphs":[],"defaultGraph":"","defaultPostTypeGraph":""},"schema_type":null,"schema_type_options":null,"pillar_content":false,"robots_default":true,"robots_noindex":false,"robots_noarchive":false,"robots_nosnippet":false,"robots_nofollow":false,"robots_noimageindex":false,"robots_noodp":false,"robots_notranslate":false,"robots_max_snippet":null,"robots_max_videopreview":null,"robots_max_imagepreview":"large","priority":null,"frequency":null,"location":null,"local_seo":null,"seo_analyzer_scan_date":"2025-09-27 13:45:55","breadcrumb_settings":null,"limit_modified_date":false,"open_ai":null,"ai":null,"created":"2021-03-08 18:21:48","updated":"2025-09-27 13:45:55"},"aioseo_breadcrumb":"<div class=\"aioseo-breadcrumbs\"><span class=\"aioseo-breadcrumb\">\n\t<a href=\"https:\/\/eldigitaldeasturias.com\/magazine365\" title=\"Home\">Home<\/a>\n<\/span><span class=\"aioseo-breadcrumb-separator\">\u2013<\/span><span class=\"aioseo-breadcrumb\">\n\t<a href=\"https:\/\/eldigitaldeasturias.com\/magazine365\/category\/noticias-actualidad\/\" title=\"Noticias y Actualidad\">Noticias y Actualidad<\/a>\n<\/span><span class=\"aioseo-breadcrumb-separator\">\u2013<\/span><span class=\"aioseo-breadcrumb\">\n\t<a href=\"https:\/\/eldigitaldeasturias.com\/magazine365\/el-avion-hondajet-recibe-la-certificacion-de-la-agencia-europea-de-seguridad-aerea\/\" title=\"El avi\u00f3n HondaJet recibe la certificaci\u00f3n de la Agencia Europea de Seguridad A\u00e9rea\">El avi\u00f3n HondaJet recibe la certificaci\u00f3n de la Agencia Europea de Seguridad A\u00e9rea<\/a>\n<\/span><\/div>","aioseo_breadcrumb_json":[{"label":"Home","link":"https:\/\/eldigitaldeasturias.com\/magazine365"},{"label":"Noticias y Actualidad","link":"https:\/\/eldigitaldeasturias.com\/magazine365\/category\/noticias-actualidad\/"},{"label":"El avi\u00f3n HondaJet recibe la certificaci\u00f3n de la Agencia Europea de Seguridad A\u00e9rea","link":"https:\/\/eldigitaldeasturias.com\/magazine365\/el-avion-hondajet-recibe-la-certificacion-de-la-agencia-europea-de-seguridad-aerea\/"}],"_links":{"self":[{"href":"https:\/\/eldigitaldeasturias.com\/magazine365\/wp-json\/wp\/v2\/posts\/76969","targetHints":{"allow":["GET"]}}],"collection":[{"href":"https:\/\/eldigitaldeasturias.com\/magazine365\/wp-json\/wp\/v2\/posts"}],"about":[{"href":"https:\/\/eldigitaldeasturias.com\/magazine365\/wp-json\/wp\/v2\/types\/post"}],"author":[{"embeddable":true,"href":"https:\/\/eldigitaldeasturias.com\/magazine365\/wp-json\/wp\/v2\/users\/1"}],"replies":[{"embeddable":true,"href":"https:\/\/eldigitaldeasturias.com\/magazine365\/wp-json\/wp\/v2\/comments?post=76969"}],"version-history":[{"count":0,"href":"https:\/\/eldigitaldeasturias.com\/magazine365\/wp-json\/wp\/v2\/posts\/76969\/revisions"}],"wp:featuredmedia":[{"embeddable":true,"href":"https:\/\/eldigitaldeasturias.com\/magazine365\/wp-json\/wp\/v2\/media\/76970"}],"wp:attachment":[{"href":"https:\/\/eldigitaldeasturias.com\/magazine365\/wp-json\/wp\/v2\/media?parent=76969"}],"wp:term":[{"taxonomy":"category","embeddable":true,"href":"https:\/\/eldigitaldeasturias.com\/magazine365\/wp-json\/wp\/v2\/categories?post=76969"},{"taxonomy":"post_tag","embeddable":true,"href":"https:\/\/eldigitaldeasturias.com\/magazine365\/wp-json\/wp\/v2\/tags?post=76969"}],"curies":[{"name":"wp","href":"https:\/\/api.w.org\/{rel}","templated":true}]}}