{"id":76955,"date":"2016-05-25T01:27:10","date_gmt":"2016-05-24T23:27:10","guid":{"rendered":"http:\/\/eldigitaldeasturias.com\/magazine365\/?p=76955"},"modified":"2016-05-25T01:27:10","modified_gmt":"2016-05-24T23:27:10","slug":"los-auditores-europeos-dicen-que-el-transporte-de-mercancias-por-ferrocarril-en-la-ue-es-aun-insatisfactorio","status":"publish","type":"post","link":"https:\/\/eldigitaldeasturias.com\/magazine365\/los-auditores-europeos-dicen-que-el-transporte-de-mercancias-por-ferrocarril-en-la-ue-es-aun-insatisfactorio\/","title":{"rendered":"Los auditores europeos dicen que el transporte de mercanc\u00edas por ferrocarril en la UE es a\u00fan \u00abinsatisfactorio\u00bb"},"content":{"rendered":"<p><img fetchpriority=\"high\" decoding=\"async\" class=\"alignleft size-medium wp-image-76956\" src=\"https:\/\/eldigitaldeasturias.com\/magazine365\/wp-content\/uploads\/2016\/05\/fotonoticia_20160524132833_800-360x270.jpg\" alt=\"fotonoticia_20160524132833_800\" width=\"360\" height=\"270\" srcset=\"https:\/\/eldigitaldeasturias.com\/magazine365\/wp-content\/uploads\/2016\/05\/fotonoticia_20160524132833_800-360x270.jpg 360w, https:\/\/eldigitaldeasturias.com\/magazine365\/wp-content\/uploads\/2016\/05\/fotonoticia_20160524132833_800-650x488.jpg 650w, https:\/\/eldigitaldeasturias.com\/magazine365\/wp-content\/uploads\/2016\/05\/fotonoticia_20160524132833_800-768x576.jpg 768w, https:\/\/eldigitaldeasturias.com\/magazine365\/wp-content\/uploads\/2016\/05\/fotonoticia_20160524132833_800-150x113.jpg 150w, https:\/\/eldigitaldeasturias.com\/magazine365\/wp-content\/uploads\/2016\/05\/fotonoticia_20160524132833_800-450x338.jpg 450w, https:\/\/eldigitaldeasturias.com\/magazine365\/wp-content\/uploads\/2016\/05\/fotonoticia_20160524132833_800-90x67.jpg 90w, https:\/\/eldigitaldeasturias.com\/magazine365\/wp-content\/uploads\/2016\/05\/fotonoticia_20160524132833_800-164x124.jpg 164w, https:\/\/eldigitaldeasturias.com\/magazine365\/wp-content\/uploads\/2016\/05\/fotonoticia_20160524132833_800-100x75.jpg 100w, https:\/\/eldigitaldeasturias.com\/magazine365\/wp-content\/uploads\/2016\/05\/fotonoticia_20160524132833_800.jpg 800w\" sizes=\"(max-width: 360px) 100vw, 360px\" \/>El Tribunal de Cuentas Europeo ha concluido en un estudio que los resultados de las pol\u00edticas de la UE para impulsar el transporte de mercanc\u00edas por ferrocarril son \u00abinsatisfactorios\u00bb y que, a pesar de la aportaci\u00f3n econ\u00f3mica y a la prioridad concedida por la Comisi\u00f3n Europea, la posici\u00f3n del transporte por carretera se ha reforzado en los \u00faltimos quince a\u00f1os.<\/p>\n<p>Los auditores comunitarios desarrollaron una investigaci\u00f3n en Espa\u00f1a, Rep\u00fablica Checa, Alemania, Francia y Polonia entre mediados de 2014 y mediados de 2015, en la que examinaron 18 proyectos de infraestructura ferroviaria destinados a beneficiar, al menos parcialmente, al transporte de mercanc\u00edas por ferrocarril.<\/p>\n<p>En sus conclusiones, el Tribunal de Cuentas Europeo subraya que la UE contribuy\u00f3 con unos 28.000 millones de euros aproximadamente a la financiaci\u00f3n de proyectos ferroviarios entre 2007 y 2013, pero que pese a esa aportaci\u00f3n y al objetivo de transferir el transporte de mercanc\u00edas de la carretera al ferrocarril, este transporte \u00abno ha respondido de manera eficaz\u00bb en los \u00faltimos quince a\u00f1os y sus resultados \u00absiguen siendo, por lo general, insatisfactorios\u00bb.<\/p>\n<p>En concreto, los auditores europeos se\u00f1alan que Espa\u00f1a \u00abha sufrido los efectos de un proceso de liberalizaci\u00f3n lento e incompleto\u00bb, mientras que Francia \u00abse ha resentido de la falta de una tasa sobre veh\u00edculos pesados y de la mala calidad de los surcos asignados\u00bb.<\/p>\n<p>En el caso de Rep\u00fablica Checa y Polonia, los auditores aseguran que el rendimiento del transporte de mercanc\u00edas por ferrocarril se resiente del mal estado de la red y, por contra, la cuota comparativamente elevada en Alemania se debe principalmente \u00aba la situaci\u00f3n central del pa\u00eds y al alto grado de industrializaci\u00f3n\u00bb.<\/p>\n<p>PRIORIDAD A L\u00cdNEAS DE ALTA VELOCIDAD<\/p>\n<p>Por otro lado, el estudio expone que en tres de los cinco Estados miembros visitados se asignaron m\u00e1s fondos de la UE a las carreteras que al ferrocarril durante el per\u00edodo 2007-2013, en particular del Fondo de Cohesi\u00f3n y del FEDER. Adem\u00e1s, destaca que cuando se asignaron fondos de la UE al transporte ferroviario no se emplearon \u00abprimordialmente\u00bb para satisfacer las necesidades del sector del transporte de mercanc\u00edas por ferrocarril.<\/p>\n<p>En este sentido, el informe pone el ejemplo de Espa\u00f1a en el caso de prioridad otorgada a las l\u00edneas de alta velocidad, a las que entre 2007 y 2013 se destin\u00f3 el 95% de la financiaci\u00f3n al ferrocarril. Aunque se esperaba que algunas de estas l\u00edneas se utilizaran tanto para viajeros como para tr\u00e1fico de mercanc\u00edas, las l\u00edneas ferroviarias de alta velocidad se dedican en la actualidad casi exclusivamente al tr\u00e1fico de viajeros, salvo en los tramos Barcelona-Figueras-Perpi\u00f1\u00e1n.<\/p>\n<p>Por otro lado, los auditores se\u00f1alan que la velocidad comercial media de los trenes de mercanc\u00edas en la UE es muy baja (unos 18 km por hora en muchas rutas internacionales), debido a la escasa cooperaci\u00f3n entre los administradores de infraestructuras nacionales.<\/p>\n<p>Asimismo, el estudio subraya que la liberalizaci\u00f3n del mercado no ha alcanzado el mismo grado en todos los Estados miembros. Entre los cinco pa\u00edses estudiados, Espa\u00f1a es el Estado miembro con una cuota del operador predominante m\u00e1s alta (el 81%), mientras que en el conjunto de la UE los operadores principales representan una media del 66% del mercado.<\/p>\n<p>L\u00cdMITES A LA COMPETENCIA<\/p>\n<p>Por \u00faltimo, los auditores indican que el mercado de transporte de mercanc\u00edas por ferrocarril de la UE se encuentra sometido a un proceso de fusiones, y que los operadores predominantes compran otros operadores ferroviarios tanto de su mercado nacional como de otros Estados miembros, un hecho que puede ir en perjuicio de la competencia.<\/p>\n<p>De nuevo, el informe pone el ejemplo de Espa\u00f1a, donde asegura que no se vendieron locomotoras o vagones excedentes del operador predominante a otros operadores ferroviarios en el mercado de dicho pa\u00eds, aunque s\u00ed se vendi\u00f3 material rodante excedente a operadores de otros pa\u00edses.<\/p>\n<p>En la misma l\u00ednea, los auditores subrayan que el Gobierno de Espa\u00f1a estableci\u00f3 en abril de 2014 una empresa independiente para el arrendamiento de material rodante, pero que en el momento de la fiscalizaci\u00f3n todav\u00eda no hab\u00eda arrendado ninguna locomotora ni ning\u00fan vag\u00f3n a nuevos participantes.<\/p>\n","protected":false},"excerpt":{"rendered":"<p>El Tribunal de Cuentas Europeo ha concluido en un estudio que los resultados de las pol\u00edticas de la UE para impulsar el transporte de mercanc\u00edas por ferrocarril son \u00abinsatisfactorios\u00bb y que, a pesar de la aportaci\u00f3n econ\u00f3mica y a la prioridad concedida por la Comisi\u00f3n Europea, la posici\u00f3n del transporte por carretera se ha reforzado<\/p>\n","protected":false},"author":1,"featured_media":76956,"comment_status":"open","ping_status":"closed","sticky":false,"template":"","format":"standard","meta":{"footnotes":""},"categories":[224],"tags":[],"class_list":{"0":"post-76955","1":"post","2":"type-post","3":"status-publish","4":"format-standard","5":"has-post-thumbnail","7":"category-noticias-actualidad"},"aioseo_notices":[],"aioseo_head":"\n\t\t<!-- All in One SEO Pro 4.9.6.1 - aioseo.com -->\n\t<meta name=\"description\" content=\"El Tribunal de Cuentas Europeo ha concluido en un estudio que los resultados de las pol\u00edticas de la UE para impulsar el transporte de mercanc\u00edas por ferrocarril son &quot;insatisfactorios&quot; y que, a pesar de la aportaci\u00f3n econ\u00f3mica y a la prioridad concedida por la Comisi\u00f3n Europea, la posici\u00f3n del transporte por carretera se ha reforzado\" \/>\n\t<meta name=\"robots\" content=\"max-image-preview:large\" \/>\n\t<meta name=\"author\" content=\"admin\"\/>\n\t<meta name=\"google-site-verification\" content=\"UA-38556648-1\" \/>\n\t<meta name=\"keywords\" content=\"noticias y actualidad\" \/>\n\t<link rel=\"canonical\" href=\"https:\/\/eldigitaldeasturias.com\/magazine365\/los-auditores-europeos-dicen-que-el-transporte-de-mercancias-por-ferrocarril-en-la-ue-es-aun-insatisfactorio\/\" \/>\n\t<meta name=\"generator\" content=\"All in One SEO Pro (AIOSEO) 4.9.6.1\" \/>\n\t\t<meta property=\"og:locale\" content=\"es_ES\" \/>\n\t\t<meta property=\"og:site_name\" content=\"El Digital de Asturias \u2013 Revista de ocio, turismo y estilo de vida\" \/>\n\t\t<meta property=\"og:type\" content=\"article\" \/>\n\t\t<meta property=\"og:title\" content=\"Los auditores europeos dicen que el transporte de mercanc\u00edas por ferrocarril en la UE es a\u00fan \u00abinsatisfactorio\u00bb | El Digital de Asturias\" \/>\n\t\t<meta property=\"og:description\" content=\"El Tribunal de Cuentas Europeo ha concluido en un estudio que los resultados de las pol\u00edticas de la UE para impulsar el transporte de mercanc\u00edas por ferrocarril son &quot;insatisfactorios&quot; y que, a pesar de la aportaci\u00f3n econ\u00f3mica y a la prioridad concedida por la Comisi\u00f3n Europea, la posici\u00f3n del transporte por carretera se ha reforzado\" \/>\n\t\t<meta property=\"og:url\" content=\"https:\/\/eldigitaldeasturias.com\/magazine365\/los-auditores-europeos-dicen-que-el-transporte-de-mercancias-por-ferrocarril-en-la-ue-es-aun-insatisfactorio\/\" \/>\n\t\t<meta property=\"og:image\" content=\"https:\/\/eldigitaldeasturias.com\/magazine365\/wp-content\/uploads\/2016\/05\/fotonoticia_20160524132833_800.jpg\" \/>\n\t\t<meta property=\"og:image:secure_url\" content=\"https:\/\/eldigitaldeasturias.com\/magazine365\/wp-content\/uploads\/2016\/05\/fotonoticia_20160524132833_800.jpg\" \/>\n\t\t<meta property=\"og:image:width\" content=\"800\" \/>\n\t\t<meta property=\"og:image:height\" content=\"600\" \/>\n\t\t<meta property=\"article:published_time\" content=\"2016-05-24T23:27:10+00:00\" \/>\n\t\t<meta property=\"article:modified_time\" content=\"2016-05-24T23:27:10+00:00\" \/>\n\t\t<meta name=\"twitter:card\" content=\"summary_large_image\" \/>\n\t\t<meta name=\"twitter:title\" content=\"Los auditores europeos dicen que el transporte de mercanc\u00edas por ferrocarril en la UE es a\u00fan \u00abinsatisfactorio\u00bb | El Digital de Asturias\" \/>\n\t\t<meta name=\"twitter:description\" content=\"El Tribunal de Cuentas Europeo ha concluido en un estudio que los resultados de las pol\u00edticas de la UE para impulsar el transporte de mercanc\u00edas por ferrocarril son &quot;insatisfactorios&quot; y que, a pesar de la aportaci\u00f3n econ\u00f3mica y a la prioridad concedida por la Comisi\u00f3n Europea, la posici\u00f3n del transporte por carretera se ha reforzado\" \/>\n\t\t<meta name=\"twitter:image\" content=\"https:\/\/eldigitaldeasturias.com\/magazine365\/wp-content\/uploads\/2016\/05\/fotonoticia_20160524132833_800.jpg\" \/>\n\t\t<script type=\"application\/ld+json\" class=\"aioseo-schema\">\n\t\t\t{\"@context\":\"https:\\\/\\\/schema.org\",\"@graph\":[{\"@type\":\"Article\",\"@id\":\"https:\\\/\\\/eldigitaldeasturias.com\\\/magazine365\\\/los-auditores-europeos-dicen-que-el-transporte-de-mercancias-por-ferrocarril-en-la-ue-es-aun-insatisfactorio\\\/#article\",\"name\":\"Los auditores europeos dicen que el transporte de mercanc\\u00edas por ferrocarril en la UE es a\\u00fan \\u00abinsatisfactorio\\u00bb | El Digital de Asturias\",\"headline\":\"Los auditores europeos dicen que el transporte de mercanc\\u00edas por ferrocarril en la UE es a\\u00fan \\u00abinsatisfactorio\\u00bb\",\"author\":{\"@id\":\"https:\\\/\\\/eldigitaldeasturias.com\\\/magazine365\\\/author\\\/admin\\\/#author\"},\"publisher\":{\"@id\":\"https:\\\/\\\/eldigitaldeasturias.com\\\/magazine365\\\/#organization\"},\"image\":{\"@type\":\"ImageObject\",\"url\":\"https:\\\/\\\/eldigitaldeasturias.com\\\/magazine365\\\/wp-content\\\/uploads\\\/2016\\\/05\\\/fotonoticia_20160524132833_800.jpg\",\"width\":800,\"height\":600},\"datePublished\":\"2016-05-25T01:27:10+02:00\",\"dateModified\":\"2016-05-25T01:27:10+02:00\",\"inLanguage\":\"es-ES\",\"mainEntityOfPage\":{\"@id\":\"https:\\\/\\\/eldigitaldeasturias.com\\\/magazine365\\\/los-auditores-europeos-dicen-que-el-transporte-de-mercancias-por-ferrocarril-en-la-ue-es-aun-insatisfactorio\\\/#webpage\"},\"isPartOf\":{\"@id\":\"https:\\\/\\\/eldigitaldeasturias.com\\\/magazine365\\\/los-auditores-europeos-dicen-que-el-transporte-de-mercancias-por-ferrocarril-en-la-ue-es-aun-insatisfactorio\\\/#webpage\"},\"articleSection\":\"Noticias y Actualidad\"},{\"@type\":\"BreadcrumbList\",\"@id\":\"https:\\\/\\\/eldigitaldeasturias.com\\\/magazine365\\\/los-auditores-europeos-dicen-que-el-transporte-de-mercancias-por-ferrocarril-en-la-ue-es-aun-insatisfactorio\\\/#breadcrumblist\",\"itemListElement\":[{\"@type\":\"ListItem\",\"@id\":\"https:\\\/\\\/eldigitaldeasturias.com\\\/magazine365#listItem\",\"position\":1,\"name\":\"Home\",\"item\":\"https:\\\/\\\/eldigitaldeasturias.com\\\/magazine365\",\"nextItem\":{\"@type\":\"ListItem\",\"@id\":\"https:\\\/\\\/eldigitaldeasturias.com\\\/magazine365\\\/category\\\/noticias-actualidad\\\/#listItem\",\"name\":\"Noticias y Actualidad\"}},{\"@type\":\"ListItem\",\"@id\":\"https:\\\/\\\/eldigitaldeasturias.com\\\/magazine365\\\/category\\\/noticias-actualidad\\\/#listItem\",\"position\":2,\"name\":\"Noticias y Actualidad\",\"item\":\"https:\\\/\\\/eldigitaldeasturias.com\\\/magazine365\\\/category\\\/noticias-actualidad\\\/\",\"nextItem\":{\"@type\":\"ListItem\",\"@id\":\"https:\\\/\\\/eldigitaldeasturias.com\\\/magazine365\\\/los-auditores-europeos-dicen-que-el-transporte-de-mercancias-por-ferrocarril-en-la-ue-es-aun-insatisfactorio\\\/#listItem\",\"name\":\"Los auditores europeos dicen que el transporte de mercanc\\u00edas por ferrocarril en la UE es a\\u00fan \\u00abinsatisfactorio\\u00bb\"},\"previousItem\":{\"@type\":\"ListItem\",\"@id\":\"https:\\\/\\\/eldigitaldeasturias.com\\\/magazine365#listItem\",\"name\":\"Home\"}},{\"@type\":\"ListItem\",\"@id\":\"https:\\\/\\\/eldigitaldeasturias.com\\\/magazine365\\\/los-auditores-europeos-dicen-que-el-transporte-de-mercancias-por-ferrocarril-en-la-ue-es-aun-insatisfactorio\\\/#listItem\",\"position\":3,\"name\":\"Los auditores europeos dicen que el transporte de mercanc\\u00edas por ferrocarril en la UE es a\\u00fan \\u00abinsatisfactorio\\u00bb\",\"previousItem\":{\"@type\":\"ListItem\",\"@id\":\"https:\\\/\\\/eldigitaldeasturias.com\\\/magazine365\\\/category\\\/noticias-actualidad\\\/#listItem\",\"name\":\"Noticias y Actualidad\"}}]},{\"@type\":\"Organization\",\"@id\":\"https:\\\/\\\/eldigitaldeasturias.com\\\/magazine365\\\/#organization\",\"name\":\"El digital de Asturias\",\"description\":\"Revista de ocio, turismo y estilo de vida\",\"url\":\"https:\\\/\\\/eldigitaldeasturias.com\\\/magazine365\\\/\",\"logo\":{\"@type\":\"ImageObject\",\"url\":\"https:\\\/\\\/www.eldigitaldeasturias.com\\\/noticias\\\/wp-content\\\/uploads\\\/2020\\\/12\\\/EDA.jpg\",\"@id\":\"https:\\\/\\\/eldigitaldeasturias.com\\\/magazine365\\\/los-auditores-europeos-dicen-que-el-transporte-de-mercancias-por-ferrocarril-en-la-ue-es-aun-insatisfactorio\\\/#organizationLogo\"},\"image\":{\"@id\":\"https:\\\/\\\/eldigitaldeasturias.com\\\/magazine365\\\/los-auditores-europeos-dicen-que-el-transporte-de-mercancias-por-ferrocarril-en-la-ue-es-aun-insatisfactorio\\\/#organizationLogo\"}},{\"@type\":\"Person\",\"@id\":\"https:\\\/\\\/eldigitaldeasturias.com\\\/magazine365\\\/author\\\/admin\\\/#author\",\"url\":\"https:\\\/\\\/eldigitaldeasturias.com\\\/magazine365\\\/author\\\/admin\\\/\",\"name\":\"admin\",\"image\":{\"@type\":\"ImageObject\",\"@id\":\"https:\\\/\\\/eldigitaldeasturias.com\\\/magazine365\\\/los-auditores-europeos-dicen-que-el-transporte-de-mercancias-por-ferrocarril-en-la-ue-es-aun-insatisfactorio\\\/#authorImage\",\"url\":\"https:\\\/\\\/eldigitaldeasturias.com\\\/magazine365\\\/wp-content\\\/litespeed\\\/avatar\\\/e571bcf59a0edd6fa6838245a470f2fe.jpg?ver=1777574230\",\"width\":96,\"height\":96,\"caption\":\"admin\"}},{\"@type\":\"WebPage\",\"@id\":\"https:\\\/\\\/eldigitaldeasturias.com\\\/magazine365\\\/los-auditores-europeos-dicen-que-el-transporte-de-mercancias-por-ferrocarril-en-la-ue-es-aun-insatisfactorio\\\/#webpage\",\"url\":\"https:\\\/\\\/eldigitaldeasturias.com\\\/magazine365\\\/los-auditores-europeos-dicen-que-el-transporte-de-mercancias-por-ferrocarril-en-la-ue-es-aun-insatisfactorio\\\/\",\"name\":\"Los auditores europeos dicen que el transporte de mercanc\\u00edas por ferrocarril en la UE es a\\u00fan \\u00abinsatisfactorio\\u00bb | El Digital de Asturias\",\"description\":\"El Tribunal de Cuentas Europeo ha concluido en un estudio que los resultados de las pol\\u00edticas de la UE para impulsar el transporte de mercanc\\u00edas por ferrocarril son \\\"insatisfactorios\\\" y que, a pesar de la aportaci\\u00f3n econ\\u00f3mica y a la prioridad concedida por la Comisi\\u00f3n Europea, la posici\\u00f3n del transporte por carretera se ha reforzado\",\"inLanguage\":\"es-ES\",\"isPartOf\":{\"@id\":\"https:\\\/\\\/eldigitaldeasturias.com\\\/magazine365\\\/#website\"},\"breadcrumb\":{\"@id\":\"https:\\\/\\\/eldigitaldeasturias.com\\\/magazine365\\\/los-auditores-europeos-dicen-que-el-transporte-de-mercancias-por-ferrocarril-en-la-ue-es-aun-insatisfactorio\\\/#breadcrumblist\"},\"author\":{\"@id\":\"https:\\\/\\\/eldigitaldeasturias.com\\\/magazine365\\\/author\\\/admin\\\/#author\"},\"creator\":{\"@id\":\"https:\\\/\\\/eldigitaldeasturias.com\\\/magazine365\\\/author\\\/admin\\\/#author\"},\"image\":{\"@type\":\"ImageObject\",\"url\":\"https:\\\/\\\/eldigitaldeasturias.com\\\/magazine365\\\/wp-content\\\/uploads\\\/2016\\\/05\\\/fotonoticia_20160524132833_800.jpg\",\"@id\":\"https:\\\/\\\/eldigitaldeasturias.com\\\/magazine365\\\/los-auditores-europeos-dicen-que-el-transporte-de-mercancias-por-ferrocarril-en-la-ue-es-aun-insatisfactorio\\\/#mainImage\",\"width\":800,\"height\":600},\"primaryImageOfPage\":{\"@id\":\"https:\\\/\\\/eldigitaldeasturias.com\\\/magazine365\\\/los-auditores-europeos-dicen-que-el-transporte-de-mercancias-por-ferrocarril-en-la-ue-es-aun-insatisfactorio\\\/#mainImage\"},\"datePublished\":\"2016-05-25T01:27:10+02:00\",\"dateModified\":\"2016-05-25T01:27:10+02:00\"},{\"@type\":\"WebSite\",\"@id\":\"https:\\\/\\\/eldigitaldeasturias.com\\\/magazine365\\\/#website\",\"url\":\"https:\\\/\\\/eldigitaldeasturias.com\\\/magazine365\\\/\",\"name\":\"El Digital de Asturias\",\"description\":\"Revista de ocio, turismo y estilo de vida\",\"inLanguage\":\"es-ES\",\"publisher\":{\"@id\":\"https:\\\/\\\/eldigitaldeasturias.com\\\/magazine365\\\/#organization\"}}]}\n\t\t<\/script>\n\t\t<!-- All in One SEO Pro -->\r\n\t\t<title>Los auditores europeos dicen que el transporte de mercanc\u00edas por ferrocarril en la UE es a\u00fan \u00abinsatisfactorio\u00bb | El Digital de Asturias<\/title>\n\n","aioseo_head_json":{"title":"Los auditores europeos dicen que el transporte de mercanc\u00edas por ferrocarril en la UE es a\u00fan \u00abinsatisfactorio\u00bb | El Digital de Asturias","description":"El Tribunal de Cuentas Europeo ha concluido en un estudio que los resultados de las pol\u00edticas de la UE para impulsar el transporte de mercanc\u00edas por ferrocarril son \"insatisfactorios\" y que, a pesar de la aportaci\u00f3n econ\u00f3mica y a la prioridad concedida por la Comisi\u00f3n Europea, la posici\u00f3n del transporte por carretera se ha reforzado","canonical_url":"https:\/\/eldigitaldeasturias.com\/magazine365\/los-auditores-europeos-dicen-que-el-transporte-de-mercancias-por-ferrocarril-en-la-ue-es-aun-insatisfactorio\/","robots":"max-image-preview:large","keywords":"noticias y actualidad","webmasterTools":{"google-site-verification":"UA-38556648-1","miscellaneous":""},"schema":{"@context":"https:\/\/schema.org","@graph":[{"@type":"Article","@id":"https:\/\/eldigitaldeasturias.com\/magazine365\/los-auditores-europeos-dicen-que-el-transporte-de-mercancias-por-ferrocarril-en-la-ue-es-aun-insatisfactorio\/#article","name":"Los auditores europeos dicen que el transporte de mercanc\u00edas por ferrocarril en la UE es a\u00fan \u00abinsatisfactorio\u00bb | El Digital de Asturias","headline":"Los auditores europeos dicen que el transporte de mercanc\u00edas por ferrocarril en la UE es a\u00fan \u00abinsatisfactorio\u00bb","author":{"@id":"https:\/\/eldigitaldeasturias.com\/magazine365\/author\/admin\/#author"},"publisher":{"@id":"https:\/\/eldigitaldeasturias.com\/magazine365\/#organization"},"image":{"@type":"ImageObject","url":"https:\/\/eldigitaldeasturias.com\/magazine365\/wp-content\/uploads\/2016\/05\/fotonoticia_20160524132833_800.jpg","width":800,"height":600},"datePublished":"2016-05-25T01:27:10+02:00","dateModified":"2016-05-25T01:27:10+02:00","inLanguage":"es-ES","mainEntityOfPage":{"@id":"https:\/\/eldigitaldeasturias.com\/magazine365\/los-auditores-europeos-dicen-que-el-transporte-de-mercancias-por-ferrocarril-en-la-ue-es-aun-insatisfactorio\/#webpage"},"isPartOf":{"@id":"https:\/\/eldigitaldeasturias.com\/magazine365\/los-auditores-europeos-dicen-que-el-transporte-de-mercancias-por-ferrocarril-en-la-ue-es-aun-insatisfactorio\/#webpage"},"articleSection":"Noticias y Actualidad"},{"@type":"BreadcrumbList","@id":"https:\/\/eldigitaldeasturias.com\/magazine365\/los-auditores-europeos-dicen-que-el-transporte-de-mercancias-por-ferrocarril-en-la-ue-es-aun-insatisfactorio\/#breadcrumblist","itemListElement":[{"@type":"ListItem","@id":"https:\/\/eldigitaldeasturias.com\/magazine365#listItem","position":1,"name":"Home","item":"https:\/\/eldigitaldeasturias.com\/magazine365","nextItem":{"@type":"ListItem","@id":"https:\/\/eldigitaldeasturias.com\/magazine365\/category\/noticias-actualidad\/#listItem","name":"Noticias y Actualidad"}},{"@type":"ListItem","@id":"https:\/\/eldigitaldeasturias.com\/magazine365\/category\/noticias-actualidad\/#listItem","position":2,"name":"Noticias y Actualidad","item":"https:\/\/eldigitaldeasturias.com\/magazine365\/category\/noticias-actualidad\/","nextItem":{"@type":"ListItem","@id":"https:\/\/eldigitaldeasturias.com\/magazine365\/los-auditores-europeos-dicen-que-el-transporte-de-mercancias-por-ferrocarril-en-la-ue-es-aun-insatisfactorio\/#listItem","name":"Los auditores europeos dicen que el transporte de mercanc\u00edas por ferrocarril en la UE es a\u00fan \u00abinsatisfactorio\u00bb"},"previousItem":{"@type":"ListItem","@id":"https:\/\/eldigitaldeasturias.com\/magazine365#listItem","name":"Home"}},{"@type":"ListItem","@id":"https:\/\/eldigitaldeasturias.com\/magazine365\/los-auditores-europeos-dicen-que-el-transporte-de-mercancias-por-ferrocarril-en-la-ue-es-aun-insatisfactorio\/#listItem","position":3,"name":"Los auditores europeos dicen que el transporte de mercanc\u00edas por ferrocarril en la UE es a\u00fan \u00abinsatisfactorio\u00bb","previousItem":{"@type":"ListItem","@id":"https:\/\/eldigitaldeasturias.com\/magazine365\/category\/noticias-actualidad\/#listItem","name":"Noticias y Actualidad"}}]},{"@type":"Organization","@id":"https:\/\/eldigitaldeasturias.com\/magazine365\/#organization","name":"El digital de Asturias","description":"Revista de ocio, turismo y estilo de vida","url":"https:\/\/eldigitaldeasturias.com\/magazine365\/","logo":{"@type":"ImageObject","url":"https:\/\/www.eldigitaldeasturias.com\/noticias\/wp-content\/uploads\/2020\/12\/EDA.jpg","@id":"https:\/\/eldigitaldeasturias.com\/magazine365\/los-auditores-europeos-dicen-que-el-transporte-de-mercancias-por-ferrocarril-en-la-ue-es-aun-insatisfactorio\/#organizationLogo"},"image":{"@id":"https:\/\/eldigitaldeasturias.com\/magazine365\/los-auditores-europeos-dicen-que-el-transporte-de-mercancias-por-ferrocarril-en-la-ue-es-aun-insatisfactorio\/#organizationLogo"}},{"@type":"Person","@id":"https:\/\/eldigitaldeasturias.com\/magazine365\/author\/admin\/#author","url":"https:\/\/eldigitaldeasturias.com\/magazine365\/author\/admin\/","name":"admin","image":{"@type":"ImageObject","@id":"https:\/\/eldigitaldeasturias.com\/magazine365\/los-auditores-europeos-dicen-que-el-transporte-de-mercancias-por-ferrocarril-en-la-ue-es-aun-insatisfactorio\/#authorImage","url":"https:\/\/eldigitaldeasturias.com\/magazine365\/wp-content\/litespeed\/avatar\/e571bcf59a0edd6fa6838245a470f2fe.jpg?ver=1777574230","width":96,"height":96,"caption":"admin"}},{"@type":"WebPage","@id":"https:\/\/eldigitaldeasturias.com\/magazine365\/los-auditores-europeos-dicen-que-el-transporte-de-mercancias-por-ferrocarril-en-la-ue-es-aun-insatisfactorio\/#webpage","url":"https:\/\/eldigitaldeasturias.com\/magazine365\/los-auditores-europeos-dicen-que-el-transporte-de-mercancias-por-ferrocarril-en-la-ue-es-aun-insatisfactorio\/","name":"Los auditores europeos dicen que el transporte de mercanc\u00edas por ferrocarril en la UE es a\u00fan \u00abinsatisfactorio\u00bb | El Digital de Asturias","description":"El Tribunal de Cuentas Europeo ha concluido en un estudio que los resultados de las pol\u00edticas de la UE para impulsar el transporte de mercanc\u00edas por ferrocarril son \"insatisfactorios\" y que, a pesar de la aportaci\u00f3n econ\u00f3mica y a la prioridad concedida por la Comisi\u00f3n Europea, la posici\u00f3n del transporte por carretera se ha reforzado","inLanguage":"es-ES","isPartOf":{"@id":"https:\/\/eldigitaldeasturias.com\/magazine365\/#website"},"breadcrumb":{"@id":"https:\/\/eldigitaldeasturias.com\/magazine365\/los-auditores-europeos-dicen-que-el-transporte-de-mercancias-por-ferrocarril-en-la-ue-es-aun-insatisfactorio\/#breadcrumblist"},"author":{"@id":"https:\/\/eldigitaldeasturias.com\/magazine365\/author\/admin\/#author"},"creator":{"@id":"https:\/\/eldigitaldeasturias.com\/magazine365\/author\/admin\/#author"},"image":{"@type":"ImageObject","url":"https:\/\/eldigitaldeasturias.com\/magazine365\/wp-content\/uploads\/2016\/05\/fotonoticia_20160524132833_800.jpg","@id":"https:\/\/eldigitaldeasturias.com\/magazine365\/los-auditores-europeos-dicen-que-el-transporte-de-mercancias-por-ferrocarril-en-la-ue-es-aun-insatisfactorio\/#mainImage","width":800,"height":600},"primaryImageOfPage":{"@id":"https:\/\/eldigitaldeasturias.com\/magazine365\/los-auditores-europeos-dicen-que-el-transporte-de-mercancias-por-ferrocarril-en-la-ue-es-aun-insatisfactorio\/#mainImage"},"datePublished":"2016-05-25T01:27:10+02:00","dateModified":"2016-05-25T01:27:10+02:00"},{"@type":"WebSite","@id":"https:\/\/eldigitaldeasturias.com\/magazine365\/#website","url":"https:\/\/eldigitaldeasturias.com\/magazine365\/","name":"El Digital de Asturias","description":"Revista de ocio, turismo y estilo de vida","inLanguage":"es-ES","publisher":{"@id":"https:\/\/eldigitaldeasturias.com\/magazine365\/#organization"}}]},"og:locale":"es_ES","og:site_name":"El Digital de Asturias \u2013 Revista de ocio, turismo y estilo de vida","og:type":"article","og:title":"Los auditores europeos dicen que el transporte de mercanc\u00edas por ferrocarril en la UE es a\u00fan \u00abinsatisfactorio\u00bb | El Digital de Asturias","og:description":"El Tribunal de Cuentas Europeo ha concluido en un estudio que los resultados de las pol\u00edticas de la UE para impulsar el transporte de mercanc\u00edas por ferrocarril son &quot;insatisfactorios&quot; y que, a pesar de la aportaci\u00f3n econ\u00f3mica y a la prioridad concedida por la Comisi\u00f3n Europea, la posici\u00f3n del transporte por carretera se ha reforzado","og:url":"https:\/\/eldigitaldeasturias.com\/magazine365\/los-auditores-europeos-dicen-que-el-transporte-de-mercancias-por-ferrocarril-en-la-ue-es-aun-insatisfactorio\/","og:image":"https:\/\/eldigitaldeasturias.com\/magazine365\/wp-content\/uploads\/2016\/05\/fotonoticia_20160524132833_800.jpg","og:image:secure_url":"https:\/\/eldigitaldeasturias.com\/magazine365\/wp-content\/uploads\/2016\/05\/fotonoticia_20160524132833_800.jpg","og:image:width":800,"og:image:height":600,"article:published_time":"2016-05-24T23:27:10+00:00","article:modified_time":"2016-05-24T23:27:10+00:00","twitter:card":"summary_large_image","twitter:title":"Los auditores europeos dicen que el transporte de mercanc\u00edas por ferrocarril en la UE es a\u00fan \u00abinsatisfactorio\u00bb | El Digital de Asturias","twitter:description":"El Tribunal de Cuentas Europeo ha concluido en un estudio que los resultados de las pol\u00edticas de la UE para impulsar el transporte de mercanc\u00edas por ferrocarril son &quot;insatisfactorios&quot; y que, a pesar de la aportaci\u00f3n econ\u00f3mica y a la prioridad concedida por la Comisi\u00f3n Europea, la posici\u00f3n del transporte por carretera se ha reforzado","twitter:image":"https:\/\/eldigitaldeasturias.com\/magazine365\/wp-content\/uploads\/2016\/05\/fotonoticia_20160524132833_800.jpg"},"aioseo_meta_data":{"post_id":"76955","title":null,"description":null,"keywords":null,"keyphrases":null,"primary_term":null,"canonical_url":null,"og_title":null,"og_description":null,"og_object_type":"default","og_image_type":"default","og_image_url":null,"og_image_width":null,"og_image_height":null,"og_image_custom_url":null,"og_image_custom_fields":null,"og_video":null,"og_custom_url":null,"og_article_section":null,"og_article_tags":null,"twitter_use_og":false,"twitter_card":"default","twitter_image_type":"default","twitter_image_url":null,"twitter_image_custom_url":null,"twitter_image_custom_fields":null,"twitter_title":null,"twitter_description":null,"schema":{"blockGraphs":[],"customGraphs":[],"default":{"data":{"Article":[],"Course":[],"Dataset":[],"FAQPage":[],"Movie":[],"Person":[],"Product":[],"ProductReview":[],"Car":[],"Recipe":[],"Service":[],"SoftwareApplication":[],"WebPage":[]},"graphName":"","isEnabled":true},"graphs":[]},"schema_type":null,"schema_type_options":null,"pillar_content":false,"robots_default":true,"robots_noindex":false,"robots_noarchive":false,"robots_nosnippet":false,"robots_nofollow":false,"robots_noimageindex":false,"robots_noodp":false,"robots_notranslate":false,"robots_max_snippet":null,"robots_max_videopreview":null,"robots_max_imagepreview":"large","priority":null,"frequency":null,"location":null,"local_seo":null,"seo_analyzer_scan_date":"2025-09-27 13:44:28","breadcrumb_settings":null,"limit_modified_date":false,"open_ai":null,"ai":null,"created":"2021-03-08 18:21:48","updated":"2025-09-27 13:44:28"},"aioseo_breadcrumb":"<div class=\"aioseo-breadcrumbs\"><span class=\"aioseo-breadcrumb\">\n\t<a href=\"https:\/\/eldigitaldeasturias.com\/magazine365\" title=\"Home\">Home<\/a>\n<\/span><span class=\"aioseo-breadcrumb-separator\">\u2013<\/span><span class=\"aioseo-breadcrumb\">\n\t<a href=\"https:\/\/eldigitaldeasturias.com\/magazine365\/category\/noticias-actualidad\/\" title=\"Noticias y Actualidad\">Noticias y Actualidad<\/a>\n<\/span><span class=\"aioseo-breadcrumb-separator\">\u2013<\/span><span class=\"aioseo-breadcrumb\">\n\t<a href=\"https:\/\/eldigitaldeasturias.com\/magazine365\/los-auditores-europeos-dicen-que-el-transporte-de-mercancias-por-ferrocarril-en-la-ue-es-aun-insatisfactorio\/\" title=\"Los auditores europeos dicen que el transporte de mercanc\u00edas por ferrocarril en la UE es a\u00fan \u00abinsatisfactorio\u00bb\">Los auditores europeos dicen que el transporte de mercanc\u00edas por ferrocarril en la UE es a\u00fan \u00abinsatisfactorio\u00bb<\/a>\n<\/span><\/div>","aioseo_breadcrumb_json":[{"label":"Home","link":"https:\/\/eldigitaldeasturias.com\/magazine365"},{"label":"Noticias y Actualidad","link":"https:\/\/eldigitaldeasturias.com\/magazine365\/category\/noticias-actualidad\/"},{"label":"Los auditores europeos dicen que el transporte de mercanc\u00edas por ferrocarril en la UE es a\u00fan \u00abinsatisfactorio\u00bb","link":"https:\/\/eldigitaldeasturias.com\/magazine365\/los-auditores-europeos-dicen-que-el-transporte-de-mercancias-por-ferrocarril-en-la-ue-es-aun-insatisfactorio\/"}],"_links":{"self":[{"href":"https:\/\/eldigitaldeasturias.com\/magazine365\/wp-json\/wp\/v2\/posts\/76955","targetHints":{"allow":["GET"]}}],"collection":[{"href":"https:\/\/eldigitaldeasturias.com\/magazine365\/wp-json\/wp\/v2\/posts"}],"about":[{"href":"https:\/\/eldigitaldeasturias.com\/magazine365\/wp-json\/wp\/v2\/types\/post"}],"author":[{"embeddable":true,"href":"https:\/\/eldigitaldeasturias.com\/magazine365\/wp-json\/wp\/v2\/users\/1"}],"replies":[{"embeddable":true,"href":"https:\/\/eldigitaldeasturias.com\/magazine365\/wp-json\/wp\/v2\/comments?post=76955"}],"version-history":[{"count":0,"href":"https:\/\/eldigitaldeasturias.com\/magazine365\/wp-json\/wp\/v2\/posts\/76955\/revisions"}],"wp:featuredmedia":[{"embeddable":true,"href":"https:\/\/eldigitaldeasturias.com\/magazine365\/wp-json\/wp\/v2\/media\/76956"}],"wp:attachment":[{"href":"https:\/\/eldigitaldeasturias.com\/magazine365\/wp-json\/wp\/v2\/media?parent=76955"}],"wp:term":[{"taxonomy":"category","embeddable":true,"href":"https:\/\/eldigitaldeasturias.com\/magazine365\/wp-json\/wp\/v2\/categories?post=76955"},{"taxonomy":"post_tag","embeddable":true,"href":"https:\/\/eldigitaldeasturias.com\/magazine365\/wp-json\/wp\/v2\/tags?post=76955"}],"curies":[{"name":"wp","href":"https:\/\/api.w.org\/{rel}","templated":true}]}}