{"id":76940,"date":"2016-05-24T23:13:17","date_gmt":"2016-05-24T21:13:17","guid":{"rendered":"http:\/\/eldigitaldeasturias.com\/magazine365\/?p=76940"},"modified":"2016-05-24T23:13:17","modified_gmt":"2016-05-24T21:13:17","slug":"promocionaran-el-pimenton-de-murcia-en-los-vuelos-nacionales-e-internacionales-de-iberia","status":"publish","type":"post","link":"https:\/\/eldigitaldeasturias.com\/magazine365\/promocionaran-el-pimenton-de-murcia-en-los-vuelos-nacionales-e-internacionales-de-iberia\/","title":{"rendered":"Promocionar\u00e1n el piment\u00f3n de Murcia en los vuelos nacionales e internacionales de Iberia"},"content":{"rendered":"<p><img fetchpriority=\"high\" decoding=\"async\" class=\"alignleft size-medium wp-image-76941\" src=\"https:\/\/eldigitaldeasturias.com\/magazine365\/wp-content\/uploads\/2016\/05\/fotonoticia_20160524123124_800-360x203.jpg\" alt=\"fotonoticia_20160524123124_800\" width=\"360\" height=\"203\" srcset=\"https:\/\/eldigitaldeasturias.com\/magazine365\/wp-content\/uploads\/2016\/05\/fotonoticia_20160524123124_800-360x203.jpg 360w, https:\/\/eldigitaldeasturias.com\/magazine365\/wp-content\/uploads\/2016\/05\/fotonoticia_20160524123124_800-650x366.jpg 650w, https:\/\/eldigitaldeasturias.com\/magazine365\/wp-content\/uploads\/2016\/05\/fotonoticia_20160524123124_800-768x432.jpg 768w, https:\/\/eldigitaldeasturias.com\/magazine365\/wp-content\/uploads\/2016\/05\/fotonoticia_20160524123124_800-150x84.jpg 150w, https:\/\/eldigitaldeasturias.com\/magazine365\/wp-content\/uploads\/2016\/05\/fotonoticia_20160524123124_800-450x253.jpg 450w, https:\/\/eldigitaldeasturias.com\/magazine365\/wp-content\/uploads\/2016\/05\/fotonoticia_20160524123124_800-499x280.jpg 499w, https:\/\/eldigitaldeasturias.com\/magazine365\/wp-content\/uploads\/2016\/05\/fotonoticia_20160524123124_800-510x289.jpg 510w, https:\/\/eldigitaldeasturias.com\/magazine365\/wp-content\/uploads\/2016\/05\/fotonoticia_20160524123124_800.jpg 800w\" sizes=\"(max-width: 360px) 100vw, 360px\" \/>&#8216;Un toque de color con mucho sabor&#8217; es el lema con el que este jueves se promocionar\u00e1 el piment\u00f3n de Murcia en todos los vuelos nacionales e internacionales de la compa\u00f1\u00eda Iberia desde el Aeropuerto Adolfo Su\u00e1rez Madrid-Barajas.<\/p>\n<p>La consejera de Agua, Agricultura y Medio Ambiente, Adela Mart\u00ednez-Cach\u00e1, ha explicado en la presentaci\u00f3n de la campa\u00f1a que en total se repartir\u00e1n 24.000 muestras gratuitas de piment\u00f3n ecol\u00f3gico producido y elaborado en la Regi\u00f3n de Murcia \u00abcon el objetivo de dar a conocer el que es el condimento imprescindible en la elaboraci\u00f3n de muchos platos\u00bb.<\/p>\n<p>\u00abTenemos la agricultura m\u00e1s sana, la de mayor calidad y la m\u00e1s variada, y es objetivo del Gobierno regional colaborar en todas aquellas acciones que contribuyan a promocionar los productos de la Regi\u00f3n de Murcia\u00bb, ha manifestado la consejera.<\/p>\n<p>La titular de Agua, Agricultura y Medio Ambiente ha se\u00f1alado que \u00abla Regi\u00f3n de Murcia es reconocida como una de las zonas en las que se produce la mayor parte del piment\u00f3n dulce que se consume en el mercado espa\u00f1ol y europeo, y con esta campa\u00f1a queremos contribuir a que ese reconocimiento se mantenga y se abra a otros mercados\u00bb.<\/p>\n<p>&#8216;Un toque de color con mucho sabor&#8217; es una primera acci\u00f3n con la que se pretende consolidar el consumo del piment\u00f3n producido y elaborado en la Regi\u00f3n de Murcia a nivel nacional, ya que es el principal destinatario del producto, pero tambi\u00e9n con el fin de abrir nuevos mercados internacionales.<\/p>\n<p>El contenido de cada una de las muestras gratuitas es de 4 gramos, que se entregar\u00e1n a los pasajeros por parte del personal de Iberia. En los sobres tambi\u00e9n aparecer\u00e1 el lema que la Comunidad Aut\u00f3noma recuper\u00f3 el pasado a\u00f1o &#8216;Regi\u00f3n de Murcia, Huerta de Europa&#8217;.<\/p>\n<p>Un total de 24 productores murcianos forman parte del Consejo Regulador de la Denominaci\u00f3n de Origen Protegida de Piment\u00f3n de Murcia y ocho son los elaboradores del piment\u00f3n. En total, se cuenta con cerca de 70 hect\u00e1reas de superficie de producci\u00f3n de pimiento.<\/p>\n<p>La producci\u00f3n de pimiento en 2015 para la elaboraci\u00f3n de piment\u00f3n Denominaci\u00f3n de Origen Protegida rond\u00f3 los 300.000 kilos. Las zonas de producci\u00f3n de pimiento para la elaboraci\u00f3n de piment\u00f3n son Alhama de Murcia, Beniel, Fuente \u00c1lamo, Lorca, Molina de Segura, Cartagena, Fortuna, Librilla, Murcia, Puerto Lumbreras, San Javier, Santomera, Torre Pacheco y Totana.<\/p>\n<p>A la presentaci\u00f3n de la campa\u00f1a han acudido tambi\u00e9n el director general de Producciones y Mercados Agroalimentarios, Fulgencio P\u00e9rez; el secretario del Consejo Regulador de la Denominaci\u00f3n de Origen Protegido Piment\u00f3n de Murcia, Jos\u00e9 Luis Hern\u00e1ndez Costa; el presidente de honor de la Academia de Gastronom\u00eda de la Regi\u00f3n de Murcia, Tom\u00e1s Zamora; y el vicepresidente de la Academia, Alberto Requena.<\/p>\n<p>El piment\u00f3n de Murcia se obtiene a trav\u00e9s de procedimientos tradicionales como la recolecci\u00f3n manual, el secado al sol y el desrabado manual. Tambi\u00e9n destaca por su poder colorante, graso y sabroso unido a sus propiedades organol\u00e9pticas.<\/p>\n<p>La molturaci\u00f3n y transformaci\u00f3n del piment\u00f3n se realiza en modernas instalaciones, con lo que las compa\u00f1\u00edas adheridas a la Denominaci\u00f3n de Origen Protegida disponen de una amplia gama de producto, adaptada a las caracter\u00edsticas del mercado.<\/p>\n","protected":false},"excerpt":{"rendered":"<p>&#8216;Un toque de color con mucho sabor&#8217; es el lema con el que este jueves se promocionar\u00e1 el piment\u00f3n de Murcia en todos los vuelos nacionales e internacionales de la compa\u00f1\u00eda Iberia desde el Aeropuerto Adolfo Su\u00e1rez Madrid-Barajas. La consejera de Agua, Agricultura y Medio Ambiente, Adela Mart\u00ednez-Cach\u00e1, ha explicado en la presentaci\u00f3n de la<\/p>\n","protected":false},"author":1,"featured_media":76941,"comment_status":"open","ping_status":"closed","sticky":false,"template":"","format":"standard","meta":{"footnotes":""},"categories":[224],"tags":[],"class_list":{"0":"post-76940","1":"post","2":"type-post","3":"status-publish","4":"format-standard","5":"has-post-thumbnail","7":"category-noticias-actualidad"},"aioseo_notices":[],"aioseo_head":"\n\t\t<!-- All in One SEO Pro 4.9.6.1 - aioseo.com -->\n\t<meta name=\"description\" content=\"&#039;Un toque de color con mucho sabor&#039; es el lema con el que este jueves se promocionar\u00e1 el piment\u00f3n de Murcia en todos los vuelos nacionales e internacionales de la compa\u00f1\u00eda Iberia desde el Aeropuerto Adolfo Su\u00e1rez Madrid-Barajas. La consejera de Agua, Agricultura y Medio Ambiente, Adela Mart\u00ednez-Cach\u00e1, ha explicado en la presentaci\u00f3n de la\" \/>\n\t<meta name=\"robots\" content=\"max-image-preview:large\" \/>\n\t<meta name=\"author\" content=\"admin\"\/>\n\t<meta name=\"google-site-verification\" content=\"UA-38556648-1\" \/>\n\t<meta name=\"keywords\" content=\"noticias y actualidad\" \/>\n\t<link rel=\"canonical\" href=\"https:\/\/eldigitaldeasturias.com\/magazine365\/promocionaran-el-pimenton-de-murcia-en-los-vuelos-nacionales-e-internacionales-de-iberia\/\" \/>\n\t<meta name=\"generator\" content=\"All in One SEO Pro (AIOSEO) 4.9.6.1\" \/>\n\t\t<meta property=\"og:locale\" content=\"es_ES\" \/>\n\t\t<meta property=\"og:site_name\" content=\"El Digital de Asturias \u2013 Revista de ocio, turismo y estilo de vida\" \/>\n\t\t<meta property=\"og:type\" content=\"article\" \/>\n\t\t<meta property=\"og:title\" content=\"Promocionar\u00e1n el piment\u00f3n de Murcia en los vuelos nacionales e internacionales de Iberia | El Digital de Asturias\" \/>\n\t\t<meta property=\"og:description\" content=\"&#039;Un toque de color con mucho sabor&#039; es el lema con el que este jueves se promocionar\u00e1 el piment\u00f3n de Murcia en todos los vuelos nacionales e internacionales de la compa\u00f1\u00eda Iberia desde el Aeropuerto Adolfo Su\u00e1rez Madrid-Barajas. La consejera de Agua, Agricultura y Medio Ambiente, Adela Mart\u00ednez-Cach\u00e1, ha explicado en la presentaci\u00f3n de la\" \/>\n\t\t<meta property=\"og:url\" content=\"https:\/\/eldigitaldeasturias.com\/magazine365\/promocionaran-el-pimenton-de-murcia-en-los-vuelos-nacionales-e-internacionales-de-iberia\/\" \/>\n\t\t<meta property=\"og:image\" content=\"https:\/\/eldigitaldeasturias.com\/magazine365\/wp-content\/uploads\/2016\/05\/fotonoticia_20160524123124_800.jpg\" \/>\n\t\t<meta property=\"og:image:secure_url\" content=\"https:\/\/eldigitaldeasturias.com\/magazine365\/wp-content\/uploads\/2016\/05\/fotonoticia_20160524123124_800.jpg\" \/>\n\t\t<meta property=\"og:image:width\" content=\"800\" \/>\n\t\t<meta property=\"og:image:height\" content=\"450\" \/>\n\t\t<meta property=\"article:published_time\" content=\"2016-05-24T21:13:17+00:00\" \/>\n\t\t<meta property=\"article:modified_time\" content=\"2016-05-24T21:13:17+00:00\" \/>\n\t\t<meta name=\"twitter:card\" content=\"summary_large_image\" \/>\n\t\t<meta name=\"twitter:title\" content=\"Promocionar\u00e1n el piment\u00f3n de Murcia en los vuelos nacionales e internacionales de Iberia | El Digital de Asturias\" \/>\n\t\t<meta name=\"twitter:description\" content=\"&#039;Un toque de color con mucho sabor&#039; es el lema con el que este jueves se promocionar\u00e1 el piment\u00f3n de Murcia en todos los vuelos nacionales e internacionales de la compa\u00f1\u00eda Iberia desde el Aeropuerto Adolfo Su\u00e1rez Madrid-Barajas. La consejera de Agua, Agricultura y Medio Ambiente, Adela Mart\u00ednez-Cach\u00e1, ha explicado en la presentaci\u00f3n de la\" \/>\n\t\t<meta name=\"twitter:image\" content=\"https:\/\/eldigitaldeasturias.com\/magazine365\/wp-content\/uploads\/2016\/05\/fotonoticia_20160524123124_800.jpg\" \/>\n\t\t<script type=\"application\/ld+json\" class=\"aioseo-schema\">\n\t\t\t{\"@context\":\"https:\\\/\\\/schema.org\",\"@graph\":[{\"@type\":\"Article\",\"@id\":\"https:\\\/\\\/eldigitaldeasturias.com\\\/magazine365\\\/promocionaran-el-pimenton-de-murcia-en-los-vuelos-nacionales-e-internacionales-de-iberia\\\/#article\",\"name\":\"Promocionar\\u00e1n el piment\\u00f3n de Murcia en los vuelos nacionales e internacionales de Iberia | El Digital de Asturias\",\"headline\":\"Promocionar\\u00e1n el piment\\u00f3n de Murcia en los vuelos nacionales e internacionales de Iberia\",\"author\":{\"@id\":\"https:\\\/\\\/eldigitaldeasturias.com\\\/magazine365\\\/author\\\/admin\\\/#author\"},\"publisher\":{\"@id\":\"https:\\\/\\\/eldigitaldeasturias.com\\\/magazine365\\\/#organization\"},\"image\":{\"@type\":\"ImageObject\",\"url\":\"https:\\\/\\\/eldigitaldeasturias.com\\\/magazine365\\\/wp-content\\\/uploads\\\/2016\\\/05\\\/fotonoticia_20160524123124_800.jpg\",\"width\":800,\"height\":450},\"datePublished\":\"2016-05-24T23:13:17+02:00\",\"dateModified\":\"2016-05-24T23:13:17+02:00\",\"inLanguage\":\"es-ES\",\"mainEntityOfPage\":{\"@id\":\"https:\\\/\\\/eldigitaldeasturias.com\\\/magazine365\\\/promocionaran-el-pimenton-de-murcia-en-los-vuelos-nacionales-e-internacionales-de-iberia\\\/#webpage\"},\"isPartOf\":{\"@id\":\"https:\\\/\\\/eldigitaldeasturias.com\\\/magazine365\\\/promocionaran-el-pimenton-de-murcia-en-los-vuelos-nacionales-e-internacionales-de-iberia\\\/#webpage\"},\"articleSection\":\"Noticias y Actualidad\"},{\"@type\":\"BreadcrumbList\",\"@id\":\"https:\\\/\\\/eldigitaldeasturias.com\\\/magazine365\\\/promocionaran-el-pimenton-de-murcia-en-los-vuelos-nacionales-e-internacionales-de-iberia\\\/#breadcrumblist\",\"itemListElement\":[{\"@type\":\"ListItem\",\"@id\":\"https:\\\/\\\/eldigitaldeasturias.com\\\/magazine365#listItem\",\"position\":1,\"name\":\"Home\",\"item\":\"https:\\\/\\\/eldigitaldeasturias.com\\\/magazine365\",\"nextItem\":{\"@type\":\"ListItem\",\"@id\":\"https:\\\/\\\/eldigitaldeasturias.com\\\/magazine365\\\/category\\\/noticias-actualidad\\\/#listItem\",\"name\":\"Noticias y Actualidad\"}},{\"@type\":\"ListItem\",\"@id\":\"https:\\\/\\\/eldigitaldeasturias.com\\\/magazine365\\\/category\\\/noticias-actualidad\\\/#listItem\",\"position\":2,\"name\":\"Noticias y Actualidad\",\"item\":\"https:\\\/\\\/eldigitaldeasturias.com\\\/magazine365\\\/category\\\/noticias-actualidad\\\/\",\"nextItem\":{\"@type\":\"ListItem\",\"@id\":\"https:\\\/\\\/eldigitaldeasturias.com\\\/magazine365\\\/promocionaran-el-pimenton-de-murcia-en-los-vuelos-nacionales-e-internacionales-de-iberia\\\/#listItem\",\"name\":\"Promocionar\\u00e1n el piment\\u00f3n de Murcia en los vuelos nacionales e internacionales de Iberia\"},\"previousItem\":{\"@type\":\"ListItem\",\"@id\":\"https:\\\/\\\/eldigitaldeasturias.com\\\/magazine365#listItem\",\"name\":\"Home\"}},{\"@type\":\"ListItem\",\"@id\":\"https:\\\/\\\/eldigitaldeasturias.com\\\/magazine365\\\/promocionaran-el-pimenton-de-murcia-en-los-vuelos-nacionales-e-internacionales-de-iberia\\\/#listItem\",\"position\":3,\"name\":\"Promocionar\\u00e1n el piment\\u00f3n de Murcia en los vuelos nacionales e internacionales de Iberia\",\"previousItem\":{\"@type\":\"ListItem\",\"@id\":\"https:\\\/\\\/eldigitaldeasturias.com\\\/magazine365\\\/category\\\/noticias-actualidad\\\/#listItem\",\"name\":\"Noticias y Actualidad\"}}]},{\"@type\":\"Organization\",\"@id\":\"https:\\\/\\\/eldigitaldeasturias.com\\\/magazine365\\\/#organization\",\"name\":\"El digital de Asturias\",\"description\":\"Revista de ocio, turismo y estilo de vida\",\"url\":\"https:\\\/\\\/eldigitaldeasturias.com\\\/magazine365\\\/\",\"logo\":{\"@type\":\"ImageObject\",\"url\":\"https:\\\/\\\/www.eldigitaldeasturias.com\\\/noticias\\\/wp-content\\\/uploads\\\/2020\\\/12\\\/EDA.jpg\",\"@id\":\"https:\\\/\\\/eldigitaldeasturias.com\\\/magazine365\\\/promocionaran-el-pimenton-de-murcia-en-los-vuelos-nacionales-e-internacionales-de-iberia\\\/#organizationLogo\"},\"image\":{\"@id\":\"https:\\\/\\\/eldigitaldeasturias.com\\\/magazine365\\\/promocionaran-el-pimenton-de-murcia-en-los-vuelos-nacionales-e-internacionales-de-iberia\\\/#organizationLogo\"}},{\"@type\":\"Person\",\"@id\":\"https:\\\/\\\/eldigitaldeasturias.com\\\/magazine365\\\/author\\\/admin\\\/#author\",\"url\":\"https:\\\/\\\/eldigitaldeasturias.com\\\/magazine365\\\/author\\\/admin\\\/\",\"name\":\"admin\",\"image\":{\"@type\":\"ImageObject\",\"@id\":\"https:\\\/\\\/eldigitaldeasturias.com\\\/magazine365\\\/promocionaran-el-pimenton-de-murcia-en-los-vuelos-nacionales-e-internacionales-de-iberia\\\/#authorImage\",\"url\":\"https:\\\/\\\/eldigitaldeasturias.com\\\/magazine365\\\/wp-content\\\/litespeed\\\/avatar\\\/e571bcf59a0edd6fa6838245a470f2fe.jpg?ver=1777574230\",\"width\":96,\"height\":96,\"caption\":\"admin\"}},{\"@type\":\"WebPage\",\"@id\":\"https:\\\/\\\/eldigitaldeasturias.com\\\/magazine365\\\/promocionaran-el-pimenton-de-murcia-en-los-vuelos-nacionales-e-internacionales-de-iberia\\\/#webpage\",\"url\":\"https:\\\/\\\/eldigitaldeasturias.com\\\/magazine365\\\/promocionaran-el-pimenton-de-murcia-en-los-vuelos-nacionales-e-internacionales-de-iberia\\\/\",\"name\":\"Promocionar\\u00e1n el piment\\u00f3n de Murcia en los vuelos nacionales e internacionales de Iberia | El Digital de Asturias\",\"description\":\"'Un toque de color con mucho sabor' es el lema con el que este jueves se promocionar\\u00e1 el piment\\u00f3n de Murcia en todos los vuelos nacionales e internacionales de la compa\\u00f1\\u00eda Iberia desde el Aeropuerto Adolfo Su\\u00e1rez Madrid-Barajas. La consejera de Agua, Agricultura y Medio Ambiente, Adela Mart\\u00ednez-Cach\\u00e1, ha explicado en la presentaci\\u00f3n de la\",\"inLanguage\":\"es-ES\",\"isPartOf\":{\"@id\":\"https:\\\/\\\/eldigitaldeasturias.com\\\/magazine365\\\/#website\"},\"breadcrumb\":{\"@id\":\"https:\\\/\\\/eldigitaldeasturias.com\\\/magazine365\\\/promocionaran-el-pimenton-de-murcia-en-los-vuelos-nacionales-e-internacionales-de-iberia\\\/#breadcrumblist\"},\"author\":{\"@id\":\"https:\\\/\\\/eldigitaldeasturias.com\\\/magazine365\\\/author\\\/admin\\\/#author\"},\"creator\":{\"@id\":\"https:\\\/\\\/eldigitaldeasturias.com\\\/magazine365\\\/author\\\/admin\\\/#author\"},\"image\":{\"@type\":\"ImageObject\",\"url\":\"https:\\\/\\\/eldigitaldeasturias.com\\\/magazine365\\\/wp-content\\\/uploads\\\/2016\\\/05\\\/fotonoticia_20160524123124_800.jpg\",\"@id\":\"https:\\\/\\\/eldigitaldeasturias.com\\\/magazine365\\\/promocionaran-el-pimenton-de-murcia-en-los-vuelos-nacionales-e-internacionales-de-iberia\\\/#mainImage\",\"width\":800,\"height\":450},\"primaryImageOfPage\":{\"@id\":\"https:\\\/\\\/eldigitaldeasturias.com\\\/magazine365\\\/promocionaran-el-pimenton-de-murcia-en-los-vuelos-nacionales-e-internacionales-de-iberia\\\/#mainImage\"},\"datePublished\":\"2016-05-24T23:13:17+02:00\",\"dateModified\":\"2016-05-24T23:13:17+02:00\"},{\"@type\":\"WebSite\",\"@id\":\"https:\\\/\\\/eldigitaldeasturias.com\\\/magazine365\\\/#website\",\"url\":\"https:\\\/\\\/eldigitaldeasturias.com\\\/magazine365\\\/\",\"name\":\"El Digital de Asturias\",\"description\":\"Revista de ocio, turismo y estilo de vida\",\"inLanguage\":\"es-ES\",\"publisher\":{\"@id\":\"https:\\\/\\\/eldigitaldeasturias.com\\\/magazine365\\\/#organization\"}}]}\n\t\t<\/script>\n\t\t<!-- All in One SEO Pro -->\r\n\t\t<title>Promocionar\u00e1n el piment\u00f3n de Murcia en los vuelos nacionales e internacionales de Iberia | El Digital de Asturias<\/title>\n\n","aioseo_head_json":{"title":"Promocionar\u00e1n el piment\u00f3n de Murcia en los vuelos nacionales e internacionales de Iberia | El Digital de Asturias","description":"'Un toque de color con mucho sabor' es el lema con el que este jueves se promocionar\u00e1 el piment\u00f3n de Murcia en todos los vuelos nacionales e internacionales de la compa\u00f1\u00eda Iberia desde el Aeropuerto Adolfo Su\u00e1rez Madrid-Barajas. La consejera de Agua, Agricultura y Medio Ambiente, Adela Mart\u00ednez-Cach\u00e1, ha explicado en la presentaci\u00f3n de la","canonical_url":"https:\/\/eldigitaldeasturias.com\/magazine365\/promocionaran-el-pimenton-de-murcia-en-los-vuelos-nacionales-e-internacionales-de-iberia\/","robots":"max-image-preview:large","keywords":"noticias y actualidad","webmasterTools":{"google-site-verification":"UA-38556648-1","miscellaneous":""},"schema":{"@context":"https:\/\/schema.org","@graph":[{"@type":"Article","@id":"https:\/\/eldigitaldeasturias.com\/magazine365\/promocionaran-el-pimenton-de-murcia-en-los-vuelos-nacionales-e-internacionales-de-iberia\/#article","name":"Promocionar\u00e1n el piment\u00f3n de Murcia en los vuelos nacionales e internacionales de Iberia | El Digital de Asturias","headline":"Promocionar\u00e1n el piment\u00f3n de Murcia en los vuelos nacionales e internacionales de Iberia","author":{"@id":"https:\/\/eldigitaldeasturias.com\/magazine365\/author\/admin\/#author"},"publisher":{"@id":"https:\/\/eldigitaldeasturias.com\/magazine365\/#organization"},"image":{"@type":"ImageObject","url":"https:\/\/eldigitaldeasturias.com\/magazine365\/wp-content\/uploads\/2016\/05\/fotonoticia_20160524123124_800.jpg","width":800,"height":450},"datePublished":"2016-05-24T23:13:17+02:00","dateModified":"2016-05-24T23:13:17+02:00","inLanguage":"es-ES","mainEntityOfPage":{"@id":"https:\/\/eldigitaldeasturias.com\/magazine365\/promocionaran-el-pimenton-de-murcia-en-los-vuelos-nacionales-e-internacionales-de-iberia\/#webpage"},"isPartOf":{"@id":"https:\/\/eldigitaldeasturias.com\/magazine365\/promocionaran-el-pimenton-de-murcia-en-los-vuelos-nacionales-e-internacionales-de-iberia\/#webpage"},"articleSection":"Noticias y Actualidad"},{"@type":"BreadcrumbList","@id":"https:\/\/eldigitaldeasturias.com\/magazine365\/promocionaran-el-pimenton-de-murcia-en-los-vuelos-nacionales-e-internacionales-de-iberia\/#breadcrumblist","itemListElement":[{"@type":"ListItem","@id":"https:\/\/eldigitaldeasturias.com\/magazine365#listItem","position":1,"name":"Home","item":"https:\/\/eldigitaldeasturias.com\/magazine365","nextItem":{"@type":"ListItem","@id":"https:\/\/eldigitaldeasturias.com\/magazine365\/category\/noticias-actualidad\/#listItem","name":"Noticias y Actualidad"}},{"@type":"ListItem","@id":"https:\/\/eldigitaldeasturias.com\/magazine365\/category\/noticias-actualidad\/#listItem","position":2,"name":"Noticias y Actualidad","item":"https:\/\/eldigitaldeasturias.com\/magazine365\/category\/noticias-actualidad\/","nextItem":{"@type":"ListItem","@id":"https:\/\/eldigitaldeasturias.com\/magazine365\/promocionaran-el-pimenton-de-murcia-en-los-vuelos-nacionales-e-internacionales-de-iberia\/#listItem","name":"Promocionar\u00e1n el piment\u00f3n de Murcia en los vuelos nacionales e internacionales de Iberia"},"previousItem":{"@type":"ListItem","@id":"https:\/\/eldigitaldeasturias.com\/magazine365#listItem","name":"Home"}},{"@type":"ListItem","@id":"https:\/\/eldigitaldeasturias.com\/magazine365\/promocionaran-el-pimenton-de-murcia-en-los-vuelos-nacionales-e-internacionales-de-iberia\/#listItem","position":3,"name":"Promocionar\u00e1n el piment\u00f3n de Murcia en los vuelos nacionales e internacionales de Iberia","previousItem":{"@type":"ListItem","@id":"https:\/\/eldigitaldeasturias.com\/magazine365\/category\/noticias-actualidad\/#listItem","name":"Noticias y Actualidad"}}]},{"@type":"Organization","@id":"https:\/\/eldigitaldeasturias.com\/magazine365\/#organization","name":"El digital de Asturias","description":"Revista de ocio, turismo y estilo de vida","url":"https:\/\/eldigitaldeasturias.com\/magazine365\/","logo":{"@type":"ImageObject","url":"https:\/\/www.eldigitaldeasturias.com\/noticias\/wp-content\/uploads\/2020\/12\/EDA.jpg","@id":"https:\/\/eldigitaldeasturias.com\/magazine365\/promocionaran-el-pimenton-de-murcia-en-los-vuelos-nacionales-e-internacionales-de-iberia\/#organizationLogo"},"image":{"@id":"https:\/\/eldigitaldeasturias.com\/magazine365\/promocionaran-el-pimenton-de-murcia-en-los-vuelos-nacionales-e-internacionales-de-iberia\/#organizationLogo"}},{"@type":"Person","@id":"https:\/\/eldigitaldeasturias.com\/magazine365\/author\/admin\/#author","url":"https:\/\/eldigitaldeasturias.com\/magazine365\/author\/admin\/","name":"admin","image":{"@type":"ImageObject","@id":"https:\/\/eldigitaldeasturias.com\/magazine365\/promocionaran-el-pimenton-de-murcia-en-los-vuelos-nacionales-e-internacionales-de-iberia\/#authorImage","url":"https:\/\/eldigitaldeasturias.com\/magazine365\/wp-content\/litespeed\/avatar\/e571bcf59a0edd6fa6838245a470f2fe.jpg?ver=1777574230","width":96,"height":96,"caption":"admin"}},{"@type":"WebPage","@id":"https:\/\/eldigitaldeasturias.com\/magazine365\/promocionaran-el-pimenton-de-murcia-en-los-vuelos-nacionales-e-internacionales-de-iberia\/#webpage","url":"https:\/\/eldigitaldeasturias.com\/magazine365\/promocionaran-el-pimenton-de-murcia-en-los-vuelos-nacionales-e-internacionales-de-iberia\/","name":"Promocionar\u00e1n el piment\u00f3n de Murcia en los vuelos nacionales e internacionales de Iberia | El Digital de Asturias","description":"'Un toque de color con mucho sabor' es el lema con el que este jueves se promocionar\u00e1 el piment\u00f3n de Murcia en todos los vuelos nacionales e internacionales de la compa\u00f1\u00eda Iberia desde el Aeropuerto Adolfo Su\u00e1rez Madrid-Barajas. La consejera de Agua, Agricultura y Medio Ambiente, Adela Mart\u00ednez-Cach\u00e1, ha explicado en la presentaci\u00f3n de la","inLanguage":"es-ES","isPartOf":{"@id":"https:\/\/eldigitaldeasturias.com\/magazine365\/#website"},"breadcrumb":{"@id":"https:\/\/eldigitaldeasturias.com\/magazine365\/promocionaran-el-pimenton-de-murcia-en-los-vuelos-nacionales-e-internacionales-de-iberia\/#breadcrumblist"},"author":{"@id":"https:\/\/eldigitaldeasturias.com\/magazine365\/author\/admin\/#author"},"creator":{"@id":"https:\/\/eldigitaldeasturias.com\/magazine365\/author\/admin\/#author"},"image":{"@type":"ImageObject","url":"https:\/\/eldigitaldeasturias.com\/magazine365\/wp-content\/uploads\/2016\/05\/fotonoticia_20160524123124_800.jpg","@id":"https:\/\/eldigitaldeasturias.com\/magazine365\/promocionaran-el-pimenton-de-murcia-en-los-vuelos-nacionales-e-internacionales-de-iberia\/#mainImage","width":800,"height":450},"primaryImageOfPage":{"@id":"https:\/\/eldigitaldeasturias.com\/magazine365\/promocionaran-el-pimenton-de-murcia-en-los-vuelos-nacionales-e-internacionales-de-iberia\/#mainImage"},"datePublished":"2016-05-24T23:13:17+02:00","dateModified":"2016-05-24T23:13:17+02:00"},{"@type":"WebSite","@id":"https:\/\/eldigitaldeasturias.com\/magazine365\/#website","url":"https:\/\/eldigitaldeasturias.com\/magazine365\/","name":"El Digital de Asturias","description":"Revista de ocio, turismo y estilo de vida","inLanguage":"es-ES","publisher":{"@id":"https:\/\/eldigitaldeasturias.com\/magazine365\/#organization"}}]},"og:locale":"es_ES","og:site_name":"El Digital de Asturias \u2013 Revista de ocio, turismo y estilo de vida","og:type":"article","og:title":"Promocionar\u00e1n el piment\u00f3n de Murcia en los vuelos nacionales e internacionales de Iberia | El Digital de Asturias","og:description":"'Un toque de color con mucho sabor' es el lema con el que este jueves se promocionar\u00e1 el piment\u00f3n de Murcia en todos los vuelos nacionales e internacionales de la compa\u00f1\u00eda Iberia desde el Aeropuerto Adolfo Su\u00e1rez Madrid-Barajas. La consejera de Agua, Agricultura y Medio Ambiente, Adela Mart\u00ednez-Cach\u00e1, ha explicado en la presentaci\u00f3n de la","og:url":"https:\/\/eldigitaldeasturias.com\/magazine365\/promocionaran-el-pimenton-de-murcia-en-los-vuelos-nacionales-e-internacionales-de-iberia\/","og:image":"https:\/\/eldigitaldeasturias.com\/magazine365\/wp-content\/uploads\/2016\/05\/fotonoticia_20160524123124_800.jpg","og:image:secure_url":"https:\/\/eldigitaldeasturias.com\/magazine365\/wp-content\/uploads\/2016\/05\/fotonoticia_20160524123124_800.jpg","og:image:width":800,"og:image:height":450,"article:published_time":"2016-05-24T21:13:17+00:00","article:modified_time":"2016-05-24T21:13:17+00:00","twitter:card":"summary_large_image","twitter:title":"Promocionar\u00e1n el piment\u00f3n de Murcia en los vuelos nacionales e internacionales de Iberia | El Digital de Asturias","twitter:description":"'Un toque de color con mucho sabor' es el lema con el que este jueves se promocionar\u00e1 el piment\u00f3n de Murcia en todos los vuelos nacionales e internacionales de la compa\u00f1\u00eda Iberia desde el Aeropuerto Adolfo Su\u00e1rez Madrid-Barajas. La consejera de Agua, Agricultura y Medio Ambiente, Adela Mart\u00ednez-Cach\u00e1, ha explicado en la presentaci\u00f3n de la","twitter:image":"https:\/\/eldigitaldeasturias.com\/magazine365\/wp-content\/uploads\/2016\/05\/fotonoticia_20160524123124_800.jpg"},"aioseo_meta_data":{"post_id":"76940","title":null,"description":null,"keywords":null,"keyphrases":null,"primary_term":null,"canonical_url":null,"og_title":null,"og_description":null,"og_object_type":"default","og_image_type":"default","og_image_url":null,"og_image_width":null,"og_image_height":null,"og_image_custom_url":null,"og_image_custom_fields":null,"og_video":null,"og_custom_url":null,"og_article_section":null,"og_article_tags":null,"twitter_use_og":false,"twitter_card":"default","twitter_image_type":"default","twitter_image_url":null,"twitter_image_custom_url":null,"twitter_image_custom_fields":null,"twitter_title":null,"twitter_description":null,"schema":{"blockGraphs":[],"customGraphs":[],"default":{"data":{"Article":[],"Course":[],"Dataset":[],"FAQPage":[],"Movie":[],"Person":[],"Product":[],"ProductReview":[],"Car":[],"Recipe":[],"Service":[],"SoftwareApplication":[],"WebPage":[]},"graphName":"","isEnabled":true},"graphs":[]},"schema_type":null,"schema_type_options":null,"pillar_content":false,"robots_default":true,"robots_noindex":false,"robots_noarchive":false,"robots_nosnippet":false,"robots_nofollow":false,"robots_noimageindex":false,"robots_noodp":false,"robots_notranslate":false,"robots_max_snippet":null,"robots_max_videopreview":null,"robots_max_imagepreview":"large","priority":null,"frequency":null,"location":null,"local_seo":null,"seo_analyzer_scan_date":"2025-09-27 13:42:56","breadcrumb_settings":null,"limit_modified_date":false,"open_ai":null,"ai":null,"created":"2021-03-08 18:21:48","updated":"2025-09-27 13:42:56"},"aioseo_breadcrumb":"<div class=\"aioseo-breadcrumbs\"><span class=\"aioseo-breadcrumb\">\n\t<a href=\"https:\/\/eldigitaldeasturias.com\/magazine365\" title=\"Home\">Home<\/a>\n<\/span><span class=\"aioseo-breadcrumb-separator\">\u2013<\/span><span class=\"aioseo-breadcrumb\">\n\t<a href=\"https:\/\/eldigitaldeasturias.com\/magazine365\/category\/noticias-actualidad\/\" title=\"Noticias y Actualidad\">Noticias y Actualidad<\/a>\n<\/span><span class=\"aioseo-breadcrumb-separator\">\u2013<\/span><span class=\"aioseo-breadcrumb\">\n\t<a href=\"https:\/\/eldigitaldeasturias.com\/magazine365\/promocionaran-el-pimenton-de-murcia-en-los-vuelos-nacionales-e-internacionales-de-iberia\/\" title=\"Promocionar\u00e1n el piment\u00f3n de Murcia en los vuelos nacionales e internacionales de Iberia\">Promocionar\u00e1n el piment\u00f3n de Murcia en los vuelos nacionales e internacionales de Iberia<\/a>\n<\/span><\/div>","aioseo_breadcrumb_json":[{"label":"Home","link":"https:\/\/eldigitaldeasturias.com\/magazine365"},{"label":"Noticias y Actualidad","link":"https:\/\/eldigitaldeasturias.com\/magazine365\/category\/noticias-actualidad\/"},{"label":"Promocionar\u00e1n el piment\u00f3n de Murcia en los vuelos nacionales e internacionales de Iberia","link":"https:\/\/eldigitaldeasturias.com\/magazine365\/promocionaran-el-pimenton-de-murcia-en-los-vuelos-nacionales-e-internacionales-de-iberia\/"}],"_links":{"self":[{"href":"https:\/\/eldigitaldeasturias.com\/magazine365\/wp-json\/wp\/v2\/posts\/76940","targetHints":{"allow":["GET"]}}],"collection":[{"href":"https:\/\/eldigitaldeasturias.com\/magazine365\/wp-json\/wp\/v2\/posts"}],"about":[{"href":"https:\/\/eldigitaldeasturias.com\/magazine365\/wp-json\/wp\/v2\/types\/post"}],"author":[{"embeddable":true,"href":"https:\/\/eldigitaldeasturias.com\/magazine365\/wp-json\/wp\/v2\/users\/1"}],"replies":[{"embeddable":true,"href":"https:\/\/eldigitaldeasturias.com\/magazine365\/wp-json\/wp\/v2\/comments?post=76940"}],"version-history":[{"count":0,"href":"https:\/\/eldigitaldeasturias.com\/magazine365\/wp-json\/wp\/v2\/posts\/76940\/revisions"}],"wp:featuredmedia":[{"embeddable":true,"href":"https:\/\/eldigitaldeasturias.com\/magazine365\/wp-json\/wp\/v2\/media\/76941"}],"wp:attachment":[{"href":"https:\/\/eldigitaldeasturias.com\/magazine365\/wp-json\/wp\/v2\/media?parent=76940"}],"wp:term":[{"taxonomy":"category","embeddable":true,"href":"https:\/\/eldigitaldeasturias.com\/magazine365\/wp-json\/wp\/v2\/categories?post=76940"},{"taxonomy":"post_tag","embeddable":true,"href":"https:\/\/eldigitaldeasturias.com\/magazine365\/wp-json\/wp\/v2\/tags?post=76940"}],"curies":[{"name":"wp","href":"https:\/\/api.w.org\/{rel}","templated":true}]}}