{"id":76937,"date":"2016-05-24T23:10:55","date_gmt":"2016-05-24T21:10:55","guid":{"rendered":"http:\/\/eldigitaldeasturias.com\/magazine365\/?p=76937"},"modified":"2016-05-24T23:10:55","modified_gmt":"2016-05-24T21:10:55","slug":"etihad-airways-firma-un-acuerdo-global-de-patrocinio-con-la-fashion-week","status":"publish","type":"post","link":"https:\/\/eldigitaldeasturias.com\/magazine365\/etihad-airways-firma-un-acuerdo-global-de-patrocinio-con-la-fashion-week\/","title":{"rendered":"Etihad Airways firma un acuerdo global de patrocinio con la Fashion Week"},"content":{"rendered":"<p><img fetchpriority=\"high\" decoding=\"async\" class=\"alignleft size-medium wp-image-76938\" src=\"https:\/\/eldigitaldeasturias.com\/magazine365\/wp-content\/uploads\/2016\/05\/fotonoticia_20160524122426_800-300x300.jpg\" alt=\"fotonoticia_20160524122426_800\" width=\"300\" height=\"300\" srcset=\"https:\/\/eldigitaldeasturias.com\/magazine365\/wp-content\/uploads\/2016\/05\/fotonoticia_20160524122426_800-300x300.jpg 300w, https:\/\/eldigitaldeasturias.com\/magazine365\/wp-content\/uploads\/2016\/05\/fotonoticia_20160524122426_800-640x640.jpg 640w, https:\/\/eldigitaldeasturias.com\/magazine365\/wp-content\/uploads\/2016\/05\/fotonoticia_20160524122426_800-768x768.jpg 768w, https:\/\/eldigitaldeasturias.com\/magazine365\/wp-content\/uploads\/2016\/05\/fotonoticia_20160524122426_800-150x150.jpg 150w, https:\/\/eldigitaldeasturias.com\/magazine365\/wp-content\/uploads\/2016\/05\/fotonoticia_20160524122426_800-450x450.jpg 450w, https:\/\/eldigitaldeasturias.com\/magazine365\/wp-content\/uploads\/2016\/05\/fotonoticia_20160524122426_800-50x50.jpg 50w, https:\/\/eldigitaldeasturias.com\/magazine365\/wp-content\/uploads\/2016\/05\/fotonoticia_20160524122426_800-301x300.jpg 301w, https:\/\/eldigitaldeasturias.com\/magazine365\/wp-content\/uploads\/2016\/05\/fotonoticia_20160524122426_800-135x135.jpg 135w, https:\/\/eldigitaldeasturias.com\/magazine365\/wp-content\/uploads\/2016\/05\/fotonoticia_20160524122426_800-100x100.jpg 100w, https:\/\/eldigitaldeasturias.com\/magazine365\/wp-content\/uploads\/2016\/05\/fotonoticia_20160524122426_800.jpg 800w\" sizes=\"(max-width: 300px) 100vw, 300px\" \/>Etihad Airways, la aerol\u00ednea nacional de los Emiratos \u00c1rabes Unidos, ha anunciado un nuevo acuerdo mundial integral con WME-IMG para convertirse en socio a largo plazo como patrocinador de la industria de la moda mediante el apoyo a 17 eventos de la Semana de la Moda en todo el mundo cada a\u00f1o.<\/p>\n<p>Seg\u00fan el acuerdo, el primero multinacional y de varios a\u00f1os de este tipo para una aerol\u00ednea, Etihad Airways se convertir\u00e1 en la compa\u00f1\u00eda a\u00e9rea oficial de los eventos de la semana de la moda en Nueva York, Londres, Mil\u00e1n, Berl\u00edn, Sydney y Bombay, inform\u00f3 la compa\u00f1\u00eda a\u00e9rea en un comunicado.<\/p>\n<p>Etihad Airways estrenar\u00e1 su patrocinio durante la Mercedes-Benz Fashion Week de Australia, del 15 al 20 de mayo en Sydney. A partir de ah\u00ed, patrocinar\u00e1 cinco eventos adicionales en 2016 (en Berl\u00edn, Bombay, Nueva York, Londres y Mil\u00e1n), antes de ampliarse a un total de 17 eventos de moda de hombres y mujeres en 2017.<\/p>\n<p>\u00abLas Fashion Weeks y Etihad Airways encajan muy bien como marca, ya que compartimos los mismos atributos de ser excepcionales, ambiciosos e innovadores. Estas caracter\u00edsticas se ejemplifican en nuestra reconocida oferta de servicio y hospitalidad. Como resultado de nuestro modelo de negocio, Etihad Airways Partners desvelar\u00e1 una amplia gama de emocionantes nuevas iniciativas de la moda para los hu\u00e9spedes en nuestro mercado de Abu Dabi y en todo el mundo\u00bb, ha firmado el presidente y consejero delegado de la compa\u00f1\u00eda, James Hogan<\/p>\n<p>Etihad Airways Partners, que incluye 7 l\u00edneas a\u00e9reas en las que posee participaciones minoritarias, tambi\u00e9n ser\u00e1 parte en el acuerdo de Etihad Airways con WME-IMG, cuya cartera incluye mas de 30 eventos de moda en todo el mundo y las empresas afiliadas IMG Models, Art + Commerce y The Wall Group, que gestionan los iconos de la moda a trav\u00e9s del modelaje , fotograf\u00eda y dise\u00f1o.<\/p>\n","protected":false},"excerpt":{"rendered":"<p>Etihad Airways, la aerol\u00ednea nacional de los Emiratos \u00c1rabes Unidos, ha anunciado un nuevo acuerdo mundial integral con WME-IMG para convertirse en socio a largo plazo como patrocinador de la industria de la moda mediante el apoyo a 17 eventos de la Semana de la Moda en todo el mundo cada a\u00f1o. Seg\u00fan el acuerdo,<\/p>\n","protected":false},"author":1,"featured_media":76938,"comment_status":"open","ping_status":"closed","sticky":false,"template":"","format":"standard","meta":{"footnotes":""},"categories":[224],"tags":[],"class_list":{"0":"post-76937","1":"post","2":"type-post","3":"status-publish","4":"format-standard","5":"has-post-thumbnail","7":"category-noticias-actualidad"},"aioseo_notices":[],"aioseo_head":"\n\t\t<!-- All in One SEO Pro 4.9.6.1 - aioseo.com -->\n\t<meta name=\"description\" content=\"Etihad Airways, la aerol\u00ednea nacional de los Emiratos \u00c1rabes Unidos, ha anunciado un nuevo acuerdo mundial integral con WME-IMG para convertirse en socio a largo plazo como patrocinador de la industria de la moda mediante el apoyo a 17 eventos de la Semana de la Moda en todo el mundo cada a\u00f1o. Seg\u00fan el acuerdo,\" \/>\n\t<meta name=\"robots\" content=\"max-image-preview:large\" \/>\n\t<meta name=\"author\" content=\"admin\"\/>\n\t<meta name=\"google-site-verification\" content=\"UA-38556648-1\" \/>\n\t<meta name=\"keywords\" content=\"noticias y actualidad\" \/>\n\t<link rel=\"canonical\" href=\"https:\/\/eldigitaldeasturias.com\/magazine365\/etihad-airways-firma-un-acuerdo-global-de-patrocinio-con-la-fashion-week\/\" \/>\n\t<meta name=\"generator\" content=\"All in One SEO Pro (AIOSEO) 4.9.6.1\" \/>\n\t\t<meta property=\"og:locale\" content=\"es_ES\" \/>\n\t\t<meta property=\"og:site_name\" content=\"El Digital de Asturias \u2013 Revista de ocio, turismo y estilo de vida\" \/>\n\t\t<meta property=\"og:type\" content=\"article\" \/>\n\t\t<meta property=\"og:title\" content=\"Etihad Airways firma un acuerdo global de patrocinio con la Fashion Week | El Digital de Asturias\" \/>\n\t\t<meta property=\"og:description\" content=\"Etihad Airways, la aerol\u00ednea nacional de los Emiratos \u00c1rabes Unidos, ha anunciado un nuevo acuerdo mundial integral con WME-IMG para convertirse en socio a largo plazo como patrocinador de la industria de la moda mediante el apoyo a 17 eventos de la Semana de la Moda en todo el mundo cada a\u00f1o. Seg\u00fan el acuerdo,\" \/>\n\t\t<meta property=\"og:url\" content=\"https:\/\/eldigitaldeasturias.com\/magazine365\/etihad-airways-firma-un-acuerdo-global-de-patrocinio-con-la-fashion-week\/\" \/>\n\t\t<meta property=\"og:image\" content=\"https:\/\/eldigitaldeasturias.com\/magazine365\/wp-content\/uploads\/2016\/05\/fotonoticia_20160524122426_800.jpg\" \/>\n\t\t<meta property=\"og:image:secure_url\" content=\"https:\/\/eldigitaldeasturias.com\/magazine365\/wp-content\/uploads\/2016\/05\/fotonoticia_20160524122426_800.jpg\" \/>\n\t\t<meta property=\"og:image:width\" content=\"800\" \/>\n\t\t<meta property=\"og:image:height\" content=\"800\" \/>\n\t\t<meta property=\"article:published_time\" content=\"2016-05-24T21:10:55+00:00\" \/>\n\t\t<meta property=\"article:modified_time\" content=\"2016-05-24T21:10:55+00:00\" \/>\n\t\t<meta name=\"twitter:card\" content=\"summary_large_image\" \/>\n\t\t<meta name=\"twitter:title\" content=\"Etihad Airways firma un acuerdo global de patrocinio con la Fashion Week | El Digital de Asturias\" \/>\n\t\t<meta name=\"twitter:description\" content=\"Etihad Airways, la aerol\u00ednea nacional de los Emiratos \u00c1rabes Unidos, ha anunciado un nuevo acuerdo mundial integral con WME-IMG para convertirse en socio a largo plazo como patrocinador de la industria de la moda mediante el apoyo a 17 eventos de la Semana de la Moda en todo el mundo cada a\u00f1o. Seg\u00fan el acuerdo,\" \/>\n\t\t<meta name=\"twitter:image\" content=\"https:\/\/eldigitaldeasturias.com\/magazine365\/wp-content\/uploads\/2016\/05\/fotonoticia_20160524122426_800.jpg\" \/>\n\t\t<script type=\"application\/ld+json\" class=\"aioseo-schema\">\n\t\t\t{\"@context\":\"https:\\\/\\\/schema.org\",\"@graph\":[{\"@type\":\"Article\",\"@id\":\"https:\\\/\\\/eldigitaldeasturias.com\\\/magazine365\\\/etihad-airways-firma-un-acuerdo-global-de-patrocinio-con-la-fashion-week\\\/#article\",\"name\":\"Etihad Airways firma un acuerdo global de patrocinio con la Fashion Week | El Digital de Asturias\",\"headline\":\"Etihad Airways firma un acuerdo global de patrocinio con la Fashion Week\",\"author\":{\"@id\":\"https:\\\/\\\/eldigitaldeasturias.com\\\/magazine365\\\/author\\\/admin\\\/#author\"},\"publisher\":{\"@id\":\"https:\\\/\\\/eldigitaldeasturias.com\\\/magazine365\\\/#organization\"},\"image\":{\"@type\":\"ImageObject\",\"url\":\"https:\\\/\\\/eldigitaldeasturias.com\\\/magazine365\\\/wp-content\\\/uploads\\\/2016\\\/05\\\/fotonoticia_20160524122426_800.jpg\",\"width\":800,\"height\":800},\"datePublished\":\"2016-05-24T23:10:55+02:00\",\"dateModified\":\"2016-05-24T23:10:55+02:00\",\"inLanguage\":\"es-ES\",\"mainEntityOfPage\":{\"@id\":\"https:\\\/\\\/eldigitaldeasturias.com\\\/magazine365\\\/etihad-airways-firma-un-acuerdo-global-de-patrocinio-con-la-fashion-week\\\/#webpage\"},\"isPartOf\":{\"@id\":\"https:\\\/\\\/eldigitaldeasturias.com\\\/magazine365\\\/etihad-airways-firma-un-acuerdo-global-de-patrocinio-con-la-fashion-week\\\/#webpage\"},\"articleSection\":\"Noticias y Actualidad\"},{\"@type\":\"BreadcrumbList\",\"@id\":\"https:\\\/\\\/eldigitaldeasturias.com\\\/magazine365\\\/etihad-airways-firma-un-acuerdo-global-de-patrocinio-con-la-fashion-week\\\/#breadcrumblist\",\"itemListElement\":[{\"@type\":\"ListItem\",\"@id\":\"https:\\\/\\\/eldigitaldeasturias.com\\\/magazine365#listItem\",\"position\":1,\"name\":\"Home\",\"item\":\"https:\\\/\\\/eldigitaldeasturias.com\\\/magazine365\",\"nextItem\":{\"@type\":\"ListItem\",\"@id\":\"https:\\\/\\\/eldigitaldeasturias.com\\\/magazine365\\\/category\\\/noticias-actualidad\\\/#listItem\",\"name\":\"Noticias y Actualidad\"}},{\"@type\":\"ListItem\",\"@id\":\"https:\\\/\\\/eldigitaldeasturias.com\\\/magazine365\\\/category\\\/noticias-actualidad\\\/#listItem\",\"position\":2,\"name\":\"Noticias y Actualidad\",\"item\":\"https:\\\/\\\/eldigitaldeasturias.com\\\/magazine365\\\/category\\\/noticias-actualidad\\\/\",\"nextItem\":{\"@type\":\"ListItem\",\"@id\":\"https:\\\/\\\/eldigitaldeasturias.com\\\/magazine365\\\/etihad-airways-firma-un-acuerdo-global-de-patrocinio-con-la-fashion-week\\\/#listItem\",\"name\":\"Etihad Airways firma un acuerdo global de patrocinio con la Fashion Week\"},\"previousItem\":{\"@type\":\"ListItem\",\"@id\":\"https:\\\/\\\/eldigitaldeasturias.com\\\/magazine365#listItem\",\"name\":\"Home\"}},{\"@type\":\"ListItem\",\"@id\":\"https:\\\/\\\/eldigitaldeasturias.com\\\/magazine365\\\/etihad-airways-firma-un-acuerdo-global-de-patrocinio-con-la-fashion-week\\\/#listItem\",\"position\":3,\"name\":\"Etihad Airways firma un acuerdo global de patrocinio con la Fashion Week\",\"previousItem\":{\"@type\":\"ListItem\",\"@id\":\"https:\\\/\\\/eldigitaldeasturias.com\\\/magazine365\\\/category\\\/noticias-actualidad\\\/#listItem\",\"name\":\"Noticias y Actualidad\"}}]},{\"@type\":\"Organization\",\"@id\":\"https:\\\/\\\/eldigitaldeasturias.com\\\/magazine365\\\/#organization\",\"name\":\"El digital de Asturias\",\"description\":\"Revista de ocio, turismo y estilo de vida\",\"url\":\"https:\\\/\\\/eldigitaldeasturias.com\\\/magazine365\\\/\",\"logo\":{\"@type\":\"ImageObject\",\"url\":\"https:\\\/\\\/www.eldigitaldeasturias.com\\\/noticias\\\/wp-content\\\/uploads\\\/2020\\\/12\\\/EDA.jpg\",\"@id\":\"https:\\\/\\\/eldigitaldeasturias.com\\\/magazine365\\\/etihad-airways-firma-un-acuerdo-global-de-patrocinio-con-la-fashion-week\\\/#organizationLogo\"},\"image\":{\"@id\":\"https:\\\/\\\/eldigitaldeasturias.com\\\/magazine365\\\/etihad-airways-firma-un-acuerdo-global-de-patrocinio-con-la-fashion-week\\\/#organizationLogo\"}},{\"@type\":\"Person\",\"@id\":\"https:\\\/\\\/eldigitaldeasturias.com\\\/magazine365\\\/author\\\/admin\\\/#author\",\"url\":\"https:\\\/\\\/eldigitaldeasturias.com\\\/magazine365\\\/author\\\/admin\\\/\",\"name\":\"admin\",\"image\":{\"@type\":\"ImageObject\",\"@id\":\"https:\\\/\\\/eldigitaldeasturias.com\\\/magazine365\\\/etihad-airways-firma-un-acuerdo-global-de-patrocinio-con-la-fashion-week\\\/#authorImage\",\"url\":\"https:\\\/\\\/eldigitaldeasturias.com\\\/magazine365\\\/wp-content\\\/litespeed\\\/avatar\\\/e571bcf59a0edd6fa6838245a470f2fe.jpg?ver=1777574230\",\"width\":96,\"height\":96,\"caption\":\"admin\"}},{\"@type\":\"WebPage\",\"@id\":\"https:\\\/\\\/eldigitaldeasturias.com\\\/magazine365\\\/etihad-airways-firma-un-acuerdo-global-de-patrocinio-con-la-fashion-week\\\/#webpage\",\"url\":\"https:\\\/\\\/eldigitaldeasturias.com\\\/magazine365\\\/etihad-airways-firma-un-acuerdo-global-de-patrocinio-con-la-fashion-week\\\/\",\"name\":\"Etihad Airways firma un acuerdo global de patrocinio con la Fashion Week | El Digital de Asturias\",\"description\":\"Etihad Airways, la aerol\\u00ednea nacional de los Emiratos \\u00c1rabes Unidos, ha anunciado un nuevo acuerdo mundial integral con WME-IMG para convertirse en socio a largo plazo como patrocinador de la industria de la moda mediante el apoyo a 17 eventos de la Semana de la Moda en todo el mundo cada a\\u00f1o. Seg\\u00fan el acuerdo,\",\"inLanguage\":\"es-ES\",\"isPartOf\":{\"@id\":\"https:\\\/\\\/eldigitaldeasturias.com\\\/magazine365\\\/#website\"},\"breadcrumb\":{\"@id\":\"https:\\\/\\\/eldigitaldeasturias.com\\\/magazine365\\\/etihad-airways-firma-un-acuerdo-global-de-patrocinio-con-la-fashion-week\\\/#breadcrumblist\"},\"author\":{\"@id\":\"https:\\\/\\\/eldigitaldeasturias.com\\\/magazine365\\\/author\\\/admin\\\/#author\"},\"creator\":{\"@id\":\"https:\\\/\\\/eldigitaldeasturias.com\\\/magazine365\\\/author\\\/admin\\\/#author\"},\"image\":{\"@type\":\"ImageObject\",\"url\":\"https:\\\/\\\/eldigitaldeasturias.com\\\/magazine365\\\/wp-content\\\/uploads\\\/2016\\\/05\\\/fotonoticia_20160524122426_800.jpg\",\"@id\":\"https:\\\/\\\/eldigitaldeasturias.com\\\/magazine365\\\/etihad-airways-firma-un-acuerdo-global-de-patrocinio-con-la-fashion-week\\\/#mainImage\",\"width\":800,\"height\":800},\"primaryImageOfPage\":{\"@id\":\"https:\\\/\\\/eldigitaldeasturias.com\\\/magazine365\\\/etihad-airways-firma-un-acuerdo-global-de-patrocinio-con-la-fashion-week\\\/#mainImage\"},\"datePublished\":\"2016-05-24T23:10:55+02:00\",\"dateModified\":\"2016-05-24T23:10:55+02:00\"},{\"@type\":\"WebSite\",\"@id\":\"https:\\\/\\\/eldigitaldeasturias.com\\\/magazine365\\\/#website\",\"url\":\"https:\\\/\\\/eldigitaldeasturias.com\\\/magazine365\\\/\",\"name\":\"El Digital de Asturias\",\"description\":\"Revista de ocio, turismo y estilo de vida\",\"inLanguage\":\"es-ES\",\"publisher\":{\"@id\":\"https:\\\/\\\/eldigitaldeasturias.com\\\/magazine365\\\/#organization\"}}]}\n\t\t<\/script>\n\t\t<!-- All in One SEO Pro -->\r\n\t\t<title>Etihad Airways firma un acuerdo global de patrocinio con la Fashion Week | El Digital de Asturias<\/title>\n\n","aioseo_head_json":{"title":"Etihad Airways firma un acuerdo global de patrocinio con la Fashion Week | El Digital de Asturias","description":"Etihad Airways, la aerol\u00ednea nacional de los Emiratos \u00c1rabes Unidos, ha anunciado un nuevo acuerdo mundial integral con WME-IMG para convertirse en socio a largo plazo como patrocinador de la industria de la moda mediante el apoyo a 17 eventos de la Semana de la Moda en todo el mundo cada a\u00f1o. Seg\u00fan el acuerdo,","canonical_url":"https:\/\/eldigitaldeasturias.com\/magazine365\/etihad-airways-firma-un-acuerdo-global-de-patrocinio-con-la-fashion-week\/","robots":"max-image-preview:large","keywords":"noticias y actualidad","webmasterTools":{"google-site-verification":"UA-38556648-1","miscellaneous":""},"schema":{"@context":"https:\/\/schema.org","@graph":[{"@type":"Article","@id":"https:\/\/eldigitaldeasturias.com\/magazine365\/etihad-airways-firma-un-acuerdo-global-de-patrocinio-con-la-fashion-week\/#article","name":"Etihad Airways firma un acuerdo global de patrocinio con la Fashion Week | El Digital de Asturias","headline":"Etihad Airways firma un acuerdo global de patrocinio con la Fashion Week","author":{"@id":"https:\/\/eldigitaldeasturias.com\/magazine365\/author\/admin\/#author"},"publisher":{"@id":"https:\/\/eldigitaldeasturias.com\/magazine365\/#organization"},"image":{"@type":"ImageObject","url":"https:\/\/eldigitaldeasturias.com\/magazine365\/wp-content\/uploads\/2016\/05\/fotonoticia_20160524122426_800.jpg","width":800,"height":800},"datePublished":"2016-05-24T23:10:55+02:00","dateModified":"2016-05-24T23:10:55+02:00","inLanguage":"es-ES","mainEntityOfPage":{"@id":"https:\/\/eldigitaldeasturias.com\/magazine365\/etihad-airways-firma-un-acuerdo-global-de-patrocinio-con-la-fashion-week\/#webpage"},"isPartOf":{"@id":"https:\/\/eldigitaldeasturias.com\/magazine365\/etihad-airways-firma-un-acuerdo-global-de-patrocinio-con-la-fashion-week\/#webpage"},"articleSection":"Noticias y Actualidad"},{"@type":"BreadcrumbList","@id":"https:\/\/eldigitaldeasturias.com\/magazine365\/etihad-airways-firma-un-acuerdo-global-de-patrocinio-con-la-fashion-week\/#breadcrumblist","itemListElement":[{"@type":"ListItem","@id":"https:\/\/eldigitaldeasturias.com\/magazine365#listItem","position":1,"name":"Home","item":"https:\/\/eldigitaldeasturias.com\/magazine365","nextItem":{"@type":"ListItem","@id":"https:\/\/eldigitaldeasturias.com\/magazine365\/category\/noticias-actualidad\/#listItem","name":"Noticias y Actualidad"}},{"@type":"ListItem","@id":"https:\/\/eldigitaldeasturias.com\/magazine365\/category\/noticias-actualidad\/#listItem","position":2,"name":"Noticias y Actualidad","item":"https:\/\/eldigitaldeasturias.com\/magazine365\/category\/noticias-actualidad\/","nextItem":{"@type":"ListItem","@id":"https:\/\/eldigitaldeasturias.com\/magazine365\/etihad-airways-firma-un-acuerdo-global-de-patrocinio-con-la-fashion-week\/#listItem","name":"Etihad Airways firma un acuerdo global de patrocinio con la Fashion Week"},"previousItem":{"@type":"ListItem","@id":"https:\/\/eldigitaldeasturias.com\/magazine365#listItem","name":"Home"}},{"@type":"ListItem","@id":"https:\/\/eldigitaldeasturias.com\/magazine365\/etihad-airways-firma-un-acuerdo-global-de-patrocinio-con-la-fashion-week\/#listItem","position":3,"name":"Etihad Airways firma un acuerdo global de patrocinio con la Fashion Week","previousItem":{"@type":"ListItem","@id":"https:\/\/eldigitaldeasturias.com\/magazine365\/category\/noticias-actualidad\/#listItem","name":"Noticias y Actualidad"}}]},{"@type":"Organization","@id":"https:\/\/eldigitaldeasturias.com\/magazine365\/#organization","name":"El digital de Asturias","description":"Revista de ocio, turismo y estilo de vida","url":"https:\/\/eldigitaldeasturias.com\/magazine365\/","logo":{"@type":"ImageObject","url":"https:\/\/www.eldigitaldeasturias.com\/noticias\/wp-content\/uploads\/2020\/12\/EDA.jpg","@id":"https:\/\/eldigitaldeasturias.com\/magazine365\/etihad-airways-firma-un-acuerdo-global-de-patrocinio-con-la-fashion-week\/#organizationLogo"},"image":{"@id":"https:\/\/eldigitaldeasturias.com\/magazine365\/etihad-airways-firma-un-acuerdo-global-de-patrocinio-con-la-fashion-week\/#organizationLogo"}},{"@type":"Person","@id":"https:\/\/eldigitaldeasturias.com\/magazine365\/author\/admin\/#author","url":"https:\/\/eldigitaldeasturias.com\/magazine365\/author\/admin\/","name":"admin","image":{"@type":"ImageObject","@id":"https:\/\/eldigitaldeasturias.com\/magazine365\/etihad-airways-firma-un-acuerdo-global-de-patrocinio-con-la-fashion-week\/#authorImage","url":"https:\/\/eldigitaldeasturias.com\/magazine365\/wp-content\/litespeed\/avatar\/e571bcf59a0edd6fa6838245a470f2fe.jpg?ver=1777574230","width":96,"height":96,"caption":"admin"}},{"@type":"WebPage","@id":"https:\/\/eldigitaldeasturias.com\/magazine365\/etihad-airways-firma-un-acuerdo-global-de-patrocinio-con-la-fashion-week\/#webpage","url":"https:\/\/eldigitaldeasturias.com\/magazine365\/etihad-airways-firma-un-acuerdo-global-de-patrocinio-con-la-fashion-week\/","name":"Etihad Airways firma un acuerdo global de patrocinio con la Fashion Week | El Digital de Asturias","description":"Etihad Airways, la aerol\u00ednea nacional de los Emiratos \u00c1rabes Unidos, ha anunciado un nuevo acuerdo mundial integral con WME-IMG para convertirse en socio a largo plazo como patrocinador de la industria de la moda mediante el apoyo a 17 eventos de la Semana de la Moda en todo el mundo cada a\u00f1o. Seg\u00fan el acuerdo,","inLanguage":"es-ES","isPartOf":{"@id":"https:\/\/eldigitaldeasturias.com\/magazine365\/#website"},"breadcrumb":{"@id":"https:\/\/eldigitaldeasturias.com\/magazine365\/etihad-airways-firma-un-acuerdo-global-de-patrocinio-con-la-fashion-week\/#breadcrumblist"},"author":{"@id":"https:\/\/eldigitaldeasturias.com\/magazine365\/author\/admin\/#author"},"creator":{"@id":"https:\/\/eldigitaldeasturias.com\/magazine365\/author\/admin\/#author"},"image":{"@type":"ImageObject","url":"https:\/\/eldigitaldeasturias.com\/magazine365\/wp-content\/uploads\/2016\/05\/fotonoticia_20160524122426_800.jpg","@id":"https:\/\/eldigitaldeasturias.com\/magazine365\/etihad-airways-firma-un-acuerdo-global-de-patrocinio-con-la-fashion-week\/#mainImage","width":800,"height":800},"primaryImageOfPage":{"@id":"https:\/\/eldigitaldeasturias.com\/magazine365\/etihad-airways-firma-un-acuerdo-global-de-patrocinio-con-la-fashion-week\/#mainImage"},"datePublished":"2016-05-24T23:10:55+02:00","dateModified":"2016-05-24T23:10:55+02:00"},{"@type":"WebSite","@id":"https:\/\/eldigitaldeasturias.com\/magazine365\/#website","url":"https:\/\/eldigitaldeasturias.com\/magazine365\/","name":"El Digital de Asturias","description":"Revista de ocio, turismo y estilo de vida","inLanguage":"es-ES","publisher":{"@id":"https:\/\/eldigitaldeasturias.com\/magazine365\/#organization"}}]},"og:locale":"es_ES","og:site_name":"El Digital de Asturias \u2013 Revista de ocio, turismo y estilo de vida","og:type":"article","og:title":"Etihad Airways firma un acuerdo global de patrocinio con la Fashion Week | El Digital de Asturias","og:description":"Etihad Airways, la aerol\u00ednea nacional de los Emiratos \u00c1rabes Unidos, ha anunciado un nuevo acuerdo mundial integral con WME-IMG para convertirse en socio a largo plazo como patrocinador de la industria de la moda mediante el apoyo a 17 eventos de la Semana de la Moda en todo el mundo cada a\u00f1o. Seg\u00fan el acuerdo,","og:url":"https:\/\/eldigitaldeasturias.com\/magazine365\/etihad-airways-firma-un-acuerdo-global-de-patrocinio-con-la-fashion-week\/","og:image":"https:\/\/eldigitaldeasturias.com\/magazine365\/wp-content\/uploads\/2016\/05\/fotonoticia_20160524122426_800.jpg","og:image:secure_url":"https:\/\/eldigitaldeasturias.com\/magazine365\/wp-content\/uploads\/2016\/05\/fotonoticia_20160524122426_800.jpg","og:image:width":800,"og:image:height":800,"article:published_time":"2016-05-24T21:10:55+00:00","article:modified_time":"2016-05-24T21:10:55+00:00","twitter:card":"summary_large_image","twitter:title":"Etihad Airways firma un acuerdo global de patrocinio con la Fashion Week | El Digital de Asturias","twitter:description":"Etihad Airways, la aerol\u00ednea nacional de los Emiratos \u00c1rabes Unidos, ha anunciado un nuevo acuerdo mundial integral con WME-IMG para convertirse en socio a largo plazo como patrocinador de la industria de la moda mediante el apoyo a 17 eventos de la Semana de la Moda en todo el mundo cada a\u00f1o. Seg\u00fan el acuerdo,","twitter:image":"https:\/\/eldigitaldeasturias.com\/magazine365\/wp-content\/uploads\/2016\/05\/fotonoticia_20160524122426_800.jpg"},"aioseo_meta_data":{"post_id":"76937","title":null,"description":null,"keywords":null,"keyphrases":null,"primary_term":null,"canonical_url":null,"og_title":null,"og_description":null,"og_object_type":"default","og_image_type":"default","og_image_url":null,"og_image_width":null,"og_image_height":null,"og_image_custom_url":null,"og_image_custom_fields":null,"og_video":null,"og_custom_url":null,"og_article_section":null,"og_article_tags":null,"twitter_use_og":false,"twitter_card":"default","twitter_image_type":"default","twitter_image_url":null,"twitter_image_custom_url":null,"twitter_image_custom_fields":null,"twitter_title":null,"twitter_description":null,"schema":{"blockGraphs":[],"customGraphs":[],"default":{"data":{"Article":[],"Course":[],"Dataset":[],"FAQPage":[],"Movie":[],"Person":[],"Product":[],"ProductReview":[],"Car":[],"Recipe":[],"Service":[],"SoftwareApplication":[],"WebPage":[]},"graphName":"","isEnabled":true},"graphs":[]},"schema_type":null,"schema_type_options":null,"pillar_content":false,"robots_default":true,"robots_noindex":false,"robots_noarchive":false,"robots_nosnippet":false,"robots_nofollow":false,"robots_noimageindex":false,"robots_noodp":false,"robots_notranslate":false,"robots_max_snippet":null,"robots_max_videopreview":null,"robots_max_imagepreview":"large","priority":null,"frequency":null,"location":null,"local_seo":null,"seo_analyzer_scan_date":"2025-09-27 13:42:54","breadcrumb_settings":null,"limit_modified_date":false,"open_ai":null,"ai":null,"created":"2021-03-08 18:21:48","updated":"2025-09-27 13:42:54"},"aioseo_breadcrumb":"<div class=\"aioseo-breadcrumbs\"><span class=\"aioseo-breadcrumb\">\n\t<a href=\"https:\/\/eldigitaldeasturias.com\/magazine365\" title=\"Home\">Home<\/a>\n<\/span><span class=\"aioseo-breadcrumb-separator\">\u2013<\/span><span class=\"aioseo-breadcrumb\">\n\t<a href=\"https:\/\/eldigitaldeasturias.com\/magazine365\/category\/noticias-actualidad\/\" title=\"Noticias y Actualidad\">Noticias y Actualidad<\/a>\n<\/span><span class=\"aioseo-breadcrumb-separator\">\u2013<\/span><span class=\"aioseo-breadcrumb\">\n\t<a href=\"https:\/\/eldigitaldeasturias.com\/magazine365\/etihad-airways-firma-un-acuerdo-global-de-patrocinio-con-la-fashion-week\/\" title=\"Etihad Airways firma un acuerdo global de patrocinio con la Fashion Week\">Etihad Airways firma un acuerdo global de patrocinio con la Fashion Week<\/a>\n<\/span><\/div>","aioseo_breadcrumb_json":[{"label":"Home","link":"https:\/\/eldigitaldeasturias.com\/magazine365"},{"label":"Noticias y Actualidad","link":"https:\/\/eldigitaldeasturias.com\/magazine365\/category\/noticias-actualidad\/"},{"label":"Etihad Airways firma un acuerdo global de patrocinio con la Fashion Week","link":"https:\/\/eldigitaldeasturias.com\/magazine365\/etihad-airways-firma-un-acuerdo-global-de-patrocinio-con-la-fashion-week\/"}],"_links":{"self":[{"href":"https:\/\/eldigitaldeasturias.com\/magazine365\/wp-json\/wp\/v2\/posts\/76937","targetHints":{"allow":["GET"]}}],"collection":[{"href":"https:\/\/eldigitaldeasturias.com\/magazine365\/wp-json\/wp\/v2\/posts"}],"about":[{"href":"https:\/\/eldigitaldeasturias.com\/magazine365\/wp-json\/wp\/v2\/types\/post"}],"author":[{"embeddable":true,"href":"https:\/\/eldigitaldeasturias.com\/magazine365\/wp-json\/wp\/v2\/users\/1"}],"replies":[{"embeddable":true,"href":"https:\/\/eldigitaldeasturias.com\/magazine365\/wp-json\/wp\/v2\/comments?post=76937"}],"version-history":[{"count":0,"href":"https:\/\/eldigitaldeasturias.com\/magazine365\/wp-json\/wp\/v2\/posts\/76937\/revisions"}],"wp:featuredmedia":[{"embeddable":true,"href":"https:\/\/eldigitaldeasturias.com\/magazine365\/wp-json\/wp\/v2\/media\/76938"}],"wp:attachment":[{"href":"https:\/\/eldigitaldeasturias.com\/magazine365\/wp-json\/wp\/v2\/media?parent=76937"}],"wp:term":[{"taxonomy":"category","embeddable":true,"href":"https:\/\/eldigitaldeasturias.com\/magazine365\/wp-json\/wp\/v2\/categories?post=76937"},{"taxonomy":"post_tag","embeddable":true,"href":"https:\/\/eldigitaldeasturias.com\/magazine365\/wp-json\/wp\/v2\/tags?post=76937"}],"curies":[{"name":"wp","href":"https:\/\/api.w.org\/{rel}","templated":true}]}}