{"id":76929,"date":"2016-05-24T22:54:42","date_gmt":"2016-05-24T20:54:42","guid":{"rendered":"http:\/\/eldigitaldeasturias.com\/magazine365\/?p=76929"},"modified":"2016-05-24T22:54:42","modified_gmt":"2016-05-24T20:54:42","slug":"los-pilotos-muestran-su-preocupacion-por-los-cada-vez-mas-frecuentes-incidentes-entre-vuelos-comerciales-y-drones","status":"publish","type":"post","link":"https:\/\/eldigitaldeasturias.com\/magazine365\/los-pilotos-muestran-su-preocupacion-por-los-cada-vez-mas-frecuentes-incidentes-entre-vuelos-comerciales-y-drones\/","title":{"rendered":"Los pilotos muestran su preocupaci\u00f3n por los \u00abcada vez m\u00e1s frecuentes incidentes\u00bb entre vuelos comerciales y &#8216;drones&#8217;"},"content":{"rendered":"<p><img fetchpriority=\"high\" decoding=\"async\" class=\"alignleft size-medium wp-image-76930\" src=\"https:\/\/eldigitaldeasturias.com\/magazine365\/wp-content\/uploads\/2016\/05\/fotonoticia_20160524113854_800-360x240.jpg\" alt=\"fotonoticia_20160524113854_800\" width=\"360\" height=\"240\" srcset=\"https:\/\/eldigitaldeasturias.com\/magazine365\/wp-content\/uploads\/2016\/05\/fotonoticia_20160524113854_800-360x240.jpg 360w, https:\/\/eldigitaldeasturias.com\/magazine365\/wp-content\/uploads\/2016\/05\/fotonoticia_20160524113854_800-650x433.jpg 650w, https:\/\/eldigitaldeasturias.com\/magazine365\/wp-content\/uploads\/2016\/05\/fotonoticia_20160524113854_800-768x512.jpg 768w, https:\/\/eldigitaldeasturias.com\/magazine365\/wp-content\/uploads\/2016\/05\/fotonoticia_20160524113854_800-150x100.jpg 150w, https:\/\/eldigitaldeasturias.com\/magazine365\/wp-content\/uploads\/2016\/05\/fotonoticia_20160524113854_800-450x300.jpg 450w, https:\/\/eldigitaldeasturias.com\/magazine365\/wp-content\/uploads\/2016\/05\/fotonoticia_20160524113854_800-101x66.jpg 101w, https:\/\/eldigitaldeasturias.com\/magazine365\/wp-content\/uploads\/2016\/05\/fotonoticia_20160524113854_800.jpg 800w\" sizes=\"(max-width: 360px) 100vw, 360px\" \/>El Colegio Oficial de Pilotos (Copac) ha manifestado hoy su preocupaci\u00f3n por los cada vez m\u00e1s frecuentes incidentes protagonizados por veh\u00edculos remotamente tripulados (RPAs), conocidos como &#8216;drones&#8217; que, incumpliendo la normativa vigente, operan en entornos aeroportuarios, comprometiendo la seguridad de los vuelos comerciales.<\/p>\n<p>El pasado s\u00e1bado en el aeropuerto de Loiu, en Bilbao, una aeronave procedente de Frankfurt se encontr\u00f3 con tres &#8216;drones&#8217; a unos 900 metros de altura durante la fase de aproximaci\u00f3n, lo que oblig\u00f3 al piloto a realizar una maniobra para esquivarlos y evitar un posible impacto.<\/p>\n<p>La ley establece que no est\u00e1 permitido volar un &#8216;dron&#8217; en un aeropuerto o en sus inmediaciones por el posible riesgo de colisi\u00f3n con otras aeronaves. Adem\u00e1s, debe estar siempre a la vista y no superar los 120 metros de altura, entre otros requisitos.<\/p>\n<p>En un comunicado, el \u00f3rgano colegial se\u00f1ala que este tipo de situaciones que ya se han producido en otros aeropuertos de Europa resultan \u00abmuy peligrosas\u00bb, ya que tanto el aterrizaje como el despegue son dos de las fases cr\u00edticas del vuelo y \u00abla concentraci\u00f3n de los pilotos ha de ser m\u00e1xima\u00bb.<\/p>\n<p>El impacto de un avi\u00f3n o un helic\u00f3ptero con un &#8216;dron&#8217; puede afectar al fuselaje o provocar da\u00f1os en partes sensibles de la aeronave, lo que podr\u00eda afectar seriamente a la seguridad del vuelo.<\/p>\n<p>MEDIDAS PREVENTIVAS.<\/p>\n<p>El Copac considera necesario que la Agencia Estatal de Seguridad A\u00e9rea (AESA) tome medidas preventivas, en base a un an\u00e1lisis de riesgos que eval\u00fae las consecuencias de una colisi\u00f3n y establezca los procedimientos oportunos para las tripulaciones. De igual forma, un registro o matriculaci\u00f3n de este tipo de aeronaves permitir\u00eda tener \u00abun mayor control\u00bb sobre su uso.<\/p>\n<p>Desde el Copac se recuerda que los &#8216;drones&#8217;, tanto con fines empresariales como con car\u00e1cter l\u00fadico, deben utilizarse de manera responsable y cumpliendo con la normativa existente, que contempla sanciones en caso de incumplimiento que pueden alcanzar los 225.000 euros.<\/p>\n","protected":false},"excerpt":{"rendered":"<p>El Colegio Oficial de Pilotos (Copac) ha manifestado hoy su preocupaci\u00f3n por los cada vez m\u00e1s frecuentes incidentes protagonizados por veh\u00edculos remotamente tripulados (RPAs), conocidos como &#8216;drones&#8217; que, incumpliendo la normativa vigente, operan en entornos aeroportuarios, comprometiendo la seguridad de los vuelos comerciales. El pasado s\u00e1bado en el aeropuerto de Loiu, en Bilbao, una aeronave<\/p>\n","protected":false},"author":1,"featured_media":76930,"comment_status":"open","ping_status":"closed","sticky":false,"template":"","format":"standard","meta":{"footnotes":""},"categories":[224],"tags":[],"class_list":{"0":"post-76929","1":"post","2":"type-post","3":"status-publish","4":"format-standard","5":"has-post-thumbnail","7":"category-noticias-actualidad"},"aioseo_notices":[],"aioseo_head":"\n\t\t<!-- All in One SEO Pro 4.9.6.1 - aioseo.com -->\n\t<meta name=\"description\" content=\"El Colegio Oficial de Pilotos (Copac) ha manifestado hoy su preocupaci\u00f3n por los cada vez m\u00e1s frecuentes incidentes protagonizados por veh\u00edculos remotamente tripulados (RPAs), conocidos como &#039;drones&#039; que, incumpliendo la normativa vigente, operan en entornos aeroportuarios, comprometiendo la seguridad de los vuelos comerciales. El pasado s\u00e1bado en el aeropuerto de Loiu, en Bilbao, una aeronave\" \/>\n\t<meta name=\"robots\" content=\"max-image-preview:large\" \/>\n\t<meta name=\"author\" content=\"admin\"\/>\n\t<meta name=\"google-site-verification\" content=\"UA-38556648-1\" \/>\n\t<meta name=\"keywords\" content=\"noticias y actualidad\" \/>\n\t<link rel=\"canonical\" href=\"https:\/\/eldigitaldeasturias.com\/magazine365\/los-pilotos-muestran-su-preocupacion-por-los-cada-vez-mas-frecuentes-incidentes-entre-vuelos-comerciales-y-drones\/\" \/>\n\t<meta name=\"generator\" content=\"All in One SEO Pro (AIOSEO) 4.9.6.1\" \/>\n\t\t<meta property=\"og:locale\" content=\"es_ES\" \/>\n\t\t<meta property=\"og:site_name\" content=\"El Digital de Asturias \u2013 Revista de ocio, turismo y estilo de vida\" \/>\n\t\t<meta property=\"og:type\" content=\"article\" \/>\n\t\t<meta property=\"og:title\" content=\"Los pilotos muestran su preocupaci\u00f3n por los \u00abcada vez m\u00e1s frecuentes incidentes\u00bb entre vuelos comerciales y \u2018drones\u2019 | El Digital de Asturias\" \/>\n\t\t<meta property=\"og:description\" content=\"El Colegio Oficial de Pilotos (Copac) ha manifestado hoy su preocupaci\u00f3n por los cada vez m\u00e1s frecuentes incidentes protagonizados por veh\u00edculos remotamente tripulados (RPAs), conocidos como &#039;drones&#039; que, incumpliendo la normativa vigente, operan en entornos aeroportuarios, comprometiendo la seguridad de los vuelos comerciales. El pasado s\u00e1bado en el aeropuerto de Loiu, en Bilbao, una aeronave\" \/>\n\t\t<meta property=\"og:url\" content=\"https:\/\/eldigitaldeasturias.com\/magazine365\/los-pilotos-muestran-su-preocupacion-por-los-cada-vez-mas-frecuentes-incidentes-entre-vuelos-comerciales-y-drones\/\" \/>\n\t\t<meta property=\"og:image\" content=\"https:\/\/eldigitaldeasturias.com\/magazine365\/wp-content\/uploads\/2016\/05\/fotonoticia_20160524113854_800.jpg\" \/>\n\t\t<meta property=\"og:image:secure_url\" content=\"https:\/\/eldigitaldeasturias.com\/magazine365\/wp-content\/uploads\/2016\/05\/fotonoticia_20160524113854_800.jpg\" \/>\n\t\t<meta property=\"og:image:width\" content=\"800\" \/>\n\t\t<meta property=\"og:image:height\" content=\"533\" \/>\n\t\t<meta property=\"article:published_time\" content=\"2016-05-24T20:54:42+00:00\" \/>\n\t\t<meta property=\"article:modified_time\" content=\"2016-05-24T20:54:42+00:00\" \/>\n\t\t<meta name=\"twitter:card\" content=\"summary_large_image\" \/>\n\t\t<meta name=\"twitter:title\" content=\"Los pilotos muestran su preocupaci\u00f3n por los \u00abcada vez m\u00e1s frecuentes incidentes\u00bb entre vuelos comerciales y \u2018drones\u2019 | El Digital de Asturias\" \/>\n\t\t<meta name=\"twitter:description\" content=\"El Colegio Oficial de Pilotos (Copac) ha manifestado hoy su preocupaci\u00f3n por los cada vez m\u00e1s frecuentes incidentes protagonizados por veh\u00edculos remotamente tripulados (RPAs), conocidos como &#039;drones&#039; que, incumpliendo la normativa vigente, operan en entornos aeroportuarios, comprometiendo la seguridad de los vuelos comerciales. El pasado s\u00e1bado en el aeropuerto de Loiu, en Bilbao, una aeronave\" \/>\n\t\t<meta name=\"twitter:image\" content=\"https:\/\/eldigitaldeasturias.com\/magazine365\/wp-content\/uploads\/2016\/05\/fotonoticia_20160524113854_800.jpg\" \/>\n\t\t<script type=\"application\/ld+json\" class=\"aioseo-schema\">\n\t\t\t{\"@context\":\"https:\\\/\\\/schema.org\",\"@graph\":[{\"@type\":\"Article\",\"@id\":\"https:\\\/\\\/eldigitaldeasturias.com\\\/magazine365\\\/los-pilotos-muestran-su-preocupacion-por-los-cada-vez-mas-frecuentes-incidentes-entre-vuelos-comerciales-y-drones\\\/#article\",\"name\":\"Los pilotos muestran su preocupaci\\u00f3n por los \\u00abcada vez m\\u00e1s frecuentes incidentes\\u00bb entre vuelos comerciales y \\u2018drones\\u2019 | El Digital de Asturias\",\"headline\":\"Los pilotos muestran su preocupaci\\u00f3n por los \\u00abcada vez m\\u00e1s frecuentes incidentes\\u00bb entre vuelos comerciales y &#8216;drones&#8217;\",\"author\":{\"@id\":\"https:\\\/\\\/eldigitaldeasturias.com\\\/magazine365\\\/author\\\/admin\\\/#author\"},\"publisher\":{\"@id\":\"https:\\\/\\\/eldigitaldeasturias.com\\\/magazine365\\\/#organization\"},\"image\":{\"@type\":\"ImageObject\",\"url\":\"https:\\\/\\\/eldigitaldeasturias.com\\\/magazine365\\\/wp-content\\\/uploads\\\/2016\\\/05\\\/fotonoticia_20160524113854_800.jpg\",\"width\":800,\"height\":533},\"datePublished\":\"2016-05-24T22:54:42+02:00\",\"dateModified\":\"2016-05-24T22:54:42+02:00\",\"inLanguage\":\"es-ES\",\"mainEntityOfPage\":{\"@id\":\"https:\\\/\\\/eldigitaldeasturias.com\\\/magazine365\\\/los-pilotos-muestran-su-preocupacion-por-los-cada-vez-mas-frecuentes-incidentes-entre-vuelos-comerciales-y-drones\\\/#webpage\"},\"isPartOf\":{\"@id\":\"https:\\\/\\\/eldigitaldeasturias.com\\\/magazine365\\\/los-pilotos-muestran-su-preocupacion-por-los-cada-vez-mas-frecuentes-incidentes-entre-vuelos-comerciales-y-drones\\\/#webpage\"},\"articleSection\":\"Noticias y Actualidad\"},{\"@type\":\"BreadcrumbList\",\"@id\":\"https:\\\/\\\/eldigitaldeasturias.com\\\/magazine365\\\/los-pilotos-muestran-su-preocupacion-por-los-cada-vez-mas-frecuentes-incidentes-entre-vuelos-comerciales-y-drones\\\/#breadcrumblist\",\"itemListElement\":[{\"@type\":\"ListItem\",\"@id\":\"https:\\\/\\\/eldigitaldeasturias.com\\\/magazine365#listItem\",\"position\":1,\"name\":\"Home\",\"item\":\"https:\\\/\\\/eldigitaldeasturias.com\\\/magazine365\",\"nextItem\":{\"@type\":\"ListItem\",\"@id\":\"https:\\\/\\\/eldigitaldeasturias.com\\\/magazine365\\\/category\\\/noticias-actualidad\\\/#listItem\",\"name\":\"Noticias y Actualidad\"}},{\"@type\":\"ListItem\",\"@id\":\"https:\\\/\\\/eldigitaldeasturias.com\\\/magazine365\\\/category\\\/noticias-actualidad\\\/#listItem\",\"position\":2,\"name\":\"Noticias y Actualidad\",\"item\":\"https:\\\/\\\/eldigitaldeasturias.com\\\/magazine365\\\/category\\\/noticias-actualidad\\\/\",\"nextItem\":{\"@type\":\"ListItem\",\"@id\":\"https:\\\/\\\/eldigitaldeasturias.com\\\/magazine365\\\/los-pilotos-muestran-su-preocupacion-por-los-cada-vez-mas-frecuentes-incidentes-entre-vuelos-comerciales-y-drones\\\/#listItem\",\"name\":\"Los pilotos muestran su preocupaci\\u00f3n por los \\u00abcada vez m\\u00e1s frecuentes incidentes\\u00bb entre vuelos comerciales y &#8216;drones&#8217;\"},\"previousItem\":{\"@type\":\"ListItem\",\"@id\":\"https:\\\/\\\/eldigitaldeasturias.com\\\/magazine365#listItem\",\"name\":\"Home\"}},{\"@type\":\"ListItem\",\"@id\":\"https:\\\/\\\/eldigitaldeasturias.com\\\/magazine365\\\/los-pilotos-muestran-su-preocupacion-por-los-cada-vez-mas-frecuentes-incidentes-entre-vuelos-comerciales-y-drones\\\/#listItem\",\"position\":3,\"name\":\"Los pilotos muestran su preocupaci\\u00f3n por los \\u00abcada vez m\\u00e1s frecuentes incidentes\\u00bb entre vuelos comerciales y &#8216;drones&#8217;\",\"previousItem\":{\"@type\":\"ListItem\",\"@id\":\"https:\\\/\\\/eldigitaldeasturias.com\\\/magazine365\\\/category\\\/noticias-actualidad\\\/#listItem\",\"name\":\"Noticias y Actualidad\"}}]},{\"@type\":\"Organization\",\"@id\":\"https:\\\/\\\/eldigitaldeasturias.com\\\/magazine365\\\/#organization\",\"name\":\"El digital de Asturias\",\"description\":\"Revista de ocio, turismo y estilo de vida\",\"url\":\"https:\\\/\\\/eldigitaldeasturias.com\\\/magazine365\\\/\",\"logo\":{\"@type\":\"ImageObject\",\"url\":\"https:\\\/\\\/www.eldigitaldeasturias.com\\\/noticias\\\/wp-content\\\/uploads\\\/2020\\\/12\\\/EDA.jpg\",\"@id\":\"https:\\\/\\\/eldigitaldeasturias.com\\\/magazine365\\\/los-pilotos-muestran-su-preocupacion-por-los-cada-vez-mas-frecuentes-incidentes-entre-vuelos-comerciales-y-drones\\\/#organizationLogo\"},\"image\":{\"@id\":\"https:\\\/\\\/eldigitaldeasturias.com\\\/magazine365\\\/los-pilotos-muestran-su-preocupacion-por-los-cada-vez-mas-frecuentes-incidentes-entre-vuelos-comerciales-y-drones\\\/#organizationLogo\"}},{\"@type\":\"Person\",\"@id\":\"https:\\\/\\\/eldigitaldeasturias.com\\\/magazine365\\\/author\\\/admin\\\/#author\",\"url\":\"https:\\\/\\\/eldigitaldeasturias.com\\\/magazine365\\\/author\\\/admin\\\/\",\"name\":\"admin\",\"image\":{\"@type\":\"ImageObject\",\"@id\":\"https:\\\/\\\/eldigitaldeasturias.com\\\/magazine365\\\/los-pilotos-muestran-su-preocupacion-por-los-cada-vez-mas-frecuentes-incidentes-entre-vuelos-comerciales-y-drones\\\/#authorImage\",\"url\":\"https:\\\/\\\/eldigitaldeasturias.com\\\/magazine365\\\/wp-content\\\/litespeed\\\/avatar\\\/e571bcf59a0edd6fa6838245a470f2fe.jpg?ver=1777574230\",\"width\":96,\"height\":96,\"caption\":\"admin\"}},{\"@type\":\"WebPage\",\"@id\":\"https:\\\/\\\/eldigitaldeasturias.com\\\/magazine365\\\/los-pilotos-muestran-su-preocupacion-por-los-cada-vez-mas-frecuentes-incidentes-entre-vuelos-comerciales-y-drones\\\/#webpage\",\"url\":\"https:\\\/\\\/eldigitaldeasturias.com\\\/magazine365\\\/los-pilotos-muestran-su-preocupacion-por-los-cada-vez-mas-frecuentes-incidentes-entre-vuelos-comerciales-y-drones\\\/\",\"name\":\"Los pilotos muestran su preocupaci\\u00f3n por los \\u00abcada vez m\\u00e1s frecuentes incidentes\\u00bb entre vuelos comerciales y \\u2018drones\\u2019 | El Digital de Asturias\",\"description\":\"El Colegio Oficial de Pilotos (Copac) ha manifestado hoy su preocupaci\\u00f3n por los cada vez m\\u00e1s frecuentes incidentes protagonizados por veh\\u00edculos remotamente tripulados (RPAs), conocidos como 'drones' que, incumpliendo la normativa vigente, operan en entornos aeroportuarios, comprometiendo la seguridad de los vuelos comerciales. El pasado s\\u00e1bado en el aeropuerto de Loiu, en Bilbao, una aeronave\",\"inLanguage\":\"es-ES\",\"isPartOf\":{\"@id\":\"https:\\\/\\\/eldigitaldeasturias.com\\\/magazine365\\\/#website\"},\"breadcrumb\":{\"@id\":\"https:\\\/\\\/eldigitaldeasturias.com\\\/magazine365\\\/los-pilotos-muestran-su-preocupacion-por-los-cada-vez-mas-frecuentes-incidentes-entre-vuelos-comerciales-y-drones\\\/#breadcrumblist\"},\"author\":{\"@id\":\"https:\\\/\\\/eldigitaldeasturias.com\\\/magazine365\\\/author\\\/admin\\\/#author\"},\"creator\":{\"@id\":\"https:\\\/\\\/eldigitaldeasturias.com\\\/magazine365\\\/author\\\/admin\\\/#author\"},\"image\":{\"@type\":\"ImageObject\",\"url\":\"https:\\\/\\\/eldigitaldeasturias.com\\\/magazine365\\\/wp-content\\\/uploads\\\/2016\\\/05\\\/fotonoticia_20160524113854_800.jpg\",\"@id\":\"https:\\\/\\\/eldigitaldeasturias.com\\\/magazine365\\\/los-pilotos-muestran-su-preocupacion-por-los-cada-vez-mas-frecuentes-incidentes-entre-vuelos-comerciales-y-drones\\\/#mainImage\",\"width\":800,\"height\":533},\"primaryImageOfPage\":{\"@id\":\"https:\\\/\\\/eldigitaldeasturias.com\\\/magazine365\\\/los-pilotos-muestran-su-preocupacion-por-los-cada-vez-mas-frecuentes-incidentes-entre-vuelos-comerciales-y-drones\\\/#mainImage\"},\"datePublished\":\"2016-05-24T22:54:42+02:00\",\"dateModified\":\"2016-05-24T22:54:42+02:00\"},{\"@type\":\"WebSite\",\"@id\":\"https:\\\/\\\/eldigitaldeasturias.com\\\/magazine365\\\/#website\",\"url\":\"https:\\\/\\\/eldigitaldeasturias.com\\\/magazine365\\\/\",\"name\":\"El Digital de Asturias\",\"description\":\"Revista de ocio, turismo y estilo de vida\",\"inLanguage\":\"es-ES\",\"publisher\":{\"@id\":\"https:\\\/\\\/eldigitaldeasturias.com\\\/magazine365\\\/#organization\"}}]}\n\t\t<\/script>\n\t\t<!-- All in One SEO Pro -->\r\n\t\t<title>Los pilotos muestran su preocupaci\u00f3n por los \u00abcada vez m\u00e1s frecuentes incidentes\u00bb entre vuelos comerciales y \u2018drones\u2019 | El Digital de Asturias<\/title>\n\n","aioseo_head_json":{"title":"Los pilotos muestran su preocupaci\u00f3n por los \u00abcada vez m\u00e1s frecuentes incidentes\u00bb entre vuelos comerciales y \u2018drones\u2019 | El Digital de Asturias","description":"El Colegio Oficial de Pilotos (Copac) ha manifestado hoy su preocupaci\u00f3n por los cada vez m\u00e1s frecuentes incidentes protagonizados por veh\u00edculos remotamente tripulados (RPAs), conocidos como 'drones' que, incumpliendo la normativa vigente, operan en entornos aeroportuarios, comprometiendo la seguridad de los vuelos comerciales. El pasado s\u00e1bado en el aeropuerto de Loiu, en Bilbao, una aeronave","canonical_url":"https:\/\/eldigitaldeasturias.com\/magazine365\/los-pilotos-muestran-su-preocupacion-por-los-cada-vez-mas-frecuentes-incidentes-entre-vuelos-comerciales-y-drones\/","robots":"max-image-preview:large","keywords":"noticias y actualidad","webmasterTools":{"google-site-verification":"UA-38556648-1","miscellaneous":""},"schema":{"@context":"https:\/\/schema.org","@graph":[{"@type":"Article","@id":"https:\/\/eldigitaldeasturias.com\/magazine365\/los-pilotos-muestran-su-preocupacion-por-los-cada-vez-mas-frecuentes-incidentes-entre-vuelos-comerciales-y-drones\/#article","name":"Los pilotos muestran su preocupaci\u00f3n por los \u00abcada vez m\u00e1s frecuentes incidentes\u00bb entre vuelos comerciales y \u2018drones\u2019 | El Digital de Asturias","headline":"Los pilotos muestran su preocupaci\u00f3n por los \u00abcada vez m\u00e1s frecuentes incidentes\u00bb entre vuelos comerciales y &#8216;drones&#8217;","author":{"@id":"https:\/\/eldigitaldeasturias.com\/magazine365\/author\/admin\/#author"},"publisher":{"@id":"https:\/\/eldigitaldeasturias.com\/magazine365\/#organization"},"image":{"@type":"ImageObject","url":"https:\/\/eldigitaldeasturias.com\/magazine365\/wp-content\/uploads\/2016\/05\/fotonoticia_20160524113854_800.jpg","width":800,"height":533},"datePublished":"2016-05-24T22:54:42+02:00","dateModified":"2016-05-24T22:54:42+02:00","inLanguage":"es-ES","mainEntityOfPage":{"@id":"https:\/\/eldigitaldeasturias.com\/magazine365\/los-pilotos-muestran-su-preocupacion-por-los-cada-vez-mas-frecuentes-incidentes-entre-vuelos-comerciales-y-drones\/#webpage"},"isPartOf":{"@id":"https:\/\/eldigitaldeasturias.com\/magazine365\/los-pilotos-muestran-su-preocupacion-por-los-cada-vez-mas-frecuentes-incidentes-entre-vuelos-comerciales-y-drones\/#webpage"},"articleSection":"Noticias y Actualidad"},{"@type":"BreadcrumbList","@id":"https:\/\/eldigitaldeasturias.com\/magazine365\/los-pilotos-muestran-su-preocupacion-por-los-cada-vez-mas-frecuentes-incidentes-entre-vuelos-comerciales-y-drones\/#breadcrumblist","itemListElement":[{"@type":"ListItem","@id":"https:\/\/eldigitaldeasturias.com\/magazine365#listItem","position":1,"name":"Home","item":"https:\/\/eldigitaldeasturias.com\/magazine365","nextItem":{"@type":"ListItem","@id":"https:\/\/eldigitaldeasturias.com\/magazine365\/category\/noticias-actualidad\/#listItem","name":"Noticias y Actualidad"}},{"@type":"ListItem","@id":"https:\/\/eldigitaldeasturias.com\/magazine365\/category\/noticias-actualidad\/#listItem","position":2,"name":"Noticias y Actualidad","item":"https:\/\/eldigitaldeasturias.com\/magazine365\/category\/noticias-actualidad\/","nextItem":{"@type":"ListItem","@id":"https:\/\/eldigitaldeasturias.com\/magazine365\/los-pilotos-muestran-su-preocupacion-por-los-cada-vez-mas-frecuentes-incidentes-entre-vuelos-comerciales-y-drones\/#listItem","name":"Los pilotos muestran su preocupaci\u00f3n por los \u00abcada vez m\u00e1s frecuentes incidentes\u00bb entre vuelos comerciales y &#8216;drones&#8217;"},"previousItem":{"@type":"ListItem","@id":"https:\/\/eldigitaldeasturias.com\/magazine365#listItem","name":"Home"}},{"@type":"ListItem","@id":"https:\/\/eldigitaldeasturias.com\/magazine365\/los-pilotos-muestran-su-preocupacion-por-los-cada-vez-mas-frecuentes-incidentes-entre-vuelos-comerciales-y-drones\/#listItem","position":3,"name":"Los pilotos muestran su preocupaci\u00f3n por los \u00abcada vez m\u00e1s frecuentes incidentes\u00bb entre vuelos comerciales y &#8216;drones&#8217;","previousItem":{"@type":"ListItem","@id":"https:\/\/eldigitaldeasturias.com\/magazine365\/category\/noticias-actualidad\/#listItem","name":"Noticias y Actualidad"}}]},{"@type":"Organization","@id":"https:\/\/eldigitaldeasturias.com\/magazine365\/#organization","name":"El digital de Asturias","description":"Revista de ocio, turismo y estilo de vida","url":"https:\/\/eldigitaldeasturias.com\/magazine365\/","logo":{"@type":"ImageObject","url":"https:\/\/www.eldigitaldeasturias.com\/noticias\/wp-content\/uploads\/2020\/12\/EDA.jpg","@id":"https:\/\/eldigitaldeasturias.com\/magazine365\/los-pilotos-muestran-su-preocupacion-por-los-cada-vez-mas-frecuentes-incidentes-entre-vuelos-comerciales-y-drones\/#organizationLogo"},"image":{"@id":"https:\/\/eldigitaldeasturias.com\/magazine365\/los-pilotos-muestran-su-preocupacion-por-los-cada-vez-mas-frecuentes-incidentes-entre-vuelos-comerciales-y-drones\/#organizationLogo"}},{"@type":"Person","@id":"https:\/\/eldigitaldeasturias.com\/magazine365\/author\/admin\/#author","url":"https:\/\/eldigitaldeasturias.com\/magazine365\/author\/admin\/","name":"admin","image":{"@type":"ImageObject","@id":"https:\/\/eldigitaldeasturias.com\/magazine365\/los-pilotos-muestran-su-preocupacion-por-los-cada-vez-mas-frecuentes-incidentes-entre-vuelos-comerciales-y-drones\/#authorImage","url":"https:\/\/eldigitaldeasturias.com\/magazine365\/wp-content\/litespeed\/avatar\/e571bcf59a0edd6fa6838245a470f2fe.jpg?ver=1777574230","width":96,"height":96,"caption":"admin"}},{"@type":"WebPage","@id":"https:\/\/eldigitaldeasturias.com\/magazine365\/los-pilotos-muestran-su-preocupacion-por-los-cada-vez-mas-frecuentes-incidentes-entre-vuelos-comerciales-y-drones\/#webpage","url":"https:\/\/eldigitaldeasturias.com\/magazine365\/los-pilotos-muestran-su-preocupacion-por-los-cada-vez-mas-frecuentes-incidentes-entre-vuelos-comerciales-y-drones\/","name":"Los pilotos muestran su preocupaci\u00f3n por los \u00abcada vez m\u00e1s frecuentes incidentes\u00bb entre vuelos comerciales y \u2018drones\u2019 | El Digital de Asturias","description":"El Colegio Oficial de Pilotos (Copac) ha manifestado hoy su preocupaci\u00f3n por los cada vez m\u00e1s frecuentes incidentes protagonizados por veh\u00edculos remotamente tripulados (RPAs), conocidos como 'drones' que, incumpliendo la normativa vigente, operan en entornos aeroportuarios, comprometiendo la seguridad de los vuelos comerciales. El pasado s\u00e1bado en el aeropuerto de Loiu, en Bilbao, una aeronave","inLanguage":"es-ES","isPartOf":{"@id":"https:\/\/eldigitaldeasturias.com\/magazine365\/#website"},"breadcrumb":{"@id":"https:\/\/eldigitaldeasturias.com\/magazine365\/los-pilotos-muestran-su-preocupacion-por-los-cada-vez-mas-frecuentes-incidentes-entre-vuelos-comerciales-y-drones\/#breadcrumblist"},"author":{"@id":"https:\/\/eldigitaldeasturias.com\/magazine365\/author\/admin\/#author"},"creator":{"@id":"https:\/\/eldigitaldeasturias.com\/magazine365\/author\/admin\/#author"},"image":{"@type":"ImageObject","url":"https:\/\/eldigitaldeasturias.com\/magazine365\/wp-content\/uploads\/2016\/05\/fotonoticia_20160524113854_800.jpg","@id":"https:\/\/eldigitaldeasturias.com\/magazine365\/los-pilotos-muestran-su-preocupacion-por-los-cada-vez-mas-frecuentes-incidentes-entre-vuelos-comerciales-y-drones\/#mainImage","width":800,"height":533},"primaryImageOfPage":{"@id":"https:\/\/eldigitaldeasturias.com\/magazine365\/los-pilotos-muestran-su-preocupacion-por-los-cada-vez-mas-frecuentes-incidentes-entre-vuelos-comerciales-y-drones\/#mainImage"},"datePublished":"2016-05-24T22:54:42+02:00","dateModified":"2016-05-24T22:54:42+02:00"},{"@type":"WebSite","@id":"https:\/\/eldigitaldeasturias.com\/magazine365\/#website","url":"https:\/\/eldigitaldeasturias.com\/magazine365\/","name":"El Digital de Asturias","description":"Revista de ocio, turismo y estilo de vida","inLanguage":"es-ES","publisher":{"@id":"https:\/\/eldigitaldeasturias.com\/magazine365\/#organization"}}]},"og:locale":"es_ES","og:site_name":"El Digital de Asturias \u2013 Revista de ocio, turismo y estilo de vida","og:type":"article","og:title":"Los pilotos muestran su preocupaci\u00f3n por los \u00abcada vez m\u00e1s frecuentes incidentes\u00bb entre vuelos comerciales y \u2018drones\u2019 | El Digital de Asturias","og:description":"El Colegio Oficial de Pilotos (Copac) ha manifestado hoy su preocupaci\u00f3n por los cada vez m\u00e1s frecuentes incidentes protagonizados por veh\u00edculos remotamente tripulados (RPAs), conocidos como 'drones' que, incumpliendo la normativa vigente, operan en entornos aeroportuarios, comprometiendo la seguridad de los vuelos comerciales. El pasado s\u00e1bado en el aeropuerto de Loiu, en Bilbao, una aeronave","og:url":"https:\/\/eldigitaldeasturias.com\/magazine365\/los-pilotos-muestran-su-preocupacion-por-los-cada-vez-mas-frecuentes-incidentes-entre-vuelos-comerciales-y-drones\/","og:image":"https:\/\/eldigitaldeasturias.com\/magazine365\/wp-content\/uploads\/2016\/05\/fotonoticia_20160524113854_800.jpg","og:image:secure_url":"https:\/\/eldigitaldeasturias.com\/magazine365\/wp-content\/uploads\/2016\/05\/fotonoticia_20160524113854_800.jpg","og:image:width":800,"og:image:height":533,"article:published_time":"2016-05-24T20:54:42+00:00","article:modified_time":"2016-05-24T20:54:42+00:00","twitter:card":"summary_large_image","twitter:title":"Los pilotos muestran su preocupaci\u00f3n por los \u00abcada vez m\u00e1s frecuentes incidentes\u00bb entre vuelos comerciales y \u2018drones\u2019 | El Digital de Asturias","twitter:description":"El Colegio Oficial de Pilotos (Copac) ha manifestado hoy su preocupaci\u00f3n por los cada vez m\u00e1s frecuentes incidentes protagonizados por veh\u00edculos remotamente tripulados (RPAs), conocidos como 'drones' que, incumpliendo la normativa vigente, operan en entornos aeroportuarios, comprometiendo la seguridad de los vuelos comerciales. El pasado s\u00e1bado en el aeropuerto de Loiu, en Bilbao, una aeronave","twitter:image":"https:\/\/eldigitaldeasturias.com\/magazine365\/wp-content\/uploads\/2016\/05\/fotonoticia_20160524113854_800.jpg"},"aioseo_meta_data":{"post_id":"76929","title":null,"description":null,"keywords":null,"keyphrases":null,"primary_term":null,"canonical_url":null,"og_title":null,"og_description":null,"og_object_type":"default","og_image_type":"default","og_image_url":null,"og_image_width":null,"og_image_height":null,"og_image_custom_url":null,"og_image_custom_fields":null,"og_video":null,"og_custom_url":null,"og_article_section":null,"og_article_tags":null,"twitter_use_og":false,"twitter_card":"default","twitter_image_type":"default","twitter_image_url":null,"twitter_image_custom_url":null,"twitter_image_custom_fields":null,"twitter_title":null,"twitter_description":null,"schema":{"blockGraphs":[],"customGraphs":[],"default":{"data":{"Article":[],"Course":[],"Dataset":[],"FAQPage":[],"Movie":[],"Person":[],"Product":[],"ProductReview":[],"Car":[],"Recipe":[],"Service":[],"SoftwareApplication":[],"WebPage":[]},"graphName":"","isEnabled":true},"graphs":[],"defaultGraph":"","defaultPostTypeGraph":""},"schema_type":null,"schema_type_options":null,"pillar_content":false,"robots_default":true,"robots_noindex":false,"robots_noarchive":false,"robots_nosnippet":false,"robots_nofollow":false,"robots_noimageindex":false,"robots_noodp":false,"robots_notranslate":false,"robots_max_snippet":null,"robots_max_videopreview":null,"robots_max_imagepreview":"large","priority":null,"frequency":null,"location":null,"local_seo":null,"seo_analyzer_scan_date":"2025-09-27 13:42:51","breadcrumb_settings":null,"limit_modified_date":false,"open_ai":null,"ai":null,"created":"2021-03-08 18:21:48","updated":"2025-09-27 13:42:51"},"aioseo_breadcrumb":"<div class=\"aioseo-breadcrumbs\"><span class=\"aioseo-breadcrumb\">\n\t<a href=\"https:\/\/eldigitaldeasturias.com\/magazine365\" title=\"Home\">Home<\/a>\n<\/span><span class=\"aioseo-breadcrumb-separator\">\u2013<\/span><span class=\"aioseo-breadcrumb\">\n\t<a href=\"https:\/\/eldigitaldeasturias.com\/magazine365\/category\/noticias-actualidad\/\" title=\"Noticias y Actualidad\">Noticias y Actualidad<\/a>\n<\/span><span class=\"aioseo-breadcrumb-separator\">\u2013<\/span><span class=\"aioseo-breadcrumb\">\n\t<a href=\"https:\/\/eldigitaldeasturias.com\/magazine365\/los-pilotos-muestran-su-preocupacion-por-los-cada-vez-mas-frecuentes-incidentes-entre-vuelos-comerciales-y-drones\/\" title=\"Los pilotos muestran su preocupaci\u00f3n por los \u00abcada vez m\u00e1s frecuentes incidentes\u00bb entre vuelos comerciales y \u2018drones\u2019\">Los pilotos muestran su preocupaci\u00f3n por los \u00abcada vez m\u00e1s frecuentes incidentes\u00bb entre vuelos comerciales y \u2018drones\u2019<\/a>\n<\/span><\/div>","aioseo_breadcrumb_json":[{"label":"Home","link":"https:\/\/eldigitaldeasturias.com\/magazine365"},{"label":"Noticias y Actualidad","link":"https:\/\/eldigitaldeasturias.com\/magazine365\/category\/noticias-actualidad\/"},{"label":"Los pilotos muestran su preocupaci\u00f3n por los \u00abcada vez m\u00e1s frecuentes incidentes\u00bb entre vuelos comerciales y &#8216;drones&#8217;","link":"https:\/\/eldigitaldeasturias.com\/magazine365\/los-pilotos-muestran-su-preocupacion-por-los-cada-vez-mas-frecuentes-incidentes-entre-vuelos-comerciales-y-drones\/"}],"_links":{"self":[{"href":"https:\/\/eldigitaldeasturias.com\/magazine365\/wp-json\/wp\/v2\/posts\/76929","targetHints":{"allow":["GET"]}}],"collection":[{"href":"https:\/\/eldigitaldeasturias.com\/magazine365\/wp-json\/wp\/v2\/posts"}],"about":[{"href":"https:\/\/eldigitaldeasturias.com\/magazine365\/wp-json\/wp\/v2\/types\/post"}],"author":[{"embeddable":true,"href":"https:\/\/eldigitaldeasturias.com\/magazine365\/wp-json\/wp\/v2\/users\/1"}],"replies":[{"embeddable":true,"href":"https:\/\/eldigitaldeasturias.com\/magazine365\/wp-json\/wp\/v2\/comments?post=76929"}],"version-history":[{"count":0,"href":"https:\/\/eldigitaldeasturias.com\/magazine365\/wp-json\/wp\/v2\/posts\/76929\/revisions"}],"wp:featuredmedia":[{"embeddable":true,"href":"https:\/\/eldigitaldeasturias.com\/magazine365\/wp-json\/wp\/v2\/media\/76930"}],"wp:attachment":[{"href":"https:\/\/eldigitaldeasturias.com\/magazine365\/wp-json\/wp\/v2\/media?parent=76929"}],"wp:term":[{"taxonomy":"category","embeddable":true,"href":"https:\/\/eldigitaldeasturias.com\/magazine365\/wp-json\/wp\/v2\/categories?post=76929"},{"taxonomy":"post_tag","embeddable":true,"href":"https:\/\/eldigitaldeasturias.com\/magazine365\/wp-json\/wp\/v2\/tags?post=76929"}],"curies":[{"name":"wp","href":"https:\/\/api.w.org\/{rel}","templated":true}]}}