{"id":76926,"date":"2016-05-24T22:53:47","date_gmt":"2016-05-24T20:53:47","guid":{"rendered":"http:\/\/eldigitaldeasturias.com\/magazine365\/?p=76926"},"modified":"2016-05-24T22:53:47","modified_gmt":"2016-05-24T20:53:47","slug":"la-demanda-para-viajar-a-milan-este-fin-de-semana-crece-en-un-270-segun-expedia","status":"publish","type":"post","link":"https:\/\/eldigitaldeasturias.com\/magazine365\/la-demanda-para-viajar-a-milan-este-fin-de-semana-crece-en-un-270-segun-expedia\/","title":{"rendered":"La demanda para viajar a Mil\u00e1n este fin de semana crece en un 270%, seg\u00fan Expedia"},"content":{"rendered":"<p><img fetchpriority=\"high\" decoding=\"async\" class=\"alignleft size-medium wp-image-76927\" src=\"https:\/\/eldigitaldeasturias.com\/magazine365\/wp-content\/uploads\/2016\/05\/fotonoticia_20160524112154_800-360x216.jpg\" alt=\"fotonoticia_20160524112154_800\" width=\"360\" height=\"216\" srcset=\"https:\/\/eldigitaldeasturias.com\/magazine365\/wp-content\/uploads\/2016\/05\/fotonoticia_20160524112154_800-360x216.jpg 360w, https:\/\/eldigitaldeasturias.com\/magazine365\/wp-content\/uploads\/2016\/05\/fotonoticia_20160524112154_800-650x390.jpg 650w, https:\/\/eldigitaldeasturias.com\/magazine365\/wp-content\/uploads\/2016\/05\/fotonoticia_20160524112154_800-768x461.jpg 768w, https:\/\/eldigitaldeasturias.com\/magazine365\/wp-content\/uploads\/2016\/05\/fotonoticia_20160524112154_800-150x90.jpg 150w, https:\/\/eldigitaldeasturias.com\/magazine365\/wp-content\/uploads\/2016\/05\/fotonoticia_20160524112154_800-450x270.jpg 450w, https:\/\/eldigitaldeasturias.com\/magazine365\/wp-content\/uploads\/2016\/05\/fotonoticia_20160524112154_800.jpg 800w\" sizes=\"(max-width: 360px) 100vw, 360px\" \/>La demanda para viajar a Mil\u00e1n este fin de semana crece en un 270%, seg\u00fan datos de la agencia de viajes &#8216;online&#8217; Expedia que asegura que la capital de la moda se convertir\u00e1 este fin de semana en la capital del f\u00fatbol.<\/p>\n<p>Este s\u00e1bado 28 de mayo el estadio de San Siro en Mil\u00e1n recibir\u00e1 a dos equipos espa\u00f1oles: Real Madrid y Atl\u00e9tico de Madrid que disputar\u00e1n la final de la Champion League. Por ello las reservas para hospedarse en Mil\u00e1n del 27 al 29 de mayo casi se han triplicado en comparaci\u00f3n con el 2015.<\/p>\n<p>\u00abItalia siempre ha sido un destino atractivo para los viajeros espa\u00f1oles, entre las ciudades m\u00e1s demandadas suelen destacar Roma y Venecia, pero este fin de semana la victoria se la ha llevado Mil\u00e1n,\u00bb explic\u00f3 el director para Espa\u00f1a de Expedia, Fabrizio Giulio.<\/p>\n<p>Seg\u00fan explican desde la agencia de viajes desde que los dos equipos madrile\u00f1os pasaron a la final, las reservas han ido increment\u00e1ndose hasta casi triplicarse en pocos d\u00edas.<\/p>\n<p>Cada uno de los clubes madrile\u00f1os cuenta con una asignaci\u00f3n de 20.000 entradas, con lo que se espera que el estadio San Siro de Mil\u00e1n, con capacidad para m\u00e1s de 81.000 espectadores, cuente con una gran asistencia de p\u00fablico espa\u00f1ol.<\/p>\n<p>El fuerte incremento en la demanda tambi\u00e9n se ve reflejado en el coste medio por noche de alojamiento. Expedia.es, ha registrado un aumento de m\u00e1s del 300% de la tarifa media por noche en los hoteles de Mil\u00e1n y sus alrededores.<\/p>\n","protected":false},"excerpt":{"rendered":"<p>La demanda para viajar a Mil\u00e1n este fin de semana crece en un 270%, seg\u00fan datos de la agencia de viajes &#8216;online&#8217; Expedia que asegura que la capital de la moda se convertir\u00e1 este fin de semana en la capital del f\u00fatbol. Este s\u00e1bado 28 de mayo el estadio de San Siro en Mil\u00e1n recibir\u00e1<\/p>\n","protected":false},"author":1,"featured_media":76927,"comment_status":"open","ping_status":"closed","sticky":false,"template":"","format":"standard","meta":{"footnotes":""},"categories":[224],"tags":[],"class_list":{"0":"post-76926","1":"post","2":"type-post","3":"status-publish","4":"format-standard","5":"has-post-thumbnail","7":"category-noticias-actualidad"},"aioseo_notices":[],"aioseo_head":"\n\t\t<!-- All in One SEO Pro 4.9.6.1 - aioseo.com -->\n\t<meta name=\"description\" content=\"La demanda para viajar a Mil\u00e1n este fin de semana crece en un 270%, seg\u00fan datos de la agencia de viajes &#039;online&#039; Expedia que asegura que la capital de la moda se convertir\u00e1 este fin de semana en la capital del f\u00fatbol. Este s\u00e1bado 28 de mayo el estadio de San Siro en Mil\u00e1n recibir\u00e1\" \/>\n\t<meta name=\"robots\" content=\"max-image-preview:large\" \/>\n\t<meta name=\"author\" content=\"admin\"\/>\n\t<meta name=\"google-site-verification\" content=\"UA-38556648-1\" \/>\n\t<meta name=\"keywords\" content=\"noticias y actualidad\" \/>\n\t<link rel=\"canonical\" href=\"https:\/\/eldigitaldeasturias.com\/magazine365\/la-demanda-para-viajar-a-milan-este-fin-de-semana-crece-en-un-270-segun-expedia\/\" \/>\n\t<meta name=\"generator\" content=\"All in One SEO Pro (AIOSEO) 4.9.6.1\" \/>\n\t\t<meta property=\"og:locale\" content=\"es_ES\" \/>\n\t\t<meta property=\"og:site_name\" content=\"El Digital de Asturias \u2013 Revista de ocio, turismo y estilo de vida\" \/>\n\t\t<meta property=\"og:type\" content=\"article\" \/>\n\t\t<meta property=\"og:title\" content=\"La demanda para viajar a Mil\u00e1n este fin de semana crece en un 270%, seg\u00fan Expedia | El Digital de Asturias\" \/>\n\t\t<meta property=\"og:description\" content=\"La demanda para viajar a Mil\u00e1n este fin de semana crece en un 270%, seg\u00fan datos de la agencia de viajes &#039;online&#039; Expedia que asegura que la capital de la moda se convertir\u00e1 este fin de semana en la capital del f\u00fatbol. Este s\u00e1bado 28 de mayo el estadio de San Siro en Mil\u00e1n recibir\u00e1\" \/>\n\t\t<meta property=\"og:url\" content=\"https:\/\/eldigitaldeasturias.com\/magazine365\/la-demanda-para-viajar-a-milan-este-fin-de-semana-crece-en-un-270-segun-expedia\/\" \/>\n\t\t<meta property=\"og:image\" content=\"https:\/\/eldigitaldeasturias.com\/magazine365\/wp-content\/uploads\/2016\/05\/fotonoticia_20160524112154_800.jpg\" \/>\n\t\t<meta property=\"og:image:secure_url\" content=\"https:\/\/eldigitaldeasturias.com\/magazine365\/wp-content\/uploads\/2016\/05\/fotonoticia_20160524112154_800.jpg\" \/>\n\t\t<meta property=\"og:image:width\" content=\"800\" \/>\n\t\t<meta property=\"og:image:height\" content=\"480\" \/>\n\t\t<meta property=\"article:published_time\" content=\"2016-05-24T20:53:47+00:00\" \/>\n\t\t<meta property=\"article:modified_time\" content=\"2016-05-24T20:53:47+00:00\" \/>\n\t\t<meta name=\"twitter:card\" content=\"summary_large_image\" \/>\n\t\t<meta name=\"twitter:title\" content=\"La demanda para viajar a Mil\u00e1n este fin de semana crece en un 270%, seg\u00fan Expedia | El Digital de Asturias\" \/>\n\t\t<meta name=\"twitter:description\" content=\"La demanda para viajar a Mil\u00e1n este fin de semana crece en un 270%, seg\u00fan datos de la agencia de viajes &#039;online&#039; Expedia que asegura que la capital de la moda se convertir\u00e1 este fin de semana en la capital del f\u00fatbol. Este s\u00e1bado 28 de mayo el estadio de San Siro en Mil\u00e1n recibir\u00e1\" \/>\n\t\t<meta name=\"twitter:image\" content=\"https:\/\/eldigitaldeasturias.com\/magazine365\/wp-content\/uploads\/2016\/05\/fotonoticia_20160524112154_800.jpg\" \/>\n\t\t<script type=\"application\/ld+json\" class=\"aioseo-schema\">\n\t\t\t{\"@context\":\"https:\\\/\\\/schema.org\",\"@graph\":[{\"@type\":\"Article\",\"@id\":\"https:\\\/\\\/eldigitaldeasturias.com\\\/magazine365\\\/la-demanda-para-viajar-a-milan-este-fin-de-semana-crece-en-un-270-segun-expedia\\\/#article\",\"name\":\"La demanda para viajar a Mil\\u00e1n este fin de semana crece en un 270%, seg\\u00fan Expedia | El Digital de Asturias\",\"headline\":\"La demanda para viajar a Mil\\u00e1n este fin de semana crece en un 270%, seg\\u00fan Expedia\",\"author\":{\"@id\":\"https:\\\/\\\/eldigitaldeasturias.com\\\/magazine365\\\/author\\\/admin\\\/#author\"},\"publisher\":{\"@id\":\"https:\\\/\\\/eldigitaldeasturias.com\\\/magazine365\\\/#organization\"},\"image\":{\"@type\":\"ImageObject\",\"url\":\"https:\\\/\\\/eldigitaldeasturias.com\\\/magazine365\\\/wp-content\\\/uploads\\\/2016\\\/05\\\/fotonoticia_20160524112154_800.jpg\",\"width\":800,\"height\":480},\"datePublished\":\"2016-05-24T22:53:47+02:00\",\"dateModified\":\"2016-05-24T22:53:47+02:00\",\"inLanguage\":\"es-ES\",\"mainEntityOfPage\":{\"@id\":\"https:\\\/\\\/eldigitaldeasturias.com\\\/magazine365\\\/la-demanda-para-viajar-a-milan-este-fin-de-semana-crece-en-un-270-segun-expedia\\\/#webpage\"},\"isPartOf\":{\"@id\":\"https:\\\/\\\/eldigitaldeasturias.com\\\/magazine365\\\/la-demanda-para-viajar-a-milan-este-fin-de-semana-crece-en-un-270-segun-expedia\\\/#webpage\"},\"articleSection\":\"Noticias y Actualidad\"},{\"@type\":\"BreadcrumbList\",\"@id\":\"https:\\\/\\\/eldigitaldeasturias.com\\\/magazine365\\\/la-demanda-para-viajar-a-milan-este-fin-de-semana-crece-en-un-270-segun-expedia\\\/#breadcrumblist\",\"itemListElement\":[{\"@type\":\"ListItem\",\"@id\":\"https:\\\/\\\/eldigitaldeasturias.com\\\/magazine365#listItem\",\"position\":1,\"name\":\"Home\",\"item\":\"https:\\\/\\\/eldigitaldeasturias.com\\\/magazine365\",\"nextItem\":{\"@type\":\"ListItem\",\"@id\":\"https:\\\/\\\/eldigitaldeasturias.com\\\/magazine365\\\/category\\\/noticias-actualidad\\\/#listItem\",\"name\":\"Noticias y Actualidad\"}},{\"@type\":\"ListItem\",\"@id\":\"https:\\\/\\\/eldigitaldeasturias.com\\\/magazine365\\\/category\\\/noticias-actualidad\\\/#listItem\",\"position\":2,\"name\":\"Noticias y Actualidad\",\"item\":\"https:\\\/\\\/eldigitaldeasturias.com\\\/magazine365\\\/category\\\/noticias-actualidad\\\/\",\"nextItem\":{\"@type\":\"ListItem\",\"@id\":\"https:\\\/\\\/eldigitaldeasturias.com\\\/magazine365\\\/la-demanda-para-viajar-a-milan-este-fin-de-semana-crece-en-un-270-segun-expedia\\\/#listItem\",\"name\":\"La demanda para viajar a Mil\\u00e1n este fin de semana crece en un 270%, seg\\u00fan Expedia\"},\"previousItem\":{\"@type\":\"ListItem\",\"@id\":\"https:\\\/\\\/eldigitaldeasturias.com\\\/magazine365#listItem\",\"name\":\"Home\"}},{\"@type\":\"ListItem\",\"@id\":\"https:\\\/\\\/eldigitaldeasturias.com\\\/magazine365\\\/la-demanda-para-viajar-a-milan-este-fin-de-semana-crece-en-un-270-segun-expedia\\\/#listItem\",\"position\":3,\"name\":\"La demanda para viajar a Mil\\u00e1n este fin de semana crece en un 270%, seg\\u00fan Expedia\",\"previousItem\":{\"@type\":\"ListItem\",\"@id\":\"https:\\\/\\\/eldigitaldeasturias.com\\\/magazine365\\\/category\\\/noticias-actualidad\\\/#listItem\",\"name\":\"Noticias y Actualidad\"}}]},{\"@type\":\"Organization\",\"@id\":\"https:\\\/\\\/eldigitaldeasturias.com\\\/magazine365\\\/#organization\",\"name\":\"El digital de Asturias\",\"description\":\"Revista de ocio, turismo y estilo de vida\",\"url\":\"https:\\\/\\\/eldigitaldeasturias.com\\\/magazine365\\\/\",\"logo\":{\"@type\":\"ImageObject\",\"url\":\"https:\\\/\\\/www.eldigitaldeasturias.com\\\/noticias\\\/wp-content\\\/uploads\\\/2020\\\/12\\\/EDA.jpg\",\"@id\":\"https:\\\/\\\/eldigitaldeasturias.com\\\/magazine365\\\/la-demanda-para-viajar-a-milan-este-fin-de-semana-crece-en-un-270-segun-expedia\\\/#organizationLogo\"},\"image\":{\"@id\":\"https:\\\/\\\/eldigitaldeasturias.com\\\/magazine365\\\/la-demanda-para-viajar-a-milan-este-fin-de-semana-crece-en-un-270-segun-expedia\\\/#organizationLogo\"}},{\"@type\":\"Person\",\"@id\":\"https:\\\/\\\/eldigitaldeasturias.com\\\/magazine365\\\/author\\\/admin\\\/#author\",\"url\":\"https:\\\/\\\/eldigitaldeasturias.com\\\/magazine365\\\/author\\\/admin\\\/\",\"name\":\"admin\",\"image\":{\"@type\":\"ImageObject\",\"@id\":\"https:\\\/\\\/eldigitaldeasturias.com\\\/magazine365\\\/la-demanda-para-viajar-a-milan-este-fin-de-semana-crece-en-un-270-segun-expedia\\\/#authorImage\",\"url\":\"https:\\\/\\\/eldigitaldeasturias.com\\\/magazine365\\\/wp-content\\\/litespeed\\\/avatar\\\/e571bcf59a0edd6fa6838245a470f2fe.jpg?ver=1777574230\",\"width\":96,\"height\":96,\"caption\":\"admin\"}},{\"@type\":\"WebPage\",\"@id\":\"https:\\\/\\\/eldigitaldeasturias.com\\\/magazine365\\\/la-demanda-para-viajar-a-milan-este-fin-de-semana-crece-en-un-270-segun-expedia\\\/#webpage\",\"url\":\"https:\\\/\\\/eldigitaldeasturias.com\\\/magazine365\\\/la-demanda-para-viajar-a-milan-este-fin-de-semana-crece-en-un-270-segun-expedia\\\/\",\"name\":\"La demanda para viajar a Mil\\u00e1n este fin de semana crece en un 270%, seg\\u00fan Expedia | El Digital de Asturias\",\"description\":\"La demanda para viajar a Mil\\u00e1n este fin de semana crece en un 270%, seg\\u00fan datos de la agencia de viajes 'online' Expedia que asegura que la capital de la moda se convertir\\u00e1 este fin de semana en la capital del f\\u00fatbol. Este s\\u00e1bado 28 de mayo el estadio de San Siro en Mil\\u00e1n recibir\\u00e1\",\"inLanguage\":\"es-ES\",\"isPartOf\":{\"@id\":\"https:\\\/\\\/eldigitaldeasturias.com\\\/magazine365\\\/#website\"},\"breadcrumb\":{\"@id\":\"https:\\\/\\\/eldigitaldeasturias.com\\\/magazine365\\\/la-demanda-para-viajar-a-milan-este-fin-de-semana-crece-en-un-270-segun-expedia\\\/#breadcrumblist\"},\"author\":{\"@id\":\"https:\\\/\\\/eldigitaldeasturias.com\\\/magazine365\\\/author\\\/admin\\\/#author\"},\"creator\":{\"@id\":\"https:\\\/\\\/eldigitaldeasturias.com\\\/magazine365\\\/author\\\/admin\\\/#author\"},\"image\":{\"@type\":\"ImageObject\",\"url\":\"https:\\\/\\\/eldigitaldeasturias.com\\\/magazine365\\\/wp-content\\\/uploads\\\/2016\\\/05\\\/fotonoticia_20160524112154_800.jpg\",\"@id\":\"https:\\\/\\\/eldigitaldeasturias.com\\\/magazine365\\\/la-demanda-para-viajar-a-milan-este-fin-de-semana-crece-en-un-270-segun-expedia\\\/#mainImage\",\"width\":800,\"height\":480},\"primaryImageOfPage\":{\"@id\":\"https:\\\/\\\/eldigitaldeasturias.com\\\/magazine365\\\/la-demanda-para-viajar-a-milan-este-fin-de-semana-crece-en-un-270-segun-expedia\\\/#mainImage\"},\"datePublished\":\"2016-05-24T22:53:47+02:00\",\"dateModified\":\"2016-05-24T22:53:47+02:00\"},{\"@type\":\"WebSite\",\"@id\":\"https:\\\/\\\/eldigitaldeasturias.com\\\/magazine365\\\/#website\",\"url\":\"https:\\\/\\\/eldigitaldeasturias.com\\\/magazine365\\\/\",\"name\":\"El Digital de Asturias\",\"description\":\"Revista de ocio, turismo y estilo de vida\",\"inLanguage\":\"es-ES\",\"publisher\":{\"@id\":\"https:\\\/\\\/eldigitaldeasturias.com\\\/magazine365\\\/#organization\"}}]}\n\t\t<\/script>\n\t\t<!-- All in One SEO Pro -->\r\n\t\t<title>La demanda para viajar a Mil\u00e1n este fin de semana crece en un 270%, seg\u00fan Expedia | El Digital de Asturias<\/title>\n\n","aioseo_head_json":{"title":"La demanda para viajar a Mil\u00e1n este fin de semana crece en un 270%, seg\u00fan Expedia | El Digital de Asturias","description":"La demanda para viajar a Mil\u00e1n este fin de semana crece en un 270%, seg\u00fan datos de la agencia de viajes 'online' Expedia que asegura que la capital de la moda se convertir\u00e1 este fin de semana en la capital del f\u00fatbol. Este s\u00e1bado 28 de mayo el estadio de San Siro en Mil\u00e1n recibir\u00e1","canonical_url":"https:\/\/eldigitaldeasturias.com\/magazine365\/la-demanda-para-viajar-a-milan-este-fin-de-semana-crece-en-un-270-segun-expedia\/","robots":"max-image-preview:large","keywords":"noticias y actualidad","webmasterTools":{"google-site-verification":"UA-38556648-1","miscellaneous":""},"schema":{"@context":"https:\/\/schema.org","@graph":[{"@type":"Article","@id":"https:\/\/eldigitaldeasturias.com\/magazine365\/la-demanda-para-viajar-a-milan-este-fin-de-semana-crece-en-un-270-segun-expedia\/#article","name":"La demanda para viajar a Mil\u00e1n este fin de semana crece en un 270%, seg\u00fan Expedia | El Digital de Asturias","headline":"La demanda para viajar a Mil\u00e1n este fin de semana crece en un 270%, seg\u00fan Expedia","author":{"@id":"https:\/\/eldigitaldeasturias.com\/magazine365\/author\/admin\/#author"},"publisher":{"@id":"https:\/\/eldigitaldeasturias.com\/magazine365\/#organization"},"image":{"@type":"ImageObject","url":"https:\/\/eldigitaldeasturias.com\/magazine365\/wp-content\/uploads\/2016\/05\/fotonoticia_20160524112154_800.jpg","width":800,"height":480},"datePublished":"2016-05-24T22:53:47+02:00","dateModified":"2016-05-24T22:53:47+02:00","inLanguage":"es-ES","mainEntityOfPage":{"@id":"https:\/\/eldigitaldeasturias.com\/magazine365\/la-demanda-para-viajar-a-milan-este-fin-de-semana-crece-en-un-270-segun-expedia\/#webpage"},"isPartOf":{"@id":"https:\/\/eldigitaldeasturias.com\/magazine365\/la-demanda-para-viajar-a-milan-este-fin-de-semana-crece-en-un-270-segun-expedia\/#webpage"},"articleSection":"Noticias y Actualidad"},{"@type":"BreadcrumbList","@id":"https:\/\/eldigitaldeasturias.com\/magazine365\/la-demanda-para-viajar-a-milan-este-fin-de-semana-crece-en-un-270-segun-expedia\/#breadcrumblist","itemListElement":[{"@type":"ListItem","@id":"https:\/\/eldigitaldeasturias.com\/magazine365#listItem","position":1,"name":"Home","item":"https:\/\/eldigitaldeasturias.com\/magazine365","nextItem":{"@type":"ListItem","@id":"https:\/\/eldigitaldeasturias.com\/magazine365\/category\/noticias-actualidad\/#listItem","name":"Noticias y Actualidad"}},{"@type":"ListItem","@id":"https:\/\/eldigitaldeasturias.com\/magazine365\/category\/noticias-actualidad\/#listItem","position":2,"name":"Noticias y Actualidad","item":"https:\/\/eldigitaldeasturias.com\/magazine365\/category\/noticias-actualidad\/","nextItem":{"@type":"ListItem","@id":"https:\/\/eldigitaldeasturias.com\/magazine365\/la-demanda-para-viajar-a-milan-este-fin-de-semana-crece-en-un-270-segun-expedia\/#listItem","name":"La demanda para viajar a Mil\u00e1n este fin de semana crece en un 270%, seg\u00fan Expedia"},"previousItem":{"@type":"ListItem","@id":"https:\/\/eldigitaldeasturias.com\/magazine365#listItem","name":"Home"}},{"@type":"ListItem","@id":"https:\/\/eldigitaldeasturias.com\/magazine365\/la-demanda-para-viajar-a-milan-este-fin-de-semana-crece-en-un-270-segun-expedia\/#listItem","position":3,"name":"La demanda para viajar a Mil\u00e1n este fin de semana crece en un 270%, seg\u00fan Expedia","previousItem":{"@type":"ListItem","@id":"https:\/\/eldigitaldeasturias.com\/magazine365\/category\/noticias-actualidad\/#listItem","name":"Noticias y Actualidad"}}]},{"@type":"Organization","@id":"https:\/\/eldigitaldeasturias.com\/magazine365\/#organization","name":"El digital de Asturias","description":"Revista de ocio, turismo y estilo de vida","url":"https:\/\/eldigitaldeasturias.com\/magazine365\/","logo":{"@type":"ImageObject","url":"https:\/\/www.eldigitaldeasturias.com\/noticias\/wp-content\/uploads\/2020\/12\/EDA.jpg","@id":"https:\/\/eldigitaldeasturias.com\/magazine365\/la-demanda-para-viajar-a-milan-este-fin-de-semana-crece-en-un-270-segun-expedia\/#organizationLogo"},"image":{"@id":"https:\/\/eldigitaldeasturias.com\/magazine365\/la-demanda-para-viajar-a-milan-este-fin-de-semana-crece-en-un-270-segun-expedia\/#organizationLogo"}},{"@type":"Person","@id":"https:\/\/eldigitaldeasturias.com\/magazine365\/author\/admin\/#author","url":"https:\/\/eldigitaldeasturias.com\/magazine365\/author\/admin\/","name":"admin","image":{"@type":"ImageObject","@id":"https:\/\/eldigitaldeasturias.com\/magazine365\/la-demanda-para-viajar-a-milan-este-fin-de-semana-crece-en-un-270-segun-expedia\/#authorImage","url":"https:\/\/eldigitaldeasturias.com\/magazine365\/wp-content\/litespeed\/avatar\/e571bcf59a0edd6fa6838245a470f2fe.jpg?ver=1777574230","width":96,"height":96,"caption":"admin"}},{"@type":"WebPage","@id":"https:\/\/eldigitaldeasturias.com\/magazine365\/la-demanda-para-viajar-a-milan-este-fin-de-semana-crece-en-un-270-segun-expedia\/#webpage","url":"https:\/\/eldigitaldeasturias.com\/magazine365\/la-demanda-para-viajar-a-milan-este-fin-de-semana-crece-en-un-270-segun-expedia\/","name":"La demanda para viajar a Mil\u00e1n este fin de semana crece en un 270%, seg\u00fan Expedia | El Digital de Asturias","description":"La demanda para viajar a Mil\u00e1n este fin de semana crece en un 270%, seg\u00fan datos de la agencia de viajes 'online' Expedia que asegura que la capital de la moda se convertir\u00e1 este fin de semana en la capital del f\u00fatbol. Este s\u00e1bado 28 de mayo el estadio de San Siro en Mil\u00e1n recibir\u00e1","inLanguage":"es-ES","isPartOf":{"@id":"https:\/\/eldigitaldeasturias.com\/magazine365\/#website"},"breadcrumb":{"@id":"https:\/\/eldigitaldeasturias.com\/magazine365\/la-demanda-para-viajar-a-milan-este-fin-de-semana-crece-en-un-270-segun-expedia\/#breadcrumblist"},"author":{"@id":"https:\/\/eldigitaldeasturias.com\/magazine365\/author\/admin\/#author"},"creator":{"@id":"https:\/\/eldigitaldeasturias.com\/magazine365\/author\/admin\/#author"},"image":{"@type":"ImageObject","url":"https:\/\/eldigitaldeasturias.com\/magazine365\/wp-content\/uploads\/2016\/05\/fotonoticia_20160524112154_800.jpg","@id":"https:\/\/eldigitaldeasturias.com\/magazine365\/la-demanda-para-viajar-a-milan-este-fin-de-semana-crece-en-un-270-segun-expedia\/#mainImage","width":800,"height":480},"primaryImageOfPage":{"@id":"https:\/\/eldigitaldeasturias.com\/magazine365\/la-demanda-para-viajar-a-milan-este-fin-de-semana-crece-en-un-270-segun-expedia\/#mainImage"},"datePublished":"2016-05-24T22:53:47+02:00","dateModified":"2016-05-24T22:53:47+02:00"},{"@type":"WebSite","@id":"https:\/\/eldigitaldeasturias.com\/magazine365\/#website","url":"https:\/\/eldigitaldeasturias.com\/magazine365\/","name":"El Digital de Asturias","description":"Revista de ocio, turismo y estilo de vida","inLanguage":"es-ES","publisher":{"@id":"https:\/\/eldigitaldeasturias.com\/magazine365\/#organization"}}]},"og:locale":"es_ES","og:site_name":"El Digital de Asturias \u2013 Revista de ocio, turismo y estilo de vida","og:type":"article","og:title":"La demanda para viajar a Mil\u00e1n este fin de semana crece en un 270%, seg\u00fan Expedia | El Digital de Asturias","og:description":"La demanda para viajar a Mil\u00e1n este fin de semana crece en un 270%, seg\u00fan datos de la agencia de viajes 'online' Expedia que asegura que la capital de la moda se convertir\u00e1 este fin de semana en la capital del f\u00fatbol. Este s\u00e1bado 28 de mayo el estadio de San Siro en Mil\u00e1n recibir\u00e1","og:url":"https:\/\/eldigitaldeasturias.com\/magazine365\/la-demanda-para-viajar-a-milan-este-fin-de-semana-crece-en-un-270-segun-expedia\/","og:image":"https:\/\/eldigitaldeasturias.com\/magazine365\/wp-content\/uploads\/2016\/05\/fotonoticia_20160524112154_800.jpg","og:image:secure_url":"https:\/\/eldigitaldeasturias.com\/magazine365\/wp-content\/uploads\/2016\/05\/fotonoticia_20160524112154_800.jpg","og:image:width":800,"og:image:height":480,"article:published_time":"2016-05-24T20:53:47+00:00","article:modified_time":"2016-05-24T20:53:47+00:00","twitter:card":"summary_large_image","twitter:title":"La demanda para viajar a Mil\u00e1n este fin de semana crece en un 270%, seg\u00fan Expedia | El Digital de Asturias","twitter:description":"La demanda para viajar a Mil\u00e1n este fin de semana crece en un 270%, seg\u00fan datos de la agencia de viajes 'online' Expedia que asegura que la capital de la moda se convertir\u00e1 este fin de semana en la capital del f\u00fatbol. Este s\u00e1bado 28 de mayo el estadio de San Siro en Mil\u00e1n recibir\u00e1","twitter:image":"https:\/\/eldigitaldeasturias.com\/magazine365\/wp-content\/uploads\/2016\/05\/fotonoticia_20160524112154_800.jpg"},"aioseo_meta_data":{"post_id":"76926","title":null,"description":null,"keywords":null,"keyphrases":null,"primary_term":null,"canonical_url":null,"og_title":null,"og_description":null,"og_object_type":"default","og_image_type":"default","og_image_url":null,"og_image_width":null,"og_image_height":null,"og_image_custom_url":null,"og_image_custom_fields":null,"og_video":null,"og_custom_url":null,"og_article_section":null,"og_article_tags":null,"twitter_use_og":false,"twitter_card":"default","twitter_image_type":"default","twitter_image_url":null,"twitter_image_custom_url":null,"twitter_image_custom_fields":null,"twitter_title":null,"twitter_description":null,"schema":{"blockGraphs":[],"customGraphs":[],"default":{"data":{"Article":[],"Course":[],"Dataset":[],"FAQPage":[],"Movie":[],"Person":[],"Product":[],"ProductReview":[],"Car":[],"Recipe":[],"Service":[],"SoftwareApplication":[],"WebPage":[]},"graphName":"","isEnabled":true},"graphs":[]},"schema_type":null,"schema_type_options":null,"pillar_content":false,"robots_default":true,"robots_noindex":false,"robots_noarchive":false,"robots_nosnippet":false,"robots_nofollow":false,"robots_noimageindex":false,"robots_noodp":false,"robots_notranslate":false,"robots_max_snippet":null,"robots_max_videopreview":null,"robots_max_imagepreview":"large","priority":null,"frequency":null,"location":null,"local_seo":null,"seo_analyzer_scan_date":"2025-09-27 13:41:23","breadcrumb_settings":null,"limit_modified_date":false,"open_ai":null,"ai":null,"created":"2021-03-08 18:21:48","updated":"2025-09-27 13:41:23"},"aioseo_breadcrumb":"<div class=\"aioseo-breadcrumbs\"><span class=\"aioseo-breadcrumb\">\n\t<a href=\"https:\/\/eldigitaldeasturias.com\/magazine365\" title=\"Home\">Home<\/a>\n<\/span><span class=\"aioseo-breadcrumb-separator\">\u2013<\/span><span class=\"aioseo-breadcrumb\">\n\t<a href=\"https:\/\/eldigitaldeasturias.com\/magazine365\/category\/noticias-actualidad\/\" title=\"Noticias y Actualidad\">Noticias y Actualidad<\/a>\n<\/span><span class=\"aioseo-breadcrumb-separator\">\u2013<\/span><span class=\"aioseo-breadcrumb\">\n\t<a href=\"https:\/\/eldigitaldeasturias.com\/magazine365\/la-demanda-para-viajar-a-milan-este-fin-de-semana-crece-en-un-270-segun-expedia\/\" title=\"La demanda para viajar a Mil\u00e1n este fin de semana crece en un 270%, seg\u00fan Expedia\">La demanda para viajar a Mil\u00e1n este fin de semana crece en un 270%, seg\u00fan Expedia<\/a>\n<\/span><\/div>","aioseo_breadcrumb_json":[{"label":"Home","link":"https:\/\/eldigitaldeasturias.com\/magazine365"},{"label":"Noticias y Actualidad","link":"https:\/\/eldigitaldeasturias.com\/magazine365\/category\/noticias-actualidad\/"},{"label":"La demanda para viajar a Mil\u00e1n este fin de semana crece en un 270%, seg\u00fan Expedia","link":"https:\/\/eldigitaldeasturias.com\/magazine365\/la-demanda-para-viajar-a-milan-este-fin-de-semana-crece-en-un-270-segun-expedia\/"}],"_links":{"self":[{"href":"https:\/\/eldigitaldeasturias.com\/magazine365\/wp-json\/wp\/v2\/posts\/76926","targetHints":{"allow":["GET"]}}],"collection":[{"href":"https:\/\/eldigitaldeasturias.com\/magazine365\/wp-json\/wp\/v2\/posts"}],"about":[{"href":"https:\/\/eldigitaldeasturias.com\/magazine365\/wp-json\/wp\/v2\/types\/post"}],"author":[{"embeddable":true,"href":"https:\/\/eldigitaldeasturias.com\/magazine365\/wp-json\/wp\/v2\/users\/1"}],"replies":[{"embeddable":true,"href":"https:\/\/eldigitaldeasturias.com\/magazine365\/wp-json\/wp\/v2\/comments?post=76926"}],"version-history":[{"count":0,"href":"https:\/\/eldigitaldeasturias.com\/magazine365\/wp-json\/wp\/v2\/posts\/76926\/revisions"}],"wp:featuredmedia":[{"embeddable":true,"href":"https:\/\/eldigitaldeasturias.com\/magazine365\/wp-json\/wp\/v2\/media\/76927"}],"wp:attachment":[{"href":"https:\/\/eldigitaldeasturias.com\/magazine365\/wp-json\/wp\/v2\/media?parent=76926"}],"wp:term":[{"taxonomy":"category","embeddable":true,"href":"https:\/\/eldigitaldeasturias.com\/magazine365\/wp-json\/wp\/v2\/categories?post=76926"},{"taxonomy":"post_tag","embeddable":true,"href":"https:\/\/eldigitaldeasturias.com\/magazine365\/wp-json\/wp\/v2\/tags?post=76926"}],"curies":[{"name":"wp","href":"https:\/\/api.w.org\/{rel}","templated":true}]}}