{"id":76917,"date":"2016-05-24T22:50:01","date_gmt":"2016-05-24T20:50:01","guid":{"rendered":"http:\/\/eldigitaldeasturias.com\/magazine365\/?p=76917"},"modified":"2016-05-24T22:50:01","modified_gmt":"2016-05-24T20:50:01","slug":"francisco-bernabe-insiste-en-que-el-aeropuerto-y-el-ave-estan-a-meses-de-verse-abiertas","status":"publish","type":"post","link":"https:\/\/eldigitaldeasturias.com\/magazine365\/francisco-bernabe-insiste-en-que-el-aeropuerto-y-el-ave-estan-a-meses-de-verse-abiertas\/","title":{"rendered":"Francisco Bernab\u00e9 insiste en que el aeropuerto y el AVE \u00abest\u00e1n a meses de verse abiertas\u00bb"},"content":{"rendered":"<p><img fetchpriority=\"high\" decoding=\"async\" class=\"alignleft size-medium wp-image-76918\" src=\"https:\/\/eldigitaldeasturias.com\/magazine365\/wp-content\/uploads\/2016\/05\/fotonoticia_20160524110559_800-360x270.jpg\" alt=\"fotonoticia_20160524110559_800\" width=\"360\" height=\"270\" srcset=\"https:\/\/eldigitaldeasturias.com\/magazine365\/wp-content\/uploads\/2016\/05\/fotonoticia_20160524110559_800-360x270.jpg 360w, https:\/\/eldigitaldeasturias.com\/magazine365\/wp-content\/uploads\/2016\/05\/fotonoticia_20160524110559_800-650x488.jpg 650w, https:\/\/eldigitaldeasturias.com\/magazine365\/wp-content\/uploads\/2016\/05\/fotonoticia_20160524110559_800-768x576.jpg 768w, https:\/\/eldigitaldeasturias.com\/magazine365\/wp-content\/uploads\/2016\/05\/fotonoticia_20160524110559_800-150x113.jpg 150w, https:\/\/eldigitaldeasturias.com\/magazine365\/wp-content\/uploads\/2016\/05\/fotonoticia_20160524110559_800-450x338.jpg 450w, https:\/\/eldigitaldeasturias.com\/magazine365\/wp-content\/uploads\/2016\/05\/fotonoticia_20160524110559_800-90x67.jpg 90w, https:\/\/eldigitaldeasturias.com\/magazine365\/wp-content\/uploads\/2016\/05\/fotonoticia_20160524110559_800-164x124.jpg 164w, https:\/\/eldigitaldeasturias.com\/magazine365\/wp-content\/uploads\/2016\/05\/fotonoticia_20160524110559_800-100x75.jpg 100w, https:\/\/eldigitaldeasturias.com\/magazine365\/wp-content\/uploads\/2016\/05\/fotonoticia_20160524110559_800.jpg 800w\" sizes=\"(max-width: 360px) 100vw, 360px\" \/>El exconsejero de Fomento e Infraestructuras, Francisco Bernab\u00e9, ha insistido este martes que \u00abel aeropuerto y el AVE est\u00e1n a meses de verlas abiertas, no a\u00f1os\u00bb.<\/p>\n<p>\u00abSon meses lo que tenemos por delante para que el AVE est\u00e9 entrando en la estaci\u00f3n del barrio de El Carmen en Murcia y para que los aviones est\u00e9n volando desde el Aeropuerto Internacional de la Regi\u00f3n de Murcia\u00bb, ha hecho hincapi\u00e9.<\/p>\n<p>Bernab\u00e9, que ha dejado el Gobierno regional para formar parte de la lista del PP al Congreso de los Diputados como n\u00famero dos, ha asegurado que \u00abestamos a meses de que llegue el AVE y de que tengamos el aeropuerto abierto, que nadie se rasge las vestiduras\u00bb.<\/p>\n<p>En declaraciones a Onda Regional, recogidas por Europa Press, el exconsejero del ramo ha indicado que el nuevo concurso del aeropuerto se sacar\u00e1 en las pr\u00f3ximas semanas. \u00abEstamos en la recta final, si no tuvi\u00e9ramos las cosas tan claras, ni el presidente me habr\u00eda pedido que diera este paso, ni yo habr\u00eda dado el paso\u00bb.<\/p>\n<p>Pero, ha subrayado, tenemos \u00abla certeza, tranquilidad y confianza de que la hoja de ruta est\u00e1 perfectamente delimitada y el camino no tiene marcha atr\u00e1s, desde nuestro punto de vista\u00bb.<\/p>\n<p>Tras indicar que \u00abel partido, el de verdad, se juega todos los d\u00edas en Madrid\u00bb, ha asegurado desconocer qui\u00e9n lo sustituir\u00e1 en la cartera de Fomento, aunque reconoce que le indic\u00f3 al presidente que lo suyo es mantener el equipo, \u00abson excepcionales\u00bb.<\/p>\n<p>Preguntado por la bah\u00eda de Portm\u00e1n, Francisco Bernab\u00e9 ha recordado que actualmente existe un conflicto judicial entre las dos primeras empresas que ganaron el concurso, \u00ablo que est\u00e1 provocando retrasos importantes\u00bb.<\/p>\n<p>Las \u00faltimas noticias que tenemos son \u00aboptimistas\u00bb, y es que el Ministerio tiene ya decidido la adjudicaci\u00f3n definitiva, \u00abconfiemos en que as\u00ed sea, porque en Portm\u00e1n todo lo que puede pasar, pasa siempre, por desgracia\u00bb.<\/p>\n","protected":false},"excerpt":{"rendered":"<p>El exconsejero de Fomento e Infraestructuras, Francisco Bernab\u00e9, ha insistido este martes que \u00abel aeropuerto y el AVE est\u00e1n a meses de verlas abiertas, no a\u00f1os\u00bb. \u00abSon meses lo que tenemos por delante para que el AVE est\u00e9 entrando en la estaci\u00f3n del barrio de El Carmen en Murcia y para que los aviones est\u00e9n<\/p>\n","protected":false},"author":1,"featured_media":76918,"comment_status":"open","ping_status":"closed","sticky":false,"template":"","format":"standard","meta":{"footnotes":""},"categories":[224],"tags":[],"class_list":{"0":"post-76917","1":"post","2":"type-post","3":"status-publish","4":"format-standard","5":"has-post-thumbnail","7":"category-noticias-actualidad"},"aioseo_notices":[],"aioseo_head":"\n\t\t<!-- All in One SEO Pro 4.9.6.1 - aioseo.com -->\n\t<meta name=\"description\" content=\"El exconsejero de Fomento e Infraestructuras, Francisco Bernab\u00e9, ha insistido este martes que &quot;el aeropuerto y el AVE est\u00e1n a meses de verlas abiertas, no a\u00f1os&quot;. &quot;Son meses lo que tenemos por delante para que el AVE est\u00e9 entrando en la estaci\u00f3n del barrio de El Carmen en Murcia y para que los aviones est\u00e9n\" \/>\n\t<meta name=\"robots\" content=\"max-image-preview:large\" \/>\n\t<meta name=\"author\" content=\"admin\"\/>\n\t<meta name=\"google-site-verification\" content=\"UA-38556648-1\" \/>\n\t<meta name=\"keywords\" content=\"noticias y actualidad\" \/>\n\t<link rel=\"canonical\" href=\"https:\/\/eldigitaldeasturias.com\/magazine365\/francisco-bernabe-insiste-en-que-el-aeropuerto-y-el-ave-estan-a-meses-de-verse-abiertas\/\" \/>\n\t<meta name=\"generator\" content=\"All in One SEO Pro (AIOSEO) 4.9.6.1\" \/>\n\t\t<meta property=\"og:locale\" content=\"es_ES\" \/>\n\t\t<meta property=\"og:site_name\" content=\"El Digital de Asturias \u2013 Revista de ocio, turismo y estilo de vida\" \/>\n\t\t<meta property=\"og:type\" content=\"article\" \/>\n\t\t<meta property=\"og:title\" content=\"Francisco Bernab\u00e9 insiste en que el aeropuerto y el AVE \u00abest\u00e1n a meses de verse abiertas\u00bb | El Digital de Asturias\" \/>\n\t\t<meta property=\"og:description\" content=\"El exconsejero de Fomento e Infraestructuras, Francisco Bernab\u00e9, ha insistido este martes que &quot;el aeropuerto y el AVE est\u00e1n a meses de verlas abiertas, no a\u00f1os&quot;. &quot;Son meses lo que tenemos por delante para que el AVE est\u00e9 entrando en la estaci\u00f3n del barrio de El Carmen en Murcia y para que los aviones est\u00e9n\" \/>\n\t\t<meta property=\"og:url\" content=\"https:\/\/eldigitaldeasturias.com\/magazine365\/francisco-bernabe-insiste-en-que-el-aeropuerto-y-el-ave-estan-a-meses-de-verse-abiertas\/\" \/>\n\t\t<meta property=\"og:image\" content=\"https:\/\/eldigitaldeasturias.com\/magazine365\/wp-content\/uploads\/2016\/05\/fotonoticia_20160524110559_800.jpg\" \/>\n\t\t<meta property=\"og:image:secure_url\" content=\"https:\/\/eldigitaldeasturias.com\/magazine365\/wp-content\/uploads\/2016\/05\/fotonoticia_20160524110559_800.jpg\" \/>\n\t\t<meta property=\"og:image:width\" content=\"800\" \/>\n\t\t<meta property=\"og:image:height\" content=\"600\" \/>\n\t\t<meta property=\"article:published_time\" content=\"2016-05-24T20:50:01+00:00\" \/>\n\t\t<meta property=\"article:modified_time\" content=\"2016-05-24T20:50:01+00:00\" \/>\n\t\t<meta name=\"twitter:card\" content=\"summary_large_image\" \/>\n\t\t<meta name=\"twitter:title\" content=\"Francisco Bernab\u00e9 insiste en que el aeropuerto y el AVE \u00abest\u00e1n a meses de verse abiertas\u00bb | El Digital de Asturias\" \/>\n\t\t<meta name=\"twitter:description\" content=\"El exconsejero de Fomento e Infraestructuras, Francisco Bernab\u00e9, ha insistido este martes que &quot;el aeropuerto y el AVE est\u00e1n a meses de verlas abiertas, no a\u00f1os&quot;. &quot;Son meses lo que tenemos por delante para que el AVE est\u00e9 entrando en la estaci\u00f3n del barrio de El Carmen en Murcia y para que los aviones est\u00e9n\" \/>\n\t\t<meta name=\"twitter:image\" content=\"https:\/\/eldigitaldeasturias.com\/magazine365\/wp-content\/uploads\/2016\/05\/fotonoticia_20160524110559_800.jpg\" \/>\n\t\t<script type=\"application\/ld+json\" class=\"aioseo-schema\">\n\t\t\t{\"@context\":\"https:\\\/\\\/schema.org\",\"@graph\":[{\"@type\":\"Article\",\"@id\":\"https:\\\/\\\/eldigitaldeasturias.com\\\/magazine365\\\/francisco-bernabe-insiste-en-que-el-aeropuerto-y-el-ave-estan-a-meses-de-verse-abiertas\\\/#article\",\"name\":\"Francisco Bernab\\u00e9 insiste en que el aeropuerto y el AVE \\u00abest\\u00e1n a meses de verse abiertas\\u00bb | El Digital de Asturias\",\"headline\":\"Francisco Bernab\\u00e9 insiste en que el aeropuerto y el AVE \\u00abest\\u00e1n a meses de verse abiertas\\u00bb\",\"author\":{\"@id\":\"https:\\\/\\\/eldigitaldeasturias.com\\\/magazine365\\\/author\\\/admin\\\/#author\"},\"publisher\":{\"@id\":\"https:\\\/\\\/eldigitaldeasturias.com\\\/magazine365\\\/#organization\"},\"image\":{\"@type\":\"ImageObject\",\"url\":\"https:\\\/\\\/eldigitaldeasturias.com\\\/magazine365\\\/wp-content\\\/uploads\\\/2016\\\/05\\\/fotonoticia_20160524110559_800.jpg\",\"width\":800,\"height\":600},\"datePublished\":\"2016-05-24T22:50:01+02:00\",\"dateModified\":\"2016-05-24T22:50:01+02:00\",\"inLanguage\":\"es-ES\",\"mainEntityOfPage\":{\"@id\":\"https:\\\/\\\/eldigitaldeasturias.com\\\/magazine365\\\/francisco-bernabe-insiste-en-que-el-aeropuerto-y-el-ave-estan-a-meses-de-verse-abiertas\\\/#webpage\"},\"isPartOf\":{\"@id\":\"https:\\\/\\\/eldigitaldeasturias.com\\\/magazine365\\\/francisco-bernabe-insiste-en-que-el-aeropuerto-y-el-ave-estan-a-meses-de-verse-abiertas\\\/#webpage\"},\"articleSection\":\"Noticias y Actualidad\"},{\"@type\":\"BreadcrumbList\",\"@id\":\"https:\\\/\\\/eldigitaldeasturias.com\\\/magazine365\\\/francisco-bernabe-insiste-en-que-el-aeropuerto-y-el-ave-estan-a-meses-de-verse-abiertas\\\/#breadcrumblist\",\"itemListElement\":[{\"@type\":\"ListItem\",\"@id\":\"https:\\\/\\\/eldigitaldeasturias.com\\\/magazine365#listItem\",\"position\":1,\"name\":\"Home\",\"item\":\"https:\\\/\\\/eldigitaldeasturias.com\\\/magazine365\",\"nextItem\":{\"@type\":\"ListItem\",\"@id\":\"https:\\\/\\\/eldigitaldeasturias.com\\\/magazine365\\\/category\\\/noticias-actualidad\\\/#listItem\",\"name\":\"Noticias y Actualidad\"}},{\"@type\":\"ListItem\",\"@id\":\"https:\\\/\\\/eldigitaldeasturias.com\\\/magazine365\\\/category\\\/noticias-actualidad\\\/#listItem\",\"position\":2,\"name\":\"Noticias y Actualidad\",\"item\":\"https:\\\/\\\/eldigitaldeasturias.com\\\/magazine365\\\/category\\\/noticias-actualidad\\\/\",\"nextItem\":{\"@type\":\"ListItem\",\"@id\":\"https:\\\/\\\/eldigitaldeasturias.com\\\/magazine365\\\/francisco-bernabe-insiste-en-que-el-aeropuerto-y-el-ave-estan-a-meses-de-verse-abiertas\\\/#listItem\",\"name\":\"Francisco Bernab\\u00e9 insiste en que el aeropuerto y el AVE \\u00abest\\u00e1n a meses de verse abiertas\\u00bb\"},\"previousItem\":{\"@type\":\"ListItem\",\"@id\":\"https:\\\/\\\/eldigitaldeasturias.com\\\/magazine365#listItem\",\"name\":\"Home\"}},{\"@type\":\"ListItem\",\"@id\":\"https:\\\/\\\/eldigitaldeasturias.com\\\/magazine365\\\/francisco-bernabe-insiste-en-que-el-aeropuerto-y-el-ave-estan-a-meses-de-verse-abiertas\\\/#listItem\",\"position\":3,\"name\":\"Francisco Bernab\\u00e9 insiste en que el aeropuerto y el AVE \\u00abest\\u00e1n a meses de verse abiertas\\u00bb\",\"previousItem\":{\"@type\":\"ListItem\",\"@id\":\"https:\\\/\\\/eldigitaldeasturias.com\\\/magazine365\\\/category\\\/noticias-actualidad\\\/#listItem\",\"name\":\"Noticias y Actualidad\"}}]},{\"@type\":\"Organization\",\"@id\":\"https:\\\/\\\/eldigitaldeasturias.com\\\/magazine365\\\/#organization\",\"name\":\"El digital de Asturias\",\"description\":\"Revista de ocio, turismo y estilo de vida\",\"url\":\"https:\\\/\\\/eldigitaldeasturias.com\\\/magazine365\\\/\",\"logo\":{\"@type\":\"ImageObject\",\"url\":\"https:\\\/\\\/www.eldigitaldeasturias.com\\\/noticias\\\/wp-content\\\/uploads\\\/2020\\\/12\\\/EDA.jpg\",\"@id\":\"https:\\\/\\\/eldigitaldeasturias.com\\\/magazine365\\\/francisco-bernabe-insiste-en-que-el-aeropuerto-y-el-ave-estan-a-meses-de-verse-abiertas\\\/#organizationLogo\"},\"image\":{\"@id\":\"https:\\\/\\\/eldigitaldeasturias.com\\\/magazine365\\\/francisco-bernabe-insiste-en-que-el-aeropuerto-y-el-ave-estan-a-meses-de-verse-abiertas\\\/#organizationLogo\"}},{\"@type\":\"Person\",\"@id\":\"https:\\\/\\\/eldigitaldeasturias.com\\\/magazine365\\\/author\\\/admin\\\/#author\",\"url\":\"https:\\\/\\\/eldigitaldeasturias.com\\\/magazine365\\\/author\\\/admin\\\/\",\"name\":\"admin\",\"image\":{\"@type\":\"ImageObject\",\"@id\":\"https:\\\/\\\/eldigitaldeasturias.com\\\/magazine365\\\/francisco-bernabe-insiste-en-que-el-aeropuerto-y-el-ave-estan-a-meses-de-verse-abiertas\\\/#authorImage\",\"url\":\"https:\\\/\\\/eldigitaldeasturias.com\\\/magazine365\\\/wp-content\\\/litespeed\\\/avatar\\\/e571bcf59a0edd6fa6838245a470f2fe.jpg?ver=1777574230\",\"width\":96,\"height\":96,\"caption\":\"admin\"}},{\"@type\":\"WebPage\",\"@id\":\"https:\\\/\\\/eldigitaldeasturias.com\\\/magazine365\\\/francisco-bernabe-insiste-en-que-el-aeropuerto-y-el-ave-estan-a-meses-de-verse-abiertas\\\/#webpage\",\"url\":\"https:\\\/\\\/eldigitaldeasturias.com\\\/magazine365\\\/francisco-bernabe-insiste-en-que-el-aeropuerto-y-el-ave-estan-a-meses-de-verse-abiertas\\\/\",\"name\":\"Francisco Bernab\\u00e9 insiste en que el aeropuerto y el AVE \\u00abest\\u00e1n a meses de verse abiertas\\u00bb | El Digital de Asturias\",\"description\":\"El exconsejero de Fomento e Infraestructuras, Francisco Bernab\\u00e9, ha insistido este martes que \\\"el aeropuerto y el AVE est\\u00e1n a meses de verlas abiertas, no a\\u00f1os\\\". \\\"Son meses lo que tenemos por delante para que el AVE est\\u00e9 entrando en la estaci\\u00f3n del barrio de El Carmen en Murcia y para que los aviones est\\u00e9n\",\"inLanguage\":\"es-ES\",\"isPartOf\":{\"@id\":\"https:\\\/\\\/eldigitaldeasturias.com\\\/magazine365\\\/#website\"},\"breadcrumb\":{\"@id\":\"https:\\\/\\\/eldigitaldeasturias.com\\\/magazine365\\\/francisco-bernabe-insiste-en-que-el-aeropuerto-y-el-ave-estan-a-meses-de-verse-abiertas\\\/#breadcrumblist\"},\"author\":{\"@id\":\"https:\\\/\\\/eldigitaldeasturias.com\\\/magazine365\\\/author\\\/admin\\\/#author\"},\"creator\":{\"@id\":\"https:\\\/\\\/eldigitaldeasturias.com\\\/magazine365\\\/author\\\/admin\\\/#author\"},\"image\":{\"@type\":\"ImageObject\",\"url\":\"https:\\\/\\\/eldigitaldeasturias.com\\\/magazine365\\\/wp-content\\\/uploads\\\/2016\\\/05\\\/fotonoticia_20160524110559_800.jpg\",\"@id\":\"https:\\\/\\\/eldigitaldeasturias.com\\\/magazine365\\\/francisco-bernabe-insiste-en-que-el-aeropuerto-y-el-ave-estan-a-meses-de-verse-abiertas\\\/#mainImage\",\"width\":800,\"height\":600},\"primaryImageOfPage\":{\"@id\":\"https:\\\/\\\/eldigitaldeasturias.com\\\/magazine365\\\/francisco-bernabe-insiste-en-que-el-aeropuerto-y-el-ave-estan-a-meses-de-verse-abiertas\\\/#mainImage\"},\"datePublished\":\"2016-05-24T22:50:01+02:00\",\"dateModified\":\"2016-05-24T22:50:01+02:00\"},{\"@type\":\"WebSite\",\"@id\":\"https:\\\/\\\/eldigitaldeasturias.com\\\/magazine365\\\/#website\",\"url\":\"https:\\\/\\\/eldigitaldeasturias.com\\\/magazine365\\\/\",\"name\":\"El Digital de Asturias\",\"description\":\"Revista de ocio, turismo y estilo de vida\",\"inLanguage\":\"es-ES\",\"publisher\":{\"@id\":\"https:\\\/\\\/eldigitaldeasturias.com\\\/magazine365\\\/#organization\"}}]}\n\t\t<\/script>\n\t\t<!-- All in One SEO Pro -->\r\n\t\t<title>Francisco Bernab\u00e9 insiste en que el aeropuerto y el AVE \u00abest\u00e1n a meses de verse abiertas\u00bb | El Digital de Asturias<\/title>\n\n","aioseo_head_json":{"title":"Francisco Bernab\u00e9 insiste en que el aeropuerto y el AVE \u00abest\u00e1n a meses de verse abiertas\u00bb | El Digital de Asturias","description":"El exconsejero de Fomento e Infraestructuras, Francisco Bernab\u00e9, ha insistido este martes que \"el aeropuerto y el AVE est\u00e1n a meses de verlas abiertas, no a\u00f1os\". \"Son meses lo que tenemos por delante para que el AVE est\u00e9 entrando en la estaci\u00f3n del barrio de El Carmen en Murcia y para que los aviones est\u00e9n","canonical_url":"https:\/\/eldigitaldeasturias.com\/magazine365\/francisco-bernabe-insiste-en-que-el-aeropuerto-y-el-ave-estan-a-meses-de-verse-abiertas\/","robots":"max-image-preview:large","keywords":"noticias y actualidad","webmasterTools":{"google-site-verification":"UA-38556648-1","miscellaneous":""},"schema":{"@context":"https:\/\/schema.org","@graph":[{"@type":"Article","@id":"https:\/\/eldigitaldeasturias.com\/magazine365\/francisco-bernabe-insiste-en-que-el-aeropuerto-y-el-ave-estan-a-meses-de-verse-abiertas\/#article","name":"Francisco Bernab\u00e9 insiste en que el aeropuerto y el AVE \u00abest\u00e1n a meses de verse abiertas\u00bb | El Digital de Asturias","headline":"Francisco Bernab\u00e9 insiste en que el aeropuerto y el AVE \u00abest\u00e1n a meses de verse abiertas\u00bb","author":{"@id":"https:\/\/eldigitaldeasturias.com\/magazine365\/author\/admin\/#author"},"publisher":{"@id":"https:\/\/eldigitaldeasturias.com\/magazine365\/#organization"},"image":{"@type":"ImageObject","url":"https:\/\/eldigitaldeasturias.com\/magazine365\/wp-content\/uploads\/2016\/05\/fotonoticia_20160524110559_800.jpg","width":800,"height":600},"datePublished":"2016-05-24T22:50:01+02:00","dateModified":"2016-05-24T22:50:01+02:00","inLanguage":"es-ES","mainEntityOfPage":{"@id":"https:\/\/eldigitaldeasturias.com\/magazine365\/francisco-bernabe-insiste-en-que-el-aeropuerto-y-el-ave-estan-a-meses-de-verse-abiertas\/#webpage"},"isPartOf":{"@id":"https:\/\/eldigitaldeasturias.com\/magazine365\/francisco-bernabe-insiste-en-que-el-aeropuerto-y-el-ave-estan-a-meses-de-verse-abiertas\/#webpage"},"articleSection":"Noticias y Actualidad"},{"@type":"BreadcrumbList","@id":"https:\/\/eldigitaldeasturias.com\/magazine365\/francisco-bernabe-insiste-en-que-el-aeropuerto-y-el-ave-estan-a-meses-de-verse-abiertas\/#breadcrumblist","itemListElement":[{"@type":"ListItem","@id":"https:\/\/eldigitaldeasturias.com\/magazine365#listItem","position":1,"name":"Home","item":"https:\/\/eldigitaldeasturias.com\/magazine365","nextItem":{"@type":"ListItem","@id":"https:\/\/eldigitaldeasturias.com\/magazine365\/category\/noticias-actualidad\/#listItem","name":"Noticias y Actualidad"}},{"@type":"ListItem","@id":"https:\/\/eldigitaldeasturias.com\/magazine365\/category\/noticias-actualidad\/#listItem","position":2,"name":"Noticias y Actualidad","item":"https:\/\/eldigitaldeasturias.com\/magazine365\/category\/noticias-actualidad\/","nextItem":{"@type":"ListItem","@id":"https:\/\/eldigitaldeasturias.com\/magazine365\/francisco-bernabe-insiste-en-que-el-aeropuerto-y-el-ave-estan-a-meses-de-verse-abiertas\/#listItem","name":"Francisco Bernab\u00e9 insiste en que el aeropuerto y el AVE \u00abest\u00e1n a meses de verse abiertas\u00bb"},"previousItem":{"@type":"ListItem","@id":"https:\/\/eldigitaldeasturias.com\/magazine365#listItem","name":"Home"}},{"@type":"ListItem","@id":"https:\/\/eldigitaldeasturias.com\/magazine365\/francisco-bernabe-insiste-en-que-el-aeropuerto-y-el-ave-estan-a-meses-de-verse-abiertas\/#listItem","position":3,"name":"Francisco Bernab\u00e9 insiste en que el aeropuerto y el AVE \u00abest\u00e1n a meses de verse abiertas\u00bb","previousItem":{"@type":"ListItem","@id":"https:\/\/eldigitaldeasturias.com\/magazine365\/category\/noticias-actualidad\/#listItem","name":"Noticias y Actualidad"}}]},{"@type":"Organization","@id":"https:\/\/eldigitaldeasturias.com\/magazine365\/#organization","name":"El digital de Asturias","description":"Revista de ocio, turismo y estilo de vida","url":"https:\/\/eldigitaldeasturias.com\/magazine365\/","logo":{"@type":"ImageObject","url":"https:\/\/www.eldigitaldeasturias.com\/noticias\/wp-content\/uploads\/2020\/12\/EDA.jpg","@id":"https:\/\/eldigitaldeasturias.com\/magazine365\/francisco-bernabe-insiste-en-que-el-aeropuerto-y-el-ave-estan-a-meses-de-verse-abiertas\/#organizationLogo"},"image":{"@id":"https:\/\/eldigitaldeasturias.com\/magazine365\/francisco-bernabe-insiste-en-que-el-aeropuerto-y-el-ave-estan-a-meses-de-verse-abiertas\/#organizationLogo"}},{"@type":"Person","@id":"https:\/\/eldigitaldeasturias.com\/magazine365\/author\/admin\/#author","url":"https:\/\/eldigitaldeasturias.com\/magazine365\/author\/admin\/","name":"admin","image":{"@type":"ImageObject","@id":"https:\/\/eldigitaldeasturias.com\/magazine365\/francisco-bernabe-insiste-en-que-el-aeropuerto-y-el-ave-estan-a-meses-de-verse-abiertas\/#authorImage","url":"https:\/\/eldigitaldeasturias.com\/magazine365\/wp-content\/litespeed\/avatar\/e571bcf59a0edd6fa6838245a470f2fe.jpg?ver=1777574230","width":96,"height":96,"caption":"admin"}},{"@type":"WebPage","@id":"https:\/\/eldigitaldeasturias.com\/magazine365\/francisco-bernabe-insiste-en-que-el-aeropuerto-y-el-ave-estan-a-meses-de-verse-abiertas\/#webpage","url":"https:\/\/eldigitaldeasturias.com\/magazine365\/francisco-bernabe-insiste-en-que-el-aeropuerto-y-el-ave-estan-a-meses-de-verse-abiertas\/","name":"Francisco Bernab\u00e9 insiste en que el aeropuerto y el AVE \u00abest\u00e1n a meses de verse abiertas\u00bb | El Digital de Asturias","description":"El exconsejero de Fomento e Infraestructuras, Francisco Bernab\u00e9, ha insistido este martes que \"el aeropuerto y el AVE est\u00e1n a meses de verlas abiertas, no a\u00f1os\". \"Son meses lo que tenemos por delante para que el AVE est\u00e9 entrando en la estaci\u00f3n del barrio de El Carmen en Murcia y para que los aviones est\u00e9n","inLanguage":"es-ES","isPartOf":{"@id":"https:\/\/eldigitaldeasturias.com\/magazine365\/#website"},"breadcrumb":{"@id":"https:\/\/eldigitaldeasturias.com\/magazine365\/francisco-bernabe-insiste-en-que-el-aeropuerto-y-el-ave-estan-a-meses-de-verse-abiertas\/#breadcrumblist"},"author":{"@id":"https:\/\/eldigitaldeasturias.com\/magazine365\/author\/admin\/#author"},"creator":{"@id":"https:\/\/eldigitaldeasturias.com\/magazine365\/author\/admin\/#author"},"image":{"@type":"ImageObject","url":"https:\/\/eldigitaldeasturias.com\/magazine365\/wp-content\/uploads\/2016\/05\/fotonoticia_20160524110559_800.jpg","@id":"https:\/\/eldigitaldeasturias.com\/magazine365\/francisco-bernabe-insiste-en-que-el-aeropuerto-y-el-ave-estan-a-meses-de-verse-abiertas\/#mainImage","width":800,"height":600},"primaryImageOfPage":{"@id":"https:\/\/eldigitaldeasturias.com\/magazine365\/francisco-bernabe-insiste-en-que-el-aeropuerto-y-el-ave-estan-a-meses-de-verse-abiertas\/#mainImage"},"datePublished":"2016-05-24T22:50:01+02:00","dateModified":"2016-05-24T22:50:01+02:00"},{"@type":"WebSite","@id":"https:\/\/eldigitaldeasturias.com\/magazine365\/#website","url":"https:\/\/eldigitaldeasturias.com\/magazine365\/","name":"El Digital de Asturias","description":"Revista de ocio, turismo y estilo de vida","inLanguage":"es-ES","publisher":{"@id":"https:\/\/eldigitaldeasturias.com\/magazine365\/#organization"}}]},"og:locale":"es_ES","og:site_name":"El Digital de Asturias \u2013 Revista de ocio, turismo y estilo de vida","og:type":"article","og:title":"Francisco Bernab\u00e9 insiste en que el aeropuerto y el AVE \u00abest\u00e1n a meses de verse abiertas\u00bb | El Digital de Asturias","og:description":"El exconsejero de Fomento e Infraestructuras, Francisco Bernab\u00e9, ha insistido este martes que &quot;el aeropuerto y el AVE est\u00e1n a meses de verlas abiertas, no a\u00f1os&quot;. &quot;Son meses lo que tenemos por delante para que el AVE est\u00e9 entrando en la estaci\u00f3n del barrio de El Carmen en Murcia y para que los aviones est\u00e9n","og:url":"https:\/\/eldigitaldeasturias.com\/magazine365\/francisco-bernabe-insiste-en-que-el-aeropuerto-y-el-ave-estan-a-meses-de-verse-abiertas\/","og:image":"https:\/\/eldigitaldeasturias.com\/magazine365\/wp-content\/uploads\/2016\/05\/fotonoticia_20160524110559_800.jpg","og:image:secure_url":"https:\/\/eldigitaldeasturias.com\/magazine365\/wp-content\/uploads\/2016\/05\/fotonoticia_20160524110559_800.jpg","og:image:width":800,"og:image:height":600,"article:published_time":"2016-05-24T20:50:01+00:00","article:modified_time":"2016-05-24T20:50:01+00:00","twitter:card":"summary_large_image","twitter:title":"Francisco Bernab\u00e9 insiste en que el aeropuerto y el AVE \u00abest\u00e1n a meses de verse abiertas\u00bb | El Digital de Asturias","twitter:description":"El exconsejero de Fomento e Infraestructuras, Francisco Bernab\u00e9, ha insistido este martes que &quot;el aeropuerto y el AVE est\u00e1n a meses de verlas abiertas, no a\u00f1os&quot;. &quot;Son meses lo que tenemos por delante para que el AVE est\u00e9 entrando en la estaci\u00f3n del barrio de El Carmen en Murcia y para que los aviones est\u00e9n","twitter:image":"https:\/\/eldigitaldeasturias.com\/magazine365\/wp-content\/uploads\/2016\/05\/fotonoticia_20160524110559_800.jpg"},"aioseo_meta_data":{"post_id":"76917","title":null,"description":null,"keywords":null,"keyphrases":null,"primary_term":null,"canonical_url":null,"og_title":null,"og_description":null,"og_object_type":"default","og_image_type":"default","og_image_url":null,"og_image_width":null,"og_image_height":null,"og_image_custom_url":null,"og_image_custom_fields":null,"og_video":null,"og_custom_url":null,"og_article_section":null,"og_article_tags":null,"twitter_use_og":false,"twitter_card":"default","twitter_image_type":"default","twitter_image_url":null,"twitter_image_custom_url":null,"twitter_image_custom_fields":null,"twitter_title":null,"twitter_description":null,"schema":{"blockGraphs":[],"customGraphs":[],"default":{"data":{"Article":[],"Course":[],"Dataset":[],"FAQPage":[],"Movie":[],"Person":[],"Product":[],"ProductReview":[],"Car":[],"Recipe":[],"Service":[],"SoftwareApplication":[],"WebPage":[]},"graphName":"","isEnabled":true},"graphs":[],"defaultGraph":"","defaultPostTypeGraph":""},"schema_type":null,"schema_type_options":null,"pillar_content":false,"robots_default":true,"robots_noindex":false,"robots_noarchive":false,"robots_nosnippet":false,"robots_nofollow":false,"robots_noimageindex":false,"robots_noodp":false,"robots_notranslate":false,"robots_max_snippet":null,"robots_max_videopreview":null,"robots_max_imagepreview":"large","priority":null,"frequency":null,"location":null,"local_seo":null,"seo_analyzer_scan_date":"2025-09-27 13:41:19","breadcrumb_settings":null,"limit_modified_date":false,"open_ai":null,"ai":null,"created":"2021-03-08 18:21:48","updated":"2025-09-27 13:41:19"},"aioseo_breadcrumb":"<div class=\"aioseo-breadcrumbs\"><span class=\"aioseo-breadcrumb\">\n\t<a href=\"https:\/\/eldigitaldeasturias.com\/magazine365\" title=\"Home\">Home<\/a>\n<\/span><span class=\"aioseo-breadcrumb-separator\">\u2013<\/span><span class=\"aioseo-breadcrumb\">\n\t<a href=\"https:\/\/eldigitaldeasturias.com\/magazine365\/category\/noticias-actualidad\/\" title=\"Noticias y Actualidad\">Noticias y Actualidad<\/a>\n<\/span><span class=\"aioseo-breadcrumb-separator\">\u2013<\/span><span class=\"aioseo-breadcrumb\">\n\t<a href=\"https:\/\/eldigitaldeasturias.com\/magazine365\/francisco-bernabe-insiste-en-que-el-aeropuerto-y-el-ave-estan-a-meses-de-verse-abiertas\/\" title=\"Francisco Bernab\u00e9 insiste en que el aeropuerto y el AVE \u00abest\u00e1n a meses de verse abiertas\u00bb\">Francisco Bernab\u00e9 insiste en que el aeropuerto y el AVE \u00abest\u00e1n a meses de verse abiertas\u00bb<\/a>\n<\/span><\/div>","aioseo_breadcrumb_json":[{"label":"Home","link":"https:\/\/eldigitaldeasturias.com\/magazine365"},{"label":"Noticias y Actualidad","link":"https:\/\/eldigitaldeasturias.com\/magazine365\/category\/noticias-actualidad\/"},{"label":"Francisco Bernab\u00e9 insiste en que el aeropuerto y el AVE \u00abest\u00e1n a meses de verse abiertas\u00bb","link":"https:\/\/eldigitaldeasturias.com\/magazine365\/francisco-bernabe-insiste-en-que-el-aeropuerto-y-el-ave-estan-a-meses-de-verse-abiertas\/"}],"_links":{"self":[{"href":"https:\/\/eldigitaldeasturias.com\/magazine365\/wp-json\/wp\/v2\/posts\/76917","targetHints":{"allow":["GET"]}}],"collection":[{"href":"https:\/\/eldigitaldeasturias.com\/magazine365\/wp-json\/wp\/v2\/posts"}],"about":[{"href":"https:\/\/eldigitaldeasturias.com\/magazine365\/wp-json\/wp\/v2\/types\/post"}],"author":[{"embeddable":true,"href":"https:\/\/eldigitaldeasturias.com\/magazine365\/wp-json\/wp\/v2\/users\/1"}],"replies":[{"embeddable":true,"href":"https:\/\/eldigitaldeasturias.com\/magazine365\/wp-json\/wp\/v2\/comments?post=76917"}],"version-history":[{"count":0,"href":"https:\/\/eldigitaldeasturias.com\/magazine365\/wp-json\/wp\/v2\/posts\/76917\/revisions"}],"wp:featuredmedia":[{"embeddable":true,"href":"https:\/\/eldigitaldeasturias.com\/magazine365\/wp-json\/wp\/v2\/media\/76918"}],"wp:attachment":[{"href":"https:\/\/eldigitaldeasturias.com\/magazine365\/wp-json\/wp\/v2\/media?parent=76917"}],"wp:term":[{"taxonomy":"category","embeddable":true,"href":"https:\/\/eldigitaldeasturias.com\/magazine365\/wp-json\/wp\/v2\/categories?post=76917"},{"taxonomy":"post_tag","embeddable":true,"href":"https:\/\/eldigitaldeasturias.com\/magazine365\/wp-json\/wp\/v2\/tags?post=76917"}],"curies":[{"name":"wp","href":"https:\/\/api.w.org\/{rel}","templated":true}]}}