{"id":76902,"date":"2016-05-24T22:45:24","date_gmt":"2016-05-24T20:45:24","guid":{"rendered":"http:\/\/eldigitaldeasturias.com\/magazine365\/?p=76902"},"modified":"2016-05-24T22:45:24","modified_gmt":"2016-05-24T20:45:24","slug":"fomento-recurrira-el-auto-que-le-obliga-a-asumir-la-gestion-de-las-radiales-r3-y-r5","status":"publish","type":"post","link":"https:\/\/eldigitaldeasturias.com\/magazine365\/fomento-recurrira-el-auto-que-le-obliga-a-asumir-la-gestion-de-las-radiales-r3-y-r5\/","title":{"rendered":"Fomento recurrir\u00e1 el auto que le obliga a asumir la gesti\u00f3n de las radiales R3 y R5"},"content":{"rendered":"<p><img fetchpriority=\"high\" decoding=\"async\" class=\"alignleft size-medium wp-image-76903\" src=\"https:\/\/eldigitaldeasturias.com\/magazine365\/wp-content\/uploads\/2016\/05\/fotonoticia_20160524104930_800-360x270.jpg\" alt=\"fotonoticia_20160524104930_800\" width=\"360\" height=\"270\" srcset=\"https:\/\/eldigitaldeasturias.com\/magazine365\/wp-content\/uploads\/2016\/05\/fotonoticia_20160524104930_800-360x270.jpg 360w, https:\/\/eldigitaldeasturias.com\/magazine365\/wp-content\/uploads\/2016\/05\/fotonoticia_20160524104930_800-650x488.jpg 650w, https:\/\/eldigitaldeasturias.com\/magazine365\/wp-content\/uploads\/2016\/05\/fotonoticia_20160524104930_800-768x576.jpg 768w, https:\/\/eldigitaldeasturias.com\/magazine365\/wp-content\/uploads\/2016\/05\/fotonoticia_20160524104930_800-150x113.jpg 150w, https:\/\/eldigitaldeasturias.com\/magazine365\/wp-content\/uploads\/2016\/05\/fotonoticia_20160524104930_800-450x338.jpg 450w, https:\/\/eldigitaldeasturias.com\/magazine365\/wp-content\/uploads\/2016\/05\/fotonoticia_20160524104930_800-90x67.jpg 90w, https:\/\/eldigitaldeasturias.com\/magazine365\/wp-content\/uploads\/2016\/05\/fotonoticia_20160524104930_800-164x124.jpg 164w, https:\/\/eldigitaldeasturias.com\/magazine365\/wp-content\/uploads\/2016\/05\/fotonoticia_20160524104930_800-100x75.jpg 100w, https:\/\/eldigitaldeasturias.com\/magazine365\/wp-content\/uploads\/2016\/05\/fotonoticia_20160524104930_800.jpg 800w\" sizes=\"(max-width: 360px) 100vw, 360px\" \/>El secretario de Estado de Infraestructuras, Transportes y Vivienda, Julio G\u00f3mez-Pomar, ha avanzado este martes que la Administraci\u00f3n interpondr\u00e1 un recurso \u00abante el tribunal oportuno\u00bb contra el auto del Juzgado de lo Mercantil n\u00famero 6 de Madrid en el que se dicta la liquidaci\u00f3n de las radiales R-3 Madrid-Arganda, R-5 Madrid-Navalcarnero y la autopista de circunvalaci\u00f3n de Alicante.<\/p>\n<p>De esta forma, estas autopistas, tres de las ocho actualmente en quiebra, quedar\u00e1n cerradas al tr\u00e1fico el pr\u00f3ximo 1 de octubre si el Ministerio de Fomento no sume la gesti\u00f3n de las v\u00edas antes de esa fecha. No obstante, el auto se ha emitido \u00absin efectos suspensivos\u00bb, con lo que no quedar\u00e1 en suspenso por el hecho de que Fomento lo recurra, inicialmente ante la Audiencia Provincial.<\/p>\n<p>En declaraciones a los medios tras participar en el Encuentro Anual de las Asociaci\u00f3n Europea de Autopistas de Pejae, G\u00f3mez-Pomar ha indicado que \u00abel Gobierno entiende que la resoluci\u00f3n del contrato le corresponde a la Administraci\u00f3n General del Estado (AGE), que es la otra parte contratante\u00bb, adem\u00e1s de a Abertis y ACS, concesionarios de las autopistas. \u00abEs un conflicto de jurisdicci\u00f3n\u00bb, ha resumido, para apostillar que \u00abse interpondr\u00e1 un recurso ante el tribunal oportuno\u00bb.<\/p>\n<p>Por otro lado, G\u00f3mez-Pomar ha aprovechado para recordar que el Gobierno puso sobre la mesa una propuesta para aglutinar a todas las autopistas dentro de un gran convenio comandado por la Administraci\u00f3n, al modo de un &#8216;banco malo&#8217;, que fue rechazada por las concesionarias. Al respecto, ha dicho que \u00abel transcurso del tiempo est\u00e1 poniendo de manifiesto que los t\u00e9rminos que se planteaban en t\u00e9rminos de retribuci\u00f3n se est\u00e1n viendo superados\u00bb.<\/p>\n<p>\u00abEra una buena propuesta de convenio y est\u00e1 ah\u00ed por si se quiere reconsiderar y trabajar\u00bb, ha a\u00f1adido, pese a admitir que, sobre este asunto, \u00abno ha habido acercamiento en los \u00faltimos tiempos\u00bb.<\/p>\n<p>INSISTE EN PRIVATIZAR LA RED DE AUTOPISTAS DE PEAJE.<\/p>\n<p>Por otro lado, el secretario de Estado de Infraestructuras, Transportes y Vivienda ha insistido en que \u00abel criterio del Gobierno es que cuando se cumpla el periodo concesional de cada autopista de peaje se vayan integrando en la red de carreteras del Estado y que puedan ser de uso libre\u00bb. La primera de las autopistas de peaje en integrarse ser\u00eda la AP-1 en Burgos, cuya concesi\u00f3n vence a finales de 2018.<\/p>\n<p>Preguntado por si Espa\u00f1a puede asumir el coste de mantenimiento de estas autopistas en el actual contexto de necesaria reducci\u00f3n del d\u00e9ficit p\u00fablico, G\u00f3mez-Pomar ha indicado que la idea es integrar este gasto \u00abdentro de las dotaciones que hay\u00bb en el correspondiente al de mantenimiento total de la red de carreteras, con cargo a los Presupuestos Generales del Estado (PGE).<\/p>\n<p>\u00abEl mantenimiento se llevar\u00e1 a cabo como una v\u00eda de alta capacidad m\u00e1s\u00bb, ha remachado, para admitir a continuaci\u00f3n que, aunque se tratar\u00eda de una proporci\u00f3n \u00abmenor\u00bb, actualmente \u00abno existe estimaci\u00f3n\u00bb sobre el coste que podr\u00eda suponer sumar estas nuevas autopistas al presupuesto de la red de carreteras nacionales.<\/p>\n<p>En cuanto al inter\u00e9s de Abertis e Itinere por dar marcha atr\u00e1s esta decisi\u00f3n y renovar concesiones, G\u00f3mez-Pomar ha insistido en que \u00ablos t\u00e9rminos de las concesiones tienen un plazo y el criterio del Gobierno es su reversi\u00f3n\u00bb. \u00abEs lo natural y normal en el proceso concesional\u00bb, ha zanjado.<\/p>\n","protected":false},"excerpt":{"rendered":"<p>El secretario de Estado de Infraestructuras, Transportes y Vivienda, Julio G\u00f3mez-Pomar, ha avanzado este martes que la Administraci\u00f3n interpondr\u00e1 un recurso \u00abante el tribunal oportuno\u00bb contra el auto del Juzgado de lo Mercantil n\u00famero 6 de Madrid en el que se dicta la liquidaci\u00f3n de las radiales R-3 Madrid-Arganda, R-5 Madrid-Navalcarnero y la autopista de<\/p>\n","protected":false},"author":1,"featured_media":76903,"comment_status":"open","ping_status":"closed","sticky":false,"template":"","format":"standard","meta":{"footnotes":""},"categories":[224],"tags":[],"class_list":{"0":"post-76902","1":"post","2":"type-post","3":"status-publish","4":"format-standard","5":"has-post-thumbnail","7":"category-noticias-actualidad"},"aioseo_notices":[],"aioseo_head":"\n\t\t<!-- All in One SEO Pro 4.9.6.1 - aioseo.com -->\n\t<meta name=\"description\" content=\"El secretario de Estado de Infraestructuras, Transportes y Vivienda, Julio G\u00f3mez-Pomar, ha avanzado este martes que la Administraci\u00f3n interpondr\u00e1 un recurso &quot;ante el tribunal oportuno&quot; contra el auto del Juzgado de lo Mercantil n\u00famero 6 de Madrid en el que se dicta la liquidaci\u00f3n de las radiales R-3 Madrid-Arganda, R-5 Madrid-Navalcarnero y la autopista de\" \/>\n\t<meta name=\"robots\" content=\"max-image-preview:large\" \/>\n\t<meta name=\"author\" content=\"admin\"\/>\n\t<meta name=\"google-site-verification\" content=\"UA-38556648-1\" \/>\n\t<meta name=\"keywords\" content=\"noticias y actualidad\" \/>\n\t<link rel=\"canonical\" href=\"https:\/\/eldigitaldeasturias.com\/magazine365\/fomento-recurrira-el-auto-que-le-obliga-a-asumir-la-gestion-de-las-radiales-r3-y-r5\/\" \/>\n\t<meta name=\"generator\" content=\"All in One SEO Pro (AIOSEO) 4.9.6.1\" \/>\n\t\t<meta property=\"og:locale\" content=\"es_ES\" \/>\n\t\t<meta property=\"og:site_name\" content=\"El Digital de Asturias \u2013 Revista de ocio, turismo y estilo de vida\" \/>\n\t\t<meta property=\"og:type\" content=\"article\" \/>\n\t\t<meta property=\"og:title\" content=\"Fomento recurrir\u00e1 el auto que le obliga a asumir la gesti\u00f3n de las radiales R3 y R5 | El Digital de Asturias\" \/>\n\t\t<meta property=\"og:description\" content=\"El secretario de Estado de Infraestructuras, Transportes y Vivienda, Julio G\u00f3mez-Pomar, ha avanzado este martes que la Administraci\u00f3n interpondr\u00e1 un recurso &quot;ante el tribunal oportuno&quot; contra el auto del Juzgado de lo Mercantil n\u00famero 6 de Madrid en el que se dicta la liquidaci\u00f3n de las radiales R-3 Madrid-Arganda, R-5 Madrid-Navalcarnero y la autopista de\" \/>\n\t\t<meta property=\"og:url\" content=\"https:\/\/eldigitaldeasturias.com\/magazine365\/fomento-recurrira-el-auto-que-le-obliga-a-asumir-la-gestion-de-las-radiales-r3-y-r5\/\" \/>\n\t\t<meta property=\"og:image\" content=\"https:\/\/eldigitaldeasturias.com\/magazine365\/wp-content\/uploads\/2016\/05\/fotonoticia_20160524104930_800.jpg\" \/>\n\t\t<meta property=\"og:image:secure_url\" content=\"https:\/\/eldigitaldeasturias.com\/magazine365\/wp-content\/uploads\/2016\/05\/fotonoticia_20160524104930_800.jpg\" \/>\n\t\t<meta property=\"og:image:width\" content=\"800\" \/>\n\t\t<meta property=\"og:image:height\" content=\"600\" \/>\n\t\t<meta property=\"article:published_time\" content=\"2016-05-24T20:45:24+00:00\" \/>\n\t\t<meta property=\"article:modified_time\" content=\"2016-05-24T20:45:24+00:00\" \/>\n\t\t<meta name=\"twitter:card\" content=\"summary_large_image\" \/>\n\t\t<meta name=\"twitter:title\" content=\"Fomento recurrir\u00e1 el auto que le obliga a asumir la gesti\u00f3n de las radiales R3 y R5 | El Digital de Asturias\" \/>\n\t\t<meta name=\"twitter:description\" content=\"El secretario de Estado de Infraestructuras, Transportes y Vivienda, Julio G\u00f3mez-Pomar, ha avanzado este martes que la Administraci\u00f3n interpondr\u00e1 un recurso &quot;ante el tribunal oportuno&quot; contra el auto del Juzgado de lo Mercantil n\u00famero 6 de Madrid en el que se dicta la liquidaci\u00f3n de las radiales R-3 Madrid-Arganda, R-5 Madrid-Navalcarnero y la autopista de\" \/>\n\t\t<meta name=\"twitter:image\" content=\"https:\/\/eldigitaldeasturias.com\/magazine365\/wp-content\/uploads\/2016\/05\/fotonoticia_20160524104930_800.jpg\" \/>\n\t\t<script type=\"application\/ld+json\" class=\"aioseo-schema\">\n\t\t\t{\"@context\":\"https:\\\/\\\/schema.org\",\"@graph\":[{\"@type\":\"Article\",\"@id\":\"https:\\\/\\\/eldigitaldeasturias.com\\\/magazine365\\\/fomento-recurrira-el-auto-que-le-obliga-a-asumir-la-gestion-de-las-radiales-r3-y-r5\\\/#article\",\"name\":\"Fomento recurrir\\u00e1 el auto que le obliga a asumir la gesti\\u00f3n de las radiales R3 y R5 | El Digital de Asturias\",\"headline\":\"Fomento recurrir\\u00e1 el auto que le obliga a asumir la gesti\\u00f3n de las radiales R3 y R5\",\"author\":{\"@id\":\"https:\\\/\\\/eldigitaldeasturias.com\\\/magazine365\\\/author\\\/admin\\\/#author\"},\"publisher\":{\"@id\":\"https:\\\/\\\/eldigitaldeasturias.com\\\/magazine365\\\/#organization\"},\"image\":{\"@type\":\"ImageObject\",\"url\":\"https:\\\/\\\/eldigitaldeasturias.com\\\/magazine365\\\/wp-content\\\/uploads\\\/2016\\\/05\\\/fotonoticia_20160524104930_800.jpg\",\"width\":800,\"height\":600},\"datePublished\":\"2016-05-24T22:45:24+02:00\",\"dateModified\":\"2016-05-24T22:45:24+02:00\",\"inLanguage\":\"es-ES\",\"mainEntityOfPage\":{\"@id\":\"https:\\\/\\\/eldigitaldeasturias.com\\\/magazine365\\\/fomento-recurrira-el-auto-que-le-obliga-a-asumir-la-gestion-de-las-radiales-r3-y-r5\\\/#webpage\"},\"isPartOf\":{\"@id\":\"https:\\\/\\\/eldigitaldeasturias.com\\\/magazine365\\\/fomento-recurrira-el-auto-que-le-obliga-a-asumir-la-gestion-de-las-radiales-r3-y-r5\\\/#webpage\"},\"articleSection\":\"Noticias y Actualidad\"},{\"@type\":\"BreadcrumbList\",\"@id\":\"https:\\\/\\\/eldigitaldeasturias.com\\\/magazine365\\\/fomento-recurrira-el-auto-que-le-obliga-a-asumir-la-gestion-de-las-radiales-r3-y-r5\\\/#breadcrumblist\",\"itemListElement\":[{\"@type\":\"ListItem\",\"@id\":\"https:\\\/\\\/eldigitaldeasturias.com\\\/magazine365#listItem\",\"position\":1,\"name\":\"Home\",\"item\":\"https:\\\/\\\/eldigitaldeasturias.com\\\/magazine365\",\"nextItem\":{\"@type\":\"ListItem\",\"@id\":\"https:\\\/\\\/eldigitaldeasturias.com\\\/magazine365\\\/category\\\/noticias-actualidad\\\/#listItem\",\"name\":\"Noticias y Actualidad\"}},{\"@type\":\"ListItem\",\"@id\":\"https:\\\/\\\/eldigitaldeasturias.com\\\/magazine365\\\/category\\\/noticias-actualidad\\\/#listItem\",\"position\":2,\"name\":\"Noticias y Actualidad\",\"item\":\"https:\\\/\\\/eldigitaldeasturias.com\\\/magazine365\\\/category\\\/noticias-actualidad\\\/\",\"nextItem\":{\"@type\":\"ListItem\",\"@id\":\"https:\\\/\\\/eldigitaldeasturias.com\\\/magazine365\\\/fomento-recurrira-el-auto-que-le-obliga-a-asumir-la-gestion-de-las-radiales-r3-y-r5\\\/#listItem\",\"name\":\"Fomento recurrir\\u00e1 el auto que le obliga a asumir la gesti\\u00f3n de las radiales R3 y R5\"},\"previousItem\":{\"@type\":\"ListItem\",\"@id\":\"https:\\\/\\\/eldigitaldeasturias.com\\\/magazine365#listItem\",\"name\":\"Home\"}},{\"@type\":\"ListItem\",\"@id\":\"https:\\\/\\\/eldigitaldeasturias.com\\\/magazine365\\\/fomento-recurrira-el-auto-que-le-obliga-a-asumir-la-gestion-de-las-radiales-r3-y-r5\\\/#listItem\",\"position\":3,\"name\":\"Fomento recurrir\\u00e1 el auto que le obliga a asumir la gesti\\u00f3n de las radiales R3 y R5\",\"previousItem\":{\"@type\":\"ListItem\",\"@id\":\"https:\\\/\\\/eldigitaldeasturias.com\\\/magazine365\\\/category\\\/noticias-actualidad\\\/#listItem\",\"name\":\"Noticias y Actualidad\"}}]},{\"@type\":\"Organization\",\"@id\":\"https:\\\/\\\/eldigitaldeasturias.com\\\/magazine365\\\/#organization\",\"name\":\"El digital de Asturias\",\"description\":\"Revista de ocio, turismo y estilo de vida\",\"url\":\"https:\\\/\\\/eldigitaldeasturias.com\\\/magazine365\\\/\",\"logo\":{\"@type\":\"ImageObject\",\"url\":\"https:\\\/\\\/www.eldigitaldeasturias.com\\\/noticias\\\/wp-content\\\/uploads\\\/2020\\\/12\\\/EDA.jpg\",\"@id\":\"https:\\\/\\\/eldigitaldeasturias.com\\\/magazine365\\\/fomento-recurrira-el-auto-que-le-obliga-a-asumir-la-gestion-de-las-radiales-r3-y-r5\\\/#organizationLogo\"},\"image\":{\"@id\":\"https:\\\/\\\/eldigitaldeasturias.com\\\/magazine365\\\/fomento-recurrira-el-auto-que-le-obliga-a-asumir-la-gestion-de-las-radiales-r3-y-r5\\\/#organizationLogo\"}},{\"@type\":\"Person\",\"@id\":\"https:\\\/\\\/eldigitaldeasturias.com\\\/magazine365\\\/author\\\/admin\\\/#author\",\"url\":\"https:\\\/\\\/eldigitaldeasturias.com\\\/magazine365\\\/author\\\/admin\\\/\",\"name\":\"admin\",\"image\":{\"@type\":\"ImageObject\",\"@id\":\"https:\\\/\\\/eldigitaldeasturias.com\\\/magazine365\\\/fomento-recurrira-el-auto-que-le-obliga-a-asumir-la-gestion-de-las-radiales-r3-y-r5\\\/#authorImage\",\"url\":\"https:\\\/\\\/eldigitaldeasturias.com\\\/magazine365\\\/wp-content\\\/litespeed\\\/avatar\\\/e571bcf59a0edd6fa6838245a470f2fe.jpg?ver=1777574230\",\"width\":96,\"height\":96,\"caption\":\"admin\"}},{\"@type\":\"WebPage\",\"@id\":\"https:\\\/\\\/eldigitaldeasturias.com\\\/magazine365\\\/fomento-recurrira-el-auto-que-le-obliga-a-asumir-la-gestion-de-las-radiales-r3-y-r5\\\/#webpage\",\"url\":\"https:\\\/\\\/eldigitaldeasturias.com\\\/magazine365\\\/fomento-recurrira-el-auto-que-le-obliga-a-asumir-la-gestion-de-las-radiales-r3-y-r5\\\/\",\"name\":\"Fomento recurrir\\u00e1 el auto que le obliga a asumir la gesti\\u00f3n de las radiales R3 y R5 | El Digital de Asturias\",\"description\":\"El secretario de Estado de Infraestructuras, Transportes y Vivienda, Julio G\\u00f3mez-Pomar, ha avanzado este martes que la Administraci\\u00f3n interpondr\\u00e1 un recurso \\\"ante el tribunal oportuno\\\" contra el auto del Juzgado de lo Mercantil n\\u00famero 6 de Madrid en el que se dicta la liquidaci\\u00f3n de las radiales R-3 Madrid-Arganda, R-5 Madrid-Navalcarnero y la autopista de\",\"inLanguage\":\"es-ES\",\"isPartOf\":{\"@id\":\"https:\\\/\\\/eldigitaldeasturias.com\\\/magazine365\\\/#website\"},\"breadcrumb\":{\"@id\":\"https:\\\/\\\/eldigitaldeasturias.com\\\/magazine365\\\/fomento-recurrira-el-auto-que-le-obliga-a-asumir-la-gestion-de-las-radiales-r3-y-r5\\\/#breadcrumblist\"},\"author\":{\"@id\":\"https:\\\/\\\/eldigitaldeasturias.com\\\/magazine365\\\/author\\\/admin\\\/#author\"},\"creator\":{\"@id\":\"https:\\\/\\\/eldigitaldeasturias.com\\\/magazine365\\\/author\\\/admin\\\/#author\"},\"image\":{\"@type\":\"ImageObject\",\"url\":\"https:\\\/\\\/eldigitaldeasturias.com\\\/magazine365\\\/wp-content\\\/uploads\\\/2016\\\/05\\\/fotonoticia_20160524104930_800.jpg\",\"@id\":\"https:\\\/\\\/eldigitaldeasturias.com\\\/magazine365\\\/fomento-recurrira-el-auto-que-le-obliga-a-asumir-la-gestion-de-las-radiales-r3-y-r5\\\/#mainImage\",\"width\":800,\"height\":600},\"primaryImageOfPage\":{\"@id\":\"https:\\\/\\\/eldigitaldeasturias.com\\\/magazine365\\\/fomento-recurrira-el-auto-que-le-obliga-a-asumir-la-gestion-de-las-radiales-r3-y-r5\\\/#mainImage\"},\"datePublished\":\"2016-05-24T22:45:24+02:00\",\"dateModified\":\"2016-05-24T22:45:24+02:00\"},{\"@type\":\"WebSite\",\"@id\":\"https:\\\/\\\/eldigitaldeasturias.com\\\/magazine365\\\/#website\",\"url\":\"https:\\\/\\\/eldigitaldeasturias.com\\\/magazine365\\\/\",\"name\":\"El Digital de Asturias\",\"description\":\"Revista de ocio, turismo y estilo de vida\",\"inLanguage\":\"es-ES\",\"publisher\":{\"@id\":\"https:\\\/\\\/eldigitaldeasturias.com\\\/magazine365\\\/#organization\"}}]}\n\t\t<\/script>\n\t\t<!-- All in One SEO Pro -->\r\n\t\t<title>Fomento recurrir\u00e1 el auto que le obliga a asumir la gesti\u00f3n de las radiales R3 y R5 | El Digital de Asturias<\/title>\n\n","aioseo_head_json":{"title":"Fomento recurrir\u00e1 el auto que le obliga a asumir la gesti\u00f3n de las radiales R3 y R5 | El Digital de Asturias","description":"El secretario de Estado de Infraestructuras, Transportes y Vivienda, Julio G\u00f3mez-Pomar, ha avanzado este martes que la Administraci\u00f3n interpondr\u00e1 un recurso \"ante el tribunal oportuno\" contra el auto del Juzgado de lo Mercantil n\u00famero 6 de Madrid en el que se dicta la liquidaci\u00f3n de las radiales R-3 Madrid-Arganda, R-5 Madrid-Navalcarnero y la autopista de","canonical_url":"https:\/\/eldigitaldeasturias.com\/magazine365\/fomento-recurrira-el-auto-que-le-obliga-a-asumir-la-gestion-de-las-radiales-r3-y-r5\/","robots":"max-image-preview:large","keywords":"noticias y actualidad","webmasterTools":{"google-site-verification":"UA-38556648-1","miscellaneous":""},"schema":{"@context":"https:\/\/schema.org","@graph":[{"@type":"Article","@id":"https:\/\/eldigitaldeasturias.com\/magazine365\/fomento-recurrira-el-auto-que-le-obliga-a-asumir-la-gestion-de-las-radiales-r3-y-r5\/#article","name":"Fomento recurrir\u00e1 el auto que le obliga a asumir la gesti\u00f3n de las radiales R3 y R5 | El Digital de Asturias","headline":"Fomento recurrir\u00e1 el auto que le obliga a asumir la gesti\u00f3n de las radiales R3 y R5","author":{"@id":"https:\/\/eldigitaldeasturias.com\/magazine365\/author\/admin\/#author"},"publisher":{"@id":"https:\/\/eldigitaldeasturias.com\/magazine365\/#organization"},"image":{"@type":"ImageObject","url":"https:\/\/eldigitaldeasturias.com\/magazine365\/wp-content\/uploads\/2016\/05\/fotonoticia_20160524104930_800.jpg","width":800,"height":600},"datePublished":"2016-05-24T22:45:24+02:00","dateModified":"2016-05-24T22:45:24+02:00","inLanguage":"es-ES","mainEntityOfPage":{"@id":"https:\/\/eldigitaldeasturias.com\/magazine365\/fomento-recurrira-el-auto-que-le-obliga-a-asumir-la-gestion-de-las-radiales-r3-y-r5\/#webpage"},"isPartOf":{"@id":"https:\/\/eldigitaldeasturias.com\/magazine365\/fomento-recurrira-el-auto-que-le-obliga-a-asumir-la-gestion-de-las-radiales-r3-y-r5\/#webpage"},"articleSection":"Noticias y Actualidad"},{"@type":"BreadcrumbList","@id":"https:\/\/eldigitaldeasturias.com\/magazine365\/fomento-recurrira-el-auto-que-le-obliga-a-asumir-la-gestion-de-las-radiales-r3-y-r5\/#breadcrumblist","itemListElement":[{"@type":"ListItem","@id":"https:\/\/eldigitaldeasturias.com\/magazine365#listItem","position":1,"name":"Home","item":"https:\/\/eldigitaldeasturias.com\/magazine365","nextItem":{"@type":"ListItem","@id":"https:\/\/eldigitaldeasturias.com\/magazine365\/category\/noticias-actualidad\/#listItem","name":"Noticias y Actualidad"}},{"@type":"ListItem","@id":"https:\/\/eldigitaldeasturias.com\/magazine365\/category\/noticias-actualidad\/#listItem","position":2,"name":"Noticias y Actualidad","item":"https:\/\/eldigitaldeasturias.com\/magazine365\/category\/noticias-actualidad\/","nextItem":{"@type":"ListItem","@id":"https:\/\/eldigitaldeasturias.com\/magazine365\/fomento-recurrira-el-auto-que-le-obliga-a-asumir-la-gestion-de-las-radiales-r3-y-r5\/#listItem","name":"Fomento recurrir\u00e1 el auto que le obliga a asumir la gesti\u00f3n de las radiales R3 y R5"},"previousItem":{"@type":"ListItem","@id":"https:\/\/eldigitaldeasturias.com\/magazine365#listItem","name":"Home"}},{"@type":"ListItem","@id":"https:\/\/eldigitaldeasturias.com\/magazine365\/fomento-recurrira-el-auto-que-le-obliga-a-asumir-la-gestion-de-las-radiales-r3-y-r5\/#listItem","position":3,"name":"Fomento recurrir\u00e1 el auto que le obliga a asumir la gesti\u00f3n de las radiales R3 y R5","previousItem":{"@type":"ListItem","@id":"https:\/\/eldigitaldeasturias.com\/magazine365\/category\/noticias-actualidad\/#listItem","name":"Noticias y Actualidad"}}]},{"@type":"Organization","@id":"https:\/\/eldigitaldeasturias.com\/magazine365\/#organization","name":"El digital de Asturias","description":"Revista de ocio, turismo y estilo de vida","url":"https:\/\/eldigitaldeasturias.com\/magazine365\/","logo":{"@type":"ImageObject","url":"https:\/\/www.eldigitaldeasturias.com\/noticias\/wp-content\/uploads\/2020\/12\/EDA.jpg","@id":"https:\/\/eldigitaldeasturias.com\/magazine365\/fomento-recurrira-el-auto-que-le-obliga-a-asumir-la-gestion-de-las-radiales-r3-y-r5\/#organizationLogo"},"image":{"@id":"https:\/\/eldigitaldeasturias.com\/magazine365\/fomento-recurrira-el-auto-que-le-obliga-a-asumir-la-gestion-de-las-radiales-r3-y-r5\/#organizationLogo"}},{"@type":"Person","@id":"https:\/\/eldigitaldeasturias.com\/magazine365\/author\/admin\/#author","url":"https:\/\/eldigitaldeasturias.com\/magazine365\/author\/admin\/","name":"admin","image":{"@type":"ImageObject","@id":"https:\/\/eldigitaldeasturias.com\/magazine365\/fomento-recurrira-el-auto-que-le-obliga-a-asumir-la-gestion-de-las-radiales-r3-y-r5\/#authorImage","url":"https:\/\/eldigitaldeasturias.com\/magazine365\/wp-content\/litespeed\/avatar\/e571bcf59a0edd6fa6838245a470f2fe.jpg?ver=1777574230","width":96,"height":96,"caption":"admin"}},{"@type":"WebPage","@id":"https:\/\/eldigitaldeasturias.com\/magazine365\/fomento-recurrira-el-auto-que-le-obliga-a-asumir-la-gestion-de-las-radiales-r3-y-r5\/#webpage","url":"https:\/\/eldigitaldeasturias.com\/magazine365\/fomento-recurrira-el-auto-que-le-obliga-a-asumir-la-gestion-de-las-radiales-r3-y-r5\/","name":"Fomento recurrir\u00e1 el auto que le obliga a asumir la gesti\u00f3n de las radiales R3 y R5 | El Digital de Asturias","description":"El secretario de Estado de Infraestructuras, Transportes y Vivienda, Julio G\u00f3mez-Pomar, ha avanzado este martes que la Administraci\u00f3n interpondr\u00e1 un recurso \"ante el tribunal oportuno\" contra el auto del Juzgado de lo Mercantil n\u00famero 6 de Madrid en el que se dicta la liquidaci\u00f3n de las radiales R-3 Madrid-Arganda, R-5 Madrid-Navalcarnero y la autopista de","inLanguage":"es-ES","isPartOf":{"@id":"https:\/\/eldigitaldeasturias.com\/magazine365\/#website"},"breadcrumb":{"@id":"https:\/\/eldigitaldeasturias.com\/magazine365\/fomento-recurrira-el-auto-que-le-obliga-a-asumir-la-gestion-de-las-radiales-r3-y-r5\/#breadcrumblist"},"author":{"@id":"https:\/\/eldigitaldeasturias.com\/magazine365\/author\/admin\/#author"},"creator":{"@id":"https:\/\/eldigitaldeasturias.com\/magazine365\/author\/admin\/#author"},"image":{"@type":"ImageObject","url":"https:\/\/eldigitaldeasturias.com\/magazine365\/wp-content\/uploads\/2016\/05\/fotonoticia_20160524104930_800.jpg","@id":"https:\/\/eldigitaldeasturias.com\/magazine365\/fomento-recurrira-el-auto-que-le-obliga-a-asumir-la-gestion-de-las-radiales-r3-y-r5\/#mainImage","width":800,"height":600},"primaryImageOfPage":{"@id":"https:\/\/eldigitaldeasturias.com\/magazine365\/fomento-recurrira-el-auto-que-le-obliga-a-asumir-la-gestion-de-las-radiales-r3-y-r5\/#mainImage"},"datePublished":"2016-05-24T22:45:24+02:00","dateModified":"2016-05-24T22:45:24+02:00"},{"@type":"WebSite","@id":"https:\/\/eldigitaldeasturias.com\/magazine365\/#website","url":"https:\/\/eldigitaldeasturias.com\/magazine365\/","name":"El Digital de Asturias","description":"Revista de ocio, turismo y estilo de vida","inLanguage":"es-ES","publisher":{"@id":"https:\/\/eldigitaldeasturias.com\/magazine365\/#organization"}}]},"og:locale":"es_ES","og:site_name":"El Digital de Asturias \u2013 Revista de ocio, turismo y estilo de vida","og:type":"article","og:title":"Fomento recurrir\u00e1 el auto que le obliga a asumir la gesti\u00f3n de las radiales R3 y R5 | El Digital de Asturias","og:description":"El secretario de Estado de Infraestructuras, Transportes y Vivienda, Julio G\u00f3mez-Pomar, ha avanzado este martes que la Administraci\u00f3n interpondr\u00e1 un recurso &quot;ante el tribunal oportuno&quot; contra el auto del Juzgado de lo Mercantil n\u00famero 6 de Madrid en el que se dicta la liquidaci\u00f3n de las radiales R-3 Madrid-Arganda, R-5 Madrid-Navalcarnero y la autopista de","og:url":"https:\/\/eldigitaldeasturias.com\/magazine365\/fomento-recurrira-el-auto-que-le-obliga-a-asumir-la-gestion-de-las-radiales-r3-y-r5\/","og:image":"https:\/\/eldigitaldeasturias.com\/magazine365\/wp-content\/uploads\/2016\/05\/fotonoticia_20160524104930_800.jpg","og:image:secure_url":"https:\/\/eldigitaldeasturias.com\/magazine365\/wp-content\/uploads\/2016\/05\/fotonoticia_20160524104930_800.jpg","og:image:width":800,"og:image:height":600,"article:published_time":"2016-05-24T20:45:24+00:00","article:modified_time":"2016-05-24T20:45:24+00:00","twitter:card":"summary_large_image","twitter:title":"Fomento recurrir\u00e1 el auto que le obliga a asumir la gesti\u00f3n de las radiales R3 y R5 | El Digital de Asturias","twitter:description":"El secretario de Estado de Infraestructuras, Transportes y Vivienda, Julio G\u00f3mez-Pomar, ha avanzado este martes que la Administraci\u00f3n interpondr\u00e1 un recurso &quot;ante el tribunal oportuno&quot; contra el auto del Juzgado de lo Mercantil n\u00famero 6 de Madrid en el que se dicta la liquidaci\u00f3n de las radiales R-3 Madrid-Arganda, R-5 Madrid-Navalcarnero y la autopista de","twitter:image":"https:\/\/eldigitaldeasturias.com\/magazine365\/wp-content\/uploads\/2016\/05\/fotonoticia_20160524104930_800.jpg"},"aioseo_meta_data":{"post_id":"76902","title":null,"description":null,"keywords":null,"keyphrases":null,"primary_term":null,"canonical_url":null,"og_title":null,"og_description":null,"og_object_type":"default","og_image_type":"default","og_image_url":null,"og_image_width":null,"og_image_height":null,"og_image_custom_url":null,"og_image_custom_fields":null,"og_video":null,"og_custom_url":null,"og_article_section":null,"og_article_tags":null,"twitter_use_og":false,"twitter_card":"default","twitter_image_type":"default","twitter_image_url":null,"twitter_image_custom_url":null,"twitter_image_custom_fields":null,"twitter_title":null,"twitter_description":null,"schema":{"blockGraphs":[],"customGraphs":[],"default":{"data":{"Article":[],"Course":[],"Dataset":[],"FAQPage":[],"Movie":[],"Person":[],"Product":[],"ProductReview":[],"Car":[],"Recipe":[],"Service":[],"SoftwareApplication":[],"WebPage":[]},"graphName":"","isEnabled":true},"graphs":[],"defaultGraph":"","defaultPostTypeGraph":""},"schema_type":null,"schema_type_options":null,"pillar_content":false,"robots_default":true,"robots_noindex":false,"robots_noarchive":false,"robots_nosnippet":false,"robots_nofollow":false,"robots_noimageindex":false,"robots_noodp":false,"robots_notranslate":false,"robots_max_snippet":null,"robots_max_videopreview":null,"robots_max_imagepreview":"large","priority":null,"frequency":null,"location":null,"local_seo":null,"seo_analyzer_scan_date":"2025-09-27 13:38:09","breadcrumb_settings":null,"limit_modified_date":false,"open_ai":null,"ai":null,"created":"2021-03-08 18:22:43","updated":"2025-09-27 13:38:09"},"aioseo_breadcrumb":"<div class=\"aioseo-breadcrumbs\"><span class=\"aioseo-breadcrumb\">\n\t<a href=\"https:\/\/eldigitaldeasturias.com\/magazine365\" title=\"Home\">Home<\/a>\n<\/span><span class=\"aioseo-breadcrumb-separator\">\u2013<\/span><span class=\"aioseo-breadcrumb\">\n\t<a href=\"https:\/\/eldigitaldeasturias.com\/magazine365\/category\/noticias-actualidad\/\" title=\"Noticias y Actualidad\">Noticias y Actualidad<\/a>\n<\/span><span class=\"aioseo-breadcrumb-separator\">\u2013<\/span><span class=\"aioseo-breadcrumb\">\n\t<a href=\"https:\/\/eldigitaldeasturias.com\/magazine365\/fomento-recurrira-el-auto-que-le-obliga-a-asumir-la-gestion-de-las-radiales-r3-y-r5\/\" title=\"Fomento recurrir\u00e1 el auto que le obliga a asumir la gesti\u00f3n de las radiales R3 y R5\">Fomento recurrir\u00e1 el auto que le obliga a asumir la gesti\u00f3n de las radiales R3 y R5<\/a>\n<\/span><\/div>","aioseo_breadcrumb_json":[{"label":"Home","link":"https:\/\/eldigitaldeasturias.com\/magazine365"},{"label":"Noticias y Actualidad","link":"https:\/\/eldigitaldeasturias.com\/magazine365\/category\/noticias-actualidad\/"},{"label":"Fomento recurrir\u00e1 el auto que le obliga a asumir la gesti\u00f3n de las radiales R3 y R5","link":"https:\/\/eldigitaldeasturias.com\/magazine365\/fomento-recurrira-el-auto-que-le-obliga-a-asumir-la-gestion-de-las-radiales-r3-y-r5\/"}],"_links":{"self":[{"href":"https:\/\/eldigitaldeasturias.com\/magazine365\/wp-json\/wp\/v2\/posts\/76902","targetHints":{"allow":["GET"]}}],"collection":[{"href":"https:\/\/eldigitaldeasturias.com\/magazine365\/wp-json\/wp\/v2\/posts"}],"about":[{"href":"https:\/\/eldigitaldeasturias.com\/magazine365\/wp-json\/wp\/v2\/types\/post"}],"author":[{"embeddable":true,"href":"https:\/\/eldigitaldeasturias.com\/magazine365\/wp-json\/wp\/v2\/users\/1"}],"replies":[{"embeddable":true,"href":"https:\/\/eldigitaldeasturias.com\/magazine365\/wp-json\/wp\/v2\/comments?post=76902"}],"version-history":[{"count":0,"href":"https:\/\/eldigitaldeasturias.com\/magazine365\/wp-json\/wp\/v2\/posts\/76902\/revisions"}],"wp:featuredmedia":[{"embeddable":true,"href":"https:\/\/eldigitaldeasturias.com\/magazine365\/wp-json\/wp\/v2\/media\/76903"}],"wp:attachment":[{"href":"https:\/\/eldigitaldeasturias.com\/magazine365\/wp-json\/wp\/v2\/media?parent=76902"}],"wp:term":[{"taxonomy":"category","embeddable":true,"href":"https:\/\/eldigitaldeasturias.com\/magazine365\/wp-json\/wp\/v2\/categories?post=76902"},{"taxonomy":"post_tag","embeddable":true,"href":"https:\/\/eldigitaldeasturias.com\/magazine365\/wp-json\/wp\/v2\/tags?post=76902"}],"curies":[{"name":"wp","href":"https:\/\/api.w.org\/{rel}","templated":true}]}}