{"id":76896,"date":"2016-05-24T22:43:23","date_gmt":"2016-05-24T20:43:23","guid":{"rendered":"http:\/\/eldigitaldeasturias.com\/magazine365\/?p=76896"},"modified":"2016-05-24T22:43:23","modified_gmt":"2016-05-24T20:43:23","slug":"el-fiscal-egipcio-a-cargo-del-caso-de-egyptair-solicita-informacion-a-francia-y-grecia","status":"publish","type":"post","link":"https:\/\/eldigitaldeasturias.com\/magazine365\/el-fiscal-egipcio-a-cargo-del-caso-de-egyptair-solicita-informacion-a-francia-y-grecia\/","title":{"rendered":"El Fiscal egipcio a cargo del caso de EgyptAir solicita informaci\u00f3n a Francia y Grecia"},"content":{"rendered":"<p><img fetchpriority=\"high\" decoding=\"async\" class=\"alignleft size-medium wp-image-76897\" src=\"https:\/\/eldigitaldeasturias.com\/magazine365\/wp-content\/uploads\/2016\/05\/fotonoticia_20160524092950_800-360x225.jpg\" alt=\"fotonoticia_20160524092950_800\" width=\"360\" height=\"225\" srcset=\"https:\/\/eldigitaldeasturias.com\/magazine365\/wp-content\/uploads\/2016\/05\/fotonoticia_20160524092950_800-360x225.jpg 360w, https:\/\/eldigitaldeasturias.com\/magazine365\/wp-content\/uploads\/2016\/05\/fotonoticia_20160524092950_800-650x405.jpg 650w, https:\/\/eldigitaldeasturias.com\/magazine365\/wp-content\/uploads\/2016\/05\/fotonoticia_20160524092950_800-768x479.jpg 768w, https:\/\/eldigitaldeasturias.com\/magazine365\/wp-content\/uploads\/2016\/05\/fotonoticia_20160524092950_800-150x94.jpg 150w, https:\/\/eldigitaldeasturias.com\/magazine365\/wp-content\/uploads\/2016\/05\/fotonoticia_20160524092950_800-450x281.jpg 450w, https:\/\/eldigitaldeasturias.com\/magazine365\/wp-content\/uploads\/2016\/05\/fotonoticia_20160524092950_800-279x173.jpg 279w, https:\/\/eldigitaldeasturias.com\/magazine365\/wp-content\/uploads\/2016\/05\/fotonoticia_20160524092950_800-160x100.jpg 160w, https:\/\/eldigitaldeasturias.com\/magazine365\/wp-content\/uploads\/2016\/05\/fotonoticia_20160524092950_800.jpg 800w\" sizes=\"(max-width: 360px) 100vw, 360px\" \/>El fiscal general egipcio, Nabil Sadek, a cargo del caso del avi\u00f3n de EgyptAir, ha solicitado a su hom\u00f3logo franc\u00e9s que le entregue toda la documentaci\u00f3n posible acerca del periodo en el que la aeronave estuvo en el Aeropuerto Charles de Gaulle de Par\u00eds y en el espacio a\u00e9reo franc\u00e9s, seg\u00fan ha informado en un comunicado. Sadek tambi\u00e9n ha solicitado a las autoridades griegas informaci\u00f3n acerca de las conversaciones entre los controladores a\u00e9reos griegos y el avi\u00f3n siniestrado.<\/p>\n<p>El fiscal egipcio ha pedido todo tipo de documentos al fiscal general franc\u00e9s, desde escritos hasta grabaciones de v\u00eddeo y audio. Tambi\u00e9n le ha demandado a las autoridades griegas que le entreguen las transcripciones de las conversaciones entre los pilotos y los responsables del control a\u00e9reo griego. Por \u00faltimo, ha exigido que se interrogue a los controladores griegos para determinar si el piloto envi\u00f3 alguna se\u00f1al de socorro.<\/p>\n<p>El vuelo de EgyptAir n\u00famero 804, que cubr\u00eda la ruta de Par\u00eds a El Cairo, desapareci\u00f3 de los radares al entrar en el espacio a\u00e9reo egipcio durante la madrugada del jueves. A bordo se encontraban diez miembros de la tripulaci\u00f3n y 56 pasajeros, de los cuales 30 eran egipcios y diez de nacionalidad francesa.<\/p>\n<p>Los barcos y aviones que se encuentran rastreando el mar al norte de Alejandr\u00eda han encontrado restos humanos, pertenencias personales y diversas partes del fuselaje del Airbus A-320, pero siguen intentando localizar las cajas negras, fundamentales para la resoluci\u00f3n del caso.<\/p>\n<p>Investigadores franceses afirman que el avi\u00f3n envi\u00f3 una serie de se\u00f1ales de alarma indicando que hab\u00eda sido detectado humo en el interior de la aeronave, poco antes de que desapareciese la se\u00f1al del radar. Por el momento se desconoce la causa del humo o del posible incendio y los expertos en aviaci\u00f3n todav\u00eda no han averiguado si se trata de un sabotaje deliberado o de un fallo t\u00e9cnico.<\/p>\n<p>El ministro de Defensa griego, Panos Kammenos, inform\u00f3 el pasado viernes de que los radares griegos captaron variaciones de rumbo muy abruptas en la trayectoria del avi\u00f3n egipcio. El avi\u00f3n pas\u00f3 de encontrarse a altitud de crucero estable a llegar a situarse a una altura de tan s\u00f3lo 4.500 metros sobre el nivel del mar. Poco despu\u00e9s desapareci\u00f3 de forma definitiva de todos los radares.<\/p>\n","protected":false},"excerpt":{"rendered":"<p>El fiscal general egipcio, Nabil Sadek, a cargo del caso del avi\u00f3n de EgyptAir, ha solicitado a su hom\u00f3logo franc\u00e9s que le entregue toda la documentaci\u00f3n posible acerca del periodo en el que la aeronave estuvo en el Aeropuerto Charles de Gaulle de Par\u00eds y en el espacio a\u00e9reo franc\u00e9s, seg\u00fan ha informado en un<\/p>\n","protected":false},"author":1,"featured_media":76897,"comment_status":"open","ping_status":"closed","sticky":false,"template":"","format":"standard","meta":{"footnotes":""},"categories":[224],"tags":[],"class_list":{"0":"post-76896","1":"post","2":"type-post","3":"status-publish","4":"format-standard","5":"has-post-thumbnail","7":"category-noticias-actualidad"},"aioseo_notices":[],"aioseo_head":"\n\t\t<!-- All in One SEO Pro 4.9.6.1 - aioseo.com -->\n\t<meta name=\"description\" content=\"El fiscal general egipcio, Nabil Sadek, a cargo del caso del avi\u00f3n de EgyptAir, ha solicitado a su hom\u00f3logo franc\u00e9s que le entregue toda la documentaci\u00f3n posible acerca del periodo en el que la aeronave estuvo en el Aeropuerto Charles de Gaulle de Par\u00eds y en el espacio a\u00e9reo franc\u00e9s, seg\u00fan ha informado en un\" \/>\n\t<meta name=\"robots\" content=\"max-image-preview:large\" \/>\n\t<meta name=\"author\" content=\"admin\"\/>\n\t<meta name=\"google-site-verification\" content=\"UA-38556648-1\" \/>\n\t<meta name=\"keywords\" content=\"noticias y actualidad\" \/>\n\t<link rel=\"canonical\" href=\"https:\/\/eldigitaldeasturias.com\/magazine365\/el-fiscal-egipcio-a-cargo-del-caso-de-egyptair-solicita-informacion-a-francia-y-grecia\/\" \/>\n\t<meta name=\"generator\" content=\"All in One SEO Pro (AIOSEO) 4.9.6.1\" \/>\n\t\t<meta property=\"og:locale\" content=\"es_ES\" \/>\n\t\t<meta property=\"og:site_name\" content=\"El Digital de Asturias \u2013 Revista de ocio, turismo y estilo de vida\" \/>\n\t\t<meta property=\"og:type\" content=\"article\" \/>\n\t\t<meta property=\"og:title\" content=\"El Fiscal egipcio a cargo del caso de EgyptAir solicita informaci\u00f3n a Francia y Grecia | El Digital de Asturias\" \/>\n\t\t<meta property=\"og:description\" content=\"El fiscal general egipcio, Nabil Sadek, a cargo del caso del avi\u00f3n de EgyptAir, ha solicitado a su hom\u00f3logo franc\u00e9s que le entregue toda la documentaci\u00f3n posible acerca del periodo en el que la aeronave estuvo en el Aeropuerto Charles de Gaulle de Par\u00eds y en el espacio a\u00e9reo franc\u00e9s, seg\u00fan ha informado en un\" \/>\n\t\t<meta property=\"og:url\" content=\"https:\/\/eldigitaldeasturias.com\/magazine365\/el-fiscal-egipcio-a-cargo-del-caso-de-egyptair-solicita-informacion-a-francia-y-grecia\/\" \/>\n\t\t<meta property=\"og:image\" content=\"https:\/\/eldigitaldeasturias.com\/magazine365\/wp-content\/uploads\/2016\/05\/fotonoticia_20160524092950_800.jpg\" \/>\n\t\t<meta property=\"og:image:secure_url\" content=\"https:\/\/eldigitaldeasturias.com\/magazine365\/wp-content\/uploads\/2016\/05\/fotonoticia_20160524092950_800.jpg\" \/>\n\t\t<meta property=\"og:image:width\" content=\"800\" \/>\n\t\t<meta property=\"og:image:height\" content=\"499\" \/>\n\t\t<meta property=\"article:published_time\" content=\"2016-05-24T20:43:23+00:00\" \/>\n\t\t<meta property=\"article:modified_time\" content=\"2016-05-24T20:43:23+00:00\" \/>\n\t\t<meta name=\"twitter:card\" content=\"summary_large_image\" \/>\n\t\t<meta name=\"twitter:title\" content=\"El Fiscal egipcio a cargo del caso de EgyptAir solicita informaci\u00f3n a Francia y Grecia | El Digital de Asturias\" \/>\n\t\t<meta name=\"twitter:description\" content=\"El fiscal general egipcio, Nabil Sadek, a cargo del caso del avi\u00f3n de EgyptAir, ha solicitado a su hom\u00f3logo franc\u00e9s que le entregue toda la documentaci\u00f3n posible acerca del periodo en el que la aeronave estuvo en el Aeropuerto Charles de Gaulle de Par\u00eds y en el espacio a\u00e9reo franc\u00e9s, seg\u00fan ha informado en un\" \/>\n\t\t<meta name=\"twitter:image\" content=\"https:\/\/eldigitaldeasturias.com\/magazine365\/wp-content\/uploads\/2016\/05\/fotonoticia_20160524092950_800.jpg\" \/>\n\t\t<script type=\"application\/ld+json\" class=\"aioseo-schema\">\n\t\t\t{\"@context\":\"https:\\\/\\\/schema.org\",\"@graph\":[{\"@type\":\"Article\",\"@id\":\"https:\\\/\\\/eldigitaldeasturias.com\\\/magazine365\\\/el-fiscal-egipcio-a-cargo-del-caso-de-egyptair-solicita-informacion-a-francia-y-grecia\\\/#article\",\"name\":\"El Fiscal egipcio a cargo del caso de EgyptAir solicita informaci\\u00f3n a Francia y Grecia | El Digital de Asturias\",\"headline\":\"El Fiscal egipcio a cargo del caso de EgyptAir solicita informaci\\u00f3n a Francia y Grecia\",\"author\":{\"@id\":\"https:\\\/\\\/eldigitaldeasturias.com\\\/magazine365\\\/author\\\/admin\\\/#author\"},\"publisher\":{\"@id\":\"https:\\\/\\\/eldigitaldeasturias.com\\\/magazine365\\\/#organization\"},\"image\":{\"@type\":\"ImageObject\",\"url\":\"https:\\\/\\\/eldigitaldeasturias.com\\\/magazine365\\\/wp-content\\\/uploads\\\/2016\\\/05\\\/fotonoticia_20160524092950_800.jpg\",\"width\":800,\"height\":499},\"datePublished\":\"2016-05-24T22:43:23+02:00\",\"dateModified\":\"2016-05-24T22:43:23+02:00\",\"inLanguage\":\"es-ES\",\"mainEntityOfPage\":{\"@id\":\"https:\\\/\\\/eldigitaldeasturias.com\\\/magazine365\\\/el-fiscal-egipcio-a-cargo-del-caso-de-egyptair-solicita-informacion-a-francia-y-grecia\\\/#webpage\"},\"isPartOf\":{\"@id\":\"https:\\\/\\\/eldigitaldeasturias.com\\\/magazine365\\\/el-fiscal-egipcio-a-cargo-del-caso-de-egyptair-solicita-informacion-a-francia-y-grecia\\\/#webpage\"},\"articleSection\":\"Noticias y Actualidad\"},{\"@type\":\"BreadcrumbList\",\"@id\":\"https:\\\/\\\/eldigitaldeasturias.com\\\/magazine365\\\/el-fiscal-egipcio-a-cargo-del-caso-de-egyptair-solicita-informacion-a-francia-y-grecia\\\/#breadcrumblist\",\"itemListElement\":[{\"@type\":\"ListItem\",\"@id\":\"https:\\\/\\\/eldigitaldeasturias.com\\\/magazine365#listItem\",\"position\":1,\"name\":\"Home\",\"item\":\"https:\\\/\\\/eldigitaldeasturias.com\\\/magazine365\",\"nextItem\":{\"@type\":\"ListItem\",\"@id\":\"https:\\\/\\\/eldigitaldeasturias.com\\\/magazine365\\\/category\\\/noticias-actualidad\\\/#listItem\",\"name\":\"Noticias y Actualidad\"}},{\"@type\":\"ListItem\",\"@id\":\"https:\\\/\\\/eldigitaldeasturias.com\\\/magazine365\\\/category\\\/noticias-actualidad\\\/#listItem\",\"position\":2,\"name\":\"Noticias y Actualidad\",\"item\":\"https:\\\/\\\/eldigitaldeasturias.com\\\/magazine365\\\/category\\\/noticias-actualidad\\\/\",\"nextItem\":{\"@type\":\"ListItem\",\"@id\":\"https:\\\/\\\/eldigitaldeasturias.com\\\/magazine365\\\/el-fiscal-egipcio-a-cargo-del-caso-de-egyptair-solicita-informacion-a-francia-y-grecia\\\/#listItem\",\"name\":\"El Fiscal egipcio a cargo del caso de EgyptAir solicita informaci\\u00f3n a Francia y Grecia\"},\"previousItem\":{\"@type\":\"ListItem\",\"@id\":\"https:\\\/\\\/eldigitaldeasturias.com\\\/magazine365#listItem\",\"name\":\"Home\"}},{\"@type\":\"ListItem\",\"@id\":\"https:\\\/\\\/eldigitaldeasturias.com\\\/magazine365\\\/el-fiscal-egipcio-a-cargo-del-caso-de-egyptair-solicita-informacion-a-francia-y-grecia\\\/#listItem\",\"position\":3,\"name\":\"El Fiscal egipcio a cargo del caso de EgyptAir solicita informaci\\u00f3n a Francia y Grecia\",\"previousItem\":{\"@type\":\"ListItem\",\"@id\":\"https:\\\/\\\/eldigitaldeasturias.com\\\/magazine365\\\/category\\\/noticias-actualidad\\\/#listItem\",\"name\":\"Noticias y Actualidad\"}}]},{\"@type\":\"Organization\",\"@id\":\"https:\\\/\\\/eldigitaldeasturias.com\\\/magazine365\\\/#organization\",\"name\":\"El digital de Asturias\",\"description\":\"Revista de ocio, turismo y estilo de vida\",\"url\":\"https:\\\/\\\/eldigitaldeasturias.com\\\/magazine365\\\/\",\"logo\":{\"@type\":\"ImageObject\",\"url\":\"https:\\\/\\\/www.eldigitaldeasturias.com\\\/noticias\\\/wp-content\\\/uploads\\\/2020\\\/12\\\/EDA.jpg\",\"@id\":\"https:\\\/\\\/eldigitaldeasturias.com\\\/magazine365\\\/el-fiscal-egipcio-a-cargo-del-caso-de-egyptair-solicita-informacion-a-francia-y-grecia\\\/#organizationLogo\"},\"image\":{\"@id\":\"https:\\\/\\\/eldigitaldeasturias.com\\\/magazine365\\\/el-fiscal-egipcio-a-cargo-del-caso-de-egyptair-solicita-informacion-a-francia-y-grecia\\\/#organizationLogo\"}},{\"@type\":\"Person\",\"@id\":\"https:\\\/\\\/eldigitaldeasturias.com\\\/magazine365\\\/author\\\/admin\\\/#author\",\"url\":\"https:\\\/\\\/eldigitaldeasturias.com\\\/magazine365\\\/author\\\/admin\\\/\",\"name\":\"admin\",\"image\":{\"@type\":\"ImageObject\",\"@id\":\"https:\\\/\\\/eldigitaldeasturias.com\\\/magazine365\\\/el-fiscal-egipcio-a-cargo-del-caso-de-egyptair-solicita-informacion-a-francia-y-grecia\\\/#authorImage\",\"url\":\"https:\\\/\\\/eldigitaldeasturias.com\\\/magazine365\\\/wp-content\\\/litespeed\\\/avatar\\\/e571bcf59a0edd6fa6838245a470f2fe.jpg?ver=1777574230\",\"width\":96,\"height\":96,\"caption\":\"admin\"}},{\"@type\":\"WebPage\",\"@id\":\"https:\\\/\\\/eldigitaldeasturias.com\\\/magazine365\\\/el-fiscal-egipcio-a-cargo-del-caso-de-egyptair-solicita-informacion-a-francia-y-grecia\\\/#webpage\",\"url\":\"https:\\\/\\\/eldigitaldeasturias.com\\\/magazine365\\\/el-fiscal-egipcio-a-cargo-del-caso-de-egyptair-solicita-informacion-a-francia-y-grecia\\\/\",\"name\":\"El Fiscal egipcio a cargo del caso de EgyptAir solicita informaci\\u00f3n a Francia y Grecia | El Digital de Asturias\",\"description\":\"El fiscal general egipcio, Nabil Sadek, a cargo del caso del avi\\u00f3n de EgyptAir, ha solicitado a su hom\\u00f3logo franc\\u00e9s que le entregue toda la documentaci\\u00f3n posible acerca del periodo en el que la aeronave estuvo en el Aeropuerto Charles de Gaulle de Par\\u00eds y en el espacio a\\u00e9reo franc\\u00e9s, seg\\u00fan ha informado en un\",\"inLanguage\":\"es-ES\",\"isPartOf\":{\"@id\":\"https:\\\/\\\/eldigitaldeasturias.com\\\/magazine365\\\/#website\"},\"breadcrumb\":{\"@id\":\"https:\\\/\\\/eldigitaldeasturias.com\\\/magazine365\\\/el-fiscal-egipcio-a-cargo-del-caso-de-egyptair-solicita-informacion-a-francia-y-grecia\\\/#breadcrumblist\"},\"author\":{\"@id\":\"https:\\\/\\\/eldigitaldeasturias.com\\\/magazine365\\\/author\\\/admin\\\/#author\"},\"creator\":{\"@id\":\"https:\\\/\\\/eldigitaldeasturias.com\\\/magazine365\\\/author\\\/admin\\\/#author\"},\"image\":{\"@type\":\"ImageObject\",\"url\":\"https:\\\/\\\/eldigitaldeasturias.com\\\/magazine365\\\/wp-content\\\/uploads\\\/2016\\\/05\\\/fotonoticia_20160524092950_800.jpg\",\"@id\":\"https:\\\/\\\/eldigitaldeasturias.com\\\/magazine365\\\/el-fiscal-egipcio-a-cargo-del-caso-de-egyptair-solicita-informacion-a-francia-y-grecia\\\/#mainImage\",\"width\":800,\"height\":499},\"primaryImageOfPage\":{\"@id\":\"https:\\\/\\\/eldigitaldeasturias.com\\\/magazine365\\\/el-fiscal-egipcio-a-cargo-del-caso-de-egyptair-solicita-informacion-a-francia-y-grecia\\\/#mainImage\"},\"datePublished\":\"2016-05-24T22:43:23+02:00\",\"dateModified\":\"2016-05-24T22:43:23+02:00\"},{\"@type\":\"WebSite\",\"@id\":\"https:\\\/\\\/eldigitaldeasturias.com\\\/magazine365\\\/#website\",\"url\":\"https:\\\/\\\/eldigitaldeasturias.com\\\/magazine365\\\/\",\"name\":\"El Digital de Asturias\",\"description\":\"Revista de ocio, turismo y estilo de vida\",\"inLanguage\":\"es-ES\",\"publisher\":{\"@id\":\"https:\\\/\\\/eldigitaldeasturias.com\\\/magazine365\\\/#organization\"}}]}\n\t\t<\/script>\n\t\t<!-- All in One SEO Pro -->\r\n\t\t<title>El Fiscal egipcio a cargo del caso de EgyptAir solicita informaci\u00f3n a Francia y Grecia | El Digital de Asturias<\/title>\n\n","aioseo_head_json":{"title":"El Fiscal egipcio a cargo del caso de EgyptAir solicita informaci\u00f3n a Francia y Grecia | El Digital de Asturias","description":"El fiscal general egipcio, Nabil Sadek, a cargo del caso del avi\u00f3n de EgyptAir, ha solicitado a su hom\u00f3logo franc\u00e9s que le entregue toda la documentaci\u00f3n posible acerca del periodo en el que la aeronave estuvo en el Aeropuerto Charles de Gaulle de Par\u00eds y en el espacio a\u00e9reo franc\u00e9s, seg\u00fan ha informado en un","canonical_url":"https:\/\/eldigitaldeasturias.com\/magazine365\/el-fiscal-egipcio-a-cargo-del-caso-de-egyptair-solicita-informacion-a-francia-y-grecia\/","robots":"max-image-preview:large","keywords":"noticias y actualidad","webmasterTools":{"google-site-verification":"UA-38556648-1","miscellaneous":""},"schema":{"@context":"https:\/\/schema.org","@graph":[{"@type":"Article","@id":"https:\/\/eldigitaldeasturias.com\/magazine365\/el-fiscal-egipcio-a-cargo-del-caso-de-egyptair-solicita-informacion-a-francia-y-grecia\/#article","name":"El Fiscal egipcio a cargo del caso de EgyptAir solicita informaci\u00f3n a Francia y Grecia | El Digital de Asturias","headline":"El Fiscal egipcio a cargo del caso de EgyptAir solicita informaci\u00f3n a Francia y Grecia","author":{"@id":"https:\/\/eldigitaldeasturias.com\/magazine365\/author\/admin\/#author"},"publisher":{"@id":"https:\/\/eldigitaldeasturias.com\/magazine365\/#organization"},"image":{"@type":"ImageObject","url":"https:\/\/eldigitaldeasturias.com\/magazine365\/wp-content\/uploads\/2016\/05\/fotonoticia_20160524092950_800.jpg","width":800,"height":499},"datePublished":"2016-05-24T22:43:23+02:00","dateModified":"2016-05-24T22:43:23+02:00","inLanguage":"es-ES","mainEntityOfPage":{"@id":"https:\/\/eldigitaldeasturias.com\/magazine365\/el-fiscal-egipcio-a-cargo-del-caso-de-egyptair-solicita-informacion-a-francia-y-grecia\/#webpage"},"isPartOf":{"@id":"https:\/\/eldigitaldeasturias.com\/magazine365\/el-fiscal-egipcio-a-cargo-del-caso-de-egyptair-solicita-informacion-a-francia-y-grecia\/#webpage"},"articleSection":"Noticias y Actualidad"},{"@type":"BreadcrumbList","@id":"https:\/\/eldigitaldeasturias.com\/magazine365\/el-fiscal-egipcio-a-cargo-del-caso-de-egyptair-solicita-informacion-a-francia-y-grecia\/#breadcrumblist","itemListElement":[{"@type":"ListItem","@id":"https:\/\/eldigitaldeasturias.com\/magazine365#listItem","position":1,"name":"Home","item":"https:\/\/eldigitaldeasturias.com\/magazine365","nextItem":{"@type":"ListItem","@id":"https:\/\/eldigitaldeasturias.com\/magazine365\/category\/noticias-actualidad\/#listItem","name":"Noticias y Actualidad"}},{"@type":"ListItem","@id":"https:\/\/eldigitaldeasturias.com\/magazine365\/category\/noticias-actualidad\/#listItem","position":2,"name":"Noticias y Actualidad","item":"https:\/\/eldigitaldeasturias.com\/magazine365\/category\/noticias-actualidad\/","nextItem":{"@type":"ListItem","@id":"https:\/\/eldigitaldeasturias.com\/magazine365\/el-fiscal-egipcio-a-cargo-del-caso-de-egyptair-solicita-informacion-a-francia-y-grecia\/#listItem","name":"El Fiscal egipcio a cargo del caso de EgyptAir solicita informaci\u00f3n a Francia y Grecia"},"previousItem":{"@type":"ListItem","@id":"https:\/\/eldigitaldeasturias.com\/magazine365#listItem","name":"Home"}},{"@type":"ListItem","@id":"https:\/\/eldigitaldeasturias.com\/magazine365\/el-fiscal-egipcio-a-cargo-del-caso-de-egyptair-solicita-informacion-a-francia-y-grecia\/#listItem","position":3,"name":"El Fiscal egipcio a cargo del caso de EgyptAir solicita informaci\u00f3n a Francia y Grecia","previousItem":{"@type":"ListItem","@id":"https:\/\/eldigitaldeasturias.com\/magazine365\/category\/noticias-actualidad\/#listItem","name":"Noticias y Actualidad"}}]},{"@type":"Organization","@id":"https:\/\/eldigitaldeasturias.com\/magazine365\/#organization","name":"El digital de Asturias","description":"Revista de ocio, turismo y estilo de vida","url":"https:\/\/eldigitaldeasturias.com\/magazine365\/","logo":{"@type":"ImageObject","url":"https:\/\/www.eldigitaldeasturias.com\/noticias\/wp-content\/uploads\/2020\/12\/EDA.jpg","@id":"https:\/\/eldigitaldeasturias.com\/magazine365\/el-fiscal-egipcio-a-cargo-del-caso-de-egyptair-solicita-informacion-a-francia-y-grecia\/#organizationLogo"},"image":{"@id":"https:\/\/eldigitaldeasturias.com\/magazine365\/el-fiscal-egipcio-a-cargo-del-caso-de-egyptair-solicita-informacion-a-francia-y-grecia\/#organizationLogo"}},{"@type":"Person","@id":"https:\/\/eldigitaldeasturias.com\/magazine365\/author\/admin\/#author","url":"https:\/\/eldigitaldeasturias.com\/magazine365\/author\/admin\/","name":"admin","image":{"@type":"ImageObject","@id":"https:\/\/eldigitaldeasturias.com\/magazine365\/el-fiscal-egipcio-a-cargo-del-caso-de-egyptair-solicita-informacion-a-francia-y-grecia\/#authorImage","url":"https:\/\/eldigitaldeasturias.com\/magazine365\/wp-content\/litespeed\/avatar\/e571bcf59a0edd6fa6838245a470f2fe.jpg?ver=1777574230","width":96,"height":96,"caption":"admin"}},{"@type":"WebPage","@id":"https:\/\/eldigitaldeasturias.com\/magazine365\/el-fiscal-egipcio-a-cargo-del-caso-de-egyptair-solicita-informacion-a-francia-y-grecia\/#webpage","url":"https:\/\/eldigitaldeasturias.com\/magazine365\/el-fiscal-egipcio-a-cargo-del-caso-de-egyptair-solicita-informacion-a-francia-y-grecia\/","name":"El Fiscal egipcio a cargo del caso de EgyptAir solicita informaci\u00f3n a Francia y Grecia | El Digital de Asturias","description":"El fiscal general egipcio, Nabil Sadek, a cargo del caso del avi\u00f3n de EgyptAir, ha solicitado a su hom\u00f3logo franc\u00e9s que le entregue toda la documentaci\u00f3n posible acerca del periodo en el que la aeronave estuvo en el Aeropuerto Charles de Gaulle de Par\u00eds y en el espacio a\u00e9reo franc\u00e9s, seg\u00fan ha informado en un","inLanguage":"es-ES","isPartOf":{"@id":"https:\/\/eldigitaldeasturias.com\/magazine365\/#website"},"breadcrumb":{"@id":"https:\/\/eldigitaldeasturias.com\/magazine365\/el-fiscal-egipcio-a-cargo-del-caso-de-egyptair-solicita-informacion-a-francia-y-grecia\/#breadcrumblist"},"author":{"@id":"https:\/\/eldigitaldeasturias.com\/magazine365\/author\/admin\/#author"},"creator":{"@id":"https:\/\/eldigitaldeasturias.com\/magazine365\/author\/admin\/#author"},"image":{"@type":"ImageObject","url":"https:\/\/eldigitaldeasturias.com\/magazine365\/wp-content\/uploads\/2016\/05\/fotonoticia_20160524092950_800.jpg","@id":"https:\/\/eldigitaldeasturias.com\/magazine365\/el-fiscal-egipcio-a-cargo-del-caso-de-egyptair-solicita-informacion-a-francia-y-grecia\/#mainImage","width":800,"height":499},"primaryImageOfPage":{"@id":"https:\/\/eldigitaldeasturias.com\/magazine365\/el-fiscal-egipcio-a-cargo-del-caso-de-egyptair-solicita-informacion-a-francia-y-grecia\/#mainImage"},"datePublished":"2016-05-24T22:43:23+02:00","dateModified":"2016-05-24T22:43:23+02:00"},{"@type":"WebSite","@id":"https:\/\/eldigitaldeasturias.com\/magazine365\/#website","url":"https:\/\/eldigitaldeasturias.com\/magazine365\/","name":"El Digital de Asturias","description":"Revista de ocio, turismo y estilo de vida","inLanguage":"es-ES","publisher":{"@id":"https:\/\/eldigitaldeasturias.com\/magazine365\/#organization"}}]},"og:locale":"es_ES","og:site_name":"El Digital de Asturias \u2013 Revista de ocio, turismo y estilo de vida","og:type":"article","og:title":"El Fiscal egipcio a cargo del caso de EgyptAir solicita informaci\u00f3n a Francia y Grecia | El Digital de Asturias","og:description":"El fiscal general egipcio, Nabil Sadek, a cargo del caso del avi\u00f3n de EgyptAir, ha solicitado a su hom\u00f3logo franc\u00e9s que le entregue toda la documentaci\u00f3n posible acerca del periodo en el que la aeronave estuvo en el Aeropuerto Charles de Gaulle de Par\u00eds y en el espacio a\u00e9reo franc\u00e9s, seg\u00fan ha informado en un","og:url":"https:\/\/eldigitaldeasturias.com\/magazine365\/el-fiscal-egipcio-a-cargo-del-caso-de-egyptair-solicita-informacion-a-francia-y-grecia\/","og:image":"https:\/\/eldigitaldeasturias.com\/magazine365\/wp-content\/uploads\/2016\/05\/fotonoticia_20160524092950_800.jpg","og:image:secure_url":"https:\/\/eldigitaldeasturias.com\/magazine365\/wp-content\/uploads\/2016\/05\/fotonoticia_20160524092950_800.jpg","og:image:width":800,"og:image:height":499,"article:published_time":"2016-05-24T20:43:23+00:00","article:modified_time":"2016-05-24T20:43:23+00:00","twitter:card":"summary_large_image","twitter:title":"El Fiscal egipcio a cargo del caso de EgyptAir solicita informaci\u00f3n a Francia y Grecia | El Digital de Asturias","twitter:description":"El fiscal general egipcio, Nabil Sadek, a cargo del caso del avi\u00f3n de EgyptAir, ha solicitado a su hom\u00f3logo franc\u00e9s que le entregue toda la documentaci\u00f3n posible acerca del periodo en el que la aeronave estuvo en el Aeropuerto Charles de Gaulle de Par\u00eds y en el espacio a\u00e9reo franc\u00e9s, seg\u00fan ha informado en un","twitter:image":"https:\/\/eldigitaldeasturias.com\/magazine365\/wp-content\/uploads\/2016\/05\/fotonoticia_20160524092950_800.jpg"},"aioseo_meta_data":{"post_id":"76896","title":null,"description":null,"keywords":null,"keyphrases":null,"primary_term":null,"canonical_url":null,"og_title":null,"og_description":null,"og_object_type":"default","og_image_type":"default","og_image_url":null,"og_image_width":null,"og_image_height":null,"og_image_custom_url":null,"og_image_custom_fields":null,"og_video":null,"og_custom_url":null,"og_article_section":null,"og_article_tags":null,"twitter_use_og":false,"twitter_card":"default","twitter_image_type":"default","twitter_image_url":null,"twitter_image_custom_url":null,"twitter_image_custom_fields":null,"twitter_title":null,"twitter_description":null,"schema":{"blockGraphs":[],"customGraphs":[],"default":{"data":{"Article":[],"Course":[],"Dataset":[],"FAQPage":[],"Movie":[],"Person":[],"Product":[],"ProductReview":[],"Car":[],"Recipe":[],"Service":[],"SoftwareApplication":[],"WebPage":[]},"graphName":"","isEnabled":true},"graphs":[]},"schema_type":null,"schema_type_options":null,"pillar_content":false,"robots_default":true,"robots_noindex":false,"robots_noarchive":false,"robots_nosnippet":false,"robots_nofollow":false,"robots_noimageindex":false,"robots_noodp":false,"robots_notranslate":false,"robots_max_snippet":null,"robots_max_videopreview":null,"robots_max_imagepreview":"large","priority":null,"frequency":null,"location":null,"local_seo":null,"seo_analyzer_scan_date":"2025-09-27 13:36:24","breadcrumb_settings":null,"limit_modified_date":false,"open_ai":null,"ai":null,"created":"2021-03-08 18:22:43","updated":"2025-09-27 13:36:24"},"aioseo_breadcrumb":"<div class=\"aioseo-breadcrumbs\"><span class=\"aioseo-breadcrumb\">\n\t<a href=\"https:\/\/eldigitaldeasturias.com\/magazine365\" title=\"Home\">Home<\/a>\n<\/span><span class=\"aioseo-breadcrumb-separator\">\u2013<\/span><span class=\"aioseo-breadcrumb\">\n\t<a href=\"https:\/\/eldigitaldeasturias.com\/magazine365\/category\/noticias-actualidad\/\" title=\"Noticias y Actualidad\">Noticias y Actualidad<\/a>\n<\/span><span class=\"aioseo-breadcrumb-separator\">\u2013<\/span><span class=\"aioseo-breadcrumb\">\n\t<a href=\"https:\/\/eldigitaldeasturias.com\/magazine365\/el-fiscal-egipcio-a-cargo-del-caso-de-egyptair-solicita-informacion-a-francia-y-grecia\/\" title=\"El Fiscal egipcio a cargo del caso de EgyptAir solicita informaci\u00f3n a Francia y Grecia\">El Fiscal egipcio a cargo del caso de EgyptAir solicita informaci\u00f3n a Francia y Grecia<\/a>\n<\/span><\/div>","aioseo_breadcrumb_json":[{"label":"Home","link":"https:\/\/eldigitaldeasturias.com\/magazine365"},{"label":"Noticias y Actualidad","link":"https:\/\/eldigitaldeasturias.com\/magazine365\/category\/noticias-actualidad\/"},{"label":"El Fiscal egipcio a cargo del caso de EgyptAir solicita informaci\u00f3n a Francia y Grecia","link":"https:\/\/eldigitaldeasturias.com\/magazine365\/el-fiscal-egipcio-a-cargo-del-caso-de-egyptair-solicita-informacion-a-francia-y-grecia\/"}],"_links":{"self":[{"href":"https:\/\/eldigitaldeasturias.com\/magazine365\/wp-json\/wp\/v2\/posts\/76896","targetHints":{"allow":["GET"]}}],"collection":[{"href":"https:\/\/eldigitaldeasturias.com\/magazine365\/wp-json\/wp\/v2\/posts"}],"about":[{"href":"https:\/\/eldigitaldeasturias.com\/magazine365\/wp-json\/wp\/v2\/types\/post"}],"author":[{"embeddable":true,"href":"https:\/\/eldigitaldeasturias.com\/magazine365\/wp-json\/wp\/v2\/users\/1"}],"replies":[{"embeddable":true,"href":"https:\/\/eldigitaldeasturias.com\/magazine365\/wp-json\/wp\/v2\/comments?post=76896"}],"version-history":[{"count":0,"href":"https:\/\/eldigitaldeasturias.com\/magazine365\/wp-json\/wp\/v2\/posts\/76896\/revisions"}],"wp:featuredmedia":[{"embeddable":true,"href":"https:\/\/eldigitaldeasturias.com\/magazine365\/wp-json\/wp\/v2\/media\/76897"}],"wp:attachment":[{"href":"https:\/\/eldigitaldeasturias.com\/magazine365\/wp-json\/wp\/v2\/media?parent=76896"}],"wp:term":[{"taxonomy":"category","embeddable":true,"href":"https:\/\/eldigitaldeasturias.com\/magazine365\/wp-json\/wp\/v2\/categories?post=76896"},{"taxonomy":"post_tag","embeddable":true,"href":"https:\/\/eldigitaldeasturias.com\/magazine365\/wp-json\/wp\/v2\/tags?post=76896"}],"curies":[{"name":"wp","href":"https:\/\/api.w.org\/{rel}","templated":true}]}}