{"id":76873,"date":"2016-05-24T12:24:19","date_gmt":"2016-05-24T10:24:19","guid":{"rendered":"http:\/\/eldigitaldeasturias.com\/magazine365\/?p=76873"},"modified":"2016-05-24T12:24:19","modified_gmt":"2016-05-24T10:24:19","slug":"municipios-de-la-costa-de-granada-se-unen-para-reclamar-el-arreglo-urgente-de-sus-playas","status":"publish","type":"post","link":"https:\/\/eldigitaldeasturias.com\/magazine365\/municipios-de-la-costa-de-granada-se-unen-para-reclamar-el-arreglo-urgente-de-sus-playas\/","title":{"rendered":"Municipios de la costa de Granada se unen para reclamar el \u00abarreglo\u00bb urgente de sus playas"},"content":{"rendered":"<p><img fetchpriority=\"high\" decoding=\"async\" class=\"alignleft size-medium wp-image-76874\" src=\"https:\/\/eldigitaldeasturias.com\/magazine365\/wp-content\/uploads\/2016\/05\/fotonoticia_20160523191435_800-360x209.jpg\" alt=\"fotonoticia_20160523191435_800\" width=\"360\" height=\"209\" srcset=\"https:\/\/eldigitaldeasturias.com\/magazine365\/wp-content\/uploads\/2016\/05\/fotonoticia_20160523191435_800-360x209.jpg 360w, https:\/\/eldigitaldeasturias.com\/magazine365\/wp-content\/uploads\/2016\/05\/fotonoticia_20160523191435_800-650x377.jpg 650w, https:\/\/eldigitaldeasturias.com\/magazine365\/wp-content\/uploads\/2016\/05\/fotonoticia_20160523191435_800-768x445.jpg 768w, https:\/\/eldigitaldeasturias.com\/magazine365\/wp-content\/uploads\/2016\/05\/fotonoticia_20160523191435_800-150x87.jpg 150w, https:\/\/eldigitaldeasturias.com\/magazine365\/wp-content\/uploads\/2016\/05\/fotonoticia_20160523191435_800-450x261.jpg 450w, https:\/\/eldigitaldeasturias.com\/magazine365\/wp-content\/uploads\/2016\/05\/fotonoticia_20160523191435_800-172x100.jpg 172w, https:\/\/eldigitaldeasturias.com\/magazine365\/wp-content\/uploads\/2016\/05\/fotonoticia_20160523191435_800.jpg 800w\" sizes=\"(max-width: 360px) 100vw, 360px\" \/>Todos los alcaldes de los municipios de la costa de Granada se han unido para suscribir una moci\u00f3n institucional para reclamar al Gobierno central y a la Junta de Andaluc\u00eda el arreglo \u00aburgente\u00bb de las platas.<\/p>\n<p>A iniciativa de la Mancomunidad de Municipios de la Costa Tropical, las alcaldesas de Motril y Salobre\u00f1a, Flor Alm\u00f3n y M\u00aa Eugenia Rufino, el primer teniente de alcalde de Almu\u00f1\u00e9car, Luis Arag\u00f3n, el primer edil de Torrenueva, Pl\u00e1cido Lara; la alcaldesa de Calahonda- Carchuna, Concepci\u00f3n Abarca, la de Castell de Ferro, Antonia Antequera, la de Albu\u00f1ol, M\u00aa Jos\u00e9 S\u00e1nchez, de Sorvil\u00e1n, Pilar S\u00e1nchez, el regidor de Polopos-La Mamola, Mat\u00edas Gonz\u00e1lez, de Rubite, Arsenio V\u00e1zquez, y de L\u00fajar, Mariano Gonz\u00e1lez, han acordado llevar la propuesta urgente a los plenos de cada ayuntamiento, ELA y Junta General.<\/p>\n<p>El presidente de Mancomunidad, Sergio Garc\u00eda, ha agradecido la respuesta de todos los representantes municipales, \u00abporque este es un requerimiento sin colores pol\u00edticos de por medio, con el respaldo un\u00e1nime de todos los ayuntamientos del litoral y seguro que el de las asociaciones empresariales afectadas por una situaci\u00f3n que no es nueva\u00bb.<\/p>\n<p>\u00abEstamos a las puertas de la temporada tur\u00edstica y nuestras playas sufren a\u00fan los da\u00f1os de los temporales del invierno. Creo que es el momento de que nos unamos para que las administraciones sepan que con nuestro pan no se juega. Lo importante de este acto es demostrar que estamos unidos por nuestras playas porque son un recurso natural de primer orden del que comen muchas familias, y que sepan que no pretendemos buscar ning\u00fan tipo de conflicto sino reclamar una soluci\u00f3n urgente por el bien de todos nuestros ciudadanos\u00bb, ha se\u00f1alado.<\/p>\n<p>Los municipios de la costa han pedido adem\u00e1s el traslado del Servicio Provincial de Costas con sede en Granada a la ciudad de Motril, cabecera de la comarca. \u00ab\u00bfAlguien entender\u00eda que Cetursa, \u00f3rgano que gestiona la estaci\u00f3n de esqu\u00ed de Sierra Nevada tuviera su sede en Motril o que el Patronato de La Alhambra tuviera su sede en Salobre\u00f1a? Ya va siendo hora de que las administraciones entiendan que la provincia de Granada tambi\u00e9n tiene playa y que se impliquen en su mantenimiento y conservaci\u00f3n\u00bb, ha se\u00f1alado el presidente de la Mancomunidad.<\/p>\n<p>La moci\u00f3n institucional incluye la solicitud al Ministerio de Agricultura, Alimentaci\u00f3n y Medio Ambiente y, concretamente, a su Direcci\u00f3n General de Sostenibilidad de la Costa y del Mar, la inmediata actuaci\u00f3n sobre las playas de la Costa Tropical de Granada, para que est\u00e9n en adecuadas condiciones para el ba\u00f1o y disfrute de todos los visitantes, adem\u00e1s del traslado de su demarcaci\u00f3n y Servicio Provincial de Costas a la ciudad de Motril.<\/p>\n<p>Tambi\u00e9n instan a la Junta de Andaluc\u00eda a la puesta en marcha de medidas urgentes que ayuden a los municipios del litoral a mantener las infraestructuras y el equipamiento de nuestras playas; y a la Diputaci\u00f3n Provincial su implicaci\u00f3n en la limpieza, mantenimiento y conservaci\u00f3n de las playas del litoral granadino, como espacio de inter\u00e9s econ\u00f3mico, tur\u00edstico y de disfrute de todos los granadinos y granadinas.<\/p>\n<p>Tambi\u00e9n han acordado remitir a la Subdelegaci\u00f3n del Gobierno de Granada, a la Delegaci\u00f3n del Gobierno de la Junta de Andaluc\u00eda en Granada y a la Diputaci\u00f3n Provincial estos acuerdos, adem\u00e1s de<\/p>\n<p>a todos los grupos parlamentarios resultantes de las pr\u00f3ximas elecciones generales del pr\u00f3ximo 26 de junio.<\/p>\n<p>&nbsp;<\/p>\n","protected":false},"excerpt":{"rendered":"<p>Todos los alcaldes de los municipios de la costa de Granada se han unido para suscribir una moci\u00f3n institucional para reclamar al Gobierno central y a la Junta de Andaluc\u00eda el arreglo \u00aburgente\u00bb de las platas. A iniciativa de la Mancomunidad de Municipios de la Costa Tropical, las alcaldesas de Motril y Salobre\u00f1a, Flor Alm\u00f3n<\/p>\n","protected":false},"author":1,"featured_media":76874,"comment_status":"open","ping_status":"closed","sticky":false,"template":"","format":"standard","meta":{"footnotes":""},"categories":[224],"tags":[],"class_list":{"0":"post-76873","1":"post","2":"type-post","3":"status-publish","4":"format-standard","5":"has-post-thumbnail","7":"category-noticias-actualidad"},"aioseo_notices":[],"aioseo_head":"\n\t\t<!-- All in One SEO Pro 4.9.6.1 - aioseo.com -->\n\t<meta name=\"description\" content=\"Todos los alcaldes de los municipios de la costa de Granada se han unido para suscribir una moci\u00f3n institucional para reclamar al Gobierno central y a la Junta de Andaluc\u00eda el arreglo &quot;urgente&quot; de las platas. A iniciativa de la Mancomunidad de Municipios de la Costa Tropical, las alcaldesas de Motril y Salobre\u00f1a, Flor Alm\u00f3n\" \/>\n\t<meta name=\"robots\" content=\"max-image-preview:large\" \/>\n\t<meta name=\"author\" content=\"admin\"\/>\n\t<meta name=\"google-site-verification\" content=\"UA-38556648-1\" \/>\n\t<meta name=\"keywords\" content=\"noticias y actualidad\" \/>\n\t<link rel=\"canonical\" href=\"https:\/\/eldigitaldeasturias.com\/magazine365\/municipios-de-la-costa-de-granada-se-unen-para-reclamar-el-arreglo-urgente-de-sus-playas\/\" \/>\n\t<meta name=\"generator\" content=\"All in One SEO Pro (AIOSEO) 4.9.6.1\" \/>\n\t\t<meta property=\"og:locale\" content=\"es_ES\" \/>\n\t\t<meta property=\"og:site_name\" content=\"El Digital de Asturias \u2013 Revista de ocio, turismo y estilo de vida\" \/>\n\t\t<meta property=\"og:type\" content=\"article\" \/>\n\t\t<meta property=\"og:title\" content=\"Municipios de la costa de Granada se unen para reclamar el \u00abarreglo\u00bb urgente de sus playas | El Digital de Asturias\" \/>\n\t\t<meta property=\"og:description\" content=\"Todos los alcaldes de los municipios de la costa de Granada se han unido para suscribir una moci\u00f3n institucional para reclamar al Gobierno central y a la Junta de Andaluc\u00eda el arreglo &quot;urgente&quot; de las platas. A iniciativa de la Mancomunidad de Municipios de la Costa Tropical, las alcaldesas de Motril y Salobre\u00f1a, Flor Alm\u00f3n\" \/>\n\t\t<meta property=\"og:url\" content=\"https:\/\/eldigitaldeasturias.com\/magazine365\/municipios-de-la-costa-de-granada-se-unen-para-reclamar-el-arreglo-urgente-de-sus-playas\/\" \/>\n\t\t<meta property=\"og:image\" content=\"https:\/\/eldigitaldeasturias.com\/magazine365\/wp-content\/uploads\/2016\/05\/fotonoticia_20160523191435_800.jpg\" \/>\n\t\t<meta property=\"og:image:secure_url\" content=\"https:\/\/eldigitaldeasturias.com\/magazine365\/wp-content\/uploads\/2016\/05\/fotonoticia_20160523191435_800.jpg\" \/>\n\t\t<meta property=\"og:image:width\" content=\"800\" \/>\n\t\t<meta property=\"og:image:height\" content=\"464\" \/>\n\t\t<meta property=\"article:published_time\" content=\"2016-05-24T10:24:19+00:00\" \/>\n\t\t<meta property=\"article:modified_time\" content=\"2016-05-24T10:24:19+00:00\" \/>\n\t\t<meta name=\"twitter:card\" content=\"summary_large_image\" \/>\n\t\t<meta name=\"twitter:title\" content=\"Municipios de la costa de Granada se unen para reclamar el \u00abarreglo\u00bb urgente de sus playas | El Digital de Asturias\" \/>\n\t\t<meta name=\"twitter:description\" content=\"Todos los alcaldes de los municipios de la costa de Granada se han unido para suscribir una moci\u00f3n institucional para reclamar al Gobierno central y a la Junta de Andaluc\u00eda el arreglo &quot;urgente&quot; de las platas. A iniciativa de la Mancomunidad de Municipios de la Costa Tropical, las alcaldesas de Motril y Salobre\u00f1a, Flor Alm\u00f3n\" \/>\n\t\t<meta name=\"twitter:image\" content=\"https:\/\/eldigitaldeasturias.com\/magazine365\/wp-content\/uploads\/2016\/05\/fotonoticia_20160523191435_800.jpg\" \/>\n\t\t<script type=\"application\/ld+json\" class=\"aioseo-schema\">\n\t\t\t{\"@context\":\"https:\\\/\\\/schema.org\",\"@graph\":[{\"@type\":\"Article\",\"@id\":\"https:\\\/\\\/eldigitaldeasturias.com\\\/magazine365\\\/municipios-de-la-costa-de-granada-se-unen-para-reclamar-el-arreglo-urgente-de-sus-playas\\\/#article\",\"name\":\"Municipios de la costa de Granada se unen para reclamar el \\u00abarreglo\\u00bb urgente de sus playas | El Digital de Asturias\",\"headline\":\"Municipios de la costa de Granada se unen para reclamar el \\u00abarreglo\\u00bb urgente de sus playas\",\"author\":{\"@id\":\"https:\\\/\\\/eldigitaldeasturias.com\\\/magazine365\\\/author\\\/admin\\\/#author\"},\"publisher\":{\"@id\":\"https:\\\/\\\/eldigitaldeasturias.com\\\/magazine365\\\/#organization\"},\"image\":{\"@type\":\"ImageObject\",\"url\":\"https:\\\/\\\/eldigitaldeasturias.com\\\/magazine365\\\/wp-content\\\/uploads\\\/2016\\\/05\\\/fotonoticia_20160523191435_800.jpg\",\"width\":800,\"height\":464},\"datePublished\":\"2016-05-24T12:24:19+02:00\",\"dateModified\":\"2016-05-24T12:24:19+02:00\",\"inLanguage\":\"es-ES\",\"mainEntityOfPage\":{\"@id\":\"https:\\\/\\\/eldigitaldeasturias.com\\\/magazine365\\\/municipios-de-la-costa-de-granada-se-unen-para-reclamar-el-arreglo-urgente-de-sus-playas\\\/#webpage\"},\"isPartOf\":{\"@id\":\"https:\\\/\\\/eldigitaldeasturias.com\\\/magazine365\\\/municipios-de-la-costa-de-granada-se-unen-para-reclamar-el-arreglo-urgente-de-sus-playas\\\/#webpage\"},\"articleSection\":\"Noticias y Actualidad\"},{\"@type\":\"BreadcrumbList\",\"@id\":\"https:\\\/\\\/eldigitaldeasturias.com\\\/magazine365\\\/municipios-de-la-costa-de-granada-se-unen-para-reclamar-el-arreglo-urgente-de-sus-playas\\\/#breadcrumblist\",\"itemListElement\":[{\"@type\":\"ListItem\",\"@id\":\"https:\\\/\\\/eldigitaldeasturias.com\\\/magazine365#listItem\",\"position\":1,\"name\":\"Home\",\"item\":\"https:\\\/\\\/eldigitaldeasturias.com\\\/magazine365\",\"nextItem\":{\"@type\":\"ListItem\",\"@id\":\"https:\\\/\\\/eldigitaldeasturias.com\\\/magazine365\\\/category\\\/noticias-actualidad\\\/#listItem\",\"name\":\"Noticias y Actualidad\"}},{\"@type\":\"ListItem\",\"@id\":\"https:\\\/\\\/eldigitaldeasturias.com\\\/magazine365\\\/category\\\/noticias-actualidad\\\/#listItem\",\"position\":2,\"name\":\"Noticias y Actualidad\",\"item\":\"https:\\\/\\\/eldigitaldeasturias.com\\\/magazine365\\\/category\\\/noticias-actualidad\\\/\",\"nextItem\":{\"@type\":\"ListItem\",\"@id\":\"https:\\\/\\\/eldigitaldeasturias.com\\\/magazine365\\\/municipios-de-la-costa-de-granada-se-unen-para-reclamar-el-arreglo-urgente-de-sus-playas\\\/#listItem\",\"name\":\"Municipios de la costa de Granada se unen para reclamar el \\u00abarreglo\\u00bb urgente de sus playas\"},\"previousItem\":{\"@type\":\"ListItem\",\"@id\":\"https:\\\/\\\/eldigitaldeasturias.com\\\/magazine365#listItem\",\"name\":\"Home\"}},{\"@type\":\"ListItem\",\"@id\":\"https:\\\/\\\/eldigitaldeasturias.com\\\/magazine365\\\/municipios-de-la-costa-de-granada-se-unen-para-reclamar-el-arreglo-urgente-de-sus-playas\\\/#listItem\",\"position\":3,\"name\":\"Municipios de la costa de Granada se unen para reclamar el \\u00abarreglo\\u00bb urgente de sus playas\",\"previousItem\":{\"@type\":\"ListItem\",\"@id\":\"https:\\\/\\\/eldigitaldeasturias.com\\\/magazine365\\\/category\\\/noticias-actualidad\\\/#listItem\",\"name\":\"Noticias y Actualidad\"}}]},{\"@type\":\"Organization\",\"@id\":\"https:\\\/\\\/eldigitaldeasturias.com\\\/magazine365\\\/#organization\",\"name\":\"El digital de Asturias\",\"description\":\"Revista de ocio, turismo y estilo de vida\",\"url\":\"https:\\\/\\\/eldigitaldeasturias.com\\\/magazine365\\\/\",\"logo\":{\"@type\":\"ImageObject\",\"url\":\"https:\\\/\\\/www.eldigitaldeasturias.com\\\/noticias\\\/wp-content\\\/uploads\\\/2020\\\/12\\\/EDA.jpg\",\"@id\":\"https:\\\/\\\/eldigitaldeasturias.com\\\/magazine365\\\/municipios-de-la-costa-de-granada-se-unen-para-reclamar-el-arreglo-urgente-de-sus-playas\\\/#organizationLogo\"},\"image\":{\"@id\":\"https:\\\/\\\/eldigitaldeasturias.com\\\/magazine365\\\/municipios-de-la-costa-de-granada-se-unen-para-reclamar-el-arreglo-urgente-de-sus-playas\\\/#organizationLogo\"}},{\"@type\":\"Person\",\"@id\":\"https:\\\/\\\/eldigitaldeasturias.com\\\/magazine365\\\/author\\\/admin\\\/#author\",\"url\":\"https:\\\/\\\/eldigitaldeasturias.com\\\/magazine365\\\/author\\\/admin\\\/\",\"name\":\"admin\",\"image\":{\"@type\":\"ImageObject\",\"@id\":\"https:\\\/\\\/eldigitaldeasturias.com\\\/magazine365\\\/municipios-de-la-costa-de-granada-se-unen-para-reclamar-el-arreglo-urgente-de-sus-playas\\\/#authorImage\",\"url\":\"https:\\\/\\\/eldigitaldeasturias.com\\\/magazine365\\\/wp-content\\\/litespeed\\\/avatar\\\/e571bcf59a0edd6fa6838245a470f2fe.jpg?ver=1777574230\",\"width\":96,\"height\":96,\"caption\":\"admin\"}},{\"@type\":\"WebPage\",\"@id\":\"https:\\\/\\\/eldigitaldeasturias.com\\\/magazine365\\\/municipios-de-la-costa-de-granada-se-unen-para-reclamar-el-arreglo-urgente-de-sus-playas\\\/#webpage\",\"url\":\"https:\\\/\\\/eldigitaldeasturias.com\\\/magazine365\\\/municipios-de-la-costa-de-granada-se-unen-para-reclamar-el-arreglo-urgente-de-sus-playas\\\/\",\"name\":\"Municipios de la costa de Granada se unen para reclamar el \\u00abarreglo\\u00bb urgente de sus playas | El Digital de Asturias\",\"description\":\"Todos los alcaldes de los municipios de la costa de Granada se han unido para suscribir una moci\\u00f3n institucional para reclamar al Gobierno central y a la Junta de Andaluc\\u00eda el arreglo \\\"urgente\\\" de las platas. A iniciativa de la Mancomunidad de Municipios de la Costa Tropical, las alcaldesas de Motril y Salobre\\u00f1a, Flor Alm\\u00f3n\",\"inLanguage\":\"es-ES\",\"isPartOf\":{\"@id\":\"https:\\\/\\\/eldigitaldeasturias.com\\\/magazine365\\\/#website\"},\"breadcrumb\":{\"@id\":\"https:\\\/\\\/eldigitaldeasturias.com\\\/magazine365\\\/municipios-de-la-costa-de-granada-se-unen-para-reclamar-el-arreglo-urgente-de-sus-playas\\\/#breadcrumblist\"},\"author\":{\"@id\":\"https:\\\/\\\/eldigitaldeasturias.com\\\/magazine365\\\/author\\\/admin\\\/#author\"},\"creator\":{\"@id\":\"https:\\\/\\\/eldigitaldeasturias.com\\\/magazine365\\\/author\\\/admin\\\/#author\"},\"image\":{\"@type\":\"ImageObject\",\"url\":\"https:\\\/\\\/eldigitaldeasturias.com\\\/magazine365\\\/wp-content\\\/uploads\\\/2016\\\/05\\\/fotonoticia_20160523191435_800.jpg\",\"@id\":\"https:\\\/\\\/eldigitaldeasturias.com\\\/magazine365\\\/municipios-de-la-costa-de-granada-se-unen-para-reclamar-el-arreglo-urgente-de-sus-playas\\\/#mainImage\",\"width\":800,\"height\":464},\"primaryImageOfPage\":{\"@id\":\"https:\\\/\\\/eldigitaldeasturias.com\\\/magazine365\\\/municipios-de-la-costa-de-granada-se-unen-para-reclamar-el-arreglo-urgente-de-sus-playas\\\/#mainImage\"},\"datePublished\":\"2016-05-24T12:24:19+02:00\",\"dateModified\":\"2016-05-24T12:24:19+02:00\"},{\"@type\":\"WebSite\",\"@id\":\"https:\\\/\\\/eldigitaldeasturias.com\\\/magazine365\\\/#website\",\"url\":\"https:\\\/\\\/eldigitaldeasturias.com\\\/magazine365\\\/\",\"name\":\"El Digital de Asturias\",\"description\":\"Revista de ocio, turismo y estilo de vida\",\"inLanguage\":\"es-ES\",\"publisher\":{\"@id\":\"https:\\\/\\\/eldigitaldeasturias.com\\\/magazine365\\\/#organization\"}}]}\n\t\t<\/script>\n\t\t<!-- All in One SEO Pro -->\r\n\t\t<title>Municipios de la costa de Granada se unen para reclamar el \u00abarreglo\u00bb urgente de sus playas | El Digital de Asturias<\/title>\n\n","aioseo_head_json":{"title":"Municipios de la costa de Granada se unen para reclamar el \u00abarreglo\u00bb urgente de sus playas | El Digital de Asturias","description":"Todos los alcaldes de los municipios de la costa de Granada se han unido para suscribir una moci\u00f3n institucional para reclamar al Gobierno central y a la Junta de Andaluc\u00eda el arreglo \"urgente\" de las platas. A iniciativa de la Mancomunidad de Municipios de la Costa Tropical, las alcaldesas de Motril y Salobre\u00f1a, Flor Alm\u00f3n","canonical_url":"https:\/\/eldigitaldeasturias.com\/magazine365\/municipios-de-la-costa-de-granada-se-unen-para-reclamar-el-arreglo-urgente-de-sus-playas\/","robots":"max-image-preview:large","keywords":"noticias y actualidad","webmasterTools":{"google-site-verification":"UA-38556648-1","miscellaneous":""},"schema":{"@context":"https:\/\/schema.org","@graph":[{"@type":"Article","@id":"https:\/\/eldigitaldeasturias.com\/magazine365\/municipios-de-la-costa-de-granada-se-unen-para-reclamar-el-arreglo-urgente-de-sus-playas\/#article","name":"Municipios de la costa de Granada se unen para reclamar el \u00abarreglo\u00bb urgente de sus playas | El Digital de Asturias","headline":"Municipios de la costa de Granada se unen para reclamar el \u00abarreglo\u00bb urgente de sus playas","author":{"@id":"https:\/\/eldigitaldeasturias.com\/magazine365\/author\/admin\/#author"},"publisher":{"@id":"https:\/\/eldigitaldeasturias.com\/magazine365\/#organization"},"image":{"@type":"ImageObject","url":"https:\/\/eldigitaldeasturias.com\/magazine365\/wp-content\/uploads\/2016\/05\/fotonoticia_20160523191435_800.jpg","width":800,"height":464},"datePublished":"2016-05-24T12:24:19+02:00","dateModified":"2016-05-24T12:24:19+02:00","inLanguage":"es-ES","mainEntityOfPage":{"@id":"https:\/\/eldigitaldeasturias.com\/magazine365\/municipios-de-la-costa-de-granada-se-unen-para-reclamar-el-arreglo-urgente-de-sus-playas\/#webpage"},"isPartOf":{"@id":"https:\/\/eldigitaldeasturias.com\/magazine365\/municipios-de-la-costa-de-granada-se-unen-para-reclamar-el-arreglo-urgente-de-sus-playas\/#webpage"},"articleSection":"Noticias y Actualidad"},{"@type":"BreadcrumbList","@id":"https:\/\/eldigitaldeasturias.com\/magazine365\/municipios-de-la-costa-de-granada-se-unen-para-reclamar-el-arreglo-urgente-de-sus-playas\/#breadcrumblist","itemListElement":[{"@type":"ListItem","@id":"https:\/\/eldigitaldeasturias.com\/magazine365#listItem","position":1,"name":"Home","item":"https:\/\/eldigitaldeasturias.com\/magazine365","nextItem":{"@type":"ListItem","@id":"https:\/\/eldigitaldeasturias.com\/magazine365\/category\/noticias-actualidad\/#listItem","name":"Noticias y Actualidad"}},{"@type":"ListItem","@id":"https:\/\/eldigitaldeasturias.com\/magazine365\/category\/noticias-actualidad\/#listItem","position":2,"name":"Noticias y Actualidad","item":"https:\/\/eldigitaldeasturias.com\/magazine365\/category\/noticias-actualidad\/","nextItem":{"@type":"ListItem","@id":"https:\/\/eldigitaldeasturias.com\/magazine365\/municipios-de-la-costa-de-granada-se-unen-para-reclamar-el-arreglo-urgente-de-sus-playas\/#listItem","name":"Municipios de la costa de Granada se unen para reclamar el \u00abarreglo\u00bb urgente de sus playas"},"previousItem":{"@type":"ListItem","@id":"https:\/\/eldigitaldeasturias.com\/magazine365#listItem","name":"Home"}},{"@type":"ListItem","@id":"https:\/\/eldigitaldeasturias.com\/magazine365\/municipios-de-la-costa-de-granada-se-unen-para-reclamar-el-arreglo-urgente-de-sus-playas\/#listItem","position":3,"name":"Municipios de la costa de Granada se unen para reclamar el \u00abarreglo\u00bb urgente de sus playas","previousItem":{"@type":"ListItem","@id":"https:\/\/eldigitaldeasturias.com\/magazine365\/category\/noticias-actualidad\/#listItem","name":"Noticias y Actualidad"}}]},{"@type":"Organization","@id":"https:\/\/eldigitaldeasturias.com\/magazine365\/#organization","name":"El digital de Asturias","description":"Revista de ocio, turismo y estilo de vida","url":"https:\/\/eldigitaldeasturias.com\/magazine365\/","logo":{"@type":"ImageObject","url":"https:\/\/www.eldigitaldeasturias.com\/noticias\/wp-content\/uploads\/2020\/12\/EDA.jpg","@id":"https:\/\/eldigitaldeasturias.com\/magazine365\/municipios-de-la-costa-de-granada-se-unen-para-reclamar-el-arreglo-urgente-de-sus-playas\/#organizationLogo"},"image":{"@id":"https:\/\/eldigitaldeasturias.com\/magazine365\/municipios-de-la-costa-de-granada-se-unen-para-reclamar-el-arreglo-urgente-de-sus-playas\/#organizationLogo"}},{"@type":"Person","@id":"https:\/\/eldigitaldeasturias.com\/magazine365\/author\/admin\/#author","url":"https:\/\/eldigitaldeasturias.com\/magazine365\/author\/admin\/","name":"admin","image":{"@type":"ImageObject","@id":"https:\/\/eldigitaldeasturias.com\/magazine365\/municipios-de-la-costa-de-granada-se-unen-para-reclamar-el-arreglo-urgente-de-sus-playas\/#authorImage","url":"https:\/\/eldigitaldeasturias.com\/magazine365\/wp-content\/litespeed\/avatar\/e571bcf59a0edd6fa6838245a470f2fe.jpg?ver=1777574230","width":96,"height":96,"caption":"admin"}},{"@type":"WebPage","@id":"https:\/\/eldigitaldeasturias.com\/magazine365\/municipios-de-la-costa-de-granada-se-unen-para-reclamar-el-arreglo-urgente-de-sus-playas\/#webpage","url":"https:\/\/eldigitaldeasturias.com\/magazine365\/municipios-de-la-costa-de-granada-se-unen-para-reclamar-el-arreglo-urgente-de-sus-playas\/","name":"Municipios de la costa de Granada se unen para reclamar el \u00abarreglo\u00bb urgente de sus playas | El Digital de Asturias","description":"Todos los alcaldes de los municipios de la costa de Granada se han unido para suscribir una moci\u00f3n institucional para reclamar al Gobierno central y a la Junta de Andaluc\u00eda el arreglo \"urgente\" de las platas. A iniciativa de la Mancomunidad de Municipios de la Costa Tropical, las alcaldesas de Motril y Salobre\u00f1a, Flor Alm\u00f3n","inLanguage":"es-ES","isPartOf":{"@id":"https:\/\/eldigitaldeasturias.com\/magazine365\/#website"},"breadcrumb":{"@id":"https:\/\/eldigitaldeasturias.com\/magazine365\/municipios-de-la-costa-de-granada-se-unen-para-reclamar-el-arreglo-urgente-de-sus-playas\/#breadcrumblist"},"author":{"@id":"https:\/\/eldigitaldeasturias.com\/magazine365\/author\/admin\/#author"},"creator":{"@id":"https:\/\/eldigitaldeasturias.com\/magazine365\/author\/admin\/#author"},"image":{"@type":"ImageObject","url":"https:\/\/eldigitaldeasturias.com\/magazine365\/wp-content\/uploads\/2016\/05\/fotonoticia_20160523191435_800.jpg","@id":"https:\/\/eldigitaldeasturias.com\/magazine365\/municipios-de-la-costa-de-granada-se-unen-para-reclamar-el-arreglo-urgente-de-sus-playas\/#mainImage","width":800,"height":464},"primaryImageOfPage":{"@id":"https:\/\/eldigitaldeasturias.com\/magazine365\/municipios-de-la-costa-de-granada-se-unen-para-reclamar-el-arreglo-urgente-de-sus-playas\/#mainImage"},"datePublished":"2016-05-24T12:24:19+02:00","dateModified":"2016-05-24T12:24:19+02:00"},{"@type":"WebSite","@id":"https:\/\/eldigitaldeasturias.com\/magazine365\/#website","url":"https:\/\/eldigitaldeasturias.com\/magazine365\/","name":"El Digital de Asturias","description":"Revista de ocio, turismo y estilo de vida","inLanguage":"es-ES","publisher":{"@id":"https:\/\/eldigitaldeasturias.com\/magazine365\/#organization"}}]},"og:locale":"es_ES","og:site_name":"El Digital de Asturias \u2013 Revista de ocio, turismo y estilo de vida","og:type":"article","og:title":"Municipios de la costa de Granada se unen para reclamar el \u00abarreglo\u00bb urgente de sus playas | El Digital de Asturias","og:description":"Todos los alcaldes de los municipios de la costa de Granada se han unido para suscribir una moci\u00f3n institucional para reclamar al Gobierno central y a la Junta de Andaluc\u00eda el arreglo &quot;urgente&quot; de las platas. A iniciativa de la Mancomunidad de Municipios de la Costa Tropical, las alcaldesas de Motril y Salobre\u00f1a, Flor Alm\u00f3n","og:url":"https:\/\/eldigitaldeasturias.com\/magazine365\/municipios-de-la-costa-de-granada-se-unen-para-reclamar-el-arreglo-urgente-de-sus-playas\/","og:image":"https:\/\/eldigitaldeasturias.com\/magazine365\/wp-content\/uploads\/2016\/05\/fotonoticia_20160523191435_800.jpg","og:image:secure_url":"https:\/\/eldigitaldeasturias.com\/magazine365\/wp-content\/uploads\/2016\/05\/fotonoticia_20160523191435_800.jpg","og:image:width":800,"og:image:height":464,"article:published_time":"2016-05-24T10:24:19+00:00","article:modified_time":"2016-05-24T10:24:19+00:00","twitter:card":"summary_large_image","twitter:title":"Municipios de la costa de Granada se unen para reclamar el \u00abarreglo\u00bb urgente de sus playas | El Digital de Asturias","twitter:description":"Todos los alcaldes de los municipios de la costa de Granada se han unido para suscribir una moci\u00f3n institucional para reclamar al Gobierno central y a la Junta de Andaluc\u00eda el arreglo &quot;urgente&quot; de las platas. A iniciativa de la Mancomunidad de Municipios de la Costa Tropical, las alcaldesas de Motril y Salobre\u00f1a, Flor Alm\u00f3n","twitter:image":"https:\/\/eldigitaldeasturias.com\/magazine365\/wp-content\/uploads\/2016\/05\/fotonoticia_20160523191435_800.jpg"},"aioseo_meta_data":{"post_id":"76873","title":null,"description":null,"keywords":null,"keyphrases":null,"primary_term":null,"canonical_url":null,"og_title":null,"og_description":null,"og_object_type":"default","og_image_type":"default","og_image_url":null,"og_image_width":null,"og_image_height":null,"og_image_custom_url":null,"og_image_custom_fields":null,"og_video":null,"og_custom_url":null,"og_article_section":null,"og_article_tags":null,"twitter_use_og":false,"twitter_card":"default","twitter_image_type":"default","twitter_image_url":null,"twitter_image_custom_url":null,"twitter_image_custom_fields":null,"twitter_title":null,"twitter_description":null,"schema":{"blockGraphs":[],"customGraphs":[],"default":{"data":{"Article":[],"Course":[],"Dataset":[],"FAQPage":[],"Movie":[],"Person":[],"Product":[],"ProductReview":[],"Car":[],"Recipe":[],"Service":[],"SoftwareApplication":[],"WebPage":[]},"graphName":"","isEnabled":true},"graphs":[]},"schema_type":null,"schema_type_options":null,"pillar_content":false,"robots_default":true,"robots_noindex":false,"robots_noarchive":false,"robots_nosnippet":false,"robots_nofollow":false,"robots_noimageindex":false,"robots_noodp":false,"robots_notranslate":false,"robots_max_snippet":null,"robots_max_videopreview":null,"robots_max_imagepreview":"large","priority":null,"frequency":null,"location":null,"local_seo":null,"seo_analyzer_scan_date":"2025-09-27 13:34:00","breadcrumb_settings":null,"limit_modified_date":false,"open_ai":null,"ai":null,"created":"2021-03-08 18:22:43","updated":"2025-09-27 13:34:00"},"aioseo_breadcrumb":"<div class=\"aioseo-breadcrumbs\"><span class=\"aioseo-breadcrumb\">\n\t<a href=\"https:\/\/eldigitaldeasturias.com\/magazine365\" title=\"Home\">Home<\/a>\n<\/span><span class=\"aioseo-breadcrumb-separator\">\u2013<\/span><span class=\"aioseo-breadcrumb\">\n\t<a href=\"https:\/\/eldigitaldeasturias.com\/magazine365\/category\/noticias-actualidad\/\" title=\"Noticias y Actualidad\">Noticias y Actualidad<\/a>\n<\/span><span class=\"aioseo-breadcrumb-separator\">\u2013<\/span><span class=\"aioseo-breadcrumb\">\n\t<a href=\"https:\/\/eldigitaldeasturias.com\/magazine365\/municipios-de-la-costa-de-granada-se-unen-para-reclamar-el-arreglo-urgente-de-sus-playas\/\" title=\"Municipios de la costa de Granada se unen para reclamar el \u00abarreglo\u00bb urgente de sus playas\">Municipios de la costa de Granada se unen para reclamar el \u00abarreglo\u00bb urgente de sus playas<\/a>\n<\/span><\/div>","aioseo_breadcrumb_json":[{"label":"Home","link":"https:\/\/eldigitaldeasturias.com\/magazine365"},{"label":"Noticias y Actualidad","link":"https:\/\/eldigitaldeasturias.com\/magazine365\/category\/noticias-actualidad\/"},{"label":"Municipios de la costa de Granada se unen para reclamar el \u00abarreglo\u00bb urgente de sus playas","link":"https:\/\/eldigitaldeasturias.com\/magazine365\/municipios-de-la-costa-de-granada-se-unen-para-reclamar-el-arreglo-urgente-de-sus-playas\/"}],"_links":{"self":[{"href":"https:\/\/eldigitaldeasturias.com\/magazine365\/wp-json\/wp\/v2\/posts\/76873","targetHints":{"allow":["GET"]}}],"collection":[{"href":"https:\/\/eldigitaldeasturias.com\/magazine365\/wp-json\/wp\/v2\/posts"}],"about":[{"href":"https:\/\/eldigitaldeasturias.com\/magazine365\/wp-json\/wp\/v2\/types\/post"}],"author":[{"embeddable":true,"href":"https:\/\/eldigitaldeasturias.com\/magazine365\/wp-json\/wp\/v2\/users\/1"}],"replies":[{"embeddable":true,"href":"https:\/\/eldigitaldeasturias.com\/magazine365\/wp-json\/wp\/v2\/comments?post=76873"}],"version-history":[{"count":0,"href":"https:\/\/eldigitaldeasturias.com\/magazine365\/wp-json\/wp\/v2\/posts\/76873\/revisions"}],"wp:featuredmedia":[{"embeddable":true,"href":"https:\/\/eldigitaldeasturias.com\/magazine365\/wp-json\/wp\/v2\/media\/76874"}],"wp:attachment":[{"href":"https:\/\/eldigitaldeasturias.com\/magazine365\/wp-json\/wp\/v2\/media?parent=76873"}],"wp:term":[{"taxonomy":"category","embeddable":true,"href":"https:\/\/eldigitaldeasturias.com\/magazine365\/wp-json\/wp\/v2\/categories?post=76873"},{"taxonomy":"post_tag","embeddable":true,"href":"https:\/\/eldigitaldeasturias.com\/magazine365\/wp-json\/wp\/v2\/tags?post=76873"}],"curies":[{"name":"wp","href":"https:\/\/api.w.org\/{rel}","templated":true}]}}