{"id":76870,"date":"2016-05-24T12:20:50","date_gmt":"2016-05-24T10:20:50","guid":{"rendered":"http:\/\/eldigitaldeasturias.com\/magazine365\/?p=76870"},"modified":"2016-05-24T12:20:50","modified_gmt":"2016-05-24T10:20:50","slug":"piden-a-manuela-carmena-una-calle-en-madrid-para-miguel-de-la-quadra-salcedo","status":"publish","type":"post","link":"https:\/\/eldigitaldeasturias.com\/magazine365\/piden-a-manuela-carmena-una-calle-en-madrid-para-miguel-de-la-quadra-salcedo\/","title":{"rendered":"Piden a Manuela Carmena una calle en Madrid para Miguel de la Quadra-Salcedo"},"content":{"rendered":"<p><img fetchpriority=\"high\" decoding=\"async\" class=\"alignleft size-medium wp-image-76871\" src=\"https:\/\/eldigitaldeasturias.com\/magazine365\/wp-content\/uploads\/2016\/05\/fotonoticia_20160523191226_800-200x300.jpg\" alt=\"fotonoticia_20160523191226_800\" width=\"200\" height=\"300\" srcset=\"https:\/\/eldigitaldeasturias.com\/magazine365\/wp-content\/uploads\/2016\/05\/fotonoticia_20160523191226_800-200x300.jpg 200w, https:\/\/eldigitaldeasturias.com\/magazine365\/wp-content\/uploads\/2016\/05\/fotonoticia_20160523191226_800-427x640.jpg 427w, https:\/\/eldigitaldeasturias.com\/magazine365\/wp-content\/uploads\/2016\/05\/fotonoticia_20160523191226_800-768x1152.jpg 768w, https:\/\/eldigitaldeasturias.com\/magazine365\/wp-content\/uploads\/2016\/05\/fotonoticia_20160523191226_800-150x225.jpg 150w, https:\/\/eldigitaldeasturias.com\/magazine365\/wp-content\/uploads\/2016\/05\/fotonoticia_20160523191226_800-450x675.jpg 450w, https:\/\/eldigitaldeasturias.com\/magazine365\/wp-content\/uploads\/2016\/05\/fotonoticia_20160523191226_800.jpg 800w\" sizes=\"(max-width: 200px) 100vw, 200px\" \/>La nieta del atleta y periodista Miguel de la Quadra-Salcedo, Catalina Segu\u00ed, ha iniciado una petici\u00f3n en Change.org para pedir a la Alcald\u00eda de Madrid que conceda una calle en la capital para honrar la memoria de su abuelo.<\/p>\n<p>M\u00e1s de 1.500 personas han apoyado ya con su firma este petici\u00f3n. Seg\u00fan ha explicado explica Catalina en el portal web que recoge las firmas, Change.org, De la Quadra-Salcedo fue \u00abun espa\u00f1ol universal\u00bb, que \u00abdedic\u00f3 buena parte de su vida a trabajar por el acercamiento de la juventud de la comunidad iberoamericana de naciones\u00bb.<\/p>\n<p>Su programa &#8216;Ruta Quetzal&#8217; organiza viajes entre Espa\u00f1a y diferentes pa\u00edses de Iberoam\u00e9rica orientados a realizar estudios geogr\u00e1ficos, hist\u00f3ricos y medioambientales. De momento, m\u00e1s de 7.000 j\u00f3venes de entre 16 y 17 a\u00f1os se han beneficiado de este programa.<\/p>\n","protected":false},"excerpt":{"rendered":"<p>La nieta del atleta y periodista Miguel de la Quadra-Salcedo, Catalina Segu\u00ed, ha iniciado una petici\u00f3n en Change.org para pedir a la Alcald\u00eda de Madrid que conceda una calle en la capital para honrar la memoria de su abuelo. M\u00e1s de 1.500 personas han apoyado ya con su firma este petici\u00f3n. Seg\u00fan ha explicado explica<\/p>\n","protected":false},"author":1,"featured_media":76871,"comment_status":"open","ping_status":"closed","sticky":false,"template":"","format":"standard","meta":{"footnotes":""},"categories":[224],"tags":[],"class_list":{"0":"post-76870","1":"post","2":"type-post","3":"status-publish","4":"format-standard","5":"has-post-thumbnail","7":"category-noticias-actualidad"},"aioseo_notices":[],"aioseo_head":"\n\t\t<!-- All in One SEO Pro 4.9.6.1 - aioseo.com -->\n\t<meta name=\"description\" content=\"La nieta del atleta y periodista Miguel de la Quadra-Salcedo, Catalina Segu\u00ed, ha iniciado una petici\u00f3n en Change.org para pedir a la Alcald\u00eda de Madrid que conceda una calle en la capital para honrar la memoria de su abuelo. M\u00e1s de 1.500 personas han apoyado ya con su firma este petici\u00f3n. Seg\u00fan ha explicado explica\" \/>\n\t<meta name=\"robots\" content=\"max-image-preview:large\" \/>\n\t<meta name=\"author\" content=\"admin\"\/>\n\t<meta name=\"google-site-verification\" content=\"UA-38556648-1\" \/>\n\t<meta name=\"keywords\" content=\"noticias y actualidad\" \/>\n\t<link rel=\"canonical\" href=\"https:\/\/eldigitaldeasturias.com\/magazine365\/piden-a-manuela-carmena-una-calle-en-madrid-para-miguel-de-la-quadra-salcedo\/\" \/>\n\t<meta name=\"generator\" content=\"All in One SEO Pro (AIOSEO) 4.9.6.1\" \/>\n\t\t<meta property=\"og:locale\" content=\"es_ES\" \/>\n\t\t<meta property=\"og:site_name\" content=\"El Digital de Asturias \u2013 Revista de ocio, turismo y estilo de vida\" \/>\n\t\t<meta property=\"og:type\" content=\"article\" \/>\n\t\t<meta property=\"og:title\" content=\"Piden a Manuela Carmena una calle en Madrid para Miguel de la Quadra-Salcedo | El Digital de Asturias\" \/>\n\t\t<meta property=\"og:description\" content=\"La nieta del atleta y periodista Miguel de la Quadra-Salcedo, Catalina Segu\u00ed, ha iniciado una petici\u00f3n en Change.org para pedir a la Alcald\u00eda de Madrid que conceda una calle en la capital para honrar la memoria de su abuelo. M\u00e1s de 1.500 personas han apoyado ya con su firma este petici\u00f3n. Seg\u00fan ha explicado explica\" \/>\n\t\t<meta property=\"og:url\" content=\"https:\/\/eldigitaldeasturias.com\/magazine365\/piden-a-manuela-carmena-una-calle-en-madrid-para-miguel-de-la-quadra-salcedo\/\" \/>\n\t\t<meta property=\"og:image\" content=\"https:\/\/eldigitaldeasturias.com\/magazine365\/wp-content\/uploads\/2016\/05\/fotonoticia_20160523191226_800.jpg\" \/>\n\t\t<meta property=\"og:image:secure_url\" content=\"https:\/\/eldigitaldeasturias.com\/magazine365\/wp-content\/uploads\/2016\/05\/fotonoticia_20160523191226_800.jpg\" \/>\n\t\t<meta property=\"og:image:width\" content=\"800\" \/>\n\t\t<meta property=\"og:image:height\" content=\"1200\" \/>\n\t\t<meta property=\"article:published_time\" content=\"2016-05-24T10:20:50+00:00\" \/>\n\t\t<meta property=\"article:modified_time\" content=\"2016-05-24T10:20:50+00:00\" \/>\n\t\t<meta name=\"twitter:card\" content=\"summary_large_image\" \/>\n\t\t<meta name=\"twitter:title\" content=\"Piden a Manuela Carmena una calle en Madrid para Miguel de la Quadra-Salcedo | El Digital de Asturias\" \/>\n\t\t<meta name=\"twitter:description\" content=\"La nieta del atleta y periodista Miguel de la Quadra-Salcedo, Catalina Segu\u00ed, ha iniciado una petici\u00f3n en Change.org para pedir a la Alcald\u00eda de Madrid que conceda una calle en la capital para honrar la memoria de su abuelo. M\u00e1s de 1.500 personas han apoyado ya con su firma este petici\u00f3n. Seg\u00fan ha explicado explica\" \/>\n\t\t<meta name=\"twitter:image\" content=\"https:\/\/eldigitaldeasturias.com\/magazine365\/wp-content\/uploads\/2016\/05\/fotonoticia_20160523191226_800.jpg\" \/>\n\t\t<script type=\"application\/ld+json\" class=\"aioseo-schema\">\n\t\t\t{\"@context\":\"https:\\\/\\\/schema.org\",\"@graph\":[{\"@type\":\"Article\",\"@id\":\"https:\\\/\\\/eldigitaldeasturias.com\\\/magazine365\\\/piden-a-manuela-carmena-una-calle-en-madrid-para-miguel-de-la-quadra-salcedo\\\/#article\",\"name\":\"Piden a Manuela Carmena una calle en Madrid para Miguel de la Quadra-Salcedo | El Digital de Asturias\",\"headline\":\"Piden a Manuela Carmena una calle en Madrid para Miguel de la Quadra-Salcedo\",\"author\":{\"@id\":\"https:\\\/\\\/eldigitaldeasturias.com\\\/magazine365\\\/author\\\/admin\\\/#author\"},\"publisher\":{\"@id\":\"https:\\\/\\\/eldigitaldeasturias.com\\\/magazine365\\\/#organization\"},\"image\":{\"@type\":\"ImageObject\",\"url\":\"https:\\\/\\\/eldigitaldeasturias.com\\\/magazine365\\\/wp-content\\\/uploads\\\/2016\\\/05\\\/fotonoticia_20160523191226_800.jpg\",\"width\":800,\"height\":1200},\"datePublished\":\"2016-05-24T12:20:50+02:00\",\"dateModified\":\"2016-05-24T12:20:50+02:00\",\"inLanguage\":\"es-ES\",\"mainEntityOfPage\":{\"@id\":\"https:\\\/\\\/eldigitaldeasturias.com\\\/magazine365\\\/piden-a-manuela-carmena-una-calle-en-madrid-para-miguel-de-la-quadra-salcedo\\\/#webpage\"},\"isPartOf\":{\"@id\":\"https:\\\/\\\/eldigitaldeasturias.com\\\/magazine365\\\/piden-a-manuela-carmena-una-calle-en-madrid-para-miguel-de-la-quadra-salcedo\\\/#webpage\"},\"articleSection\":\"Noticias y Actualidad\"},{\"@type\":\"BreadcrumbList\",\"@id\":\"https:\\\/\\\/eldigitaldeasturias.com\\\/magazine365\\\/piden-a-manuela-carmena-una-calle-en-madrid-para-miguel-de-la-quadra-salcedo\\\/#breadcrumblist\",\"itemListElement\":[{\"@type\":\"ListItem\",\"@id\":\"https:\\\/\\\/eldigitaldeasturias.com\\\/magazine365#listItem\",\"position\":1,\"name\":\"Home\",\"item\":\"https:\\\/\\\/eldigitaldeasturias.com\\\/magazine365\",\"nextItem\":{\"@type\":\"ListItem\",\"@id\":\"https:\\\/\\\/eldigitaldeasturias.com\\\/magazine365\\\/category\\\/noticias-actualidad\\\/#listItem\",\"name\":\"Noticias y Actualidad\"}},{\"@type\":\"ListItem\",\"@id\":\"https:\\\/\\\/eldigitaldeasturias.com\\\/magazine365\\\/category\\\/noticias-actualidad\\\/#listItem\",\"position\":2,\"name\":\"Noticias y Actualidad\",\"item\":\"https:\\\/\\\/eldigitaldeasturias.com\\\/magazine365\\\/category\\\/noticias-actualidad\\\/\",\"nextItem\":{\"@type\":\"ListItem\",\"@id\":\"https:\\\/\\\/eldigitaldeasturias.com\\\/magazine365\\\/piden-a-manuela-carmena-una-calle-en-madrid-para-miguel-de-la-quadra-salcedo\\\/#listItem\",\"name\":\"Piden a Manuela Carmena una calle en Madrid para Miguel de la Quadra-Salcedo\"},\"previousItem\":{\"@type\":\"ListItem\",\"@id\":\"https:\\\/\\\/eldigitaldeasturias.com\\\/magazine365#listItem\",\"name\":\"Home\"}},{\"@type\":\"ListItem\",\"@id\":\"https:\\\/\\\/eldigitaldeasturias.com\\\/magazine365\\\/piden-a-manuela-carmena-una-calle-en-madrid-para-miguel-de-la-quadra-salcedo\\\/#listItem\",\"position\":3,\"name\":\"Piden a Manuela Carmena una calle en Madrid para Miguel de la Quadra-Salcedo\",\"previousItem\":{\"@type\":\"ListItem\",\"@id\":\"https:\\\/\\\/eldigitaldeasturias.com\\\/magazine365\\\/category\\\/noticias-actualidad\\\/#listItem\",\"name\":\"Noticias y Actualidad\"}}]},{\"@type\":\"Organization\",\"@id\":\"https:\\\/\\\/eldigitaldeasturias.com\\\/magazine365\\\/#organization\",\"name\":\"El digital de Asturias\",\"description\":\"Revista de ocio, turismo y estilo de vida\",\"url\":\"https:\\\/\\\/eldigitaldeasturias.com\\\/magazine365\\\/\",\"logo\":{\"@type\":\"ImageObject\",\"url\":\"https:\\\/\\\/www.eldigitaldeasturias.com\\\/noticias\\\/wp-content\\\/uploads\\\/2020\\\/12\\\/EDA.jpg\",\"@id\":\"https:\\\/\\\/eldigitaldeasturias.com\\\/magazine365\\\/piden-a-manuela-carmena-una-calle-en-madrid-para-miguel-de-la-quadra-salcedo\\\/#organizationLogo\"},\"image\":{\"@id\":\"https:\\\/\\\/eldigitaldeasturias.com\\\/magazine365\\\/piden-a-manuela-carmena-una-calle-en-madrid-para-miguel-de-la-quadra-salcedo\\\/#organizationLogo\"}},{\"@type\":\"Person\",\"@id\":\"https:\\\/\\\/eldigitaldeasturias.com\\\/magazine365\\\/author\\\/admin\\\/#author\",\"url\":\"https:\\\/\\\/eldigitaldeasturias.com\\\/magazine365\\\/author\\\/admin\\\/\",\"name\":\"admin\",\"image\":{\"@type\":\"ImageObject\",\"@id\":\"https:\\\/\\\/eldigitaldeasturias.com\\\/magazine365\\\/piden-a-manuela-carmena-una-calle-en-madrid-para-miguel-de-la-quadra-salcedo\\\/#authorImage\",\"url\":\"https:\\\/\\\/eldigitaldeasturias.com\\\/magazine365\\\/wp-content\\\/litespeed\\\/avatar\\\/e571bcf59a0edd6fa6838245a470f2fe.jpg?ver=1777574230\",\"width\":96,\"height\":96,\"caption\":\"admin\"}},{\"@type\":\"WebPage\",\"@id\":\"https:\\\/\\\/eldigitaldeasturias.com\\\/magazine365\\\/piden-a-manuela-carmena-una-calle-en-madrid-para-miguel-de-la-quadra-salcedo\\\/#webpage\",\"url\":\"https:\\\/\\\/eldigitaldeasturias.com\\\/magazine365\\\/piden-a-manuela-carmena-una-calle-en-madrid-para-miguel-de-la-quadra-salcedo\\\/\",\"name\":\"Piden a Manuela Carmena una calle en Madrid para Miguel de la Quadra-Salcedo | El Digital de Asturias\",\"description\":\"La nieta del atleta y periodista Miguel de la Quadra-Salcedo, Catalina Segu\\u00ed, ha iniciado una petici\\u00f3n en Change.org para pedir a la Alcald\\u00eda de Madrid que conceda una calle en la capital para honrar la memoria de su abuelo. M\\u00e1s de 1.500 personas han apoyado ya con su firma este petici\\u00f3n. Seg\\u00fan ha explicado explica\",\"inLanguage\":\"es-ES\",\"isPartOf\":{\"@id\":\"https:\\\/\\\/eldigitaldeasturias.com\\\/magazine365\\\/#website\"},\"breadcrumb\":{\"@id\":\"https:\\\/\\\/eldigitaldeasturias.com\\\/magazine365\\\/piden-a-manuela-carmena-una-calle-en-madrid-para-miguel-de-la-quadra-salcedo\\\/#breadcrumblist\"},\"author\":{\"@id\":\"https:\\\/\\\/eldigitaldeasturias.com\\\/magazine365\\\/author\\\/admin\\\/#author\"},\"creator\":{\"@id\":\"https:\\\/\\\/eldigitaldeasturias.com\\\/magazine365\\\/author\\\/admin\\\/#author\"},\"image\":{\"@type\":\"ImageObject\",\"url\":\"https:\\\/\\\/eldigitaldeasturias.com\\\/magazine365\\\/wp-content\\\/uploads\\\/2016\\\/05\\\/fotonoticia_20160523191226_800.jpg\",\"@id\":\"https:\\\/\\\/eldigitaldeasturias.com\\\/magazine365\\\/piden-a-manuela-carmena-una-calle-en-madrid-para-miguel-de-la-quadra-salcedo\\\/#mainImage\",\"width\":800,\"height\":1200},\"primaryImageOfPage\":{\"@id\":\"https:\\\/\\\/eldigitaldeasturias.com\\\/magazine365\\\/piden-a-manuela-carmena-una-calle-en-madrid-para-miguel-de-la-quadra-salcedo\\\/#mainImage\"},\"datePublished\":\"2016-05-24T12:20:50+02:00\",\"dateModified\":\"2016-05-24T12:20:50+02:00\"},{\"@type\":\"WebSite\",\"@id\":\"https:\\\/\\\/eldigitaldeasturias.com\\\/magazine365\\\/#website\",\"url\":\"https:\\\/\\\/eldigitaldeasturias.com\\\/magazine365\\\/\",\"name\":\"El Digital de Asturias\",\"description\":\"Revista de ocio, turismo y estilo de vida\",\"inLanguage\":\"es-ES\",\"publisher\":{\"@id\":\"https:\\\/\\\/eldigitaldeasturias.com\\\/magazine365\\\/#organization\"}}]}\n\t\t<\/script>\n\t\t<!-- All in One SEO Pro -->\r\n\t\t<title>Piden a Manuela Carmena una calle en Madrid para Miguel de la Quadra-Salcedo | El Digital de Asturias<\/title>\n\n","aioseo_head_json":{"title":"Piden a Manuela Carmena una calle en Madrid para Miguel de la Quadra-Salcedo | El Digital de Asturias","description":"La nieta del atleta y periodista Miguel de la Quadra-Salcedo, Catalina Segu\u00ed, ha iniciado una petici\u00f3n en Change.org para pedir a la Alcald\u00eda de Madrid que conceda una calle en la capital para honrar la memoria de su abuelo. M\u00e1s de 1.500 personas han apoyado ya con su firma este petici\u00f3n. Seg\u00fan ha explicado explica","canonical_url":"https:\/\/eldigitaldeasturias.com\/magazine365\/piden-a-manuela-carmena-una-calle-en-madrid-para-miguel-de-la-quadra-salcedo\/","robots":"max-image-preview:large","keywords":"noticias y actualidad","webmasterTools":{"google-site-verification":"UA-38556648-1","miscellaneous":""},"schema":{"@context":"https:\/\/schema.org","@graph":[{"@type":"Article","@id":"https:\/\/eldigitaldeasturias.com\/magazine365\/piden-a-manuela-carmena-una-calle-en-madrid-para-miguel-de-la-quadra-salcedo\/#article","name":"Piden a Manuela Carmena una calle en Madrid para Miguel de la Quadra-Salcedo | El Digital de Asturias","headline":"Piden a Manuela Carmena una calle en Madrid para Miguel de la Quadra-Salcedo","author":{"@id":"https:\/\/eldigitaldeasturias.com\/magazine365\/author\/admin\/#author"},"publisher":{"@id":"https:\/\/eldigitaldeasturias.com\/magazine365\/#organization"},"image":{"@type":"ImageObject","url":"https:\/\/eldigitaldeasturias.com\/magazine365\/wp-content\/uploads\/2016\/05\/fotonoticia_20160523191226_800.jpg","width":800,"height":1200},"datePublished":"2016-05-24T12:20:50+02:00","dateModified":"2016-05-24T12:20:50+02:00","inLanguage":"es-ES","mainEntityOfPage":{"@id":"https:\/\/eldigitaldeasturias.com\/magazine365\/piden-a-manuela-carmena-una-calle-en-madrid-para-miguel-de-la-quadra-salcedo\/#webpage"},"isPartOf":{"@id":"https:\/\/eldigitaldeasturias.com\/magazine365\/piden-a-manuela-carmena-una-calle-en-madrid-para-miguel-de-la-quadra-salcedo\/#webpage"},"articleSection":"Noticias y Actualidad"},{"@type":"BreadcrumbList","@id":"https:\/\/eldigitaldeasturias.com\/magazine365\/piden-a-manuela-carmena-una-calle-en-madrid-para-miguel-de-la-quadra-salcedo\/#breadcrumblist","itemListElement":[{"@type":"ListItem","@id":"https:\/\/eldigitaldeasturias.com\/magazine365#listItem","position":1,"name":"Home","item":"https:\/\/eldigitaldeasturias.com\/magazine365","nextItem":{"@type":"ListItem","@id":"https:\/\/eldigitaldeasturias.com\/magazine365\/category\/noticias-actualidad\/#listItem","name":"Noticias y Actualidad"}},{"@type":"ListItem","@id":"https:\/\/eldigitaldeasturias.com\/magazine365\/category\/noticias-actualidad\/#listItem","position":2,"name":"Noticias y Actualidad","item":"https:\/\/eldigitaldeasturias.com\/magazine365\/category\/noticias-actualidad\/","nextItem":{"@type":"ListItem","@id":"https:\/\/eldigitaldeasturias.com\/magazine365\/piden-a-manuela-carmena-una-calle-en-madrid-para-miguel-de-la-quadra-salcedo\/#listItem","name":"Piden a Manuela Carmena una calle en Madrid para Miguel de la Quadra-Salcedo"},"previousItem":{"@type":"ListItem","@id":"https:\/\/eldigitaldeasturias.com\/magazine365#listItem","name":"Home"}},{"@type":"ListItem","@id":"https:\/\/eldigitaldeasturias.com\/magazine365\/piden-a-manuela-carmena-una-calle-en-madrid-para-miguel-de-la-quadra-salcedo\/#listItem","position":3,"name":"Piden a Manuela Carmena una calle en Madrid para Miguel de la Quadra-Salcedo","previousItem":{"@type":"ListItem","@id":"https:\/\/eldigitaldeasturias.com\/magazine365\/category\/noticias-actualidad\/#listItem","name":"Noticias y Actualidad"}}]},{"@type":"Organization","@id":"https:\/\/eldigitaldeasturias.com\/magazine365\/#organization","name":"El digital de Asturias","description":"Revista de ocio, turismo y estilo de vida","url":"https:\/\/eldigitaldeasturias.com\/magazine365\/","logo":{"@type":"ImageObject","url":"https:\/\/www.eldigitaldeasturias.com\/noticias\/wp-content\/uploads\/2020\/12\/EDA.jpg","@id":"https:\/\/eldigitaldeasturias.com\/magazine365\/piden-a-manuela-carmena-una-calle-en-madrid-para-miguel-de-la-quadra-salcedo\/#organizationLogo"},"image":{"@id":"https:\/\/eldigitaldeasturias.com\/magazine365\/piden-a-manuela-carmena-una-calle-en-madrid-para-miguel-de-la-quadra-salcedo\/#organizationLogo"}},{"@type":"Person","@id":"https:\/\/eldigitaldeasturias.com\/magazine365\/author\/admin\/#author","url":"https:\/\/eldigitaldeasturias.com\/magazine365\/author\/admin\/","name":"admin","image":{"@type":"ImageObject","@id":"https:\/\/eldigitaldeasturias.com\/magazine365\/piden-a-manuela-carmena-una-calle-en-madrid-para-miguel-de-la-quadra-salcedo\/#authorImage","url":"https:\/\/eldigitaldeasturias.com\/magazine365\/wp-content\/litespeed\/avatar\/e571bcf59a0edd6fa6838245a470f2fe.jpg?ver=1777574230","width":96,"height":96,"caption":"admin"}},{"@type":"WebPage","@id":"https:\/\/eldigitaldeasturias.com\/magazine365\/piden-a-manuela-carmena-una-calle-en-madrid-para-miguel-de-la-quadra-salcedo\/#webpage","url":"https:\/\/eldigitaldeasturias.com\/magazine365\/piden-a-manuela-carmena-una-calle-en-madrid-para-miguel-de-la-quadra-salcedo\/","name":"Piden a Manuela Carmena una calle en Madrid para Miguel de la Quadra-Salcedo | El Digital de Asturias","description":"La nieta del atleta y periodista Miguel de la Quadra-Salcedo, Catalina Segu\u00ed, ha iniciado una petici\u00f3n en Change.org para pedir a la Alcald\u00eda de Madrid que conceda una calle en la capital para honrar la memoria de su abuelo. M\u00e1s de 1.500 personas han apoyado ya con su firma este petici\u00f3n. Seg\u00fan ha explicado explica","inLanguage":"es-ES","isPartOf":{"@id":"https:\/\/eldigitaldeasturias.com\/magazine365\/#website"},"breadcrumb":{"@id":"https:\/\/eldigitaldeasturias.com\/magazine365\/piden-a-manuela-carmena-una-calle-en-madrid-para-miguel-de-la-quadra-salcedo\/#breadcrumblist"},"author":{"@id":"https:\/\/eldigitaldeasturias.com\/magazine365\/author\/admin\/#author"},"creator":{"@id":"https:\/\/eldigitaldeasturias.com\/magazine365\/author\/admin\/#author"},"image":{"@type":"ImageObject","url":"https:\/\/eldigitaldeasturias.com\/magazine365\/wp-content\/uploads\/2016\/05\/fotonoticia_20160523191226_800.jpg","@id":"https:\/\/eldigitaldeasturias.com\/magazine365\/piden-a-manuela-carmena-una-calle-en-madrid-para-miguel-de-la-quadra-salcedo\/#mainImage","width":800,"height":1200},"primaryImageOfPage":{"@id":"https:\/\/eldigitaldeasturias.com\/magazine365\/piden-a-manuela-carmena-una-calle-en-madrid-para-miguel-de-la-quadra-salcedo\/#mainImage"},"datePublished":"2016-05-24T12:20:50+02:00","dateModified":"2016-05-24T12:20:50+02:00"},{"@type":"WebSite","@id":"https:\/\/eldigitaldeasturias.com\/magazine365\/#website","url":"https:\/\/eldigitaldeasturias.com\/magazine365\/","name":"El Digital de Asturias","description":"Revista de ocio, turismo y estilo de vida","inLanguage":"es-ES","publisher":{"@id":"https:\/\/eldigitaldeasturias.com\/magazine365\/#organization"}}]},"og:locale":"es_ES","og:site_name":"El Digital de Asturias \u2013 Revista de ocio, turismo y estilo de vida","og:type":"article","og:title":"Piden a Manuela Carmena una calle en Madrid para Miguel de la Quadra-Salcedo | El Digital de Asturias","og:description":"La nieta del atleta y periodista Miguel de la Quadra-Salcedo, Catalina Segu\u00ed, ha iniciado una petici\u00f3n en Change.org para pedir a la Alcald\u00eda de Madrid que conceda una calle en la capital para honrar la memoria de su abuelo. M\u00e1s de 1.500 personas han apoyado ya con su firma este petici\u00f3n. Seg\u00fan ha explicado explica","og:url":"https:\/\/eldigitaldeasturias.com\/magazine365\/piden-a-manuela-carmena-una-calle-en-madrid-para-miguel-de-la-quadra-salcedo\/","og:image":"https:\/\/eldigitaldeasturias.com\/magazine365\/wp-content\/uploads\/2016\/05\/fotonoticia_20160523191226_800.jpg","og:image:secure_url":"https:\/\/eldigitaldeasturias.com\/magazine365\/wp-content\/uploads\/2016\/05\/fotonoticia_20160523191226_800.jpg","og:image:width":800,"og:image:height":1200,"article:published_time":"2016-05-24T10:20:50+00:00","article:modified_time":"2016-05-24T10:20:50+00:00","twitter:card":"summary_large_image","twitter:title":"Piden a Manuela Carmena una calle en Madrid para Miguel de la Quadra-Salcedo | El Digital de Asturias","twitter:description":"La nieta del atleta y periodista Miguel de la Quadra-Salcedo, Catalina Segu\u00ed, ha iniciado una petici\u00f3n en Change.org para pedir a la Alcald\u00eda de Madrid que conceda una calle en la capital para honrar la memoria de su abuelo. M\u00e1s de 1.500 personas han apoyado ya con su firma este petici\u00f3n. Seg\u00fan ha explicado explica","twitter:image":"https:\/\/eldigitaldeasturias.com\/magazine365\/wp-content\/uploads\/2016\/05\/fotonoticia_20160523191226_800.jpg"},"aioseo_meta_data":{"post_id":"76870","title":null,"description":null,"keywords":null,"keyphrases":null,"primary_term":null,"canonical_url":null,"og_title":null,"og_description":null,"og_object_type":"default","og_image_type":"default","og_image_url":null,"og_image_width":null,"og_image_height":null,"og_image_custom_url":null,"og_image_custom_fields":null,"og_video":null,"og_custom_url":null,"og_article_section":null,"og_article_tags":null,"twitter_use_og":false,"twitter_card":"default","twitter_image_type":"default","twitter_image_url":null,"twitter_image_custom_url":null,"twitter_image_custom_fields":null,"twitter_title":null,"twitter_description":null,"schema":{"blockGraphs":[],"customGraphs":[],"default":{"data":{"Article":[],"Course":[],"Dataset":[],"FAQPage":[],"Movie":[],"Person":[],"Product":[],"ProductReview":[],"Car":[],"Recipe":[],"Service":[],"SoftwareApplication":[],"WebPage":[]},"graphName":"","isEnabled":true},"graphs":[]},"schema_type":null,"schema_type_options":null,"pillar_content":false,"robots_default":true,"robots_noindex":false,"robots_noarchive":false,"robots_nosnippet":false,"robots_nofollow":false,"robots_noimageindex":false,"robots_noodp":false,"robots_notranslate":false,"robots_max_snippet":null,"robots_max_videopreview":null,"robots_max_imagepreview":"large","priority":null,"frequency":null,"location":null,"local_seo":null,"seo_analyzer_scan_date":"2025-09-27 13:33:59","breadcrumb_settings":null,"limit_modified_date":false,"open_ai":null,"ai":null,"created":"2021-03-08 18:22:43","updated":"2025-09-27 13:33:59"},"aioseo_breadcrumb":"<div class=\"aioseo-breadcrumbs\"><span class=\"aioseo-breadcrumb\">\n\t<a href=\"https:\/\/eldigitaldeasturias.com\/magazine365\" title=\"Home\">Home<\/a>\n<\/span><span class=\"aioseo-breadcrumb-separator\">\u2013<\/span><span class=\"aioseo-breadcrumb\">\n\t<a href=\"https:\/\/eldigitaldeasturias.com\/magazine365\/category\/noticias-actualidad\/\" title=\"Noticias y Actualidad\">Noticias y Actualidad<\/a>\n<\/span><span class=\"aioseo-breadcrumb-separator\">\u2013<\/span><span class=\"aioseo-breadcrumb\">\n\t<a href=\"https:\/\/eldigitaldeasturias.com\/magazine365\/piden-a-manuela-carmena-una-calle-en-madrid-para-miguel-de-la-quadra-salcedo\/\" title=\"Piden a Manuela Carmena una calle en Madrid para Miguel de la Quadra-Salcedo\">Piden a Manuela Carmena una calle en Madrid para Miguel de la Quadra-Salcedo<\/a>\n<\/span><\/div>","aioseo_breadcrumb_json":[{"label":"Home","link":"https:\/\/eldigitaldeasturias.com\/magazine365"},{"label":"Noticias y Actualidad","link":"https:\/\/eldigitaldeasturias.com\/magazine365\/category\/noticias-actualidad\/"},{"label":"Piden a Manuela Carmena una calle en Madrid para Miguel de la Quadra-Salcedo","link":"https:\/\/eldigitaldeasturias.com\/magazine365\/piden-a-manuela-carmena-una-calle-en-madrid-para-miguel-de-la-quadra-salcedo\/"}],"_links":{"self":[{"href":"https:\/\/eldigitaldeasturias.com\/magazine365\/wp-json\/wp\/v2\/posts\/76870","targetHints":{"allow":["GET"]}}],"collection":[{"href":"https:\/\/eldigitaldeasturias.com\/magazine365\/wp-json\/wp\/v2\/posts"}],"about":[{"href":"https:\/\/eldigitaldeasturias.com\/magazine365\/wp-json\/wp\/v2\/types\/post"}],"author":[{"embeddable":true,"href":"https:\/\/eldigitaldeasturias.com\/magazine365\/wp-json\/wp\/v2\/users\/1"}],"replies":[{"embeddable":true,"href":"https:\/\/eldigitaldeasturias.com\/magazine365\/wp-json\/wp\/v2\/comments?post=76870"}],"version-history":[{"count":0,"href":"https:\/\/eldigitaldeasturias.com\/magazine365\/wp-json\/wp\/v2\/posts\/76870\/revisions"}],"wp:featuredmedia":[{"embeddable":true,"href":"https:\/\/eldigitaldeasturias.com\/magazine365\/wp-json\/wp\/v2\/media\/76871"}],"wp:attachment":[{"href":"https:\/\/eldigitaldeasturias.com\/magazine365\/wp-json\/wp\/v2\/media?parent=76870"}],"wp:term":[{"taxonomy":"category","embeddable":true,"href":"https:\/\/eldigitaldeasturias.com\/magazine365\/wp-json\/wp\/v2\/categories?post=76870"},{"taxonomy":"post_tag","embeddable":true,"href":"https:\/\/eldigitaldeasturias.com\/magazine365\/wp-json\/wp\/v2\/tags?post=76870"}],"curies":[{"name":"wp","href":"https:\/\/api.w.org\/{rel}","templated":true}]}}