{"id":76861,"date":"2016-05-24T12:16:12","date_gmt":"2016-05-24T10:16:12","guid":{"rendered":"http:\/\/eldigitaldeasturias.com\/magazine365\/?p=76861"},"modified":"2016-05-24T12:16:12","modified_gmt":"2016-05-24T10:16:12","slug":"el-gobierno-de-canarias-da-el-visto-bueno-a-la-linea-interior-maritima-de-la-gomera","status":"publish","type":"post","link":"https:\/\/eldigitaldeasturias.com\/magazine365\/el-gobierno-de-canarias-da-el-visto-bueno-a-la-linea-interior-maritima-de-la-gomera\/","title":{"rendered":"El Gobierno de Canarias da el visto bueno a la l\u00ednea interior mar\u00edtima de La Gomera"},"content":{"rendered":"<p><img fetchpriority=\"high\" decoding=\"async\" class=\"alignleft size-medium wp-image-76862\" src=\"https:\/\/eldigitaldeasturias.com\/magazine365\/wp-content\/uploads\/2016\/05\/fotonoticia_20160523182933_800-360x240.jpg\" alt=\"fotonoticia_20160523182933_800\" width=\"360\" height=\"240\" srcset=\"https:\/\/eldigitaldeasturias.com\/magazine365\/wp-content\/uploads\/2016\/05\/fotonoticia_20160523182933_800-360x240.jpg 360w, https:\/\/eldigitaldeasturias.com\/magazine365\/wp-content\/uploads\/2016\/05\/fotonoticia_20160523182933_800-650x434.jpg 650w, https:\/\/eldigitaldeasturias.com\/magazine365\/wp-content\/uploads\/2016\/05\/fotonoticia_20160523182933_800-768x513.jpg 768w, https:\/\/eldigitaldeasturias.com\/magazine365\/wp-content\/uploads\/2016\/05\/fotonoticia_20160523182933_800-150x100.jpg 150w, https:\/\/eldigitaldeasturias.com\/magazine365\/wp-content\/uploads\/2016\/05\/fotonoticia_20160523182933_800-450x300.jpg 450w, https:\/\/eldigitaldeasturias.com\/magazine365\/wp-content\/uploads\/2016\/05\/fotonoticia_20160523182933_800-101x66.jpg 101w, https:\/\/eldigitaldeasturias.com\/magazine365\/wp-content\/uploads\/2016\/05\/fotonoticia_20160523182933_800.jpg 800w\" sizes=\"(max-width: 360px) 100vw, 360px\" \/>Puertos Canarios ha dado el visto bueno a la naviera Fred.Olsen para que instale en los puertos de Playa Santiago y Vueltas los elementos necesarios para restablecer la l\u00ednea interior mar\u00edtima de La Gomera, que ya estuvo en servicio entre 2002 y 2011. La autorizaci\u00f3n se otorga por un plazo de 4 a\u00f1os.<\/p>\n<p>La naviera solicit\u00f3 autorizaci\u00f3n para ocupar la superficie suficiente para instalar una zona de pre-embarque de pasajeros, un contenedor informativo y un pantal\u00e1n flotante en ambos puertos para poder operar esta l\u00ednea que une Valle Gran Rey, Playa Santiago y San Sebasti\u00e1n de La Gomera, y que tiene previstos tres viajes diarios de ida y vuelta.<\/p>\n<p>La zona de pre-embarque de pasajeros estar\u00e1 delimitada a una zona de 50 metros cuadrados y estar\u00e1 organizada y se\u00f1alizada para que permita ser utilizada por el usuario de manera aut\u00f3noma.<\/p>\n<p>Adem\u00e1s, se instalar\u00e1 un contenedor informativo desmontable que, a trav\u00e9s de paneles informativos, ofrecer\u00e1 a los usuarios la informaci\u00f3n que pueda requerir sobre esta l\u00ednea interior, sus horarios, etc\u00e9tera.<\/p>\n<p>Para la operatividad propia de la embarcaci\u00f3n, Fred.Olsen instalar\u00e1 un pantal\u00e1n flotante, tambi\u00e9n desmontable, que permitir\u00e1 el autoamarre del barco, sin necesidad de contar con apoyo desde tierra.<\/p>\n<p>En cuanto a la exenci\u00f3n de tasas solicitada por Fred.Olsen, desde la Consejer\u00eda de Transportes indican que ni la Ley de Puertos de Canarias, ni la Ley de Patrimonio de la Comunidad Aut\u00f3noma, ni dem\u00e1s normativa relacionada con este objeto contempla exenciones, bonificaciones o condonaciones de deuda para las tasas o c\u00e1nones, por lo que no es posible eximir a la naviera del pago de estas tasas.<\/p>\n<p>A este respecto, Puertos Canarios remitir\u00e1 un informe a la Consejer\u00eda para que, a su vez, lo traslade a la Consejer\u00eda de Hacienda del Gobierno de Canarias para que pueda evaluar las diferentes alternativas que puedan aportarse a dicha exenci\u00f3n de tasas.<\/p>\n","protected":false},"excerpt":{"rendered":"<p>Puertos Canarios ha dado el visto bueno a la naviera Fred.Olsen para que instale en los puertos de Playa Santiago y Vueltas los elementos necesarios para restablecer la l\u00ednea interior mar\u00edtima de La Gomera, que ya estuvo en servicio entre 2002 y 2011. La autorizaci\u00f3n se otorga por un plazo de 4 a\u00f1os. La naviera<\/p>\n","protected":false},"author":1,"featured_media":76862,"comment_status":"open","ping_status":"closed","sticky":false,"template":"","format":"standard","meta":{"footnotes":""},"categories":[224],"tags":[],"class_list":{"0":"post-76861","1":"post","2":"type-post","3":"status-publish","4":"format-standard","5":"has-post-thumbnail","7":"category-noticias-actualidad"},"aioseo_notices":[],"aioseo_head":"\n\t\t<!-- All in One SEO Pro 4.9.6.1 - aioseo.com -->\n\t<meta name=\"description\" content=\"Puertos Canarios ha dado el visto bueno a la naviera Fred.Olsen para que instale en los puertos de Playa Santiago y Vueltas los elementos necesarios para restablecer la l\u00ednea interior mar\u00edtima de La Gomera, que ya estuvo en servicio entre 2002 y 2011. La autorizaci\u00f3n se otorga por un plazo de 4 a\u00f1os. La naviera\" \/>\n\t<meta name=\"robots\" content=\"max-image-preview:large\" \/>\n\t<meta name=\"author\" content=\"admin\"\/>\n\t<meta name=\"google-site-verification\" content=\"UA-38556648-1\" \/>\n\t<meta name=\"keywords\" content=\"noticias y actualidad\" \/>\n\t<link rel=\"canonical\" href=\"https:\/\/eldigitaldeasturias.com\/magazine365\/el-gobierno-de-canarias-da-el-visto-bueno-a-la-linea-interior-maritima-de-la-gomera\/\" \/>\n\t<meta name=\"generator\" content=\"All in One SEO Pro (AIOSEO) 4.9.6.1\" \/>\n\t\t<meta property=\"og:locale\" content=\"es_ES\" \/>\n\t\t<meta property=\"og:site_name\" content=\"El Digital de Asturias \u2013 Revista de ocio, turismo y estilo de vida\" \/>\n\t\t<meta property=\"og:type\" content=\"article\" \/>\n\t\t<meta property=\"og:title\" content=\"El Gobierno de Canarias da el visto bueno a la l\u00ednea interior mar\u00edtima de La Gomera | El Digital de Asturias\" \/>\n\t\t<meta property=\"og:description\" content=\"Puertos Canarios ha dado el visto bueno a la naviera Fred.Olsen para que instale en los puertos de Playa Santiago y Vueltas los elementos necesarios para restablecer la l\u00ednea interior mar\u00edtima de La Gomera, que ya estuvo en servicio entre 2002 y 2011. La autorizaci\u00f3n se otorga por un plazo de 4 a\u00f1os. La naviera\" \/>\n\t\t<meta property=\"og:url\" content=\"https:\/\/eldigitaldeasturias.com\/magazine365\/el-gobierno-de-canarias-da-el-visto-bueno-a-la-linea-interior-maritima-de-la-gomera\/\" \/>\n\t\t<meta property=\"og:image\" content=\"https:\/\/eldigitaldeasturias.com\/magazine365\/wp-content\/uploads\/2016\/05\/fotonoticia_20160523182933_800.jpg\" \/>\n\t\t<meta property=\"og:image:secure_url\" content=\"https:\/\/eldigitaldeasturias.com\/magazine365\/wp-content\/uploads\/2016\/05\/fotonoticia_20160523182933_800.jpg\" \/>\n\t\t<meta property=\"og:image:width\" content=\"800\" \/>\n\t\t<meta property=\"og:image:height\" content=\"534\" \/>\n\t\t<meta property=\"article:published_time\" content=\"2016-05-24T10:16:12+00:00\" \/>\n\t\t<meta property=\"article:modified_time\" content=\"2016-05-24T10:16:12+00:00\" \/>\n\t\t<meta name=\"twitter:card\" content=\"summary_large_image\" \/>\n\t\t<meta name=\"twitter:title\" content=\"El Gobierno de Canarias da el visto bueno a la l\u00ednea interior mar\u00edtima de La Gomera | El Digital de Asturias\" \/>\n\t\t<meta name=\"twitter:description\" content=\"Puertos Canarios ha dado el visto bueno a la naviera Fred.Olsen para que instale en los puertos de Playa Santiago y Vueltas los elementos necesarios para restablecer la l\u00ednea interior mar\u00edtima de La Gomera, que ya estuvo en servicio entre 2002 y 2011. La autorizaci\u00f3n se otorga por un plazo de 4 a\u00f1os. La naviera\" \/>\n\t\t<meta name=\"twitter:image\" content=\"https:\/\/eldigitaldeasturias.com\/magazine365\/wp-content\/uploads\/2016\/05\/fotonoticia_20160523182933_800.jpg\" \/>\n\t\t<script type=\"application\/ld+json\" class=\"aioseo-schema\">\n\t\t\t{\"@context\":\"https:\\\/\\\/schema.org\",\"@graph\":[{\"@type\":\"Article\",\"@id\":\"https:\\\/\\\/eldigitaldeasturias.com\\\/magazine365\\\/el-gobierno-de-canarias-da-el-visto-bueno-a-la-linea-interior-maritima-de-la-gomera\\\/#article\",\"name\":\"El Gobierno de Canarias da el visto bueno a la l\\u00ednea interior mar\\u00edtima de La Gomera | El Digital de Asturias\",\"headline\":\"El Gobierno de Canarias da el visto bueno a la l\\u00ednea interior mar\\u00edtima de La Gomera\",\"author\":{\"@id\":\"https:\\\/\\\/eldigitaldeasturias.com\\\/magazine365\\\/author\\\/admin\\\/#author\"},\"publisher\":{\"@id\":\"https:\\\/\\\/eldigitaldeasturias.com\\\/magazine365\\\/#organization\"},\"image\":{\"@type\":\"ImageObject\",\"url\":\"https:\\\/\\\/eldigitaldeasturias.com\\\/magazine365\\\/wp-content\\\/uploads\\\/2016\\\/05\\\/fotonoticia_20160523182933_800.jpg\",\"width\":800,\"height\":534},\"datePublished\":\"2016-05-24T12:16:12+02:00\",\"dateModified\":\"2016-05-24T12:16:12+02:00\",\"inLanguage\":\"es-ES\",\"mainEntityOfPage\":{\"@id\":\"https:\\\/\\\/eldigitaldeasturias.com\\\/magazine365\\\/el-gobierno-de-canarias-da-el-visto-bueno-a-la-linea-interior-maritima-de-la-gomera\\\/#webpage\"},\"isPartOf\":{\"@id\":\"https:\\\/\\\/eldigitaldeasturias.com\\\/magazine365\\\/el-gobierno-de-canarias-da-el-visto-bueno-a-la-linea-interior-maritima-de-la-gomera\\\/#webpage\"},\"articleSection\":\"Noticias y Actualidad\"},{\"@type\":\"BreadcrumbList\",\"@id\":\"https:\\\/\\\/eldigitaldeasturias.com\\\/magazine365\\\/el-gobierno-de-canarias-da-el-visto-bueno-a-la-linea-interior-maritima-de-la-gomera\\\/#breadcrumblist\",\"itemListElement\":[{\"@type\":\"ListItem\",\"@id\":\"https:\\\/\\\/eldigitaldeasturias.com\\\/magazine365#listItem\",\"position\":1,\"name\":\"Home\",\"item\":\"https:\\\/\\\/eldigitaldeasturias.com\\\/magazine365\",\"nextItem\":{\"@type\":\"ListItem\",\"@id\":\"https:\\\/\\\/eldigitaldeasturias.com\\\/magazine365\\\/category\\\/noticias-actualidad\\\/#listItem\",\"name\":\"Noticias y Actualidad\"}},{\"@type\":\"ListItem\",\"@id\":\"https:\\\/\\\/eldigitaldeasturias.com\\\/magazine365\\\/category\\\/noticias-actualidad\\\/#listItem\",\"position\":2,\"name\":\"Noticias y Actualidad\",\"item\":\"https:\\\/\\\/eldigitaldeasturias.com\\\/magazine365\\\/category\\\/noticias-actualidad\\\/\",\"nextItem\":{\"@type\":\"ListItem\",\"@id\":\"https:\\\/\\\/eldigitaldeasturias.com\\\/magazine365\\\/el-gobierno-de-canarias-da-el-visto-bueno-a-la-linea-interior-maritima-de-la-gomera\\\/#listItem\",\"name\":\"El Gobierno de Canarias da el visto bueno a la l\\u00ednea interior mar\\u00edtima de La Gomera\"},\"previousItem\":{\"@type\":\"ListItem\",\"@id\":\"https:\\\/\\\/eldigitaldeasturias.com\\\/magazine365#listItem\",\"name\":\"Home\"}},{\"@type\":\"ListItem\",\"@id\":\"https:\\\/\\\/eldigitaldeasturias.com\\\/magazine365\\\/el-gobierno-de-canarias-da-el-visto-bueno-a-la-linea-interior-maritima-de-la-gomera\\\/#listItem\",\"position\":3,\"name\":\"El Gobierno de Canarias da el visto bueno a la l\\u00ednea interior mar\\u00edtima de La Gomera\",\"previousItem\":{\"@type\":\"ListItem\",\"@id\":\"https:\\\/\\\/eldigitaldeasturias.com\\\/magazine365\\\/category\\\/noticias-actualidad\\\/#listItem\",\"name\":\"Noticias y Actualidad\"}}]},{\"@type\":\"Organization\",\"@id\":\"https:\\\/\\\/eldigitaldeasturias.com\\\/magazine365\\\/#organization\",\"name\":\"El digital de Asturias\",\"description\":\"Revista de ocio, turismo y estilo de vida\",\"url\":\"https:\\\/\\\/eldigitaldeasturias.com\\\/magazine365\\\/\",\"logo\":{\"@type\":\"ImageObject\",\"url\":\"https:\\\/\\\/www.eldigitaldeasturias.com\\\/noticias\\\/wp-content\\\/uploads\\\/2020\\\/12\\\/EDA.jpg\",\"@id\":\"https:\\\/\\\/eldigitaldeasturias.com\\\/magazine365\\\/el-gobierno-de-canarias-da-el-visto-bueno-a-la-linea-interior-maritima-de-la-gomera\\\/#organizationLogo\"},\"image\":{\"@id\":\"https:\\\/\\\/eldigitaldeasturias.com\\\/magazine365\\\/el-gobierno-de-canarias-da-el-visto-bueno-a-la-linea-interior-maritima-de-la-gomera\\\/#organizationLogo\"}},{\"@type\":\"Person\",\"@id\":\"https:\\\/\\\/eldigitaldeasturias.com\\\/magazine365\\\/author\\\/admin\\\/#author\",\"url\":\"https:\\\/\\\/eldigitaldeasturias.com\\\/magazine365\\\/author\\\/admin\\\/\",\"name\":\"admin\",\"image\":{\"@type\":\"ImageObject\",\"@id\":\"https:\\\/\\\/eldigitaldeasturias.com\\\/magazine365\\\/el-gobierno-de-canarias-da-el-visto-bueno-a-la-linea-interior-maritima-de-la-gomera\\\/#authorImage\",\"url\":\"https:\\\/\\\/eldigitaldeasturias.com\\\/magazine365\\\/wp-content\\\/litespeed\\\/avatar\\\/e571bcf59a0edd6fa6838245a470f2fe.jpg?ver=1777574230\",\"width\":96,\"height\":96,\"caption\":\"admin\"}},{\"@type\":\"WebPage\",\"@id\":\"https:\\\/\\\/eldigitaldeasturias.com\\\/magazine365\\\/el-gobierno-de-canarias-da-el-visto-bueno-a-la-linea-interior-maritima-de-la-gomera\\\/#webpage\",\"url\":\"https:\\\/\\\/eldigitaldeasturias.com\\\/magazine365\\\/el-gobierno-de-canarias-da-el-visto-bueno-a-la-linea-interior-maritima-de-la-gomera\\\/\",\"name\":\"El Gobierno de Canarias da el visto bueno a la l\\u00ednea interior mar\\u00edtima de La Gomera | El Digital de Asturias\",\"description\":\"Puertos Canarios ha dado el visto bueno a la naviera Fred.Olsen para que instale en los puertos de Playa Santiago y Vueltas los elementos necesarios para restablecer la l\\u00ednea interior mar\\u00edtima de La Gomera, que ya estuvo en servicio entre 2002 y 2011. La autorizaci\\u00f3n se otorga por un plazo de 4 a\\u00f1os. La naviera\",\"inLanguage\":\"es-ES\",\"isPartOf\":{\"@id\":\"https:\\\/\\\/eldigitaldeasturias.com\\\/magazine365\\\/#website\"},\"breadcrumb\":{\"@id\":\"https:\\\/\\\/eldigitaldeasturias.com\\\/magazine365\\\/el-gobierno-de-canarias-da-el-visto-bueno-a-la-linea-interior-maritima-de-la-gomera\\\/#breadcrumblist\"},\"author\":{\"@id\":\"https:\\\/\\\/eldigitaldeasturias.com\\\/magazine365\\\/author\\\/admin\\\/#author\"},\"creator\":{\"@id\":\"https:\\\/\\\/eldigitaldeasturias.com\\\/magazine365\\\/author\\\/admin\\\/#author\"},\"image\":{\"@type\":\"ImageObject\",\"url\":\"https:\\\/\\\/eldigitaldeasturias.com\\\/magazine365\\\/wp-content\\\/uploads\\\/2016\\\/05\\\/fotonoticia_20160523182933_800.jpg\",\"@id\":\"https:\\\/\\\/eldigitaldeasturias.com\\\/magazine365\\\/el-gobierno-de-canarias-da-el-visto-bueno-a-la-linea-interior-maritima-de-la-gomera\\\/#mainImage\",\"width\":800,\"height\":534},\"primaryImageOfPage\":{\"@id\":\"https:\\\/\\\/eldigitaldeasturias.com\\\/magazine365\\\/el-gobierno-de-canarias-da-el-visto-bueno-a-la-linea-interior-maritima-de-la-gomera\\\/#mainImage\"},\"datePublished\":\"2016-05-24T12:16:12+02:00\",\"dateModified\":\"2016-05-24T12:16:12+02:00\"},{\"@type\":\"WebSite\",\"@id\":\"https:\\\/\\\/eldigitaldeasturias.com\\\/magazine365\\\/#website\",\"url\":\"https:\\\/\\\/eldigitaldeasturias.com\\\/magazine365\\\/\",\"name\":\"El Digital de Asturias\",\"description\":\"Revista de ocio, turismo y estilo de vida\",\"inLanguage\":\"es-ES\",\"publisher\":{\"@id\":\"https:\\\/\\\/eldigitaldeasturias.com\\\/magazine365\\\/#organization\"}}]}\n\t\t<\/script>\n\t\t<!-- All in One SEO Pro -->\r\n\t\t<title>El Gobierno de Canarias da el visto bueno a la l\u00ednea interior mar\u00edtima de La Gomera | El Digital de Asturias<\/title>\n\n","aioseo_head_json":{"title":"El Gobierno de Canarias da el visto bueno a la l\u00ednea interior mar\u00edtima de La Gomera | El Digital de Asturias","description":"Puertos Canarios ha dado el visto bueno a la naviera Fred.Olsen para que instale en los puertos de Playa Santiago y Vueltas los elementos necesarios para restablecer la l\u00ednea interior mar\u00edtima de La Gomera, que ya estuvo en servicio entre 2002 y 2011. La autorizaci\u00f3n se otorga por un plazo de 4 a\u00f1os. La naviera","canonical_url":"https:\/\/eldigitaldeasturias.com\/magazine365\/el-gobierno-de-canarias-da-el-visto-bueno-a-la-linea-interior-maritima-de-la-gomera\/","robots":"max-image-preview:large","keywords":"noticias y actualidad","webmasterTools":{"google-site-verification":"UA-38556648-1","miscellaneous":""},"schema":{"@context":"https:\/\/schema.org","@graph":[{"@type":"Article","@id":"https:\/\/eldigitaldeasturias.com\/magazine365\/el-gobierno-de-canarias-da-el-visto-bueno-a-la-linea-interior-maritima-de-la-gomera\/#article","name":"El Gobierno de Canarias da el visto bueno a la l\u00ednea interior mar\u00edtima de La Gomera | El Digital de Asturias","headline":"El Gobierno de Canarias da el visto bueno a la l\u00ednea interior mar\u00edtima de La Gomera","author":{"@id":"https:\/\/eldigitaldeasturias.com\/magazine365\/author\/admin\/#author"},"publisher":{"@id":"https:\/\/eldigitaldeasturias.com\/magazine365\/#organization"},"image":{"@type":"ImageObject","url":"https:\/\/eldigitaldeasturias.com\/magazine365\/wp-content\/uploads\/2016\/05\/fotonoticia_20160523182933_800.jpg","width":800,"height":534},"datePublished":"2016-05-24T12:16:12+02:00","dateModified":"2016-05-24T12:16:12+02:00","inLanguage":"es-ES","mainEntityOfPage":{"@id":"https:\/\/eldigitaldeasturias.com\/magazine365\/el-gobierno-de-canarias-da-el-visto-bueno-a-la-linea-interior-maritima-de-la-gomera\/#webpage"},"isPartOf":{"@id":"https:\/\/eldigitaldeasturias.com\/magazine365\/el-gobierno-de-canarias-da-el-visto-bueno-a-la-linea-interior-maritima-de-la-gomera\/#webpage"},"articleSection":"Noticias y Actualidad"},{"@type":"BreadcrumbList","@id":"https:\/\/eldigitaldeasturias.com\/magazine365\/el-gobierno-de-canarias-da-el-visto-bueno-a-la-linea-interior-maritima-de-la-gomera\/#breadcrumblist","itemListElement":[{"@type":"ListItem","@id":"https:\/\/eldigitaldeasturias.com\/magazine365#listItem","position":1,"name":"Home","item":"https:\/\/eldigitaldeasturias.com\/magazine365","nextItem":{"@type":"ListItem","@id":"https:\/\/eldigitaldeasturias.com\/magazine365\/category\/noticias-actualidad\/#listItem","name":"Noticias y Actualidad"}},{"@type":"ListItem","@id":"https:\/\/eldigitaldeasturias.com\/magazine365\/category\/noticias-actualidad\/#listItem","position":2,"name":"Noticias y Actualidad","item":"https:\/\/eldigitaldeasturias.com\/magazine365\/category\/noticias-actualidad\/","nextItem":{"@type":"ListItem","@id":"https:\/\/eldigitaldeasturias.com\/magazine365\/el-gobierno-de-canarias-da-el-visto-bueno-a-la-linea-interior-maritima-de-la-gomera\/#listItem","name":"El Gobierno de Canarias da el visto bueno a la l\u00ednea interior mar\u00edtima de La Gomera"},"previousItem":{"@type":"ListItem","@id":"https:\/\/eldigitaldeasturias.com\/magazine365#listItem","name":"Home"}},{"@type":"ListItem","@id":"https:\/\/eldigitaldeasturias.com\/magazine365\/el-gobierno-de-canarias-da-el-visto-bueno-a-la-linea-interior-maritima-de-la-gomera\/#listItem","position":3,"name":"El Gobierno de Canarias da el visto bueno a la l\u00ednea interior mar\u00edtima de La Gomera","previousItem":{"@type":"ListItem","@id":"https:\/\/eldigitaldeasturias.com\/magazine365\/category\/noticias-actualidad\/#listItem","name":"Noticias y Actualidad"}}]},{"@type":"Organization","@id":"https:\/\/eldigitaldeasturias.com\/magazine365\/#organization","name":"El digital de Asturias","description":"Revista de ocio, turismo y estilo de vida","url":"https:\/\/eldigitaldeasturias.com\/magazine365\/","logo":{"@type":"ImageObject","url":"https:\/\/www.eldigitaldeasturias.com\/noticias\/wp-content\/uploads\/2020\/12\/EDA.jpg","@id":"https:\/\/eldigitaldeasturias.com\/magazine365\/el-gobierno-de-canarias-da-el-visto-bueno-a-la-linea-interior-maritima-de-la-gomera\/#organizationLogo"},"image":{"@id":"https:\/\/eldigitaldeasturias.com\/magazine365\/el-gobierno-de-canarias-da-el-visto-bueno-a-la-linea-interior-maritima-de-la-gomera\/#organizationLogo"}},{"@type":"Person","@id":"https:\/\/eldigitaldeasturias.com\/magazine365\/author\/admin\/#author","url":"https:\/\/eldigitaldeasturias.com\/magazine365\/author\/admin\/","name":"admin","image":{"@type":"ImageObject","@id":"https:\/\/eldigitaldeasturias.com\/magazine365\/el-gobierno-de-canarias-da-el-visto-bueno-a-la-linea-interior-maritima-de-la-gomera\/#authorImage","url":"https:\/\/eldigitaldeasturias.com\/magazine365\/wp-content\/litespeed\/avatar\/e571bcf59a0edd6fa6838245a470f2fe.jpg?ver=1777574230","width":96,"height":96,"caption":"admin"}},{"@type":"WebPage","@id":"https:\/\/eldigitaldeasturias.com\/magazine365\/el-gobierno-de-canarias-da-el-visto-bueno-a-la-linea-interior-maritima-de-la-gomera\/#webpage","url":"https:\/\/eldigitaldeasturias.com\/magazine365\/el-gobierno-de-canarias-da-el-visto-bueno-a-la-linea-interior-maritima-de-la-gomera\/","name":"El Gobierno de Canarias da el visto bueno a la l\u00ednea interior mar\u00edtima de La Gomera | El Digital de Asturias","description":"Puertos Canarios ha dado el visto bueno a la naviera Fred.Olsen para que instale en los puertos de Playa Santiago y Vueltas los elementos necesarios para restablecer la l\u00ednea interior mar\u00edtima de La Gomera, que ya estuvo en servicio entre 2002 y 2011. La autorizaci\u00f3n se otorga por un plazo de 4 a\u00f1os. La naviera","inLanguage":"es-ES","isPartOf":{"@id":"https:\/\/eldigitaldeasturias.com\/magazine365\/#website"},"breadcrumb":{"@id":"https:\/\/eldigitaldeasturias.com\/magazine365\/el-gobierno-de-canarias-da-el-visto-bueno-a-la-linea-interior-maritima-de-la-gomera\/#breadcrumblist"},"author":{"@id":"https:\/\/eldigitaldeasturias.com\/magazine365\/author\/admin\/#author"},"creator":{"@id":"https:\/\/eldigitaldeasturias.com\/magazine365\/author\/admin\/#author"},"image":{"@type":"ImageObject","url":"https:\/\/eldigitaldeasturias.com\/magazine365\/wp-content\/uploads\/2016\/05\/fotonoticia_20160523182933_800.jpg","@id":"https:\/\/eldigitaldeasturias.com\/magazine365\/el-gobierno-de-canarias-da-el-visto-bueno-a-la-linea-interior-maritima-de-la-gomera\/#mainImage","width":800,"height":534},"primaryImageOfPage":{"@id":"https:\/\/eldigitaldeasturias.com\/magazine365\/el-gobierno-de-canarias-da-el-visto-bueno-a-la-linea-interior-maritima-de-la-gomera\/#mainImage"},"datePublished":"2016-05-24T12:16:12+02:00","dateModified":"2016-05-24T12:16:12+02:00"},{"@type":"WebSite","@id":"https:\/\/eldigitaldeasturias.com\/magazine365\/#website","url":"https:\/\/eldigitaldeasturias.com\/magazine365\/","name":"El Digital de Asturias","description":"Revista de ocio, turismo y estilo de vida","inLanguage":"es-ES","publisher":{"@id":"https:\/\/eldigitaldeasturias.com\/magazine365\/#organization"}}]},"og:locale":"es_ES","og:site_name":"El Digital de Asturias \u2013 Revista de ocio, turismo y estilo de vida","og:type":"article","og:title":"El Gobierno de Canarias da el visto bueno a la l\u00ednea interior mar\u00edtima de La Gomera | El Digital de Asturias","og:description":"Puertos Canarios ha dado el visto bueno a la naviera Fred.Olsen para que instale en los puertos de Playa Santiago y Vueltas los elementos necesarios para restablecer la l\u00ednea interior mar\u00edtima de La Gomera, que ya estuvo en servicio entre 2002 y 2011. La autorizaci\u00f3n se otorga por un plazo de 4 a\u00f1os. La naviera","og:url":"https:\/\/eldigitaldeasturias.com\/magazine365\/el-gobierno-de-canarias-da-el-visto-bueno-a-la-linea-interior-maritima-de-la-gomera\/","og:image":"https:\/\/eldigitaldeasturias.com\/magazine365\/wp-content\/uploads\/2016\/05\/fotonoticia_20160523182933_800.jpg","og:image:secure_url":"https:\/\/eldigitaldeasturias.com\/magazine365\/wp-content\/uploads\/2016\/05\/fotonoticia_20160523182933_800.jpg","og:image:width":800,"og:image:height":534,"article:published_time":"2016-05-24T10:16:12+00:00","article:modified_time":"2016-05-24T10:16:12+00:00","twitter:card":"summary_large_image","twitter:title":"El Gobierno de Canarias da el visto bueno a la l\u00ednea interior mar\u00edtima de La Gomera | El Digital de Asturias","twitter:description":"Puertos Canarios ha dado el visto bueno a la naviera Fred.Olsen para que instale en los puertos de Playa Santiago y Vueltas los elementos necesarios para restablecer la l\u00ednea interior mar\u00edtima de La Gomera, que ya estuvo en servicio entre 2002 y 2011. La autorizaci\u00f3n se otorga por un plazo de 4 a\u00f1os. La naviera","twitter:image":"https:\/\/eldigitaldeasturias.com\/magazine365\/wp-content\/uploads\/2016\/05\/fotonoticia_20160523182933_800.jpg"},"aioseo_meta_data":{"post_id":"76861","title":null,"description":null,"keywords":null,"keyphrases":null,"primary_term":null,"canonical_url":null,"og_title":null,"og_description":null,"og_object_type":"default","og_image_type":"default","og_image_url":null,"og_image_width":null,"og_image_height":null,"og_image_custom_url":null,"og_image_custom_fields":null,"og_video":null,"og_custom_url":null,"og_article_section":null,"og_article_tags":null,"twitter_use_og":false,"twitter_card":"default","twitter_image_type":"default","twitter_image_url":null,"twitter_image_custom_url":null,"twitter_image_custom_fields":null,"twitter_title":null,"twitter_description":null,"schema":{"blockGraphs":[],"customGraphs":[],"default":{"data":{"Article":[],"Course":[],"Dataset":[],"FAQPage":[],"Movie":[],"Person":[],"Product":[],"ProductReview":[],"Car":[],"Recipe":[],"Service":[],"SoftwareApplication":[],"WebPage":[]},"graphName":"","isEnabled":true},"graphs":[],"defaultGraph":"","defaultPostTypeGraph":""},"schema_type":null,"schema_type_options":null,"pillar_content":false,"robots_default":true,"robots_noindex":false,"robots_noarchive":false,"robots_nosnippet":false,"robots_nofollow":false,"robots_noimageindex":false,"robots_noodp":false,"robots_notranslate":false,"robots_max_snippet":null,"robots_max_videopreview":null,"robots_max_imagepreview":"large","priority":null,"frequency":null,"location":null,"local_seo":null,"seo_analyzer_scan_date":"2025-09-27 13:32:20","breadcrumb_settings":null,"limit_modified_date":false,"open_ai":null,"ai":null,"created":"2021-03-08 18:22:43","updated":"2025-09-27 13:32:20"},"aioseo_breadcrumb":"<div class=\"aioseo-breadcrumbs\"><span class=\"aioseo-breadcrumb\">\n\t<a href=\"https:\/\/eldigitaldeasturias.com\/magazine365\" title=\"Home\">Home<\/a>\n<\/span><span class=\"aioseo-breadcrumb-separator\">\u2013<\/span><span class=\"aioseo-breadcrumb\">\n\t<a href=\"https:\/\/eldigitaldeasturias.com\/magazine365\/category\/noticias-actualidad\/\" title=\"Noticias y Actualidad\">Noticias y Actualidad<\/a>\n<\/span><span class=\"aioseo-breadcrumb-separator\">\u2013<\/span><span class=\"aioseo-breadcrumb\">\n\t<a href=\"https:\/\/eldigitaldeasturias.com\/magazine365\/el-gobierno-de-canarias-da-el-visto-bueno-a-la-linea-interior-maritima-de-la-gomera\/\" title=\"El Gobierno de Canarias da el visto bueno a la l\u00ednea interior mar\u00edtima de La Gomera\">El Gobierno de Canarias da el visto bueno a la l\u00ednea interior mar\u00edtima de La Gomera<\/a>\n<\/span><\/div>","aioseo_breadcrumb_json":[{"label":"Home","link":"https:\/\/eldigitaldeasturias.com\/magazine365"},{"label":"Noticias y Actualidad","link":"https:\/\/eldigitaldeasturias.com\/magazine365\/category\/noticias-actualidad\/"},{"label":"El Gobierno de Canarias da el visto bueno a la l\u00ednea interior mar\u00edtima de La Gomera","link":"https:\/\/eldigitaldeasturias.com\/magazine365\/el-gobierno-de-canarias-da-el-visto-bueno-a-la-linea-interior-maritima-de-la-gomera\/"}],"_links":{"self":[{"href":"https:\/\/eldigitaldeasturias.com\/magazine365\/wp-json\/wp\/v2\/posts\/76861","targetHints":{"allow":["GET"]}}],"collection":[{"href":"https:\/\/eldigitaldeasturias.com\/magazine365\/wp-json\/wp\/v2\/posts"}],"about":[{"href":"https:\/\/eldigitaldeasturias.com\/magazine365\/wp-json\/wp\/v2\/types\/post"}],"author":[{"embeddable":true,"href":"https:\/\/eldigitaldeasturias.com\/magazine365\/wp-json\/wp\/v2\/users\/1"}],"replies":[{"embeddable":true,"href":"https:\/\/eldigitaldeasturias.com\/magazine365\/wp-json\/wp\/v2\/comments?post=76861"}],"version-history":[{"count":0,"href":"https:\/\/eldigitaldeasturias.com\/magazine365\/wp-json\/wp\/v2\/posts\/76861\/revisions"}],"wp:featuredmedia":[{"embeddable":true,"href":"https:\/\/eldigitaldeasturias.com\/magazine365\/wp-json\/wp\/v2\/media\/76862"}],"wp:attachment":[{"href":"https:\/\/eldigitaldeasturias.com\/magazine365\/wp-json\/wp\/v2\/media?parent=76861"}],"wp:term":[{"taxonomy":"category","embeddable":true,"href":"https:\/\/eldigitaldeasturias.com\/magazine365\/wp-json\/wp\/v2\/categories?post=76861"},{"taxonomy":"post_tag","embeddable":true,"href":"https:\/\/eldigitaldeasturias.com\/magazine365\/wp-json\/wp\/v2\/tags?post=76861"}],"curies":[{"name":"wp","href":"https:\/\/api.w.org\/{rel}","templated":true}]}}