{"id":76852,"date":"2016-05-24T12:11:32","date_gmt":"2016-05-24T10:11:32","guid":{"rendered":"http:\/\/eldigitaldeasturias.com\/magazine365\/?p=76852"},"modified":"2016-05-24T12:11:32","modified_gmt":"2016-05-24T10:11:32","slug":"cartagena-vive-su-noche-de-los-museos","status":"publish","type":"post","link":"https:\/\/eldigitaldeasturias.com\/magazine365\/cartagena-vive-su-noche-de-los-museos\/","title":{"rendered":"Cartagena vive su Noche de los Museos"},"content":{"rendered":"<p><img fetchpriority=\"high\" decoding=\"async\" class=\"alignleft size-medium wp-image-76853\" src=\"https:\/\/eldigitaldeasturias.com\/magazine365\/wp-content\/uploads\/2016\/05\/fotonoticia_20160523181508_800-360x240.jpg\" alt=\"fotonoticia_20160523181508_800\" width=\"360\" height=\"240\" srcset=\"https:\/\/eldigitaldeasturias.com\/magazine365\/wp-content\/uploads\/2016\/05\/fotonoticia_20160523181508_800-360x240.jpg 360w, https:\/\/eldigitaldeasturias.com\/magazine365\/wp-content\/uploads\/2016\/05\/fotonoticia_20160523181508_800-650x433.jpg 650w, https:\/\/eldigitaldeasturias.com\/magazine365\/wp-content\/uploads\/2016\/05\/fotonoticia_20160523181508_800-768x512.jpg 768w, https:\/\/eldigitaldeasturias.com\/magazine365\/wp-content\/uploads\/2016\/05\/fotonoticia_20160523181508_800-150x100.jpg 150w, https:\/\/eldigitaldeasturias.com\/magazine365\/wp-content\/uploads\/2016\/05\/fotonoticia_20160523181508_800-450x300.jpg 450w, https:\/\/eldigitaldeasturias.com\/magazine365\/wp-content\/uploads\/2016\/05\/fotonoticia_20160523181508_800-101x66.jpg 101w, https:\/\/eldigitaldeasturias.com\/magazine365\/wp-content\/uploads\/2016\/05\/fotonoticia_20160523181508_800.jpg 800w\" sizes=\"(max-width: 360px) 100vw, 360px\" \/>El concejal de Cultura y Patrimonio del Ayuntamiento de Cartagena, Ricardo Segado, ha asegurado sentirse \u00abenormemente orgulloso y satisfecho\u00bb por los 85.000 visitantes en La Noche de los Museos, tras los datos recogidos en la jornada del s\u00e1bado 21 de mayo, en la que se celebr\u00f3.<\/p>\n<p>En Cartagena es conocida como una cita \u00abm\u00e1gica\u00bb y como una de las noches m\u00e1s largas del a\u00f1o, y en esta edici\u00f3n la participaci\u00f3n ha aumentado respecto a la anterior, seg\u00fan informaron fuentes del Consistorio en un comunicado.<\/p>\n<p>Entre ellas, destaca el Museo Naval y la sala de Isaac Peral, que recogieron un total de 9.826 visitas, seguido del museo del Teatro Romano, que alcanz\u00f3 los 6.450 y, completando el p\u00f3dium, el Museo Nacional de Arqueolog\u00eda Subacu\u00e1tico (ARQUA) con 5.912 visitas.<\/p>\n<p>Tambi\u00e9n cabe se\u00f1alar los 5.500 visitantes al Museo Hist\u00f3rico Militar y, entre los espacios de Puerto de Culturas, el Barrio del Foro Romano registr\u00f3 2.377 personas.<\/p>\n<p>Por su parte, entre los espacios municipales destacan las 2.325 visitas al Museo Arqueol\u00f3gico, las 800 al Palacio Molina y un total de 931 personas que se acercaron a recorrer el Palacio Consistorial.<\/p>\n<p>Entre los m\u00e1s de 150 eventos programados para esta cita, este a\u00f1o se incorporaron nuevos espacios para disfrutar de las actividades como la Plaza de los Carros, la Plaza Juan XXIII, el patio modernista de la Caza Zapata-Colegio de las Carmelitas, Escalinata Real, el Gran Hotel, el Casino o La Pe\u00f1a Flamenca, entre otras.<\/p>\n<p>Segado tambi\u00e9n ha se\u00f1alado como relevantes la actuaci\u00f3n de Don Sax, que ameniz\u00f3 la velada desde el Gran Hotel; El Atelier, que se desarroll\u00f3 en la calle del Carmen y el Marinero de Reemplazo; la Visi\u00f3n Imposible del Gran Hotel de Salvi Vivancos y Domingo Llor desde el Cerro del Molinete; Sweet Dreams de Kraser, Torregrar y Salvador Torres; y la Odisea, que puso punto y final a la Noche del Modernismo.<\/p>\n<p>Para acabar, el concejal ha recordado la repercusi\u00f3n que se logr\u00f3 del evento gracias a las redes sociales y la novedad de los c\u00f3digos QR que se instalaron por distintos espacios para dar informaci\u00f3n sobre sus actividades.<\/p>\n","protected":false},"excerpt":{"rendered":"<p>El concejal de Cultura y Patrimonio del Ayuntamiento de Cartagena, Ricardo Segado, ha asegurado sentirse \u00abenormemente orgulloso y satisfecho\u00bb por los 85.000 visitantes en La Noche de los Museos, tras los datos recogidos en la jornada del s\u00e1bado 21 de mayo, en la que se celebr\u00f3. En Cartagena es conocida como una cita \u00abm\u00e1gica\u00bb y<\/p>\n","protected":false},"author":1,"featured_media":76853,"comment_status":"open","ping_status":"closed","sticky":false,"template":"","format":"standard","meta":{"footnotes":""},"categories":[224],"tags":[],"class_list":{"0":"post-76852","1":"post","2":"type-post","3":"status-publish","4":"format-standard","5":"has-post-thumbnail","7":"category-noticias-actualidad"},"aioseo_notices":[],"aioseo_head":"\n\t\t<!-- All in One SEO Pro 4.9.6.1 - aioseo.com -->\n\t<meta name=\"description\" content=\"El concejal de Cultura y Patrimonio del Ayuntamiento de Cartagena, Ricardo Segado, ha asegurado sentirse &quot;enormemente orgulloso y satisfecho&quot; por los 85.000 visitantes en La Noche de los Museos, tras los datos recogidos en la jornada del s\u00e1bado 21 de mayo, en la que se celebr\u00f3. En Cartagena es conocida como una cita &quot;m\u00e1gica&quot; y\" \/>\n\t<meta name=\"robots\" content=\"max-image-preview:large\" \/>\n\t<meta name=\"author\" content=\"admin\"\/>\n\t<meta name=\"google-site-verification\" content=\"UA-38556648-1\" \/>\n\t<meta name=\"keywords\" content=\"noticias y actualidad\" \/>\n\t<link rel=\"canonical\" href=\"https:\/\/eldigitaldeasturias.com\/magazine365\/cartagena-vive-su-noche-de-los-museos\/\" \/>\n\t<meta name=\"generator\" content=\"All in One SEO Pro (AIOSEO) 4.9.6.1\" \/>\n\t\t<meta property=\"og:locale\" content=\"es_ES\" \/>\n\t\t<meta property=\"og:site_name\" content=\"El Digital de Asturias \u2013 Revista de ocio, turismo y estilo de vida\" \/>\n\t\t<meta property=\"og:type\" content=\"article\" \/>\n\t\t<meta property=\"og:title\" content=\"Cartagena vive su Noche de los Museos | El Digital de Asturias\" \/>\n\t\t<meta property=\"og:description\" content=\"El concejal de Cultura y Patrimonio del Ayuntamiento de Cartagena, Ricardo Segado, ha asegurado sentirse &quot;enormemente orgulloso y satisfecho&quot; por los 85.000 visitantes en La Noche de los Museos, tras los datos recogidos en la jornada del s\u00e1bado 21 de mayo, en la que se celebr\u00f3. En Cartagena es conocida como una cita &quot;m\u00e1gica&quot; y\" \/>\n\t\t<meta property=\"og:url\" content=\"https:\/\/eldigitaldeasturias.com\/magazine365\/cartagena-vive-su-noche-de-los-museos\/\" \/>\n\t\t<meta property=\"og:image\" content=\"https:\/\/eldigitaldeasturias.com\/magazine365\/wp-content\/uploads\/2016\/05\/fotonoticia_20160523181508_800.jpg\" \/>\n\t\t<meta property=\"og:image:secure_url\" content=\"https:\/\/eldigitaldeasturias.com\/magazine365\/wp-content\/uploads\/2016\/05\/fotonoticia_20160523181508_800.jpg\" \/>\n\t\t<meta property=\"og:image:width\" content=\"800\" \/>\n\t\t<meta property=\"og:image:height\" content=\"533\" \/>\n\t\t<meta property=\"article:published_time\" content=\"2016-05-24T10:11:32+00:00\" \/>\n\t\t<meta property=\"article:modified_time\" content=\"2016-05-24T10:11:32+00:00\" \/>\n\t\t<meta name=\"twitter:card\" content=\"summary_large_image\" \/>\n\t\t<meta name=\"twitter:title\" content=\"Cartagena vive su Noche de los Museos | El Digital de Asturias\" \/>\n\t\t<meta name=\"twitter:description\" content=\"El concejal de Cultura y Patrimonio del Ayuntamiento de Cartagena, Ricardo Segado, ha asegurado sentirse &quot;enormemente orgulloso y satisfecho&quot; por los 85.000 visitantes en La Noche de los Museos, tras los datos recogidos en la jornada del s\u00e1bado 21 de mayo, en la que se celebr\u00f3. En Cartagena es conocida como una cita &quot;m\u00e1gica&quot; y\" \/>\n\t\t<meta name=\"twitter:image\" content=\"https:\/\/eldigitaldeasturias.com\/magazine365\/wp-content\/uploads\/2016\/05\/fotonoticia_20160523181508_800.jpg\" \/>\n\t\t<script type=\"application\/ld+json\" class=\"aioseo-schema\">\n\t\t\t{\"@context\":\"https:\\\/\\\/schema.org\",\"@graph\":[{\"@type\":\"Article\",\"@id\":\"https:\\\/\\\/eldigitaldeasturias.com\\\/magazine365\\\/cartagena-vive-su-noche-de-los-museos\\\/#article\",\"name\":\"Cartagena vive su Noche de los Museos | El Digital de Asturias\",\"headline\":\"Cartagena vive su Noche de los Museos\",\"author\":{\"@id\":\"https:\\\/\\\/eldigitaldeasturias.com\\\/magazine365\\\/author\\\/admin\\\/#author\"},\"publisher\":{\"@id\":\"https:\\\/\\\/eldigitaldeasturias.com\\\/magazine365\\\/#organization\"},\"image\":{\"@type\":\"ImageObject\",\"url\":\"https:\\\/\\\/eldigitaldeasturias.com\\\/magazine365\\\/wp-content\\\/uploads\\\/2016\\\/05\\\/fotonoticia_20160523181508_800.jpg\",\"width\":800,\"height\":533},\"datePublished\":\"2016-05-24T12:11:32+02:00\",\"dateModified\":\"2016-05-24T12:11:32+02:00\",\"inLanguage\":\"es-ES\",\"mainEntityOfPage\":{\"@id\":\"https:\\\/\\\/eldigitaldeasturias.com\\\/magazine365\\\/cartagena-vive-su-noche-de-los-museos\\\/#webpage\"},\"isPartOf\":{\"@id\":\"https:\\\/\\\/eldigitaldeasturias.com\\\/magazine365\\\/cartagena-vive-su-noche-de-los-museos\\\/#webpage\"},\"articleSection\":\"Noticias y Actualidad\"},{\"@type\":\"BreadcrumbList\",\"@id\":\"https:\\\/\\\/eldigitaldeasturias.com\\\/magazine365\\\/cartagena-vive-su-noche-de-los-museos\\\/#breadcrumblist\",\"itemListElement\":[{\"@type\":\"ListItem\",\"@id\":\"https:\\\/\\\/eldigitaldeasturias.com\\\/magazine365#listItem\",\"position\":1,\"name\":\"Home\",\"item\":\"https:\\\/\\\/eldigitaldeasturias.com\\\/magazine365\",\"nextItem\":{\"@type\":\"ListItem\",\"@id\":\"https:\\\/\\\/eldigitaldeasturias.com\\\/magazine365\\\/category\\\/noticias-actualidad\\\/#listItem\",\"name\":\"Noticias y Actualidad\"}},{\"@type\":\"ListItem\",\"@id\":\"https:\\\/\\\/eldigitaldeasturias.com\\\/magazine365\\\/category\\\/noticias-actualidad\\\/#listItem\",\"position\":2,\"name\":\"Noticias y Actualidad\",\"item\":\"https:\\\/\\\/eldigitaldeasturias.com\\\/magazine365\\\/category\\\/noticias-actualidad\\\/\",\"nextItem\":{\"@type\":\"ListItem\",\"@id\":\"https:\\\/\\\/eldigitaldeasturias.com\\\/magazine365\\\/cartagena-vive-su-noche-de-los-museos\\\/#listItem\",\"name\":\"Cartagena vive su Noche de los Museos\"},\"previousItem\":{\"@type\":\"ListItem\",\"@id\":\"https:\\\/\\\/eldigitaldeasturias.com\\\/magazine365#listItem\",\"name\":\"Home\"}},{\"@type\":\"ListItem\",\"@id\":\"https:\\\/\\\/eldigitaldeasturias.com\\\/magazine365\\\/cartagena-vive-su-noche-de-los-museos\\\/#listItem\",\"position\":3,\"name\":\"Cartagena vive su Noche de los Museos\",\"previousItem\":{\"@type\":\"ListItem\",\"@id\":\"https:\\\/\\\/eldigitaldeasturias.com\\\/magazine365\\\/category\\\/noticias-actualidad\\\/#listItem\",\"name\":\"Noticias y Actualidad\"}}]},{\"@type\":\"Organization\",\"@id\":\"https:\\\/\\\/eldigitaldeasturias.com\\\/magazine365\\\/#organization\",\"name\":\"El digital de Asturias\",\"description\":\"Revista de ocio, turismo y estilo de vida\",\"url\":\"https:\\\/\\\/eldigitaldeasturias.com\\\/magazine365\\\/\",\"logo\":{\"@type\":\"ImageObject\",\"url\":\"https:\\\/\\\/www.eldigitaldeasturias.com\\\/noticias\\\/wp-content\\\/uploads\\\/2020\\\/12\\\/EDA.jpg\",\"@id\":\"https:\\\/\\\/eldigitaldeasturias.com\\\/magazine365\\\/cartagena-vive-su-noche-de-los-museos\\\/#organizationLogo\"},\"image\":{\"@id\":\"https:\\\/\\\/eldigitaldeasturias.com\\\/magazine365\\\/cartagena-vive-su-noche-de-los-museos\\\/#organizationLogo\"}},{\"@type\":\"Person\",\"@id\":\"https:\\\/\\\/eldigitaldeasturias.com\\\/magazine365\\\/author\\\/admin\\\/#author\",\"url\":\"https:\\\/\\\/eldigitaldeasturias.com\\\/magazine365\\\/author\\\/admin\\\/\",\"name\":\"admin\",\"image\":{\"@type\":\"ImageObject\",\"@id\":\"https:\\\/\\\/eldigitaldeasturias.com\\\/magazine365\\\/cartagena-vive-su-noche-de-los-museos\\\/#authorImage\",\"url\":\"https:\\\/\\\/eldigitaldeasturias.com\\\/magazine365\\\/wp-content\\\/litespeed\\\/avatar\\\/e571bcf59a0edd6fa6838245a470f2fe.jpg?ver=1777574230\",\"width\":96,\"height\":96,\"caption\":\"admin\"}},{\"@type\":\"WebPage\",\"@id\":\"https:\\\/\\\/eldigitaldeasturias.com\\\/magazine365\\\/cartagena-vive-su-noche-de-los-museos\\\/#webpage\",\"url\":\"https:\\\/\\\/eldigitaldeasturias.com\\\/magazine365\\\/cartagena-vive-su-noche-de-los-museos\\\/\",\"name\":\"Cartagena vive su Noche de los Museos | El Digital de Asturias\",\"description\":\"El concejal de Cultura y Patrimonio del Ayuntamiento de Cartagena, Ricardo Segado, ha asegurado sentirse \\\"enormemente orgulloso y satisfecho\\\" por los 85.000 visitantes en La Noche de los Museos, tras los datos recogidos en la jornada del s\\u00e1bado 21 de mayo, en la que se celebr\\u00f3. En Cartagena es conocida como una cita \\\"m\\u00e1gica\\\" y\",\"inLanguage\":\"es-ES\",\"isPartOf\":{\"@id\":\"https:\\\/\\\/eldigitaldeasturias.com\\\/magazine365\\\/#website\"},\"breadcrumb\":{\"@id\":\"https:\\\/\\\/eldigitaldeasturias.com\\\/magazine365\\\/cartagena-vive-su-noche-de-los-museos\\\/#breadcrumblist\"},\"author\":{\"@id\":\"https:\\\/\\\/eldigitaldeasturias.com\\\/magazine365\\\/author\\\/admin\\\/#author\"},\"creator\":{\"@id\":\"https:\\\/\\\/eldigitaldeasturias.com\\\/magazine365\\\/author\\\/admin\\\/#author\"},\"image\":{\"@type\":\"ImageObject\",\"url\":\"https:\\\/\\\/eldigitaldeasturias.com\\\/magazine365\\\/wp-content\\\/uploads\\\/2016\\\/05\\\/fotonoticia_20160523181508_800.jpg\",\"@id\":\"https:\\\/\\\/eldigitaldeasturias.com\\\/magazine365\\\/cartagena-vive-su-noche-de-los-museos\\\/#mainImage\",\"width\":800,\"height\":533},\"primaryImageOfPage\":{\"@id\":\"https:\\\/\\\/eldigitaldeasturias.com\\\/magazine365\\\/cartagena-vive-su-noche-de-los-museos\\\/#mainImage\"},\"datePublished\":\"2016-05-24T12:11:32+02:00\",\"dateModified\":\"2016-05-24T12:11:32+02:00\"},{\"@type\":\"WebSite\",\"@id\":\"https:\\\/\\\/eldigitaldeasturias.com\\\/magazine365\\\/#website\",\"url\":\"https:\\\/\\\/eldigitaldeasturias.com\\\/magazine365\\\/\",\"name\":\"El Digital de Asturias\",\"description\":\"Revista de ocio, turismo y estilo de vida\",\"inLanguage\":\"es-ES\",\"publisher\":{\"@id\":\"https:\\\/\\\/eldigitaldeasturias.com\\\/magazine365\\\/#organization\"}}]}\n\t\t<\/script>\n\t\t<!-- All in One SEO Pro -->\r\n\t\t<title>Cartagena vive su Noche de los Museos | El Digital de Asturias<\/title>\n\n","aioseo_head_json":{"title":"Cartagena vive su Noche de los Museos | El Digital de Asturias","description":"El concejal de Cultura y Patrimonio del Ayuntamiento de Cartagena, Ricardo Segado, ha asegurado sentirse \"enormemente orgulloso y satisfecho\" por los 85.000 visitantes en La Noche de los Museos, tras los datos recogidos en la jornada del s\u00e1bado 21 de mayo, en la que se celebr\u00f3. En Cartagena es conocida como una cita \"m\u00e1gica\" y","canonical_url":"https:\/\/eldigitaldeasturias.com\/magazine365\/cartagena-vive-su-noche-de-los-museos\/","robots":"max-image-preview:large","keywords":"noticias y actualidad","webmasterTools":{"google-site-verification":"UA-38556648-1","miscellaneous":""},"schema":{"@context":"https:\/\/schema.org","@graph":[{"@type":"Article","@id":"https:\/\/eldigitaldeasturias.com\/magazine365\/cartagena-vive-su-noche-de-los-museos\/#article","name":"Cartagena vive su Noche de los Museos | El Digital de Asturias","headline":"Cartagena vive su Noche de los Museos","author":{"@id":"https:\/\/eldigitaldeasturias.com\/magazine365\/author\/admin\/#author"},"publisher":{"@id":"https:\/\/eldigitaldeasturias.com\/magazine365\/#organization"},"image":{"@type":"ImageObject","url":"https:\/\/eldigitaldeasturias.com\/magazine365\/wp-content\/uploads\/2016\/05\/fotonoticia_20160523181508_800.jpg","width":800,"height":533},"datePublished":"2016-05-24T12:11:32+02:00","dateModified":"2016-05-24T12:11:32+02:00","inLanguage":"es-ES","mainEntityOfPage":{"@id":"https:\/\/eldigitaldeasturias.com\/magazine365\/cartagena-vive-su-noche-de-los-museos\/#webpage"},"isPartOf":{"@id":"https:\/\/eldigitaldeasturias.com\/magazine365\/cartagena-vive-su-noche-de-los-museos\/#webpage"},"articleSection":"Noticias y Actualidad"},{"@type":"BreadcrumbList","@id":"https:\/\/eldigitaldeasturias.com\/magazine365\/cartagena-vive-su-noche-de-los-museos\/#breadcrumblist","itemListElement":[{"@type":"ListItem","@id":"https:\/\/eldigitaldeasturias.com\/magazine365#listItem","position":1,"name":"Home","item":"https:\/\/eldigitaldeasturias.com\/magazine365","nextItem":{"@type":"ListItem","@id":"https:\/\/eldigitaldeasturias.com\/magazine365\/category\/noticias-actualidad\/#listItem","name":"Noticias y Actualidad"}},{"@type":"ListItem","@id":"https:\/\/eldigitaldeasturias.com\/magazine365\/category\/noticias-actualidad\/#listItem","position":2,"name":"Noticias y Actualidad","item":"https:\/\/eldigitaldeasturias.com\/magazine365\/category\/noticias-actualidad\/","nextItem":{"@type":"ListItem","@id":"https:\/\/eldigitaldeasturias.com\/magazine365\/cartagena-vive-su-noche-de-los-museos\/#listItem","name":"Cartagena vive su Noche de los Museos"},"previousItem":{"@type":"ListItem","@id":"https:\/\/eldigitaldeasturias.com\/magazine365#listItem","name":"Home"}},{"@type":"ListItem","@id":"https:\/\/eldigitaldeasturias.com\/magazine365\/cartagena-vive-su-noche-de-los-museos\/#listItem","position":3,"name":"Cartagena vive su Noche de los Museos","previousItem":{"@type":"ListItem","@id":"https:\/\/eldigitaldeasturias.com\/magazine365\/category\/noticias-actualidad\/#listItem","name":"Noticias y Actualidad"}}]},{"@type":"Organization","@id":"https:\/\/eldigitaldeasturias.com\/magazine365\/#organization","name":"El digital de Asturias","description":"Revista de ocio, turismo y estilo de vida","url":"https:\/\/eldigitaldeasturias.com\/magazine365\/","logo":{"@type":"ImageObject","url":"https:\/\/www.eldigitaldeasturias.com\/noticias\/wp-content\/uploads\/2020\/12\/EDA.jpg","@id":"https:\/\/eldigitaldeasturias.com\/magazine365\/cartagena-vive-su-noche-de-los-museos\/#organizationLogo"},"image":{"@id":"https:\/\/eldigitaldeasturias.com\/magazine365\/cartagena-vive-su-noche-de-los-museos\/#organizationLogo"}},{"@type":"Person","@id":"https:\/\/eldigitaldeasturias.com\/magazine365\/author\/admin\/#author","url":"https:\/\/eldigitaldeasturias.com\/magazine365\/author\/admin\/","name":"admin","image":{"@type":"ImageObject","@id":"https:\/\/eldigitaldeasturias.com\/magazine365\/cartagena-vive-su-noche-de-los-museos\/#authorImage","url":"https:\/\/eldigitaldeasturias.com\/magazine365\/wp-content\/litespeed\/avatar\/e571bcf59a0edd6fa6838245a470f2fe.jpg?ver=1777574230","width":96,"height":96,"caption":"admin"}},{"@type":"WebPage","@id":"https:\/\/eldigitaldeasturias.com\/magazine365\/cartagena-vive-su-noche-de-los-museos\/#webpage","url":"https:\/\/eldigitaldeasturias.com\/magazine365\/cartagena-vive-su-noche-de-los-museos\/","name":"Cartagena vive su Noche de los Museos | El Digital de Asturias","description":"El concejal de Cultura y Patrimonio del Ayuntamiento de Cartagena, Ricardo Segado, ha asegurado sentirse \"enormemente orgulloso y satisfecho\" por los 85.000 visitantes en La Noche de los Museos, tras los datos recogidos en la jornada del s\u00e1bado 21 de mayo, en la que se celebr\u00f3. En Cartagena es conocida como una cita \"m\u00e1gica\" y","inLanguage":"es-ES","isPartOf":{"@id":"https:\/\/eldigitaldeasturias.com\/magazine365\/#website"},"breadcrumb":{"@id":"https:\/\/eldigitaldeasturias.com\/magazine365\/cartagena-vive-su-noche-de-los-museos\/#breadcrumblist"},"author":{"@id":"https:\/\/eldigitaldeasturias.com\/magazine365\/author\/admin\/#author"},"creator":{"@id":"https:\/\/eldigitaldeasturias.com\/magazine365\/author\/admin\/#author"},"image":{"@type":"ImageObject","url":"https:\/\/eldigitaldeasturias.com\/magazine365\/wp-content\/uploads\/2016\/05\/fotonoticia_20160523181508_800.jpg","@id":"https:\/\/eldigitaldeasturias.com\/magazine365\/cartagena-vive-su-noche-de-los-museos\/#mainImage","width":800,"height":533},"primaryImageOfPage":{"@id":"https:\/\/eldigitaldeasturias.com\/magazine365\/cartagena-vive-su-noche-de-los-museos\/#mainImage"},"datePublished":"2016-05-24T12:11:32+02:00","dateModified":"2016-05-24T12:11:32+02:00"},{"@type":"WebSite","@id":"https:\/\/eldigitaldeasturias.com\/magazine365\/#website","url":"https:\/\/eldigitaldeasturias.com\/magazine365\/","name":"El Digital de Asturias","description":"Revista de ocio, turismo y estilo de vida","inLanguage":"es-ES","publisher":{"@id":"https:\/\/eldigitaldeasturias.com\/magazine365\/#organization"}}]},"og:locale":"es_ES","og:site_name":"El Digital de Asturias \u2013 Revista de ocio, turismo y estilo de vida","og:type":"article","og:title":"Cartagena vive su Noche de los Museos | El Digital de Asturias","og:description":"El concejal de Cultura y Patrimonio del Ayuntamiento de Cartagena, Ricardo Segado, ha asegurado sentirse &quot;enormemente orgulloso y satisfecho&quot; por los 85.000 visitantes en La Noche de los Museos, tras los datos recogidos en la jornada del s\u00e1bado 21 de mayo, en la que se celebr\u00f3. En Cartagena es conocida como una cita &quot;m\u00e1gica&quot; y","og:url":"https:\/\/eldigitaldeasturias.com\/magazine365\/cartagena-vive-su-noche-de-los-museos\/","og:image":"https:\/\/eldigitaldeasturias.com\/magazine365\/wp-content\/uploads\/2016\/05\/fotonoticia_20160523181508_800.jpg","og:image:secure_url":"https:\/\/eldigitaldeasturias.com\/magazine365\/wp-content\/uploads\/2016\/05\/fotonoticia_20160523181508_800.jpg","og:image:width":800,"og:image:height":533,"article:published_time":"2016-05-24T10:11:32+00:00","article:modified_time":"2016-05-24T10:11:32+00:00","twitter:card":"summary_large_image","twitter:title":"Cartagena vive su Noche de los Museos | El Digital de Asturias","twitter:description":"El concejal de Cultura y Patrimonio del Ayuntamiento de Cartagena, Ricardo Segado, ha asegurado sentirse &quot;enormemente orgulloso y satisfecho&quot; por los 85.000 visitantes en La Noche de los Museos, tras los datos recogidos en la jornada del s\u00e1bado 21 de mayo, en la que se celebr\u00f3. En Cartagena es conocida como una cita &quot;m\u00e1gica&quot; y","twitter:image":"https:\/\/eldigitaldeasturias.com\/magazine365\/wp-content\/uploads\/2016\/05\/fotonoticia_20160523181508_800.jpg"},"aioseo_meta_data":{"post_id":"76852","title":null,"description":null,"keywords":null,"keyphrases":null,"primary_term":null,"canonical_url":null,"og_title":null,"og_description":null,"og_object_type":"default","og_image_type":"default","og_image_url":null,"og_image_width":null,"og_image_height":null,"og_image_custom_url":null,"og_image_custom_fields":null,"og_video":null,"og_custom_url":null,"og_article_section":null,"og_article_tags":null,"twitter_use_og":false,"twitter_card":"default","twitter_image_type":"default","twitter_image_url":null,"twitter_image_custom_url":null,"twitter_image_custom_fields":null,"twitter_title":null,"twitter_description":null,"schema":{"blockGraphs":[],"customGraphs":[],"default":{"data":{"Article":[],"Course":[],"Dataset":[],"FAQPage":[],"Movie":[],"Person":[],"Product":[],"ProductReview":[],"Car":[],"Recipe":[],"Service":[],"SoftwareApplication":[],"WebPage":[]},"graphName":"","isEnabled":true},"graphs":[],"defaultGraph":"","defaultPostTypeGraph":""},"schema_type":null,"schema_type_options":null,"pillar_content":false,"robots_default":true,"robots_noindex":false,"robots_noarchive":false,"robots_nosnippet":false,"robots_nofollow":false,"robots_noimageindex":false,"robots_noodp":false,"robots_notranslate":false,"robots_max_snippet":null,"robots_max_videopreview":null,"robots_max_imagepreview":"large","priority":null,"frequency":null,"location":null,"local_seo":null,"seo_analyzer_scan_date":"2025-09-27 13:30:36","breadcrumb_settings":null,"limit_modified_date":false,"open_ai":null,"ai":null,"created":"2021-03-08 18:22:43","updated":"2025-09-27 13:30:36"},"aioseo_breadcrumb":"<div class=\"aioseo-breadcrumbs\"><span class=\"aioseo-breadcrumb\">\n\t<a href=\"https:\/\/eldigitaldeasturias.com\/magazine365\" title=\"Home\">Home<\/a>\n<\/span><span class=\"aioseo-breadcrumb-separator\">\u2013<\/span><span class=\"aioseo-breadcrumb\">\n\t<a href=\"https:\/\/eldigitaldeasturias.com\/magazine365\/category\/noticias-actualidad\/\" title=\"Noticias y Actualidad\">Noticias y Actualidad<\/a>\n<\/span><span class=\"aioseo-breadcrumb-separator\">\u2013<\/span><span class=\"aioseo-breadcrumb\">\n\t<a href=\"https:\/\/eldigitaldeasturias.com\/magazine365\/cartagena-vive-su-noche-de-los-museos\/\" title=\"Cartagena vive su Noche de los Museos\">Cartagena vive su Noche de los Museos<\/a>\n<\/span><\/div>","aioseo_breadcrumb_json":[{"label":"Home","link":"https:\/\/eldigitaldeasturias.com\/magazine365"},{"label":"Noticias y Actualidad","link":"https:\/\/eldigitaldeasturias.com\/magazine365\/category\/noticias-actualidad\/"},{"label":"Cartagena vive su Noche de los Museos","link":"https:\/\/eldigitaldeasturias.com\/magazine365\/cartagena-vive-su-noche-de-los-museos\/"}],"_links":{"self":[{"href":"https:\/\/eldigitaldeasturias.com\/magazine365\/wp-json\/wp\/v2\/posts\/76852","targetHints":{"allow":["GET"]}}],"collection":[{"href":"https:\/\/eldigitaldeasturias.com\/magazine365\/wp-json\/wp\/v2\/posts"}],"about":[{"href":"https:\/\/eldigitaldeasturias.com\/magazine365\/wp-json\/wp\/v2\/types\/post"}],"author":[{"embeddable":true,"href":"https:\/\/eldigitaldeasturias.com\/magazine365\/wp-json\/wp\/v2\/users\/1"}],"replies":[{"embeddable":true,"href":"https:\/\/eldigitaldeasturias.com\/magazine365\/wp-json\/wp\/v2\/comments?post=76852"}],"version-history":[{"count":0,"href":"https:\/\/eldigitaldeasturias.com\/magazine365\/wp-json\/wp\/v2\/posts\/76852\/revisions"}],"wp:featuredmedia":[{"embeddable":true,"href":"https:\/\/eldigitaldeasturias.com\/magazine365\/wp-json\/wp\/v2\/media\/76853"}],"wp:attachment":[{"href":"https:\/\/eldigitaldeasturias.com\/magazine365\/wp-json\/wp\/v2\/media?parent=76852"}],"wp:term":[{"taxonomy":"category","embeddable":true,"href":"https:\/\/eldigitaldeasturias.com\/magazine365\/wp-json\/wp\/v2\/categories?post=76852"},{"taxonomy":"post_tag","embeddable":true,"href":"https:\/\/eldigitaldeasturias.com\/magazine365\/wp-json\/wp\/v2\/tags?post=76852"}],"curies":[{"name":"wp","href":"https:\/\/api.w.org\/{rel}","templated":true}]}}