{"id":76834,"date":"2016-05-24T11:44:58","date_gmt":"2016-05-24T09:44:58","guid":{"rendered":"http:\/\/eldigitaldeasturias.com\/magazine365\/?p=76834"},"modified":"2016-05-24T11:44:58","modified_gmt":"2016-05-24T09:44:58","slug":"feijoo-destaca-el-peso-del-turismo-en-la-recuperacion-economica","status":"publish","type":"post","link":"https:\/\/eldigitaldeasturias.com\/magazine365\/feijoo-destaca-el-peso-del-turismo-en-la-recuperacion-economica\/","title":{"rendered":"Feij\u00f3o destaca el peso del turismo en la recuperaci\u00f3n econ\u00f3mica"},"content":{"rendered":"<p><img fetchpriority=\"high\" decoding=\"async\" class=\"alignleft size-medium wp-image-76835\" src=\"https:\/\/eldigitaldeasturias.com\/magazine365\/wp-content\/uploads\/2016\/05\/fotonoticia_20160523173938_800-360x240.jpg\" alt=\"fotonoticia_20160523173938_800\" width=\"360\" height=\"240\" srcset=\"https:\/\/eldigitaldeasturias.com\/magazine365\/wp-content\/uploads\/2016\/05\/fotonoticia_20160523173938_800-360x240.jpg 360w, https:\/\/eldigitaldeasturias.com\/magazine365\/wp-content\/uploads\/2016\/05\/fotonoticia_20160523173938_800-650x433.jpg 650w, https:\/\/eldigitaldeasturias.com\/magazine365\/wp-content\/uploads\/2016\/05\/fotonoticia_20160523173938_800-768x512.jpg 768w, https:\/\/eldigitaldeasturias.com\/magazine365\/wp-content\/uploads\/2016\/05\/fotonoticia_20160523173938_800-150x100.jpg 150w, https:\/\/eldigitaldeasturias.com\/magazine365\/wp-content\/uploads\/2016\/05\/fotonoticia_20160523173938_800-450x300.jpg 450w, https:\/\/eldigitaldeasturias.com\/magazine365\/wp-content\/uploads\/2016\/05\/fotonoticia_20160523173938_800-101x66.jpg 101w, https:\/\/eldigitaldeasturias.com\/magazine365\/wp-content\/uploads\/2016\/05\/fotonoticia_20160523173938_800.jpg 800w\" sizes=\"(max-width: 360px) 100vw, 360px\" \/>El presidente del Gobierno gallego, Alberto N\u00fa\u00f1ez Feij\u00f3o, ha destacado este lunes el peso del turismo en la recuperaci\u00f3n econ\u00f3mica de la comunidad, con casi 860.000 viajeros en los establecimientos hoteleros en el primer cuatrimestre, un 7,3 por ciento m\u00e1s que en el mismo periodo de 2015.<\/p>\n<p>\u00abEstamos hablando del mejor cuatrimestre desde que empez\u00f3 la crisis, con un n\u00famero de pernoctaciones que subi\u00f3 a 1,5 millones, y en los tres sectores de demanda: tanto en la demanda interna, que crece en un 3,6 por ciento, como la demanda nacional (10,2 por ciento) e internacional (que crece un 4,3 por ciento)\u00bb, ha destacado, antes de a\u00f1adir que, de cada diez euros de la econom\u00eda gallega, uno proviene del turismo.<\/p>\n<p>Durante el acto de reconocimiento con la &#8216;Q&#8217; de Calidade Tur\u00edstica Galicia 2015, Feij\u00f3o ha afirmado que las 274 &#8216;Q&#8217; con las que cuenta la comunidad &#8211;la segunda que m\u00e1s tiene&#8211; constatan la excelencia del sector tur\u00edstico gallego y dibujan una progresi\u00f3n que hace apenas una d\u00e9cada era \u00abdif\u00edcil de imaginar\u00bb.<\/p>\n<p>No en vano, si en 2004 apenas hab\u00eda 16 empresas certificadas, esta cifra llega hoy a las 274, liderando el n\u00famero de &#8216;Q&#8217; en infraestructuras como los hoteles, los apartamentos tur\u00edsticos, las casas de turismo rural, los balnearios o las instalaciones n\u00e1uticas.<\/p>\n<p>\u00abHoy celebramos el incremento de empresas certificadas, con seis m\u00e1s este a\u00f1o, pero, sobre todo, celebramos el trabajo a largo plazo\u00bb, ha abundado, antes de incidir en que la marca &#8216;Q&#8217; significa \u00abprestigio, diferenciaci\u00f3n, fiabilidad, rigurosidad y promoci\u00f3n\u00bb, ha resumido.<\/p>\n<p>ESFUERZO DE TURISMO.<\/p>\n<p>Con este objetivo, el presidente gallego ha enfatizado el trabajo de Turismo de Galicia y del Cl\u00faster de Turismo de Galicia que \u00abhan puesto todos sus esfuerzos durante estos a\u00f1os a trav\u00e9s de numerosas iniciativas conjuntas a favor de la excelencia\u00bb.<\/p>\n<p>En esta l\u00ednea, ha recordado que la apuesta por la calidad representa un consenso de todos los agentes implicados y, por ello, se recoge en el Plan integral de turismo de Galicia 2014-2016 como uno de los pilares b\u00e1sicos en los que se debe sustentar \u00abel edificio tur\u00edstico industrial de Galicia\u00bb.<\/p>\n<p>As\u00ed ha remarcado que sucede en diferentes \u00e1mbitos, entre los que ha destacado la introducci\u00f3n de las tecnolog\u00edas y el fomento de la excelencia en el termalismo, en la enogastronom\u00eda, en las fiestas gastron\u00f3micas, con las rutas del vino de Galicia a la cabeza, en el turismo rural o en el turismo n\u00e1utico, donde la Comunidad gallega lidera la clasificaci\u00f3n nacional de banderas azules.<\/p>\n","protected":false},"excerpt":{"rendered":"<p>El presidente del Gobierno gallego, Alberto N\u00fa\u00f1ez Feij\u00f3o, ha destacado este lunes el peso del turismo en la recuperaci\u00f3n econ\u00f3mica de la comunidad, con casi 860.000 viajeros en los establecimientos hoteleros en el primer cuatrimestre, un 7,3 por ciento m\u00e1s que en el mismo periodo de 2015. \u00abEstamos hablando del mejor cuatrimestre desde que empez\u00f3<\/p>\n","protected":false},"author":1,"featured_media":76835,"comment_status":"open","ping_status":"closed","sticky":false,"template":"","format":"standard","meta":{"footnotes":""},"categories":[224],"tags":[],"class_list":{"0":"post-76834","1":"post","2":"type-post","3":"status-publish","4":"format-standard","5":"has-post-thumbnail","7":"category-noticias-actualidad"},"aioseo_notices":[],"aioseo_head":"\n\t\t<!-- All in One SEO Pro 4.9.6.1 - aioseo.com -->\n\t<meta name=\"description\" content=\"El presidente del Gobierno gallego, Alberto N\u00fa\u00f1ez Feij\u00f3o, ha destacado este lunes el peso del turismo en la recuperaci\u00f3n econ\u00f3mica de la comunidad, con casi 860.000 viajeros en los establecimientos hoteleros en el primer cuatrimestre, un 7,3 por ciento m\u00e1s que en el mismo periodo de 2015. &quot;Estamos hablando del mejor cuatrimestre desde que empez\u00f3\" \/>\n\t<meta name=\"robots\" content=\"max-image-preview:large\" \/>\n\t<meta name=\"author\" content=\"admin\"\/>\n\t<meta name=\"google-site-verification\" content=\"UA-38556648-1\" \/>\n\t<meta name=\"keywords\" content=\"noticias y actualidad\" \/>\n\t<link rel=\"canonical\" href=\"https:\/\/eldigitaldeasturias.com\/magazine365\/feijoo-destaca-el-peso-del-turismo-en-la-recuperacion-economica\/\" \/>\n\t<meta name=\"generator\" content=\"All in One SEO Pro (AIOSEO) 4.9.6.1\" \/>\n\t\t<meta property=\"og:locale\" content=\"es_ES\" \/>\n\t\t<meta property=\"og:site_name\" content=\"El Digital de Asturias \u2013 Revista de ocio, turismo y estilo de vida\" \/>\n\t\t<meta property=\"og:type\" content=\"article\" \/>\n\t\t<meta property=\"og:title\" content=\"Feij\u00f3o destaca el peso del turismo en la recuperaci\u00f3n econ\u00f3mica | El Digital de Asturias\" \/>\n\t\t<meta property=\"og:description\" content=\"El presidente del Gobierno gallego, Alberto N\u00fa\u00f1ez Feij\u00f3o, ha destacado este lunes el peso del turismo en la recuperaci\u00f3n econ\u00f3mica de la comunidad, con casi 860.000 viajeros en los establecimientos hoteleros en el primer cuatrimestre, un 7,3 por ciento m\u00e1s que en el mismo periodo de 2015. &quot;Estamos hablando del mejor cuatrimestre desde que empez\u00f3\" \/>\n\t\t<meta property=\"og:url\" content=\"https:\/\/eldigitaldeasturias.com\/magazine365\/feijoo-destaca-el-peso-del-turismo-en-la-recuperacion-economica\/\" \/>\n\t\t<meta property=\"og:image\" content=\"https:\/\/eldigitaldeasturias.com\/magazine365\/wp-content\/uploads\/2016\/05\/fotonoticia_20160523173938_800.jpg\" \/>\n\t\t<meta property=\"og:image:secure_url\" content=\"https:\/\/eldigitaldeasturias.com\/magazine365\/wp-content\/uploads\/2016\/05\/fotonoticia_20160523173938_800.jpg\" \/>\n\t\t<meta property=\"og:image:width\" content=\"800\" \/>\n\t\t<meta property=\"og:image:height\" content=\"533\" \/>\n\t\t<meta property=\"article:published_time\" content=\"2016-05-24T09:44:58+00:00\" \/>\n\t\t<meta property=\"article:modified_time\" content=\"2016-05-24T09:44:58+00:00\" \/>\n\t\t<meta name=\"twitter:card\" content=\"summary_large_image\" \/>\n\t\t<meta name=\"twitter:title\" content=\"Feij\u00f3o destaca el peso del turismo en la recuperaci\u00f3n econ\u00f3mica | El Digital de Asturias\" \/>\n\t\t<meta name=\"twitter:description\" content=\"El presidente del Gobierno gallego, Alberto N\u00fa\u00f1ez Feij\u00f3o, ha destacado este lunes el peso del turismo en la recuperaci\u00f3n econ\u00f3mica de la comunidad, con casi 860.000 viajeros en los establecimientos hoteleros en el primer cuatrimestre, un 7,3 por ciento m\u00e1s que en el mismo periodo de 2015. &quot;Estamos hablando del mejor cuatrimestre desde que empez\u00f3\" \/>\n\t\t<meta name=\"twitter:image\" content=\"https:\/\/eldigitaldeasturias.com\/magazine365\/wp-content\/uploads\/2016\/05\/fotonoticia_20160523173938_800.jpg\" \/>\n\t\t<script type=\"application\/ld+json\" class=\"aioseo-schema\">\n\t\t\t{\"@context\":\"https:\\\/\\\/schema.org\",\"@graph\":[{\"@type\":\"Article\",\"@id\":\"https:\\\/\\\/eldigitaldeasturias.com\\\/magazine365\\\/feijoo-destaca-el-peso-del-turismo-en-la-recuperacion-economica\\\/#article\",\"name\":\"Feij\\u00f3o destaca el peso del turismo en la recuperaci\\u00f3n econ\\u00f3mica | El Digital de Asturias\",\"headline\":\"Feij\\u00f3o destaca el peso del turismo en la recuperaci\\u00f3n econ\\u00f3mica\",\"author\":{\"@id\":\"https:\\\/\\\/eldigitaldeasturias.com\\\/magazine365\\\/author\\\/admin\\\/#author\"},\"publisher\":{\"@id\":\"https:\\\/\\\/eldigitaldeasturias.com\\\/magazine365\\\/#organization\"},\"image\":{\"@type\":\"ImageObject\",\"url\":\"https:\\\/\\\/eldigitaldeasturias.com\\\/magazine365\\\/wp-content\\\/uploads\\\/2016\\\/05\\\/fotonoticia_20160523173938_800.jpg\",\"width\":800,\"height\":533},\"datePublished\":\"2016-05-24T11:44:58+02:00\",\"dateModified\":\"2016-05-24T11:44:58+02:00\",\"inLanguage\":\"es-ES\",\"mainEntityOfPage\":{\"@id\":\"https:\\\/\\\/eldigitaldeasturias.com\\\/magazine365\\\/feijoo-destaca-el-peso-del-turismo-en-la-recuperacion-economica\\\/#webpage\"},\"isPartOf\":{\"@id\":\"https:\\\/\\\/eldigitaldeasturias.com\\\/magazine365\\\/feijoo-destaca-el-peso-del-turismo-en-la-recuperacion-economica\\\/#webpage\"},\"articleSection\":\"Noticias y Actualidad\"},{\"@type\":\"BreadcrumbList\",\"@id\":\"https:\\\/\\\/eldigitaldeasturias.com\\\/magazine365\\\/feijoo-destaca-el-peso-del-turismo-en-la-recuperacion-economica\\\/#breadcrumblist\",\"itemListElement\":[{\"@type\":\"ListItem\",\"@id\":\"https:\\\/\\\/eldigitaldeasturias.com\\\/magazine365#listItem\",\"position\":1,\"name\":\"Home\",\"item\":\"https:\\\/\\\/eldigitaldeasturias.com\\\/magazine365\",\"nextItem\":{\"@type\":\"ListItem\",\"@id\":\"https:\\\/\\\/eldigitaldeasturias.com\\\/magazine365\\\/category\\\/noticias-actualidad\\\/#listItem\",\"name\":\"Noticias y Actualidad\"}},{\"@type\":\"ListItem\",\"@id\":\"https:\\\/\\\/eldigitaldeasturias.com\\\/magazine365\\\/category\\\/noticias-actualidad\\\/#listItem\",\"position\":2,\"name\":\"Noticias y Actualidad\",\"item\":\"https:\\\/\\\/eldigitaldeasturias.com\\\/magazine365\\\/category\\\/noticias-actualidad\\\/\",\"nextItem\":{\"@type\":\"ListItem\",\"@id\":\"https:\\\/\\\/eldigitaldeasturias.com\\\/magazine365\\\/feijoo-destaca-el-peso-del-turismo-en-la-recuperacion-economica\\\/#listItem\",\"name\":\"Feij\\u00f3o destaca el peso del turismo en la recuperaci\\u00f3n econ\\u00f3mica\"},\"previousItem\":{\"@type\":\"ListItem\",\"@id\":\"https:\\\/\\\/eldigitaldeasturias.com\\\/magazine365#listItem\",\"name\":\"Home\"}},{\"@type\":\"ListItem\",\"@id\":\"https:\\\/\\\/eldigitaldeasturias.com\\\/magazine365\\\/feijoo-destaca-el-peso-del-turismo-en-la-recuperacion-economica\\\/#listItem\",\"position\":3,\"name\":\"Feij\\u00f3o destaca el peso del turismo en la recuperaci\\u00f3n econ\\u00f3mica\",\"previousItem\":{\"@type\":\"ListItem\",\"@id\":\"https:\\\/\\\/eldigitaldeasturias.com\\\/magazine365\\\/category\\\/noticias-actualidad\\\/#listItem\",\"name\":\"Noticias y Actualidad\"}}]},{\"@type\":\"Organization\",\"@id\":\"https:\\\/\\\/eldigitaldeasturias.com\\\/magazine365\\\/#organization\",\"name\":\"El digital de Asturias\",\"description\":\"Revista de ocio, turismo y estilo de vida\",\"url\":\"https:\\\/\\\/eldigitaldeasturias.com\\\/magazine365\\\/\",\"logo\":{\"@type\":\"ImageObject\",\"url\":\"https:\\\/\\\/www.eldigitaldeasturias.com\\\/noticias\\\/wp-content\\\/uploads\\\/2020\\\/12\\\/EDA.jpg\",\"@id\":\"https:\\\/\\\/eldigitaldeasturias.com\\\/magazine365\\\/feijoo-destaca-el-peso-del-turismo-en-la-recuperacion-economica\\\/#organizationLogo\"},\"image\":{\"@id\":\"https:\\\/\\\/eldigitaldeasturias.com\\\/magazine365\\\/feijoo-destaca-el-peso-del-turismo-en-la-recuperacion-economica\\\/#organizationLogo\"}},{\"@type\":\"Person\",\"@id\":\"https:\\\/\\\/eldigitaldeasturias.com\\\/magazine365\\\/author\\\/admin\\\/#author\",\"url\":\"https:\\\/\\\/eldigitaldeasturias.com\\\/magazine365\\\/author\\\/admin\\\/\",\"name\":\"admin\",\"image\":{\"@type\":\"ImageObject\",\"@id\":\"https:\\\/\\\/eldigitaldeasturias.com\\\/magazine365\\\/feijoo-destaca-el-peso-del-turismo-en-la-recuperacion-economica\\\/#authorImage\",\"url\":\"https:\\\/\\\/eldigitaldeasturias.com\\\/magazine365\\\/wp-content\\\/litespeed\\\/avatar\\\/e571bcf59a0edd6fa6838245a470f2fe.jpg?ver=1777574230\",\"width\":96,\"height\":96,\"caption\":\"admin\"}},{\"@type\":\"WebPage\",\"@id\":\"https:\\\/\\\/eldigitaldeasturias.com\\\/magazine365\\\/feijoo-destaca-el-peso-del-turismo-en-la-recuperacion-economica\\\/#webpage\",\"url\":\"https:\\\/\\\/eldigitaldeasturias.com\\\/magazine365\\\/feijoo-destaca-el-peso-del-turismo-en-la-recuperacion-economica\\\/\",\"name\":\"Feij\\u00f3o destaca el peso del turismo en la recuperaci\\u00f3n econ\\u00f3mica | El Digital de Asturias\",\"description\":\"El presidente del Gobierno gallego, Alberto N\\u00fa\\u00f1ez Feij\\u00f3o, ha destacado este lunes el peso del turismo en la recuperaci\\u00f3n econ\\u00f3mica de la comunidad, con casi 860.000 viajeros en los establecimientos hoteleros en el primer cuatrimestre, un 7,3 por ciento m\\u00e1s que en el mismo periodo de 2015. \\\"Estamos hablando del mejor cuatrimestre desde que empez\\u00f3\",\"inLanguage\":\"es-ES\",\"isPartOf\":{\"@id\":\"https:\\\/\\\/eldigitaldeasturias.com\\\/magazine365\\\/#website\"},\"breadcrumb\":{\"@id\":\"https:\\\/\\\/eldigitaldeasturias.com\\\/magazine365\\\/feijoo-destaca-el-peso-del-turismo-en-la-recuperacion-economica\\\/#breadcrumblist\"},\"author\":{\"@id\":\"https:\\\/\\\/eldigitaldeasturias.com\\\/magazine365\\\/author\\\/admin\\\/#author\"},\"creator\":{\"@id\":\"https:\\\/\\\/eldigitaldeasturias.com\\\/magazine365\\\/author\\\/admin\\\/#author\"},\"image\":{\"@type\":\"ImageObject\",\"url\":\"https:\\\/\\\/eldigitaldeasturias.com\\\/magazine365\\\/wp-content\\\/uploads\\\/2016\\\/05\\\/fotonoticia_20160523173938_800.jpg\",\"@id\":\"https:\\\/\\\/eldigitaldeasturias.com\\\/magazine365\\\/feijoo-destaca-el-peso-del-turismo-en-la-recuperacion-economica\\\/#mainImage\",\"width\":800,\"height\":533},\"primaryImageOfPage\":{\"@id\":\"https:\\\/\\\/eldigitaldeasturias.com\\\/magazine365\\\/feijoo-destaca-el-peso-del-turismo-en-la-recuperacion-economica\\\/#mainImage\"},\"datePublished\":\"2016-05-24T11:44:58+02:00\",\"dateModified\":\"2016-05-24T11:44:58+02:00\"},{\"@type\":\"WebSite\",\"@id\":\"https:\\\/\\\/eldigitaldeasturias.com\\\/magazine365\\\/#website\",\"url\":\"https:\\\/\\\/eldigitaldeasturias.com\\\/magazine365\\\/\",\"name\":\"El Digital de Asturias\",\"description\":\"Revista de ocio, turismo y estilo de vida\",\"inLanguage\":\"es-ES\",\"publisher\":{\"@id\":\"https:\\\/\\\/eldigitaldeasturias.com\\\/magazine365\\\/#organization\"}}]}\n\t\t<\/script>\n\t\t<!-- All in One SEO Pro -->\r\n\t\t<title>Feij\u00f3o destaca el peso del turismo en la recuperaci\u00f3n econ\u00f3mica | El Digital de Asturias<\/title>\n\n","aioseo_head_json":{"title":"Feij\u00f3o destaca el peso del turismo en la recuperaci\u00f3n econ\u00f3mica | El Digital de Asturias","description":"El presidente del Gobierno gallego, Alberto N\u00fa\u00f1ez Feij\u00f3o, ha destacado este lunes el peso del turismo en la recuperaci\u00f3n econ\u00f3mica de la comunidad, con casi 860.000 viajeros en los establecimientos hoteleros en el primer cuatrimestre, un 7,3 por ciento m\u00e1s que en el mismo periodo de 2015. \"Estamos hablando del mejor cuatrimestre desde que empez\u00f3","canonical_url":"https:\/\/eldigitaldeasturias.com\/magazine365\/feijoo-destaca-el-peso-del-turismo-en-la-recuperacion-economica\/","robots":"max-image-preview:large","keywords":"noticias y actualidad","webmasterTools":{"google-site-verification":"UA-38556648-1","miscellaneous":""},"schema":{"@context":"https:\/\/schema.org","@graph":[{"@type":"Article","@id":"https:\/\/eldigitaldeasturias.com\/magazine365\/feijoo-destaca-el-peso-del-turismo-en-la-recuperacion-economica\/#article","name":"Feij\u00f3o destaca el peso del turismo en la recuperaci\u00f3n econ\u00f3mica | El Digital de Asturias","headline":"Feij\u00f3o destaca el peso del turismo en la recuperaci\u00f3n econ\u00f3mica","author":{"@id":"https:\/\/eldigitaldeasturias.com\/magazine365\/author\/admin\/#author"},"publisher":{"@id":"https:\/\/eldigitaldeasturias.com\/magazine365\/#organization"},"image":{"@type":"ImageObject","url":"https:\/\/eldigitaldeasturias.com\/magazine365\/wp-content\/uploads\/2016\/05\/fotonoticia_20160523173938_800.jpg","width":800,"height":533},"datePublished":"2016-05-24T11:44:58+02:00","dateModified":"2016-05-24T11:44:58+02:00","inLanguage":"es-ES","mainEntityOfPage":{"@id":"https:\/\/eldigitaldeasturias.com\/magazine365\/feijoo-destaca-el-peso-del-turismo-en-la-recuperacion-economica\/#webpage"},"isPartOf":{"@id":"https:\/\/eldigitaldeasturias.com\/magazine365\/feijoo-destaca-el-peso-del-turismo-en-la-recuperacion-economica\/#webpage"},"articleSection":"Noticias y Actualidad"},{"@type":"BreadcrumbList","@id":"https:\/\/eldigitaldeasturias.com\/magazine365\/feijoo-destaca-el-peso-del-turismo-en-la-recuperacion-economica\/#breadcrumblist","itemListElement":[{"@type":"ListItem","@id":"https:\/\/eldigitaldeasturias.com\/magazine365#listItem","position":1,"name":"Home","item":"https:\/\/eldigitaldeasturias.com\/magazine365","nextItem":{"@type":"ListItem","@id":"https:\/\/eldigitaldeasturias.com\/magazine365\/category\/noticias-actualidad\/#listItem","name":"Noticias y Actualidad"}},{"@type":"ListItem","@id":"https:\/\/eldigitaldeasturias.com\/magazine365\/category\/noticias-actualidad\/#listItem","position":2,"name":"Noticias y Actualidad","item":"https:\/\/eldigitaldeasturias.com\/magazine365\/category\/noticias-actualidad\/","nextItem":{"@type":"ListItem","@id":"https:\/\/eldigitaldeasturias.com\/magazine365\/feijoo-destaca-el-peso-del-turismo-en-la-recuperacion-economica\/#listItem","name":"Feij\u00f3o destaca el peso del turismo en la recuperaci\u00f3n econ\u00f3mica"},"previousItem":{"@type":"ListItem","@id":"https:\/\/eldigitaldeasturias.com\/magazine365#listItem","name":"Home"}},{"@type":"ListItem","@id":"https:\/\/eldigitaldeasturias.com\/magazine365\/feijoo-destaca-el-peso-del-turismo-en-la-recuperacion-economica\/#listItem","position":3,"name":"Feij\u00f3o destaca el peso del turismo en la recuperaci\u00f3n econ\u00f3mica","previousItem":{"@type":"ListItem","@id":"https:\/\/eldigitaldeasturias.com\/magazine365\/category\/noticias-actualidad\/#listItem","name":"Noticias y Actualidad"}}]},{"@type":"Organization","@id":"https:\/\/eldigitaldeasturias.com\/magazine365\/#organization","name":"El digital de Asturias","description":"Revista de ocio, turismo y estilo de vida","url":"https:\/\/eldigitaldeasturias.com\/magazine365\/","logo":{"@type":"ImageObject","url":"https:\/\/www.eldigitaldeasturias.com\/noticias\/wp-content\/uploads\/2020\/12\/EDA.jpg","@id":"https:\/\/eldigitaldeasturias.com\/magazine365\/feijoo-destaca-el-peso-del-turismo-en-la-recuperacion-economica\/#organizationLogo"},"image":{"@id":"https:\/\/eldigitaldeasturias.com\/magazine365\/feijoo-destaca-el-peso-del-turismo-en-la-recuperacion-economica\/#organizationLogo"}},{"@type":"Person","@id":"https:\/\/eldigitaldeasturias.com\/magazine365\/author\/admin\/#author","url":"https:\/\/eldigitaldeasturias.com\/magazine365\/author\/admin\/","name":"admin","image":{"@type":"ImageObject","@id":"https:\/\/eldigitaldeasturias.com\/magazine365\/feijoo-destaca-el-peso-del-turismo-en-la-recuperacion-economica\/#authorImage","url":"https:\/\/eldigitaldeasturias.com\/magazine365\/wp-content\/litespeed\/avatar\/e571bcf59a0edd6fa6838245a470f2fe.jpg?ver=1777574230","width":96,"height":96,"caption":"admin"}},{"@type":"WebPage","@id":"https:\/\/eldigitaldeasturias.com\/magazine365\/feijoo-destaca-el-peso-del-turismo-en-la-recuperacion-economica\/#webpage","url":"https:\/\/eldigitaldeasturias.com\/magazine365\/feijoo-destaca-el-peso-del-turismo-en-la-recuperacion-economica\/","name":"Feij\u00f3o destaca el peso del turismo en la recuperaci\u00f3n econ\u00f3mica | El Digital de Asturias","description":"El presidente del Gobierno gallego, Alberto N\u00fa\u00f1ez Feij\u00f3o, ha destacado este lunes el peso del turismo en la recuperaci\u00f3n econ\u00f3mica de la comunidad, con casi 860.000 viajeros en los establecimientos hoteleros en el primer cuatrimestre, un 7,3 por ciento m\u00e1s que en el mismo periodo de 2015. \"Estamos hablando del mejor cuatrimestre desde que empez\u00f3","inLanguage":"es-ES","isPartOf":{"@id":"https:\/\/eldigitaldeasturias.com\/magazine365\/#website"},"breadcrumb":{"@id":"https:\/\/eldigitaldeasturias.com\/magazine365\/feijoo-destaca-el-peso-del-turismo-en-la-recuperacion-economica\/#breadcrumblist"},"author":{"@id":"https:\/\/eldigitaldeasturias.com\/magazine365\/author\/admin\/#author"},"creator":{"@id":"https:\/\/eldigitaldeasturias.com\/magazine365\/author\/admin\/#author"},"image":{"@type":"ImageObject","url":"https:\/\/eldigitaldeasturias.com\/magazine365\/wp-content\/uploads\/2016\/05\/fotonoticia_20160523173938_800.jpg","@id":"https:\/\/eldigitaldeasturias.com\/magazine365\/feijoo-destaca-el-peso-del-turismo-en-la-recuperacion-economica\/#mainImage","width":800,"height":533},"primaryImageOfPage":{"@id":"https:\/\/eldigitaldeasturias.com\/magazine365\/feijoo-destaca-el-peso-del-turismo-en-la-recuperacion-economica\/#mainImage"},"datePublished":"2016-05-24T11:44:58+02:00","dateModified":"2016-05-24T11:44:58+02:00"},{"@type":"WebSite","@id":"https:\/\/eldigitaldeasturias.com\/magazine365\/#website","url":"https:\/\/eldigitaldeasturias.com\/magazine365\/","name":"El Digital de Asturias","description":"Revista de ocio, turismo y estilo de vida","inLanguage":"es-ES","publisher":{"@id":"https:\/\/eldigitaldeasturias.com\/magazine365\/#organization"}}]},"og:locale":"es_ES","og:site_name":"El Digital de Asturias \u2013 Revista de ocio, turismo y estilo de vida","og:type":"article","og:title":"Feij\u00f3o destaca el peso del turismo en la recuperaci\u00f3n econ\u00f3mica | El Digital de Asturias","og:description":"El presidente del Gobierno gallego, Alberto N\u00fa\u00f1ez Feij\u00f3o, ha destacado este lunes el peso del turismo en la recuperaci\u00f3n econ\u00f3mica de la comunidad, con casi 860.000 viajeros en los establecimientos hoteleros en el primer cuatrimestre, un 7,3 por ciento m\u00e1s que en el mismo periodo de 2015. &quot;Estamos hablando del mejor cuatrimestre desde que empez\u00f3","og:url":"https:\/\/eldigitaldeasturias.com\/magazine365\/feijoo-destaca-el-peso-del-turismo-en-la-recuperacion-economica\/","og:image":"https:\/\/eldigitaldeasturias.com\/magazine365\/wp-content\/uploads\/2016\/05\/fotonoticia_20160523173938_800.jpg","og:image:secure_url":"https:\/\/eldigitaldeasturias.com\/magazine365\/wp-content\/uploads\/2016\/05\/fotonoticia_20160523173938_800.jpg","og:image:width":800,"og:image:height":533,"article:published_time":"2016-05-24T09:44:58+00:00","article:modified_time":"2016-05-24T09:44:58+00:00","twitter:card":"summary_large_image","twitter:title":"Feij\u00f3o destaca el peso del turismo en la recuperaci\u00f3n econ\u00f3mica | El Digital de Asturias","twitter:description":"El presidente del Gobierno gallego, Alberto N\u00fa\u00f1ez Feij\u00f3o, ha destacado este lunes el peso del turismo en la recuperaci\u00f3n econ\u00f3mica de la comunidad, con casi 860.000 viajeros en los establecimientos hoteleros en el primer cuatrimestre, un 7,3 por ciento m\u00e1s que en el mismo periodo de 2015. &quot;Estamos hablando del mejor cuatrimestre desde que empez\u00f3","twitter:image":"https:\/\/eldigitaldeasturias.com\/magazine365\/wp-content\/uploads\/2016\/05\/fotonoticia_20160523173938_800.jpg"},"aioseo_meta_data":{"post_id":"76834","title":null,"description":null,"keywords":null,"keyphrases":null,"primary_term":null,"canonical_url":null,"og_title":null,"og_description":null,"og_object_type":"default","og_image_type":"default","og_image_url":null,"og_image_width":null,"og_image_height":null,"og_image_custom_url":null,"og_image_custom_fields":null,"og_video":null,"og_custom_url":null,"og_article_section":null,"og_article_tags":null,"twitter_use_og":false,"twitter_card":"default","twitter_image_type":"default","twitter_image_url":null,"twitter_image_custom_url":null,"twitter_image_custom_fields":null,"twitter_title":null,"twitter_description":null,"schema":{"blockGraphs":[],"customGraphs":[],"default":{"data":{"Article":[],"Course":[],"Dataset":[],"FAQPage":[],"Movie":[],"Person":[],"Product":[],"ProductReview":[],"Car":[],"Recipe":[],"Service":[],"SoftwareApplication":[],"WebPage":[]},"graphName":"","isEnabled":true},"graphs":[]},"schema_type":null,"schema_type_options":null,"pillar_content":false,"robots_default":true,"robots_noindex":false,"robots_noarchive":false,"robots_nosnippet":false,"robots_nofollow":false,"robots_noimageindex":false,"robots_noodp":false,"robots_notranslate":false,"robots_max_snippet":null,"robots_max_videopreview":null,"robots_max_imagepreview":"large","priority":null,"frequency":null,"location":null,"local_seo":null,"seo_analyzer_scan_date":"2025-09-27 13:28:57","breadcrumb_settings":null,"limit_modified_date":false,"open_ai":null,"ai":null,"created":"2021-03-08 18:23:42","updated":"2025-09-27 13:28:57"},"aioseo_breadcrumb":"<div class=\"aioseo-breadcrumbs\"><span class=\"aioseo-breadcrumb\">\n\t<a href=\"https:\/\/eldigitaldeasturias.com\/magazine365\" title=\"Home\">Home<\/a>\n<\/span><span class=\"aioseo-breadcrumb-separator\">\u2013<\/span><span class=\"aioseo-breadcrumb\">\n\t<a href=\"https:\/\/eldigitaldeasturias.com\/magazine365\/category\/noticias-actualidad\/\" title=\"Noticias y Actualidad\">Noticias y Actualidad<\/a>\n<\/span><span class=\"aioseo-breadcrumb-separator\">\u2013<\/span><span class=\"aioseo-breadcrumb\">\n\t<a href=\"https:\/\/eldigitaldeasturias.com\/magazine365\/feijoo-destaca-el-peso-del-turismo-en-la-recuperacion-economica\/\" title=\"Feij\u00f3o destaca el peso del turismo en la recuperaci\u00f3n econ\u00f3mica\">Feij\u00f3o destaca el peso del turismo en la recuperaci\u00f3n econ\u00f3mica<\/a>\n<\/span><\/div>","aioseo_breadcrumb_json":[{"label":"Home","link":"https:\/\/eldigitaldeasturias.com\/magazine365"},{"label":"Noticias y Actualidad","link":"https:\/\/eldigitaldeasturias.com\/magazine365\/category\/noticias-actualidad\/"},{"label":"Feij\u00f3o destaca el peso del turismo en la recuperaci\u00f3n econ\u00f3mica","link":"https:\/\/eldigitaldeasturias.com\/magazine365\/feijoo-destaca-el-peso-del-turismo-en-la-recuperacion-economica\/"}],"_links":{"self":[{"href":"https:\/\/eldigitaldeasturias.com\/magazine365\/wp-json\/wp\/v2\/posts\/76834","targetHints":{"allow":["GET"]}}],"collection":[{"href":"https:\/\/eldigitaldeasturias.com\/magazine365\/wp-json\/wp\/v2\/posts"}],"about":[{"href":"https:\/\/eldigitaldeasturias.com\/magazine365\/wp-json\/wp\/v2\/types\/post"}],"author":[{"embeddable":true,"href":"https:\/\/eldigitaldeasturias.com\/magazine365\/wp-json\/wp\/v2\/users\/1"}],"replies":[{"embeddable":true,"href":"https:\/\/eldigitaldeasturias.com\/magazine365\/wp-json\/wp\/v2\/comments?post=76834"}],"version-history":[{"count":0,"href":"https:\/\/eldigitaldeasturias.com\/magazine365\/wp-json\/wp\/v2\/posts\/76834\/revisions"}],"wp:featuredmedia":[{"embeddable":true,"href":"https:\/\/eldigitaldeasturias.com\/magazine365\/wp-json\/wp\/v2\/media\/76835"}],"wp:attachment":[{"href":"https:\/\/eldigitaldeasturias.com\/magazine365\/wp-json\/wp\/v2\/media?parent=76834"}],"wp:term":[{"taxonomy":"category","embeddable":true,"href":"https:\/\/eldigitaldeasturias.com\/magazine365\/wp-json\/wp\/v2\/categories?post=76834"},{"taxonomy":"post_tag","embeddable":true,"href":"https:\/\/eldigitaldeasturias.com\/magazine365\/wp-json\/wp\/v2\/tags?post=76834"}],"curies":[{"name":"wp","href":"https:\/\/api.w.org\/{rel}","templated":true}]}}