{"id":76817,"date":"2016-05-24T11:29:30","date_gmt":"2016-05-24T09:29:30","guid":{"rendered":"http:\/\/eldigitaldeasturias.com\/magazine365\/?p=76817"},"modified":"2016-05-24T11:29:30","modified_gmt":"2016-05-24T09:29:30","slug":"bruselas-se-prepara-para-una-jornada-de-paros-en-transporte-y-aeropuertos","status":"publish","type":"post","link":"https:\/\/eldigitaldeasturias.com\/magazine365\/bruselas-se-prepara-para-una-jornada-de-paros-en-transporte-y-aeropuertos\/","title":{"rendered":"Bruselas se prepara para una jornada de paros en transporte y aeropuertos"},"content":{"rendered":"<p><img fetchpriority=\"high\" decoding=\"async\" class=\"alignleft size-medium wp-image-39092\" src=\"https:\/\/eldigitaldeasturias.com\/magazine365\/wp-content\/uploads\/2015\/06\/aeropuerto-360x239.jpg\" alt=\"aeropuerto\" width=\"360\" height=\"239\" srcset=\"https:\/\/eldigitaldeasturias.com\/magazine365\/wp-content\/uploads\/2015\/06\/aeropuerto-360x239.jpg 360w, https:\/\/eldigitaldeasturias.com\/magazine365\/wp-content\/uploads\/2015\/06\/aeropuerto-650x431.jpg 650w, https:\/\/eldigitaldeasturias.com\/magazine365\/wp-content\/uploads\/2015\/06\/aeropuerto-768x510.jpg 768w, https:\/\/eldigitaldeasturias.com\/magazine365\/wp-content\/uploads\/2015\/06\/aeropuerto-150x100.jpg 150w, https:\/\/eldigitaldeasturias.com\/magazine365\/wp-content\/uploads\/2015\/06\/aeropuerto-450x299.jpg 450w, https:\/\/eldigitaldeasturias.com\/magazine365\/wp-content\/uploads\/2015\/06\/aeropuerto-696x462.jpg 696w, https:\/\/eldigitaldeasturias.com\/magazine365\/wp-content\/uploads\/2015\/06\/aeropuerto-633x420.jpg 633w, https:\/\/eldigitaldeasturias.com\/magazine365\/wp-content\/uploads\/2015\/06\/aeropuerto-84x55.jpg 84w, https:\/\/eldigitaldeasturias.com\/magazine365\/wp-content\/uploads\/2015\/06\/aeropuerto.jpg 800w\" sizes=\"(max-width: 360px) 100vw, 360px\" \/>Bruselas se prepara para una jornada de paros en los servicios de transporte p\u00fablico como metro, autobuses y tranv\u00eda este martes, por una manifestaci\u00f3n del sector p\u00fablico que se prev\u00e9 que afecte tambi\u00e9n a la actividad normal de los aeropuertos de Bruselas-Zaventem y Charleroi.<\/p>\n<p>La Polic\u00eda de la capital belga ha pedido que se evite utilizar el coche para circular o llegar a Bruselas el martes, ya que se esperan \u00abimportantes problemas de circulaci\u00f3n\u00bb y se ha previsto el cierre de varios de los accesos a la principal arteria de la ciudad.<\/p>\n<p>Los tres sindicatos mayoritarios de la Administraci\u00f3n p\u00fablica han llamado al sector p\u00fablico a manifestarse contra las pol\u00edticas de recorte del Gobierno, durante una protesta a la que la Polic\u00eda estima que acudir\u00e1n cerca de 50.000 personas.<\/p>\n<p>La marcha est\u00e1 convocada a partir de las 11.30 horas, pero los manifestantes se reunir\u00e1n desde primera hora de la ma\u00f1ana en la Estaci\u00f3n del Norte.<\/p>\n<p>El recorrido trazado por los organizadores prev\u00e9 que la protesta pase por las principales v\u00edas de Bruselas y acabe en el otro extremo de la ciudad, en la Estaci\u00f3n del Sur.<\/p>\n<p>La red de metro espera que su tr\u00e1fico se vea fuertemente alterado debido a la protesta, ya que muchos de sus empleados acudir\u00e1n a la marcha, pero no ha informado a\u00fan de los servicios m\u00ednimos con que contar\u00e1.<\/p>\n<p>Tampoco los aeropuertos han medido el impacto de la jornada de protesta, pero cuentan con que su actividad se vea afectada, por ejemplo en cuanto al personal de seguridad se refiere.<\/p>\n<p>La red de ferrocarril, sin embargo, espera funcionar con normalidad y ha indicado que su tr\u00e1fico no se ver\u00e1 afectado, ya que s\u00f3lo se unir\u00e1 a la manifestaci\u00f3n el personal administrativo. Ello permitir\u00e1 que los funcionarios de las regiones de Flandes y Valonia que quieran sumarse a la protesta puedan llegar a Bruselas.<\/p>\n<p>&nbsp;<\/p>\n","protected":false},"excerpt":{"rendered":"<p>Bruselas se prepara para una jornada de paros en los servicios de transporte p\u00fablico como metro, autobuses y tranv\u00eda este martes, por una manifestaci\u00f3n del sector p\u00fablico que se prev\u00e9 que afecte tambi\u00e9n a la actividad normal de los aeropuertos de Bruselas-Zaventem y Charleroi. La Polic\u00eda de la capital belga ha pedido que se evite<\/p>\n","protected":false},"author":1,"featured_media":39724,"comment_status":"open","ping_status":"closed","sticky":false,"template":"","format":"standard","meta":{"footnotes":""},"categories":[224],"tags":[],"class_list":{"0":"post-76817","1":"post","2":"type-post","3":"status-publish","4":"format-standard","5":"has-post-thumbnail","7":"category-noticias-actualidad"},"aioseo_notices":[],"aioseo_head":"\n\t\t<!-- All in One SEO Pro 4.9.6.1 - aioseo.com -->\n\t<meta name=\"description\" content=\"Bruselas se prepara para una jornada de paros en los servicios de transporte p\u00fablico como metro, autobuses y tranv\u00eda este martes, por una manifestaci\u00f3n del sector p\u00fablico que se prev\u00e9 que afecte tambi\u00e9n a la actividad normal de los aeropuertos de Bruselas-Zaventem y Charleroi. La Polic\u00eda de la capital belga ha pedido que se evite\" \/>\n\t<meta name=\"robots\" content=\"max-image-preview:large\" \/>\n\t<meta name=\"author\" content=\"admin\"\/>\n\t<meta name=\"google-site-verification\" content=\"UA-38556648-1\" \/>\n\t<meta name=\"keywords\" content=\"noticias y actualidad\" \/>\n\t<link rel=\"canonical\" href=\"https:\/\/eldigitaldeasturias.com\/magazine365\/bruselas-se-prepara-para-una-jornada-de-paros-en-transporte-y-aeropuertos\/\" \/>\n\t<meta name=\"generator\" content=\"All in One SEO Pro (AIOSEO) 4.9.6.1\" \/>\n\t\t<meta property=\"og:locale\" content=\"es_ES\" \/>\n\t\t<meta property=\"og:site_name\" content=\"El Digital de Asturias \u2013 Revista de ocio, turismo y estilo de vida\" \/>\n\t\t<meta property=\"og:type\" content=\"article\" \/>\n\t\t<meta property=\"og:title\" content=\"Bruselas se prepara para una jornada de paros en transporte y aeropuertos | El Digital de Asturias\" \/>\n\t\t<meta property=\"og:description\" content=\"Bruselas se prepara para una jornada de paros en los servicios de transporte p\u00fablico como metro, autobuses y tranv\u00eda este martes, por una manifestaci\u00f3n del sector p\u00fablico que se prev\u00e9 que afecte tambi\u00e9n a la actividad normal de los aeropuertos de Bruselas-Zaventem y Charleroi. La Polic\u00eda de la capital belga ha pedido que se evite\" \/>\n\t\t<meta property=\"og:url\" content=\"https:\/\/eldigitaldeasturias.com\/magazine365\/bruselas-se-prepara-para-una-jornada-de-paros-en-transporte-y-aeropuertos\/\" \/>\n\t\t<meta property=\"og:image\" content=\"https:\/\/eldigitaldeasturias.com\/magazine365\/wp-content\/uploads\/2015\/06\/aeropu.jpg\" \/>\n\t\t<meta property=\"og:image:secure_url\" content=\"https:\/\/eldigitaldeasturias.com\/magazine365\/wp-content\/uploads\/2015\/06\/aeropu.jpg\" \/>\n\t\t<meta property=\"og:image:width\" content=\"800\" \/>\n\t\t<meta property=\"og:image:height\" content=\"533\" \/>\n\t\t<meta property=\"article:published_time\" content=\"2016-05-24T09:29:30+00:00\" \/>\n\t\t<meta property=\"article:modified_time\" content=\"2016-05-24T09:29:30+00:00\" \/>\n\t\t<meta name=\"twitter:card\" content=\"summary_large_image\" \/>\n\t\t<meta name=\"twitter:title\" content=\"Bruselas se prepara para una jornada de paros en transporte y aeropuertos | El Digital de Asturias\" \/>\n\t\t<meta name=\"twitter:description\" content=\"Bruselas se prepara para una jornada de paros en los servicios de transporte p\u00fablico como metro, autobuses y tranv\u00eda este martes, por una manifestaci\u00f3n del sector p\u00fablico que se prev\u00e9 que afecte tambi\u00e9n a la actividad normal de los aeropuertos de Bruselas-Zaventem y Charleroi. La Polic\u00eda de la capital belga ha pedido que se evite\" \/>\n\t\t<meta name=\"twitter:image\" content=\"https:\/\/eldigitaldeasturias.com\/magazine365\/wp-content\/uploads\/2015\/06\/aeropu.jpg\" \/>\n\t\t<script type=\"application\/ld+json\" class=\"aioseo-schema\">\n\t\t\t{\"@context\":\"https:\\\/\\\/schema.org\",\"@graph\":[{\"@type\":\"Article\",\"@id\":\"https:\\\/\\\/eldigitaldeasturias.com\\\/magazine365\\\/bruselas-se-prepara-para-una-jornada-de-paros-en-transporte-y-aeropuertos\\\/#article\",\"name\":\"Bruselas se prepara para una jornada de paros en transporte y aeropuertos | El Digital de Asturias\",\"headline\":\"Bruselas se prepara para una jornada de paros en transporte y aeropuertos\",\"author\":{\"@id\":\"https:\\\/\\\/eldigitaldeasturias.com\\\/magazine365\\\/author\\\/admin\\\/#author\"},\"publisher\":{\"@id\":\"https:\\\/\\\/eldigitaldeasturias.com\\\/magazine365\\\/#organization\"},\"image\":{\"@type\":\"ImageObject\",\"url\":\"https:\\\/\\\/eldigitaldeasturias.com\\\/magazine365\\\/wp-content\\\/uploads\\\/2015\\\/06\\\/aeropu.jpg\",\"width\":800,\"height\":533},\"datePublished\":\"2016-05-24T11:29:30+02:00\",\"dateModified\":\"2016-05-24T11:29:30+02:00\",\"inLanguage\":\"es-ES\",\"mainEntityOfPage\":{\"@id\":\"https:\\\/\\\/eldigitaldeasturias.com\\\/magazine365\\\/bruselas-se-prepara-para-una-jornada-de-paros-en-transporte-y-aeropuertos\\\/#webpage\"},\"isPartOf\":{\"@id\":\"https:\\\/\\\/eldigitaldeasturias.com\\\/magazine365\\\/bruselas-se-prepara-para-una-jornada-de-paros-en-transporte-y-aeropuertos\\\/#webpage\"},\"articleSection\":\"Noticias y Actualidad\"},{\"@type\":\"BreadcrumbList\",\"@id\":\"https:\\\/\\\/eldigitaldeasturias.com\\\/magazine365\\\/bruselas-se-prepara-para-una-jornada-de-paros-en-transporte-y-aeropuertos\\\/#breadcrumblist\",\"itemListElement\":[{\"@type\":\"ListItem\",\"@id\":\"https:\\\/\\\/eldigitaldeasturias.com\\\/magazine365#listItem\",\"position\":1,\"name\":\"Home\",\"item\":\"https:\\\/\\\/eldigitaldeasturias.com\\\/magazine365\",\"nextItem\":{\"@type\":\"ListItem\",\"@id\":\"https:\\\/\\\/eldigitaldeasturias.com\\\/magazine365\\\/category\\\/noticias-actualidad\\\/#listItem\",\"name\":\"Noticias y Actualidad\"}},{\"@type\":\"ListItem\",\"@id\":\"https:\\\/\\\/eldigitaldeasturias.com\\\/magazine365\\\/category\\\/noticias-actualidad\\\/#listItem\",\"position\":2,\"name\":\"Noticias y Actualidad\",\"item\":\"https:\\\/\\\/eldigitaldeasturias.com\\\/magazine365\\\/category\\\/noticias-actualidad\\\/\",\"nextItem\":{\"@type\":\"ListItem\",\"@id\":\"https:\\\/\\\/eldigitaldeasturias.com\\\/magazine365\\\/bruselas-se-prepara-para-una-jornada-de-paros-en-transporte-y-aeropuertos\\\/#listItem\",\"name\":\"Bruselas se prepara para una jornada de paros en transporte y aeropuertos\"},\"previousItem\":{\"@type\":\"ListItem\",\"@id\":\"https:\\\/\\\/eldigitaldeasturias.com\\\/magazine365#listItem\",\"name\":\"Home\"}},{\"@type\":\"ListItem\",\"@id\":\"https:\\\/\\\/eldigitaldeasturias.com\\\/magazine365\\\/bruselas-se-prepara-para-una-jornada-de-paros-en-transporte-y-aeropuertos\\\/#listItem\",\"position\":3,\"name\":\"Bruselas se prepara para una jornada de paros en transporte y aeropuertos\",\"previousItem\":{\"@type\":\"ListItem\",\"@id\":\"https:\\\/\\\/eldigitaldeasturias.com\\\/magazine365\\\/category\\\/noticias-actualidad\\\/#listItem\",\"name\":\"Noticias y Actualidad\"}}]},{\"@type\":\"Organization\",\"@id\":\"https:\\\/\\\/eldigitaldeasturias.com\\\/magazine365\\\/#organization\",\"name\":\"El digital de Asturias\",\"description\":\"Revista de ocio, turismo y estilo de vida\",\"url\":\"https:\\\/\\\/eldigitaldeasturias.com\\\/magazine365\\\/\",\"logo\":{\"@type\":\"ImageObject\",\"url\":\"https:\\\/\\\/www.eldigitaldeasturias.com\\\/noticias\\\/wp-content\\\/uploads\\\/2020\\\/12\\\/EDA.jpg\",\"@id\":\"https:\\\/\\\/eldigitaldeasturias.com\\\/magazine365\\\/bruselas-se-prepara-para-una-jornada-de-paros-en-transporte-y-aeropuertos\\\/#organizationLogo\"},\"image\":{\"@id\":\"https:\\\/\\\/eldigitaldeasturias.com\\\/magazine365\\\/bruselas-se-prepara-para-una-jornada-de-paros-en-transporte-y-aeropuertos\\\/#organizationLogo\"}},{\"@type\":\"Person\",\"@id\":\"https:\\\/\\\/eldigitaldeasturias.com\\\/magazine365\\\/author\\\/admin\\\/#author\",\"url\":\"https:\\\/\\\/eldigitaldeasturias.com\\\/magazine365\\\/author\\\/admin\\\/\",\"name\":\"admin\",\"image\":{\"@type\":\"ImageObject\",\"@id\":\"https:\\\/\\\/eldigitaldeasturias.com\\\/magazine365\\\/bruselas-se-prepara-para-una-jornada-de-paros-en-transporte-y-aeropuertos\\\/#authorImage\",\"url\":\"https:\\\/\\\/eldigitaldeasturias.com\\\/magazine365\\\/wp-content\\\/litespeed\\\/avatar\\\/e571bcf59a0edd6fa6838245a470f2fe.jpg?ver=1777574230\",\"width\":96,\"height\":96,\"caption\":\"admin\"}},{\"@type\":\"WebPage\",\"@id\":\"https:\\\/\\\/eldigitaldeasturias.com\\\/magazine365\\\/bruselas-se-prepara-para-una-jornada-de-paros-en-transporte-y-aeropuertos\\\/#webpage\",\"url\":\"https:\\\/\\\/eldigitaldeasturias.com\\\/magazine365\\\/bruselas-se-prepara-para-una-jornada-de-paros-en-transporte-y-aeropuertos\\\/\",\"name\":\"Bruselas se prepara para una jornada de paros en transporte y aeropuertos | El Digital de Asturias\",\"description\":\"Bruselas se prepara para una jornada de paros en los servicios de transporte p\\u00fablico como metro, autobuses y tranv\\u00eda este martes, por una manifestaci\\u00f3n del sector p\\u00fablico que se prev\\u00e9 que afecte tambi\\u00e9n a la actividad normal de los aeropuertos de Bruselas-Zaventem y Charleroi. La Polic\\u00eda de la capital belga ha pedido que se evite\",\"inLanguage\":\"es-ES\",\"isPartOf\":{\"@id\":\"https:\\\/\\\/eldigitaldeasturias.com\\\/magazine365\\\/#website\"},\"breadcrumb\":{\"@id\":\"https:\\\/\\\/eldigitaldeasturias.com\\\/magazine365\\\/bruselas-se-prepara-para-una-jornada-de-paros-en-transporte-y-aeropuertos\\\/#breadcrumblist\"},\"author\":{\"@id\":\"https:\\\/\\\/eldigitaldeasturias.com\\\/magazine365\\\/author\\\/admin\\\/#author\"},\"creator\":{\"@id\":\"https:\\\/\\\/eldigitaldeasturias.com\\\/magazine365\\\/author\\\/admin\\\/#author\"},\"image\":{\"@type\":\"ImageObject\",\"url\":\"https:\\\/\\\/eldigitaldeasturias.com\\\/magazine365\\\/wp-content\\\/uploads\\\/2015\\\/06\\\/aeropu.jpg\",\"@id\":\"https:\\\/\\\/eldigitaldeasturias.com\\\/magazine365\\\/bruselas-se-prepara-para-una-jornada-de-paros-en-transporte-y-aeropuertos\\\/#mainImage\",\"width\":800,\"height\":533},\"primaryImageOfPage\":{\"@id\":\"https:\\\/\\\/eldigitaldeasturias.com\\\/magazine365\\\/bruselas-se-prepara-para-una-jornada-de-paros-en-transporte-y-aeropuertos\\\/#mainImage\"},\"datePublished\":\"2016-05-24T11:29:30+02:00\",\"dateModified\":\"2016-05-24T11:29:30+02:00\"},{\"@type\":\"WebSite\",\"@id\":\"https:\\\/\\\/eldigitaldeasturias.com\\\/magazine365\\\/#website\",\"url\":\"https:\\\/\\\/eldigitaldeasturias.com\\\/magazine365\\\/\",\"name\":\"El Digital de Asturias\",\"description\":\"Revista de ocio, turismo y estilo de vida\",\"inLanguage\":\"es-ES\",\"publisher\":{\"@id\":\"https:\\\/\\\/eldigitaldeasturias.com\\\/magazine365\\\/#organization\"}}]}\n\t\t<\/script>\n\t\t<!-- All in One SEO Pro -->\r\n\t\t<title>Bruselas se prepara para una jornada de paros en transporte y aeropuertos | El Digital de Asturias<\/title>\n\n","aioseo_head_json":{"title":"Bruselas se prepara para una jornada de paros en transporte y aeropuertos | El Digital de Asturias","description":"Bruselas se prepara para una jornada de paros en los servicios de transporte p\u00fablico como metro, autobuses y tranv\u00eda este martes, por una manifestaci\u00f3n del sector p\u00fablico que se prev\u00e9 que afecte tambi\u00e9n a la actividad normal de los aeropuertos de Bruselas-Zaventem y Charleroi. La Polic\u00eda de la capital belga ha pedido que se evite","canonical_url":"https:\/\/eldigitaldeasturias.com\/magazine365\/bruselas-se-prepara-para-una-jornada-de-paros-en-transporte-y-aeropuertos\/","robots":"max-image-preview:large","keywords":"noticias y actualidad","webmasterTools":{"google-site-verification":"UA-38556648-1","miscellaneous":""},"schema":{"@context":"https:\/\/schema.org","@graph":[{"@type":"Article","@id":"https:\/\/eldigitaldeasturias.com\/magazine365\/bruselas-se-prepara-para-una-jornada-de-paros-en-transporte-y-aeropuertos\/#article","name":"Bruselas se prepara para una jornada de paros en transporte y aeropuertos | El Digital de Asturias","headline":"Bruselas se prepara para una jornada de paros en transporte y aeropuertos","author":{"@id":"https:\/\/eldigitaldeasturias.com\/magazine365\/author\/admin\/#author"},"publisher":{"@id":"https:\/\/eldigitaldeasturias.com\/magazine365\/#organization"},"image":{"@type":"ImageObject","url":"https:\/\/eldigitaldeasturias.com\/magazine365\/wp-content\/uploads\/2015\/06\/aeropu.jpg","width":800,"height":533},"datePublished":"2016-05-24T11:29:30+02:00","dateModified":"2016-05-24T11:29:30+02:00","inLanguage":"es-ES","mainEntityOfPage":{"@id":"https:\/\/eldigitaldeasturias.com\/magazine365\/bruselas-se-prepara-para-una-jornada-de-paros-en-transporte-y-aeropuertos\/#webpage"},"isPartOf":{"@id":"https:\/\/eldigitaldeasturias.com\/magazine365\/bruselas-se-prepara-para-una-jornada-de-paros-en-transporte-y-aeropuertos\/#webpage"},"articleSection":"Noticias y Actualidad"},{"@type":"BreadcrumbList","@id":"https:\/\/eldigitaldeasturias.com\/magazine365\/bruselas-se-prepara-para-una-jornada-de-paros-en-transporte-y-aeropuertos\/#breadcrumblist","itemListElement":[{"@type":"ListItem","@id":"https:\/\/eldigitaldeasturias.com\/magazine365#listItem","position":1,"name":"Home","item":"https:\/\/eldigitaldeasturias.com\/magazine365","nextItem":{"@type":"ListItem","@id":"https:\/\/eldigitaldeasturias.com\/magazine365\/category\/noticias-actualidad\/#listItem","name":"Noticias y Actualidad"}},{"@type":"ListItem","@id":"https:\/\/eldigitaldeasturias.com\/magazine365\/category\/noticias-actualidad\/#listItem","position":2,"name":"Noticias y Actualidad","item":"https:\/\/eldigitaldeasturias.com\/magazine365\/category\/noticias-actualidad\/","nextItem":{"@type":"ListItem","@id":"https:\/\/eldigitaldeasturias.com\/magazine365\/bruselas-se-prepara-para-una-jornada-de-paros-en-transporte-y-aeropuertos\/#listItem","name":"Bruselas se prepara para una jornada de paros en transporte y aeropuertos"},"previousItem":{"@type":"ListItem","@id":"https:\/\/eldigitaldeasturias.com\/magazine365#listItem","name":"Home"}},{"@type":"ListItem","@id":"https:\/\/eldigitaldeasturias.com\/magazine365\/bruselas-se-prepara-para-una-jornada-de-paros-en-transporte-y-aeropuertos\/#listItem","position":3,"name":"Bruselas se prepara para una jornada de paros en transporte y aeropuertos","previousItem":{"@type":"ListItem","@id":"https:\/\/eldigitaldeasturias.com\/magazine365\/category\/noticias-actualidad\/#listItem","name":"Noticias y Actualidad"}}]},{"@type":"Organization","@id":"https:\/\/eldigitaldeasturias.com\/magazine365\/#organization","name":"El digital de Asturias","description":"Revista de ocio, turismo y estilo de vida","url":"https:\/\/eldigitaldeasturias.com\/magazine365\/","logo":{"@type":"ImageObject","url":"https:\/\/www.eldigitaldeasturias.com\/noticias\/wp-content\/uploads\/2020\/12\/EDA.jpg","@id":"https:\/\/eldigitaldeasturias.com\/magazine365\/bruselas-se-prepara-para-una-jornada-de-paros-en-transporte-y-aeropuertos\/#organizationLogo"},"image":{"@id":"https:\/\/eldigitaldeasturias.com\/magazine365\/bruselas-se-prepara-para-una-jornada-de-paros-en-transporte-y-aeropuertos\/#organizationLogo"}},{"@type":"Person","@id":"https:\/\/eldigitaldeasturias.com\/magazine365\/author\/admin\/#author","url":"https:\/\/eldigitaldeasturias.com\/magazine365\/author\/admin\/","name":"admin","image":{"@type":"ImageObject","@id":"https:\/\/eldigitaldeasturias.com\/magazine365\/bruselas-se-prepara-para-una-jornada-de-paros-en-transporte-y-aeropuertos\/#authorImage","url":"https:\/\/eldigitaldeasturias.com\/magazine365\/wp-content\/litespeed\/avatar\/e571bcf59a0edd6fa6838245a470f2fe.jpg?ver=1777574230","width":96,"height":96,"caption":"admin"}},{"@type":"WebPage","@id":"https:\/\/eldigitaldeasturias.com\/magazine365\/bruselas-se-prepara-para-una-jornada-de-paros-en-transporte-y-aeropuertos\/#webpage","url":"https:\/\/eldigitaldeasturias.com\/magazine365\/bruselas-se-prepara-para-una-jornada-de-paros-en-transporte-y-aeropuertos\/","name":"Bruselas se prepara para una jornada de paros en transporte y aeropuertos | El Digital de Asturias","description":"Bruselas se prepara para una jornada de paros en los servicios de transporte p\u00fablico como metro, autobuses y tranv\u00eda este martes, por una manifestaci\u00f3n del sector p\u00fablico que se prev\u00e9 que afecte tambi\u00e9n a la actividad normal de los aeropuertos de Bruselas-Zaventem y Charleroi. La Polic\u00eda de la capital belga ha pedido que se evite","inLanguage":"es-ES","isPartOf":{"@id":"https:\/\/eldigitaldeasturias.com\/magazine365\/#website"},"breadcrumb":{"@id":"https:\/\/eldigitaldeasturias.com\/magazine365\/bruselas-se-prepara-para-una-jornada-de-paros-en-transporte-y-aeropuertos\/#breadcrumblist"},"author":{"@id":"https:\/\/eldigitaldeasturias.com\/magazine365\/author\/admin\/#author"},"creator":{"@id":"https:\/\/eldigitaldeasturias.com\/magazine365\/author\/admin\/#author"},"image":{"@type":"ImageObject","url":"https:\/\/eldigitaldeasturias.com\/magazine365\/wp-content\/uploads\/2015\/06\/aeropu.jpg","@id":"https:\/\/eldigitaldeasturias.com\/magazine365\/bruselas-se-prepara-para-una-jornada-de-paros-en-transporte-y-aeropuertos\/#mainImage","width":800,"height":533},"primaryImageOfPage":{"@id":"https:\/\/eldigitaldeasturias.com\/magazine365\/bruselas-se-prepara-para-una-jornada-de-paros-en-transporte-y-aeropuertos\/#mainImage"},"datePublished":"2016-05-24T11:29:30+02:00","dateModified":"2016-05-24T11:29:30+02:00"},{"@type":"WebSite","@id":"https:\/\/eldigitaldeasturias.com\/magazine365\/#website","url":"https:\/\/eldigitaldeasturias.com\/magazine365\/","name":"El Digital de Asturias","description":"Revista de ocio, turismo y estilo de vida","inLanguage":"es-ES","publisher":{"@id":"https:\/\/eldigitaldeasturias.com\/magazine365\/#organization"}}]},"og:locale":"es_ES","og:site_name":"El Digital de Asturias \u2013 Revista de ocio, turismo y estilo de vida","og:type":"article","og:title":"Bruselas se prepara para una jornada de paros en transporte y aeropuertos | El Digital de Asturias","og:description":"Bruselas se prepara para una jornada de paros en los servicios de transporte p\u00fablico como metro, autobuses y tranv\u00eda este martes, por una manifestaci\u00f3n del sector p\u00fablico que se prev\u00e9 que afecte tambi\u00e9n a la actividad normal de los aeropuertos de Bruselas-Zaventem y Charleroi. La Polic\u00eda de la capital belga ha pedido que se evite","og:url":"https:\/\/eldigitaldeasturias.com\/magazine365\/bruselas-se-prepara-para-una-jornada-de-paros-en-transporte-y-aeropuertos\/","og:image":"https:\/\/eldigitaldeasturias.com\/magazine365\/wp-content\/uploads\/2015\/06\/aeropu.jpg","og:image:secure_url":"https:\/\/eldigitaldeasturias.com\/magazine365\/wp-content\/uploads\/2015\/06\/aeropu.jpg","og:image:width":800,"og:image:height":533,"article:published_time":"2016-05-24T09:29:30+00:00","article:modified_time":"2016-05-24T09:29:30+00:00","twitter:card":"summary_large_image","twitter:title":"Bruselas se prepara para una jornada de paros en transporte y aeropuertos | El Digital de Asturias","twitter:description":"Bruselas se prepara para una jornada de paros en los servicios de transporte p\u00fablico como metro, autobuses y tranv\u00eda este martes, por una manifestaci\u00f3n del sector p\u00fablico que se prev\u00e9 que afecte tambi\u00e9n a la actividad normal de los aeropuertos de Bruselas-Zaventem y Charleroi. La Polic\u00eda de la capital belga ha pedido que se evite","twitter:image":"https:\/\/eldigitaldeasturias.com\/magazine365\/wp-content\/uploads\/2015\/06\/aeropu.jpg"},"aioseo_meta_data":{"post_id":"76817","title":null,"description":null,"keywords":null,"keyphrases":null,"primary_term":null,"canonical_url":null,"og_title":null,"og_description":null,"og_object_type":"default","og_image_type":"default","og_image_url":null,"og_image_width":null,"og_image_height":null,"og_image_custom_url":null,"og_image_custom_fields":null,"og_video":null,"og_custom_url":null,"og_article_section":null,"og_article_tags":null,"twitter_use_og":false,"twitter_card":"default","twitter_image_type":"default","twitter_image_url":null,"twitter_image_custom_url":null,"twitter_image_custom_fields":null,"twitter_title":null,"twitter_description":null,"schema":{"blockGraphs":[],"customGraphs":[],"default":{"data":{"Article":[],"Course":[],"Dataset":[],"FAQPage":[],"Movie":[],"Person":[],"Product":[],"ProductReview":[],"Car":[],"Recipe":[],"Service":[],"SoftwareApplication":[],"WebPage":[]},"graphName":"","isEnabled":true},"graphs":[],"defaultGraph":"","defaultPostTypeGraph":""},"schema_type":null,"schema_type_options":null,"pillar_content":false,"robots_default":true,"robots_noindex":false,"robots_noarchive":false,"robots_nosnippet":false,"robots_nofollow":false,"robots_noimageindex":false,"robots_noodp":false,"robots_notranslate":false,"robots_max_snippet":null,"robots_max_videopreview":null,"robots_max_imagepreview":"large","priority":null,"frequency":null,"location":null,"local_seo":null,"seo_analyzer_scan_date":"2025-09-27 13:27:43","breadcrumb_settings":null,"limit_modified_date":false,"open_ai":null,"ai":null,"created":"2021-03-08 18:23:42","updated":"2025-09-27 13:27:43"},"aioseo_breadcrumb":"<div class=\"aioseo-breadcrumbs\"><span class=\"aioseo-breadcrumb\">\n\t<a href=\"https:\/\/eldigitaldeasturias.com\/magazine365\" title=\"Home\">Home<\/a>\n<\/span><span class=\"aioseo-breadcrumb-separator\">\u2013<\/span><span class=\"aioseo-breadcrumb\">\n\t<a href=\"https:\/\/eldigitaldeasturias.com\/magazine365\/category\/noticias-actualidad\/\" title=\"Noticias y Actualidad\">Noticias y Actualidad<\/a>\n<\/span><span class=\"aioseo-breadcrumb-separator\">\u2013<\/span><span class=\"aioseo-breadcrumb\">\n\t<a href=\"https:\/\/eldigitaldeasturias.com\/magazine365\/bruselas-se-prepara-para-una-jornada-de-paros-en-transporte-y-aeropuertos\/\" title=\"Bruselas se prepara para una jornada de paros en transporte y aeropuertos\">Bruselas se prepara para una jornada de paros en transporte y aeropuertos<\/a>\n<\/span><\/div>","aioseo_breadcrumb_json":[{"label":"Home","link":"https:\/\/eldigitaldeasturias.com\/magazine365"},{"label":"Noticias y Actualidad","link":"https:\/\/eldigitaldeasturias.com\/magazine365\/category\/noticias-actualidad\/"},{"label":"Bruselas se prepara para una jornada de paros en transporte y aeropuertos","link":"https:\/\/eldigitaldeasturias.com\/magazine365\/bruselas-se-prepara-para-una-jornada-de-paros-en-transporte-y-aeropuertos\/"}],"_links":{"self":[{"href":"https:\/\/eldigitaldeasturias.com\/magazine365\/wp-json\/wp\/v2\/posts\/76817","targetHints":{"allow":["GET"]}}],"collection":[{"href":"https:\/\/eldigitaldeasturias.com\/magazine365\/wp-json\/wp\/v2\/posts"}],"about":[{"href":"https:\/\/eldigitaldeasturias.com\/magazine365\/wp-json\/wp\/v2\/types\/post"}],"author":[{"embeddable":true,"href":"https:\/\/eldigitaldeasturias.com\/magazine365\/wp-json\/wp\/v2\/users\/1"}],"replies":[{"embeddable":true,"href":"https:\/\/eldigitaldeasturias.com\/magazine365\/wp-json\/wp\/v2\/comments?post=76817"}],"version-history":[{"count":0,"href":"https:\/\/eldigitaldeasturias.com\/magazine365\/wp-json\/wp\/v2\/posts\/76817\/revisions"}],"wp:featuredmedia":[{"embeddable":true,"href":"https:\/\/eldigitaldeasturias.com\/magazine365\/wp-json\/wp\/v2\/media\/39724"}],"wp:attachment":[{"href":"https:\/\/eldigitaldeasturias.com\/magazine365\/wp-json\/wp\/v2\/media?parent=76817"}],"wp:term":[{"taxonomy":"category","embeddable":true,"href":"https:\/\/eldigitaldeasturias.com\/magazine365\/wp-json\/wp\/v2\/categories?post=76817"},{"taxonomy":"post_tag","embeddable":true,"href":"https:\/\/eldigitaldeasturias.com\/magazine365\/wp-json\/wp\/v2\/tags?post=76817"}],"curies":[{"name":"wp","href":"https:\/\/api.w.org\/{rel}","templated":true}]}}