{"id":76766,"date":"2016-05-24T07:50:51","date_gmt":"2016-05-24T05:50:51","guid":{"rendered":"http:\/\/eldigitaldeasturias.com\/magazine365\/?p=76766"},"modified":"2016-05-24T07:50:51","modified_gmt":"2016-05-24T05:50:51","slug":"air-europa-alerta-de-las-consecuencias-negativas-de-la-reduccion-de-una-pista-en-barajas","status":"publish","type":"post","link":"https:\/\/eldigitaldeasturias.com\/magazine365\/air-europa-alerta-de-las-consecuencias-negativas-de-la-reduccion-de-una-pista-en-barajas\/","title":{"rendered":"Air Europa alerta de las \u00abconsecuencias negativas\u00bb de la reducci\u00f3n de una pista en Barajas"},"content":{"rendered":"<p><img fetchpriority=\"high\" decoding=\"async\" class=\"alignleft size-medium wp-image-76767\" src=\"https:\/\/eldigitaldeasturias.com\/magazine365\/wp-content\/uploads\/2016\/05\/fotonoticia_20160523130048_800-360x240.jpg\" alt=\"fotonoticia_20160523130048_800\" width=\"360\" height=\"240\" srcset=\"https:\/\/eldigitaldeasturias.com\/magazine365\/wp-content\/uploads\/2016\/05\/fotonoticia_20160523130048_800-360x240.jpg 360w, https:\/\/eldigitaldeasturias.com\/magazine365\/wp-content\/uploads\/2016\/05\/fotonoticia_20160523130048_800-650x433.jpg 650w, https:\/\/eldigitaldeasturias.com\/magazine365\/wp-content\/uploads\/2016\/05\/fotonoticia_20160523130048_800-768x512.jpg 768w, https:\/\/eldigitaldeasturias.com\/magazine365\/wp-content\/uploads\/2016\/05\/fotonoticia_20160523130048_800-150x100.jpg 150w, https:\/\/eldigitaldeasturias.com\/magazine365\/wp-content\/uploads\/2016\/05\/fotonoticia_20160523130048_800-450x300.jpg 450w, https:\/\/eldigitaldeasturias.com\/magazine365\/wp-content\/uploads\/2016\/05\/fotonoticia_20160523130048_800-101x66.jpg 101w, https:\/\/eldigitaldeasturias.com\/magazine365\/wp-content\/uploads\/2016\/05\/fotonoticia_20160523130048_800.jpg 800w\" sizes=\"(max-width: 360px) 100vw, 360px\" \/>El presidente de Air Europa, Juan Jos\u00e9 Hidalgo, ha alertado de las \u00abconsecuencias negativas\u00bb que conllevar\u00eda para empresas y compa\u00f1\u00edas a\u00e9reas la reducci\u00f3n total o parcial de una pista en el aeropuerto Adolfo Su\u00e1rez Madrid-Barajas.<\/p>\n<p>Hidalgo asegur\u00f3 en el programa especial &#8216;Herrera en COPE&#8217; que se ha emitido este lunes desde la T3 del aeropuerto Adolfo Su\u00e1rez-Madrid Barajas que ser\u00eda \u00abuna monstruosidad y un disparate econ\u00f3mico para todos\u00bb.<\/p>\n<p>El Tribunal Supremo est\u00e1 a punto de emitir una sentencia que terminar\u00e1 con doce a\u00f1os de pleitos entre los vecinos de la urbanizaci\u00f3n de Santo Domingo y Aena, que podr\u00eda conllevar la reducci\u00f3n de la capacidad operativa de la pista 18-R-36L del aeropuerto madrile\u00f1o.<\/p>\n<p>Probablemente antes de que llegue el verano el Alto Tribunal emitir\u00e1 la que ser\u00e1 la tercera resoluci\u00f3n instando a cumplir la sentencia en la que pide el cese de la \u00ablesi\u00f3n\u00bb que afecta a los residentes &#8211;m\u00e1s de 5.000 personas&#8211; por los ruidos del tr\u00e1fico a\u00e9reo del aeropuerto madrile\u00f1o.<\/p>\n<p>\u00abSe reducir\u00eda la actividad como m\u00ednimo un 30%, se congestionar\u00edan mucho las operaciones, tendr\u00edamos un caos operativo muy grande\u00bb, alert\u00f3 Hidalgo, con la p\u00e9rdida de muchos &#8216;slots&#8217;.<\/p>\n<p>En su opini\u00f3n, el aeropuerto est\u00e1 en la zona mucho antes que los vecinos y \u00e9stos deb\u00edan saber que \u00absi el precio de los pisos es un 50% m\u00e1s barato que en otras zonas ser\u00eda por algo. Estas consecuencias se sab\u00edan de antemano\u00bb. El aeropuerto de Madrid se abri\u00f3 al tr\u00e1fico a\u00e9reo nacional e internacional el 22 de abril de 1931.<\/p>\n<p>\u00abLos aeropuertos tiene que estar pegados a las grandes ciudades. Madrid tiene que crecer y su econom\u00eda tambi\u00e9n. Las consecuencias reales de la reducci\u00f3n es que nos podemos cargar una de las principales industrias de Madrid y a muchos empleados y empresas. Ser\u00eda un disparate econ\u00f3mico para todos\u00bb, lament\u00f3 Hidalgo.<\/p>\n<p>CRECIMIENTO DE AIR EUROPA.<\/p>\n<p>El presidente de Globalia tambi\u00e9n record\u00f3 el importante crecimiento registrado por la compa\u00f1\u00eda en los \u00faltimos a\u00f1os en una tendencia hist\u00f3rica que se ha ido manteniendo desde sus inicios.<\/p>\n<p>Destac\u00f3 las ventajas de los nuevos modelos Boeing 787-800 m\u00e1s r\u00e1pidos y m\u00e1s eficientes con los que la compa\u00f1\u00eda prev\u00e9 renovar su flota en los pr\u00f3ximos a\u00f1os. \u00abCuando se incorporen los 22 aviones que tenemos previstos hasta el a\u00f1o 2022 la compa\u00f1\u00eda ser\u00e1 distinta y habr\u00e1 un crecimiento que supondr\u00e1 unas ventajas enormes\u00bb, asegur\u00f3 Hidalgo a\u00f1adiendo que \u00abel que viaje una vez en este avi\u00f3n, no querr\u00e1 volar en otro\u00bb.<\/p>\n","protected":false},"excerpt":{"rendered":"<p>El presidente de Air Europa, Juan Jos\u00e9 Hidalgo, ha alertado de las \u00abconsecuencias negativas\u00bb que conllevar\u00eda para empresas y compa\u00f1\u00edas a\u00e9reas la reducci\u00f3n total o parcial de una pista en el aeropuerto Adolfo Su\u00e1rez Madrid-Barajas. Hidalgo asegur\u00f3 en el programa especial &#8216;Herrera en COPE&#8217; que se ha emitido este lunes desde la T3 del aeropuerto<\/p>\n","protected":false},"author":1,"featured_media":76767,"comment_status":"open","ping_status":"closed","sticky":false,"template":"","format":"standard","meta":{"footnotes":""},"categories":[224],"tags":[],"class_list":{"0":"post-76766","1":"post","2":"type-post","3":"status-publish","4":"format-standard","5":"has-post-thumbnail","7":"category-noticias-actualidad"},"aioseo_notices":[],"aioseo_head":"\n\t\t<!-- All in One SEO Pro 4.9.6.1 - aioseo.com -->\n\t<meta name=\"description\" content=\"El presidente de Air Europa, Juan Jos\u00e9 Hidalgo, ha alertado de las &quot;consecuencias negativas&quot; que conllevar\u00eda para empresas y compa\u00f1\u00edas a\u00e9reas la reducci\u00f3n total o parcial de una pista en el aeropuerto Adolfo Su\u00e1rez Madrid-Barajas. Hidalgo asegur\u00f3 en el programa especial &#039;Herrera en COPE&#039; que se ha emitido este lunes desde la T3 del aeropuerto\" \/>\n\t<meta name=\"robots\" content=\"max-image-preview:large\" \/>\n\t<meta name=\"author\" content=\"admin\"\/>\n\t<meta name=\"google-site-verification\" content=\"UA-38556648-1\" \/>\n\t<meta name=\"keywords\" content=\"noticias y actualidad\" \/>\n\t<link rel=\"canonical\" href=\"https:\/\/eldigitaldeasturias.com\/magazine365\/air-europa-alerta-de-las-consecuencias-negativas-de-la-reduccion-de-una-pista-en-barajas\/\" \/>\n\t<meta name=\"generator\" content=\"All in One SEO Pro (AIOSEO) 4.9.6.1\" \/>\n\t\t<meta property=\"og:locale\" content=\"es_ES\" \/>\n\t\t<meta property=\"og:site_name\" content=\"El Digital de Asturias \u2013 Revista de ocio, turismo y estilo de vida\" \/>\n\t\t<meta property=\"og:type\" content=\"article\" \/>\n\t\t<meta property=\"og:title\" content=\"Air Europa alerta de las \u00abconsecuencias negativas\u00bb de la reducci\u00f3n de una pista en Barajas | El Digital de Asturias\" \/>\n\t\t<meta property=\"og:description\" content=\"El presidente de Air Europa, Juan Jos\u00e9 Hidalgo, ha alertado de las &quot;consecuencias negativas&quot; que conllevar\u00eda para empresas y compa\u00f1\u00edas a\u00e9reas la reducci\u00f3n total o parcial de una pista en el aeropuerto Adolfo Su\u00e1rez Madrid-Barajas. Hidalgo asegur\u00f3 en el programa especial &#039;Herrera en COPE&#039; que se ha emitido este lunes desde la T3 del aeropuerto\" \/>\n\t\t<meta property=\"og:url\" content=\"https:\/\/eldigitaldeasturias.com\/magazine365\/air-europa-alerta-de-las-consecuencias-negativas-de-la-reduccion-de-una-pista-en-barajas\/\" \/>\n\t\t<meta property=\"og:image\" content=\"https:\/\/eldigitaldeasturias.com\/magazine365\/wp-content\/uploads\/2016\/05\/fotonoticia_20160523130048_800.jpg\" \/>\n\t\t<meta property=\"og:image:secure_url\" content=\"https:\/\/eldigitaldeasturias.com\/magazine365\/wp-content\/uploads\/2016\/05\/fotonoticia_20160523130048_800.jpg\" \/>\n\t\t<meta property=\"og:image:width\" content=\"800\" \/>\n\t\t<meta property=\"og:image:height\" content=\"533\" \/>\n\t\t<meta property=\"article:published_time\" content=\"2016-05-24T05:50:51+00:00\" \/>\n\t\t<meta property=\"article:modified_time\" content=\"2016-05-24T05:50:51+00:00\" \/>\n\t\t<meta name=\"twitter:card\" content=\"summary_large_image\" \/>\n\t\t<meta name=\"twitter:title\" content=\"Air Europa alerta de las \u00abconsecuencias negativas\u00bb de la reducci\u00f3n de una pista en Barajas | El Digital de Asturias\" \/>\n\t\t<meta name=\"twitter:description\" content=\"El presidente de Air Europa, Juan Jos\u00e9 Hidalgo, ha alertado de las &quot;consecuencias negativas&quot; que conllevar\u00eda para empresas y compa\u00f1\u00edas a\u00e9reas la reducci\u00f3n total o parcial de una pista en el aeropuerto Adolfo Su\u00e1rez Madrid-Barajas. Hidalgo asegur\u00f3 en el programa especial &#039;Herrera en COPE&#039; que se ha emitido este lunes desde la T3 del aeropuerto\" \/>\n\t\t<meta name=\"twitter:image\" content=\"https:\/\/eldigitaldeasturias.com\/magazine365\/wp-content\/uploads\/2016\/05\/fotonoticia_20160523130048_800.jpg\" \/>\n\t\t<script type=\"application\/ld+json\" class=\"aioseo-schema\">\n\t\t\t{\"@context\":\"https:\\\/\\\/schema.org\",\"@graph\":[{\"@type\":\"Article\",\"@id\":\"https:\\\/\\\/eldigitaldeasturias.com\\\/magazine365\\\/air-europa-alerta-de-las-consecuencias-negativas-de-la-reduccion-de-una-pista-en-barajas\\\/#article\",\"name\":\"Air Europa alerta de las \\u00abconsecuencias negativas\\u00bb de la reducci\\u00f3n de una pista en Barajas | El Digital de Asturias\",\"headline\":\"Air Europa alerta de las \\u00abconsecuencias negativas\\u00bb de la reducci\\u00f3n de una pista en Barajas\",\"author\":{\"@id\":\"https:\\\/\\\/eldigitaldeasturias.com\\\/magazine365\\\/author\\\/admin\\\/#author\"},\"publisher\":{\"@id\":\"https:\\\/\\\/eldigitaldeasturias.com\\\/magazine365\\\/#organization\"},\"image\":{\"@type\":\"ImageObject\",\"url\":\"https:\\\/\\\/eldigitaldeasturias.com\\\/magazine365\\\/wp-content\\\/uploads\\\/2016\\\/05\\\/fotonoticia_20160523130048_800.jpg\",\"width\":800,\"height\":533},\"datePublished\":\"2016-05-24T07:50:51+02:00\",\"dateModified\":\"2016-05-24T07:50:51+02:00\",\"inLanguage\":\"es-ES\",\"mainEntityOfPage\":{\"@id\":\"https:\\\/\\\/eldigitaldeasturias.com\\\/magazine365\\\/air-europa-alerta-de-las-consecuencias-negativas-de-la-reduccion-de-una-pista-en-barajas\\\/#webpage\"},\"isPartOf\":{\"@id\":\"https:\\\/\\\/eldigitaldeasturias.com\\\/magazine365\\\/air-europa-alerta-de-las-consecuencias-negativas-de-la-reduccion-de-una-pista-en-barajas\\\/#webpage\"},\"articleSection\":\"Noticias y Actualidad\"},{\"@type\":\"BreadcrumbList\",\"@id\":\"https:\\\/\\\/eldigitaldeasturias.com\\\/magazine365\\\/air-europa-alerta-de-las-consecuencias-negativas-de-la-reduccion-de-una-pista-en-barajas\\\/#breadcrumblist\",\"itemListElement\":[{\"@type\":\"ListItem\",\"@id\":\"https:\\\/\\\/eldigitaldeasturias.com\\\/magazine365#listItem\",\"position\":1,\"name\":\"Home\",\"item\":\"https:\\\/\\\/eldigitaldeasturias.com\\\/magazine365\",\"nextItem\":{\"@type\":\"ListItem\",\"@id\":\"https:\\\/\\\/eldigitaldeasturias.com\\\/magazine365\\\/category\\\/noticias-actualidad\\\/#listItem\",\"name\":\"Noticias y Actualidad\"}},{\"@type\":\"ListItem\",\"@id\":\"https:\\\/\\\/eldigitaldeasturias.com\\\/magazine365\\\/category\\\/noticias-actualidad\\\/#listItem\",\"position\":2,\"name\":\"Noticias y Actualidad\",\"item\":\"https:\\\/\\\/eldigitaldeasturias.com\\\/magazine365\\\/category\\\/noticias-actualidad\\\/\",\"nextItem\":{\"@type\":\"ListItem\",\"@id\":\"https:\\\/\\\/eldigitaldeasturias.com\\\/magazine365\\\/air-europa-alerta-de-las-consecuencias-negativas-de-la-reduccion-de-una-pista-en-barajas\\\/#listItem\",\"name\":\"Air Europa alerta de las \\u00abconsecuencias negativas\\u00bb de la reducci\\u00f3n de una pista en Barajas\"},\"previousItem\":{\"@type\":\"ListItem\",\"@id\":\"https:\\\/\\\/eldigitaldeasturias.com\\\/magazine365#listItem\",\"name\":\"Home\"}},{\"@type\":\"ListItem\",\"@id\":\"https:\\\/\\\/eldigitaldeasturias.com\\\/magazine365\\\/air-europa-alerta-de-las-consecuencias-negativas-de-la-reduccion-de-una-pista-en-barajas\\\/#listItem\",\"position\":3,\"name\":\"Air Europa alerta de las \\u00abconsecuencias negativas\\u00bb de la reducci\\u00f3n de una pista en Barajas\",\"previousItem\":{\"@type\":\"ListItem\",\"@id\":\"https:\\\/\\\/eldigitaldeasturias.com\\\/magazine365\\\/category\\\/noticias-actualidad\\\/#listItem\",\"name\":\"Noticias y Actualidad\"}}]},{\"@type\":\"Organization\",\"@id\":\"https:\\\/\\\/eldigitaldeasturias.com\\\/magazine365\\\/#organization\",\"name\":\"El digital de Asturias\",\"description\":\"Revista de ocio, turismo y estilo de vida\",\"url\":\"https:\\\/\\\/eldigitaldeasturias.com\\\/magazine365\\\/\",\"logo\":{\"@type\":\"ImageObject\",\"url\":\"https:\\\/\\\/www.eldigitaldeasturias.com\\\/noticias\\\/wp-content\\\/uploads\\\/2020\\\/12\\\/EDA.jpg\",\"@id\":\"https:\\\/\\\/eldigitaldeasturias.com\\\/magazine365\\\/air-europa-alerta-de-las-consecuencias-negativas-de-la-reduccion-de-una-pista-en-barajas\\\/#organizationLogo\"},\"image\":{\"@id\":\"https:\\\/\\\/eldigitaldeasturias.com\\\/magazine365\\\/air-europa-alerta-de-las-consecuencias-negativas-de-la-reduccion-de-una-pista-en-barajas\\\/#organizationLogo\"}},{\"@type\":\"Person\",\"@id\":\"https:\\\/\\\/eldigitaldeasturias.com\\\/magazine365\\\/author\\\/admin\\\/#author\",\"url\":\"https:\\\/\\\/eldigitaldeasturias.com\\\/magazine365\\\/author\\\/admin\\\/\",\"name\":\"admin\",\"image\":{\"@type\":\"ImageObject\",\"@id\":\"https:\\\/\\\/eldigitaldeasturias.com\\\/magazine365\\\/air-europa-alerta-de-las-consecuencias-negativas-de-la-reduccion-de-una-pista-en-barajas\\\/#authorImage\",\"url\":\"https:\\\/\\\/eldigitaldeasturias.com\\\/magazine365\\\/wp-content\\\/litespeed\\\/avatar\\\/e571bcf59a0edd6fa6838245a470f2fe.jpg?ver=1777574230\",\"width\":96,\"height\":96,\"caption\":\"admin\"}},{\"@type\":\"WebPage\",\"@id\":\"https:\\\/\\\/eldigitaldeasturias.com\\\/magazine365\\\/air-europa-alerta-de-las-consecuencias-negativas-de-la-reduccion-de-una-pista-en-barajas\\\/#webpage\",\"url\":\"https:\\\/\\\/eldigitaldeasturias.com\\\/magazine365\\\/air-europa-alerta-de-las-consecuencias-negativas-de-la-reduccion-de-una-pista-en-barajas\\\/\",\"name\":\"Air Europa alerta de las \\u00abconsecuencias negativas\\u00bb de la reducci\\u00f3n de una pista en Barajas | El Digital de Asturias\",\"description\":\"El presidente de Air Europa, Juan Jos\\u00e9 Hidalgo, ha alertado de las \\\"consecuencias negativas\\\" que conllevar\\u00eda para empresas y compa\\u00f1\\u00edas a\\u00e9reas la reducci\\u00f3n total o parcial de una pista en el aeropuerto Adolfo Su\\u00e1rez Madrid-Barajas. Hidalgo asegur\\u00f3 en el programa especial 'Herrera en COPE' que se ha emitido este lunes desde la T3 del aeropuerto\",\"inLanguage\":\"es-ES\",\"isPartOf\":{\"@id\":\"https:\\\/\\\/eldigitaldeasturias.com\\\/magazine365\\\/#website\"},\"breadcrumb\":{\"@id\":\"https:\\\/\\\/eldigitaldeasturias.com\\\/magazine365\\\/air-europa-alerta-de-las-consecuencias-negativas-de-la-reduccion-de-una-pista-en-barajas\\\/#breadcrumblist\"},\"author\":{\"@id\":\"https:\\\/\\\/eldigitaldeasturias.com\\\/magazine365\\\/author\\\/admin\\\/#author\"},\"creator\":{\"@id\":\"https:\\\/\\\/eldigitaldeasturias.com\\\/magazine365\\\/author\\\/admin\\\/#author\"},\"image\":{\"@type\":\"ImageObject\",\"url\":\"https:\\\/\\\/eldigitaldeasturias.com\\\/magazine365\\\/wp-content\\\/uploads\\\/2016\\\/05\\\/fotonoticia_20160523130048_800.jpg\",\"@id\":\"https:\\\/\\\/eldigitaldeasturias.com\\\/magazine365\\\/air-europa-alerta-de-las-consecuencias-negativas-de-la-reduccion-de-una-pista-en-barajas\\\/#mainImage\",\"width\":800,\"height\":533},\"primaryImageOfPage\":{\"@id\":\"https:\\\/\\\/eldigitaldeasturias.com\\\/magazine365\\\/air-europa-alerta-de-las-consecuencias-negativas-de-la-reduccion-de-una-pista-en-barajas\\\/#mainImage\"},\"datePublished\":\"2016-05-24T07:50:51+02:00\",\"dateModified\":\"2016-05-24T07:50:51+02:00\"},{\"@type\":\"WebSite\",\"@id\":\"https:\\\/\\\/eldigitaldeasturias.com\\\/magazine365\\\/#website\",\"url\":\"https:\\\/\\\/eldigitaldeasturias.com\\\/magazine365\\\/\",\"name\":\"El Digital de Asturias\",\"description\":\"Revista de ocio, turismo y estilo de vida\",\"inLanguage\":\"es-ES\",\"publisher\":{\"@id\":\"https:\\\/\\\/eldigitaldeasturias.com\\\/magazine365\\\/#organization\"}}]}\n\t\t<\/script>\n\t\t<!-- All in One SEO Pro -->\r\n\t\t<title>Air Europa alerta de las \u00abconsecuencias negativas\u00bb de la reducci\u00f3n de una pista en Barajas | El Digital de Asturias<\/title>\n\n","aioseo_head_json":{"title":"Air Europa alerta de las \u00abconsecuencias negativas\u00bb de la reducci\u00f3n de una pista en Barajas | El Digital de Asturias","description":"El presidente de Air Europa, Juan Jos\u00e9 Hidalgo, ha alertado de las \"consecuencias negativas\" que conllevar\u00eda para empresas y compa\u00f1\u00edas a\u00e9reas la reducci\u00f3n total o parcial de una pista en el aeropuerto Adolfo Su\u00e1rez Madrid-Barajas. Hidalgo asegur\u00f3 en el programa especial 'Herrera en COPE' que se ha emitido este lunes desde la T3 del aeropuerto","canonical_url":"https:\/\/eldigitaldeasturias.com\/magazine365\/air-europa-alerta-de-las-consecuencias-negativas-de-la-reduccion-de-una-pista-en-barajas\/","robots":"max-image-preview:large","keywords":"noticias y actualidad","webmasterTools":{"google-site-verification":"UA-38556648-1","miscellaneous":""},"schema":{"@context":"https:\/\/schema.org","@graph":[{"@type":"Article","@id":"https:\/\/eldigitaldeasturias.com\/magazine365\/air-europa-alerta-de-las-consecuencias-negativas-de-la-reduccion-de-una-pista-en-barajas\/#article","name":"Air Europa alerta de las \u00abconsecuencias negativas\u00bb de la reducci\u00f3n de una pista en Barajas | El Digital de Asturias","headline":"Air Europa alerta de las \u00abconsecuencias negativas\u00bb de la reducci\u00f3n de una pista en Barajas","author":{"@id":"https:\/\/eldigitaldeasturias.com\/magazine365\/author\/admin\/#author"},"publisher":{"@id":"https:\/\/eldigitaldeasturias.com\/magazine365\/#organization"},"image":{"@type":"ImageObject","url":"https:\/\/eldigitaldeasturias.com\/magazine365\/wp-content\/uploads\/2016\/05\/fotonoticia_20160523130048_800.jpg","width":800,"height":533},"datePublished":"2016-05-24T07:50:51+02:00","dateModified":"2016-05-24T07:50:51+02:00","inLanguage":"es-ES","mainEntityOfPage":{"@id":"https:\/\/eldigitaldeasturias.com\/magazine365\/air-europa-alerta-de-las-consecuencias-negativas-de-la-reduccion-de-una-pista-en-barajas\/#webpage"},"isPartOf":{"@id":"https:\/\/eldigitaldeasturias.com\/magazine365\/air-europa-alerta-de-las-consecuencias-negativas-de-la-reduccion-de-una-pista-en-barajas\/#webpage"},"articleSection":"Noticias y Actualidad"},{"@type":"BreadcrumbList","@id":"https:\/\/eldigitaldeasturias.com\/magazine365\/air-europa-alerta-de-las-consecuencias-negativas-de-la-reduccion-de-una-pista-en-barajas\/#breadcrumblist","itemListElement":[{"@type":"ListItem","@id":"https:\/\/eldigitaldeasturias.com\/magazine365#listItem","position":1,"name":"Home","item":"https:\/\/eldigitaldeasturias.com\/magazine365","nextItem":{"@type":"ListItem","@id":"https:\/\/eldigitaldeasturias.com\/magazine365\/category\/noticias-actualidad\/#listItem","name":"Noticias y Actualidad"}},{"@type":"ListItem","@id":"https:\/\/eldigitaldeasturias.com\/magazine365\/category\/noticias-actualidad\/#listItem","position":2,"name":"Noticias y Actualidad","item":"https:\/\/eldigitaldeasturias.com\/magazine365\/category\/noticias-actualidad\/","nextItem":{"@type":"ListItem","@id":"https:\/\/eldigitaldeasturias.com\/magazine365\/air-europa-alerta-de-las-consecuencias-negativas-de-la-reduccion-de-una-pista-en-barajas\/#listItem","name":"Air Europa alerta de las \u00abconsecuencias negativas\u00bb de la reducci\u00f3n de una pista en Barajas"},"previousItem":{"@type":"ListItem","@id":"https:\/\/eldigitaldeasturias.com\/magazine365#listItem","name":"Home"}},{"@type":"ListItem","@id":"https:\/\/eldigitaldeasturias.com\/magazine365\/air-europa-alerta-de-las-consecuencias-negativas-de-la-reduccion-de-una-pista-en-barajas\/#listItem","position":3,"name":"Air Europa alerta de las \u00abconsecuencias negativas\u00bb de la reducci\u00f3n de una pista en Barajas","previousItem":{"@type":"ListItem","@id":"https:\/\/eldigitaldeasturias.com\/magazine365\/category\/noticias-actualidad\/#listItem","name":"Noticias y Actualidad"}}]},{"@type":"Organization","@id":"https:\/\/eldigitaldeasturias.com\/magazine365\/#organization","name":"El digital de Asturias","description":"Revista de ocio, turismo y estilo de vida","url":"https:\/\/eldigitaldeasturias.com\/magazine365\/","logo":{"@type":"ImageObject","url":"https:\/\/www.eldigitaldeasturias.com\/noticias\/wp-content\/uploads\/2020\/12\/EDA.jpg","@id":"https:\/\/eldigitaldeasturias.com\/magazine365\/air-europa-alerta-de-las-consecuencias-negativas-de-la-reduccion-de-una-pista-en-barajas\/#organizationLogo"},"image":{"@id":"https:\/\/eldigitaldeasturias.com\/magazine365\/air-europa-alerta-de-las-consecuencias-negativas-de-la-reduccion-de-una-pista-en-barajas\/#organizationLogo"}},{"@type":"Person","@id":"https:\/\/eldigitaldeasturias.com\/magazine365\/author\/admin\/#author","url":"https:\/\/eldigitaldeasturias.com\/magazine365\/author\/admin\/","name":"admin","image":{"@type":"ImageObject","@id":"https:\/\/eldigitaldeasturias.com\/magazine365\/air-europa-alerta-de-las-consecuencias-negativas-de-la-reduccion-de-una-pista-en-barajas\/#authorImage","url":"https:\/\/eldigitaldeasturias.com\/magazine365\/wp-content\/litespeed\/avatar\/e571bcf59a0edd6fa6838245a470f2fe.jpg?ver=1777574230","width":96,"height":96,"caption":"admin"}},{"@type":"WebPage","@id":"https:\/\/eldigitaldeasturias.com\/magazine365\/air-europa-alerta-de-las-consecuencias-negativas-de-la-reduccion-de-una-pista-en-barajas\/#webpage","url":"https:\/\/eldigitaldeasturias.com\/magazine365\/air-europa-alerta-de-las-consecuencias-negativas-de-la-reduccion-de-una-pista-en-barajas\/","name":"Air Europa alerta de las \u00abconsecuencias negativas\u00bb de la reducci\u00f3n de una pista en Barajas | El Digital de Asturias","description":"El presidente de Air Europa, Juan Jos\u00e9 Hidalgo, ha alertado de las \"consecuencias negativas\" que conllevar\u00eda para empresas y compa\u00f1\u00edas a\u00e9reas la reducci\u00f3n total o parcial de una pista en el aeropuerto Adolfo Su\u00e1rez Madrid-Barajas. Hidalgo asegur\u00f3 en el programa especial 'Herrera en COPE' que se ha emitido este lunes desde la T3 del aeropuerto","inLanguage":"es-ES","isPartOf":{"@id":"https:\/\/eldigitaldeasturias.com\/magazine365\/#website"},"breadcrumb":{"@id":"https:\/\/eldigitaldeasturias.com\/magazine365\/air-europa-alerta-de-las-consecuencias-negativas-de-la-reduccion-de-una-pista-en-barajas\/#breadcrumblist"},"author":{"@id":"https:\/\/eldigitaldeasturias.com\/magazine365\/author\/admin\/#author"},"creator":{"@id":"https:\/\/eldigitaldeasturias.com\/magazine365\/author\/admin\/#author"},"image":{"@type":"ImageObject","url":"https:\/\/eldigitaldeasturias.com\/magazine365\/wp-content\/uploads\/2016\/05\/fotonoticia_20160523130048_800.jpg","@id":"https:\/\/eldigitaldeasturias.com\/magazine365\/air-europa-alerta-de-las-consecuencias-negativas-de-la-reduccion-de-una-pista-en-barajas\/#mainImage","width":800,"height":533},"primaryImageOfPage":{"@id":"https:\/\/eldigitaldeasturias.com\/magazine365\/air-europa-alerta-de-las-consecuencias-negativas-de-la-reduccion-de-una-pista-en-barajas\/#mainImage"},"datePublished":"2016-05-24T07:50:51+02:00","dateModified":"2016-05-24T07:50:51+02:00"},{"@type":"WebSite","@id":"https:\/\/eldigitaldeasturias.com\/magazine365\/#website","url":"https:\/\/eldigitaldeasturias.com\/magazine365\/","name":"El Digital de Asturias","description":"Revista de ocio, turismo y estilo de vida","inLanguage":"es-ES","publisher":{"@id":"https:\/\/eldigitaldeasturias.com\/magazine365\/#organization"}}]},"og:locale":"es_ES","og:site_name":"El Digital de Asturias \u2013 Revista de ocio, turismo y estilo de vida","og:type":"article","og:title":"Air Europa alerta de las \u00abconsecuencias negativas\u00bb de la reducci\u00f3n de una pista en Barajas | El Digital de Asturias","og:description":"El presidente de Air Europa, Juan Jos\u00e9 Hidalgo, ha alertado de las &quot;consecuencias negativas&quot; que conllevar\u00eda para empresas y compa\u00f1\u00edas a\u00e9reas la reducci\u00f3n total o parcial de una pista en el aeropuerto Adolfo Su\u00e1rez Madrid-Barajas. Hidalgo asegur\u00f3 en el programa especial 'Herrera en COPE' que se ha emitido este lunes desde la T3 del aeropuerto","og:url":"https:\/\/eldigitaldeasturias.com\/magazine365\/air-europa-alerta-de-las-consecuencias-negativas-de-la-reduccion-de-una-pista-en-barajas\/","og:image":"https:\/\/eldigitaldeasturias.com\/magazine365\/wp-content\/uploads\/2016\/05\/fotonoticia_20160523130048_800.jpg","og:image:secure_url":"https:\/\/eldigitaldeasturias.com\/magazine365\/wp-content\/uploads\/2016\/05\/fotonoticia_20160523130048_800.jpg","og:image:width":800,"og:image:height":533,"article:published_time":"2016-05-24T05:50:51+00:00","article:modified_time":"2016-05-24T05:50:51+00:00","twitter:card":"summary_large_image","twitter:title":"Air Europa alerta de las \u00abconsecuencias negativas\u00bb de la reducci\u00f3n de una pista en Barajas | El Digital de Asturias","twitter:description":"El presidente de Air Europa, Juan Jos\u00e9 Hidalgo, ha alertado de las &quot;consecuencias negativas&quot; que conllevar\u00eda para empresas y compa\u00f1\u00edas a\u00e9reas la reducci\u00f3n total o parcial de una pista en el aeropuerto Adolfo Su\u00e1rez Madrid-Barajas. Hidalgo asegur\u00f3 en el programa especial 'Herrera en COPE' que se ha emitido este lunes desde la T3 del aeropuerto","twitter:image":"https:\/\/eldigitaldeasturias.com\/magazine365\/wp-content\/uploads\/2016\/05\/fotonoticia_20160523130048_800.jpg"},"aioseo_meta_data":{"post_id":"76766","title":null,"description":null,"keywords":null,"keyphrases":null,"primary_term":null,"canonical_url":null,"og_title":null,"og_description":null,"og_object_type":"default","og_image_type":"default","og_image_url":null,"og_image_width":null,"og_image_height":null,"og_image_custom_url":null,"og_image_custom_fields":null,"og_video":null,"og_custom_url":null,"og_article_section":null,"og_article_tags":null,"twitter_use_og":false,"twitter_card":"default","twitter_image_type":"default","twitter_image_url":null,"twitter_image_custom_url":null,"twitter_image_custom_fields":null,"twitter_title":null,"twitter_description":null,"schema":{"blockGraphs":[],"customGraphs":[],"default":{"data":{"Article":[],"Course":[],"Dataset":[],"FAQPage":[],"Movie":[],"Person":[],"Product":[],"ProductReview":[],"Car":[],"Recipe":[],"Service":[],"SoftwareApplication":[],"WebPage":[]},"graphName":"","isEnabled":true},"graphs":[],"defaultGraph":"","defaultPostTypeGraph":""},"schema_type":null,"schema_type_options":null,"pillar_content":false,"robots_default":true,"robots_noindex":false,"robots_noarchive":false,"robots_nosnippet":false,"robots_nofollow":false,"robots_noimageindex":false,"robots_noodp":false,"robots_notranslate":false,"robots_max_snippet":null,"robots_max_videopreview":null,"robots_max_imagepreview":"large","priority":null,"frequency":null,"location":null,"local_seo":null,"seo_analyzer_scan_date":"2025-09-27 13:23:06","breadcrumb_settings":null,"limit_modified_date":false,"open_ai":null,"ai":null,"created":"2021-03-08 18:23:43","updated":"2025-09-27 13:23:06"},"aioseo_breadcrumb":"<div class=\"aioseo-breadcrumbs\"><span class=\"aioseo-breadcrumb\">\n\t<a href=\"https:\/\/eldigitaldeasturias.com\/magazine365\" title=\"Home\">Home<\/a>\n<\/span><span class=\"aioseo-breadcrumb-separator\">\u2013<\/span><span class=\"aioseo-breadcrumb\">\n\t<a href=\"https:\/\/eldigitaldeasturias.com\/magazine365\/category\/noticias-actualidad\/\" title=\"Noticias y Actualidad\">Noticias y Actualidad<\/a>\n<\/span><span class=\"aioseo-breadcrumb-separator\">\u2013<\/span><span class=\"aioseo-breadcrumb\">\n\t<a href=\"https:\/\/eldigitaldeasturias.com\/magazine365\/air-europa-alerta-de-las-consecuencias-negativas-de-la-reduccion-de-una-pista-en-barajas\/\" title=\"Air Europa alerta de las \u00abconsecuencias negativas\u00bb de la reducci\u00f3n de una pista en Barajas\">Air Europa alerta de las \u00abconsecuencias negativas\u00bb de la reducci\u00f3n de una pista en Barajas<\/a>\n<\/span><\/div>","aioseo_breadcrumb_json":[{"label":"Home","link":"https:\/\/eldigitaldeasturias.com\/magazine365"},{"label":"Noticias y Actualidad","link":"https:\/\/eldigitaldeasturias.com\/magazine365\/category\/noticias-actualidad\/"},{"label":"Air Europa alerta de las \u00abconsecuencias negativas\u00bb de la reducci\u00f3n de una pista en Barajas","link":"https:\/\/eldigitaldeasturias.com\/magazine365\/air-europa-alerta-de-las-consecuencias-negativas-de-la-reduccion-de-una-pista-en-barajas\/"}],"_links":{"self":[{"href":"https:\/\/eldigitaldeasturias.com\/magazine365\/wp-json\/wp\/v2\/posts\/76766","targetHints":{"allow":["GET"]}}],"collection":[{"href":"https:\/\/eldigitaldeasturias.com\/magazine365\/wp-json\/wp\/v2\/posts"}],"about":[{"href":"https:\/\/eldigitaldeasturias.com\/magazine365\/wp-json\/wp\/v2\/types\/post"}],"author":[{"embeddable":true,"href":"https:\/\/eldigitaldeasturias.com\/magazine365\/wp-json\/wp\/v2\/users\/1"}],"replies":[{"embeddable":true,"href":"https:\/\/eldigitaldeasturias.com\/magazine365\/wp-json\/wp\/v2\/comments?post=76766"}],"version-history":[{"count":0,"href":"https:\/\/eldigitaldeasturias.com\/magazine365\/wp-json\/wp\/v2\/posts\/76766\/revisions"}],"wp:featuredmedia":[{"embeddable":true,"href":"https:\/\/eldigitaldeasturias.com\/magazine365\/wp-json\/wp\/v2\/media\/76767"}],"wp:attachment":[{"href":"https:\/\/eldigitaldeasturias.com\/magazine365\/wp-json\/wp\/v2\/media?parent=76766"}],"wp:term":[{"taxonomy":"category","embeddable":true,"href":"https:\/\/eldigitaldeasturias.com\/magazine365\/wp-json\/wp\/v2\/categories?post=76766"},{"taxonomy":"post_tag","embeddable":true,"href":"https:\/\/eldigitaldeasturias.com\/magazine365\/wp-json\/wp\/v2\/tags?post=76766"}],"curies":[{"name":"wp","href":"https:\/\/api.w.org\/{rel}","templated":true}]}}