{"id":76757,"date":"2016-05-24T07:42:11","date_gmt":"2016-05-24T05:42:11","guid":{"rendered":"http:\/\/eldigitaldeasturias.com\/magazine365\/?p=76757"},"modified":"2016-05-24T07:42:11","modified_gmt":"2016-05-24T05:42:11","slug":"vargas-confirma-el-interes-por-cuba-y-destaca-el-potencial-de-aena-para-su-internacionalizacion","status":"publish","type":"post","link":"https:\/\/eldigitaldeasturias.com\/magazine365\/vargas-confirma-el-interes-por-cuba-y-destaca-el-potencial-de-aena-para-su-internacionalizacion\/","title":{"rendered":"Vargas confirma el inter\u00e9s por Cuba y destaca el \u00abpotencial\u00bb de Aena para su internacionalizaci\u00f3n"},"content":{"rendered":"<p><img fetchpriority=\"high\" decoding=\"async\" class=\"alignleft size-medium wp-image-76758\" src=\"https:\/\/eldigitaldeasturias.com\/magazine365\/wp-content\/uploads\/2016\/05\/fotonoticia_20160523121103_800-208x300.jpg\" alt=\"fotonoticia_20160523121103_800\" width=\"208\" height=\"300\" srcset=\"https:\/\/eldigitaldeasturias.com\/magazine365\/wp-content\/uploads\/2016\/05\/fotonoticia_20160523121103_800-208x300.jpg 208w, https:\/\/eldigitaldeasturias.com\/magazine365\/wp-content\/uploads\/2016\/05\/fotonoticia_20160523121103_800-444x640.jpg 444w, https:\/\/eldigitaldeasturias.com\/magazine365\/wp-content\/uploads\/2016\/05\/fotonoticia_20160523121103_800-768x1106.jpg 768w, https:\/\/eldigitaldeasturias.com\/magazine365\/wp-content\/uploads\/2016\/05\/fotonoticia_20160523121103_800-150x216.jpg 150w, https:\/\/eldigitaldeasturias.com\/magazine365\/wp-content\/uploads\/2016\/05\/fotonoticia_20160523121103_800-450x648.jpg 450w, https:\/\/eldigitaldeasturias.com\/magazine365\/wp-content\/uploads\/2016\/05\/fotonoticia_20160523121103_800.jpg 800w\" sizes=\"(max-width: 208px) 100vw, 208px\" \/>El presidente y consejero delegado de Aena, Jos\u00e9 Manuel Vargas, ha destacado hoy el enorme potencial del gestor de los aeropuertos espa\u00f1oles para su internacionalizaci\u00f3n, con una destacada proyecci\u00f3n en Iberoam\u00e9rica, y ha confirmado el inter\u00e9s de la compa\u00f1\u00eda por ayudar al desarrollo aeroportuario de Cuba.<\/p>\n<p>\u00abSi fu\u00e9ramos capaces de utilizar Aena como una palanca de proyecci\u00f3n internacional de tantas empresas vinculadas a la actividad aeroportuaria y del sector del transporte a\u00e9reo yo creo que ser\u00eda una gran oportunidad para el pa\u00eds\u00bb, asegur\u00f3 en declaraciones a la cadena Cope, que hoy ha emitido desde la T3 del Aeropuerto Adolfo Su\u00e1rez Madrid-Barajas.<\/p>\n<p>Vargas apunt\u00f3 que Aena es ya un modelo de \u00e9xito en la gesti\u00f3n internacional de aeropuertos, que est\u00e1 presente en 15 aeropuertos de Am\u00e9rica (12 en M\u00e9xico, 2 en Colombia y 1 en Jamaica), uno en Europa (Luton, en Reino Unido), adem\u00e1s de prestar tambi\u00e9n servicios de consultor\u00eda a la empresa cubana de Aeropuertos Cuba-Ecasa.<\/p>\n<p>El presidente de Aena asegur\u00f3 que a\u00fan no hay formalmente una licitaci\u00f3n abierta en Cuba, pero admiti\u00f3 el inter\u00e9s de la compa\u00f1\u00eda por ayudar en el desarrollo aeroportuario de la isla. \u00abNos gustar\u00eda poder ayudar en el desarrollo de la actividad aeroportuaria en Cuba en una actividad cr\u00edtica para el futuro del desarrollo del pa\u00eds\u00bb, afirm\u00f3.<\/p>\n<p>Tambi\u00e9n destac\u00f3 las posibilidades para Aena de crecimiento en Europa, mercado natural siendo el principal operador europeo. Actualmente, gestiona el aeropuerto de Luton en Londres desde 2014, aeropuerto que ha registrado un crecimiento notable siendo el aeropuerto que m\u00e1s crece del Reino Unido y el quinto aeropuerto de Gran Breta\u00f1a.<\/p>\n<p>Vargas, que record\u00f3 que los aeropuertos de Aena son puerta de entrada al turismo de Espa\u00f1a, \u00abuno de los principales motores de la econom\u00eda espa\u00f1ola, as\u00ed como a los negocios y el transporte de mercanc\u00edas\u00bb, explic\u00f3 que en la medida en que la compa\u00f1\u00eda es eficiente en la gesti\u00f3n tiene un enorme potencial para su internacionalizaci\u00f3n.<\/p>\n<p>\u00abAena es atractiva porque estamos vinculados a una capacidad competitiva de la econom\u00eda espa\u00f1ola reconocida globalmente como es el turismo. Espa\u00f1a es uno de los principales destinos tur\u00edsticos del mundo, el tercer pa\u00eds por llegada de visitantes y tiene su acceso fundamental a trav\u00e9s de los aeropuertos\u00bb, apunt\u00f3 Vargas, a\u00f1adiendo que Espa\u00f1a \u00abes la puerta de entrada a esa capacidad competitiva global que es el turismo\u00bb.<\/p>\n<p>Vargas subray\u00f3 los buenos resultados de la red de aeropuertos de Aena, integrada por 46 aeropuertos y 2 helipuertos, entre ellos dos de los m\u00e1s importantes de la Uni\u00f3n Europea por volumen de pasajeros, Adolfo Su\u00e1rez-Madrid Barajas y Barcelona-El Prat, quinto y noveno puesto respectivamente.<\/p>\n<p>GRANDES RESULTADOS EN BOLSA<\/p>\n<p>Por otro lado, Vargas subray\u00f3 que los mercados han reconocido el esfuerzo realizado a trav\u00e9s del resultado registrado en Bolsa de Aena, donde el precio medio de la acci\u00f3n se ha duplicado desde su salida a cotizaci\u00f3n el 11 de febrero del pasado a\u00f1o.<\/p>\n<p>Vargas record\u00f3 que Aena es el primer gestor aeroportuario en el mundo por capitalizaci\u00f3n burs\u00e1til, por gesti\u00f3n de pasajeros y por el flujo de caja generado. Por ello, insisti\u00f3 en que Espa\u00f1a tiene \u00abuna gran oportunidad\u00bb porque Aena es \u00abel gestor aeroportuario del mundo con m\u00e1s potencial de desarrollo\u00bb.<\/p>\n<p>El presidente del gestor aeroportuario defendi\u00f3 que, como compa\u00f1\u00eda que tiene como objetivo el desarrollo y la maximizaci\u00f3n de beneficio para sus accionistas, hay que aprovechar este conocimiento para su proyecci\u00f3n internacional teniendo en cuenta que cada vez m\u00e1s aeropuertos internacionales se privatizan.<\/p>\n<p>\u00abLa gente ignora la capacidad y la fuerza que tiene un gestor aeroportuario\u00bb, advirti\u00f3 a\u00f1adiendo que en el caso de Madrid el aer\u00f3dromo de la capital genera el 10% del PIB madrile\u00f1o, con gran capacidad del tracci\u00f3n econ\u00f3mica.<\/p>\n","protected":false},"excerpt":{"rendered":"<p>El presidente y consejero delegado de Aena, Jos\u00e9 Manuel Vargas, ha destacado hoy el enorme potencial del gestor de los aeropuertos espa\u00f1oles para su internacionalizaci\u00f3n, con una destacada proyecci\u00f3n en Iberoam\u00e9rica, y ha confirmado el inter\u00e9s de la compa\u00f1\u00eda por ayudar al desarrollo aeroportuario de Cuba. \u00abSi fu\u00e9ramos capaces de utilizar Aena como una palanca<\/p>\n","protected":false},"author":1,"featured_media":76758,"comment_status":"open","ping_status":"closed","sticky":false,"template":"","format":"standard","meta":{"footnotes":""},"categories":[224],"tags":[],"class_list":{"0":"post-76757","1":"post","2":"type-post","3":"status-publish","4":"format-standard","5":"has-post-thumbnail","7":"category-noticias-actualidad"},"aioseo_notices":[],"aioseo_head":"\n\t\t<!-- All in One SEO Pro 4.9.6.1 - aioseo.com -->\n\t<meta name=\"description\" content=\"El presidente y consejero delegado de Aena, Jos\u00e9 Manuel Vargas, ha destacado hoy el enorme potencial del gestor de los aeropuertos espa\u00f1oles para su internacionalizaci\u00f3n, con una destacada proyecci\u00f3n en Iberoam\u00e9rica, y ha confirmado el inter\u00e9s de la compa\u00f1\u00eda por ayudar al desarrollo aeroportuario de Cuba. &quot;Si fu\u00e9ramos capaces de utilizar Aena como una palanca\" \/>\n\t<meta name=\"robots\" content=\"max-image-preview:large\" \/>\n\t<meta name=\"author\" content=\"admin\"\/>\n\t<meta name=\"google-site-verification\" content=\"UA-38556648-1\" \/>\n\t<meta name=\"keywords\" content=\"noticias y actualidad\" \/>\n\t<link rel=\"canonical\" href=\"https:\/\/eldigitaldeasturias.com\/magazine365\/vargas-confirma-el-interes-por-cuba-y-destaca-el-potencial-de-aena-para-su-internacionalizacion\/\" \/>\n\t<meta name=\"generator\" content=\"All in One SEO Pro (AIOSEO) 4.9.6.1\" \/>\n\t\t<meta property=\"og:locale\" content=\"es_ES\" \/>\n\t\t<meta property=\"og:site_name\" content=\"El Digital de Asturias \u2013 Revista de ocio, turismo y estilo de vida\" \/>\n\t\t<meta property=\"og:type\" content=\"article\" \/>\n\t\t<meta property=\"og:title\" content=\"Vargas confirma el inter\u00e9s por Cuba y destaca el \u00abpotencial\u00bb de Aena para su internacionalizaci\u00f3n | El Digital de Asturias\" \/>\n\t\t<meta property=\"og:description\" content=\"El presidente y consejero delegado de Aena, Jos\u00e9 Manuel Vargas, ha destacado hoy el enorme potencial del gestor de los aeropuertos espa\u00f1oles para su internacionalizaci\u00f3n, con una destacada proyecci\u00f3n en Iberoam\u00e9rica, y ha confirmado el inter\u00e9s de la compa\u00f1\u00eda por ayudar al desarrollo aeroportuario de Cuba. &quot;Si fu\u00e9ramos capaces de utilizar Aena como una palanca\" \/>\n\t\t<meta property=\"og:url\" content=\"https:\/\/eldigitaldeasturias.com\/magazine365\/vargas-confirma-el-interes-por-cuba-y-destaca-el-potencial-de-aena-para-su-internacionalizacion\/\" \/>\n\t\t<meta property=\"og:image\" content=\"https:\/\/eldigitaldeasturias.com\/magazine365\/wp-content\/uploads\/2016\/05\/fotonoticia_20160523121103_800.jpg\" \/>\n\t\t<meta property=\"og:image:secure_url\" content=\"https:\/\/eldigitaldeasturias.com\/magazine365\/wp-content\/uploads\/2016\/05\/fotonoticia_20160523121103_800.jpg\" \/>\n\t\t<meta property=\"og:image:width\" content=\"800\" \/>\n\t\t<meta property=\"og:image:height\" content=\"1152\" \/>\n\t\t<meta property=\"article:published_time\" content=\"2016-05-24T05:42:11+00:00\" \/>\n\t\t<meta property=\"article:modified_time\" content=\"2016-05-24T05:42:11+00:00\" \/>\n\t\t<meta name=\"twitter:card\" content=\"summary_large_image\" \/>\n\t\t<meta name=\"twitter:title\" content=\"Vargas confirma el inter\u00e9s por Cuba y destaca el \u00abpotencial\u00bb de Aena para su internacionalizaci\u00f3n | El Digital de Asturias\" \/>\n\t\t<meta name=\"twitter:description\" content=\"El presidente y consejero delegado de Aena, Jos\u00e9 Manuel Vargas, ha destacado hoy el enorme potencial del gestor de los aeropuertos espa\u00f1oles para su internacionalizaci\u00f3n, con una destacada proyecci\u00f3n en Iberoam\u00e9rica, y ha confirmado el inter\u00e9s de la compa\u00f1\u00eda por ayudar al desarrollo aeroportuario de Cuba. &quot;Si fu\u00e9ramos capaces de utilizar Aena como una palanca\" \/>\n\t\t<meta name=\"twitter:image\" content=\"https:\/\/eldigitaldeasturias.com\/magazine365\/wp-content\/uploads\/2016\/05\/fotonoticia_20160523121103_800.jpg\" \/>\n\t\t<script type=\"application\/ld+json\" class=\"aioseo-schema\">\n\t\t\t{\"@context\":\"https:\\\/\\\/schema.org\",\"@graph\":[{\"@type\":\"Article\",\"@id\":\"https:\\\/\\\/eldigitaldeasturias.com\\\/magazine365\\\/vargas-confirma-el-interes-por-cuba-y-destaca-el-potencial-de-aena-para-su-internacionalizacion\\\/#article\",\"name\":\"Vargas confirma el inter\\u00e9s por Cuba y destaca el \\u00abpotencial\\u00bb de Aena para su internacionalizaci\\u00f3n | El Digital de Asturias\",\"headline\":\"Vargas confirma el inter\\u00e9s por Cuba y destaca el \\u00abpotencial\\u00bb de Aena para su internacionalizaci\\u00f3n\",\"author\":{\"@id\":\"https:\\\/\\\/eldigitaldeasturias.com\\\/magazine365\\\/author\\\/admin\\\/#author\"},\"publisher\":{\"@id\":\"https:\\\/\\\/eldigitaldeasturias.com\\\/magazine365\\\/#organization\"},\"image\":{\"@type\":\"ImageObject\",\"url\":\"https:\\\/\\\/eldigitaldeasturias.com\\\/magazine365\\\/wp-content\\\/uploads\\\/2016\\\/05\\\/fotonoticia_20160523121103_800.jpg\",\"width\":800,\"height\":1152},\"datePublished\":\"2016-05-24T07:42:11+02:00\",\"dateModified\":\"2016-05-24T07:42:11+02:00\",\"inLanguage\":\"es-ES\",\"mainEntityOfPage\":{\"@id\":\"https:\\\/\\\/eldigitaldeasturias.com\\\/magazine365\\\/vargas-confirma-el-interes-por-cuba-y-destaca-el-potencial-de-aena-para-su-internacionalizacion\\\/#webpage\"},\"isPartOf\":{\"@id\":\"https:\\\/\\\/eldigitaldeasturias.com\\\/magazine365\\\/vargas-confirma-el-interes-por-cuba-y-destaca-el-potencial-de-aena-para-su-internacionalizacion\\\/#webpage\"},\"articleSection\":\"Noticias y Actualidad\"},{\"@type\":\"BreadcrumbList\",\"@id\":\"https:\\\/\\\/eldigitaldeasturias.com\\\/magazine365\\\/vargas-confirma-el-interes-por-cuba-y-destaca-el-potencial-de-aena-para-su-internacionalizacion\\\/#breadcrumblist\",\"itemListElement\":[{\"@type\":\"ListItem\",\"@id\":\"https:\\\/\\\/eldigitaldeasturias.com\\\/magazine365#listItem\",\"position\":1,\"name\":\"Home\",\"item\":\"https:\\\/\\\/eldigitaldeasturias.com\\\/magazine365\",\"nextItem\":{\"@type\":\"ListItem\",\"@id\":\"https:\\\/\\\/eldigitaldeasturias.com\\\/magazine365\\\/category\\\/noticias-actualidad\\\/#listItem\",\"name\":\"Noticias y Actualidad\"}},{\"@type\":\"ListItem\",\"@id\":\"https:\\\/\\\/eldigitaldeasturias.com\\\/magazine365\\\/category\\\/noticias-actualidad\\\/#listItem\",\"position\":2,\"name\":\"Noticias y Actualidad\",\"item\":\"https:\\\/\\\/eldigitaldeasturias.com\\\/magazine365\\\/category\\\/noticias-actualidad\\\/\",\"nextItem\":{\"@type\":\"ListItem\",\"@id\":\"https:\\\/\\\/eldigitaldeasturias.com\\\/magazine365\\\/vargas-confirma-el-interes-por-cuba-y-destaca-el-potencial-de-aena-para-su-internacionalizacion\\\/#listItem\",\"name\":\"Vargas confirma el inter\\u00e9s por Cuba y destaca el \\u00abpotencial\\u00bb de Aena para su internacionalizaci\\u00f3n\"},\"previousItem\":{\"@type\":\"ListItem\",\"@id\":\"https:\\\/\\\/eldigitaldeasturias.com\\\/magazine365#listItem\",\"name\":\"Home\"}},{\"@type\":\"ListItem\",\"@id\":\"https:\\\/\\\/eldigitaldeasturias.com\\\/magazine365\\\/vargas-confirma-el-interes-por-cuba-y-destaca-el-potencial-de-aena-para-su-internacionalizacion\\\/#listItem\",\"position\":3,\"name\":\"Vargas confirma el inter\\u00e9s por Cuba y destaca el \\u00abpotencial\\u00bb de Aena para su internacionalizaci\\u00f3n\",\"previousItem\":{\"@type\":\"ListItem\",\"@id\":\"https:\\\/\\\/eldigitaldeasturias.com\\\/magazine365\\\/category\\\/noticias-actualidad\\\/#listItem\",\"name\":\"Noticias y Actualidad\"}}]},{\"@type\":\"Organization\",\"@id\":\"https:\\\/\\\/eldigitaldeasturias.com\\\/magazine365\\\/#organization\",\"name\":\"El digital de Asturias\",\"description\":\"Revista de ocio, turismo y estilo de vida\",\"url\":\"https:\\\/\\\/eldigitaldeasturias.com\\\/magazine365\\\/\",\"logo\":{\"@type\":\"ImageObject\",\"url\":\"https:\\\/\\\/www.eldigitaldeasturias.com\\\/noticias\\\/wp-content\\\/uploads\\\/2020\\\/12\\\/EDA.jpg\",\"@id\":\"https:\\\/\\\/eldigitaldeasturias.com\\\/magazine365\\\/vargas-confirma-el-interes-por-cuba-y-destaca-el-potencial-de-aena-para-su-internacionalizacion\\\/#organizationLogo\"},\"image\":{\"@id\":\"https:\\\/\\\/eldigitaldeasturias.com\\\/magazine365\\\/vargas-confirma-el-interes-por-cuba-y-destaca-el-potencial-de-aena-para-su-internacionalizacion\\\/#organizationLogo\"}},{\"@type\":\"Person\",\"@id\":\"https:\\\/\\\/eldigitaldeasturias.com\\\/magazine365\\\/author\\\/admin\\\/#author\",\"url\":\"https:\\\/\\\/eldigitaldeasturias.com\\\/magazine365\\\/author\\\/admin\\\/\",\"name\":\"admin\",\"image\":{\"@type\":\"ImageObject\",\"@id\":\"https:\\\/\\\/eldigitaldeasturias.com\\\/magazine365\\\/vargas-confirma-el-interes-por-cuba-y-destaca-el-potencial-de-aena-para-su-internacionalizacion\\\/#authorImage\",\"url\":\"https:\\\/\\\/eldigitaldeasturias.com\\\/magazine365\\\/wp-content\\\/litespeed\\\/avatar\\\/e571bcf59a0edd6fa6838245a470f2fe.jpg?ver=1777574230\",\"width\":96,\"height\":96,\"caption\":\"admin\"}},{\"@type\":\"WebPage\",\"@id\":\"https:\\\/\\\/eldigitaldeasturias.com\\\/magazine365\\\/vargas-confirma-el-interes-por-cuba-y-destaca-el-potencial-de-aena-para-su-internacionalizacion\\\/#webpage\",\"url\":\"https:\\\/\\\/eldigitaldeasturias.com\\\/magazine365\\\/vargas-confirma-el-interes-por-cuba-y-destaca-el-potencial-de-aena-para-su-internacionalizacion\\\/\",\"name\":\"Vargas confirma el inter\\u00e9s por Cuba y destaca el \\u00abpotencial\\u00bb de Aena para su internacionalizaci\\u00f3n | El Digital de Asturias\",\"description\":\"El presidente y consejero delegado de Aena, Jos\\u00e9 Manuel Vargas, ha destacado hoy el enorme potencial del gestor de los aeropuertos espa\\u00f1oles para su internacionalizaci\\u00f3n, con una destacada proyecci\\u00f3n en Iberoam\\u00e9rica, y ha confirmado el inter\\u00e9s de la compa\\u00f1\\u00eda por ayudar al desarrollo aeroportuario de Cuba. \\\"Si fu\\u00e9ramos capaces de utilizar Aena como una palanca\",\"inLanguage\":\"es-ES\",\"isPartOf\":{\"@id\":\"https:\\\/\\\/eldigitaldeasturias.com\\\/magazine365\\\/#website\"},\"breadcrumb\":{\"@id\":\"https:\\\/\\\/eldigitaldeasturias.com\\\/magazine365\\\/vargas-confirma-el-interes-por-cuba-y-destaca-el-potencial-de-aena-para-su-internacionalizacion\\\/#breadcrumblist\"},\"author\":{\"@id\":\"https:\\\/\\\/eldigitaldeasturias.com\\\/magazine365\\\/author\\\/admin\\\/#author\"},\"creator\":{\"@id\":\"https:\\\/\\\/eldigitaldeasturias.com\\\/magazine365\\\/author\\\/admin\\\/#author\"},\"image\":{\"@type\":\"ImageObject\",\"url\":\"https:\\\/\\\/eldigitaldeasturias.com\\\/magazine365\\\/wp-content\\\/uploads\\\/2016\\\/05\\\/fotonoticia_20160523121103_800.jpg\",\"@id\":\"https:\\\/\\\/eldigitaldeasturias.com\\\/magazine365\\\/vargas-confirma-el-interes-por-cuba-y-destaca-el-potencial-de-aena-para-su-internacionalizacion\\\/#mainImage\",\"width\":800,\"height\":1152},\"primaryImageOfPage\":{\"@id\":\"https:\\\/\\\/eldigitaldeasturias.com\\\/magazine365\\\/vargas-confirma-el-interes-por-cuba-y-destaca-el-potencial-de-aena-para-su-internacionalizacion\\\/#mainImage\"},\"datePublished\":\"2016-05-24T07:42:11+02:00\",\"dateModified\":\"2016-05-24T07:42:11+02:00\"},{\"@type\":\"WebSite\",\"@id\":\"https:\\\/\\\/eldigitaldeasturias.com\\\/magazine365\\\/#website\",\"url\":\"https:\\\/\\\/eldigitaldeasturias.com\\\/magazine365\\\/\",\"name\":\"El Digital de Asturias\",\"description\":\"Revista de ocio, turismo y estilo de vida\",\"inLanguage\":\"es-ES\",\"publisher\":{\"@id\":\"https:\\\/\\\/eldigitaldeasturias.com\\\/magazine365\\\/#organization\"}}]}\n\t\t<\/script>\n\t\t<!-- All in One SEO Pro -->\r\n\t\t<title>Vargas confirma el inter\u00e9s por Cuba y destaca el \u00abpotencial\u00bb de Aena para su internacionalizaci\u00f3n | El Digital de Asturias<\/title>\n\n","aioseo_head_json":{"title":"Vargas confirma el inter\u00e9s por Cuba y destaca el \u00abpotencial\u00bb de Aena para su internacionalizaci\u00f3n | El Digital de Asturias","description":"El presidente y consejero delegado de Aena, Jos\u00e9 Manuel Vargas, ha destacado hoy el enorme potencial del gestor de los aeropuertos espa\u00f1oles para su internacionalizaci\u00f3n, con una destacada proyecci\u00f3n en Iberoam\u00e9rica, y ha confirmado el inter\u00e9s de la compa\u00f1\u00eda por ayudar al desarrollo aeroportuario de Cuba. \"Si fu\u00e9ramos capaces de utilizar Aena como una palanca","canonical_url":"https:\/\/eldigitaldeasturias.com\/magazine365\/vargas-confirma-el-interes-por-cuba-y-destaca-el-potencial-de-aena-para-su-internacionalizacion\/","robots":"max-image-preview:large","keywords":"noticias y actualidad","webmasterTools":{"google-site-verification":"UA-38556648-1","miscellaneous":""},"schema":{"@context":"https:\/\/schema.org","@graph":[{"@type":"Article","@id":"https:\/\/eldigitaldeasturias.com\/magazine365\/vargas-confirma-el-interes-por-cuba-y-destaca-el-potencial-de-aena-para-su-internacionalizacion\/#article","name":"Vargas confirma el inter\u00e9s por Cuba y destaca el \u00abpotencial\u00bb de Aena para su internacionalizaci\u00f3n | El Digital de Asturias","headline":"Vargas confirma el inter\u00e9s por Cuba y destaca el \u00abpotencial\u00bb de Aena para su internacionalizaci\u00f3n","author":{"@id":"https:\/\/eldigitaldeasturias.com\/magazine365\/author\/admin\/#author"},"publisher":{"@id":"https:\/\/eldigitaldeasturias.com\/magazine365\/#organization"},"image":{"@type":"ImageObject","url":"https:\/\/eldigitaldeasturias.com\/magazine365\/wp-content\/uploads\/2016\/05\/fotonoticia_20160523121103_800.jpg","width":800,"height":1152},"datePublished":"2016-05-24T07:42:11+02:00","dateModified":"2016-05-24T07:42:11+02:00","inLanguage":"es-ES","mainEntityOfPage":{"@id":"https:\/\/eldigitaldeasturias.com\/magazine365\/vargas-confirma-el-interes-por-cuba-y-destaca-el-potencial-de-aena-para-su-internacionalizacion\/#webpage"},"isPartOf":{"@id":"https:\/\/eldigitaldeasturias.com\/magazine365\/vargas-confirma-el-interes-por-cuba-y-destaca-el-potencial-de-aena-para-su-internacionalizacion\/#webpage"},"articleSection":"Noticias y Actualidad"},{"@type":"BreadcrumbList","@id":"https:\/\/eldigitaldeasturias.com\/magazine365\/vargas-confirma-el-interes-por-cuba-y-destaca-el-potencial-de-aena-para-su-internacionalizacion\/#breadcrumblist","itemListElement":[{"@type":"ListItem","@id":"https:\/\/eldigitaldeasturias.com\/magazine365#listItem","position":1,"name":"Home","item":"https:\/\/eldigitaldeasturias.com\/magazine365","nextItem":{"@type":"ListItem","@id":"https:\/\/eldigitaldeasturias.com\/magazine365\/category\/noticias-actualidad\/#listItem","name":"Noticias y Actualidad"}},{"@type":"ListItem","@id":"https:\/\/eldigitaldeasturias.com\/magazine365\/category\/noticias-actualidad\/#listItem","position":2,"name":"Noticias y Actualidad","item":"https:\/\/eldigitaldeasturias.com\/magazine365\/category\/noticias-actualidad\/","nextItem":{"@type":"ListItem","@id":"https:\/\/eldigitaldeasturias.com\/magazine365\/vargas-confirma-el-interes-por-cuba-y-destaca-el-potencial-de-aena-para-su-internacionalizacion\/#listItem","name":"Vargas confirma el inter\u00e9s por Cuba y destaca el \u00abpotencial\u00bb de Aena para su internacionalizaci\u00f3n"},"previousItem":{"@type":"ListItem","@id":"https:\/\/eldigitaldeasturias.com\/magazine365#listItem","name":"Home"}},{"@type":"ListItem","@id":"https:\/\/eldigitaldeasturias.com\/magazine365\/vargas-confirma-el-interes-por-cuba-y-destaca-el-potencial-de-aena-para-su-internacionalizacion\/#listItem","position":3,"name":"Vargas confirma el inter\u00e9s por Cuba y destaca el \u00abpotencial\u00bb de Aena para su internacionalizaci\u00f3n","previousItem":{"@type":"ListItem","@id":"https:\/\/eldigitaldeasturias.com\/magazine365\/category\/noticias-actualidad\/#listItem","name":"Noticias y Actualidad"}}]},{"@type":"Organization","@id":"https:\/\/eldigitaldeasturias.com\/magazine365\/#organization","name":"El digital de Asturias","description":"Revista de ocio, turismo y estilo de vida","url":"https:\/\/eldigitaldeasturias.com\/magazine365\/","logo":{"@type":"ImageObject","url":"https:\/\/www.eldigitaldeasturias.com\/noticias\/wp-content\/uploads\/2020\/12\/EDA.jpg","@id":"https:\/\/eldigitaldeasturias.com\/magazine365\/vargas-confirma-el-interes-por-cuba-y-destaca-el-potencial-de-aena-para-su-internacionalizacion\/#organizationLogo"},"image":{"@id":"https:\/\/eldigitaldeasturias.com\/magazine365\/vargas-confirma-el-interes-por-cuba-y-destaca-el-potencial-de-aena-para-su-internacionalizacion\/#organizationLogo"}},{"@type":"Person","@id":"https:\/\/eldigitaldeasturias.com\/magazine365\/author\/admin\/#author","url":"https:\/\/eldigitaldeasturias.com\/magazine365\/author\/admin\/","name":"admin","image":{"@type":"ImageObject","@id":"https:\/\/eldigitaldeasturias.com\/magazine365\/vargas-confirma-el-interes-por-cuba-y-destaca-el-potencial-de-aena-para-su-internacionalizacion\/#authorImage","url":"https:\/\/eldigitaldeasturias.com\/magazine365\/wp-content\/litespeed\/avatar\/e571bcf59a0edd6fa6838245a470f2fe.jpg?ver=1777574230","width":96,"height":96,"caption":"admin"}},{"@type":"WebPage","@id":"https:\/\/eldigitaldeasturias.com\/magazine365\/vargas-confirma-el-interes-por-cuba-y-destaca-el-potencial-de-aena-para-su-internacionalizacion\/#webpage","url":"https:\/\/eldigitaldeasturias.com\/magazine365\/vargas-confirma-el-interes-por-cuba-y-destaca-el-potencial-de-aena-para-su-internacionalizacion\/","name":"Vargas confirma el inter\u00e9s por Cuba y destaca el \u00abpotencial\u00bb de Aena para su internacionalizaci\u00f3n | El Digital de Asturias","description":"El presidente y consejero delegado de Aena, Jos\u00e9 Manuel Vargas, ha destacado hoy el enorme potencial del gestor de los aeropuertos espa\u00f1oles para su internacionalizaci\u00f3n, con una destacada proyecci\u00f3n en Iberoam\u00e9rica, y ha confirmado el inter\u00e9s de la compa\u00f1\u00eda por ayudar al desarrollo aeroportuario de Cuba. \"Si fu\u00e9ramos capaces de utilizar Aena como una palanca","inLanguage":"es-ES","isPartOf":{"@id":"https:\/\/eldigitaldeasturias.com\/magazine365\/#website"},"breadcrumb":{"@id":"https:\/\/eldigitaldeasturias.com\/magazine365\/vargas-confirma-el-interes-por-cuba-y-destaca-el-potencial-de-aena-para-su-internacionalizacion\/#breadcrumblist"},"author":{"@id":"https:\/\/eldigitaldeasturias.com\/magazine365\/author\/admin\/#author"},"creator":{"@id":"https:\/\/eldigitaldeasturias.com\/magazine365\/author\/admin\/#author"},"image":{"@type":"ImageObject","url":"https:\/\/eldigitaldeasturias.com\/magazine365\/wp-content\/uploads\/2016\/05\/fotonoticia_20160523121103_800.jpg","@id":"https:\/\/eldigitaldeasturias.com\/magazine365\/vargas-confirma-el-interes-por-cuba-y-destaca-el-potencial-de-aena-para-su-internacionalizacion\/#mainImage","width":800,"height":1152},"primaryImageOfPage":{"@id":"https:\/\/eldigitaldeasturias.com\/magazine365\/vargas-confirma-el-interes-por-cuba-y-destaca-el-potencial-de-aena-para-su-internacionalizacion\/#mainImage"},"datePublished":"2016-05-24T07:42:11+02:00","dateModified":"2016-05-24T07:42:11+02:00"},{"@type":"WebSite","@id":"https:\/\/eldigitaldeasturias.com\/magazine365\/#website","url":"https:\/\/eldigitaldeasturias.com\/magazine365\/","name":"El Digital de Asturias","description":"Revista de ocio, turismo y estilo de vida","inLanguage":"es-ES","publisher":{"@id":"https:\/\/eldigitaldeasturias.com\/magazine365\/#organization"}}]},"og:locale":"es_ES","og:site_name":"El Digital de Asturias \u2013 Revista de ocio, turismo y estilo de vida","og:type":"article","og:title":"Vargas confirma el inter\u00e9s por Cuba y destaca el \u00abpotencial\u00bb de Aena para su internacionalizaci\u00f3n | El Digital de Asturias","og:description":"El presidente y consejero delegado de Aena, Jos\u00e9 Manuel Vargas, ha destacado hoy el enorme potencial del gestor de los aeropuertos espa\u00f1oles para su internacionalizaci\u00f3n, con una destacada proyecci\u00f3n en Iberoam\u00e9rica, y ha confirmado el inter\u00e9s de la compa\u00f1\u00eda por ayudar al desarrollo aeroportuario de Cuba. &quot;Si fu\u00e9ramos capaces de utilizar Aena como una palanca","og:url":"https:\/\/eldigitaldeasturias.com\/magazine365\/vargas-confirma-el-interes-por-cuba-y-destaca-el-potencial-de-aena-para-su-internacionalizacion\/","og:image":"https:\/\/eldigitaldeasturias.com\/magazine365\/wp-content\/uploads\/2016\/05\/fotonoticia_20160523121103_800.jpg","og:image:secure_url":"https:\/\/eldigitaldeasturias.com\/magazine365\/wp-content\/uploads\/2016\/05\/fotonoticia_20160523121103_800.jpg","og:image:width":800,"og:image:height":1152,"article:published_time":"2016-05-24T05:42:11+00:00","article:modified_time":"2016-05-24T05:42:11+00:00","twitter:card":"summary_large_image","twitter:title":"Vargas confirma el inter\u00e9s por Cuba y destaca el \u00abpotencial\u00bb de Aena para su internacionalizaci\u00f3n | El Digital de Asturias","twitter:description":"El presidente y consejero delegado de Aena, Jos\u00e9 Manuel Vargas, ha destacado hoy el enorme potencial del gestor de los aeropuertos espa\u00f1oles para su internacionalizaci\u00f3n, con una destacada proyecci\u00f3n en Iberoam\u00e9rica, y ha confirmado el inter\u00e9s de la compa\u00f1\u00eda por ayudar al desarrollo aeroportuario de Cuba. &quot;Si fu\u00e9ramos capaces de utilizar Aena como una palanca","twitter:image":"https:\/\/eldigitaldeasturias.com\/magazine365\/wp-content\/uploads\/2016\/05\/fotonoticia_20160523121103_800.jpg"},"aioseo_meta_data":{"post_id":"76757","title":null,"description":null,"keywords":null,"keyphrases":null,"primary_term":null,"canonical_url":null,"og_title":null,"og_description":null,"og_object_type":"default","og_image_type":"default","og_image_url":null,"og_image_width":null,"og_image_height":null,"og_image_custom_url":null,"og_image_custom_fields":null,"og_video":null,"og_custom_url":null,"og_article_section":null,"og_article_tags":null,"twitter_use_og":false,"twitter_card":"default","twitter_image_type":"default","twitter_image_url":null,"twitter_image_custom_url":null,"twitter_image_custom_fields":null,"twitter_title":null,"twitter_description":null,"schema":{"blockGraphs":[],"customGraphs":[],"default":{"data":{"Article":[],"Course":[],"Dataset":[],"FAQPage":[],"Movie":[],"Person":[],"Product":[],"ProductReview":[],"Car":[],"Recipe":[],"Service":[],"SoftwareApplication":[],"WebPage":[]},"graphName":"","isEnabled":true},"graphs":[]},"schema_type":null,"schema_type_options":null,"pillar_content":false,"robots_default":true,"robots_noindex":false,"robots_noarchive":false,"robots_nosnippet":false,"robots_nofollow":false,"robots_noimageindex":false,"robots_noodp":false,"robots_notranslate":false,"robots_max_snippet":null,"robots_max_videopreview":null,"robots_max_imagepreview":"large","priority":null,"frequency":null,"location":null,"local_seo":null,"seo_analyzer_scan_date":"2025-09-27 13:21:05","breadcrumb_settings":null,"limit_modified_date":false,"open_ai":null,"ai":null,"created":"2021-03-08 18:24:39","updated":"2025-09-27 13:21:05"},"aioseo_breadcrumb":"<div class=\"aioseo-breadcrumbs\"><span class=\"aioseo-breadcrumb\">\n\t<a href=\"https:\/\/eldigitaldeasturias.com\/magazine365\" title=\"Home\">Home<\/a>\n<\/span><span class=\"aioseo-breadcrumb-separator\">\u2013<\/span><span class=\"aioseo-breadcrumb\">\n\t<a href=\"https:\/\/eldigitaldeasturias.com\/magazine365\/category\/noticias-actualidad\/\" title=\"Noticias y Actualidad\">Noticias y Actualidad<\/a>\n<\/span><span class=\"aioseo-breadcrumb-separator\">\u2013<\/span><span class=\"aioseo-breadcrumb\">\n\t<a href=\"https:\/\/eldigitaldeasturias.com\/magazine365\/vargas-confirma-el-interes-por-cuba-y-destaca-el-potencial-de-aena-para-su-internacionalizacion\/\" title=\"Vargas confirma el inter\u00e9s por Cuba y destaca el \u00abpotencial\u00bb de Aena para su internacionalizaci\u00f3n\">Vargas confirma el inter\u00e9s por Cuba y destaca el \u00abpotencial\u00bb de Aena para su internacionalizaci\u00f3n<\/a>\n<\/span><\/div>","aioseo_breadcrumb_json":[{"label":"Home","link":"https:\/\/eldigitaldeasturias.com\/magazine365"},{"label":"Noticias y Actualidad","link":"https:\/\/eldigitaldeasturias.com\/magazine365\/category\/noticias-actualidad\/"},{"label":"Vargas confirma el inter\u00e9s por Cuba y destaca el \u00abpotencial\u00bb de Aena para su internacionalizaci\u00f3n","link":"https:\/\/eldigitaldeasturias.com\/magazine365\/vargas-confirma-el-interes-por-cuba-y-destaca-el-potencial-de-aena-para-su-internacionalizacion\/"}],"_links":{"self":[{"href":"https:\/\/eldigitaldeasturias.com\/magazine365\/wp-json\/wp\/v2\/posts\/76757","targetHints":{"allow":["GET"]}}],"collection":[{"href":"https:\/\/eldigitaldeasturias.com\/magazine365\/wp-json\/wp\/v2\/posts"}],"about":[{"href":"https:\/\/eldigitaldeasturias.com\/magazine365\/wp-json\/wp\/v2\/types\/post"}],"author":[{"embeddable":true,"href":"https:\/\/eldigitaldeasturias.com\/magazine365\/wp-json\/wp\/v2\/users\/1"}],"replies":[{"embeddable":true,"href":"https:\/\/eldigitaldeasturias.com\/magazine365\/wp-json\/wp\/v2\/comments?post=76757"}],"version-history":[{"count":0,"href":"https:\/\/eldigitaldeasturias.com\/magazine365\/wp-json\/wp\/v2\/posts\/76757\/revisions"}],"wp:featuredmedia":[{"embeddable":true,"href":"https:\/\/eldigitaldeasturias.com\/magazine365\/wp-json\/wp\/v2\/media\/76758"}],"wp:attachment":[{"href":"https:\/\/eldigitaldeasturias.com\/magazine365\/wp-json\/wp\/v2\/media?parent=76757"}],"wp:term":[{"taxonomy":"category","embeddable":true,"href":"https:\/\/eldigitaldeasturias.com\/magazine365\/wp-json\/wp\/v2\/categories?post=76757"},{"taxonomy":"post_tag","embeddable":true,"href":"https:\/\/eldigitaldeasturias.com\/magazine365\/wp-json\/wp\/v2\/tags?post=76757"}],"curies":[{"name":"wp","href":"https:\/\/api.w.org\/{rel}","templated":true}]}}