{"id":76754,"date":"2016-05-24T07:41:13","date_gmt":"2016-05-24T05:41:13","guid":{"rendered":"http:\/\/eldigitaldeasturias.com\/magazine365\/?p=76754"},"modified":"2016-05-24T07:41:13","modified_gmt":"2016-05-24T05:41:13","slug":"cartagena-acoge-un-ejercicio-de-activacion-del-plan-de-seguridad-de-proteccion-del-puerto","status":"publish","type":"post","link":"https:\/\/eldigitaldeasturias.com\/magazine365\/cartagena-acoge-un-ejercicio-de-activacion-del-plan-de-seguridad-de-proteccion-del-puerto\/","title":{"rendered":"Cartagena acoge un ejercicio de activaci\u00f3n del Plan de Seguridad de Protecci\u00f3n del puerto"},"content":{"rendered":"<p><img fetchpriority=\"high\" decoding=\"async\" class=\"alignleft size-medium wp-image-76755\" src=\"https:\/\/eldigitaldeasturias.com\/magazine365\/wp-content\/uploads\/2016\/05\/fotonoticia_20160523112531_800-360x239.jpg\" alt=\"fotonoticia_20160523112531_800\" width=\"360\" height=\"239\" srcset=\"https:\/\/eldigitaldeasturias.com\/magazine365\/wp-content\/uploads\/2016\/05\/fotonoticia_20160523112531_800-360x239.jpg 360w, https:\/\/eldigitaldeasturias.com\/magazine365\/wp-content\/uploads\/2016\/05\/fotonoticia_20160523112531_800-650x432.jpg 650w, https:\/\/eldigitaldeasturias.com\/magazine365\/wp-content\/uploads\/2016\/05\/fotonoticia_20160523112531_800-768x511.jpg 768w, https:\/\/eldigitaldeasturias.com\/magazine365\/wp-content\/uploads\/2016\/05\/fotonoticia_20160523112531_800-150x100.jpg 150w, https:\/\/eldigitaldeasturias.com\/magazine365\/wp-content\/uploads\/2016\/05\/fotonoticia_20160523112531_800-450x299.jpg 450w, https:\/\/eldigitaldeasturias.com\/magazine365\/wp-content\/uploads\/2016\/05\/fotonoticia_20160523112531_800-121x79.jpg 121w, https:\/\/eldigitaldeasturias.com\/magazine365\/wp-content\/uploads\/2016\/05\/fotonoticia_20160523112531_800-101x66.jpg 101w, https:\/\/eldigitaldeasturias.com\/magazine365\/wp-content\/uploads\/2016\/05\/fotonoticia_20160523112531_800.jpg 800w\" sizes=\"(max-width: 360px) 100vw, 360px\" \/>La Delegaci\u00f3n del Gobierno en Murcia, la Armada Espa\u00f1ola, el Ayuntamiento de Cartagena, la Autoridad Portuaria, la Capitan\u00eda Mar\u00edtima del puerto de Cartagena, la Guardia Civil, el Cuerpo Nacional de Polic\u00eda y Navantia realizar\u00e1n este lunes un ejercicio conjunto de activaci\u00f3n del plan de protecci\u00f3n de seguridad en el puerto de Cartagena.<\/p>\n<p>En este escenario se afrontar\u00e1 una amenaza sobre la aparici\u00f3n de un artefacto explosivo en las proximidades de un buque atracado en el Muelle de Cruceros y otro en un coche estacionado en la Carretera de Acceso al Club N\u00e1utico y sus posibles efectos secundarios en el astillero de Navantia y en el Arsenal Militar.<\/p>\n<p>Este adiestramiento, previsto en el programa del ejercicio de Seguridad Mar\u00edtima MARSEC-16, estar\u00e1 coordinado y dirigido por la Autoridad Portuaria de Cartagena y el Comandante de las Unidades de Acci\u00f3n Mar\u00edtima en Cartagena (COMARCART).<\/p>\n<p>Las unidades y organismos participantes ser\u00e1n: Delegaci\u00f3n del Gobierno en Murcia, Autoridad Portuaria, Capitan\u00eda Mar\u00edtima, COMARCART en sus funciones como Comandante Naval de Cartagena, Guardia Civil, Cuerpo Nacional de Pol\u00edtica, Polic\u00eda Local de Cartagena, Protecci\u00f3n Civil, Navantia, Arsenal Militar de Cartagena, Fuerza de Protecci\u00f3n de Infanter\u00eda de Marina, patrullero Infanta Elena y la Unidad de Buceadores de Medidas Contraminas de la Armada.<\/p>\n<p>EJERCICIO MARSEC-16<\/p>\n<p>Esta actividad se enmarca en el tercero de los escenarios previstos en el ejercicio conjunto mar\u00edtimo MARSEC 16, que la Armada desarrolla junto a otros 60 organismos de la Administraci\u00f3n P\u00fablica, Administraciones Auton\u00f3micas y Locales para afrontar y mejorar la coordinaci\u00f3n entre agencias en operaciones de seguridad mar\u00edtima.<\/p>\n<p>El objetivo del ejercicio MARSEC 2016 es comprobar la capacidad de coordinaci\u00f3n y colaboraci\u00f3n de la Fuerza de Acci\u00f3n Mar\u00edtima de la Armada con otros organismos para afrontar operaciones de seguridad mar\u00edtima, as\u00ed como mejorar la coordinaci\u00f3n en la mar entre las unidades de la Armada y Organismos Gubernamentales y no Gubernamentales.<\/p>\n<p>Estas abarcan desde las actividades relacionadas con el tr\u00e1fico de sustancias estupefacientes e inmigraci\u00f3n irregular, hasta el control sanitario de inmigrantes, buceo, rescate de submarinos y aeronaves siniestradas, incendios de buques en la mar, orientaci\u00f3n y gu\u00eda del tr\u00e1fico mar\u00edtimo, auxilio y rescate en la mar.<\/p>\n<p>&nbsp;<\/p>\n","protected":false},"excerpt":{"rendered":"<p>La Delegaci\u00f3n del Gobierno en Murcia, la Armada Espa\u00f1ola, el Ayuntamiento de Cartagena, la Autoridad Portuaria, la Capitan\u00eda Mar\u00edtima del puerto de Cartagena, la Guardia Civil, el Cuerpo Nacional de Polic\u00eda y Navantia realizar\u00e1n este lunes un ejercicio conjunto de activaci\u00f3n del plan de protecci\u00f3n de seguridad en el puerto de Cartagena. En este escenario<\/p>\n","protected":false},"author":1,"featured_media":76755,"comment_status":"open","ping_status":"closed","sticky":false,"template":"","format":"standard","meta":{"footnotes":""},"categories":[224],"tags":[],"class_list":{"0":"post-76754","1":"post","2":"type-post","3":"status-publish","4":"format-standard","5":"has-post-thumbnail","7":"category-noticias-actualidad"},"aioseo_notices":[],"aioseo_head":"\n\t\t<!-- All in One SEO Pro 4.9.6.1 - aioseo.com -->\n\t<meta name=\"description\" content=\"La Delegaci\u00f3n del Gobierno en Murcia, la Armada Espa\u00f1ola, el Ayuntamiento de Cartagena, la Autoridad Portuaria, la Capitan\u00eda Mar\u00edtima del puerto de Cartagena, la Guardia Civil, el Cuerpo Nacional de Polic\u00eda y Navantia realizar\u00e1n este lunes un ejercicio conjunto de activaci\u00f3n del plan de protecci\u00f3n de seguridad en el puerto de Cartagena. En este escenario\" \/>\n\t<meta name=\"robots\" content=\"max-image-preview:large\" \/>\n\t<meta name=\"author\" content=\"admin\"\/>\n\t<meta name=\"google-site-verification\" content=\"UA-38556648-1\" \/>\n\t<meta name=\"keywords\" content=\"noticias y actualidad\" \/>\n\t<link rel=\"canonical\" href=\"https:\/\/eldigitaldeasturias.com\/magazine365\/cartagena-acoge-un-ejercicio-de-activacion-del-plan-de-seguridad-de-proteccion-del-puerto\/\" \/>\n\t<meta name=\"generator\" content=\"All in One SEO Pro (AIOSEO) 4.9.6.1\" \/>\n\t\t<meta property=\"og:locale\" content=\"es_ES\" \/>\n\t\t<meta property=\"og:site_name\" content=\"El Digital de Asturias \u2013 Revista de ocio, turismo y estilo de vida\" \/>\n\t\t<meta property=\"og:type\" content=\"article\" \/>\n\t\t<meta property=\"og:title\" content=\"Cartagena acoge un ejercicio de activaci\u00f3n del Plan de Seguridad de Protecci\u00f3n del puerto | El Digital de Asturias\" \/>\n\t\t<meta property=\"og:description\" content=\"La Delegaci\u00f3n del Gobierno en Murcia, la Armada Espa\u00f1ola, el Ayuntamiento de Cartagena, la Autoridad Portuaria, la Capitan\u00eda Mar\u00edtima del puerto de Cartagena, la Guardia Civil, el Cuerpo Nacional de Polic\u00eda y Navantia realizar\u00e1n este lunes un ejercicio conjunto de activaci\u00f3n del plan de protecci\u00f3n de seguridad en el puerto de Cartagena. En este escenario\" \/>\n\t\t<meta property=\"og:url\" content=\"https:\/\/eldigitaldeasturias.com\/magazine365\/cartagena-acoge-un-ejercicio-de-activacion-del-plan-de-seguridad-de-proteccion-del-puerto\/\" \/>\n\t\t<meta property=\"og:image\" content=\"https:\/\/eldigitaldeasturias.com\/magazine365\/wp-content\/uploads\/2016\/05\/fotonoticia_20160523112531_800.jpg\" \/>\n\t\t<meta property=\"og:image:secure_url\" content=\"https:\/\/eldigitaldeasturias.com\/magazine365\/wp-content\/uploads\/2016\/05\/fotonoticia_20160523112531_800.jpg\" \/>\n\t\t<meta property=\"og:image:width\" content=\"800\" \/>\n\t\t<meta property=\"og:image:height\" content=\"532\" \/>\n\t\t<meta property=\"article:published_time\" content=\"2016-05-24T05:41:13+00:00\" \/>\n\t\t<meta property=\"article:modified_time\" content=\"2016-05-24T05:41:13+00:00\" \/>\n\t\t<meta name=\"twitter:card\" content=\"summary_large_image\" \/>\n\t\t<meta name=\"twitter:title\" content=\"Cartagena acoge un ejercicio de activaci\u00f3n del Plan de Seguridad de Protecci\u00f3n del puerto | El Digital de Asturias\" \/>\n\t\t<meta name=\"twitter:description\" content=\"La Delegaci\u00f3n del Gobierno en Murcia, la Armada Espa\u00f1ola, el Ayuntamiento de Cartagena, la Autoridad Portuaria, la Capitan\u00eda Mar\u00edtima del puerto de Cartagena, la Guardia Civil, el Cuerpo Nacional de Polic\u00eda y Navantia realizar\u00e1n este lunes un ejercicio conjunto de activaci\u00f3n del plan de protecci\u00f3n de seguridad en el puerto de Cartagena. En este escenario\" \/>\n\t\t<meta name=\"twitter:image\" content=\"https:\/\/eldigitaldeasturias.com\/magazine365\/wp-content\/uploads\/2016\/05\/fotonoticia_20160523112531_800.jpg\" \/>\n\t\t<script type=\"application\/ld+json\" class=\"aioseo-schema\">\n\t\t\t{\"@context\":\"https:\\\/\\\/schema.org\",\"@graph\":[{\"@type\":\"Article\",\"@id\":\"https:\\\/\\\/eldigitaldeasturias.com\\\/magazine365\\\/cartagena-acoge-un-ejercicio-de-activacion-del-plan-de-seguridad-de-proteccion-del-puerto\\\/#article\",\"name\":\"Cartagena acoge un ejercicio de activaci\\u00f3n del Plan de Seguridad de Protecci\\u00f3n del puerto | El Digital de Asturias\",\"headline\":\"Cartagena acoge un ejercicio de activaci\\u00f3n del Plan de Seguridad de Protecci\\u00f3n del puerto\",\"author\":{\"@id\":\"https:\\\/\\\/eldigitaldeasturias.com\\\/magazine365\\\/author\\\/admin\\\/#author\"},\"publisher\":{\"@id\":\"https:\\\/\\\/eldigitaldeasturias.com\\\/magazine365\\\/#organization\"},\"image\":{\"@type\":\"ImageObject\",\"url\":\"https:\\\/\\\/eldigitaldeasturias.com\\\/magazine365\\\/wp-content\\\/uploads\\\/2016\\\/05\\\/fotonoticia_20160523112531_800.jpg\",\"width\":800,\"height\":532},\"datePublished\":\"2016-05-24T07:41:13+02:00\",\"dateModified\":\"2016-05-24T07:41:13+02:00\",\"inLanguage\":\"es-ES\",\"mainEntityOfPage\":{\"@id\":\"https:\\\/\\\/eldigitaldeasturias.com\\\/magazine365\\\/cartagena-acoge-un-ejercicio-de-activacion-del-plan-de-seguridad-de-proteccion-del-puerto\\\/#webpage\"},\"isPartOf\":{\"@id\":\"https:\\\/\\\/eldigitaldeasturias.com\\\/magazine365\\\/cartagena-acoge-un-ejercicio-de-activacion-del-plan-de-seguridad-de-proteccion-del-puerto\\\/#webpage\"},\"articleSection\":\"Noticias y Actualidad\"},{\"@type\":\"BreadcrumbList\",\"@id\":\"https:\\\/\\\/eldigitaldeasturias.com\\\/magazine365\\\/cartagena-acoge-un-ejercicio-de-activacion-del-plan-de-seguridad-de-proteccion-del-puerto\\\/#breadcrumblist\",\"itemListElement\":[{\"@type\":\"ListItem\",\"@id\":\"https:\\\/\\\/eldigitaldeasturias.com\\\/magazine365#listItem\",\"position\":1,\"name\":\"Home\",\"item\":\"https:\\\/\\\/eldigitaldeasturias.com\\\/magazine365\",\"nextItem\":{\"@type\":\"ListItem\",\"@id\":\"https:\\\/\\\/eldigitaldeasturias.com\\\/magazine365\\\/category\\\/noticias-actualidad\\\/#listItem\",\"name\":\"Noticias y Actualidad\"}},{\"@type\":\"ListItem\",\"@id\":\"https:\\\/\\\/eldigitaldeasturias.com\\\/magazine365\\\/category\\\/noticias-actualidad\\\/#listItem\",\"position\":2,\"name\":\"Noticias y Actualidad\",\"item\":\"https:\\\/\\\/eldigitaldeasturias.com\\\/magazine365\\\/category\\\/noticias-actualidad\\\/\",\"nextItem\":{\"@type\":\"ListItem\",\"@id\":\"https:\\\/\\\/eldigitaldeasturias.com\\\/magazine365\\\/cartagena-acoge-un-ejercicio-de-activacion-del-plan-de-seguridad-de-proteccion-del-puerto\\\/#listItem\",\"name\":\"Cartagena acoge un ejercicio de activaci\\u00f3n del Plan de Seguridad de Protecci\\u00f3n del puerto\"},\"previousItem\":{\"@type\":\"ListItem\",\"@id\":\"https:\\\/\\\/eldigitaldeasturias.com\\\/magazine365#listItem\",\"name\":\"Home\"}},{\"@type\":\"ListItem\",\"@id\":\"https:\\\/\\\/eldigitaldeasturias.com\\\/magazine365\\\/cartagena-acoge-un-ejercicio-de-activacion-del-plan-de-seguridad-de-proteccion-del-puerto\\\/#listItem\",\"position\":3,\"name\":\"Cartagena acoge un ejercicio de activaci\\u00f3n del Plan de Seguridad de Protecci\\u00f3n del puerto\",\"previousItem\":{\"@type\":\"ListItem\",\"@id\":\"https:\\\/\\\/eldigitaldeasturias.com\\\/magazine365\\\/category\\\/noticias-actualidad\\\/#listItem\",\"name\":\"Noticias y Actualidad\"}}]},{\"@type\":\"Organization\",\"@id\":\"https:\\\/\\\/eldigitaldeasturias.com\\\/magazine365\\\/#organization\",\"name\":\"El digital de Asturias\",\"description\":\"Revista de ocio, turismo y estilo de vida\",\"url\":\"https:\\\/\\\/eldigitaldeasturias.com\\\/magazine365\\\/\",\"logo\":{\"@type\":\"ImageObject\",\"url\":\"https:\\\/\\\/www.eldigitaldeasturias.com\\\/noticias\\\/wp-content\\\/uploads\\\/2020\\\/12\\\/EDA.jpg\",\"@id\":\"https:\\\/\\\/eldigitaldeasturias.com\\\/magazine365\\\/cartagena-acoge-un-ejercicio-de-activacion-del-plan-de-seguridad-de-proteccion-del-puerto\\\/#organizationLogo\"},\"image\":{\"@id\":\"https:\\\/\\\/eldigitaldeasturias.com\\\/magazine365\\\/cartagena-acoge-un-ejercicio-de-activacion-del-plan-de-seguridad-de-proteccion-del-puerto\\\/#organizationLogo\"}},{\"@type\":\"Person\",\"@id\":\"https:\\\/\\\/eldigitaldeasturias.com\\\/magazine365\\\/author\\\/admin\\\/#author\",\"url\":\"https:\\\/\\\/eldigitaldeasturias.com\\\/magazine365\\\/author\\\/admin\\\/\",\"name\":\"admin\",\"image\":{\"@type\":\"ImageObject\",\"@id\":\"https:\\\/\\\/eldigitaldeasturias.com\\\/magazine365\\\/cartagena-acoge-un-ejercicio-de-activacion-del-plan-de-seguridad-de-proteccion-del-puerto\\\/#authorImage\",\"url\":\"https:\\\/\\\/eldigitaldeasturias.com\\\/magazine365\\\/wp-content\\\/litespeed\\\/avatar\\\/e571bcf59a0edd6fa6838245a470f2fe.jpg?ver=1777574230\",\"width\":96,\"height\":96,\"caption\":\"admin\"}},{\"@type\":\"WebPage\",\"@id\":\"https:\\\/\\\/eldigitaldeasturias.com\\\/magazine365\\\/cartagena-acoge-un-ejercicio-de-activacion-del-plan-de-seguridad-de-proteccion-del-puerto\\\/#webpage\",\"url\":\"https:\\\/\\\/eldigitaldeasturias.com\\\/magazine365\\\/cartagena-acoge-un-ejercicio-de-activacion-del-plan-de-seguridad-de-proteccion-del-puerto\\\/\",\"name\":\"Cartagena acoge un ejercicio de activaci\\u00f3n del Plan de Seguridad de Protecci\\u00f3n del puerto | El Digital de Asturias\",\"description\":\"La Delegaci\\u00f3n del Gobierno en Murcia, la Armada Espa\\u00f1ola, el Ayuntamiento de Cartagena, la Autoridad Portuaria, la Capitan\\u00eda Mar\\u00edtima del puerto de Cartagena, la Guardia Civil, el Cuerpo Nacional de Polic\\u00eda y Navantia realizar\\u00e1n este lunes un ejercicio conjunto de activaci\\u00f3n del plan de protecci\\u00f3n de seguridad en el puerto de Cartagena. En este escenario\",\"inLanguage\":\"es-ES\",\"isPartOf\":{\"@id\":\"https:\\\/\\\/eldigitaldeasturias.com\\\/magazine365\\\/#website\"},\"breadcrumb\":{\"@id\":\"https:\\\/\\\/eldigitaldeasturias.com\\\/magazine365\\\/cartagena-acoge-un-ejercicio-de-activacion-del-plan-de-seguridad-de-proteccion-del-puerto\\\/#breadcrumblist\"},\"author\":{\"@id\":\"https:\\\/\\\/eldigitaldeasturias.com\\\/magazine365\\\/author\\\/admin\\\/#author\"},\"creator\":{\"@id\":\"https:\\\/\\\/eldigitaldeasturias.com\\\/magazine365\\\/author\\\/admin\\\/#author\"},\"image\":{\"@type\":\"ImageObject\",\"url\":\"https:\\\/\\\/eldigitaldeasturias.com\\\/magazine365\\\/wp-content\\\/uploads\\\/2016\\\/05\\\/fotonoticia_20160523112531_800.jpg\",\"@id\":\"https:\\\/\\\/eldigitaldeasturias.com\\\/magazine365\\\/cartagena-acoge-un-ejercicio-de-activacion-del-plan-de-seguridad-de-proteccion-del-puerto\\\/#mainImage\",\"width\":800,\"height\":532},\"primaryImageOfPage\":{\"@id\":\"https:\\\/\\\/eldigitaldeasturias.com\\\/magazine365\\\/cartagena-acoge-un-ejercicio-de-activacion-del-plan-de-seguridad-de-proteccion-del-puerto\\\/#mainImage\"},\"datePublished\":\"2016-05-24T07:41:13+02:00\",\"dateModified\":\"2016-05-24T07:41:13+02:00\"},{\"@type\":\"WebSite\",\"@id\":\"https:\\\/\\\/eldigitaldeasturias.com\\\/magazine365\\\/#website\",\"url\":\"https:\\\/\\\/eldigitaldeasturias.com\\\/magazine365\\\/\",\"name\":\"El Digital de Asturias\",\"description\":\"Revista de ocio, turismo y estilo de vida\",\"inLanguage\":\"es-ES\",\"publisher\":{\"@id\":\"https:\\\/\\\/eldigitaldeasturias.com\\\/magazine365\\\/#organization\"}}]}\n\t\t<\/script>\n\t\t<!-- All in One SEO Pro -->\r\n\t\t<title>Cartagena acoge un ejercicio de activaci\u00f3n del Plan de Seguridad de Protecci\u00f3n del puerto | El Digital de Asturias<\/title>\n\n","aioseo_head_json":{"title":"Cartagena acoge un ejercicio de activaci\u00f3n del Plan de Seguridad de Protecci\u00f3n del puerto | El Digital de Asturias","description":"La Delegaci\u00f3n del Gobierno en Murcia, la Armada Espa\u00f1ola, el Ayuntamiento de Cartagena, la Autoridad Portuaria, la Capitan\u00eda Mar\u00edtima del puerto de Cartagena, la Guardia Civil, el Cuerpo Nacional de Polic\u00eda y Navantia realizar\u00e1n este lunes un ejercicio conjunto de activaci\u00f3n del plan de protecci\u00f3n de seguridad en el puerto de Cartagena. En este escenario","canonical_url":"https:\/\/eldigitaldeasturias.com\/magazine365\/cartagena-acoge-un-ejercicio-de-activacion-del-plan-de-seguridad-de-proteccion-del-puerto\/","robots":"max-image-preview:large","keywords":"noticias y actualidad","webmasterTools":{"google-site-verification":"UA-38556648-1","miscellaneous":""},"schema":{"@context":"https:\/\/schema.org","@graph":[{"@type":"Article","@id":"https:\/\/eldigitaldeasturias.com\/magazine365\/cartagena-acoge-un-ejercicio-de-activacion-del-plan-de-seguridad-de-proteccion-del-puerto\/#article","name":"Cartagena acoge un ejercicio de activaci\u00f3n del Plan de Seguridad de Protecci\u00f3n del puerto | El Digital de Asturias","headline":"Cartagena acoge un ejercicio de activaci\u00f3n del Plan de Seguridad de Protecci\u00f3n del puerto","author":{"@id":"https:\/\/eldigitaldeasturias.com\/magazine365\/author\/admin\/#author"},"publisher":{"@id":"https:\/\/eldigitaldeasturias.com\/magazine365\/#organization"},"image":{"@type":"ImageObject","url":"https:\/\/eldigitaldeasturias.com\/magazine365\/wp-content\/uploads\/2016\/05\/fotonoticia_20160523112531_800.jpg","width":800,"height":532},"datePublished":"2016-05-24T07:41:13+02:00","dateModified":"2016-05-24T07:41:13+02:00","inLanguage":"es-ES","mainEntityOfPage":{"@id":"https:\/\/eldigitaldeasturias.com\/magazine365\/cartagena-acoge-un-ejercicio-de-activacion-del-plan-de-seguridad-de-proteccion-del-puerto\/#webpage"},"isPartOf":{"@id":"https:\/\/eldigitaldeasturias.com\/magazine365\/cartagena-acoge-un-ejercicio-de-activacion-del-plan-de-seguridad-de-proteccion-del-puerto\/#webpage"},"articleSection":"Noticias y Actualidad"},{"@type":"BreadcrumbList","@id":"https:\/\/eldigitaldeasturias.com\/magazine365\/cartagena-acoge-un-ejercicio-de-activacion-del-plan-de-seguridad-de-proteccion-del-puerto\/#breadcrumblist","itemListElement":[{"@type":"ListItem","@id":"https:\/\/eldigitaldeasturias.com\/magazine365#listItem","position":1,"name":"Home","item":"https:\/\/eldigitaldeasturias.com\/magazine365","nextItem":{"@type":"ListItem","@id":"https:\/\/eldigitaldeasturias.com\/magazine365\/category\/noticias-actualidad\/#listItem","name":"Noticias y Actualidad"}},{"@type":"ListItem","@id":"https:\/\/eldigitaldeasturias.com\/magazine365\/category\/noticias-actualidad\/#listItem","position":2,"name":"Noticias y Actualidad","item":"https:\/\/eldigitaldeasturias.com\/magazine365\/category\/noticias-actualidad\/","nextItem":{"@type":"ListItem","@id":"https:\/\/eldigitaldeasturias.com\/magazine365\/cartagena-acoge-un-ejercicio-de-activacion-del-plan-de-seguridad-de-proteccion-del-puerto\/#listItem","name":"Cartagena acoge un ejercicio de activaci\u00f3n del Plan de Seguridad de Protecci\u00f3n del puerto"},"previousItem":{"@type":"ListItem","@id":"https:\/\/eldigitaldeasturias.com\/magazine365#listItem","name":"Home"}},{"@type":"ListItem","@id":"https:\/\/eldigitaldeasturias.com\/magazine365\/cartagena-acoge-un-ejercicio-de-activacion-del-plan-de-seguridad-de-proteccion-del-puerto\/#listItem","position":3,"name":"Cartagena acoge un ejercicio de activaci\u00f3n del Plan de Seguridad de Protecci\u00f3n del puerto","previousItem":{"@type":"ListItem","@id":"https:\/\/eldigitaldeasturias.com\/magazine365\/category\/noticias-actualidad\/#listItem","name":"Noticias y Actualidad"}}]},{"@type":"Organization","@id":"https:\/\/eldigitaldeasturias.com\/magazine365\/#organization","name":"El digital de Asturias","description":"Revista de ocio, turismo y estilo de vida","url":"https:\/\/eldigitaldeasturias.com\/magazine365\/","logo":{"@type":"ImageObject","url":"https:\/\/www.eldigitaldeasturias.com\/noticias\/wp-content\/uploads\/2020\/12\/EDA.jpg","@id":"https:\/\/eldigitaldeasturias.com\/magazine365\/cartagena-acoge-un-ejercicio-de-activacion-del-plan-de-seguridad-de-proteccion-del-puerto\/#organizationLogo"},"image":{"@id":"https:\/\/eldigitaldeasturias.com\/magazine365\/cartagena-acoge-un-ejercicio-de-activacion-del-plan-de-seguridad-de-proteccion-del-puerto\/#organizationLogo"}},{"@type":"Person","@id":"https:\/\/eldigitaldeasturias.com\/magazine365\/author\/admin\/#author","url":"https:\/\/eldigitaldeasturias.com\/magazine365\/author\/admin\/","name":"admin","image":{"@type":"ImageObject","@id":"https:\/\/eldigitaldeasturias.com\/magazine365\/cartagena-acoge-un-ejercicio-de-activacion-del-plan-de-seguridad-de-proteccion-del-puerto\/#authorImage","url":"https:\/\/eldigitaldeasturias.com\/magazine365\/wp-content\/litespeed\/avatar\/e571bcf59a0edd6fa6838245a470f2fe.jpg?ver=1777574230","width":96,"height":96,"caption":"admin"}},{"@type":"WebPage","@id":"https:\/\/eldigitaldeasturias.com\/magazine365\/cartagena-acoge-un-ejercicio-de-activacion-del-plan-de-seguridad-de-proteccion-del-puerto\/#webpage","url":"https:\/\/eldigitaldeasturias.com\/magazine365\/cartagena-acoge-un-ejercicio-de-activacion-del-plan-de-seguridad-de-proteccion-del-puerto\/","name":"Cartagena acoge un ejercicio de activaci\u00f3n del Plan de Seguridad de Protecci\u00f3n del puerto | El Digital de Asturias","description":"La Delegaci\u00f3n del Gobierno en Murcia, la Armada Espa\u00f1ola, el Ayuntamiento de Cartagena, la Autoridad Portuaria, la Capitan\u00eda Mar\u00edtima del puerto de Cartagena, la Guardia Civil, el Cuerpo Nacional de Polic\u00eda y Navantia realizar\u00e1n este lunes un ejercicio conjunto de activaci\u00f3n del plan de protecci\u00f3n de seguridad en el puerto de Cartagena. En este escenario","inLanguage":"es-ES","isPartOf":{"@id":"https:\/\/eldigitaldeasturias.com\/magazine365\/#website"},"breadcrumb":{"@id":"https:\/\/eldigitaldeasturias.com\/magazine365\/cartagena-acoge-un-ejercicio-de-activacion-del-plan-de-seguridad-de-proteccion-del-puerto\/#breadcrumblist"},"author":{"@id":"https:\/\/eldigitaldeasturias.com\/magazine365\/author\/admin\/#author"},"creator":{"@id":"https:\/\/eldigitaldeasturias.com\/magazine365\/author\/admin\/#author"},"image":{"@type":"ImageObject","url":"https:\/\/eldigitaldeasturias.com\/magazine365\/wp-content\/uploads\/2016\/05\/fotonoticia_20160523112531_800.jpg","@id":"https:\/\/eldigitaldeasturias.com\/magazine365\/cartagena-acoge-un-ejercicio-de-activacion-del-plan-de-seguridad-de-proteccion-del-puerto\/#mainImage","width":800,"height":532},"primaryImageOfPage":{"@id":"https:\/\/eldigitaldeasturias.com\/magazine365\/cartagena-acoge-un-ejercicio-de-activacion-del-plan-de-seguridad-de-proteccion-del-puerto\/#mainImage"},"datePublished":"2016-05-24T07:41:13+02:00","dateModified":"2016-05-24T07:41:13+02:00"},{"@type":"WebSite","@id":"https:\/\/eldigitaldeasturias.com\/magazine365\/#website","url":"https:\/\/eldigitaldeasturias.com\/magazine365\/","name":"El Digital de Asturias","description":"Revista de ocio, turismo y estilo de vida","inLanguage":"es-ES","publisher":{"@id":"https:\/\/eldigitaldeasturias.com\/magazine365\/#organization"}}]},"og:locale":"es_ES","og:site_name":"El Digital de Asturias \u2013 Revista de ocio, turismo y estilo de vida","og:type":"article","og:title":"Cartagena acoge un ejercicio de activaci\u00f3n del Plan de Seguridad de Protecci\u00f3n del puerto | El Digital de Asturias","og:description":"La Delegaci\u00f3n del Gobierno en Murcia, la Armada Espa\u00f1ola, el Ayuntamiento de Cartagena, la Autoridad Portuaria, la Capitan\u00eda Mar\u00edtima del puerto de Cartagena, la Guardia Civil, el Cuerpo Nacional de Polic\u00eda y Navantia realizar\u00e1n este lunes un ejercicio conjunto de activaci\u00f3n del plan de protecci\u00f3n de seguridad en el puerto de Cartagena. En este escenario","og:url":"https:\/\/eldigitaldeasturias.com\/magazine365\/cartagena-acoge-un-ejercicio-de-activacion-del-plan-de-seguridad-de-proteccion-del-puerto\/","og:image":"https:\/\/eldigitaldeasturias.com\/magazine365\/wp-content\/uploads\/2016\/05\/fotonoticia_20160523112531_800.jpg","og:image:secure_url":"https:\/\/eldigitaldeasturias.com\/magazine365\/wp-content\/uploads\/2016\/05\/fotonoticia_20160523112531_800.jpg","og:image:width":800,"og:image:height":532,"article:published_time":"2016-05-24T05:41:13+00:00","article:modified_time":"2016-05-24T05:41:13+00:00","twitter:card":"summary_large_image","twitter:title":"Cartagena acoge un ejercicio de activaci\u00f3n del Plan de Seguridad de Protecci\u00f3n del puerto | El Digital de Asturias","twitter:description":"La Delegaci\u00f3n del Gobierno en Murcia, la Armada Espa\u00f1ola, el Ayuntamiento de Cartagena, la Autoridad Portuaria, la Capitan\u00eda Mar\u00edtima del puerto de Cartagena, la Guardia Civil, el Cuerpo Nacional de Polic\u00eda y Navantia realizar\u00e1n este lunes un ejercicio conjunto de activaci\u00f3n del plan de protecci\u00f3n de seguridad en el puerto de Cartagena. En este escenario","twitter:image":"https:\/\/eldigitaldeasturias.com\/magazine365\/wp-content\/uploads\/2016\/05\/fotonoticia_20160523112531_800.jpg"},"aioseo_meta_data":{"post_id":"76754","title":null,"description":null,"keywords":null,"keyphrases":null,"primary_term":null,"canonical_url":null,"og_title":null,"og_description":null,"og_object_type":"default","og_image_type":"default","og_image_url":null,"og_image_width":null,"og_image_height":null,"og_image_custom_url":null,"og_image_custom_fields":null,"og_video":null,"og_custom_url":null,"og_article_section":null,"og_article_tags":null,"twitter_use_og":false,"twitter_card":"default","twitter_image_type":"default","twitter_image_url":null,"twitter_image_custom_url":null,"twitter_image_custom_fields":null,"twitter_title":null,"twitter_description":null,"schema":{"blockGraphs":[],"customGraphs":[],"default":{"data":{"Article":[],"Course":[],"Dataset":[],"FAQPage":[],"Movie":[],"Person":[],"Product":[],"ProductReview":[],"Car":[],"Recipe":[],"Service":[],"SoftwareApplication":[],"WebPage":[]},"graphName":"","isEnabled":true},"graphs":[],"defaultGraph":"","defaultPostTypeGraph":""},"schema_type":null,"schema_type_options":null,"pillar_content":false,"robots_default":true,"robots_noindex":false,"robots_noarchive":false,"robots_nosnippet":false,"robots_nofollow":false,"robots_noimageindex":false,"robots_noodp":false,"robots_notranslate":false,"robots_max_snippet":null,"robots_max_videopreview":null,"robots_max_imagepreview":"large","priority":null,"frequency":null,"location":null,"local_seo":null,"seo_analyzer_scan_date":"2025-09-27 13:21:04","breadcrumb_settings":null,"limit_modified_date":false,"open_ai":null,"ai":null,"created":"2021-03-08 18:24:39","updated":"2025-09-27 13:21:04"},"aioseo_breadcrumb":"<div class=\"aioseo-breadcrumbs\"><span class=\"aioseo-breadcrumb\">\n\t<a href=\"https:\/\/eldigitaldeasturias.com\/magazine365\" title=\"Home\">Home<\/a>\n<\/span><span class=\"aioseo-breadcrumb-separator\">\u2013<\/span><span class=\"aioseo-breadcrumb\">\n\t<a href=\"https:\/\/eldigitaldeasturias.com\/magazine365\/category\/noticias-actualidad\/\" title=\"Noticias y Actualidad\">Noticias y Actualidad<\/a>\n<\/span><span class=\"aioseo-breadcrumb-separator\">\u2013<\/span><span class=\"aioseo-breadcrumb\">\n\t<a href=\"https:\/\/eldigitaldeasturias.com\/magazine365\/cartagena-acoge-un-ejercicio-de-activacion-del-plan-de-seguridad-de-proteccion-del-puerto\/\" title=\"Cartagena acoge un ejercicio de activaci\u00f3n del Plan de Seguridad de Protecci\u00f3n del puerto\">Cartagena acoge un ejercicio de activaci\u00f3n del Plan de Seguridad de Protecci\u00f3n del puerto<\/a>\n<\/span><\/div>","aioseo_breadcrumb_json":[{"label":"Home","link":"https:\/\/eldigitaldeasturias.com\/magazine365"},{"label":"Noticias y Actualidad","link":"https:\/\/eldigitaldeasturias.com\/magazine365\/category\/noticias-actualidad\/"},{"label":"Cartagena acoge un ejercicio de activaci\u00f3n del Plan de Seguridad de Protecci\u00f3n del puerto","link":"https:\/\/eldigitaldeasturias.com\/magazine365\/cartagena-acoge-un-ejercicio-de-activacion-del-plan-de-seguridad-de-proteccion-del-puerto\/"}],"_links":{"self":[{"href":"https:\/\/eldigitaldeasturias.com\/magazine365\/wp-json\/wp\/v2\/posts\/76754","targetHints":{"allow":["GET"]}}],"collection":[{"href":"https:\/\/eldigitaldeasturias.com\/magazine365\/wp-json\/wp\/v2\/posts"}],"about":[{"href":"https:\/\/eldigitaldeasturias.com\/magazine365\/wp-json\/wp\/v2\/types\/post"}],"author":[{"embeddable":true,"href":"https:\/\/eldigitaldeasturias.com\/magazine365\/wp-json\/wp\/v2\/users\/1"}],"replies":[{"embeddable":true,"href":"https:\/\/eldigitaldeasturias.com\/magazine365\/wp-json\/wp\/v2\/comments?post=76754"}],"version-history":[{"count":0,"href":"https:\/\/eldigitaldeasturias.com\/magazine365\/wp-json\/wp\/v2\/posts\/76754\/revisions"}],"wp:featuredmedia":[{"embeddable":true,"href":"https:\/\/eldigitaldeasturias.com\/magazine365\/wp-json\/wp\/v2\/media\/76755"}],"wp:attachment":[{"href":"https:\/\/eldigitaldeasturias.com\/magazine365\/wp-json\/wp\/v2\/media?parent=76754"}],"wp:term":[{"taxonomy":"category","embeddable":true,"href":"https:\/\/eldigitaldeasturias.com\/magazine365\/wp-json\/wp\/v2\/categories?post=76754"},{"taxonomy":"post_tag","embeddable":true,"href":"https:\/\/eldigitaldeasturias.com\/magazine365\/wp-json\/wp\/v2\/tags?post=76754"}],"curies":[{"name":"wp","href":"https:\/\/api.w.org\/{rel}","templated":true}]}}